{"id":5479,"date":"2012-01-05T13:15:59","date_gmt":"2012-01-05T13:15:59","guid":{"rendered":"http:\/\/visionary.wordpress.com\/?p=5479"},"modified":"2024-08-08T22:11:55","modified_gmt":"2024-08-08T20:11:55","slug":"web-reseaux-sociaux-le-podcast-de-minter-dial","status":"publish","type":"post","link":"https:\/\/visionarymarketing.com\/fr\/2012\/01\/05\/web-reseaux-sociaux-le-podcast-de-minter-dial\/","title":{"rendered":"Web et r\u00e9seaux sociaux : le podcast de Minter Dial"},"content":{"rendered":"<p><em>Ce billet est <img decoding=\"async\" class=\"alignnone\" style=\"background-image: none; padding-left: 0; padding-right: 0; display: inline; float: left; padding-top: 0; border: 0; margin: 0 8px 0 0;\" title=\"9f44caf73a658478771657f50789d369\" src=\"https:\/\/visionarymarketing.com\/wp-content\/uploads\/2012\/01\/9f44caf73a658478771657f50789d369_thumb.jpg\" alt=\"9f44caf73a658478771657f50789d369\" width=\"164\" height=\"244\" align=\"left\" border=\"0\" \/>est presqu&#8217;embarrassant tant il est \u00e9logieus, mais je sais que le compliment est sinc\u00e8re et qu&rsquo;il \u00e9mane de quelqu&rsquo;un que j&rsquo;estime tout autant et qui nous suit (Herv\u00e9 et moi de Media Aces) avec fid\u00e9lit\u00e9 depuis le d\u00e9but. Je vous livre donc cette superbe interview r\u00e9alis\u00e9e par Minter avec son \u00e9nergie et son humour habituels :<\/em><\/p>\n<p><em>[photo <a href=\"http:\/\/www.facebook.com\/olivier.ezratty\" target=\"_blank\" rel=\"noopener noreferrer\">Olivier Ezratty<\/a> \u2013 <span class=\"removed_link\" title=\"http:\/\/www.darqroom.com\/portfolio\/2011-40181\/ignite-paris-sept2011-64393\">images source<\/span>]<\/em><\/p>\n<p><strong>Yann Gourvennec Podcast \u2013 Orange.com, le web et les r\u00e9seaux sociaux | Minter Dialogue en Fran\u00e7ais<\/strong><\/p>\n<p>J\u2019estime que Yann Gourvennec est un des hommes les plus reconnus dans le web en entreprise en France \u00e0 c\u00f4t\u00e9 de mon ami Georges-Edouard Dias de L\u2019Or\u00e9al et Nicolas Bordas de TBWA. Intrapreneur serial, blogueur et auteur, Yann est actuellement Directeur de web, m\u00e9dias num\u00e9riques et sociaux chez Orange Groupe, en charge en particulier d\u2019Orange.com.<\/p>\n<p><strong><span style=\"color: #ff0000;\">&gt;&gt;&gt; lire la suite sur \u2026 <\/span><\/strong><a href=\"http:\/\/minterdial.fr\/2012\/01\/yann-gourvennec-podcast-orange-com-le-web-et-les-reseaux-sociaux\/\"><strong><span style=\"color: #ff0000;\">Minter Dialogue en Fran\u00e7ais<\/span><\/strong><\/a><strong><span style=\"color: #ff0000;\">.<\/span><\/strong><\/p>\n","protected":false},"excerpt":{"rendered":"<p>Est presqu&#8217;embarrassante tant elle est \u00e9logieuse, mais je sais qu&rsquo;elle est sinc\u00e8re et qu&rsquo;elle \u00e9mane de quelqu&rsquo;un que j&rsquo;estime tout autant et qui nous suit (Herv\u00e9 et moi de Media Aces) avec fid\u00e9lit\u00e9 depuis le d\u00e9but. Je vous livre donc cette superbe interview r\u00e9alis\u00e9e par Minter avec son \u00e9nergie et son humur habituels :<\/p>\n<p>[photo Olivier Ezratty \u2013 images source]<\/p>\n<p>Yann Gourvennec Podcast \u2013 Orange.com, le web et les r\u00e9seaux sociaux | Minter Dialogue en Fran\u00e7ais<\/p>\n","protected":false},"author":2,"featured_media":34226,"comment_status":"open","ping_status":"open","sticky":false,"template":"","format":"standard","meta":{"footnotes":""},"categories":[25],"tags":[],"class_list":["post-5479","post","type-post","status-publish","format-standard","has-post-thumbnail","hentry","category-medias-sociaux"],"yoast_head":"<!-- This site is optimized with the Yoast SEO plugin v27.4 - https:\/\/yoast.com\/product\/yoast-seo-wordpress\/ -->\n<title>Web et r\u00e9seaux sociaux : le podcast de Minter Dial<\/title>\n<meta name=\"description\" content=\"Est presqu&#039;embarrassante tant elle est \u00e9logieuse, mais je sais qu&#039;elle est sinc\u00e8re et qu&#039;elle \u00e9mane de quelqu&#039;un que j&#039;estime tout autant et qui nous suit (Herv\u00e9 et moi de Media Aces) avec fid\u00e9lit\u00e9 depuis le d\u00e9but. Je vous livre donc cette superbe interview r\u00e9alis\u00e9e par Minter avec son \u00e9nergie et son humur habituels :    Yann Gourvennec Podcast \u2013 Orange.com, le web et les r\u00e9seaux sociaux | Minter Dialogue en Fran\u00e7ais\" \/>\n<meta name=\"robots\" content=\"noindex, follow\" \/>\n<meta property=\"og:locale\" content=\"fr_FR\" \/>\n<meta property=\"og:type\" content=\"article\" \/>\n<meta property=\"og:title\" content=\"Web et r\u00e9seaux sociaux : le podcast de Minter Dial\" \/>\n<meta property=\"og:description\" content=\"Est presqu&#039;embarrassante tant elle est \u00e9logieuse, mais je sais qu&#039;elle est sinc\u00e8re et qu&#039;elle \u00e9mane de quelqu&#039;un que j&#039;estime tout autant et qui nous suit (Herv\u00e9 et moi de Media Aces) avec fid\u00e9lit\u00e9 depuis le d\u00e9but. Je vous livre donc cette superbe interview r\u00e9alis\u00e9e par Minter avec son \u00e9nergie et son humur habituels :    Yann Gourvennec Podcast \u2013 Orange.com, le web et les r\u00e9seaux sociaux | Minter Dialogue en Fran\u00e7ais\" \/>\n<meta property=\"og:url\" content=\"https:\/\/visionarymarketing.com\/fr\/2012\/01\/05\/web-reseaux-sociaux-le-podcast-de-minter-dial\/\" \/>\n<meta property=\"og:site_name\" content=\"Marketing and Innovation\" \/>\n<meta property=\"article:publisher\" content=\"https:\/\/www.facebook.com\/vismktg\" \/>\n<meta property=\"article:author\" content=\"http:\/\/facebook.com\/ygourven\" \/>\n<meta property=\"article:published_time\" content=\"2012-01-05T13:15:59+00:00\" \/>\n<meta property=\"article:modified_time\" content=\"2024-08-08T20:11:55+00:00\" \/>\n<meta property=\"og:image\" content=\"https:\/\/visionarymarketing.com\/wp-content\/uploads\/2019\/11\/OriginalNipper-640x430-e1576840458666.jpg\" \/>\n\t<meta property=\"og:image:width\" content=\"519\" \/>\n\t<meta property=\"og:image:height\" content=\"339\" \/>\n\t<meta property=\"og:image:type\" content=\"image\/jpeg\" \/>\n<meta name=\"author\" content=\"Yann Gourvennec\" \/>\n<meta name=\"twitter:card\" content=\"summary_large_image\" \/>\n<meta name=\"twitter:creator\" content=\"@ygourven\" \/>\n<meta name=\"twitter:site\" content=\"@ygourven\" \/>\n<meta name=\"twitter:label1\" content=\"\u00c9crit par\" \/>\n\t<meta name=\"twitter:data1\" content=\"Yann Gourvennec\" \/>\n\t<meta name=\"twitter:label2\" content=\"Dur\u00e9e de lecture estim\u00e9e\" \/>\n\t<meta name=\"twitter:data2\" content=\"1 minute\" \/>\n<script type=\"application\/ld+json\" class=\"yoast-schema-graph\">{\"@context\":\"https:\\\/\\\/schema.org\",\"@graph\":[{\"@type\":\"NewsArticle\",\"@id\":\"https:\\\/\\\/visionarymarketing.com\\\/fr\\\/2012\\\/01\\\/05\\\/web-reseaux-sociaux-le-podcast-de-minter-dial\\\/#article\",\"isPartOf\":{\"@id\":\"https:\\\/\\\/visionarymarketing.com\\\/fr\\\/2012\\\/01\\\/05\\\/web-reseaux-sociaux-le-podcast-de-minter-dial\\\/\"},\"author\":{\"name\":\"Yann Gourvennec\",\"@id\":\"https:\\\/\\\/visionarymarketing.com\\\/fr\\\/#\\\/schema\\\/person\\\/3754fee1e558f47b8deb46f53c37423e\"},\"headline\":\"Web et r\u00e9seaux sociaux : le podcast de Minter Dial\",\"datePublished\":\"2012-01-05T13:15:59+00:00\",\"dateModified\":\"2024-08-08T20:11:55+00:00\",\"mainEntityOfPage\":{\"@id\":\"https:\\\/\\\/visionarymarketing.com\\\/fr\\\/2012\\\/01\\\/05\\\/web-reseaux-sociaux-le-podcast-de-minter-dial\\\/\"},\"wordCount\":173,\"commentCount\":0,\"image\":{\"@id\":\"https:\\\/\\\/visionarymarketing.com\\\/fr\\\/2012\\\/01\\\/05\\\/web-reseaux-sociaux-le-podcast-de-minter-dial\\\/#primaryimage\"},\"thumbnailUrl\":\"https:\\\/\\\/visionarymarketing.com\\\/wp-content\\\/uploads\\\/2019\\\/11\\\/OriginalNipper-640x430-e1576840458666.jpg\",\"articleSection\":[\"m\u00e9dias \\\/ r\u00e9seaux sociaux\"],\"inLanguage\":\"fr-FR\",\"potentialAction\":[{\"@type\":\"CommentAction\",\"name\":\"Comment\",\"target\":[\"https:\\\/\\\/visionarymarketing.com\\\/fr\\\/2012\\\/01\\\/05\\\/web-reseaux-sociaux-le-podcast-de-minter-dial\\\/#respond\"]}]},{\"@type\":\"WebPage\",\"@id\":\"https:\\\/\\\/visionarymarketing.com\\\/fr\\\/2012\\\/01\\\/05\\\/web-reseaux-sociaux-le-podcast-de-minter-dial\\\/\",\"url\":\"https:\\\/\\\/visionarymarketing.com\\\/fr\\\/2012\\\/01\\\/05\\\/web-reseaux-sociaux-le-podcast-de-minter-dial\\\/\",\"name\":\"Web et r\u00e9seaux sociaux : le podcast de Minter Dial\",\"isPartOf\":{\"@id\":\"https:\\\/\\\/visionarymarketing.com\\\/fr\\\/#website\"},\"primaryImageOfPage\":{\"@id\":\"https:\\\/\\\/visionarymarketing.com\\\/fr\\\/2012\\\/01\\\/05\\\/web-reseaux-sociaux-le-podcast-de-minter-dial\\\/#primaryimage\"},\"image\":{\"@id\":\"https:\\\/\\\/visionarymarketing.com\\\/fr\\\/2012\\\/01\\\/05\\\/web-reseaux-sociaux-le-podcast-de-minter-dial\\\/#primaryimage\"},\"thumbnailUrl\":\"https:\\\/\\\/visionarymarketing.com\\\/wp-content\\\/uploads\\\/2019\\\/11\\\/OriginalNipper-640x430-e1576840458666.jpg\",\"datePublished\":\"2012-01-05T13:15:59+00:00\",\"dateModified\":\"2024-08-08T20:11:55+00:00\",\"author\":{\"@id\":\"https:\\\/\\\/visionarymarketing.com\\\/fr\\\/#\\\/schema\\\/person\\\/3754fee1e558f47b8deb46f53c37423e\"},\"description\":\"Est presqu'embarrassante tant elle est \u00e9logieuse, mais je sais qu'elle est sinc\u00e8re et qu'elle \u00e9mane de quelqu'un que j'estime tout autant et qui nous suit (Herv\u00e9 et moi de Media Aces) avec fid\u00e9lit\u00e9 depuis le d\u00e9but. Je vous livre donc cette superbe interview r\u00e9alis\u00e9e par Minter avec son \u00e9nergie et son humur habituels : Yann Gourvennec Podcast \u2013 Orange.com, le web et les r\u00e9seaux sociaux | Minter Dialogue en Fran\u00e7ais\",\"breadcrumb\":{\"@id\":\"https:\\\/\\\/visionarymarketing.com\\\/fr\\\/2012\\\/01\\\/05\\\/web-reseaux-sociaux-le-podcast-de-minter-dial\\\/#breadcrumb\"},\"inLanguage\":\"fr-FR\",\"potentialAction\":[{\"@type\":\"ReadAction\",\"target\":[\"https:\\\/\\\/visionarymarketing.com\\\/fr\\\/2012\\\/01\\\/05\\\/web-reseaux-sociaux-le-podcast-de-minter-dial\\\/\"]}]},{\"@type\":\"ImageObject\",\"inLanguage\":\"fr-FR\",\"@id\":\"https:\\\/\\\/visionarymarketing.com\\\/fr\\\/2012\\\/01\\\/05\\\/web-reseaux-sociaux-le-podcast-de-minter-dial\\\/#primaryimage\",\"url\":\"https:\\\/\\\/visionarymarketing.com\\\/wp-content\\\/uploads\\\/2019\\\/11\\\/OriginalNipper-640x430-e1576840458666.jpg\",\"contentUrl\":\"https:\\\/\\\/visionarymarketing.com\\\/wp-content\\\/uploads\\\/2019\\\/11\\\/OriginalNipper-640x430-e1576840458666.jpg\",\"width\":519,\"height\":339,\"caption\":\"Les podcasts de Visionary Marketing\"},{\"@type\":\"BreadcrumbList\",\"@id\":\"https:\\\/\\\/visionarymarketing.com\\\/fr\\\/2012\\\/01\\\/05\\\/web-reseaux-sociaux-le-podcast-de-minter-dial\\\/#breadcrumb\",\"itemListElement\":[{\"@type\":\"ListItem\",\"position\":1,\"name\":\"Home\",\"item\":\"https:\\\/\\\/visionarymarketing.com\\\/fr\\\/\"},{\"@type\":\"ListItem\",\"position\":2,\"name\":\"Web et r\u00e9seaux sociaux : le podcast de Minter Dial\"}]},{\"@type\":\"WebSite\",\"@id\":\"https:\\\/\\\/visionarymarketing.com\\\/fr\\\/#website\",\"url\":\"https:\\\/\\\/visionarymarketing.com\\\/fr\\\/\",\"name\":\"Marketing and Innovation\",\"description\":\"Site d&#039;infos ind\u00e9pendant, depuis 1996\",\"potentialAction\":[{\"@type\":\"SearchAction\",\"target\":{\"@type\":\"EntryPoint\",\"urlTemplate\":\"https:\\\/\\\/visionarymarketing.com\\\/fr\\\/?s={search_term_string}\"},\"query-input\":{\"@type\":\"PropertyValueSpecification\",\"valueRequired\":true,\"valueName\":\"search_term_string\"}}],\"inLanguage\":\"fr-FR\"},{\"@type\":\"Person\",\"@id\":\"https:\\\/\\\/visionarymarketing.com\\\/fr\\\/#\\\/schema\\\/person\\\/3754fee1e558f47b8deb46f53c37423e\",\"name\":\"Yann Gourvennec\",\"image\":{\"@type\":\"ImageObject\",\"inLanguage\":\"fr-FR\",\"@id\":\"https:\\\/\\\/secure.gravatar.com\\\/avatar\\\/5972001801e8de5692a3e31224e85769f50a55fb8b679749f9c8d1868cceff14?s=96&d=initials&r=g&initials=yg\",\"url\":\"https:\\\/\\\/secure.gravatar.com\\\/avatar\\\/5972001801e8de5692a3e31224e85769f50a55fb8b679749f9c8d1868cceff14?s=96&d=initials&r=g&initials=yg\",\"contentUrl\":\"https:\\\/\\\/secure.gravatar.com\\\/avatar\\\/5972001801e8de5692a3e31224e85769f50a55fb8b679749f9c8d1868cceff14?s=96&d=initials&r=g&initials=yg\",\"caption\":\"Yann Gourvennec\"},\"description\":\"Yann Gourvennec created visionarymarketing.com in 1996. He is a speaker and author of many books. In 2014 he went from intrapreneur to entrepreneur, when he created his digital marketing agency. Yann Gourvennec a cr\u00e9\u00e9 visionarymarketing.com en 1996. Il est conf\u00e9rencier et auteur de plusieurs livres. En 2014, il est pass\u00e9 d'intrapreneur \u00e0 entrepreneur en cr\u00e9ant son agence de marketing num\u00e9rique.\",\"sameAs\":[\"https:\\\/\\\/visionarymarketing.com\",\"http:\\\/\\\/facebook.com\\\/ygourven\",\"http:\\\/\\\/linkedin.com\\\/in\\\/ygourven\",\"https:\\\/\\\/x.com\\\/ygourven\",\"https:\\\/\\\/www.youtube.com\\\/c\\\/visionarymarketingagency\"],\"url\":\"https:\\\/\\\/visionarymarketing.com\\\/fr\\\/author\\\/yann-gourvennec\\\/\"}]}<\/script>\n<!-- \/ Yoast SEO plugin. -->","yoast_head_json":{"title":"Web et r\u00e9seaux sociaux : le podcast de Minter Dial","description":"Est presqu'embarrassante tant elle est \u00e9logieuse, mais je sais qu'elle est sinc\u00e8re et qu'elle \u00e9mane de quelqu'un que j'estime tout autant et qui nous suit (Herv\u00e9 et moi de Media Aces) avec fid\u00e9lit\u00e9 depuis le d\u00e9but. Je vous livre donc cette superbe interview r\u00e9alis\u00e9e par Minter avec son \u00e9nergie et son humur habituels :    Yann Gourvennec Podcast \u2013 Orange.com, le web et les r\u00e9seaux sociaux | Minter Dialogue en Fran\u00e7ais","robots":{"index":"noindex","follow":"follow"},"og_locale":"fr_FR","og_type":"article","og_title":"Web et r\u00e9seaux sociaux : le podcast de Minter Dial","og_description":"Est presqu'embarrassante tant elle est \u00e9logieuse, mais je sais qu'elle est sinc\u00e8re et qu'elle \u00e9mane de quelqu'un que j'estime tout autant et qui nous suit (Herv\u00e9 et moi de Media Aces) avec fid\u00e9lit\u00e9 depuis le d\u00e9but. Je vous livre donc cette superbe interview r\u00e9alis\u00e9e par Minter avec son \u00e9nergie et son humur habituels :    Yann Gourvennec Podcast \u2013 Orange.com, le web et les r\u00e9seaux sociaux | Minter Dialogue en Fran\u00e7ais","og_url":"https:\/\/visionarymarketing.com\/fr\/2012\/01\/05\/web-reseaux-sociaux-le-podcast-de-minter-dial\/","og_site_name":"Marketing and Innovation","article_publisher":"https:\/\/www.facebook.com\/vismktg","article_author":"http:\/\/facebook.com\/ygourven","article_published_time":"2012-01-05T13:15:59+00:00","article_modified_time":"2024-08-08T20:11:55+00:00","og_image":[{"width":519,"height":339,"url":"https:\/\/visionarymarketing.com\/wp-content\/uploads\/2019\/11\/OriginalNipper-640x430-e1576840458666.jpg","type":"image\/jpeg"}],"author":"Yann Gourvennec","twitter_card":"summary_large_image","twitter_creator":"@ygourven","twitter_site":"@ygourven","twitter_misc":{"\u00c9crit par":"Yann Gourvennec","Dur\u00e9e de lecture estim\u00e9e":"1 minute"},"schema":{"@context":"https:\/\/schema.org","@graph":[{"@type":"NewsArticle","@id":"https:\/\/visionarymarketing.com\/fr\/2012\/01\/05\/web-reseaux-sociaux-le-podcast-de-minter-dial\/#article","isPartOf":{"@id":"https:\/\/visionarymarketing.com\/fr\/2012\/01\/05\/web-reseaux-sociaux-le-podcast-de-minter-dial\/"},"author":{"name":"Yann Gourvennec","@id":"https:\/\/visionarymarketing.com\/fr\/#\/schema\/person\/3754fee1e558f47b8deb46f53c37423e"},"headline":"Web et r\u00e9seaux sociaux : le podcast de Minter Dial","datePublished":"2012-01-05T13:15:59+00:00","dateModified":"2024-08-08T20:11:55+00:00","mainEntityOfPage":{"@id":"https:\/\/visionarymarketing.com\/fr\/2012\/01\/05\/web-reseaux-sociaux-le-podcast-de-minter-dial\/"},"wordCount":173,"commentCount":0,"image":{"@id":"https:\/\/visionarymarketing.com\/fr\/2012\/01\/05\/web-reseaux-sociaux-le-podcast-de-minter-dial\/#primaryimage"},"thumbnailUrl":"https:\/\/visionarymarketing.com\/wp-content\/uploads\/2019\/11\/OriginalNipper-640x430-e1576840458666.jpg","articleSection":["m\u00e9dias \/ r\u00e9seaux sociaux"],"inLanguage":"fr-FR","potentialAction":[{"@type":"CommentAction","name":"Comment","target":["https:\/\/visionarymarketing.com\/fr\/2012\/01\/05\/web-reseaux-sociaux-le-podcast-de-minter-dial\/#respond"]}]},{"@type":"WebPage","@id":"https:\/\/visionarymarketing.com\/fr\/2012\/01\/05\/web-reseaux-sociaux-le-podcast-de-minter-dial\/","url":"https:\/\/visionarymarketing.com\/fr\/2012\/01\/05\/web-reseaux-sociaux-le-podcast-de-minter-dial\/","name":"Web et r\u00e9seaux sociaux : le podcast de Minter Dial","isPartOf":{"@id":"https:\/\/visionarymarketing.com\/fr\/#website"},"primaryImageOfPage":{"@id":"https:\/\/visionarymarketing.com\/fr\/2012\/01\/05\/web-reseaux-sociaux-le-podcast-de-minter-dial\/#primaryimage"},"image":{"@id":"https:\/\/visionarymarketing.com\/fr\/2012\/01\/05\/web-reseaux-sociaux-le-podcast-de-minter-dial\/#primaryimage"},"thumbnailUrl":"https:\/\/visionarymarketing.com\/wp-content\/uploads\/2019\/11\/OriginalNipper-640x430-e1576840458666.jpg","datePublished":"2012-01-05T13:15:59+00:00","dateModified":"2024-08-08T20:11:55+00:00","author":{"@id":"https:\/\/visionarymarketing.com\/fr\/#\/schema\/person\/3754fee1e558f47b8deb46f53c37423e"},"description":"Est presqu'embarrassante tant elle est \u00e9logieuse, mais je sais qu'elle est sinc\u00e8re et qu'elle \u00e9mane de quelqu'un que j'estime tout autant et qui nous suit (Herv\u00e9 et moi de Media Aces) avec fid\u00e9lit\u00e9 depuis le d\u00e9but. Je vous livre donc cette superbe interview r\u00e9alis\u00e9e par Minter avec son \u00e9nergie et son humur habituels : Yann Gourvennec Podcast \u2013 Orange.com, le web et les r\u00e9seaux sociaux | Minter Dialogue en Fran\u00e7ais","breadcrumb":{"@id":"https:\/\/visionarymarketing.com\/fr\/2012\/01\/05\/web-reseaux-sociaux-le-podcast-de-minter-dial\/#breadcrumb"},"inLanguage":"fr-FR","potentialAction":[{"@type":"ReadAction","target":["https:\/\/visionarymarketing.com\/fr\/2012\/01\/05\/web-reseaux-sociaux-le-podcast-de-minter-dial\/"]}]},{"@type":"ImageObject","inLanguage":"fr-FR","@id":"https:\/\/visionarymarketing.com\/fr\/2012\/01\/05\/web-reseaux-sociaux-le-podcast-de-minter-dial\/#primaryimage","url":"https:\/\/visionarymarketing.com\/wp-content\/uploads\/2019\/11\/OriginalNipper-640x430-e1576840458666.jpg","contentUrl":"https:\/\/visionarymarketing.com\/wp-content\/uploads\/2019\/11\/OriginalNipper-640x430-e1576840458666.jpg","width":519,"height":339,"caption":"Les podcasts de Visionary Marketing"},{"@type":"BreadcrumbList","@id":"https:\/\/visionarymarketing.com\/fr\/2012\/01\/05\/web-reseaux-sociaux-le-podcast-de-minter-dial\/#breadcrumb","itemListElement":[{"@type":"ListItem","position":1,"name":"Home","item":"https:\/\/visionarymarketing.com\/fr\/"},{"@type":"ListItem","position":2,"name":"Web et r\u00e9seaux sociaux : le podcast de Minter Dial"}]},{"@type":"WebSite","@id":"https:\/\/visionarymarketing.com\/fr\/#website","url":"https:\/\/visionarymarketing.com\/fr\/","name":"Marketing and Innovation","description":"Site d&#039;infos ind\u00e9pendant, depuis 1996","potentialAction":[{"@type":"SearchAction","target":{"@type":"EntryPoint","urlTemplate":"https:\/\/visionarymarketing.com\/fr\/?s={search_term_string}"},"query-input":{"@type":"PropertyValueSpecification","valueRequired":true,"valueName":"search_term_string"}}],"inLanguage":"fr-FR"},{"@type":"Person","@id":"https:\/\/visionarymarketing.com\/fr\/#\/schema\/person\/3754fee1e558f47b8deb46f53c37423e","name":"Yann Gourvennec","image":{"@type":"ImageObject","inLanguage":"fr-FR","@id":"https:\/\/secure.gravatar.com\/avatar\/5972001801e8de5692a3e31224e85769f50a55fb8b679749f9c8d1868cceff14?s=96&d=initials&r=g&initials=yg","url":"https:\/\/secure.gravatar.com\/avatar\/5972001801e8de5692a3e31224e85769f50a55fb8b679749f9c8d1868cceff14?s=96&d=initials&r=g&initials=yg","contentUrl":"https:\/\/secure.gravatar.com\/avatar\/5972001801e8de5692a3e31224e85769f50a55fb8b679749f9c8d1868cceff14?s=96&d=initials&r=g&initials=yg","caption":"Yann Gourvennec"},"description":"Yann Gourvennec created visionarymarketing.com in 1996. He is a speaker and author of many books. In 2014 he went from intrapreneur to entrepreneur, when he created his digital marketing agency. Yann Gourvennec a cr\u00e9\u00e9 visionarymarketing.com en 1996. Il est conf\u00e9rencier et auteur de plusieurs livres. En 2014, il est pass\u00e9 d'intrapreneur \u00e0 entrepreneur en cr\u00e9ant son agence de marketing num\u00e9rique.","sameAs":["https:\/\/visionarymarketing.com","http:\/\/facebook.com\/ygourven","http:\/\/linkedin.com\/in\/ygourven","https:\/\/x.com\/ygourven","https:\/\/www.youtube.com\/c\/visionarymarketingagency"],"url":"https:\/\/visionarymarketing.com\/fr\/author\/yann-gourvennec\/"}]}},"_links":{"self":[{"href":"https:\/\/visionarymarketing.com\/fr\/wp-json\/wp\/v2\/posts\/5479","targetHints":{"allow":["GET"]}}],"collection":[{"href":"https:\/\/visionarymarketing.com\/fr\/wp-json\/wp\/v2\/posts"}],"about":[{"href":"https:\/\/visionarymarketing.com\/fr\/wp-json\/wp\/v2\/types\/post"}],"author":[{"embeddable":true,"href":"https:\/\/visionarymarketing.com\/fr\/wp-json\/wp\/v2\/users\/2"}],"replies":[{"embeddable":true,"href":"https:\/\/visionarymarketing.com\/fr\/wp-json\/wp\/v2\/comments?post=5479"}],"version-history":[{"count":0,"href":"https:\/\/visionarymarketing.com\/fr\/wp-json\/wp\/v2\/posts\/5479\/revisions"}],"wp:featuredmedia":[{"embeddable":true,"href":"https:\/\/visionarymarketing.com\/fr\/wp-json\/wp\/v2\/media\/34226"}],"wp:attachment":[{"href":"https:\/\/visionarymarketing.com\/fr\/wp-json\/wp\/v2\/media?parent=5479"}],"wp:term":[{"taxonomy":"category","embeddable":true,"href":"https:\/\/visionarymarketing.com\/fr\/wp-json\/wp\/v2\/categories?post=5479"},{"taxonomy":"post_tag","embeddable":true,"href":"https:\/\/visionarymarketing.com\/fr\/wp-json\/wp\/v2\/tags?post=5479"}],"curies":[{"name":"wp","href":"https:\/\/api.w.org\/{rel}","templated":true}]}}