{"id":5452,"date":"2012-01-03T08:30:41","date_gmt":"2012-01-03T08:30:41","guid":{"rendered":"http:\/\/visionary.wordpress.com\/?p=5452"},"modified":"2024-08-08T22:11:59","modified_gmt":"2024-08-08T20:11:59","slug":"nouvelle-ere-medias-sociaux","status":"publish","type":"post","link":"https:\/\/visionarymarketing.com\/fr\/2012\/01\/03\/nouvelle-ere-medias-sociaux\/","title":{"rendered":"La fin des m\u00e9dias sociaux &#8230; tels qu&rsquo;ils sont pratiqu\u00e9s aujourd&rsquo;hui"},"content":{"rendered":"<p align=\"left\"><i>Nouvelle \u00e8re pour les m\u00e9dias sociaux : est-cela fin des m\u00e9dias sociaux ou la fin des m\u00e9dias\u00a0sociaux tels qu&rsquo;ils sont pratiqu\u00e9s aujourd&rsquo;hui ? Un article sur les m\u00e9dias sociaux <\/i><a href=\"http:\/\/lecercle.lesechos.fr\/entreprises-marches\/high-tech-medias\/internet\/221141318\/2012-fin-medias-sociaux\" target=\"_blank\" rel=\"noopener noreferrer\"><em>a \u00e9t\u00e9 publi\u00e9 par mon alter ego de Media Aces Herv\u00e9 Kabla il y a quelques et jours sur lequel je me dois de revenir aujourd&rsquo;hui<\/em><\/a><em>, en ce dernier jour ouvr\u00e9, pour ce qui me concerne, de l&rsquo;ann\u00e9e 2011. Cette ann\u00e9e a \u00e9t\u00e9 riche en \u00e9v\u00e9nements pour les m\u00e9dias sociaux, avec notamment la sortie de notre ouvrage \u00ab <\/em><a href=\"http:\/\/amonboss.com\" target=\"_blank\" rel=\"noopener noreferrer\"><em>les m\u00e9dias sociaux expliqu\u00e9s mon boss<\/em><\/a><em> \u00bb. Plus de 2000 exemplaires plus loin, dont la plupart vendus par bouche-\u00e0-oreille, l&rsquo;importance prise par les m\u00e9dias sociaux en entreprise n&rsquo;est plus \u00e0 d\u00e9montrer. <strong>Mais voil\u00e0, les choses \u00e9voluent vite dans ce monde cybern\u00e9tique<\/strong>.<\/em><\/p>\n<h2 align=\"left\">Nouvelle \u00e8re pour les m\u00e9dias sociaux &#8230; et fin d&rsquo;une p\u00e9riode<\/h2>\n<figure id=\"attachment_5454\" aria-describedby=\"caption-attachment-5454\" style=\"width: 519px\" class=\"wp-caption aligncenter\"><a href=\"https:\/\/visionarymarketing.com\/wp-content\/uploads\/2011\/12\/biblio-dsc_5789.jpg\"><img decoding=\"async\" class=\"wp-image-5454 size-full\" src=\"https:\/\/visionarymarketing.com\/wp-content\/uploads\/2011\/12\/biblio-dsc_5789-e1615021401859.jpg\" alt=\"La fin des m\u00e9dias sociaux ... tels qu'ils sont pratiqu\u00e9s aujourd'hui\" width=\"519\" height=\"340\" \/><\/a><figcaption id=\"caption-attachment-5454\" class=\"wp-caption-text\">La fin des m\u00e9dias sociaux &#8230; tels qu&rsquo;ils sont pratiqu\u00e9s aujourd&rsquo;hui et le d\u00e9but d&rsquo;une nouvelle \u00e8re<\/figcaption><\/figure>\n<p><!--more--><\/p>\n<p>D&rsquo;une part, le march\u00e9 a m\u00fbri. Cinq ans apr\u00e8s nos premi\u00e8res exp\u00e9riences sur les m\u00e9dias sociaux en entreprise, ceux-ci ne peuvent plus \u00eatre consid\u00e9r\u00e9s aujourd&rsquo;hui comme une innovation. Des trois phases d\u00e9crites dans notre ouvrage (d\u00e9clenchement, d\u00e9veloppement, structuration), c&rsquo;est cette phase de structuration qui d\u00e9sormais nous occupe \u00e0 temps plein. Et la crise va passer par l\u00e0 ! L&rsquo;ann\u00e9e 2012 porte en elle tous les pr\u00e9mices d&rsquo;une <em>annus horribilis<\/em> pour reprendre les mots du souverain britannique lors d&rsquo;une autre p\u00e9riode difficile. Il n&rsquo;est pas besoin d&rsquo;\u00eatre futurologue pour savoir que les budgets vont souffrir l&rsquo;ann\u00e9e prochaine. D&rsquo;ailleurs, c&rsquo;est d\u00e9j\u00e0 le cas avant m\u00eame qu\u2019elle ait commenc\u00e9<\/p>\n<p><strong>2012 va donc \u00eatre une ann\u00e9e de retour aux fondamentaux<\/strong>. Se recentrer sur les choses les plus utiles, supprimer celles les plus co\u00fbteuses, en argent et en ressources, optimiser les \u00e9quipes et les actions, recentrer l&rsquo;activit\u00e9 Web et e-marketing autour du bon vieux site Web, qui n&rsquo;en d\u00e9plaise \u00e0 certains <a href=\"https:\/\/web.archive.org\/web\/20190502225941\/https:\/\/www.wired.com\/2010\/08\/ff_Webrip\/\" target=\"_blank\" rel=\"noopener noreferrer\">est loin d&rsquo;\u00eatre mort, et n&rsquo;a pas fini de se d\u00e9velopper et de se transformer<\/a>. Le v\u00e9ritable enjeu de 2012 est l\u00e0 ! Dans la socialisation des sites Web, dans la consolidation des activit\u00e9s, dans le recentrage et la productivit\u00e9, dans les enjeux de la mobilit\u00e9 aussi, loin d\u2019\u00eatre r\u00e9ductibles aux simples applications mobiles. Pour ma part, je n&rsquo;ai pas attendu 2012 avec mon \u00e9quipe pour pr\u00e9parer cela\u00a0 car depuis plus de six mois nous travaillons sur notre usine \u00e0 sites qui va nous permettre d&rsquo;optimiser notre performance sur le Web. <strong>Les m\u00e9dias sociaux font partie int\u00e9grante de ce recentrage<\/strong> n\u00e9cessaire qui de toute fa\u00e7on nous sera impos\u00e9.<\/p>\n<p align=\"left\">Mais ce n&rsquo;est pas tout ! <span class=\"removed_link\" title=\"https:\/\/visionarymarketing.com\/training\/mbaesg2007\/material-index.html\">Quand je commen\u00e7ais mes cours sur ce qu&rsquo;on appelait \u00e0 l&rsquo;\u00e9poque Web 2.0 \u00e0 l&rsquo;\u00e9cole sup\u00e9rieure de gestion de Paris et \u00e0 Dauphine en 2007<\/span>, j&rsquo;\u00e9voquais d\u00e9j\u00e0 la <strong>possibilit\u00e9 d&rsquo;une bulle dans le domaine du Web social<\/strong>. La question qui se posait \u00e0 l&rsquo;\u00e9poque \u00e9tait celle-ci : sommes-nous dans une bulle marketing ou dans une bulle financi\u00e8re ? La r\u00e9ponse \u00e9tait que nous \u00e9tions dans une bulle marketing, empreinte d&rsquo;exag\u00e9rations, en m\u00eame temps que nous \u00e9tions dans une vague de cr\u00e9ativit\u00e9 et d&rsquo;innovation tr\u00e8s importante, et que cette innovation et cette cr\u00e9ativit\u00e9<strong> s&rsquo;exer\u00e7aient avec de tr\u00e8s faibles moyens financiers<\/strong>. L&rsquo;\u00e9volution de la situation en a d\u00e9cid\u00e9 autrement, avec des cotations (<a href=\"https:\/\/web.archive.org\/web\/20220509190719\/https:\/\/foursquare.com\/\" target=\"_blank\" rel=\"noopener noreferrer\">foursquare<\/a> et <a href=\"http:\/\/facebook.com\/ygourven\" target=\"_blank\" rel=\"noopener noreferrer\">Facebook<\/a> notamment) qui deviennent tr\u00e8s largement sur\u00e9valu\u00e9es, voire qui sont sanctionn\u00e9es <span class=\"removed_link\" title=\"http:\/\/marches.lefigaro.fr\/news\/societes.html?&amp;ID_NEWS=216195655\">imm\u00e9diatement par les march\u00e9s comme dans le cas de Groupon<\/span>. Et passons sur les mirages de la publicit\u00e9. Nous les connaissons depuis longtemps, tout cela a \u00e9t\u00e9 v\u00e9cu d\u00e9j\u00e0 par les anciens, <strong><a href=\"http:\/\/www.telegraph.co.uk\/finance\/newsbysector\/mediatechnologyandtelecoms\/digital-media\/8769439\/WPP-chief-Sir-Martin-Sorrell-has-fundamental-doubts-over-whether-Facebook-can-carry-adverts.html\" target=\"_blank\" rel=\"noopener noreferrer\">il faut aussi \u00e9couter les bons oracles comme Martin Sorrell, le patron de WPP<\/a><\/strong>. Il ne faudrait pas croire qu\u2019on peut faire de l\u2019argent avec tout ; c\u2019est d\u2019ailleurs rassurant, quelque part, de conna\u00eetre des endroits o\u00f9 les marques soient juste invit\u00e9es et doivent jouer avec des r\u00e8gles qui ne sont pas fix\u00e9es par elles. <span class=\"removed_link\" title=\"http:\/\/www.bd-consultants.com\/fr\/le-saviez-vous\/ecommerce-france-2011\">Il y a bien assez d\u2019autres endroits o\u00f9 nous pouvons faire du commerce, en toute \u00e9thique, et toute transparence pour ne pas aller les chercher ailleurs<\/span>.<\/p>\n<p>Cela veut-il dire que les m\u00e9dias sociaux vont dispara\u00eetre ? En aucun cas et bien au contraire ! \u00c0 toute phase de bulle, succ\u00e8de une autre de correction, salutaire, qui permet \u00e0 la r\u00e9alit\u00e9 de reprendre ses droits. Ceux qui auront r\u00e9ussi \u00e0 s&rsquo;inscrire dans la dur\u00e9e des m\u00e9dias sociaux et de l&rsquo;entreprise, et qui auront \u00e0 la mani\u00e8re de ce que d\u00e9crit <strong><a href=\"http:\/\/www.amazon.fr\/Pre-Commerce-Companies-Customers-Transforming-Business\/dp\/0470928441\" target=\"_blank\" rel=\"noopener noreferrer\">Bob Pearson dans <em>Pre-commerce<\/em><\/a><\/strong>, r\u00e9ussi \u00e0 faire le lien entre m\u00e9dias sociaux et le reste du business, non seulement seront encore l\u00e0 demain, mais auront r\u00e9ussi \u00e0 prendre des places dominantes sur un march\u00e9 de la e-r\u00e9putation et du bouche \u00e0 oreille de plus en plus encombr\u00e9.<\/p>\n<p>Ceci \u00e9tant dit, il ne fait aucun doute que, comme le souligne Herv\u00e9 dans son article, cette question de <strong>l&rsquo;exag\u00e9ration autour du domaine du Web social sera une question centrale de 2012 <\/strong>dans la sph\u00e8re \u00e9conomique, et notamment dans le cadre de notre association Media Aces Nul doute, que des d\u00e9bats passionnants vont na\u00eetre autour de cela et que nous saurons ensemble, encore une fois, r\u00e9-inventer le Web de demain qui plus que jamais, sera collaboratif.<\/p>\n<h3><strong>Fin de partie pour les\u00a0r\u00e9seaux\u00a0sociaux, Le Cercle Les Echos<\/strong><\/h3>\n<p>\u00ab\u00a02012 sera une ann\u00e9e d&rsquo;\u00e9lections, c&rsquo;est certain ; une ann\u00e9e de J.O., sans aucun doute ; une ann\u00e9e de crise de plus, tr\u00e8s probablement. Mais sera-t-elle la derni\u00e8re ann\u00e9e o\u00f9 l&rsquo;on parlera des m\u00e9dias sociaux ? Apr\u00e8s une croissance ph\u00e9nom\u00e9nale durant les cinq derni\u00e8res ann\u00e9es, les m\u00e9dias sociaux pourraient en effet dispara\u00eetre aussi vite qu&rsquo;ils sont apparus.<\/p>\n<p>C&rsquo;est du moins le bruit qui court dans certains milieux concern\u00e9s par ce type d&rsquo;outil. Crainte existentielle exag\u00e9r\u00e9e ou v\u00e9ritable signal d&rsquo;alerte pour les experts des m\u00e9dias sociaux, voici quelques pistes de r\u00e9flexion pour bien comprendre de quoi il s&rsquo;agit. Quatre ph\u00e9nom\u00e8nes menacent en effet la p\u00e9rennit\u00e9 des m\u00e9dias sociaux : l&rsquo;explosion exponentielle des contenus, la saturation des utilisateurs, l&rsquo;\u00e9volution des interfaces et la banalisation du web conversationnel.\u00a0\u00bb<\/p>\n<p>Via <a href=\"http:\/\/lecercle.lesechos.fr\/entreprises-marches\/high-tech-medias\/internet\/221141318\/2012-fin-medias-sociaux\">2012, la fin des m\u00e9dias sociaux ? | Le Cercle Les Echos<\/a><\/p>\n","protected":false},"excerpt":{"rendered":"<p>Nouvelle \u00e8re pour les m\u00e9dias sociaux : est-cela fin des m\u00e9dias sociaux ou la fin des m\u00e9dias\u00a0sociaux tels qu&rsquo;ils sont pratiqu\u00e9s aujourd&rsquo;hui ? Un article sur les m\u00e9dias sociaux a \u00e9t\u00e9 publi\u00e9 par mon alter ego de Media Aces Herv\u00e9 Kabla il y a quelques et jours sur lequel je me dois de revenir aujourd&rsquo;hui, &hellip;<\/p>\n","protected":false},"author":2,"featured_media":5455,"comment_status":"open","ping_status":"open","sticky":false,"template":"","format":"standard","meta":{"footnotes":""},"categories":[25],"tags":[],"class_list":["post-5452","post","type-post","status-publish","format-standard","has-post-thumbnail","hentry","category-medias-sociaux"],"yoast_head":"<!-- This site is optimized with the Yoast SEO plugin v27.4 - https:\/\/yoast.com\/product\/yoast-seo-wordpress\/ -->\n<title>Nouvelle \u00e8re pour les m\u00e9dias sociaux et fin d&#039;une p\u00e9riode<\/title>\n<meta name=\"description\" content=\"Nouvelle \u00e8re pour les m\u00e9dias sociaux : fin des m\u00e9dias sociaux ou des m\u00e9dias\u00a0sociaux tels qu&#039;ils sont pratiqu\u00e9s aujourd&#039;hui ? d\u00e9bat ouvert\" \/>\n<meta name=\"robots\" content=\"index, follow, max-snippet:-1, max-image-preview:large, max-video-preview:-1\" \/>\n<link rel=\"canonical\" href=\"https:\/\/visionarymarketing.com\/fr\/2012\/01\/03\/nouvelle-ere-medias-sociaux\/\" \/>\n<meta property=\"og:locale\" content=\"fr_FR\" \/>\n<meta property=\"og:type\" content=\"article\" \/>\n<meta property=\"og:title\" content=\"Nouvelle \u00e8re pour les m\u00e9dias sociaux et fin d&#039;une p\u00e9riode\" \/>\n<meta property=\"og:description\" content=\"Nouvelle \u00e8re pour les m\u00e9dias sociaux : fin des m\u00e9dias sociaux ou des m\u00e9dias\u00a0sociaux tels qu&#039;ils sont pratiqu\u00e9s aujourd&#039;hui ? d\u00e9bat ouvert\" \/>\n<meta property=\"og:url\" content=\"https:\/\/visionarymarketing.com\/fr\/2012\/01\/03\/nouvelle-ere-medias-sociaux\/\" \/>\n<meta property=\"og:site_name\" content=\"Marketing and Innovation\" \/>\n<meta property=\"article:publisher\" content=\"https:\/\/www.facebook.com\/vismktg\" \/>\n<meta property=\"article:author\" content=\"http:\/\/facebook.com\/ygourven\" \/>\n<meta property=\"article:published_time\" content=\"2012-01-03T08:30:41+00:00\" \/>\n<meta property=\"article:modified_time\" content=\"2024-08-08T20:11:59+00:00\" \/>\n<meta property=\"og:image\" content=\"https:\/\/visionarymarketing.com\/wp-content\/uploads\/2011\/12\/biblio-dsc_5789_thumb.jpg\" \/>\n\t<meta property=\"og:image:width\" content=\"644\" \/>\n\t<meta property=\"og:image:height\" content=\"428\" \/>\n\t<meta property=\"og:image:type\" content=\"image\/jpeg\" \/>\n<meta name=\"author\" content=\"Yann Gourvennec\" \/>\n<meta name=\"twitter:card\" content=\"summary_large_image\" \/>\n<meta name=\"twitter:creator\" content=\"@ygourven\" \/>\n<meta name=\"twitter:site\" content=\"@ygourven\" \/>\n<meta name=\"twitter:label1\" content=\"\u00c9crit par\" \/>\n\t<meta name=\"twitter:data1\" content=\"Yann Gourvennec\" \/>\n\t<meta name=\"twitter:label2\" content=\"Dur\u00e9e de lecture estim\u00e9e\" \/>\n\t<meta name=\"twitter:data2\" content=\"5 minutes\" \/>\n<script type=\"application\/ld+json\" class=\"yoast-schema-graph\">{\"@context\":\"https:\\\/\\\/schema.org\",\"@graph\":[{\"@type\":\"NewsArticle\",\"@id\":\"https:\\\/\\\/visionarymarketing.com\\\/fr\\\/2012\\\/01\\\/03\\\/nouvelle-ere-medias-sociaux\\\/#article\",\"isPartOf\":{\"@id\":\"https:\\\/\\\/visionarymarketing.com\\\/fr\\\/2012\\\/01\\\/03\\\/nouvelle-ere-medias-sociaux\\\/\"},\"author\":{\"name\":\"Yann Gourvennec\",\"@id\":\"https:\\\/\\\/visionarymarketing.com\\\/fr\\\/#\\\/schema\\\/person\\\/3754fee1e558f47b8deb46f53c37423e\"},\"headline\":\"La fin des m\u00e9dias sociaux &#8230; tels qu&rsquo;ils sont pratiqu\u00e9s aujourd&rsquo;hui\",\"datePublished\":\"2012-01-03T08:30:41+00:00\",\"dateModified\":\"2024-08-08T20:11:59+00:00\",\"mainEntityOfPage\":{\"@id\":\"https:\\\/\\\/visionarymarketing.com\\\/fr\\\/2012\\\/01\\\/03\\\/nouvelle-ere-medias-sociaux\\\/\"},\"wordCount\":1150,\"commentCount\":26,\"image\":{\"@id\":\"https:\\\/\\\/visionarymarketing.com\\\/fr\\\/2012\\\/01\\\/03\\\/nouvelle-ere-medias-sociaux\\\/#primaryimage\"},\"thumbnailUrl\":\"https:\\\/\\\/visionarymarketing.com\\\/wp-content\\\/uploads\\\/2011\\\/12\\\/biblio-dsc_5789_thumb.jpg\",\"articleSection\":[\"m\u00e9dias \\\/ r\u00e9seaux sociaux\"],\"inLanguage\":\"fr-FR\",\"potentialAction\":[{\"@type\":\"CommentAction\",\"name\":\"Comment\",\"target\":[\"https:\\\/\\\/visionarymarketing.com\\\/fr\\\/2012\\\/01\\\/03\\\/nouvelle-ere-medias-sociaux\\\/#respond\"]}]},{\"@type\":\"WebPage\",\"@id\":\"https:\\\/\\\/visionarymarketing.com\\\/fr\\\/2012\\\/01\\\/03\\\/nouvelle-ere-medias-sociaux\\\/\",\"url\":\"https:\\\/\\\/visionarymarketing.com\\\/fr\\\/2012\\\/01\\\/03\\\/nouvelle-ere-medias-sociaux\\\/\",\"name\":\"Nouvelle \u00e8re pour les m\u00e9dias sociaux et fin d'une p\u00e9riode\",\"isPartOf\":{\"@id\":\"https:\\\/\\\/visionarymarketing.com\\\/fr\\\/#website\"},\"primaryImageOfPage\":{\"@id\":\"https:\\\/\\\/visionarymarketing.com\\\/fr\\\/2012\\\/01\\\/03\\\/nouvelle-ere-medias-sociaux\\\/#primaryimage\"},\"image\":{\"@id\":\"https:\\\/\\\/visionarymarketing.com\\\/fr\\\/2012\\\/01\\\/03\\\/nouvelle-ere-medias-sociaux\\\/#primaryimage\"},\"thumbnailUrl\":\"https:\\\/\\\/visionarymarketing.com\\\/wp-content\\\/uploads\\\/2011\\\/12\\\/biblio-dsc_5789_thumb.jpg\",\"datePublished\":\"2012-01-03T08:30:41+00:00\",\"dateModified\":\"2024-08-08T20:11:59+00:00\",\"author\":{\"@id\":\"https:\\\/\\\/visionarymarketing.com\\\/fr\\\/#\\\/schema\\\/person\\\/3754fee1e558f47b8deb46f53c37423e\"},\"description\":\"Nouvelle \u00e8re pour les m\u00e9dias sociaux : fin des m\u00e9dias sociaux ou des m\u00e9dias\u00a0sociaux tels qu'ils sont pratiqu\u00e9s aujourd'hui ? d\u00e9bat ouvert\",\"breadcrumb\":{\"@id\":\"https:\\\/\\\/visionarymarketing.com\\\/fr\\\/2012\\\/01\\\/03\\\/nouvelle-ere-medias-sociaux\\\/#breadcrumb\"},\"inLanguage\":\"fr-FR\",\"potentialAction\":[{\"@type\":\"ReadAction\",\"target\":[\"https:\\\/\\\/visionarymarketing.com\\\/fr\\\/2012\\\/01\\\/03\\\/nouvelle-ere-medias-sociaux\\\/\"]}]},{\"@type\":\"ImageObject\",\"inLanguage\":\"fr-FR\",\"@id\":\"https:\\\/\\\/visionarymarketing.com\\\/fr\\\/2012\\\/01\\\/03\\\/nouvelle-ere-medias-sociaux\\\/#primaryimage\",\"url\":\"https:\\\/\\\/visionarymarketing.com\\\/wp-content\\\/uploads\\\/2011\\\/12\\\/biblio-dsc_5789_thumb.jpg\",\"contentUrl\":\"https:\\\/\\\/visionarymarketing.com\\\/wp-content\\\/uploads\\\/2011\\\/12\\\/biblio-dsc_5789_thumb.jpg\",\"width\":644,\"height\":428},{\"@type\":\"BreadcrumbList\",\"@id\":\"https:\\\/\\\/visionarymarketing.com\\\/fr\\\/2012\\\/01\\\/03\\\/nouvelle-ere-medias-sociaux\\\/#breadcrumb\",\"itemListElement\":[{\"@type\":\"ListItem\",\"position\":1,\"name\":\"Home\",\"item\":\"https:\\\/\\\/visionarymarketing.com\\\/fr\\\/\"},{\"@type\":\"ListItem\",\"position\":2,\"name\":\"La fin des m\u00e9dias sociaux &#8230; tels qu&#8217;ils sont pratiqu\u00e9s aujourd&#8217;hui\"}]},{\"@type\":\"WebSite\",\"@id\":\"https:\\\/\\\/visionarymarketing.com\\\/fr\\\/#website\",\"url\":\"https:\\\/\\\/visionarymarketing.com\\\/fr\\\/\",\"name\":\"Marketing and Innovation\",\"description\":\"Site d&#039;infos ind\u00e9pendant, depuis 1996\",\"potentialAction\":[{\"@type\":\"SearchAction\",\"target\":{\"@type\":\"EntryPoint\",\"urlTemplate\":\"https:\\\/\\\/visionarymarketing.com\\\/fr\\\/?s={search_term_string}\"},\"query-input\":{\"@type\":\"PropertyValueSpecification\",\"valueRequired\":true,\"valueName\":\"search_term_string\"}}],\"inLanguage\":\"fr-FR\"},{\"@type\":\"Person\",\"@id\":\"https:\\\/\\\/visionarymarketing.com\\\/fr\\\/#\\\/schema\\\/person\\\/3754fee1e558f47b8deb46f53c37423e\",\"name\":\"Yann Gourvennec\",\"image\":{\"@type\":\"ImageObject\",\"inLanguage\":\"fr-FR\",\"@id\":\"https:\\\/\\\/secure.gravatar.com\\\/avatar\\\/5972001801e8de5692a3e31224e85769f50a55fb8b679749f9c8d1868cceff14?s=96&d=initials&r=g&initials=yg\",\"url\":\"https:\\\/\\\/secure.gravatar.com\\\/avatar\\\/5972001801e8de5692a3e31224e85769f50a55fb8b679749f9c8d1868cceff14?s=96&d=initials&r=g&initials=yg\",\"contentUrl\":\"https:\\\/\\\/secure.gravatar.com\\\/avatar\\\/5972001801e8de5692a3e31224e85769f50a55fb8b679749f9c8d1868cceff14?s=96&d=initials&r=g&initials=yg\",\"caption\":\"Yann Gourvennec\"},\"description\":\"Yann Gourvennec created visionarymarketing.com in 1996. He is a speaker and author of many books. In 2014 he went from intrapreneur to entrepreneur, when he created his digital marketing agency. Yann Gourvennec a cr\u00e9\u00e9 visionarymarketing.com en 1996. Il est conf\u00e9rencier et auteur de plusieurs livres. En 2014, il est pass\u00e9 d'intrapreneur \u00e0 entrepreneur en cr\u00e9ant son agence de marketing num\u00e9rique.\",\"sameAs\":[\"https:\\\/\\\/visionarymarketing.com\",\"http:\\\/\\\/facebook.com\\\/ygourven\",\"http:\\\/\\\/linkedin.com\\\/in\\\/ygourven\",\"https:\\\/\\\/x.com\\\/ygourven\",\"https:\\\/\\\/www.youtube.com\\\/c\\\/visionarymarketingagency\"],\"url\":\"https:\\\/\\\/visionarymarketing.com\\\/fr\\\/author\\\/yann-gourvennec\\\/\"}]}<\/script>\n<!-- \/ Yoast SEO plugin. -->","yoast_head_json":{"title":"Nouvelle \u00e8re pour les m\u00e9dias sociaux et fin d'une p\u00e9riode","description":"Nouvelle \u00e8re pour les m\u00e9dias sociaux : fin des m\u00e9dias sociaux ou des m\u00e9dias\u00a0sociaux tels qu'ils sont pratiqu\u00e9s aujourd'hui ? d\u00e9bat ouvert","robots":{"index":"index","follow":"follow","max-snippet":"max-snippet:-1","max-image-preview":"max-image-preview:large","max-video-preview":"max-video-preview:-1"},"canonical":"https:\/\/visionarymarketing.com\/fr\/2012\/01\/03\/nouvelle-ere-medias-sociaux\/","og_locale":"fr_FR","og_type":"article","og_title":"Nouvelle \u00e8re pour les m\u00e9dias sociaux et fin d'une p\u00e9riode","og_description":"Nouvelle \u00e8re pour les m\u00e9dias sociaux : fin des m\u00e9dias sociaux ou des m\u00e9dias\u00a0sociaux tels qu'ils sont pratiqu\u00e9s aujourd'hui ? d\u00e9bat ouvert","og_url":"https:\/\/visionarymarketing.com\/fr\/2012\/01\/03\/nouvelle-ere-medias-sociaux\/","og_site_name":"Marketing and Innovation","article_publisher":"https:\/\/www.facebook.com\/vismktg","article_author":"http:\/\/facebook.com\/ygourven","article_published_time":"2012-01-03T08:30:41+00:00","article_modified_time":"2024-08-08T20:11:59+00:00","og_image":[{"width":644,"height":428,"url":"https:\/\/visionarymarketing.com\/wp-content\/uploads\/2011\/12\/biblio-dsc_5789_thumb.jpg","type":"image\/jpeg"}],"author":"Yann Gourvennec","twitter_card":"summary_large_image","twitter_creator":"@ygourven","twitter_site":"@ygourven","twitter_misc":{"\u00c9crit par":"Yann Gourvennec","Dur\u00e9e de lecture estim\u00e9e":"5 minutes"},"schema":{"@context":"https:\/\/schema.org","@graph":[{"@type":"NewsArticle","@id":"https:\/\/visionarymarketing.com\/fr\/2012\/01\/03\/nouvelle-ere-medias-sociaux\/#article","isPartOf":{"@id":"https:\/\/visionarymarketing.com\/fr\/2012\/01\/03\/nouvelle-ere-medias-sociaux\/"},"author":{"name":"Yann Gourvennec","@id":"https:\/\/visionarymarketing.com\/fr\/#\/schema\/person\/3754fee1e558f47b8deb46f53c37423e"},"headline":"La fin des m\u00e9dias sociaux &#8230; tels qu&rsquo;ils sont pratiqu\u00e9s aujourd&rsquo;hui","datePublished":"2012-01-03T08:30:41+00:00","dateModified":"2024-08-08T20:11:59+00:00","mainEntityOfPage":{"@id":"https:\/\/visionarymarketing.com\/fr\/2012\/01\/03\/nouvelle-ere-medias-sociaux\/"},"wordCount":1150,"commentCount":26,"image":{"@id":"https:\/\/visionarymarketing.com\/fr\/2012\/01\/03\/nouvelle-ere-medias-sociaux\/#primaryimage"},"thumbnailUrl":"https:\/\/visionarymarketing.com\/wp-content\/uploads\/2011\/12\/biblio-dsc_5789_thumb.jpg","articleSection":["m\u00e9dias \/ r\u00e9seaux sociaux"],"inLanguage":"fr-FR","potentialAction":[{"@type":"CommentAction","name":"Comment","target":["https:\/\/visionarymarketing.com\/fr\/2012\/01\/03\/nouvelle-ere-medias-sociaux\/#respond"]}]},{"@type":"WebPage","@id":"https:\/\/visionarymarketing.com\/fr\/2012\/01\/03\/nouvelle-ere-medias-sociaux\/","url":"https:\/\/visionarymarketing.com\/fr\/2012\/01\/03\/nouvelle-ere-medias-sociaux\/","name":"Nouvelle \u00e8re pour les m\u00e9dias sociaux et fin d'une p\u00e9riode","isPartOf":{"@id":"https:\/\/visionarymarketing.com\/fr\/#website"},"primaryImageOfPage":{"@id":"https:\/\/visionarymarketing.com\/fr\/2012\/01\/03\/nouvelle-ere-medias-sociaux\/#primaryimage"},"image":{"@id":"https:\/\/visionarymarketing.com\/fr\/2012\/01\/03\/nouvelle-ere-medias-sociaux\/#primaryimage"},"thumbnailUrl":"https:\/\/visionarymarketing.com\/wp-content\/uploads\/2011\/12\/biblio-dsc_5789_thumb.jpg","datePublished":"2012-01-03T08:30:41+00:00","dateModified":"2024-08-08T20:11:59+00:00","author":{"@id":"https:\/\/visionarymarketing.com\/fr\/#\/schema\/person\/3754fee1e558f47b8deb46f53c37423e"},"description":"Nouvelle \u00e8re pour les m\u00e9dias sociaux : fin des m\u00e9dias sociaux ou des m\u00e9dias\u00a0sociaux tels qu'ils sont pratiqu\u00e9s aujourd'hui ? d\u00e9bat ouvert","breadcrumb":{"@id":"https:\/\/visionarymarketing.com\/fr\/2012\/01\/03\/nouvelle-ere-medias-sociaux\/#breadcrumb"},"inLanguage":"fr-FR","potentialAction":[{"@type":"ReadAction","target":["https:\/\/visionarymarketing.com\/fr\/2012\/01\/03\/nouvelle-ere-medias-sociaux\/"]}]},{"@type":"ImageObject","inLanguage":"fr-FR","@id":"https:\/\/visionarymarketing.com\/fr\/2012\/01\/03\/nouvelle-ere-medias-sociaux\/#primaryimage","url":"https:\/\/visionarymarketing.com\/wp-content\/uploads\/2011\/12\/biblio-dsc_5789_thumb.jpg","contentUrl":"https:\/\/visionarymarketing.com\/wp-content\/uploads\/2011\/12\/biblio-dsc_5789_thumb.jpg","width":644,"height":428},{"@type":"BreadcrumbList","@id":"https:\/\/visionarymarketing.com\/fr\/2012\/01\/03\/nouvelle-ere-medias-sociaux\/#breadcrumb","itemListElement":[{"@type":"ListItem","position":1,"name":"Home","item":"https:\/\/visionarymarketing.com\/fr\/"},{"@type":"ListItem","position":2,"name":"La fin des m\u00e9dias sociaux &#8230; tels qu&#8217;ils sont pratiqu\u00e9s aujourd&#8217;hui"}]},{"@type":"WebSite","@id":"https:\/\/visionarymarketing.com\/fr\/#website","url":"https:\/\/visionarymarketing.com\/fr\/","name":"Marketing and Innovation","description":"Site d&#039;infos ind\u00e9pendant, depuis 1996","potentialAction":[{"@type":"SearchAction","target":{"@type":"EntryPoint","urlTemplate":"https:\/\/visionarymarketing.com\/fr\/?s={search_term_string}"},"query-input":{"@type":"PropertyValueSpecification","valueRequired":true,"valueName":"search_term_string"}}],"inLanguage":"fr-FR"},{"@type":"Person","@id":"https:\/\/visionarymarketing.com\/fr\/#\/schema\/person\/3754fee1e558f47b8deb46f53c37423e","name":"Yann Gourvennec","image":{"@type":"ImageObject","inLanguage":"fr-FR","@id":"https:\/\/secure.gravatar.com\/avatar\/5972001801e8de5692a3e31224e85769f50a55fb8b679749f9c8d1868cceff14?s=96&d=initials&r=g&initials=yg","url":"https:\/\/secure.gravatar.com\/avatar\/5972001801e8de5692a3e31224e85769f50a55fb8b679749f9c8d1868cceff14?s=96&d=initials&r=g&initials=yg","contentUrl":"https:\/\/secure.gravatar.com\/avatar\/5972001801e8de5692a3e31224e85769f50a55fb8b679749f9c8d1868cceff14?s=96&d=initials&r=g&initials=yg","caption":"Yann Gourvennec"},"description":"Yann Gourvennec created visionarymarketing.com in 1996. He is a speaker and author of many books. In 2014 he went from intrapreneur to entrepreneur, when he created his digital marketing agency. Yann Gourvennec a cr\u00e9\u00e9 visionarymarketing.com en 1996. Il est conf\u00e9rencier et auteur de plusieurs livres. En 2014, il est pass\u00e9 d'intrapreneur \u00e0 entrepreneur en cr\u00e9ant son agence de marketing num\u00e9rique.","sameAs":["https:\/\/visionarymarketing.com","http:\/\/facebook.com\/ygourven","http:\/\/linkedin.com\/in\/ygourven","https:\/\/x.com\/ygourven","https:\/\/www.youtube.com\/c\/visionarymarketingagency"],"url":"https:\/\/visionarymarketing.com\/fr\/author\/yann-gourvennec\/"}]}},"_links":{"self":[{"href":"https:\/\/visionarymarketing.com\/fr\/wp-json\/wp\/v2\/posts\/5452","targetHints":{"allow":["GET"]}}],"collection":[{"href":"https:\/\/visionarymarketing.com\/fr\/wp-json\/wp\/v2\/posts"}],"about":[{"href":"https:\/\/visionarymarketing.com\/fr\/wp-json\/wp\/v2\/types\/post"}],"author":[{"embeddable":true,"href":"https:\/\/visionarymarketing.com\/fr\/wp-json\/wp\/v2\/users\/2"}],"replies":[{"embeddable":true,"href":"https:\/\/visionarymarketing.com\/fr\/wp-json\/wp\/v2\/comments?post=5452"}],"version-history":[{"count":0,"href":"https:\/\/visionarymarketing.com\/fr\/wp-json\/wp\/v2\/posts\/5452\/revisions"}],"wp:featuredmedia":[{"embeddable":true,"href":"https:\/\/visionarymarketing.com\/fr\/wp-json\/wp\/v2\/media\/5455"}],"wp:attachment":[{"href":"https:\/\/visionarymarketing.com\/fr\/wp-json\/wp\/v2\/media?parent=5452"}],"wp:term":[{"taxonomy":"category","embeddable":true,"href":"https:\/\/visionarymarketing.com\/fr\/wp-json\/wp\/v2\/categories?post=5452"},{"taxonomy":"post_tag","embeddable":true,"href":"https:\/\/visionarymarketing.com\/fr\/wp-json\/wp\/v2\/tags?post=5452"}],"curies":[{"name":"wp","href":"https:\/\/api.w.org\/{rel}","templated":true}]}}