{"id":5444,"date":"2012-01-02T08:30:00","date_gmt":"2012-01-02T08:30:00","guid":{"rendered":"https:\/\/visionary.wordpress.com\/?p=5444"},"modified":"2021-04-23T16:27:21","modified_gmt":"2021-04-23T14:27:21","slug":"democratie-besoin-journalistes","status":"publish","type":"post","link":"https:\/\/visionarymarketing.com\/fr\/2012\/01\/02\/democratie-besoin-journalistes\/","title":{"rendered":"Le monde et la d\u00e9mocratie ont besoin des journalistes"},"content":{"rendered":"<p><em><img decoding=\"async\" class=\"size-full wp-image-5443 alignright\" src=\"https:\/\/visionarymarketing.com\/wp-content\/uploads\/2011\/12\/couv_journaliste_besoin_de_vous_thumb.jpg\" alt=\"\" width=\"174\" height=\"244\" \/>La d\u00e9mocratie a besoin des journalistes. C\u2019est un v\u00e9ritable cri du c\u0153ur, mais aussi un appel aux armes que lance <span title=\"http:\/\/fr.linkedin.com\/in\/olivcim\">Olivier Cimeli\u00e8re<\/span>. Olivier a une exp\u00e9rience int\u00e9ressante car il a vu le monde du journalisme des deux c\u00f4t\u00e9s de la barri\u00e8re, une premi\u00e8re fois comme journaliste m\u00eame, et ensuite comme directeur de la communication et responsable des relations Presse dans de grandes entreprises et ex membre de Media Aces. Il revient dans un ouvrage sur lequel il a travaill\u00e9 pendant deux ann\u00e9es intitul\u00e9 \u00ab journalistes, nous avons besoin de vous !\u00bb sur une profession en mutation, souvent d\u00e9cri\u00e9e et dont d&rsquo;aucuns annoncent la disparition. J&rsquo;ai re\u00e7u Olivier dans mon bureau il y a quelques semaines pour \u00e9voquer ce sujet controvers\u00e9. <a href=\"http:\/\/youtu.be\/I2SgOjdUrTc\" target=\"_blank\" rel=\"noopener noreferrer\">Voici ce qu&rsquo;il faut retenir de cette interview<\/a> (voir la vid\u00e9o ci-dessous).<\/em><\/p>\n<h2>Le monde et la d\u00e9mocratie ont besoin des journalistes<\/h2>\n<figure id=\"attachment_28627\" aria-describedby=\"caption-attachment-28627\" style=\"width: 519px\" class=\"wp-caption aligncenter\"><img decoding=\"async\" class=\"wp-image-28627 size-full\" src=\"https:\/\/visionarymarketing.com\/wp-content\/uploads\/2018\/06\/journal-e1615718466624.jpg\" alt=\"presse \u00e9crite\" width=\"519\" height=\"340\" \/><figcaption id=\"caption-attachment-28627\" class=\"wp-caption-text\">M\u00eame si on r\u00e2le beaucoup sur eux, le monde \u2014 et la d\u00e9mocratie surtout \u2014 ont besoin des journalistes<\/figcaption><\/figure>\n<p><!--more--><\/p>\n<h3>La presse n&rsquo;est pas morte et la d\u00e9mocratie a besoin des journalistes<\/h3>\n<ol>\n<li>le journalisme, malgr\u00e9 les pr\u00e9dictions et le catastrophisme ambiant, n&rsquo;est pas mort !<\/li>\n<li>il est en crise (journalisme \u00e9crit et TV) et en mutation et ses mod\u00e8les \u00e9conomiques sont en refonte ;<\/li>\n<li>la r\u00e9volution num\u00e9rique : contrairement \u00e0 la vulgate, les journalistes ont vu le Web comme une opportunit\u00e9 avant la bulle (97-2000) ;<\/li>\n<li>L&rsquo;arriv\u00e9e des blogs \u00e0 \u00e9branl\u00e9 les r\u00e9dactions, cependant les blogueurs ne sont pas des journalistes (m\u00eame s&rsquo;ils sont souvent soumis aux m\u00eames r\u00e8gles <a href=\"https:\/\/visionarymarketing.com\/fr\/glossaire\/marketing-ethique\/\">\u00e9thiques<\/a>) ;<\/li>\n<li>les blogueurs se sont construits contre les journalistes et les deux mondes se sont oppos\u00e9s, mais nous sommes en train de sortir de ce combat ;<\/li>\n<li>la Presse \u00e9tait en crise bien avant l&rsquo;arriv\u00e9e d&rsquo;Internet, car la publicit\u00e9 a \u00e9t\u00e9 le mod\u00e8le \u00e9conomique unique de la profession ;<\/li>\n<li>la profession fait partie des plus d\u00e9cri\u00e9es (rejet des \u00e9lites) ;<\/li>\n<li>l&rsquo;iPad a g\u00e9n\u00e9r\u00e9 un concert de louanges de la part des journalistes qui l&rsquo;ont consid\u00e9r\u00e9 comme \u00ab la bou\u00e9e de sauvetage de la Presse \u00bb mais les choses ne sont pas aussi simples ;<\/li>\n<li>il faut revenir \u00e0 la source, le mode de distribution ne suffit pas, et se reposer la question du vecteur diff\u00e9renciant en termes de contenus ;<\/li>\n<li>la tendance est de ne plus avoir qu&rsquo;une r\u00e9daction (newsroom) et de diff\u00e9rencier le canal en fonction du contenu ;<\/li>\n<li>les nouvelles g\u00e9n\u00e9rations sont aussi des lecteurs friands d&rsquo;informations, mais surtout sur \u00e9cran. Par contre, ils ont d\u00e9velopp\u00e9 moins leur esprit critique que leurs a\u00een\u00e9s ;<\/li>\n<li>les journalistes peuvent encore se remettre au centre des d\u00e9bats<\/li>\n<\/ol>\n<div>[voir le blog d&rsquo;Olivier Cimeli\u00e8re :\u00a0<a href=\"http:\/\/www.leblogducommunicant2-0.com\/\">http:\/\/www.leblogducommunicant2-0.com\/<\/a>]<\/div>\n<div><\/div>\n<p><iframe title=\"[Fr] Olivier Cimeli\u00e8re : &quot;journalistes, nous avons besoin de vous !&quot;\" width=\"500\" height=\"281\" src=\"https:\/\/www.youtube.com\/embed\/I2SgOjdUrTc?feature=oembed\" frameborder=\"0\" allow=\"accelerometer; autoplay; clipboard-write; encrypted-media; gyroscope; picture-in-picture; web-share\" referrerpolicy=\"strict-origin-when-cross-origin\" allowfullscreen><\/iframe><\/p>\n","protected":false},"excerpt":{"rendered":"<p>La d\u00e9mocratie a besoin des journalistes. C\u2019est un v\u00e9ritable cri du c\u0153ur, mais aussi un appel aux armes que lance Olivier Cimeli\u00e8re. Olivier a une exp\u00e9rience int\u00e9ressante car il a vu le monde du journalisme des deux c\u00f4t\u00e9s de la barri\u00e8re, une premi\u00e8re fois comme journaliste m\u00eame, et ensuite comme directeur de la communication et &hellip;<\/p>\n","protected":false},"author":2,"featured_media":28627,"comment_status":"open","ping_status":"open","sticky":false,"template":"","format":"standard","meta":{"footnotes":""},"categories":[248],"tags":[],"class_list":["post-5444","post","type-post","status-publish","format-standard","has-post-thumbnail","hentry","category-livres-marketing"],"yoast_head":"<!-- This site is optimized with the Yoast SEO plugin v27.5 - https:\/\/yoast.com\/product\/yoast-seo-wordpress\/ -->\n<title>Le monde et la d\u00e9mocratie ont besoin des journalistes<\/title>\n<meta name=\"description\" content=\"La d\u00e9mocratie a besoin des journalistes. C\u2019est un v\u00e9ritable cri du c\u0153ur, mais aussi un appel aux armes que lance Olivier Cimeli\u00e8re.\" \/>\n<meta name=\"robots\" content=\"index, follow, max-snippet:-1, max-image-preview:large, max-video-preview:-1\" \/>\n<link rel=\"canonical\" href=\"https:\/\/visionarymarketing.com\/fr\/2012\/01\/02\/democratie-besoin-journalistes\/\" \/>\n<meta property=\"og:locale\" content=\"fr_FR\" \/>\n<meta property=\"og:type\" content=\"article\" \/>\n<meta property=\"og:title\" content=\"Le monde et la d\u00e9mocratie ont besoin des journalistes\" \/>\n<meta property=\"og:description\" content=\"La d\u00e9mocratie a besoin des journalistes. C\u2019est un v\u00e9ritable cri du c\u0153ur, mais aussi un appel aux armes que lance Olivier Cimeli\u00e8re.\" \/>\n<meta property=\"og:url\" content=\"https:\/\/visionarymarketing.com\/fr\/2012\/01\/02\/democratie-besoin-journalistes\/\" \/>\n<meta property=\"og:site_name\" content=\"Marketing and Innovation\" \/>\n<meta property=\"article:publisher\" content=\"https:\/\/www.facebook.com\/vismktg\" \/>\n<meta property=\"article:author\" content=\"http:\/\/facebook.com\/ygourven\" \/>\n<meta property=\"article:published_time\" content=\"2012-01-02T08:30:00+00:00\" \/>\n<meta property=\"article:modified_time\" content=\"2021-04-23T14:27:21+00:00\" \/>\n<meta property=\"og:image\" content=\"https:\/\/visionarymarketing.com\/wp-content\/uploads\/2018\/06\/journal-e1615718466624.jpg\" \/>\n\t<meta property=\"og:image:width\" content=\"519\" \/>\n\t<meta property=\"og:image:height\" content=\"340\" \/>\n\t<meta property=\"og:image:type\" content=\"image\/jpeg\" \/>\n<meta name=\"author\" content=\"Yann Gourvennec\" \/>\n<meta name=\"twitter:card\" content=\"summary_large_image\" \/>\n<meta name=\"twitter:creator\" content=\"@ygourven\" \/>\n<meta name=\"twitter:site\" content=\"@ygourven\" \/>\n<meta name=\"twitter:label1\" content=\"\u00c9crit par\" \/>\n\t<meta name=\"twitter:data1\" content=\"Yann Gourvennec\" \/>\n\t<meta name=\"twitter:label2\" content=\"Dur\u00e9e de lecture estim\u00e9e\" \/>\n\t<meta name=\"twitter:data2\" content=\"3 minutes\" \/>\n<script type=\"application\/ld+json\" class=\"yoast-schema-graph\">{\"@context\":\"https:\\\/\\\/schema.org\",\"@graph\":[{\"@type\":\"NewsArticle\",\"@id\":\"https:\\\/\\\/visionarymarketing.com\\\/fr\\\/2012\\\/01\\\/02\\\/democratie-besoin-journalistes\\\/#article\",\"isPartOf\":{\"@id\":\"https:\\\/\\\/visionarymarketing.com\\\/fr\\\/2012\\\/01\\\/02\\\/democratie-besoin-journalistes\\\/\"},\"author\":{\"name\":\"Yann Gourvennec\",\"@id\":\"https:\\\/\\\/visionarymarketing.com\\\/fr\\\/#\\\/schema\\\/person\\\/3754fee1e558f47b8deb46f53c37423e\"},\"headline\":\"Le monde et la d\u00e9mocratie ont besoin des journalistes\",\"datePublished\":\"2012-01-02T08:30:00+00:00\",\"dateModified\":\"2021-04-23T14:27:21+00:00\",\"mainEntityOfPage\":{\"@id\":\"https:\\\/\\\/visionarymarketing.com\\\/fr\\\/2012\\\/01\\\/02\\\/democratie-besoin-journalistes\\\/\"},\"wordCount\":506,\"commentCount\":0,\"image\":{\"@id\":\"https:\\\/\\\/visionarymarketing.com\\\/fr\\\/2012\\\/01\\\/02\\\/democratie-besoin-journalistes\\\/#primaryimage\"},\"thumbnailUrl\":\"https:\\\/\\\/visionarymarketing.com\\\/wp-content\\\/uploads\\\/2018\\\/06\\\/journal-e1615718466624.jpg\",\"articleSection\":[\"livres marketing\"],\"inLanguage\":\"fr-FR\",\"potentialAction\":[{\"@type\":\"CommentAction\",\"name\":\"Comment\",\"target\":[\"https:\\\/\\\/visionarymarketing.com\\\/fr\\\/2012\\\/01\\\/02\\\/democratie-besoin-journalistes\\\/#respond\"]}]},{\"@type\":\"WebPage\",\"@id\":\"https:\\\/\\\/visionarymarketing.com\\\/fr\\\/2012\\\/01\\\/02\\\/democratie-besoin-journalistes\\\/\",\"url\":\"https:\\\/\\\/visionarymarketing.com\\\/fr\\\/2012\\\/01\\\/02\\\/democratie-besoin-journalistes\\\/\",\"name\":\"Le monde et la d\u00e9mocratie ont besoin des journalistes\",\"isPartOf\":{\"@id\":\"https:\\\/\\\/visionarymarketing.com\\\/fr\\\/#website\"},\"primaryImageOfPage\":{\"@id\":\"https:\\\/\\\/visionarymarketing.com\\\/fr\\\/2012\\\/01\\\/02\\\/democratie-besoin-journalistes\\\/#primaryimage\"},\"image\":{\"@id\":\"https:\\\/\\\/visionarymarketing.com\\\/fr\\\/2012\\\/01\\\/02\\\/democratie-besoin-journalistes\\\/#primaryimage\"},\"thumbnailUrl\":\"https:\\\/\\\/visionarymarketing.com\\\/wp-content\\\/uploads\\\/2018\\\/06\\\/journal-e1615718466624.jpg\",\"datePublished\":\"2012-01-02T08:30:00+00:00\",\"dateModified\":\"2021-04-23T14:27:21+00:00\",\"author\":{\"@id\":\"https:\\\/\\\/visionarymarketing.com\\\/fr\\\/#\\\/schema\\\/person\\\/3754fee1e558f47b8deb46f53c37423e\"},\"description\":\"La d\u00e9mocratie a besoin des journalistes. C\u2019est un v\u00e9ritable cri du c\u0153ur, mais aussi un appel aux armes que lance Olivier Cimeli\u00e8re.\",\"breadcrumb\":{\"@id\":\"https:\\\/\\\/visionarymarketing.com\\\/fr\\\/2012\\\/01\\\/02\\\/democratie-besoin-journalistes\\\/#breadcrumb\"},\"inLanguage\":\"fr-FR\",\"potentialAction\":[{\"@type\":\"ReadAction\",\"target\":[\"https:\\\/\\\/visionarymarketing.com\\\/fr\\\/2012\\\/01\\\/02\\\/democratie-besoin-journalistes\\\/\"]}]},{\"@type\":\"ImageObject\",\"inLanguage\":\"fr-FR\",\"@id\":\"https:\\\/\\\/visionarymarketing.com\\\/fr\\\/2012\\\/01\\\/02\\\/democratie-besoin-journalistes\\\/#primaryimage\",\"url\":\"https:\\\/\\\/visionarymarketing.com\\\/wp-content\\\/uploads\\\/2018\\\/06\\\/journal-e1615718466624.jpg\",\"contentUrl\":\"https:\\\/\\\/visionarymarketing.com\\\/wp-content\\\/uploads\\\/2018\\\/06\\\/journal-e1615718466624.jpg\",\"width\":519,\"height\":340,\"caption\":\"une de journal\"},{\"@type\":\"BreadcrumbList\",\"@id\":\"https:\\\/\\\/visionarymarketing.com\\\/fr\\\/2012\\\/01\\\/02\\\/democratie-besoin-journalistes\\\/#breadcrumb\",\"itemListElement\":[{\"@type\":\"ListItem\",\"position\":1,\"name\":\"Home\",\"item\":\"https:\\\/\\\/visionarymarketing.com\\\/fr\\\/\"},{\"@type\":\"ListItem\",\"position\":2,\"name\":\"Le monde et la d\u00e9mocratie ont besoin des journalistes\"}]},{\"@type\":\"WebSite\",\"@id\":\"https:\\\/\\\/visionarymarketing.com\\\/fr\\\/#website\",\"url\":\"https:\\\/\\\/visionarymarketing.com\\\/fr\\\/\",\"name\":\"Marketing and Innovation\",\"description\":\"Site d&#039;infos ind\u00e9pendant, depuis 1996\",\"potentialAction\":[{\"@type\":\"SearchAction\",\"target\":{\"@type\":\"EntryPoint\",\"urlTemplate\":\"https:\\\/\\\/visionarymarketing.com\\\/fr\\\/?s={search_term_string}\"},\"query-input\":{\"@type\":\"PropertyValueSpecification\",\"valueRequired\":true,\"valueName\":\"search_term_string\"}}],\"inLanguage\":\"fr-FR\"},{\"@type\":\"Person\",\"@id\":\"https:\\\/\\\/visionarymarketing.com\\\/fr\\\/#\\\/schema\\\/person\\\/3754fee1e558f47b8deb46f53c37423e\",\"name\":\"Yann Gourvennec\",\"image\":{\"@type\":\"ImageObject\",\"inLanguage\":\"fr-FR\",\"@id\":\"https:\\\/\\\/secure.gravatar.com\\\/avatar\\\/5972001801e8de5692a3e31224e85769f50a55fb8b679749f9c8d1868cceff14?s=96&d=initials&r=g&initials=yg\",\"url\":\"https:\\\/\\\/secure.gravatar.com\\\/avatar\\\/5972001801e8de5692a3e31224e85769f50a55fb8b679749f9c8d1868cceff14?s=96&d=initials&r=g&initials=yg\",\"contentUrl\":\"https:\\\/\\\/secure.gravatar.com\\\/avatar\\\/5972001801e8de5692a3e31224e85769f50a55fb8b679749f9c8d1868cceff14?s=96&d=initials&r=g&initials=yg\",\"caption\":\"Yann Gourvennec\"},\"description\":\"Yann Gourvennec created visionarymarketing.com in 1996. He is a speaker and author of many books. In 2014 he went from intrapreneur to entrepreneur, when he created his digital marketing agency. Yann Gourvennec a cr\u00e9\u00e9 visionarymarketing.com en 1996. Il est conf\u00e9rencier et auteur de plusieurs livres. En 2014, il est pass\u00e9 d'intrapreneur \u00e0 entrepreneur en cr\u00e9ant son agence de marketing num\u00e9rique.\",\"sameAs\":[\"https:\\\/\\\/visionarymarketing.com\",\"http:\\\/\\\/facebook.com\\\/ygourven\",\"http:\\\/\\\/linkedin.com\\\/in\\\/ygourven\",\"https:\\\/\\\/x.com\\\/ygourven\",\"https:\\\/\\\/www.youtube.com\\\/c\\\/visionarymarketingagency\"],\"url\":\"https:\\\/\\\/visionarymarketing.com\\\/fr\\\/author\\\/yann-gourvennec\\\/\"}]}<\/script>\n<!-- \/ Yoast SEO plugin. -->","yoast_head_json":{"title":"Le monde et la d\u00e9mocratie ont besoin des journalistes","description":"La d\u00e9mocratie a besoin des journalistes. C\u2019est un v\u00e9ritable cri du c\u0153ur, mais aussi un appel aux armes que lance Olivier Cimeli\u00e8re.","robots":{"index":"index","follow":"follow","max-snippet":"max-snippet:-1","max-image-preview":"max-image-preview:large","max-video-preview":"max-video-preview:-1"},"canonical":"https:\/\/visionarymarketing.com\/fr\/2012\/01\/02\/democratie-besoin-journalistes\/","og_locale":"fr_FR","og_type":"article","og_title":"Le monde et la d\u00e9mocratie ont besoin des journalistes","og_description":"La d\u00e9mocratie a besoin des journalistes. C\u2019est un v\u00e9ritable cri du c\u0153ur, mais aussi un appel aux armes que lance Olivier Cimeli\u00e8re.","og_url":"https:\/\/visionarymarketing.com\/fr\/2012\/01\/02\/democratie-besoin-journalistes\/","og_site_name":"Marketing and Innovation","article_publisher":"https:\/\/www.facebook.com\/vismktg","article_author":"http:\/\/facebook.com\/ygourven","article_published_time":"2012-01-02T08:30:00+00:00","article_modified_time":"2021-04-23T14:27:21+00:00","og_image":[{"width":519,"height":340,"url":"https:\/\/visionarymarketing.com\/wp-content\/uploads\/2018\/06\/journal-e1615718466624.jpg","type":"image\/jpeg"}],"author":"Yann Gourvennec","twitter_card":"summary_large_image","twitter_creator":"@ygourven","twitter_site":"@ygourven","twitter_misc":{"\u00c9crit par":"Yann Gourvennec","Dur\u00e9e de lecture estim\u00e9e":"3 minutes"},"schema":{"@context":"https:\/\/schema.org","@graph":[{"@type":"NewsArticle","@id":"https:\/\/visionarymarketing.com\/fr\/2012\/01\/02\/democratie-besoin-journalistes\/#article","isPartOf":{"@id":"https:\/\/visionarymarketing.com\/fr\/2012\/01\/02\/democratie-besoin-journalistes\/"},"author":{"name":"Yann Gourvennec","@id":"https:\/\/visionarymarketing.com\/fr\/#\/schema\/person\/3754fee1e558f47b8deb46f53c37423e"},"headline":"Le monde et la d\u00e9mocratie ont besoin des journalistes","datePublished":"2012-01-02T08:30:00+00:00","dateModified":"2021-04-23T14:27:21+00:00","mainEntityOfPage":{"@id":"https:\/\/visionarymarketing.com\/fr\/2012\/01\/02\/democratie-besoin-journalistes\/"},"wordCount":506,"commentCount":0,"image":{"@id":"https:\/\/visionarymarketing.com\/fr\/2012\/01\/02\/democratie-besoin-journalistes\/#primaryimage"},"thumbnailUrl":"https:\/\/visionarymarketing.com\/wp-content\/uploads\/2018\/06\/journal-e1615718466624.jpg","articleSection":["livres marketing"],"inLanguage":"fr-FR","potentialAction":[{"@type":"CommentAction","name":"Comment","target":["https:\/\/visionarymarketing.com\/fr\/2012\/01\/02\/democratie-besoin-journalistes\/#respond"]}]},{"@type":"WebPage","@id":"https:\/\/visionarymarketing.com\/fr\/2012\/01\/02\/democratie-besoin-journalistes\/","url":"https:\/\/visionarymarketing.com\/fr\/2012\/01\/02\/democratie-besoin-journalistes\/","name":"Le monde et la d\u00e9mocratie ont besoin des journalistes","isPartOf":{"@id":"https:\/\/visionarymarketing.com\/fr\/#website"},"primaryImageOfPage":{"@id":"https:\/\/visionarymarketing.com\/fr\/2012\/01\/02\/democratie-besoin-journalistes\/#primaryimage"},"image":{"@id":"https:\/\/visionarymarketing.com\/fr\/2012\/01\/02\/democratie-besoin-journalistes\/#primaryimage"},"thumbnailUrl":"https:\/\/visionarymarketing.com\/wp-content\/uploads\/2018\/06\/journal-e1615718466624.jpg","datePublished":"2012-01-02T08:30:00+00:00","dateModified":"2021-04-23T14:27:21+00:00","author":{"@id":"https:\/\/visionarymarketing.com\/fr\/#\/schema\/person\/3754fee1e558f47b8deb46f53c37423e"},"description":"La d\u00e9mocratie a besoin des journalistes. C\u2019est un v\u00e9ritable cri du c\u0153ur, mais aussi un appel aux armes que lance Olivier Cimeli\u00e8re.","breadcrumb":{"@id":"https:\/\/visionarymarketing.com\/fr\/2012\/01\/02\/democratie-besoin-journalistes\/#breadcrumb"},"inLanguage":"fr-FR","potentialAction":[{"@type":"ReadAction","target":["https:\/\/visionarymarketing.com\/fr\/2012\/01\/02\/democratie-besoin-journalistes\/"]}]},{"@type":"ImageObject","inLanguage":"fr-FR","@id":"https:\/\/visionarymarketing.com\/fr\/2012\/01\/02\/democratie-besoin-journalistes\/#primaryimage","url":"https:\/\/visionarymarketing.com\/wp-content\/uploads\/2018\/06\/journal-e1615718466624.jpg","contentUrl":"https:\/\/visionarymarketing.com\/wp-content\/uploads\/2018\/06\/journal-e1615718466624.jpg","width":519,"height":340,"caption":"une de journal"},{"@type":"BreadcrumbList","@id":"https:\/\/visionarymarketing.com\/fr\/2012\/01\/02\/democratie-besoin-journalistes\/#breadcrumb","itemListElement":[{"@type":"ListItem","position":1,"name":"Home","item":"https:\/\/visionarymarketing.com\/fr\/"},{"@type":"ListItem","position":2,"name":"Le monde et la d\u00e9mocratie ont besoin des journalistes"}]},{"@type":"WebSite","@id":"https:\/\/visionarymarketing.com\/fr\/#website","url":"https:\/\/visionarymarketing.com\/fr\/","name":"Marketing and Innovation","description":"Site d&#039;infos ind\u00e9pendant, depuis 1996","potentialAction":[{"@type":"SearchAction","target":{"@type":"EntryPoint","urlTemplate":"https:\/\/visionarymarketing.com\/fr\/?s={search_term_string}"},"query-input":{"@type":"PropertyValueSpecification","valueRequired":true,"valueName":"search_term_string"}}],"inLanguage":"fr-FR"},{"@type":"Person","@id":"https:\/\/visionarymarketing.com\/fr\/#\/schema\/person\/3754fee1e558f47b8deb46f53c37423e","name":"Yann Gourvennec","image":{"@type":"ImageObject","inLanguage":"fr-FR","@id":"https:\/\/secure.gravatar.com\/avatar\/5972001801e8de5692a3e31224e85769f50a55fb8b679749f9c8d1868cceff14?s=96&d=initials&r=g&initials=yg","url":"https:\/\/secure.gravatar.com\/avatar\/5972001801e8de5692a3e31224e85769f50a55fb8b679749f9c8d1868cceff14?s=96&d=initials&r=g&initials=yg","contentUrl":"https:\/\/secure.gravatar.com\/avatar\/5972001801e8de5692a3e31224e85769f50a55fb8b679749f9c8d1868cceff14?s=96&d=initials&r=g&initials=yg","caption":"Yann Gourvennec"},"description":"Yann Gourvennec created visionarymarketing.com in 1996. He is a speaker and author of many books. In 2014 he went from intrapreneur to entrepreneur, when he created his digital marketing agency. Yann Gourvennec a cr\u00e9\u00e9 visionarymarketing.com en 1996. Il est conf\u00e9rencier et auteur de plusieurs livres. En 2014, il est pass\u00e9 d'intrapreneur \u00e0 entrepreneur en cr\u00e9ant son agence de marketing num\u00e9rique.","sameAs":["https:\/\/visionarymarketing.com","http:\/\/facebook.com\/ygourven","http:\/\/linkedin.com\/in\/ygourven","https:\/\/x.com\/ygourven","https:\/\/www.youtube.com\/c\/visionarymarketingagency"],"url":"https:\/\/visionarymarketing.com\/fr\/author\/yann-gourvennec\/"}]}},"_links":{"self":[{"href":"https:\/\/visionarymarketing.com\/fr\/wp-json\/wp\/v2\/posts\/5444","targetHints":{"allow":["GET"]}}],"collection":[{"href":"https:\/\/visionarymarketing.com\/fr\/wp-json\/wp\/v2\/posts"}],"about":[{"href":"https:\/\/visionarymarketing.com\/fr\/wp-json\/wp\/v2\/types\/post"}],"author":[{"embeddable":true,"href":"https:\/\/visionarymarketing.com\/fr\/wp-json\/wp\/v2\/users\/2"}],"replies":[{"embeddable":true,"href":"https:\/\/visionarymarketing.com\/fr\/wp-json\/wp\/v2\/comments?post=5444"}],"version-history":[{"count":0,"href":"https:\/\/visionarymarketing.com\/fr\/wp-json\/wp\/v2\/posts\/5444\/revisions"}],"wp:featuredmedia":[{"embeddable":true,"href":"https:\/\/visionarymarketing.com\/fr\/wp-json\/wp\/v2\/media\/28627"}],"wp:attachment":[{"href":"https:\/\/visionarymarketing.com\/fr\/wp-json\/wp\/v2\/media?parent=5444"}],"wp:term":[{"taxonomy":"category","embeddable":true,"href":"https:\/\/visionarymarketing.com\/fr\/wp-json\/wp\/v2\/categories?post=5444"},{"taxonomy":"post_tag","embeddable":true,"href":"https:\/\/visionarymarketing.com\/fr\/wp-json\/wp\/v2\/tags?post=5444"}],"curies":[{"name":"wp","href":"https:\/\/api.w.org\/{rel}","templated":true}]}}