{"id":54129,"date":"2020-06-29T08:30:55","date_gmt":"2020-06-29T06:30:55","guid":{"rendered":"https:\/\/visionarymarketing.com\/?p=54129"},"modified":"2020-08-24T06:30:37","modified_gmt":"2020-08-24T04:30:37","slug":"futur","status":"publish","type":"post","link":"https:\/\/visionarymarketing.com\/fr\/2020\/06\/29\/futur\/","title":{"rendered":"Dis, raconte-moi demain : un extra-terrestre nous invite \u00e0 inventer le futur"},"content":{"rendered":"<p><em>Laissez-moi vous parler d\u2019un livre sur le futur, un nouvel ouvrage sur ce th\u00e8me qui ne l\u2019est plus, mais un livre sur qui n\u2019est pas comme les autres. Il s\u2019agit plut\u00f4t d\u2019une sorte de fable des temps modernes, une vision du futur au travers des yeux d\u2019un extra-terrestre. Une sorte d\u2019Usbek et Rica du 21<sup>e<\/sup>\u00a0si\u00e8cle (ici j\u2019\u00e9voque l\u2019original de Montesquieu et non <\/em><a href=\"https:\/\/usbeketrica.com\/a-propos\"><em>le c\u00e9l\u00e8bre site Web d\u2019information critique que nous aimons bien<\/em><\/a><em>). <\/em><\/p>\n<h2>L\u2019innovation pour l\u2019innovation n\u2019est pas un but, il faut que le progr\u00e8s soit partag\u00e9<\/h2>\n<figure id=\"attachment_54131\" aria-describedby=\"caption-attachment-54131\" style=\"width: 1560px\" class=\"wp-caption aligncenter\"><img decoding=\"async\" class=\"wp-image-54131 size-full\" src=\"https:\/\/visionarymarketing.com\/wp-content\/uploads\/2020\/06\/20200305-dis-raconte-moi-demain-vignette-1.png\" alt=\"Dis, raconte moi demain nous invite \u00e0 inventer notre futur\" width=\"1560\" height=\"1020\" srcset=\"https:\/\/visionarymarketing.com\/wp-content\/uploads\/2020\/06\/20200305-dis-raconte-moi-demain-vignette-1.png 1560w, https:\/\/visionarymarketing.com\/wp-content\/uploads\/2020\/06\/20200305-dis-raconte-moi-demain-vignette-1-459x300.png 459w, https:\/\/visionarymarketing.com\/wp-content\/uploads\/2020\/06\/20200305-dis-raconte-moi-demain-vignette-1-1024x670.png 1024w, https:\/\/visionarymarketing.com\/wp-content\/uploads\/2020\/06\/20200305-dis-raconte-moi-demain-vignette-1-768x502.png 768w, https:\/\/visionarymarketing.com\/wp-content\/uploads\/2020\/06\/20200305-dis-raconte-moi-demain-vignette-1-1536x1004.png 1536w, https:\/\/visionarymarketing.com\/wp-content\/uploads\/2020\/06\/20200305-dis-raconte-moi-demain-vignette-1-765x500.png 765w\" sizes=\"(max-width: 1560px) 100vw, 1560px\" \/><figcaption id=\"caption-attachment-54131\" class=\"wp-caption-text\">Dis, raconte moi demain nous invite \u00e0 inventer notre futur<\/figcaption><\/figure>\n<p><em>Mais je pourrais tout aussi bien faire le parall\u00e8le avec le c\u00e9l\u00e8bre petit bonhomme de Saint Exup\u00e9ry, car les r\u00e9f\u00e9rences, \u00e0 commencer par l&rsquo;image de couverture, y sont nombreuses. \u00ab\u00a0Ce qui est paradoxal avec la p\u00e9riode qu&rsquo;on vient de conna\u00eetre des trois mois de confinement, c&rsquo;est que cela nous a permis de nous arr\u00eater et d&rsquo;une fa\u00e7on assez brutale\u00a0\u00bb, explique Guy Jacquemelle, co-auteur de <\/em>Dis, raconte-moi le futur\u00a0!<em> avec Sylvain Leroux. Cette p\u00e9riode est en effet propice \u00e0 la r\u00e9flexion, mais au lieu de nous apporter les r\u00e9ponses toutes faites d\u2019un \u00ab\u00a0monde d\u2019apr\u00e8s\u00a0\u00bb imaginaire sorti des cerveaux des toutologues\u00a0de BFMTV, les deux auteurs de Kawa nous forcent \u00e0 nous poser des questions, \u00e0 retrouver la notion du temps et \u00e0 prendre du recul. Car plus le monde va vite, plus il faut se h\u00e2ter lentement.<\/em><\/p>\n<h2>Dis, raconte-moi le futur\u00a0! C\u00e9leste, ce Petit Prince\u00a0de l\u2019innovation qui nous observe<\/h2>\n<p>Les livres comme celui-ci sont rares. Po\u00e9tique et all\u00e9gorique, peupl\u00e9 d\u2019animaux imaginaires, et tout \u00e0 la fois bien r\u00e9els, il est une occasion de \u00ab\u00a0faire un pas de c\u00f4t\u00e9\u00a0\u00bb pour reprendre les mots des auteurs, et de regarder notre monde autrement pour en imaginer le futur. Un futur que nous aurions choisi, solidaire et partag\u00e9, et non \u00e9go\u00efste (en leurs mots, \u00ab\u00a0selfiste\u00a0\u00bb), accapar\u00e9 par quelques-uns, \u00ab\u00a0toujours les m\u00eames\u00a0\u00bb, et porteur d\u2019espoir, au milieu d\u2019une \u00e9poque d\u00e9cid\u00e9ment bien noire. C\u2019est justement dans ces p\u00e9riodes sombres que nous avons besoin d\u2019id\u00e9alistes, pour retrouver l\u2019espoir et l\u2019\u00e9nergie d\u2019inventer, et aller vers un futur positif. J\u2019ai interview\u00e9 Guy et Sylvain, voici la fa\u00e7on dont ils d\u00e9crivent ce bel ouvrage.<\/p>\n<h3>Un regard neuf sur le vieux monde d\u2019aujourd\u2019hui<\/h3>\n<p>Comment faire pour regarder le monde d\u2019aujourd\u2019hui sans \u00eatre sentencieux ni donner de le\u00e7ons\u00a0? Le mieux est de faire appel \u00e0 un extra-terrestre qui regarde d\u2019un \u0153il neuf notre minuscule plan\u00e8te qui s\u2019agite dans tous les sens. Une sorte de Petit Prince de l\u2019innovation en quelque sorte.<\/p>\n<p><strong>\u00a0<\/strong><em>\u00ab\u00a0Comment r\u00e9sumer l&rsquo;\u00e9tonnement de C\u00e9leste, qui vient visiter notre plan\u00e8te\u00a0? Il vient d&rsquo;un petit ast\u00e9ro\u00efde tr\u00e8s diff\u00e9rent de notre lieu d\u2019habitation. Je dirais qu&rsquo;il vient dans une d\u00e9marche d&rsquo;ouverture et aussi de curiosit\u00e9 du fait de son propre objectif\u00a0\u00bb nous explique Guy \u00ab\u00a0car la vie est tr\u00e8s calme sur sa plan\u00e8te. Et ce qu&rsquo;il souhaite, c&rsquo;est trouver des id\u00e9es pour r\u00e9enchanter le regard de ses concitoyens. Il arrive donc sur terre avec un esprit tr\u00e8s ouvert\u00a0\u00bb.<\/em><\/p>\n<p><em><img decoding=\"async\" class=\"aligncenter size-full wp-image-54132\" src=\"https:\/\/visionarymarketing.com\/wp-content\/uploads\/2020\/06\/20200305-dis-raconte-moi-demain-couv-1-copy.png\" alt=\"\" width=\"1845\" height=\"1241\" srcset=\"https:\/\/visionarymarketing.com\/wp-content\/uploads\/2020\/06\/20200305-dis-raconte-moi-demain-couv-1-copy.png 1845w, https:\/\/visionarymarketing.com\/wp-content\/uploads\/2020\/06\/20200305-dis-raconte-moi-demain-couv-1-copy-446x300.png 446w, https:\/\/visionarymarketing.com\/wp-content\/uploads\/2020\/06\/20200305-dis-raconte-moi-demain-couv-1-copy-1024x689.png 1024w, https:\/\/visionarymarketing.com\/wp-content\/uploads\/2020\/06\/20200305-dis-raconte-moi-demain-couv-1-copy-768x517.png 768w, https:\/\/visionarymarketing.com\/wp-content\/uploads\/2020\/06\/20200305-dis-raconte-moi-demain-couv-1-copy-1536x1033.png 1536w\" sizes=\"(max-width: 1845px) 100vw, 1845px\" \/><\/em><\/p>\n<p>Pour cela, son guide est Pittacus, son vieil oncle, mais aussi le double d\u2019un vieux philosophe c\u00e9l\u00e8bre, le bon vieux <a href=\"https:\/\/fr.wikipedia.org\/wiki\/Pittacos_de_Mytil%C3%A8ne\">Pittacos (alias Pittacus) de Mytil\u00e8ne<\/a>, sage parmi les sages, qui guidera notre extra-terrestre au travers de sa qu\u00eate initiatique.<\/p>\n<p><em>\u00ab<strong>\u00a0<\/strong>Quel est le r\u00f4le de Pittacus dans le livre\u00a0? C&rsquo;est l&rsquo;oncle de C\u00e9leste. C&rsquo;est un sage, celui qui guide C\u00e9leste tout au long de sa vie. Et c&rsquo;est gr\u00e2ce \u00e0 lui qu\u2019il va d\u00e9couvrir une nouvelle plan\u00e8te pour aller aider ses semblables. Il a ce c\u00f4t\u00e9 raisonn\u00e9 et accompagnateur de C\u00e9leste pour lui permettre de sortir sa plan\u00e8te de la torpeur\u00a0\u00bb. <\/em><\/p>\n<p>Pour nous aussi, torpeur est le mot juste. Notamment en cette fin de confinement. On pourrait m\u00eame parler de sid\u00e9ration. Et la tentation de se tourner vers un futur sans cesse plus manipulateur et, l\u2019expression est souvent entendue, orwellien, \u00e0 base de technologie, est grande. Mais le monde, et notamment celui de l\u2019innovation, peut \u00eatre vu de plusieurs mani\u00e8res, c\u2019est ce que nous expliquent les deux auteurs de Kawa.<\/p>\n<p><em>\u00ab\u00a0De quelle mani\u00e8re faut-il voir notre monde\u00a0? Dans ses aspects n\u00e9gatifs ou positifs\u00a0? Avec Guy, dans ce livre, nous n&rsquo;avons pas voulu porter de jugement particulier\u00a0\u00bb d\u00e9taille Sylvain. \u00ab\u00a0Nous y avons \u00e9tabli des constats. Et regard\u00e9 comment \u00e9tait la soci\u00e9t\u00e9 actuellement, d&rsquo;o\u00f9 l&rsquo;on venait. Il nous est arriv\u00e9 de prendre de temps en temps position sur des choses comme l&rsquo;environnement. Mais l&rsquo;id\u00e9e \u00e9tait surtout d&rsquo;arriver \u00e0 des constats qui permettent aux lecteurs de se questionner et de leur permettre d&rsquo;imaginer leur propre futur\u00a0\u00bb.<\/em><\/p>\n<p><iframe title=\"Dis, raconte-moi demain ! - Guy Jacquemelle et Sylvain Leroux - Kawa Editions\" width=\"500\" height=\"281\" src=\"https:\/\/www.youtube.com\/embed\/tF3CDYVtA_w?start=90&#038;feature=oembed\" frameborder=\"0\" allow=\"accelerometer; autoplay; clipboard-write; encrypted-media; gyroscope; picture-in-picture; web-share\" referrerpolicy=\"strict-origin-when-cross-origin\" allowfullscreen><\/iframe><\/p>\n<p>Car tel est le but d\u2019un livre initiatique. \u00c0 la mani\u00e8re des grands mod\u00e8les que j\u2019ai cit\u00e9s plus haut, il s\u2019agit plus de forcer le lecteur \u00e0 se poser des questions, que de lui apporter des r\u00e9ponses. Le sortir de ses certitudes, de ses pr\u00e9jug\u00e9s, et Dieu sait qu\u2019il y en a en ce d\u00e9but de si\u00e8cle aux allures de fin. Et surtout, reprendre la mesure du temps, arr\u00eater l\u2019horloge et r\u00e9fl\u00e9chir.<\/p>\n<p><em>\u00ab\u00a0En fin de compte, il faut retrouver un peu de raison et de lenteur\u00a0\u00bb, explique Guy. \u00ab\u00a0Parce que plus on court, moins on a de temps. On est toujours surbook\u00e9, en retard et le progr\u00e8s ne permet plus de gagner de temps. Ce qui est paradoxal avec la p\u00e9riode qu&rsquo;on vient de conna\u00eetre les trois mois de confinement, c&rsquo;est que cela nous a permis de nous arr\u00eater et d&rsquo;une fa\u00e7on assez brutale. Mais c&rsquo;est aussi une chance qui nous est donn\u00e9e pour r\u00e9fl\u00e9chir. Aujourd&rsquo;hui, la question, c&rsquo;est \u00ab\u00a0Allons-nous red\u00e9marrer bille en t\u00eate comme si rien ne s&rsquo;\u00e9tait pass\u00e9\u00a0? Ou au contraire, allons-nous red\u00e9marrer avec des objectifs de d\u00e9veloppement plus vertueux et solidaires\u00a0?\u00a0\u00bb <\/em><\/p>\n<p><em>\u00a0<\/em>Une question qui se pose \u00e0 nous dans ce fameux \u00ab\u00a0monde d\u2019apr\u00e8s\u00a0\u00bb qui n\u2019existe probablement pas, et le constat que font nos deux po\u00e8tes du digital n\u2019est malheureusement pas tr\u00e8s positif.<\/p>\n<p><em>\u00ab\u00a0Dans ce livre nous d\u00e9crivons soci\u00e9t\u00e9 toujours un peu plus folle. Nous avons fait le travail d&rsquo;aller voir ce qui s&rsquo;est pass\u00e9 au fil des si\u00e8cles et tout s&rsquo;acc\u00e9l\u00e8re, notamment depuis la Seconde Guerre mondiale. La terre a perdu la raison\u00a0\u00bb explique Sylvain. Mais en attendant, \u00ab\u00a0elle a encore de belles histoires \u00e0 raconter et on se rend compte \u00e0 chaque fois que c&rsquo;est l&rsquo;humain qui est l\u00e0 pour fa\u00e7onner, d\u00e9cider de notre futur\u00a0\u00bb.<\/em><\/p>\n<p>En attendant\u2026 la formule est lourde de sous-entendus, nul besoin de d\u00e9crire ce qui nous attend, et pourtant, qui a vraiment envie de regarder ce futur-l\u00e0 en face\u00a0? Mais la derni\u00e8re phrase de Sylvain nous redonne un peu d\u2019espoir. Sauf que la \u00ab\u00a0tribu\u00a0\u00bb pour reprendre les termes du livre, c\u00e8de facilement aux \u00ab\u00a0pressions normatives\u00a0\u00bb.<\/p>\n<p><em>\u00ab\u00a0On voit que la tribu a \u00e9norm\u00e9ment \u00e9volu\u00e9 ces derni\u00e8res ann\u00e9es. Les m\u00e9dias sociaux ont fa\u00e7onn\u00e9 nos mentalit\u00e9s, ils les ont calibr\u00e9es. On en parle dans le chapitre avec le paon et le selfiste, justement, qui ne voit m\u00eame plus ses semblables ni ses amis. Il ne souhaite qu&rsquo;avoir le reflet de sa propre image. Et on s\u2019aper\u00e7oit alors que ces \u2018tribus\u2019 \u00e9voluent dans le temps. Avec toutes ces grandes compagnies qui nous mettent de superbes services \u00e0 disposition, petit \u00e0 petit, pour nous exposer au monde, nous donnons sans cesse davantage de nos donn\u00e9es personnelles. Donc, la question que nous posons, sous diff\u00e9rentes facettes, c&rsquo;est justement \u00ab\u00a0quelle est la juste mesure entre vie publique et vie priv\u00e9e\u00a0\u00bb et comment se rattacher au reste du monde\u00a0?\u00a0\u00bb<\/em><\/p>\n<p><em>\u00a0<\/em>Une question qui, sans doute,\u00a0trouve sa r\u00e9ponse en elle-m\u00eame, car si nous donnons nos informations, il ne faudra pas nous \u00e9tonner de les voir utilis\u00e9es. Mais tout n\u2019est pas perdu. Ouf\u00a0! Les r\u00e9seaux sociaux (ceux qui se constituent autour des \u00ab\u00a0tribus\u00a0\u00bb) sont aussi des lieux de collaboration et d\u2019entraide. L\u2019honneur des technologues est sauf, enfin presque.<\/p>\n<p><em>\u00ab\u00a0L&rsquo;entraide est une des cl\u00e9s pour la survie de notre esp\u00e8ce. Parce que nous sommes tous li\u00e9s \u00e0 cette m\u00eame plan\u00e8te. Et si certains s\u2019emparent des richesses au d\u00e9triment des g\u00e9n\u00e9rations futures, si les in\u00e9galit\u00e9s persistent, effectivement, cela ne cr\u00e9era que tensions et destructions. C\u2019est pourquoi il faut vraiment r\u00e9ussir \u00e0 trouver ce bien vivre ensemble\u00a0\u00bb. <\/em><\/p>\n<p><strong>\u00a0<\/strong><em>\u201cParmi toutes les rencontres que va faire C\u00e9leste, il y a des animaux tr\u00e8s \u00e9tonnants, et notamment un paon qui est un paon selfiste. Et celui-ci va passer son temps \u00e0 se prendre en photo. C&rsquo;est un v\u00e9ritable clin d&rsquo;\u0153il \u00e0 notre soci\u00e9t\u00e9 nombriliste. Mais heureusement, il rencontre un autre animal qui est un saint-bernard. Lui est tr\u00e8s g\u00e9n\u00e9reux et va m\u00eame lui sauver la vie. Dans ce livre, il est vrai, nous parlons \u00e0 la fois de ce c\u00f4t\u00e9 \u00e9go\u00efste et nombriliste, et aussi de ce c\u00f4t\u00e9 utopiste, g\u00e9n\u00e9reux et bienveillant. Notre objectif, avec Sylvain, est plut\u00f4t de nous diriger vers le deuxi\u00e8me de ces mod\u00e8les\u00a0\u00bb. <\/em><\/p>\n<p><em>\u00a0<\/em>J\u2019ai beaucoup aim\u00e9 ce paon selfiste, une all\u00e9gorie sur notre monde plus pr\u00e9occup\u00e9 de sa propre apparence que de l\u2019impression qu\u2019on fait sur les autres. Cela m\u2019a rappel\u00e9 une vieille chanson.<\/p>\n<p><i>There&rsquo;s people doing &lsquo;frightfully well&rsquo; there&rsquo;s others on the shelf<br \/>\nBut never mind the second kind this is the age of self<br \/>\nAnd it seems to me if we forget our roots and where we stand<br \/>\nThe movement will disintegrate like castles built on sand<\/i><\/p>\n<p><i>\u00a0<\/i><i>The Age of Self<\/i><\/p>\n<p><i>Robert Wyatt (1985)<\/i><\/p>\n<p>Comme quoi les racines du mal ne datent pas d\u2019hier. M\u00eame si l\u2019intention politique n\u2019\u00e9tait pas la m\u00eame, le diagnostic \u00e9tait bien pos\u00e9. Mais il n\u2019y a pas que des paons narcissiques dans ce livre, on y voit \u00e9galement des cam\u00e9l\u00e9ons qui courent apr\u00e8s des chim\u00e8res (quel bestiaire\u00a0!)<\/p>\n<p><em>\u00ab\u00a0Notre cam\u00e9l\u00e9on veut devenir un cam\u00e9l\u00e9on augment\u00e9\u00a0\u00bb, explique Sylvain. \u00ab\u00a0L&rsquo;esp\u00e9rance de vie a quasiment tripl\u00e9 en 250\u00a0ans. L&rsquo;homme est donc devenu un homme augment\u00e9, ce qui pose beaucoup de questions sur ce qui va se passer si on d\u00e9cide de vivre jusqu&rsquo;\u00e0 200\u00a0ans\u00a0! Quelle est l&rsquo;\u00e9thique derri\u00e8re cela\u00a0? Qu&rsquo;est-ce qui fait qu&rsquo;on est fondamentalement un homme ou pas\u00a0? Si on est capable de vivre jusqu&rsquo;\u00e0 1000\u00a0ans, est-ce qu&rsquo;on est encore r\u00e9ellement un humain ins\u00e9r\u00e9 dans la civilisation qu&rsquo;on conna\u00eet actuellement\u00a0? Et puis cela va aussi poser beaucoup de questions vis-\u00e0-vis du pouvoir que nous allons conf\u00e9rer \u00e0 toutes ces grosses compagnies qui font des biotechnologies ou d\u2019autres comme Google, qui se lancent aussi dans le domaine de la sant\u00e9, et quel va \u00eatre le pouvoir des gouvernements\u00a0?\u00a0\u00bb<\/em><\/p>\n<p>Une question qui n\u2019est pas innocente quand on sait que <a href=\"https:\/\/www.zdnet.com\/article\/google-hires-kurzweil-a-look-at-the-returns\/\">Google a embauch\u00e9 Ray Kurzweil en 2012<\/a>. Pour y d\u00e9velopper l\u2019intelligence artificielle, le grand mot est l\u00e2ch\u00e9. Et ce mot fait peur, au point de tout m\u00e9langer, les robots, le machine learning, la singularit\u00e9 (ch\u00e8re \u00e0 Kurzweil et illusoire pour Ganascia). Les robots, parlons-en\u00a0:<\/p>\n<p><em>\u00ab\u00a0Il y a toujours un gros fantasme autour des robots, qui peuvent faire peur. Ce qu&rsquo;on veut, c&rsquo;est que les robots soient vraiment l\u00e0 pour nous aider dans notre quotidien. Et si on les construit, il faut les int\u00e9grer dans la soci\u00e9t\u00e9. Cela va permettre aux gens de r\u00e9duire la p\u00e9nibilit\u00e9 d&rsquo;un grand nombre de travaux du quotidien. Notre vision est celle de robots assistants. Mais on pourrait aussi imaginer que nous irions dans un monde, \u00e0 l&rsquo;oppos\u00e9, de robots qui prennent le travail de tout le monde et de robots qui font peur, \u00e0 la Terminator. Il est certain que ce n&rsquo;est pas dans ce type de soci\u00e9t\u00e9 que nous avons envie d\u2019\u00e9voluer\u00a0\u00bb, conclut Sylvain Leroux.<\/em><\/p>\n<h3>Un futur \u00e0 choisir ensemble<\/h3>\n<p>C\u2019est cela le message derri\u00e8re ce livre, ses animaux et ses plan\u00e8tes. Guy l\u2019explique fort bien.<\/p>\n<p><em>\u00ab\u00a0La visite de cet \u0153il neuf incarn\u00e9 par C\u00e9leste permet de poser un regard d\u00e9cal\u00e9 sur notre soci\u00e9t\u00e9. C&rsquo;est un regard neuf et curieux. Et en fait, c&rsquo;est aussi une incitation pour tous ceux qui vont lire ce livre, \u00e0 faire un pas de c\u00f4t\u00e9, \u00e0 r\u00e9fl\u00e9chir au futur qu&rsquo;ils souhaitent. Et le futur n&rsquo;est pas impos\u00e9. Ce sera le futur que nous choisirons tous ensemble\u00a0\u00bb. <\/em><\/p>\n<p>Car c\u2019est \u00e0 nous d\u2019opter pour un futur solidaire et bienveillant, ou anxiog\u00e8ne et liberticide. Ce n\u2019est pas en nous cachant derri\u00e8re une puissance sup\u00e9rieure, pas si puissante que cela d\u2019ailleurs, que nous redonnerons \u00e0 ce futur son c\u00f4t\u00e9 enchanteur et positif. C\u2019est en faisant les bons choix. Il ne sert \u00e0 rien de pleurer pour qu\u2019on vienne nous d\u00e9livrer des griffes d\u2019acteurs qu\u2019on juge, en maugr\u00e9ant, peu \u00e9thiques et mena\u00e7ants. C\u2019est en cessant de les utiliser et en votant avec nos mains et nos souris. Un autre futur est possible, \u00e0 nous de l\u2019inventer. Si possible ensemble. Comme dans cette jolie fable narr\u00e9e par Guy dans l\u2019interview.<\/p>\n<p><em>\u00ab\u00a0C&rsquo;est l&rsquo;histoire d&rsquo;un anthropologue qui d\u00e9cide de cacher un panier avec des fruits. Et il invite tous les enfants d&rsquo;une tribu africaine \u00e0 chercher ce panier. Et il leur dit \u00ab\u00a0Le premier qui trouvera le panier pourra manger tous les fruits\u00a0\u00bb. Et l\u00e0, il est tr\u00e8s surpris. Parce qu&rsquo;en fait, tous les enfants se donnent la main et cherchent le panier ensemble. Et une fois qu&rsquo;ils ont trouv\u00e9 le panier, ils mangent tous les fruits qu&rsquo;ils se partagent. Alors, l&rsquo;anthropologue est tr\u00e8s surpris. Il leur dit \u00ab\u00a0Mais pourquoi n&rsquo;y en a-t-il pas un qui est parti pour essayer de trouver le panier tout seul\u00a0?\u00a0\u00bb Les enfants lui r\u00e9pondent \u00ab\u00a0S&rsquo;il y en avait un qui avait retrouv\u00e9 tous les fruits et qu&rsquo;il les avait mang\u00e9s, tous les autres seraient tristes, alors que l\u00e0, nous avons r\u00e9ussi \u00e0 donner du bonheur \u00e0 tout le monde\u00a0\u00bb. Le progr\u00e8s, on le voit dans tous les domaines, que ce soit dans l&rsquo;\u00e9ducation, dans la sant\u00e9, dans diff\u00e9rents sujets, permet de sauver des vies, permet de vivre mieux et de vivre plus longtemps. Mais il faut effectivement que ce progr\u00e8s soit partag\u00e9, soit utile \u00e0 tous et non pas simplement une innovation pour l&rsquo;innovation qui ne b\u00e9n\u00e9ficie qu&rsquo;\u00e0 quelques-uns et qui enrichisse quelques entreprises, toujours les m\u00eames\u00a0\u00bb.<\/em><\/p>\n<p>Le mot de la fin revient \u00e0 Sylvain, qui conclut de fort belle mani\u00e8re sur ce qu\u2019il faut retenir de cet ouvrage.<\/p>\n<p><em>\u00ab\u00a0S&rsquo;il n&rsquo;y avait qu&rsquo;une chose \u00e0 retenir de ce livre, c&rsquo;est juste ce qui fait de nous des \u00eatres humains. C&rsquo;est ce que vient chercher C\u00e9leste\u00a0: la diff\u00e9rence. Ce foisonnement. C\u2019est ce qu&rsquo;il faut retenir de ce livre\u00a0: faire attention aux autres, \u00e0 leurs diff\u00e9rences, et \u00e0 comment on va s&rsquo;enrichir humainement gr\u00e2ce \u00e0 eux\u00a0\u00bb. <\/em><\/p>\n<p><em>\u00a0<\/em>Un sujet d\u2019actualit\u00e9 s\u2019il en est. Comment conclure de plus belle mani\u00e8re\u00a0?<\/p>\n","protected":false},"excerpt":{"rendered":"<p>Laissez-moi vous parler d\u2019un livre sur le futur, un nouvel ouvrage sur ce th\u00e8me qui ne l\u2019est plus, mais un livre sur qui n\u2019est pas comme les autres. Il s\u2019agit plut\u00f4t d\u2019une sorte de fable des temps modernes, une vision du futur au travers des yeux d\u2019un extra-terrestre. Une sorte d\u2019Usbek et Rica du 21e\u00a0si\u00e8cle &hellip;<\/p>\n","protected":false},"author":2,"featured_media":54131,"comment_status":"open","ping_status":"open","sticky":false,"template":"","format":"standard","meta":{"footnotes":""},"categories":[248],"tags":[],"class_list":["post-54129","post","type-post","status-publish","format-standard","has-post-thumbnail","hentry","category-livres-marketing"],"yoast_head":"<!-- This site is optimized with the Yoast SEO plugin v27.4 - https:\/\/yoast.com\/product\/yoast-seo-wordpress\/ -->\n<title>Dis, raconte-moi demain : un extra-terrestre nous invite \u00e0 inventer le futur<\/title>\n<meta name=\"description\" content=\"Il s&#039;agit d\u2019un livre sur le futur, un nouvel ouvrage sur ce th\u00e8me qui ne l\u2019est plus, mais un livre sur qui n\u2019est pas comme les autres\" \/>\n<meta name=\"robots\" content=\"index, follow, max-snippet:-1, max-image-preview:large, max-video-preview:-1\" \/>\n<link rel=\"canonical\" href=\"https:\/\/visionarymarketing.com\/fr\/2020\/06\/29\/futur\/\" \/>\n<meta property=\"og:locale\" content=\"fr_FR\" \/>\n<meta property=\"og:type\" content=\"article\" \/>\n<meta property=\"og:title\" content=\"Dis, raconte-moi demain : un extra-terrestre nous invite \u00e0 inventer le futur\" \/>\n<meta property=\"og:description\" content=\"Il s&#039;agit d\u2019un livre sur le futur, un nouvel ouvrage sur ce th\u00e8me qui ne l\u2019est plus, mais un livre sur qui n\u2019est pas comme les autres\" \/>\n<meta property=\"og:url\" content=\"https:\/\/visionarymarketing.com\/fr\/2020\/06\/29\/futur\/\" \/>\n<meta property=\"og:site_name\" content=\"Marketing and Innovation\" \/>\n<meta property=\"article:publisher\" content=\"https:\/\/www.facebook.com\/vismktg\" \/>\n<meta property=\"article:author\" content=\"http:\/\/facebook.com\/ygourven\" \/>\n<meta property=\"article:published_time\" content=\"2020-06-29T06:30:55+00:00\" \/>\n<meta property=\"article:modified_time\" content=\"2020-08-24T04:30:37+00:00\" \/>\n<meta property=\"og:image\" content=\"https:\/\/visionarymarketing.com\/wp-content\/uploads\/2020\/06\/20200305-dis-raconte-moi-demain-vignette-1.png\" \/>\n\t<meta property=\"og:image:width\" content=\"1560\" \/>\n\t<meta property=\"og:image:height\" content=\"1020\" \/>\n\t<meta property=\"og:image:type\" content=\"image\/png\" \/>\n<meta name=\"author\" content=\"Yann Gourvennec\" \/>\n<meta name=\"twitter:card\" content=\"summary_large_image\" \/>\n<meta name=\"twitter:creator\" content=\"@ygourven\" \/>\n<meta name=\"twitter:site\" content=\"@ygourven\" \/>\n<meta name=\"twitter:label1\" content=\"\u00c9crit par\" \/>\n\t<meta name=\"twitter:data1\" content=\"Yann Gourvennec\" \/>\n\t<meta name=\"twitter:label2\" content=\"Dur\u00e9e de lecture estim\u00e9e\" \/>\n\t<meta name=\"twitter:data2\" content=\"13 minutes\" \/>\n<script type=\"application\/ld+json\" class=\"yoast-schema-graph\">{\"@context\":\"https:\\\/\\\/schema.org\",\"@graph\":[{\"@type\":\"NewsArticle\",\"@id\":\"https:\\\/\\\/visionarymarketing.com\\\/fr\\\/2020\\\/06\\\/29\\\/futur\\\/#article\",\"isPartOf\":{\"@id\":\"https:\\\/\\\/visionarymarketing.com\\\/fr\\\/2020\\\/06\\\/29\\\/futur\\\/\"},\"author\":{\"name\":\"Yann Gourvennec\",\"@id\":\"https:\\\/\\\/visionarymarketing.com\\\/fr\\\/#\\\/schema\\\/person\\\/3754fee1e558f47b8deb46f53c37423e\"},\"headline\":\"Dis, raconte-moi demain : un extra-terrestre nous invite \u00e0 inventer le futur\",\"datePublished\":\"2020-06-29T06:30:55+00:00\",\"dateModified\":\"2020-08-24T04:30:37+00:00\",\"mainEntityOfPage\":{\"@id\":\"https:\\\/\\\/visionarymarketing.com\\\/fr\\\/2020\\\/06\\\/29\\\/futur\\\/\"},\"wordCount\":2712,\"commentCount\":0,\"image\":{\"@id\":\"https:\\\/\\\/visionarymarketing.com\\\/fr\\\/2020\\\/06\\\/29\\\/futur\\\/#primaryimage\"},\"thumbnailUrl\":\"https:\\\/\\\/visionarymarketing.com\\\/wp-content\\\/uploads\\\/2020\\\/06\\\/20200305-dis-raconte-moi-demain-vignette-1.png\",\"articleSection\":[\"livres marketing\"],\"inLanguage\":\"fr-FR\",\"potentialAction\":[{\"@type\":\"CommentAction\",\"name\":\"Comment\",\"target\":[\"https:\\\/\\\/visionarymarketing.com\\\/fr\\\/2020\\\/06\\\/29\\\/futur\\\/#respond\"]}]},{\"@type\":\"WebPage\",\"@id\":\"https:\\\/\\\/visionarymarketing.com\\\/fr\\\/2020\\\/06\\\/29\\\/futur\\\/\",\"url\":\"https:\\\/\\\/visionarymarketing.com\\\/fr\\\/2020\\\/06\\\/29\\\/futur\\\/\",\"name\":\"Dis, raconte-moi demain : un extra-terrestre nous invite \u00e0 inventer le futur\",\"isPartOf\":{\"@id\":\"https:\\\/\\\/visionarymarketing.com\\\/fr\\\/#website\"},\"primaryImageOfPage\":{\"@id\":\"https:\\\/\\\/visionarymarketing.com\\\/fr\\\/2020\\\/06\\\/29\\\/futur\\\/#primaryimage\"},\"image\":{\"@id\":\"https:\\\/\\\/visionarymarketing.com\\\/fr\\\/2020\\\/06\\\/29\\\/futur\\\/#primaryimage\"},\"thumbnailUrl\":\"https:\\\/\\\/visionarymarketing.com\\\/wp-content\\\/uploads\\\/2020\\\/06\\\/20200305-dis-raconte-moi-demain-vignette-1.png\",\"datePublished\":\"2020-06-29T06:30:55+00:00\",\"dateModified\":\"2020-08-24T04:30:37+00:00\",\"author\":{\"@id\":\"https:\\\/\\\/visionarymarketing.com\\\/fr\\\/#\\\/schema\\\/person\\\/3754fee1e558f47b8deb46f53c37423e\"},\"description\":\"Il s'agit d\u2019un livre sur le futur, un nouvel ouvrage sur ce th\u00e8me qui ne l\u2019est plus, mais un livre sur qui n\u2019est pas comme les autres\",\"breadcrumb\":{\"@id\":\"https:\\\/\\\/visionarymarketing.com\\\/fr\\\/2020\\\/06\\\/29\\\/futur\\\/#breadcrumb\"},\"inLanguage\":\"fr-FR\",\"potentialAction\":[{\"@type\":\"ReadAction\",\"target\":[\"https:\\\/\\\/visionarymarketing.com\\\/fr\\\/2020\\\/06\\\/29\\\/futur\\\/\"]}]},{\"@type\":\"ImageObject\",\"inLanguage\":\"fr-FR\",\"@id\":\"https:\\\/\\\/visionarymarketing.com\\\/fr\\\/2020\\\/06\\\/29\\\/futur\\\/#primaryimage\",\"url\":\"https:\\\/\\\/visionarymarketing.com\\\/wp-content\\\/uploads\\\/2020\\\/06\\\/20200305-dis-raconte-moi-demain-vignette-1.png\",\"contentUrl\":\"https:\\\/\\\/visionarymarketing.com\\\/wp-content\\\/uploads\\\/2020\\\/06\\\/20200305-dis-raconte-moi-demain-vignette-1.png\",\"width\":1560,\"height\":1020},{\"@type\":\"BreadcrumbList\",\"@id\":\"https:\\\/\\\/visionarymarketing.com\\\/fr\\\/2020\\\/06\\\/29\\\/futur\\\/#breadcrumb\",\"itemListElement\":[{\"@type\":\"ListItem\",\"position\":1,\"name\":\"Home\",\"item\":\"https:\\\/\\\/visionarymarketing.com\\\/fr\\\/\"},{\"@type\":\"ListItem\",\"position\":2,\"name\":\"Dis, raconte-moi demain : un extra-terrestre nous invite \u00e0 inventer le futur\"}]},{\"@type\":\"WebSite\",\"@id\":\"https:\\\/\\\/visionarymarketing.com\\\/fr\\\/#website\",\"url\":\"https:\\\/\\\/visionarymarketing.com\\\/fr\\\/\",\"name\":\"Marketing and Innovation\",\"description\":\"Site d&#039;infos ind\u00e9pendant, depuis 1996\",\"potentialAction\":[{\"@type\":\"SearchAction\",\"target\":{\"@type\":\"EntryPoint\",\"urlTemplate\":\"https:\\\/\\\/visionarymarketing.com\\\/fr\\\/?s={search_term_string}\"},\"query-input\":{\"@type\":\"PropertyValueSpecification\",\"valueRequired\":true,\"valueName\":\"search_term_string\"}}],\"inLanguage\":\"fr-FR\"},{\"@type\":\"Person\",\"@id\":\"https:\\\/\\\/visionarymarketing.com\\\/fr\\\/#\\\/schema\\\/person\\\/3754fee1e558f47b8deb46f53c37423e\",\"name\":\"Yann Gourvennec\",\"image\":{\"@type\":\"ImageObject\",\"inLanguage\":\"fr-FR\",\"@id\":\"https:\\\/\\\/secure.gravatar.com\\\/avatar\\\/5972001801e8de5692a3e31224e85769f50a55fb8b679749f9c8d1868cceff14?s=96&d=initials&r=g&initials=yg\",\"url\":\"https:\\\/\\\/secure.gravatar.com\\\/avatar\\\/5972001801e8de5692a3e31224e85769f50a55fb8b679749f9c8d1868cceff14?s=96&d=initials&r=g&initials=yg\",\"contentUrl\":\"https:\\\/\\\/secure.gravatar.com\\\/avatar\\\/5972001801e8de5692a3e31224e85769f50a55fb8b679749f9c8d1868cceff14?s=96&d=initials&r=g&initials=yg\",\"caption\":\"Yann Gourvennec\"},\"description\":\"Yann Gourvennec created visionarymarketing.com in 1996. He is a speaker and author of many books. In 2014 he went from intrapreneur to entrepreneur, when he created his digital marketing agency. Yann Gourvennec a cr\u00e9\u00e9 visionarymarketing.com en 1996. Il est conf\u00e9rencier et auteur de plusieurs livres. En 2014, il est pass\u00e9 d'intrapreneur \u00e0 entrepreneur en cr\u00e9ant son agence de marketing num\u00e9rique.\",\"sameAs\":[\"https:\\\/\\\/visionarymarketing.com\",\"http:\\\/\\\/facebook.com\\\/ygourven\",\"http:\\\/\\\/linkedin.com\\\/in\\\/ygourven\",\"https:\\\/\\\/x.com\\\/ygourven\",\"https:\\\/\\\/www.youtube.com\\\/c\\\/visionarymarketingagency\"],\"url\":\"https:\\\/\\\/visionarymarketing.com\\\/fr\\\/author\\\/yann-gourvennec\\\/\"}]}<\/script>\n<!-- \/ Yoast SEO plugin. -->","yoast_head_json":{"title":"Dis, raconte-moi demain : un extra-terrestre nous invite \u00e0 inventer le futur","description":"Il s'agit d\u2019un livre sur le futur, un nouvel ouvrage sur ce th\u00e8me qui ne l\u2019est plus, mais un livre sur qui n\u2019est pas comme les autres","robots":{"index":"index","follow":"follow","max-snippet":"max-snippet:-1","max-image-preview":"max-image-preview:large","max-video-preview":"max-video-preview:-1"},"canonical":"https:\/\/visionarymarketing.com\/fr\/2020\/06\/29\/futur\/","og_locale":"fr_FR","og_type":"article","og_title":"Dis, raconte-moi demain : un extra-terrestre nous invite \u00e0 inventer le futur","og_description":"Il s'agit d\u2019un livre sur le futur, un nouvel ouvrage sur ce th\u00e8me qui ne l\u2019est plus, mais un livre sur qui n\u2019est pas comme les autres","og_url":"https:\/\/visionarymarketing.com\/fr\/2020\/06\/29\/futur\/","og_site_name":"Marketing and Innovation","article_publisher":"https:\/\/www.facebook.com\/vismktg","article_author":"http:\/\/facebook.com\/ygourven","article_published_time":"2020-06-29T06:30:55+00:00","article_modified_time":"2020-08-24T04:30:37+00:00","og_image":[{"width":1560,"height":1020,"url":"https:\/\/visionarymarketing.com\/wp-content\/uploads\/2020\/06\/20200305-dis-raconte-moi-demain-vignette-1.png","type":"image\/png"}],"author":"Yann Gourvennec","twitter_card":"summary_large_image","twitter_creator":"@ygourven","twitter_site":"@ygourven","twitter_misc":{"\u00c9crit par":"Yann Gourvennec","Dur\u00e9e de lecture estim\u00e9e":"13 minutes"},"schema":{"@context":"https:\/\/schema.org","@graph":[{"@type":"NewsArticle","@id":"https:\/\/visionarymarketing.com\/fr\/2020\/06\/29\/futur\/#article","isPartOf":{"@id":"https:\/\/visionarymarketing.com\/fr\/2020\/06\/29\/futur\/"},"author":{"name":"Yann Gourvennec","@id":"https:\/\/visionarymarketing.com\/fr\/#\/schema\/person\/3754fee1e558f47b8deb46f53c37423e"},"headline":"Dis, raconte-moi demain : un extra-terrestre nous invite \u00e0 inventer le futur","datePublished":"2020-06-29T06:30:55+00:00","dateModified":"2020-08-24T04:30:37+00:00","mainEntityOfPage":{"@id":"https:\/\/visionarymarketing.com\/fr\/2020\/06\/29\/futur\/"},"wordCount":2712,"commentCount":0,"image":{"@id":"https:\/\/visionarymarketing.com\/fr\/2020\/06\/29\/futur\/#primaryimage"},"thumbnailUrl":"https:\/\/visionarymarketing.com\/wp-content\/uploads\/2020\/06\/20200305-dis-raconte-moi-demain-vignette-1.png","articleSection":["livres marketing"],"inLanguage":"fr-FR","potentialAction":[{"@type":"CommentAction","name":"Comment","target":["https:\/\/visionarymarketing.com\/fr\/2020\/06\/29\/futur\/#respond"]}]},{"@type":"WebPage","@id":"https:\/\/visionarymarketing.com\/fr\/2020\/06\/29\/futur\/","url":"https:\/\/visionarymarketing.com\/fr\/2020\/06\/29\/futur\/","name":"Dis, raconte-moi demain : un extra-terrestre nous invite \u00e0 inventer le futur","isPartOf":{"@id":"https:\/\/visionarymarketing.com\/fr\/#website"},"primaryImageOfPage":{"@id":"https:\/\/visionarymarketing.com\/fr\/2020\/06\/29\/futur\/#primaryimage"},"image":{"@id":"https:\/\/visionarymarketing.com\/fr\/2020\/06\/29\/futur\/#primaryimage"},"thumbnailUrl":"https:\/\/visionarymarketing.com\/wp-content\/uploads\/2020\/06\/20200305-dis-raconte-moi-demain-vignette-1.png","datePublished":"2020-06-29T06:30:55+00:00","dateModified":"2020-08-24T04:30:37+00:00","author":{"@id":"https:\/\/visionarymarketing.com\/fr\/#\/schema\/person\/3754fee1e558f47b8deb46f53c37423e"},"description":"Il s'agit d\u2019un livre sur le futur, un nouvel ouvrage sur ce th\u00e8me qui ne l\u2019est plus, mais un livre sur qui n\u2019est pas comme les autres","breadcrumb":{"@id":"https:\/\/visionarymarketing.com\/fr\/2020\/06\/29\/futur\/#breadcrumb"},"inLanguage":"fr-FR","potentialAction":[{"@type":"ReadAction","target":["https:\/\/visionarymarketing.com\/fr\/2020\/06\/29\/futur\/"]}]},{"@type":"ImageObject","inLanguage":"fr-FR","@id":"https:\/\/visionarymarketing.com\/fr\/2020\/06\/29\/futur\/#primaryimage","url":"https:\/\/visionarymarketing.com\/wp-content\/uploads\/2020\/06\/20200305-dis-raconte-moi-demain-vignette-1.png","contentUrl":"https:\/\/visionarymarketing.com\/wp-content\/uploads\/2020\/06\/20200305-dis-raconte-moi-demain-vignette-1.png","width":1560,"height":1020},{"@type":"BreadcrumbList","@id":"https:\/\/visionarymarketing.com\/fr\/2020\/06\/29\/futur\/#breadcrumb","itemListElement":[{"@type":"ListItem","position":1,"name":"Home","item":"https:\/\/visionarymarketing.com\/fr\/"},{"@type":"ListItem","position":2,"name":"Dis, raconte-moi demain : un extra-terrestre nous invite \u00e0 inventer le futur"}]},{"@type":"WebSite","@id":"https:\/\/visionarymarketing.com\/fr\/#website","url":"https:\/\/visionarymarketing.com\/fr\/","name":"Marketing and Innovation","description":"Site d&#039;infos ind\u00e9pendant, depuis 1996","potentialAction":[{"@type":"SearchAction","target":{"@type":"EntryPoint","urlTemplate":"https:\/\/visionarymarketing.com\/fr\/?s={search_term_string}"},"query-input":{"@type":"PropertyValueSpecification","valueRequired":true,"valueName":"search_term_string"}}],"inLanguage":"fr-FR"},{"@type":"Person","@id":"https:\/\/visionarymarketing.com\/fr\/#\/schema\/person\/3754fee1e558f47b8deb46f53c37423e","name":"Yann Gourvennec","image":{"@type":"ImageObject","inLanguage":"fr-FR","@id":"https:\/\/secure.gravatar.com\/avatar\/5972001801e8de5692a3e31224e85769f50a55fb8b679749f9c8d1868cceff14?s=96&d=initials&r=g&initials=yg","url":"https:\/\/secure.gravatar.com\/avatar\/5972001801e8de5692a3e31224e85769f50a55fb8b679749f9c8d1868cceff14?s=96&d=initials&r=g&initials=yg","contentUrl":"https:\/\/secure.gravatar.com\/avatar\/5972001801e8de5692a3e31224e85769f50a55fb8b679749f9c8d1868cceff14?s=96&d=initials&r=g&initials=yg","caption":"Yann Gourvennec"},"description":"Yann Gourvennec created visionarymarketing.com in 1996. He is a speaker and author of many books. In 2014 he went from intrapreneur to entrepreneur, when he created his digital marketing agency. Yann Gourvennec a cr\u00e9\u00e9 visionarymarketing.com en 1996. Il est conf\u00e9rencier et auteur de plusieurs livres. En 2014, il est pass\u00e9 d'intrapreneur \u00e0 entrepreneur en cr\u00e9ant son agence de marketing num\u00e9rique.","sameAs":["https:\/\/visionarymarketing.com","http:\/\/facebook.com\/ygourven","http:\/\/linkedin.com\/in\/ygourven","https:\/\/x.com\/ygourven","https:\/\/www.youtube.com\/c\/visionarymarketingagency"],"url":"https:\/\/visionarymarketing.com\/fr\/author\/yann-gourvennec\/"}]}},"_links":{"self":[{"href":"https:\/\/visionarymarketing.com\/fr\/wp-json\/wp\/v2\/posts\/54129","targetHints":{"allow":["GET"]}}],"collection":[{"href":"https:\/\/visionarymarketing.com\/fr\/wp-json\/wp\/v2\/posts"}],"about":[{"href":"https:\/\/visionarymarketing.com\/fr\/wp-json\/wp\/v2\/types\/post"}],"author":[{"embeddable":true,"href":"https:\/\/visionarymarketing.com\/fr\/wp-json\/wp\/v2\/users\/2"}],"replies":[{"embeddable":true,"href":"https:\/\/visionarymarketing.com\/fr\/wp-json\/wp\/v2\/comments?post=54129"}],"version-history":[{"count":0,"href":"https:\/\/visionarymarketing.com\/fr\/wp-json\/wp\/v2\/posts\/54129\/revisions"}],"wp:featuredmedia":[{"embeddable":true,"href":"https:\/\/visionarymarketing.com\/fr\/wp-json\/wp\/v2\/media\/54131"}],"wp:attachment":[{"href":"https:\/\/visionarymarketing.com\/fr\/wp-json\/wp\/v2\/media?parent=54129"}],"wp:term":[{"taxonomy":"category","embeddable":true,"href":"https:\/\/visionarymarketing.com\/fr\/wp-json\/wp\/v2\/categories?post=54129"},{"taxonomy":"post_tag","embeddable":true,"href":"https:\/\/visionarymarketing.com\/fr\/wp-json\/wp\/v2\/tags?post=54129"}],"curies":[{"name":"wp","href":"https:\/\/api.w.org\/{rel}","templated":true}]}}