{"id":53940,"date":"2020-02-01T08:30:13","date_gmt":"2020-02-01T07:30:13","guid":{"rendered":"https:\/\/visionarymarketing.com\/?p=53940"},"modified":"2021-07-14T18:14:01","modified_gmt":"2021-07-14T16:14:01","slug":"poste-de-travail","status":"publish","type":"post","link":"https:\/\/visionarymarketing.com\/fr\/2020\/02\/01\/poste-de-travail\/","title":{"rendered":"L&rsquo;environnement de travail commence avec le poste de travail"},"content":{"rendered":"<h3>L&rsquo;environnement de travail commence avec le poste de travail<\/h3>\n<p>Votre environnement de travail est avant tout, de nos jours, compos\u00e9 d&rsquo;un \u00a0\u00bb <strong>poste de travail<\/strong> \u00ab\u00a0. Cela peut para\u00eetre \u00e9vident \u00e0 ceux qui n&rsquo;auraient jamais connu les p\u00e9riodes initiales de l&rsquo;informatisation des entreprises et pourtant. L&rsquo;ordinateur personnel est n\u00e9 en 1982 et avant cette date, pas de machine surpuissante sur les bureaux, pas de messageries automatis\u00e9es, pas d&rsquo;outils de collaboration.<\/p>\n<p><iframe title=\"IBM Software Commercial with Charlie Chaplin\" width=\"500\" height=\"375\" src=\"https:\/\/www.youtube.com\/embed\/1LR1Xvvch18?feature=oembed\" frameborder=\"0\" allow=\"accelerometer; autoplay; clipboard-write; encrypted-media; gyroscope; picture-in-picture; web-share\" referrerpolicy=\"strict-origin-when-cross-origin\" allowfullscreen><\/iframe><\/p>\n<p><i>La <\/i><a style=\"font-style: italic;\" href=\"https:\/\/www.youtube.com\/watch?v=1LR1Xvvch18&amp;feature=youtu.be\" target=\"_blank\" rel=\"noopener noreferrer\">publicit\u00e9 IBM des ann\u00e9es 1980 sur le PC AT avec Charlot<\/a><i>. le \u00ab\u00a0poste de travail\u00a0\u00bb \u00e0 mettre sur chaque bureau \u00e9tait n\u00e9 (le PC \/AT \u00e9tait d\u00e9j\u00e0 la <\/i><a style=\"font-style: italic;\" href=\"https:\/\/en.wikipedia.org\/wiki\/IBM_Personal_Computer\/AT\" target=\"_blank\" rel=\"noopener noreferrer\">deuxi\u00e8me g\u00e9n\u00e9ration<\/a><i>). Des innovations majeures sont \u00e0 l&rsquo;\u0153uvre de nos jours qui risquent de rel\u00e9guer cette vid\u00e9o \u2014 encore compr\u00e9hensible aujourd&rsquo;hui \u2014 au mus\u00e9e.<\/i><\/p>\n<p><!--more-->Si l&rsquo;on omet les privil\u00e9gi\u00e9s qui ont pu m\u00eame se saisir des technologies portables d\u00e8s le d\u00e9but des ann\u00e9es 90, les PC ne sont arriv\u00e9s sur les plans de travail que progressivement pour la grande masse des utilisateurs.<\/p>\n<p><img decoding=\"async\" class=\"alignright wp-image-16381 size-full\" src=\"https:\/\/visionarymarketing.com\/wp-content\/uploads\/2014\/11\/computer-large-new_thumb-150x150.gif\" alt=\"environnement de travail du futur\" width=\"150\" height=\"150\" \/>Depuis lors, le paysage des employ\u00e9s, cadres et m\u00eame des dirigeants \u00e0 radicalement chang\u00e9.<\/p>\n<h4>Une indication sur la perception du travail<\/h4>\n<p>\u00c0 tel point, que cette notion de \u00ab poste de travail \u00bb est, quand on y pense, une mani\u00e8re-m\u00eame de voir les m\u00e9tiers des professions dites intellectuelles d&rsquo;une mani\u00e8re compl\u00e8tement diff\u00e9rente.<\/p>\n<p>Un poste de travail, \u00e0 l&rsquo;origine, \u00e9tait destin\u00e9 \u00e0 un ouvrier. le cadre, quant \u00e0 lui, comme son nom l&rsquo;indique, \u00ab\u00a0encadrait\u00a0\u00bb et consacrait la plupart de son temps aux fonctions de management.<\/p>\n<p>&nbsp;<\/p>\n<h4>Les cadres sup\u00e9rieurs aussi ont \u00ab\u00a0un poste de travail\u00a0\u00bb<\/h4>\n<p>Les informaticiens et ma\u00eetres d&rsquo;ouvrages qui ont \u00e9t\u00e9 \u00e0 l&rsquo;origine de la mise en \u0153uvre du mail dans les entreprises au plus haut niveau de management connaissent bien cette charni\u00e8re, \u00e0 la fin des ann\u00e9es 80, o\u00f9 les cadres se sont mis \u00e0 utiliser leurs \u00ab postes de travail \u00bb. Une r\u00e9appropriation d&rsquo;un outil pr\u00e9alablement cantonn\u00e9 aux secr\u00e9taires et aux assistant\u00b7e\u00b7s.<\/p>\n<p><img decoding=\"async\" class=\"alignleft wp-image-35550 size-full\" src=\"https:\/\/visionarymarketing.com\/wp-content\/uploads\/2020\/01\/unnamed-e1580467991745.jpg\" alt=\"environnement de travail du futur\" width=\"125\" height=\"198\" \/>Ce poste de travail au fil du temps a \u00e9volu\u00e9, et on pourra se poser la question de savoir quel est notre rapport \u00e0 ce \u00ab\u00a0poste de travail\u00a0\u00bb (comme nous le signalons ci-dessus, le poste de travail est-il s&rsquo;est-il impos\u00e9 de mani\u00e8re subreptice et perverse aux professions dites intellectuelles de fa\u00e7on \u00e0 les remettre au niveau des professions interm\u00e9diaires et des ouvriers du \u00ab\u00a0<a href=\"https:\/\/www.scienceshumaines.com\/le-travail-en-miettes_fr_13023.html\" target=\"_blank\" rel=\"noopener noreferrer\">travail en miettes<\/a>\u00a0\u00bb des ann\u00e9es 50 ).<\/p>\n<p>Ici on se posera des questions \u00e0 la fois sur les investissements dans les postes de travail, mais aussi sur les logiciels qu&rsquo;on y installe, voire leur remplacement futur (et m\u00eame actuel pour partie) par des outils de mobilit\u00e9 plus puissants, plus modulaires, plus conviviaux, bref ! plus grand public\u2026 On pourra se poser \u00e9galement la question de savoir \u00e0 quoi ce poste de travail pourra ressembler demain ; un demain plus ou moins proche selon les questions et les circonstances.<\/p>\n<h3>La virtualisation du poste de travail : le poste de travail dans le nuage<\/h3>\n<p>Deuxi\u00e8me th\u00e8me, la virtualisation du poste de travail qui si elle n&rsquo;est pas nouvelle, est un sujet de plus en plus central, 10 ans apr\u00e8s la g\u00e9n\u00e9ralisation du cloud computing qui fait que l&rsquo;utilisation des ordinateurs et logiciels dans le nuage devient naturelle. La situation d&rsquo;aujoud&rsquo;hui s&rsquo;est compl\u00e8tement invers\u00e9e. C&rsquo;est le cloud qui devient la norm et non plus le poste de travail fixe.<\/p>\n<p>Cette virtualisation peut intervenir \u00e0 diff\u00e9rents niveaux mais il s&rsquo;agit \u00e9galement d&rsquo;un sujet qui, pour le poste de travail et son utilisateur, est \u00e9galement li\u00e9 \u00e0 des mouvements observ\u00e9s sur le grand public, telle la g\u00e9n\u00e9ralisation des terminaux Android et Chrome qui font que l&rsquo;on retrouve la technologie mobile derri\u00e8re \u00e0 peu pr\u00e8s tous les \u00e9crans possibles et imaginables. Les utilisateurs se sont habitu\u00e9s \u00e0 cela, l&rsquo;impact dans le monde du travail ne sera pas neutre.<\/p>\n<h3>Quelle est la place de la DSI dans l&rsquo;\u00e9volution de l&rsquo;environnement de travail de demain<\/h3>\n<p>La place de la DSI est \u00e9galement une question de choix pour ce dossier avec son avenir, mais \u00e9galement son changement radical de destination, de formation, de choix et d&rsquo;accompagnement pour l&rsquo;utilisateur final. il n&rsquo;est d&rsquo;endroit o\u00f9, quand on \u00e9voque la DSI, on ne voit les \u00e9paules des utilisateurs se hausser.<\/p>\n<p>Parfois, avec une bonne dose de mauvaise foi.<\/p>\n<figure id=\"attachment_35552\" aria-describedby=\"caption-attachment-35552\" style=\"width: 960px\" class=\"wp-caption aligncenter\"><img decoding=\"async\" class=\"wp-image-35552 size-full\" src=\"https:\/\/visionarymarketing.com\/wp-content\/uploads\/2020\/01\/O8VQ5Dm-e1580468112990.jpg\" alt=\"environnement de travail\" width=\"960\" height=\"828\" \/><figcaption id=\"caption-attachment-35552\" class=\"wp-caption-text\">La caricature de la relation entre IT et utilisateurs. Il est temps de changer les mentalit\u00e9s et d&rsquo;enterrer la hache de guerre<\/figcaption><\/figure>\n<h4>La DSI point focal des critiques des utilisateurs<\/h4>\n<p>Le DSI est donc le point central de toutes les critiques, celui vers qui tout le monde se tourne pour pouvoir moderniser l&rsquo;entreprise, en m\u00eame temps que tout les utilisateurs, sauf exception, nient l&rsquo;importance de son travail ou le minimisent.<\/p>\n<p>Quoi qu&rsquo;il en soit, ce r\u00f4le des DSI (existeront-elles encore demain ?) sera bien diff\u00e9rent de celui qui leur \u00e9tait d\u00e9volu il y a encore quelques ann\u00e9es. Cela est-il une bonne chose ? Les DSI pourront-ils survivre \u00e0 ces d\u00e9fis pos\u00e9s par le cloud computing, le BYOD et autres sujets connexes ?<\/p>\n<h4>Une interrogation sur la capacit\u00e9 des \u00e9quipes \u00e0 travailler ensemble<\/h4>\n<p>Il ne s&rsquo;agit pas d&rsquo;une question rh\u00e9torique, mais d&rsquo;une interrogation centrale car de la capacit\u00e9 des \u00e9quipes \u00e0 bien travailler ensemble, d\u00e9pend la productivit\u00e9 des entreprises de demain. Ce sujet est fondamental pour ce qui concerne l&rsquo;innovation. Nous pourrons en d\u00e9battre.<\/p>\n<h3>Les questions d&rsquo;organisation au c\u0153ur des sujets de l&rsquo;environnement de travail<\/h3>\n<p>Les <strong>questions d&rsquo;organisation<\/strong> ne seront pas en reste car l&rsquo;innovation a un impact ind\u00e9niable sur le fonctionnement du monde du travail. L&rsquo;innovation a-t-elle pour but notamment, c&rsquo;est une crainte r\u00e9pandue, de pousser les humains vers l&rsquo;ext\u00e9rieur ?<\/p>\n<h4>Les t\u00e2ches sup\u00e9rieures pour les humains ?<\/h4>\n<p>Quand on \u00e9vacue la question rapidement en pr\u00e9cisant que l&rsquo;humain va se pr\u00e9occuper des t\u00e2ches sup\u00e9rieures et laisser les processus r\u00e9p\u00e9titifs \u00e0 la \u00ab\u00a0machine\u00a0\u00bb, cela est-il raisonnable d&rsquo;un point de vue soci\u00e9tal et m\u00eame \u00a0\u00e9conomique ?<\/p>\n<p>Comment allons-nous g\u00e9rer les ressources et les faire monter en comp\u00e9tence ? Tout le monde va-t-il devenir un \u00ab analyste symbolique \u00bb comme disait Charles Handy \u00e0 la moiti\u00e9 des ann\u00e9es 90 ? ou cela constitue-t-il une utopie qui sera vite balay\u00e9e par la r\u00e9alit\u00e9 du terrain ?<\/p>\n<h4>Des luddites au 21e si\u00e8cle ?<\/h4>\n<p><img decoding=\"async\" class=\"alignright wp-image-35555 size-full\" src=\"https:\/\/visionarymarketing.com\/wp-content\/uploads\/2020\/01\/Luddite-e1580469143732.jpg\" alt=\"environnement de travail du futur\" width=\"150\" height=\"225\" \/>Verrons-nous de nouveau les \u00ab\u00a0Luddites\u00a0\u00bb (cf. <a href=\"https:\/\/fr.wikipedia.org\/wiki\/Luddisme\" target=\"_blank\" rel=\"noopener noreferrer\">John Ludd, personnage probablement fictif<\/a>, sur la droite) se dresser contre l&rsquo;intelligence artificielle et refuser l&rsquo;innovation jusqu&rsquo;\u00e0 bloquer l&rsquo;avanc\u00e9e des entreprises, et peut-\u00eatre du commerce international ?<\/p>\n<p>Questions cruciales auxquelles nous n&rsquo;avons pas de r\u00e9ponses simples \u00e0 offrir et qui n\u00e9cessiteront de la recherche approfondie.<\/p>\n<h3>Quel environnement de travail dans nos organisations du futur ?<\/h3>\n<p><strong>L&rsquo;avenir du travail<\/strong> est \u00e9galement au c\u0153ur des questions li\u00e9es aux innovations technologiques et \u00e0 leur mise en place. C&rsquo;est la technologie qui rend, par exemple, possible le t\u00e9l\u00e9travail, pour lequel la France compte \u00e0 peu pr\u00e8s la m\u00eame proportion que les travailleurs de l&rsquo;Europe.<\/p>\n<p>Cependant, le t\u00e9l\u00e9travail y reste informel dans 6 cas sur 10, ce que l&rsquo;on appelle le t\u00e9l\u00e9travail gris. Comment expliquer ce d\u00e9calage ? Faut-il le rattraper ou au contraire justifier une quelconque \u00ab exception culturelle \u00bb qui permettrait de justifier une mani\u00e8re diff\u00e9rente de travailler ici qu&rsquo;ailleurs ?<\/p>\n<p>Quels sont les innovations qui vont permettre de repousser les fronti\u00e8res du travail de demain ? Pourrons-nous envisager un jour de cesser les mouvements pendulaires pour travailler diff\u00e9remment et en diff\u00e9rents lieux ?<\/p>\n<p>Voici quelques-unes des questions que nous envisagerons au cours de ce <a href=\"https:\/\/visionarymarketing.com\/fr\/environnement-travail-futur\/\">dossier sur l&rsquo;environnement de travail du futur<\/a>, r\u00e9alis\u00e9 en partenariat avec <a href=\"https:\/\/selceon.com\/\" target=\"_blank\" rel=\"noopener noreferrer\">Selceon<\/a>.<\/p>\n<figure id=\"attachment_54676\" aria-describedby=\"caption-attachment-54676\" style=\"width: 650px\" class=\"wp-caption aligncenter\"><a href=\"https:\/\/visionarymarketing.com\/blog\/environnement-travail-futur\/\"><img decoding=\"async\" class=\"wp-image-54676 size-full\" src=\"https:\/\/visionarymarketing.com\/wp-content\/uploads\/2020\/09\/et-banniere-large.png\" alt=\"\" width=\"650\" height=\"174\" srcset=\"https:\/\/visionarymarketing.com\/wp-content\/uploads\/2020\/09\/et-banniere-large.png 650w, https:\/\/visionarymarketing.com\/wp-content\/uploads\/2020\/09\/et-banniere-large-500x134.png 500w\" sizes=\"(max-width: 650px) 100vw, 650px\" \/><\/a><figcaption id=\"caption-attachment-54676\" class=\"wp-caption-text\">Le dossier sur l\u2019<a href=\"https:\/\/visionarymarketing.com\/fr\/environnement-travail-futur\/\" target=\"_blank\" rel=\"noopener noreferrer\">environnement du travail de demain<\/a>\u00a0est r\u00e9alis\u00e9 avec\u00a0<a href=\"http:\/\/selceon.com\/\" target=\"_blank\" rel=\"noopener noreferrer\">Selceon<\/a><\/figcaption><\/figure>\n<p>&nbsp;<\/p>\n","protected":false},"excerpt":{"rendered":"<p>L&rsquo;environnement de travail commence avec le poste de travail Votre environnement de travail est avant tout, de nos jours, compos\u00e9 d&rsquo;un \u00a0\u00bb poste de travail \u00ab\u00a0. Cela peut para\u00eetre \u00e9vident \u00e0 ceux qui n&rsquo;auraient jamais connu les p\u00e9riodes initiales de l&rsquo;informatisation des entreprises et pourtant. L&rsquo;ordinateur personnel est n\u00e9 en 1982 et avant cette date, &hellip;<\/p>\n","protected":false},"author":2,"featured_media":53237,"comment_status":"open","ping_status":"open","sticky":false,"template":"","format":"standard","meta":{"footnotes":""},"categories":[4065],"tags":[],"class_list":["post-53940","post","type-post","status-publish","format-standard","has-post-thumbnail","hentry","category-it-du-futur-aujourdhui"],"yoast_head":"<!-- This site is optimized with the Yoast SEO plugin v27.4 - https:\/\/yoast.com\/product\/yoast-seo-wordpress\/ -->\n<title>L&#039;environnement de travail commence avec le poste de travail<\/title>\n<meta name=\"description\" content=\"L&#039;environnement de travail commence avec le poste de travail Votre environnement de travail est avant tout, de nos jours, compos\u00e9 d&#039;un &quot; poste de travail\" \/>\n<meta name=\"robots\" content=\"index, follow, max-snippet:-1, max-image-preview:large, max-video-preview:-1\" \/>\n<link rel=\"canonical\" href=\"https:\/\/visionarymarketing.com\/fr\/2020\/02\/01\/poste-de-travail\/\" \/>\n<meta property=\"og:locale\" content=\"fr_FR\" \/>\n<meta property=\"og:type\" content=\"article\" \/>\n<meta property=\"og:title\" content=\"L&#039;environnement de travail commence avec le poste de travail\" \/>\n<meta property=\"og:description\" content=\"L&#039;environnement de travail commence avec le poste de travail Votre environnement de travail est avant tout, de nos jours, compos\u00e9 d&#039;un &quot; poste de travail\" \/>\n<meta property=\"og:url\" content=\"https:\/\/visionarymarketing.com\/fr\/2020\/02\/01\/poste-de-travail\/\" \/>\n<meta property=\"og:site_name\" content=\"Marketing and Innovation\" \/>\n<meta property=\"article:publisher\" content=\"https:\/\/www.facebook.com\/vismktg\" \/>\n<meta property=\"article:author\" content=\"http:\/\/facebook.com\/ygourven\" \/>\n<meta property=\"article:published_time\" content=\"2020-02-01T07:30:13+00:00\" \/>\n<meta property=\"article:modified_time\" content=\"2021-07-14T16:14:01+00:00\" \/>\n<meta property=\"og:image\" content=\"https:\/\/visionarymarketing.com\/wp-content\/uploads\/2020\/05\/samsungdex_kv_pc-e1589810644190.jpg\" \/>\n\t<meta property=\"og:image:width\" content=\"604\" \/>\n\t<meta property=\"og:image:height\" content=\"340\" \/>\n\t<meta property=\"og:image:type\" content=\"image\/jpeg\" \/>\n<meta name=\"author\" content=\"Yann Gourvennec\" \/>\n<meta name=\"twitter:card\" content=\"summary_large_image\" \/>\n<meta name=\"twitter:creator\" content=\"@ygourven\" \/>\n<meta name=\"twitter:site\" content=\"@ygourven\" \/>\n<meta name=\"twitter:label1\" content=\"\u00c9crit par\" \/>\n\t<meta name=\"twitter:data1\" content=\"Yann Gourvennec\" \/>\n\t<meta name=\"twitter:label2\" content=\"Dur\u00e9e de lecture estim\u00e9e\" \/>\n\t<meta name=\"twitter:data2\" content=\"6 minutes\" \/>\n<script type=\"application\/ld+json\" class=\"yoast-schema-graph\">{\"@context\":\"https:\\\/\\\/schema.org\",\"@graph\":[{\"@type\":\"NewsArticle\",\"@id\":\"https:\\\/\\\/visionarymarketing.com\\\/fr\\\/2020\\\/02\\\/01\\\/poste-de-travail\\\/#article\",\"isPartOf\":{\"@id\":\"https:\\\/\\\/visionarymarketing.com\\\/fr\\\/2020\\\/02\\\/01\\\/poste-de-travail\\\/\"},\"author\":{\"name\":\"Yann Gourvennec\",\"@id\":\"https:\\\/\\\/visionarymarketing.com\\\/fr\\\/#\\\/schema\\\/person\\\/3754fee1e558f47b8deb46f53c37423e\"},\"headline\":\"L&rsquo;environnement de travail commence avec le poste de travail\",\"datePublished\":\"2020-02-01T07:30:13+00:00\",\"dateModified\":\"2021-07-14T16:14:01+00:00\",\"mainEntityOfPage\":{\"@id\":\"https:\\\/\\\/visionarymarketing.com\\\/fr\\\/2020\\\/02\\\/01\\\/poste-de-travail\\\/\"},\"wordCount\":1366,\"commentCount\":1,\"image\":{\"@id\":\"https:\\\/\\\/visionarymarketing.com\\\/fr\\\/2020\\\/02\\\/01\\\/poste-de-travail\\\/#primaryimage\"},\"thumbnailUrl\":\"https:\\\/\\\/visionarymarketing.com\\\/wp-content\\\/uploads\\\/2020\\\/05\\\/samsungdex_kv_pc-e1589810644190.jpg\",\"articleSection\":[\"IT du futur aujourd'hui\"],\"inLanguage\":\"fr-FR\",\"potentialAction\":[{\"@type\":\"CommentAction\",\"name\":\"Comment\",\"target\":[\"https:\\\/\\\/visionarymarketing.com\\\/fr\\\/2020\\\/02\\\/01\\\/poste-de-travail\\\/#respond\"]}]},{\"@type\":\"WebPage\",\"@id\":\"https:\\\/\\\/visionarymarketing.com\\\/fr\\\/2020\\\/02\\\/01\\\/poste-de-travail\\\/\",\"url\":\"https:\\\/\\\/visionarymarketing.com\\\/fr\\\/2020\\\/02\\\/01\\\/poste-de-travail\\\/\",\"name\":\"L'environnement de travail commence avec le poste de travail\",\"isPartOf\":{\"@id\":\"https:\\\/\\\/visionarymarketing.com\\\/fr\\\/#website\"},\"primaryImageOfPage\":{\"@id\":\"https:\\\/\\\/visionarymarketing.com\\\/fr\\\/2020\\\/02\\\/01\\\/poste-de-travail\\\/#primaryimage\"},\"image\":{\"@id\":\"https:\\\/\\\/visionarymarketing.com\\\/fr\\\/2020\\\/02\\\/01\\\/poste-de-travail\\\/#primaryimage\"},\"thumbnailUrl\":\"https:\\\/\\\/visionarymarketing.com\\\/wp-content\\\/uploads\\\/2020\\\/05\\\/samsungdex_kv_pc-e1589810644190.jpg\",\"datePublished\":\"2020-02-01T07:30:13+00:00\",\"dateModified\":\"2021-07-14T16:14:01+00:00\",\"author\":{\"@id\":\"https:\\\/\\\/visionarymarketing.com\\\/fr\\\/#\\\/schema\\\/person\\\/3754fee1e558f47b8deb46f53c37423e\"},\"description\":\"L'environnement de travail commence avec le poste de travail Votre environnement de travail est avant tout, de nos jours, compos\u00e9 d'un \\\" poste de travail\",\"breadcrumb\":{\"@id\":\"https:\\\/\\\/visionarymarketing.com\\\/fr\\\/2020\\\/02\\\/01\\\/poste-de-travail\\\/#breadcrumb\"},\"inLanguage\":\"fr-FR\",\"potentialAction\":[{\"@type\":\"ReadAction\",\"target\":[\"https:\\\/\\\/visionarymarketing.com\\\/fr\\\/2020\\\/02\\\/01\\\/poste-de-travail\\\/\"]}]},{\"@type\":\"ImageObject\",\"inLanguage\":\"fr-FR\",\"@id\":\"https:\\\/\\\/visionarymarketing.com\\\/fr\\\/2020\\\/02\\\/01\\\/poste-de-travail\\\/#primaryimage\",\"url\":\"https:\\\/\\\/visionarymarketing.com\\\/wp-content\\\/uploads\\\/2020\\\/05\\\/samsungdex_kv_pc-e1589810644190.jpg\",\"contentUrl\":\"https:\\\/\\\/visionarymarketing.com\\\/wp-content\\\/uploads\\\/2020\\\/05\\\/samsungdex_kv_pc-e1589810644190.jpg\",\"width\":604,\"height\":340},{\"@type\":\"BreadcrumbList\",\"@id\":\"https:\\\/\\\/visionarymarketing.com\\\/fr\\\/2020\\\/02\\\/01\\\/poste-de-travail\\\/#breadcrumb\",\"itemListElement\":[{\"@type\":\"ListItem\",\"position\":1,\"name\":\"Home\",\"item\":\"https:\\\/\\\/visionarymarketing.com\\\/fr\\\/\"},{\"@type\":\"ListItem\",\"position\":2,\"name\":\"L&rsquo;environnement de travail commence avec le poste de travail\"}]},{\"@type\":\"WebSite\",\"@id\":\"https:\\\/\\\/visionarymarketing.com\\\/fr\\\/#website\",\"url\":\"https:\\\/\\\/visionarymarketing.com\\\/fr\\\/\",\"name\":\"Marketing and Innovation\",\"description\":\"Site d&#039;infos ind\u00e9pendant, depuis 1996\",\"potentialAction\":[{\"@type\":\"SearchAction\",\"target\":{\"@type\":\"EntryPoint\",\"urlTemplate\":\"https:\\\/\\\/visionarymarketing.com\\\/fr\\\/?s={search_term_string}\"},\"query-input\":{\"@type\":\"PropertyValueSpecification\",\"valueRequired\":true,\"valueName\":\"search_term_string\"}}],\"inLanguage\":\"fr-FR\"},{\"@type\":\"Person\",\"@id\":\"https:\\\/\\\/visionarymarketing.com\\\/fr\\\/#\\\/schema\\\/person\\\/3754fee1e558f47b8deb46f53c37423e\",\"name\":\"Yann Gourvennec\",\"image\":{\"@type\":\"ImageObject\",\"inLanguage\":\"fr-FR\",\"@id\":\"https:\\\/\\\/secure.gravatar.com\\\/avatar\\\/5972001801e8de5692a3e31224e85769f50a55fb8b679749f9c8d1868cceff14?s=96&d=initials&r=g&initials=yg\",\"url\":\"https:\\\/\\\/secure.gravatar.com\\\/avatar\\\/5972001801e8de5692a3e31224e85769f50a55fb8b679749f9c8d1868cceff14?s=96&d=initials&r=g&initials=yg\",\"contentUrl\":\"https:\\\/\\\/secure.gravatar.com\\\/avatar\\\/5972001801e8de5692a3e31224e85769f50a55fb8b679749f9c8d1868cceff14?s=96&d=initials&r=g&initials=yg\",\"caption\":\"Yann Gourvennec\"},\"description\":\"Yann Gourvennec created visionarymarketing.com in 1996. He is a speaker and author of many books. In 2014 he went from intrapreneur to entrepreneur, when he created his digital marketing agency. Yann Gourvennec a cr\u00e9\u00e9 visionarymarketing.com en 1996. Il est conf\u00e9rencier et auteur de plusieurs livres. En 2014, il est pass\u00e9 d'intrapreneur \u00e0 entrepreneur en cr\u00e9ant son agence de marketing num\u00e9rique.\",\"sameAs\":[\"https:\\\/\\\/visionarymarketing.com\",\"http:\\\/\\\/facebook.com\\\/ygourven\",\"http:\\\/\\\/linkedin.com\\\/in\\\/ygourven\",\"https:\\\/\\\/x.com\\\/ygourven\",\"https:\\\/\\\/www.youtube.com\\\/c\\\/visionarymarketingagency\"],\"url\":\"https:\\\/\\\/visionarymarketing.com\\\/fr\\\/author\\\/yann-gourvennec\\\/\"}]}<\/script>\n<!-- \/ Yoast SEO plugin. -->","yoast_head_json":{"title":"L'environnement de travail commence avec le poste de travail","description":"L'environnement de travail commence avec le poste de travail Votre environnement de travail est avant tout, de nos jours, compos\u00e9 d'un \" poste de travail","robots":{"index":"index","follow":"follow","max-snippet":"max-snippet:-1","max-image-preview":"max-image-preview:large","max-video-preview":"max-video-preview:-1"},"canonical":"https:\/\/visionarymarketing.com\/fr\/2020\/02\/01\/poste-de-travail\/","og_locale":"fr_FR","og_type":"article","og_title":"L'environnement de travail commence avec le poste de travail","og_description":"L'environnement de travail commence avec le poste de travail Votre environnement de travail est avant tout, de nos jours, compos\u00e9 d'un \" poste de travail","og_url":"https:\/\/visionarymarketing.com\/fr\/2020\/02\/01\/poste-de-travail\/","og_site_name":"Marketing and Innovation","article_publisher":"https:\/\/www.facebook.com\/vismktg","article_author":"http:\/\/facebook.com\/ygourven","article_published_time":"2020-02-01T07:30:13+00:00","article_modified_time":"2021-07-14T16:14:01+00:00","og_image":[{"width":604,"height":340,"url":"https:\/\/visionarymarketing.com\/wp-content\/uploads\/2020\/05\/samsungdex_kv_pc-e1589810644190.jpg","type":"image\/jpeg"}],"author":"Yann Gourvennec","twitter_card":"summary_large_image","twitter_creator":"@ygourven","twitter_site":"@ygourven","twitter_misc":{"\u00c9crit par":"Yann Gourvennec","Dur\u00e9e de lecture estim\u00e9e":"6 minutes"},"schema":{"@context":"https:\/\/schema.org","@graph":[{"@type":"NewsArticle","@id":"https:\/\/visionarymarketing.com\/fr\/2020\/02\/01\/poste-de-travail\/#article","isPartOf":{"@id":"https:\/\/visionarymarketing.com\/fr\/2020\/02\/01\/poste-de-travail\/"},"author":{"name":"Yann Gourvennec","@id":"https:\/\/visionarymarketing.com\/fr\/#\/schema\/person\/3754fee1e558f47b8deb46f53c37423e"},"headline":"L&rsquo;environnement de travail commence avec le poste de travail","datePublished":"2020-02-01T07:30:13+00:00","dateModified":"2021-07-14T16:14:01+00:00","mainEntityOfPage":{"@id":"https:\/\/visionarymarketing.com\/fr\/2020\/02\/01\/poste-de-travail\/"},"wordCount":1366,"commentCount":1,"image":{"@id":"https:\/\/visionarymarketing.com\/fr\/2020\/02\/01\/poste-de-travail\/#primaryimage"},"thumbnailUrl":"https:\/\/visionarymarketing.com\/wp-content\/uploads\/2020\/05\/samsungdex_kv_pc-e1589810644190.jpg","articleSection":["IT du futur aujourd'hui"],"inLanguage":"fr-FR","potentialAction":[{"@type":"CommentAction","name":"Comment","target":["https:\/\/visionarymarketing.com\/fr\/2020\/02\/01\/poste-de-travail\/#respond"]}]},{"@type":"WebPage","@id":"https:\/\/visionarymarketing.com\/fr\/2020\/02\/01\/poste-de-travail\/","url":"https:\/\/visionarymarketing.com\/fr\/2020\/02\/01\/poste-de-travail\/","name":"L'environnement de travail commence avec le poste de travail","isPartOf":{"@id":"https:\/\/visionarymarketing.com\/fr\/#website"},"primaryImageOfPage":{"@id":"https:\/\/visionarymarketing.com\/fr\/2020\/02\/01\/poste-de-travail\/#primaryimage"},"image":{"@id":"https:\/\/visionarymarketing.com\/fr\/2020\/02\/01\/poste-de-travail\/#primaryimage"},"thumbnailUrl":"https:\/\/visionarymarketing.com\/wp-content\/uploads\/2020\/05\/samsungdex_kv_pc-e1589810644190.jpg","datePublished":"2020-02-01T07:30:13+00:00","dateModified":"2021-07-14T16:14:01+00:00","author":{"@id":"https:\/\/visionarymarketing.com\/fr\/#\/schema\/person\/3754fee1e558f47b8deb46f53c37423e"},"description":"L'environnement de travail commence avec le poste de travail Votre environnement de travail est avant tout, de nos jours, compos\u00e9 d'un \" poste de travail","breadcrumb":{"@id":"https:\/\/visionarymarketing.com\/fr\/2020\/02\/01\/poste-de-travail\/#breadcrumb"},"inLanguage":"fr-FR","potentialAction":[{"@type":"ReadAction","target":["https:\/\/visionarymarketing.com\/fr\/2020\/02\/01\/poste-de-travail\/"]}]},{"@type":"ImageObject","inLanguage":"fr-FR","@id":"https:\/\/visionarymarketing.com\/fr\/2020\/02\/01\/poste-de-travail\/#primaryimage","url":"https:\/\/visionarymarketing.com\/wp-content\/uploads\/2020\/05\/samsungdex_kv_pc-e1589810644190.jpg","contentUrl":"https:\/\/visionarymarketing.com\/wp-content\/uploads\/2020\/05\/samsungdex_kv_pc-e1589810644190.jpg","width":604,"height":340},{"@type":"BreadcrumbList","@id":"https:\/\/visionarymarketing.com\/fr\/2020\/02\/01\/poste-de-travail\/#breadcrumb","itemListElement":[{"@type":"ListItem","position":1,"name":"Home","item":"https:\/\/visionarymarketing.com\/fr\/"},{"@type":"ListItem","position":2,"name":"L&rsquo;environnement de travail commence avec le poste de travail"}]},{"@type":"WebSite","@id":"https:\/\/visionarymarketing.com\/fr\/#website","url":"https:\/\/visionarymarketing.com\/fr\/","name":"Marketing and Innovation","description":"Site d&#039;infos ind\u00e9pendant, depuis 1996","potentialAction":[{"@type":"SearchAction","target":{"@type":"EntryPoint","urlTemplate":"https:\/\/visionarymarketing.com\/fr\/?s={search_term_string}"},"query-input":{"@type":"PropertyValueSpecification","valueRequired":true,"valueName":"search_term_string"}}],"inLanguage":"fr-FR"},{"@type":"Person","@id":"https:\/\/visionarymarketing.com\/fr\/#\/schema\/person\/3754fee1e558f47b8deb46f53c37423e","name":"Yann Gourvennec","image":{"@type":"ImageObject","inLanguage":"fr-FR","@id":"https:\/\/secure.gravatar.com\/avatar\/5972001801e8de5692a3e31224e85769f50a55fb8b679749f9c8d1868cceff14?s=96&d=initials&r=g&initials=yg","url":"https:\/\/secure.gravatar.com\/avatar\/5972001801e8de5692a3e31224e85769f50a55fb8b679749f9c8d1868cceff14?s=96&d=initials&r=g&initials=yg","contentUrl":"https:\/\/secure.gravatar.com\/avatar\/5972001801e8de5692a3e31224e85769f50a55fb8b679749f9c8d1868cceff14?s=96&d=initials&r=g&initials=yg","caption":"Yann Gourvennec"},"description":"Yann Gourvennec created visionarymarketing.com in 1996. He is a speaker and author of many books. In 2014 he went from intrapreneur to entrepreneur, when he created his digital marketing agency. Yann Gourvennec a cr\u00e9\u00e9 visionarymarketing.com en 1996. Il est conf\u00e9rencier et auteur de plusieurs livres. En 2014, il est pass\u00e9 d'intrapreneur \u00e0 entrepreneur en cr\u00e9ant son agence de marketing num\u00e9rique.","sameAs":["https:\/\/visionarymarketing.com","http:\/\/facebook.com\/ygourven","http:\/\/linkedin.com\/in\/ygourven","https:\/\/x.com\/ygourven","https:\/\/www.youtube.com\/c\/visionarymarketingagency"],"url":"https:\/\/visionarymarketing.com\/fr\/author\/yann-gourvennec\/"}]}},"_links":{"self":[{"href":"https:\/\/visionarymarketing.com\/fr\/wp-json\/wp\/v2\/posts\/53940","targetHints":{"allow":["GET"]}}],"collection":[{"href":"https:\/\/visionarymarketing.com\/fr\/wp-json\/wp\/v2\/posts"}],"about":[{"href":"https:\/\/visionarymarketing.com\/fr\/wp-json\/wp\/v2\/types\/post"}],"author":[{"embeddable":true,"href":"https:\/\/visionarymarketing.com\/fr\/wp-json\/wp\/v2\/users\/2"}],"replies":[{"embeddable":true,"href":"https:\/\/visionarymarketing.com\/fr\/wp-json\/wp\/v2\/comments?post=53940"}],"version-history":[{"count":0,"href":"https:\/\/visionarymarketing.com\/fr\/wp-json\/wp\/v2\/posts\/53940\/revisions"}],"wp:featuredmedia":[{"embeddable":true,"href":"https:\/\/visionarymarketing.com\/fr\/wp-json\/wp\/v2\/media\/53237"}],"wp:attachment":[{"href":"https:\/\/visionarymarketing.com\/fr\/wp-json\/wp\/v2\/media?parent=53940"}],"wp:term":[{"taxonomy":"category","embeddable":true,"href":"https:\/\/visionarymarketing.com\/fr\/wp-json\/wp\/v2\/categories?post=53940"},{"taxonomy":"post_tag","embeddable":true,"href":"https:\/\/visionarymarketing.com\/fr\/wp-json\/wp\/v2\/tags?post=53940"}],"curies":[{"name":"wp","href":"https:\/\/api.w.org\/{rel}","templated":true}]}}