{"id":53761,"date":"2020-06-10T10:50:10","date_gmt":"2020-06-10T08:50:10","guid":{"rendered":"https:\/\/visionarymarketing.com\/?p=53761"},"modified":"2020-06-11T06:48:16","modified_gmt":"2020-06-11T04:48:16","slug":"webinaire-teletravail","status":"publish","type":"post","link":"https:\/\/visionarymarketing.com\/fr\/2020\/06\/10\/webinaire-teletravail\/","title":{"rendered":"Arguments pour ou contre le t\u00e9l\u00e9travail : vers un d\u00e9bat raisonn\u00e9"},"content":{"rendered":"<p>Le t\u00e9l\u00e9travail est \u00e0 la Une depuis les d\u00e9buts de la crise en mars. D&rsquo;abord pour le porter au <a href=\"https:\/\/visionarymarketing.com\/fr\/2020\/03\/teletravail-confinement\/\">pinacle<\/a>, puis pour le vilipender. Zevillage, avec qui nous organisons un Webinaire le 15 juin 2020 \u00e0 14h00 sur ce sujet, a d&rsquo;ailleurs publi\u00e9 un billet pour fustiger ceux qui accablaient le t\u00e9l\u00e9travail de tous les maux : rupture de sociabilit\u00e9, dangerosit\u00e9 psychologique, affaiblissement des contacts, mise en danger de la vie d&rsquo;autrui, il ne manque plus que la Peste Noire.<\/p>\n<figure id=\"attachment_53763\" aria-describedby=\"caption-attachment-53763\" style=\"width: 650px\" class=\"wp-caption aligncenter\"><img decoding=\"async\" class=\"wp-image-53763 size-full\" src=\"https:\/\/visionarymarketing.com\/wp-content\/uploads\/2020\/06\/webinaire-150620-1-e1591778040492.jpg\" alt=\"sauver le t\u00e9l\u00e9travail\" width=\"650\" height=\"325\" srcset=\"https:\/\/visionarymarketing.com\/wp-content\/uploads\/2020\/06\/webinaire-150620-1-e1591778040492.jpg 650w, https:\/\/visionarymarketing.com\/wp-content\/uploads\/2020\/06\/webinaire-150620-1-e1591778040492-500x250.jpg 500w\" sizes=\"(max-width: 650px) 100vw, 650px\" \/><figcaption id=\"caption-attachment-53763\" class=\"wp-caption-text\">Un webinaire sur le t\u00e9l\u00e9travail le 15 juin 2020 avec Xavier de Mazenod de Zevillage. Ce Webinaire sera interactif : nous vous ferons voter en ligne et prendrons vos questions.<\/figcaption><\/figure>\n<h2>Le confinement n&rsquo;est pas du t\u00e9l\u00e9travail<\/h2>\n<p>Ci-dessous un extrait du billet de Zevillage sur ce sujet<\/p>\n<p>\u00ab\u00a0Depuis quelques semaines, la presse et les r\u00e9seaux sociaux bruissent d\u2019une sorte de \u00ab\u00a0t\u00e9l\u00e9travail bashing\u00a0\u00bb. Normal, on adore br\u00fbler ce qu\u2019on a ador\u00e9. Mais derri\u00e8re cette n\u00e9gativit\u00e9, on assiste \u00e0 un retour des pr\u00e9jug\u00e9s sur le t\u00e9l\u00e9travail et \u00e0 une confusion entre confinement et t\u00e9l\u00e9travail plus ou moins volontaire. Que cache ce retour du monde d\u2019avant ?<!--more--><\/p>\n<p>On ne devrait pas avoir \u00e0 le pr\u00e9ciser mais le travail \u00e0 distance en confinement, du t\u00e9l\u00e9travail forc\u00e9 5 jours sur 5 \u00e0 domicile, parfois avec des enfants, <a href=\"https:\/\/zevillage.net\/future-of-work\/ceci-nest-pas-du-teletravail-mais-du-confinement\/\"><strong>n\u2019est pas le t\u00e9l\u00e9travail<\/strong><\/a>.<\/p>\n<p>Le t\u00e9l\u00e9travail \u00ab\u00a0normal\u00a0\u00bb s\u2019exerce, rappelons-le, sur la base du volontariat, entre 1 et 3 jours maximum par semaine, au domicile ou dans un tiers-lieu de l\u2019entreprise ou externe. Tr\u00e8s rarement \u00e0 temps plein.\u00a0\u00bb<\/p>\n<blockquote class=\"quote-light\"><p>Lire la suite sur le site de Zevillage.net : <a href=\"https:\/\/zevillage.net\/teletravail\/teletravail-bashing-ou-le-retour-en-force-du-monde-davant\/\" target=\"_blank\" rel=\"noopener noreferrer\">le t\u00e9l\u00e9travail bashing ou le retour du monde d&rsquo;avant<\/a><\/p><\/blockquote>\n<div class=\"g-group l-lg-mar-bot-6 l-md-mar-bot-4 \">\n<div class=\"g-cell g-cell-10-12 g-cell-md-1-1\">\n<div class=\"has-user-generated-content js-d-read-more read-more js-read-more read-more--medium-down read-more--expanded\" data-xd-wired=\"read-more\">\n<div class=\"js-xd-read-more-toggle-view read-more__toggle-view\">\n<div data-automation=\"listing-event-description\">\n<h3>Webinaire du 15\/06 \u00e0 14h00 : faut-il sauver le soldat t\u00e9l\u00e9travail ?<\/h3>\n<\/div>\n<div class=\"js-xd-read-more-contents text-body-medium\" data-automation=\"listing-event-description\"><strong>Apr\u00e8s des semaines d&rsquo;hyst\u00e9rie positive, le t\u00e9l\u00e9travail-bashing bat son plein. Que faut-il *vraiment* retenir de l&rsquo;impact du confinement ?<\/strong><\/div>\n<\/div>\n<\/div>\n<\/div>\n<\/div>\n<div class=\"g-group l-mar-bot-6 l-sm-mar-bot-4\">\n<div class=\"structured-content g-cell g-cell-10-12 g-cell-md-1-1\">\n<h2 class=\"text-body-large hide-small\"><em style=\"color: #424242; font-family: Lato, 'Helvetica Neue', helvetica, arial, sans-serif; font-size: 16px;\">Ev\u00e9nement interactif en ligne le 15 juin 2020 de 14:00 \u00e0 15:00<\/em><\/h2>\n<div class=\"has-user-generated-content\" data-automation=\"about-this-event-sc\">\n<div class=\"structured-content-rich-text structured-content__module l-align-left l-mar-vert-6 l-sm-mar-vert-4 text-body-medium\">\n<p>sur Zoom, Facebook LIVE et YouTube (en diff\u00e9r\u00e9)<\/p>\n<p>Depuis quelques semaines, la presse et les r\u00e9seaux sociaux bruissent d\u2019une sorte de \u00ab t\u00e9l\u00e9travail bashing \u00bb. Normal, on adore br\u00fbler ce qu\u2019on a ador\u00e9. Mais derri\u00e8re cette n\u00e9gativit\u00e9, on assiste \u00e0 un retour des pr\u00e9jug\u00e9s sur le t\u00e9l\u00e9travail et \u00e0 une confusion entre confinement et t\u00e9l\u00e9travail plus ou moins volontaire. Que cache ce retour du monde d\u2019avant ?<\/p>\n<ul>\n<li>Les critiques que l&rsquo;on lit et entend sur le t\u00e9l\u00e9travail sont-elles justifi\u00e9es ?<\/li>\n<li>La p\u00e9riode de confinement a vu le d\u00e9veloppement du t\u00e9l\u00e9travail obligatoire, mais est-ce la meme chose que le t\u00e9l\u00e9travail choisi ?<\/li>\n<li>N&rsquo;y-a-t-il pas un effet d&rsquo;exag\u00e9ration dans une vision du \u00ab\u00a0tout-t\u00e9l\u00e9travail\u00a0\u00bb ?<\/li>\n<li>Le futur sera-t-il vraiment diff\u00e9rent ?<\/li>\n<\/ul>\n<p>Anim\u00e9 par Xavier de Mazenod (Zevillage) et Yann Gourvennec (Visionary Marketing)<\/p>\n<p><a href=\"https:\/\/vismktg.info\/live1506\" target=\"_blank\" rel=\"noopener noreferrer\"><img decoding=\"async\" class=\"aligncenter wp-image-17796 size-full\" src=\"https:\/\/visionarymarketing.com\/wp-content\/uploads\/2015\/04\/tous-boutons.png\" alt=\"marketing RH\" width=\"450\" height=\"75\" srcset=\"https:\/\/visionarymarketing.com\/wp-content\/uploads\/2015\/04\/tous-boutons.png 450w, https:\/\/visionarymarketing.com\/wp-content\/uploads\/2015\/04\/tous-boutons-300x50.png 300w\" sizes=\"(max-width: 450px) 100vw, 450px\" \/><\/a><\/p>\n<p>NB : l&rsquo;\u00e9v\u00e9nement commencera \u00e0 14h00 pr\u00e9cises<\/p>\n<p>Inscrivez-vous vite !<\/p>\n<\/div>\n<\/div>\n<\/div>\n<\/div>\n","protected":false},"excerpt":{"rendered":"<p>Le t\u00e9l\u00e9travail est \u00e0 la Une depuis les d\u00e9buts de la crise en mars. D&rsquo;abord pour le porter au pinacle, puis pour le vilipender. Zevillage, avec qui nous organisons un Webinaire le 15 juin 2020 \u00e0 14h00 sur ce sujet, a d&rsquo;ailleurs publi\u00e9 un billet pour fustiger ceux qui accablaient le t\u00e9l\u00e9travail de tous les &hellip;<\/p>\n","protected":false},"author":2,"featured_media":53762,"comment_status":"open","ping_status":"open","sticky":false,"template":"","format":"standard","meta":{"footnotes":""},"categories":[10],"tags":[],"class_list":["post-53761","post","type-post","status-publish","format-standard","has-post-thumbnail","hentry","category-collaboration-et-teletravail"],"yoast_head":"<!-- This site is optimized with the Yoast SEO plugin v27.4 - https:\/\/yoast.com\/product\/yoast-seo-wordpress\/ -->\n<title>Arguments pour ou contre le t\u00e9l\u00e9travail : vers un d\u00e9bat raisonn\u00e9<\/title>\n<meta name=\"description\" content=\"Le t\u00e9l\u00e9travail est \u00e0 la Une avec la crise. Pour le porter au pinacle, puis le vilipender. Webinaire avec Zevillage le 15 juin 2020\" \/>\n<meta name=\"robots\" content=\"index, follow, max-snippet:-1, max-image-preview:large, max-video-preview:-1\" \/>\n<link rel=\"canonical\" href=\"https:\/\/visionarymarketing.com\/fr\/2020\/06\/10\/webinaire-teletravail\/\" \/>\n<meta property=\"og:locale\" content=\"fr_FR\" \/>\n<meta property=\"og:type\" content=\"article\" \/>\n<meta property=\"og:title\" content=\"Arguments pour ou contre le t\u00e9l\u00e9travail : vers un d\u00e9bat raisonn\u00e9\" \/>\n<meta property=\"og:description\" content=\"Le t\u00e9l\u00e9travail est \u00e0 la Une avec la crise. Pour le porter au pinacle, puis le vilipender. Webinaire avec Zevillage le 15 juin 2020\" \/>\n<meta property=\"og:url\" content=\"https:\/\/visionarymarketing.com\/fr\/2020\/06\/10\/webinaire-teletravail\/\" \/>\n<meta property=\"og:site_name\" content=\"Marketing and Innovation\" \/>\n<meta property=\"article:publisher\" content=\"https:\/\/www.facebook.com\/vismktg\" \/>\n<meta property=\"article:author\" content=\"http:\/\/facebook.com\/ygourven\" \/>\n<meta property=\"article:published_time\" content=\"2020-06-10T08:50:10+00:00\" \/>\n<meta property=\"article:modified_time\" content=\"2020-06-11T04:48:16+00:00\" \/>\n<meta property=\"og:image\" content=\"https:\/\/visionarymarketing.com\/wp-content\/uploads\/2020\/06\/webinaire-150620-e1591777970251.jpg\" \/>\n\t<meta property=\"og:image:width\" content=\"520\" \/>\n\t<meta property=\"og:image:height\" content=\"340\" \/>\n\t<meta property=\"og:image:type\" content=\"image\/jpeg\" \/>\n<meta name=\"author\" content=\"Yann Gourvennec\" \/>\n<meta name=\"twitter:card\" content=\"summary_large_image\" \/>\n<meta name=\"twitter:creator\" content=\"@ygourven\" \/>\n<meta name=\"twitter:site\" content=\"@ygourven\" \/>\n<meta name=\"twitter:label1\" content=\"\u00c9crit par\" \/>\n\t<meta name=\"twitter:data1\" content=\"Yann Gourvennec\" \/>\n\t<meta name=\"twitter:label2\" content=\"Dur\u00e9e de lecture estim\u00e9e\" \/>\n\t<meta name=\"twitter:data2\" content=\"2 minutes\" \/>\n<script type=\"application\/ld+json\" class=\"yoast-schema-graph\">{\"@context\":\"https:\\\/\\\/schema.org\",\"@graph\":[{\"@type\":\"NewsArticle\",\"@id\":\"https:\\\/\\\/visionarymarketing.com\\\/fr\\\/2020\\\/06\\\/10\\\/webinaire-teletravail\\\/#article\",\"isPartOf\":{\"@id\":\"https:\\\/\\\/visionarymarketing.com\\\/fr\\\/2020\\\/06\\\/10\\\/webinaire-teletravail\\\/\"},\"author\":{\"name\":\"Yann Gourvennec\",\"@id\":\"https:\\\/\\\/visionarymarketing.com\\\/fr\\\/#\\\/schema\\\/person\\\/3754fee1e558f47b8deb46f53c37423e\"},\"headline\":\"Arguments pour ou contre le t\u00e9l\u00e9travail : vers un d\u00e9bat raisonn\u00e9\",\"datePublished\":\"2020-06-10T08:50:10+00:00\",\"dateModified\":\"2020-06-11T04:48:16+00:00\",\"mainEntityOfPage\":{\"@id\":\"https:\\\/\\\/visionarymarketing.com\\\/fr\\\/2020\\\/06\\\/10\\\/webinaire-teletravail\\\/\"},\"wordCount\":513,\"commentCount\":0,\"image\":{\"@id\":\"https:\\\/\\\/visionarymarketing.com\\\/fr\\\/2020\\\/06\\\/10\\\/webinaire-teletravail\\\/#primaryimage\"},\"thumbnailUrl\":\"https:\\\/\\\/visionarymarketing.com\\\/wp-content\\\/uploads\\\/2020\\\/06\\\/webinaire-150620-e1591777970251.jpg\",\"articleSection\":[\"collaboration \\\/ t\u00e9l\u00e9travail\"],\"inLanguage\":\"fr-FR\",\"potentialAction\":[{\"@type\":\"CommentAction\",\"name\":\"Comment\",\"target\":[\"https:\\\/\\\/visionarymarketing.com\\\/fr\\\/2020\\\/06\\\/10\\\/webinaire-teletravail\\\/#respond\"]}]},{\"@type\":\"WebPage\",\"@id\":\"https:\\\/\\\/visionarymarketing.com\\\/fr\\\/2020\\\/06\\\/10\\\/webinaire-teletravail\\\/\",\"url\":\"https:\\\/\\\/visionarymarketing.com\\\/fr\\\/2020\\\/06\\\/10\\\/webinaire-teletravail\\\/\",\"name\":\"Arguments pour ou contre le t\u00e9l\u00e9travail : vers un d\u00e9bat raisonn\u00e9\",\"isPartOf\":{\"@id\":\"https:\\\/\\\/visionarymarketing.com\\\/fr\\\/#website\"},\"primaryImageOfPage\":{\"@id\":\"https:\\\/\\\/visionarymarketing.com\\\/fr\\\/2020\\\/06\\\/10\\\/webinaire-teletravail\\\/#primaryimage\"},\"image\":{\"@id\":\"https:\\\/\\\/visionarymarketing.com\\\/fr\\\/2020\\\/06\\\/10\\\/webinaire-teletravail\\\/#primaryimage\"},\"thumbnailUrl\":\"https:\\\/\\\/visionarymarketing.com\\\/wp-content\\\/uploads\\\/2020\\\/06\\\/webinaire-150620-e1591777970251.jpg\",\"datePublished\":\"2020-06-10T08:50:10+00:00\",\"dateModified\":\"2020-06-11T04:48:16+00:00\",\"author\":{\"@id\":\"https:\\\/\\\/visionarymarketing.com\\\/fr\\\/#\\\/schema\\\/person\\\/3754fee1e558f47b8deb46f53c37423e\"},\"description\":\"Le t\u00e9l\u00e9travail est \u00e0 la Une avec la crise. Pour le porter au pinacle, puis le vilipender. Webinaire avec Zevillage le 15 juin 2020\",\"breadcrumb\":{\"@id\":\"https:\\\/\\\/visionarymarketing.com\\\/fr\\\/2020\\\/06\\\/10\\\/webinaire-teletravail\\\/#breadcrumb\"},\"inLanguage\":\"fr-FR\",\"potentialAction\":[{\"@type\":\"ReadAction\",\"target\":[\"https:\\\/\\\/visionarymarketing.com\\\/fr\\\/2020\\\/06\\\/10\\\/webinaire-teletravail\\\/\"]}]},{\"@type\":\"ImageObject\",\"inLanguage\":\"fr-FR\",\"@id\":\"https:\\\/\\\/visionarymarketing.com\\\/fr\\\/2020\\\/06\\\/10\\\/webinaire-teletravail\\\/#primaryimage\",\"url\":\"https:\\\/\\\/visionarymarketing.com\\\/wp-content\\\/uploads\\\/2020\\\/06\\\/webinaire-150620-e1591777970251.jpg\",\"contentUrl\":\"https:\\\/\\\/visionarymarketing.com\\\/wp-content\\\/uploads\\\/2020\\\/06\\\/webinaire-150620-e1591777970251.jpg\",\"width\":520,\"height\":340},{\"@type\":\"BreadcrumbList\",\"@id\":\"https:\\\/\\\/visionarymarketing.com\\\/fr\\\/2020\\\/06\\\/10\\\/webinaire-teletravail\\\/#breadcrumb\",\"itemListElement\":[{\"@type\":\"ListItem\",\"position\":1,\"name\":\"Home\",\"item\":\"https:\\\/\\\/visionarymarketing.com\\\/fr\\\/\"},{\"@type\":\"ListItem\",\"position\":2,\"name\":\"Arguments pour ou contre le t\u00e9l\u00e9travail : vers un d\u00e9bat raisonn\u00e9\"}]},{\"@type\":\"WebSite\",\"@id\":\"https:\\\/\\\/visionarymarketing.com\\\/fr\\\/#website\",\"url\":\"https:\\\/\\\/visionarymarketing.com\\\/fr\\\/\",\"name\":\"Marketing and Innovation\",\"description\":\"Site d&#039;infos ind\u00e9pendant, depuis 1996\",\"potentialAction\":[{\"@type\":\"SearchAction\",\"target\":{\"@type\":\"EntryPoint\",\"urlTemplate\":\"https:\\\/\\\/visionarymarketing.com\\\/fr\\\/?s={search_term_string}\"},\"query-input\":{\"@type\":\"PropertyValueSpecification\",\"valueRequired\":true,\"valueName\":\"search_term_string\"}}],\"inLanguage\":\"fr-FR\"},{\"@type\":\"Person\",\"@id\":\"https:\\\/\\\/visionarymarketing.com\\\/fr\\\/#\\\/schema\\\/person\\\/3754fee1e558f47b8deb46f53c37423e\",\"name\":\"Yann Gourvennec\",\"image\":{\"@type\":\"ImageObject\",\"inLanguage\":\"fr-FR\",\"@id\":\"https:\\\/\\\/secure.gravatar.com\\\/avatar\\\/5972001801e8de5692a3e31224e85769f50a55fb8b679749f9c8d1868cceff14?s=96&d=initials&r=g&initials=yg\",\"url\":\"https:\\\/\\\/secure.gravatar.com\\\/avatar\\\/5972001801e8de5692a3e31224e85769f50a55fb8b679749f9c8d1868cceff14?s=96&d=initials&r=g&initials=yg\",\"contentUrl\":\"https:\\\/\\\/secure.gravatar.com\\\/avatar\\\/5972001801e8de5692a3e31224e85769f50a55fb8b679749f9c8d1868cceff14?s=96&d=initials&r=g&initials=yg\",\"caption\":\"Yann Gourvennec\"},\"description\":\"Yann Gourvennec created visionarymarketing.com in 1996. He is a speaker and author of many books. In 2014 he went from intrapreneur to entrepreneur, when he created his digital marketing agency. Yann Gourvennec a cr\u00e9\u00e9 visionarymarketing.com en 1996. Il est conf\u00e9rencier et auteur de plusieurs livres. En 2014, il est pass\u00e9 d'intrapreneur \u00e0 entrepreneur en cr\u00e9ant son agence de marketing num\u00e9rique.\",\"sameAs\":[\"https:\\\/\\\/visionarymarketing.com\",\"http:\\\/\\\/facebook.com\\\/ygourven\",\"http:\\\/\\\/linkedin.com\\\/in\\\/ygourven\",\"https:\\\/\\\/x.com\\\/ygourven\",\"https:\\\/\\\/www.youtube.com\\\/c\\\/visionarymarketingagency\"],\"url\":\"https:\\\/\\\/visionarymarketing.com\\\/fr\\\/author\\\/yann-gourvennec\\\/\"}]}<\/script>\n<!-- \/ Yoast SEO plugin. -->","yoast_head_json":{"title":"Arguments pour ou contre le t\u00e9l\u00e9travail : vers un d\u00e9bat raisonn\u00e9","description":"Le t\u00e9l\u00e9travail est \u00e0 la Une avec la crise. Pour le porter au pinacle, puis le vilipender. Webinaire avec Zevillage le 15 juin 2020","robots":{"index":"index","follow":"follow","max-snippet":"max-snippet:-1","max-image-preview":"max-image-preview:large","max-video-preview":"max-video-preview:-1"},"canonical":"https:\/\/visionarymarketing.com\/fr\/2020\/06\/10\/webinaire-teletravail\/","og_locale":"fr_FR","og_type":"article","og_title":"Arguments pour ou contre le t\u00e9l\u00e9travail : vers un d\u00e9bat raisonn\u00e9","og_description":"Le t\u00e9l\u00e9travail est \u00e0 la Une avec la crise. Pour le porter au pinacle, puis le vilipender. Webinaire avec Zevillage le 15 juin 2020","og_url":"https:\/\/visionarymarketing.com\/fr\/2020\/06\/10\/webinaire-teletravail\/","og_site_name":"Marketing and Innovation","article_publisher":"https:\/\/www.facebook.com\/vismktg","article_author":"http:\/\/facebook.com\/ygourven","article_published_time":"2020-06-10T08:50:10+00:00","article_modified_time":"2020-06-11T04:48:16+00:00","og_image":[{"width":520,"height":340,"url":"https:\/\/visionarymarketing.com\/wp-content\/uploads\/2020\/06\/webinaire-150620-e1591777970251.jpg","type":"image\/jpeg"}],"author":"Yann Gourvennec","twitter_card":"summary_large_image","twitter_creator":"@ygourven","twitter_site":"@ygourven","twitter_misc":{"\u00c9crit par":"Yann Gourvennec","Dur\u00e9e de lecture estim\u00e9e":"2 minutes"},"schema":{"@context":"https:\/\/schema.org","@graph":[{"@type":"NewsArticle","@id":"https:\/\/visionarymarketing.com\/fr\/2020\/06\/10\/webinaire-teletravail\/#article","isPartOf":{"@id":"https:\/\/visionarymarketing.com\/fr\/2020\/06\/10\/webinaire-teletravail\/"},"author":{"name":"Yann Gourvennec","@id":"https:\/\/visionarymarketing.com\/fr\/#\/schema\/person\/3754fee1e558f47b8deb46f53c37423e"},"headline":"Arguments pour ou contre le t\u00e9l\u00e9travail : vers un d\u00e9bat raisonn\u00e9","datePublished":"2020-06-10T08:50:10+00:00","dateModified":"2020-06-11T04:48:16+00:00","mainEntityOfPage":{"@id":"https:\/\/visionarymarketing.com\/fr\/2020\/06\/10\/webinaire-teletravail\/"},"wordCount":513,"commentCount":0,"image":{"@id":"https:\/\/visionarymarketing.com\/fr\/2020\/06\/10\/webinaire-teletravail\/#primaryimage"},"thumbnailUrl":"https:\/\/visionarymarketing.com\/wp-content\/uploads\/2020\/06\/webinaire-150620-e1591777970251.jpg","articleSection":["collaboration \/ t\u00e9l\u00e9travail"],"inLanguage":"fr-FR","potentialAction":[{"@type":"CommentAction","name":"Comment","target":["https:\/\/visionarymarketing.com\/fr\/2020\/06\/10\/webinaire-teletravail\/#respond"]}]},{"@type":"WebPage","@id":"https:\/\/visionarymarketing.com\/fr\/2020\/06\/10\/webinaire-teletravail\/","url":"https:\/\/visionarymarketing.com\/fr\/2020\/06\/10\/webinaire-teletravail\/","name":"Arguments pour ou contre le t\u00e9l\u00e9travail : vers un d\u00e9bat raisonn\u00e9","isPartOf":{"@id":"https:\/\/visionarymarketing.com\/fr\/#website"},"primaryImageOfPage":{"@id":"https:\/\/visionarymarketing.com\/fr\/2020\/06\/10\/webinaire-teletravail\/#primaryimage"},"image":{"@id":"https:\/\/visionarymarketing.com\/fr\/2020\/06\/10\/webinaire-teletravail\/#primaryimage"},"thumbnailUrl":"https:\/\/visionarymarketing.com\/wp-content\/uploads\/2020\/06\/webinaire-150620-e1591777970251.jpg","datePublished":"2020-06-10T08:50:10+00:00","dateModified":"2020-06-11T04:48:16+00:00","author":{"@id":"https:\/\/visionarymarketing.com\/fr\/#\/schema\/person\/3754fee1e558f47b8deb46f53c37423e"},"description":"Le t\u00e9l\u00e9travail est \u00e0 la Une avec la crise. Pour le porter au pinacle, puis le vilipender. Webinaire avec Zevillage le 15 juin 2020","breadcrumb":{"@id":"https:\/\/visionarymarketing.com\/fr\/2020\/06\/10\/webinaire-teletravail\/#breadcrumb"},"inLanguage":"fr-FR","potentialAction":[{"@type":"ReadAction","target":["https:\/\/visionarymarketing.com\/fr\/2020\/06\/10\/webinaire-teletravail\/"]}]},{"@type":"ImageObject","inLanguage":"fr-FR","@id":"https:\/\/visionarymarketing.com\/fr\/2020\/06\/10\/webinaire-teletravail\/#primaryimage","url":"https:\/\/visionarymarketing.com\/wp-content\/uploads\/2020\/06\/webinaire-150620-e1591777970251.jpg","contentUrl":"https:\/\/visionarymarketing.com\/wp-content\/uploads\/2020\/06\/webinaire-150620-e1591777970251.jpg","width":520,"height":340},{"@type":"BreadcrumbList","@id":"https:\/\/visionarymarketing.com\/fr\/2020\/06\/10\/webinaire-teletravail\/#breadcrumb","itemListElement":[{"@type":"ListItem","position":1,"name":"Home","item":"https:\/\/visionarymarketing.com\/fr\/"},{"@type":"ListItem","position":2,"name":"Arguments pour ou contre le t\u00e9l\u00e9travail : vers un d\u00e9bat raisonn\u00e9"}]},{"@type":"WebSite","@id":"https:\/\/visionarymarketing.com\/fr\/#website","url":"https:\/\/visionarymarketing.com\/fr\/","name":"Marketing and Innovation","description":"Site d&#039;infos ind\u00e9pendant, depuis 1996","potentialAction":[{"@type":"SearchAction","target":{"@type":"EntryPoint","urlTemplate":"https:\/\/visionarymarketing.com\/fr\/?s={search_term_string}"},"query-input":{"@type":"PropertyValueSpecification","valueRequired":true,"valueName":"search_term_string"}}],"inLanguage":"fr-FR"},{"@type":"Person","@id":"https:\/\/visionarymarketing.com\/fr\/#\/schema\/person\/3754fee1e558f47b8deb46f53c37423e","name":"Yann Gourvennec","image":{"@type":"ImageObject","inLanguage":"fr-FR","@id":"https:\/\/secure.gravatar.com\/avatar\/5972001801e8de5692a3e31224e85769f50a55fb8b679749f9c8d1868cceff14?s=96&d=initials&r=g&initials=yg","url":"https:\/\/secure.gravatar.com\/avatar\/5972001801e8de5692a3e31224e85769f50a55fb8b679749f9c8d1868cceff14?s=96&d=initials&r=g&initials=yg","contentUrl":"https:\/\/secure.gravatar.com\/avatar\/5972001801e8de5692a3e31224e85769f50a55fb8b679749f9c8d1868cceff14?s=96&d=initials&r=g&initials=yg","caption":"Yann Gourvennec"},"description":"Yann Gourvennec created visionarymarketing.com in 1996. He is a speaker and author of many books. In 2014 he went from intrapreneur to entrepreneur, when he created his digital marketing agency. Yann Gourvennec a cr\u00e9\u00e9 visionarymarketing.com en 1996. Il est conf\u00e9rencier et auteur de plusieurs livres. En 2014, il est pass\u00e9 d'intrapreneur \u00e0 entrepreneur en cr\u00e9ant son agence de marketing num\u00e9rique.","sameAs":["https:\/\/visionarymarketing.com","http:\/\/facebook.com\/ygourven","http:\/\/linkedin.com\/in\/ygourven","https:\/\/x.com\/ygourven","https:\/\/www.youtube.com\/c\/visionarymarketingagency"],"url":"https:\/\/visionarymarketing.com\/fr\/author\/yann-gourvennec\/"}]}},"_links":{"self":[{"href":"https:\/\/visionarymarketing.com\/fr\/wp-json\/wp\/v2\/posts\/53761","targetHints":{"allow":["GET"]}}],"collection":[{"href":"https:\/\/visionarymarketing.com\/fr\/wp-json\/wp\/v2\/posts"}],"about":[{"href":"https:\/\/visionarymarketing.com\/fr\/wp-json\/wp\/v2\/types\/post"}],"author":[{"embeddable":true,"href":"https:\/\/visionarymarketing.com\/fr\/wp-json\/wp\/v2\/users\/2"}],"replies":[{"embeddable":true,"href":"https:\/\/visionarymarketing.com\/fr\/wp-json\/wp\/v2\/comments?post=53761"}],"version-history":[{"count":0,"href":"https:\/\/visionarymarketing.com\/fr\/wp-json\/wp\/v2\/posts\/53761\/revisions"}],"wp:featuredmedia":[{"embeddable":true,"href":"https:\/\/visionarymarketing.com\/fr\/wp-json\/wp\/v2\/media\/53762"}],"wp:attachment":[{"href":"https:\/\/visionarymarketing.com\/fr\/wp-json\/wp\/v2\/media?parent=53761"}],"wp:term":[{"taxonomy":"category","embeddable":true,"href":"https:\/\/visionarymarketing.com\/fr\/wp-json\/wp\/v2\/categories?post=53761"},{"taxonomy":"post_tag","embeddable":true,"href":"https:\/\/visionarymarketing.com\/fr\/wp-json\/wp\/v2\/tags?post=53761"}],"curies":[{"name":"wp","href":"https:\/\/api.w.org\/{rel}","templated":true}]}}