{"id":53592,"date":"2020-06-02T12:25:07","date_gmt":"2020-06-02T10:25:07","guid":{"rendered":"https:\/\/visionarymarketing.com\/?p=53592"},"modified":"2020-08-20T12:26:42","modified_gmt":"2020-08-20T10:26:42","slug":"commerciaux-b2b-crise","status":"publish","type":"post","link":"https:\/\/visionarymarketing.com\/fr\/2020\/06\/02\/commerciaux-b2b-crise\/","title":{"rendered":"4 profils de commerciaux B2B qui survivront ou non \u00e0 la crise"},"content":{"rendered":"<p>Quels sont les profils de\u00a0<strong>commerciaux<\/strong><strong> B2B<\/strong> qui r\u00e9sisteront \u00e0 la\u00a0<strong>crise<\/strong> ? Je vous annonce un nouveau <a href=\"https:\/\/visionarymarketing.com\/fr\/2020\/03\/marketing-de-contenu-abm\/\">webinaire<\/a> que j\u2019organise demain \u00e0 14h00 avec quelqu\u2019un que j\u2019aime bien, et avec qui j\u2019ai travaill\u00e9 de nombreuses ann\u00e9es\u00a0: <a href=\"https:\/\/www.linkedin.com\/in\/yvesblandiaux\/?originalSubdomain=be\" target=\"_blank\" rel=\"noopener noreferrer\">Yves Blandiaux<\/a>.\u00a0Yves est bas\u00e9 en Belgique et nous avons travaill\u00e9 longtemps ensemble, au temps o\u00f9 il \u00e9tait chez Cisco et moi chez Orange Business Services, sur le partenariat entre les deux entreprises.<\/p>\n<h2>4 profils de commerciaux B2B qui survivront ou non \u00e0 la crise<\/h2>\n<p><a href=\"https:\/\/vismktg.info\/live0406\" target=\"_blank\" rel=\"noopener noreferrer\"><img decoding=\"async\" class=\"aligncenter wp-image-53594 size-full\" src=\"https:\/\/visionarymarketing.com\/wp-content\/uploads\/2020\/06\/webinaire-040620-e1591092985793.png\" alt=\"Commerciaux B2B Crise\" width=\"520\" height=\"340\" srcset=\"https:\/\/visionarymarketing.com\/wp-content\/uploads\/2020\/06\/webinaire-040620-e1591092985793.png 520w, https:\/\/visionarymarketing.com\/wp-content\/uploads\/2020\/06\/webinaire-040620-e1591092985793-459x300.png 459w\" sizes=\"(max-width: 520px) 100vw, 520px\" \/><\/a><\/p>\n<p>On a fait \u00e9norm\u00e9ment de business avec un programme d\u2019alliance qui s\u2019appelait Pole Position, qui est ensuite devenu d\u2019ailleurs la r\u00e9f\u00e9rence ou une des r\u00e9f\u00e9rences mondiales. En tout cas la r\u00e9f\u00e9rence mondiale pour le secteur des t\u00e9l\u00e9coms en mati\u00e8re de partenariats, ce n\u2019est pas rien.<\/p>\n<p><a href=\"https:\/\/vismktg.info\/live0406\" target=\"_blank\" rel=\"noopener noreferrer\"><img decoding=\"async\" class=\"aligncenter wp-image-17796 size-full\" src=\"https:\/\/visionarymarketing.com\/wp-content\/uploads\/2015\/04\/tous-boutons.png\" alt=\"marketing RH\" width=\"450\" height=\"75\" srcset=\"https:\/\/visionarymarketing.com\/wp-content\/uploads\/2015\/04\/tous-boutons.png 450w, https:\/\/visionarymarketing.com\/wp-content\/uploads\/2015\/04\/tous-boutons-300x50.png 300w\" sizes=\"(max-width: 450px) 100vw, 450px\" \/><\/a><!--more--><\/p>\n<p>Il est vraiment tr\u00e8s comp\u00e9tent dans le domaine de la vente, et il conna\u00eet excessivement bien ce secteur\u00a0B2B. Maintenant il est \u00e0 son compte et conseille les entreprises et les accompagne dans leur d\u00e9veloppement commercial. Et nous avons voulu pr\u00e9parer un ensemble un webinaire qui soit utile avec un titre sous forme de boutade.<\/p>\n<p>L\u2019inscription est simple, via <a href=\"https:\/\/vismktg.info\/live0406\" target=\"_blank\" rel=\"noopener noreferrer\">vismktg.info\/live0406<\/a> pour le 4\u00a0juin. Il suffit de taper l\u2019URL et vous arrivez directement sur le lien d\u2019inscription. Yves va d\u00e9crire quatre profils qui s\u2019en tireront peut-\u00eatre un petit peu mieux que les autres.<\/p>\n<p>Le premier c\u2019est ce qu\u2019il a appel\u00e9 le magicien. Le deuxi\u00e8me le relationnel, le troisi\u00e8me le digital, le quatri\u00e8me, le challenger. Je m\u2019arr\u00eate, je ne veux pas d\u00e9florer le sujet.<\/p>\n<p>Je sais ce qu\u2019il y a derri\u00e8re, mais cela va rester un secret jusqu\u2019au 4\u00a0juin, o\u00f9 vous r\u00e9cup\u00e9rerez cette information. Yves passera au travers des diff\u00e9rentes caract\u00e9ristiques de chacun de ces profils, leur environnement et leurs caract\u00e9ristiques en termes de leadership, leur positionnement digital, c\u2019est important, et la valeur apport\u00e9e au client, encore plus important, la valeur apport\u00e9e \u00e0 l\u2019employeur, aussi. Si vous apportez une valeur au client, mais pas \u00e0 votre employeur, vous ne durerez pas longtemps. Enfin les attitudes que chacun de ces profils va adopter<\/p>\n<p>O\u00f9 on les les rencontre, leur futur plausible et comment ils vont s\u2019en sortir\u2009? Voil\u00e0\u2009! Donc, une seule adresse\u00a0: <a href=\"https:\/\/vismktg.info\/live0406\" target=\"_blank\" rel=\"noopener noreferrer\">vismktg.info\/live0406<\/a>. Rendez-vous le 4\u00a0juin \u00e0 14\u00a0heures\u2009!<\/p>\n<h3>Quelques sont les \u00a0profils de commerciaux B2B qui survivront ou non \u00e0 la crise<\/h3>\n<h4 style=\"font-weight: 600;\"><em>Ev\u00e9nement interactif en ligne le 04 juin 2020 de 14:00 \u00e0 15:00<\/em><\/h4>\n<p><b><strong><em>sur Zoom, Facebook LIVE et YouTube (en diff\u00e9r\u00e9) <\/em><\/strong><\/b><\/p>\n<ul>\n<li>Les commerciaux d&rsquo;apr\u00e8s la crise seront-ils les m\u00eames que ceux d&rsquo;avant ?<\/li>\n<li>Quels seront les gagnants et les perdants du monde commercial de demain ?<\/li>\n<li>Comment monter en comp\u00e9tences pour \u00eatre encore l\u00e0 demain ?<\/li>\n<li>Death of a B2B Salesman (one more time!)<\/li>\n<\/ul>\n<p><a href=\"https:\/\/vismktg.info\/live0406\" target=\"_blank\" rel=\"noopener noreferrer\"><img decoding=\"async\" class=\"aligncenter wp-image-17796 size-full\" src=\"https:\/\/visionarymarketing.com\/wp-content\/uploads\/2015\/04\/tous-boutons.png\" alt=\"marketing RH\" width=\"450\" height=\"75\" srcset=\"https:\/\/visionarymarketing.com\/wp-content\/uploads\/2015\/04\/tous-boutons.png 450w, https:\/\/visionarymarketing.com\/wp-content\/uploads\/2015\/04\/tous-boutons-300x50.png 300w\" sizes=\"(max-width: 450px) 100vw, 450px\" \/><\/a><\/p>\n<p><b><strong>Anim\u00e9 par Yves Blandiaux (Wave4growth) et Yann Gourvennec (Visionary Marketing)<\/strong><\/b><\/p>\n<p><em>NB : l&rsquo;\u00e9v\u00e9nement commencera \u00e0 14h00 pr\u00e9cises<\/em><\/p>\n<p><em>Inscrivez-vous vite !<\/em><\/p>\n","protected":false},"excerpt":{"rendered":"<p>Quels sont les profils de\u00a0commerciaux B2B qui r\u00e9sisteront \u00e0 la\u00a0crise ? Je vous annonce un nouveau webinaire que j\u2019organise demain \u00e0 14h00 avec quelqu\u2019un que j\u2019aime bien, et avec qui j\u2019ai travaill\u00e9 de nombreuses ann\u00e9es\u00a0: Yves Blandiaux.\u00a0Yves est bas\u00e9 en Belgique et nous avons travaill\u00e9 longtemps ensemble, au temps o\u00f9 il \u00e9tait chez Cisco et &hellip;<\/p>\n","protected":false},"author":2,"featured_media":53594,"comment_status":"open","ping_status":"open","sticky":false,"template":"","format":"standard","meta":{"footnotes":""},"categories":[4057],"tags":[],"class_list":["post-53592","post","type-post","status-publish","format-standard","has-post-thumbnail","hentry","category-vente"],"yoast_head":"<!-- This site is optimized with the Yoast SEO plugin v27.5 - https:\/\/yoast.com\/product\/yoast-seo-wordpress\/ -->\n<title>4 profils de commerciaux B2B qui survivront ou non \u00e0 la crise<\/title>\n<meta name=\"description\" content=\"Quels sont les profils de commerciaux B2B qui r\u00e9sisteront \u00e0 la crise ? Je vous annonce un nouveau webinaire que j\u2019organise demain \u00e0 14h00\" \/>\n<meta name=\"robots\" content=\"index, follow, max-snippet:-1, max-image-preview:large, max-video-preview:-1\" \/>\n<link rel=\"canonical\" href=\"https:\/\/visionarymarketing.com\/fr\/2020\/06\/02\/commerciaux-b2b-crise\/\" \/>\n<meta property=\"og:locale\" content=\"fr_FR\" \/>\n<meta property=\"og:type\" content=\"article\" \/>\n<meta property=\"og:title\" content=\"4 profils de commerciaux B2B qui survivront ou non \u00e0 la crise\" \/>\n<meta property=\"og:description\" content=\"Quels sont les profils de commerciaux B2B qui r\u00e9sisteront \u00e0 la crise ? Je vous annonce un nouveau webinaire que j\u2019organise demain \u00e0 14h00\" \/>\n<meta property=\"og:url\" content=\"https:\/\/visionarymarketing.com\/fr\/2020\/06\/02\/commerciaux-b2b-crise\/\" \/>\n<meta property=\"og:site_name\" content=\"Marketing and Innovation\" \/>\n<meta property=\"article:publisher\" content=\"https:\/\/www.facebook.com\/vismktg\" \/>\n<meta property=\"article:author\" content=\"http:\/\/facebook.com\/ygourven\" \/>\n<meta property=\"article:published_time\" content=\"2020-06-02T10:25:07+00:00\" \/>\n<meta property=\"article:modified_time\" content=\"2020-08-20T10:26:42+00:00\" \/>\n<meta property=\"og:image\" content=\"https:\/\/visionarymarketing.com\/wp-content\/uploads\/2020\/06\/webinaire-040620-e1591092985793.png\" \/>\n\t<meta property=\"og:image:width\" content=\"520\" \/>\n\t<meta property=\"og:image:height\" content=\"340\" \/>\n\t<meta property=\"og:image:type\" content=\"image\/png\" \/>\n<meta name=\"author\" content=\"Yann Gourvennec\" \/>\n<meta name=\"twitter:card\" content=\"summary_large_image\" \/>\n<meta name=\"twitter:creator\" content=\"@ygourven\" \/>\n<meta name=\"twitter:site\" content=\"@ygourven\" \/>\n<meta name=\"twitter:label1\" content=\"\u00c9crit par\" \/>\n\t<meta name=\"twitter:data1\" content=\"Yann Gourvennec\" \/>\n\t<meta name=\"twitter:label2\" content=\"Dur\u00e9e de lecture estim\u00e9e\" \/>\n\t<meta name=\"twitter:data2\" content=\"3 minutes\" \/>\n<script type=\"application\/ld+json\" class=\"yoast-schema-graph\">{\"@context\":\"https:\\\/\\\/schema.org\",\"@graph\":[{\"@type\":\"NewsArticle\",\"@id\":\"https:\\\/\\\/visionarymarketing.com\\\/fr\\\/2020\\\/06\\\/02\\\/commerciaux-b2b-crise\\\/#article\",\"isPartOf\":{\"@id\":\"https:\\\/\\\/visionarymarketing.com\\\/fr\\\/2020\\\/06\\\/02\\\/commerciaux-b2b-crise\\\/\"},\"author\":{\"name\":\"Yann Gourvennec\",\"@id\":\"https:\\\/\\\/visionarymarketing.com\\\/fr\\\/#\\\/schema\\\/person\\\/3754fee1e558f47b8deb46f53c37423e\"},\"headline\":\"4 profils de commerciaux B2B qui survivront ou non \u00e0 la crise\",\"datePublished\":\"2020-06-02T10:25:07+00:00\",\"dateModified\":\"2020-08-20T10:26:42+00:00\",\"mainEntityOfPage\":{\"@id\":\"https:\\\/\\\/visionarymarketing.com\\\/fr\\\/2020\\\/06\\\/02\\\/commerciaux-b2b-crise\\\/\"},\"wordCount\":521,\"commentCount\":2,\"image\":{\"@id\":\"https:\\\/\\\/visionarymarketing.com\\\/fr\\\/2020\\\/06\\\/02\\\/commerciaux-b2b-crise\\\/#primaryimage\"},\"thumbnailUrl\":\"https:\\\/\\\/visionarymarketing.com\\\/wp-content\\\/uploads\\\/2020\\\/06\\\/webinaire-040620-e1591092985793.png\",\"articleSection\":[\"Vente et marketing\"],\"inLanguage\":\"fr-FR\",\"potentialAction\":[{\"@type\":\"CommentAction\",\"name\":\"Comment\",\"target\":[\"https:\\\/\\\/visionarymarketing.com\\\/fr\\\/2020\\\/06\\\/02\\\/commerciaux-b2b-crise\\\/#respond\"]}]},{\"@type\":\"WebPage\",\"@id\":\"https:\\\/\\\/visionarymarketing.com\\\/fr\\\/2020\\\/06\\\/02\\\/commerciaux-b2b-crise\\\/\",\"url\":\"https:\\\/\\\/visionarymarketing.com\\\/fr\\\/2020\\\/06\\\/02\\\/commerciaux-b2b-crise\\\/\",\"name\":\"4 profils de commerciaux B2B qui survivront ou non \u00e0 la crise\",\"isPartOf\":{\"@id\":\"https:\\\/\\\/visionarymarketing.com\\\/fr\\\/#website\"},\"primaryImageOfPage\":{\"@id\":\"https:\\\/\\\/visionarymarketing.com\\\/fr\\\/2020\\\/06\\\/02\\\/commerciaux-b2b-crise\\\/#primaryimage\"},\"image\":{\"@id\":\"https:\\\/\\\/visionarymarketing.com\\\/fr\\\/2020\\\/06\\\/02\\\/commerciaux-b2b-crise\\\/#primaryimage\"},\"thumbnailUrl\":\"https:\\\/\\\/visionarymarketing.com\\\/wp-content\\\/uploads\\\/2020\\\/06\\\/webinaire-040620-e1591092985793.png\",\"datePublished\":\"2020-06-02T10:25:07+00:00\",\"dateModified\":\"2020-08-20T10:26:42+00:00\",\"author\":{\"@id\":\"https:\\\/\\\/visionarymarketing.com\\\/fr\\\/#\\\/schema\\\/person\\\/3754fee1e558f47b8deb46f53c37423e\"},\"description\":\"Quels sont les profils de commerciaux B2B qui r\u00e9sisteront \u00e0 la crise ? Je vous annonce un nouveau webinaire que j\u2019organise demain \u00e0 14h00\",\"breadcrumb\":{\"@id\":\"https:\\\/\\\/visionarymarketing.com\\\/fr\\\/2020\\\/06\\\/02\\\/commerciaux-b2b-crise\\\/#breadcrumb\"},\"inLanguage\":\"fr-FR\",\"potentialAction\":[{\"@type\":\"ReadAction\",\"target\":[\"https:\\\/\\\/visionarymarketing.com\\\/fr\\\/2020\\\/06\\\/02\\\/commerciaux-b2b-crise\\\/\"]}]},{\"@type\":\"ImageObject\",\"inLanguage\":\"fr-FR\",\"@id\":\"https:\\\/\\\/visionarymarketing.com\\\/fr\\\/2020\\\/06\\\/02\\\/commerciaux-b2b-crise\\\/#primaryimage\",\"url\":\"https:\\\/\\\/visionarymarketing.com\\\/wp-content\\\/uploads\\\/2020\\\/06\\\/webinaire-040620-e1591092985793.png\",\"contentUrl\":\"https:\\\/\\\/visionarymarketing.com\\\/wp-content\\\/uploads\\\/2020\\\/06\\\/webinaire-040620-e1591092985793.png\",\"width\":520,\"height\":340},{\"@type\":\"BreadcrumbList\",\"@id\":\"https:\\\/\\\/visionarymarketing.com\\\/fr\\\/2020\\\/06\\\/02\\\/commerciaux-b2b-crise\\\/#breadcrumb\",\"itemListElement\":[{\"@type\":\"ListItem\",\"position\":1,\"name\":\"Home\",\"item\":\"https:\\\/\\\/visionarymarketing.com\\\/fr\\\/\"},{\"@type\":\"ListItem\",\"position\":2,\"name\":\"4 profils de commerciaux B2B qui survivront ou non \u00e0 la crise\"}]},{\"@type\":\"WebSite\",\"@id\":\"https:\\\/\\\/visionarymarketing.com\\\/fr\\\/#website\",\"url\":\"https:\\\/\\\/visionarymarketing.com\\\/fr\\\/\",\"name\":\"Marketing and Innovation\",\"description\":\"Site d&#039;infos ind\u00e9pendant, depuis 1996\",\"potentialAction\":[{\"@type\":\"SearchAction\",\"target\":{\"@type\":\"EntryPoint\",\"urlTemplate\":\"https:\\\/\\\/visionarymarketing.com\\\/fr\\\/?s={search_term_string}\"},\"query-input\":{\"@type\":\"PropertyValueSpecification\",\"valueRequired\":true,\"valueName\":\"search_term_string\"}}],\"inLanguage\":\"fr-FR\"},{\"@type\":\"Person\",\"@id\":\"https:\\\/\\\/visionarymarketing.com\\\/fr\\\/#\\\/schema\\\/person\\\/3754fee1e558f47b8deb46f53c37423e\",\"name\":\"Yann Gourvennec\",\"image\":{\"@type\":\"ImageObject\",\"inLanguage\":\"fr-FR\",\"@id\":\"https:\\\/\\\/secure.gravatar.com\\\/avatar\\\/5972001801e8de5692a3e31224e85769f50a55fb8b679749f9c8d1868cceff14?s=96&d=initials&r=g&initials=yg\",\"url\":\"https:\\\/\\\/secure.gravatar.com\\\/avatar\\\/5972001801e8de5692a3e31224e85769f50a55fb8b679749f9c8d1868cceff14?s=96&d=initials&r=g&initials=yg\",\"contentUrl\":\"https:\\\/\\\/secure.gravatar.com\\\/avatar\\\/5972001801e8de5692a3e31224e85769f50a55fb8b679749f9c8d1868cceff14?s=96&d=initials&r=g&initials=yg\",\"caption\":\"Yann Gourvennec\"},\"description\":\"Yann Gourvennec created visionarymarketing.com in 1996. He is a speaker and author of many books. In 2014 he went from intrapreneur to entrepreneur, when he created his digital marketing agency. Yann Gourvennec a cr\u00e9\u00e9 visionarymarketing.com en 1996. Il est conf\u00e9rencier et auteur de plusieurs livres. En 2014, il est pass\u00e9 d'intrapreneur \u00e0 entrepreneur en cr\u00e9ant son agence de marketing num\u00e9rique.\",\"sameAs\":[\"https:\\\/\\\/visionarymarketing.com\",\"http:\\\/\\\/facebook.com\\\/ygourven\",\"http:\\\/\\\/linkedin.com\\\/in\\\/ygourven\",\"https:\\\/\\\/x.com\\\/ygourven\",\"https:\\\/\\\/www.youtube.com\\\/c\\\/visionarymarketingagency\"],\"url\":\"https:\\\/\\\/visionarymarketing.com\\\/fr\\\/author\\\/yann-gourvennec\\\/\"}]}<\/script>\n<!-- \/ Yoast SEO plugin. -->","yoast_head_json":{"title":"4 profils de commerciaux B2B qui survivront ou non \u00e0 la crise","description":"Quels sont les profils de commerciaux B2B qui r\u00e9sisteront \u00e0 la crise ? Je vous annonce un nouveau webinaire que j\u2019organise demain \u00e0 14h00","robots":{"index":"index","follow":"follow","max-snippet":"max-snippet:-1","max-image-preview":"max-image-preview:large","max-video-preview":"max-video-preview:-1"},"canonical":"https:\/\/visionarymarketing.com\/fr\/2020\/06\/02\/commerciaux-b2b-crise\/","og_locale":"fr_FR","og_type":"article","og_title":"4 profils de commerciaux B2B qui survivront ou non \u00e0 la crise","og_description":"Quels sont les profils de commerciaux B2B qui r\u00e9sisteront \u00e0 la crise ? Je vous annonce un nouveau webinaire que j\u2019organise demain \u00e0 14h00","og_url":"https:\/\/visionarymarketing.com\/fr\/2020\/06\/02\/commerciaux-b2b-crise\/","og_site_name":"Marketing and Innovation","article_publisher":"https:\/\/www.facebook.com\/vismktg","article_author":"http:\/\/facebook.com\/ygourven","article_published_time":"2020-06-02T10:25:07+00:00","article_modified_time":"2020-08-20T10:26:42+00:00","og_image":[{"width":520,"height":340,"url":"https:\/\/visionarymarketing.com\/wp-content\/uploads\/2020\/06\/webinaire-040620-e1591092985793.png","type":"image\/png"}],"author":"Yann Gourvennec","twitter_card":"summary_large_image","twitter_creator":"@ygourven","twitter_site":"@ygourven","twitter_misc":{"\u00c9crit par":"Yann Gourvennec","Dur\u00e9e de lecture estim\u00e9e":"3 minutes"},"schema":{"@context":"https:\/\/schema.org","@graph":[{"@type":"NewsArticle","@id":"https:\/\/visionarymarketing.com\/fr\/2020\/06\/02\/commerciaux-b2b-crise\/#article","isPartOf":{"@id":"https:\/\/visionarymarketing.com\/fr\/2020\/06\/02\/commerciaux-b2b-crise\/"},"author":{"name":"Yann Gourvennec","@id":"https:\/\/visionarymarketing.com\/fr\/#\/schema\/person\/3754fee1e558f47b8deb46f53c37423e"},"headline":"4 profils de commerciaux B2B qui survivront ou non \u00e0 la crise","datePublished":"2020-06-02T10:25:07+00:00","dateModified":"2020-08-20T10:26:42+00:00","mainEntityOfPage":{"@id":"https:\/\/visionarymarketing.com\/fr\/2020\/06\/02\/commerciaux-b2b-crise\/"},"wordCount":521,"commentCount":2,"image":{"@id":"https:\/\/visionarymarketing.com\/fr\/2020\/06\/02\/commerciaux-b2b-crise\/#primaryimage"},"thumbnailUrl":"https:\/\/visionarymarketing.com\/wp-content\/uploads\/2020\/06\/webinaire-040620-e1591092985793.png","articleSection":["Vente et marketing"],"inLanguage":"fr-FR","potentialAction":[{"@type":"CommentAction","name":"Comment","target":["https:\/\/visionarymarketing.com\/fr\/2020\/06\/02\/commerciaux-b2b-crise\/#respond"]}]},{"@type":"WebPage","@id":"https:\/\/visionarymarketing.com\/fr\/2020\/06\/02\/commerciaux-b2b-crise\/","url":"https:\/\/visionarymarketing.com\/fr\/2020\/06\/02\/commerciaux-b2b-crise\/","name":"4 profils de commerciaux B2B qui survivront ou non \u00e0 la crise","isPartOf":{"@id":"https:\/\/visionarymarketing.com\/fr\/#website"},"primaryImageOfPage":{"@id":"https:\/\/visionarymarketing.com\/fr\/2020\/06\/02\/commerciaux-b2b-crise\/#primaryimage"},"image":{"@id":"https:\/\/visionarymarketing.com\/fr\/2020\/06\/02\/commerciaux-b2b-crise\/#primaryimage"},"thumbnailUrl":"https:\/\/visionarymarketing.com\/wp-content\/uploads\/2020\/06\/webinaire-040620-e1591092985793.png","datePublished":"2020-06-02T10:25:07+00:00","dateModified":"2020-08-20T10:26:42+00:00","author":{"@id":"https:\/\/visionarymarketing.com\/fr\/#\/schema\/person\/3754fee1e558f47b8deb46f53c37423e"},"description":"Quels sont les profils de commerciaux B2B qui r\u00e9sisteront \u00e0 la crise ? Je vous annonce un nouveau webinaire que j\u2019organise demain \u00e0 14h00","breadcrumb":{"@id":"https:\/\/visionarymarketing.com\/fr\/2020\/06\/02\/commerciaux-b2b-crise\/#breadcrumb"},"inLanguage":"fr-FR","potentialAction":[{"@type":"ReadAction","target":["https:\/\/visionarymarketing.com\/fr\/2020\/06\/02\/commerciaux-b2b-crise\/"]}]},{"@type":"ImageObject","inLanguage":"fr-FR","@id":"https:\/\/visionarymarketing.com\/fr\/2020\/06\/02\/commerciaux-b2b-crise\/#primaryimage","url":"https:\/\/visionarymarketing.com\/wp-content\/uploads\/2020\/06\/webinaire-040620-e1591092985793.png","contentUrl":"https:\/\/visionarymarketing.com\/wp-content\/uploads\/2020\/06\/webinaire-040620-e1591092985793.png","width":520,"height":340},{"@type":"BreadcrumbList","@id":"https:\/\/visionarymarketing.com\/fr\/2020\/06\/02\/commerciaux-b2b-crise\/#breadcrumb","itemListElement":[{"@type":"ListItem","position":1,"name":"Home","item":"https:\/\/visionarymarketing.com\/fr\/"},{"@type":"ListItem","position":2,"name":"4 profils de commerciaux B2B qui survivront ou non \u00e0 la crise"}]},{"@type":"WebSite","@id":"https:\/\/visionarymarketing.com\/fr\/#website","url":"https:\/\/visionarymarketing.com\/fr\/","name":"Marketing and Innovation","description":"Site d&#039;infos ind\u00e9pendant, depuis 1996","potentialAction":[{"@type":"SearchAction","target":{"@type":"EntryPoint","urlTemplate":"https:\/\/visionarymarketing.com\/fr\/?s={search_term_string}"},"query-input":{"@type":"PropertyValueSpecification","valueRequired":true,"valueName":"search_term_string"}}],"inLanguage":"fr-FR"},{"@type":"Person","@id":"https:\/\/visionarymarketing.com\/fr\/#\/schema\/person\/3754fee1e558f47b8deb46f53c37423e","name":"Yann Gourvennec","image":{"@type":"ImageObject","inLanguage":"fr-FR","@id":"https:\/\/secure.gravatar.com\/avatar\/5972001801e8de5692a3e31224e85769f50a55fb8b679749f9c8d1868cceff14?s=96&d=initials&r=g&initials=yg","url":"https:\/\/secure.gravatar.com\/avatar\/5972001801e8de5692a3e31224e85769f50a55fb8b679749f9c8d1868cceff14?s=96&d=initials&r=g&initials=yg","contentUrl":"https:\/\/secure.gravatar.com\/avatar\/5972001801e8de5692a3e31224e85769f50a55fb8b679749f9c8d1868cceff14?s=96&d=initials&r=g&initials=yg","caption":"Yann Gourvennec"},"description":"Yann Gourvennec created visionarymarketing.com in 1996. He is a speaker and author of many books. In 2014 he went from intrapreneur to entrepreneur, when he created his digital marketing agency. Yann Gourvennec a cr\u00e9\u00e9 visionarymarketing.com en 1996. Il est conf\u00e9rencier et auteur de plusieurs livres. En 2014, il est pass\u00e9 d'intrapreneur \u00e0 entrepreneur en cr\u00e9ant son agence de marketing num\u00e9rique.","sameAs":["https:\/\/visionarymarketing.com","http:\/\/facebook.com\/ygourven","http:\/\/linkedin.com\/in\/ygourven","https:\/\/x.com\/ygourven","https:\/\/www.youtube.com\/c\/visionarymarketingagency"],"url":"https:\/\/visionarymarketing.com\/fr\/author\/yann-gourvennec\/"}]}},"_links":{"self":[{"href":"https:\/\/visionarymarketing.com\/fr\/wp-json\/wp\/v2\/posts\/53592","targetHints":{"allow":["GET"]}}],"collection":[{"href":"https:\/\/visionarymarketing.com\/fr\/wp-json\/wp\/v2\/posts"}],"about":[{"href":"https:\/\/visionarymarketing.com\/fr\/wp-json\/wp\/v2\/types\/post"}],"author":[{"embeddable":true,"href":"https:\/\/visionarymarketing.com\/fr\/wp-json\/wp\/v2\/users\/2"}],"replies":[{"embeddable":true,"href":"https:\/\/visionarymarketing.com\/fr\/wp-json\/wp\/v2\/comments?post=53592"}],"version-history":[{"count":0,"href":"https:\/\/visionarymarketing.com\/fr\/wp-json\/wp\/v2\/posts\/53592\/revisions"}],"wp:featuredmedia":[{"embeddable":true,"href":"https:\/\/visionarymarketing.com\/fr\/wp-json\/wp\/v2\/media\/53594"}],"wp:attachment":[{"href":"https:\/\/visionarymarketing.com\/fr\/wp-json\/wp\/v2\/media?parent=53592"}],"wp:term":[{"taxonomy":"category","embeddable":true,"href":"https:\/\/visionarymarketing.com\/fr\/wp-json\/wp\/v2\/categories?post=53592"},{"taxonomy":"post_tag","embeddable":true,"href":"https:\/\/visionarymarketing.com\/fr\/wp-json\/wp\/v2\/tags?post=53592"}],"curies":[{"name":"wp","href":"https:\/\/api.w.org\/{rel}","templated":true}]}}