{"id":5294,"date":"2011-11-29T07:34:24","date_gmt":"2011-11-29T07:34:24","guid":{"rendered":"http:\/\/visionary.wordpress.com\/?p=5294"},"modified":"2022-04-25T18:01:31","modified_gmt":"2022-04-25T16:01:31","slug":"mauvais-buzz-notoriete","status":"publish","type":"post","link":"https:\/\/visionarymarketing.com\/fr\/2011\/11\/29\/mauvais-buzz-notoriete\/","title":{"rendered":"Un mauvais buzz accro\u00eet-il la notori\u00e9t\u00e9 d&rsquo;une marque ?"},"content":{"rendered":"<p><em>Un mauvais buzz accro\u00eet-il la notori\u00e9t\u00e9 d&rsquo;une marque qui le subit ? La s\u00e9lection du jour &#8230; Est cet<a href=\"https:\/\/web.archive.org\/web\/20190705134039\/http:\/\/bigbrowser.blog.lemonde.fr\/2011\/11\/28\/le-derapage-sexuel-de-twitter-en-afrique-du-sud\/\" target=\"_blank\" rel=\"noopener noreferrer\"> article du blog du Monde<\/a> qui m&rsquo;a \u00e9t\u00e9 sugg\u00e9r\u00e9 par <span class=\"removed_link\" title=\"http:\/\/www.linkedin.com\/in\/samuelperon\">Samuel P\u00e9ron <\/span>dans un \u00e9change sur le <span class=\"removed_link\" title=\"http:\/\/www.linkedin.com\/groupItem?view=&amp;gid=2075&amp;type=member&amp;item=81577714&amp;report%2Esuccess=BzAaHshCw3v5WPk9DX4Sf5VSpM8l5l2y30hqRttAzx3lflPsOCIq74R49DOlfd-ylOHZwtaz4N7SIluioH2mMTYdGNvllges3F1ZxfgSzvKZFpRkfEdSwyhz4Nv1GVAk39dSM9KIFq51fXHyG3d1R9EI4rKmXd-D3GF1xEVAzB3cXga_XjIFRtSPz-GcXEhDctVgb7o\">forum LinkedIn de Frenchweb<\/span> et qui soul\u00e8ve \u00e0 nouveau la question que j&rsquo;avais \u00e9voqu\u00e9e avec mon comp\u00e8re <a href=\"http:\/\/www.hervekabla.com\/wordpress\/tag\/kablage\/\" target=\"_blank\" rel=\"noopener noreferrer\">Herv\u00e9 Kabla <\/a>dans les <\/em><a href=\"https:\/\/visionarymarketing.com\/fr\/livres-marketing\/\" target=\"_blank\" rel=\"noopener noreferrer\">m\u00e9dias sociaux expliqu\u00e9s \u00e0 mon boss<\/a><em>, \u00e0 savoir ce que nous avions \u00e0 l&rsquo;\u00e9poque nomm\u00e9 \u00ab\u00a0l&rsquo;effet Festina\u00a0\u00bb : La <a href=\"https:\/\/www.festina.com\/#\/festina\/background\" target=\"_blank\" rel=\"noopener noreferrer\">marque catalane (rachet\u00e9e par son propri\u00e9taire en 1984, la marque cr\u00e9\u00e9e en 1902 est d&rsquo;origine Suisse<\/a>) \u00e9tait en effet quasi inconnue au moment de <a href=\"http:\/\/fr.wikipedia.org\/wiki\/Richard_Virenque\" target=\"_blank\" rel=\"noopener noreferrer\">l&rsquo;affaire Virenque<\/a>, et est devenue, depuis le <a href=\"http:\/\/fr.wikipedia.org\/wiki\/Affaire_Festina\" target=\"_blank\" rel=\"noopener noreferrer\">scandale de l&rsquo;EPO de 1998<\/a>, une des premi\u00e8res marques de montres europ\u00e9ennes. <\/em><\/p>\n<h2>Un mauvais buzz accro\u00eet-il la notori\u00e9t\u00e9 d&rsquo;une marque ?<\/h2>\n<figure id=\"attachment_62296\" aria-describedby=\"caption-attachment-62296\" style=\"width: 520px\" class=\"wp-caption aligncenter\"><img decoding=\"async\" class=\"wp-image-62296 size-full\" src=\"https:\/\/visionarymarketing.com\/wp-content\/uploads\/2011\/11\/durex-logo-visionary-marketing.png\" alt=\"Un mauvais buzz accro\u00eet-il la notori\u00e9t\u00e9 d'une marque ?\" width=\"520\" height=\"340\" srcset=\"https:\/\/visionarymarketing.com\/wp-content\/uploads\/2011\/11\/durex-logo-visionary-marketing.png 520w, https:\/\/visionarymarketing.com\/wp-content\/uploads\/2011\/11\/durex-logo-visionary-marketing-459x300.png 459w\" sizes=\"(max-width: 520px) 100vw, 520px\" \/><figcaption id=\"caption-attachment-62296\" class=\"wp-caption-text\">Comme pour Festina ou Durex : Un mauvais buzz accro\u00eet-il la notori\u00e9t\u00e9 d&rsquo;une marque ?<\/figcaption><\/figure>\n<p><em>L&rsquo;article ci-dessous donne quelques autres exemples de mauvais buzz, cette fois ci g\u00e9n\u00e9r\u00e9s par la maladresse ou le mauvais go\u00fbt des animateurs des comptes Twitter de leurs marques, mais il pose aussi la question en ces termes :<\/em><!--more--><\/p>\n<p><em> \u00ab\u00a0<strong>Ces mauvais buzz contribuent parfois \u00e0 conforter l&rsquo;influence de ces marques sur les r\u00e9seaux sociaux et \u00e0 faire cro\u00eetre leur nombre de followers<\/strong>\u00a0\u00bb &#8230;<\/em><\/p>\n<p>AFRIQUE DU SUD \u2013 Le d\u00e9rapage sexuel de Durex sur Twitter | Big Browser<\/p>\n<p>Mais ce n&rsquo;est pas la premi\u00e8re fois qu&rsquo;une marque fait usage de blagues de mauvais go\u00fbt qui provoquent la col\u00e8re de ses followers. Pendant la r\u00e9volte en Egypte, la marque de pr\u00eat-\u00e0-porter Kenneth Cole avait post\u00e9 sur Twitter un message publicitaire en utilisant le hashtag #Cairo. Le tweet \u00e9tait le suivant : \u00ab\u00a0Des millions de personnes sont r\u00e9unies au Caire. La rumeur est qu&rsquo;ils aient \u00e9t\u00e9 mis au courant de la nouvelle collection de printemps disponible en ligne.\u00a0\u00bb Assaillie de critiques, la marque a finalement supprim\u00e9 le tweet et a pr\u00e9sent\u00e9 ses excuses sur Twitter et Facebook.<\/p>\n<p>En France, c&rsquo;est la marque Orangina qui s&rsquo;\u00e9tait essay\u00e9e le 21 juillet 2011 \u00e0 une blague douteuse \u00e0 propos des roux sur Facebook et Twitter. La marque r\u00e9put\u00e9e pour ses buzz et strat\u00e9gies de communication agressives avait pour sc\u00e9nario num\u00e9rique le piratage de ses comptes de r\u00e9seaux sociaux par Orangina rouge, son personnage dr\u00f4lement m\u00e9chant et provocateur. Au d\u00e9part, cette blague anti-roux sortait de la bouche d&rsquo;Orangina rouge. Mais cela n&rsquo;a pas \u00e9t\u00e9 compris ainsi par les followers qui ont cri\u00e9 \u00e0 la discrimination et s&rsquo;en sont pris \u00e0 la marque.<\/p>\n<p>Mais paradoxe 2.0, ces mauvais buzz contribuent parfois \u00e0 conforter l&rsquo;influence de ces marques sur les r\u00e9seaux sociaux et \u00e0 faire cro\u00eetre leur nombre de followers.<\/p>\n<p>via <a href=\"https:\/\/web.archive.org\/web\/20190705134039\/http:\/\/bigbrowser.blog.lemonde.fr\/2011\/11\/28\/le-derapage-sexuel-de-twitter-en-afrique-du-sud\/\" target=\"_blank\" rel=\"noopener noreferrer\">AFRIQUE DU SUD \u2013 Le d\u00e9rapage sexuel de Durex sur Twitter | Big Browser<\/a><\/p>\n","protected":false},"excerpt":{"rendered":"<p>La s\u00e9lection du jour &#8230;<\/p>\n<p>Est cet article du blog du Monde qui m&rsquo;a \u00e9t\u00e9 sugg\u00e9r\u00e9 par Samuel P\u00e9ron dans un \u00e9change sur le forum LinkedIn de Frenchweb et qui soul\u00e8ve \u00e0 nouveau la question que j&rsquo;avais \u00e9voqu\u00e9e avec mon comp\u00e8re Herv\u00e9 Kabla dans les m\u00e9dias sociaux expliqu\u00e9s \u00e0 mon boss, \u00e0 savoir ce que nous avions \u00e0 l&rsquo;\u00e9poque nomm\u00e9 \u00ab\u00a0l&rsquo;effet Festina\u00a0\u00bb : La marque catalane (rachet\u00e9e par son propri\u00e9taire en 1984, la marque cr\u00e9\u00e9e en 1902 est d&rsquo;origine Suisse) \u00e9tait en effet quasi inconnue au moment de l&rsquo;affaire Virenque, et est devenue, depuis le scandale de l&rsquo;EPO de 1998, une des premi\u00e8res marques de montres europ\u00e9ennes. L&rsquo;article ci-dessous donne quelques autres exemples de mauvais buzz, cette fois ci g\u00e9n\u00e9r\u00e9s par la maladresse ou le mauvais go\u00fbt des animateurs des comptes Twitter de leurs marques, mais il pose aussi la question en ces termes : \u00ab\u00a0ces mauvais buzz contribuent parfois \u00e0 conforter l&rsquo;influence de ces marques sur les r\u00e9seaux sociaux et \u00e0 faire cro\u00eetre leur nombre de followers\u00a0\u00bb &#8230;<\/p>\n","protected":false},"author":2,"featured_media":51051,"comment_status":"open","ping_status":"open","sticky":false,"template":"","format":"standard","meta":{"footnotes":""},"categories":[25],"tags":[],"class_list":["post-5294","post","type-post","status-publish","format-standard","has-post-thumbnail","hentry","category-medias-sociaux"],"yoast_head":"<!-- This site is optimized with the Yoast SEO plugin v27.5 - https:\/\/yoast.com\/product\/yoast-seo-wordpress\/ -->\n<title>Un mauvais buzz accro\u00eet-il la notori\u00e9t\u00e9 d&#039;une marque ?<\/title>\n<meta name=\"description\" content=\"Un mauvais buzz accro\u00eet-il la notori\u00e9t\u00e9 d&#039;une marque qui le subit ? La s\u00e9lection du jour est cet article du Monde sugg\u00e9r\u00e9 par Samuel P\u00e9ron\" \/>\n<meta name=\"robots\" content=\"index, follow, max-snippet:-1, max-image-preview:large, max-video-preview:-1\" \/>\n<link rel=\"canonical\" href=\"https:\/\/visionarymarketing.com\/fr\/2011\/11\/29\/mauvais-buzz-notoriete\/\" \/>\n<meta property=\"og:locale\" content=\"fr_FR\" \/>\n<meta property=\"og:type\" content=\"article\" \/>\n<meta property=\"og:title\" content=\"Un mauvais buzz accro\u00eet-il la notori\u00e9t\u00e9 d&#039;une marque ?\" \/>\n<meta property=\"og:description\" content=\"Un mauvais buzz accro\u00eet-il la notori\u00e9t\u00e9 d&#039;une marque qui le subit ? La s\u00e9lection du jour est cet article du Monde sugg\u00e9r\u00e9 par Samuel P\u00e9ron\" \/>\n<meta property=\"og:url\" content=\"https:\/\/visionarymarketing.com\/fr\/2011\/11\/29\/mauvais-buzz-notoriete\/\" \/>\n<meta property=\"og:site_name\" content=\"Marketing and Innovation\" \/>\n<meta property=\"article:publisher\" content=\"https:\/\/www.facebook.com\/vismktg\" \/>\n<meta property=\"article:author\" content=\"http:\/\/facebook.com\/ygourven\" \/>\n<meta property=\"article:published_time\" content=\"2011-11-29T07:34:24+00:00\" \/>\n<meta property=\"article:modified_time\" content=\"2022-04-25T16:01:31+00:00\" \/>\n<meta property=\"og:image\" content=\"https:\/\/visionarymarketing.com\/wp-content\/uploads\/2011\/11\/Durec-logo-e1583951959119.png\" \/>\n\t<meta property=\"og:image:width\" content=\"3000\" \/>\n\t<meta property=\"og:image:height\" content=\"1700\" \/>\n\t<meta property=\"og:image:type\" content=\"image\/png\" \/>\n<meta name=\"author\" content=\"Yann Gourvennec\" \/>\n<meta name=\"twitter:card\" content=\"summary_large_image\" \/>\n<meta name=\"twitter:creator\" content=\"@ygourven\" \/>\n<meta name=\"twitter:site\" content=\"@ygourven\" \/>\n<meta name=\"twitter:label1\" content=\"\u00c9crit par\" \/>\n\t<meta name=\"twitter:data1\" content=\"Yann Gourvennec\" \/>\n\t<meta name=\"twitter:label2\" content=\"Dur\u00e9e de lecture estim\u00e9e\" \/>\n\t<meta name=\"twitter:data2\" content=\"3 minutes\" \/>\n<script type=\"application\/ld+json\" class=\"yoast-schema-graph\">{\"@context\":\"https:\\\/\\\/schema.org\",\"@graph\":[{\"@type\":\"NewsArticle\",\"@id\":\"https:\\\/\\\/visionarymarketing.com\\\/fr\\\/2011\\\/11\\\/29\\\/mauvais-buzz-notoriete\\\/#article\",\"isPartOf\":{\"@id\":\"https:\\\/\\\/visionarymarketing.com\\\/fr\\\/2011\\\/11\\\/29\\\/mauvais-buzz-notoriete\\\/\"},\"author\":{\"name\":\"Yann Gourvennec\",\"@id\":\"https:\\\/\\\/visionarymarketing.com\\\/fr\\\/#\\\/schema\\\/person\\\/3754fee1e558f47b8deb46f53c37423e\"},\"headline\":\"Un mauvais buzz accro\u00eet-il la notori\u00e9t\u00e9 d&rsquo;une marque ?\",\"datePublished\":\"2011-11-29T07:34:24+00:00\",\"dateModified\":\"2022-04-25T16:01:31+00:00\",\"mainEntityOfPage\":{\"@id\":\"https:\\\/\\\/visionarymarketing.com\\\/fr\\\/2011\\\/11\\\/29\\\/mauvais-buzz-notoriete\\\/\"},\"wordCount\":503,\"commentCount\":0,\"image\":{\"@id\":\"https:\\\/\\\/visionarymarketing.com\\\/fr\\\/2011\\\/11\\\/29\\\/mauvais-buzz-notoriete\\\/#primaryimage\"},\"thumbnailUrl\":\"https:\\\/\\\/visionarymarketing.com\\\/wp-content\\\/uploads\\\/2011\\\/11\\\/Durec-logo-e1583951959119.png\",\"articleSection\":[\"m\u00e9dias \\\/ r\u00e9seaux sociaux\"],\"inLanguage\":\"fr-FR\",\"potentialAction\":[{\"@type\":\"CommentAction\",\"name\":\"Comment\",\"target\":[\"https:\\\/\\\/visionarymarketing.com\\\/fr\\\/2011\\\/11\\\/29\\\/mauvais-buzz-notoriete\\\/#respond\"]}]},{\"@type\":\"WebPage\",\"@id\":\"https:\\\/\\\/visionarymarketing.com\\\/fr\\\/2011\\\/11\\\/29\\\/mauvais-buzz-notoriete\\\/\",\"url\":\"https:\\\/\\\/visionarymarketing.com\\\/fr\\\/2011\\\/11\\\/29\\\/mauvais-buzz-notoriete\\\/\",\"name\":\"Un mauvais buzz accro\u00eet-il la notori\u00e9t\u00e9 d'une marque ?\",\"isPartOf\":{\"@id\":\"https:\\\/\\\/visionarymarketing.com\\\/fr\\\/#website\"},\"primaryImageOfPage\":{\"@id\":\"https:\\\/\\\/visionarymarketing.com\\\/fr\\\/2011\\\/11\\\/29\\\/mauvais-buzz-notoriete\\\/#primaryimage\"},\"image\":{\"@id\":\"https:\\\/\\\/visionarymarketing.com\\\/fr\\\/2011\\\/11\\\/29\\\/mauvais-buzz-notoriete\\\/#primaryimage\"},\"thumbnailUrl\":\"https:\\\/\\\/visionarymarketing.com\\\/wp-content\\\/uploads\\\/2011\\\/11\\\/Durec-logo-e1583951959119.png\",\"datePublished\":\"2011-11-29T07:34:24+00:00\",\"dateModified\":\"2022-04-25T16:01:31+00:00\",\"author\":{\"@id\":\"https:\\\/\\\/visionarymarketing.com\\\/fr\\\/#\\\/schema\\\/person\\\/3754fee1e558f47b8deb46f53c37423e\"},\"description\":\"Un mauvais buzz accro\u00eet-il la notori\u00e9t\u00e9 d'une marque qui le subit ? La s\u00e9lection du jour est cet article du Monde sugg\u00e9r\u00e9 par Samuel P\u00e9ron\",\"breadcrumb\":{\"@id\":\"https:\\\/\\\/visionarymarketing.com\\\/fr\\\/2011\\\/11\\\/29\\\/mauvais-buzz-notoriete\\\/#breadcrumb\"},\"inLanguage\":\"fr-FR\",\"potentialAction\":[{\"@type\":\"ReadAction\",\"target\":[\"https:\\\/\\\/visionarymarketing.com\\\/fr\\\/2011\\\/11\\\/29\\\/mauvais-buzz-notoriete\\\/\"]}]},{\"@type\":\"ImageObject\",\"inLanguage\":\"fr-FR\",\"@id\":\"https:\\\/\\\/visionarymarketing.com\\\/fr\\\/2011\\\/11\\\/29\\\/mauvais-buzz-notoriete\\\/#primaryimage\",\"url\":\"https:\\\/\\\/visionarymarketing.com\\\/wp-content\\\/uploads\\\/2011\\\/11\\\/Durec-logo-e1583951959119.png\",\"contentUrl\":\"https:\\\/\\\/visionarymarketing.com\\\/wp-content\\\/uploads\\\/2011\\\/11\\\/Durec-logo-e1583951959119.png\",\"width\":520,\"height\":340,\"caption\":\"Effet Festina Durex\"},{\"@type\":\"BreadcrumbList\",\"@id\":\"https:\\\/\\\/visionarymarketing.com\\\/fr\\\/2011\\\/11\\\/29\\\/mauvais-buzz-notoriete\\\/#breadcrumb\",\"itemListElement\":[{\"@type\":\"ListItem\",\"position\":1,\"name\":\"Home\",\"item\":\"https:\\\/\\\/visionarymarketing.com\\\/fr\\\/\"},{\"@type\":\"ListItem\",\"position\":2,\"name\":\"Un mauvais buzz accro\u00eet-il la notori\u00e9t\u00e9 d&rsquo;une marque ?\"}]},{\"@type\":\"WebSite\",\"@id\":\"https:\\\/\\\/visionarymarketing.com\\\/fr\\\/#website\",\"url\":\"https:\\\/\\\/visionarymarketing.com\\\/fr\\\/\",\"name\":\"Marketing and Innovation\",\"description\":\"Site d&#039;infos ind\u00e9pendant, depuis 1996\",\"potentialAction\":[{\"@type\":\"SearchAction\",\"target\":{\"@type\":\"EntryPoint\",\"urlTemplate\":\"https:\\\/\\\/visionarymarketing.com\\\/fr\\\/?s={search_term_string}\"},\"query-input\":{\"@type\":\"PropertyValueSpecification\",\"valueRequired\":true,\"valueName\":\"search_term_string\"}}],\"inLanguage\":\"fr-FR\"},{\"@type\":\"Person\",\"@id\":\"https:\\\/\\\/visionarymarketing.com\\\/fr\\\/#\\\/schema\\\/person\\\/3754fee1e558f47b8deb46f53c37423e\",\"name\":\"Yann Gourvennec\",\"image\":{\"@type\":\"ImageObject\",\"inLanguage\":\"fr-FR\",\"@id\":\"https:\\\/\\\/secure.gravatar.com\\\/avatar\\\/5972001801e8de5692a3e31224e85769f50a55fb8b679749f9c8d1868cceff14?s=96&d=initials&r=g&initials=yg\",\"url\":\"https:\\\/\\\/secure.gravatar.com\\\/avatar\\\/5972001801e8de5692a3e31224e85769f50a55fb8b679749f9c8d1868cceff14?s=96&d=initials&r=g&initials=yg\",\"contentUrl\":\"https:\\\/\\\/secure.gravatar.com\\\/avatar\\\/5972001801e8de5692a3e31224e85769f50a55fb8b679749f9c8d1868cceff14?s=96&d=initials&r=g&initials=yg\",\"caption\":\"Yann Gourvennec\"},\"description\":\"Yann Gourvennec created visionarymarketing.com in 1996. He is a speaker and author of many books. In 2014 he went from intrapreneur to entrepreneur, when he created his digital marketing agency. Yann Gourvennec a cr\u00e9\u00e9 visionarymarketing.com en 1996. Il est conf\u00e9rencier et auteur de plusieurs livres. En 2014, il est pass\u00e9 d'intrapreneur \u00e0 entrepreneur en cr\u00e9ant son agence de marketing num\u00e9rique.\",\"sameAs\":[\"https:\\\/\\\/visionarymarketing.com\",\"http:\\\/\\\/facebook.com\\\/ygourven\",\"http:\\\/\\\/linkedin.com\\\/in\\\/ygourven\",\"https:\\\/\\\/x.com\\\/ygourven\",\"https:\\\/\\\/www.youtube.com\\\/c\\\/visionarymarketingagency\"],\"url\":\"https:\\\/\\\/visionarymarketing.com\\\/fr\\\/author\\\/yann-gourvennec\\\/\"}]}<\/script>\n<!-- \/ Yoast SEO plugin. -->","yoast_head_json":{"title":"Un mauvais buzz accro\u00eet-il la notori\u00e9t\u00e9 d'une marque ?","description":"Un mauvais buzz accro\u00eet-il la notori\u00e9t\u00e9 d'une marque qui le subit ? La s\u00e9lection du jour est cet article du Monde sugg\u00e9r\u00e9 par Samuel P\u00e9ron","robots":{"index":"index","follow":"follow","max-snippet":"max-snippet:-1","max-image-preview":"max-image-preview:large","max-video-preview":"max-video-preview:-1"},"canonical":"https:\/\/visionarymarketing.com\/fr\/2011\/11\/29\/mauvais-buzz-notoriete\/","og_locale":"fr_FR","og_type":"article","og_title":"Un mauvais buzz accro\u00eet-il la notori\u00e9t\u00e9 d'une marque ?","og_description":"Un mauvais buzz accro\u00eet-il la notori\u00e9t\u00e9 d'une marque qui le subit ? La s\u00e9lection du jour est cet article du Monde sugg\u00e9r\u00e9 par Samuel P\u00e9ron","og_url":"https:\/\/visionarymarketing.com\/fr\/2011\/11\/29\/mauvais-buzz-notoriete\/","og_site_name":"Marketing and Innovation","article_publisher":"https:\/\/www.facebook.com\/vismktg","article_author":"http:\/\/facebook.com\/ygourven","article_published_time":"2011-11-29T07:34:24+00:00","article_modified_time":"2022-04-25T16:01:31+00:00","og_image":[{"width":3000,"height":1700,"url":"https:\/\/visionarymarketing.com\/wp-content\/uploads\/2011\/11\/Durec-logo-e1583951959119.png","type":"image\/png"}],"author":"Yann Gourvennec","twitter_card":"summary_large_image","twitter_creator":"@ygourven","twitter_site":"@ygourven","twitter_misc":{"\u00c9crit par":"Yann Gourvennec","Dur\u00e9e de lecture estim\u00e9e":"3 minutes"},"schema":{"@context":"https:\/\/schema.org","@graph":[{"@type":"NewsArticle","@id":"https:\/\/visionarymarketing.com\/fr\/2011\/11\/29\/mauvais-buzz-notoriete\/#article","isPartOf":{"@id":"https:\/\/visionarymarketing.com\/fr\/2011\/11\/29\/mauvais-buzz-notoriete\/"},"author":{"name":"Yann Gourvennec","@id":"https:\/\/visionarymarketing.com\/fr\/#\/schema\/person\/3754fee1e558f47b8deb46f53c37423e"},"headline":"Un mauvais buzz accro\u00eet-il la notori\u00e9t\u00e9 d&rsquo;une marque ?","datePublished":"2011-11-29T07:34:24+00:00","dateModified":"2022-04-25T16:01:31+00:00","mainEntityOfPage":{"@id":"https:\/\/visionarymarketing.com\/fr\/2011\/11\/29\/mauvais-buzz-notoriete\/"},"wordCount":503,"commentCount":0,"image":{"@id":"https:\/\/visionarymarketing.com\/fr\/2011\/11\/29\/mauvais-buzz-notoriete\/#primaryimage"},"thumbnailUrl":"https:\/\/visionarymarketing.com\/wp-content\/uploads\/2011\/11\/Durec-logo-e1583951959119.png","articleSection":["m\u00e9dias \/ r\u00e9seaux sociaux"],"inLanguage":"fr-FR","potentialAction":[{"@type":"CommentAction","name":"Comment","target":["https:\/\/visionarymarketing.com\/fr\/2011\/11\/29\/mauvais-buzz-notoriete\/#respond"]}]},{"@type":"WebPage","@id":"https:\/\/visionarymarketing.com\/fr\/2011\/11\/29\/mauvais-buzz-notoriete\/","url":"https:\/\/visionarymarketing.com\/fr\/2011\/11\/29\/mauvais-buzz-notoriete\/","name":"Un mauvais buzz accro\u00eet-il la notori\u00e9t\u00e9 d'une marque ?","isPartOf":{"@id":"https:\/\/visionarymarketing.com\/fr\/#website"},"primaryImageOfPage":{"@id":"https:\/\/visionarymarketing.com\/fr\/2011\/11\/29\/mauvais-buzz-notoriete\/#primaryimage"},"image":{"@id":"https:\/\/visionarymarketing.com\/fr\/2011\/11\/29\/mauvais-buzz-notoriete\/#primaryimage"},"thumbnailUrl":"https:\/\/visionarymarketing.com\/wp-content\/uploads\/2011\/11\/Durec-logo-e1583951959119.png","datePublished":"2011-11-29T07:34:24+00:00","dateModified":"2022-04-25T16:01:31+00:00","author":{"@id":"https:\/\/visionarymarketing.com\/fr\/#\/schema\/person\/3754fee1e558f47b8deb46f53c37423e"},"description":"Un mauvais buzz accro\u00eet-il la notori\u00e9t\u00e9 d'une marque qui le subit ? La s\u00e9lection du jour est cet article du Monde sugg\u00e9r\u00e9 par Samuel P\u00e9ron","breadcrumb":{"@id":"https:\/\/visionarymarketing.com\/fr\/2011\/11\/29\/mauvais-buzz-notoriete\/#breadcrumb"},"inLanguage":"fr-FR","potentialAction":[{"@type":"ReadAction","target":["https:\/\/visionarymarketing.com\/fr\/2011\/11\/29\/mauvais-buzz-notoriete\/"]}]},{"@type":"ImageObject","inLanguage":"fr-FR","@id":"https:\/\/visionarymarketing.com\/fr\/2011\/11\/29\/mauvais-buzz-notoriete\/#primaryimage","url":"https:\/\/visionarymarketing.com\/wp-content\/uploads\/2011\/11\/Durec-logo-e1583951959119.png","contentUrl":"https:\/\/visionarymarketing.com\/wp-content\/uploads\/2011\/11\/Durec-logo-e1583951959119.png","width":520,"height":340,"caption":"Effet Festina Durex"},{"@type":"BreadcrumbList","@id":"https:\/\/visionarymarketing.com\/fr\/2011\/11\/29\/mauvais-buzz-notoriete\/#breadcrumb","itemListElement":[{"@type":"ListItem","position":1,"name":"Home","item":"https:\/\/visionarymarketing.com\/fr\/"},{"@type":"ListItem","position":2,"name":"Un mauvais buzz accro\u00eet-il la notori\u00e9t\u00e9 d&rsquo;une marque ?"}]},{"@type":"WebSite","@id":"https:\/\/visionarymarketing.com\/fr\/#website","url":"https:\/\/visionarymarketing.com\/fr\/","name":"Marketing and Innovation","description":"Site d&#039;infos ind\u00e9pendant, depuis 1996","potentialAction":[{"@type":"SearchAction","target":{"@type":"EntryPoint","urlTemplate":"https:\/\/visionarymarketing.com\/fr\/?s={search_term_string}"},"query-input":{"@type":"PropertyValueSpecification","valueRequired":true,"valueName":"search_term_string"}}],"inLanguage":"fr-FR"},{"@type":"Person","@id":"https:\/\/visionarymarketing.com\/fr\/#\/schema\/person\/3754fee1e558f47b8deb46f53c37423e","name":"Yann Gourvennec","image":{"@type":"ImageObject","inLanguage":"fr-FR","@id":"https:\/\/secure.gravatar.com\/avatar\/5972001801e8de5692a3e31224e85769f50a55fb8b679749f9c8d1868cceff14?s=96&d=initials&r=g&initials=yg","url":"https:\/\/secure.gravatar.com\/avatar\/5972001801e8de5692a3e31224e85769f50a55fb8b679749f9c8d1868cceff14?s=96&d=initials&r=g&initials=yg","contentUrl":"https:\/\/secure.gravatar.com\/avatar\/5972001801e8de5692a3e31224e85769f50a55fb8b679749f9c8d1868cceff14?s=96&d=initials&r=g&initials=yg","caption":"Yann Gourvennec"},"description":"Yann Gourvennec created visionarymarketing.com in 1996. He is a speaker and author of many books. In 2014 he went from intrapreneur to entrepreneur, when he created his digital marketing agency. Yann Gourvennec a cr\u00e9\u00e9 visionarymarketing.com en 1996. Il est conf\u00e9rencier et auteur de plusieurs livres. En 2014, il est pass\u00e9 d'intrapreneur \u00e0 entrepreneur en cr\u00e9ant son agence de marketing num\u00e9rique.","sameAs":["https:\/\/visionarymarketing.com","http:\/\/facebook.com\/ygourven","http:\/\/linkedin.com\/in\/ygourven","https:\/\/x.com\/ygourven","https:\/\/www.youtube.com\/c\/visionarymarketingagency"],"url":"https:\/\/visionarymarketing.com\/fr\/author\/yann-gourvennec\/"}]}},"_links":{"self":[{"href":"https:\/\/visionarymarketing.com\/fr\/wp-json\/wp\/v2\/posts\/5294","targetHints":{"allow":["GET"]}}],"collection":[{"href":"https:\/\/visionarymarketing.com\/fr\/wp-json\/wp\/v2\/posts"}],"about":[{"href":"https:\/\/visionarymarketing.com\/fr\/wp-json\/wp\/v2\/types\/post"}],"author":[{"embeddable":true,"href":"https:\/\/visionarymarketing.com\/fr\/wp-json\/wp\/v2\/users\/2"}],"replies":[{"embeddable":true,"href":"https:\/\/visionarymarketing.com\/fr\/wp-json\/wp\/v2\/comments?post=5294"}],"version-history":[{"count":0,"href":"https:\/\/visionarymarketing.com\/fr\/wp-json\/wp\/v2\/posts\/5294\/revisions"}],"wp:featuredmedia":[{"embeddable":true,"href":"https:\/\/visionarymarketing.com\/fr\/wp-json\/wp\/v2\/media\/51051"}],"wp:attachment":[{"href":"https:\/\/visionarymarketing.com\/fr\/wp-json\/wp\/v2\/media?parent=5294"}],"wp:term":[{"taxonomy":"category","embeddable":true,"href":"https:\/\/visionarymarketing.com\/fr\/wp-json\/wp\/v2\/categories?post=5294"},{"taxonomy":"post_tag","embeddable":true,"href":"https:\/\/visionarymarketing.com\/fr\/wp-json\/wp\/v2\/tags?post=5294"}],"curies":[{"name":"wp","href":"https:\/\/api.w.org\/{rel}","templated":true}]}}