{"id":52264,"date":"2020-04-06T08:15:51","date_gmt":"2020-04-06T06:15:51","guid":{"rendered":"https:\/\/visionarymarketing.com\/?p=52264"},"modified":"2021-07-14T18:13:55","modified_gmt":"2021-07-14T16:13:55","slug":"transformation-digitale-coronavirus","status":"publish","type":"post","link":"https:\/\/visionarymarketing.com\/fr\/2020\/04\/06\/transformation-digitale-coronavirus\/","title":{"rendered":"La transformation digitale s\u2019est-elle acc\u00e9l\u00e9r\u00e9e sous l\u2019effet du coronavirus\u00a0?"},"content":{"rendered":"<p><em>La transformation digitale s&rsquo;est-elle acc\u00e9l\u00e9r\u00e9e sous l\u2019effet du coronavirus\u00a0? L\u2019assertion pourrait faire rire. Et pourtant. Au-del\u00e0 des impacts n\u00e9gatifs imm\u00e9diats sur l\u2019\u00e9conomie, si on se force \u00e0 prendre un peu de recul, la crise actuelle, entre autres choses, a eu pour effet de faire d\u00e9coller le t\u00e9l\u00e9travail de mani\u00e8re syst\u00e9matique et brutale. Ces nouvelles habitudes auront sans doute des impacts durables sur la mani\u00e8re dont nous organisons nos entreprises. De l\u00e0 \u00e0 dire que la transformation digitale s\u2019est enfin op\u00e9r\u00e9e \u00e0 marche forc\u00e9e sous la menace d\u2019un virus, il n\u2019y a qu\u2019un pas que nombre d\u2019observateurs n\u2019h\u00e9sitent pas \u00e0 franchir. Ont-ils raison\u00a0? Nouvel \u00e9pisode de notre s\u00e9rie sur l&rsquo;environnement du futur r\u00e9alis\u00e9 avec <a href=\"https:\/\/selceon.com\" target=\"_blank\" rel=\"noopener noreferrer\">Selceon<\/a>.<\/em><\/p>\n<h2>La marche forc\u00e9e de la transformation digitale sous l\u2019effet du coronavirus<\/h2>\n<p>Quand j\u2019ai demand\u00e9 \u00e0 <a href=\"https:\/\/visionarymarketing.com\/fr\/2019\/09\/transformation-digitale-2-0\/\">Michael Tartar et David Fayon de me citer un v\u00e9ritable exemple de transformation digitale r\u00e9ussie<\/a>, l\u2019\u00e9t\u00e9 dernier au moment de leur visite de promotion de la V2 de leur ouvrage strat\u00e9gique chez Pearson, j\u2019ai fait chou-blanc.<\/p>\n<figure id=\"attachment_52268\" aria-describedby=\"caption-attachment-52268\" style=\"width: 673px\" class=\"wp-caption aligncenter\"><img decoding=\"async\" class=\"wp-image-52268 size-full\" src=\"https:\/\/visionarymarketing.com\/wp-content\/uploads\/2020\/04\/transfo-digitale-coronavirus-1-e1586149929112.jpg\" alt=\"Qui est responsable de la transformation digitale de votre entreprise ? Le coronavirus bien entendu (livr\u00e9 tel-quel et avec les fautes d\u2019orthographe et en globish dans le texte)\" width=\"673\" height=\"340\" \/><figcaption id=\"caption-attachment-52268\" class=\"wp-caption-text\">Qui est responsable de la transformation digitale de votre entreprise ? Le coronavirus bien entendu (livr\u00e9 tel-quel et avec les fautes d\u2019orthographe et en globish dans le texte)<\/figcaption><\/figure>\n<p><!--more--><\/p>\n<p>Des exemples de digitalisation et d\u2019utilisation intelligente de l\u2019informatique, m\u2019ont-ils racont\u00e9 en substance, nous en trouvons beaucoup, mais des organisations \u00e9tablies qui se sont transform\u00e9es int\u00e9gralement sous l\u2019effet majeur de la pouss\u00e9e technologique \u2026 (Je mets ici les sacrosaints GAFAM, les pure players et m\u00eame les \u00e9diteurs de logiciels volontairement de c\u00f4t\u00e9).<\/p>\n<hr \/>\n<figure id=\"attachment_54676\" aria-describedby=\"caption-attachment-54676\" style=\"width: 650px\" class=\"wp-caption aligncenter\"><a href=\"https:\/\/visionarymarketing.com\/blog\/environnement-travail-futur\/\"><img decoding=\"async\" class=\"wp-image-54676 size-full\" src=\"https:\/\/visionarymarketing.com\/wp-content\/uploads\/2020\/09\/et-banniere-large.png\" alt=\"\" width=\"650\" height=\"174\" srcset=\"https:\/\/visionarymarketing.com\/wp-content\/uploads\/2020\/09\/et-banniere-large.png 650w, https:\/\/visionarymarketing.com\/wp-content\/uploads\/2020\/09\/et-banniere-large-500x134.png 500w\" sizes=\"(max-width: 650px) 100vw, 650px\" \/><\/a><figcaption id=\"caption-attachment-54676\" class=\"wp-caption-text\">Le dossier sur l\u2019<a href=\"https:\/\/visionarymarketing.com\/fr\/environnement-travail-futur\/\" target=\"_blank\" rel=\"noopener noreferrer\">environnement du travail de demain<\/a>\u00a0est r\u00e9alis\u00e9 avec\u00a0<a href=\"http:\/\/selceon.com\/\" target=\"_blank\" rel=\"noopener noreferrer\">Selceon<\/a><\/figcaption><\/figure>\n<hr \/>\n<p>Mais il semblerait bien que la situation ait chang\u00e9 du tout au tout en trois semaines \u00e0 peine. Aussi \u00e9trange que cela puisse para\u00eetre, c\u2019est un m\u00e9chant virus qui a mis un coup de pouce \u00e0 cette transformation manag\u00e9riale, strat\u00e9gique et technologique qui tra\u00eenait depuis si longtemps.<\/p>\n<p>Visionary Marketing m\u00e8ne l\u2019enqu\u00eate dans ce nouveau billet de la s\u00e9rie sur l\u2019environnement de travail. Et celle-ci commence par un peu d\u2019humour.<\/p>\n<h3>Quand le coronavirus fait passer la transformation digitale au cran sup\u00e9rieur<\/h3>\n<p>La semaine derni\u00e8re, j\u2019ai vu passer bon nombre de partages de photos et de vid\u00e9os, dont certaines hilarantes, qui se moquaient pas mal de la situation actuelle. Apr\u00e8s tout, c\u2019est bien connu, pour vivre heureux, il faut savoir se moquer des choses les plus graves.<\/p>\n<p>Mais entre les lignes du sketch vid\u00e9o <a href=\"https:\/\/fr.wikipedia.org\/wiki\/Arnaud_Demanche\">d\u2019Arnaud Demanche<\/a> (baptis\u00e9 \u00ab\u00a0prince de l\u2019humour noir\u00a0\u00bb par Voici), apparemment anodines, une petite musique commen\u00e7ait \u00e0 se faire entendre\u00a0: la fameuse transformation digitale, dont nous parlons depuis longtemps sur Visionary Marketing, serait enfin en marche au pays de Descartes. Je cite les phrases qui font mouche :<\/p>\n<p>\u00ab\u00a0\u00c7a fait 3 ans que tous les Patrick* de France gal\u00e8rent \u00e0 installer Skype pour faire du t\u00e9l\u00e9travail, mais d\u00e8s que l\u2019ap\u00e9ro est en jeu, Patrick devient Steve Jobs\u00a0!\u00a0\u00bb<\/p>\n<p>https:\/\/www.facebook.com\/1198915813505130\/videos\/227878578619488\/<\/p>\n<p>Certes, ce n\u2019est pas du Nietzsche, mais il y a du vrai l\u00e0-dedans. Et m\u00eame que Patrick a d\u00e9velopp\u00e9 des comp\u00e9tences dignes des meilleurs analystes de Forrester car il est capable de nous recommander, suite \u00e0 un long et approfondi benchmark, d\u2019utiliser Zoom plut\u00f4t que Skype (m\u00eame si les ap\u00e9ros en question, sont toujours appel\u00e9s \u00ab\u00a0ap\u00e9ros Skype\u00a0\u00bb par Patrick et ses ami\u00b7e\u00b7s). Et s\u2019il ont encore des progr\u00e8s \u00e0 faire en mati\u00e8re de <a href=\"https:\/\/www.cbsnews.com\/news\/zoom-video-conferencing-feature-freeze-security-flaws\/\" target=\"_blank\" rel=\"noopener noreferrer\">cybers\u00e9curit\u00e9<\/a>, on ne peut que constater le progr\u00e8s spectaculaire de nos Patrick.<\/p>\n<p><em>* \u00a0D\u2019avance, je pr\u00e9sente mes excuses \u00e0 tous les Patrick que je connais et qui ne m\u00e9ritent pas ces moqueries, l\u2019expression est de M. Demanche<\/em><\/p>\n<p>Au-del\u00e0 de la plaisanterie, c\u2019est le plongeon dans le grand bain qui a fait la diff\u00e9rence.<\/p>\n<h3>Les VC sur le sentier de la guerre contre le virus<\/h3>\n<p>Mais quelle est la preuve vivante de cette transformation digitale par temps de coronavirus\u00a0?<\/p>\n<p>Pour ceux qui n\u2019en croiraient pas leurs yeux ni leurs oreilles, je suis tomb\u00e9 sur une annonce d\u2019Avolta Partners, le fonds d\u2019investissement co-fond\u00e9 par Patrick Robin**, Philippe Rodriguez et quelques autres, qui corrobore cette impression.<\/p>\n<p><em>** La co\u00efncidence est fortuite. Patrick est un de nos plus anciens et talentueux experts du Net et c\u2019est m\u00eame gr\u00e2ce \u00e0 lui et son kit Imaginet qu\u2019en 1995 j\u2019ai pu me connecter la premi\u00e8re fois.<\/em><\/p>\n<p>Pourquoi cette r\u00e9volution soudaine. Et si elle \u00e9tait en fait l\u2019aboutissement d\u2019un long processus\u00a0?<\/p>\n<p>Voici tout d\u2019abord l\u2019extrait de ce courrier re\u00e7u samedi matin, et que j\u2019ai eu la gentillesse de vous traduire en bon fran\u00e7ais\u00a0:<\/p>\n<blockquote class=\"quote-light\">\n<h4>Tendances technologiques fran\u00e7aises contre Covid-19***<\/h4>\n<p><strong>Num\u00e9rique : quels sont les secteurs qui devraient b\u00e9n\u00e9ficier de la fin de la crise ?<\/strong><\/p><\/blockquote>\n<p><span style=\"color: #000080;\"><strong><img decoding=\"async\" class=\"alignright wp-image-52280 size-full\" src=\"https:\/\/visionarymarketing.com\/wp-content\/uploads\/2020\/04\/avolta-partners-e1586150853812.png\" alt=\"\" width=\"200\" height=\"60\" \/>\u00ab\u00a0La transformation num\u00e9rique des entreprises et du secteur public pourrait enfin s&rsquo;acc\u00e9l\u00e9rer. Certains<\/strong> d&rsquo;entre nous pensent que cette crise <strong>devrait enfin encourager et acc\u00e9l\u00e9rer la transformation num\u00e9rique des entreprises fran\u00e7aises<\/strong>&#8211; non seulement celle du <strong>CAC 40 et de nos ETI mais de nos PME<\/strong> &#8211; et, esp\u00e9rons-le, encourager aussi la num\u00e9risation de <strong>l&rsquo;administration<\/strong> ? Les entreprises num\u00e9riques, les start-ups, pourraient en effet b\u00e9n\u00e9ficier de l&rsquo;apr\u00e8s-Covid-19 et sortir renforc\u00e9es de cette \u00e9preuve, gr\u00e2ce notamment \u00e0 une demande tr\u00e8s soutenue\u00a0\u00bb.<\/span><\/p>\n<p><em>*** Ce titre est celui d\u2019Avolta Partners<\/em><\/p>\n<h3>O\u00f9 va le monde, il nous faut un macroscope pour le savoir<\/h3>\n<figure id=\"attachment_52277\" aria-describedby=\"caption-attachment-52277\" style=\"width: 182px\" class=\"wp-caption alignright\"><img decoding=\"async\" class=\"wp-image-52277 size-medium\" src=\"https:\/\/visionarymarketing.com\/wp-content\/uploads\/2020\/04\/2020-04-0432-182x300.jpg\" alt=\"transformation digitale coronavirus\" width=\"182\" height=\"300\" srcset=\"https:\/\/visionarymarketing.com\/wp-content\/uploads\/2020\/04\/2020-04-0432-182x300.jpg 182w, https:\/\/visionarymarketing.com\/wp-content\/uploads\/2020\/04\/2020-04-0432-622x1024.jpg 622w, https:\/\/visionarymarketing.com\/wp-content\/uploads\/2020\/04\/2020-04-0432-768x1265.jpg 768w, https:\/\/visionarymarketing.com\/wp-content\/uploads\/2020\/04\/2020-04-0432-933x1536.jpg 933w, https:\/\/visionarymarketing.com\/wp-content\/uploads\/2020\/04\/2020-04-0432-1243x2048.jpg 1243w, https:\/\/visionarymarketing.com\/wp-content\/uploads\/2020\/04\/2020-04-0432.jpg 350w\" sizes=\"(max-width: 182px) 100vw, 182px\" \/><figcaption id=\"caption-attachment-52277\" class=\"wp-caption-text\">Le g\u00e9nial Macroscope de Jo\u00ebl de Rosnay &#8211; 1975<\/figcaption><\/figure>\n<p>Honn\u00eatement, personne ne sait o\u00f9 va le monde, mais on ne peut nier que si l\u2019argent va quelque part, c\u2019est qu\u2019il doit y avoir encore plus d\u2019argent \u00e0 se faire.<\/p>\n<p>Plus s\u00e9rieusement, cette question de la latence de l\u2019innovation et de sa lente percolation au travers de la soci\u00e9t\u00e9 m\u2019a fait penser \u00e0 un vieux livre que j\u2019ai retrouv\u00e9 sans probl\u00e8me sur mon \u00e9tag\u00e8re, tant je le ch\u00e9ris.<\/p>\n<p>Il ne s\u2019agit pourtant que d\u2019un vulgaire livre de poche achet\u00e9 dans les ann\u00e9es 80, mais ce livre est encore bien plus vieux, il date de 1975\u00a0!<\/p>\n<p>Et voici mon sch\u00e9ma f\u00e9tiche, il est d\u2019Anne Boisselier-Puybareaud sur une id\u00e9e de l\u2019auteur.<\/p>\n<figure id=\"attachment_52275\" aria-describedby=\"caption-attachment-52275\" style=\"width: 750px\" class=\"wp-caption aligncenter\"><img decoding=\"async\" class=\"wp-image-52275 size-full\" src=\"https:\/\/visionarymarketing.com\/wp-content\/uploads\/2020\/04\/2020-04-0401-scaled-e1586150605939.jpg\" alt=\"transformation digitale et cororavirus\" width=\"750\" height=\"278\" \/><figcaption id=\"caption-attachment-52275\" class=\"wp-caption-text\">Le sch\u00e9ma tir\u00e9 de la page 201 du macroscope de Jo\u00ebl de Rosnay (1975) \u2013 ce sch\u00e9ma m\u2019avait inspir\u00e9 une planche du marketing finalitaire (1995), le document fondateur (Visionary Marketing en anglais) qui a donn\u00e9 naissance \u00e0 ce site.<\/figcaption><\/figure>\n<h3>Retour aux sources\u00a0: le macroscope de Jo\u00ebl de Rosnay<\/h3>\n<p>Dire que ce livre est extraordinaire serait un euph\u00e9misme. Aussi impressionnant dans le fond que dans la forme, il d\u00e9crit le monde que nos Patrick viennent seulement de d\u00e9couvrir aujourd\u2019hui et qui \u00e9tait en gestation depuis pr\u00e8s d\u2019un demi-si\u00e8cle.<\/p>\n<p>Voici ce que de Rosnay \u00e9crivait alors en \u00e9voquant \u00ab\u00a0l\u2019information et la soci\u00e9t\u00e9 interactive\u00a0\u00bb dans un chapitre ainsi intitul\u00e9.<\/p>\n<h3>La soci\u00e9t\u00e9 en temps r\u00e9el et de l&rsquo;information horizontale<\/h3>\n<blockquote class=\"quote-light\"><p><em>Extrait du \u201cmacroscope\u201d de Jo\u00ebl de Rosnay, pp. 201-202 (1975) <\/em><\/p><\/blockquote>\n<p><span style=\"color: #000080;\"><strong>\u00ab\u00a0La lenteur de sa mise en place peut \u00eatre expliqu\u00e9e par le \u00ab prix \u00bb tr\u00e8s \u00e9lev\u00e9 qu\u2019il faut payer en informations (sous forme de l\u2019\u00e9ducation n\u00e9cessaire \u00e0 tous les niveaux) pour que chaque individu puisse participer efficacement \u00e0 l\u2019organisation et au d\u00e9veloppement de la soci\u00e9t\u00e9<\/strong>. Toute cr\u00e9ation d\u2019organisation nouvelle (qui est, je le rappelle, \u00e9quivalente \u00e0 une forme d\u2019\u00e9nergie potentielle appel\u00e9e n\u00e9guentropie) doit \u00eatre en effet contrebalanc\u00e9e par une tr\u00e8s importante d\u00e9pense en informations.<\/span><\/p>\n<p><span style=\"color: #000080;\">A ces deux syst\u00e8mes d\u2019informations descendantes ou montantes se superpose tout le r\u00e9seau des communications horizontales, de personne \u00e0 personne, ou de personne \u00e0 machine. Par l\u2019interm\u00e9diaire du t\u00e9l\u00e9phone ou du courrier tout d\u2019abord, puis par l\u2019interm\u00e9diaire des syst\u00e8mes interactifs \u00e9lectroniques qui se mettent en place peu \u00e0 peu. C\u2019est l\u2019int\u00e9gration de ces trois syst\u00e8mes de communication qui constitue l\u2019\u00e9bauche de l\u2019infrastructure de la soci\u00e9t\u00e9 en temps r\u00e9el\u00a0\u00bb**.<\/span><\/p>\n<p><span style=\"color: #000080;\"><em>** <strong>Les circuits de l\u2019information montante et descendante n\u2019existent qu\u2019en raison de la centralisation des pouvoirs<\/strong>. Dans une soci\u00e9t\u00e9 interactive et participative d\u00e9centralis\u00e9e, la richesse des interactions en temps r\u00e9el se fonde sur la diversit\u00e9 des \u00e9changes entre les individus. <strong>La d\u00e9centralisation du pouvoir passe obligatoirement par l\u2019accroissement de la responsabilit\u00e9 individuelle et le pluralisme<\/strong>.\u201d<\/em><\/span><\/p>\n<p>Voil\u00e0 qui est dit. Un lent processus de prise de conscience, avec un besoin de formation aigu.<\/p>\n<p>Mais ceci ne se r\u00e9alise pas vraiment dans les salles de classe. Le travail collaboratif et \u00ab\u00a0la soci\u00e9t\u00e9 interactive\u00a0\u00bb d\u00e9crite par de Rosnay ne sont pas que des outils ni des recettes \u00e0 apprendre par c\u0153ur (cela est d\u2019ailleurs impossible tant ces outils changent vite), mais bien une question de vision du monde, d\u2019apprentissage de l\u2019horizontalit\u00e9.<\/p>\n<p>Un exercice pas si facile que cela, car il exige au pr\u00e9alable la ma\u00eetrise de l\u2019autonomie (et du c\u00f4t\u00e9 du management, celui de la confiance, comme le souligne \u00e0 juste titre l\u2019auteur).<\/p>\n<h3>Incapables de nous voir, nous avons encore plus besoin de nous parler<\/h3>\n<p>Ce qui para\u00eet si difficile d\u2019ordinaire, devient d\u00e9sormais obligatoire. Envoyer un mail \u00e0 son coll\u00e8gue d\u2019en face est un exercice malheureux et inutile auquel se livrent beaucoup trop de cadres et d\u2019employ\u00e9s.<\/p>\n<p>Alors que je venais de cr\u00e9er mon entreprise, et que je croyais \u00eatre enfin lib\u00e9r\u00e9 des affres de cet outil malheureux et fossoyeur de la communication, combien de fois ai-je \u00e9t\u00e9 sid\u00e9r\u00e9 de constater que dans mes propres \u00e9quipes on n\u2019h\u00e9sitait pas \u00e0 envoyer un message \u00e9lectronique \u00e0 la personne qui \u00e9tait \u00e0 peine \u00e0 10 m\u00e8tres de son bureau.<\/p>\n<p>Et avec quelle efficacit\u00e9, je vous le demande. Si je m\u2019en apercevais, c\u2019est qu\u2019au bout d\u2019un moment, \u00e9tonn\u00e9 de n\u2019avoir de r\u00e9ponse \u00e0 mes questions, je d\u00e9couvrais qu\u2019on avait utilis\u00e9 cet outil n\u00e9faste au lieu de se parler.<\/p>\n<p>Ce type de comportements, dont j\u2019ai fini par constater la pr\u00e9sence, jusque dans les soci\u00e9t\u00e9s les plus petites, est en fait significatif de la soci\u00e9t\u00e9 dans son ensemble et de sa d\u00e9shumanisation, non du fait des outils \u00e9lectroniques eux-m\u00eames comme cela est souvent h\u00e2tivement avanc\u00e9, mais <strong>car les personnes ont peur de se confronter<\/strong>, m\u00eame pour des sujets \u00e0 l\u2019apparence anodine.<\/p>\n<p>Mais le coronavirus nous a chang\u00e9 cela. Parler et \u00e9changer redevient d\u00e9sirable. All\u00e9luia\u00a0!<\/p>\n<p>Isol\u00e9s les uns des autres et priv\u00e9s de contacts sociaux dans l\u2019environnement de travail, c\u2019est l\u2019inverse qui se passe, nous devenons tous intens\u00e9ment demandeurs de ces moments de convivialit\u00e9 retrouv\u00e9e, m\u00eame si elle est distante, au travers des outils de t\u00e9l\u00e9conf\u00e9rence et de connexion virtuelle.<\/p>\n<p>Pas seulement pour l\u2019ap\u00e9ro, mais aussi pour le travail de tous les jours.<\/p>\n<p>Parall\u00e8lement, c\u2019est le contact avec nos donn\u00e9es, nos syst\u00e8mes d\u2019information et <strong>surtout les personnes qui les g\u00e8rent<\/strong>, qui devient crucial, et non plus l\u2019endroit o\u00f9 on se trouve.<\/p>\n<p>Cette soci\u00e9t\u00e9 horizontale et interactive aura pris 30 ans \u00e0 construire, et il aura fallu 20 ans au grand public des entreprises pour la ma\u00eetriser. 3 semaines \u00e0 peine de formation acc\u00e9l\u00e9r\u00e9e auront \u00e9t\u00e9 n\u00e9cessaires pour la rendre accessible \u00e0 tous****.<\/p>\n<p>Joel de Rosnay peut \u00eatre content, \u00ab\u00a0les syst\u00e8mes interactifs \u00e9lectroniques\u00a0\u00bb sont bien en place, m\u00eame s\u2019ils ont chang\u00e9 de nom. Mais au-del\u00e0 de ces outils, somme toute banals et anciens (j\u2019ai personnellement introduit la Webconf\u00e9rence avec Webex chez Orange Business Services en 2001), c\u2019est la compr\u00e9hension de la soci\u00e9t\u00e9 interactive qui se fait jour, avec un \u00e9norme espoir d\u2019\u00e9volution des organisations pour les ann\u00e9es \u00e0 venir.<\/p>\n<p>Comme quoi, \u00e0 toute chose malheur est bon.<\/p>\n<p>Affaire \u00e0 suivre.<\/p>\n<p><em>**** pr\u00e9cisons n\u00e9anmoins que nous ne parlons ici que d\u2019une minorit\u00e9 de cols blancs \u00e9valu\u00e9e \u00e0 40%. Un ouvrage \u00e0 para\u00eetre chez Kawa dans les semaines qui viennent, \u00ab\u00a0le confinement expliqu\u00e9 \u00e0 mon boss\u00a0\u00bb donne plus de pr\u00e9cisions \u00e0 ce sujet avec un chapitre d\u00e9di\u00e9 aux d\u00e9laiss\u00e9s du t\u00e9l\u00e9travail et qui a \u00e9t\u00e9 r\u00e9dig\u00e9 par votre serviteur.<\/em><\/p>\n<div itemscope itemtype=\"http:\/\/schema.org\/AudioObject\"><meta itemprop=\"name\" content=\"La transformation digitale s\u2019est-elle acc\u00e9l\u00e9r\u00e9e sous l\u2019effet du coronavirus\u00a0?\" \/><meta itemprop=\"uploadDate\" content=\"2020-04-06T08:15:51+02:00\" \/><meta itemprop=\"encodingFormat\" content=\"audio\/mpeg\" \/><meta itemprop=\"duration\" content=\"PT13M01S\" \/><meta itemprop=\"description\" content=\"La transformation digitale s&#039;est-elle acc\u00e9l\u00e9r\u00e9e sous l\u2019effet du coronavirus\u00a0? L\u2019assertion pourrait faire rire. Et pourtant. Au-del\u00e0 des impacts n\u00e9gatifs imm\u00e9diats sur l\u2019\u00e9conomie, si on se force \u00e0 prendre un peu de recul, la crise actuelle, entre autr...\" \/><meta itemprop=\"contentUrl\" content=\"https:\/\/media.blubrry.com\/visionarymarketing_les\/agence.visionarymarketing.com\/files\/podcasts\/art-10transfo-coronavirus.mp3\" \/><meta itemprop=\"contentSize\" content=\"17.9\" \/><div class=\"powerpress_player\" id=\"powerpress_player_8789\"><audio class=\"wp-audio-shortcode\" id=\"audio-52264-1\" preload=\"none\" style=\"width: 100%;\" controls=\"controls\"><source type=\"audio\/mpeg\" src=\"https:\/\/media.blubrry.com\/visionarymarketing_les\/agence.visionarymarketing.com\/files\/podcasts\/art-10transfo-coronavirus.mp3?_=1\" \/><a href=\"https:\/\/media.blubrry.com\/visionarymarketing_les\/agence.visionarymarketing.com\/files\/podcasts\/art-10transfo-coronavirus.mp3\">https:\/\/media.blubrry.com\/visionarymarketing_les\/agence.visionarymarketing.com\/files\/podcasts\/art-10transfo-coronavirus.mp3<\/a><\/audio><\/div><\/div><p class=\"powerpress_links powerpress_links_mp3\" style=\"margin-bottom: 1px !important;\">Podcast: <a href=\"https:\/\/media.blubrry.com\/visionarymarketing_les\/agence.visionarymarketing.com\/files\/podcasts\/art-10transfo-coronavirus.mp3\" class=\"powerpress_link_pinw\" target=\"_blank\" title=\"Play in new window\" onclick=\"return powerpress_pinw('https:\/\/visionarymarketing.com\/fr\/\/?powerpress_pinw=52264-podcast');\" rel=\"nofollow\">Play in new window<\/a> | <a href=\"https:\/\/media.blubrry.com\/visionarymarketing_les\/agence.visionarymarketing.com\/files\/podcasts\/art-10transfo-coronavirus.mp3\" class=\"powerpress_link_d\" title=\"Download\" rel=\"nofollow\" download=\"art-10transfo-coronavirus.mp3\">Download<\/a> (Duration: 13:01 &#8212; 17.9MB)<\/p><p class=\"powerpress_links powerpress_subscribe_links\">Subscribe: <a href=\"https:\/\/itunes.apple.com\/us\/podcast\/visionarymarketing-les-interviews\/id731295319?mt=2&amp;ls=1#episodeGuid=https%3A%2F%2Fvisionarymarketing.com%2F%3Fp%3D52264\" class=\"powerpress_link_subscribe powerpress_link_subscribe_itunes\" target=\"_blank\" title=\"Subscribe on Apple Podcasts\" rel=\"nofollow\">Apple Podcasts<\/a> | <a href=\"https:\/\/open.spotify.com\/show\/52VnZ1mhVSnDs4tQOx7Vuc\" class=\"powerpress_link_subscribe powerpress_link_subscribe_spotify\" target=\"_blank\" title=\"Subscribe on Spotify\" rel=\"nofollow\">Spotify<\/a> | <a href=\"https:\/\/subscribeonandroid.com\/visionarymarketing.com\/fr\/feed\/podcast\/\" class=\"powerpress_link_subscribe powerpress_link_subscribe_android\" target=\"_blank\" title=\"Subscribe on Android\" rel=\"nofollow\">Android<\/a> | <a href=\"https:\/\/visionarymarketing.com\/fr\/feed\/podcast\/\" class=\"powerpress_link_subscribe powerpress_link_subscribe_rss\" target=\"_blank\" title=\"Subscribe via RSS\" rel=\"nofollow\">RSS<\/a><\/p>","protected":false},"excerpt":{"rendered":"<p>La transformation digitale s&rsquo;est-elle acc\u00e9l\u00e9r\u00e9e sous l\u2019effet du coronavirus\u00a0? L\u2019assertion pourrait faire rire. Et pourtant. Au-del\u00e0 des impacts n\u00e9gatifs imm\u00e9diats sur l\u2019\u00e9conomie, si on se force \u00e0 prendre un peu de recul, la crise actuelle, entre autres choses, a eu pour effet de faire d\u00e9coller le t\u00e9l\u00e9travail de mani\u00e8re syst\u00e9matique et brutale. Ces nouvelles habitudes &hellip;<\/p>\n","protected":false},"author":2,"featured_media":52355,"comment_status":"open","ping_status":"open","sticky":false,"template":"","format":"standard","meta":{"footnotes":""},"categories":[4065,2808],"tags":[],"class_list":["post-52264","post","type-post","status-publish","format-standard","has-post-thumbnail","hentry","category-it-du-futur-aujourdhui","category-transformation-digitale"],"yoast_head":"<!-- This site is optimized with the Yoast SEO plugin v27.4 - https:\/\/yoast.com\/product\/yoast-seo-wordpress\/ -->\n<title>La transformation digitale s\u2019est-elle acc\u00e9l\u00e9r\u00e9e sous l\u2019effet du coronavirus\u00a0?<\/title>\n<meta name=\"description\" content=\"La transformation digitale s&#039;est-elle acc\u00e9l\u00e9r\u00e9e sous l\u2019effet du coronavirus\u00a0? L\u2019assertion pourrait faire rire. Et pourtant. Au-del\u00e0 des impacts n\u00e9gatifs\" \/>\n<meta name=\"robots\" content=\"index, follow, max-snippet:-1, max-image-preview:large, max-video-preview:-1\" \/>\n<link rel=\"canonical\" href=\"https:\/\/visionarymarketing.com\/fr\/2020\/04\/06\/transformation-digitale-coronavirus\/\" \/>\n<meta property=\"og:locale\" content=\"fr_FR\" \/>\n<meta property=\"og:type\" content=\"article\" \/>\n<meta property=\"og:title\" content=\"La transformation digitale s\u2019est-elle acc\u00e9l\u00e9r\u00e9e sous l\u2019effet du coronavirus\u00a0?\" \/>\n<meta property=\"og:description\" content=\"La transformation digitale s&#039;est-elle acc\u00e9l\u00e9r\u00e9e sous l\u2019effet du coronavirus\u00a0? L\u2019assertion pourrait faire rire. Et pourtant. Au-del\u00e0 des impacts n\u00e9gatifs\" \/>\n<meta property=\"og:url\" content=\"https:\/\/visionarymarketing.com\/fr\/2020\/04\/06\/transformation-digitale-coronavirus\/\" \/>\n<meta property=\"og:site_name\" content=\"Marketing and Innovation\" \/>\n<meta property=\"article:publisher\" content=\"https:\/\/www.facebook.com\/vismktg\" \/>\n<meta property=\"article:author\" content=\"http:\/\/facebook.com\/ygourven\" \/>\n<meta property=\"article:published_time\" content=\"2020-04-06T06:15:51+00:00\" \/>\n<meta property=\"article:modified_time\" content=\"2021-07-14T16:13:55+00:00\" \/>\n<meta property=\"og:image\" content=\"https:\/\/visionarymarketing.com\/wp-content\/uploads\/2020\/04\/transformation-digitale-covid-520.jpg\" \/>\n\t<meta property=\"og:image:width\" content=\"520\" \/>\n\t<meta property=\"og:image:height\" content=\"340\" \/>\n\t<meta property=\"og:image:type\" content=\"image\/jpeg\" \/>\n<meta name=\"author\" content=\"Yann Gourvennec\" \/>\n<meta name=\"twitter:card\" content=\"summary_large_image\" \/>\n<meta name=\"twitter:creator\" content=\"@ygourven\" \/>\n<meta name=\"twitter:site\" content=\"@ygourven\" \/>\n<meta name=\"twitter:label1\" content=\"\u00c9crit par\" \/>\n\t<meta name=\"twitter:data1\" content=\"Yann Gourvennec\" \/>\n\t<meta name=\"twitter:label2\" content=\"Dur\u00e9e de lecture estim\u00e9e\" \/>\n\t<meta name=\"twitter:data2\" content=\"11 minutes\" \/>\n<script type=\"application\/ld+json\" class=\"yoast-schema-graph\">{\"@context\":\"https:\\\/\\\/schema.org\",\"@graph\":[{\"@type\":\"NewsArticle\",\"@id\":\"https:\\\/\\\/visionarymarketing.com\\\/fr\\\/2020\\\/04\\\/06\\\/transformation-digitale-coronavirus\\\/#article\",\"isPartOf\":{\"@id\":\"https:\\\/\\\/visionarymarketing.com\\\/fr\\\/2020\\\/04\\\/06\\\/transformation-digitale-coronavirus\\\/\"},\"author\":{\"name\":\"Yann Gourvennec\",\"@id\":\"https:\\\/\\\/visionarymarketing.com\\\/fr\\\/#\\\/schema\\\/person\\\/3754fee1e558f47b8deb46f53c37423e\"},\"headline\":\"La transformation digitale s\u2019est-elle acc\u00e9l\u00e9r\u00e9e sous l\u2019effet du coronavirus\u00a0?\",\"datePublished\":\"2020-04-06T06:15:51+00:00\",\"dateModified\":\"2021-07-14T16:13:55+00:00\",\"mainEntityOfPage\":{\"@id\":\"https:\\\/\\\/visionarymarketing.com\\\/fr\\\/2020\\\/04\\\/06\\\/transformation-digitale-coronavirus\\\/\"},\"wordCount\":2161,\"commentCount\":7,\"image\":{\"@id\":\"https:\\\/\\\/visionarymarketing.com\\\/fr\\\/2020\\\/04\\\/06\\\/transformation-digitale-coronavirus\\\/#primaryimage\"},\"thumbnailUrl\":\"https:\\\/\\\/visionarymarketing.com\\\/wp-content\\\/uploads\\\/2020\\\/04\\\/transformation-digitale-covid-520.jpg\",\"articleSection\":[\"IT du futur aujourd'hui\",\"Transformation\"],\"inLanguage\":\"fr-FR\",\"potentialAction\":[{\"@type\":\"CommentAction\",\"name\":\"Comment\",\"target\":[\"https:\\\/\\\/visionarymarketing.com\\\/fr\\\/2020\\\/04\\\/06\\\/transformation-digitale-coronavirus\\\/#respond\"]}]},{\"@type\":\"WebPage\",\"@id\":\"https:\\\/\\\/visionarymarketing.com\\\/fr\\\/2020\\\/04\\\/06\\\/transformation-digitale-coronavirus\\\/\",\"url\":\"https:\\\/\\\/visionarymarketing.com\\\/fr\\\/2020\\\/04\\\/06\\\/transformation-digitale-coronavirus\\\/\",\"name\":\"La transformation digitale s\u2019est-elle acc\u00e9l\u00e9r\u00e9e sous l\u2019effet du coronavirus\u00a0?\",\"isPartOf\":{\"@id\":\"https:\\\/\\\/visionarymarketing.com\\\/fr\\\/#website\"},\"primaryImageOfPage\":{\"@id\":\"https:\\\/\\\/visionarymarketing.com\\\/fr\\\/2020\\\/04\\\/06\\\/transformation-digitale-coronavirus\\\/#primaryimage\"},\"image\":{\"@id\":\"https:\\\/\\\/visionarymarketing.com\\\/fr\\\/2020\\\/04\\\/06\\\/transformation-digitale-coronavirus\\\/#primaryimage\"},\"thumbnailUrl\":\"https:\\\/\\\/visionarymarketing.com\\\/wp-content\\\/uploads\\\/2020\\\/04\\\/transformation-digitale-covid-520.jpg\",\"datePublished\":\"2020-04-06T06:15:51+00:00\",\"dateModified\":\"2021-07-14T16:13:55+00:00\",\"author\":{\"@id\":\"https:\\\/\\\/visionarymarketing.com\\\/fr\\\/#\\\/schema\\\/person\\\/3754fee1e558f47b8deb46f53c37423e\"},\"description\":\"La transformation digitale s'est-elle acc\u00e9l\u00e9r\u00e9e sous l\u2019effet du coronavirus\u00a0? L\u2019assertion pourrait faire rire. Et pourtant. Au-del\u00e0 des impacts n\u00e9gatifs\",\"breadcrumb\":{\"@id\":\"https:\\\/\\\/visionarymarketing.com\\\/fr\\\/2020\\\/04\\\/06\\\/transformation-digitale-coronavirus\\\/#breadcrumb\"},\"inLanguage\":\"fr-FR\",\"potentialAction\":[{\"@type\":\"ReadAction\",\"target\":[\"https:\\\/\\\/visionarymarketing.com\\\/fr\\\/2020\\\/04\\\/06\\\/transformation-digitale-coronavirus\\\/\"]}]},{\"@type\":\"ImageObject\",\"inLanguage\":\"fr-FR\",\"@id\":\"https:\\\/\\\/visionarymarketing.com\\\/fr\\\/2020\\\/04\\\/06\\\/transformation-digitale-coronavirus\\\/#primaryimage\",\"url\":\"https:\\\/\\\/visionarymarketing.com\\\/wp-content\\\/uploads\\\/2020\\\/04\\\/transformation-digitale-covid-520.jpg\",\"contentUrl\":\"https:\\\/\\\/visionarymarketing.com\\\/wp-content\\\/uploads\\\/2020\\\/04\\\/transformation-digitale-covid-520.jpg\",\"width\":520,\"height\":340,\"caption\":\"transformation coronavirus\"},{\"@type\":\"BreadcrumbList\",\"@id\":\"https:\\\/\\\/visionarymarketing.com\\\/fr\\\/2020\\\/04\\\/06\\\/transformation-digitale-coronavirus\\\/#breadcrumb\",\"itemListElement\":[{\"@type\":\"ListItem\",\"position\":1,\"name\":\"Home\",\"item\":\"https:\\\/\\\/visionarymarketing.com\\\/fr\\\/\"},{\"@type\":\"ListItem\",\"position\":2,\"name\":\"La transformation digitale s\u2019est-elle acc\u00e9l\u00e9r\u00e9e sous l\u2019effet du coronavirus\u00a0?\"}]},{\"@type\":\"WebSite\",\"@id\":\"https:\\\/\\\/visionarymarketing.com\\\/fr\\\/#website\",\"url\":\"https:\\\/\\\/visionarymarketing.com\\\/fr\\\/\",\"name\":\"Marketing and Innovation\",\"description\":\"Site d&#039;infos ind\u00e9pendant, depuis 1996\",\"potentialAction\":[{\"@type\":\"SearchAction\",\"target\":{\"@type\":\"EntryPoint\",\"urlTemplate\":\"https:\\\/\\\/visionarymarketing.com\\\/fr\\\/?s={search_term_string}\"},\"query-input\":{\"@type\":\"PropertyValueSpecification\",\"valueRequired\":true,\"valueName\":\"search_term_string\"}}],\"inLanguage\":\"fr-FR\"},{\"@type\":\"Person\",\"@id\":\"https:\\\/\\\/visionarymarketing.com\\\/fr\\\/#\\\/schema\\\/person\\\/3754fee1e558f47b8deb46f53c37423e\",\"name\":\"Yann Gourvennec\",\"image\":{\"@type\":\"ImageObject\",\"inLanguage\":\"fr-FR\",\"@id\":\"https:\\\/\\\/secure.gravatar.com\\\/avatar\\\/5972001801e8de5692a3e31224e85769f50a55fb8b679749f9c8d1868cceff14?s=96&d=initials&r=g&initials=yg\",\"url\":\"https:\\\/\\\/secure.gravatar.com\\\/avatar\\\/5972001801e8de5692a3e31224e85769f50a55fb8b679749f9c8d1868cceff14?s=96&d=initials&r=g&initials=yg\",\"contentUrl\":\"https:\\\/\\\/secure.gravatar.com\\\/avatar\\\/5972001801e8de5692a3e31224e85769f50a55fb8b679749f9c8d1868cceff14?s=96&d=initials&r=g&initials=yg\",\"caption\":\"Yann Gourvennec\"},\"description\":\"Yann Gourvennec created visionarymarketing.com in 1996. He is a speaker and author of many books. In 2014 he went from intrapreneur to entrepreneur, when he created his digital marketing agency. Yann Gourvennec a cr\u00e9\u00e9 visionarymarketing.com en 1996. Il est conf\u00e9rencier et auteur de plusieurs livres. En 2014, il est pass\u00e9 d'intrapreneur \u00e0 entrepreneur en cr\u00e9ant son agence de marketing num\u00e9rique.\",\"sameAs\":[\"https:\\\/\\\/visionarymarketing.com\",\"http:\\\/\\\/facebook.com\\\/ygourven\",\"http:\\\/\\\/linkedin.com\\\/in\\\/ygourven\",\"https:\\\/\\\/x.com\\\/ygourven\",\"https:\\\/\\\/www.youtube.com\\\/c\\\/visionarymarketingagency\"],\"url\":\"https:\\\/\\\/visionarymarketing.com\\\/fr\\\/author\\\/yann-gourvennec\\\/\"}]}<\/script>\n<!-- \/ Yoast SEO plugin. -->","yoast_head_json":{"title":"La transformation digitale s\u2019est-elle acc\u00e9l\u00e9r\u00e9e sous l\u2019effet du coronavirus\u00a0?","description":"La transformation digitale s'est-elle acc\u00e9l\u00e9r\u00e9e sous l\u2019effet du coronavirus\u00a0? L\u2019assertion pourrait faire rire. Et pourtant. Au-del\u00e0 des impacts n\u00e9gatifs","robots":{"index":"index","follow":"follow","max-snippet":"max-snippet:-1","max-image-preview":"max-image-preview:large","max-video-preview":"max-video-preview:-1"},"canonical":"https:\/\/visionarymarketing.com\/fr\/2020\/04\/06\/transformation-digitale-coronavirus\/","og_locale":"fr_FR","og_type":"article","og_title":"La transformation digitale s\u2019est-elle acc\u00e9l\u00e9r\u00e9e sous l\u2019effet du coronavirus\u00a0?","og_description":"La transformation digitale s'est-elle acc\u00e9l\u00e9r\u00e9e sous l\u2019effet du coronavirus\u00a0? L\u2019assertion pourrait faire rire. Et pourtant. Au-del\u00e0 des impacts n\u00e9gatifs","og_url":"https:\/\/visionarymarketing.com\/fr\/2020\/04\/06\/transformation-digitale-coronavirus\/","og_site_name":"Marketing and Innovation","article_publisher":"https:\/\/www.facebook.com\/vismktg","article_author":"http:\/\/facebook.com\/ygourven","article_published_time":"2020-04-06T06:15:51+00:00","article_modified_time":"2021-07-14T16:13:55+00:00","og_image":[{"width":520,"height":340,"url":"https:\/\/visionarymarketing.com\/wp-content\/uploads\/2020\/04\/transformation-digitale-covid-520.jpg","type":"image\/jpeg"}],"author":"Yann Gourvennec","twitter_card":"summary_large_image","twitter_creator":"@ygourven","twitter_site":"@ygourven","twitter_misc":{"\u00c9crit par":"Yann Gourvennec","Dur\u00e9e de lecture estim\u00e9e":"11 minutes"},"schema":{"@context":"https:\/\/schema.org","@graph":[{"@type":"NewsArticle","@id":"https:\/\/visionarymarketing.com\/fr\/2020\/04\/06\/transformation-digitale-coronavirus\/#article","isPartOf":{"@id":"https:\/\/visionarymarketing.com\/fr\/2020\/04\/06\/transformation-digitale-coronavirus\/"},"author":{"name":"Yann Gourvennec","@id":"https:\/\/visionarymarketing.com\/fr\/#\/schema\/person\/3754fee1e558f47b8deb46f53c37423e"},"headline":"La transformation digitale s\u2019est-elle acc\u00e9l\u00e9r\u00e9e sous l\u2019effet du coronavirus\u00a0?","datePublished":"2020-04-06T06:15:51+00:00","dateModified":"2021-07-14T16:13:55+00:00","mainEntityOfPage":{"@id":"https:\/\/visionarymarketing.com\/fr\/2020\/04\/06\/transformation-digitale-coronavirus\/"},"wordCount":2161,"commentCount":7,"image":{"@id":"https:\/\/visionarymarketing.com\/fr\/2020\/04\/06\/transformation-digitale-coronavirus\/#primaryimage"},"thumbnailUrl":"https:\/\/visionarymarketing.com\/wp-content\/uploads\/2020\/04\/transformation-digitale-covid-520.jpg","articleSection":["IT du futur aujourd'hui","Transformation"],"inLanguage":"fr-FR","potentialAction":[{"@type":"CommentAction","name":"Comment","target":["https:\/\/visionarymarketing.com\/fr\/2020\/04\/06\/transformation-digitale-coronavirus\/#respond"]}]},{"@type":"WebPage","@id":"https:\/\/visionarymarketing.com\/fr\/2020\/04\/06\/transformation-digitale-coronavirus\/","url":"https:\/\/visionarymarketing.com\/fr\/2020\/04\/06\/transformation-digitale-coronavirus\/","name":"La transformation digitale s\u2019est-elle acc\u00e9l\u00e9r\u00e9e sous l\u2019effet du coronavirus\u00a0?","isPartOf":{"@id":"https:\/\/visionarymarketing.com\/fr\/#website"},"primaryImageOfPage":{"@id":"https:\/\/visionarymarketing.com\/fr\/2020\/04\/06\/transformation-digitale-coronavirus\/#primaryimage"},"image":{"@id":"https:\/\/visionarymarketing.com\/fr\/2020\/04\/06\/transformation-digitale-coronavirus\/#primaryimage"},"thumbnailUrl":"https:\/\/visionarymarketing.com\/wp-content\/uploads\/2020\/04\/transformation-digitale-covid-520.jpg","datePublished":"2020-04-06T06:15:51+00:00","dateModified":"2021-07-14T16:13:55+00:00","author":{"@id":"https:\/\/visionarymarketing.com\/fr\/#\/schema\/person\/3754fee1e558f47b8deb46f53c37423e"},"description":"La transformation digitale s'est-elle acc\u00e9l\u00e9r\u00e9e sous l\u2019effet du coronavirus\u00a0? L\u2019assertion pourrait faire rire. Et pourtant. Au-del\u00e0 des impacts n\u00e9gatifs","breadcrumb":{"@id":"https:\/\/visionarymarketing.com\/fr\/2020\/04\/06\/transformation-digitale-coronavirus\/#breadcrumb"},"inLanguage":"fr-FR","potentialAction":[{"@type":"ReadAction","target":["https:\/\/visionarymarketing.com\/fr\/2020\/04\/06\/transformation-digitale-coronavirus\/"]}]},{"@type":"ImageObject","inLanguage":"fr-FR","@id":"https:\/\/visionarymarketing.com\/fr\/2020\/04\/06\/transformation-digitale-coronavirus\/#primaryimage","url":"https:\/\/visionarymarketing.com\/wp-content\/uploads\/2020\/04\/transformation-digitale-covid-520.jpg","contentUrl":"https:\/\/visionarymarketing.com\/wp-content\/uploads\/2020\/04\/transformation-digitale-covid-520.jpg","width":520,"height":340,"caption":"transformation coronavirus"},{"@type":"BreadcrumbList","@id":"https:\/\/visionarymarketing.com\/fr\/2020\/04\/06\/transformation-digitale-coronavirus\/#breadcrumb","itemListElement":[{"@type":"ListItem","position":1,"name":"Home","item":"https:\/\/visionarymarketing.com\/fr\/"},{"@type":"ListItem","position":2,"name":"La transformation digitale s\u2019est-elle acc\u00e9l\u00e9r\u00e9e sous l\u2019effet du coronavirus\u00a0?"}]},{"@type":"WebSite","@id":"https:\/\/visionarymarketing.com\/fr\/#website","url":"https:\/\/visionarymarketing.com\/fr\/","name":"Marketing and Innovation","description":"Site d&#039;infos ind\u00e9pendant, depuis 1996","potentialAction":[{"@type":"SearchAction","target":{"@type":"EntryPoint","urlTemplate":"https:\/\/visionarymarketing.com\/fr\/?s={search_term_string}"},"query-input":{"@type":"PropertyValueSpecification","valueRequired":true,"valueName":"search_term_string"}}],"inLanguage":"fr-FR"},{"@type":"Person","@id":"https:\/\/visionarymarketing.com\/fr\/#\/schema\/person\/3754fee1e558f47b8deb46f53c37423e","name":"Yann Gourvennec","image":{"@type":"ImageObject","inLanguage":"fr-FR","@id":"https:\/\/secure.gravatar.com\/avatar\/5972001801e8de5692a3e31224e85769f50a55fb8b679749f9c8d1868cceff14?s=96&d=initials&r=g&initials=yg","url":"https:\/\/secure.gravatar.com\/avatar\/5972001801e8de5692a3e31224e85769f50a55fb8b679749f9c8d1868cceff14?s=96&d=initials&r=g&initials=yg","contentUrl":"https:\/\/secure.gravatar.com\/avatar\/5972001801e8de5692a3e31224e85769f50a55fb8b679749f9c8d1868cceff14?s=96&d=initials&r=g&initials=yg","caption":"Yann Gourvennec"},"description":"Yann Gourvennec created visionarymarketing.com in 1996. He is a speaker and author of many books. In 2014 he went from intrapreneur to entrepreneur, when he created his digital marketing agency. Yann Gourvennec a cr\u00e9\u00e9 visionarymarketing.com en 1996. Il est conf\u00e9rencier et auteur de plusieurs livres. En 2014, il est pass\u00e9 d'intrapreneur \u00e0 entrepreneur en cr\u00e9ant son agence de marketing num\u00e9rique.","sameAs":["https:\/\/visionarymarketing.com","http:\/\/facebook.com\/ygourven","http:\/\/linkedin.com\/in\/ygourven","https:\/\/x.com\/ygourven","https:\/\/www.youtube.com\/c\/visionarymarketingagency"],"url":"https:\/\/visionarymarketing.com\/fr\/author\/yann-gourvennec\/"}]}},"_links":{"self":[{"href":"https:\/\/visionarymarketing.com\/fr\/wp-json\/wp\/v2\/posts\/52264","targetHints":{"allow":["GET"]}}],"collection":[{"href":"https:\/\/visionarymarketing.com\/fr\/wp-json\/wp\/v2\/posts"}],"about":[{"href":"https:\/\/visionarymarketing.com\/fr\/wp-json\/wp\/v2\/types\/post"}],"author":[{"embeddable":true,"href":"https:\/\/visionarymarketing.com\/fr\/wp-json\/wp\/v2\/users\/2"}],"replies":[{"embeddable":true,"href":"https:\/\/visionarymarketing.com\/fr\/wp-json\/wp\/v2\/comments?post=52264"}],"version-history":[{"count":0,"href":"https:\/\/visionarymarketing.com\/fr\/wp-json\/wp\/v2\/posts\/52264\/revisions"}],"wp:featuredmedia":[{"embeddable":true,"href":"https:\/\/visionarymarketing.com\/fr\/wp-json\/wp\/v2\/media\/52355"}],"wp:attachment":[{"href":"https:\/\/visionarymarketing.com\/fr\/wp-json\/wp\/v2\/media?parent=52264"}],"wp:term":[{"taxonomy":"category","embeddable":true,"href":"https:\/\/visionarymarketing.com\/fr\/wp-json\/wp\/v2\/categories?post=52264"},{"taxonomy":"post_tag","embeddable":true,"href":"https:\/\/visionarymarketing.com\/fr\/wp-json\/wp\/v2\/tags?post=52264"}],"curies":[{"name":"wp","href":"https:\/\/api.w.org\/{rel}","templated":true}]}}