{"id":51958,"date":"2020-03-27T14:00:22","date_gmt":"2020-03-27T13:00:22","guid":{"rendered":"https:\/\/visionarymarketing.com\/?p=51958"},"modified":"2022-02-08T10:25:03","modified_gmt":"2022-02-08T09:25:03","slug":"methodes-de-travail","status":"publish","type":"post","link":"https:\/\/visionarymarketing.com\/fr\/2020\/03\/27\/methodes-de-travail\/","title":{"rendered":"Crise coronavirus : un impact durable sur les m\u00e9thodes de travail"},"content":{"rendered":"<p><em>La p\u00e9riode de confinement actuelle aura-t-elle un impact durable sur les m\u00e9thodes de travail ? C&rsquo;est bien possible si on en croit le retour d&rsquo;exp\u00e9rience de <a href=\"https:\/\/www.linkedin.com\/in\/didierpawlak\/\" target=\"_blank\" rel=\"noopener noreferrer\">Didier Pawlak<\/a>, DSI du <a href=\"https:\/\/www.penelope.fr\" target=\"_blank\" rel=\"noopener noreferrer\">groupe P\u00e9n\u00e9lope<\/a> que je viens d&rsquo;interviewer. J&rsquo;avais pr\u00e9vu d&rsquo;interviewer Didier sur le sujet t\u00e9l\u00e9travail en g\u00e9n\u00e9ral, afin de savoir si celui-ci facilite la vie des DSI. Mais je n&rsquo;avais pas du tout du tout pr\u00e9vu ce qui est arriv\u00e9 avec le <a href=\"https:\/\/visionarymarketing.com\/fr\/2020\/03\/teletravail-confinement\/\">confinement<\/a>. Les enseignements tir\u00e9s de cette interview me paraissent riches, surtout quand on les\u00a0compare avec <a href=\"https:\/\/visionarymarketing.com\/fr\/2016\/05\/mail-epidemie-travail\/\">les longues et anciennes litanies sur le mauvais usage du mail au travail<\/a>, et alors que le pratiques et les m\u00e9thodes de travail sont en train d&rsquo;\u00e9voluer tr\u00e8s rapidement sous l&rsquo;effet de l&rsquo;\u00e9loignement impos\u00e9 aux salari\u00e9s<\/em><\/p>\n<p><em>[MAJ de 2022 : nous avons appris avec beaucoup de tristesse la disparition de Didier en d\u00e9but de cette ann\u00e9e, tous les professionnels de l&rsquo;IT se souviennent de lui, de sa gentillesse se sa volont\u00e9 d&rsquo;innover, de sa disponibilit\u00e9. ]\u00a0<\/em><\/p>\n<h2>Le confinement aura probablement un \u00a0impact durable sur les m\u00e9thodes de travail<\/h2>\n<p>Pour faire suite \u00e0 l&rsquo;<a href=\"https:\/\/visionarymarketing.com\/fr\/2020\/03\/teletravail-confinement\/\">interview de la semaine derni\u00e8re o\u00f9 nous avons pris le point de vue de l&rsquo;utilisateur<\/a>, j&rsquo;ai donc reconfigur\u00e9 mon interview\u00a0en plein vol et propos\u00e9 \u00e0 mon interlocuteur de changer\u00a0l\u00e9g\u00e8rement le sujet pour revenir sur la fa\u00e7on dont il avait abord\u00e9\u00a0cette crise et y\u00a0avait r\u00e9pondu, mais aussi pour prendre le pouls des utilisateurs vu d&rsquo;un DSI.<\/p>\n<figure id=\"attachment_51961\" aria-describedby=\"caption-attachment-51961\" style=\"width: 519px\" class=\"wp-caption aligncenter\"><img decoding=\"async\" class=\"wp-image-51961 size-full\" src=\"https:\/\/visionarymarketing.com\/wp-content\/uploads\/2020\/03\/Screenshot-2020-03-27-at-07.58.41-e1585293169677.jpg\" alt=\"m\u00e9thodes de travail\" width=\"519\" height=\"340\" \/><figcaption id=\"caption-attachment-51961\" class=\"wp-caption-text\">En attendant les conf\u00e9rences 3D \u00e0 la maison auxquelles il ne croit pas, Didier Pawlak nous enjoint de nous concentrer sur les choses simples et \u00e0 observer les profonds bouleversements que cette crise va apporter dans les m\u00e9thodes de travail (voir la vid\u00e9o en fin d&rsquo;article pour comprendre cette photo)<\/figcaption><\/figure>\n<p>De ce dernier point j&rsquo;ai retenu deux choses qui sont pertinentes pour les\u00a0lecteurs de\u00a0Visionary Marketing : d&rsquo;une part,\u00a0les utilisateurs ont profond\u00e9ment chang\u00e9 leurs\u00a0habitudes de travail et cela pourrait avoir\u00a0un impact durable dans les m\u00e9thodes de collaboration entre \u00e9quipes et la place du <a href=\"https:\/\/visionarymarketing.com\/fr\/2016\/06\/15-astuces-survivre-mail\/\">sacrosaint email<\/a>.<\/p>\n<h3>Les salari\u00e9s s&#8217;emparent des outils de collaboration pour r\u00e9volutionner leurs m\u00e9thodes de travail<\/h3>\n<p>D&rsquo;autre part, l\u00e0 o\u00f9 les solutions des grands \u00e9diteurs B2B ne satisfont pas les utilisateurs, ceux-ci se pressent en masse sur des solutions plus\u00a0conviviales pour contourner le probl\u00e8me. Ce qui\u00a0explique\u00a0pourquoi les utilisateurs se rueraient sur Zoom en ce\u00a0moment.<!--more--><\/p>\n<p><strong>Visionary Marketing <\/strong>Est-ce que le t\u00e9l\u00e9travail facilite la vie du DSI dans les circonstances actuelles cr\u00e9\u00e9es par la crise du Coronavirus\u00a0?<\/p>\n<p><strong>Didier Pawlak, <\/strong>je dirais que, dans un premier temps, cela ne nous facilite pas le travail parce qu&rsquo;on est d\u00e9bord\u00e9s par la mise en \u0153uvre de ce nouveau dispositif. Que ce soit le t\u00e9l\u00e9travail via les ordinateurs professionnels que nous donnons \u00e0 nos collaborateurs ou via certains portails auxquels les collaborateurs peuvent se connecter.<\/p>\n<figure id=\"attachment_54676\" aria-describedby=\"caption-attachment-54676\" style=\"width: 650px\" class=\"wp-caption aligncenter\"><a href=\"https:\/\/visionarymarketing.com\/blog\/environnement-travail-futur\/\"><img decoding=\"async\" class=\"wp-image-54676 size-full\" src=\"https:\/\/visionarymarketing.com\/wp-content\/uploads\/2020\/09\/et-banniere-large.png\" alt=\"\" width=\"650\" height=\"174\" srcset=\"https:\/\/visionarymarketing.com\/wp-content\/uploads\/2020\/09\/et-banniere-large.png 650w, https:\/\/visionarymarketing.com\/wp-content\/uploads\/2020\/09\/et-banniere-large-500x134.png 500w\" sizes=\"(max-width: 650px) 100vw, 650px\" \/><\/a><figcaption id=\"caption-attachment-54676\" class=\"wp-caption-text\">Le dossier sur l\u2019<a href=\"https:\/\/visionarymarketing.com\/fr\/environnement-travail-futur\/\" target=\"_blank\" rel=\"noopener noreferrer\">environnement du travail de demain<\/a>\u00a0est r\u00e9alis\u00e9 avec\u00a0<a href=\"http:\/\/selceon.com\/\" target=\"_blank\" rel=\"noopener noreferrer\">Selceon<\/a><\/figcaption><\/figure>\n<p>Dans un premier temps, je dirais donc qu&rsquo;au contraire, cela nous cause une surcharge de travail, mais moi, j&rsquo;y vois quand m\u00eame deux grands avantages. Le premier, c&rsquo;est que cela va obliger les utilisateurs \u00e0 se poser les bonnes questions, \u00e0 utiliser les outils num\u00e9riques, \u00e0 essayer d&rsquo;\u00eatre beaucoup plus autonomes que lorsqu&rsquo;ils sont en entreprise.<\/p>\n<blockquote class=\"quote-light\"><p>le t\u00e9l\u00e9travail permet aux DSI de r\u00e9aliser de belles avanc\u00e9es<\/p><\/blockquote>\n<figure id=\"attachment_51971\" aria-describedby=\"caption-attachment-51971\" style=\"width: 150px\" class=\"wp-caption alignright\"><img decoding=\"async\" class=\"wp-image-51971 size-thumbnail\" src=\"https:\/\/visionarymarketing.com\/wp-content\/uploads\/2020\/03\/0-150x150.jpeg\" alt=\"M\u00e9thodes de travail - Didier Pawlak\" width=\"150\" height=\"150\" srcset=\"https:\/\/visionarymarketing.com\/wp-content\/uploads\/2020\/03\/0-150x150.jpeg 150w, https:\/\/visionarymarketing.com\/wp-content\/uploads\/2020\/03\/0-300x300.jpeg 300w, https:\/\/visionarymarketing.com\/wp-content\/uploads\/2020\/03\/0.jpeg 371w\" sizes=\"(max-width: 150px) 100vw, 150px\" \/><figcaption id=\"caption-attachment-51971\" class=\"wp-caption-text\">Didier Pawlak<\/figcaption><\/figure>\n<p>Et aussi, \u00e7a nous permet aussi, au niveau de la DSI, de v\u00e9rifier si notre architecture tient la charge, et si on a mis en place les bonnes proc\u00e9dures sur le plan de la s\u00e9curit\u00e9. Alors oui, pour moi, le t\u00e9l\u00e9travail permet effectivement de faire de belles avanc\u00e9es au niveau de la DSI, sans pour autant nous faciliter le travail.<\/p>\n<p><strong>VM <\/strong><a href=\"https:\/\/zevillage.net\/teletravail\/teletravail-en-confinement-un-francais-sur-deux-ny-arriverait-pas\/\" target=\"_blank\" rel=\"noopener noreferrer\">Un sondage effectu\u00e9 par Qapa et relay\u00e9 r\u00e9cemment par Zevillage.net<\/a> explique que par ces temps de confinement, le t\u00e9l\u00e9travail ne conviendrait pas forc\u00e9ment \u00e0 tous. Ils seraient 48\u00a0% selon eux \u00e0 \u00e9prouver des difficult\u00e9s avec le t\u00e9l\u00e9travail. Est-ce que tu retrouves cela sur le terrain\u00a0?<\/p>\n<p><strong>DP <\/strong>Pour l&rsquo;instant, non. Nous avons commenc\u00e9 \u00e0 d\u00e9ployer le t\u00e9l\u00e9travail mercredi dernier et effectivement, on a eu et on a encore \u00e0 ce jour un afflux de personnels qui n&rsquo;arrivent pas \u00e0 se connecter au VPN, ou qui perdent leurs mots de passe ou autres probl\u00e8mes similaires.<\/p>\n<blockquote class=\"quote-light\"><p>Plus de r\u00e9ticences au t\u00e9l\u00e9travail observ\u00e9es sur le terrain<\/p><\/blockquote>\n<p>Mais aujourd&rsquo;hui, il n&rsquo;y a pas de r\u00e9ticences sur le terrain ni de probl\u00e8mes concernant l&rsquo;utilisation des diverses applications.<\/p>\n<p>Apr\u00e8s 7\u00a0jours de mise en \u0153uvre, tout se passe bien. Pourtant, comme dans toute entreprise, nos profils sont tr\u00e8s vari\u00e9s et les besoins en logiciels \u00e9galement. Que ce soit pour la comptabilit\u00e9, pour les divers m\u00e9tiers tels que l&rsquo;accueil, l&rsquo;\u00e9v\u00e9nementiel ou l&rsquo;animation. Globalement, tout se passe bien et j&rsquo;en suis le premier \u00e9tonn\u00e9.<\/p>\n<p>Nous n&rsquo;avons pas eu non plus de probl\u00e8mes d&rsquo;infrastructures, car celles-ci ont \u00e9t\u00e9 dimensionn\u00e9es assez largement en amont.<\/p>\n<blockquote class=\"quote-light\"><p>Il fallait pr\u00e9voir l&rsquo;infrastructure en amont<\/p><\/blockquote>\n<p>Nous avons donc absorb\u00e9 la charge puisque nous \u00e9tions en moyenne \u00e0 environ 30 \u00e0 40\u00a0% de la limite d&rsquo;utilisation. Ainsi, depuis mercredi dernier, lorsque la plupart des collaborateurs sont partis en t\u00e9l\u00e9travail, l&rsquo;infrastructure a tenu le coup sans aucun probl\u00e8me.<\/p>\n<p>On n&rsquo;a pas de probl\u00e8me de latence ni de connexion au niveau des VPN non plus et \u00e7a se passe bien.<\/p>\n<p>C&rsquo;est aussi le fait d&rsquo;avoir choisi certains logiciels qui sont en mode SaaS que les utilisateurs peuvent attaquer directement, sans repasser syst\u00e9matiquement par l&rsquo;infrastructure de l&rsquo;entreprise.<\/p>\n<p>Mais il est clair qu&rsquo;il fallait avoir pr\u00e9vu l&rsquo;infrastructure en amont.<\/p>\n<p>Quand j&rsquo;ai rejoint P\u00e9n\u00e9lope, 90\u00a0% des collaborateurs avaient des PC fixes et peu \u00e0 peu, nous avons remplac\u00e9 ces postes de travail par des portables selon les activit\u00e9s des utilisateurs. Ainsi, nous avons toujours anticip\u00e9 la bande passante et les d\u00e9bits parce qu&rsquo;on savait qu&rsquo;\u00e0 terme, 90\u00a0% des employ\u00e9s seraient \u00e9quip\u00e9s de portables qui pouvaient se connecter au syst\u00e8me. Nous avions donc pr\u00e9par\u00e9 l&rsquo;avenir sans le conna\u00eetre.<\/p>\n<p><strong>VM <\/strong>Et comment \u00e7a se passe pour la minorit\u00e9 qui n&rsquo;a pas d&rsquo;ordinateur portable\u00a0?<\/p>\n<p><strong>DP <\/strong>En d\u00e9but d&rsquo;ann\u00e9e on a travaill\u00e9 sur un portail destin\u00e9 \u00e0 ces employ\u00e9s non \u00e9quip\u00e9s d&rsquo;un PC pro. Le portail a \u00e9t\u00e9 con\u00e7u et test\u00e9, mais il ne comportait pas les applications m\u00e9tiers. Mais depuis le dernier week-end avant la crise, alors qu&rsquo;on a senti la crise arriver, l&rsquo;\u00e9quipe r\u00e9seau a travaill\u00e9 d&rsquo;arrache-pied pour finaliser ce portail et on a pu le mettre en place pour les employ\u00e9s non \u00e9quip\u00e9s d&rsquo;ordinateur professionnel. C&rsquo;est dans une situation de crise qu&rsquo;on arrive \u00e0 tous se rapprocher et \u00e0 fournir un effort consid\u00e9rable pour mettre en place un nouveau service alors que, en temps normal, cela aurait nous aurait pris 6\u00a0mois pour r\u00e9aliser ce portail.<\/p>\n<p><strong>VM <\/strong>Et tous ces gens-l\u00e0 ont d\u00e9j\u00e0 des ordinateurs personnels, il n&rsquo;y a plus de situations o\u00f9 des employ\u00e9s sont en sous-\u00e9quipement \u00e0 la maison\u00a0?<\/p>\n<p>\u00c0 partir de mercredi dernier, nous avons appel\u00e9 les employ\u00e9s non \u00e9quip\u00e9s d&rsquo;ordinateur professionnel, on leur a envoy\u00e9 une documentation, puis nous les avons appel\u00e9s un par un pour les accompagner dans la d\u00e9marche de connexion\u00a0: ils ont saisi l&rsquo;URL pour acc\u00e9der au portail, ont ensuite entr\u00e9 leur mot de passe, on leur a fourni des explications sur les applications. Nous leur avons \u00e9galement fait une bonne piq\u00fbre de rappel concernant les r\u00e8gles de s\u00e9curit\u00e9. Et aujourd&rsquo;hui, tout le monde est \u00e9quip\u00e9.<\/p>\n<p><iframe title=\"[Fr] HyperVSN\" width=\"500\" height=\"281\" src=\"https:\/\/www.youtube.com\/embed\/w4_ZB-awjPQ?feature=oembed\" frameborder=\"0\" allow=\"accelerometer; autoplay; clipboard-write; encrypted-media; gyroscope; picture-in-picture; web-share\" referrerpolicy=\"strict-origin-when-cross-origin\" allowfullscreen><\/iframe><\/p>\n<p><i style=\"color: #000080;\">L&rsquo;avatar 3D projet\u00e9 par le syst\u00e8me HyperVSN (une soci\u00e9t\u00e9 fran\u00e7aise bas\u00e9e \u00e0 Gennevilliers) dans le hall de StationF (mai 2019) : et si la conf\u00e9rence 3D \u00e9tait possible demain ? (NB : la vid\u00e9o, prise avec mon\u00a0<\/i><span style=\"color: #000080;\"><span style=\"caret-color: #000080;\"><i>t\u00e9l\u00e9phone,<\/i><\/span><\/span><i style=\"color: #000080;\">\u00a0fait ressortir un balayage non visible \u00e0 l&rsquo;oeil nu)<\/i><\/p>\n<p><strong>VM <\/strong>Alors, \u00e7a se passe bien. \u00c7a, c&rsquo;est plut\u00f4t une bonne nouvelle. Probablement que cela pourrait avoir des impacts sur la fa\u00e7on dont les employ\u00e9s vont travailler dans le futur.<\/p>\n<blockquote class=\"quote-light\"><p>Une fois la crise finie nous observerons un afflux de demandes pour t\u00e9l\u00e9travailler<\/p><\/blockquote>\n<p><strong>DP <\/strong>Oui, c&rsquo;est aussi une question que je me pose. On voit bien qu&rsquo;aujourd&rsquo;hui, malgr\u00e9 le confinement, nous arrivons \u00e0 utiliser tous les outils de l&rsquo;entreprise sans \u00eatre physiquement au bureau.<\/p>\n<p>Il y avait d\u00e9j\u00e0 eu une premi\u00e8re \u00e9preuve avec les gr\u00e8ves. Durant les gr\u00e8ves, les salari\u00e9s ont d\u00fb du s&rsquo;organiser et nous n&rsquo;avons pas souffert d&rsquo;interruption de service. Avec le confinement, on voit qu&rsquo;en r\u00e9alit\u00e9, toutes les activit\u00e9s fonctionnent normalement. Nous avons su mettre en place une connexion au SI de l&rsquo;entreprise pour tous les collaborateurs \u00e0 partir de chez eux, qu&rsquo;ils aient ou non des PC professionnels. Je pense qu&rsquo;une fois que la crise sera finie, nous assisterons, dans le domaine RH, \u00e0 une vague de demandes pour travailler de chez soi deux jours par semaine, comme je l&rsquo;ai fait en temps de crise.<\/p>\n<p><strong>VM <\/strong>Est-ce que cette crise a aussi des impacts sur la mani\u00e8re dont les gens travaillent ensemble\u00a0?<\/p>\n<p>Je pense que les salari\u00e9s, font beaucoup plus de r\u00e9unions Teams, en visuel, s&rsquo;\u00e9changent beaucoup moins de mails. Ils ont appris \u00e0 \u00eatre plus directs.<\/p>\n<p><strong>VM <\/strong>L&rsquo;\u00e9loignement, finalement, encourage la connexion synchrone alors que quand on est sur le m\u00eame ou le m\u00eame lieu, on a tendance \u00e0 envoyer des mails \u00e0 quelqu&rsquo;un qui est en face de soi.<\/p>\n<p><strong>DP <\/strong>Oui, c&rsquo;est tout \u00e0 fait paradoxal. Plus on est \u00e9loign\u00e9s, plus on a besoin de faire des points, m\u00eame assez rapides.<\/p>\n<p><strong>VM <\/strong>Quelles innovations peut-on imaginer pour le futur du t\u00e9l\u00e9travail\u00a0?<\/p>\n<p><strong>DP <\/strong>Pour l&rsquo;instant, les gens d\u00e9couvrent encore cette facilit\u00e9 de travailler de chez eux avec tous les outils, ils commencent \u00e0 ma\u00eetriser doucement Teams. Je dirais que pour le poste de travail du futur, il faudra que n&rsquo;importe quel collaborateur, quel que soit son statut et son activit\u00e9, soit capable, sans trop se poser de questions, de se connecter facilement au syst\u00e8me d&rsquo;information et apr\u00e8s de temps en temps, revenir dans l&rsquo;entreprise. Il faudra toujours revenir de temps en temps.<\/p>\n<p>Mais on voit bien qu&rsquo;aujourd&rsquo;hui, les d\u00e9bits r\u00e9seaux ne sont pas un probl\u00e8me, les applications non plus. M\u00eame s&rsquo;il y a un plantage, ce n&rsquo;est pas grave, on fera une confcall avec Zoom. On a tous les outils pour travailler \u00e0 distance, mais apr\u00e8s, comme toujours, il va falloir que tous les employ\u00e9s avancent dans le m\u00eame sens.<\/p>\n<p>Ce qu&rsquo;on observe, c&rsquo;est que les outils simples \u00e0 mettre en \u0153uvre et qui fonctionnent prennent une avance consid\u00e9rable. Zoom est notamment en train de faire une grande concurrence \u00e0 Teams, car il est simple d&rsquo;utilisation et qu&rsquo;il fonctionne bien. Avec cette crise, on voit qu&rsquo;il y a des logiciels qui fonctionnaient bien, mais qui n&rsquo;arrivaient pas \u00e0 trouver leur place l\u00e0. Tout le monde essaie donc de trouver une solution, et quand \u00e7a marche, tout le monde s&rsquo;engouffre.<\/p>\n<div itemscope itemtype=\"http:\/\/schema.org\/AudioObject\"><meta itemprop=\"name\" content=\"Crise coronavirus : un impact durable sur les m\u00e9thodes de travail\" \/><meta itemprop=\"uploadDate\" content=\"2020-03-27T14:00:22+01:00\" \/><meta itemprop=\"encodingFormat\" content=\"audio\/mpeg\" \/><meta itemprop=\"duration\" content=\"PT17M57S\" \/><meta itemprop=\"description\" content=\"La p\u00e9riode de confinement actuelle aura-t-elle un impact durable sur les m\u00e9thodes de travail ? C&#039;est bien possible si on en croit le retour d&#039;exp\u00e9rience de Didier Pawlak, DSI du groupe P\u00e9n\u00e9lope que je viens d&#039;interviewer. J&#039;avais pr\u00e9vu d&#039;interviewer ...\" \/><meta itemprop=\"contentUrl\" content=\"https:\/\/media.blubrry.com\/visionarymarketing_les\/visionarymarketing.com\/files\/podcasts\/Podcast-Selceon-D-Pawlak-032020.mp3\" \/><meta itemprop=\"contentSize\" content=\"24.7\" \/><div class=\"powerpress_player\" id=\"powerpress_player_1380\"><audio class=\"wp-audio-shortcode\" id=\"audio-51958-1\" preload=\"none\" style=\"width: 100%;\" controls=\"controls\"><source type=\"audio\/mpeg\" src=\"https:\/\/media.blubrry.com\/visionarymarketing_les\/visionarymarketing.com\/files\/podcasts\/Podcast-Selceon-D-Pawlak-032020.mp3?_=1\" \/><a href=\"https:\/\/media.blubrry.com\/visionarymarketing_les\/visionarymarketing.com\/files\/podcasts\/Podcast-Selceon-D-Pawlak-032020.mp3\">https:\/\/media.blubrry.com\/visionarymarketing_les\/visionarymarketing.com\/files\/podcasts\/Podcast-Selceon-D-Pawlak-032020.mp3<\/a><\/audio><\/div><\/div><p class=\"powerpress_links powerpress_links_mp3\" style=\"margin-bottom: 1px !important;\">Podcast: <a href=\"https:\/\/media.blubrry.com\/visionarymarketing_les\/visionarymarketing.com\/files\/podcasts\/Podcast-Selceon-D-Pawlak-032020.mp3\" class=\"powerpress_link_pinw\" target=\"_blank\" title=\"Play in new window\" onclick=\"return powerpress_pinw('https:\/\/visionarymarketing.com\/fr\/\/?powerpress_pinw=51958-podcast');\" rel=\"nofollow\">Play in new window<\/a> | <a href=\"https:\/\/media.blubrry.com\/visionarymarketing_les\/visionarymarketing.com\/files\/podcasts\/Podcast-Selceon-D-Pawlak-032020.mp3\" class=\"powerpress_link_d\" title=\"Download\" rel=\"nofollow\" download=\"Podcast-Selceon-D-Pawlak-032020.mp3\">Download<\/a> (Duration: 17:57 &#8212; 24.7MB)<\/p><p class=\"powerpress_links powerpress_subscribe_links\">Subscribe: <a href=\"https:\/\/itunes.apple.com\/us\/podcast\/visionarymarketing-les-interviews\/id731295319?mt=2&amp;ls=1#episodeGuid=https%3A%2F%2Fvisionarymarketing.com%2F%3Fp%3D51958\" class=\"powerpress_link_subscribe powerpress_link_subscribe_itunes\" target=\"_blank\" title=\"Subscribe on Apple Podcasts\" rel=\"nofollow\">Apple Podcasts<\/a> | <a href=\"https:\/\/open.spotify.com\/show\/52VnZ1mhVSnDs4tQOx7Vuc\" class=\"powerpress_link_subscribe powerpress_link_subscribe_spotify\" target=\"_blank\" title=\"Subscribe on Spotify\" rel=\"nofollow\">Spotify<\/a> | <a href=\"https:\/\/subscribeonandroid.com\/visionarymarketing.com\/fr\/feed\/podcast\/\" class=\"powerpress_link_subscribe powerpress_link_subscribe_android\" target=\"_blank\" title=\"Subscribe on Android\" rel=\"nofollow\">Android<\/a> | <a href=\"https:\/\/visionarymarketing.com\/fr\/feed\/podcast\/\" class=\"powerpress_link_subscribe powerpress_link_subscribe_rss\" target=\"_blank\" title=\"Subscribe via RSS\" rel=\"nofollow\">RSS<\/a><\/p>","protected":false},"excerpt":{"rendered":"<p>La p\u00e9riode de confinement actuelle aura-t-elle un impact durable sur les m\u00e9thodes de travail ? C&rsquo;est bien possible si on en croit le retour d&rsquo;exp\u00e9rience de Didier Pawlak, DSI du groupe P\u00e9n\u00e9lope que je viens d&rsquo;interviewer. J&rsquo;avais pr\u00e9vu d&rsquo;interviewer Didier sur le sujet t\u00e9l\u00e9travail en g\u00e9n\u00e9ral, afin de savoir si celui-ci facilite la vie des &hellip;<\/p>\n","protected":false},"author":2,"featured_media":51961,"comment_status":"open","ping_status":"open","sticky":false,"template":"","format":"standard","meta":{"footnotes":""},"categories":[10,4065],"tags":[],"class_list":["post-51958","post","type-post","status-publish","format-standard","has-post-thumbnail","hentry","category-collaboration-et-teletravail","category-it-du-futur-aujourdhui"],"yoast_head":"<!-- This site is optimized with the Yoast SEO plugin v27.5 - https:\/\/yoast.com\/product\/yoast-seo-wordpress\/ -->\n<title>Crise coronavirus : un impact durable sur les m\u00e9thodes de travail<\/title>\n<meta name=\"description\" content=\"La p\u00e9riode de confinement actuelle aura-t-elle un impact durable sur les m\u00e9thodes de travail ? C&#039;est bien possible selon Didier Pawlak\" \/>\n<meta name=\"robots\" content=\"index, follow, max-snippet:-1, max-image-preview:large, max-video-preview:-1\" \/>\n<link rel=\"canonical\" href=\"https:\/\/visionarymarketing.com\/fr\/2020\/03\/27\/methodes-de-travail\/\" \/>\n<meta property=\"og:locale\" content=\"fr_FR\" \/>\n<meta property=\"og:type\" content=\"article\" \/>\n<meta property=\"og:title\" content=\"Crise coronavirus : un impact durable sur les m\u00e9thodes de travail\" \/>\n<meta property=\"og:description\" content=\"La p\u00e9riode de confinement actuelle aura-t-elle un impact durable sur les m\u00e9thodes de travail ? C&#039;est bien possible selon Didier Pawlak\" \/>\n<meta property=\"og:url\" content=\"https:\/\/visionarymarketing.com\/fr\/2020\/03\/27\/methodes-de-travail\/\" \/>\n<meta property=\"og:site_name\" content=\"Marketing and Innovation\" \/>\n<meta property=\"article:publisher\" content=\"https:\/\/www.facebook.com\/vismktg\" \/>\n<meta property=\"article:author\" content=\"http:\/\/facebook.com\/ygourven\" \/>\n<meta property=\"article:published_time\" content=\"2020-03-27T13:00:22+00:00\" \/>\n<meta property=\"article:modified_time\" content=\"2022-02-08T09:25:03+00:00\" \/>\n<meta property=\"og:image\" content=\"https:\/\/visionarymarketing.com\/wp-content\/uploads\/2020\/03\/Screenshot-2020-03-27-at-07.58.41-e1585293169677.jpg\" \/>\n\t<meta property=\"og:image:width\" content=\"761\" \/>\n\t<meta property=\"og:image:height\" content=\"451\" \/>\n\t<meta property=\"og:image:type\" content=\"image\/jpeg\" \/>\n<meta name=\"author\" content=\"Yann Gourvennec\" \/>\n<meta name=\"twitter:card\" content=\"summary_large_image\" \/>\n<meta name=\"twitter:creator\" content=\"@ygourven\" \/>\n<meta name=\"twitter:site\" content=\"@ygourven\" \/>\n<meta name=\"twitter:label1\" content=\"\u00c9crit par\" \/>\n\t<meta name=\"twitter:data1\" content=\"Yann Gourvennec\" \/>\n\t<meta name=\"twitter:label2\" content=\"Dur\u00e9e de lecture estim\u00e9e\" \/>\n\t<meta name=\"twitter:data2\" content=\"9 minutes\" \/>\n<script type=\"application\/ld+json\" class=\"yoast-schema-graph\">{\"@context\":\"https:\\\/\\\/schema.org\",\"@graph\":[{\"@type\":\"NewsArticle\",\"@id\":\"https:\\\/\\\/visionarymarketing.com\\\/fr\\\/2020\\\/03\\\/27\\\/methodes-de-travail\\\/#article\",\"isPartOf\":{\"@id\":\"https:\\\/\\\/visionarymarketing.com\\\/fr\\\/2020\\\/03\\\/27\\\/methodes-de-travail\\\/\"},\"author\":{\"name\":\"Yann Gourvennec\",\"@id\":\"https:\\\/\\\/visionarymarketing.com\\\/fr\\\/#\\\/schema\\\/person\\\/3754fee1e558f47b8deb46f53c37423e\"},\"headline\":\"Crise coronavirus : un impact durable sur les m\u00e9thodes de travail\",\"datePublished\":\"2020-03-27T13:00:22+00:00\",\"dateModified\":\"2022-02-08T09:25:03+00:00\",\"mainEntityOfPage\":{\"@id\":\"https:\\\/\\\/visionarymarketing.com\\\/fr\\\/2020\\\/03\\\/27\\\/methodes-de-travail\\\/\"},\"wordCount\":2004,\"commentCount\":2,\"image\":{\"@id\":\"https:\\\/\\\/visionarymarketing.com\\\/fr\\\/2020\\\/03\\\/27\\\/methodes-de-travail\\\/#primaryimage\"},\"thumbnailUrl\":\"https:\\\/\\\/visionarymarketing.com\\\/wp-content\\\/uploads\\\/2020\\\/03\\\/Screenshot-2020-03-27-at-07.58.41-e1585293169677.jpg\",\"articleSection\":[\"collaboration \\\/ t\u00e9l\u00e9travail\",\"IT du futur aujourd'hui\"],\"inLanguage\":\"fr-FR\",\"potentialAction\":[{\"@type\":\"CommentAction\",\"name\":\"Comment\",\"target\":[\"https:\\\/\\\/visionarymarketing.com\\\/fr\\\/2020\\\/03\\\/27\\\/methodes-de-travail\\\/#respond\"]}]},{\"@type\":\"WebPage\",\"@id\":\"https:\\\/\\\/visionarymarketing.com\\\/fr\\\/2020\\\/03\\\/27\\\/methodes-de-travail\\\/\",\"url\":\"https:\\\/\\\/visionarymarketing.com\\\/fr\\\/2020\\\/03\\\/27\\\/methodes-de-travail\\\/\",\"name\":\"Crise coronavirus : un impact durable sur les m\u00e9thodes de travail\",\"isPartOf\":{\"@id\":\"https:\\\/\\\/visionarymarketing.com\\\/fr\\\/#website\"},\"primaryImageOfPage\":{\"@id\":\"https:\\\/\\\/visionarymarketing.com\\\/fr\\\/2020\\\/03\\\/27\\\/methodes-de-travail\\\/#primaryimage\"},\"image\":{\"@id\":\"https:\\\/\\\/visionarymarketing.com\\\/fr\\\/2020\\\/03\\\/27\\\/methodes-de-travail\\\/#primaryimage\"},\"thumbnailUrl\":\"https:\\\/\\\/visionarymarketing.com\\\/wp-content\\\/uploads\\\/2020\\\/03\\\/Screenshot-2020-03-27-at-07.58.41-e1585293169677.jpg\",\"datePublished\":\"2020-03-27T13:00:22+00:00\",\"dateModified\":\"2022-02-08T09:25:03+00:00\",\"author\":{\"@id\":\"https:\\\/\\\/visionarymarketing.com\\\/fr\\\/#\\\/schema\\\/person\\\/3754fee1e558f47b8deb46f53c37423e\"},\"description\":\"La p\u00e9riode de confinement actuelle aura-t-elle un impact durable sur les m\u00e9thodes de travail ? C'est bien possible selon Didier Pawlak\",\"breadcrumb\":{\"@id\":\"https:\\\/\\\/visionarymarketing.com\\\/fr\\\/2020\\\/03\\\/27\\\/methodes-de-travail\\\/#breadcrumb\"},\"inLanguage\":\"fr-FR\",\"potentialAction\":[{\"@type\":\"ReadAction\",\"target\":[\"https:\\\/\\\/visionarymarketing.com\\\/fr\\\/2020\\\/03\\\/27\\\/methodes-de-travail\\\/\"]}]},{\"@type\":\"ImageObject\",\"inLanguage\":\"fr-FR\",\"@id\":\"https:\\\/\\\/visionarymarketing.com\\\/fr\\\/2020\\\/03\\\/27\\\/methodes-de-travail\\\/#primaryimage\",\"url\":\"https:\\\/\\\/visionarymarketing.com\\\/wp-content\\\/uploads\\\/2020\\\/03\\\/Screenshot-2020-03-27-at-07.58.41-e1585293169677.jpg\",\"contentUrl\":\"https:\\\/\\\/visionarymarketing.com\\\/wp-content\\\/uploads\\\/2020\\\/03\\\/Screenshot-2020-03-27-at-07.58.41-e1585293169677.jpg\",\"width\":761,\"height\":451},{\"@type\":\"BreadcrumbList\",\"@id\":\"https:\\\/\\\/visionarymarketing.com\\\/fr\\\/2020\\\/03\\\/27\\\/methodes-de-travail\\\/#breadcrumb\",\"itemListElement\":[{\"@type\":\"ListItem\",\"position\":1,\"name\":\"Home\",\"item\":\"https:\\\/\\\/visionarymarketing.com\\\/fr\\\/\"},{\"@type\":\"ListItem\",\"position\":2,\"name\":\"Crise coronavirus : un impact durable sur les m\u00e9thodes de travail\"}]},{\"@type\":\"WebSite\",\"@id\":\"https:\\\/\\\/visionarymarketing.com\\\/fr\\\/#website\",\"url\":\"https:\\\/\\\/visionarymarketing.com\\\/fr\\\/\",\"name\":\"Marketing and Innovation\",\"description\":\"Site d&#039;infos ind\u00e9pendant, depuis 1996\",\"potentialAction\":[{\"@type\":\"SearchAction\",\"target\":{\"@type\":\"EntryPoint\",\"urlTemplate\":\"https:\\\/\\\/visionarymarketing.com\\\/fr\\\/?s={search_term_string}\"},\"query-input\":{\"@type\":\"PropertyValueSpecification\",\"valueRequired\":true,\"valueName\":\"search_term_string\"}}],\"inLanguage\":\"fr-FR\"},{\"@type\":\"Person\",\"@id\":\"https:\\\/\\\/visionarymarketing.com\\\/fr\\\/#\\\/schema\\\/person\\\/3754fee1e558f47b8deb46f53c37423e\",\"name\":\"Yann Gourvennec\",\"image\":{\"@type\":\"ImageObject\",\"inLanguage\":\"fr-FR\",\"@id\":\"https:\\\/\\\/secure.gravatar.com\\\/avatar\\\/5972001801e8de5692a3e31224e85769f50a55fb8b679749f9c8d1868cceff14?s=96&d=initials&r=g&initials=yg\",\"url\":\"https:\\\/\\\/secure.gravatar.com\\\/avatar\\\/5972001801e8de5692a3e31224e85769f50a55fb8b679749f9c8d1868cceff14?s=96&d=initials&r=g&initials=yg\",\"contentUrl\":\"https:\\\/\\\/secure.gravatar.com\\\/avatar\\\/5972001801e8de5692a3e31224e85769f50a55fb8b679749f9c8d1868cceff14?s=96&d=initials&r=g&initials=yg\",\"caption\":\"Yann Gourvennec\"},\"description\":\"Yann Gourvennec created visionarymarketing.com in 1996. He is a speaker and author of many books. In 2014 he went from intrapreneur to entrepreneur, when he created his digital marketing agency. Yann Gourvennec a cr\u00e9\u00e9 visionarymarketing.com en 1996. Il est conf\u00e9rencier et auteur de plusieurs livres. En 2014, il est pass\u00e9 d'intrapreneur \u00e0 entrepreneur en cr\u00e9ant son agence de marketing num\u00e9rique.\",\"sameAs\":[\"https:\\\/\\\/visionarymarketing.com\",\"http:\\\/\\\/facebook.com\\\/ygourven\",\"http:\\\/\\\/linkedin.com\\\/in\\\/ygourven\",\"https:\\\/\\\/x.com\\\/ygourven\",\"https:\\\/\\\/www.youtube.com\\\/c\\\/visionarymarketingagency\"],\"url\":\"https:\\\/\\\/visionarymarketing.com\\\/fr\\\/author\\\/yann-gourvennec\\\/\"}]}<\/script>\n<!-- \/ Yoast SEO plugin. -->","yoast_head_json":{"title":"Crise coronavirus : un impact durable sur les m\u00e9thodes de travail","description":"La p\u00e9riode de confinement actuelle aura-t-elle un impact durable sur les m\u00e9thodes de travail ? C'est bien possible selon Didier Pawlak","robots":{"index":"index","follow":"follow","max-snippet":"max-snippet:-1","max-image-preview":"max-image-preview:large","max-video-preview":"max-video-preview:-1"},"canonical":"https:\/\/visionarymarketing.com\/fr\/2020\/03\/27\/methodes-de-travail\/","og_locale":"fr_FR","og_type":"article","og_title":"Crise coronavirus : un impact durable sur les m\u00e9thodes de travail","og_description":"La p\u00e9riode de confinement actuelle aura-t-elle un impact durable sur les m\u00e9thodes de travail ? C'est bien possible selon Didier Pawlak","og_url":"https:\/\/visionarymarketing.com\/fr\/2020\/03\/27\/methodes-de-travail\/","og_site_name":"Marketing and Innovation","article_publisher":"https:\/\/www.facebook.com\/vismktg","article_author":"http:\/\/facebook.com\/ygourven","article_published_time":"2020-03-27T13:00:22+00:00","article_modified_time":"2022-02-08T09:25:03+00:00","og_image":[{"width":761,"height":451,"url":"https:\/\/visionarymarketing.com\/wp-content\/uploads\/2020\/03\/Screenshot-2020-03-27-at-07.58.41-e1585293169677.jpg","type":"image\/jpeg"}],"author":"Yann Gourvennec","twitter_card":"summary_large_image","twitter_creator":"@ygourven","twitter_site":"@ygourven","twitter_misc":{"\u00c9crit par":"Yann Gourvennec","Dur\u00e9e de lecture estim\u00e9e":"9 minutes"},"schema":{"@context":"https:\/\/schema.org","@graph":[{"@type":"NewsArticle","@id":"https:\/\/visionarymarketing.com\/fr\/2020\/03\/27\/methodes-de-travail\/#article","isPartOf":{"@id":"https:\/\/visionarymarketing.com\/fr\/2020\/03\/27\/methodes-de-travail\/"},"author":{"name":"Yann Gourvennec","@id":"https:\/\/visionarymarketing.com\/fr\/#\/schema\/person\/3754fee1e558f47b8deb46f53c37423e"},"headline":"Crise coronavirus : un impact durable sur les m\u00e9thodes de travail","datePublished":"2020-03-27T13:00:22+00:00","dateModified":"2022-02-08T09:25:03+00:00","mainEntityOfPage":{"@id":"https:\/\/visionarymarketing.com\/fr\/2020\/03\/27\/methodes-de-travail\/"},"wordCount":2004,"commentCount":2,"image":{"@id":"https:\/\/visionarymarketing.com\/fr\/2020\/03\/27\/methodes-de-travail\/#primaryimage"},"thumbnailUrl":"https:\/\/visionarymarketing.com\/wp-content\/uploads\/2020\/03\/Screenshot-2020-03-27-at-07.58.41-e1585293169677.jpg","articleSection":["collaboration \/ t\u00e9l\u00e9travail","IT du futur aujourd'hui"],"inLanguage":"fr-FR","potentialAction":[{"@type":"CommentAction","name":"Comment","target":["https:\/\/visionarymarketing.com\/fr\/2020\/03\/27\/methodes-de-travail\/#respond"]}]},{"@type":"WebPage","@id":"https:\/\/visionarymarketing.com\/fr\/2020\/03\/27\/methodes-de-travail\/","url":"https:\/\/visionarymarketing.com\/fr\/2020\/03\/27\/methodes-de-travail\/","name":"Crise coronavirus : un impact durable sur les m\u00e9thodes de travail","isPartOf":{"@id":"https:\/\/visionarymarketing.com\/fr\/#website"},"primaryImageOfPage":{"@id":"https:\/\/visionarymarketing.com\/fr\/2020\/03\/27\/methodes-de-travail\/#primaryimage"},"image":{"@id":"https:\/\/visionarymarketing.com\/fr\/2020\/03\/27\/methodes-de-travail\/#primaryimage"},"thumbnailUrl":"https:\/\/visionarymarketing.com\/wp-content\/uploads\/2020\/03\/Screenshot-2020-03-27-at-07.58.41-e1585293169677.jpg","datePublished":"2020-03-27T13:00:22+00:00","dateModified":"2022-02-08T09:25:03+00:00","author":{"@id":"https:\/\/visionarymarketing.com\/fr\/#\/schema\/person\/3754fee1e558f47b8deb46f53c37423e"},"description":"La p\u00e9riode de confinement actuelle aura-t-elle un impact durable sur les m\u00e9thodes de travail ? C'est bien possible selon Didier Pawlak","breadcrumb":{"@id":"https:\/\/visionarymarketing.com\/fr\/2020\/03\/27\/methodes-de-travail\/#breadcrumb"},"inLanguage":"fr-FR","potentialAction":[{"@type":"ReadAction","target":["https:\/\/visionarymarketing.com\/fr\/2020\/03\/27\/methodes-de-travail\/"]}]},{"@type":"ImageObject","inLanguage":"fr-FR","@id":"https:\/\/visionarymarketing.com\/fr\/2020\/03\/27\/methodes-de-travail\/#primaryimage","url":"https:\/\/visionarymarketing.com\/wp-content\/uploads\/2020\/03\/Screenshot-2020-03-27-at-07.58.41-e1585293169677.jpg","contentUrl":"https:\/\/visionarymarketing.com\/wp-content\/uploads\/2020\/03\/Screenshot-2020-03-27-at-07.58.41-e1585293169677.jpg","width":761,"height":451},{"@type":"BreadcrumbList","@id":"https:\/\/visionarymarketing.com\/fr\/2020\/03\/27\/methodes-de-travail\/#breadcrumb","itemListElement":[{"@type":"ListItem","position":1,"name":"Home","item":"https:\/\/visionarymarketing.com\/fr\/"},{"@type":"ListItem","position":2,"name":"Crise coronavirus : un impact durable sur les m\u00e9thodes de travail"}]},{"@type":"WebSite","@id":"https:\/\/visionarymarketing.com\/fr\/#website","url":"https:\/\/visionarymarketing.com\/fr\/","name":"Marketing and Innovation","description":"Site d&#039;infos ind\u00e9pendant, depuis 1996","potentialAction":[{"@type":"SearchAction","target":{"@type":"EntryPoint","urlTemplate":"https:\/\/visionarymarketing.com\/fr\/?s={search_term_string}"},"query-input":{"@type":"PropertyValueSpecification","valueRequired":true,"valueName":"search_term_string"}}],"inLanguage":"fr-FR"},{"@type":"Person","@id":"https:\/\/visionarymarketing.com\/fr\/#\/schema\/person\/3754fee1e558f47b8deb46f53c37423e","name":"Yann Gourvennec","image":{"@type":"ImageObject","inLanguage":"fr-FR","@id":"https:\/\/secure.gravatar.com\/avatar\/5972001801e8de5692a3e31224e85769f50a55fb8b679749f9c8d1868cceff14?s=96&d=initials&r=g&initials=yg","url":"https:\/\/secure.gravatar.com\/avatar\/5972001801e8de5692a3e31224e85769f50a55fb8b679749f9c8d1868cceff14?s=96&d=initials&r=g&initials=yg","contentUrl":"https:\/\/secure.gravatar.com\/avatar\/5972001801e8de5692a3e31224e85769f50a55fb8b679749f9c8d1868cceff14?s=96&d=initials&r=g&initials=yg","caption":"Yann Gourvennec"},"description":"Yann Gourvennec created visionarymarketing.com in 1996. He is a speaker and author of many books. In 2014 he went from intrapreneur to entrepreneur, when he created his digital marketing agency. Yann Gourvennec a cr\u00e9\u00e9 visionarymarketing.com en 1996. Il est conf\u00e9rencier et auteur de plusieurs livres. En 2014, il est pass\u00e9 d'intrapreneur \u00e0 entrepreneur en cr\u00e9ant son agence de marketing num\u00e9rique.","sameAs":["https:\/\/visionarymarketing.com","http:\/\/facebook.com\/ygourven","http:\/\/linkedin.com\/in\/ygourven","https:\/\/x.com\/ygourven","https:\/\/www.youtube.com\/c\/visionarymarketingagency"],"url":"https:\/\/visionarymarketing.com\/fr\/author\/yann-gourvennec\/"}]}},"_links":{"self":[{"href":"https:\/\/visionarymarketing.com\/fr\/wp-json\/wp\/v2\/posts\/51958","targetHints":{"allow":["GET"]}}],"collection":[{"href":"https:\/\/visionarymarketing.com\/fr\/wp-json\/wp\/v2\/posts"}],"about":[{"href":"https:\/\/visionarymarketing.com\/fr\/wp-json\/wp\/v2\/types\/post"}],"author":[{"embeddable":true,"href":"https:\/\/visionarymarketing.com\/fr\/wp-json\/wp\/v2\/users\/2"}],"replies":[{"embeddable":true,"href":"https:\/\/visionarymarketing.com\/fr\/wp-json\/wp\/v2\/comments?post=51958"}],"version-history":[{"count":0,"href":"https:\/\/visionarymarketing.com\/fr\/wp-json\/wp\/v2\/posts\/51958\/revisions"}],"wp:featuredmedia":[{"embeddable":true,"href":"https:\/\/visionarymarketing.com\/fr\/wp-json\/wp\/v2\/media\/51961"}],"wp:attachment":[{"href":"https:\/\/visionarymarketing.com\/fr\/wp-json\/wp\/v2\/media?parent=51958"}],"wp:term":[{"taxonomy":"category","embeddable":true,"href":"https:\/\/visionarymarketing.com\/fr\/wp-json\/wp\/v2\/categories?post=51958"},{"taxonomy":"post_tag","embeddable":true,"href":"https:\/\/visionarymarketing.com\/fr\/wp-json\/wp\/v2\/tags?post=51958"}],"curies":[{"name":"wp","href":"https:\/\/api.w.org\/{rel}","templated":true}]}}