{"id":5123,"date":"2011-11-15T12:16:55","date_gmt":"2011-11-15T12:16:55","guid":{"rendered":"http:\/\/visionary.wordpress.com\/?p=5123"},"modified":"2021-03-06T09:47:43","modified_gmt":"2021-03-06T08:47:43","slug":"scoop-hp-confirme-quil-ne-vendra-pas-sa-division-pc","status":"publish","type":"post","link":"https:\/\/visionarymarketing.com\/fr\/2011\/11\/15\/scoop-hp-confirme-quil-ne-vendra-pas-sa-division-pc\/","title":{"rendered":"HP confirme qu&rsquo;il ne se s\u00e9parera pas de sa division PC"},"content":{"rendered":"<p><a href=\"https:\/\/visionarymarketing.com\/wp-content\/uploads\/2011\/11\/257927119_f798072aca_m.jpg\" target=\"_blank\" rel=\"noopener noreferrer\"><img decoding=\"async\" class=\"alignright wp-image-5126 size-full\" title=\"257927119_f798072aca_m\" src=\"https:\/\/visionarymarketing.com\/wp-content\/uploads\/2011\/11\/257927119_f798072aca_m.jpg\" alt=\"HP confirme qu'il ne vendra pas sa division PC\" width=\"240\" height=\"240\" srcset=\"https:\/\/visionarymarketing.com\/wp-content\/uploads\/2011\/11\/257927119_f798072aca_m.jpg 240w, https:\/\/visionarymarketing.com\/wp-content\/uploads\/2011\/11\/257927119_f798072aca_m-150x150.jpg 150w\" sizes=\"(max-width: 240px) 100vw, 240px\" \/><\/a><em>HP ne l\u00e2chera pas les PC. Ouf ! La s\u00e9lection du jour &#8230; vient (au sens propre, il y a quelques minutes) de tomber sur mon t\u00e9l\u00e9scripteur : HP a confirm\u00e9 officiellement ne pas vouloir vendre sa division PSG, ce qui <a href=\"http:\/\/www.bbc.co.uk\/news\/business-15487317\" target=\"_blank\" rel=\"noopener noreferrer\">confirme des informations parues dans la Presse<\/a>\u00a0fin Octobre.\u00a0<\/em><\/p>\n<h2>HP confirme qu&rsquo;il ne vendra pas sa division PC<\/h2>\n<p><em> La division historique du premier informaticien mondial, celle-l\u00e0 m\u00eame qui lui a donn\u00e9 l&rsquo;image qu&rsquo;on conna\u00eet \u00a0qui reste un symbole et une <a href=\"http:\/\/gnpp.wordpress.com\/2009\/03\/09\/l%E2%80%99esprit-%C2%AB-garage-%C2%BB\/\" target=\"_blank\" rel=\"noopener noreferrer\">mythologi<\/a>e\u00a0positive parmi les professionnels de l&rsquo;informatique.<\/em> <em> V\u00e9ritable cr\u00e8ve coeur de la profession, l&rsquo;annonce de Leo Apotheker sur la vente de cette division juste avant <a href=\"http:\/\/www.bloomberg.com\/news\/2011-09-21\/hp-s-board-is-said-to-weigh-ousting-apotheker-after-less-than-year-as-ceo.html\" target=\"_blank\" rel=\"noopener noreferrer\">son limogeage<\/a>\u00a0a fait l&rsquo;effet d&rsquo;une bombe, un peu comme si Ars\u00e8ne Wenger d\u00e9cidait de vendre son \u00e9quipe de football d&rsquo;Arsenal pour imprimer des maillots. <\/em><br \/>\n<!--more--><br \/>\n<em>La rempla\u00e7ante de l&rsquo;ancien patron de SAP a quant \u00e0 elle d\u00e9cid\u00e9 de relancer la machine. <\/em> <em>Ouf ! on a eu peur &#8230;<\/em> <strong>[CP officiel &#8211; extrait ] HP conserve sa division PC<\/strong> <em>Le maintien de la division Syst\u00e8mes Personnels (PSG)\u00a0au sein d\u2019HP permettra d\u2019apporter plus de valeur\u00a0ajout\u00e9e \u00e0 ses clients et actionnaires\u00a0<\/em> Les Ulis, 28 octobre 2011 \u2013<br \/>\nHP annonce aujourd\u2019hui avoir finalis\u00e9 son\u00a0\u00e9valuation des alternatives strat\u00e9giques relatives \u00e0 sa division Syst\u00e8mes\u00a0Personnels (PSG) et a d\u00e9cid\u00e9 que celle-ci resterait int\u00e9gr\u00e9e \u00e0 la soci\u00e9t\u00e9.<br \/>\n\u00ab HP a objectivement \u00e9valu\u00e9 les impacts strat\u00e9giques, financiers et\u00a0op\u00e9rationnels qu\u2019impliquerait la scission de la division PSG. \u00ab Il appara\u00eet\u00a0clairement apr\u00e8s notre analyse que conserver PSG au sein d\u2019HP est la\u00a0meilleure alternative, tant pour les clients et les partenaires d\u2019HP que pour<br \/>\nses actionnaires et employ\u00e9s \u00bb a d\u00e9clar\u00e9 Meg Whitman, PDG d\u2019HP.<br \/>\n\u00ab HP est intimement li\u00e9 \u00e0 PSG, et ensemble, nous sommes plus forts. \u00bb<\/p>\n<h3>HP confirme conserver sa division ordinateurs personnels<\/h3>\n<p>https:\/\/visionarymarketing.com\/wp-content\/uploads\/2011\/11\/cp_hp_psg_281011.pdf<\/p>\n","protected":false},"excerpt":{"rendered":"<p>Vient (au sens propre, il y a quelques minutes) de tomber sur mon t\u00e9l\u00e9scripteur \u00e0 l&rsquo;instant m\u00eame : HP a confirm\u00e9 officiellement ne pas vouloir vendre sa division PSG, ce qui confirme des informations parues dans la Presse fin Octobre.<\/p>\n<p>La division historique du premier informaticien mondial, celle-l\u00e0 m\u00eame qui lui a donn\u00e9 l&rsquo;image qu&rsquo;on conna\u00eet  qui reste un symbole et une mythologie positive parmi les professionnels de l&rsquo;informatique.<\/p>\n","protected":false},"author":2,"featured_media":61939,"comment_status":"open","ping_status":"open","sticky":false,"template":"","format":"standard","meta":{"footnotes":""},"categories":[134],"tags":[],"class_list":["post-5123","post","type-post","status-publish","format-standard","has-post-thumbnail","hentry","category-economie"],"yoast_head":"<!-- This site is optimized with the Yoast SEO plugin v27.5 - https:\/\/yoast.com\/product\/yoast-seo-wordpress\/ -->\n<title>HP confirme qu&#039;il ne se s\u00e9parera pas de sa division PC<\/title>\n<meta name=\"description\" content=\"HP ne l\u00e2chera pas les PC. Ouf ! La s\u00e9lection du jour ... vient (au sens propre, il y a quelques minutes) de tomber HP conserve sa division PC\" \/>\n<meta name=\"robots\" content=\"index, follow, max-snippet:-1, max-image-preview:large, max-video-preview:-1\" \/>\n<link rel=\"canonical\" href=\"https:\/\/visionarymarketing.com\/fr\/2011\/11\/15\/scoop-hp-confirme-quil-ne-vendra-pas-sa-division-pc\/\" \/>\n<meta property=\"og:locale\" content=\"fr_FR\" \/>\n<meta property=\"og:type\" content=\"article\" \/>\n<meta property=\"og:title\" content=\"HP confirme qu&#039;il ne se s\u00e9parera pas de sa division PC\" \/>\n<meta property=\"og:description\" content=\"HP ne l\u00e2chera pas les PC. Ouf ! La s\u00e9lection du jour ... vient (au sens propre, il y a quelques minutes) de tomber HP conserve sa division PC\" \/>\n<meta property=\"og:url\" content=\"https:\/\/visionarymarketing.com\/fr\/2011\/11\/15\/scoop-hp-confirme-quil-ne-vendra-pas-sa-division-pc\/\" \/>\n<meta property=\"og:site_name\" content=\"Marketing and Innovation\" \/>\n<meta property=\"article:publisher\" content=\"https:\/\/www.facebook.com\/vismktg\" \/>\n<meta property=\"article:author\" content=\"http:\/\/facebook.com\/ygourven\" \/>\n<meta property=\"article:published_time\" content=\"2011-11-15T12:16:55+00:00\" \/>\n<meta property=\"article:modified_time\" content=\"2021-03-06T08:47:43+00:00\" \/>\n<meta property=\"og:image\" content=\"https:\/\/visionarymarketing.com\/wp-content\/uploads\/2011\/11\/pieges-inbound-marketing-1.png\" \/>\n\t<meta property=\"og:image:width\" content=\"520\" \/>\n\t<meta property=\"og:image:height\" content=\"340\" \/>\n\t<meta property=\"og:image:type\" content=\"image\/png\" \/>\n<meta name=\"author\" content=\"Yann Gourvennec\" \/>\n<meta name=\"twitter:card\" content=\"summary_large_image\" \/>\n<meta name=\"twitter:creator\" content=\"@ygourven\" \/>\n<meta name=\"twitter:site\" content=\"@ygourven\" \/>\n<meta name=\"twitter:label1\" content=\"\u00c9crit par\" \/>\n\t<meta name=\"twitter:data1\" content=\"Yann Gourvennec\" \/>\n\t<meta name=\"twitter:label2\" content=\"Dur\u00e9e de lecture estim\u00e9e\" \/>\n\t<meta name=\"twitter:data2\" content=\"2 minutes\" \/>\n<script type=\"application\/ld+json\" class=\"yoast-schema-graph\">{\"@context\":\"https:\\\/\\\/schema.org\",\"@graph\":[{\"@type\":\"NewsArticle\",\"@id\":\"https:\\\/\\\/visionarymarketing.com\\\/fr\\\/2011\\\/11\\\/15\\\/scoop-hp-confirme-quil-ne-vendra-pas-sa-division-pc\\\/#article\",\"isPartOf\":{\"@id\":\"https:\\\/\\\/visionarymarketing.com\\\/fr\\\/2011\\\/11\\\/15\\\/scoop-hp-confirme-quil-ne-vendra-pas-sa-division-pc\\\/\"},\"author\":{\"name\":\"Yann Gourvennec\",\"@id\":\"https:\\\/\\\/visionarymarketing.com\\\/fr\\\/#\\\/schema\\\/person\\\/3754fee1e558f47b8deb46f53c37423e\"},\"headline\":\"HP confirme qu&rsquo;il ne se s\u00e9parera pas de sa division PC\",\"datePublished\":\"2011-11-15T12:16:55+00:00\",\"dateModified\":\"2021-03-06T08:47:43+00:00\",\"mainEntityOfPage\":{\"@id\":\"https:\\\/\\\/visionarymarketing.com\\\/fr\\\/2011\\\/11\\\/15\\\/scoop-hp-confirme-quil-ne-vendra-pas-sa-division-pc\\\/\"},\"wordCount\":341,\"commentCount\":0,\"image\":{\"@id\":\"https:\\\/\\\/visionarymarketing.com\\\/fr\\\/2011\\\/11\\\/15\\\/scoop-hp-confirme-quil-ne-vendra-pas-sa-division-pc\\\/#primaryimage\"},\"thumbnailUrl\":\"https:\\\/\\\/visionarymarketing.com\\\/wp-content\\\/uploads\\\/2011\\\/11\\\/pieges-inbound-marketing-1.png\",\"articleSection\":[\"\u00e9conomie et num\u00e9rique\"],\"inLanguage\":\"fr-FR\",\"potentialAction\":[{\"@type\":\"CommentAction\",\"name\":\"Comment\",\"target\":[\"https:\\\/\\\/visionarymarketing.com\\\/fr\\\/2011\\\/11\\\/15\\\/scoop-hp-confirme-quil-ne-vendra-pas-sa-division-pc\\\/#respond\"]}]},{\"@type\":\"WebPage\",\"@id\":\"https:\\\/\\\/visionarymarketing.com\\\/fr\\\/2011\\\/11\\\/15\\\/scoop-hp-confirme-quil-ne-vendra-pas-sa-division-pc\\\/\",\"url\":\"https:\\\/\\\/visionarymarketing.com\\\/fr\\\/2011\\\/11\\\/15\\\/scoop-hp-confirme-quil-ne-vendra-pas-sa-division-pc\\\/\",\"name\":\"HP confirme qu'il ne se s\u00e9parera pas de sa division PC\",\"isPartOf\":{\"@id\":\"https:\\\/\\\/visionarymarketing.com\\\/fr\\\/#website\"},\"primaryImageOfPage\":{\"@id\":\"https:\\\/\\\/visionarymarketing.com\\\/fr\\\/2011\\\/11\\\/15\\\/scoop-hp-confirme-quil-ne-vendra-pas-sa-division-pc\\\/#primaryimage\"},\"image\":{\"@id\":\"https:\\\/\\\/visionarymarketing.com\\\/fr\\\/2011\\\/11\\\/15\\\/scoop-hp-confirme-quil-ne-vendra-pas-sa-division-pc\\\/#primaryimage\"},\"thumbnailUrl\":\"https:\\\/\\\/visionarymarketing.com\\\/wp-content\\\/uploads\\\/2011\\\/11\\\/pieges-inbound-marketing-1.png\",\"datePublished\":\"2011-11-15T12:16:55+00:00\",\"dateModified\":\"2021-03-06T08:47:43+00:00\",\"author\":{\"@id\":\"https:\\\/\\\/visionarymarketing.com\\\/fr\\\/#\\\/schema\\\/person\\\/3754fee1e558f47b8deb46f53c37423e\"},\"description\":\"HP ne l\u00e2chera pas les PC. Ouf ! La s\u00e9lection du jour ... vient (au sens propre, il y a quelques minutes) de tomber HP conserve sa division PC\",\"breadcrumb\":{\"@id\":\"https:\\\/\\\/visionarymarketing.com\\\/fr\\\/2011\\\/11\\\/15\\\/scoop-hp-confirme-quil-ne-vendra-pas-sa-division-pc\\\/#breadcrumb\"},\"inLanguage\":\"fr-FR\",\"potentialAction\":[{\"@type\":\"ReadAction\",\"target\":[\"https:\\\/\\\/visionarymarketing.com\\\/fr\\\/2011\\\/11\\\/15\\\/scoop-hp-confirme-quil-ne-vendra-pas-sa-division-pc\\\/\"]}]},{\"@type\":\"ImageObject\",\"inLanguage\":\"fr-FR\",\"@id\":\"https:\\\/\\\/visionarymarketing.com\\\/fr\\\/2011\\\/11\\\/15\\\/scoop-hp-confirme-quil-ne-vendra-pas-sa-division-pc\\\/#primaryimage\",\"url\":\"https:\\\/\\\/visionarymarketing.com\\\/wp-content\\\/uploads\\\/2011\\\/11\\\/pieges-inbound-marketing-1.png\",\"contentUrl\":\"https:\\\/\\\/visionarymarketing.com\\\/wp-content\\\/uploads\\\/2011\\\/11\\\/pieges-inbound-marketing-1.png\",\"width\":520,\"height\":340},{\"@type\":\"BreadcrumbList\",\"@id\":\"https:\\\/\\\/visionarymarketing.com\\\/fr\\\/2011\\\/11\\\/15\\\/scoop-hp-confirme-quil-ne-vendra-pas-sa-division-pc\\\/#breadcrumb\",\"itemListElement\":[{\"@type\":\"ListItem\",\"position\":1,\"name\":\"Home\",\"item\":\"https:\\\/\\\/visionarymarketing.com\\\/fr\\\/\"},{\"@type\":\"ListItem\",\"position\":2,\"name\":\"HP confirme qu&rsquo;il ne se s\u00e9parera pas de sa division PC\"}]},{\"@type\":\"WebSite\",\"@id\":\"https:\\\/\\\/visionarymarketing.com\\\/fr\\\/#website\",\"url\":\"https:\\\/\\\/visionarymarketing.com\\\/fr\\\/\",\"name\":\"Marketing and Innovation\",\"description\":\"Site d&#039;infos ind\u00e9pendant, depuis 1996\",\"potentialAction\":[{\"@type\":\"SearchAction\",\"target\":{\"@type\":\"EntryPoint\",\"urlTemplate\":\"https:\\\/\\\/visionarymarketing.com\\\/fr\\\/?s={search_term_string}\"},\"query-input\":{\"@type\":\"PropertyValueSpecification\",\"valueRequired\":true,\"valueName\":\"search_term_string\"}}],\"inLanguage\":\"fr-FR\"},{\"@type\":\"Person\",\"@id\":\"https:\\\/\\\/visionarymarketing.com\\\/fr\\\/#\\\/schema\\\/person\\\/3754fee1e558f47b8deb46f53c37423e\",\"name\":\"Yann Gourvennec\",\"image\":{\"@type\":\"ImageObject\",\"inLanguage\":\"fr-FR\",\"@id\":\"https:\\\/\\\/secure.gravatar.com\\\/avatar\\\/5972001801e8de5692a3e31224e85769f50a55fb8b679749f9c8d1868cceff14?s=96&d=initials&r=g&initials=yg\",\"url\":\"https:\\\/\\\/secure.gravatar.com\\\/avatar\\\/5972001801e8de5692a3e31224e85769f50a55fb8b679749f9c8d1868cceff14?s=96&d=initials&r=g&initials=yg\",\"contentUrl\":\"https:\\\/\\\/secure.gravatar.com\\\/avatar\\\/5972001801e8de5692a3e31224e85769f50a55fb8b679749f9c8d1868cceff14?s=96&d=initials&r=g&initials=yg\",\"caption\":\"Yann Gourvennec\"},\"description\":\"Yann Gourvennec created visionarymarketing.com in 1996. He is a speaker and author of many books. In 2014 he went from intrapreneur to entrepreneur, when he created his digital marketing agency. Yann Gourvennec a cr\u00e9\u00e9 visionarymarketing.com en 1996. Il est conf\u00e9rencier et auteur de plusieurs livres. En 2014, il est pass\u00e9 d'intrapreneur \u00e0 entrepreneur en cr\u00e9ant son agence de marketing num\u00e9rique.\",\"sameAs\":[\"https:\\\/\\\/visionarymarketing.com\",\"http:\\\/\\\/facebook.com\\\/ygourven\",\"http:\\\/\\\/linkedin.com\\\/in\\\/ygourven\",\"https:\\\/\\\/x.com\\\/ygourven\",\"https:\\\/\\\/www.youtube.com\\\/c\\\/visionarymarketingagency\"],\"url\":\"https:\\\/\\\/visionarymarketing.com\\\/fr\\\/author\\\/yann-gourvennec\\\/\"}]}<\/script>\n<!-- \/ Yoast SEO plugin. -->","yoast_head_json":{"title":"HP confirme qu'il ne se s\u00e9parera pas de sa division PC","description":"HP ne l\u00e2chera pas les PC. Ouf ! La s\u00e9lection du jour ... vient (au sens propre, il y a quelques minutes) de tomber HP conserve sa division PC","robots":{"index":"index","follow":"follow","max-snippet":"max-snippet:-1","max-image-preview":"max-image-preview:large","max-video-preview":"max-video-preview:-1"},"canonical":"https:\/\/visionarymarketing.com\/fr\/2011\/11\/15\/scoop-hp-confirme-quil-ne-vendra-pas-sa-division-pc\/","og_locale":"fr_FR","og_type":"article","og_title":"HP confirme qu'il ne se s\u00e9parera pas de sa division PC","og_description":"HP ne l\u00e2chera pas les PC. Ouf ! La s\u00e9lection du jour ... vient (au sens propre, il y a quelques minutes) de tomber HP conserve sa division PC","og_url":"https:\/\/visionarymarketing.com\/fr\/2011\/11\/15\/scoop-hp-confirme-quil-ne-vendra-pas-sa-division-pc\/","og_site_name":"Marketing and Innovation","article_publisher":"https:\/\/www.facebook.com\/vismktg","article_author":"http:\/\/facebook.com\/ygourven","article_published_time":"2011-11-15T12:16:55+00:00","article_modified_time":"2021-03-06T08:47:43+00:00","og_image":[{"width":520,"height":340,"url":"https:\/\/visionarymarketing.com\/wp-content\/uploads\/2011\/11\/pieges-inbound-marketing-1.png","type":"image\/png"}],"author":"Yann Gourvennec","twitter_card":"summary_large_image","twitter_creator":"@ygourven","twitter_site":"@ygourven","twitter_misc":{"\u00c9crit par":"Yann Gourvennec","Dur\u00e9e de lecture estim\u00e9e":"2 minutes"},"schema":{"@context":"https:\/\/schema.org","@graph":[{"@type":"NewsArticle","@id":"https:\/\/visionarymarketing.com\/fr\/2011\/11\/15\/scoop-hp-confirme-quil-ne-vendra-pas-sa-division-pc\/#article","isPartOf":{"@id":"https:\/\/visionarymarketing.com\/fr\/2011\/11\/15\/scoop-hp-confirme-quil-ne-vendra-pas-sa-division-pc\/"},"author":{"name":"Yann Gourvennec","@id":"https:\/\/visionarymarketing.com\/fr\/#\/schema\/person\/3754fee1e558f47b8deb46f53c37423e"},"headline":"HP confirme qu&rsquo;il ne se s\u00e9parera pas de sa division PC","datePublished":"2011-11-15T12:16:55+00:00","dateModified":"2021-03-06T08:47:43+00:00","mainEntityOfPage":{"@id":"https:\/\/visionarymarketing.com\/fr\/2011\/11\/15\/scoop-hp-confirme-quil-ne-vendra-pas-sa-division-pc\/"},"wordCount":341,"commentCount":0,"image":{"@id":"https:\/\/visionarymarketing.com\/fr\/2011\/11\/15\/scoop-hp-confirme-quil-ne-vendra-pas-sa-division-pc\/#primaryimage"},"thumbnailUrl":"https:\/\/visionarymarketing.com\/wp-content\/uploads\/2011\/11\/pieges-inbound-marketing-1.png","articleSection":["\u00e9conomie et num\u00e9rique"],"inLanguage":"fr-FR","potentialAction":[{"@type":"CommentAction","name":"Comment","target":["https:\/\/visionarymarketing.com\/fr\/2011\/11\/15\/scoop-hp-confirme-quil-ne-vendra-pas-sa-division-pc\/#respond"]}]},{"@type":"WebPage","@id":"https:\/\/visionarymarketing.com\/fr\/2011\/11\/15\/scoop-hp-confirme-quil-ne-vendra-pas-sa-division-pc\/","url":"https:\/\/visionarymarketing.com\/fr\/2011\/11\/15\/scoop-hp-confirme-quil-ne-vendra-pas-sa-division-pc\/","name":"HP confirme qu'il ne se s\u00e9parera pas de sa division PC","isPartOf":{"@id":"https:\/\/visionarymarketing.com\/fr\/#website"},"primaryImageOfPage":{"@id":"https:\/\/visionarymarketing.com\/fr\/2011\/11\/15\/scoop-hp-confirme-quil-ne-vendra-pas-sa-division-pc\/#primaryimage"},"image":{"@id":"https:\/\/visionarymarketing.com\/fr\/2011\/11\/15\/scoop-hp-confirme-quil-ne-vendra-pas-sa-division-pc\/#primaryimage"},"thumbnailUrl":"https:\/\/visionarymarketing.com\/wp-content\/uploads\/2011\/11\/pieges-inbound-marketing-1.png","datePublished":"2011-11-15T12:16:55+00:00","dateModified":"2021-03-06T08:47:43+00:00","author":{"@id":"https:\/\/visionarymarketing.com\/fr\/#\/schema\/person\/3754fee1e558f47b8deb46f53c37423e"},"description":"HP ne l\u00e2chera pas les PC. Ouf ! La s\u00e9lection du jour ... vient (au sens propre, il y a quelques minutes) de tomber HP conserve sa division PC","breadcrumb":{"@id":"https:\/\/visionarymarketing.com\/fr\/2011\/11\/15\/scoop-hp-confirme-quil-ne-vendra-pas-sa-division-pc\/#breadcrumb"},"inLanguage":"fr-FR","potentialAction":[{"@type":"ReadAction","target":["https:\/\/visionarymarketing.com\/fr\/2011\/11\/15\/scoop-hp-confirme-quil-ne-vendra-pas-sa-division-pc\/"]}]},{"@type":"ImageObject","inLanguage":"fr-FR","@id":"https:\/\/visionarymarketing.com\/fr\/2011\/11\/15\/scoop-hp-confirme-quil-ne-vendra-pas-sa-division-pc\/#primaryimage","url":"https:\/\/visionarymarketing.com\/wp-content\/uploads\/2011\/11\/pieges-inbound-marketing-1.png","contentUrl":"https:\/\/visionarymarketing.com\/wp-content\/uploads\/2011\/11\/pieges-inbound-marketing-1.png","width":520,"height":340},{"@type":"BreadcrumbList","@id":"https:\/\/visionarymarketing.com\/fr\/2011\/11\/15\/scoop-hp-confirme-quil-ne-vendra-pas-sa-division-pc\/#breadcrumb","itemListElement":[{"@type":"ListItem","position":1,"name":"Home","item":"https:\/\/visionarymarketing.com\/fr\/"},{"@type":"ListItem","position":2,"name":"HP confirme qu&rsquo;il ne se s\u00e9parera pas de sa division PC"}]},{"@type":"WebSite","@id":"https:\/\/visionarymarketing.com\/fr\/#website","url":"https:\/\/visionarymarketing.com\/fr\/","name":"Marketing and Innovation","description":"Site d&#039;infos ind\u00e9pendant, depuis 1996","potentialAction":[{"@type":"SearchAction","target":{"@type":"EntryPoint","urlTemplate":"https:\/\/visionarymarketing.com\/fr\/?s={search_term_string}"},"query-input":{"@type":"PropertyValueSpecification","valueRequired":true,"valueName":"search_term_string"}}],"inLanguage":"fr-FR"},{"@type":"Person","@id":"https:\/\/visionarymarketing.com\/fr\/#\/schema\/person\/3754fee1e558f47b8deb46f53c37423e","name":"Yann Gourvennec","image":{"@type":"ImageObject","inLanguage":"fr-FR","@id":"https:\/\/secure.gravatar.com\/avatar\/5972001801e8de5692a3e31224e85769f50a55fb8b679749f9c8d1868cceff14?s=96&d=initials&r=g&initials=yg","url":"https:\/\/secure.gravatar.com\/avatar\/5972001801e8de5692a3e31224e85769f50a55fb8b679749f9c8d1868cceff14?s=96&d=initials&r=g&initials=yg","contentUrl":"https:\/\/secure.gravatar.com\/avatar\/5972001801e8de5692a3e31224e85769f50a55fb8b679749f9c8d1868cceff14?s=96&d=initials&r=g&initials=yg","caption":"Yann Gourvennec"},"description":"Yann Gourvennec created visionarymarketing.com in 1996. He is a speaker and author of many books. In 2014 he went from intrapreneur to entrepreneur, when he created his digital marketing agency. Yann Gourvennec a cr\u00e9\u00e9 visionarymarketing.com en 1996. Il est conf\u00e9rencier et auteur de plusieurs livres. En 2014, il est pass\u00e9 d'intrapreneur \u00e0 entrepreneur en cr\u00e9ant son agence de marketing num\u00e9rique.","sameAs":["https:\/\/visionarymarketing.com","http:\/\/facebook.com\/ygourven","http:\/\/linkedin.com\/in\/ygourven","https:\/\/x.com\/ygourven","https:\/\/www.youtube.com\/c\/visionarymarketingagency"],"url":"https:\/\/visionarymarketing.com\/fr\/author\/yann-gourvennec\/"}]}},"_links":{"self":[{"href":"https:\/\/visionarymarketing.com\/fr\/wp-json\/wp\/v2\/posts\/5123","targetHints":{"allow":["GET"]}}],"collection":[{"href":"https:\/\/visionarymarketing.com\/fr\/wp-json\/wp\/v2\/posts"}],"about":[{"href":"https:\/\/visionarymarketing.com\/fr\/wp-json\/wp\/v2\/types\/post"}],"author":[{"embeddable":true,"href":"https:\/\/visionarymarketing.com\/fr\/wp-json\/wp\/v2\/users\/2"}],"replies":[{"embeddable":true,"href":"https:\/\/visionarymarketing.com\/fr\/wp-json\/wp\/v2\/comments?post=5123"}],"version-history":[{"count":0,"href":"https:\/\/visionarymarketing.com\/fr\/wp-json\/wp\/v2\/posts\/5123\/revisions"}],"wp:featuredmedia":[{"embeddable":true,"href":"https:\/\/visionarymarketing.com\/fr\/wp-json\/wp\/v2\/media\/61939"}],"wp:attachment":[{"href":"https:\/\/visionarymarketing.com\/fr\/wp-json\/wp\/v2\/media?parent=5123"}],"wp:term":[{"taxonomy":"category","embeddable":true,"href":"https:\/\/visionarymarketing.com\/fr\/wp-json\/wp\/v2\/categories?post=5123"},{"taxonomy":"post_tag","embeddable":true,"href":"https:\/\/visionarymarketing.com\/fr\/wp-json\/wp\/v2\/tags?post=5123"}],"curies":[{"name":"wp","href":"https:\/\/api.w.org\/{rel}","templated":true}]}}