{"id":5044,"date":"2011-11-10T08:15:19","date_gmt":"2011-11-10T08:15:19","guid":{"rendered":"http:\/\/visionary.wordpress.com\/?p=5044"},"modified":"2021-04-23T21:32:27","modified_gmt":"2021-04-23T19:32:27","slug":"twitter-envahi-par-les-ados-les-influenceurs-sur-google","status":"publish","type":"post","link":"https:\/\/visionarymarketing.com\/fr\/2011\/11\/10\/twitter-envahi-par-les-ados-les-influenceurs-sur-google\/","title":{"rendered":"Twitter envahi par les ados, les influenceurs sur Google+ &#8230; ?"},"content":{"rendered":"<p><em>Twitter est-il envahi par les ados ? Cet article de <a href=\"http:\/\/www.doyoubuzz.com\/mathias-riquier\" target=\"_blank\" rel=\"noopener noreferrer\">Mathias Riquier<\/a>, \u00e0 la fois pertinent et un brin impertinent (les commentaires valent le coup d&rsquo;oeil) sur la mutation &#8211; \u00e0 peine entam\u00e9e &#8211; de la <a href=\"https:\/\/visionarymarketing.com\/fr\/2015\/09\/twitter-outil-de-communication-pour-leaders\/\">twittosph\u00e8re<\/a> fran\u00e7aise. En attendant que la campagne \u00e9lectorale de 2012 vienne relever le niveau (oui, on peut consid\u00e9rer que cela est de l&rsquo;humour, m\u00eame douteux) <a href=\"http:\/\/www.lefigaro.fr\/politique\/2011\/11\/08\/01002-20111108ARTFIG00641-twitter-la-politique-en-cent-quarante-signes.php\" target=\"_blank\" rel=\"noopener noreferrer\">comme l&rsquo;\u00e9voque le Figaro du 9 novembre<\/a>\u00a0(r\u00e9serv\u00e9 aux abonn\u00e9s), les blogueurs et influenceurs de tout poil pourraient bien \u00eatre en passe de migrer vers &#8230; Google+ (si si, vous\u00a0<\/em><em>\u00a0devez vous en souvenir, on en parle de temps en temps).<\/em><\/p>\n<h2>Twitter envahi par les ados, les influenceurs vont-ils devoir se r\u00e9fugier sur Google+ &#8230; ?<\/h2>\n<figure id=\"attachment_51066\" aria-describedby=\"caption-attachment-51066\" style=\"width: 640px\" class=\"wp-caption aligncenter\"><img decoding=\"async\" class=\"wp-image-51066 size-full\" src=\"https:\/\/visionarymarketing.com\/wp-content\/uploads\/2011\/11\/jumpstory-download20200311-185855-e1583953162798.jpg\" alt=\"Twitter envahi ados\" width=\"640\" height=\"427\" \/><figcaption id=\"caption-attachment-51066\" class=\"wp-caption-text\">Twitter est-il envahi par les ados ?<\/figcaption><\/figure>\n<p><!--more--><\/p>\n<p><em>Car voici une tendance que je remarque depuis un temps, certains de nos amis hyper actifs de la souris comme <a href=\"https:\/\/plus.google.com\/111654284395316165338\/posts\" target=\"_blank\" rel=\"noopener noreferrer\">Jeremiah Owyang<\/a> par exemple, ou <a href=\"https:\/\/plus.google.com\/116696335245410164001\/posts\" target=\"_blank\" rel=\"noopener noreferrer\">Bertrand Duperrin<\/a> de ce c\u00f4t\u00e9 ci de l&rsquo;Atlantique, ont tendance \u00e0 de plus en plus favoriser le nouveau r\u00e9seau social qui pourrait bien ne pas tarder \u00e0 devenir le nec plus ultra de la branchitude num\u00e9rique. Pour ceux qui vont rester scotch\u00e9s sur Twitter, il faudra se contenter de #lealatepu et autres \u00e9lucubrations\/cyberbabillages du style #CeMomentG\u00e9nant. Soupirs &#8230; Finalement, je vais peut-\u00eatre aussi basculer sur Google+.<br \/>\n<\/em><\/p>\n<p>Twitter est-il envahi par les ados, nous vous proposons ce billet qui, ayant disparu du Web, est reproduit sur ces pages.<\/p>\n<h3>La twittosph\u00e8re fran\u00e7aise est-elle devenue un repaire d&rsquo;ados ?<\/h3>\n<p>Twitter, comme Facebook en son temps, prend assez d&rsquo;ampleur pour qu&rsquo;un r\u00e9el m\u00e9lange de tranches d&rsquo;\u00e2ges et de cat\u00e9gories socio-professionnelles s&rsquo;op\u00e8re, en douceur. Les early adopters, forc\u00e9ment snobs, r\u00e2lent un peu. Et on aurait tendance \u00e0 leur donner raison : le premier effet pervers d&rsquo;une telle popularit\u00e9, c&rsquo;est l&rsquo;invasion d&rsquo;une frange d&rsquo;individus qui ne peut, et ne doit pas comprendre ce qui se passe vraiment sur le r\u00e9seau. H\u00e9las, maintenant, en France, Twitter parle de L\u00e9a la tepu et de One Direction. Tout fout le camp.<\/p>\n<p><img decoding=\"async\" class=\"aligncenter size-full wp-image-62290\" src=\"https:\/\/visionarymarketing.com\/wp-content\/uploads\/2011\/11\/64380.jpg\" alt=\"\" width=\"320\" height=\"240\" \/><\/p>\n<p>L&rsquo;aile technophile et cool de l&rsquo;esp\u00e8ce humaine poss\u00e8de un penchant naturel \u00e0 l&rsquo;aigreur lorsqu&rsquo;on la d\u00e9poss\u00e8de d&rsquo;un objet, d&rsquo;un espace social ou d&rsquo;une id\u00e9e \u00e0 laquelle elle s&rsquo;identifie. Fatalement, d\u00e8s qu&rsquo;un r\u00e9seau social bien con\u00e7u r\u00e9ussit \u00e0 s&rsquo;imposer en dehors de sa sph\u00e8re, c&rsquo;est ind\u00e9niablement ce qui se passe. Facebook, par les outils propos\u00e9s, ayant a priori davantage de raisons de sombrer dans la popularit\u00e9 de bas \u00e9tage, il n&rsquo;y a gu\u00e8re de raisons de s&rsquo;\u00e9tonner. Twitter \u00e9tant, par essence, un outil \u00e9ditorial, il prend donc son int\u00e9r\u00eat lorsque ses membres ont quelque chose d&rsquo;int\u00e9ressant \u00e0 partager \u00e0 la communaut\u00e9 enti\u00e8re, et non pas \u00e0 un cercle d&rsquo;amis restreint. De fait, l&rsquo;engouement progressif est plus difficile \u00e0 saisir.<\/p>\n<p><img decoding=\"async\" class=\"aligncenter size-full wp-image-62289\" src=\"https:\/\/visionarymarketing.com\/wp-content\/uploads\/2011\/11\/64381.jpg\" alt=\"\" width=\"540\" height=\"238\" srcset=\"https:\/\/visionarymarketing.com\/wp-content\/uploads\/2011\/11\/64381.jpg 540w, https:\/\/visionarymarketing.com\/wp-content\/uploads\/2011\/11\/64381-500x220.jpg 500w\" sizes=\"(max-width: 540px) 100vw, 540px\" \/><\/p>\n<p>Cela dit, sans mode d&#8217;emploi, Twitter peut ais\u00e9ment \u00eatre pris pour un m\u00e9lange MSN &#8211; <a href=\"https:\/\/web.archive.org\/web\/20111120120135\/http:\/\/fr.wikipedia.org\/wiki\/CaraMail\" target=\"_blank\" rel=\"noopener\">Caramail<\/a>, un salon #dialogues comme on n&rsquo;en fait plus, la fiert\u00e9 narcissique d&rsquo;engranger du follower en plus. Twitter, \u00e0 un certian niveau, serait-il un \u00e9norme malentendu ? La question ne m\u00e9rite pas sp\u00e9cialement d&rsquo;\u00eatre \u00e9lucid\u00e9e par ses membres actifs, qui se suivent entre eux sans pr\u00eater attention aux divers \u00e9mulsions \u00ab\u00a0kikoolol\u00a0\u00bb des strates inf\u00e9rieures. Mais les trending topics, \u00e0 leur \u00e2ge d&rsquo;or, apparaissaient comme un excellent moyen de savoir rapidement quels \u00e9taient les gros titres du moment. Aujourd&rsquo;hui, c&rsquo;est un peu plus compliqu\u00e9 de faire le tri, et cette \u00e9lite fait un peu la moue, toute d\u00e9poss\u00e9d\u00e9e de son jouet qualitatif.<\/p>\n<div><img decoding=\"async\" src=\"https:\/\/web.archive.org\/web\/20111120120135im_\/http:\/\/files.fluctuat.net\/images\/cms_flu\/9\/8\/8\/0\/50889\/64381.jpg\" alt=\"\" \/><\/div>\n<p><strong>Un ph\u00e9nom\u00e8ne typiquement fran\u00e7ais ?<\/strong><\/p>\n<p>Pas uniquement. Apr\u00e8s une courte recherche, on remarque \u00e9videmment qu&rsquo;aux \u00c9tats-Unis ou au Royaume-Uni, \u00e7a ne respire pas non plus tout le temps la fra\u00eecheur et l&rsquo;envie d&rsquo;\u00e9litisme journalistique. L&rsquo;\u00e9cart est plus subtil, et peut \u00eatre compar\u00e9 \u00e0 la diff\u00e9rence de qualit\u00e9 entre memes anglo-saxons et fran\u00e7ais : un peu plus \u00ab\u00a0beauf\u00a0\u00bb, un peu moins dr\u00f4les, beaucoup plus ado et niais, et qui sentent l&rsquo;imitation maladroite. Les <a href=\"https:\/\/web.archive.org\/web\/20111120120135\/http:\/\/www.skyrock.com\/blog\/\" target=\"_blank\" rel=\"noopener\">Skyblogs <\/a>ont perdu leur h\u00e9g\u00e9monie, il fallait bien \u00e0 cette g\u00e9n\u00e9ration perdue un m\u00e9dia de remplacement, rapide \u00e0 int\u00e9grer et facile \u00e0 utiliser, reprenant les m\u00eames codes \u00e9ditoriaux que le blogging, ce que Facebook ne peut r\u00e9ellement offrir. L&rsquo;in\u00e9vitable exception fran\u00e7aise appliqu\u00e9e aux Internets.<\/p>\n<p><img decoding=\"async\" class=\"aligncenter size-full wp-image-62288\" src=\"https:\/\/visionarymarketing.com\/wp-content\/uploads\/2011\/11\/64382.jpg\" alt=\"\" width=\"532\" height=\"207\" srcset=\"https:\/\/visionarymarketing.com\/wp-content\/uploads\/2011\/11\/64382.jpg 532w, https:\/\/visionarymarketing.com\/wp-content\/uploads\/2011\/11\/64382-500x195.jpg 500w\" sizes=\"(max-width: 532px) 100vw, 532px\" \/><\/p>\n<p>L&rsquo;histoire retiendra le premier trending topic purement fran\u00e7ais : Super Nanny, qui aura r\u00e9ussi \u00e0 se taper l&rsquo;incruste plus d&rsquo;une heure alors que les \u00ab\u00a0TT France\u00a0\u00bb n&rsquo;\u00e9taient pas encore mis en place. \u00c0 c\u00f4t\u00e9 d&rsquo;Ha\u00efti, pour le style. Le lancement des local trends n&rsquo;a \u00e9videmment pas effac\u00e9 la tendance, et a naturellement pos\u00e9 les bases d&rsquo;un partage subi, fa\u00e7on fuite des cerveaux moderne : les intellos restent camper sur les TT mondiaux ou am\u00e9ricains, et les jeunes \u00e9cervel\u00e9s squattent les tendances fran\u00e7aises. \u00c9ternel recommencement : Facebook a \u00e9largi son panel d&rsquo;utilisateurs fran\u00e7ais, et donc ramen\u00e9 une frange d&rsquo;utilisateurs plut\u00f4t d\u00e9cevante dans son utilisation du r\u00e9seau, lorsque la langue fran\u00e7aise a \u00e9t\u00e9 propos\u00e9e, au grand dam des \u00fcber-connect\u00e9s. Corollaires potentiels : le fran\u00e7ais est la langue de la lose et l&rsquo;\u00c9ducation Nationale est toujours aussi nulle pour enseigner l&rsquo;anglais \u00e0 nos chers poupons.<\/p>\n<div><img decoding=\"async\" src=\"https:\/\/web.archive.org\/web\/20111120120135im_\/http:\/\/files.fluctuat.net\/images\/cms_flu\/9\/8\/8\/0\/50889\/64382.jpg\" alt=\"\" \/><\/div>\n<p><strong>Skyblog Syndrome <\/strong><\/p>\n<p>Les 1D, \u00e7a vous dit quelque chose ? Mais si, cet \u00e9ni\u00e8me groupe de gamins attard\u00e9s qui plaisent aux midinettes, nomm\u00e9 <a href=\"https:\/\/web.archive.org\/web\/20111120120135\/http:\/\/fr.wikipedia.org\/wiki\/One_Direction\" target=\"_blank\" rel=\"noopener\">One Direction<\/a> en version longue. Le d\u00e9bat du jour ? Vont-ils bosser avec Disney, oui ou non ? La r\u00e9ponse en <a href=\"https:\/\/web.archive.org\/web\/20111120120135\/http:\/\/twitter.com\/#!\/search\/%22Les%201D%22\" target=\"_blank\" rel=\"noopener\">TT du jour<\/a>. La semaine derni\u00e8re, tout stalker de gu\u00e9guerre d&rsquo;ados online a forc\u00e9ment suivi le topic <a href=\"https:\/\/web.archive.org\/web\/20111120120135\/http:\/\/twitter.com\/#!\/search\/%23lealatepu\" target=\"_blank\" rel=\"noopener\">#LeaLaTEPU<\/a>, suivi de <a href=\"https:\/\/web.archive.org\/web\/20111120120135\/http:\/\/twitter.com\/#!\/search\/realtime\/%23AntiDannettoketchup\" target=\"_blank\" rel=\"noopener\">#AntiDanettoKetchup<\/a>, deux excellents sujets \u00e9ditoriaux qui ciblent directement deux comptes Twitter tenus par des individus visiblement d\u00e9cid\u00e9s \u00e0 envoyer du gros coup bas \u00e0 l&rsquo;ennemi, \u00e0 coups de <a href=\"https:\/\/web.archive.org\/web\/20111120120135\/http:\/\/twitter.com\/#!\/JeanKhaled\/status\/130758023927963648\" target=\"_blank\" rel=\"noopener\">06 qui fuitent<\/a>. Il serait \u00e9videmment grotesque de faire l&rsquo;impasse sur <a href=\"https:\/\/web.archive.org\/web\/20111120120135\/http:\/\/twitter.com\/#!\/search?q=%23BIEBERINFRANCE\" target=\"_blank\" rel=\"noopener\">#BieberInFrance<\/a>, sujet plus grand public (preuve en est, <a href=\"https:\/\/web.archive.org\/web\/20111120120135\/http:\/\/www.fluctuat.net\/blog\/30874-Liberez-Justin-Bieber-\" target=\"_blank\" rel=\"noopener\">Flu a son avis sur la question<\/a>) et qui brasse un nombre parfaitement stable d&rsquo;utilisateurs. La liste est longue, et surtout, r\u00e9guli\u00e8rement mise \u00e0 jour. Encore une chose : Cette frange d&rsquo;utilisateurs <a href=\"https:\/\/web.archive.org\/web\/20111120120135\/http:\/\/twitter.com\/#!\/JudasWay\/status\/130760140516360192\" target=\"_blank\" rel=\"noopener\">parle r\u00e9guli\u00e8rement<\/a> de trending topics, les TT \u00e9tant devenus un sujet transversal et d&rsquo;importance cruciale pour ceux qui en font partie.<\/p>\n<p>Lorsqu&rsquo;on remarque la prolif\u00e9ration de sujets d&rsquo;ados dans les TT hexagonaux, et une fois pass\u00e9e la consternation, on ne peut qu&rsquo;\u00eatre, au moins un peu, b\u00e9ats d&rsquo;admiration devant ce taux de r\u00e9ussite \u00e9ditoriale. Le tas d&rsquo;articles parus sur des blogs technophiles qui nous expliquaient comment utiliser correctement un hashtag n&rsquo;\u00e9tait, en fin de compte, peut-\u00eatre pas si inutile que \u00e7a : les gentils webjournalistes, les graphistes, les bloggueurs et tous ces gens \u00e0 la caboche bien remplie ont simplement pr\u00e9f\u00e9r\u00e9 l&rsquo;utiliser comme une <a href=\"https:\/\/web.archive.org\/web\/20111120120135\/http:\/\/twitter.com\/#!\/search\/lesgens\" target=\"_blank\" rel=\"noopener\">figure de style<\/a>, un \u00e9l\u00e9ment esth\u00e9tique, un moyen d&rsquo;utiliser l&rsquo;ironie et le cynisme. Bref, ils se sont appropri\u00e9 l&rsquo;outil, en le d\u00e9tournant, et en lui retirant son essence. Nos ados, bien \u00e9lev\u00e9s, ont compris le truc, et ob\u00e9issent tranquillement \u00e0 ce qu&rsquo;on leur a dit de faire. Avec la volubilit\u00e9 inh\u00e9rente \u00e0 cette tranche d&rsquo;\u00e2ge, proche du flood perp\u00e9tuel. Au fond, ces jeunes sont bien meilleurs que nous.<\/p>\n<p>via <a href=\"https:\/\/visionarymarketing.com\/fr\/2011\/11\/twitter-envahi-par-les-ados-les-influenceurs-sur-google\/\">La twittosph\u00e8re fran\u00e7aise est-elle devenue un repaire d&rsquo;ados ?<\/a>.<\/p>\n","protected":false},"excerpt":{"rendered":"<p>Cet article de Mathias Riquier, \u00e0 la fois pertinent et un brin impertinent (les commentaires valent le coup d&rsquo;oeil) sur la mutation &#8211; \u00e0 peine entam\u00e9e &#8211; de la twittosph\u00e8re fran\u00e7aise. En attendant que la campagne \u00e9lectorale de 2012 vienne relever le niveau (oui, on peut consid\u00e9rer que cela est de l&rsquo;humour, m\u00eame douteux) comme l&rsquo;\u00e9voque le Figaro du 9 novembre (r\u00e9serv\u00e9 aux abonn\u00e9s), les blogueurs et influenceurs de tout poil pourraient bien \u00eatre en passe de migrer vers &#8230; Google+ (si si, vous  devez vous en souvenir, on en parle de temps en temps). Car voici une tendance que je remarque depuis un temps, certains de nos amis hyper actifs de la souris comme Jeremiah Owyang par exemple, ou Bertrand Duperrin de ce c\u00f4t\u00e9 ci de l&rsquo;Atlantique, ont tendance \u00e0 de plus en plus favoriser le nouveau r\u00e9seau social qui pourrait bien ne pas tarder \u00e0 devenir le nec plus ultra de la branchitude num\u00e9rique. Pour ceux qui vont rester scotch\u00e9s sur Twitter, il faudra se contenter de #lealatepu et autres \u00e9lucubrations\/cyberbabillages du style #CeMomentG\u00e9nant. Soupirs &#8230; Finalement, je vais peut-\u00eatre aussi basculer sur Google+ (http:\/\/www.tinygplus.com\/ygourven) ?!<\/p>\n","protected":false},"author":2,"featured_media":51066,"comment_status":"open","ping_status":"open","sticky":false,"template":"","format":"standard","meta":{"footnotes":""},"categories":[25],"tags":[],"class_list":["post-5044","post","type-post","status-publish","format-standard","has-post-thumbnail","hentry","category-medias-sociaux"],"yoast_head":"<!-- This site is optimized with the Yoast SEO plugin v27.4 - https:\/\/yoast.com\/product\/yoast-seo-wordpress\/ -->\n<title>Twitter envahi par les ados, les influenceurs sur Google+ ... ?<\/title>\n<meta name=\"description\" content=\"Twitter est-il envahi par les ados ? Cet article de M Riquier, \u00e0 la fois pertinent et impertinent, les commentaires valent le coup d&#039;\u0153il\" \/>\n<meta name=\"robots\" content=\"index, follow, max-snippet:-1, max-image-preview:large, max-video-preview:-1\" \/>\n<link rel=\"canonical\" href=\"https:\/\/visionarymarketing.com\/fr\/2011\/11\/10\/twitter-envahi-par-les-ados-les-influenceurs-sur-google\/\" \/>\n<meta property=\"og:locale\" content=\"fr_FR\" \/>\n<meta property=\"og:type\" content=\"article\" \/>\n<meta property=\"og:title\" content=\"Twitter envahi par les ados, les influenceurs sur Google+ ... ?\" \/>\n<meta property=\"og:description\" content=\"Twitter est-il envahi par les ados ? Cet article de M Riquier, \u00e0 la fois pertinent et impertinent, les commentaires valent le coup d&#039;\u0153il\" \/>\n<meta property=\"og:url\" content=\"https:\/\/visionarymarketing.com\/fr\/2011\/11\/10\/twitter-envahi-par-les-ados-les-influenceurs-sur-google\/\" \/>\n<meta property=\"og:site_name\" content=\"Marketing and Innovation\" \/>\n<meta property=\"article:publisher\" content=\"https:\/\/www.facebook.com\/vismktg\" \/>\n<meta property=\"article:author\" content=\"http:\/\/facebook.com\/ygourven\" \/>\n<meta property=\"article:published_time\" content=\"2011-11-10T08:15:19+00:00\" \/>\n<meta property=\"article:modified_time\" content=\"2021-04-23T19:32:27+00:00\" \/>\n<meta property=\"og:image\" content=\"https:\/\/visionarymarketing.com\/wp-content\/uploads\/2011\/11\/jumpstory-download20200311-185855-e1583953162798.jpg\" \/>\n\t<meta property=\"og:image:width\" content=\"640\" \/>\n\t<meta property=\"og:image:height\" content=\"427\" \/>\n\t<meta property=\"og:image:type\" content=\"image\/jpeg\" \/>\n<meta name=\"author\" content=\"Yann Gourvennec\" \/>\n<meta name=\"twitter:card\" content=\"summary_large_image\" \/>\n<meta name=\"twitter:creator\" content=\"@ygourven\" \/>\n<meta name=\"twitter:site\" content=\"@ygourven\" \/>\n<meta name=\"twitter:label1\" content=\"\u00c9crit par\" \/>\n\t<meta name=\"twitter:data1\" content=\"Yann Gourvennec\" \/>\n\t<meta name=\"twitter:label2\" content=\"Dur\u00e9e de lecture estim\u00e9e\" \/>\n\t<meta name=\"twitter:data2\" content=\"7 minutes\" \/>\n<script type=\"application\/ld+json\" class=\"yoast-schema-graph\">{\"@context\":\"https:\\\/\\\/schema.org\",\"@graph\":[{\"@type\":\"NewsArticle\",\"@id\":\"https:\\\/\\\/visionarymarketing.com\\\/fr\\\/2011\\\/11\\\/10\\\/twitter-envahi-par-les-ados-les-influenceurs-sur-google\\\/#article\",\"isPartOf\":{\"@id\":\"https:\\\/\\\/visionarymarketing.com\\\/fr\\\/2011\\\/11\\\/10\\\/twitter-envahi-par-les-ados-les-influenceurs-sur-google\\\/\"},\"author\":{\"name\":\"Yann Gourvennec\",\"@id\":\"https:\\\/\\\/visionarymarketing.com\\\/fr\\\/#\\\/schema\\\/person\\\/3754fee1e558f47b8deb46f53c37423e\"},\"headline\":\"Twitter envahi par les ados, les influenceurs sur Google+ &#8230; ?\",\"datePublished\":\"2011-11-10T08:15:19+00:00\",\"dateModified\":\"2021-04-23T19:32:27+00:00\",\"mainEntityOfPage\":{\"@id\":\"https:\\\/\\\/visionarymarketing.com\\\/fr\\\/2011\\\/11\\\/10\\\/twitter-envahi-par-les-ados-les-influenceurs-sur-google\\\/\"},\"wordCount\":1302,\"commentCount\":0,\"image\":{\"@id\":\"https:\\\/\\\/visionarymarketing.com\\\/fr\\\/2011\\\/11\\\/10\\\/twitter-envahi-par-les-ados-les-influenceurs-sur-google\\\/#primaryimage\"},\"thumbnailUrl\":\"https:\\\/\\\/visionarymarketing.com\\\/wp-content\\\/uploads\\\/2011\\\/11\\\/jumpstory-download20200311-185855-e1583953162798.jpg\",\"articleSection\":[\"m\u00e9dias \\\/ r\u00e9seaux sociaux\"],\"inLanguage\":\"fr-FR\",\"potentialAction\":[{\"@type\":\"CommentAction\",\"name\":\"Comment\",\"target\":[\"https:\\\/\\\/visionarymarketing.com\\\/fr\\\/2011\\\/11\\\/10\\\/twitter-envahi-par-les-ados-les-influenceurs-sur-google\\\/#respond\"]}]},{\"@type\":\"WebPage\",\"@id\":\"https:\\\/\\\/visionarymarketing.com\\\/fr\\\/2011\\\/11\\\/10\\\/twitter-envahi-par-les-ados-les-influenceurs-sur-google\\\/\",\"url\":\"https:\\\/\\\/visionarymarketing.com\\\/fr\\\/2011\\\/11\\\/10\\\/twitter-envahi-par-les-ados-les-influenceurs-sur-google\\\/\",\"name\":\"Twitter envahi par les ados, les influenceurs sur Google+ ... ?\",\"isPartOf\":{\"@id\":\"https:\\\/\\\/visionarymarketing.com\\\/fr\\\/#website\"},\"primaryImageOfPage\":{\"@id\":\"https:\\\/\\\/visionarymarketing.com\\\/fr\\\/2011\\\/11\\\/10\\\/twitter-envahi-par-les-ados-les-influenceurs-sur-google\\\/#primaryimage\"},\"image\":{\"@id\":\"https:\\\/\\\/visionarymarketing.com\\\/fr\\\/2011\\\/11\\\/10\\\/twitter-envahi-par-les-ados-les-influenceurs-sur-google\\\/#primaryimage\"},\"thumbnailUrl\":\"https:\\\/\\\/visionarymarketing.com\\\/wp-content\\\/uploads\\\/2011\\\/11\\\/jumpstory-download20200311-185855-e1583953162798.jpg\",\"datePublished\":\"2011-11-10T08:15:19+00:00\",\"dateModified\":\"2021-04-23T19:32:27+00:00\",\"author\":{\"@id\":\"https:\\\/\\\/visionarymarketing.com\\\/fr\\\/#\\\/schema\\\/person\\\/3754fee1e558f47b8deb46f53c37423e\"},\"description\":\"Twitter est-il envahi par les ados ? Cet article de M Riquier, \u00e0 la fois pertinent et impertinent, les commentaires valent le coup d'\u0153il\",\"breadcrumb\":{\"@id\":\"https:\\\/\\\/visionarymarketing.com\\\/fr\\\/2011\\\/11\\\/10\\\/twitter-envahi-par-les-ados-les-influenceurs-sur-google\\\/#breadcrumb\"},\"inLanguage\":\"fr-FR\",\"potentialAction\":[{\"@type\":\"ReadAction\",\"target\":[\"https:\\\/\\\/visionarymarketing.com\\\/fr\\\/2011\\\/11\\\/10\\\/twitter-envahi-par-les-ados-les-influenceurs-sur-google\\\/\"]}]},{\"@type\":\"ImageObject\",\"inLanguage\":\"fr-FR\",\"@id\":\"https:\\\/\\\/visionarymarketing.com\\\/fr\\\/2011\\\/11\\\/10\\\/twitter-envahi-par-les-ados-les-influenceurs-sur-google\\\/#primaryimage\",\"url\":\"https:\\\/\\\/visionarymarketing.com\\\/wp-content\\\/uploads\\\/2011\\\/11\\\/jumpstory-download20200311-185855-e1583953162798.jpg\",\"contentUrl\":\"https:\\\/\\\/visionarymarketing.com\\\/wp-content\\\/uploads\\\/2011\\\/11\\\/jumpstory-download20200311-185855-e1583953162798.jpg\",\"width\":520,\"height\":347},{\"@type\":\"BreadcrumbList\",\"@id\":\"https:\\\/\\\/visionarymarketing.com\\\/fr\\\/2011\\\/11\\\/10\\\/twitter-envahi-par-les-ados-les-influenceurs-sur-google\\\/#breadcrumb\",\"itemListElement\":[{\"@type\":\"ListItem\",\"position\":1,\"name\":\"Home\",\"item\":\"https:\\\/\\\/visionarymarketing.com\\\/fr\\\/\"},{\"@type\":\"ListItem\",\"position\":2,\"name\":\"Twitter envahi par les ados, les influenceurs sur Google+ &#8230; ?\"}]},{\"@type\":\"WebSite\",\"@id\":\"https:\\\/\\\/visionarymarketing.com\\\/fr\\\/#website\",\"url\":\"https:\\\/\\\/visionarymarketing.com\\\/fr\\\/\",\"name\":\"Marketing and Innovation\",\"description\":\"Site d&#039;infos ind\u00e9pendant, depuis 1996\",\"potentialAction\":[{\"@type\":\"SearchAction\",\"target\":{\"@type\":\"EntryPoint\",\"urlTemplate\":\"https:\\\/\\\/visionarymarketing.com\\\/fr\\\/?s={search_term_string}\"},\"query-input\":{\"@type\":\"PropertyValueSpecification\",\"valueRequired\":true,\"valueName\":\"search_term_string\"}}],\"inLanguage\":\"fr-FR\"},{\"@type\":\"Person\",\"@id\":\"https:\\\/\\\/visionarymarketing.com\\\/fr\\\/#\\\/schema\\\/person\\\/3754fee1e558f47b8deb46f53c37423e\",\"name\":\"Yann Gourvennec\",\"image\":{\"@type\":\"ImageObject\",\"inLanguage\":\"fr-FR\",\"@id\":\"https:\\\/\\\/secure.gravatar.com\\\/avatar\\\/5972001801e8de5692a3e31224e85769f50a55fb8b679749f9c8d1868cceff14?s=96&d=initials&r=g&initials=yg\",\"url\":\"https:\\\/\\\/secure.gravatar.com\\\/avatar\\\/5972001801e8de5692a3e31224e85769f50a55fb8b679749f9c8d1868cceff14?s=96&d=initials&r=g&initials=yg\",\"contentUrl\":\"https:\\\/\\\/secure.gravatar.com\\\/avatar\\\/5972001801e8de5692a3e31224e85769f50a55fb8b679749f9c8d1868cceff14?s=96&d=initials&r=g&initials=yg\",\"caption\":\"Yann Gourvennec\"},\"description\":\"Yann Gourvennec created visionarymarketing.com in 1996. He is a speaker and author of many books. In 2014 he went from intrapreneur to entrepreneur, when he created his digital marketing agency. Yann Gourvennec a cr\u00e9\u00e9 visionarymarketing.com en 1996. Il est conf\u00e9rencier et auteur de plusieurs livres. En 2014, il est pass\u00e9 d'intrapreneur \u00e0 entrepreneur en cr\u00e9ant son agence de marketing num\u00e9rique.\",\"sameAs\":[\"https:\\\/\\\/visionarymarketing.com\",\"http:\\\/\\\/facebook.com\\\/ygourven\",\"http:\\\/\\\/linkedin.com\\\/in\\\/ygourven\",\"https:\\\/\\\/x.com\\\/ygourven\",\"https:\\\/\\\/www.youtube.com\\\/c\\\/visionarymarketingagency\"],\"url\":\"https:\\\/\\\/visionarymarketing.com\\\/fr\\\/author\\\/yann-gourvennec\\\/\"}]}<\/script>\n<!-- \/ Yoast SEO plugin. -->","yoast_head_json":{"title":"Twitter envahi par les ados, les influenceurs sur Google+ ... ?","description":"Twitter est-il envahi par les ados ? Cet article de M Riquier, \u00e0 la fois pertinent et impertinent, les commentaires valent le coup d'\u0153il","robots":{"index":"index","follow":"follow","max-snippet":"max-snippet:-1","max-image-preview":"max-image-preview:large","max-video-preview":"max-video-preview:-1"},"canonical":"https:\/\/visionarymarketing.com\/fr\/2011\/11\/10\/twitter-envahi-par-les-ados-les-influenceurs-sur-google\/","og_locale":"fr_FR","og_type":"article","og_title":"Twitter envahi par les ados, les influenceurs sur Google+ ... ?","og_description":"Twitter est-il envahi par les ados ? Cet article de M Riquier, \u00e0 la fois pertinent et impertinent, les commentaires valent le coup d'\u0153il","og_url":"https:\/\/visionarymarketing.com\/fr\/2011\/11\/10\/twitter-envahi-par-les-ados-les-influenceurs-sur-google\/","og_site_name":"Marketing and Innovation","article_publisher":"https:\/\/www.facebook.com\/vismktg","article_author":"http:\/\/facebook.com\/ygourven","article_published_time":"2011-11-10T08:15:19+00:00","article_modified_time":"2021-04-23T19:32:27+00:00","og_image":[{"width":640,"height":427,"url":"https:\/\/visionarymarketing.com\/wp-content\/uploads\/2011\/11\/jumpstory-download20200311-185855-e1583953162798.jpg","type":"image\/jpeg"}],"author":"Yann Gourvennec","twitter_card":"summary_large_image","twitter_creator":"@ygourven","twitter_site":"@ygourven","twitter_misc":{"\u00c9crit par":"Yann Gourvennec","Dur\u00e9e de lecture estim\u00e9e":"7 minutes"},"schema":{"@context":"https:\/\/schema.org","@graph":[{"@type":"NewsArticle","@id":"https:\/\/visionarymarketing.com\/fr\/2011\/11\/10\/twitter-envahi-par-les-ados-les-influenceurs-sur-google\/#article","isPartOf":{"@id":"https:\/\/visionarymarketing.com\/fr\/2011\/11\/10\/twitter-envahi-par-les-ados-les-influenceurs-sur-google\/"},"author":{"name":"Yann Gourvennec","@id":"https:\/\/visionarymarketing.com\/fr\/#\/schema\/person\/3754fee1e558f47b8deb46f53c37423e"},"headline":"Twitter envahi par les ados, les influenceurs sur Google+ &#8230; ?","datePublished":"2011-11-10T08:15:19+00:00","dateModified":"2021-04-23T19:32:27+00:00","mainEntityOfPage":{"@id":"https:\/\/visionarymarketing.com\/fr\/2011\/11\/10\/twitter-envahi-par-les-ados-les-influenceurs-sur-google\/"},"wordCount":1302,"commentCount":0,"image":{"@id":"https:\/\/visionarymarketing.com\/fr\/2011\/11\/10\/twitter-envahi-par-les-ados-les-influenceurs-sur-google\/#primaryimage"},"thumbnailUrl":"https:\/\/visionarymarketing.com\/wp-content\/uploads\/2011\/11\/jumpstory-download20200311-185855-e1583953162798.jpg","articleSection":["m\u00e9dias \/ r\u00e9seaux sociaux"],"inLanguage":"fr-FR","potentialAction":[{"@type":"CommentAction","name":"Comment","target":["https:\/\/visionarymarketing.com\/fr\/2011\/11\/10\/twitter-envahi-par-les-ados-les-influenceurs-sur-google\/#respond"]}]},{"@type":"WebPage","@id":"https:\/\/visionarymarketing.com\/fr\/2011\/11\/10\/twitter-envahi-par-les-ados-les-influenceurs-sur-google\/","url":"https:\/\/visionarymarketing.com\/fr\/2011\/11\/10\/twitter-envahi-par-les-ados-les-influenceurs-sur-google\/","name":"Twitter envahi par les ados, les influenceurs sur Google+ ... ?","isPartOf":{"@id":"https:\/\/visionarymarketing.com\/fr\/#website"},"primaryImageOfPage":{"@id":"https:\/\/visionarymarketing.com\/fr\/2011\/11\/10\/twitter-envahi-par-les-ados-les-influenceurs-sur-google\/#primaryimage"},"image":{"@id":"https:\/\/visionarymarketing.com\/fr\/2011\/11\/10\/twitter-envahi-par-les-ados-les-influenceurs-sur-google\/#primaryimage"},"thumbnailUrl":"https:\/\/visionarymarketing.com\/wp-content\/uploads\/2011\/11\/jumpstory-download20200311-185855-e1583953162798.jpg","datePublished":"2011-11-10T08:15:19+00:00","dateModified":"2021-04-23T19:32:27+00:00","author":{"@id":"https:\/\/visionarymarketing.com\/fr\/#\/schema\/person\/3754fee1e558f47b8deb46f53c37423e"},"description":"Twitter est-il envahi par les ados ? Cet article de M Riquier, \u00e0 la fois pertinent et impertinent, les commentaires valent le coup d'\u0153il","breadcrumb":{"@id":"https:\/\/visionarymarketing.com\/fr\/2011\/11\/10\/twitter-envahi-par-les-ados-les-influenceurs-sur-google\/#breadcrumb"},"inLanguage":"fr-FR","potentialAction":[{"@type":"ReadAction","target":["https:\/\/visionarymarketing.com\/fr\/2011\/11\/10\/twitter-envahi-par-les-ados-les-influenceurs-sur-google\/"]}]},{"@type":"ImageObject","inLanguage":"fr-FR","@id":"https:\/\/visionarymarketing.com\/fr\/2011\/11\/10\/twitter-envahi-par-les-ados-les-influenceurs-sur-google\/#primaryimage","url":"https:\/\/visionarymarketing.com\/wp-content\/uploads\/2011\/11\/jumpstory-download20200311-185855-e1583953162798.jpg","contentUrl":"https:\/\/visionarymarketing.com\/wp-content\/uploads\/2011\/11\/jumpstory-download20200311-185855-e1583953162798.jpg","width":520,"height":347},{"@type":"BreadcrumbList","@id":"https:\/\/visionarymarketing.com\/fr\/2011\/11\/10\/twitter-envahi-par-les-ados-les-influenceurs-sur-google\/#breadcrumb","itemListElement":[{"@type":"ListItem","position":1,"name":"Home","item":"https:\/\/visionarymarketing.com\/fr\/"},{"@type":"ListItem","position":2,"name":"Twitter envahi par les ados, les influenceurs sur Google+ &#8230; ?"}]},{"@type":"WebSite","@id":"https:\/\/visionarymarketing.com\/fr\/#website","url":"https:\/\/visionarymarketing.com\/fr\/","name":"Marketing and Innovation","description":"Site d&#039;infos ind\u00e9pendant, depuis 1996","potentialAction":[{"@type":"SearchAction","target":{"@type":"EntryPoint","urlTemplate":"https:\/\/visionarymarketing.com\/fr\/?s={search_term_string}"},"query-input":{"@type":"PropertyValueSpecification","valueRequired":true,"valueName":"search_term_string"}}],"inLanguage":"fr-FR"},{"@type":"Person","@id":"https:\/\/visionarymarketing.com\/fr\/#\/schema\/person\/3754fee1e558f47b8deb46f53c37423e","name":"Yann Gourvennec","image":{"@type":"ImageObject","inLanguage":"fr-FR","@id":"https:\/\/secure.gravatar.com\/avatar\/5972001801e8de5692a3e31224e85769f50a55fb8b679749f9c8d1868cceff14?s=96&d=initials&r=g&initials=yg","url":"https:\/\/secure.gravatar.com\/avatar\/5972001801e8de5692a3e31224e85769f50a55fb8b679749f9c8d1868cceff14?s=96&d=initials&r=g&initials=yg","contentUrl":"https:\/\/secure.gravatar.com\/avatar\/5972001801e8de5692a3e31224e85769f50a55fb8b679749f9c8d1868cceff14?s=96&d=initials&r=g&initials=yg","caption":"Yann Gourvennec"},"description":"Yann Gourvennec created visionarymarketing.com in 1996. He is a speaker and author of many books. In 2014 he went from intrapreneur to entrepreneur, when he created his digital marketing agency. Yann Gourvennec a cr\u00e9\u00e9 visionarymarketing.com en 1996. Il est conf\u00e9rencier et auteur de plusieurs livres. En 2014, il est pass\u00e9 d'intrapreneur \u00e0 entrepreneur en cr\u00e9ant son agence de marketing num\u00e9rique.","sameAs":["https:\/\/visionarymarketing.com","http:\/\/facebook.com\/ygourven","http:\/\/linkedin.com\/in\/ygourven","https:\/\/x.com\/ygourven","https:\/\/www.youtube.com\/c\/visionarymarketingagency"],"url":"https:\/\/visionarymarketing.com\/fr\/author\/yann-gourvennec\/"}]}},"_links":{"self":[{"href":"https:\/\/visionarymarketing.com\/fr\/wp-json\/wp\/v2\/posts\/5044","targetHints":{"allow":["GET"]}}],"collection":[{"href":"https:\/\/visionarymarketing.com\/fr\/wp-json\/wp\/v2\/posts"}],"about":[{"href":"https:\/\/visionarymarketing.com\/fr\/wp-json\/wp\/v2\/types\/post"}],"author":[{"embeddable":true,"href":"https:\/\/visionarymarketing.com\/fr\/wp-json\/wp\/v2\/users\/2"}],"replies":[{"embeddable":true,"href":"https:\/\/visionarymarketing.com\/fr\/wp-json\/wp\/v2\/comments?post=5044"}],"version-history":[{"count":0,"href":"https:\/\/visionarymarketing.com\/fr\/wp-json\/wp\/v2\/posts\/5044\/revisions"}],"wp:featuredmedia":[{"embeddable":true,"href":"https:\/\/visionarymarketing.com\/fr\/wp-json\/wp\/v2\/media\/51066"}],"wp:attachment":[{"href":"https:\/\/visionarymarketing.com\/fr\/wp-json\/wp\/v2\/media?parent=5044"}],"wp:term":[{"taxonomy":"category","embeddable":true,"href":"https:\/\/visionarymarketing.com\/fr\/wp-json\/wp\/v2\/categories?post=5044"},{"taxonomy":"post_tag","embeddable":true,"href":"https:\/\/visionarymarketing.com\/fr\/wp-json\/wp\/v2\/tags?post=5044"}],"curies":[{"name":"wp","href":"https:\/\/api.w.org\/{rel}","templated":true}]}}