{"id":5002,"date":"2011-10-24T08:00:11","date_gmt":"2011-10-24T08:00:11","guid":{"rendered":"http:\/\/visionary.wordpress.com\/?p=5002"},"modified":"2021-10-24T10:20:35","modified_gmt":"2021-10-24T08:20:35","slug":"media-aces-social-media-guidelines","status":"publish","type":"post","link":"https:\/\/visionarymarketing.com\/fr\/2011\/10\/24\/media-aces-social-media-guidelines\/","title":{"rendered":"Media Aces : les social media guidelines"},"content":{"rendered":"<p><a href=\"https:\/\/visionarymarketing.com\/wp-content\/uploads\/2009\/07\/logo-media-aces1.jpg\"><img decoding=\"async\" class=\"alignleft size-medium wp-image-1868\" title=\"logo-media-aces\" src=\"https:\/\/visionarymarketing.com\/wp-content\/uploads\/2009\/07\/logo-media-aces1.jpg?w=300\" alt=\"\" width=\"300\" height=\"75\" srcset=\"https:\/\/visionarymarketing.com\/wp-content\/uploads\/2009\/07\/logo-media-aces1.jpg 400w, https:\/\/visionarymarketing.com\/wp-content\/uploads\/2009\/07\/logo-media-aces1-300x75.jpg 300w\" sizes=\"(max-width: 300px) 100vw, 300px\" \/><\/a><em>Gr\u00e2ce \u00e0 notre partenaire <span class=\"removed_link\" title=\"http:\/\/agenda.frenchweb.fr\/conference-media-aces-social-media-guidelines-le-25-octobre-paris\/trackback\">FrenchWeb.fr<\/span>, voici une chouette interview qui pr\u00e9sente le programme de la conf\u00e9rence du 25 Octobre 2010 sur le th\u00e8me des social media guidelines. D\u00e9p\u00eachez-vous il ne reste plus qu&rsquo;un jour et demi pour s&rsquo;inscrire<\/em><\/p>\n<p style=\"text-align: center;\"><strong>Le mardi 25 octobre 2011, d<\/strong><strong>e 14h \u00e0 17h,\u00a0<\/strong><strong>\u00e0 l&rsquo;ESG &#8211; Ecole de Management, Paris\u00a0<\/strong><strong>35 av Philippe Auguste, 75011 Paris,\u00a0<\/strong><strong>M\u00b0: Nation\u00a0<\/strong><\/p>\n<p style=\"text-align: center;\">[1 place seule 30\u20ac ou\u00a0place avec \u00a0\u00ab\u00a0<a href=\"http:\/\/amonboss.com\" target=\"_blank\" rel=\"noopener noreferrer\">Les m\u00e9dias sociaux expliqu\u00e9s \u00e0 mon boss<\/a>\u00ab\u00a0: 50\u20ac &#8211;\u00a0r\u00e9duction de 20\u20ac pour les \u00e9tudiants (sur pr\u00e9sentation de la carte) ]<\/p>\n<p><a href=\"https:\/\/evenium.net\/ng\/person\/event\/website.jsf?eventId=media-aces&amp;page=tickets&amp;loc=fr&amp;justSubmit=false&amp;cid=62807\" target=\"_blank\" rel=\"noopener noreferrer\"><img decoding=\"async\" class=\"aligncenter\" title=\"R\u00e9servez votre place pour la conf\u00e9rence Media Aces\" src=\"https:\/\/visionarymarketing.com\/wp-content\/uploads\/2011\/01\/reserver.gif\" alt=\"\" width=\"152\" height=\"26\" \/><\/a><\/p>\n<p><iframe title=\"Herv\u00e9 Kabla, co-fondateur de Media Aces\" frameborder=\"0\" width=\"500\" height=\"281\" src=\"https:\/\/geo.dailymotion.com\/player.html?video=xp36rd&#038;\" allowfullscreen allow=\"autoplay; fullscreen; picture-in-picture; web-share\"><\/iframe><\/p>\n","protected":false},"excerpt":{"rendered":"<p>Gr\u00e2ce \u00e0 notre partenaire FrenchWeb.fr, voici une chouette interview qui pr\u00e9sente le programme de la conf\u00e9rence du 25 Octobre 2010 sur le th\u00e8me des social media guidelines. D\u00e9p\u00eachez-vous il ne reste plus qu&rsquo;un jour et demi pour s&rsquo;inscrire Le mardi 25 octobre 2011, de 14h \u00e0 17h,\u00a0\u00e0 l&rsquo;ESG &#8211; Ecole de Management, Paris\u00a035 av Philippe &hellip;<\/p>\n","protected":false},"author":2,"featured_media":34067,"comment_status":"open","ping_status":"open","sticky":false,"template":"","format":"standard","meta":{"footnotes":""},"categories":[25],"tags":[],"class_list":["post-5002","post","type-post","status-publish","format-standard","has-post-thumbnail","hentry","category-medias-sociaux"],"yoast_head":"<!-- This site is optimized with the Yoast SEO plugin v27.5 - https:\/\/yoast.com\/product\/yoast-seo-wordpress\/ -->\n<title>Media Aces : les social media guidelines<\/title>\n<meta name=\"description\" content=\"Gr\u00e2ce \u00e0 notre partenaire FrenchWeb.fr, voici une chouette interview qui pr\u00e9sente le programme de la conf\u00e9rence du 25 Octobre 2010 sur le th\u00e8me des social\" \/>\n<meta name=\"robots\" content=\"noindex, follow\" \/>\n<meta property=\"og:locale\" content=\"fr_FR\" \/>\n<meta property=\"og:type\" content=\"article\" \/>\n<meta property=\"og:title\" content=\"Media Aces : les social media guidelines\" \/>\n<meta property=\"og:description\" content=\"Gr\u00e2ce \u00e0 notre partenaire FrenchWeb.fr, voici une chouette interview qui pr\u00e9sente le programme de la conf\u00e9rence du 25 Octobre 2010 sur le th\u00e8me des social\" \/>\n<meta property=\"og:url\" content=\"https:\/\/visionarymarketing.com\/fr\/2011\/10\/24\/media-aces-social-media-guidelines\/\" \/>\n<meta property=\"og:site_name\" content=\"Marketing and Innovation\" \/>\n<meta property=\"article:publisher\" content=\"https:\/\/www.facebook.com\/vismktg\" \/>\n<meta property=\"article:author\" content=\"http:\/\/facebook.com\/ygourven\" \/>\n<meta property=\"article:published_time\" content=\"2011-10-24T08:00:11+00:00\" \/>\n<meta property=\"article:modified_time\" content=\"2021-10-24T08:20:35+00:00\" \/>\n<meta property=\"og:image\" content=\"https:\/\/visionarymarketing.com\/wp-content\/uploads\/2019\/11\/47977292358_bf3ee00e95_c.jpg\" \/>\n\t<meta property=\"og:image:width\" content=\"644\" \/>\n\t<meta property=\"og:image:height\" content=\"430\" \/>\n\t<meta property=\"og:image:type\" content=\"image\/jpeg\" \/>\n<meta name=\"author\" content=\"Yann Gourvennec\" \/>\n<meta name=\"twitter:card\" content=\"summary_large_image\" \/>\n<meta name=\"twitter:creator\" content=\"@ygourven\" \/>\n<meta name=\"twitter:site\" content=\"@ygourven\" \/>\n<meta name=\"twitter:label1\" content=\"\u00c9crit par\" \/>\n\t<meta name=\"twitter:data1\" content=\"Yann Gourvennec\" \/>\n<script type=\"application\/ld+json\" class=\"yoast-schema-graph\">{\"@context\":\"https:\\\/\\\/schema.org\",\"@graph\":[{\"@type\":\"NewsArticle\",\"@id\":\"https:\\\/\\\/visionarymarketing.com\\\/fr\\\/2011\\\/10\\\/24\\\/media-aces-social-media-guidelines\\\/#article\",\"isPartOf\":{\"@id\":\"https:\\\/\\\/visionarymarketing.com\\\/fr\\\/2011\\\/10\\\/24\\\/media-aces-social-media-guidelines\\\/\"},\"author\":{\"name\":\"Yann Gourvennec\",\"@id\":\"https:\\\/\\\/visionarymarketing.com\\\/fr\\\/#\\\/schema\\\/person\\\/3754fee1e558f47b8deb46f53c37423e\"},\"headline\":\"Media Aces : les social media guidelines\",\"datePublished\":\"2011-10-24T08:00:11+00:00\",\"dateModified\":\"2021-10-24T08:20:35+00:00\",\"mainEntityOfPage\":{\"@id\":\"https:\\\/\\\/visionarymarketing.com\\\/fr\\\/2011\\\/10\\\/24\\\/media-aces-social-media-guidelines\\\/\"},\"wordCount\":103,\"commentCount\":0,\"image\":{\"@id\":\"https:\\\/\\\/visionarymarketing.com\\\/fr\\\/2011\\\/10\\\/24\\\/media-aces-social-media-guidelines\\\/#primaryimage\"},\"thumbnailUrl\":\"https:\\\/\\\/visionarymarketing.com\\\/wp-content\\\/uploads\\\/2019\\\/11\\\/47977292358_bf3ee00e95_c.jpg\",\"articleSection\":[\"m\u00e9dias \\\/ r\u00e9seaux sociaux\"],\"inLanguage\":\"fr-FR\",\"potentialAction\":[{\"@type\":\"CommentAction\",\"name\":\"Comment\",\"target\":[\"https:\\\/\\\/visionarymarketing.com\\\/fr\\\/2011\\\/10\\\/24\\\/media-aces-social-media-guidelines\\\/#respond\"]}]},{\"@type\":\"WebPage\",\"@id\":\"https:\\\/\\\/visionarymarketing.com\\\/fr\\\/2011\\\/10\\\/24\\\/media-aces-social-media-guidelines\\\/\",\"url\":\"https:\\\/\\\/visionarymarketing.com\\\/fr\\\/2011\\\/10\\\/24\\\/media-aces-social-media-guidelines\\\/\",\"name\":\"Media Aces : les social media guidelines\",\"isPartOf\":{\"@id\":\"https:\\\/\\\/visionarymarketing.com\\\/fr\\\/#website\"},\"primaryImageOfPage\":{\"@id\":\"https:\\\/\\\/visionarymarketing.com\\\/fr\\\/2011\\\/10\\\/24\\\/media-aces-social-media-guidelines\\\/#primaryimage\"},\"image\":{\"@id\":\"https:\\\/\\\/visionarymarketing.com\\\/fr\\\/2011\\\/10\\\/24\\\/media-aces-social-media-guidelines\\\/#primaryimage\"},\"thumbnailUrl\":\"https:\\\/\\\/visionarymarketing.com\\\/wp-content\\\/uploads\\\/2019\\\/11\\\/47977292358_bf3ee00e95_c.jpg\",\"datePublished\":\"2011-10-24T08:00:11+00:00\",\"dateModified\":\"2021-10-24T08:20:35+00:00\",\"author\":{\"@id\":\"https:\\\/\\\/visionarymarketing.com\\\/fr\\\/#\\\/schema\\\/person\\\/3754fee1e558f47b8deb46f53c37423e\"},\"description\":\"Gr\u00e2ce \u00e0 notre partenaire FrenchWeb.fr, voici une chouette interview qui pr\u00e9sente le programme de la conf\u00e9rence du 25 Octobre 2010 sur le th\u00e8me des social\",\"breadcrumb\":{\"@id\":\"https:\\\/\\\/visionarymarketing.com\\\/fr\\\/2011\\\/10\\\/24\\\/media-aces-social-media-guidelines\\\/#breadcrumb\"},\"inLanguage\":\"fr-FR\",\"potentialAction\":[{\"@type\":\"ReadAction\",\"target\":[\"https:\\\/\\\/visionarymarketing.com\\\/fr\\\/2011\\\/10\\\/24\\\/media-aces-social-media-guidelines\\\/\"]}]},{\"@type\":\"ImageObject\",\"inLanguage\":\"fr-FR\",\"@id\":\"https:\\\/\\\/visionarymarketing.com\\\/fr\\\/2011\\\/10\\\/24\\\/media-aces-social-media-guidelines\\\/#primaryimage\",\"url\":\"https:\\\/\\\/visionarymarketing.com\\\/wp-content\\\/uploads\\\/2019\\\/11\\\/47977292358_bf3ee00e95_c.jpg\",\"contentUrl\":\"https:\\\/\\\/visionarymarketing.com\\\/wp-content\\\/uploads\\\/2019\\\/11\\\/47977292358_bf3ee00e95_c.jpg\",\"width\":644,\"height\":430},{\"@type\":\"BreadcrumbList\",\"@id\":\"https:\\\/\\\/visionarymarketing.com\\\/fr\\\/2011\\\/10\\\/24\\\/media-aces-social-media-guidelines\\\/#breadcrumb\",\"itemListElement\":[{\"@type\":\"ListItem\",\"position\":1,\"name\":\"Home\",\"item\":\"https:\\\/\\\/visionarymarketing.com\\\/fr\\\/\"},{\"@type\":\"ListItem\",\"position\":2,\"name\":\"Media Aces : les social media guidelines\"}]},{\"@type\":\"WebSite\",\"@id\":\"https:\\\/\\\/visionarymarketing.com\\\/fr\\\/#website\",\"url\":\"https:\\\/\\\/visionarymarketing.com\\\/fr\\\/\",\"name\":\"Marketing and Innovation\",\"description\":\"Site d&#039;infos ind\u00e9pendant, depuis 1996\",\"potentialAction\":[{\"@type\":\"SearchAction\",\"target\":{\"@type\":\"EntryPoint\",\"urlTemplate\":\"https:\\\/\\\/visionarymarketing.com\\\/fr\\\/?s={search_term_string}\"},\"query-input\":{\"@type\":\"PropertyValueSpecification\",\"valueRequired\":true,\"valueName\":\"search_term_string\"}}],\"inLanguage\":\"fr-FR\"},{\"@type\":\"Person\",\"@id\":\"https:\\\/\\\/visionarymarketing.com\\\/fr\\\/#\\\/schema\\\/person\\\/3754fee1e558f47b8deb46f53c37423e\",\"name\":\"Yann Gourvennec\",\"image\":{\"@type\":\"ImageObject\",\"inLanguage\":\"fr-FR\",\"@id\":\"https:\\\/\\\/secure.gravatar.com\\\/avatar\\\/5972001801e8de5692a3e31224e85769f50a55fb8b679749f9c8d1868cceff14?s=96&d=initials&r=g&initials=yg\",\"url\":\"https:\\\/\\\/secure.gravatar.com\\\/avatar\\\/5972001801e8de5692a3e31224e85769f50a55fb8b679749f9c8d1868cceff14?s=96&d=initials&r=g&initials=yg\",\"contentUrl\":\"https:\\\/\\\/secure.gravatar.com\\\/avatar\\\/5972001801e8de5692a3e31224e85769f50a55fb8b679749f9c8d1868cceff14?s=96&d=initials&r=g&initials=yg\",\"caption\":\"Yann Gourvennec\"},\"description\":\"Yann Gourvennec created visionarymarketing.com in 1996. He is a speaker and author of many books. In 2014 he went from intrapreneur to entrepreneur, when he created his digital marketing agency. Yann Gourvennec a cr\u00e9\u00e9 visionarymarketing.com en 1996. Il est conf\u00e9rencier et auteur de plusieurs livres. En 2014, il est pass\u00e9 d'intrapreneur \u00e0 entrepreneur en cr\u00e9ant son agence de marketing num\u00e9rique.\",\"sameAs\":[\"https:\\\/\\\/visionarymarketing.com\",\"http:\\\/\\\/facebook.com\\\/ygourven\",\"http:\\\/\\\/linkedin.com\\\/in\\\/ygourven\",\"https:\\\/\\\/x.com\\\/ygourven\",\"https:\\\/\\\/www.youtube.com\\\/c\\\/visionarymarketingagency\"],\"url\":\"https:\\\/\\\/visionarymarketing.com\\\/fr\\\/author\\\/yann-gourvennec\\\/\"}]}<\/script>\n<!-- \/ Yoast SEO plugin. -->","yoast_head_json":{"title":"Media Aces : les social media guidelines","description":"Gr\u00e2ce \u00e0 notre partenaire FrenchWeb.fr, voici une chouette interview qui pr\u00e9sente le programme de la conf\u00e9rence du 25 Octobre 2010 sur le th\u00e8me des social","robots":{"index":"noindex","follow":"follow"},"og_locale":"fr_FR","og_type":"article","og_title":"Media Aces : les social media guidelines","og_description":"Gr\u00e2ce \u00e0 notre partenaire FrenchWeb.fr, voici une chouette interview qui pr\u00e9sente le programme de la conf\u00e9rence du 25 Octobre 2010 sur le th\u00e8me des social","og_url":"https:\/\/visionarymarketing.com\/fr\/2011\/10\/24\/media-aces-social-media-guidelines\/","og_site_name":"Marketing and Innovation","article_publisher":"https:\/\/www.facebook.com\/vismktg","article_author":"http:\/\/facebook.com\/ygourven","article_published_time":"2011-10-24T08:00:11+00:00","article_modified_time":"2021-10-24T08:20:35+00:00","og_image":[{"width":644,"height":430,"url":"https:\/\/visionarymarketing.com\/wp-content\/uploads\/2019\/11\/47977292358_bf3ee00e95_c.jpg","type":"image\/jpeg"}],"author":"Yann Gourvennec","twitter_card":"summary_large_image","twitter_creator":"@ygourven","twitter_site":"@ygourven","twitter_misc":{"\u00c9crit par":"Yann Gourvennec"},"schema":{"@context":"https:\/\/schema.org","@graph":[{"@type":"NewsArticle","@id":"https:\/\/visionarymarketing.com\/fr\/2011\/10\/24\/media-aces-social-media-guidelines\/#article","isPartOf":{"@id":"https:\/\/visionarymarketing.com\/fr\/2011\/10\/24\/media-aces-social-media-guidelines\/"},"author":{"name":"Yann Gourvennec","@id":"https:\/\/visionarymarketing.com\/fr\/#\/schema\/person\/3754fee1e558f47b8deb46f53c37423e"},"headline":"Media Aces : les social media guidelines","datePublished":"2011-10-24T08:00:11+00:00","dateModified":"2021-10-24T08:20:35+00:00","mainEntityOfPage":{"@id":"https:\/\/visionarymarketing.com\/fr\/2011\/10\/24\/media-aces-social-media-guidelines\/"},"wordCount":103,"commentCount":0,"image":{"@id":"https:\/\/visionarymarketing.com\/fr\/2011\/10\/24\/media-aces-social-media-guidelines\/#primaryimage"},"thumbnailUrl":"https:\/\/visionarymarketing.com\/wp-content\/uploads\/2019\/11\/47977292358_bf3ee00e95_c.jpg","articleSection":["m\u00e9dias \/ r\u00e9seaux sociaux"],"inLanguage":"fr-FR","potentialAction":[{"@type":"CommentAction","name":"Comment","target":["https:\/\/visionarymarketing.com\/fr\/2011\/10\/24\/media-aces-social-media-guidelines\/#respond"]}]},{"@type":"WebPage","@id":"https:\/\/visionarymarketing.com\/fr\/2011\/10\/24\/media-aces-social-media-guidelines\/","url":"https:\/\/visionarymarketing.com\/fr\/2011\/10\/24\/media-aces-social-media-guidelines\/","name":"Media Aces : les social media guidelines","isPartOf":{"@id":"https:\/\/visionarymarketing.com\/fr\/#website"},"primaryImageOfPage":{"@id":"https:\/\/visionarymarketing.com\/fr\/2011\/10\/24\/media-aces-social-media-guidelines\/#primaryimage"},"image":{"@id":"https:\/\/visionarymarketing.com\/fr\/2011\/10\/24\/media-aces-social-media-guidelines\/#primaryimage"},"thumbnailUrl":"https:\/\/visionarymarketing.com\/wp-content\/uploads\/2019\/11\/47977292358_bf3ee00e95_c.jpg","datePublished":"2011-10-24T08:00:11+00:00","dateModified":"2021-10-24T08:20:35+00:00","author":{"@id":"https:\/\/visionarymarketing.com\/fr\/#\/schema\/person\/3754fee1e558f47b8deb46f53c37423e"},"description":"Gr\u00e2ce \u00e0 notre partenaire FrenchWeb.fr, voici une chouette interview qui pr\u00e9sente le programme de la conf\u00e9rence du 25 Octobre 2010 sur le th\u00e8me des social","breadcrumb":{"@id":"https:\/\/visionarymarketing.com\/fr\/2011\/10\/24\/media-aces-social-media-guidelines\/#breadcrumb"},"inLanguage":"fr-FR","potentialAction":[{"@type":"ReadAction","target":["https:\/\/visionarymarketing.com\/fr\/2011\/10\/24\/media-aces-social-media-guidelines\/"]}]},{"@type":"ImageObject","inLanguage":"fr-FR","@id":"https:\/\/visionarymarketing.com\/fr\/2011\/10\/24\/media-aces-social-media-guidelines\/#primaryimage","url":"https:\/\/visionarymarketing.com\/wp-content\/uploads\/2019\/11\/47977292358_bf3ee00e95_c.jpg","contentUrl":"https:\/\/visionarymarketing.com\/wp-content\/uploads\/2019\/11\/47977292358_bf3ee00e95_c.jpg","width":644,"height":430},{"@type":"BreadcrumbList","@id":"https:\/\/visionarymarketing.com\/fr\/2011\/10\/24\/media-aces-social-media-guidelines\/#breadcrumb","itemListElement":[{"@type":"ListItem","position":1,"name":"Home","item":"https:\/\/visionarymarketing.com\/fr\/"},{"@type":"ListItem","position":2,"name":"Media Aces : les social media guidelines"}]},{"@type":"WebSite","@id":"https:\/\/visionarymarketing.com\/fr\/#website","url":"https:\/\/visionarymarketing.com\/fr\/","name":"Marketing and Innovation","description":"Site d&#039;infos ind\u00e9pendant, depuis 1996","potentialAction":[{"@type":"SearchAction","target":{"@type":"EntryPoint","urlTemplate":"https:\/\/visionarymarketing.com\/fr\/?s={search_term_string}"},"query-input":{"@type":"PropertyValueSpecification","valueRequired":true,"valueName":"search_term_string"}}],"inLanguage":"fr-FR"},{"@type":"Person","@id":"https:\/\/visionarymarketing.com\/fr\/#\/schema\/person\/3754fee1e558f47b8deb46f53c37423e","name":"Yann Gourvennec","image":{"@type":"ImageObject","inLanguage":"fr-FR","@id":"https:\/\/secure.gravatar.com\/avatar\/5972001801e8de5692a3e31224e85769f50a55fb8b679749f9c8d1868cceff14?s=96&d=initials&r=g&initials=yg","url":"https:\/\/secure.gravatar.com\/avatar\/5972001801e8de5692a3e31224e85769f50a55fb8b679749f9c8d1868cceff14?s=96&d=initials&r=g&initials=yg","contentUrl":"https:\/\/secure.gravatar.com\/avatar\/5972001801e8de5692a3e31224e85769f50a55fb8b679749f9c8d1868cceff14?s=96&d=initials&r=g&initials=yg","caption":"Yann Gourvennec"},"description":"Yann Gourvennec created visionarymarketing.com in 1996. He is a speaker and author of many books. In 2014 he went from intrapreneur to entrepreneur, when he created his digital marketing agency. Yann Gourvennec a cr\u00e9\u00e9 visionarymarketing.com en 1996. Il est conf\u00e9rencier et auteur de plusieurs livres. En 2014, il est pass\u00e9 d'intrapreneur \u00e0 entrepreneur en cr\u00e9ant son agence de marketing num\u00e9rique.","sameAs":["https:\/\/visionarymarketing.com","http:\/\/facebook.com\/ygourven","http:\/\/linkedin.com\/in\/ygourven","https:\/\/x.com\/ygourven","https:\/\/www.youtube.com\/c\/visionarymarketingagency"],"url":"https:\/\/visionarymarketing.com\/fr\/author\/yann-gourvennec\/"}]}},"_links":{"self":[{"href":"https:\/\/visionarymarketing.com\/fr\/wp-json\/wp\/v2\/posts\/5002","targetHints":{"allow":["GET"]}}],"collection":[{"href":"https:\/\/visionarymarketing.com\/fr\/wp-json\/wp\/v2\/posts"}],"about":[{"href":"https:\/\/visionarymarketing.com\/fr\/wp-json\/wp\/v2\/types\/post"}],"author":[{"embeddable":true,"href":"https:\/\/visionarymarketing.com\/fr\/wp-json\/wp\/v2\/users\/2"}],"replies":[{"embeddable":true,"href":"https:\/\/visionarymarketing.com\/fr\/wp-json\/wp\/v2\/comments?post=5002"}],"version-history":[{"count":0,"href":"https:\/\/visionarymarketing.com\/fr\/wp-json\/wp\/v2\/posts\/5002\/revisions"}],"wp:featuredmedia":[{"embeddable":true,"href":"https:\/\/visionarymarketing.com\/fr\/wp-json\/wp\/v2\/media\/34067"}],"wp:attachment":[{"href":"https:\/\/visionarymarketing.com\/fr\/wp-json\/wp\/v2\/media?parent=5002"}],"wp:term":[{"taxonomy":"category","embeddable":true,"href":"https:\/\/visionarymarketing.com\/fr\/wp-json\/wp\/v2\/categories?post=5002"},{"taxonomy":"post_tag","embeddable":true,"href":"https:\/\/visionarymarketing.com\/fr\/wp-json\/wp\/v2\/tags?post=5002"}],"curies":[{"name":"wp","href":"https:\/\/api.w.org\/{rel}","templated":true}]}}