{"id":49053,"date":"2020-03-12T08:30:52","date_gmt":"2020-03-12T07:30:52","guid":{"rendered":"https:\/\/visionarymarketing.com\/?p=49053"},"modified":"2020-08-14T11:47:17","modified_gmt":"2020-08-14T09:47:17","slug":"avenir-linkedin","status":"publish","type":"post","link":"https:\/\/visionarymarketing.com\/fr\/2020\/03\/12\/avenir-linkedin\/","title":{"rendered":"Etat des lieux des m\u00e9dias sociaux B2B et avenir de LinkedIn"},"content":{"rendered":"<p><em>O\u00f9 en est <a href=\"https:\/\/www.linkedin.com\/company\/vismktg\/\" target=\"_blank\" rel=\"noopener noreferrer\">LinkedIn<\/a> et quel est son avenir ? \u00a0J&rsquo;ai voulu faire le point sur le fameux r\u00e9seau B2B dont on entend dire un peu tout et n&rsquo;importe quoi. Il deviendrait comme Facebook, Microsoft ne saurait pas quoi en faire &#8230; <\/em><\/p>\n<h2>Etat des lieux et avenir de LinkedIn, le r\u00e9seau des r\u00e9seaux B2B<\/h2>\n<p><em>Alors pour \u00eatre s\u00fbr d&rsquo;avoir des r\u00e9ponses \u00e9clair\u00e9es \u00e0 mes questions, je me suis tourn\u00e9 vers \u00a0<a href=\"https:\/\/www.linkedin.com\/in\/alainlefebvre\/\" target=\"_blank\" rel=\"noopener noreferrer\">Alain Lefebvre<\/a>, co-fondateur de SQLi et pionnier des m\u00e9dias sociaux en B2B avec <a href=\"https:\/\/web.archive.org\/web\/20060202015636\/http:\/\/www.6nergies.net\/\" target=\"_blank\" rel=\"noopener noreferrer\">6nergies.net<\/a> (aujourd&rsquo;hui disparu). Il a \u00e9t\u00e9 \u00a0\u00e9galement l&rsquo;auteur d&rsquo;un <a href=\"http:\/\/www.marketing-professionnel.fr\/bibliographie\/les-reseaux-sociaux-alain-lefebvre-m21-editions-2008.html\" target=\"_blank\" rel=\"noopener noreferrer\">livre fondateur sur les m\u00e9dias sociaux en 2008.<\/a><\/em><\/p>\n<figure id=\"attachment_51184\" aria-describedby=\"caption-attachment-51184\" style=\"width: 519px\" class=\"wp-caption aligncenter\"><img decoding=\"async\" class=\"wp-image-51184 size-full\" src=\"https:\/\/visionarymarketing.com\/wp-content\/uploads\/2020\/03\/29162188162_2befa1415e_c-e1583994125121.jpg\" alt=\"Etat des lieux et avenir de Linkedin avec Alain Lefebvre qui a regard\u00e9 dans sa boule de cristal pour les lecteurs de Visionary Marketing\" width=\"519\" height=\"340\" \/><figcaption id=\"caption-attachment-51184\" class=\"wp-caption-text\">Etat des lieux et avenir de Linkedin avec Alain Lefebvre qui a r\u00e9pondu \u00e0 nos questions pour les lecteurs de Visionary Marketing<\/figcaption><\/figure>\n<h3><em>Alain, LinkedIn est envahi par les commerciaux de tout poil qui <a href=\"https:\/\/visionarymarketing.com\/fr\/2020\/01\/vendeurs-bourrins\/\">n&rsquo;h\u00e9sitent pas \u00e0 employer les m\u00e9thodes les plus lourdes pour prospecter<\/a>.\u00a0<\/em><em>Pourrait-on imaginer que les d\u00e9cideurs aient tous fui un jour le r\u00e9seau des r\u00e9seaux B2B ?<\/em><\/h3>\n<p>Ah, \u00e7a commence fort !<\/p>\n<p><a href=\"https:\/\/visionarymarketing.com\/fr\/2019\/12\/maitriser-linkedin-on-ne-vend-rien-sur-les-medias-sociaux-bruno-fridlansky\/\">LinkedIn<\/a> n\u2019est pas diff\u00e9rent des autres destinations du Web. Car, sur le Web, il y a deux types d\u2019adresses : les sites qu\u2019on d\u00e9couvre \u00e0 l\u2019occasion et les <strong>destinations incontournables<\/strong> que tout le monde conna\u00eet et fr\u00e9quente, pour diff\u00e9rentes raisons.<\/p>\n<p>Et donc, forc\u00e9ment, ces destinations sont plus ou moins \u201cpollu\u00e9es\u201d par des ind\u00e9sirables aux comportements r\u00e9pr\u00e9hensibles. <strong>Mais la vraie question est la suivante : cette pollution est-elle suffisante pour annuler l\u2019int\u00e9r\u00eat que pr\u00e9sente cette destination en premier lieu ?<\/strong><\/p>\n<p><!--more-->Je ne le pense pas. Tout d\u2019abord, il faudrait d\u00e9finir ce qu\u2019englobe le terme de \u201cd\u00e9cideurs\u201d.<\/p>\n<figure id=\"attachment_51177\" aria-describedby=\"caption-attachment-51177\" style=\"width: 200px\" class=\"wp-caption alignright\"><img decoding=\"async\" class=\"wp-image-51177 size-full\" src=\"https:\/\/visionarymarketing.com\/wp-content\/uploads\/2020\/03\/Alain-Lefebvre-LinkedIn.jpeg\" alt=\"Alain Lefebvre nous r\u00e9pond sur LinkedIn\" width=\"200\" height=\"200\" srcset=\"https:\/\/visionarymarketing.com\/wp-content\/uploads\/2020\/03\/Alain-Lefebvre-LinkedIn.jpeg 200w, https:\/\/visionarymarketing.com\/wp-content\/uploads\/2020\/03\/Alain-Lefebvre-LinkedIn-150x150.jpeg 150w\" sizes=\"(max-width: 200px) 100vw, 200px\" \/><figcaption id=\"caption-attachment-51177\" class=\"wp-caption-text\">Alain Lefebvre<\/figcaption><\/figure>\n<p><strong>Sur diff\u00e9rents plans, nous sommes tous des \u201cd\u00e9cideurs\u201d de quelque chose<\/strong>. Nous repr\u00e9sentons tous des enjeux plus ou moins grands et sommes tous confront\u00e9s \u00e0 des tensions entre ce qu\u2019on recherche et ce qu\u2019on veut \u00e9viter. Donc, LinkedIn va-t-il perdre <em>tous<\/em> les d\u00e9cideurs (c\u2019est-\u00e0-dire nous ) ?<\/p>\n<p>\u00c9videmment pas. Pour le moment, LinkedIn est et reste l\u2019endroit o\u00f9 il est le plus facile et le plus rapide de trouver un professionnel sp\u00e9cialiste de tel ou tel domaine. <strong>Apr\u00e8s, pouvoir le contacter est une autre affaire<\/strong>\u2026 <strong>et que celui-ci vous r\u00e9ponde encore une autre !<\/strong><\/p>\n<p>Mais rien que cette <strong>concentration exceptionnelle de talents et de comp\u00e9tences<\/strong> justifie de recourir \u00e0 ce service sur une base r\u00e9guli\u00e8re.<\/p>\n<h3><em> Comment d\u00e9crire l&rsquo;\u00e9volution de LinkedIn depuis ses d\u00e9buts qui remontent maintenant \u00e0 17 ans (!). De CV en ligne et outil de networking \u00e0 outil de prospection,\u00a0<\/em><em>quel est vraiment le r\u00f4le de cet outil aujourd&rsquo;hui et demain ?<\/em><\/h3>\n<p>En fait, selon moi, les vocations des d\u00e9buts du service sont toujours l\u00e0. LinkedIn est toujours un outil de networking et <strong>une impressionnante base de CV en ligne<\/strong>\u2026 Cela, \u00e7a n\u2019a pas chang\u00e9.<\/p>\n<p>Ce qui est nouveau, en revanche, c\u2019est l\u2019accent mis sur les contenus en interne et, toujours selon moi, \u00e7a va dans le bon sens. Comment mieux se faire remarquer qu\u2019en publiant des contenus int\u00e9ressants directement dans le service ?<\/p>\n<p>Une \u00e9volution possible dans le futur plus ou moins proche : faire en sorte que le service vous d\u00e9signe directement des professionnels selon votre choix de crit\u00e8res, et ce pour aller au-del\u00e0 de la recherche de type textuel.<\/p>\n<p>Dans ce cadre, LinkedIn pourrait vous proposer de compl\u00e9ter votre profil afin que ce type de recherches soit mieux trait\u00e9 (par cela il faut comprendre \u201caugmenter les chances que votre profil soit pris en compte\u201d).<\/p>\n<figure id=\"attachment_51180\" aria-describedby=\"caption-attachment-51180\" style=\"width: 640px\" class=\"wp-caption aligncenter\"><a href=\"https:\/\/themirrorinquirer.wordpress.com\/2017\/02\/14\/six-degrees-of-separation-and-synchronicity\/\"><img decoding=\"async\" class=\"size-full wp-image-51180\" src=\"https:\/\/visionarymarketing.com\/wp-content\/uploads\/2020\/03\/6degrees.jpg\" alt=\"LinkedIn avenir\" width=\"640\" height=\"484\" srcset=\"https:\/\/visionarymarketing.com\/wp-content\/uploads\/2020\/03\/6degrees.jpg 640w, https:\/\/visionarymarketing.com\/wp-content\/uploads\/2020\/03\/6degrees-397x300.jpg 397w\" sizes=\"(max-width: 640px) 100vw, 640px\" \/><\/a><figcaption id=\"caption-attachment-51180\" class=\"wp-caption-text\">Illustration par <a href=\"https:\/\/themirrorinquirer.wordpress.com\/2017\/02\/14\/six-degrees-of-separation-and-synchronicity\/\" target=\"_blank\" rel=\"noopener noreferrer\">Themirrorinquirer sur leur blog explicatif des 6 degr\u00e9s de s\u00e9paration<\/a><\/figcaption><\/figure>\n<p>L\u2019id\u00e9e ici est de passer d\u2019une base de CV \u00e0 <strong>une banque de comp\u00e9tences et de sp\u00e9cialit\u00e9s<\/strong>. L\u2019int\u00e9r\u00eat pour le service est de devenir un \u201chub\u201d des professionnels et l\u2019int\u00e9r\u00eat pour ses utilisateurs (y compris et surtout pour ceux qui acceptent de payer un \u201cpremium\u201d&#8230;) est d\u2019\u00eatre plus facilement trouv\u00e9 lors de recherches cibl\u00e9es (et qu\u2019on imagine pertinente pour une activit\u00e9 potentielle).<\/p>\n<h3><em> LinkedIn a donc bien un bel avenir devant lui !<\/em><\/h3>\n<p>Oui, cent fois oui, LinkedIn a un avenir solide devant lui, surtout depuis le rachat par <a href=\"https:\/\/visionarymarketing.com\/fr\/2016\/09\/linkedin-le-vrai-faux-du-plus-grand-reseau-social-professionnel\/\">Microsoft<\/a> qui lui assure une certaine stabilit\u00e9 tant sur le plan technique que financier.<\/p>\n<p>Alors que le monde des professions IT est en train d\u2019\u00e9voluer vers une part de plus en plus importante des ind\u00e9pendants au d\u00e9triment des ESN, un service comme LinkedIn est id\u00e9alement positionn\u00e9 pour \u00eatre un relais pertinent et efficace pour ces intervenants toujours plus nombreux et exigeants.<\/p>\n<h3><i> Le principe des 6 degr\u00e9s de s\u00e9paration, \u00e0 l&rsquo;origine de la cr\u00e9ation de 6nergies.net, ne semble plus \u00eatre d&rsquo;actualit\u00e9. \u00a0Doit-on encore s&rsquo;y int\u00e9resser ?\u00a0<\/i><\/h3>\n<p>Les fameux <a href=\"https:\/\/www.theguardian.com\/technology\/2008\/aug\/03\/internet.email\" target=\"_blank\" rel=\"noopener noreferrer\">6 degr\u00e9s de s\u00e9paration<\/a> \u00e9taient effectivement int\u00e9ressants sur le plan th\u00e9orique. Savoir que l\u2019empereur du Japon n\u2019est \u00e9loign\u00e9 de vous que par cette courte cha\u00eene de liens est certes fascinant, mais pas compl\u00e8tement pertinent sur le plan pratique.<\/p>\n<p><strong>En effet, on s\u2019aper\u00e7oit que l\u2019immense majorit\u00e9 des mises en contact ne d\u00e9passe jamais deux degr\u00e9s et que, au-del\u00e0, personne ne veut ni ne peut faire les d\u00e9marches n\u00e9cessaires pour aboutir. C\u2019est un peu comme les r\u00e9sultats des requ\u00eates sur les moteurs de recherche : peu vont au-del\u00e0 de la premi\u00e8re page, personne au-del\u00e0 de la troisi\u00e8me.<\/strong><\/p>\n<p>Donc, je ne crois pas qu\u2019il soit important d\u2019\u00eatre puriste sur ce point. En revanche,<strong> la logique de networking doit \u00eatre inculqu\u00e9e aux jeunes<\/strong> le plus et le mieux possible et \u00e7a fait partie de notre r\u00f4le \u00e0 nous tous.<\/p>\n<h3><em> LinkedIn r\u00e8gne d\u00e9sormais sans partage sur le monde du B2B*. Est-ce d\u00e9finitif ?\u00a0<\/em><\/h3>\n<p>Je suis toujours dubitatif quand on \u00e9voque un paysage fig\u00e9\u2026 est-ce que \u00e7a existe pour de bon, seulement ?<\/p>\n<p>Dans notre domaine technique, les situations fig\u00e9es ne peuvent \u00eatre que temporaires. M\u00eame les positions dominantes qui semblent les mieux ancr\u00e9es dans la dur\u00e9e ne sont que provisoires.<\/p>\n<p>Et quand un acteur domine trop son secteur au point de l\u2019\u00e9craser, le vent du changement se manifeste autrement, en faisant que le domaine en question se d\u00e9mode, est remplac\u00e9 par un autre plus en vogue et la situation envi\u00e9e, bloqu\u00e9e, s\u2019efface progressivement sans m\u00eame qu\u2019on s\u2019en aper\u00e7oive (bien entendu, ce genre de glissements peut prendre dix \u00e0 vingt ans mais ils ne sont pas rares).<\/p>\n<p>Bref, tout cela pour dire que je n\u2019emploierais certainement pas le qualificatif \u201cd\u00e9finitif\u201d ici pour le r\u00e8gne sans partage de LinkedIn sur le monde professionnel.<\/p>\n<p>Un domaine aussi important va toujours attirer de nouveaux acteurs et des approches innovantes. Il suffirait que LinkedIn s\u2019assoupisse pour que sa position soit remise en cause, en l\u2019espace de deux ans\u2026<\/p>\n<p>Aujourd\u2019hui, on ne voit pas encore de challenger s\u00e9rieux pointer \u00e0 l\u2019horizon mais cela peut changer, vite et en profondeur. Je ne pense pas que la menace viendra des autres membres des <a href=\"https:\/\/visionarymarketing.com\/fr\/2017\/09\/silicon-valley-france-digital-americain\/\">GAFAM<\/a> mais d\u2019une startup, aujourd\u2019hui obscure, qui saura trouver un point d\u2019accroche pertinent pour d\u00e9coller.<\/p>\n<p><em>(*sauf en <a href=\"https:\/\/guce.techcrunch.com\/copyConsent?sessionId=3_cc-session_cdc551eb-12cd-49a1-b980-f68a6dccdd11&amp;inline=false&amp;lang=fr-FR\" target=\"_blank\" rel=\"noopener noreferrer\">Russie<\/a> et dans quelques autres endroits)<\/em><\/p>\n","protected":false},"excerpt":{"rendered":"<p>O\u00f9 en est LinkedIn et quel est son avenir ? \u00a0J&rsquo;ai voulu faire le point sur le fameux r\u00e9seau B2B dont on entend dire un peu tout et n&rsquo;importe quoi. Il deviendrait comme Facebook, Microsoft ne saurait pas quoi en faire &#8230; Etat des lieux et avenir de LinkedIn, le r\u00e9seau des r\u00e9seaux B2B Alors &hellip;<\/p>\n","protected":false},"author":2,"featured_media":51184,"comment_status":"open","ping_status":"closed","sticky":false,"template":"","format":"standard","meta":{"footnotes":""},"categories":[25],"tags":[],"class_list":["post-49053","post","type-post","status-publish","format-standard","has-post-thumbnail","hentry","category-medias-sociaux"],"yoast_head":"<!-- This site is optimized with the Yoast SEO plugin v27.4 - https:\/\/yoast.com\/product\/yoast-seo-wordpress\/ -->\n<title>Etat des lieux des m\u00e9dias sociaux B2B et avenir de LinkedIn<\/title>\n<meta name=\"description\" content=\"LinkedIn, sa situation de 2020 et de son avenir. J&#039;ai interview\u00e9 Alain Lefevre pour recueillir son point de vue, son analyse et pr\u00e9dictions\" \/>\n<meta name=\"robots\" content=\"index, follow, max-snippet:-1, max-image-preview:large, max-video-preview:-1\" \/>\n<link rel=\"canonical\" href=\"https:\/\/visionarymarketing.com\/fr\/2020\/03\/12\/avenir-linkedin\/\" \/>\n<meta property=\"og:locale\" content=\"fr_FR\" \/>\n<meta property=\"og:type\" content=\"article\" \/>\n<meta property=\"og:title\" content=\"Etat des lieux des m\u00e9dias sociaux B2B et avenir de LinkedIn\" \/>\n<meta property=\"og:description\" content=\"LinkedIn, sa situation de 2020 et de son avenir. J&#039;ai interview\u00e9 Alain Lefevre pour recueillir son point de vue, son analyse et pr\u00e9dictions\" \/>\n<meta property=\"og:url\" content=\"https:\/\/visionarymarketing.com\/fr\/2020\/03\/12\/avenir-linkedin\/\" \/>\n<meta property=\"og:site_name\" content=\"Marketing and Innovation\" \/>\n<meta property=\"article:publisher\" content=\"https:\/\/www.facebook.com\/vismktg\" \/>\n<meta property=\"article:author\" content=\"http:\/\/facebook.com\/ygourven\" \/>\n<meta property=\"article:published_time\" content=\"2020-03-12T07:30:52+00:00\" \/>\n<meta property=\"article:modified_time\" content=\"2020-08-14T09:47:17+00:00\" \/>\n<meta property=\"og:image\" content=\"https:\/\/visionarymarketing.com\/wp-content\/uploads\/2020\/03\/29162188162_2befa1415e_c-e1583994125121.jpg\" \/>\n\t<meta property=\"og:image:width\" content=\"519\" \/>\n\t<meta property=\"og:image:height\" content=\"340\" \/>\n\t<meta property=\"og:image:type\" content=\"image\/jpeg\" \/>\n<meta name=\"author\" content=\"Yann Gourvennec\" \/>\n<meta name=\"twitter:card\" content=\"summary_large_image\" \/>\n<meta name=\"twitter:creator\" content=\"@ygourven\" \/>\n<meta name=\"twitter:site\" content=\"@ygourven\" \/>\n<meta name=\"twitter:label1\" content=\"\u00c9crit par\" \/>\n\t<meta name=\"twitter:data1\" content=\"Yann Gourvennec\" \/>\n\t<meta name=\"twitter:label2\" content=\"Dur\u00e9e de lecture estim\u00e9e\" \/>\n\t<meta name=\"twitter:data2\" content=\"6 minutes\" \/>\n<script type=\"application\/ld+json\" class=\"yoast-schema-graph\">{\"@context\":\"https:\\\/\\\/schema.org\",\"@graph\":[{\"@type\":\"NewsArticle\",\"@id\":\"https:\\\/\\\/visionarymarketing.com\\\/fr\\\/2020\\\/03\\\/12\\\/avenir-linkedin\\\/#article\",\"isPartOf\":{\"@id\":\"https:\\\/\\\/visionarymarketing.com\\\/fr\\\/2020\\\/03\\\/12\\\/avenir-linkedin\\\/\"},\"author\":{\"name\":\"Yann Gourvennec\",\"@id\":\"https:\\\/\\\/visionarymarketing.com\\\/fr\\\/#\\\/schema\\\/person\\\/3754fee1e558f47b8deb46f53c37423e\"},\"headline\":\"Etat des lieux des m\u00e9dias sociaux B2B et avenir de LinkedIn\",\"datePublished\":\"2020-03-12T07:30:52+00:00\",\"dateModified\":\"2020-08-14T09:47:17+00:00\",\"mainEntityOfPage\":{\"@id\":\"https:\\\/\\\/visionarymarketing.com\\\/fr\\\/2020\\\/03\\\/12\\\/avenir-linkedin\\\/\"},\"wordCount\":1278,\"commentCount\":0,\"image\":{\"@id\":\"https:\\\/\\\/visionarymarketing.com\\\/fr\\\/2020\\\/03\\\/12\\\/avenir-linkedin\\\/#primaryimage\"},\"thumbnailUrl\":\"https:\\\/\\\/visionarymarketing.com\\\/wp-content\\\/uploads\\\/2020\\\/03\\\/29162188162_2befa1415e_c-e1583994125121.jpg\",\"articleSection\":[\"m\u00e9dias \\\/ r\u00e9seaux sociaux\"],\"inLanguage\":\"fr-FR\",\"potentialAction\":[{\"@type\":\"CommentAction\",\"name\":\"Comment\",\"target\":[\"https:\\\/\\\/visionarymarketing.com\\\/fr\\\/2020\\\/03\\\/12\\\/avenir-linkedin\\\/#respond\"]}]},{\"@type\":\"WebPage\",\"@id\":\"https:\\\/\\\/visionarymarketing.com\\\/fr\\\/2020\\\/03\\\/12\\\/avenir-linkedin\\\/\",\"url\":\"https:\\\/\\\/visionarymarketing.com\\\/fr\\\/2020\\\/03\\\/12\\\/avenir-linkedin\\\/\",\"name\":\"Etat des lieux des m\u00e9dias sociaux B2B et avenir de LinkedIn\",\"isPartOf\":{\"@id\":\"https:\\\/\\\/visionarymarketing.com\\\/fr\\\/#website\"},\"primaryImageOfPage\":{\"@id\":\"https:\\\/\\\/visionarymarketing.com\\\/fr\\\/2020\\\/03\\\/12\\\/avenir-linkedin\\\/#primaryimage\"},\"image\":{\"@id\":\"https:\\\/\\\/visionarymarketing.com\\\/fr\\\/2020\\\/03\\\/12\\\/avenir-linkedin\\\/#primaryimage\"},\"thumbnailUrl\":\"https:\\\/\\\/visionarymarketing.com\\\/wp-content\\\/uploads\\\/2020\\\/03\\\/29162188162_2befa1415e_c-e1583994125121.jpg\",\"datePublished\":\"2020-03-12T07:30:52+00:00\",\"dateModified\":\"2020-08-14T09:47:17+00:00\",\"author\":{\"@id\":\"https:\\\/\\\/visionarymarketing.com\\\/fr\\\/#\\\/schema\\\/person\\\/3754fee1e558f47b8deb46f53c37423e\"},\"description\":\"LinkedIn, sa situation de 2020 et de son avenir. J'ai interview\u00e9 Alain Lefevre pour recueillir son point de vue, son analyse et pr\u00e9dictions\",\"breadcrumb\":{\"@id\":\"https:\\\/\\\/visionarymarketing.com\\\/fr\\\/2020\\\/03\\\/12\\\/avenir-linkedin\\\/#breadcrumb\"},\"inLanguage\":\"fr-FR\",\"potentialAction\":[{\"@type\":\"ReadAction\",\"target\":[\"https:\\\/\\\/visionarymarketing.com\\\/fr\\\/2020\\\/03\\\/12\\\/avenir-linkedin\\\/\"]}]},{\"@type\":\"ImageObject\",\"inLanguage\":\"fr-FR\",\"@id\":\"https:\\\/\\\/visionarymarketing.com\\\/fr\\\/2020\\\/03\\\/12\\\/avenir-linkedin\\\/#primaryimage\",\"url\":\"https:\\\/\\\/visionarymarketing.com\\\/wp-content\\\/uploads\\\/2020\\\/03\\\/29162188162_2befa1415e_c-e1583994125121.jpg\",\"contentUrl\":\"https:\\\/\\\/visionarymarketing.com\\\/wp-content\\\/uploads\\\/2020\\\/03\\\/29162188162_2befa1415e_c-e1583994125121.jpg\",\"width\":519,\"height\":340},{\"@type\":\"BreadcrumbList\",\"@id\":\"https:\\\/\\\/visionarymarketing.com\\\/fr\\\/2020\\\/03\\\/12\\\/avenir-linkedin\\\/#breadcrumb\",\"itemListElement\":[{\"@type\":\"ListItem\",\"position\":1,\"name\":\"Home\",\"item\":\"https:\\\/\\\/visionarymarketing.com\\\/fr\\\/\"},{\"@type\":\"ListItem\",\"position\":2,\"name\":\"Etat des lieux des m\u00e9dias sociaux B2B et avenir de LinkedIn\"}]},{\"@type\":\"WebSite\",\"@id\":\"https:\\\/\\\/visionarymarketing.com\\\/fr\\\/#website\",\"url\":\"https:\\\/\\\/visionarymarketing.com\\\/fr\\\/\",\"name\":\"Marketing and Innovation\",\"description\":\"Site d&#039;infos ind\u00e9pendant, depuis 1996\",\"potentialAction\":[{\"@type\":\"SearchAction\",\"target\":{\"@type\":\"EntryPoint\",\"urlTemplate\":\"https:\\\/\\\/visionarymarketing.com\\\/fr\\\/?s={search_term_string}\"},\"query-input\":{\"@type\":\"PropertyValueSpecification\",\"valueRequired\":true,\"valueName\":\"search_term_string\"}}],\"inLanguage\":\"fr-FR\"},{\"@type\":\"Person\",\"@id\":\"https:\\\/\\\/visionarymarketing.com\\\/fr\\\/#\\\/schema\\\/person\\\/3754fee1e558f47b8deb46f53c37423e\",\"name\":\"Yann Gourvennec\",\"image\":{\"@type\":\"ImageObject\",\"inLanguage\":\"fr-FR\",\"@id\":\"https:\\\/\\\/secure.gravatar.com\\\/avatar\\\/5972001801e8de5692a3e31224e85769f50a55fb8b679749f9c8d1868cceff14?s=96&d=initials&r=g&initials=yg\",\"url\":\"https:\\\/\\\/secure.gravatar.com\\\/avatar\\\/5972001801e8de5692a3e31224e85769f50a55fb8b679749f9c8d1868cceff14?s=96&d=initials&r=g&initials=yg\",\"contentUrl\":\"https:\\\/\\\/secure.gravatar.com\\\/avatar\\\/5972001801e8de5692a3e31224e85769f50a55fb8b679749f9c8d1868cceff14?s=96&d=initials&r=g&initials=yg\",\"caption\":\"Yann Gourvennec\"},\"description\":\"Yann Gourvennec created visionarymarketing.com in 1996. He is a speaker and author of many books. In 2014 he went from intrapreneur to entrepreneur, when he created his digital marketing agency. Yann Gourvennec a cr\u00e9\u00e9 visionarymarketing.com en 1996. Il est conf\u00e9rencier et auteur de plusieurs livres. En 2014, il est pass\u00e9 d'intrapreneur \u00e0 entrepreneur en cr\u00e9ant son agence de marketing num\u00e9rique.\",\"sameAs\":[\"https:\\\/\\\/visionarymarketing.com\",\"http:\\\/\\\/facebook.com\\\/ygourven\",\"http:\\\/\\\/linkedin.com\\\/in\\\/ygourven\",\"https:\\\/\\\/x.com\\\/ygourven\",\"https:\\\/\\\/www.youtube.com\\\/c\\\/visionarymarketingagency\"],\"url\":\"https:\\\/\\\/visionarymarketing.com\\\/fr\\\/author\\\/yann-gourvennec\\\/\"}]}<\/script>\n<!-- \/ Yoast SEO plugin. -->","yoast_head_json":{"title":"Etat des lieux des m\u00e9dias sociaux B2B et avenir de LinkedIn","description":"LinkedIn, sa situation de 2020 et de son avenir. J'ai interview\u00e9 Alain Lefevre pour recueillir son point de vue, son analyse et pr\u00e9dictions","robots":{"index":"index","follow":"follow","max-snippet":"max-snippet:-1","max-image-preview":"max-image-preview:large","max-video-preview":"max-video-preview:-1"},"canonical":"https:\/\/visionarymarketing.com\/fr\/2020\/03\/12\/avenir-linkedin\/","og_locale":"fr_FR","og_type":"article","og_title":"Etat des lieux des m\u00e9dias sociaux B2B et avenir de LinkedIn","og_description":"LinkedIn, sa situation de 2020 et de son avenir. J'ai interview\u00e9 Alain Lefevre pour recueillir son point de vue, son analyse et pr\u00e9dictions","og_url":"https:\/\/visionarymarketing.com\/fr\/2020\/03\/12\/avenir-linkedin\/","og_site_name":"Marketing and Innovation","article_publisher":"https:\/\/www.facebook.com\/vismktg","article_author":"http:\/\/facebook.com\/ygourven","article_published_time":"2020-03-12T07:30:52+00:00","article_modified_time":"2020-08-14T09:47:17+00:00","og_image":[{"width":519,"height":340,"url":"https:\/\/visionarymarketing.com\/wp-content\/uploads\/2020\/03\/29162188162_2befa1415e_c-e1583994125121.jpg","type":"image\/jpeg"}],"author":"Yann Gourvennec","twitter_card":"summary_large_image","twitter_creator":"@ygourven","twitter_site":"@ygourven","twitter_misc":{"\u00c9crit par":"Yann Gourvennec","Dur\u00e9e de lecture estim\u00e9e":"6 minutes"},"schema":{"@context":"https:\/\/schema.org","@graph":[{"@type":"NewsArticle","@id":"https:\/\/visionarymarketing.com\/fr\/2020\/03\/12\/avenir-linkedin\/#article","isPartOf":{"@id":"https:\/\/visionarymarketing.com\/fr\/2020\/03\/12\/avenir-linkedin\/"},"author":{"name":"Yann Gourvennec","@id":"https:\/\/visionarymarketing.com\/fr\/#\/schema\/person\/3754fee1e558f47b8deb46f53c37423e"},"headline":"Etat des lieux des m\u00e9dias sociaux B2B et avenir de LinkedIn","datePublished":"2020-03-12T07:30:52+00:00","dateModified":"2020-08-14T09:47:17+00:00","mainEntityOfPage":{"@id":"https:\/\/visionarymarketing.com\/fr\/2020\/03\/12\/avenir-linkedin\/"},"wordCount":1278,"commentCount":0,"image":{"@id":"https:\/\/visionarymarketing.com\/fr\/2020\/03\/12\/avenir-linkedin\/#primaryimage"},"thumbnailUrl":"https:\/\/visionarymarketing.com\/wp-content\/uploads\/2020\/03\/29162188162_2befa1415e_c-e1583994125121.jpg","articleSection":["m\u00e9dias \/ r\u00e9seaux sociaux"],"inLanguage":"fr-FR","potentialAction":[{"@type":"CommentAction","name":"Comment","target":["https:\/\/visionarymarketing.com\/fr\/2020\/03\/12\/avenir-linkedin\/#respond"]}]},{"@type":"WebPage","@id":"https:\/\/visionarymarketing.com\/fr\/2020\/03\/12\/avenir-linkedin\/","url":"https:\/\/visionarymarketing.com\/fr\/2020\/03\/12\/avenir-linkedin\/","name":"Etat des lieux des m\u00e9dias sociaux B2B et avenir de LinkedIn","isPartOf":{"@id":"https:\/\/visionarymarketing.com\/fr\/#website"},"primaryImageOfPage":{"@id":"https:\/\/visionarymarketing.com\/fr\/2020\/03\/12\/avenir-linkedin\/#primaryimage"},"image":{"@id":"https:\/\/visionarymarketing.com\/fr\/2020\/03\/12\/avenir-linkedin\/#primaryimage"},"thumbnailUrl":"https:\/\/visionarymarketing.com\/wp-content\/uploads\/2020\/03\/29162188162_2befa1415e_c-e1583994125121.jpg","datePublished":"2020-03-12T07:30:52+00:00","dateModified":"2020-08-14T09:47:17+00:00","author":{"@id":"https:\/\/visionarymarketing.com\/fr\/#\/schema\/person\/3754fee1e558f47b8deb46f53c37423e"},"description":"LinkedIn, sa situation de 2020 et de son avenir. J'ai interview\u00e9 Alain Lefevre pour recueillir son point de vue, son analyse et pr\u00e9dictions","breadcrumb":{"@id":"https:\/\/visionarymarketing.com\/fr\/2020\/03\/12\/avenir-linkedin\/#breadcrumb"},"inLanguage":"fr-FR","potentialAction":[{"@type":"ReadAction","target":["https:\/\/visionarymarketing.com\/fr\/2020\/03\/12\/avenir-linkedin\/"]}]},{"@type":"ImageObject","inLanguage":"fr-FR","@id":"https:\/\/visionarymarketing.com\/fr\/2020\/03\/12\/avenir-linkedin\/#primaryimage","url":"https:\/\/visionarymarketing.com\/wp-content\/uploads\/2020\/03\/29162188162_2befa1415e_c-e1583994125121.jpg","contentUrl":"https:\/\/visionarymarketing.com\/wp-content\/uploads\/2020\/03\/29162188162_2befa1415e_c-e1583994125121.jpg","width":519,"height":340},{"@type":"BreadcrumbList","@id":"https:\/\/visionarymarketing.com\/fr\/2020\/03\/12\/avenir-linkedin\/#breadcrumb","itemListElement":[{"@type":"ListItem","position":1,"name":"Home","item":"https:\/\/visionarymarketing.com\/fr\/"},{"@type":"ListItem","position":2,"name":"Etat des lieux des m\u00e9dias sociaux B2B et avenir de LinkedIn"}]},{"@type":"WebSite","@id":"https:\/\/visionarymarketing.com\/fr\/#website","url":"https:\/\/visionarymarketing.com\/fr\/","name":"Marketing and Innovation","description":"Site d&#039;infos ind\u00e9pendant, depuis 1996","potentialAction":[{"@type":"SearchAction","target":{"@type":"EntryPoint","urlTemplate":"https:\/\/visionarymarketing.com\/fr\/?s={search_term_string}"},"query-input":{"@type":"PropertyValueSpecification","valueRequired":true,"valueName":"search_term_string"}}],"inLanguage":"fr-FR"},{"@type":"Person","@id":"https:\/\/visionarymarketing.com\/fr\/#\/schema\/person\/3754fee1e558f47b8deb46f53c37423e","name":"Yann Gourvennec","image":{"@type":"ImageObject","inLanguage":"fr-FR","@id":"https:\/\/secure.gravatar.com\/avatar\/5972001801e8de5692a3e31224e85769f50a55fb8b679749f9c8d1868cceff14?s=96&d=initials&r=g&initials=yg","url":"https:\/\/secure.gravatar.com\/avatar\/5972001801e8de5692a3e31224e85769f50a55fb8b679749f9c8d1868cceff14?s=96&d=initials&r=g&initials=yg","contentUrl":"https:\/\/secure.gravatar.com\/avatar\/5972001801e8de5692a3e31224e85769f50a55fb8b679749f9c8d1868cceff14?s=96&d=initials&r=g&initials=yg","caption":"Yann Gourvennec"},"description":"Yann Gourvennec created visionarymarketing.com in 1996. He is a speaker and author of many books. In 2014 he went from intrapreneur to entrepreneur, when he created his digital marketing agency. Yann Gourvennec a cr\u00e9\u00e9 visionarymarketing.com en 1996. Il est conf\u00e9rencier et auteur de plusieurs livres. En 2014, il est pass\u00e9 d'intrapreneur \u00e0 entrepreneur en cr\u00e9ant son agence de marketing num\u00e9rique.","sameAs":["https:\/\/visionarymarketing.com","http:\/\/facebook.com\/ygourven","http:\/\/linkedin.com\/in\/ygourven","https:\/\/x.com\/ygourven","https:\/\/www.youtube.com\/c\/visionarymarketingagency"],"url":"https:\/\/visionarymarketing.com\/fr\/author\/yann-gourvennec\/"}]}},"_links":{"self":[{"href":"https:\/\/visionarymarketing.com\/fr\/wp-json\/wp\/v2\/posts\/49053","targetHints":{"allow":["GET"]}}],"collection":[{"href":"https:\/\/visionarymarketing.com\/fr\/wp-json\/wp\/v2\/posts"}],"about":[{"href":"https:\/\/visionarymarketing.com\/fr\/wp-json\/wp\/v2\/types\/post"}],"author":[{"embeddable":true,"href":"https:\/\/visionarymarketing.com\/fr\/wp-json\/wp\/v2\/users\/2"}],"replies":[{"embeddable":true,"href":"https:\/\/visionarymarketing.com\/fr\/wp-json\/wp\/v2\/comments?post=49053"}],"version-history":[{"count":0,"href":"https:\/\/visionarymarketing.com\/fr\/wp-json\/wp\/v2\/posts\/49053\/revisions"}],"wp:featuredmedia":[{"embeddable":true,"href":"https:\/\/visionarymarketing.com\/fr\/wp-json\/wp\/v2\/media\/51184"}],"wp:attachment":[{"href":"https:\/\/visionarymarketing.com\/fr\/wp-json\/wp\/v2\/media?parent=49053"}],"wp:term":[{"taxonomy":"category","embeddable":true,"href":"https:\/\/visionarymarketing.com\/fr\/wp-json\/wp\/v2\/categories?post=49053"},{"taxonomy":"post_tag","embeddable":true,"href":"https:\/\/visionarymarketing.com\/fr\/wp-json\/wp\/v2\/tags?post=49053"}],"curies":[{"name":"wp","href":"https:\/\/api.w.org\/{rel}","templated":true}]}}