{"id":4902,"date":"2011-10-12T12:00:39","date_gmt":"2011-10-12T12:00:39","guid":{"rendered":"http:\/\/visionary.wordpress.com\/?p=4902"},"modified":"2021-03-06T09:13:15","modified_gmt":"2021-03-06T08:13:15","slug":"le-paradoxe-facebook-etre-visible-et-rester-cache","status":"publish","type":"post","link":"https:\/\/visionarymarketing.com\/fr\/2011\/10\/12\/le-paradoxe-facebook-etre-visible-et-rester-cache\/","title":{"rendered":"le paradoxe facebook : \u00eatre visible et rester cach\u00e9 !"},"content":{"rendered":"<p>La lecture du jour &#8230;<em style=\"font-size: 16px;\">C&rsquo;est, sur le blog de <a href=\"http:\/\/michaeltartar.com\/2011\/09\/25\/jai-supprime-mon-compte-facebook-et-ca-ne-me-manque-pas\/\" target=\"_blank\" rel=\"noopener noreferrer\">Michael Tartar, l&rsquo;histoire passionnante de Cristelle<\/a> qui a expliqu\u00e9 \u00e0 Michael pourquoi elle a supprim\u00e9 son compte Facebook et pourquoi elle ne le regrette pas !<\/em><\/p>\n<h2>Le paradoxe Facebook : vivre heureux et visible et rester cach\u00e9<\/h2>\n<p style=\"display: inline!important;\"><a href=\"https:\/\/visionarymarketing.com\/wp-content\/uploads\/2010\/02\/facebook_logo1.png\"><img decoding=\"async\" class=\"alignright size-full wp-image-2317\" src=\"https:\/\/visionarymarketing.com\/wp-content\/uploads\/2010\/02\/facebook_logo1.png\" alt=\"\" width=\"311\" height=\"311\" srcset=\"https:\/\/visionarymarketing.com\/wp-content\/uploads\/2010\/02\/facebook_logo1.png 311w, https:\/\/visionarymarketing.com\/wp-content\/uploads\/2010\/02\/facebook_logo1-300x300.png 300w, https:\/\/visionarymarketing.com\/wp-content\/uploads\/2010\/02\/facebook_logo1-150x150.png 150w\" sizes=\"(max-width: 311px) 100vw, 311px\" \/><\/a>De septembre 2009 \u00e0 juin 2011 en France, la part des internautes de 35 \u00e0 44 ans g\u00e9rant un profil de r\u00e9seau social, a cru de 85,7% selon l\u2019\u00e9tude Global Web Index. Depuis f\u00e9vrier 2011, Facebook a m\u00eame d\u00e9pass\u00e9 les 20 millions d\u2019utilisateurs. Le r\u00e9seau social num\u00e9ro 1 dans le monde connait donc une progression sans r\u00e9sistance dans notre pays. Et pourtant, quelques irr\u00e9ductibles s\u2019opposent \u00e0 l\u2019envahisseur.<\/p>\n<p>&nbsp;<\/p>\n<p>\u00ab\u00a0J\u2019ai la chance d\u2019en conna\u00eetre une dans mon entourage proche\u00a0: Cristelle qui dans un premier temps a succomb\u00e9 aux charmes de Facebook, a finalement d\u00e9cid\u00e9 de fermer son compte et annonce aujourd\u2019hui\u00a0: \u00ab\u00a0cela ne me manque pas\u00a0\u00bb.<!--more--><\/p>\n<p>Alors que Facebook vient d\u2019annoncer le 20 septembre 2011 lors de sa conf\u00e9rence F8 la nouvelle Timeline et un Open Graph offrant toujours plus d\u2019acc\u00e8s aux donn\u00e9es des utilisateurs de son service, j\u2019ai voulu comprendre comment Cristelle a d\u00e9cid\u00e9 d\u2019ouvrir, puis finalement de fermer son compte Facebook, et plus g\u00e9n\u00e9ralement comment l\u2019entreprise qui souhaite s\u2019engager sur les m\u00e9dias sociaux, peut tirer profit de cette exp\u00e9rience.\u00a0\u00bb<\/p>\n<p>via\u00a0<a href=\"http:\/\/michaeltartar.com\/2011\/09\/25\/jai-supprime-mon-compte-facebook-et-ca-ne-me-manque-pas\/\">J\u2019ai supprim\u00e9 mon compte Facebook et \u00e7a ne me manque pas \u00ab Micha\u00ebl Tartar<\/a>.<\/p>\n","protected":false},"excerpt":{"rendered":"<p>La lecture du jour &#8230;<\/p>\n<p>C&rsquo;est, sur le blog de Michael Tartar, l&rsquo;histoire passionnante de Cristelle qui a expliqu\u00e9 \u00e0 Michael pourquoi elle a supprim\u00e9 son compte Facebook et pourquoi elle ne le regrette pas !<\/p>\n","protected":false},"author":2,"featured_media":2317,"comment_status":"open","ping_status":"open","sticky":false,"template":"","format":"standard","meta":{"footnotes":""},"categories":[25],"tags":[],"class_list":["post-4902","post","type-post","status-publish","format-standard","has-post-thumbnail","hentry","category-medias-sociaux"],"yoast_head":"<!-- This site is optimized with the Yoast SEO plugin v27.4 - https:\/\/yoast.com\/product\/yoast-seo-wordpress\/ -->\n<title>le paradoxe facebook : \u00eatre visible et rester cach\u00e9 !<\/title>\n<meta name=\"description\" content=\"Le paradoxe Facebook : de septembre 2009 \u00e0 juin 2011 la part des internautes sur les r\u00e9seaux sociaux, a cru de 85,7%\" \/>\n<meta name=\"robots\" content=\"noindex, follow\" \/>\n<meta property=\"og:locale\" content=\"fr_FR\" \/>\n<meta property=\"og:type\" content=\"article\" \/>\n<meta property=\"og:title\" content=\"le paradoxe facebook : \u00eatre visible et rester cach\u00e9 !\" \/>\n<meta property=\"og:description\" content=\"Le paradoxe Facebook : de septembre 2009 \u00e0 juin 2011 la part des internautes sur les r\u00e9seaux sociaux, a cru de 85,7%\" \/>\n<meta property=\"og:url\" content=\"https:\/\/visionarymarketing.com\/fr\/2011\/10\/12\/le-paradoxe-facebook-etre-visible-et-rester-cache\/\" \/>\n<meta property=\"og:site_name\" content=\"Marketing and Innovation\" \/>\n<meta property=\"article:publisher\" content=\"https:\/\/www.facebook.com\/vismktg\" \/>\n<meta property=\"article:author\" content=\"http:\/\/facebook.com\/ygourven\" \/>\n<meta property=\"article:published_time\" content=\"2011-10-12T12:00:39+00:00\" \/>\n<meta property=\"article:modified_time\" content=\"2021-03-06T08:13:15+00:00\" \/>\n<meta property=\"og:image\" content=\"https:\/\/visionarymarketing.com\/wp-content\/uploads\/2010\/02\/facebook_logo1.png\" \/>\n\t<meta property=\"og:image:width\" content=\"311\" \/>\n\t<meta property=\"og:image:height\" content=\"311\" \/>\n\t<meta property=\"og:image:type\" content=\"image\/png\" \/>\n<meta name=\"author\" content=\"Yann Gourvennec\" \/>\n<meta name=\"twitter:card\" content=\"summary_large_image\" \/>\n<meta name=\"twitter:creator\" content=\"@ygourven\" \/>\n<meta name=\"twitter:site\" content=\"@ygourven\" \/>\n<meta name=\"twitter:label1\" content=\"\u00c9crit par\" \/>\n\t<meta name=\"twitter:data1\" content=\"Yann Gourvennec\" \/>\n\t<meta name=\"twitter:label2\" content=\"Dur\u00e9e de lecture estim\u00e9e\" \/>\n\t<meta name=\"twitter:data2\" content=\"1 minute\" \/>\n<script type=\"application\/ld+json\" class=\"yoast-schema-graph\">{\"@context\":\"https:\\\/\\\/schema.org\",\"@graph\":[{\"@type\":\"NewsArticle\",\"@id\":\"https:\\\/\\\/visionarymarketing.com\\\/fr\\\/2011\\\/10\\\/12\\\/le-paradoxe-facebook-etre-visible-et-rester-cache\\\/#article\",\"isPartOf\":{\"@id\":\"https:\\\/\\\/visionarymarketing.com\\\/fr\\\/2011\\\/10\\\/12\\\/le-paradoxe-facebook-etre-visible-et-rester-cache\\\/\"},\"author\":{\"name\":\"Yann Gourvennec\",\"@id\":\"https:\\\/\\\/visionarymarketing.com\\\/fr\\\/#\\\/schema\\\/person\\\/3754fee1e558f47b8deb46f53c37423e\"},\"headline\":\"le paradoxe facebook : \u00eatre visible et rester cach\u00e9 !\",\"datePublished\":\"2011-10-12T12:00:39+00:00\",\"dateModified\":\"2021-03-06T08:13:15+00:00\",\"mainEntityOfPage\":{\"@id\":\"https:\\\/\\\/visionarymarketing.com\\\/fr\\\/2011\\\/10\\\/12\\\/le-paradoxe-facebook-etre-visible-et-rester-cache\\\/\"},\"wordCount\":258,\"commentCount\":0,\"image\":{\"@id\":\"https:\\\/\\\/visionarymarketing.com\\\/fr\\\/2011\\\/10\\\/12\\\/le-paradoxe-facebook-etre-visible-et-rester-cache\\\/#primaryimage\"},\"thumbnailUrl\":\"https:\\\/\\\/visionarymarketing.com\\\/wp-content\\\/uploads\\\/2010\\\/02\\\/facebook_logo1.png\",\"articleSection\":[\"m\u00e9dias \\\/ r\u00e9seaux sociaux\"],\"inLanguage\":\"fr-FR\",\"potentialAction\":[{\"@type\":\"CommentAction\",\"name\":\"Comment\",\"target\":[\"https:\\\/\\\/visionarymarketing.com\\\/fr\\\/2011\\\/10\\\/12\\\/le-paradoxe-facebook-etre-visible-et-rester-cache\\\/#respond\"]}]},{\"@type\":\"WebPage\",\"@id\":\"https:\\\/\\\/visionarymarketing.com\\\/fr\\\/2011\\\/10\\\/12\\\/le-paradoxe-facebook-etre-visible-et-rester-cache\\\/\",\"url\":\"https:\\\/\\\/visionarymarketing.com\\\/fr\\\/2011\\\/10\\\/12\\\/le-paradoxe-facebook-etre-visible-et-rester-cache\\\/\",\"name\":\"le paradoxe facebook : \u00eatre visible et rester cach\u00e9 !\",\"isPartOf\":{\"@id\":\"https:\\\/\\\/visionarymarketing.com\\\/fr\\\/#website\"},\"primaryImageOfPage\":{\"@id\":\"https:\\\/\\\/visionarymarketing.com\\\/fr\\\/2011\\\/10\\\/12\\\/le-paradoxe-facebook-etre-visible-et-rester-cache\\\/#primaryimage\"},\"image\":{\"@id\":\"https:\\\/\\\/visionarymarketing.com\\\/fr\\\/2011\\\/10\\\/12\\\/le-paradoxe-facebook-etre-visible-et-rester-cache\\\/#primaryimage\"},\"thumbnailUrl\":\"https:\\\/\\\/visionarymarketing.com\\\/wp-content\\\/uploads\\\/2010\\\/02\\\/facebook_logo1.png\",\"datePublished\":\"2011-10-12T12:00:39+00:00\",\"dateModified\":\"2021-03-06T08:13:15+00:00\",\"author\":{\"@id\":\"https:\\\/\\\/visionarymarketing.com\\\/fr\\\/#\\\/schema\\\/person\\\/3754fee1e558f47b8deb46f53c37423e\"},\"description\":\"Le paradoxe Facebook : de septembre 2009 \u00e0 juin 2011 la part des internautes sur les r\u00e9seaux sociaux, a cru de 85,7%\",\"breadcrumb\":{\"@id\":\"https:\\\/\\\/visionarymarketing.com\\\/fr\\\/2011\\\/10\\\/12\\\/le-paradoxe-facebook-etre-visible-et-rester-cache\\\/#breadcrumb\"},\"inLanguage\":\"fr-FR\",\"potentialAction\":[{\"@type\":\"ReadAction\",\"target\":[\"https:\\\/\\\/visionarymarketing.com\\\/fr\\\/2011\\\/10\\\/12\\\/le-paradoxe-facebook-etre-visible-et-rester-cache\\\/\"]}]},{\"@type\":\"ImageObject\",\"inLanguage\":\"fr-FR\",\"@id\":\"https:\\\/\\\/visionarymarketing.com\\\/fr\\\/2011\\\/10\\\/12\\\/le-paradoxe-facebook-etre-visible-et-rester-cache\\\/#primaryimage\",\"url\":\"https:\\\/\\\/visionarymarketing.com\\\/wp-content\\\/uploads\\\/2010\\\/02\\\/facebook_logo1.png\",\"contentUrl\":\"https:\\\/\\\/visionarymarketing.com\\\/wp-content\\\/uploads\\\/2010\\\/02\\\/facebook_logo1.png\",\"width\":311,\"height\":311},{\"@type\":\"BreadcrumbList\",\"@id\":\"https:\\\/\\\/visionarymarketing.com\\\/fr\\\/2011\\\/10\\\/12\\\/le-paradoxe-facebook-etre-visible-et-rester-cache\\\/#breadcrumb\",\"itemListElement\":[{\"@type\":\"ListItem\",\"position\":1,\"name\":\"Home\",\"item\":\"https:\\\/\\\/visionarymarketing.com\\\/fr\\\/\"},{\"@type\":\"ListItem\",\"position\":2,\"name\":\"le paradoxe facebook : \u00eatre visible et rester cach\u00e9 !\"}]},{\"@type\":\"WebSite\",\"@id\":\"https:\\\/\\\/visionarymarketing.com\\\/fr\\\/#website\",\"url\":\"https:\\\/\\\/visionarymarketing.com\\\/fr\\\/\",\"name\":\"Marketing and Innovation\",\"description\":\"Site d&#039;infos ind\u00e9pendant, depuis 1996\",\"potentialAction\":[{\"@type\":\"SearchAction\",\"target\":{\"@type\":\"EntryPoint\",\"urlTemplate\":\"https:\\\/\\\/visionarymarketing.com\\\/fr\\\/?s={search_term_string}\"},\"query-input\":{\"@type\":\"PropertyValueSpecification\",\"valueRequired\":true,\"valueName\":\"search_term_string\"}}],\"inLanguage\":\"fr-FR\"},{\"@type\":\"Person\",\"@id\":\"https:\\\/\\\/visionarymarketing.com\\\/fr\\\/#\\\/schema\\\/person\\\/3754fee1e558f47b8deb46f53c37423e\",\"name\":\"Yann Gourvennec\",\"image\":{\"@type\":\"ImageObject\",\"inLanguage\":\"fr-FR\",\"@id\":\"https:\\\/\\\/secure.gravatar.com\\\/avatar\\\/5972001801e8de5692a3e31224e85769f50a55fb8b679749f9c8d1868cceff14?s=96&d=initials&r=g&initials=yg\",\"url\":\"https:\\\/\\\/secure.gravatar.com\\\/avatar\\\/5972001801e8de5692a3e31224e85769f50a55fb8b679749f9c8d1868cceff14?s=96&d=initials&r=g&initials=yg\",\"contentUrl\":\"https:\\\/\\\/secure.gravatar.com\\\/avatar\\\/5972001801e8de5692a3e31224e85769f50a55fb8b679749f9c8d1868cceff14?s=96&d=initials&r=g&initials=yg\",\"caption\":\"Yann Gourvennec\"},\"description\":\"Yann Gourvennec created visionarymarketing.com in 1996. He is a speaker and author of many books. In 2014 he went from intrapreneur to entrepreneur, when he created his digital marketing agency. Yann Gourvennec a cr\u00e9\u00e9 visionarymarketing.com en 1996. Il est conf\u00e9rencier et auteur de plusieurs livres. En 2014, il est pass\u00e9 d'intrapreneur \u00e0 entrepreneur en cr\u00e9ant son agence de marketing num\u00e9rique.\",\"sameAs\":[\"https:\\\/\\\/visionarymarketing.com\",\"http:\\\/\\\/facebook.com\\\/ygourven\",\"http:\\\/\\\/linkedin.com\\\/in\\\/ygourven\",\"https:\\\/\\\/x.com\\\/ygourven\",\"https:\\\/\\\/www.youtube.com\\\/c\\\/visionarymarketingagency\"],\"url\":\"https:\\\/\\\/visionarymarketing.com\\\/fr\\\/author\\\/yann-gourvennec\\\/\"}]}<\/script>\n<!-- \/ Yoast SEO plugin. -->","yoast_head_json":{"title":"le paradoxe facebook : \u00eatre visible et rester cach\u00e9 !","description":"Le paradoxe Facebook : de septembre 2009 \u00e0 juin 2011 la part des internautes sur les r\u00e9seaux sociaux, a cru de 85,7%","robots":{"index":"noindex","follow":"follow"},"og_locale":"fr_FR","og_type":"article","og_title":"le paradoxe facebook : \u00eatre visible et rester cach\u00e9 !","og_description":"Le paradoxe Facebook : de septembre 2009 \u00e0 juin 2011 la part des internautes sur les r\u00e9seaux sociaux, a cru de 85,7%","og_url":"https:\/\/visionarymarketing.com\/fr\/2011\/10\/12\/le-paradoxe-facebook-etre-visible-et-rester-cache\/","og_site_name":"Marketing and Innovation","article_publisher":"https:\/\/www.facebook.com\/vismktg","article_author":"http:\/\/facebook.com\/ygourven","article_published_time":"2011-10-12T12:00:39+00:00","article_modified_time":"2021-03-06T08:13:15+00:00","og_image":[{"width":311,"height":311,"url":"https:\/\/visionarymarketing.com\/wp-content\/uploads\/2010\/02\/facebook_logo1.png","type":"image\/png"}],"author":"Yann Gourvennec","twitter_card":"summary_large_image","twitter_creator":"@ygourven","twitter_site":"@ygourven","twitter_misc":{"\u00c9crit par":"Yann Gourvennec","Dur\u00e9e de lecture estim\u00e9e":"1 minute"},"schema":{"@context":"https:\/\/schema.org","@graph":[{"@type":"NewsArticle","@id":"https:\/\/visionarymarketing.com\/fr\/2011\/10\/12\/le-paradoxe-facebook-etre-visible-et-rester-cache\/#article","isPartOf":{"@id":"https:\/\/visionarymarketing.com\/fr\/2011\/10\/12\/le-paradoxe-facebook-etre-visible-et-rester-cache\/"},"author":{"name":"Yann Gourvennec","@id":"https:\/\/visionarymarketing.com\/fr\/#\/schema\/person\/3754fee1e558f47b8deb46f53c37423e"},"headline":"le paradoxe facebook : \u00eatre visible et rester cach\u00e9 !","datePublished":"2011-10-12T12:00:39+00:00","dateModified":"2021-03-06T08:13:15+00:00","mainEntityOfPage":{"@id":"https:\/\/visionarymarketing.com\/fr\/2011\/10\/12\/le-paradoxe-facebook-etre-visible-et-rester-cache\/"},"wordCount":258,"commentCount":0,"image":{"@id":"https:\/\/visionarymarketing.com\/fr\/2011\/10\/12\/le-paradoxe-facebook-etre-visible-et-rester-cache\/#primaryimage"},"thumbnailUrl":"https:\/\/visionarymarketing.com\/wp-content\/uploads\/2010\/02\/facebook_logo1.png","articleSection":["m\u00e9dias \/ r\u00e9seaux sociaux"],"inLanguage":"fr-FR","potentialAction":[{"@type":"CommentAction","name":"Comment","target":["https:\/\/visionarymarketing.com\/fr\/2011\/10\/12\/le-paradoxe-facebook-etre-visible-et-rester-cache\/#respond"]}]},{"@type":"WebPage","@id":"https:\/\/visionarymarketing.com\/fr\/2011\/10\/12\/le-paradoxe-facebook-etre-visible-et-rester-cache\/","url":"https:\/\/visionarymarketing.com\/fr\/2011\/10\/12\/le-paradoxe-facebook-etre-visible-et-rester-cache\/","name":"le paradoxe facebook : \u00eatre visible et rester cach\u00e9 !","isPartOf":{"@id":"https:\/\/visionarymarketing.com\/fr\/#website"},"primaryImageOfPage":{"@id":"https:\/\/visionarymarketing.com\/fr\/2011\/10\/12\/le-paradoxe-facebook-etre-visible-et-rester-cache\/#primaryimage"},"image":{"@id":"https:\/\/visionarymarketing.com\/fr\/2011\/10\/12\/le-paradoxe-facebook-etre-visible-et-rester-cache\/#primaryimage"},"thumbnailUrl":"https:\/\/visionarymarketing.com\/wp-content\/uploads\/2010\/02\/facebook_logo1.png","datePublished":"2011-10-12T12:00:39+00:00","dateModified":"2021-03-06T08:13:15+00:00","author":{"@id":"https:\/\/visionarymarketing.com\/fr\/#\/schema\/person\/3754fee1e558f47b8deb46f53c37423e"},"description":"Le paradoxe Facebook : de septembre 2009 \u00e0 juin 2011 la part des internautes sur les r\u00e9seaux sociaux, a cru de 85,7%","breadcrumb":{"@id":"https:\/\/visionarymarketing.com\/fr\/2011\/10\/12\/le-paradoxe-facebook-etre-visible-et-rester-cache\/#breadcrumb"},"inLanguage":"fr-FR","potentialAction":[{"@type":"ReadAction","target":["https:\/\/visionarymarketing.com\/fr\/2011\/10\/12\/le-paradoxe-facebook-etre-visible-et-rester-cache\/"]}]},{"@type":"ImageObject","inLanguage":"fr-FR","@id":"https:\/\/visionarymarketing.com\/fr\/2011\/10\/12\/le-paradoxe-facebook-etre-visible-et-rester-cache\/#primaryimage","url":"https:\/\/visionarymarketing.com\/wp-content\/uploads\/2010\/02\/facebook_logo1.png","contentUrl":"https:\/\/visionarymarketing.com\/wp-content\/uploads\/2010\/02\/facebook_logo1.png","width":311,"height":311},{"@type":"BreadcrumbList","@id":"https:\/\/visionarymarketing.com\/fr\/2011\/10\/12\/le-paradoxe-facebook-etre-visible-et-rester-cache\/#breadcrumb","itemListElement":[{"@type":"ListItem","position":1,"name":"Home","item":"https:\/\/visionarymarketing.com\/fr\/"},{"@type":"ListItem","position":2,"name":"le paradoxe facebook : \u00eatre visible et rester cach\u00e9 !"}]},{"@type":"WebSite","@id":"https:\/\/visionarymarketing.com\/fr\/#website","url":"https:\/\/visionarymarketing.com\/fr\/","name":"Marketing and Innovation","description":"Site d&#039;infos ind\u00e9pendant, depuis 1996","potentialAction":[{"@type":"SearchAction","target":{"@type":"EntryPoint","urlTemplate":"https:\/\/visionarymarketing.com\/fr\/?s={search_term_string}"},"query-input":{"@type":"PropertyValueSpecification","valueRequired":true,"valueName":"search_term_string"}}],"inLanguage":"fr-FR"},{"@type":"Person","@id":"https:\/\/visionarymarketing.com\/fr\/#\/schema\/person\/3754fee1e558f47b8deb46f53c37423e","name":"Yann Gourvennec","image":{"@type":"ImageObject","inLanguage":"fr-FR","@id":"https:\/\/secure.gravatar.com\/avatar\/5972001801e8de5692a3e31224e85769f50a55fb8b679749f9c8d1868cceff14?s=96&d=initials&r=g&initials=yg","url":"https:\/\/secure.gravatar.com\/avatar\/5972001801e8de5692a3e31224e85769f50a55fb8b679749f9c8d1868cceff14?s=96&d=initials&r=g&initials=yg","contentUrl":"https:\/\/secure.gravatar.com\/avatar\/5972001801e8de5692a3e31224e85769f50a55fb8b679749f9c8d1868cceff14?s=96&d=initials&r=g&initials=yg","caption":"Yann Gourvennec"},"description":"Yann Gourvennec created visionarymarketing.com in 1996. He is a speaker and author of many books. In 2014 he went from intrapreneur to entrepreneur, when he created his digital marketing agency. Yann Gourvennec a cr\u00e9\u00e9 visionarymarketing.com en 1996. Il est conf\u00e9rencier et auteur de plusieurs livres. En 2014, il est pass\u00e9 d'intrapreneur \u00e0 entrepreneur en cr\u00e9ant son agence de marketing num\u00e9rique.","sameAs":["https:\/\/visionarymarketing.com","http:\/\/facebook.com\/ygourven","http:\/\/linkedin.com\/in\/ygourven","https:\/\/x.com\/ygourven","https:\/\/www.youtube.com\/c\/visionarymarketingagency"],"url":"https:\/\/visionarymarketing.com\/fr\/author\/yann-gourvennec\/"}]}},"_links":{"self":[{"href":"https:\/\/visionarymarketing.com\/fr\/wp-json\/wp\/v2\/posts\/4902","targetHints":{"allow":["GET"]}}],"collection":[{"href":"https:\/\/visionarymarketing.com\/fr\/wp-json\/wp\/v2\/posts"}],"about":[{"href":"https:\/\/visionarymarketing.com\/fr\/wp-json\/wp\/v2\/types\/post"}],"author":[{"embeddable":true,"href":"https:\/\/visionarymarketing.com\/fr\/wp-json\/wp\/v2\/users\/2"}],"replies":[{"embeddable":true,"href":"https:\/\/visionarymarketing.com\/fr\/wp-json\/wp\/v2\/comments?post=4902"}],"version-history":[{"count":0,"href":"https:\/\/visionarymarketing.com\/fr\/wp-json\/wp\/v2\/posts\/4902\/revisions"}],"wp:featuredmedia":[{"embeddable":true,"href":"https:\/\/visionarymarketing.com\/fr\/wp-json\/wp\/v2\/media\/2317"}],"wp:attachment":[{"href":"https:\/\/visionarymarketing.com\/fr\/wp-json\/wp\/v2\/media?parent=4902"}],"wp:term":[{"taxonomy":"category","embeddable":true,"href":"https:\/\/visionarymarketing.com\/fr\/wp-json\/wp\/v2\/categories?post=4902"},{"taxonomy":"post_tag","embeddable":true,"href":"https:\/\/visionarymarketing.com\/fr\/wp-json\/wp\/v2\/tags?post=4902"}],"curies":[{"name":"wp","href":"https:\/\/api.w.org\/{rel}","templated":true}]}}