{"id":4748,"date":"2011-10-03T07:15:00","date_gmt":"2011-10-03T05:15:00","guid":{"rendered":"https:\/\/visionary.wordpress.com\/?p=4748"},"modified":"2024-06-21T11:16:11","modified_gmt":"2024-06-21T09:16:11","slug":"e-loue-com-le-priceminister-de-la-location-en-ligne","status":"publish","type":"post","link":"https:\/\/visionarymarketing.com\/fr\/2011\/10\/03\/e-loue-com-le-priceminister-de-la-location-en-ligne\/","title":{"rendered":"e-loue.com, le Priceminister de la location en ligne"},"content":{"rendered":"<p><em><span style=\"color: #4f81bd;\">Le 22 septembre, je recevai <\/span><\/em><span class=\"removed_link\" title=\"http:\/\/www.linkedin.com\/pub\/alexandre-woog\/11\/916\/79b\"><em><span style=\"color: #4f81bd;\">Alexandre Woog<\/span><\/em><\/span><em><span style=\"color: #4f81bd;\"> \u2013 d\u00e9couvert par hasard au d\u00e9tour de LinkedIn \u2013 le jeune et dynamique patron de la soci\u00e9t\u00e9 <\/span><\/em><span class=\"removed_link\" title=\"http:\/\/e-loue.com\"><em><span style=\"color: #4f81bd;\">e-loue.com<\/span><\/em><\/span><em><span style=\"color: #4f81bd;\">. E-loue, c&rsquo;est un peu le priceminister de la location. Ce site prometteur est d\u00e9j\u00e0 une r\u00e9ussite sur un march\u00e9 en plein essor et que peu d&rsquo;acteurs traditionnels ont investi, y compris les poids lourds du secteur. C&rsquo;est le cas notamment de <\/span><\/em><a href=\"https:\/\/www.kiloutou.fr\/\" target=\"_blank\" rel=\"noopener noreferrer\"><em><span style=\"color: #4f81bd;\">Kiloutou<\/span><\/em><\/a><em><span style=\"color: #4f81bd;\"> par exemple qui ne s&rsquo;est lanc\u00e9 que le jour de l&rsquo;enregistrement de cette vid\u00e9o ! Et encore, ils ne permettent, selon Alexandre, que de \u00ab r\u00e9server leurs produits en ligne \u00bb ;\u00a0<\/span><\/em><a href=\"http:\/\/www.loxam.fr\/location\/\" target=\"_blank\" rel=\"noopener noreferrer\"><em><span style=\"color: #4f81bd;\">Loxam<\/span><\/em><\/a><em><span style=\"color: #4f81bd;\"> serait quant \u00e0 lui moins avanc\u00e9. E-loue travaille avec beaucoup de professionnels et profite de cette explosion actuelle du e-commerce. Zoom sur une future star du e-commerce fran\u00e7ais et peut \u00eatre m\u00eame europ\u00e9en.<\/span><\/em><\/p>\n<h2>e-loue.com, le Priceminister de la location en ligne<\/h2>\n<p><img decoding=\"async\" class=\"aligncenter wp-image-10391 size-full\" src=\"https:\/\/visionarymarketing.com\/wp-content\/uploads\/2011\/10\/dsc_4187_thumb1.jpg\" alt=\"e-loue\" width=\"644\" height=\"456\" srcset=\"https:\/\/visionarymarketing.com\/wp-content\/uploads\/2011\/10\/dsc_4187_thumb1.jpg 644w, https:\/\/visionarymarketing.com\/wp-content\/uploads\/2011\/10\/dsc_4187_thumb1-424x300.jpg 424w, https:\/\/visionarymarketing.com\/wp-content\/uploads\/2011\/10\/dsc_4187_thumb1-300x212.jpg 300w\" sizes=\"(max-width: 644px) 100vw, 644px\" \/><\/p>\n<p><!--more--><\/p>\n<h3><strong>la location garantie avec e-loue<\/strong><\/h3>\n<p>L\u2019avantage concurrentiel de E-loue ? Le d\u00e9veloppement d&rsquo;une plate-forme technologique qui leur permet la r\u00e9servation et le paiement en ligne (avec <a href=\"http:\/\/paypal.com\" target=\"_blank\" rel=\"noopener noreferrer\">Paypal<\/a>), soit mieux que ce que font \u2013 on ne font pas \u2013 les acteurs traditionnels du secteur. Ce qui fait aussi et surtout le point fort du site, c&rsquo;est que quand on a envie d&rsquo;une location, d\u00e8s le premier jour, le d\u00e9biteur est d\u00e9bit\u00e9. La soci\u00e9t\u00e9 joue ainsi le r\u00f4le de tiers payant certificateur, et le dernier jour de la location, e-loue paie enfin le loueur, moins les 15 % de sa location (depuis 2011). L\u2019annonce elle, reste gratuite. On peut donc dire que c&rsquo;est une sorte de <a href=\"https:\/\/fr.shopping.rakuten.com\" target=\"_blank\" rel=\"noopener noreferrer\">Priceminister<\/a> de la location, qui assure une location garantie.<\/p>\n<p>Les loueurs sont \u00e0 la fois des pros, mais aussi de simples quidams qui travaillent selon un contrat de location pr\u00e9 rempli avec les coordonn\u00e9es \u00e0 la fois du loueur et du locataire, issues du formulaire d\u2019inscription. La location est aussi assortie d\u2019une assurance, qui permet de garantir l&rsquo;int\u00e9grit\u00e9 de l&rsquo;objet lou\u00e9. Quand il s&rsquo;agit d&rsquo;une voiture, car e-loue permet aussi de louer sa voiture, c&rsquo;est la soci\u00e9t\u00e9 <a href=\"https:\/\/www.mma.fr\" target=\"_blank\" rel=\"noopener noreferrer\">MMA<\/a> qui remplit son r\u00f4le d&rsquo;assureur. E-loue est donc, pour les loueurs individuels, un bon moyen de rentabiliser ses achats, pourvu qu\u2019on soit un peu pr\u00eateur, et pour les professionnels, le site agit comme une place de march\u00e9.<\/p>\n<figure id=\"attachment_4746\" aria-describedby=\"caption-attachment-4746\" style=\"width: 1024px\" class=\"wp-caption aligncenter\"><img decoding=\"async\" class=\"wp-image-4746 size-full\" src=\"https:\/\/visionarymarketing.com\/wp-content\/uploads\/2011\/10\/dsc_3646-028-jpeg.jpg\" alt=\"e-loue permet aussi la location de voitures \u2026 et de limousines\u00a0\" width=\"1024\" height=\"658\" srcset=\"https:\/\/visionarymarketing.com\/wp-content\/uploads\/2011\/10\/dsc_3646-028-jpeg.jpg 1024w, https:\/\/visionarymarketing.com\/wp-content\/uploads\/2011\/10\/dsc_3646-028-jpeg-467x300.jpg 467w, https:\/\/visionarymarketing.com\/wp-content\/uploads\/2011\/10\/dsc_3646-028-jpeg-768x494.jpg 768w, https:\/\/visionarymarketing.com\/wp-content\/uploads\/2011\/10\/dsc_3646-028-jpeg-300x192.jpg 300w, https:\/\/visionarymarketing.com\/wp-content\/uploads\/2011\/10\/dsc_3646-028-jpeg-466x300.jpg 466w\" sizes=\"(max-width: 1024px) 100vw, 1024px\" \/><figcaption id=\"caption-attachment-4746\" class=\"wp-caption-text\">e-loue permet aussi la location de voitures \u2026 et de limousines\u00a0<\/figcaption><\/figure>\n<p><strong>assurance et pr\u00e9vention des fraudes<\/strong><\/p>\n<p>Dans le cadre d\u2019une location de voitures par exemple, peut-il y avoir des arnaques \u00e0 l&rsquo;assurance ? Par exemple, un loueur et un locataire pourraient-ils s&rsquo;entendre pour faire dispara\u00eetre un v\u00e9hicule afin de toucher la prime ? Selon Alexandre, \u00ab ceci existe mais il existe une surveillance statistique qui permet d&rsquo;\u00e9viter les fraudes \u00bb. Le but du site est d&rsquo;assurer la qualit\u00e9 du service aux loueurs et aux locataires dans toutes les annonces.<\/p>\n<p><strong>tout se loue : m\u00eame les ch\u00e8vres !<\/strong><\/p>\n<p>Et le plus dr\u00f4le c&rsquo;est que tout se loue, pas seulement des voitures. Il y a un an, e-loue a lanc\u00e9 une op\u00e9ration pour louer des ch\u00e8vres pour tondre son jardin ! \u00ab C&rsquo;est venu un peu par hasard \u00bb ajoute Alexandre Woog, parce que quelqu&rsquo;un avait mis une ch\u00e8vre sur le site et que cela avait amus\u00e9 le webmaster. Mais il y a encore plus gonfl\u00e9 avec un coup de buzz plus r\u00e9cent, et aussi un peu plus douteux, o\u00f9 e-loue a permis de \u00ab louer une petite amie \u00bb avec un site provoque \u00e9ponyme <a href=\"https:\/\/web.archive.org\/web\/20200225180948\/http:\/\/loueunepetiteamie.com\/\">loueunepetiteamie.com<\/a>. Les mauvaises langues diront que la premi\u00e8re op\u00e9ration ciblait les l\u00e9gionnaires sans doute \u2026<\/p>\n<p>L\u2019avantage au premier innovateur aurait permis, selon son cr\u00e9ateur, \u00e0 e-loue de devenir leader en e-location en France, m\u00eame s\u2019il n\u2019est pas seul sur le territoire fran\u00e7ais, avec <a href=\"https:\/\/web.archive.org\/web\/20080704054534\/http:\/\/www.zilok.com\/\">zilok.com<\/a>\u00a0(ndlr : je n&rsquo;ai pu v\u00e9rifier cette information, mais nul doute que les repr\u00e9sentants de Zilok sauront se manifester). Le march\u00e9 bouge beaucoup aux \u00c9tats-Unis (<a href=\"https:\/\/web.archive.org\/web\/20190219113437\/http:\/\/www.irent2u.com:80\/\">iRent2u<\/a>, rentacenter.com) mais quand on regarde en Europe, l&rsquo;occupation du terrain est assez l\u00e9g\u00e8re ; au-del\u00e0, il y a la Nouvelle Z\u00e9lande, mais \u00e0 part les ballons de rugby et les moutons \u2026 Si l&rsquo;on omet <a href=\"http:\/\/www.erento.com\/\">erento<\/a> en Allemagne (qui sont plus sur une cible B2B) il n&rsquo;y a pas grand-chose sur le march\u00e9 europ\u00e9en, et voici donc une r\u00e9elle opportunit\u00e9 de croissance pour la jeune soci\u00e9t\u00e9 fran\u00e7aise.<\/p>\n<p>Un peu comme Priceminister, les m\u00e9dias sociaux ne sont pas favoris\u00e9s pour la communication ; le site, communautaire par nature, pr\u00e9f\u00e9rant sa messagerie interne pour v\u00e9hiculer les messages entre membres.<\/p>\n<p>La soci\u00e9t\u00e9 semble avoir de beaux jours devant elle. \u00ab <span class=\"removed_link\" title=\"http:\/\/fr.locita.com\/business\/start-ups\/e-loue-le-site-leader-de-la-location-entre-particuliers\/\">La consommation devient collaborative<\/span> \u00bb ajoute Alexandre Woog, il y a beaucoup de lancements dans ce domaine. \u00ab Mais e-loue est un pionnier, et avec la crise qui monte, le site pr\u00e9sente une bonne solution pour mettre en relation, faire des \u00e9conomies et d\u00e9gager du pouvoir d&rsquo;achat pour les consommateurs \u00bb conclut Alexandre. E-loue ne devrait-il pas \u00eatre dans le programme de nos futurs candidats \u00e0 la pr\u00e9sidentielle de 2012 ?<\/p>\n<p><strong>un peu de calcul &#8230; et encore un petit d\u00e9fi<\/strong><\/p>\n<p>Avec un chiffre d&rsquo;affaires de \u20ac500 000 alors que 2011 est sa premi\u00e8re ann\u00e9e payante, e-loue va r\u00e9aliser l\u2019essentiel de son chiffre d&rsquo;affaires sur les 15 % pris sur les annonces qui elles, restent gratuites.<\/p>\n<p>C\u2019est une petit start-up qui emploie d\u00e9j\u00e0 11 personnes, et le chiffre d&rsquo;affaires, un peu court pour essayer de faire vivre tant de monde, a d\u00fb \u00eatre compl\u00e9t\u00e9 par une lev\u00e9e de fonds de \u20ac500 000. Mais les pr\u00e9visions sont prometteuses pour l&rsquo;ann\u00e9e qui vient, avec plusieurs millions de chiffres d&rsquo;affaires selon Alexandre Woog ; la progression du chiffre \u00e9tant en ce moment \u00e9tant de plus de 30 % par mois. Si ces chiffres se maintiennent, la croissance devrait \u00eatre au rendez-vous<\/p>\n<p>Note : un bref calcul sur la base de 40k\u20ac de CA par mois avec 30% de croissance de mois en mois nous am\u00e8ne \u00e0 3 millions d\u2019euros exactement ; ceci avec une croissance hypoth\u00e9tique lin\u00e9aire.<\/p>\n<p>E-loue a r\u00e9solu avec vista un des probl\u00e8mes majeurs li\u00e9s aux sites de location en ligne : la confiance (<a href=\"https:\/\/bits.blogs.nytimes.com\/2008\/02\/11\/rent-anything-from-the-family-down-the-street\/\">voir cet article du New York Times<\/a>). <strong>Reste l\u2019autre probl\u00e8me r\u00e9current des sites de location en ligne : la masse critique<\/strong>. Le temps nous dira si e-loue arrivera \u00e0 le surmonter aussi.<\/p>\n<p><iframe title=\"[Fr] Alexandre Woog : 3 minutes pour e-loue.com\" width=\"500\" height=\"281\" src=\"https:\/\/www.youtube.com\/embed\/390LxW3ULto?feature=oembed\" frameborder=\"0\" allow=\"accelerometer; autoplay; clipboard-write; encrypted-media; gyroscope; picture-in-picture; web-share\" referrerpolicy=\"strict-origin-when-cross-origin\" allowfullscreen><\/iframe><\/p>\n<p>&nbsp;<\/p>\n","protected":false},"excerpt":{"rendered":"<p>Le 22 septembre, je recevai Alexandre Woog \u2013 d\u00e9couvert par hasard au d\u00e9tour de LinkedIn \u2013 le jeune et dynamique patron de la soci\u00e9t\u00e9 e-loue.com. E-loue, c&rsquo;est un peu le priceminister de la location. Ce site prometteur est d\u00e9j\u00e0 une r\u00e9ussite sur un march\u00e9 en plein essor et que peu d&rsquo;acteurs traditionnels ont investi, y &hellip;<\/p>\n","protected":false},"author":2,"featured_media":10391,"comment_status":"open","ping_status":"open","sticky":false,"template":"","format":"standard","meta":{"footnotes":""},"categories":[121],"tags":[],"class_list":["post-4748","post","type-post","status-publish","format-standard","has-post-thumbnail","hentry","category-e-business"],"yoast_head":"<!-- This site is optimized with the Yoast SEO plugin v27.5 - https:\/\/yoast.com\/product\/yoast-seo-wordpress\/ -->\n<title>e-loue.com, le Priceminister de la location en ligne<\/title>\n<meta name=\"description\" content=\"Le 22 septembre, je recevai Alexandre Woog \u2013 d\u00e9couvert par hasard au d\u00e9tour de LinkedIn \u2013 le jeune et dynamique patron de la soci\u00e9t\u00e9 e-loue.com. E-loue,\" \/>\n<meta name=\"robots\" content=\"index, follow, max-snippet:-1, max-image-preview:large, max-video-preview:-1\" \/>\n<link rel=\"canonical\" href=\"https:\/\/visionarymarketing.com\/fr\/2011\/10\/03\/e-loue-com-le-priceminister-de-la-location-en-ligne\/\" \/>\n<meta property=\"og:locale\" content=\"fr_FR\" \/>\n<meta property=\"og:type\" content=\"article\" \/>\n<meta property=\"og:title\" content=\"e-loue.com, le Priceminister de la location en ligne\" \/>\n<meta property=\"og:description\" content=\"Le 22 septembre, je recevai Alexandre Woog \u2013 d\u00e9couvert par hasard au d\u00e9tour de LinkedIn \u2013 le jeune et dynamique patron de la soci\u00e9t\u00e9 e-loue.com. E-loue,\" \/>\n<meta property=\"og:url\" content=\"https:\/\/visionarymarketing.com\/fr\/2011\/10\/03\/e-loue-com-le-priceminister-de-la-location-en-ligne\/\" \/>\n<meta property=\"og:site_name\" content=\"Marketing and Innovation\" \/>\n<meta property=\"article:publisher\" content=\"https:\/\/www.facebook.com\/vismktg\" \/>\n<meta property=\"article:author\" content=\"http:\/\/facebook.com\/ygourven\" \/>\n<meta property=\"article:published_time\" content=\"2011-10-03T05:15:00+00:00\" \/>\n<meta property=\"article:modified_time\" content=\"2024-06-21T09:16:11+00:00\" \/>\n<meta property=\"og:image\" content=\"https:\/\/visionarymarketing.com\/wp-content\/uploads\/2011\/10\/dsc_4187_thumb1.jpg\" \/>\n\t<meta property=\"og:image:width\" content=\"644\" \/>\n\t<meta property=\"og:image:height\" content=\"456\" \/>\n\t<meta property=\"og:image:type\" content=\"image\/jpeg\" \/>\n<meta name=\"author\" content=\"Yann Gourvennec\" \/>\n<meta name=\"twitter:card\" content=\"summary_large_image\" \/>\n<meta name=\"twitter:creator\" content=\"@ygourven\" \/>\n<meta name=\"twitter:site\" content=\"@ygourven\" \/>\n<meta name=\"twitter:label1\" content=\"\u00c9crit par\" \/>\n\t<meta name=\"twitter:data1\" content=\"Yann Gourvennec\" \/>\n\t<meta name=\"twitter:label2\" content=\"Dur\u00e9e de lecture estim\u00e9e\" \/>\n\t<meta name=\"twitter:data2\" content=\"5 minutes\" \/>\n<script type=\"application\/ld+json\" class=\"yoast-schema-graph\">{\"@context\":\"https:\\\/\\\/schema.org\",\"@graph\":[{\"@type\":\"NewsArticle\",\"@id\":\"https:\\\/\\\/visionarymarketing.com\\\/fr\\\/2011\\\/10\\\/03\\\/e-loue-com-le-priceminister-de-la-location-en-ligne\\\/#article\",\"isPartOf\":{\"@id\":\"https:\\\/\\\/visionarymarketing.com\\\/fr\\\/2011\\\/10\\\/03\\\/e-loue-com-le-priceminister-de-la-location-en-ligne\\\/\"},\"author\":{\"name\":\"Yann Gourvennec\",\"@id\":\"https:\\\/\\\/visionarymarketing.com\\\/fr\\\/#\\\/schema\\\/person\\\/3754fee1e558f47b8deb46f53c37423e\"},\"headline\":\"e-loue.com, le Priceminister de la location en ligne\",\"datePublished\":\"2011-10-03T05:15:00+00:00\",\"dateModified\":\"2024-06-21T09:16:11+00:00\",\"mainEntityOfPage\":{\"@id\":\"https:\\\/\\\/visionarymarketing.com\\\/fr\\\/2011\\\/10\\\/03\\\/e-loue-com-le-priceminister-de-la-location-en-ligne\\\/\"},\"wordCount\":1113,\"commentCount\":2,\"image\":{\"@id\":\"https:\\\/\\\/visionarymarketing.com\\\/fr\\\/2011\\\/10\\\/03\\\/e-loue-com-le-priceminister-de-la-location-en-ligne\\\/#primaryimage\"},\"thumbnailUrl\":\"https:\\\/\\\/visionarymarketing.com\\\/wp-content\\\/uploads\\\/2011\\\/10\\\/dsc_4187_thumb1.jpg\",\"articleSection\":[\"e-business \\\/ e-commerce\"],\"inLanguage\":\"fr-FR\",\"potentialAction\":[{\"@type\":\"CommentAction\",\"name\":\"Comment\",\"target\":[\"https:\\\/\\\/visionarymarketing.com\\\/fr\\\/2011\\\/10\\\/03\\\/e-loue-com-le-priceminister-de-la-location-en-ligne\\\/#respond\"]}]},{\"@type\":\"WebPage\",\"@id\":\"https:\\\/\\\/visionarymarketing.com\\\/fr\\\/2011\\\/10\\\/03\\\/e-loue-com-le-priceminister-de-la-location-en-ligne\\\/\",\"url\":\"https:\\\/\\\/visionarymarketing.com\\\/fr\\\/2011\\\/10\\\/03\\\/e-loue-com-le-priceminister-de-la-location-en-ligne\\\/\",\"name\":\"e-loue.com, le Priceminister de la location en ligne\",\"isPartOf\":{\"@id\":\"https:\\\/\\\/visionarymarketing.com\\\/fr\\\/#website\"},\"primaryImageOfPage\":{\"@id\":\"https:\\\/\\\/visionarymarketing.com\\\/fr\\\/2011\\\/10\\\/03\\\/e-loue-com-le-priceminister-de-la-location-en-ligne\\\/#primaryimage\"},\"image\":{\"@id\":\"https:\\\/\\\/visionarymarketing.com\\\/fr\\\/2011\\\/10\\\/03\\\/e-loue-com-le-priceminister-de-la-location-en-ligne\\\/#primaryimage\"},\"thumbnailUrl\":\"https:\\\/\\\/visionarymarketing.com\\\/wp-content\\\/uploads\\\/2011\\\/10\\\/dsc_4187_thumb1.jpg\",\"datePublished\":\"2011-10-03T05:15:00+00:00\",\"dateModified\":\"2024-06-21T09:16:11+00:00\",\"author\":{\"@id\":\"https:\\\/\\\/visionarymarketing.com\\\/fr\\\/#\\\/schema\\\/person\\\/3754fee1e558f47b8deb46f53c37423e\"},\"description\":\"Le 22 septembre, je recevai Alexandre Woog \u2013 d\u00e9couvert par hasard au d\u00e9tour de LinkedIn \u2013 le jeune et dynamique patron de la soci\u00e9t\u00e9 e-loue.com. E-loue,\",\"breadcrumb\":{\"@id\":\"https:\\\/\\\/visionarymarketing.com\\\/fr\\\/2011\\\/10\\\/03\\\/e-loue-com-le-priceminister-de-la-location-en-ligne\\\/#breadcrumb\"},\"inLanguage\":\"fr-FR\",\"potentialAction\":[{\"@type\":\"ReadAction\",\"target\":[\"https:\\\/\\\/visionarymarketing.com\\\/fr\\\/2011\\\/10\\\/03\\\/e-loue-com-le-priceminister-de-la-location-en-ligne\\\/\"]}]},{\"@type\":\"ImageObject\",\"inLanguage\":\"fr-FR\",\"@id\":\"https:\\\/\\\/visionarymarketing.com\\\/fr\\\/2011\\\/10\\\/03\\\/e-loue-com-le-priceminister-de-la-location-en-ligne\\\/#primaryimage\",\"url\":\"https:\\\/\\\/visionarymarketing.com\\\/wp-content\\\/uploads\\\/2011\\\/10\\\/dsc_4187_thumb1.jpg\",\"contentUrl\":\"https:\\\/\\\/visionarymarketing.com\\\/wp-content\\\/uploads\\\/2011\\\/10\\\/dsc_4187_thumb1.jpg\",\"width\":644,\"height\":456},{\"@type\":\"BreadcrumbList\",\"@id\":\"https:\\\/\\\/visionarymarketing.com\\\/fr\\\/2011\\\/10\\\/03\\\/e-loue-com-le-priceminister-de-la-location-en-ligne\\\/#breadcrumb\",\"itemListElement\":[{\"@type\":\"ListItem\",\"position\":1,\"name\":\"Home\",\"item\":\"https:\\\/\\\/visionarymarketing.com\\\/fr\\\/\"},{\"@type\":\"ListItem\",\"position\":2,\"name\":\"e-loue.com, le Priceminister de la location en ligne\"}]},{\"@type\":\"WebSite\",\"@id\":\"https:\\\/\\\/visionarymarketing.com\\\/fr\\\/#website\",\"url\":\"https:\\\/\\\/visionarymarketing.com\\\/fr\\\/\",\"name\":\"Marketing and Innovation\",\"description\":\"Site d&#039;infos ind\u00e9pendant, depuis 1996\",\"potentialAction\":[{\"@type\":\"SearchAction\",\"target\":{\"@type\":\"EntryPoint\",\"urlTemplate\":\"https:\\\/\\\/visionarymarketing.com\\\/fr\\\/?s={search_term_string}\"},\"query-input\":{\"@type\":\"PropertyValueSpecification\",\"valueRequired\":true,\"valueName\":\"search_term_string\"}}],\"inLanguage\":\"fr-FR\"},{\"@type\":\"Person\",\"@id\":\"https:\\\/\\\/visionarymarketing.com\\\/fr\\\/#\\\/schema\\\/person\\\/3754fee1e558f47b8deb46f53c37423e\",\"name\":\"Yann Gourvennec\",\"image\":{\"@type\":\"ImageObject\",\"inLanguage\":\"fr-FR\",\"@id\":\"https:\\\/\\\/secure.gravatar.com\\\/avatar\\\/5972001801e8de5692a3e31224e85769f50a55fb8b679749f9c8d1868cceff14?s=96&d=initials&r=g&initials=yg\",\"url\":\"https:\\\/\\\/secure.gravatar.com\\\/avatar\\\/5972001801e8de5692a3e31224e85769f50a55fb8b679749f9c8d1868cceff14?s=96&d=initials&r=g&initials=yg\",\"contentUrl\":\"https:\\\/\\\/secure.gravatar.com\\\/avatar\\\/5972001801e8de5692a3e31224e85769f50a55fb8b679749f9c8d1868cceff14?s=96&d=initials&r=g&initials=yg\",\"caption\":\"Yann Gourvennec\"},\"description\":\"Yann Gourvennec created visionarymarketing.com in 1996. He is a speaker and author of many books. In 2014 he went from intrapreneur to entrepreneur, when he created his digital marketing agency. Yann Gourvennec a cr\u00e9\u00e9 visionarymarketing.com en 1996. Il est conf\u00e9rencier et auteur de plusieurs livres. En 2014, il est pass\u00e9 d'intrapreneur \u00e0 entrepreneur en cr\u00e9ant son agence de marketing num\u00e9rique.\",\"sameAs\":[\"https:\\\/\\\/visionarymarketing.com\",\"http:\\\/\\\/facebook.com\\\/ygourven\",\"http:\\\/\\\/linkedin.com\\\/in\\\/ygourven\",\"https:\\\/\\\/x.com\\\/ygourven\",\"https:\\\/\\\/www.youtube.com\\\/c\\\/visionarymarketingagency\"],\"url\":\"https:\\\/\\\/visionarymarketing.com\\\/fr\\\/author\\\/yann-gourvennec\\\/\"}]}<\/script>\n<!-- \/ Yoast SEO plugin. -->","yoast_head_json":{"title":"e-loue.com, le Priceminister de la location en ligne","description":"Le 22 septembre, je recevai Alexandre Woog \u2013 d\u00e9couvert par hasard au d\u00e9tour de LinkedIn \u2013 le jeune et dynamique patron de la soci\u00e9t\u00e9 e-loue.com. E-loue,","robots":{"index":"index","follow":"follow","max-snippet":"max-snippet:-1","max-image-preview":"max-image-preview:large","max-video-preview":"max-video-preview:-1"},"canonical":"https:\/\/visionarymarketing.com\/fr\/2011\/10\/03\/e-loue-com-le-priceminister-de-la-location-en-ligne\/","og_locale":"fr_FR","og_type":"article","og_title":"e-loue.com, le Priceminister de la location en ligne","og_description":"Le 22 septembre, je recevai Alexandre Woog \u2013 d\u00e9couvert par hasard au d\u00e9tour de LinkedIn \u2013 le jeune et dynamique patron de la soci\u00e9t\u00e9 e-loue.com. E-loue,","og_url":"https:\/\/visionarymarketing.com\/fr\/2011\/10\/03\/e-loue-com-le-priceminister-de-la-location-en-ligne\/","og_site_name":"Marketing and Innovation","article_publisher":"https:\/\/www.facebook.com\/vismktg","article_author":"http:\/\/facebook.com\/ygourven","article_published_time":"2011-10-03T05:15:00+00:00","article_modified_time":"2024-06-21T09:16:11+00:00","og_image":[{"width":644,"height":456,"url":"https:\/\/visionarymarketing.com\/wp-content\/uploads\/2011\/10\/dsc_4187_thumb1.jpg","type":"image\/jpeg"}],"author":"Yann Gourvennec","twitter_card":"summary_large_image","twitter_creator":"@ygourven","twitter_site":"@ygourven","twitter_misc":{"\u00c9crit par":"Yann Gourvennec","Dur\u00e9e de lecture estim\u00e9e":"5 minutes"},"schema":{"@context":"https:\/\/schema.org","@graph":[{"@type":"NewsArticle","@id":"https:\/\/visionarymarketing.com\/fr\/2011\/10\/03\/e-loue-com-le-priceminister-de-la-location-en-ligne\/#article","isPartOf":{"@id":"https:\/\/visionarymarketing.com\/fr\/2011\/10\/03\/e-loue-com-le-priceminister-de-la-location-en-ligne\/"},"author":{"name":"Yann Gourvennec","@id":"https:\/\/visionarymarketing.com\/fr\/#\/schema\/person\/3754fee1e558f47b8deb46f53c37423e"},"headline":"e-loue.com, le Priceminister de la location en ligne","datePublished":"2011-10-03T05:15:00+00:00","dateModified":"2024-06-21T09:16:11+00:00","mainEntityOfPage":{"@id":"https:\/\/visionarymarketing.com\/fr\/2011\/10\/03\/e-loue-com-le-priceminister-de-la-location-en-ligne\/"},"wordCount":1113,"commentCount":2,"image":{"@id":"https:\/\/visionarymarketing.com\/fr\/2011\/10\/03\/e-loue-com-le-priceminister-de-la-location-en-ligne\/#primaryimage"},"thumbnailUrl":"https:\/\/visionarymarketing.com\/wp-content\/uploads\/2011\/10\/dsc_4187_thumb1.jpg","articleSection":["e-business \/ e-commerce"],"inLanguage":"fr-FR","potentialAction":[{"@type":"CommentAction","name":"Comment","target":["https:\/\/visionarymarketing.com\/fr\/2011\/10\/03\/e-loue-com-le-priceminister-de-la-location-en-ligne\/#respond"]}]},{"@type":"WebPage","@id":"https:\/\/visionarymarketing.com\/fr\/2011\/10\/03\/e-loue-com-le-priceminister-de-la-location-en-ligne\/","url":"https:\/\/visionarymarketing.com\/fr\/2011\/10\/03\/e-loue-com-le-priceminister-de-la-location-en-ligne\/","name":"e-loue.com, le Priceminister de la location en ligne","isPartOf":{"@id":"https:\/\/visionarymarketing.com\/fr\/#website"},"primaryImageOfPage":{"@id":"https:\/\/visionarymarketing.com\/fr\/2011\/10\/03\/e-loue-com-le-priceminister-de-la-location-en-ligne\/#primaryimage"},"image":{"@id":"https:\/\/visionarymarketing.com\/fr\/2011\/10\/03\/e-loue-com-le-priceminister-de-la-location-en-ligne\/#primaryimage"},"thumbnailUrl":"https:\/\/visionarymarketing.com\/wp-content\/uploads\/2011\/10\/dsc_4187_thumb1.jpg","datePublished":"2011-10-03T05:15:00+00:00","dateModified":"2024-06-21T09:16:11+00:00","author":{"@id":"https:\/\/visionarymarketing.com\/fr\/#\/schema\/person\/3754fee1e558f47b8deb46f53c37423e"},"description":"Le 22 septembre, je recevai Alexandre Woog \u2013 d\u00e9couvert par hasard au d\u00e9tour de LinkedIn \u2013 le jeune et dynamique patron de la soci\u00e9t\u00e9 e-loue.com. E-loue,","breadcrumb":{"@id":"https:\/\/visionarymarketing.com\/fr\/2011\/10\/03\/e-loue-com-le-priceminister-de-la-location-en-ligne\/#breadcrumb"},"inLanguage":"fr-FR","potentialAction":[{"@type":"ReadAction","target":["https:\/\/visionarymarketing.com\/fr\/2011\/10\/03\/e-loue-com-le-priceminister-de-la-location-en-ligne\/"]}]},{"@type":"ImageObject","inLanguage":"fr-FR","@id":"https:\/\/visionarymarketing.com\/fr\/2011\/10\/03\/e-loue-com-le-priceminister-de-la-location-en-ligne\/#primaryimage","url":"https:\/\/visionarymarketing.com\/wp-content\/uploads\/2011\/10\/dsc_4187_thumb1.jpg","contentUrl":"https:\/\/visionarymarketing.com\/wp-content\/uploads\/2011\/10\/dsc_4187_thumb1.jpg","width":644,"height":456},{"@type":"BreadcrumbList","@id":"https:\/\/visionarymarketing.com\/fr\/2011\/10\/03\/e-loue-com-le-priceminister-de-la-location-en-ligne\/#breadcrumb","itemListElement":[{"@type":"ListItem","position":1,"name":"Home","item":"https:\/\/visionarymarketing.com\/fr\/"},{"@type":"ListItem","position":2,"name":"e-loue.com, le Priceminister de la location en ligne"}]},{"@type":"WebSite","@id":"https:\/\/visionarymarketing.com\/fr\/#website","url":"https:\/\/visionarymarketing.com\/fr\/","name":"Marketing and Innovation","description":"Site d&#039;infos ind\u00e9pendant, depuis 1996","potentialAction":[{"@type":"SearchAction","target":{"@type":"EntryPoint","urlTemplate":"https:\/\/visionarymarketing.com\/fr\/?s={search_term_string}"},"query-input":{"@type":"PropertyValueSpecification","valueRequired":true,"valueName":"search_term_string"}}],"inLanguage":"fr-FR"},{"@type":"Person","@id":"https:\/\/visionarymarketing.com\/fr\/#\/schema\/person\/3754fee1e558f47b8deb46f53c37423e","name":"Yann Gourvennec","image":{"@type":"ImageObject","inLanguage":"fr-FR","@id":"https:\/\/secure.gravatar.com\/avatar\/5972001801e8de5692a3e31224e85769f50a55fb8b679749f9c8d1868cceff14?s=96&d=initials&r=g&initials=yg","url":"https:\/\/secure.gravatar.com\/avatar\/5972001801e8de5692a3e31224e85769f50a55fb8b679749f9c8d1868cceff14?s=96&d=initials&r=g&initials=yg","contentUrl":"https:\/\/secure.gravatar.com\/avatar\/5972001801e8de5692a3e31224e85769f50a55fb8b679749f9c8d1868cceff14?s=96&d=initials&r=g&initials=yg","caption":"Yann Gourvennec"},"description":"Yann Gourvennec created visionarymarketing.com in 1996. He is a speaker and author of many books. In 2014 he went from intrapreneur to entrepreneur, when he created his digital marketing agency. Yann Gourvennec a cr\u00e9\u00e9 visionarymarketing.com en 1996. Il est conf\u00e9rencier et auteur de plusieurs livres. En 2014, il est pass\u00e9 d'intrapreneur \u00e0 entrepreneur en cr\u00e9ant son agence de marketing num\u00e9rique.","sameAs":["https:\/\/visionarymarketing.com","http:\/\/facebook.com\/ygourven","http:\/\/linkedin.com\/in\/ygourven","https:\/\/x.com\/ygourven","https:\/\/www.youtube.com\/c\/visionarymarketingagency"],"url":"https:\/\/visionarymarketing.com\/fr\/author\/yann-gourvennec\/"}]}},"_links":{"self":[{"href":"https:\/\/visionarymarketing.com\/fr\/wp-json\/wp\/v2\/posts\/4748","targetHints":{"allow":["GET"]}}],"collection":[{"href":"https:\/\/visionarymarketing.com\/fr\/wp-json\/wp\/v2\/posts"}],"about":[{"href":"https:\/\/visionarymarketing.com\/fr\/wp-json\/wp\/v2\/types\/post"}],"author":[{"embeddable":true,"href":"https:\/\/visionarymarketing.com\/fr\/wp-json\/wp\/v2\/users\/2"}],"replies":[{"embeddable":true,"href":"https:\/\/visionarymarketing.com\/fr\/wp-json\/wp\/v2\/comments?post=4748"}],"version-history":[{"count":0,"href":"https:\/\/visionarymarketing.com\/fr\/wp-json\/wp\/v2\/posts\/4748\/revisions"}],"wp:featuredmedia":[{"embeddable":true,"href":"https:\/\/visionarymarketing.com\/fr\/wp-json\/wp\/v2\/media\/10391"}],"wp:attachment":[{"href":"https:\/\/visionarymarketing.com\/fr\/wp-json\/wp\/v2\/media?parent=4748"}],"wp:term":[{"taxonomy":"category","embeddable":true,"href":"https:\/\/visionarymarketing.com\/fr\/wp-json\/wp\/v2\/categories?post=4748"},{"taxonomy":"post_tag","embeddable":true,"href":"https:\/\/visionarymarketing.com\/fr\/wp-json\/wp\/v2\/tags?post=4748"}],"curies":[{"name":"wp","href":"https:\/\/api.w.org\/{rel}","templated":true}]}}