{"id":47097,"date":"2020-03-04T08:30:54","date_gmt":"2020-03-04T07:30:54","guid":{"rendered":"https:\/\/visionarymarketing.com\/?p=47097"},"modified":"2024-03-14T15:06:22","modified_gmt":"2024-03-14T14:06:22","slug":"pionniers-du-web","status":"publish","type":"post","link":"https:\/\/visionarymarketing.com\/fr\/2020\/03\/04\/pionniers-du-web\/","title":{"rendered":"57 pionniers du Web social veulent r\u00e9enchanter Internet #ReEnchanterInternet"},"content":{"rendered":"<p><em>15 ans apr\u00e8s le Web 2.0 (dont l&rsquo;origine remonte \u00e0 <a href=\"https:\/\/visionarymarketing.com\/fr\/2008\/11\/web20-2\/\">un document de O&rsquo;Reilly de 2004<\/a>) un nouveau livre publi\u00e9 chez Kawa entend r\u00e9enchanter Internet.<\/em>Le Web social n&rsquo;est pas n\u00e9 d&rsquo;aujourd&rsquo;hui. Il a m\u00eame 15 ans ! Et encore un an de plus devrait-on dire, car il a fallu environ une ann\u00e9e pleine, aux 57 pionniers du Web social, qui sont cit\u00e9s ci-dessous et dont j&rsquo;ai l&rsquo;honneur de faire partie, pour \u00e9crire une somme du Web social d\u00e9crivant les \u00e9volutions de ces nouveaux m\u00e9dias qui ont pris aujourd&rsquo;hui une place si importante dans notre quotidien.<\/p>\n<h2>57 pionniers du web social font 7 propositions pour r\u00e9enchanter le Web<\/h2>\n<figure id=\"attachment_47100\" aria-describedby=\"caption-attachment-47100\" style=\"width: 520px\" class=\"wp-caption aligncenter\"><img decoding=\"async\" class=\"wp-image-47100 size-full\" src=\"https:\/\/visionarymarketing.com\/wp-content\/uploads\/2020\/04\/15answeb20.png\" alt=\"15 ans du web 2.0 - livre\" width=\"520\" height=\"340\" srcset=\"https:\/\/visionarymarketing.com\/wp-content\/uploads\/2020\/04\/15answeb20.png 520w, https:\/\/visionarymarketing.com\/wp-content\/uploads\/2020\/04\/15answeb20-459x300.png 459w\" sizes=\"(max-width: 520px) 100vw, 520px\" \/><figcaption id=\"caption-attachment-47100\" class=\"wp-caption-text\">57 pionniers du web social, 50 ans d&rsquo;Internet 30 ans du Web 15 ans du Web 2.0 \u00e7a m\u00e9ritait bien un livre !<\/figcaption><\/figure>\n<h3>1 an de travail pour 57 pionniers afin de r\u00e9enchanter le Web<\/h3>\n<p>Sous la direction de Fadhila Brahimi et de David Fayon, le travail a \u00e9t\u00e9 acharn\u00e9, non seulement pour rassembler les t\u00e9moignages de tous ces pionniers du web, mais surtout, c&rsquo;est l\u00e0 que le travail a \u00e9t\u00e9 tr\u00e8s important, pour assurer une coh\u00e9rence du tout et une tonalit\u00e9 de l&rsquo;ensemble qui reste positive.<\/p>\n<h3><!--more-->7 propositions pour r\u00e9enchanter le Web<\/h3>\n<p><img decoding=\"async\" class=\"alignright wp-image-47085 size-full\" src=\"https:\/\/visionarymarketing.com\/wp-content\/uploads\/2020\/03\/Image-Livre-15ansWeb20-plat-3D-scaled-e1583233477468.jpg\" alt=\"15 ans web 2.0 r\u00e9enchanter\" width=\"250\" height=\"268\" \/>Car il ne faut pas s&rsquo;en cacher, c&rsquo;est la chose qui m&rsquo;a frapp\u00e9 lorsque j&rsquo;ai particip\u00e9 cet ouvrage, et notamment \u00e0 la coordination de son chapitre 9 d\u00e9di\u00e9 aux marques, le d\u00e9senchantement de tous ces professionnels impliqu\u00e9s dans la promotion des m\u00e9dias sociaux d\u00e8s le d\u00e9but, \u00e9tait patent.<\/p>\n<p>Pour \u00e9viter un constat n\u00e9gatif, aussi peu engageant que st\u00e9rile, un travail de fond a \u00e9t\u00e9 r\u00e9alis\u00e9 par l&rsquo;\u00e9quipe pour faire des propositions concr\u00e8tes afin de r\u00e9enchanter le Web.Le mot peut para\u00eetre emphatique, mais il faut le lire comme une version miroir de ce d\u00e9senchantement que j&rsquo;ai d\u00e9crit plus haut.<\/p>\n<p>Il est important de ne pas rester sur cette note n\u00e9gative et d&rsquo;aller de l&rsquo;avant, car de grandes choses peuvent \u00eatre con\u00e7ues sur ces nouveaux m\u00e9dias qui, finalement, restent encore largement d\u00e9couvrir et dont la promesse initiale reste en grande partie \u00e0 r\u00e9aliser.<\/p>\n<p>Le livre a \u00e9galement la chance d&rsquo;\u00eatre pr\u00e9fac\u00e9 par Claudie Haigner\u00e9, ex ministre et pionni\u00e8re de l&rsquo;Espace.<\/p>\n<p>Dernier point et non des moindres, l&rsquo;int\u00e9gralit\u00e9 des droits des auteurs du livre seront \u00a0revers\u00e9s \u00e0 deux associations \u00e0 but non lucratif qui luttent contre <a href=\"https:\/\/visionarymarketing.com\/fr\/2018\/10\/illectronisme-une-etude-de-locde-souligne-lincompetence-des-utilisateurs\/\">l&rsquo;illectronisme<\/a> et la <a href=\"https:\/\/visionarymarketing.com\/fr\/2012\/10\/web-et-medias-sociaux-deconnectess-par-choix-ou-la-force-des-choses-22\/\">fracture num\u00e9rique<\/a>.<\/p>\n<h3>Les 7 pistes de r\u00e9enchantement de l&rsquo;Internet propos\u00e9es par les 57 pionniers du Web social co-auteurs du livre<\/h3>\n<figure id=\"attachment_47145\" aria-describedby=\"caption-attachment-47145\" style=\"width: 596px\" class=\"wp-caption aligncenter\"><img decoding=\"async\" class=\"wp-image-47145 size-full\" src=\"https:\/\/visionarymarketing.com\/wp-content\/uploads\/2020\/03\/image-7-pistes-finale-refaite-YAG.png\" alt=\"R\u00e9enchanter le Web 2.0 15 ans apr\u00e8s\" width=\"596\" height=\"451\" srcset=\"https:\/\/visionarymarketing.com\/wp-content\/uploads\/2020\/03\/image-7-pistes-finale-refaite-YAG.png 596w, https:\/\/visionarymarketing.com\/wp-content\/uploads\/2020\/03\/image-7-pistes-finale-refaite-YAG-396x300.png 396w\" sizes=\"(max-width: 596px) 100vw, 596px\" \/><figcaption id=\"caption-attachment-47145\" class=\"wp-caption-text\">Les 7 pistes propos\u00e9es par les 57 pionniers du web social, co-auteurs de ce nouveau livre Kawa<\/figcaption><\/figure>\n<p>C&rsquo;est le scoop de ce billet. Le point qui fait \u00e0 mon avis tout l&rsquo;int\u00e9r\u00eat de ce gros bouquin qui est bien plus que la somme de tous ses articles.<\/p>\n<p>Chacune des 7 pistes de r\u00e9enchantement de l&rsquo;Internet \u2014 qui constituent la conclusion de ce livre \u2014 est d\u00e9taill\u00e9e dans le livre. Elles ont toutes \u00e9t\u00e9 remont\u00e9es des \u00e9crits du livre r\u00e9partis dans ses diff\u00e9rents chapitres, afin d&rsquo;assurer une coh\u00e9rence d&rsquo;ensemble.<\/p>\n<p>Il s&rsquo;agit donc d&rsquo;un v\u00e9ritable ouvrage collectif et non d&rsquo;une simple collection d&rsquo;articles, m\u00eame si chacun des auteurs a pris soin d&rsquo;\u00e9crire avec son propre style et sa propre vision des m\u00e9dias sociaux.<\/p>\n<p>D&rsquo;autres surprises viendront se greffer sur ses 7 pistes de travail, mais il est trop t\u00f4t pour en parler. Suspense !<\/p>\n<p>Je vous livre ci-apr\u00e8s les descriptifs officiels et le CP que vous pouvez t\u00e9l\u00e9charger \u00e0 votre guise.<\/p>\n<p><a href=\"https:\/\/vismktg.info\/15answeb20\" target=\"_blank\" rel=\"noopener noreferrer\"><img decoding=\"async\" class=\"aligncenter wp-image-33577 size-full\" src=\"https:\/\/visionarymarketing.com\/wp-content\/uploads\/2019\/09\/bouton-acheter-amazon.png\" alt=\"\" width=\"200\" height=\"83\" \/><\/a><\/p>\n<h3>WEB 2.0 15 ans d\u00e9j\u00e0 et apr\u00e8s ? 7 pistes pour r\u00e9enchanter Internet !<\/h3>\n<p>Un livre de Fadhila BRAHIMI, David FAYON &amp; AL. aux <a href=\"https:\/\/www.editions-kawa.com\/home\/265-web-20-15-ans-deja-et-apres-7-pistes-pour-reenchanter-internet-.html\" target=\"_blank\" rel=\"noopener noreferrer\">\u00e9ditions Kawa<\/a> Pr\u00e9face <a href=\"https:\/\/fr.wikipedia.org\/wiki\/Claudie_Haigner%C3%A9\" target=\"_blank\" rel=\"noopener noreferrer\">Claudie Haigner\u00e9<\/a><\/p>\n<p>La crise du Covid-19 amplifie les signaux d\u00e9j\u00e0 observ\u00e9s.<br \/>\nLes technologies (mobile, visio, m\u00e9dias sociaux, big data, intelligence artificielle, etc.) et bient\u00f4t la 5G bouleversent nos espaces de vie et nos relations aux personnes, \u00e0 l\u2019information, au travail\u2026 Temps d\u2019\u00e9cran, nomophobie, fake news constituent quelques exemples de cons\u00e9quences soci\u00e9tales inattendues. Elles d\u00e9tournent le Web Social de sa mission premi\u00e8re.<br \/>\n57 pionniers vous proposent d\u2019explorer les cons\u00e9quences du digital sur notre soci\u00e9t\u00e9 (\u00e9conomie, politique, juridique, culturel\u2026).<br \/>\nLe but : imaginer 7 pistes de r\u00e9enchantement pour un futur num\u00e9rique plus sain et plus responsable face \u00e0 la domination des g\u00e9ants d\u2019Internet, tant am\u00e9ricains GAFAM (Google Apple Facebook Amazon, Microsoft) que chinois BATHX (Baidu Alibaba Tencent Huawei Xiaomi).Pour prolonger les discussions et participer collectivement au r\u00e9enchantement d\u2019Internet, un blog est \u00e0 votre disposition<\/p>\n<p><img decoding=\"async\" class=\"aligncenter wp-image-47081 size-full\" src=\"https:\/\/visionarymarketing.com\/wp-content\/uploads\/2020\/03\/4e-Couv-WEB-2.0-15-ans-d\u00e9j\u00e0-et-apr\u00e8s-.jpg\" alt=\"pionniers du Web\" width=\"1024\" height=\"1430\" srcset=\"https:\/\/visionarymarketing.com\/wp-content\/uploads\/2020\/03\/4e-Couv-WEB-2.0-15-ans-d\u00e9j\u00e0-et-apr\u00e8s-.jpg 1024w, https:\/\/visionarymarketing.com\/wp-content\/uploads\/2020\/03\/4e-Couv-WEB-2.0-15-ans-d\u00e9j\u00e0-et-apr\u00e8s--215x300.jpg 215w, https:\/\/visionarymarketing.com\/wp-content\/uploads\/2020\/03\/4e-Couv-WEB-2.0-15-ans-d\u00e9j\u00e0-et-apr\u00e8s--733x1024.jpg 733w, https:\/\/visionarymarketing.com\/wp-content\/uploads\/2020\/03\/4e-Couv-WEB-2.0-15-ans-d\u00e9j\u00e0-et-apr\u00e8s--768x1072.jpg 768w, https:\/\/visionarymarketing.com\/wp-content\/uploads\/2020\/03\/4e-Couv-WEB-2.0-15-ans-d\u00e9j\u00e0-et-apr\u00e8s--1100x1536.jpg 1100w, https:\/\/visionarymarketing.com\/wp-content\/uploads\/2020\/03\/4e-Couv-WEB-2.0-15-ans-d\u00e9j\u00e0-et-apr\u00e8s--1467x2048.jpg 1467w\" sizes=\"(max-width: 1024px) 100vw, 1024px\" \/><\/p>\n<h4>LA VOIX DE 57 PIONNIERS DU WEB<\/h4>\n<p><span class=\"removed_link\" title=\"https:\/\/www.linkedin.com\/in\/pureplayer\/\">F<span style=\"color: #333333;\">arid Arab . <\/span><\/span><span style=\"color: #333333;\"><a style=\"color: #333333;\" href=\"http:\/\/www.goodintech.org\" target=\"_blank\" rel=\"noopener noreferrer\">Christine Balagu\u00e9<\/a> . <span class=\"removed_link\" title=\"http:\/\/www.linkedin.com\/in\/eric-barbry\">Eric Barbry<\/span> . <a style=\"color: #333333;\" href=\"http:\/\/www.beerbergman.com\" target=\"_blank\" rel=\"noopener noreferrer\"><strong>Beer Bergman<\/strong><\/a> . <a style=\"color: #333333;\" href=\"http:\/\/www.graines-de-performance.com\" target=\"_blank\" rel=\"noopener noreferrer\">Olivier Berlingu\u00e9<\/a> . <a style=\"color: #333333;\" href=\"https:\/\/50a.fr\" target=\"_blank\" rel=\"noopener noreferrer\">Nicolas Bermond<\/a> . Fanny Berrebi . <a style=\"color: #333333;\" href=\"http:\/\/www.michelleblanc.com\" target=\"_blank\" rel=\"noopener noreferrer\">Michelle Blanc<\/a> . <a style=\"color: #333333;\" href=\"http:\/\/www.inter-ligere.fr\" target=\"_blank\" rel=\"noopener noreferrer\">J\u00e9r\u00f4me Bondu<\/a> .<strong> <a style=\"color: #333333;\" href=\"https:\/\/www.fadhilabrahimi.com\" target=\"_blank\" rel=\"noopener noreferrer\">Fadhila Brahimi<\/a> <\/strong>. <a style=\"color: #333333;\" href=\"http:\/\/www.ConseilsMarketing.com\" target=\"_blank\" rel=\"noopener noreferrer\">Fr\u00e9d\u00e9ric Cavenet<\/a> . <a style=\"color: #333333;\" href=\"https:\/\/medialab.sciencespo.fr\/equipe\/dominique-cardon\" target=\"_blank\" rel=\"noopener noreferrer\">Dominique Cardon<\/a> . <a style=\"color: #333333;\" href=\"https:\/\/enikao.wordpress.com\" target=\"_blank\" rel=\"noopener noreferrer\">Nicolas Celic <\/a> . <a style=\"color: #333333;\" href=\"http:\/\/www.cyrillechaudoit.com\" target=\"_blank\" rel=\"noopener noreferrer\">Cyril Chaudoit<\/a> . <a style=\"color: #333333;\" href=\"https:\/\/jeanpierrecorniou.typepad.com\" target=\"_blank\" rel=\"noopener noreferrer\">Jean-Pierre Corniou<\/a> . <span class=\"removed_link\" title=\"https:\/\/www.linkedin.com\/in\/celinecrespin\/\">C\u00e9line Crespin<\/span> . <a style=\"color: #333333;\" href=\"http:\/\/www.andredan.com\" target=\"_blank\" rel=\"noopener noreferrer\">Andr\u00e9 Dan<\/a> . <a style=\"color: #333333;\" href=\"https:\/\/debaillon.com\" target=\"_blank\" rel=\"noopener noreferrer\">Thierry de Baillon<\/a> . <a style=\"color: #333333;\" href=\"https:\/\/delmas-rigoutsos.nom.fr\" target=\"_blank\" rel=\"noopener noreferrer\">Yannis Delmas-Rigoustsos<\/a> . <span class=\"removed_link\" title=\"http:\/\/www.damiendouani.net\">Damien Douani<\/span> . <strong><span class=\"removed_link\" title=\"https:\/\/www.linkedin.com\/in\/antoinedubuquoy\/\">Antoine Dubuquoy<\/span> <\/strong>. <a style=\"color: #333333;\" href=\"https:\/\/www.encausse.net\" target=\"_blank\" rel=\"noopener noreferrer\">Jean-Pierre Encausse<\/a> . <span class=\"removed_link\" title=\"https:\/\/www.linkedin.com\/in\/epelboin\/\">Fabrice Epelboin<\/span> . <a style=\"color: #333333;\" href=\"http:\/\/www.oezratty.net\" target=\"_blank\" rel=\"noopener noreferrer\">Olivier Ezratty<\/a> . <a style=\"color: #333333;\" href=\"https:\/\/fr.wikipedia.org\/wiki\/Isabelle_Falque-Pierrotin\" target=\"_blank\" rel=\"noopener noreferrer\">Isabelle Falque-Pierrotin<\/a> . <strong><a style=\"color: #333333;\" href=\"https:\/\/www.davidfayon.fr\" target=\"_blank\" rel=\"noopener noreferrer\">David Fayon<\/a> <\/strong>. Mathieu Flaig . <strong><a style=\"color: #333333;\" href=\"https:\/\/www.mediaculture.fr\/\" target=\"_blank\" rel=\"noopener noreferrer\">Cyrille Frank<\/a><\/strong> . <a style=\"color: #333333;\" href=\"http:\/\/visionarymarketing.com\" target=\"_blank\" rel=\"noopener noreferrer\"><strong>Yann Gourvennec<\/strong><\/a> . <strong><span class=\"removed_link\" title=\"http:\/\/fr.linkedin.com\/in\/guillocheau\/fr\">David Guillocheau<\/span> <\/strong>. <a style=\"color: #333333;\" href=\"https:\/\/fr.wikipedia.org\/wiki\/Claudie_Haigner%C3%A9\" target=\"_blank\" rel=\"noopener noreferrer\">Claudie Haigner\u00e9<\/a> . <strong><a style=\"color: #333333;\" href=\"https:\/\/www.iteanu.law\/\" target=\"_blank\" rel=\"noopener noreferrer\">Olivier It\u00e9anu<\/a><\/strong> . <a style=\"color: #333333;\" href=\"https:\/\/henrikaufman.typepad.com\/\" target=\"_blank\" rel=\"noopener noreferrer\">Henri Kaufmann<\/a> . <a style=\"color: #333333;\" href=\"http:\/\/www.MarketingIsDead.net\" target=\"_blank\" rel=\"noopener noreferrer\">Fran\u00e7ois Laurent<\/a> . <a style=\"color: #333333;\" href=\"https:\/\/web.archive.org\/web\/20210825211423\/http:\/\/www.psyetgeek.com\/\" target=\"_blank\" rel=\"noopener noreferrer\">Yann Leroux<\/a> . <span class=\"removed_link\" title=\"https:\/\/www.linkedin.com\/in\/ericmaillard\">Eric Maillard<\/span> . <a style=\"color: #333333;\" href=\"https:\/\/web.archive.org\/web\/20230528234925\/https:\/\/www.verone.cg\/\" target=\"_blank\" rel=\"noopener noreferrer\">V\u00e9rone Mankou<\/a> . <a style=\"color: #333333;\" href=\"http:\/\/www.emiliemarquois.com\" target=\"_blank\" rel=\"noopener noreferrer\">Emilie Marquois<\/a> . <a style=\"color: #333333;\" href=\"http:\/\/www.maubon.com\" target=\"_blank\" rel=\"noopener noreferrer\">Gr\u00e9gory Maubon<\/a> . <span class=\"removed_link\" title=\"http:\/\/bit.ly\/PostspemIN\">Pierre Mawas<\/span> . <a style=\"color: #333333;\" href=\"http:\/\/sanscontact.wordpress.com\" target=\"_blank\" rel=\"noopener noreferrer\">Pierre M\u00e9tivier<\/a> . <span class=\"removed_link\" title=\"https:\/\/www.linkedin.com\/in\/jcmorand\/\">Jean-Claude Morand<\/span> . <span class=\"removed_link\" title=\"https:\/\/www.linkedin.com\/in\/ahmed-mehdi-omarouayache\">Ahmed Mehdi Omarouayache<\/span> . <a style=\"color: #333333;\" href=\"https:\/\/www.top500bars.com\/\" target=\"_blank\" rel=\"noopener noreferrer\"><strong>Anthony Poncier<\/strong><\/a> . <span class=\"removed_link\" title=\"http:\/\/www.gregorypouy.fr\">Gr\u00e9gory Pouy<\/span> . <a style=\"color: #333333;\" href=\"http:\/\/about.me\/ppc\" target=\"_blank\" rel=\"noopener noreferrer\">PPC<\/a> . <a style=\"color: #333333;\" href=\"http:\/\/benoitraphael.com\/\" target=\"_blank\" rel=\"noopener noreferrer\">Beno\u00eet Rapha\u00ebl<\/a> . <span class=\"removed_link\" title=\"https:\/\/www.linkedin.com\/in\/cyrilrimbaud\/\">Cyril Rimbaud<\/span> . <a style=\"color: #333333;\" href=\"http:\/\/www.lecairn4it.com\" target=\"_blank\" rel=\"noopener noreferrer\"><strong>Vincent Rostaing<\/strong><\/a> . <a style=\"color: #333333;\" href=\"https:\/\/web.archive.org\/web\/20211209192418\/http:\/\/jfruiz.com\/\" target=\"_blank\" rel=\"noopener noreferrer\">Jean-Fran\u00e7ois Ruiz<\/a> . <span class=\"removed_link\" title=\"https:\/\/www.linkedin.com\/in\/ericseulliet\/\">Eric Seuillet<\/span> . <strong><a style=\"color: #333333;\" href=\"https:\/\/en.wikipedia.org\/wiki\/Serge_Soudoplatoff\" target=\"_blank\" rel=\"noopener noreferrer\">Serge Soudoplatoff<\/a><\/strong> . <a style=\"color: #333333;\" href=\"https:\/\/bit.ly\/2MIqo0G\" target=\"_blank\" rel=\"noopener noreferrer\">Virginie Spies<\/a> . <span class=\"removed_link\" title=\"https:\/\/www.linkedin.com\/in\/yaelle-stein-teicher\/\">Ya\u00eblle Teicher Stein<\/span> . <span class=\"removed_link\" title=\"https:\/\/www.linkedin.com\/in\/pierretran\/\">Pierre Tran<\/span> . <span class=\"removed_link\" title=\"https:\/\/www.linkedin.com\/in\/pierrevallet\/\">Pierre Vallet<\/span> . <a style=\"color: #333333;\" href=\"http:\/\/www.henriverdier.com\" target=\"_blank\" rel=\"noopener noreferrer\">Henri Verdier<\/a><\/span> Le blog: <span style=\"color: #ff0000;\"><a style=\"color: #ff0000;\" href=\"http:\/\/www.reenchanter-internet.com\" target=\"_blank\" rel=\"noopener noreferrer\">www.reenchanter-internet.com<\/a><\/span><\/p>\n<h3>100% des droits du livre revers\u00e9s \u00e0 deux associations<\/h3>\n<p><img decoding=\"async\" class=\"aligncenter wp-image-47087 size-full\" src=\"https:\/\/visionarymarketing.com\/wp-content\/uploads\/2020\/03\/Logo-EmmausConnect_CMJN-1.png\" alt=\"Pionniers du Web\" width=\"1737\" height=\"1024\" srcset=\"https:\/\/visionarymarketing.com\/wp-content\/uploads\/2020\/03\/Logo-EmmausConnect_CMJN-1.png 1737w, https:\/\/visionarymarketing.com\/wp-content\/uploads\/2020\/03\/Logo-EmmausConnect_CMJN-1-500x295.png 500w, https:\/\/visionarymarketing.com\/wp-content\/uploads\/2020\/03\/Logo-EmmausConnect_CMJN-1-1024x604.png 1024w, https:\/\/visionarymarketing.com\/wp-content\/uploads\/2020\/03\/Logo-EmmausConnect_CMJN-1-768x453.png 768w, https:\/\/visionarymarketing.com\/wp-content\/uploads\/2020\/03\/Logo-EmmausConnect_CMJN-1-1536x906.png 1536w, https:\/\/visionarymarketing.com\/wp-content\/uploads\/2020\/03\/Logo-EmmausConnect_CMJN-1-2048x1207.png 2048w\" sizes=\"(max-width: 1737px) 100vw, 1737px\" \/>Nous reversons la totalit\u00e9 de nos droits \u00e0 deux associations qui agissent contre l\u2019illectronisme pour les plus d\u00e9munis et les plus jeunes.<\/p>\n<p>&nbsp;<\/p>\n<p><img decoding=\"async\" class=\"aligncenter wp-image-68718 size-full\" src=\"https:\/\/visionarymarketing.com\/wp-content\/uploads\/2020\/03\/startup-for-kids-logo-01-colo-transp-copie-e1651989826497.png\" alt=\"pionniers du Web\" width=\"850\" height=\"265\" srcset=\"https:\/\/visionarymarketing.com\/wp-content\/uploads\/2020\/03\/startup-for-kids-logo-01-colo-transp-copie-e1651989826497.png 850w, https:\/\/visionarymarketing.com\/wp-content\/uploads\/2020\/03\/startup-for-kids-logo-01-colo-transp-copie-e1651989826497-500x156.png 500w, https:\/\/visionarymarketing.com\/wp-content\/uploads\/2020\/03\/startup-for-kids-logo-01-colo-transp-copie-e1651989826497-768x239.png 768w\" sizes=\"(max-width: 850px) 100vw, 850px\" \/><\/p>\n<p>En achetant et faisant acheter ce livre, vous participerez, vous aussi, \u00e0 une bonne action pour la soci\u00e9t\u00e9 num\u00e9rique<\/p>\n<ul>\n<li><a href=\"https:\/\/emmaus-connect.org\" target=\"_blank\" rel=\"noopener noreferrer\">Emma\u00fcs Connect<\/a><\/li>\n<li><a href=\"http:\/\/www.startupforkids.fr\" target=\"_blank\" rel=\"noopener noreferrer\">Startup for Kids<\/a><\/li>\n<\/ul>\n<h3>T\u00e9l\u00e9charger le communiqu\u00e9 de presse du livre<\/h3>\n<p>https:\/\/visionarymarketing.com\/wp-content\/uploads\/2020\/03\/cp_web_2-0-reenchanter-internet-v4.pdf<\/p>\n<p><a href=\"https:\/\/visionarymarketing.com\/wp-content\/uploads\/2020\/03\/cp_web_2-0-reenchanter-internet-v4.pdf\" target=\"_blank\" rel=\"noopener noreferrer\">T\u00e9l\u00e9charger le document pdf<\/a> si celui-ci ne s&rsquo;affiche pas ci-dessus<\/p>\n","protected":false},"excerpt":{"rendered":"<p>15 ans apr\u00e8s le Web 2.0 (dont l&rsquo;origine remonte \u00e0 un document de O&rsquo;Reilly de 2004) un nouveau livre publi\u00e9 chez Kawa entend r\u00e9enchanter Internet.Le Web social n&rsquo;est pas n\u00e9 d&rsquo;aujourd&rsquo;hui. Il a m\u00eame 15 ans ! Et encore un an de plus devrait-on dire, car il a fallu environ une ann\u00e9e pleine, aux 57 &hellip;<\/p>\n","protected":false},"author":2,"featured_media":50998,"comment_status":"open","ping_status":"closed","sticky":false,"template":"","format":"standard","meta":{"footnotes":""},"categories":[25],"tags":[],"class_list":["post-47097","post","type-post","status-publish","format-standard","has-post-thumbnail","hentry","category-medias-sociaux"],"yoast_head":"<!-- This site is optimized with the Yoast SEO plugin v27.4 - https:\/\/yoast.com\/product\/yoast-seo-wordpress\/ -->\n<title>Pionniers du Web : 15 ans apr\u00e8s le Web 2.0 ils r\u00e9enchantent Internet<\/title>\n<meta name=\"description\" content=\"R\u00e9enchanter le Web, c&#039;est la mission des 57 pionniers du Web social en lan\u00e7ant un nouveau livre chez Kawa 15 ans apr\u00e8s le Web 2.0\" \/>\n<meta name=\"robots\" content=\"index, follow, max-snippet:-1, max-image-preview:large, max-video-preview:-1\" \/>\n<link rel=\"canonical\" href=\"https:\/\/visionarymarketing.com\/fr\/2020\/03\/04\/pionniers-du-web\/\" \/>\n<meta property=\"og:locale\" content=\"fr_FR\" \/>\n<meta property=\"og:type\" content=\"article\" \/>\n<meta property=\"og:title\" content=\"Pionniers du Web : 15 ans apr\u00e8s le Web 2.0 ils r\u00e9enchantent Internet\" \/>\n<meta property=\"og:description\" content=\"R\u00e9enchanter le Web, c&#039;est la mission des 57 pionniers du Web social en lan\u00e7ant un nouveau livre chez Kawa 15 ans apr\u00e8s le Web 2.0\" \/>\n<meta property=\"og:url\" content=\"https:\/\/visionarymarketing.com\/fr\/2020\/03\/04\/pionniers-du-web\/\" \/>\n<meta property=\"og:site_name\" content=\"Marketing and Innovation\" \/>\n<meta property=\"article:publisher\" content=\"https:\/\/www.facebook.com\/vismktg\" \/>\n<meta property=\"article:author\" content=\"http:\/\/facebook.com\/ygourven\" \/>\n<meta property=\"article:published_time\" content=\"2020-03-04T07:30:54+00:00\" \/>\n<meta property=\"article:modified_time\" content=\"2024-03-14T14:06:22+00:00\" \/>\n<meta property=\"og:image\" content=\"https:\/\/visionarymarketing.com\/wp-content\/uploads\/2020\/03\/15answeb20.png\" \/>\n\t<meta property=\"og:image:width\" content=\"520\" \/>\n\t<meta property=\"og:image:height\" content=\"340\" \/>\n\t<meta property=\"og:image:type\" content=\"image\/png\" \/>\n<meta name=\"author\" content=\"Yann Gourvennec\" \/>\n<meta name=\"twitter:card\" content=\"summary_large_image\" \/>\n<meta name=\"twitter:creator\" content=\"@ygourven\" \/>\n<meta name=\"twitter:site\" content=\"@ygourven\" \/>\n<meta name=\"twitter:label1\" content=\"\u00c9crit par\" \/>\n\t<meta name=\"twitter:data1\" content=\"Yann Gourvennec\" \/>\n\t<meta name=\"twitter:label2\" content=\"Dur\u00e9e de lecture estim\u00e9e\" \/>\n\t<meta name=\"twitter:data2\" content=\"6 minutes\" \/>\n<script type=\"application\/ld+json\" class=\"yoast-schema-graph\">{\"@context\":\"https:\\\/\\\/schema.org\",\"@graph\":[{\"@type\":\"NewsArticle\",\"@id\":\"https:\\\/\\\/visionarymarketing.com\\\/fr\\\/2020\\\/03\\\/04\\\/pionniers-du-web\\\/#article\",\"isPartOf\":{\"@id\":\"https:\\\/\\\/visionarymarketing.com\\\/fr\\\/2020\\\/03\\\/04\\\/pionniers-du-web\\\/\"},\"author\":{\"name\":\"Yann Gourvennec\",\"@id\":\"https:\\\/\\\/visionarymarketing.com\\\/fr\\\/#\\\/schema\\\/person\\\/3754fee1e558f47b8deb46f53c37423e\"},\"headline\":\"57 pionniers du Web social veulent r\u00e9enchanter Internet #ReEnchanterInternet\",\"datePublished\":\"2020-03-04T07:30:54+00:00\",\"dateModified\":\"2024-03-14T14:06:22+00:00\",\"mainEntityOfPage\":{\"@id\":\"https:\\\/\\\/visionarymarketing.com\\\/fr\\\/2020\\\/03\\\/04\\\/pionniers-du-web\\\/\"},\"wordCount\":1053,\"commentCount\":2,\"image\":{\"@id\":\"https:\\\/\\\/visionarymarketing.com\\\/fr\\\/2020\\\/03\\\/04\\\/pionniers-du-web\\\/#primaryimage\"},\"thumbnailUrl\":\"https:\\\/\\\/visionarymarketing.com\\\/wp-content\\\/uploads\\\/2020\\\/03\\\/15answeb20.png\",\"articleSection\":[\"m\u00e9dias \\\/ r\u00e9seaux sociaux\"],\"inLanguage\":\"fr-FR\",\"potentialAction\":[{\"@type\":\"CommentAction\",\"name\":\"Comment\",\"target\":[\"https:\\\/\\\/visionarymarketing.com\\\/fr\\\/2020\\\/03\\\/04\\\/pionniers-du-web\\\/#respond\"]}]},{\"@type\":\"WebPage\",\"@id\":\"https:\\\/\\\/visionarymarketing.com\\\/fr\\\/2020\\\/03\\\/04\\\/pionniers-du-web\\\/\",\"url\":\"https:\\\/\\\/visionarymarketing.com\\\/fr\\\/2020\\\/03\\\/04\\\/pionniers-du-web\\\/\",\"name\":\"Pionniers du Web : 15 ans apr\u00e8s le Web 2.0 ils r\u00e9enchantent Internet\",\"isPartOf\":{\"@id\":\"https:\\\/\\\/visionarymarketing.com\\\/fr\\\/#website\"},\"primaryImageOfPage\":{\"@id\":\"https:\\\/\\\/visionarymarketing.com\\\/fr\\\/2020\\\/03\\\/04\\\/pionniers-du-web\\\/#primaryimage\"},\"image\":{\"@id\":\"https:\\\/\\\/visionarymarketing.com\\\/fr\\\/2020\\\/03\\\/04\\\/pionniers-du-web\\\/#primaryimage\"},\"thumbnailUrl\":\"https:\\\/\\\/visionarymarketing.com\\\/wp-content\\\/uploads\\\/2020\\\/03\\\/15answeb20.png\",\"datePublished\":\"2020-03-04T07:30:54+00:00\",\"dateModified\":\"2024-03-14T14:06:22+00:00\",\"author\":{\"@id\":\"https:\\\/\\\/visionarymarketing.com\\\/fr\\\/#\\\/schema\\\/person\\\/3754fee1e558f47b8deb46f53c37423e\"},\"description\":\"R\u00e9enchanter le Web, c'est la mission des 57 pionniers du Web social en lan\u00e7ant un nouveau livre chez Kawa 15 ans apr\u00e8s le Web 2.0\",\"breadcrumb\":{\"@id\":\"https:\\\/\\\/visionarymarketing.com\\\/fr\\\/2020\\\/03\\\/04\\\/pionniers-du-web\\\/#breadcrumb\"},\"inLanguage\":\"fr-FR\",\"potentialAction\":[{\"@type\":\"ReadAction\",\"target\":[\"https:\\\/\\\/visionarymarketing.com\\\/fr\\\/2020\\\/03\\\/04\\\/pionniers-du-web\\\/\"]}]},{\"@type\":\"ImageObject\",\"inLanguage\":\"fr-FR\",\"@id\":\"https:\\\/\\\/visionarymarketing.com\\\/fr\\\/2020\\\/03\\\/04\\\/pionniers-du-web\\\/#primaryimage\",\"url\":\"https:\\\/\\\/visionarymarketing.com\\\/wp-content\\\/uploads\\\/2020\\\/03\\\/15answeb20.png\",\"contentUrl\":\"https:\\\/\\\/visionarymarketing.com\\\/wp-content\\\/uploads\\\/2020\\\/03\\\/15answeb20.png\",\"width\":520,\"height\":340},{\"@type\":\"BreadcrumbList\",\"@id\":\"https:\\\/\\\/visionarymarketing.com\\\/fr\\\/2020\\\/03\\\/04\\\/pionniers-du-web\\\/#breadcrumb\",\"itemListElement\":[{\"@type\":\"ListItem\",\"position\":1,\"name\":\"Home\",\"item\":\"https:\\\/\\\/visionarymarketing.com\\\/fr\\\/\"},{\"@type\":\"ListItem\",\"position\":2,\"name\":\"57 pionniers du Web social veulent r\u00e9enchanter Internet #ReEnchanterInternet\"}]},{\"@type\":\"WebSite\",\"@id\":\"https:\\\/\\\/visionarymarketing.com\\\/fr\\\/#website\",\"url\":\"https:\\\/\\\/visionarymarketing.com\\\/fr\\\/\",\"name\":\"Marketing and Innovation\",\"description\":\"Site d&#039;infos ind\u00e9pendant, depuis 1996\",\"potentialAction\":[{\"@type\":\"SearchAction\",\"target\":{\"@type\":\"EntryPoint\",\"urlTemplate\":\"https:\\\/\\\/visionarymarketing.com\\\/fr\\\/?s={search_term_string}\"},\"query-input\":{\"@type\":\"PropertyValueSpecification\",\"valueRequired\":true,\"valueName\":\"search_term_string\"}}],\"inLanguage\":\"fr-FR\"},{\"@type\":\"Person\",\"@id\":\"https:\\\/\\\/visionarymarketing.com\\\/fr\\\/#\\\/schema\\\/person\\\/3754fee1e558f47b8deb46f53c37423e\",\"name\":\"Yann Gourvennec\",\"image\":{\"@type\":\"ImageObject\",\"inLanguage\":\"fr-FR\",\"@id\":\"https:\\\/\\\/secure.gravatar.com\\\/avatar\\\/5972001801e8de5692a3e31224e85769f50a55fb8b679749f9c8d1868cceff14?s=96&d=initials&r=g&initials=yg\",\"url\":\"https:\\\/\\\/secure.gravatar.com\\\/avatar\\\/5972001801e8de5692a3e31224e85769f50a55fb8b679749f9c8d1868cceff14?s=96&d=initials&r=g&initials=yg\",\"contentUrl\":\"https:\\\/\\\/secure.gravatar.com\\\/avatar\\\/5972001801e8de5692a3e31224e85769f50a55fb8b679749f9c8d1868cceff14?s=96&d=initials&r=g&initials=yg\",\"caption\":\"Yann Gourvennec\"},\"description\":\"Yann Gourvennec created visionarymarketing.com in 1996. He is a speaker and author of many books. In 2014 he went from intrapreneur to entrepreneur, when he created his digital marketing agency. Yann Gourvennec a cr\u00e9\u00e9 visionarymarketing.com en 1996. Il est conf\u00e9rencier et auteur de plusieurs livres. En 2014, il est pass\u00e9 d'intrapreneur \u00e0 entrepreneur en cr\u00e9ant son agence de marketing num\u00e9rique.\",\"sameAs\":[\"https:\\\/\\\/visionarymarketing.com\",\"http:\\\/\\\/facebook.com\\\/ygourven\",\"http:\\\/\\\/linkedin.com\\\/in\\\/ygourven\",\"https:\\\/\\\/x.com\\\/ygourven\",\"https:\\\/\\\/www.youtube.com\\\/c\\\/visionarymarketingagency\"],\"url\":\"https:\\\/\\\/visionarymarketing.com\\\/fr\\\/author\\\/yann-gourvennec\\\/\"}]}<\/script>\n<!-- \/ Yoast SEO plugin. -->","yoast_head_json":{"title":"Pionniers du Web : 15 ans apr\u00e8s le Web 2.0 ils r\u00e9enchantent Internet","description":"R\u00e9enchanter le Web, c'est la mission des 57 pionniers du Web social en lan\u00e7ant un nouveau livre chez Kawa 15 ans apr\u00e8s le Web 2.0","robots":{"index":"index","follow":"follow","max-snippet":"max-snippet:-1","max-image-preview":"max-image-preview:large","max-video-preview":"max-video-preview:-1"},"canonical":"https:\/\/visionarymarketing.com\/fr\/2020\/03\/04\/pionniers-du-web\/","og_locale":"fr_FR","og_type":"article","og_title":"Pionniers du Web : 15 ans apr\u00e8s le Web 2.0 ils r\u00e9enchantent Internet","og_description":"R\u00e9enchanter le Web, c'est la mission des 57 pionniers du Web social en lan\u00e7ant un nouveau livre chez Kawa 15 ans apr\u00e8s le Web 2.0","og_url":"https:\/\/visionarymarketing.com\/fr\/2020\/03\/04\/pionniers-du-web\/","og_site_name":"Marketing and Innovation","article_publisher":"https:\/\/www.facebook.com\/vismktg","article_author":"http:\/\/facebook.com\/ygourven","article_published_time":"2020-03-04T07:30:54+00:00","article_modified_time":"2024-03-14T14:06:22+00:00","og_image":[{"width":520,"height":340,"url":"https:\/\/visionarymarketing.com\/wp-content\/uploads\/2020\/03\/15answeb20.png","type":"image\/png"}],"author":"Yann Gourvennec","twitter_card":"summary_large_image","twitter_creator":"@ygourven","twitter_site":"@ygourven","twitter_misc":{"\u00c9crit par":"Yann Gourvennec","Dur\u00e9e de lecture estim\u00e9e":"6 minutes"},"schema":{"@context":"https:\/\/schema.org","@graph":[{"@type":"NewsArticle","@id":"https:\/\/visionarymarketing.com\/fr\/2020\/03\/04\/pionniers-du-web\/#article","isPartOf":{"@id":"https:\/\/visionarymarketing.com\/fr\/2020\/03\/04\/pionniers-du-web\/"},"author":{"name":"Yann Gourvennec","@id":"https:\/\/visionarymarketing.com\/fr\/#\/schema\/person\/3754fee1e558f47b8deb46f53c37423e"},"headline":"57 pionniers du Web social veulent r\u00e9enchanter Internet #ReEnchanterInternet","datePublished":"2020-03-04T07:30:54+00:00","dateModified":"2024-03-14T14:06:22+00:00","mainEntityOfPage":{"@id":"https:\/\/visionarymarketing.com\/fr\/2020\/03\/04\/pionniers-du-web\/"},"wordCount":1053,"commentCount":2,"image":{"@id":"https:\/\/visionarymarketing.com\/fr\/2020\/03\/04\/pionniers-du-web\/#primaryimage"},"thumbnailUrl":"https:\/\/visionarymarketing.com\/wp-content\/uploads\/2020\/03\/15answeb20.png","articleSection":["m\u00e9dias \/ r\u00e9seaux sociaux"],"inLanguage":"fr-FR","potentialAction":[{"@type":"CommentAction","name":"Comment","target":["https:\/\/visionarymarketing.com\/fr\/2020\/03\/04\/pionniers-du-web\/#respond"]}]},{"@type":"WebPage","@id":"https:\/\/visionarymarketing.com\/fr\/2020\/03\/04\/pionniers-du-web\/","url":"https:\/\/visionarymarketing.com\/fr\/2020\/03\/04\/pionniers-du-web\/","name":"Pionniers du Web : 15 ans apr\u00e8s le Web 2.0 ils r\u00e9enchantent Internet","isPartOf":{"@id":"https:\/\/visionarymarketing.com\/fr\/#website"},"primaryImageOfPage":{"@id":"https:\/\/visionarymarketing.com\/fr\/2020\/03\/04\/pionniers-du-web\/#primaryimage"},"image":{"@id":"https:\/\/visionarymarketing.com\/fr\/2020\/03\/04\/pionniers-du-web\/#primaryimage"},"thumbnailUrl":"https:\/\/visionarymarketing.com\/wp-content\/uploads\/2020\/03\/15answeb20.png","datePublished":"2020-03-04T07:30:54+00:00","dateModified":"2024-03-14T14:06:22+00:00","author":{"@id":"https:\/\/visionarymarketing.com\/fr\/#\/schema\/person\/3754fee1e558f47b8deb46f53c37423e"},"description":"R\u00e9enchanter le Web, c'est la mission des 57 pionniers du Web social en lan\u00e7ant un nouveau livre chez Kawa 15 ans apr\u00e8s le Web 2.0","breadcrumb":{"@id":"https:\/\/visionarymarketing.com\/fr\/2020\/03\/04\/pionniers-du-web\/#breadcrumb"},"inLanguage":"fr-FR","potentialAction":[{"@type":"ReadAction","target":["https:\/\/visionarymarketing.com\/fr\/2020\/03\/04\/pionniers-du-web\/"]}]},{"@type":"ImageObject","inLanguage":"fr-FR","@id":"https:\/\/visionarymarketing.com\/fr\/2020\/03\/04\/pionniers-du-web\/#primaryimage","url":"https:\/\/visionarymarketing.com\/wp-content\/uploads\/2020\/03\/15answeb20.png","contentUrl":"https:\/\/visionarymarketing.com\/wp-content\/uploads\/2020\/03\/15answeb20.png","width":520,"height":340},{"@type":"BreadcrumbList","@id":"https:\/\/visionarymarketing.com\/fr\/2020\/03\/04\/pionniers-du-web\/#breadcrumb","itemListElement":[{"@type":"ListItem","position":1,"name":"Home","item":"https:\/\/visionarymarketing.com\/fr\/"},{"@type":"ListItem","position":2,"name":"57 pionniers du Web social veulent r\u00e9enchanter Internet #ReEnchanterInternet"}]},{"@type":"WebSite","@id":"https:\/\/visionarymarketing.com\/fr\/#website","url":"https:\/\/visionarymarketing.com\/fr\/","name":"Marketing and Innovation","description":"Site d&#039;infos ind\u00e9pendant, depuis 1996","potentialAction":[{"@type":"SearchAction","target":{"@type":"EntryPoint","urlTemplate":"https:\/\/visionarymarketing.com\/fr\/?s={search_term_string}"},"query-input":{"@type":"PropertyValueSpecification","valueRequired":true,"valueName":"search_term_string"}}],"inLanguage":"fr-FR"},{"@type":"Person","@id":"https:\/\/visionarymarketing.com\/fr\/#\/schema\/person\/3754fee1e558f47b8deb46f53c37423e","name":"Yann Gourvennec","image":{"@type":"ImageObject","inLanguage":"fr-FR","@id":"https:\/\/secure.gravatar.com\/avatar\/5972001801e8de5692a3e31224e85769f50a55fb8b679749f9c8d1868cceff14?s=96&d=initials&r=g&initials=yg","url":"https:\/\/secure.gravatar.com\/avatar\/5972001801e8de5692a3e31224e85769f50a55fb8b679749f9c8d1868cceff14?s=96&d=initials&r=g&initials=yg","contentUrl":"https:\/\/secure.gravatar.com\/avatar\/5972001801e8de5692a3e31224e85769f50a55fb8b679749f9c8d1868cceff14?s=96&d=initials&r=g&initials=yg","caption":"Yann Gourvennec"},"description":"Yann Gourvennec created visionarymarketing.com in 1996. He is a speaker and author of many books. In 2014 he went from intrapreneur to entrepreneur, when he created his digital marketing agency. Yann Gourvennec a cr\u00e9\u00e9 visionarymarketing.com en 1996. Il est conf\u00e9rencier et auteur de plusieurs livres. En 2014, il est pass\u00e9 d'intrapreneur \u00e0 entrepreneur en cr\u00e9ant son agence de marketing num\u00e9rique.","sameAs":["https:\/\/visionarymarketing.com","http:\/\/facebook.com\/ygourven","http:\/\/linkedin.com\/in\/ygourven","https:\/\/x.com\/ygourven","https:\/\/www.youtube.com\/c\/visionarymarketingagency"],"url":"https:\/\/visionarymarketing.com\/fr\/author\/yann-gourvennec\/"}]}},"_links":{"self":[{"href":"https:\/\/visionarymarketing.com\/fr\/wp-json\/wp\/v2\/posts\/47097","targetHints":{"allow":["GET"]}}],"collection":[{"href":"https:\/\/visionarymarketing.com\/fr\/wp-json\/wp\/v2\/posts"}],"about":[{"href":"https:\/\/visionarymarketing.com\/fr\/wp-json\/wp\/v2\/types\/post"}],"author":[{"embeddable":true,"href":"https:\/\/visionarymarketing.com\/fr\/wp-json\/wp\/v2\/users\/2"}],"replies":[{"embeddable":true,"href":"https:\/\/visionarymarketing.com\/fr\/wp-json\/wp\/v2\/comments?post=47097"}],"version-history":[{"count":0,"href":"https:\/\/visionarymarketing.com\/fr\/wp-json\/wp\/v2\/posts\/47097\/revisions"}],"wp:featuredmedia":[{"embeddable":true,"href":"https:\/\/visionarymarketing.com\/fr\/wp-json\/wp\/v2\/media\/50998"}],"wp:attachment":[{"href":"https:\/\/visionarymarketing.com\/fr\/wp-json\/wp\/v2\/media?parent=47097"}],"wp:term":[{"taxonomy":"category","embeddable":true,"href":"https:\/\/visionarymarketing.com\/fr\/wp-json\/wp\/v2\/categories?post=47097"},{"taxonomy":"post_tag","embeddable":true,"href":"https:\/\/visionarymarketing.com\/fr\/wp-json\/wp\/v2\/tags?post=47097"}],"curies":[{"name":"wp","href":"https:\/\/api.w.org\/{rel}","templated":true}]}}