{"id":47060,"date":"2020-03-03T08:30:12","date_gmt":"2020-03-03T07:30:12","guid":{"rendered":"https:\/\/visionarymarketing.com\/?p=47060"},"modified":"2021-07-14T18:13:42","modified_gmt":"2021-07-14T16:13:42","slug":"enjeux-digital-workplace","status":"publish","type":"post","link":"https:\/\/visionarymarketing.com\/fr\/2020\/03\/03\/enjeux-digital-workplace\/","title":{"rendered":"Les 3 enjeux de la mise en place d\u2019une Digital Workplace"},"content":{"rendered":"<h2>Retour d\u2019exp\u00e9rience sur la mise en \u0153uvre de la Digital Workplace<\/h2>\n<p><em>La matinale IT for business du 26 f\u00e9vrier 2020 d\u00e9di\u00e9e \u00e0 la <a href=\"https:\/\/visionarymarketing.com\/fr\/2020\/02\/digital-workplace\/\">Digital Workplace<\/a> a \u00e9t\u00e9 riche d\u2019enseignements sur la mani\u00e8re de d\u00e9ployer les solutions de collaboration dans les entreprises avec des t\u00e9moignages des nombreux invit\u00e9s. Des sch\u00e9mas de d\u00e9ploiement de ces types de projets ont \u00e9t\u00e9 d\u00e9crits lors de ces pr\u00e9sentations, qui permettent de r\u00e9pondre, au moins partiellement, \u00e0 l\u2019<a href=\"https:\/\/visionarymarketing.com\/fr\/2020\/02\/digital-workplace\/\">interrogation que j\u2019avais soulev\u00e9e suite au dernier rapport Lecko de janvier 2020<\/a>. Commen\u00e7ons ici avec le t\u00e9moignage <\/em><span class=\"removed_link\" title=\"https:\/\/www.linkedin.com\/in\/andre-wei-3541069\/\"><em>d\u2019Andr\u00e9 Wei, CTO de Chantelle<\/em><\/span><em>, qui a \u00e9voqu\u00e9 les enjeux de la Digital Workplace de demain avec beaucoup de pertinence. Un retour d\u2019exp\u00e9rience qui trouvera des \u00e9chos dans les confidences des autres t\u00e9moins, qui feront l\u2019objet de reportages ult\u00e9rieurs dans le cadre de cette <a href=\"https:\/\/visionarymarketing.com\/blog\/environnement-travail-futur\/\">s\u00e9rie sur l&rsquo;environnement de travail du futur<\/a> r\u00e9alis\u00e9e avec <a href=\"https:\/\/Selceon.com\" target=\"_blank\" rel=\"noopener noreferrer\">Selceon<\/a>.<\/em><\/p>\n<div class=\"mceTemp\"><\/div>\n<figure id=\"attachment_47065\" aria-describedby=\"caption-attachment-47065\" style=\"width: 519px\" class=\"wp-caption aligncenter\"><img decoding=\"async\" class=\"wp-image-47065 size-full\" src=\"https:\/\/visionarymarketing.com\/wp-content\/uploads\/2020\/03\/IT4Biz-2602207531-scaled-e1583181593867.jpeg\" alt=\"Les enjeux de la Digital Workplace\" width=\"519\" height=\"340\" \/><figcaption id=\"caption-attachment-47065\" class=\"wp-caption-text\">Les enjeux de la Digital Workplace sont nombreux. Andr\u00e9 Wei de Chantelle nous les a d\u00e9crits lors de la matinale IT for Business du 26 f\u00e9vrier \u00e0 Paris<\/figcaption><\/figure>\n<h3>Les points de douleurs de la Digital Workplace sont nombreux<\/h3>\n<p>Encore aujourd\u2019hui, les exemples sont nombreux des difficult\u00e9s rencontr\u00e9es par les utilisateurs de partage des infos, d\u2019acc\u00e8s aux SI, de connexion aux conf\u00e9rences vid\u00e9o \u2026 \u00ab il y a beaucoup de points de douleur autour de la Digital Workplace \u00bb a d\u00e9clar\u00e9 Andr\u00e9 Wei, CTO de Chantelle dans son introduction de la matinale IT for business d\u00e9di\u00e9e au sujet le 26\/02\/2020 \u00e0 Paris. Il a \u00e9t\u00e9 rejoint en ce sens par beaucoup d\u2019autres t\u00e9moins, notamment ceux des MOA de Total et EDF.<\/p>\n<figure id=\"attachment_54676\" aria-describedby=\"caption-attachment-54676\" style=\"width: 650px\" class=\"wp-caption aligncenter\"><a href=\"https:\/\/visionarymarketing.com\/blog\/environnement-travail-futur\/\"><img decoding=\"async\" class=\"wp-image-54676 size-full\" src=\"https:\/\/visionarymarketing.com\/wp-content\/uploads\/2020\/09\/et-banniere-large.png\" alt=\"\" width=\"650\" height=\"174\" srcset=\"https:\/\/visionarymarketing.com\/wp-content\/uploads\/2020\/09\/et-banniere-large.png 650w, https:\/\/visionarymarketing.com\/wp-content\/uploads\/2020\/09\/et-banniere-large-500x134.png 500w\" sizes=\"(max-width: 650px) 100vw, 650px\" \/><\/a><figcaption id=\"caption-attachment-54676\" class=\"wp-caption-text\">Le dossier sur l\u2019<a href=\"https:\/\/visionarymarketing.com\/fr\/environnement-travail-futur\/\" target=\"_blank\" rel=\"noopener noreferrer\">environnement du travail de demain<\/a>\u00a0est r\u00e9alis\u00e9 avec\u00a0<a href=\"http:\/\/selceon.com\/\" target=\"_blank\" rel=\"noopener noreferrer\">Selceon<\/a><\/figcaption><\/figure>\n<p><!--more--><\/p>\n<h3>Au fait, Digital Workplace,\u00a0\u00e7a veut dire quoi\u00a0?<\/h3>\n<p>Digital Workplace est d\u2019ailleurs un vocable qui recouvre beaucoup de significations, son utilisation g\u00e9n\u00e9ralis\u00e9e, comme annonc\u00e9 par les consultants de Lecko en janvier dernier, n\u2019est pas sans soulever des questionnements.<\/p>\n<p>\u00ab\u00a0On parlait de poste de travail auparavant, maintenant on parle de Digital Workplace\u00a0\u00bb a ajout\u00e9 Andr\u00e9 Wei, voil\u00e0 qui est plus clair. Mais au-del\u00e0 du changement de terme, c\u2019est \u00e0 de nouveaux usages que nous sommes confront\u00e9s, ou plut\u00f4t, ce qui est nouveau est leur g\u00e9n\u00e9ralisation.<\/p>\n<figure id=\"attachment_47063\" aria-describedby=\"caption-attachment-47063\" style=\"width: 520px\" class=\"wp-caption aligncenter\"><img decoding=\"async\" class=\"wp-image-47063 size-full\" src=\"https:\/\/visionarymarketing.com\/wp-content\/uploads\/2020\/03\/enjeux-digital-workplace-e1583181352900.png\" alt=\"Enjeux de la digital Workplace\" width=\"520\" height=\"339\" \/><figcaption id=\"caption-attachment-47063\" class=\"wp-caption-text\">L&rsquo;affiche de la matinale IT for Business du 26 f\u00e9vrier \u00e0 Paris o\u00f9 nous avons pass\u00e9 en revue les enjeux de la mise en \u0153uvre de la Digital Workplace<\/figcaption><\/figure>\n<h3>La Digital Workplace, synth\u00e8se de l\u2019\u00e9volution des modes de travail<\/h3>\n<p><strong>C\u2019est qu\u2019on parle de nouveaux usages, de nouveaux moyens de travail pour les collaborateurs et d\u2019une v\u00e9ritable exp\u00e9rience employ\u00e9s plus que de logiciels. <\/strong><\/p>\n<p>En cons\u00e9quence, j\u2019ai remarqu\u00e9 que le vocable recouvrait parfois les sujets d\u2019infrastructure, d\u2019autres fois des sujets de travail collaboratif, d\u2019autres fois encore, des aspects humains et organisationnels. Bref, des sujets connexes et tous interreli\u00e9s, et une Digital Workplace qui vient au milieu de tout cela pour faire la synth\u00e8se de tous ces points.<\/p>\n<h3><strong>La Digital Workplace \u00e0 l\u2019\u00e9preuve du terrain<\/strong><\/h3>\n<p>Ainsi, Andr\u00e9 Wei\u00a0 a partag\u00e9 avec nous son exp\u00e9rience \u00e0 son arriv\u00e9e chez Chantelle en 2017, apr\u00e8s un passage dans un cabinet de consultants tr\u00e8s agiles (Bain). Arriv\u00e9 au moment des budgets, il fut t\u00e9moin d\u2019une \u00ab\u00a0grand-messe \u00e0 base de fichiers XL\u00a0\u00bb.<\/p>\n<p>Ce fut pour lui un \u00ab\u00a0retour aux ann\u00e9es 90\u00a0\u00bb, et il a \u0153uvr\u00e9 pour que cela change. \u00ab\u00a0L\u2019utilisateur a des applications sur son t\u00e9l\u00e9phone et il est habitu\u00e9 \u00e0 communiquer\u00a0, alors comment imaginer le retour en arri\u00e8re en entreprise\u00a0?\u00a0\u00bb, a-t-il ajout\u00e9 pour faire \u00e9cho \u00e0 <a href=\"https:\/\/visionarymarketing.com\/fr\/2020\/02\/critiques-dsi\/\">un billet que nous avons publi\u00e9 ant\u00e9rieurement<\/a>.<\/p>\n<h3>3 raisons principales pour travailler avec les Digital Workplace<\/h3>\n<p>Selon le CTO de Chantelle, il existe 3 enjeux principaux pour mettre en \u0153uvre une Digital Workplace, am\u00e9liorer les processus de l\u2019entreprise et inculquer de nouvelles mani\u00e8res de travailler.<\/p>\n<ol>\n<li>D\u2019abord l\u2019<strong>efficience et la productivit\u00e9<\/strong> : on ne peut plus arriver 30 minutes avant la conf\u00e9rence pour s\u2019assurer que \u00e7a marche. \u00c7a peut para\u00eetre \u00e9trange, mais les collaborateurs ont toujours du mal avec la collaboration.<\/li>\n<li>Ensuite, <strong>la collaboration<\/strong> est importante, on parle ici de l\u2019entreprise apprenante\u00a0: l\u2019enjeu est de <strong>faire travailler les gens ensemble<\/strong> pour d\u00e9passer la somme des individualit\u00e9s.<\/li>\n<li>Troisi\u00e8mement, un <strong>enjeu RH<\/strong> : pour un nouvel employ\u00e9, le retour en arri\u00e8re ne fait pas bon effet. Quand on recrute un nouveau talent dans le marketing et l\u2019IT, il y a un enjeu de r\u00e9tention. Pendant les entretiens d\u2019embauche on nous demande : \u00ab Quelle est votre politique de t\u00e9l\u00e9travail \u00bb on est en concurrence avec ces enjeux RH aussi. \u00ab\u00a0Se faire un alli\u00e9 des RH est une bonne tactique\u00a0\u00bb, a expliqu\u00e9 Andr\u00e9 Wei.<\/li>\n<\/ol>\n<h3>Il faut devenir la DSI qui dit \u00ab\u00a0oui\u00a0!\u00a0\u00bb et pas la DSI qui dit \u00ab\u00a0non\u00a0!\u00a0\u00bb<\/h3>\n<p>En r\u00e9sum\u00e9, selon Andr\u00e9 Wei, la mise en \u0153uvre d\u2019une Digital Workplace va plus loin que la \u00ab\u00a0simple\u00a0\u00bb transformation du SI (si tant est qu\u2019on puisse trouver cela simple) :<\/p>\n<ul>\n<li>\u00ab\u00a0Cela ne peut pas \u00eatre la lubie d\u2019un DSI ou d\u2019un CTO <strong>c\u2019est un enjeu m\u00e9tier li\u00e9 \u00e0 l\u2019environnement technologique<\/strong> (e-commerce, omnicanalit\u00e9, data &#8230;)\u00a0\u00bb a d\u00e9crit le patron de l\u2019IT de Chantelle qui a r\u00e9ussi notamment \u00e0 faire bouger les choses en amenant un conf\u00e9rencier \u00e0 parler de transformation digitale en \u00e9vitant de parler technique. \u00ab\u00a0Cela a fait vraiment bouger les choses\u00a0\u00bb, a-t-il expliqu\u00e9.<\/li>\n<li>Pour r\u00e9ussir la mise en \u0153uvre de sa Digital Workplace, <strong>un travail de transformation en amont va \u00eatre \u00e9galement n\u00e9cessaire<\/strong>. C\u2019est un effort sur les pr\u00e9requis qui est absolument obligatoire, a expliqu\u00e9 Andr\u00e9 Wei. Notamment sur le r\u00e9seau\u00a0: \u00ab\u00a0Sans r\u00e9seau, rien ne va fonctionner et l\u2019adh\u00e9sion sera minimale\u00a0\u00bb. C\u2019est un travail d\u2019infrastructure, mais aussi de circulation des donn\u00e9es, de RPA et d\u2019automatisation au service des usages. \u00ab\u00a0<strong>L\u2019enjeu est de devenir la DSI qui dit \u00ab\u00a0oui\u00a0!\u00a0\u00bb et pas la DSI qui dit \u00ab\u00a0non\u00a0!\u00a0\u00bb\u00a0<\/strong>\u00bb. Une bonne fa\u00e7on de voir les choses, \u00e0 mon avis.<\/li>\n<li><strong>Enfin et surtout, la conduite du changement<\/strong>. C\u2019est m\u00eame le c\u0153ur du projet selon Andr\u00e9 Wei.<\/li>\n<\/ul>\n<h3>Les points cruciaux du projet<\/h3>\n<p>Selon Andr\u00e9 Wei, un projet de <a href=\"https:\/\/visionarymarketing.com\/fr\/2020\/02\/digital-workplace\/\">Digital Workplace<\/a> passe par les phases suivantes\u00a0:<\/p>\n<p>1) <strong>l\u2019engagement du Comex<\/strong> en tant que sponsor du projet afin d\u2019attribuer des moyens. \u00ab Ce sont les premiers \u00e0 convaincre, et il n\u2019est pas forc\u00e9ment facile de faire passer la compr\u00e9hension de l&rsquo;importance du sujet.<\/p>\n<p>2) <strong>l\u2019engagement des \u00e9quipes<\/strong> qui doivent \u00eatre derri\u00e8re le projet. Le service-desk doit suivre notamment, il doit \u00eatre en phase avec le projet et \u00ab\u00a0ce n\u2019est pas un petit probl\u00e8me\u00a0\u00bb.<\/p>\n<p>3) <strong>l\u2019accompagnement au changement des utilisateurs<\/strong> (avec des programmes de champions, par exemple). \u00ab\u00a0J\u2019aime bien dire qu\u2019il y a une histoire de ton\u00a0\u00bb a conclu M. Wei, \u00ab\u00a0La DSI doit ajouter une image \u00e0 l\u2019aspect RH, apporter de la p\u00e9dagogie et de la simplicit\u00e9\u00a0\u00bb.<\/p>\n<p>Et comme toujours quand on parle de simplicit\u00e9, il s\u2019agit d\u2019une t\u00e2che bigrement difficile.<\/p>\n","protected":false},"excerpt":{"rendered":"<p>Retour d\u2019exp\u00e9rience sur la mise en \u0153uvre de la Digital Workplace La matinale IT for business du 26 f\u00e9vrier 2020 d\u00e9di\u00e9e \u00e0 la Digital Workplace a \u00e9t\u00e9 riche d\u2019enseignements sur la mani\u00e8re de d\u00e9ployer les solutions de collaboration dans les entreprises avec des t\u00e9moignages des nombreux invit\u00e9s. Des sch\u00e9mas de d\u00e9ploiement de ces types de &hellip;<\/p>\n","protected":false},"author":2,"featured_media":50991,"comment_status":"open","ping_status":"closed","sticky":false,"template":"","format":"standard","meta":{"footnotes":""},"categories":[4065],"tags":[],"class_list":["post-47060","post","type-post","status-publish","format-standard","has-post-thumbnail","hentry","category-it-du-futur-aujourdhui"],"yoast_head":"<!-- This site is optimized with the Yoast SEO plugin v27.5 - https:\/\/yoast.com\/product\/yoast-seo-wordpress\/ -->\n<title>Les 3 enjeux de la mise en place d\u2019une Digital Workplace<\/title>\n<meta name=\"description\" content=\"Quels sont les enjeux de la digital workplace. Andr\u00e9 Wei, CTO de Chantelle, en d\u00e9nombre 3 principaux lors d&#039;une conf\u00e9rence Digital Workplace.\" \/>\n<meta name=\"robots\" content=\"index, follow, max-snippet:-1, max-image-preview:large, max-video-preview:-1\" \/>\n<link rel=\"canonical\" href=\"https:\/\/visionarymarketing.com\/fr\/2020\/03\/03\/enjeux-digital-workplace\/\" \/>\n<meta property=\"og:locale\" content=\"fr_FR\" \/>\n<meta property=\"og:type\" content=\"article\" \/>\n<meta property=\"og:title\" content=\"Les 3 enjeux de la mise en place d\u2019une Digital Workplace\" \/>\n<meta property=\"og:description\" content=\"Quels sont les enjeux de la digital workplace. Andr\u00e9 Wei, CTO de Chantelle, en d\u00e9nombre 3 principaux lors d&#039;une conf\u00e9rence Digital Workplace.\" \/>\n<meta property=\"og:url\" content=\"https:\/\/visionarymarketing.com\/fr\/2020\/03\/03\/enjeux-digital-workplace\/\" \/>\n<meta property=\"og:site_name\" content=\"Marketing and Innovation\" \/>\n<meta property=\"article:publisher\" content=\"https:\/\/www.facebook.com\/vismktg\" \/>\n<meta property=\"article:author\" content=\"http:\/\/facebook.com\/ygourven\" \/>\n<meta property=\"article:published_time\" content=\"2020-03-03T07:30:12+00:00\" \/>\n<meta property=\"article:modified_time\" content=\"2021-07-14T16:13:42+00:00\" \/>\n<meta property=\"og:image\" content=\"https:\/\/visionarymarketing.com\/wp-content\/uploads\/2020\/03\/IT4Biz-2602207531-scaled-1.jpeg\" \/>\n\t<meta property=\"og:image:width\" content=\"1365\" \/>\n\t<meta property=\"og:image:height\" content=\"1024\" \/>\n\t<meta property=\"og:image:type\" content=\"image\/jpeg\" \/>\n<meta name=\"author\" content=\"Yann Gourvennec\" \/>\n<meta name=\"twitter:card\" content=\"summary_large_image\" \/>\n<meta name=\"twitter:creator\" content=\"@ygourven\" \/>\n<meta name=\"twitter:site\" content=\"@ygourven\" \/>\n<meta name=\"twitter:label1\" content=\"\u00c9crit par\" \/>\n\t<meta name=\"twitter:data1\" content=\"Yann Gourvennec\" \/>\n\t<meta name=\"twitter:label2\" content=\"Dur\u00e9e de lecture estim\u00e9e\" \/>\n\t<meta name=\"twitter:data2\" content=\"6 minutes\" \/>\n<script type=\"application\/ld+json\" class=\"yoast-schema-graph\">{\"@context\":\"https:\\\/\\\/schema.org\",\"@graph\":[{\"@type\":\"NewsArticle\",\"@id\":\"https:\\\/\\\/visionarymarketing.com\\\/fr\\\/2020\\\/03\\\/03\\\/enjeux-digital-workplace\\\/#article\",\"isPartOf\":{\"@id\":\"https:\\\/\\\/visionarymarketing.com\\\/fr\\\/2020\\\/03\\\/03\\\/enjeux-digital-workplace\\\/\"},\"author\":{\"name\":\"Yann Gourvennec\",\"@id\":\"https:\\\/\\\/visionarymarketing.com\\\/fr\\\/#\\\/schema\\\/person\\\/3754fee1e558f47b8deb46f53c37423e\"},\"headline\":\"Les 3 enjeux de la mise en place d\u2019une Digital Workplace\",\"datePublished\":\"2020-03-03T07:30:12+00:00\",\"dateModified\":\"2021-07-14T16:13:42+00:00\",\"mainEntityOfPage\":{\"@id\":\"https:\\\/\\\/visionarymarketing.com\\\/fr\\\/2020\\\/03\\\/03\\\/enjeux-digital-workplace\\\/\"},\"wordCount\":1248,\"commentCount\":0,\"image\":{\"@id\":\"https:\\\/\\\/visionarymarketing.com\\\/fr\\\/2020\\\/03\\\/03\\\/enjeux-digital-workplace\\\/#primaryimage\"},\"thumbnailUrl\":\"https:\\\/\\\/visionarymarketing.com\\\/wp-content\\\/uploads\\\/2020\\\/03\\\/IT4Biz-2602207531-scaled-1.jpeg\",\"articleSection\":[\"IT du futur aujourd'hui\"],\"inLanguage\":\"fr-FR\",\"potentialAction\":[{\"@type\":\"CommentAction\",\"name\":\"Comment\",\"target\":[\"https:\\\/\\\/visionarymarketing.com\\\/fr\\\/2020\\\/03\\\/03\\\/enjeux-digital-workplace\\\/#respond\"]}]},{\"@type\":\"WebPage\",\"@id\":\"https:\\\/\\\/visionarymarketing.com\\\/fr\\\/2020\\\/03\\\/03\\\/enjeux-digital-workplace\\\/\",\"url\":\"https:\\\/\\\/visionarymarketing.com\\\/fr\\\/2020\\\/03\\\/03\\\/enjeux-digital-workplace\\\/\",\"name\":\"Les 3 enjeux de la mise en place d\u2019une Digital Workplace\",\"isPartOf\":{\"@id\":\"https:\\\/\\\/visionarymarketing.com\\\/fr\\\/#website\"},\"primaryImageOfPage\":{\"@id\":\"https:\\\/\\\/visionarymarketing.com\\\/fr\\\/2020\\\/03\\\/03\\\/enjeux-digital-workplace\\\/#primaryimage\"},\"image\":{\"@id\":\"https:\\\/\\\/visionarymarketing.com\\\/fr\\\/2020\\\/03\\\/03\\\/enjeux-digital-workplace\\\/#primaryimage\"},\"thumbnailUrl\":\"https:\\\/\\\/visionarymarketing.com\\\/wp-content\\\/uploads\\\/2020\\\/03\\\/IT4Biz-2602207531-scaled-1.jpeg\",\"datePublished\":\"2020-03-03T07:30:12+00:00\",\"dateModified\":\"2021-07-14T16:13:42+00:00\",\"author\":{\"@id\":\"https:\\\/\\\/visionarymarketing.com\\\/fr\\\/#\\\/schema\\\/person\\\/3754fee1e558f47b8deb46f53c37423e\"},\"description\":\"Quels sont les enjeux de la digital workplace. Andr\u00e9 Wei, CTO de Chantelle, en d\u00e9nombre 3 principaux lors d'une conf\u00e9rence Digital Workplace.\",\"breadcrumb\":{\"@id\":\"https:\\\/\\\/visionarymarketing.com\\\/fr\\\/2020\\\/03\\\/03\\\/enjeux-digital-workplace\\\/#breadcrumb\"},\"inLanguage\":\"fr-FR\",\"potentialAction\":[{\"@type\":\"ReadAction\",\"target\":[\"https:\\\/\\\/visionarymarketing.com\\\/fr\\\/2020\\\/03\\\/03\\\/enjeux-digital-workplace\\\/\"]}]},{\"@type\":\"ImageObject\",\"inLanguage\":\"fr-FR\",\"@id\":\"https:\\\/\\\/visionarymarketing.com\\\/fr\\\/2020\\\/03\\\/03\\\/enjeux-digital-workplace\\\/#primaryimage\",\"url\":\"https:\\\/\\\/visionarymarketing.com\\\/wp-content\\\/uploads\\\/2020\\\/03\\\/IT4Biz-2602207531-scaled-1.jpeg\",\"contentUrl\":\"https:\\\/\\\/visionarymarketing.com\\\/wp-content\\\/uploads\\\/2020\\\/03\\\/IT4Biz-2602207531-scaled-1.jpeg\",\"width\":1365,\"height\":1024},{\"@type\":\"BreadcrumbList\",\"@id\":\"https:\\\/\\\/visionarymarketing.com\\\/fr\\\/2020\\\/03\\\/03\\\/enjeux-digital-workplace\\\/#breadcrumb\",\"itemListElement\":[{\"@type\":\"ListItem\",\"position\":1,\"name\":\"Home\",\"item\":\"https:\\\/\\\/visionarymarketing.com\\\/fr\\\/\"},{\"@type\":\"ListItem\",\"position\":2,\"name\":\"Les 3 enjeux de la mise en place d\u2019une Digital Workplace\"}]},{\"@type\":\"WebSite\",\"@id\":\"https:\\\/\\\/visionarymarketing.com\\\/fr\\\/#website\",\"url\":\"https:\\\/\\\/visionarymarketing.com\\\/fr\\\/\",\"name\":\"Marketing and Innovation\",\"description\":\"Site d&#039;infos ind\u00e9pendant, depuis 1996\",\"potentialAction\":[{\"@type\":\"SearchAction\",\"target\":{\"@type\":\"EntryPoint\",\"urlTemplate\":\"https:\\\/\\\/visionarymarketing.com\\\/fr\\\/?s={search_term_string}\"},\"query-input\":{\"@type\":\"PropertyValueSpecification\",\"valueRequired\":true,\"valueName\":\"search_term_string\"}}],\"inLanguage\":\"fr-FR\"},{\"@type\":\"Person\",\"@id\":\"https:\\\/\\\/visionarymarketing.com\\\/fr\\\/#\\\/schema\\\/person\\\/3754fee1e558f47b8deb46f53c37423e\",\"name\":\"Yann Gourvennec\",\"image\":{\"@type\":\"ImageObject\",\"inLanguage\":\"fr-FR\",\"@id\":\"https:\\\/\\\/secure.gravatar.com\\\/avatar\\\/5972001801e8de5692a3e31224e85769f50a55fb8b679749f9c8d1868cceff14?s=96&d=initials&r=g&initials=yg\",\"url\":\"https:\\\/\\\/secure.gravatar.com\\\/avatar\\\/5972001801e8de5692a3e31224e85769f50a55fb8b679749f9c8d1868cceff14?s=96&d=initials&r=g&initials=yg\",\"contentUrl\":\"https:\\\/\\\/secure.gravatar.com\\\/avatar\\\/5972001801e8de5692a3e31224e85769f50a55fb8b679749f9c8d1868cceff14?s=96&d=initials&r=g&initials=yg\",\"caption\":\"Yann Gourvennec\"},\"description\":\"Yann Gourvennec created visionarymarketing.com in 1996. He is a speaker and author of many books. In 2014 he went from intrapreneur to entrepreneur, when he created his digital marketing agency. Yann Gourvennec a cr\u00e9\u00e9 visionarymarketing.com en 1996. Il est conf\u00e9rencier et auteur de plusieurs livres. En 2014, il est pass\u00e9 d'intrapreneur \u00e0 entrepreneur en cr\u00e9ant son agence de marketing num\u00e9rique.\",\"sameAs\":[\"https:\\\/\\\/visionarymarketing.com\",\"http:\\\/\\\/facebook.com\\\/ygourven\",\"http:\\\/\\\/linkedin.com\\\/in\\\/ygourven\",\"https:\\\/\\\/x.com\\\/ygourven\",\"https:\\\/\\\/www.youtube.com\\\/c\\\/visionarymarketingagency\"],\"url\":\"https:\\\/\\\/visionarymarketing.com\\\/fr\\\/author\\\/yann-gourvennec\\\/\"}]}<\/script>\n<!-- \/ Yoast SEO plugin. -->","yoast_head_json":{"title":"Les 3 enjeux de la mise en place d\u2019une Digital Workplace","description":"Quels sont les enjeux de la digital workplace. Andr\u00e9 Wei, CTO de Chantelle, en d\u00e9nombre 3 principaux lors d'une conf\u00e9rence Digital Workplace.","robots":{"index":"index","follow":"follow","max-snippet":"max-snippet:-1","max-image-preview":"max-image-preview:large","max-video-preview":"max-video-preview:-1"},"canonical":"https:\/\/visionarymarketing.com\/fr\/2020\/03\/03\/enjeux-digital-workplace\/","og_locale":"fr_FR","og_type":"article","og_title":"Les 3 enjeux de la mise en place d\u2019une Digital Workplace","og_description":"Quels sont les enjeux de la digital workplace. Andr\u00e9 Wei, CTO de Chantelle, en d\u00e9nombre 3 principaux lors d'une conf\u00e9rence Digital Workplace.","og_url":"https:\/\/visionarymarketing.com\/fr\/2020\/03\/03\/enjeux-digital-workplace\/","og_site_name":"Marketing and Innovation","article_publisher":"https:\/\/www.facebook.com\/vismktg","article_author":"http:\/\/facebook.com\/ygourven","article_published_time":"2020-03-03T07:30:12+00:00","article_modified_time":"2021-07-14T16:13:42+00:00","og_image":[{"width":1365,"height":1024,"url":"https:\/\/visionarymarketing.com\/wp-content\/uploads\/2020\/03\/IT4Biz-2602207531-scaled-1.jpeg","type":"image\/jpeg"}],"author":"Yann Gourvennec","twitter_card":"summary_large_image","twitter_creator":"@ygourven","twitter_site":"@ygourven","twitter_misc":{"\u00c9crit par":"Yann Gourvennec","Dur\u00e9e de lecture estim\u00e9e":"6 minutes"},"schema":{"@context":"https:\/\/schema.org","@graph":[{"@type":"NewsArticle","@id":"https:\/\/visionarymarketing.com\/fr\/2020\/03\/03\/enjeux-digital-workplace\/#article","isPartOf":{"@id":"https:\/\/visionarymarketing.com\/fr\/2020\/03\/03\/enjeux-digital-workplace\/"},"author":{"name":"Yann Gourvennec","@id":"https:\/\/visionarymarketing.com\/fr\/#\/schema\/person\/3754fee1e558f47b8deb46f53c37423e"},"headline":"Les 3 enjeux de la mise en place d\u2019une Digital Workplace","datePublished":"2020-03-03T07:30:12+00:00","dateModified":"2021-07-14T16:13:42+00:00","mainEntityOfPage":{"@id":"https:\/\/visionarymarketing.com\/fr\/2020\/03\/03\/enjeux-digital-workplace\/"},"wordCount":1248,"commentCount":0,"image":{"@id":"https:\/\/visionarymarketing.com\/fr\/2020\/03\/03\/enjeux-digital-workplace\/#primaryimage"},"thumbnailUrl":"https:\/\/visionarymarketing.com\/wp-content\/uploads\/2020\/03\/IT4Biz-2602207531-scaled-1.jpeg","articleSection":["IT du futur aujourd'hui"],"inLanguage":"fr-FR","potentialAction":[{"@type":"CommentAction","name":"Comment","target":["https:\/\/visionarymarketing.com\/fr\/2020\/03\/03\/enjeux-digital-workplace\/#respond"]}]},{"@type":"WebPage","@id":"https:\/\/visionarymarketing.com\/fr\/2020\/03\/03\/enjeux-digital-workplace\/","url":"https:\/\/visionarymarketing.com\/fr\/2020\/03\/03\/enjeux-digital-workplace\/","name":"Les 3 enjeux de la mise en place d\u2019une Digital Workplace","isPartOf":{"@id":"https:\/\/visionarymarketing.com\/fr\/#website"},"primaryImageOfPage":{"@id":"https:\/\/visionarymarketing.com\/fr\/2020\/03\/03\/enjeux-digital-workplace\/#primaryimage"},"image":{"@id":"https:\/\/visionarymarketing.com\/fr\/2020\/03\/03\/enjeux-digital-workplace\/#primaryimage"},"thumbnailUrl":"https:\/\/visionarymarketing.com\/wp-content\/uploads\/2020\/03\/IT4Biz-2602207531-scaled-1.jpeg","datePublished":"2020-03-03T07:30:12+00:00","dateModified":"2021-07-14T16:13:42+00:00","author":{"@id":"https:\/\/visionarymarketing.com\/fr\/#\/schema\/person\/3754fee1e558f47b8deb46f53c37423e"},"description":"Quels sont les enjeux de la digital workplace. Andr\u00e9 Wei, CTO de Chantelle, en d\u00e9nombre 3 principaux lors d'une conf\u00e9rence Digital Workplace.","breadcrumb":{"@id":"https:\/\/visionarymarketing.com\/fr\/2020\/03\/03\/enjeux-digital-workplace\/#breadcrumb"},"inLanguage":"fr-FR","potentialAction":[{"@type":"ReadAction","target":["https:\/\/visionarymarketing.com\/fr\/2020\/03\/03\/enjeux-digital-workplace\/"]}]},{"@type":"ImageObject","inLanguage":"fr-FR","@id":"https:\/\/visionarymarketing.com\/fr\/2020\/03\/03\/enjeux-digital-workplace\/#primaryimage","url":"https:\/\/visionarymarketing.com\/wp-content\/uploads\/2020\/03\/IT4Biz-2602207531-scaled-1.jpeg","contentUrl":"https:\/\/visionarymarketing.com\/wp-content\/uploads\/2020\/03\/IT4Biz-2602207531-scaled-1.jpeg","width":1365,"height":1024},{"@type":"BreadcrumbList","@id":"https:\/\/visionarymarketing.com\/fr\/2020\/03\/03\/enjeux-digital-workplace\/#breadcrumb","itemListElement":[{"@type":"ListItem","position":1,"name":"Home","item":"https:\/\/visionarymarketing.com\/fr\/"},{"@type":"ListItem","position":2,"name":"Les 3 enjeux de la mise en place d\u2019une Digital Workplace"}]},{"@type":"WebSite","@id":"https:\/\/visionarymarketing.com\/fr\/#website","url":"https:\/\/visionarymarketing.com\/fr\/","name":"Marketing and Innovation","description":"Site d&#039;infos ind\u00e9pendant, depuis 1996","potentialAction":[{"@type":"SearchAction","target":{"@type":"EntryPoint","urlTemplate":"https:\/\/visionarymarketing.com\/fr\/?s={search_term_string}"},"query-input":{"@type":"PropertyValueSpecification","valueRequired":true,"valueName":"search_term_string"}}],"inLanguage":"fr-FR"},{"@type":"Person","@id":"https:\/\/visionarymarketing.com\/fr\/#\/schema\/person\/3754fee1e558f47b8deb46f53c37423e","name":"Yann Gourvennec","image":{"@type":"ImageObject","inLanguage":"fr-FR","@id":"https:\/\/secure.gravatar.com\/avatar\/5972001801e8de5692a3e31224e85769f50a55fb8b679749f9c8d1868cceff14?s=96&d=initials&r=g&initials=yg","url":"https:\/\/secure.gravatar.com\/avatar\/5972001801e8de5692a3e31224e85769f50a55fb8b679749f9c8d1868cceff14?s=96&d=initials&r=g&initials=yg","contentUrl":"https:\/\/secure.gravatar.com\/avatar\/5972001801e8de5692a3e31224e85769f50a55fb8b679749f9c8d1868cceff14?s=96&d=initials&r=g&initials=yg","caption":"Yann Gourvennec"},"description":"Yann Gourvennec created visionarymarketing.com in 1996. He is a speaker and author of many books. In 2014 he went from intrapreneur to entrepreneur, when he created his digital marketing agency. Yann Gourvennec a cr\u00e9\u00e9 visionarymarketing.com en 1996. Il est conf\u00e9rencier et auteur de plusieurs livres. En 2014, il est pass\u00e9 d'intrapreneur \u00e0 entrepreneur en cr\u00e9ant son agence de marketing num\u00e9rique.","sameAs":["https:\/\/visionarymarketing.com","http:\/\/facebook.com\/ygourven","http:\/\/linkedin.com\/in\/ygourven","https:\/\/x.com\/ygourven","https:\/\/www.youtube.com\/c\/visionarymarketingagency"],"url":"https:\/\/visionarymarketing.com\/fr\/author\/yann-gourvennec\/"}]}},"_links":{"self":[{"href":"https:\/\/visionarymarketing.com\/fr\/wp-json\/wp\/v2\/posts\/47060","targetHints":{"allow":["GET"]}}],"collection":[{"href":"https:\/\/visionarymarketing.com\/fr\/wp-json\/wp\/v2\/posts"}],"about":[{"href":"https:\/\/visionarymarketing.com\/fr\/wp-json\/wp\/v2\/types\/post"}],"author":[{"embeddable":true,"href":"https:\/\/visionarymarketing.com\/fr\/wp-json\/wp\/v2\/users\/2"}],"replies":[{"embeddable":true,"href":"https:\/\/visionarymarketing.com\/fr\/wp-json\/wp\/v2\/comments?post=47060"}],"version-history":[{"count":0,"href":"https:\/\/visionarymarketing.com\/fr\/wp-json\/wp\/v2\/posts\/47060\/revisions"}],"wp:featuredmedia":[{"embeddable":true,"href":"https:\/\/visionarymarketing.com\/fr\/wp-json\/wp\/v2\/media\/50991"}],"wp:attachment":[{"href":"https:\/\/visionarymarketing.com\/fr\/wp-json\/wp\/v2\/media?parent=47060"}],"wp:term":[{"taxonomy":"category","embeddable":true,"href":"https:\/\/visionarymarketing.com\/fr\/wp-json\/wp\/v2\/categories?post=47060"},{"taxonomy":"post_tag","embeddable":true,"href":"https:\/\/visionarymarketing.com\/fr\/wp-json\/wp\/v2\/tags?post=47060"}],"curies":[{"name":"wp","href":"https:\/\/api.w.org\/{rel}","templated":true}]}}