{"id":46984,"date":"2020-02-27T08:30:08","date_gmt":"2020-02-27T07:30:08","guid":{"rendered":"https:\/\/visionarymarketing.com\/?p=46984"},"modified":"2024-07-11T15:03:52","modified_gmt":"2024-07-11T13:03:52","slug":"critiques-dsi","status":"publish","type":"post","link":"https:\/\/visionarymarketing.com\/fr\/2020\/02\/27\/critiques-dsi\/","title":{"rendered":"Innovation\u202f: les utilisateurs ont-ils raison de critiquer les DSI\u202f?"},"content":{"rendered":"<p>Les critiques des utilisateurs envers les DSI sont-elles justifi\u00e9es ?\u00a0L\u2019informatique s\u2019est impos\u00e9e comme m\u00e9tier de toute entreprise, nous l\u2019avons vu dans un <a href=\"https:\/\/visionarymarketing.com\/fr\/2020\/02\/informatique-entreprise-2\/\" target=\"_blank\" rel=\"noopener noreferrer\">article pr\u00e9c\u00e9dent<\/a>, et son syst\u00e8me d\u2019information est en toute logique devenu un <strong>organe vital sans lequel la productivit\u00e9 ne peut \u00eatre optimale<\/strong>. Cette valeur n\u2019est cependant pas per\u00e7ue de la m\u00eame mani\u00e8re par toutes les parties prenantes de l\u2019entreprise.<\/p>\n<figure id=\"attachment_47001\" aria-describedby=\"caption-attachment-47001\" style=\"width: 519px\" class=\"wp-caption aligncenter\"><img decoding=\"async\" class=\"wp-image-47001 size-full\" src=\"https:\/\/visionarymarketing.com\/wp-content\/uploads\/2020\/02\/jumpstory-download20200226-193807-scaled-e1583269175226.jpg\" alt=\"innovation DSI\" width=\"519\" height=\"339\" \/><figcaption id=\"caption-attachment-47001\" class=\"wp-caption-text\">Les utilisateurs aiment critiquer les DSI, mais ont-ils raison ?<\/figcaption><\/figure>\n<p>Les utilisateurs \u2014\u202fque l\u2019on appelle aussi \u00ab\u202fles m\u00e9tiers\u202f\u00bb \u2014\u202fsont souvent tr\u00e8s critiques des informaticiens et des DSI, qu\u2019ils ne gratifient que rarement de louanges. Les marketeurs ne sont pas en reste, notamment, et pour avoir pratiqu\u00e9 la ma\u00eetrise d\u2019ouvrage depuis de nombreuses ann\u00e9es, et avoir eu un pied dans chacun des deux camps, je peux dire que la m\u00e9fiance entre les deux populations pas d\u2019hier.<\/p>\n<p>Le temps a chang\u00e9 la <strong>perception de l\u2019IT par les utilisateurs<\/strong>, qui ne la consid\u00e8rent plus comme un animal \u00e9trange (car elle est devenue banale). Ce n\u2019est pas pour autant que les critiques ont arr\u00eat\u00e9 de fuser \u00e0 l\u2019\u00e9gard de la DSI. Ces critiques sont-elles justifi\u00e9es\u202f? C\u2019est l\u2019enqu\u00eate du jour, r\u00e9alis\u00e9e dans le cadre de notre dossier sur l\u2019Environnement de Travail du futur avec notre sponsor Selceon, et l\u2019interview de son co-fondateur Eric Tavidian.<\/p>\n<figure id=\"attachment_54676\" aria-describedby=\"caption-attachment-54676\" style=\"width: 650px\" class=\"wp-caption aligncenter\"><a href=\"https:\/\/visionarymarketing.com\/blog\/environnement-travail-futur\/\"><img decoding=\"async\" class=\"wp-image-54676 size-full\" src=\"https:\/\/visionarymarketing.com\/wp-content\/uploads\/2020\/09\/et-banniere-large.png\" alt=\"\" width=\"650\" height=\"174\" srcset=\"https:\/\/visionarymarketing.com\/wp-content\/uploads\/2020\/09\/et-banniere-large.png 650w, https:\/\/visionarymarketing.com\/wp-content\/uploads\/2020\/09\/et-banniere-large-500x134.png 500w\" sizes=\"(max-width: 650px) 100vw, 650px\" \/><\/a><figcaption id=\"caption-attachment-54676\" class=\"wp-caption-text\">Le dossier sur l\u2019<a href=\"https:\/\/visionarymarketing.com\/fr\/environnement-travail-futur\/\" target=\"_blank\" rel=\"noopener noreferrer\">environnement du travail de demain<\/a>\u00a0est r\u00e9alis\u00e9 avec\u00a0<a href=\"http:\/\/selceon.com\/\" target=\"_blank\" rel=\"noopener noreferrer\">Selceon<\/a><\/figcaption><\/figure>\n<h2>3 raisons pour lesquelles les DSI sont critiqu\u00e9s<\/h2>\n<p>Avoir un bon SI ne suffit pas\u202f: la valeur per\u00e7ue du travail effectu\u00e9 par la direction des syst\u00e8mes d\u2019information (DSI) se fait aussi et surtout au travers de l\u2019<strong>environnement de travail<\/strong> dans lequel l\u2019utilisateur \u00e9volue. De nombreux facteurs qui ne d\u00e9pendent pas de la DSI peuvent ainsi entraver la bonne exp\u00e9rience de l\u2019utilisateur et l\u2019emp\u00eacher de travailler comme il le souhaite.<\/p>\n<h2>Les critiques vis \u00e0 vis des DSI toujours acerbes, m\u00eame aux USA<\/h2>\n<p>L\u2019une des rares \u00e9tudes disponibles sur le sujet laisse peu de place au doute. <a href=\"https:\/\/www.zdnet.com\/article\/what-do-business-people-think-of-their-cio\/\" target=\"_blank\" rel=\"noopener noreferrer\">Forrester a pos\u00e9 en 2014 la question \u00e0 3200 personnes issues de diff\u00e9rents d\u00e9partements<\/a> (essentiellement des entreprises am\u00e9ricaines)\u202f: \u00ab la DSI vous permet-elle de rendre votre d\u00e9partement plus performant\u202f?\u202f\u00bb.<\/p>\n<p>Les r\u00e9ponses positives plafonnent \u00e0 seulement 21% pour la relation client, 22% pour le d\u00e9veloppement produit, 26% pour les ventes et 31% pour la R&amp;D.<\/p>\n<h4><strong>La fracture entre la DSI et les m\u00e9tiers est bien r\u00e9elle, les critiques aussi<\/strong><\/h4>\n<p>Bien r\u00e9elle, certes, mais comment l\u2019expliquer. Ce ph\u00e9nom\u00e8ne m\u2019a toujours interloqu\u00e9.<\/p>\n<p>Sans IT l\u2019entreprise ne vaut plus rien. Il suffit de voir ces entreprises, ou institutions, qui s\u2019arr\u00eatent, car \u00ab\u202fl\u2019informatique est en panne\u202f\u00bb. Ainsi, en 2017, 17 h\u00f4pitaux publics britanniques furent mis au ch\u00f4mage technique par le Ransomware WannaCry. Et <a href=\"https:\/\/www.silicon.fr\/wannacry-2-0-renaultpas-seule-entreprise-touchee-france-174731.html\" target=\"_blank\" rel=\"noopener noreferrer\">ne croyez pas que la France est \u00e0 l\u2019abri derri\u00e8re ses fronti\u00e8res<\/a> comme au temps de Tchernobyl. Ce n\u2019est pas vrai.<\/p>\n<p>Alors pourquoi les d\u00e9partements responsables de ces infrastructures, mat\u00e9rielles logicielles et r\u00e9seau, aussi cruciales soient-elles, peuvent-elles \u00eatre l\u2019objet de critiques aussi fortes. N\u2019y a-t-il pas une injustice dans ces reproches\u202f?<\/p>\n<p>Il se trouve que l\u2019environnement de travail est au centre de ces d\u00e9bats et j\u2019ai demand\u00e9 \u00e0 <em>Eric Tavidian, co-fondateur de Selceon<\/em>, de m\u2019aider \u00e0 comprendre et expliquer ce d\u00e9calage, et voir comment y rem\u00e9dier, notamment en remettant la DSI \u00e0 nouveau au service des m\u00e9tiers.<\/p>\n<h3>La fracture entre DSI et utilisateurs est caus\u00e9e par 3 facteurs<\/h3>\n<h4>1 &#8211; Un environnement de travail peu consid\u00e9r\u00e9, au profit du SI<\/h4>\n<p>\u00ab\u202f<strong>La seule interaction entre le m\u00e9tier de l&rsquo;utilisateur et son SI est son environnement de travail\u202f<\/strong>\u00bb, nous explique \u00c9ric Tavidian, \u00ab\u202fl\u2019utilisateur ne voit le travail de la DSI que par ce prisme, avec un ressenti tr\u00e8s subjectif\u202f\u00bb. Il est ainsi <strong>difficile de mesurer la qualit\u00e9 per\u00e7ue du syst\u00e8me d&rsquo;information<\/strong> par l&rsquo;utilisateur car elle est directement li\u00e9e \u00e0 la mani\u00e8re dont il per\u00e7oit son entreprise, ses coll\u00e8gues, son management. Jusqu\u2019\u00e0 son humeur du moment qui peut d\u00e9former son jugement au point de le pousser \u00e0 donner des \u00ab\u202f<a href=\"https:\/\/web.archive.org\/web\/20230930220201\/https:\/\/arnaudjoubaire.fr\/filtres-mental-nettoyer\/\" target=\"_blank\" rel=\"noopener noreferrer\">coups de pied au chien<\/a>\u202f\u00bb comme on les appelle en psychologie (le fait de reporter ses \u00e9motions sur quelqu\u2019un d\u2019autre). Cet environnement de travail doit \u00eatre flexible, ouvert, s\u00e9curis\u00e9 et permettre de travailler, quels que soient le terminal et la localisation de l\u2019utilisateur.<\/p>\n<p>Le <strong>poste de travail est donc au centre de la perception du SI de l\u2019entreprise<\/strong> par l\u2019utilisateur. C\u2019est lui va conf\u00e9rer \u00e0 l\u2019employeur une image d\u2019innovateur, de suiveur voire de dinosaure (Moore aurait employ\u00e9 le vocable anglais de \u00ab\u202flaggard\u202f\u00bb, soit \u00ab\u202fretardataire\u202f\u00bb). C\u2019est donc un \u00e9l\u00e9ment cl\u00e9 de l\u2019image de l\u2019entreprise et m\u00eame de son attractivit\u00e9 en tant qu\u2019employeur.<\/p>\n<p><img decoding=\"async\" class=\"aligncenter wp-image-46993 size-full\" src=\"https:\/\/visionarymarketing.com\/wp-content\/uploads\/2020\/02\/selceon-DSI8-1.png\" alt=\"\" width=\"1314\" height=\"1094\" srcset=\"https:\/\/visionarymarketing.com\/wp-content\/uploads\/2020\/02\/selceon-DSI8-1.png 1230w, https:\/\/visionarymarketing.com\/wp-content\/uploads\/2020\/02\/selceon-DSI8-1-360x300.png 360w, https:\/\/visionarymarketing.com\/wp-content\/uploads\/2020\/02\/selceon-DSI8-1-1024x853.png 1024w, https:\/\/visionarymarketing.com\/wp-content\/uploads\/2020\/02\/selceon-DSI8-1-768x639.png 768w\" sizes=\"(max-width: 1314px) 100vw, 1314px\" \/><\/p>\n<p>M\u00eame si cela n\u2019est pas directement exprim\u00e9 (ou demand\u00e9 par l\u2019enqu\u00eateur) dans les <a href=\"https:\/\/start.lesechos.fr\/apprendre\/gagner-leadership\/l-etude-qui-tord-le-cou-aux-cliches-sur-la-generation-y-au-travail-8609.php\" target=\"_blank\" rel=\"noopener noreferrer\">\u00e9tudes sur la marque employeur,<\/a>\u00a0cette piste de travail reste valable. Car\u00a0l\u2019organisation, l\u2019apprentissage, la collaboration, entre autres choses, sont toutes d\u00e9pendantes de la qualit\u00e9 des outils qu\u2019on met dans les mains des employ\u00e9s. Sans postes de travail \u00e0 l\u2019\u00e9tat de l\u2019art, aucune innovation ni attractivit\u00e9 ne sont possibles pour l\u2019entreprise du 21e si\u00e8cle.<\/p>\n<p><em>Comment \u00ab\u202fpartager des t\u00e2ches avec des robots\u202f\u00bb avec un PC en Windows 7\u202f? Et ne parlons pas des \u00ab\u202fnouvelles formes de collaboration\u202f\u00bb ni m\u00eame de l\u2019acc\u00e8s aux derniers outils d\u2019e-learning dans le cadre de l\u2019acquisition de \u00ab\u202fcomp\u00e9tences et de connaissances\u202f\u00bb. Sondage Viavoice et Manpowergroup de 2017 via Les \u00c9chos.\u00a0<\/em><\/p>\n<h4>2 &#8211; Un poste de travail qui reste le parent pauvre des entreprises<\/h4>\n<p>Malgr\u00e9 cela, \u00c9ric Tavidian affirme que \u00ab\u202f<strong>le poste de travail a toujours \u00e9t\u00e9 trait\u00e9 par les entreprises comme le parent pauvre<\/strong>\u202f\u00bb, au profit du SI lui-m\u00eame. \u00ab\u202fAujourd&rsquo;hui, pour que le sujet du poste ou de l&rsquo;environnement de travail soit trait\u00e9, il faudrait qu&rsquo;un m\u00e9tier comme les ressources humaines le prenne en charge, ce qui est rarement le cas\u202f\u00bb, ajoute-t-il<\/p>\n<p>En effet, si l\u2019on pouvait croire qu\u2019il d\u00e9pend de la DSI, <strong>le poste de travail est en r\u00e9alit\u00e9 un sujet RH<\/strong>, conditionn\u00e9 par le parcours du collaborateur de l\u2019entreprise en son sein\u202f:<\/p>\n<ul>\n<li><strong>Arriv\u00e9e dans l&rsquo;entreprise\u202f:<\/strong> il faut au nouvel arrivant un environnement de travail qui mette \u00e0 disposition les applications qui vont fonctionner sur plusieurs terminaux\u202f;<\/li>\n<li><strong>Changement de poste\u202f<\/strong>: comme on change d&rsquo;environnement de travail, les applications utilis\u00e9es ne seront plus n\u00e9cessairement les m\u00eames. Un transfert de donn\u00e9es vers le rempla\u00e7ant devra \u00eatre effectu\u00e9\u202f;<\/li>\n<li><strong>D\u00e9part de l&rsquo;entreprise<\/strong>\u202f: il faudra couper les acc\u00e8s, sauvegarder les donn\u00e9es, r\u00e9cup\u00e9rer les donn\u00e9es personnelles.<\/li>\n<\/ul>\n<h4><strong>La r\u00e9alit\u00e9 du terrain sur le poste de travail et les \u00e9v\u00e9nements RH<\/strong><\/h4>\n<p>Ce que j\u2019ai observ\u00e9 sur le terrain est compl\u00e8tement \u00e0 l\u2019oppos\u00e9 de cela. L\u2019arriv\u00e9e est parfois bien g\u00e9r\u00e9e, il m\u2019est arriv\u00e9 d\u2019avoir de bonnes surprises et de d\u00e9couvrir, au premier jour de mon installation dans une nouvelle maison, un PC, sinon flambant neuf, du moins disponible et fonctionnel.<\/p>\n<p>J\u2019ai vu aussi l\u2019inverse, et notamment au sein d\u2019un groupe leader de l\u2019informatique mondiale, o\u00f9 j\u2019ai commenc\u00e9 mon travail en mission au Moyen-Orient. Loin du si\u00e8ge, sans le moindre acc\u00e8s au SI ni \u00e0 un poste de travail de l\u2019entreprise, j\u2019\u00e9tais livr\u00e9 \u00e0 moi-m\u00eame.<\/p>\n<p>Heureusement, j\u2019\u00e9tais \u00e0 la pointe du progr\u00e8s et j\u2019avais d\u00e9j\u00e0 \u00e0 l\u2019\u00e9poque, mon ordinateur portable personnel, que l\u2019ESN en question a bien voulu remplacer par un poste de travail plus standard au bout de 6 mois. Nul besoin de d\u00e9crire mon impression en tant que nouvel embauch\u00e9.<\/p>\n<p>Quant aux autres \u00e9v\u00e9nements, c\u2019est quasiment toujours la politique de la terre br\u00fbl\u00e9e qui r\u00e8gne, avec des effacements de disques et des reformatages et surtout, si le pr\u00e9d\u00e9cesseur n\u2019a pas la pr\u00e9sence d\u2019esprit de transmettre ses dossiers correctement, un red\u00e9marrage \u00e0 z\u00e9ro \u00e0 chaque prise de poste avec une perte quasi totale de la m\u00e9moire du travail accompli.<\/p>\n<p>\u00c9ric propose une explication \u00e0 ce ph\u00e9nom\u00e8ne\u202f: \u00ab<strong>\u202fLe poste de travail est donc bien conditionn\u00e9 par des \u00e9v\u00e9nements RH alors qu&rsquo;il est toujours pris en charge par la DSI<\/strong>. Le seul \u00e9v\u00e9nement de l&rsquo;environnement de travail qui devrait \u00eatre g\u00e9r\u00e9 par la DSI est la r\u00e9paration de ce poste de travail quand il tombe en panne\u202f\u00bb.<\/p>\n<h4>3 &#8211; Une informatique grand public tr\u00e8s (trop\u202f?) en avance<\/h4>\n<p>\u00ab\u202fDans un pass\u00e9 pas si lointain que cela, c&rsquo;est l&rsquo;\u00e9mergence de l&rsquo;IT dans les entreprises qui a acc\u00e9l\u00e9r\u00e9 l&rsquo;IT dans les m\u00e9nages. Aujourd&rsquo;hui, on s&rsquo;aper\u00e7oit que le m\u00e9canisme est contraire\u202f\u00bb, explique \u00c9ric Tavidian.<\/p>\n<p>Ce changement de paradigme o\u00f9 les outils grand public deviennent plus rapides, complets et performants que les outils professionnels (qu\u2019ils concernent le hardware ou le software), et conduisent au <strong>shadow IT<\/strong>, se nomme en anglais \u00ab\u00a0\u202f<a href=\"http:\/\/www.peachpit.com\/articles\/article.aspx?p=2027232&amp;seqNum=2\" target=\"_blank\" rel=\"noopener noreferrer\">commoditisation of technology<\/a> \u00a0\u00bb (banalisation en fran\u00e7ais).<\/p>\n<p>Une <a href=\"https:\/\/web.archive.org\/web\/20220202113825\/https:\/\/www.oracle.com\/fr\/a\/ocom\/docs\/dc\/final-oracle-and-kpmg-cloud-threat-report-2019.pdf\" target=\"_blank\" rel=\"noopener noreferrer\">\u00e9tude KPMG\/Oracle<\/a> rapportait en 2019 que sur les 452 professionnels de l\u2019IT interrog\u00e9s, 50% affirmaient avoir des donn\u00e9es accessibles \u00e0 des personnes non autoris\u00e9es \u00e0 cause de mat\u00e9riels ou logiciels utilis\u00e9s dans le dos de la DSI. Pire encore, <strong>48% ont subi l\u2019introduction de malware et 47% ont perdu des donn\u00e9es, pour les m\u00eames raisons<\/strong>. Les risques du shadow IT sont bien r\u00e9els, mais l\u2019utilisateur n\u2019en a souvent pas pleinement conscience.<\/p>\n<p>\u00ab<strong>\u202fL\u2019utilisateur ne prend pas en compte les probl\u00e9matiques de s\u00e9curit\u00e9<\/strong> qu&rsquo;il peut avoir sur son informatique domestique et ne comprend pas pourquoi il peut y avoir des ruptures de service et des ralentissements de temps de r\u00e9ponse\u202f\u00bb, pr\u00e9cise \u00c9ric. Cette<strong> diff\u00e9rence d&rsquo;attente entre ce qu\u2019est l\u2019informatique pour l\u2019utilisateur et ce qu\u2019elle est selon l\u2019entreprise est source de tensions<\/strong>, l\u2019utilisateur pensant avant tout \u00e0 la rapidit\u00e9 et \u00e0 l\u2019ergonomie, ignorant bien souvent les contraintes de la DSI, d\u2019ordres r\u00e9glementaire, budg\u00e9taire et s\u00e9curitaire.<\/p>\n<h3>Le m\u00e9tier des DSI a chang\u00e9 et ce n\u2019est pas fini<\/h3>\n<p>La DSI \u00e9tait il y a encore quelques ann\u00e9es l&rsquo;interface unique des m\u00e9tiers dans la conception et la mise \u00e0 disposition d\u2019un syst\u00e8me d&rsquo;information. \u00ab\u202fCe n&rsquo;est plus le cas d\u00e9sormais\u202f\u00bb, explique \u00c9ric Tavidian. \u00ab\u202fLa direction commerciale va choisir son CRM, SalesForce ou Dynamics de Microsoft, ou autre. <strong>\u00c0 quel moment aura-t-elle besoin de la DSI pour le faire ? Aucun\u00a0<\/strong>\u202f\u00bb.<\/p>\n<p>Restera \u00e0 la DSI la charge de contr\u00f4ler la s\u00e9curit\u00e9, maintenir le r\u00e9seau et piloter les contrats. Des t\u00e2ches qui s\u2019\u00e9loignent du d\u00e9veloppement pur, comme nous l\u2019expliquions dans un <a href=\"https:\/\/visionarymarketing.com\/fr\/2020\/02\/metiers-it-2\/\" target=\"_blank\" rel=\"noopener noreferrer\">article pr\u00e9c\u00e9dent.<\/a><\/p>\n<p>\u00ab\u202fLa DSI change de m\u00e9tier, ce qui veut dire qu\u2019elle <strong>subit plus les changements qu\u2019elle ne les dirige<\/strong>, du fait notamment de la banalisation de nombre de solutions qui sont la plupart du temps op\u00e9r\u00e9es par des tiers en mode cloud. Si le CRM utilis\u00e9 par l\u2019entreprise dysfonctionne, pour un probl\u00e8me de connexion ou de temps de r\u00e9ponse par exemple, la DSI ne pourra r\u00e9soudre le probl\u00e8me par elle-m\u00eame et devra ouvrir un ticket de support aupr\u00e8s de l&rsquo;\u00e9diteur. Elle va \u00eatre beaucoup moins actrice auparavant\u202f\u00bb, conclut \u00c9ric Tavidian.<\/p>\n<p>(<strong><em><a href=\"https:\/\/visionarymarketing.com\/fr\/2020\/02\/metiers-it-2\/\" target=\"_blank\" rel=\"noopener noreferrer\">Pour plus d\u2019explications sur ce ph\u00e9nom\u00e8ne, lire Chiffres, \u00e9tat des lieux et avenir des m\u00e9tiers de la DSI<\/a><\/em><\/strong>).<\/p>\n<h3>Bilan\u202f: les DSI m\u00e9ritent-ils les critiques des utilisateurs ?<\/h3>\n<p>En conclusion, les DSI m\u00e9ritent-ils d\u2019\u00eatre critiqu\u00e9s\u202f? Les reproches qui leur sont faits par les utilisateurs sont-ils justifi\u00e9s\u202f?<\/p>\n<p>\u00ab\u202fDans de nombreux cas, les entreprises sont satisfaites de leur DSI\u202f\u00bb, temp\u00e8re \u00c9ric. \u00ab\u202fCelles-ci sont <strong>bien souvent des \u00ab\u202fadopteurs pr\u00e9coces\u201d, pour reprendre le vocabulaire de Geoffrey Moore<\/strong>, qui ont tout de suite compris que leur monde changeait et que de nouveaux outils performants s&rsquo;approchaient de ce que connaissait l&rsquo;utilisateur \u00e0 titre priv\u00e9\u202f\u00bb, pr\u00e9cise-t-il.<\/p>\n<p>Cela n\u2019est cependant que rarement le cas dans les grandes entreprises. La mont\u00e9e \u00e0 l\u2019\u00e9chelle au rythme de l\u2019innovation technologique est bien plus difficile et co\u00fbteuse dans une entreprise de 150 000 personnes que dans une petite PME agile.<\/p>\n<p>Historiquement, les DSI de grandes entreprises ne font donc pas partie de ces \u00ab\u202fadopteurs pr\u00e9coces\u202f\u00bb,\u202fils travaillent sur des temps longs, sur des projets dont les impacts sur les m\u00e9tiers sont moins visibles imm\u00e9diatement. \u00ab\u202fAujourd&rsquo;hui, ces DSI ont compris que pour continuer \u00e0 cro\u00eetre ou tout simplement survivre, elles auront besoin de transformer leur approche de l&rsquo;IT, et tr\u00e8s vite\u202f\u00bb.<\/p>\n<div itemscope itemtype=\"http:\/\/schema.org\/AudioObject\"><meta itemprop=\"name\" content=\"Innovation\u202f: les utilisateurs ont-ils raison de critiquer les DSI\u202f?\" \/><meta itemprop=\"uploadDate\" content=\"2020-02-27T08:30:08+01:00\" \/><meta itemprop=\"encodingFormat\" content=\"audio\/mpeg\" \/><meta itemprop=\"duration\" content=\"PT19M16S\" \/><meta itemprop=\"description\" content=\"Les critiques des utilisateurs envers les DSI sont-elles justifi\u00e9es ?\u00a0L\u2019informatique s\u2019est impos\u00e9e comme m\u00e9tier de toute entreprise, nous l\u2019avons vu dans un article pr\u00e9c\u00e9dent, et son syst\u00e8me d\u2019information est en toute logique devenu un organe vital s...\" \/><meta itemprop=\"contentUrl\" content=\"https:\/\/media.blubrry.com\/visionarymarketing_les\/agence.visionarymarketing.com\/files\/podcasts\/Podcast-complet-article4-DSI-critiques-mixdown2.mp3\" \/><meta itemprop=\"contentSize\" content=\"26.5\" \/><div class=\"powerpress_player\" id=\"powerpress_player_5793\"><audio class=\"wp-audio-shortcode\" id=\"audio-46984-1\" preload=\"none\" style=\"width: 100%;\" controls=\"controls\"><source type=\"audio\/mpeg\" src=\"https:\/\/media.blubrry.com\/visionarymarketing_les\/agence.visionarymarketing.com\/files\/podcasts\/Podcast-complet-article4-DSI-critiques-mixdown2.mp3?_=1\" \/><a href=\"https:\/\/media.blubrry.com\/visionarymarketing_les\/agence.visionarymarketing.com\/files\/podcasts\/Podcast-complet-article4-DSI-critiques-mixdown2.mp3\">https:\/\/media.blubrry.com\/visionarymarketing_les\/agence.visionarymarketing.com\/files\/podcasts\/Podcast-complet-article4-DSI-critiques-mixdown2.mp3<\/a><\/audio><\/div><\/div><p class=\"powerpress_links powerpress_links_mp3\" style=\"margin-bottom: 1px !important;\">Podcast: <a href=\"https:\/\/media.blubrry.com\/visionarymarketing_les\/agence.visionarymarketing.com\/files\/podcasts\/Podcast-complet-article4-DSI-critiques-mixdown2.mp3\" class=\"powerpress_link_pinw\" target=\"_blank\" title=\"Play in new window\" onclick=\"return powerpress_pinw('https:\/\/visionarymarketing.com\/fr\/\/?powerpress_pinw=46984-podcast');\" rel=\"nofollow\">Play in new window<\/a> | <a href=\"https:\/\/media.blubrry.com\/visionarymarketing_les\/agence.visionarymarketing.com\/files\/podcasts\/Podcast-complet-article4-DSI-critiques-mixdown2.mp3\" class=\"powerpress_link_d\" title=\"Download\" rel=\"nofollow\" download=\"Podcast-complet-article4-DSI-critiques-mixdown2.mp3\">Download<\/a> (Duration: 19:16 &#8212; 26.5MB)<\/p><p class=\"powerpress_links powerpress_subscribe_links\">Subscribe: <a href=\"https:\/\/itunes.apple.com\/us\/podcast\/visionarymarketing-les-interviews\/id731295319?mt=2&amp;ls=1#episodeGuid=https%3A%2F%2Fvisionarymarketing.com%2F%3Fp%3D46984\" class=\"powerpress_link_subscribe powerpress_link_subscribe_itunes\" target=\"_blank\" title=\"Subscribe on Apple Podcasts\" rel=\"nofollow\">Apple Podcasts<\/a> | <a href=\"https:\/\/open.spotify.com\/show\/52VnZ1mhVSnDs4tQOx7Vuc\" class=\"powerpress_link_subscribe powerpress_link_subscribe_spotify\" target=\"_blank\" title=\"Subscribe on Spotify\" rel=\"nofollow\">Spotify<\/a> | <a href=\"https:\/\/subscribeonandroid.com\/visionarymarketing.com\/fr\/feed\/podcast\/\" class=\"powerpress_link_subscribe powerpress_link_subscribe_android\" target=\"_blank\" title=\"Subscribe on Android\" rel=\"nofollow\">Android<\/a> | <a href=\"https:\/\/visionarymarketing.com\/fr\/feed\/podcast\/\" class=\"powerpress_link_subscribe powerpress_link_subscribe_rss\" target=\"_blank\" title=\"Subscribe via RSS\" rel=\"nofollow\">RSS<\/a><\/p>","protected":false},"excerpt":{"rendered":"<p>Les critiques des utilisateurs envers les DSI sont-elles justifi\u00e9es ?\u00a0L\u2019informatique s\u2019est impos\u00e9e comme m\u00e9tier de toute entreprise, nous l\u2019avons vu dans un article pr\u00e9c\u00e9dent, et son syst\u00e8me d\u2019information est en toute logique devenu un organe vital sans lequel la productivit\u00e9 ne peut \u00eatre optimale. Cette valeur n\u2019est cependant pas per\u00e7ue de la m\u00eame mani\u00e8re par &hellip;<\/p>\n","protected":false},"author":2,"featured_media":50993,"comment_status":"open","ping_status":"closed","sticky":false,"template":"","format":"standard","meta":{"footnotes":""},"categories":[4065],"tags":[],"class_list":["post-46984","post","type-post","status-publish","format-standard","has-post-thumbnail","hentry","category-it-du-futur-aujourdhui"],"yoast_head":"<!-- This site is optimized with the Yoast SEO plugin v27.4 - https:\/\/yoast.com\/product\/yoast-seo-wordpress\/ -->\n<title>Critiques \u00e0 l&#039;\u00e9gard des DSI et des informaticiens : sont-elles justifi\u00e9es ?<\/title>\n<meta name=\"description\" content=\"Les utilisateurs (ou \u00ab m\u00e9tiers \u00bb) sont souvent tr\u00e8s critiques \u00e0 l\u2019\u00e9gard des informaticiens et des DSI. Ces critiques sont-elles justifi\u00e9es?\" \/>\n<meta name=\"robots\" content=\"index, follow, max-snippet:-1, max-image-preview:large, max-video-preview:-1\" \/>\n<link rel=\"canonical\" href=\"https:\/\/visionarymarketing.com\/fr\/2020\/02\/27\/critiques-dsi\/\" \/>\n<meta property=\"og:locale\" content=\"fr_FR\" \/>\n<meta property=\"og:type\" content=\"article\" \/>\n<meta property=\"og:title\" content=\"Critiques \u00e0 l&#039;\u00e9gard des DSI et des informaticiens : sont-elles justifi\u00e9es ?\" \/>\n<meta property=\"og:description\" content=\"Les utilisateurs (ou \u00ab m\u00e9tiers \u00bb) sont souvent tr\u00e8s critiques \u00e0 l\u2019\u00e9gard des informaticiens et des DSI. Ces critiques sont-elles justifi\u00e9es?\" \/>\n<meta property=\"og:url\" content=\"https:\/\/visionarymarketing.com\/fr\/2020\/02\/27\/critiques-dsi\/\" \/>\n<meta property=\"og:site_name\" content=\"Marketing and Innovation\" \/>\n<meta property=\"article:publisher\" content=\"https:\/\/www.facebook.com\/vismktg\" \/>\n<meta property=\"article:author\" content=\"http:\/\/facebook.com\/ygourven\" \/>\n<meta property=\"article:published_time\" content=\"2020-02-27T07:30:08+00:00\" \/>\n<meta property=\"article:modified_time\" content=\"2024-07-11T13:03:52+00:00\" \/>\n<meta property=\"og:image\" content=\"https:\/\/visionarymarketing.com\/wp-content\/uploads\/2020\/02\/jumpstory-download20200226-193807-scaled-1.jpg\" \/>\n\t<meta property=\"og:image:width\" content=\"1618\" \/>\n\t<meta property=\"og:image:height\" content=\"1024\" \/>\n\t<meta property=\"og:image:type\" content=\"image\/jpeg\" \/>\n<meta name=\"author\" content=\"Yann Gourvennec\" \/>\n<meta name=\"twitter:card\" content=\"summary_large_image\" \/>\n<meta name=\"twitter:creator\" content=\"@ygourven\" \/>\n<meta name=\"twitter:site\" content=\"@ygourven\" \/>\n<meta name=\"twitter:label1\" content=\"\u00c9crit par\" \/>\n\t<meta name=\"twitter:data1\" content=\"Yann Gourvennec\" \/>\n\t<meta name=\"twitter:label2\" content=\"Dur\u00e9e de lecture estim\u00e9e\" \/>\n\t<meta name=\"twitter:data2\" content=\"11 minutes\" \/>\n<script type=\"application\/ld+json\" class=\"yoast-schema-graph\">{\"@context\":\"https:\\\/\\\/schema.org\",\"@graph\":[{\"@type\":\"NewsArticle\",\"@id\":\"https:\\\/\\\/visionarymarketing.com\\\/fr\\\/2020\\\/02\\\/27\\\/critiques-dsi\\\/#article\",\"isPartOf\":{\"@id\":\"https:\\\/\\\/visionarymarketing.com\\\/fr\\\/2020\\\/02\\\/27\\\/critiques-dsi\\\/\"},\"author\":{\"name\":\"Yann Gourvennec\",\"@id\":\"https:\\\/\\\/visionarymarketing.com\\\/fr\\\/#\\\/schema\\\/person\\\/3754fee1e558f47b8deb46f53c37423e\"},\"headline\":\"Innovation\u202f: les utilisateurs ont-ils raison de critiquer les DSI\u202f?\",\"datePublished\":\"2020-02-27T07:30:08+00:00\",\"dateModified\":\"2024-07-11T13:03:52+00:00\",\"mainEntityOfPage\":{\"@id\":\"https:\\\/\\\/visionarymarketing.com\\\/fr\\\/2020\\\/02\\\/27\\\/critiques-dsi\\\/\"},\"wordCount\":2204,\"commentCount\":0,\"image\":{\"@id\":\"https:\\\/\\\/visionarymarketing.com\\\/fr\\\/2020\\\/02\\\/27\\\/critiques-dsi\\\/#primaryimage\"},\"thumbnailUrl\":\"https:\\\/\\\/visionarymarketing.com\\\/wp-content\\\/uploads\\\/2020\\\/02\\\/jumpstory-download20200226-193807-scaled-1.jpg\",\"articleSection\":[\"IT du futur aujourd'hui\"],\"inLanguage\":\"fr-FR\",\"potentialAction\":[{\"@type\":\"CommentAction\",\"name\":\"Comment\",\"target\":[\"https:\\\/\\\/visionarymarketing.com\\\/fr\\\/2020\\\/02\\\/27\\\/critiques-dsi\\\/#respond\"]}]},{\"@type\":\"WebPage\",\"@id\":\"https:\\\/\\\/visionarymarketing.com\\\/fr\\\/2020\\\/02\\\/27\\\/critiques-dsi\\\/\",\"url\":\"https:\\\/\\\/visionarymarketing.com\\\/fr\\\/2020\\\/02\\\/27\\\/critiques-dsi\\\/\",\"name\":\"Critiques \u00e0 l'\u00e9gard des DSI et des informaticiens : sont-elles justifi\u00e9es ?\",\"isPartOf\":{\"@id\":\"https:\\\/\\\/visionarymarketing.com\\\/fr\\\/#website\"},\"primaryImageOfPage\":{\"@id\":\"https:\\\/\\\/visionarymarketing.com\\\/fr\\\/2020\\\/02\\\/27\\\/critiques-dsi\\\/#primaryimage\"},\"image\":{\"@id\":\"https:\\\/\\\/visionarymarketing.com\\\/fr\\\/2020\\\/02\\\/27\\\/critiques-dsi\\\/#primaryimage\"},\"thumbnailUrl\":\"https:\\\/\\\/visionarymarketing.com\\\/wp-content\\\/uploads\\\/2020\\\/02\\\/jumpstory-download20200226-193807-scaled-1.jpg\",\"datePublished\":\"2020-02-27T07:30:08+00:00\",\"dateModified\":\"2024-07-11T13:03:52+00:00\",\"author\":{\"@id\":\"https:\\\/\\\/visionarymarketing.com\\\/fr\\\/#\\\/schema\\\/person\\\/3754fee1e558f47b8deb46f53c37423e\"},\"description\":\"Les utilisateurs (ou \u00ab m\u00e9tiers \u00bb) sont souvent tr\u00e8s critiques \u00e0 l\u2019\u00e9gard des informaticiens et des DSI. Ces critiques sont-elles justifi\u00e9es?\",\"breadcrumb\":{\"@id\":\"https:\\\/\\\/visionarymarketing.com\\\/fr\\\/2020\\\/02\\\/27\\\/critiques-dsi\\\/#breadcrumb\"},\"inLanguage\":\"fr-FR\",\"potentialAction\":[{\"@type\":\"ReadAction\",\"target\":[\"https:\\\/\\\/visionarymarketing.com\\\/fr\\\/2020\\\/02\\\/27\\\/critiques-dsi\\\/\"]}]},{\"@type\":\"ImageObject\",\"inLanguage\":\"fr-FR\",\"@id\":\"https:\\\/\\\/visionarymarketing.com\\\/fr\\\/2020\\\/02\\\/27\\\/critiques-dsi\\\/#primaryimage\",\"url\":\"https:\\\/\\\/visionarymarketing.com\\\/wp-content\\\/uploads\\\/2020\\\/02\\\/jumpstory-download20200226-193807-scaled-1.jpg\",\"contentUrl\":\"https:\\\/\\\/visionarymarketing.com\\\/wp-content\\\/uploads\\\/2020\\\/02\\\/jumpstory-download20200226-193807-scaled-1.jpg\",\"width\":1618,\"height\":1024},{\"@type\":\"BreadcrumbList\",\"@id\":\"https:\\\/\\\/visionarymarketing.com\\\/fr\\\/2020\\\/02\\\/27\\\/critiques-dsi\\\/#breadcrumb\",\"itemListElement\":[{\"@type\":\"ListItem\",\"position\":1,\"name\":\"Home\",\"item\":\"https:\\\/\\\/visionarymarketing.com\\\/fr\\\/\"},{\"@type\":\"ListItem\",\"position\":2,\"name\":\"Innovation\u202f: les utilisateurs ont-ils raison de critiquer les DSI\u202f?\"}]},{\"@type\":\"WebSite\",\"@id\":\"https:\\\/\\\/visionarymarketing.com\\\/fr\\\/#website\",\"url\":\"https:\\\/\\\/visionarymarketing.com\\\/fr\\\/\",\"name\":\"Marketing and Innovation\",\"description\":\"Site d&#039;infos ind\u00e9pendant, depuis 1996\",\"potentialAction\":[{\"@type\":\"SearchAction\",\"target\":{\"@type\":\"EntryPoint\",\"urlTemplate\":\"https:\\\/\\\/visionarymarketing.com\\\/fr\\\/?s={search_term_string}\"},\"query-input\":{\"@type\":\"PropertyValueSpecification\",\"valueRequired\":true,\"valueName\":\"search_term_string\"}}],\"inLanguage\":\"fr-FR\"},{\"@type\":\"Person\",\"@id\":\"https:\\\/\\\/visionarymarketing.com\\\/fr\\\/#\\\/schema\\\/person\\\/3754fee1e558f47b8deb46f53c37423e\",\"name\":\"Yann Gourvennec\",\"image\":{\"@type\":\"ImageObject\",\"inLanguage\":\"fr-FR\",\"@id\":\"https:\\\/\\\/secure.gravatar.com\\\/avatar\\\/5972001801e8de5692a3e31224e85769f50a55fb8b679749f9c8d1868cceff14?s=96&d=initials&r=g&initials=yg\",\"url\":\"https:\\\/\\\/secure.gravatar.com\\\/avatar\\\/5972001801e8de5692a3e31224e85769f50a55fb8b679749f9c8d1868cceff14?s=96&d=initials&r=g&initials=yg\",\"contentUrl\":\"https:\\\/\\\/secure.gravatar.com\\\/avatar\\\/5972001801e8de5692a3e31224e85769f50a55fb8b679749f9c8d1868cceff14?s=96&d=initials&r=g&initials=yg\",\"caption\":\"Yann Gourvennec\"},\"description\":\"Yann Gourvennec created visionarymarketing.com in 1996. He is a speaker and author of many books. In 2014 he went from intrapreneur to entrepreneur, when he created his digital marketing agency. Yann Gourvennec a cr\u00e9\u00e9 visionarymarketing.com en 1996. Il est conf\u00e9rencier et auteur de plusieurs livres. En 2014, il est pass\u00e9 d'intrapreneur \u00e0 entrepreneur en cr\u00e9ant son agence de marketing num\u00e9rique.\",\"sameAs\":[\"https:\\\/\\\/visionarymarketing.com\",\"http:\\\/\\\/facebook.com\\\/ygourven\",\"http:\\\/\\\/linkedin.com\\\/in\\\/ygourven\",\"https:\\\/\\\/x.com\\\/ygourven\",\"https:\\\/\\\/www.youtube.com\\\/c\\\/visionarymarketingagency\"],\"url\":\"https:\\\/\\\/visionarymarketing.com\\\/fr\\\/author\\\/yann-gourvennec\\\/\"}]}<\/script>\n<!-- \/ Yoast SEO plugin. -->","yoast_head_json":{"title":"Critiques \u00e0 l'\u00e9gard des DSI et des informaticiens : sont-elles justifi\u00e9es ?","description":"Les utilisateurs (ou \u00ab m\u00e9tiers \u00bb) sont souvent tr\u00e8s critiques \u00e0 l\u2019\u00e9gard des informaticiens et des DSI. Ces critiques sont-elles justifi\u00e9es?","robots":{"index":"index","follow":"follow","max-snippet":"max-snippet:-1","max-image-preview":"max-image-preview:large","max-video-preview":"max-video-preview:-1"},"canonical":"https:\/\/visionarymarketing.com\/fr\/2020\/02\/27\/critiques-dsi\/","og_locale":"fr_FR","og_type":"article","og_title":"Critiques \u00e0 l'\u00e9gard des DSI et des informaticiens : sont-elles justifi\u00e9es ?","og_description":"Les utilisateurs (ou \u00ab m\u00e9tiers \u00bb) sont souvent tr\u00e8s critiques \u00e0 l\u2019\u00e9gard des informaticiens et des DSI. Ces critiques sont-elles justifi\u00e9es?","og_url":"https:\/\/visionarymarketing.com\/fr\/2020\/02\/27\/critiques-dsi\/","og_site_name":"Marketing and Innovation","article_publisher":"https:\/\/www.facebook.com\/vismktg","article_author":"http:\/\/facebook.com\/ygourven","article_published_time":"2020-02-27T07:30:08+00:00","article_modified_time":"2024-07-11T13:03:52+00:00","og_image":[{"width":1618,"height":1024,"url":"https:\/\/visionarymarketing.com\/wp-content\/uploads\/2020\/02\/jumpstory-download20200226-193807-scaled-1.jpg","type":"image\/jpeg"}],"author":"Yann Gourvennec","twitter_card":"summary_large_image","twitter_creator":"@ygourven","twitter_site":"@ygourven","twitter_misc":{"\u00c9crit par":"Yann Gourvennec","Dur\u00e9e de lecture estim\u00e9e":"11 minutes"},"schema":{"@context":"https:\/\/schema.org","@graph":[{"@type":"NewsArticle","@id":"https:\/\/visionarymarketing.com\/fr\/2020\/02\/27\/critiques-dsi\/#article","isPartOf":{"@id":"https:\/\/visionarymarketing.com\/fr\/2020\/02\/27\/critiques-dsi\/"},"author":{"name":"Yann Gourvennec","@id":"https:\/\/visionarymarketing.com\/fr\/#\/schema\/person\/3754fee1e558f47b8deb46f53c37423e"},"headline":"Innovation\u202f: les utilisateurs ont-ils raison de critiquer les DSI\u202f?","datePublished":"2020-02-27T07:30:08+00:00","dateModified":"2024-07-11T13:03:52+00:00","mainEntityOfPage":{"@id":"https:\/\/visionarymarketing.com\/fr\/2020\/02\/27\/critiques-dsi\/"},"wordCount":2204,"commentCount":0,"image":{"@id":"https:\/\/visionarymarketing.com\/fr\/2020\/02\/27\/critiques-dsi\/#primaryimage"},"thumbnailUrl":"https:\/\/visionarymarketing.com\/wp-content\/uploads\/2020\/02\/jumpstory-download20200226-193807-scaled-1.jpg","articleSection":["IT du futur aujourd'hui"],"inLanguage":"fr-FR","potentialAction":[{"@type":"CommentAction","name":"Comment","target":["https:\/\/visionarymarketing.com\/fr\/2020\/02\/27\/critiques-dsi\/#respond"]}]},{"@type":"WebPage","@id":"https:\/\/visionarymarketing.com\/fr\/2020\/02\/27\/critiques-dsi\/","url":"https:\/\/visionarymarketing.com\/fr\/2020\/02\/27\/critiques-dsi\/","name":"Critiques \u00e0 l'\u00e9gard des DSI et des informaticiens : sont-elles justifi\u00e9es ?","isPartOf":{"@id":"https:\/\/visionarymarketing.com\/fr\/#website"},"primaryImageOfPage":{"@id":"https:\/\/visionarymarketing.com\/fr\/2020\/02\/27\/critiques-dsi\/#primaryimage"},"image":{"@id":"https:\/\/visionarymarketing.com\/fr\/2020\/02\/27\/critiques-dsi\/#primaryimage"},"thumbnailUrl":"https:\/\/visionarymarketing.com\/wp-content\/uploads\/2020\/02\/jumpstory-download20200226-193807-scaled-1.jpg","datePublished":"2020-02-27T07:30:08+00:00","dateModified":"2024-07-11T13:03:52+00:00","author":{"@id":"https:\/\/visionarymarketing.com\/fr\/#\/schema\/person\/3754fee1e558f47b8deb46f53c37423e"},"description":"Les utilisateurs (ou \u00ab m\u00e9tiers \u00bb) sont souvent tr\u00e8s critiques \u00e0 l\u2019\u00e9gard des informaticiens et des DSI. Ces critiques sont-elles justifi\u00e9es?","breadcrumb":{"@id":"https:\/\/visionarymarketing.com\/fr\/2020\/02\/27\/critiques-dsi\/#breadcrumb"},"inLanguage":"fr-FR","potentialAction":[{"@type":"ReadAction","target":["https:\/\/visionarymarketing.com\/fr\/2020\/02\/27\/critiques-dsi\/"]}]},{"@type":"ImageObject","inLanguage":"fr-FR","@id":"https:\/\/visionarymarketing.com\/fr\/2020\/02\/27\/critiques-dsi\/#primaryimage","url":"https:\/\/visionarymarketing.com\/wp-content\/uploads\/2020\/02\/jumpstory-download20200226-193807-scaled-1.jpg","contentUrl":"https:\/\/visionarymarketing.com\/wp-content\/uploads\/2020\/02\/jumpstory-download20200226-193807-scaled-1.jpg","width":1618,"height":1024},{"@type":"BreadcrumbList","@id":"https:\/\/visionarymarketing.com\/fr\/2020\/02\/27\/critiques-dsi\/#breadcrumb","itemListElement":[{"@type":"ListItem","position":1,"name":"Home","item":"https:\/\/visionarymarketing.com\/fr\/"},{"@type":"ListItem","position":2,"name":"Innovation\u202f: les utilisateurs ont-ils raison de critiquer les DSI\u202f?"}]},{"@type":"WebSite","@id":"https:\/\/visionarymarketing.com\/fr\/#website","url":"https:\/\/visionarymarketing.com\/fr\/","name":"Marketing and Innovation","description":"Site d&#039;infos ind\u00e9pendant, depuis 1996","potentialAction":[{"@type":"SearchAction","target":{"@type":"EntryPoint","urlTemplate":"https:\/\/visionarymarketing.com\/fr\/?s={search_term_string}"},"query-input":{"@type":"PropertyValueSpecification","valueRequired":true,"valueName":"search_term_string"}}],"inLanguage":"fr-FR"},{"@type":"Person","@id":"https:\/\/visionarymarketing.com\/fr\/#\/schema\/person\/3754fee1e558f47b8deb46f53c37423e","name":"Yann Gourvennec","image":{"@type":"ImageObject","inLanguage":"fr-FR","@id":"https:\/\/secure.gravatar.com\/avatar\/5972001801e8de5692a3e31224e85769f50a55fb8b679749f9c8d1868cceff14?s=96&d=initials&r=g&initials=yg","url":"https:\/\/secure.gravatar.com\/avatar\/5972001801e8de5692a3e31224e85769f50a55fb8b679749f9c8d1868cceff14?s=96&d=initials&r=g&initials=yg","contentUrl":"https:\/\/secure.gravatar.com\/avatar\/5972001801e8de5692a3e31224e85769f50a55fb8b679749f9c8d1868cceff14?s=96&d=initials&r=g&initials=yg","caption":"Yann Gourvennec"},"description":"Yann Gourvennec created visionarymarketing.com in 1996. He is a speaker and author of many books. In 2014 he went from intrapreneur to entrepreneur, when he created his digital marketing agency. Yann Gourvennec a cr\u00e9\u00e9 visionarymarketing.com en 1996. Il est conf\u00e9rencier et auteur de plusieurs livres. En 2014, il est pass\u00e9 d'intrapreneur \u00e0 entrepreneur en cr\u00e9ant son agence de marketing num\u00e9rique.","sameAs":["https:\/\/visionarymarketing.com","http:\/\/facebook.com\/ygourven","http:\/\/linkedin.com\/in\/ygourven","https:\/\/x.com\/ygourven","https:\/\/www.youtube.com\/c\/visionarymarketingagency"],"url":"https:\/\/visionarymarketing.com\/fr\/author\/yann-gourvennec\/"}]}},"_links":{"self":[{"href":"https:\/\/visionarymarketing.com\/fr\/wp-json\/wp\/v2\/posts\/46984","targetHints":{"allow":["GET"]}}],"collection":[{"href":"https:\/\/visionarymarketing.com\/fr\/wp-json\/wp\/v2\/posts"}],"about":[{"href":"https:\/\/visionarymarketing.com\/fr\/wp-json\/wp\/v2\/types\/post"}],"author":[{"embeddable":true,"href":"https:\/\/visionarymarketing.com\/fr\/wp-json\/wp\/v2\/users\/2"}],"replies":[{"embeddable":true,"href":"https:\/\/visionarymarketing.com\/fr\/wp-json\/wp\/v2\/comments?post=46984"}],"version-history":[{"count":0,"href":"https:\/\/visionarymarketing.com\/fr\/wp-json\/wp\/v2\/posts\/46984\/revisions"}],"wp:featuredmedia":[{"embeddable":true,"href":"https:\/\/visionarymarketing.com\/fr\/wp-json\/wp\/v2\/media\/50993"}],"wp:attachment":[{"href":"https:\/\/visionarymarketing.com\/fr\/wp-json\/wp\/v2\/media?parent=46984"}],"wp:term":[{"taxonomy":"category","embeddable":true,"href":"https:\/\/visionarymarketing.com\/fr\/wp-json\/wp\/v2\/categories?post=46984"},{"taxonomy":"post_tag","embeddable":true,"href":"https:\/\/visionarymarketing.com\/fr\/wp-json\/wp\/v2\/tags?post=46984"}],"curies":[{"name":"wp","href":"https:\/\/api.w.org\/{rel}","templated":true}]}}