{"id":4671,"date":"2011-09-26T10:05:30","date_gmt":"2011-09-26T10:05:30","guid":{"rendered":"http:\/\/visionary.wordpress.com\/?p=4671"},"modified":"2021-03-06T19:45:49","modified_gmt":"2021-03-06T18:45:49","slug":"1-raison-de-plus-daller-a-media-aces-le-25-octobre-mediaaces","status":"publish","type":"post","link":"https:\/\/visionarymarketing.com\/fr\/2011\/09\/26\/1-raison-de-plus-daller-a-media-aces-le-25-octobre-mediaaces\/","title":{"rendered":"1 raison de plus d&rsquo;aller \u00e0 Media Aces le 25 Octobre &#8211; @mediaaces"},"content":{"rendered":"<p><em>Le 25 Octobre, c&rsquo;est la prochaine r\u00e9union Media Aces, <span class=\"removed_link\" title=\"http:\/\/france.media-aces.org\/yann-gourvennec-presente-la-prochaine-conference-media-aces-sur-les-social-media-guidelines\/\">d\u00e9di\u00e9e aux Social Media Guidelines<\/span>, comme je l&rsquo;annonce dans la vid\u00e9o suivante, enregistr\u00e9e par mon comp\u00e8re Herv\u00e9 Kabla. Et cette journ\u00e9e d&rsquo;information devient un must ! Pour ceux qui en douteraient encore, voir cet article du Nouvel Observateur sur l&rsquo;usurpation d&rsquo;identit\u00e9 sur les m\u00e9dias sociaux, en-dessous de la vid\u00e9o :<\/em><\/p>\n<p><iframe title=\"Conference sur les Social Media Guidelines\" src=\"https:\/\/player.vimeo.com\/video\/29398924?dnt=1&amp;app_id=122963\" width=\"500\" height=\"281\" frameborder=\"0\" allow=\"autoplay; fullscreen; picture-in-picture; clipboard-write\"><\/iframe><\/p>\n<p><strong>7 mois de prison pour un faux profil Facebook : \u00e7a pourrait arriver en France ?<\/strong><\/p>\n<p>LE PLUS. Un tribunal belge a condamn\u00e9 mercredi \u00e0 sept mois de prison avec sursis et 550 euros d\u2019amende une femme de 38 ans qui avait cr\u00e9\u00e9 un faux profil Facebook au nom de son ancien patron. Cela pourrait-il arriver en France ? R\u00e9ponse avec Mathieu Prudhomme, avocat et directeur du d\u00e9partement Internet contentieux au cabinet Alain Bensoussan.<\/p>\n<p>via <span class=\"removed_link\" title=\"http:\/\/leplus.nouvelobs.com\/contribution\/196656;7-mois-de-prison-pour-un-faux-profil-facebook-ca-pourrait-arriver-en-france.html\">7 mois de prison pour un faux profil Facebook : \u00e7a pourrait arriver en France ? &#8211; le Plus<\/span>.<\/p>\n","protected":false},"excerpt":{"rendered":"<p>Le 25 Octobre, c&rsquo;est la prochaine r\u00e9union Media Aces, d\u00e9di\u00e9e aux Social Media Guidelines, comme je l&rsquo;annonce dans la vid\u00e9o suivante, enregistr\u00e9e par mon comp\u00e8re Herv\u00e9 Kabla. Et cette journ\u00e9e d&rsquo;information devient un must ! Pour ceux qui en douteraient encore, voir cet article du Nouvel Observateur sur l&rsquo;usurpation d&rsquo;identit\u00e9 sur les m\u00e9dias sociaux :<\/p>\n","protected":false},"author":2,"featured_media":26730,"comment_status":"open","ping_status":"open","sticky":false,"template":"","format":"standard","meta":{"footnotes":""},"categories":[25],"tags":[],"class_list":["post-4671","post","type-post","status-publish","format-standard","has-post-thumbnail","hentry","category-medias-sociaux"],"yoast_head":"<!-- This site is optimized with the Yoast SEO plugin v27.4 - https:\/\/yoast.com\/product\/yoast-seo-wordpress\/ -->\n<title>1 raison de plus d&#039;aller \u00e0 Media Aces le 25 Octobre - @mediaaces<\/title>\n<meta name=\"description\" content=\"Le 25 Octobre, c&#039;est la prochaine r\u00e9union Media Aces, d\u00e9di\u00e9e aux Social Media Guidelines, comme je l&#039;annonce dans la vid\u00e9o suivante, enregistr\u00e9e par mon comp\u00e8re Herv\u00e9 Kabla. Et cette journ\u00e9e d&#039;information devient un must ! Pour ceux qui en douteraient encore, voir cet article du Nouvel Observateur sur l&#039;usurpation d&#039;identit\u00e9 sur les m\u00e9dias sociaux :\" \/>\n<meta name=\"robots\" content=\"noindex, follow\" \/>\n<meta property=\"og:locale\" content=\"fr_FR\" \/>\n<meta property=\"og:type\" content=\"article\" \/>\n<meta property=\"og:title\" content=\"1 raison de plus d&#039;aller \u00e0 Media Aces le 25 Octobre - @mediaaces\" \/>\n<meta property=\"og:description\" content=\"Le 25 Octobre, c&#039;est la prochaine r\u00e9union Media Aces, d\u00e9di\u00e9e aux Social Media Guidelines, comme je l&#039;annonce dans la vid\u00e9o suivante, enregistr\u00e9e par mon comp\u00e8re Herv\u00e9 Kabla. Et cette journ\u00e9e d&#039;information devient un must ! Pour ceux qui en douteraient encore, voir cet article du Nouvel Observateur sur l&#039;usurpation d&#039;identit\u00e9 sur les m\u00e9dias sociaux :\" \/>\n<meta property=\"og:url\" content=\"https:\/\/visionarymarketing.com\/fr\/2011\/09\/26\/1-raison-de-plus-daller-a-media-aces-le-25-octobre-mediaaces\/\" \/>\n<meta property=\"og:site_name\" content=\"Marketing and Innovation\" \/>\n<meta property=\"article:publisher\" content=\"https:\/\/www.facebook.com\/vismktg\" \/>\n<meta property=\"article:author\" content=\"http:\/\/facebook.com\/ygourven\" \/>\n<meta property=\"article:published_time\" content=\"2011-09-26T10:05:30+00:00\" \/>\n<meta property=\"article:modified_time\" content=\"2021-03-06T18:45:49+00:00\" \/>\n<meta property=\"og:image\" content=\"https:\/\/visionarymarketing.com\/wp-content\/uploads\/2018\/01\/Yann-Andre-Gourvennec-was-live-mp4-image-e1584598571805.jpg\" \/>\n\t<meta property=\"og:image:width\" content=\"519\" \/>\n\t<meta property=\"og:image:height\" content=\"339\" \/>\n\t<meta property=\"og:image:type\" content=\"image\/jpeg\" \/>\n<meta name=\"author\" content=\"Yann Gourvennec\" \/>\n<meta name=\"twitter:card\" content=\"summary_large_image\" \/>\n<meta name=\"twitter:creator\" content=\"@ygourven\" \/>\n<meta name=\"twitter:site\" content=\"@ygourven\" \/>\n<meta name=\"twitter:label1\" content=\"\u00c9crit par\" \/>\n\t<meta name=\"twitter:data1\" content=\"Yann Gourvennec\" \/>\n\t<meta name=\"twitter:label2\" content=\"Dur\u00e9e de lecture estim\u00e9e\" \/>\n\t<meta name=\"twitter:data2\" content=\"1 minute\" \/>\n<script type=\"application\/ld+json\" class=\"yoast-schema-graph\">{\"@context\":\"https:\\\/\\\/schema.org\",\"@graph\":[{\"@type\":\"NewsArticle\",\"@id\":\"https:\\\/\\\/visionarymarketing.com\\\/fr\\\/2011\\\/09\\\/26\\\/1-raison-de-plus-daller-a-media-aces-le-25-octobre-mediaaces\\\/#article\",\"isPartOf\":{\"@id\":\"https:\\\/\\\/visionarymarketing.com\\\/fr\\\/2011\\\/09\\\/26\\\/1-raison-de-plus-daller-a-media-aces-le-25-octobre-mediaaces\\\/\"},\"author\":{\"name\":\"Yann Gourvennec\",\"@id\":\"https:\\\/\\\/visionarymarketing.com\\\/fr\\\/#\\\/schema\\\/person\\\/3754fee1e558f47b8deb46f53c37423e\"},\"headline\":\"1 raison de plus d&rsquo;aller \u00e0 Media Aces le 25 Octobre &#8211; @mediaaces\",\"datePublished\":\"2011-09-26T10:05:30+00:00\",\"dateModified\":\"2021-03-06T18:45:49+00:00\",\"mainEntityOfPage\":{\"@id\":\"https:\\\/\\\/visionarymarketing.com\\\/fr\\\/2011\\\/09\\\/26\\\/1-raison-de-plus-daller-a-media-aces-le-25-octobre-mediaaces\\\/\"},\"wordCount\":171,\"commentCount\":0,\"image\":{\"@id\":\"https:\\\/\\\/visionarymarketing.com\\\/fr\\\/2011\\\/09\\\/26\\\/1-raison-de-plus-daller-a-media-aces-le-25-octobre-mediaaces\\\/#primaryimage\"},\"thumbnailUrl\":\"https:\\\/\\\/visionarymarketing.com\\\/wp-content\\\/uploads\\\/2018\\\/01\\\/Yann-Andre-Gourvennec-was-live-mp4-image-e1584598571805.jpg\",\"articleSection\":[\"m\u00e9dias \\\/ r\u00e9seaux sociaux\"],\"inLanguage\":\"fr-FR\",\"potentialAction\":[{\"@type\":\"CommentAction\",\"name\":\"Comment\",\"target\":[\"https:\\\/\\\/visionarymarketing.com\\\/fr\\\/2011\\\/09\\\/26\\\/1-raison-de-plus-daller-a-media-aces-le-25-octobre-mediaaces\\\/#respond\"]}]},{\"@type\":\"WebPage\",\"@id\":\"https:\\\/\\\/visionarymarketing.com\\\/fr\\\/2011\\\/09\\\/26\\\/1-raison-de-plus-daller-a-media-aces-le-25-octobre-mediaaces\\\/\",\"url\":\"https:\\\/\\\/visionarymarketing.com\\\/fr\\\/2011\\\/09\\\/26\\\/1-raison-de-plus-daller-a-media-aces-le-25-octobre-mediaaces\\\/\",\"name\":\"1 raison de plus d'aller \u00e0 Media Aces le 25 Octobre - @mediaaces\",\"isPartOf\":{\"@id\":\"https:\\\/\\\/visionarymarketing.com\\\/fr\\\/#website\"},\"primaryImageOfPage\":{\"@id\":\"https:\\\/\\\/visionarymarketing.com\\\/fr\\\/2011\\\/09\\\/26\\\/1-raison-de-plus-daller-a-media-aces-le-25-octobre-mediaaces\\\/#primaryimage\"},\"image\":{\"@id\":\"https:\\\/\\\/visionarymarketing.com\\\/fr\\\/2011\\\/09\\\/26\\\/1-raison-de-plus-daller-a-media-aces-le-25-octobre-mediaaces\\\/#primaryimage\"},\"thumbnailUrl\":\"https:\\\/\\\/visionarymarketing.com\\\/wp-content\\\/uploads\\\/2018\\\/01\\\/Yann-Andre-Gourvennec-was-live-mp4-image-e1584598571805.jpg\",\"datePublished\":\"2011-09-26T10:05:30+00:00\",\"dateModified\":\"2021-03-06T18:45:49+00:00\",\"author\":{\"@id\":\"https:\\\/\\\/visionarymarketing.com\\\/fr\\\/#\\\/schema\\\/person\\\/3754fee1e558f47b8deb46f53c37423e\"},\"description\":\"Le 25 Octobre, c'est la prochaine r\u00e9union Media Aces, d\u00e9di\u00e9e aux Social Media Guidelines, comme je l'annonce dans la vid\u00e9o suivante, enregistr\u00e9e par mon comp\u00e8re Herv\u00e9 Kabla. Et cette journ\u00e9e d'information devient un must ! Pour ceux qui en douteraient encore, voir cet article du Nouvel Observateur sur l'usurpation d'identit\u00e9 sur les m\u00e9dias sociaux :\",\"breadcrumb\":{\"@id\":\"https:\\\/\\\/visionarymarketing.com\\\/fr\\\/2011\\\/09\\\/26\\\/1-raison-de-plus-daller-a-media-aces-le-25-octobre-mediaaces\\\/#breadcrumb\"},\"inLanguage\":\"fr-FR\",\"potentialAction\":[{\"@type\":\"ReadAction\",\"target\":[\"https:\\\/\\\/visionarymarketing.com\\\/fr\\\/2011\\\/09\\\/26\\\/1-raison-de-plus-daller-a-media-aces-le-25-octobre-mediaaces\\\/\"]}]},{\"@type\":\"ImageObject\",\"inLanguage\":\"fr-FR\",\"@id\":\"https:\\\/\\\/visionarymarketing.com\\\/fr\\\/2011\\\/09\\\/26\\\/1-raison-de-plus-daller-a-media-aces-le-25-octobre-mediaaces\\\/#primaryimage\",\"url\":\"https:\\\/\\\/visionarymarketing.com\\\/wp-content\\\/uploads\\\/2018\\\/01\\\/Yann-Andre-Gourvennec-was-live-mp4-image-e1584598571805.jpg\",\"contentUrl\":\"https:\\\/\\\/visionarymarketing.com\\\/wp-content\\\/uploads\\\/2018\\\/01\\\/Yann-Andre-Gourvennec-was-live-mp4-image-e1584598571805.jpg\",\"width\":519,\"height\":339},{\"@type\":\"BreadcrumbList\",\"@id\":\"https:\\\/\\\/visionarymarketing.com\\\/fr\\\/2011\\\/09\\\/26\\\/1-raison-de-plus-daller-a-media-aces-le-25-octobre-mediaaces\\\/#breadcrumb\",\"itemListElement\":[{\"@type\":\"ListItem\",\"position\":1,\"name\":\"Home\",\"item\":\"https:\\\/\\\/visionarymarketing.com\\\/fr\\\/\"},{\"@type\":\"ListItem\",\"position\":2,\"name\":\"1 raison de plus d&rsquo;aller \u00e0 Media Aces le 25 Octobre &#8211; @mediaaces\"}]},{\"@type\":\"WebSite\",\"@id\":\"https:\\\/\\\/visionarymarketing.com\\\/fr\\\/#website\",\"url\":\"https:\\\/\\\/visionarymarketing.com\\\/fr\\\/\",\"name\":\"Marketing and Innovation\",\"description\":\"Site d&#039;infos ind\u00e9pendant, depuis 1996\",\"potentialAction\":[{\"@type\":\"SearchAction\",\"target\":{\"@type\":\"EntryPoint\",\"urlTemplate\":\"https:\\\/\\\/visionarymarketing.com\\\/fr\\\/?s={search_term_string}\"},\"query-input\":{\"@type\":\"PropertyValueSpecification\",\"valueRequired\":true,\"valueName\":\"search_term_string\"}}],\"inLanguage\":\"fr-FR\"},{\"@type\":\"Person\",\"@id\":\"https:\\\/\\\/visionarymarketing.com\\\/fr\\\/#\\\/schema\\\/person\\\/3754fee1e558f47b8deb46f53c37423e\",\"name\":\"Yann Gourvennec\",\"image\":{\"@type\":\"ImageObject\",\"inLanguage\":\"fr-FR\",\"@id\":\"https:\\\/\\\/secure.gravatar.com\\\/avatar\\\/5972001801e8de5692a3e31224e85769f50a55fb8b679749f9c8d1868cceff14?s=96&d=initials&r=g&initials=yg\",\"url\":\"https:\\\/\\\/secure.gravatar.com\\\/avatar\\\/5972001801e8de5692a3e31224e85769f50a55fb8b679749f9c8d1868cceff14?s=96&d=initials&r=g&initials=yg\",\"contentUrl\":\"https:\\\/\\\/secure.gravatar.com\\\/avatar\\\/5972001801e8de5692a3e31224e85769f50a55fb8b679749f9c8d1868cceff14?s=96&d=initials&r=g&initials=yg\",\"caption\":\"Yann Gourvennec\"},\"description\":\"Yann Gourvennec created visionarymarketing.com in 1996. He is a speaker and author of many books. In 2014 he went from intrapreneur to entrepreneur, when he created his digital marketing agency. Yann Gourvennec a cr\u00e9\u00e9 visionarymarketing.com en 1996. Il est conf\u00e9rencier et auteur de plusieurs livres. En 2014, il est pass\u00e9 d'intrapreneur \u00e0 entrepreneur en cr\u00e9ant son agence de marketing num\u00e9rique.\",\"sameAs\":[\"https:\\\/\\\/visionarymarketing.com\",\"http:\\\/\\\/facebook.com\\\/ygourven\",\"http:\\\/\\\/linkedin.com\\\/in\\\/ygourven\",\"https:\\\/\\\/x.com\\\/ygourven\",\"https:\\\/\\\/www.youtube.com\\\/c\\\/visionarymarketingagency\"],\"url\":\"https:\\\/\\\/visionarymarketing.com\\\/fr\\\/author\\\/yann-gourvennec\\\/\"}]}<\/script>\n<!-- \/ Yoast SEO plugin. -->","yoast_head_json":{"title":"1 raison de plus d'aller \u00e0 Media Aces le 25 Octobre - @mediaaces","description":"Le 25 Octobre, c'est la prochaine r\u00e9union Media Aces, d\u00e9di\u00e9e aux Social Media Guidelines, comme je l'annonce dans la vid\u00e9o suivante, enregistr\u00e9e par mon comp\u00e8re Herv\u00e9 Kabla. Et cette journ\u00e9e d'information devient un must ! Pour ceux qui en douteraient encore, voir cet article du Nouvel Observateur sur l'usurpation d'identit\u00e9 sur les m\u00e9dias sociaux :","robots":{"index":"noindex","follow":"follow"},"og_locale":"fr_FR","og_type":"article","og_title":"1 raison de plus d'aller \u00e0 Media Aces le 25 Octobre - @mediaaces","og_description":"Le 25 Octobre, c'est la prochaine r\u00e9union Media Aces, d\u00e9di\u00e9e aux Social Media Guidelines, comme je l'annonce dans la vid\u00e9o suivante, enregistr\u00e9e par mon comp\u00e8re Herv\u00e9 Kabla. Et cette journ\u00e9e d'information devient un must ! Pour ceux qui en douteraient encore, voir cet article du Nouvel Observateur sur l'usurpation d'identit\u00e9 sur les m\u00e9dias sociaux :","og_url":"https:\/\/visionarymarketing.com\/fr\/2011\/09\/26\/1-raison-de-plus-daller-a-media-aces-le-25-octobre-mediaaces\/","og_site_name":"Marketing and Innovation","article_publisher":"https:\/\/www.facebook.com\/vismktg","article_author":"http:\/\/facebook.com\/ygourven","article_published_time":"2011-09-26T10:05:30+00:00","article_modified_time":"2021-03-06T18:45:49+00:00","og_image":[{"width":519,"height":339,"url":"https:\/\/visionarymarketing.com\/wp-content\/uploads\/2018\/01\/Yann-Andre-Gourvennec-was-live-mp4-image-e1584598571805.jpg","type":"image\/jpeg"}],"author":"Yann Gourvennec","twitter_card":"summary_large_image","twitter_creator":"@ygourven","twitter_site":"@ygourven","twitter_misc":{"\u00c9crit par":"Yann Gourvennec","Dur\u00e9e de lecture estim\u00e9e":"1 minute"},"schema":{"@context":"https:\/\/schema.org","@graph":[{"@type":"NewsArticle","@id":"https:\/\/visionarymarketing.com\/fr\/2011\/09\/26\/1-raison-de-plus-daller-a-media-aces-le-25-octobre-mediaaces\/#article","isPartOf":{"@id":"https:\/\/visionarymarketing.com\/fr\/2011\/09\/26\/1-raison-de-plus-daller-a-media-aces-le-25-octobre-mediaaces\/"},"author":{"name":"Yann Gourvennec","@id":"https:\/\/visionarymarketing.com\/fr\/#\/schema\/person\/3754fee1e558f47b8deb46f53c37423e"},"headline":"1 raison de plus d&rsquo;aller \u00e0 Media Aces le 25 Octobre &#8211; @mediaaces","datePublished":"2011-09-26T10:05:30+00:00","dateModified":"2021-03-06T18:45:49+00:00","mainEntityOfPage":{"@id":"https:\/\/visionarymarketing.com\/fr\/2011\/09\/26\/1-raison-de-plus-daller-a-media-aces-le-25-octobre-mediaaces\/"},"wordCount":171,"commentCount":0,"image":{"@id":"https:\/\/visionarymarketing.com\/fr\/2011\/09\/26\/1-raison-de-plus-daller-a-media-aces-le-25-octobre-mediaaces\/#primaryimage"},"thumbnailUrl":"https:\/\/visionarymarketing.com\/wp-content\/uploads\/2018\/01\/Yann-Andre-Gourvennec-was-live-mp4-image-e1584598571805.jpg","articleSection":["m\u00e9dias \/ r\u00e9seaux sociaux"],"inLanguage":"fr-FR","potentialAction":[{"@type":"CommentAction","name":"Comment","target":["https:\/\/visionarymarketing.com\/fr\/2011\/09\/26\/1-raison-de-plus-daller-a-media-aces-le-25-octobre-mediaaces\/#respond"]}]},{"@type":"WebPage","@id":"https:\/\/visionarymarketing.com\/fr\/2011\/09\/26\/1-raison-de-plus-daller-a-media-aces-le-25-octobre-mediaaces\/","url":"https:\/\/visionarymarketing.com\/fr\/2011\/09\/26\/1-raison-de-plus-daller-a-media-aces-le-25-octobre-mediaaces\/","name":"1 raison de plus d'aller \u00e0 Media Aces le 25 Octobre - @mediaaces","isPartOf":{"@id":"https:\/\/visionarymarketing.com\/fr\/#website"},"primaryImageOfPage":{"@id":"https:\/\/visionarymarketing.com\/fr\/2011\/09\/26\/1-raison-de-plus-daller-a-media-aces-le-25-octobre-mediaaces\/#primaryimage"},"image":{"@id":"https:\/\/visionarymarketing.com\/fr\/2011\/09\/26\/1-raison-de-plus-daller-a-media-aces-le-25-octobre-mediaaces\/#primaryimage"},"thumbnailUrl":"https:\/\/visionarymarketing.com\/wp-content\/uploads\/2018\/01\/Yann-Andre-Gourvennec-was-live-mp4-image-e1584598571805.jpg","datePublished":"2011-09-26T10:05:30+00:00","dateModified":"2021-03-06T18:45:49+00:00","author":{"@id":"https:\/\/visionarymarketing.com\/fr\/#\/schema\/person\/3754fee1e558f47b8deb46f53c37423e"},"description":"Le 25 Octobre, c'est la prochaine r\u00e9union Media Aces, d\u00e9di\u00e9e aux Social Media Guidelines, comme je l'annonce dans la vid\u00e9o suivante, enregistr\u00e9e par mon comp\u00e8re Herv\u00e9 Kabla. Et cette journ\u00e9e d'information devient un must ! Pour ceux qui en douteraient encore, voir cet article du Nouvel Observateur sur l'usurpation d'identit\u00e9 sur les m\u00e9dias sociaux :","breadcrumb":{"@id":"https:\/\/visionarymarketing.com\/fr\/2011\/09\/26\/1-raison-de-plus-daller-a-media-aces-le-25-octobre-mediaaces\/#breadcrumb"},"inLanguage":"fr-FR","potentialAction":[{"@type":"ReadAction","target":["https:\/\/visionarymarketing.com\/fr\/2011\/09\/26\/1-raison-de-plus-daller-a-media-aces-le-25-octobre-mediaaces\/"]}]},{"@type":"ImageObject","inLanguage":"fr-FR","@id":"https:\/\/visionarymarketing.com\/fr\/2011\/09\/26\/1-raison-de-plus-daller-a-media-aces-le-25-octobre-mediaaces\/#primaryimage","url":"https:\/\/visionarymarketing.com\/wp-content\/uploads\/2018\/01\/Yann-Andre-Gourvennec-was-live-mp4-image-e1584598571805.jpg","contentUrl":"https:\/\/visionarymarketing.com\/wp-content\/uploads\/2018\/01\/Yann-Andre-Gourvennec-was-live-mp4-image-e1584598571805.jpg","width":519,"height":339},{"@type":"BreadcrumbList","@id":"https:\/\/visionarymarketing.com\/fr\/2011\/09\/26\/1-raison-de-plus-daller-a-media-aces-le-25-octobre-mediaaces\/#breadcrumb","itemListElement":[{"@type":"ListItem","position":1,"name":"Home","item":"https:\/\/visionarymarketing.com\/fr\/"},{"@type":"ListItem","position":2,"name":"1 raison de plus d&rsquo;aller \u00e0 Media Aces le 25 Octobre &#8211; @mediaaces"}]},{"@type":"WebSite","@id":"https:\/\/visionarymarketing.com\/fr\/#website","url":"https:\/\/visionarymarketing.com\/fr\/","name":"Marketing and Innovation","description":"Site d&#039;infos ind\u00e9pendant, depuis 1996","potentialAction":[{"@type":"SearchAction","target":{"@type":"EntryPoint","urlTemplate":"https:\/\/visionarymarketing.com\/fr\/?s={search_term_string}"},"query-input":{"@type":"PropertyValueSpecification","valueRequired":true,"valueName":"search_term_string"}}],"inLanguage":"fr-FR"},{"@type":"Person","@id":"https:\/\/visionarymarketing.com\/fr\/#\/schema\/person\/3754fee1e558f47b8deb46f53c37423e","name":"Yann Gourvennec","image":{"@type":"ImageObject","inLanguage":"fr-FR","@id":"https:\/\/secure.gravatar.com\/avatar\/5972001801e8de5692a3e31224e85769f50a55fb8b679749f9c8d1868cceff14?s=96&d=initials&r=g&initials=yg","url":"https:\/\/secure.gravatar.com\/avatar\/5972001801e8de5692a3e31224e85769f50a55fb8b679749f9c8d1868cceff14?s=96&d=initials&r=g&initials=yg","contentUrl":"https:\/\/secure.gravatar.com\/avatar\/5972001801e8de5692a3e31224e85769f50a55fb8b679749f9c8d1868cceff14?s=96&d=initials&r=g&initials=yg","caption":"Yann Gourvennec"},"description":"Yann Gourvennec created visionarymarketing.com in 1996. He is a speaker and author of many books. In 2014 he went from intrapreneur to entrepreneur, when he created his digital marketing agency. Yann Gourvennec a cr\u00e9\u00e9 visionarymarketing.com en 1996. Il est conf\u00e9rencier et auteur de plusieurs livres. En 2014, il est pass\u00e9 d'intrapreneur \u00e0 entrepreneur en cr\u00e9ant son agence de marketing num\u00e9rique.","sameAs":["https:\/\/visionarymarketing.com","http:\/\/facebook.com\/ygourven","http:\/\/linkedin.com\/in\/ygourven","https:\/\/x.com\/ygourven","https:\/\/www.youtube.com\/c\/visionarymarketingagency"],"url":"https:\/\/visionarymarketing.com\/fr\/author\/yann-gourvennec\/"}]}},"_links":{"self":[{"href":"https:\/\/visionarymarketing.com\/fr\/wp-json\/wp\/v2\/posts\/4671","targetHints":{"allow":["GET"]}}],"collection":[{"href":"https:\/\/visionarymarketing.com\/fr\/wp-json\/wp\/v2\/posts"}],"about":[{"href":"https:\/\/visionarymarketing.com\/fr\/wp-json\/wp\/v2\/types\/post"}],"author":[{"embeddable":true,"href":"https:\/\/visionarymarketing.com\/fr\/wp-json\/wp\/v2\/users\/2"}],"replies":[{"embeddable":true,"href":"https:\/\/visionarymarketing.com\/fr\/wp-json\/wp\/v2\/comments?post=4671"}],"version-history":[{"count":0,"href":"https:\/\/visionarymarketing.com\/fr\/wp-json\/wp\/v2\/posts\/4671\/revisions"}],"wp:featuredmedia":[{"embeddable":true,"href":"https:\/\/visionarymarketing.com\/fr\/wp-json\/wp\/v2\/media\/26730"}],"wp:attachment":[{"href":"https:\/\/visionarymarketing.com\/fr\/wp-json\/wp\/v2\/media?parent=4671"}],"wp:term":[{"taxonomy":"category","embeddable":true,"href":"https:\/\/visionarymarketing.com\/fr\/wp-json\/wp\/v2\/categories?post=4671"},{"taxonomy":"post_tag","embeddable":true,"href":"https:\/\/visionarymarketing.com\/fr\/wp-json\/wp\/v2\/tags?post=4671"}],"curies":[{"name":"wp","href":"https:\/\/api.w.org\/{rel}","templated":true}]}}