{"id":4660,"date":"2011-09-23T13:00:54","date_gmt":"2011-09-23T13:00:54","guid":{"rendered":"http:\/\/visionary.wordpress.com\/?p=4660"},"modified":"2021-03-16T10:37:23","modified_gmt":"2021-03-16T09:37:23","slug":"sortie-imminente-de-moi-2-0-dan-schawbel-fadhila-brahimi","status":"publish","type":"post","link":"https:\/\/visionarymarketing.com\/fr\/2011\/09\/23\/sortie-imminente-de-moi-2-0-dan-schawbel-fadhila-brahimi\/","title":{"rendered":"Sortie imminente de MOI 2.0 (Dan Schawbel et Fadhila Brahimi)"},"content":{"rendered":"<h2>Sortie imminente de MOI 2.0 (Dan Schawbel et Fadhila Brahimi)<\/h2>\n<figure id=\"attachment_7149\" aria-describedby=\"caption-attachment-7149\" style=\"width: 164px\" class=\"wp-caption alignright\"><a href=\"https:\/\/visionarymarketing.com\/wp-content\/uploads\/2011\/09\/dsc_3482-ma.jpg\" target=\"_blank\" rel=\"noopener noreferrer\"><img decoding=\"async\" class=\"wp-image-7149\" style=\"margin-left: 10px; margin-right: 10px;\" title=\"DSC_3482-MA\" src=\"https:\/\/visionarymarketing.com\/wp-content\/uploads\/2011\/09\/dsc_3482-ma.jpg?w=273\" alt=\"Fadhila Brahimi\" width=\"164\" height=\"180\" \/><\/a><figcaption id=\"caption-attachment-7149\" class=\"wp-caption-text\">image : Fran\u00e7ois Tancr\u00e9<\/figcaption><\/figure>\n<p><em>Je veux parler de la parution de l&rsquo;ouvrage tant attendu &#8211; par moi au moins &#8211; qui est intitul\u00e9\u00a0<\/em><em><strong><a href=\"http:\/\/www.amazon.fr\/gp\/product\/2848994967\/ref=pd_lpo_k2_dp_sr_1?pf_rd_p=471061593&amp;pf_rd_s=lpo-top-stripe&amp;pf_rd_t=201&amp;pf_rd_i=2843437776&amp;pf_rd_m=A1X6FK5RDHNB96&amp;pf_rd_r=00PNTYR9J2EQ7XRJKNYK\" target=\"_blank\" rel=\"noopener noreferrer\">Moi 2.0<\/a>. <\/strong>Il s&rsquo;agit de l&rsquo;adaptation fran\u00e7aise de<a href=\"http:\/\/www.amazon.fr\/Me-2-0-Steps-Building-Future\/dp\/1607147122\/ref=sr_1_1?s=english-books&amp;ie=UTF8&amp;qid=1316782362&amp;sr=1-1\" target=\"_blank\" rel=\"noopener noreferrer\"> l&rsquo;ouvrage de l\u2019Am\u00e9ricain Dan Schawbel, consacr\u00e9 au \u00ab Personal Branding \u00bb<\/a> \u00e0 l\u2019\u00e8re du num\u00e9rique par notre <a href=\"http:\/\/twitter.com\/#!\/fbrahimi\" target=\"_blank\" rel=\"noopener noreferrer\">consoeur et amie<\/a> <strong>Fadhila Brahimi<\/strong>, sp\u00e9cialiste du domaine dans l\u2019Hexagone. L&rsquo;annonce officielle aura lieu le 3 Octobre \u00e0 Paris. Je serai pr\u00e9sent, alors restez connect\u00e9s sur ce blog afin d&rsquo;en savoir plus &#8230;<\/em><\/p>\n<p><iframe title=\"[Fr] Fadhila Brahimi pr\u00e9sente Moi 2.0\" width=\"500\" height=\"281\" src=\"https:\/\/www.youtube.com\/embed\/TuSx_9HUCRk?feature=oembed\" frameborder=\"0\" allow=\"accelerometer; autoplay; clipboard-write; encrypted-media; gyroscope; picture-in-picture; web-share\" referrerpolicy=\"strict-origin-when-cross-origin\" allowfullscreen><\/iframe><\/p>\n<p>[slideshare id=9389213&amp;doc=cpmoi20-110923051248-phpapp02&amp;type=d]<\/p>\n","protected":false},"excerpt":{"rendered":"<p>Je veux parler de la parution de l&rsquo;ouvrage tant attendu &#8211; par moi au moins &#8211; qui est intitul\u00e9 Moi 2.0. Il s&rsquo;agit de l&rsquo;adaptation fran\u00e7aise de l&rsquo;ouvrage de l\u2019Am\u00e9ricain Dan Schawbel, consacr\u00e9 au \u00ab Personal Branding \u00bb \u00e0 l\u2019\u00e8re du num\u00e9rique par notre consoeur et amie Fadhila Brahimi, sp\u00e9cialiste du domaine dans l\u2019Hexagone. L&rsquo;annonce officielle aura lieu le 3 Octobre \u00e0 Paris. Je serai pr\u00e9sent, alors restez connect\u00e9s sur ce blog afin d&rsquo;en savoir plus &#8230;<\/p>\n","protected":false},"author":2,"featured_media":62320,"comment_status":"open","ping_status":"open","sticky":false,"template":"","format":"standard","meta":{"footnotes":""},"categories":[25],"tags":[],"class_list":["post-4660","post","type-post","status-publish","format-standard","has-post-thumbnail","hentry","category-medias-sociaux"],"yoast_head":"<!-- This site is optimized with the Yoast SEO plugin v27.4 - https:\/\/yoast.com\/product\/yoast-seo-wordpress\/ -->\n<title>Sortie imminente de MOI 2.0 (Dan Schawbel et Fadhila Brahimi)<\/title>\n<meta name=\"description\" content=\"Je veux parler de la parution de l&#039;ouvrage tant attendu - par moi au moins - qui est intitul\u00e9 Moi 2.0. Il s&#039;agit de l&#039;adaptation fran\u00e7aise de l&#039;ouvrage de l\u2019Am\u00e9ricain Dan Schawbel, consacr\u00e9 au \u00ab Personal Branding \u00bb \u00e0 l\u2019\u00e8re du num\u00e9rique par notre consoeur et amie Fadhila Brahimi, sp\u00e9cialiste du domaine dans l\u2019Hexagone. L&#039;annonce officielle aura lieu le 3 Octobre \u00e0 Paris. Je serai pr\u00e9sent, alors restez connect\u00e9s sur ce blog afin d&#039;en savoir plus ...\" \/>\n<meta name=\"robots\" content=\"noindex, follow\" \/>\n<meta property=\"og:locale\" content=\"fr_FR\" \/>\n<meta property=\"og:type\" content=\"article\" \/>\n<meta property=\"og:title\" content=\"Sortie imminente de MOI 2.0 (Dan Schawbel et Fadhila Brahimi)\" \/>\n<meta property=\"og:description\" content=\"Je veux parler de la parution de l&#039;ouvrage tant attendu - par moi au moins - qui est intitul\u00e9 Moi 2.0. Il s&#039;agit de l&#039;adaptation fran\u00e7aise de l&#039;ouvrage de l\u2019Am\u00e9ricain Dan Schawbel, consacr\u00e9 au \u00ab Personal Branding \u00bb \u00e0 l\u2019\u00e8re du num\u00e9rique par notre consoeur et amie Fadhila Brahimi, sp\u00e9cialiste du domaine dans l\u2019Hexagone. L&#039;annonce officielle aura lieu le 3 Octobre \u00e0 Paris. Je serai pr\u00e9sent, alors restez connect\u00e9s sur ce blog afin d&#039;en savoir plus ...\" \/>\n<meta property=\"og:url\" content=\"https:\/\/visionarymarketing.com\/fr\/2011\/09\/23\/sortie-imminente-de-moi-2-0-dan-schawbel-fadhila-brahimi\/\" \/>\n<meta property=\"og:site_name\" content=\"Marketing and Innovation\" \/>\n<meta property=\"article:publisher\" content=\"https:\/\/www.facebook.com\/vismktg\" \/>\n<meta property=\"article:author\" content=\"http:\/\/facebook.com\/ygourven\" \/>\n<meta property=\"article:published_time\" content=\"2011-09-23T13:00:54+00:00\" \/>\n<meta property=\"article:modified_time\" content=\"2021-03-16T09:37:23+00:00\" \/>\n<meta property=\"og:image\" content=\"https:\/\/visionarymarketing.com\/wp-content\/uploads\/2012\/09\/jumpstory-download20210314-082822.jpg\" \/>\n\t<meta property=\"og:image:width\" content=\"520\" \/>\n\t<meta property=\"og:image:height\" content=\"340\" \/>\n\t<meta property=\"og:image:type\" content=\"image\/jpeg\" \/>\n<meta name=\"author\" content=\"Yann Gourvennec\" \/>\n<meta name=\"twitter:card\" content=\"summary_large_image\" \/>\n<meta name=\"twitter:creator\" content=\"@ygourven\" \/>\n<meta name=\"twitter:site\" content=\"@ygourven\" \/>\n<meta name=\"twitter:label1\" content=\"\u00c9crit par\" \/>\n\t<meta name=\"twitter:data1\" content=\"Yann Gourvennec\" \/>\n\t<meta name=\"twitter:label2\" content=\"Dur\u00e9e de lecture estim\u00e9e\" \/>\n\t<meta name=\"twitter:data2\" content=\"1 minute\" \/>\n<script type=\"application\/ld+json\" class=\"yoast-schema-graph\">{\"@context\":\"https:\\\/\\\/schema.org\",\"@graph\":[{\"@type\":\"NewsArticle\",\"@id\":\"https:\\\/\\\/visionarymarketing.com\\\/fr\\\/2011\\\/09\\\/23\\\/sortie-imminente-de-moi-2-0-dan-schawbel-fadhila-brahimi\\\/#article\",\"isPartOf\":{\"@id\":\"https:\\\/\\\/visionarymarketing.com\\\/fr\\\/2011\\\/09\\\/23\\\/sortie-imminente-de-moi-2-0-dan-schawbel-fadhila-brahimi\\\/\"},\"author\":{\"name\":\"Yann Gourvennec\",\"@id\":\"https:\\\/\\\/visionarymarketing.com\\\/fr\\\/#\\\/schema\\\/person\\\/3754fee1e558f47b8deb46f53c37423e\"},\"headline\":\"Sortie imminente de MOI 2.0 (Dan Schawbel et Fadhila Brahimi)\",\"datePublished\":\"2011-09-23T13:00:54+00:00\",\"dateModified\":\"2021-03-16T09:37:23+00:00\",\"mainEntityOfPage\":{\"@id\":\"https:\\\/\\\/visionarymarketing.com\\\/fr\\\/2011\\\/09\\\/23\\\/sortie-imminente-de-moi-2-0-dan-schawbel-fadhila-brahimi\\\/\"},\"wordCount\":129,\"commentCount\":0,\"image\":{\"@id\":\"https:\\\/\\\/visionarymarketing.com\\\/fr\\\/2011\\\/09\\\/23\\\/sortie-imminente-de-moi-2-0-dan-schawbel-fadhila-brahimi\\\/#primaryimage\"},\"thumbnailUrl\":\"https:\\\/\\\/visionarymarketing.com\\\/wp-content\\\/uploads\\\/2012\\\/09\\\/jumpstory-download20210314-082822.jpg\",\"articleSection\":[\"m\u00e9dias \\\/ r\u00e9seaux sociaux\"],\"inLanguage\":\"fr-FR\",\"potentialAction\":[{\"@type\":\"CommentAction\",\"name\":\"Comment\",\"target\":[\"https:\\\/\\\/visionarymarketing.com\\\/fr\\\/2011\\\/09\\\/23\\\/sortie-imminente-de-moi-2-0-dan-schawbel-fadhila-brahimi\\\/#respond\"]}]},{\"@type\":\"WebPage\",\"@id\":\"https:\\\/\\\/visionarymarketing.com\\\/fr\\\/2011\\\/09\\\/23\\\/sortie-imminente-de-moi-2-0-dan-schawbel-fadhila-brahimi\\\/\",\"url\":\"https:\\\/\\\/visionarymarketing.com\\\/fr\\\/2011\\\/09\\\/23\\\/sortie-imminente-de-moi-2-0-dan-schawbel-fadhila-brahimi\\\/\",\"name\":\"Sortie imminente de MOI 2.0 (Dan Schawbel et Fadhila Brahimi)\",\"isPartOf\":{\"@id\":\"https:\\\/\\\/visionarymarketing.com\\\/fr\\\/#website\"},\"primaryImageOfPage\":{\"@id\":\"https:\\\/\\\/visionarymarketing.com\\\/fr\\\/2011\\\/09\\\/23\\\/sortie-imminente-de-moi-2-0-dan-schawbel-fadhila-brahimi\\\/#primaryimage\"},\"image\":{\"@id\":\"https:\\\/\\\/visionarymarketing.com\\\/fr\\\/2011\\\/09\\\/23\\\/sortie-imminente-de-moi-2-0-dan-schawbel-fadhila-brahimi\\\/#primaryimage\"},\"thumbnailUrl\":\"https:\\\/\\\/visionarymarketing.com\\\/wp-content\\\/uploads\\\/2012\\\/09\\\/jumpstory-download20210314-082822.jpg\",\"datePublished\":\"2011-09-23T13:00:54+00:00\",\"dateModified\":\"2021-03-16T09:37:23+00:00\",\"author\":{\"@id\":\"https:\\\/\\\/visionarymarketing.com\\\/fr\\\/#\\\/schema\\\/person\\\/3754fee1e558f47b8deb46f53c37423e\"},\"description\":\"Je veux parler de la parution de l'ouvrage tant attendu - par moi au moins - qui est intitul\u00e9 Moi 2.0. Il s'agit de l'adaptation fran\u00e7aise de l'ouvrage de l\u2019Am\u00e9ricain Dan Schawbel, consacr\u00e9 au \u00ab Personal Branding \u00bb \u00e0 l\u2019\u00e8re du num\u00e9rique par notre consoeur et amie Fadhila Brahimi, sp\u00e9cialiste du domaine dans l\u2019Hexagone. L'annonce officielle aura lieu le 3 Octobre \u00e0 Paris. Je serai pr\u00e9sent, alors restez connect\u00e9s sur ce blog afin d'en savoir plus ...\",\"breadcrumb\":{\"@id\":\"https:\\\/\\\/visionarymarketing.com\\\/fr\\\/2011\\\/09\\\/23\\\/sortie-imminente-de-moi-2-0-dan-schawbel-fadhila-brahimi\\\/#breadcrumb\"},\"inLanguage\":\"fr-FR\",\"potentialAction\":[{\"@type\":\"ReadAction\",\"target\":[\"https:\\\/\\\/visionarymarketing.com\\\/fr\\\/2011\\\/09\\\/23\\\/sortie-imminente-de-moi-2-0-dan-schawbel-fadhila-brahimi\\\/\"]}]},{\"@type\":\"ImageObject\",\"inLanguage\":\"fr-FR\",\"@id\":\"https:\\\/\\\/visionarymarketing.com\\\/fr\\\/2011\\\/09\\\/23\\\/sortie-imminente-de-moi-2-0-dan-schawbel-fadhila-brahimi\\\/#primaryimage\",\"url\":\"https:\\\/\\\/visionarymarketing.com\\\/wp-content\\\/uploads\\\/2012\\\/09\\\/jumpstory-download20210314-082822.jpg\",\"contentUrl\":\"https:\\\/\\\/visionarymarketing.com\\\/wp-content\\\/uploads\\\/2012\\\/09\\\/jumpstory-download20210314-082822.jpg\",\"width\":520,\"height\":340},{\"@type\":\"BreadcrumbList\",\"@id\":\"https:\\\/\\\/visionarymarketing.com\\\/fr\\\/2011\\\/09\\\/23\\\/sortie-imminente-de-moi-2-0-dan-schawbel-fadhila-brahimi\\\/#breadcrumb\",\"itemListElement\":[{\"@type\":\"ListItem\",\"position\":1,\"name\":\"Home\",\"item\":\"https:\\\/\\\/visionarymarketing.com\\\/fr\\\/\"},{\"@type\":\"ListItem\",\"position\":2,\"name\":\"Sortie imminente de MOI 2.0 (Dan Schawbel et Fadhila Brahimi)\"}]},{\"@type\":\"WebSite\",\"@id\":\"https:\\\/\\\/visionarymarketing.com\\\/fr\\\/#website\",\"url\":\"https:\\\/\\\/visionarymarketing.com\\\/fr\\\/\",\"name\":\"Marketing and Innovation\",\"description\":\"Site d&#039;infos ind\u00e9pendant, depuis 1996\",\"potentialAction\":[{\"@type\":\"SearchAction\",\"target\":{\"@type\":\"EntryPoint\",\"urlTemplate\":\"https:\\\/\\\/visionarymarketing.com\\\/fr\\\/?s={search_term_string}\"},\"query-input\":{\"@type\":\"PropertyValueSpecification\",\"valueRequired\":true,\"valueName\":\"search_term_string\"}}],\"inLanguage\":\"fr-FR\"},{\"@type\":\"Person\",\"@id\":\"https:\\\/\\\/visionarymarketing.com\\\/fr\\\/#\\\/schema\\\/person\\\/3754fee1e558f47b8deb46f53c37423e\",\"name\":\"Yann Gourvennec\",\"image\":{\"@type\":\"ImageObject\",\"inLanguage\":\"fr-FR\",\"@id\":\"https:\\\/\\\/secure.gravatar.com\\\/avatar\\\/5972001801e8de5692a3e31224e85769f50a55fb8b679749f9c8d1868cceff14?s=96&d=initials&r=g&initials=yg\",\"url\":\"https:\\\/\\\/secure.gravatar.com\\\/avatar\\\/5972001801e8de5692a3e31224e85769f50a55fb8b679749f9c8d1868cceff14?s=96&d=initials&r=g&initials=yg\",\"contentUrl\":\"https:\\\/\\\/secure.gravatar.com\\\/avatar\\\/5972001801e8de5692a3e31224e85769f50a55fb8b679749f9c8d1868cceff14?s=96&d=initials&r=g&initials=yg\",\"caption\":\"Yann Gourvennec\"},\"description\":\"Yann Gourvennec created visionarymarketing.com in 1996. He is a speaker and author of many books. In 2014 he went from intrapreneur to entrepreneur, when he created his digital marketing agency. Yann Gourvennec a cr\u00e9\u00e9 visionarymarketing.com en 1996. Il est conf\u00e9rencier et auteur de plusieurs livres. En 2014, il est pass\u00e9 d'intrapreneur \u00e0 entrepreneur en cr\u00e9ant son agence de marketing num\u00e9rique.\",\"sameAs\":[\"https:\\\/\\\/visionarymarketing.com\",\"http:\\\/\\\/facebook.com\\\/ygourven\",\"http:\\\/\\\/linkedin.com\\\/in\\\/ygourven\",\"https:\\\/\\\/x.com\\\/ygourven\",\"https:\\\/\\\/www.youtube.com\\\/c\\\/visionarymarketingagency\"],\"url\":\"https:\\\/\\\/visionarymarketing.com\\\/fr\\\/author\\\/yann-gourvennec\\\/\"}]}<\/script>\n<!-- \/ Yoast SEO plugin. -->","yoast_head_json":{"title":"Sortie imminente de MOI 2.0 (Dan Schawbel et Fadhila Brahimi)","description":"Je veux parler de la parution de l'ouvrage tant attendu - par moi au moins - qui est intitul\u00e9 Moi 2.0. Il s'agit de l'adaptation fran\u00e7aise de l'ouvrage de l\u2019Am\u00e9ricain Dan Schawbel, consacr\u00e9 au \u00ab Personal Branding \u00bb \u00e0 l\u2019\u00e8re du num\u00e9rique par notre consoeur et amie Fadhila Brahimi, sp\u00e9cialiste du domaine dans l\u2019Hexagone. L'annonce officielle aura lieu le 3 Octobre \u00e0 Paris. Je serai pr\u00e9sent, alors restez connect\u00e9s sur ce blog afin d'en savoir plus ...","robots":{"index":"noindex","follow":"follow"},"og_locale":"fr_FR","og_type":"article","og_title":"Sortie imminente de MOI 2.0 (Dan Schawbel et Fadhila Brahimi)","og_description":"Je veux parler de la parution de l'ouvrage tant attendu - par moi au moins - qui est intitul\u00e9 Moi 2.0. Il s'agit de l'adaptation fran\u00e7aise de l'ouvrage de l\u2019Am\u00e9ricain Dan Schawbel, consacr\u00e9 au \u00ab Personal Branding \u00bb \u00e0 l\u2019\u00e8re du num\u00e9rique par notre consoeur et amie Fadhila Brahimi, sp\u00e9cialiste du domaine dans l\u2019Hexagone. L'annonce officielle aura lieu le 3 Octobre \u00e0 Paris. Je serai pr\u00e9sent, alors restez connect\u00e9s sur ce blog afin d'en savoir plus ...","og_url":"https:\/\/visionarymarketing.com\/fr\/2011\/09\/23\/sortie-imminente-de-moi-2-0-dan-schawbel-fadhila-brahimi\/","og_site_name":"Marketing and Innovation","article_publisher":"https:\/\/www.facebook.com\/vismktg","article_author":"http:\/\/facebook.com\/ygourven","article_published_time":"2011-09-23T13:00:54+00:00","article_modified_time":"2021-03-16T09:37:23+00:00","og_image":[{"width":520,"height":340,"url":"https:\/\/visionarymarketing.com\/wp-content\/uploads\/2012\/09\/jumpstory-download20210314-082822.jpg","type":"image\/jpeg"}],"author":"Yann Gourvennec","twitter_card":"summary_large_image","twitter_creator":"@ygourven","twitter_site":"@ygourven","twitter_misc":{"\u00c9crit par":"Yann Gourvennec","Dur\u00e9e de lecture estim\u00e9e":"1 minute"},"schema":{"@context":"https:\/\/schema.org","@graph":[{"@type":"NewsArticle","@id":"https:\/\/visionarymarketing.com\/fr\/2011\/09\/23\/sortie-imminente-de-moi-2-0-dan-schawbel-fadhila-brahimi\/#article","isPartOf":{"@id":"https:\/\/visionarymarketing.com\/fr\/2011\/09\/23\/sortie-imminente-de-moi-2-0-dan-schawbel-fadhila-brahimi\/"},"author":{"name":"Yann Gourvennec","@id":"https:\/\/visionarymarketing.com\/fr\/#\/schema\/person\/3754fee1e558f47b8deb46f53c37423e"},"headline":"Sortie imminente de MOI 2.0 (Dan Schawbel et Fadhila Brahimi)","datePublished":"2011-09-23T13:00:54+00:00","dateModified":"2021-03-16T09:37:23+00:00","mainEntityOfPage":{"@id":"https:\/\/visionarymarketing.com\/fr\/2011\/09\/23\/sortie-imminente-de-moi-2-0-dan-schawbel-fadhila-brahimi\/"},"wordCount":129,"commentCount":0,"image":{"@id":"https:\/\/visionarymarketing.com\/fr\/2011\/09\/23\/sortie-imminente-de-moi-2-0-dan-schawbel-fadhila-brahimi\/#primaryimage"},"thumbnailUrl":"https:\/\/visionarymarketing.com\/wp-content\/uploads\/2012\/09\/jumpstory-download20210314-082822.jpg","articleSection":["m\u00e9dias \/ r\u00e9seaux sociaux"],"inLanguage":"fr-FR","potentialAction":[{"@type":"CommentAction","name":"Comment","target":["https:\/\/visionarymarketing.com\/fr\/2011\/09\/23\/sortie-imminente-de-moi-2-0-dan-schawbel-fadhila-brahimi\/#respond"]}]},{"@type":"WebPage","@id":"https:\/\/visionarymarketing.com\/fr\/2011\/09\/23\/sortie-imminente-de-moi-2-0-dan-schawbel-fadhila-brahimi\/","url":"https:\/\/visionarymarketing.com\/fr\/2011\/09\/23\/sortie-imminente-de-moi-2-0-dan-schawbel-fadhila-brahimi\/","name":"Sortie imminente de MOI 2.0 (Dan Schawbel et Fadhila Brahimi)","isPartOf":{"@id":"https:\/\/visionarymarketing.com\/fr\/#website"},"primaryImageOfPage":{"@id":"https:\/\/visionarymarketing.com\/fr\/2011\/09\/23\/sortie-imminente-de-moi-2-0-dan-schawbel-fadhila-brahimi\/#primaryimage"},"image":{"@id":"https:\/\/visionarymarketing.com\/fr\/2011\/09\/23\/sortie-imminente-de-moi-2-0-dan-schawbel-fadhila-brahimi\/#primaryimage"},"thumbnailUrl":"https:\/\/visionarymarketing.com\/wp-content\/uploads\/2012\/09\/jumpstory-download20210314-082822.jpg","datePublished":"2011-09-23T13:00:54+00:00","dateModified":"2021-03-16T09:37:23+00:00","author":{"@id":"https:\/\/visionarymarketing.com\/fr\/#\/schema\/person\/3754fee1e558f47b8deb46f53c37423e"},"description":"Je veux parler de la parution de l'ouvrage tant attendu - par moi au moins - qui est intitul\u00e9 Moi 2.0. Il s'agit de l'adaptation fran\u00e7aise de l'ouvrage de l\u2019Am\u00e9ricain Dan Schawbel, consacr\u00e9 au \u00ab Personal Branding \u00bb \u00e0 l\u2019\u00e8re du num\u00e9rique par notre consoeur et amie Fadhila Brahimi, sp\u00e9cialiste du domaine dans l\u2019Hexagone. L'annonce officielle aura lieu le 3 Octobre \u00e0 Paris. Je serai pr\u00e9sent, alors restez connect\u00e9s sur ce blog afin d'en savoir plus ...","breadcrumb":{"@id":"https:\/\/visionarymarketing.com\/fr\/2011\/09\/23\/sortie-imminente-de-moi-2-0-dan-schawbel-fadhila-brahimi\/#breadcrumb"},"inLanguage":"fr-FR","potentialAction":[{"@type":"ReadAction","target":["https:\/\/visionarymarketing.com\/fr\/2011\/09\/23\/sortie-imminente-de-moi-2-0-dan-schawbel-fadhila-brahimi\/"]}]},{"@type":"ImageObject","inLanguage":"fr-FR","@id":"https:\/\/visionarymarketing.com\/fr\/2011\/09\/23\/sortie-imminente-de-moi-2-0-dan-schawbel-fadhila-brahimi\/#primaryimage","url":"https:\/\/visionarymarketing.com\/wp-content\/uploads\/2012\/09\/jumpstory-download20210314-082822.jpg","contentUrl":"https:\/\/visionarymarketing.com\/wp-content\/uploads\/2012\/09\/jumpstory-download20210314-082822.jpg","width":520,"height":340},{"@type":"BreadcrumbList","@id":"https:\/\/visionarymarketing.com\/fr\/2011\/09\/23\/sortie-imminente-de-moi-2-0-dan-schawbel-fadhila-brahimi\/#breadcrumb","itemListElement":[{"@type":"ListItem","position":1,"name":"Home","item":"https:\/\/visionarymarketing.com\/fr\/"},{"@type":"ListItem","position":2,"name":"Sortie imminente de MOI 2.0 (Dan Schawbel et Fadhila Brahimi)"}]},{"@type":"WebSite","@id":"https:\/\/visionarymarketing.com\/fr\/#website","url":"https:\/\/visionarymarketing.com\/fr\/","name":"Marketing and Innovation","description":"Site d&#039;infos ind\u00e9pendant, depuis 1996","potentialAction":[{"@type":"SearchAction","target":{"@type":"EntryPoint","urlTemplate":"https:\/\/visionarymarketing.com\/fr\/?s={search_term_string}"},"query-input":{"@type":"PropertyValueSpecification","valueRequired":true,"valueName":"search_term_string"}}],"inLanguage":"fr-FR"},{"@type":"Person","@id":"https:\/\/visionarymarketing.com\/fr\/#\/schema\/person\/3754fee1e558f47b8deb46f53c37423e","name":"Yann Gourvennec","image":{"@type":"ImageObject","inLanguage":"fr-FR","@id":"https:\/\/secure.gravatar.com\/avatar\/5972001801e8de5692a3e31224e85769f50a55fb8b679749f9c8d1868cceff14?s=96&d=initials&r=g&initials=yg","url":"https:\/\/secure.gravatar.com\/avatar\/5972001801e8de5692a3e31224e85769f50a55fb8b679749f9c8d1868cceff14?s=96&d=initials&r=g&initials=yg","contentUrl":"https:\/\/secure.gravatar.com\/avatar\/5972001801e8de5692a3e31224e85769f50a55fb8b679749f9c8d1868cceff14?s=96&d=initials&r=g&initials=yg","caption":"Yann Gourvennec"},"description":"Yann Gourvennec created visionarymarketing.com in 1996. He is a speaker and author of many books. In 2014 he went from intrapreneur to entrepreneur, when he created his digital marketing agency. Yann Gourvennec a cr\u00e9\u00e9 visionarymarketing.com en 1996. Il est conf\u00e9rencier et auteur de plusieurs livres. En 2014, il est pass\u00e9 d'intrapreneur \u00e0 entrepreneur en cr\u00e9ant son agence de marketing num\u00e9rique.","sameAs":["https:\/\/visionarymarketing.com","http:\/\/facebook.com\/ygourven","http:\/\/linkedin.com\/in\/ygourven","https:\/\/x.com\/ygourven","https:\/\/www.youtube.com\/c\/visionarymarketingagency"],"url":"https:\/\/visionarymarketing.com\/fr\/author\/yann-gourvennec\/"}]}},"_links":{"self":[{"href":"https:\/\/visionarymarketing.com\/fr\/wp-json\/wp\/v2\/posts\/4660","targetHints":{"allow":["GET"]}}],"collection":[{"href":"https:\/\/visionarymarketing.com\/fr\/wp-json\/wp\/v2\/posts"}],"about":[{"href":"https:\/\/visionarymarketing.com\/fr\/wp-json\/wp\/v2\/types\/post"}],"author":[{"embeddable":true,"href":"https:\/\/visionarymarketing.com\/fr\/wp-json\/wp\/v2\/users\/2"}],"replies":[{"embeddable":true,"href":"https:\/\/visionarymarketing.com\/fr\/wp-json\/wp\/v2\/comments?post=4660"}],"version-history":[{"count":0,"href":"https:\/\/visionarymarketing.com\/fr\/wp-json\/wp\/v2\/posts\/4660\/revisions"}],"wp:featuredmedia":[{"embeddable":true,"href":"https:\/\/visionarymarketing.com\/fr\/wp-json\/wp\/v2\/media\/62320"}],"wp:attachment":[{"href":"https:\/\/visionarymarketing.com\/fr\/wp-json\/wp\/v2\/media?parent=4660"}],"wp:term":[{"taxonomy":"category","embeddable":true,"href":"https:\/\/visionarymarketing.com\/fr\/wp-json\/wp\/v2\/categories?post=4660"},{"taxonomy":"post_tag","embeddable":true,"href":"https:\/\/visionarymarketing.com\/fr\/wp-json\/wp\/v2\/tags?post=4660"}],"curies":[{"name":"wp","href":"https:\/\/api.w.org\/{rel}","templated":true}]}}