{"id":4623,"date":"2011-09-13T07:10:53","date_gmt":"2011-09-13T07:10:53","guid":{"rendered":"http:\/\/visionary.wordpress.com\/?p=4623"},"modified":"2024-03-06T08:43:05","modified_gmt":"2024-03-06T07:43:05","slug":"medias-sociaux-place-a-la-guerre-economique","status":"publish","type":"post","link":"https:\/\/visionarymarketing.com\/fr\/2011\/09\/13\/medias-sociaux-place-a-la-guerre-economique\/","title":{"rendered":"m\u00e9dias sociaux : place \u00e0 la guerre \u00e9conomique"},"content":{"rendered":"<p><strong><img decoding=\"async\" class=\"alignright wp-image-4626 size-medium\" style=\"margin-left: 10px; margin-right: 10px;\" title=\"economicwarfare\" src=\"https:\/\/visionarymarketing.com\/wp-content\/uploads\/2011\/09\/economicwarfare.jpg?w=300\" alt=\"guerre \u00e9conomique\" width=\"300\" height=\"199\" srcset=\"https:\/\/visionarymarketing.com\/wp-content\/uploads\/2011\/09\/economicwarfare.jpg 500w, https:\/\/visionarymarketing.com\/wp-content\/uploads\/2011\/09\/economicwarfare-450x300.jpg 450w, https:\/\/visionarymarketing.com\/wp-content\/uploads\/2011\/09\/economicwarfare-300x199.jpg 300w\" sizes=\"(max-width: 300px) 100vw, 300px\" \/><\/strong>Les m\u00e9dias sociaux sont-ils le nouveau terrain de jeu de la guerre \u00e9conomique ?<\/p>\n<p><strong>La lecture du jour &#8230;<\/strong><\/p>\n<p><em>Ce qui a attir\u00e9 mon attention, c&rsquo;est cet <a href=\"https:\/\/web.archive.org\/web\/20160406193242\/http:\/\/www.mediaculture.fr:80\/2011\/09\/11\/klout-la-bataille-sociale-se-durcit\/\" target=\"_blank\" rel=\"noopener noreferrer\">article remarquable de Cyrille Frank<\/a> (rep\u00e9r\u00e9 via <a href=\"https:\/\/twitter.com\/#!\/asselin\" target=\"_blank\" rel=\"noopener noreferrer\">Christophe Asselin de Digimind sur Twitter<\/a>) qui montre que le terrain de jeu des m\u00e9dias sociaux se d\u00e9place. <\/em><\/p>\n<h2>M\u00e9dias sociaux : place \u00e0 la guerre \u00e9conomique<\/h2>\n<p><em><a href=\"https:\/\/visionarymarketing.com\/?s=klout\" target=\"_blank\" rel=\"noopener noreferrer\">Le fameux \u00ab\u00a0klout\u00a0\u00bb d\u00e9j\u00e0 maintes fois d\u00e9battu sur ce blog<\/a> devient le terrain de jeu non pas seulement de l&rsquo;influence mais purement et simplement de <a href=\"http:\/\/thenextweb.com\/socialmedia\/2011\/09\/10\/you-must-have-a-klout-score-of-40-or-more-to-get-into-this-fashions-night-out-party\/\" target=\"_blank\" rel=\"noopener noreferrer\">l&rsquo;acc\u00e8s aux avantages, aux meilleurs prix<\/a>, et de l&#8217;employabilit\u00e9 &#8230; et donc un enjeu d&rsquo;\u00e9ducation &#8230; et de p\u00e9rennit\u00e9 \u00e9conomique pour les Etats. A m\u00e9diter en ces temps de pr\u00e9 campagne \u00e9lectorales o\u00f9 <span class=\"removed_link\" title=\"http:\/\/www.facebook.com\/pages\/R\u00e9publique-du-Web\/\">les m\u00e9dias sociaux me semblent extr\u00eamement discrets<\/span>, \u00e0 l&rsquo;inverse de ce qui s&rsquo;est pass\u00e9 en 2007. Le temps de la po\u00e9sie sur les m\u00e9dias sociaux est r\u00e9volu, de la m\u00eame fa\u00e7on que la bascule s&rsquo;est effectu\u00e9e vers le Web marchand au d\u00e9but des ann\u00e9es 2000.<\/em><\/p>\n<p><span style=\"color: #003366;\"><em>[image \u00ab\u00a0economic warfare\u00a0\u00bb \u00a0\u00a0<a title=\"Attribution-NonCommercial-ShareAlike License\" href=\"https:\/\/creativecommons.org\/licenses\/by-nc-sa\/2.0\/\"><span style=\"color: #003366;\">Some rights reserved<\/span><\/a>\u00a0par <a href=\"http:\/\/www.flickr.com\/photos\/truthout\/\"><span style=\"color: #003366;\">Truthout.org<\/span><\/a><\/em><\/span><\/p>\n<p>\u00ab\u00a0Mais les usages se d\u00e9pla\u00e7ant sur les r\u00e9seaux sociaux, il fallait trouver de nouveaux crit\u00e8res d\u2019influence. Et les marques ont \u00e9lu Klout en la mati\u00e8re, quoi qu\u2019on puisse penser de ce choix douteux pour mesurer l\u2019influence sociale. En offrant des avantages \u00e0 ceux qui d\u00e9passent un certain score, elles ne font que renouer l\u2019alliance avec les fameux influenceurs, esp\u00e9rant b\u00e9n\u00e9ficier par la suite de leurs relais, car ils ne manqueront pas de s\u2019en gargariser. Les employeurs aussi s\u2019int\u00e9ressent \u00e0 la performance sociale de leurs futures recrues.<\/p>\n<p>Et privil\u00e9gient d\u00e9j\u00e0 ceux qui ont su d\u00e9velopper une certaine audience et dont ils esp\u00e8rent bien profiter pour diffuser leurs messages, trouver des collaborateurs etc. La comp\u00e9tition au d\u00e9part purement symbolique pour capter l\u2019attention devient donc de plus en plus concr\u00e8te. Il y a d\u00e9sormais de vrais enjeux \u00e9conomiques : trouver un job, payer ses achats moins cher\u2026<\/p>\n<p>A l\u2019heure o\u00f9 les in\u00e9galit\u00e9s de revenus reviennent au centre des pr\u00e9occupations conjoncturelles de nos \u00e9lus, cette nouvelle forme de s\u00e9lection devrait les alerter. Non pas pour t\u00e2cher de le r\u00e9glementer b\u00eatement, par une loi inepte de non-discrimination Twitter \u00e0 l\u2019embauche. Mais en mettant les moyens sur l\u2019\u00e9ducation et la formation aux outils sociaux, \u00e0 commencer par les employ\u00e9s du P\u00f4le emploi.\u00a0\u00bb<\/p>\n<p>Cyrille Frank aka Cyceron via <a href=\"https:\/\/web.archive.org\/web\/20160406193242\/http:\/\/www.mediaculture.fr:80\/2011\/09\/11\/klout-la-bataille-sociale-se-durcit\/\">Klout, la bataille sociale se durcit \u00bb M\u00e9diaculture<\/a>.<\/p>\n","protected":false},"excerpt":{"rendered":"<p>Cette fois-ci pour cet article remarquable de Cyrille Frank (rep\u00e9r\u00e9 via Christophe Asselin de Digimind sur Twitter) qui montre que le terrain de jeu des m\u00e9dias sociaux se d\u00e9place. Le fameux \u00ab\u00a0klout\u00a0\u00bb d\u00e9j\u00e0 maintes fois d\u00e9battu sur ce blog devient le terrain de jeu non pas seulement de l&rsquo;influence mais purement et simplement de l&rsquo;acc\u00e8s aux avantages, aux meilleurs prix, et de l&#8217;employabilit\u00e9 &#8230; et donc un enjeu d&rsquo;\u00e9ducation &#8230; et de p\u00e9rennit\u00e9 \u00e9conomique pour les Etats. A m\u00e9diter en ces temps de pr\u00e9 campagne \u00e9lectorales o\u00f9 les m\u00e9dias sociaux me semblent extr\u00eamement discrets, \u00e0 l&rsquo;inverse de ce qui s&rsquo;est pass\u00e9 en 2007. Le temps de la po\u00e9sie sur les m\u00e9dias sociaux est r\u00e9volu, de la m\u00eame fa\u00e7on que la bascule s&rsquo;est effectu\u00e9e vers le Web marchand au d\u00e9but des ann\u00e9es 2000.<\/p>\n","protected":false},"author":2,"featured_media":4626,"comment_status":"open","ping_status":"open","sticky":false,"template":"","format":"standard","meta":{"footnotes":""},"categories":[25],"tags":[],"class_list":["post-4623","post","type-post","status-publish","format-standard","has-post-thumbnail","hentry","category-medias-sociaux"],"yoast_head":"<!-- This site is optimized with the Yoast SEO plugin v27.4 - https:\/\/yoast.com\/product\/yoast-seo-wordpress\/ -->\n<title>m\u00e9dias sociaux : place \u00e0 la guerre \u00e9conomique<\/title>\n<meta name=\"description\" content=\"Cette fois-ci pour cet article remarquable de Cyrille Frank (rep\u00e9r\u00e9 via Christophe Asselin de Digimind sur Twitter) qui montre que le terrain de jeu des m\u00e9dias sociaux se d\u00e9place. Le fameux &quot;klout&quot; d\u00e9j\u00e0 maintes fois d\u00e9battu sur ce blog devient le terrain de jeu non pas seulement de l&#039;influence mais purement et simplement de l&#039;acc\u00e8s aux avantages, aux meilleurs prix, et de l&#039;employabilit\u00e9 ... et donc un enjeu d&#039;\u00e9ducation ... et de p\u00e9rennit\u00e9 \u00e9conomique pour les Etats. A m\u00e9diter en ces temps de pr\u00e9 campagne \u00e9lectorales o\u00f9 les m\u00e9dias sociaux me semblent extr\u00eamement discrets, \u00e0 l&#039;inverse de ce qui s&#039;est pass\u00e9 en 2007. Le temps de la po\u00e9sie sur les m\u00e9dias sociaux est r\u00e9volu, de la m\u00eame fa\u00e7on que la bascule s&#039;est effectu\u00e9e vers le Web marchand au d\u00e9but des ann\u00e9es 2000.\" \/>\n<meta name=\"robots\" content=\"index, follow, max-snippet:-1, max-image-preview:large, max-video-preview:-1\" \/>\n<link rel=\"canonical\" href=\"https:\/\/visionarymarketing.com\/fr\/2011\/09\/13\/medias-sociaux-place-a-la-guerre-economique\/\" \/>\n<meta property=\"og:locale\" content=\"fr_FR\" \/>\n<meta property=\"og:type\" content=\"article\" \/>\n<meta property=\"og:title\" content=\"m\u00e9dias sociaux : place \u00e0 la guerre \u00e9conomique\" \/>\n<meta property=\"og:description\" content=\"Cette fois-ci pour cet article remarquable de Cyrille Frank (rep\u00e9r\u00e9 via Christophe Asselin de Digimind sur Twitter) qui montre que le terrain de jeu des m\u00e9dias sociaux se d\u00e9place. Le fameux &quot;klout&quot; d\u00e9j\u00e0 maintes fois d\u00e9battu sur ce blog devient le terrain de jeu non pas seulement de l&#039;influence mais purement et simplement de l&#039;acc\u00e8s aux avantages, aux meilleurs prix, et de l&#039;employabilit\u00e9 ... et donc un enjeu d&#039;\u00e9ducation ... et de p\u00e9rennit\u00e9 \u00e9conomique pour les Etats. A m\u00e9diter en ces temps de pr\u00e9 campagne \u00e9lectorales o\u00f9 les m\u00e9dias sociaux me semblent extr\u00eamement discrets, \u00e0 l&#039;inverse de ce qui s&#039;est pass\u00e9 en 2007. Le temps de la po\u00e9sie sur les m\u00e9dias sociaux est r\u00e9volu, de la m\u00eame fa\u00e7on que la bascule s&#039;est effectu\u00e9e vers le Web marchand au d\u00e9but des ann\u00e9es 2000.\" \/>\n<meta property=\"og:url\" content=\"https:\/\/visionarymarketing.com\/fr\/2011\/09\/13\/medias-sociaux-place-a-la-guerre-economique\/\" \/>\n<meta property=\"og:site_name\" content=\"Marketing and Innovation\" \/>\n<meta property=\"article:publisher\" content=\"https:\/\/www.facebook.com\/vismktg\" \/>\n<meta property=\"article:author\" content=\"http:\/\/facebook.com\/ygourven\" \/>\n<meta property=\"article:published_time\" content=\"2011-09-13T07:10:53+00:00\" \/>\n<meta property=\"article:modified_time\" content=\"2024-03-06T07:43:05+00:00\" \/>\n<meta property=\"og:image\" content=\"https:\/\/visionarymarketing.com\/wp-content\/uploads\/2011\/09\/economicwarfare.jpg\" \/>\n\t<meta property=\"og:image:width\" content=\"500\" \/>\n\t<meta property=\"og:image:height\" content=\"333\" \/>\n\t<meta property=\"og:image:type\" content=\"image\/jpeg\" \/>\n<meta name=\"author\" content=\"Yann Gourvennec\" \/>\n<meta name=\"twitter:card\" content=\"summary_large_image\" \/>\n<meta name=\"twitter:creator\" content=\"@ygourven\" \/>\n<meta name=\"twitter:site\" content=\"@ygourven\" \/>\n<meta name=\"twitter:label1\" content=\"\u00c9crit par\" \/>\n\t<meta name=\"twitter:data1\" content=\"Yann Gourvennec\" \/>\n\t<meta name=\"twitter:label2\" content=\"Dur\u00e9e de lecture estim\u00e9e\" \/>\n\t<meta name=\"twitter:data2\" content=\"2 minutes\" \/>\n<script type=\"application\/ld+json\" class=\"yoast-schema-graph\">{\"@context\":\"https:\\\/\\\/schema.org\",\"@graph\":[{\"@type\":\"NewsArticle\",\"@id\":\"https:\\\/\\\/visionarymarketing.com\\\/fr\\\/2011\\\/09\\\/13\\\/medias-sociaux-place-a-la-guerre-economique\\\/#article\",\"isPartOf\":{\"@id\":\"https:\\\/\\\/visionarymarketing.com\\\/fr\\\/2011\\\/09\\\/13\\\/medias-sociaux-place-a-la-guerre-economique\\\/\"},\"author\":{\"name\":\"Yann Gourvennec\",\"@id\":\"https:\\\/\\\/visionarymarketing.com\\\/fr\\\/#\\\/schema\\\/person\\\/3754fee1e558f47b8deb46f53c37423e\"},\"headline\":\"m\u00e9dias sociaux : place \u00e0 la guerre \u00e9conomique\",\"datePublished\":\"2011-09-13T07:10:53+00:00\",\"dateModified\":\"2024-03-06T07:43:05+00:00\",\"mainEntityOfPage\":{\"@id\":\"https:\\\/\\\/visionarymarketing.com\\\/fr\\\/2011\\\/09\\\/13\\\/medias-sociaux-place-a-la-guerre-economique\\\/\"},\"wordCount\":449,\"commentCount\":0,\"image\":{\"@id\":\"https:\\\/\\\/visionarymarketing.com\\\/fr\\\/2011\\\/09\\\/13\\\/medias-sociaux-place-a-la-guerre-economique\\\/#primaryimage\"},\"thumbnailUrl\":\"https:\\\/\\\/visionarymarketing.com\\\/wp-content\\\/uploads\\\/2011\\\/09\\\/economicwarfare.jpg\",\"articleSection\":[\"m\u00e9dias \\\/ r\u00e9seaux sociaux\"],\"inLanguage\":\"fr-FR\",\"potentialAction\":[{\"@type\":\"CommentAction\",\"name\":\"Comment\",\"target\":[\"https:\\\/\\\/visionarymarketing.com\\\/fr\\\/2011\\\/09\\\/13\\\/medias-sociaux-place-a-la-guerre-economique\\\/#respond\"]}]},{\"@type\":\"WebPage\",\"@id\":\"https:\\\/\\\/visionarymarketing.com\\\/fr\\\/2011\\\/09\\\/13\\\/medias-sociaux-place-a-la-guerre-economique\\\/\",\"url\":\"https:\\\/\\\/visionarymarketing.com\\\/fr\\\/2011\\\/09\\\/13\\\/medias-sociaux-place-a-la-guerre-economique\\\/\",\"name\":\"m\u00e9dias sociaux : place \u00e0 la guerre \u00e9conomique\",\"isPartOf\":{\"@id\":\"https:\\\/\\\/visionarymarketing.com\\\/fr\\\/#website\"},\"primaryImageOfPage\":{\"@id\":\"https:\\\/\\\/visionarymarketing.com\\\/fr\\\/2011\\\/09\\\/13\\\/medias-sociaux-place-a-la-guerre-economique\\\/#primaryimage\"},\"image\":{\"@id\":\"https:\\\/\\\/visionarymarketing.com\\\/fr\\\/2011\\\/09\\\/13\\\/medias-sociaux-place-a-la-guerre-economique\\\/#primaryimage\"},\"thumbnailUrl\":\"https:\\\/\\\/visionarymarketing.com\\\/wp-content\\\/uploads\\\/2011\\\/09\\\/economicwarfare.jpg\",\"datePublished\":\"2011-09-13T07:10:53+00:00\",\"dateModified\":\"2024-03-06T07:43:05+00:00\",\"author\":{\"@id\":\"https:\\\/\\\/visionarymarketing.com\\\/fr\\\/#\\\/schema\\\/person\\\/3754fee1e558f47b8deb46f53c37423e\"},\"description\":\"Cette fois-ci pour cet article remarquable de Cyrille Frank (rep\u00e9r\u00e9 via Christophe Asselin de Digimind sur Twitter) qui montre que le terrain de jeu des m\u00e9dias sociaux se d\u00e9place. Le fameux \\\"klout\\\" d\u00e9j\u00e0 maintes fois d\u00e9battu sur ce blog devient le terrain de jeu non pas seulement de l'influence mais purement et simplement de l'acc\u00e8s aux avantages, aux meilleurs prix, et de l'employabilit\u00e9 ... et donc un enjeu d'\u00e9ducation ... et de p\u00e9rennit\u00e9 \u00e9conomique pour les Etats. A m\u00e9diter en ces temps de pr\u00e9 campagne \u00e9lectorales o\u00f9 les m\u00e9dias sociaux me semblent extr\u00eamement discrets, \u00e0 l'inverse de ce qui s'est pass\u00e9 en 2007. Le temps de la po\u00e9sie sur les m\u00e9dias sociaux est r\u00e9volu, de la m\u00eame fa\u00e7on que la bascule s'est effectu\u00e9e vers le Web marchand au d\u00e9but des ann\u00e9es 2000.\",\"breadcrumb\":{\"@id\":\"https:\\\/\\\/visionarymarketing.com\\\/fr\\\/2011\\\/09\\\/13\\\/medias-sociaux-place-a-la-guerre-economique\\\/#breadcrumb\"},\"inLanguage\":\"fr-FR\",\"potentialAction\":[{\"@type\":\"ReadAction\",\"target\":[\"https:\\\/\\\/visionarymarketing.com\\\/fr\\\/2011\\\/09\\\/13\\\/medias-sociaux-place-a-la-guerre-economique\\\/\"]}]},{\"@type\":\"ImageObject\",\"inLanguage\":\"fr-FR\",\"@id\":\"https:\\\/\\\/visionarymarketing.com\\\/fr\\\/2011\\\/09\\\/13\\\/medias-sociaux-place-a-la-guerre-economique\\\/#primaryimage\",\"url\":\"https:\\\/\\\/visionarymarketing.com\\\/wp-content\\\/uploads\\\/2011\\\/09\\\/economicwarfare.jpg\",\"contentUrl\":\"https:\\\/\\\/visionarymarketing.com\\\/wp-content\\\/uploads\\\/2011\\\/09\\\/economicwarfare.jpg\",\"width\":500,\"height\":333},{\"@type\":\"BreadcrumbList\",\"@id\":\"https:\\\/\\\/visionarymarketing.com\\\/fr\\\/2011\\\/09\\\/13\\\/medias-sociaux-place-a-la-guerre-economique\\\/#breadcrumb\",\"itemListElement\":[{\"@type\":\"ListItem\",\"position\":1,\"name\":\"Home\",\"item\":\"https:\\\/\\\/visionarymarketing.com\\\/fr\\\/\"},{\"@type\":\"ListItem\",\"position\":2,\"name\":\"m\u00e9dias sociaux : place \u00e0 la guerre \u00e9conomique\"}]},{\"@type\":\"WebSite\",\"@id\":\"https:\\\/\\\/visionarymarketing.com\\\/fr\\\/#website\",\"url\":\"https:\\\/\\\/visionarymarketing.com\\\/fr\\\/\",\"name\":\"Marketing and Innovation\",\"description\":\"Site d&#039;infos ind\u00e9pendant, depuis 1996\",\"potentialAction\":[{\"@type\":\"SearchAction\",\"target\":{\"@type\":\"EntryPoint\",\"urlTemplate\":\"https:\\\/\\\/visionarymarketing.com\\\/fr\\\/?s={search_term_string}\"},\"query-input\":{\"@type\":\"PropertyValueSpecification\",\"valueRequired\":true,\"valueName\":\"search_term_string\"}}],\"inLanguage\":\"fr-FR\"},{\"@type\":\"Person\",\"@id\":\"https:\\\/\\\/visionarymarketing.com\\\/fr\\\/#\\\/schema\\\/person\\\/3754fee1e558f47b8deb46f53c37423e\",\"name\":\"Yann Gourvennec\",\"image\":{\"@type\":\"ImageObject\",\"inLanguage\":\"fr-FR\",\"@id\":\"https:\\\/\\\/secure.gravatar.com\\\/avatar\\\/5972001801e8de5692a3e31224e85769f50a55fb8b679749f9c8d1868cceff14?s=96&d=initials&r=g&initials=yg\",\"url\":\"https:\\\/\\\/secure.gravatar.com\\\/avatar\\\/5972001801e8de5692a3e31224e85769f50a55fb8b679749f9c8d1868cceff14?s=96&d=initials&r=g&initials=yg\",\"contentUrl\":\"https:\\\/\\\/secure.gravatar.com\\\/avatar\\\/5972001801e8de5692a3e31224e85769f50a55fb8b679749f9c8d1868cceff14?s=96&d=initials&r=g&initials=yg\",\"caption\":\"Yann Gourvennec\"},\"description\":\"Yann Gourvennec created visionarymarketing.com in 1996. He is a speaker and author of many books. In 2014 he went from intrapreneur to entrepreneur, when he created his digital marketing agency. Yann Gourvennec a cr\u00e9\u00e9 visionarymarketing.com en 1996. Il est conf\u00e9rencier et auteur de plusieurs livres. En 2014, il est pass\u00e9 d'intrapreneur \u00e0 entrepreneur en cr\u00e9ant son agence de marketing num\u00e9rique.\",\"sameAs\":[\"https:\\\/\\\/visionarymarketing.com\",\"http:\\\/\\\/facebook.com\\\/ygourven\",\"http:\\\/\\\/linkedin.com\\\/in\\\/ygourven\",\"https:\\\/\\\/x.com\\\/ygourven\",\"https:\\\/\\\/www.youtube.com\\\/c\\\/visionarymarketingagency\"],\"url\":\"https:\\\/\\\/visionarymarketing.com\\\/fr\\\/author\\\/yann-gourvennec\\\/\"}]}<\/script>\n<!-- \/ Yoast SEO plugin. -->","yoast_head_json":{"title":"m\u00e9dias sociaux : place \u00e0 la guerre \u00e9conomique","description":"Cette fois-ci pour cet article remarquable de Cyrille Frank (rep\u00e9r\u00e9 via Christophe Asselin de Digimind sur Twitter) qui montre que le terrain de jeu des m\u00e9dias sociaux se d\u00e9place. Le fameux \"klout\" d\u00e9j\u00e0 maintes fois d\u00e9battu sur ce blog devient le terrain de jeu non pas seulement de l'influence mais purement et simplement de l'acc\u00e8s aux avantages, aux meilleurs prix, et de l'employabilit\u00e9 ... et donc un enjeu d'\u00e9ducation ... et de p\u00e9rennit\u00e9 \u00e9conomique pour les Etats. A m\u00e9diter en ces temps de pr\u00e9 campagne \u00e9lectorales o\u00f9 les m\u00e9dias sociaux me semblent extr\u00eamement discrets, \u00e0 l'inverse de ce qui s'est pass\u00e9 en 2007. Le temps de la po\u00e9sie sur les m\u00e9dias sociaux est r\u00e9volu, de la m\u00eame fa\u00e7on que la bascule s'est effectu\u00e9e vers le Web marchand au d\u00e9but des ann\u00e9es 2000.","robots":{"index":"index","follow":"follow","max-snippet":"max-snippet:-1","max-image-preview":"max-image-preview:large","max-video-preview":"max-video-preview:-1"},"canonical":"https:\/\/visionarymarketing.com\/fr\/2011\/09\/13\/medias-sociaux-place-a-la-guerre-economique\/","og_locale":"fr_FR","og_type":"article","og_title":"m\u00e9dias sociaux : place \u00e0 la guerre \u00e9conomique","og_description":"Cette fois-ci pour cet article remarquable de Cyrille Frank (rep\u00e9r\u00e9 via Christophe Asselin de Digimind sur Twitter) qui montre que le terrain de jeu des m\u00e9dias sociaux se d\u00e9place. Le fameux \"klout\" d\u00e9j\u00e0 maintes fois d\u00e9battu sur ce blog devient le terrain de jeu non pas seulement de l'influence mais purement et simplement de l'acc\u00e8s aux avantages, aux meilleurs prix, et de l'employabilit\u00e9 ... et donc un enjeu d'\u00e9ducation ... et de p\u00e9rennit\u00e9 \u00e9conomique pour les Etats. A m\u00e9diter en ces temps de pr\u00e9 campagne \u00e9lectorales o\u00f9 les m\u00e9dias sociaux me semblent extr\u00eamement discrets, \u00e0 l'inverse de ce qui s'est pass\u00e9 en 2007. Le temps de la po\u00e9sie sur les m\u00e9dias sociaux est r\u00e9volu, de la m\u00eame fa\u00e7on que la bascule s'est effectu\u00e9e vers le Web marchand au d\u00e9but des ann\u00e9es 2000.","og_url":"https:\/\/visionarymarketing.com\/fr\/2011\/09\/13\/medias-sociaux-place-a-la-guerre-economique\/","og_site_name":"Marketing and Innovation","article_publisher":"https:\/\/www.facebook.com\/vismktg","article_author":"http:\/\/facebook.com\/ygourven","article_published_time":"2011-09-13T07:10:53+00:00","article_modified_time":"2024-03-06T07:43:05+00:00","og_image":[{"width":500,"height":333,"url":"https:\/\/visionarymarketing.com\/wp-content\/uploads\/2011\/09\/economicwarfare.jpg","type":"image\/jpeg"}],"author":"Yann Gourvennec","twitter_card":"summary_large_image","twitter_creator":"@ygourven","twitter_site":"@ygourven","twitter_misc":{"\u00c9crit par":"Yann Gourvennec","Dur\u00e9e de lecture estim\u00e9e":"2 minutes"},"schema":{"@context":"https:\/\/schema.org","@graph":[{"@type":"NewsArticle","@id":"https:\/\/visionarymarketing.com\/fr\/2011\/09\/13\/medias-sociaux-place-a-la-guerre-economique\/#article","isPartOf":{"@id":"https:\/\/visionarymarketing.com\/fr\/2011\/09\/13\/medias-sociaux-place-a-la-guerre-economique\/"},"author":{"name":"Yann Gourvennec","@id":"https:\/\/visionarymarketing.com\/fr\/#\/schema\/person\/3754fee1e558f47b8deb46f53c37423e"},"headline":"m\u00e9dias sociaux : place \u00e0 la guerre \u00e9conomique","datePublished":"2011-09-13T07:10:53+00:00","dateModified":"2024-03-06T07:43:05+00:00","mainEntityOfPage":{"@id":"https:\/\/visionarymarketing.com\/fr\/2011\/09\/13\/medias-sociaux-place-a-la-guerre-economique\/"},"wordCount":449,"commentCount":0,"image":{"@id":"https:\/\/visionarymarketing.com\/fr\/2011\/09\/13\/medias-sociaux-place-a-la-guerre-economique\/#primaryimage"},"thumbnailUrl":"https:\/\/visionarymarketing.com\/wp-content\/uploads\/2011\/09\/economicwarfare.jpg","articleSection":["m\u00e9dias \/ r\u00e9seaux sociaux"],"inLanguage":"fr-FR","potentialAction":[{"@type":"CommentAction","name":"Comment","target":["https:\/\/visionarymarketing.com\/fr\/2011\/09\/13\/medias-sociaux-place-a-la-guerre-economique\/#respond"]}]},{"@type":"WebPage","@id":"https:\/\/visionarymarketing.com\/fr\/2011\/09\/13\/medias-sociaux-place-a-la-guerre-economique\/","url":"https:\/\/visionarymarketing.com\/fr\/2011\/09\/13\/medias-sociaux-place-a-la-guerre-economique\/","name":"m\u00e9dias sociaux : place \u00e0 la guerre \u00e9conomique","isPartOf":{"@id":"https:\/\/visionarymarketing.com\/fr\/#website"},"primaryImageOfPage":{"@id":"https:\/\/visionarymarketing.com\/fr\/2011\/09\/13\/medias-sociaux-place-a-la-guerre-economique\/#primaryimage"},"image":{"@id":"https:\/\/visionarymarketing.com\/fr\/2011\/09\/13\/medias-sociaux-place-a-la-guerre-economique\/#primaryimage"},"thumbnailUrl":"https:\/\/visionarymarketing.com\/wp-content\/uploads\/2011\/09\/economicwarfare.jpg","datePublished":"2011-09-13T07:10:53+00:00","dateModified":"2024-03-06T07:43:05+00:00","author":{"@id":"https:\/\/visionarymarketing.com\/fr\/#\/schema\/person\/3754fee1e558f47b8deb46f53c37423e"},"description":"Cette fois-ci pour cet article remarquable de Cyrille Frank (rep\u00e9r\u00e9 via Christophe Asselin de Digimind sur Twitter) qui montre que le terrain de jeu des m\u00e9dias sociaux se d\u00e9place. Le fameux \"klout\" d\u00e9j\u00e0 maintes fois d\u00e9battu sur ce blog devient le terrain de jeu non pas seulement de l'influence mais purement et simplement de l'acc\u00e8s aux avantages, aux meilleurs prix, et de l'employabilit\u00e9 ... et donc un enjeu d'\u00e9ducation ... et de p\u00e9rennit\u00e9 \u00e9conomique pour les Etats. A m\u00e9diter en ces temps de pr\u00e9 campagne \u00e9lectorales o\u00f9 les m\u00e9dias sociaux me semblent extr\u00eamement discrets, \u00e0 l'inverse de ce qui s'est pass\u00e9 en 2007. Le temps de la po\u00e9sie sur les m\u00e9dias sociaux est r\u00e9volu, de la m\u00eame fa\u00e7on que la bascule s'est effectu\u00e9e vers le Web marchand au d\u00e9but des ann\u00e9es 2000.","breadcrumb":{"@id":"https:\/\/visionarymarketing.com\/fr\/2011\/09\/13\/medias-sociaux-place-a-la-guerre-economique\/#breadcrumb"},"inLanguage":"fr-FR","potentialAction":[{"@type":"ReadAction","target":["https:\/\/visionarymarketing.com\/fr\/2011\/09\/13\/medias-sociaux-place-a-la-guerre-economique\/"]}]},{"@type":"ImageObject","inLanguage":"fr-FR","@id":"https:\/\/visionarymarketing.com\/fr\/2011\/09\/13\/medias-sociaux-place-a-la-guerre-economique\/#primaryimage","url":"https:\/\/visionarymarketing.com\/wp-content\/uploads\/2011\/09\/economicwarfare.jpg","contentUrl":"https:\/\/visionarymarketing.com\/wp-content\/uploads\/2011\/09\/economicwarfare.jpg","width":500,"height":333},{"@type":"BreadcrumbList","@id":"https:\/\/visionarymarketing.com\/fr\/2011\/09\/13\/medias-sociaux-place-a-la-guerre-economique\/#breadcrumb","itemListElement":[{"@type":"ListItem","position":1,"name":"Home","item":"https:\/\/visionarymarketing.com\/fr\/"},{"@type":"ListItem","position":2,"name":"m\u00e9dias sociaux : place \u00e0 la guerre \u00e9conomique"}]},{"@type":"WebSite","@id":"https:\/\/visionarymarketing.com\/fr\/#website","url":"https:\/\/visionarymarketing.com\/fr\/","name":"Marketing and Innovation","description":"Site d&#039;infos ind\u00e9pendant, depuis 1996","potentialAction":[{"@type":"SearchAction","target":{"@type":"EntryPoint","urlTemplate":"https:\/\/visionarymarketing.com\/fr\/?s={search_term_string}"},"query-input":{"@type":"PropertyValueSpecification","valueRequired":true,"valueName":"search_term_string"}}],"inLanguage":"fr-FR"},{"@type":"Person","@id":"https:\/\/visionarymarketing.com\/fr\/#\/schema\/person\/3754fee1e558f47b8deb46f53c37423e","name":"Yann Gourvennec","image":{"@type":"ImageObject","inLanguage":"fr-FR","@id":"https:\/\/secure.gravatar.com\/avatar\/5972001801e8de5692a3e31224e85769f50a55fb8b679749f9c8d1868cceff14?s=96&d=initials&r=g&initials=yg","url":"https:\/\/secure.gravatar.com\/avatar\/5972001801e8de5692a3e31224e85769f50a55fb8b679749f9c8d1868cceff14?s=96&d=initials&r=g&initials=yg","contentUrl":"https:\/\/secure.gravatar.com\/avatar\/5972001801e8de5692a3e31224e85769f50a55fb8b679749f9c8d1868cceff14?s=96&d=initials&r=g&initials=yg","caption":"Yann Gourvennec"},"description":"Yann Gourvennec created visionarymarketing.com in 1996. He is a speaker and author of many books. In 2014 he went from intrapreneur to entrepreneur, when he created his digital marketing agency. Yann Gourvennec a cr\u00e9\u00e9 visionarymarketing.com en 1996. Il est conf\u00e9rencier et auteur de plusieurs livres. En 2014, il est pass\u00e9 d'intrapreneur \u00e0 entrepreneur en cr\u00e9ant son agence de marketing num\u00e9rique.","sameAs":["https:\/\/visionarymarketing.com","http:\/\/facebook.com\/ygourven","http:\/\/linkedin.com\/in\/ygourven","https:\/\/x.com\/ygourven","https:\/\/www.youtube.com\/c\/visionarymarketingagency"],"url":"https:\/\/visionarymarketing.com\/fr\/author\/yann-gourvennec\/"}]}},"_links":{"self":[{"href":"https:\/\/visionarymarketing.com\/fr\/wp-json\/wp\/v2\/posts\/4623","targetHints":{"allow":["GET"]}}],"collection":[{"href":"https:\/\/visionarymarketing.com\/fr\/wp-json\/wp\/v2\/posts"}],"about":[{"href":"https:\/\/visionarymarketing.com\/fr\/wp-json\/wp\/v2\/types\/post"}],"author":[{"embeddable":true,"href":"https:\/\/visionarymarketing.com\/fr\/wp-json\/wp\/v2\/users\/2"}],"replies":[{"embeddable":true,"href":"https:\/\/visionarymarketing.com\/fr\/wp-json\/wp\/v2\/comments?post=4623"}],"version-history":[{"count":0,"href":"https:\/\/visionarymarketing.com\/fr\/wp-json\/wp\/v2\/posts\/4623\/revisions"}],"wp:featuredmedia":[{"embeddable":true,"href":"https:\/\/visionarymarketing.com\/fr\/wp-json\/wp\/v2\/media\/4626"}],"wp:attachment":[{"href":"https:\/\/visionarymarketing.com\/fr\/wp-json\/wp\/v2\/media?parent=4623"}],"wp:term":[{"taxonomy":"category","embeddable":true,"href":"https:\/\/visionarymarketing.com\/fr\/wp-json\/wp\/v2\/categories?post=4623"},{"taxonomy":"post_tag","embeddable":true,"href":"https:\/\/visionarymarketing.com\/fr\/wp-json\/wp\/v2\/tags?post=4623"}],"curies":[{"name":"wp","href":"https:\/\/api.w.org\/{rel}","templated":true}]}}