{"id":4567,"date":"2011-09-06T07:15:05","date_gmt":"2011-09-06T07:15:05","guid":{"rendered":"https:\/\/visionary.wordpress.com\/?p=4567"},"modified":"2021-03-06T19:38:56","modified_gmt":"2021-03-06T18:38:56","slug":"orange-innonapo","status":"publish","type":"post","link":"https:\/\/visionarymarketing.com\/fr\/2011\/09\/06\/orange-innonapo\/","title":{"rendered":"t\u00e9moignage d&rsquo;Orange aux assises des m\u00e9dias sociaux"},"content":{"rendered":"<p><em>Le 6 septembre, <\/em><a href=\"http:\/\/twitter.com\/lionelfumado\" target=\"_blank\" rel=\"noopener noreferrer\"><em>Lionel Fumado<\/em><\/a><em> a t\u00e9moign\u00e9 pour <\/em><a href=\"http:\/\/twitter.com\/orange\" target=\"_blank\" rel=\"noopener noreferrer\"><em>Orange<\/em><\/a><em> dans le cadre des assises des m\u00e9dias sociaux qui se sont tenues au Napol\u00e9on \u00e0 Paris [transparence : Lionel est dans mon \u00e9quipe <\/em><a href=\"http:\/\/twitter.com\/orange\" target=\"_blank\" rel=\"noopener noreferrer\"><em>@orange<\/em><\/a><em>].<\/em><\/p>\n<p><img decoding=\"async\" class=\"alignright wp-image-54852 size-full\" src=\"https:\/\/visionarymarketing.com\/wp-content\/uploads\/2011\/09\/iu-2-e1596896924389.jpeg\" alt=\"Le 6 septembre, Lionel Fumado a t\u00e9moign\u00e9 pour Orange\" width=\"604\" height=\"340\" \/><\/p>\n<p>La pr\u00e9sentation \u00e9tant d\u00e9di\u00e9e aux diff\u00e9rents types d\u2019outils que nous utilisons dans l\u2019\u00e9quipe, celle-ci s\u2019est articul\u00e9 autour de 4 points principaux :<\/p>\n<ol>\n<li>veille et suivi (digimind et outil interne)<\/li>\n<li>relations blogueurs (e-cairn)<\/li>\n<li>blog live (<span class=\"removed_link\" title=\"http:\/\/live.orange.com\">http:\/\/live.orange.com<\/span>)\u00a0 et twitterfeed<\/li>\n<li>m\u00e9dias sociaux proprement dits : hootsuite, streamlike et tigerlily<\/li>\n<\/ol>\n<p>(seuls les outils principaux sont cit\u00e9s, par souci de simplification)<\/p>\n<p>le tout s\u2019articulant autour d\u2019une communaut\u00e9 des responsables de communaut\u00e9s que nous avons intitul\u00e9 \u201ccome\u2019in\u201d. J\u2019ai enregistr\u00e9 l\u2019int\u00e9gralit\u00e9 de la pr\u00e9sentation dans la vid\u00e9o ci-dessous.<\/p>\n<p><strong>voir la vid\u00e9o de son intervention<\/strong><\/p>\n<p><iframe title=\"[Fr] Assises des m\u00e9dias sociaux - @lionelfumado #innonapo\" width=\"500\" height=\"281\" src=\"https:\/\/www.youtube.com\/embed\/NYHt76D-9Hc?feature=oembed\" frameborder=\"0\" allow=\"accelerometer; autoplay; clipboard-write; encrypted-media; gyroscope; picture-in-picture; web-share\" referrerpolicy=\"strict-origin-when-cross-origin\" allowfullscreen><\/iframe><\/p>\n","protected":false},"excerpt":{"rendered":"<p>Le 6 septembre, Lionel Fumado a t\u00e9moign\u00e9 pour Orange dans le cadre des assises des m\u00e9dias sociaux qui se sont tenues au Napol\u00e9on \u00e0 Paris [transparence : Lionel est dans mon \u00e9quipe @orange]. La pr\u00e9sentation \u00e9tant d\u00e9di\u00e9e aux diff\u00e9rents types d\u2019outils que nous utilisons dans l\u2019\u00e9quipe, celle-ci s\u2019est articul\u00e9 autour de 4 points principaux : &hellip;<\/p>\n","protected":false},"author":2,"featured_media":54852,"comment_status":"open","ping_status":"open","sticky":false,"template":"","format":"standard","meta":{"footnotes":""},"categories":[25],"tags":[],"class_list":["post-4567","post","type-post","status-publish","format-standard","has-post-thumbnail","hentry","category-medias-sociaux"],"yoast_head":"<!-- This site is optimized with the Yoast SEO plugin v27.4 - https:\/\/yoast.com\/product\/yoast-seo-wordpress\/ -->\n<title>t\u00e9moignage d&#039;Orange aux assises des m\u00e9dias sociaux<\/title>\n<meta name=\"description\" content=\"Le 6 septembre, Lionel Fumado a t\u00e9moign\u00e9 pour Orange dans le cadre des assises des m\u00e9dias sociaux qui se sont tenues au Napol\u00e9on \u00e0 Paris\" \/>\n<meta name=\"robots\" content=\"noindex, follow\" \/>\n<meta property=\"og:locale\" content=\"fr_FR\" \/>\n<meta property=\"og:type\" content=\"article\" \/>\n<meta property=\"og:title\" content=\"t\u00e9moignage d&#039;Orange aux assises des m\u00e9dias sociaux\" \/>\n<meta property=\"og:description\" content=\"Le 6 septembre, Lionel Fumado a t\u00e9moign\u00e9 pour Orange dans le cadre des assises des m\u00e9dias sociaux qui se sont tenues au Napol\u00e9on \u00e0 Paris\" \/>\n<meta property=\"og:url\" content=\"https:\/\/visionarymarketing.com\/fr\/2011\/09\/06\/orange-innonapo\/\" \/>\n<meta property=\"og:site_name\" content=\"Marketing and Innovation\" \/>\n<meta property=\"article:publisher\" content=\"https:\/\/www.facebook.com\/vismktg\" \/>\n<meta property=\"article:author\" content=\"http:\/\/facebook.com\/ygourven\" \/>\n<meta property=\"article:published_time\" content=\"2011-09-06T07:15:05+00:00\" \/>\n<meta property=\"article:modified_time\" content=\"2021-03-06T18:38:56+00:00\" \/>\n<meta property=\"og:image\" content=\"https:\/\/visionarymarketing.com\/wp-content\/uploads\/2011\/09\/iu-2-e1596896924389.jpeg\" \/>\n\t<meta property=\"og:image:width\" content=\"604\" \/>\n\t<meta property=\"og:image:height\" content=\"340\" \/>\n\t<meta property=\"og:image:type\" content=\"image\/jpeg\" \/>\n<meta name=\"author\" content=\"Yann Gourvennec\" \/>\n<meta name=\"twitter:card\" content=\"summary_large_image\" \/>\n<meta name=\"twitter:creator\" content=\"@ygourven\" \/>\n<meta name=\"twitter:site\" content=\"@ygourven\" \/>\n<meta name=\"twitter:label1\" content=\"\u00c9crit par\" \/>\n\t<meta name=\"twitter:data1\" content=\"Yann Gourvennec\" \/>\n\t<meta name=\"twitter:label2\" content=\"Dur\u00e9e de lecture estim\u00e9e\" \/>\n\t<meta name=\"twitter:data2\" content=\"1 minute\" \/>\n<script type=\"application\/ld+json\" class=\"yoast-schema-graph\">{\"@context\":\"https:\\\/\\\/schema.org\",\"@graph\":[{\"@type\":\"NewsArticle\",\"@id\":\"https:\\\/\\\/visionarymarketing.com\\\/fr\\\/2011\\\/09\\\/06\\\/orange-innonapo\\\/#article\",\"isPartOf\":{\"@id\":\"https:\\\/\\\/visionarymarketing.com\\\/fr\\\/2011\\\/09\\\/06\\\/orange-innonapo\\\/\"},\"author\":{\"name\":\"Yann Gourvennec\",\"@id\":\"https:\\\/\\\/visionarymarketing.com\\\/fr\\\/#\\\/schema\\\/person\\\/3754fee1e558f47b8deb46f53c37423e\"},\"headline\":\"t\u00e9moignage d&rsquo;Orange aux assises des m\u00e9dias sociaux\",\"datePublished\":\"2011-09-06T07:15:05+00:00\",\"dateModified\":\"2021-03-06T18:38:56+00:00\",\"mainEntityOfPage\":{\"@id\":\"https:\\\/\\\/visionarymarketing.com\\\/fr\\\/2011\\\/09\\\/06\\\/orange-innonapo\\\/\"},\"wordCount\":158,\"commentCount\":0,\"image\":{\"@id\":\"https:\\\/\\\/visionarymarketing.com\\\/fr\\\/2011\\\/09\\\/06\\\/orange-innonapo\\\/#primaryimage\"},\"thumbnailUrl\":\"https:\\\/\\\/visionarymarketing.com\\\/wp-content\\\/uploads\\\/2011\\\/09\\\/iu-2-e1596896924389.jpeg\",\"articleSection\":[\"m\u00e9dias \\\/ r\u00e9seaux sociaux\"],\"inLanguage\":\"fr-FR\",\"potentialAction\":[{\"@type\":\"CommentAction\",\"name\":\"Comment\",\"target\":[\"https:\\\/\\\/visionarymarketing.com\\\/fr\\\/2011\\\/09\\\/06\\\/orange-innonapo\\\/#respond\"]}]},{\"@type\":\"WebPage\",\"@id\":\"https:\\\/\\\/visionarymarketing.com\\\/fr\\\/2011\\\/09\\\/06\\\/orange-innonapo\\\/\",\"url\":\"https:\\\/\\\/visionarymarketing.com\\\/fr\\\/2011\\\/09\\\/06\\\/orange-innonapo\\\/\",\"name\":\"t\u00e9moignage d'Orange aux assises des m\u00e9dias sociaux\",\"isPartOf\":{\"@id\":\"https:\\\/\\\/visionarymarketing.com\\\/fr\\\/#website\"},\"primaryImageOfPage\":{\"@id\":\"https:\\\/\\\/visionarymarketing.com\\\/fr\\\/2011\\\/09\\\/06\\\/orange-innonapo\\\/#primaryimage\"},\"image\":{\"@id\":\"https:\\\/\\\/visionarymarketing.com\\\/fr\\\/2011\\\/09\\\/06\\\/orange-innonapo\\\/#primaryimage\"},\"thumbnailUrl\":\"https:\\\/\\\/visionarymarketing.com\\\/wp-content\\\/uploads\\\/2011\\\/09\\\/iu-2-e1596896924389.jpeg\",\"datePublished\":\"2011-09-06T07:15:05+00:00\",\"dateModified\":\"2021-03-06T18:38:56+00:00\",\"author\":{\"@id\":\"https:\\\/\\\/visionarymarketing.com\\\/fr\\\/#\\\/schema\\\/person\\\/3754fee1e558f47b8deb46f53c37423e\"},\"description\":\"Le 6 septembre, Lionel Fumado a t\u00e9moign\u00e9 pour Orange dans le cadre des assises des m\u00e9dias sociaux qui se sont tenues au Napol\u00e9on \u00e0 Paris\",\"breadcrumb\":{\"@id\":\"https:\\\/\\\/visionarymarketing.com\\\/fr\\\/2011\\\/09\\\/06\\\/orange-innonapo\\\/#breadcrumb\"},\"inLanguage\":\"fr-FR\",\"potentialAction\":[{\"@type\":\"ReadAction\",\"target\":[\"https:\\\/\\\/visionarymarketing.com\\\/fr\\\/2011\\\/09\\\/06\\\/orange-innonapo\\\/\"]}]},{\"@type\":\"ImageObject\",\"inLanguage\":\"fr-FR\",\"@id\":\"https:\\\/\\\/visionarymarketing.com\\\/fr\\\/2011\\\/09\\\/06\\\/orange-innonapo\\\/#primaryimage\",\"url\":\"https:\\\/\\\/visionarymarketing.com\\\/wp-content\\\/uploads\\\/2011\\\/09\\\/iu-2-e1596896924389.jpeg\",\"contentUrl\":\"https:\\\/\\\/visionarymarketing.com\\\/wp-content\\\/uploads\\\/2011\\\/09\\\/iu-2-e1596896924389.jpeg\",\"width\":604,\"height\":340,\"caption\":\"Le 6 septembre, Lionel Fumado a t\u00e9moign\u00e9 pour Orange dans le cadre des assises des m\u00e9dias sociaux qui se sont tenues au Napol\u00e9on \u00e0 Paris [transparence : Lionel est dans mon \u00e9quipe @orange].\"},{\"@type\":\"BreadcrumbList\",\"@id\":\"https:\\\/\\\/visionarymarketing.com\\\/fr\\\/2011\\\/09\\\/06\\\/orange-innonapo\\\/#breadcrumb\",\"itemListElement\":[{\"@type\":\"ListItem\",\"position\":1,\"name\":\"Home\",\"item\":\"https:\\\/\\\/visionarymarketing.com\\\/fr\\\/\"},{\"@type\":\"ListItem\",\"position\":2,\"name\":\"t\u00e9moignage d&rsquo;Orange aux assises des m\u00e9dias sociaux\"}]},{\"@type\":\"WebSite\",\"@id\":\"https:\\\/\\\/visionarymarketing.com\\\/fr\\\/#website\",\"url\":\"https:\\\/\\\/visionarymarketing.com\\\/fr\\\/\",\"name\":\"Marketing and Innovation\",\"description\":\"Site d&#039;infos ind\u00e9pendant, depuis 1996\",\"potentialAction\":[{\"@type\":\"SearchAction\",\"target\":{\"@type\":\"EntryPoint\",\"urlTemplate\":\"https:\\\/\\\/visionarymarketing.com\\\/fr\\\/?s={search_term_string}\"},\"query-input\":{\"@type\":\"PropertyValueSpecification\",\"valueRequired\":true,\"valueName\":\"search_term_string\"}}],\"inLanguage\":\"fr-FR\"},{\"@type\":\"Person\",\"@id\":\"https:\\\/\\\/visionarymarketing.com\\\/fr\\\/#\\\/schema\\\/person\\\/3754fee1e558f47b8deb46f53c37423e\",\"name\":\"Yann Gourvennec\",\"image\":{\"@type\":\"ImageObject\",\"inLanguage\":\"fr-FR\",\"@id\":\"https:\\\/\\\/secure.gravatar.com\\\/avatar\\\/5972001801e8de5692a3e31224e85769f50a55fb8b679749f9c8d1868cceff14?s=96&d=initials&r=g&initials=yg\",\"url\":\"https:\\\/\\\/secure.gravatar.com\\\/avatar\\\/5972001801e8de5692a3e31224e85769f50a55fb8b679749f9c8d1868cceff14?s=96&d=initials&r=g&initials=yg\",\"contentUrl\":\"https:\\\/\\\/secure.gravatar.com\\\/avatar\\\/5972001801e8de5692a3e31224e85769f50a55fb8b679749f9c8d1868cceff14?s=96&d=initials&r=g&initials=yg\",\"caption\":\"Yann Gourvennec\"},\"description\":\"Yann Gourvennec created visionarymarketing.com in 1996. He is a speaker and author of many books. In 2014 he went from intrapreneur to entrepreneur, when he created his digital marketing agency. Yann Gourvennec a cr\u00e9\u00e9 visionarymarketing.com en 1996. Il est conf\u00e9rencier et auteur de plusieurs livres. En 2014, il est pass\u00e9 d'intrapreneur \u00e0 entrepreneur en cr\u00e9ant son agence de marketing num\u00e9rique.\",\"sameAs\":[\"https:\\\/\\\/visionarymarketing.com\",\"http:\\\/\\\/facebook.com\\\/ygourven\",\"http:\\\/\\\/linkedin.com\\\/in\\\/ygourven\",\"https:\\\/\\\/x.com\\\/ygourven\",\"https:\\\/\\\/www.youtube.com\\\/c\\\/visionarymarketingagency\"],\"url\":\"https:\\\/\\\/visionarymarketing.com\\\/fr\\\/author\\\/yann-gourvennec\\\/\"}]}<\/script>\n<!-- \/ Yoast SEO plugin. -->","yoast_head_json":{"title":"t\u00e9moignage d'Orange aux assises des m\u00e9dias sociaux","description":"Le 6 septembre, Lionel Fumado a t\u00e9moign\u00e9 pour Orange dans le cadre des assises des m\u00e9dias sociaux qui se sont tenues au Napol\u00e9on \u00e0 Paris","robots":{"index":"noindex","follow":"follow"},"og_locale":"fr_FR","og_type":"article","og_title":"t\u00e9moignage d'Orange aux assises des m\u00e9dias sociaux","og_description":"Le 6 septembre, Lionel Fumado a t\u00e9moign\u00e9 pour Orange dans le cadre des assises des m\u00e9dias sociaux qui se sont tenues au Napol\u00e9on \u00e0 Paris","og_url":"https:\/\/visionarymarketing.com\/fr\/2011\/09\/06\/orange-innonapo\/","og_site_name":"Marketing and Innovation","article_publisher":"https:\/\/www.facebook.com\/vismktg","article_author":"http:\/\/facebook.com\/ygourven","article_published_time":"2011-09-06T07:15:05+00:00","article_modified_time":"2021-03-06T18:38:56+00:00","og_image":[{"width":604,"height":340,"url":"https:\/\/visionarymarketing.com\/wp-content\/uploads\/2011\/09\/iu-2-e1596896924389.jpeg","type":"image\/jpeg"}],"author":"Yann Gourvennec","twitter_card":"summary_large_image","twitter_creator":"@ygourven","twitter_site":"@ygourven","twitter_misc":{"\u00c9crit par":"Yann Gourvennec","Dur\u00e9e de lecture estim\u00e9e":"1 minute"},"schema":{"@context":"https:\/\/schema.org","@graph":[{"@type":"NewsArticle","@id":"https:\/\/visionarymarketing.com\/fr\/2011\/09\/06\/orange-innonapo\/#article","isPartOf":{"@id":"https:\/\/visionarymarketing.com\/fr\/2011\/09\/06\/orange-innonapo\/"},"author":{"name":"Yann Gourvennec","@id":"https:\/\/visionarymarketing.com\/fr\/#\/schema\/person\/3754fee1e558f47b8deb46f53c37423e"},"headline":"t\u00e9moignage d&rsquo;Orange aux assises des m\u00e9dias sociaux","datePublished":"2011-09-06T07:15:05+00:00","dateModified":"2021-03-06T18:38:56+00:00","mainEntityOfPage":{"@id":"https:\/\/visionarymarketing.com\/fr\/2011\/09\/06\/orange-innonapo\/"},"wordCount":158,"commentCount":0,"image":{"@id":"https:\/\/visionarymarketing.com\/fr\/2011\/09\/06\/orange-innonapo\/#primaryimage"},"thumbnailUrl":"https:\/\/visionarymarketing.com\/wp-content\/uploads\/2011\/09\/iu-2-e1596896924389.jpeg","articleSection":["m\u00e9dias \/ r\u00e9seaux sociaux"],"inLanguage":"fr-FR","potentialAction":[{"@type":"CommentAction","name":"Comment","target":["https:\/\/visionarymarketing.com\/fr\/2011\/09\/06\/orange-innonapo\/#respond"]}]},{"@type":"WebPage","@id":"https:\/\/visionarymarketing.com\/fr\/2011\/09\/06\/orange-innonapo\/","url":"https:\/\/visionarymarketing.com\/fr\/2011\/09\/06\/orange-innonapo\/","name":"t\u00e9moignage d'Orange aux assises des m\u00e9dias sociaux","isPartOf":{"@id":"https:\/\/visionarymarketing.com\/fr\/#website"},"primaryImageOfPage":{"@id":"https:\/\/visionarymarketing.com\/fr\/2011\/09\/06\/orange-innonapo\/#primaryimage"},"image":{"@id":"https:\/\/visionarymarketing.com\/fr\/2011\/09\/06\/orange-innonapo\/#primaryimage"},"thumbnailUrl":"https:\/\/visionarymarketing.com\/wp-content\/uploads\/2011\/09\/iu-2-e1596896924389.jpeg","datePublished":"2011-09-06T07:15:05+00:00","dateModified":"2021-03-06T18:38:56+00:00","author":{"@id":"https:\/\/visionarymarketing.com\/fr\/#\/schema\/person\/3754fee1e558f47b8deb46f53c37423e"},"description":"Le 6 septembre, Lionel Fumado a t\u00e9moign\u00e9 pour Orange dans le cadre des assises des m\u00e9dias sociaux qui se sont tenues au Napol\u00e9on \u00e0 Paris","breadcrumb":{"@id":"https:\/\/visionarymarketing.com\/fr\/2011\/09\/06\/orange-innonapo\/#breadcrumb"},"inLanguage":"fr-FR","potentialAction":[{"@type":"ReadAction","target":["https:\/\/visionarymarketing.com\/fr\/2011\/09\/06\/orange-innonapo\/"]}]},{"@type":"ImageObject","inLanguage":"fr-FR","@id":"https:\/\/visionarymarketing.com\/fr\/2011\/09\/06\/orange-innonapo\/#primaryimage","url":"https:\/\/visionarymarketing.com\/wp-content\/uploads\/2011\/09\/iu-2-e1596896924389.jpeg","contentUrl":"https:\/\/visionarymarketing.com\/wp-content\/uploads\/2011\/09\/iu-2-e1596896924389.jpeg","width":604,"height":340,"caption":"Le 6 septembre, Lionel Fumado a t\u00e9moign\u00e9 pour Orange dans le cadre des assises des m\u00e9dias sociaux qui se sont tenues au Napol\u00e9on \u00e0 Paris [transparence : Lionel est dans mon \u00e9quipe @orange]."},{"@type":"BreadcrumbList","@id":"https:\/\/visionarymarketing.com\/fr\/2011\/09\/06\/orange-innonapo\/#breadcrumb","itemListElement":[{"@type":"ListItem","position":1,"name":"Home","item":"https:\/\/visionarymarketing.com\/fr\/"},{"@type":"ListItem","position":2,"name":"t\u00e9moignage d&rsquo;Orange aux assises des m\u00e9dias sociaux"}]},{"@type":"WebSite","@id":"https:\/\/visionarymarketing.com\/fr\/#website","url":"https:\/\/visionarymarketing.com\/fr\/","name":"Marketing and Innovation","description":"Site d&#039;infos ind\u00e9pendant, depuis 1996","potentialAction":[{"@type":"SearchAction","target":{"@type":"EntryPoint","urlTemplate":"https:\/\/visionarymarketing.com\/fr\/?s={search_term_string}"},"query-input":{"@type":"PropertyValueSpecification","valueRequired":true,"valueName":"search_term_string"}}],"inLanguage":"fr-FR"},{"@type":"Person","@id":"https:\/\/visionarymarketing.com\/fr\/#\/schema\/person\/3754fee1e558f47b8deb46f53c37423e","name":"Yann Gourvennec","image":{"@type":"ImageObject","inLanguage":"fr-FR","@id":"https:\/\/secure.gravatar.com\/avatar\/5972001801e8de5692a3e31224e85769f50a55fb8b679749f9c8d1868cceff14?s=96&d=initials&r=g&initials=yg","url":"https:\/\/secure.gravatar.com\/avatar\/5972001801e8de5692a3e31224e85769f50a55fb8b679749f9c8d1868cceff14?s=96&d=initials&r=g&initials=yg","contentUrl":"https:\/\/secure.gravatar.com\/avatar\/5972001801e8de5692a3e31224e85769f50a55fb8b679749f9c8d1868cceff14?s=96&d=initials&r=g&initials=yg","caption":"Yann Gourvennec"},"description":"Yann Gourvennec created visionarymarketing.com in 1996. He is a speaker and author of many books. In 2014 he went from intrapreneur to entrepreneur, when he created his digital marketing agency. Yann Gourvennec a cr\u00e9\u00e9 visionarymarketing.com en 1996. Il est conf\u00e9rencier et auteur de plusieurs livres. En 2014, il est pass\u00e9 d'intrapreneur \u00e0 entrepreneur en cr\u00e9ant son agence de marketing num\u00e9rique.","sameAs":["https:\/\/visionarymarketing.com","http:\/\/facebook.com\/ygourven","http:\/\/linkedin.com\/in\/ygourven","https:\/\/x.com\/ygourven","https:\/\/www.youtube.com\/c\/visionarymarketingagency"],"url":"https:\/\/visionarymarketing.com\/fr\/author\/yann-gourvennec\/"}]}},"_links":{"self":[{"href":"https:\/\/visionarymarketing.com\/fr\/wp-json\/wp\/v2\/posts\/4567","targetHints":{"allow":["GET"]}}],"collection":[{"href":"https:\/\/visionarymarketing.com\/fr\/wp-json\/wp\/v2\/posts"}],"about":[{"href":"https:\/\/visionarymarketing.com\/fr\/wp-json\/wp\/v2\/types\/post"}],"author":[{"embeddable":true,"href":"https:\/\/visionarymarketing.com\/fr\/wp-json\/wp\/v2\/users\/2"}],"replies":[{"embeddable":true,"href":"https:\/\/visionarymarketing.com\/fr\/wp-json\/wp\/v2\/comments?post=4567"}],"version-history":[{"count":0,"href":"https:\/\/visionarymarketing.com\/fr\/wp-json\/wp\/v2\/posts\/4567\/revisions"}],"wp:featuredmedia":[{"embeddable":true,"href":"https:\/\/visionarymarketing.com\/fr\/wp-json\/wp\/v2\/media\/54852"}],"wp:attachment":[{"href":"https:\/\/visionarymarketing.com\/fr\/wp-json\/wp\/v2\/media?parent=4567"}],"wp:term":[{"taxonomy":"category","embeddable":true,"href":"https:\/\/visionarymarketing.com\/fr\/wp-json\/wp\/v2\/categories?post=4567"},{"taxonomy":"post_tag","embeddable":true,"href":"https:\/\/visionarymarketing.com\/fr\/wp-json\/wp\/v2\/tags?post=4567"}],"curies":[{"name":"wp","href":"https:\/\/api.w.org\/{rel}","templated":true}]}}