{"id":4533,"date":"2011-09-01T14:56:39","date_gmt":"2011-09-01T14:56:39","guid":{"rendered":"https:\/\/visionary.wordpress.com\/?p=4533"},"modified":"2021-03-06T09:32:00","modified_gmt":"2021-03-06T08:32:00","slug":"economie-francaise-espoir","status":"publish","type":"post","link":"https:\/\/visionarymarketing.com\/fr\/2011\/09\/01\/economie-francaise-espoir\/","title":{"rendered":"Economie fran\u00e7aise : \u00ab\u00a0il faut insuffler de l&rsquo;espoir\u00a0\u00bb (Alain Weill)"},"content":{"rendered":"<p><em>Insuffler de l&rsquo; espoir \u00e0 l&rsquo;\u00e9conomie fran\u00e7aise, c&rsquo;est le conseil d&rsquo;Alain Weill. C&rsquo;est la deuxi\u00e8me conf\u00e9rence \u00e0 laquelle j&rsquo;ai assist\u00e9e aux universit\u00e9s du Medef aujourd&rsquo;hui.\u00a0<\/em><em>Le but de cette conf\u00e9rence a \u00e9t\u00e9 de nous \u00ab\u00a0redonner la p\u00eache\u00a0\u00bb selon les termes m\u00eames de l&rsquo;animateur Olivier Jay (journaliste), qui a re\u00e7u ces instructions de la bouche m\u00eame de <a href=\"https:\/\/visionarymarketing.com\/fr\/2011\/09\/laurence-parisot-avec-ces-rencontres-naissent-des-ides-nouvelles-uemedef11\/\">Laurence Parisot<\/a>.<\/em><\/p>\n<h2>Economie fran\u00e7aise : \u00ab\u00a0il faut insuffler de l&rsquo;espoir\u00a0\u00bb (Alain Weill)<\/h2>\n<figure id=\"attachment_61260\" aria-describedby=\"caption-attachment-61260\" style=\"width: 519px\" class=\"wp-caption aligncenter\"><img decoding=\"async\" class=\"wp-image-61260 size-full\" src=\"https:\/\/visionarymarketing.com\/wp-content\/uploads\/2021\/02\/jumpstory-download20210201-071955-e1612164035363.jpg\" alt=\"Economie fran\u00e7aise : &quot;il faut insuffler de l' espoir&quot; (Alain Weill)\" width=\"519\" height=\"339\" srcset=\"https:\/\/visionarymarketing.com\/wp-content\/uploads\/2021\/02\/jumpstory-download20210201-071955-e1612164035363.jpg 519w, https:\/\/visionarymarketing.com\/wp-content\/uploads\/2021\/02\/jumpstory-download20210201-071955-e1612164035363-459x300.jpg 459w\" sizes=\"(max-width: 519px) 100vw, 519px\" \/><figcaption id=\"caption-attachment-61260\" class=\"wp-caption-text\">Economie fran\u00e7aise : \u00ab\u00a0il faut insuffler de l&rsquo;espoir\u00a0\u00bb (Alain Weill)<\/figcaption><\/figure>\n<h3>Espoir, d\u00e9sespoir et \u00e9conomie fran\u00e7aise<\/h3>\n<p><a href=\"https:\/\/fr.wikipedia.org\/wiki\/Alain_Weill\" target=\"_blank\" rel=\"noopener\">Alain Weill<\/a>, Pr\u00e9sident de next radio tv,\u00a0qui passe beaucoup de temps aux \u00e9tats unis, a fustig\u00e9 la France qui est le \u00ab\u00a0champion du monde du d\u00e9sespoir\u00a0\u00bb. Pourtant les raisons d&rsquo;esp\u00e9rer sont nombreuses selon lui. La France est un pays de grandes entreprises qui r\u00e9ussissent et il pense qu&rsquo;il faut \u00eatre conscient que notre pays a un fort potentiel. Dans ce\u00a0monde qui bouge, le d\u00e9veloppement des pays \u00e9mergents est plus encourageant qu&rsquo;effrayant et \u00ab\u00a0il faut insuffler de l&rsquo;espoir et redonner confiance en l&rsquo;avenir\u00a0\u00bb.<!--more--><\/p>\n<figure id=\"attachment_4531\" aria-describedby=\"caption-attachment-4531\" style=\"width: 198px\" class=\"wp-caption alignright\"><img decoding=\"async\" class=\"wp-image-4531 size-medium\" src=\"https:\/\/visionarymarketing.com\/wp-content\/uploads\/2011\/09\/dsc_3728-198x300.jpg\" alt=\"Economie fran\u00e7aise\" width=\"198\" height=\"300\" srcset=\"https:\/\/visionarymarketing.com\/wp-content\/uploads\/2011\/09\/dsc_3728-198x300.jpg 198w, https:\/\/visionarymarketing.com\/wp-content\/uploads\/2011\/09\/dsc_3728.jpg 509w\" sizes=\"(max-width: 198px) 100vw, 198px\" \/><figcaption id=\"caption-attachment-4531\" class=\"wp-caption-text\">photo Visionary Marketing (l\u2019ambassadeur de France au Japon, apr\u00e8s son intervention passionnante sur le Japon apr\u00e8s Fukushima)<\/figcaption><\/figure>\n<h3>La le\u00e7on de civisme et d&rsquo;\u00e9conomie du Japon<\/h3>\n<p>On retiendra surtout l&rsquo;intervention de notre <span class=\"removed_link\" title=\"https:\/\/picasaweb.google.com\/lh\/photo\/1TEqgaXosJWqf83mC4IQ-w?feat=directlink\">ambassadeur au Japon<\/span> qui a dress\u00e9 un portrait remarquable de son pays d&rsquo;accueil. Au lendemain de la catastrophe de Fukushima, qui a choqu\u00e9 le monde entier, les Japonais ont relev\u00e9 imm\u00e9diatement la t\u00eate, et affront\u00e9 avec courage et inventivit\u00e9 cette situation qui para\u00eet compl\u00e8tement d\u00e9sesp\u00e9rante.<\/p>\n<p>Au moment m\u00eame o\u00f9 le Japon aurait pu sombrer, devant le caract\u00e8re aussi s\u00e9v\u00e8re de ce d\u00e9sastre humanitaire, \u00e9cologique et technologique, ils d\u00e9cident au contraire d\u2019investir plus dans la R&amp;D et de renforcer encore leur position dans le monde asiatique et le monde entier. Une belle le\u00e7on de courage, de r\u00e9ussite et d\u2019optimisme (voir ci-dessous pour les chiffres, dans mon compte-rendu)<\/p>\n<h3>Et la France entre m\u00e9thode Cou\u00e9 et l&rsquo;auto-flagellation<\/h3>\n<p>Et en m\u00eame temps que fait la France ? Elle h\u00e9site entre 2 choses : se fustiger avec nombrilisme, ou se glorifier avec non moins de nombrilisme. Plus \u00e7a change, \u2026 Il est urgent de se remettre au travail et de prouver, par l\u2019action, ce dont nous sommes capables, plut\u00f4t que de sombrer dans cette introspection.<\/p>\n<h3>La naissance d\u2019une conscience africaine<\/h3>\n<p>Si nous n\u2019avons encore rien appris cette fois ci sur la France qui\u00a0 nous permette de nous donner la p\u00eache (voir ci-dessus), par contre nous avons eu une excellente intervention de Monsieur Diarra, patron de Microsoft en Afrique, nous a r\u00e9v\u00e9l\u00e9 la naissance d\u2019une conscience africaine qui \u201ctranscende les \u00e9tats et les nationalit\u00e9s\u201d comme l\u2019a fait remarquer Olivier Jay, l\u2019animateur-journaliste.<\/p>\n<p>Suggestion : et si on nous montrait des exemples concrets de notre travail qui rayonne dans le monde \u2026 apr\u00e8s tout, cela ne doit pas \u00eatre si difficile que cela.<\/p>\n<h3>TRANSCRIPTION DES ENTRETIENS<\/h3>\n<hr \/>\n<ul>\n<li>&#8211; \u00c9douard Guillaud, chef d&rsquo;\u00e9tat major des arm\u00e9es<\/li>\n<\/ul>\n<ul>\n<li>&#8211; y a t il vraiment besoin de re-esp\u00e9rer?<\/li>\n<li>&#8211; en Europe nous pourrions d\u00e9sesp\u00e9rer d&rsquo;une soci\u00e9t\u00e9 hedoniste? Mais le chef d&rsquo;\u00e9tat major aime commander la jeunesse et croit en elle<\/li>\n<li>&#8211; il faut selon lui \u00e9viter l&rsquo;ang\u00e9lisme, mais aussi l&rsquo;hypocondriaque. Il pr\u00e9f\u00e8re le r\u00e9alisme, lucide, voire un peu cynique.<\/li>\n<li>L&rsquo;\u00e9quilibre statique se termin\u00e9 toujours par un effondrement et il faut relativiser la bouteille \u00e0 moiti\u00e9 pleine et re-esp\u00e9rer!<\/li>\n<li>&#8211; les exigences sont 1) ne par subir. ne me dites pas que ce n&rsquo;est pas possible 2) il faut prendre du temps et s&rsquo;inscrire dans le temps long 3) il faut privil\u00e9gier l&rsquo;int\u00e9r\u00eat commun qui va au-del\u00e0 de l&rsquo;int\u00e9r\u00eat particulier 4) donner espoir<\/li>\n<li>&#8211; au vu des actes d&rsquo;h\u00e9ro\u00efsme de l&rsquo;arm\u00e9e il ne peut d\u00e9sesp\u00e9rer<\/li>\n<\/ul>\n<ul>\n<li>MME Makram Ebeid, professeur de sciences politiques au Caire<\/li>\n<li>&#8211; dans cette r\u00e9volte populaire, la jeunesse a jou\u00e9 un r\u00f4le primordial<\/li>\n<li>&#8211; l&rsquo;\u00e9conomie tourne au ralenti depuis la r\u00e9volution, le tourisme notamment mais la flamb\u00e9e des prix redout\u00e9e n&rsquo;a pas eu lieu et la sinistrose n&rsquo;est pas de mise<\/li>\n<li>&#8211; dans chaque famille, il y \u00e0 un conscrit et l&rsquo;arm\u00e9e n&rsquo;est pas coup\u00e9e du peuple<\/li>\n<li>&#8211; le probl\u00e8me de l&rsquo;arm\u00e9e et de soigner sa popularit\u00e9 tout en servant le pays et les citoyens<\/li>\n<li>&#8211; la question est de savoir si cette arm\u00e9e ne va pas \u00eatre tent\u00e9e de rater au pouvoir. . .<\/li>\n<li>&#8211; les autres acteurs sont lequel fr\u00e8res musulmans qui essaient de rassurer la population. Ils ont servi d&rsquo;\u00e9pouvantail ce qui a pouss\u00e9 les pays occidentaux \u00e0 soutenir les dictatures qui \u00e9taient des remparts contre l&rsquo;islamisme.<\/li>\n<li>&#8211; \u00ab\u00a0pour qui va voter la jeunesse facebook \u00e0 demand\u00e9 Madame Makram Ebeid?<\/li>\n<li>&#8211; il faut selon elle encourager la classe moyennes, encourager la petite entreprise, ne pas stigmatiser les extremistes<\/li>\n<li>&#8211; selon elle l&rsquo;avenir de la france est L&rsquo;europe<\/li>\n<\/ul>\n<ul>\n<li>Philippe Faure, ambassadeur d France au japon<\/li>\n<li>&#8211; comment se remet le Japon?<\/li>\n<li>&#8211; il n&rsquo;y a eu aucun vol, aucun viol, ni aucune violence apr\u00e8s la catastrophe. Le pays est rest\u00e9 serein apr\u00e8s la catastrophe. Ce peuple est un peuple civique. La consommation \u00e0 baiss\u00e9 de 15% car la demand\u00e9 a \u00e9t\u00e9 faite au peuple qui l&rsquo;arm\u00e9e accept\u00e9e sans discuter<\/li>\n<li>&#8211; environ 30% des brevets sont port\u00e9s par les japonais qui se sont install\u00e9s dans d\u00e9qualification niches de tr\u00e8s haute technologies. Exemple: les disques durs du futur pour les mobiles seront 100% japonais.<\/li>\n<li>&#8211; l&rsquo;objectif des.japonais et d&rsquo;effacer Fukushima par ds perc\u00e9es technologiques dans des domaine de pointe<\/li>\n<li>&#8211; le Japon est aussi le premier cr\u00e9ancier du monde<\/li>\n<li>&#8211; l&rsquo;\u00e9pargne des m\u00e9nages est consid\u00e9rable (3 ans! )<\/li>\n<li>&#8211; la r\u00e9gion d Tokyo et \u00e9quivalent au pays du br\u00e9sil!<\/li>\n<li>&#8211; la situation g\u00e9ographique du Japon est aussi la meilleure en Asie. Ils resteront le coeur technologique de l&rsquo;Asie au moins dans les quinze prochaines ann\u00e9es.<\/li>\n<li>&#8211; 30% du commerce japonais se r\u00e8glent avec la Chine<\/li>\n<li>&#8211; malgr\u00e9 les probl\u00e8mes d Fukushima, le Japon ne sombre pas dans la sinistrose<\/li>\n<li>&#8211; il y \u00e0 des affaires avec le Japon, ce n&rsquo;est pas un vieux pays d\u00e9sesp\u00e9rant!<\/li>\n<\/ul>\n<ul>\n<li>Marc Ferro, historien<\/li>\n<li>&#8211; un certain nombre de faits sont alarmants : la mont\u00e9e de l&rsquo;islamisme, l&rsquo;effondrement du bloc sovi\u00e9tique et les probl\u00e8mes \u00e9conomiques mondiaux. Y a t il des raisons d&rsquo;esp\u00e9rer?<\/li>\n<li>&#8211; en fait personne n&rsquo;acheterait un journal o\u00f9 on n&rsquo;annoncerait que des bonnes nouvelles<\/li>\n<li>&#8211; les r\u00e9volutions arabes dans l&rsquo;ensemble n&rsquo;ont pas eu l&rsquo;islamisme pour \u00e9tendard et c&rsquo;est une bonne nouvelle<\/li>\n<li>-nos d\u00e9mocraties ont g\u00e9n\u00e9r\u00e9 le nazisme, le fascisme et le communisme \u00e0 ajout\u00e9 M. FERRO il ne faut pas l&rsquo;oublier!<\/li>\n<li>&#8211; par ailleurs lequel m\u00eames revendication avons que celles des pays arabes existent en Gr\u00e8ce, au Portugal. Il n&rsquo;y a plus de coupure m\u00e9diterran\u00e9enne.<\/li>\n<li>&#8211; c&rsquo;est une nouvelle tranche d&rsquo;histoire qui s&rsquo;ouvre<\/li>\n<li>&#8211; et il faut noter l&rsquo;indiff\u00e9rence totale de la minorit\u00e9 maghr\u00e9bine en France. La situation est tr\u00e8s diff\u00e9rente de l&rsquo;apr\u00e8s11 Septembre et c&rsquo;est quelquechose d.merveilleux selon monsieur Ferro car cela prouv\u00e9 l&rsquo;int\u00e9gration et sa r\u00e9alit\u00e9 dans notre pays<\/li>\n<\/ul>\n<ul>\n<li>MC Saragosse, Dg de Tv5 monde<\/li>\n<li>&#8211; quel est le r\u00f4le d\u00e9qualification m\u00e9dias?<\/li>\n<li>&#8211; tous les pays we sont dot\u00e9s de grandes cha\u00eenes internationales<\/li>\n<li>&#8211; mais ce sont des cha\u00eenes d&rsquo;information. Ce qui est unique avec la.france Cest que Tv5 monde et une cha\u00eene generaliste et pas seulement fran\u00e7aise mais francophone<\/li>\n<li>&#8211; nous vivons une facture d l&rsquo;immediat et de l&rsquo;urgence. L&rsquo;Imm\u00e9diat est tyrannique m\u00eame si les m\u00e9dias sociaux ont eu du bon selon Madame Saragosse dans ke cas ds r\u00e9volutions arabes<\/li>\n<li>&#8211; il faut restaurer.le temps long pour \u00e9viter la d\u00e9sesp\u00e9rance<\/li>\n<\/ul>\n<ul>\n<li>Redonner de l&rsquo;espoir \u00e0 l&rsquo;\u00e9conomie fran\u00e7aise avec\u00a0Alain Weill, pr\u00e9sident de next radio tv<\/li>\n<li>&#8211; monsieur Weill qui passe beaucoup de temps aux \u00e9tats unis. Il \u00e0 fustig\u00e9 la France qui est le monde\u00a0\u00bbchampion du d\u00e9sespoir\u00a0\u00bb<\/li>\n<li>&#8211; aux \u00e9tats unis la f\u00eate de l&rsquo;\u00e9cole est la rentr\u00e9e, alors qu&rsquo;en France c&rsquo;est la f\u00eate de la fin de l&rsquo;\u00e9cole.<\/li>\n<li>&#8211; pourtant les raisons d&rsquo;esp\u00e9rer sont nombreuses selon lui. La France est un pays de grandes entreprises qui r\u00e9ussissent et il pense qu&rsquo;il faut \u00eatre conscient que notre pays a un large potentiel.<\/li>\n<li>&#8211; dans un monde qui bouge, le d\u00e9veloppement des pays \u00e9mergents est plus encourageant qu&rsquo;effrayant.<\/li>\n<li>&#8211; il faut insuffler de l&rsquo;espoir dans l&rsquo;\u00e9conomie fran\u00e7aise et redonner confiance en l&rsquo;avenir a t il dit<\/li>\n<\/ul>\n<ul>\n<li>Jm Ollas (Ol et fondateur de Cegid)<\/li>\n<li>&#8211; il y a universalit\u00e9 du football<\/li>\n<\/ul>\n<ul>\n<li>Christophe de Margerie, pdg de Total<\/li>\n<li>&#8211; pour re-esp\u00e9rer il faut avoir d\u00e9sesp\u00e9r\u00e9, ce qui n&rsquo;est pas son cas mais il faut reconna\u00eetre que certains ont d\u00e9sesp\u00e9r\u00e9, donc c&rsquo;est pertinent<\/li>\n<li>&#8211; ce qui est grave et profond c&rsquo;est le sentiment de d\u00e9crochage des jeunes par rapport \u00e0 leurs parents<\/li>\n<li>&#8211; 50% des gens sont hostiles \u00e0 l&rsquo;\u00e9conomie de march\u00e9 mais en fait on n&rsquo;est pas en economie de march\u00e9 mais en economie mondialis\u00e9e<\/li>\n<li>&#8211; la France continue \u00e0 se trouver mauvaise mais en fait son image est meilleure \u00e0 l&rsquo;\u00e9tranger<\/li>\n<li>&#8211; il n&rsquo;y \u00e0 pas que le luxe en France!<\/li>\n<li>&#8211; il faut aller chercher la croissance \u00e0 l&rsquo;\u00e9tranger nous a dit monsieur de Margerie, ce n&rsquo;est pas une menace<\/li>\n<li>&#8211; il soulign\u00e9 aussi la qualit\u00e9 de notre syst\u00e8me social, mais avant tout il faut cr\u00e9er de la valeur<\/li>\n<\/ul>\n<ul>\n<li>DR Cheik Mobido Diarra, pr\u00e9sident de Microsoft Afrique<\/li>\n<li>&#8211; L&rsquo;afrique vient d\u00e9passer le milliard d&rsquo;habitants<\/li>\n<li>&#8211; la population est jeune avec 55% de moins de 35 ans<\/li>\n<li>&#8211; lorsque les acteurs priv\u00e9s jouent leur r\u00f4le en termes d&rsquo;entreprise citoyenne les choses se passent bien selon monsieur Diarra<\/li>\n<li>\u00c9tienne Michelin (pr\u00eatre)<\/li>\n<li>&#8211; esp\u00e9rance en Chinois c&rsquo;est un symbole de quelqu&rsquo;un qui sait faire face \u00e0 la mort, car pour esperer il faut savoir transmettre apr\u00e8s la mort<\/li>\n<\/ul>\n<ul>\n<li>Hubert Reeves, Astrophysicien<\/li>\n<li>&#8211; la science \u00e0 apport\u00e9 des r\u00e9sultats qui influencent la pens\u00e9e humaine, comme la pens\u00e9e de Galil\u00e9e par exemple o\u00f9 Darwin<\/li>\n<li>&#8211; la science nous enl\u00e8ve nos illusions et mous sommes une lign\u00e9e animale com\u00e9diens les autres, qui pourrait dispara\u00eetre, comme toute les esp\u00e8ces.<\/li>\n<li>&#8211; nous n&rsquo;avons pas beaucoup d&rsquo;armes pour survivre dans un milieu hostile<\/li>\n<li>&#8211; l&rsquo;intelligence permet de survivre, de faire des armes et ces armes deviennent maintenant des outils destructeurs car nous avons d\u00e9j\u00e0 d\u00e9truit plus de 50% de la foret mondiale<\/li>\n<li>&#8211; cette intelligence eqt-elle un cadeau empoisonn\u00e9?<\/li>\n<li>&#8211; nous devons vivre avec l&rsquo;id\u00e9e qu&rsquo;il faudra changer notre interaction avec la nature pour pouvoir survivre.Dans<\/li>\n<li>&#8211; le plus grand probl\u00e8me aujourd&rsquo;hui c&rsquo;est la r\u00e9duction de la bio diversit\u00e9<\/li>\n<li>&#8211; il y a quand m\u00eame un \u00e9l\u00e9ment d&rsquo;espoir. \u00c0 la fin du 19\u00e8me si\u00e8cle, apr\u00e8s les grands massacres des visons etc. Il y a eu la fondation des grands parcs am\u00e9ricains<\/li>\n<li>&#8211; qu&rsquo;en est-il aujourd&rsquo;hui? nous continuons les gaz \u00e0 effet de serre<\/li>\n<li>&#8211; notre espoir c&rsquo;est l&rsquo;humanisme nous a dit Hubert Reeves<\/li>\n<li>&#8211; il faut s&rsquo;adapter nous dit Hubert Reeves et s&rsquo;adapter \u00e7a veut dire vivre en harmonie avec la nature!<\/li>\n<li>&#8211; il y a le r\u00e9veil vert, il faut arr\u00eater le massacre<\/li>\n<li>&#8211; personne ne sait ce que sera le monde dans cent ans m\u00eame si on est quasi certain qu&rsquo;il y aura encore de la vie<\/li>\n<\/ul>\n","protected":false},"excerpt":{"rendered":"<p>Insuffler de l&rsquo; espoir \u00e0 l&rsquo;\u00e9conomie fran\u00e7aise, c&rsquo;est le conseil d&rsquo;Alain Weill. C&rsquo;est la deuxi\u00e8me conf\u00e9rence \u00e0 laquelle j&rsquo;ai assist\u00e9e aux universit\u00e9s du Medef aujourd&rsquo;hui.\u00a0Le but de cette conf\u00e9rence a \u00e9t\u00e9 de nous \u00ab\u00a0redonner la p\u00eache\u00a0\u00bb selon les termes m\u00eames de l&rsquo;animateur Olivier Jay (journaliste), qui a re\u00e7u ces instructions de la bouche m\u00eame de &hellip;<\/p>\n","protected":false},"author":2,"featured_media":4626,"comment_status":"open","ping_status":"open","sticky":false,"template":"","format":"standard","meta":{"footnotes":""},"categories":[134],"tags":[],"class_list":["post-4533","post","type-post","status-publish","format-standard","has-post-thumbnail","hentry","category-economie"],"yoast_head":"<!-- This site is optimized with the Yoast SEO plugin v27.4 - https:\/\/yoast.com\/product\/yoast-seo-wordpress\/ -->\n<title>Economie fran\u00e7aise : &quot;il faut insuffler de l&#039;espoir&quot; (Alain Weill)<\/title>\n<meta name=\"description\" content=\"Insuffler de l&#039;espoir \u00e0 l&#039;\u00e9conomie fran\u00e7aise, c&#039;est le conseil d&#039;Alain Weill lors d&#039;une conf\u00e9rence aux universit\u00e9s du Medef de 2011\" \/>\n<meta name=\"robots\" content=\"index, follow, max-snippet:-1, max-image-preview:large, max-video-preview:-1\" \/>\n<link rel=\"canonical\" href=\"https:\/\/visionarymarketing.com\/fr\/2011\/09\/01\/economie-francaise-espoir\/\" \/>\n<meta property=\"og:locale\" content=\"fr_FR\" \/>\n<meta property=\"og:type\" content=\"article\" \/>\n<meta property=\"og:title\" content=\"Economie fran\u00e7aise : &quot;il faut insuffler de l&#039;espoir&quot; (Alain Weill)\" \/>\n<meta property=\"og:description\" content=\"Insuffler de l&#039;espoir \u00e0 l&#039;\u00e9conomie fran\u00e7aise, c&#039;est le conseil d&#039;Alain Weill lors d&#039;une conf\u00e9rence aux universit\u00e9s du Medef de 2011\" \/>\n<meta property=\"og:url\" content=\"https:\/\/visionarymarketing.com\/fr\/2011\/09\/01\/economie-francaise-espoir\/\" \/>\n<meta property=\"og:site_name\" content=\"Marketing and Innovation\" \/>\n<meta property=\"article:publisher\" content=\"https:\/\/www.facebook.com\/vismktg\" \/>\n<meta property=\"article:author\" content=\"http:\/\/facebook.com\/ygourven\" \/>\n<meta property=\"article:published_time\" content=\"2011-09-01T14:56:39+00:00\" \/>\n<meta property=\"article:modified_time\" content=\"2021-03-06T08:32:00+00:00\" \/>\n<meta property=\"og:image\" content=\"https:\/\/visionarymarketing.com\/wp-content\/uploads\/2011\/09\/economicwarfare.jpg\" \/>\n\t<meta property=\"og:image:width\" content=\"500\" \/>\n\t<meta property=\"og:image:height\" content=\"333\" \/>\n\t<meta property=\"og:image:type\" content=\"image\/jpeg\" \/>\n<meta name=\"author\" content=\"Yann Gourvennec\" \/>\n<meta name=\"twitter:card\" content=\"summary_large_image\" \/>\n<meta name=\"twitter:creator\" content=\"@ygourven\" \/>\n<meta name=\"twitter:site\" content=\"@ygourven\" \/>\n<meta name=\"twitter:label1\" content=\"\u00c9crit par\" \/>\n\t<meta name=\"twitter:data1\" content=\"Yann Gourvennec\" \/>\n\t<meta name=\"twitter:label2\" content=\"Dur\u00e9e de lecture estim\u00e9e\" \/>\n\t<meta name=\"twitter:data2\" content=\"9 minutes\" \/>\n<script type=\"application\/ld+json\" class=\"yoast-schema-graph\">{\"@context\":\"https:\\\/\\\/schema.org\",\"@graph\":[{\"@type\":\"NewsArticle\",\"@id\":\"https:\\\/\\\/visionarymarketing.com\\\/fr\\\/2011\\\/09\\\/01\\\/economie-francaise-espoir\\\/#article\",\"isPartOf\":{\"@id\":\"https:\\\/\\\/visionarymarketing.com\\\/fr\\\/2011\\\/09\\\/01\\\/economie-francaise-espoir\\\/\"},\"author\":{\"name\":\"Yann Gourvennec\",\"@id\":\"https:\\\/\\\/visionarymarketing.com\\\/fr\\\/#\\\/schema\\\/person\\\/3754fee1e558f47b8deb46f53c37423e\"},\"headline\":\"Economie fran\u00e7aise : \u00ab\u00a0il faut insuffler de l&rsquo;espoir\u00a0\u00bb (Alain Weill)\",\"datePublished\":\"2011-09-01T14:56:39+00:00\",\"dateModified\":\"2021-03-06T08:32:00+00:00\",\"mainEntityOfPage\":{\"@id\":\"https:\\\/\\\/visionarymarketing.com\\\/fr\\\/2011\\\/09\\\/01\\\/economie-francaise-espoir\\\/\"},\"wordCount\":2100,\"commentCount\":0,\"image\":{\"@id\":\"https:\\\/\\\/visionarymarketing.com\\\/fr\\\/2011\\\/09\\\/01\\\/economie-francaise-espoir\\\/#primaryimage\"},\"thumbnailUrl\":\"https:\\\/\\\/visionarymarketing.com\\\/wp-content\\\/uploads\\\/2011\\\/09\\\/economicwarfare.jpg\",\"articleSection\":[\"\u00e9conomie et num\u00e9rique\"],\"inLanguage\":\"fr-FR\",\"potentialAction\":[{\"@type\":\"CommentAction\",\"name\":\"Comment\",\"target\":[\"https:\\\/\\\/visionarymarketing.com\\\/fr\\\/2011\\\/09\\\/01\\\/economie-francaise-espoir\\\/#respond\"]}]},{\"@type\":\"WebPage\",\"@id\":\"https:\\\/\\\/visionarymarketing.com\\\/fr\\\/2011\\\/09\\\/01\\\/economie-francaise-espoir\\\/\",\"url\":\"https:\\\/\\\/visionarymarketing.com\\\/fr\\\/2011\\\/09\\\/01\\\/economie-francaise-espoir\\\/\",\"name\":\"Economie fran\u00e7aise : \\\"il faut insuffler de l'espoir\\\" (Alain Weill)\",\"isPartOf\":{\"@id\":\"https:\\\/\\\/visionarymarketing.com\\\/fr\\\/#website\"},\"primaryImageOfPage\":{\"@id\":\"https:\\\/\\\/visionarymarketing.com\\\/fr\\\/2011\\\/09\\\/01\\\/economie-francaise-espoir\\\/#primaryimage\"},\"image\":{\"@id\":\"https:\\\/\\\/visionarymarketing.com\\\/fr\\\/2011\\\/09\\\/01\\\/economie-francaise-espoir\\\/#primaryimage\"},\"thumbnailUrl\":\"https:\\\/\\\/visionarymarketing.com\\\/wp-content\\\/uploads\\\/2011\\\/09\\\/economicwarfare.jpg\",\"datePublished\":\"2011-09-01T14:56:39+00:00\",\"dateModified\":\"2021-03-06T08:32:00+00:00\",\"author\":{\"@id\":\"https:\\\/\\\/visionarymarketing.com\\\/fr\\\/#\\\/schema\\\/person\\\/3754fee1e558f47b8deb46f53c37423e\"},\"description\":\"Insuffler de l'espoir \u00e0 l'\u00e9conomie fran\u00e7aise, c'est le conseil d'Alain Weill lors d'une conf\u00e9rence aux universit\u00e9s du Medef de 2011\",\"breadcrumb\":{\"@id\":\"https:\\\/\\\/visionarymarketing.com\\\/fr\\\/2011\\\/09\\\/01\\\/economie-francaise-espoir\\\/#breadcrumb\"},\"inLanguage\":\"fr-FR\",\"potentialAction\":[{\"@type\":\"ReadAction\",\"target\":[\"https:\\\/\\\/visionarymarketing.com\\\/fr\\\/2011\\\/09\\\/01\\\/economie-francaise-espoir\\\/\"]}]},{\"@type\":\"ImageObject\",\"inLanguage\":\"fr-FR\",\"@id\":\"https:\\\/\\\/visionarymarketing.com\\\/fr\\\/2011\\\/09\\\/01\\\/economie-francaise-espoir\\\/#primaryimage\",\"url\":\"https:\\\/\\\/visionarymarketing.com\\\/wp-content\\\/uploads\\\/2011\\\/09\\\/economicwarfare.jpg\",\"contentUrl\":\"https:\\\/\\\/visionarymarketing.com\\\/wp-content\\\/uploads\\\/2011\\\/09\\\/economicwarfare.jpg\",\"width\":500,\"height\":333},{\"@type\":\"BreadcrumbList\",\"@id\":\"https:\\\/\\\/visionarymarketing.com\\\/fr\\\/2011\\\/09\\\/01\\\/economie-francaise-espoir\\\/#breadcrumb\",\"itemListElement\":[{\"@type\":\"ListItem\",\"position\":1,\"name\":\"Home\",\"item\":\"https:\\\/\\\/visionarymarketing.com\\\/fr\\\/\"},{\"@type\":\"ListItem\",\"position\":2,\"name\":\"Economie fran\u00e7aise : \u00ab\u00a0il faut insuffler de l&rsquo;espoir\u00a0\u00bb (Alain Weill)\"}]},{\"@type\":\"WebSite\",\"@id\":\"https:\\\/\\\/visionarymarketing.com\\\/fr\\\/#website\",\"url\":\"https:\\\/\\\/visionarymarketing.com\\\/fr\\\/\",\"name\":\"Marketing and Innovation\",\"description\":\"Site d&#039;infos ind\u00e9pendant, depuis 1996\",\"potentialAction\":[{\"@type\":\"SearchAction\",\"target\":{\"@type\":\"EntryPoint\",\"urlTemplate\":\"https:\\\/\\\/visionarymarketing.com\\\/fr\\\/?s={search_term_string}\"},\"query-input\":{\"@type\":\"PropertyValueSpecification\",\"valueRequired\":true,\"valueName\":\"search_term_string\"}}],\"inLanguage\":\"fr-FR\"},{\"@type\":\"Person\",\"@id\":\"https:\\\/\\\/visionarymarketing.com\\\/fr\\\/#\\\/schema\\\/person\\\/3754fee1e558f47b8deb46f53c37423e\",\"name\":\"Yann Gourvennec\",\"image\":{\"@type\":\"ImageObject\",\"inLanguage\":\"fr-FR\",\"@id\":\"https:\\\/\\\/secure.gravatar.com\\\/avatar\\\/5972001801e8de5692a3e31224e85769f50a55fb8b679749f9c8d1868cceff14?s=96&d=initials&r=g&initials=yg\",\"url\":\"https:\\\/\\\/secure.gravatar.com\\\/avatar\\\/5972001801e8de5692a3e31224e85769f50a55fb8b679749f9c8d1868cceff14?s=96&d=initials&r=g&initials=yg\",\"contentUrl\":\"https:\\\/\\\/secure.gravatar.com\\\/avatar\\\/5972001801e8de5692a3e31224e85769f50a55fb8b679749f9c8d1868cceff14?s=96&d=initials&r=g&initials=yg\",\"caption\":\"Yann Gourvennec\"},\"description\":\"Yann Gourvennec created visionarymarketing.com in 1996. He is a speaker and author of many books. In 2014 he went from intrapreneur to entrepreneur, when he created his digital marketing agency. Yann Gourvennec a cr\u00e9\u00e9 visionarymarketing.com en 1996. Il est conf\u00e9rencier et auteur de plusieurs livres. En 2014, il est pass\u00e9 d'intrapreneur \u00e0 entrepreneur en cr\u00e9ant son agence de marketing num\u00e9rique.\",\"sameAs\":[\"https:\\\/\\\/visionarymarketing.com\",\"http:\\\/\\\/facebook.com\\\/ygourven\",\"http:\\\/\\\/linkedin.com\\\/in\\\/ygourven\",\"https:\\\/\\\/x.com\\\/ygourven\",\"https:\\\/\\\/www.youtube.com\\\/c\\\/visionarymarketingagency\"],\"url\":\"https:\\\/\\\/visionarymarketing.com\\\/fr\\\/author\\\/yann-gourvennec\\\/\"}]}<\/script>\n<!-- \/ Yoast SEO plugin. -->","yoast_head_json":{"title":"Economie fran\u00e7aise : \"il faut insuffler de l'espoir\" (Alain Weill)","description":"Insuffler de l'espoir \u00e0 l'\u00e9conomie fran\u00e7aise, c'est le conseil d'Alain Weill lors d'une conf\u00e9rence aux universit\u00e9s du Medef de 2011","robots":{"index":"index","follow":"follow","max-snippet":"max-snippet:-1","max-image-preview":"max-image-preview:large","max-video-preview":"max-video-preview:-1"},"canonical":"https:\/\/visionarymarketing.com\/fr\/2011\/09\/01\/economie-francaise-espoir\/","og_locale":"fr_FR","og_type":"article","og_title":"Economie fran\u00e7aise : \"il faut insuffler de l'espoir\" (Alain Weill)","og_description":"Insuffler de l'espoir \u00e0 l'\u00e9conomie fran\u00e7aise, c'est le conseil d'Alain Weill lors d'une conf\u00e9rence aux universit\u00e9s du Medef de 2011","og_url":"https:\/\/visionarymarketing.com\/fr\/2011\/09\/01\/economie-francaise-espoir\/","og_site_name":"Marketing and Innovation","article_publisher":"https:\/\/www.facebook.com\/vismktg","article_author":"http:\/\/facebook.com\/ygourven","article_published_time":"2011-09-01T14:56:39+00:00","article_modified_time":"2021-03-06T08:32:00+00:00","og_image":[{"width":500,"height":333,"url":"https:\/\/visionarymarketing.com\/wp-content\/uploads\/2011\/09\/economicwarfare.jpg","type":"image\/jpeg"}],"author":"Yann Gourvennec","twitter_card":"summary_large_image","twitter_creator":"@ygourven","twitter_site":"@ygourven","twitter_misc":{"\u00c9crit par":"Yann Gourvennec","Dur\u00e9e de lecture estim\u00e9e":"9 minutes"},"schema":{"@context":"https:\/\/schema.org","@graph":[{"@type":"NewsArticle","@id":"https:\/\/visionarymarketing.com\/fr\/2011\/09\/01\/economie-francaise-espoir\/#article","isPartOf":{"@id":"https:\/\/visionarymarketing.com\/fr\/2011\/09\/01\/economie-francaise-espoir\/"},"author":{"name":"Yann Gourvennec","@id":"https:\/\/visionarymarketing.com\/fr\/#\/schema\/person\/3754fee1e558f47b8deb46f53c37423e"},"headline":"Economie fran\u00e7aise : \u00ab\u00a0il faut insuffler de l&rsquo;espoir\u00a0\u00bb (Alain Weill)","datePublished":"2011-09-01T14:56:39+00:00","dateModified":"2021-03-06T08:32:00+00:00","mainEntityOfPage":{"@id":"https:\/\/visionarymarketing.com\/fr\/2011\/09\/01\/economie-francaise-espoir\/"},"wordCount":2100,"commentCount":0,"image":{"@id":"https:\/\/visionarymarketing.com\/fr\/2011\/09\/01\/economie-francaise-espoir\/#primaryimage"},"thumbnailUrl":"https:\/\/visionarymarketing.com\/wp-content\/uploads\/2011\/09\/economicwarfare.jpg","articleSection":["\u00e9conomie et num\u00e9rique"],"inLanguage":"fr-FR","potentialAction":[{"@type":"CommentAction","name":"Comment","target":["https:\/\/visionarymarketing.com\/fr\/2011\/09\/01\/economie-francaise-espoir\/#respond"]}]},{"@type":"WebPage","@id":"https:\/\/visionarymarketing.com\/fr\/2011\/09\/01\/economie-francaise-espoir\/","url":"https:\/\/visionarymarketing.com\/fr\/2011\/09\/01\/economie-francaise-espoir\/","name":"Economie fran\u00e7aise : \"il faut insuffler de l'espoir\" (Alain Weill)","isPartOf":{"@id":"https:\/\/visionarymarketing.com\/fr\/#website"},"primaryImageOfPage":{"@id":"https:\/\/visionarymarketing.com\/fr\/2011\/09\/01\/economie-francaise-espoir\/#primaryimage"},"image":{"@id":"https:\/\/visionarymarketing.com\/fr\/2011\/09\/01\/economie-francaise-espoir\/#primaryimage"},"thumbnailUrl":"https:\/\/visionarymarketing.com\/wp-content\/uploads\/2011\/09\/economicwarfare.jpg","datePublished":"2011-09-01T14:56:39+00:00","dateModified":"2021-03-06T08:32:00+00:00","author":{"@id":"https:\/\/visionarymarketing.com\/fr\/#\/schema\/person\/3754fee1e558f47b8deb46f53c37423e"},"description":"Insuffler de l'espoir \u00e0 l'\u00e9conomie fran\u00e7aise, c'est le conseil d'Alain Weill lors d'une conf\u00e9rence aux universit\u00e9s du Medef de 2011","breadcrumb":{"@id":"https:\/\/visionarymarketing.com\/fr\/2011\/09\/01\/economie-francaise-espoir\/#breadcrumb"},"inLanguage":"fr-FR","potentialAction":[{"@type":"ReadAction","target":["https:\/\/visionarymarketing.com\/fr\/2011\/09\/01\/economie-francaise-espoir\/"]}]},{"@type":"ImageObject","inLanguage":"fr-FR","@id":"https:\/\/visionarymarketing.com\/fr\/2011\/09\/01\/economie-francaise-espoir\/#primaryimage","url":"https:\/\/visionarymarketing.com\/wp-content\/uploads\/2011\/09\/economicwarfare.jpg","contentUrl":"https:\/\/visionarymarketing.com\/wp-content\/uploads\/2011\/09\/economicwarfare.jpg","width":500,"height":333},{"@type":"BreadcrumbList","@id":"https:\/\/visionarymarketing.com\/fr\/2011\/09\/01\/economie-francaise-espoir\/#breadcrumb","itemListElement":[{"@type":"ListItem","position":1,"name":"Home","item":"https:\/\/visionarymarketing.com\/fr\/"},{"@type":"ListItem","position":2,"name":"Economie fran\u00e7aise : \u00ab\u00a0il faut insuffler de l&rsquo;espoir\u00a0\u00bb (Alain Weill)"}]},{"@type":"WebSite","@id":"https:\/\/visionarymarketing.com\/fr\/#website","url":"https:\/\/visionarymarketing.com\/fr\/","name":"Marketing and Innovation","description":"Site d&#039;infos ind\u00e9pendant, depuis 1996","potentialAction":[{"@type":"SearchAction","target":{"@type":"EntryPoint","urlTemplate":"https:\/\/visionarymarketing.com\/fr\/?s={search_term_string}"},"query-input":{"@type":"PropertyValueSpecification","valueRequired":true,"valueName":"search_term_string"}}],"inLanguage":"fr-FR"},{"@type":"Person","@id":"https:\/\/visionarymarketing.com\/fr\/#\/schema\/person\/3754fee1e558f47b8deb46f53c37423e","name":"Yann Gourvennec","image":{"@type":"ImageObject","inLanguage":"fr-FR","@id":"https:\/\/secure.gravatar.com\/avatar\/5972001801e8de5692a3e31224e85769f50a55fb8b679749f9c8d1868cceff14?s=96&d=initials&r=g&initials=yg","url":"https:\/\/secure.gravatar.com\/avatar\/5972001801e8de5692a3e31224e85769f50a55fb8b679749f9c8d1868cceff14?s=96&d=initials&r=g&initials=yg","contentUrl":"https:\/\/secure.gravatar.com\/avatar\/5972001801e8de5692a3e31224e85769f50a55fb8b679749f9c8d1868cceff14?s=96&d=initials&r=g&initials=yg","caption":"Yann Gourvennec"},"description":"Yann Gourvennec created visionarymarketing.com in 1996. He is a speaker and author of many books. In 2014 he went from intrapreneur to entrepreneur, when he created his digital marketing agency. Yann Gourvennec a cr\u00e9\u00e9 visionarymarketing.com en 1996. Il est conf\u00e9rencier et auteur de plusieurs livres. En 2014, il est pass\u00e9 d'intrapreneur \u00e0 entrepreneur en cr\u00e9ant son agence de marketing num\u00e9rique.","sameAs":["https:\/\/visionarymarketing.com","http:\/\/facebook.com\/ygourven","http:\/\/linkedin.com\/in\/ygourven","https:\/\/x.com\/ygourven","https:\/\/www.youtube.com\/c\/visionarymarketingagency"],"url":"https:\/\/visionarymarketing.com\/fr\/author\/yann-gourvennec\/"}]}},"_links":{"self":[{"href":"https:\/\/visionarymarketing.com\/fr\/wp-json\/wp\/v2\/posts\/4533","targetHints":{"allow":["GET"]}}],"collection":[{"href":"https:\/\/visionarymarketing.com\/fr\/wp-json\/wp\/v2\/posts"}],"about":[{"href":"https:\/\/visionarymarketing.com\/fr\/wp-json\/wp\/v2\/types\/post"}],"author":[{"embeddable":true,"href":"https:\/\/visionarymarketing.com\/fr\/wp-json\/wp\/v2\/users\/2"}],"replies":[{"embeddable":true,"href":"https:\/\/visionarymarketing.com\/fr\/wp-json\/wp\/v2\/comments?post=4533"}],"version-history":[{"count":0,"href":"https:\/\/visionarymarketing.com\/fr\/wp-json\/wp\/v2\/posts\/4533\/revisions"}],"wp:featuredmedia":[{"embeddable":true,"href":"https:\/\/visionarymarketing.com\/fr\/wp-json\/wp\/v2\/media\/4626"}],"wp:attachment":[{"href":"https:\/\/visionarymarketing.com\/fr\/wp-json\/wp\/v2\/media?parent=4533"}],"wp:term":[{"taxonomy":"category","embeddable":true,"href":"https:\/\/visionarymarketing.com\/fr\/wp-json\/wp\/v2\/categories?post=4533"},{"taxonomy":"post_tag","embeddable":true,"href":"https:\/\/visionarymarketing.com\/fr\/wp-json\/wp\/v2\/tags?post=4533"}],"curies":[{"name":"wp","href":"https:\/\/api.w.org\/{rel}","templated":true}]}}