{"id":4389,"date":"2011-08-25T12:00:42","date_gmt":"2011-08-25T12:00:42","guid":{"rendered":"http:\/\/visionary.wordpress.com\/?p=4389"},"modified":"2021-03-06T11:25:02","modified_gmt":"2021-03-06T10:25:02","slug":"twitter-lift","status":"publish","type":"post","link":"https:\/\/visionarymarketing.com\/fr\/2011\/08\/25\/twitter-lift\/","title":{"rendered":"Lift par les fondateurs de Twitter, futur terrain du personal branding ?"},"content":{"rendered":"<p><em>La lecture du jour , c&rsquo;est <span class=\"removed_link\" title=\"http:\/\/www.minutebuzz.com\/2011\/08\/24\/les-fondateurs-de-twitter-presentent-lift-leur-nouvelle-application\/\">Minutebuzz nous annonce un nouveau projet \u00ab\u00a0Lift\u00a0\u00bb par Twitter<\/span>, qui permettrait de se fixer des objectifs et de les partager avec ses amis. Des sites existants comme <span class=\"removed_link\" title=\"http:\/\/www.quantter.com\/user\/ygourven\">Quantter <\/span>permettent d\u00e9j\u00e0 ce genre de prouesses. Voil\u00e0 qui ne va pas aller dans le sens de la discussion que j&rsquo;avais avec <span class=\"removed_link\" title=\"http:\/\/www.blogpersonalbranding.com\/2011\/08\/definition-klout-score-service-dinfluence\/\">Fadhila Brahimi<\/span> hier, qui me confiait qu&rsquo;elle instaurait des \u00ab\u00a0<a href=\"https:\/\/visionarymarketing.com\/fr\/2012\/03\/pause-numerique-peut-on-encore-debrancher-internet\/\">pauses num\u00e9riques<\/a>\u00a0\u00bb dans son agenda. Un syst\u00e8me que je mets en oeuvre personnellement les weekends et pendant les vacances. <\/em><\/p>\n<p><em><span class=\"removed_link\" title=\"http:\/\/blog.tcrouzet.com\/2011\/03\/18\/je-ferme-mon-blog\/\"><img decoding=\"async\" class=\"aligncenter wp-image-10558 size-full\" src=\"https:\/\/visionarymarketing.com\/wp-content\/uploads\/2011\/10\/article_0701-MAG-UNE-MOISE_twitter_facebook.jpg\" alt=\"Lift par les fondateurs de Twitter, futur terrain de comp\u00e9tition du personal branding ?\" width=\"600\" height=\"420\" \/>D&rsquo;autres comme Thierry Crouzet ont fait voeu de fermer l&rsquo;Internet (mais pas le PC!) pendant 6 mois<\/span>. La notion d&rsquo;objectifs et de comp\u00e9tition est int\u00e9ressante, mais elle peut mener aussi \u00e0 la cyber-d\u00e9pendance et au cyber-babillage (d\u00e9j\u00e0 exacerb\u00e9 aujourd&rsquo;hui par des <span class=\"removed_link\" title=\"http:\/\/www.blogpersonalbranding.com\/2011\/08\/definition-klout-score-service-dinfluence\/\">syst\u00e8mes de notation compulsifs comme Klout qui rendent l&rsquo;internaute d\u00e9pendant \u00e0 son score au point<\/span> d&rsquo;inciter certains \u00e0 poster le plus souvent possible, quoi que ce soit, afin de rester dans le classement !) , \u00e0 tel point qu&rsquo;on pourrait en finir par oublier que le num\u00e9rique est un outil et pas une fin en soi&#8230;<\/em><\/p>\n<h2>Lift par les fondateurs de Twitter, futur terrain de comp\u00e9tition du personal branding ?<\/h2>\n<p><span class=\"Apple-style-span\" style=\"color: #333333; font-family: Arial, 'Trebuchet MS', sans-serif; line-height: 16px; background-color: #ffffff;\"><strong>Ev Williams<\/strong>\u00a0et\u00a0<strong>Biz Stone,\u00a0<\/strong>les deux fondateurs du c\u00e9l\u00e8bre site de <a href=\"http:\/\/twitter.com\/ygourven\" target=\"_blank\" rel=\"noopener noreferrer\">micro-blogging<\/a> ont aujourd\u2019hui pr\u00e9sent\u00e9\u00a0<strong>Lift<\/strong>, leur nouveau projet. Peu de d\u00e9tails ont \u00e9t\u00e9 r\u00e9v\u00e9l\u00e9s sur cette\u00a0<strong>application<\/strong>, qui servirait \u00e0\u00a0<em>\u00ab\u00a0motiver et \u00e0 lib\u00e9rer son potentiel\u00a0\u00bb<\/em>. Elle serait la suite du projet jusque l\u00e0 d\u00e9nomm\u00e9<strong>\u00a0Mibbles<\/strong>,\u00a0<span class=\"removed_link\" title=\"http:\/\/getmibbles.com\/\">GetMibbles.com<\/span>\u00a0qui redirige maintenant vers\u00a0<span class=\"removed_link\" title=\"http:\/\/lift.do\/\">Lift.do.<\/span>\u00a0<\/span><\/p>\n<p>Lift b\u00e9n\u00e9ficierait d\u2019un des atouts de Twitter : sa <strong>simplicit\u00e9<\/strong> d\u2019utilisation. Il consisterait \u00e0 <strong>se fixer publiquement des objectifs<\/strong>, les partager avec ses amis, dans le but de les r\u00e9aliser. Le concept reste certes <strong>un peu vague<\/strong> et peut laisser <strong>dubitatif<\/strong>. Mais qui aurait mis\u00e9 sur Twitter, qui proposait \u00e0 ses premiers inscrits de d\u00e9crire leurs faits et gestes en moins de 140 caract\u00e8res ?<\/p>\n<p>L\u2019application devra faire face \u00e0 <strong>quelques concurrents<\/strong> qui proposent \u00e9galement \u00e0 leurs utilisateurs de se d\u00e9passer : <a href=\"https:\/\/web.archive.org\/web\/20120330215309\/http:\/\/streak.ly\/\">Streak.ly<\/a>, <a href=\"https:\/\/web.archive.org\/web\/20120330215309\/http:\/\/www.quantter.com\/\">Quantter <\/a>ou encore <a><strong>Budge<\/strong>.<\/a><\/p>\n<p><em>Doit-on promettre \u00e0 ce nouveau venu un avenir aussi radieux que celui du petit oiseau bleu ?<\/em><\/p>\n<p><a href=\"https:\/\/web.archive.org\/web\/20120330215309\/http:\/\/www.minutebuzz.com\/2011\/08\/24\/les-fondateurs-de-twitter-presentent-lift-leur-nouvelle-application\/\" target=\"_blank\" rel=\"noopener\">Source Minute Buzz<\/a><\/p>\n","protected":false},"excerpt":{"rendered":"<p>Minutebuzz nous annonce un nouveau projet \u00ab\u00a0Lift\u00a0\u00bb, qui permettrait de se fixer des objectifs et de les partager avec ses amis. Des sites existants comme Quantter permettent d\u00e9j\u00e0 ce genre de prouesses. Voil\u00e0 qui ne va pas aller dans le sens de la discussion que j&rsquo;avais avec Fadhila Brahimi hier, qui me confiait qu&rsquo;elle instaurait des \u00ab\u00a0pauses num\u00e9riques\u00a0\u00bb dans son agenda. Un syst\u00e8me que je mets en oeuvre personnellement les weekends et pendant les vacances. D&rsquo;autres comme Thierry Crouzet ont fait voeu de fermer l&rsquo;Internet (mais pas le PC!) pendant 6 mois. La notion d&rsquo;objectifs et de comp\u00e9tition est int\u00e9ressante, mais elle peut mener aussi \u00e0 la cyber-d\u00e9pendance et au cyber-babillage (d\u00e9j\u00e0 exacerb\u00e9 aujourd&rsquo;hui par des syst\u00e8mes de notation compulsifs comme Klout qui rendent l&rsquo;internaute d\u00e9pendant \u00e0 son score au point d&rsquo;inciter certains \u00e0 poster le plus souvent possible, quoi que ce soit, afin de rester dans le classement !) , \u00e0 tel point qu&rsquo;on pourrait en finir par oublier que le num\u00e9rique est un outil et pas une fin en soi&#8230;<\/p>\n","protected":false},"author":2,"featured_media":10558,"comment_status":"open","ping_status":"open","sticky":false,"template":"","format":"standard","meta":{"footnotes":""},"categories":[25],"tags":[],"class_list":["post-4389","post","type-post","status-publish","format-standard","has-post-thumbnail","hentry","category-medias-sociaux"],"yoast_head":"<!-- This site is optimized with the Yoast SEO plugin v27.5 - https:\/\/yoast.com\/product\/yoast-seo-wordpress\/ -->\n<title>Lift par les fondateurs de Twitter, futur terrain du personal branding ?<\/title>\n<meta name=\"description\" content=\"La lecture du jour , c&#039;est Minutebuzz nous annonce un nouveau projet Lift par Twitter, pour fixer des objectifs et les partager avec ses amis\" \/>\n<meta name=\"robots\" content=\"index, follow, max-snippet:-1, max-image-preview:large, max-video-preview:-1\" \/>\n<link rel=\"canonical\" href=\"https:\/\/visionarymarketing.com\/fr\/2011\/08\/25\/twitter-lift\/\" \/>\n<meta property=\"og:locale\" content=\"fr_FR\" \/>\n<meta property=\"og:type\" content=\"article\" \/>\n<meta property=\"og:title\" content=\"Lift par les fondateurs de Twitter, futur terrain du personal branding ?\" \/>\n<meta property=\"og:description\" content=\"La lecture du jour , c&#039;est Minutebuzz nous annonce un nouveau projet Lift par Twitter, pour fixer des objectifs et les partager avec ses amis\" \/>\n<meta property=\"og:url\" content=\"https:\/\/visionarymarketing.com\/fr\/2011\/08\/25\/twitter-lift\/\" \/>\n<meta property=\"og:site_name\" content=\"Marketing and Innovation\" \/>\n<meta property=\"article:publisher\" content=\"https:\/\/www.facebook.com\/vismktg\" \/>\n<meta property=\"article:author\" content=\"http:\/\/facebook.com\/ygourven\" \/>\n<meta property=\"article:published_time\" content=\"2011-08-25T12:00:42+00:00\" \/>\n<meta property=\"article:modified_time\" content=\"2021-03-06T10:25:02+00:00\" \/>\n<meta property=\"og:image\" content=\"https:\/\/visionarymarketing.com\/wp-content\/uploads\/2011\/10\/article_0701-MAG-UNE-MOISE_twitter_facebook-e1611390886224.jpg\" \/>\n\t<meta property=\"og:image:width\" content=\"519\" \/>\n\t<meta property=\"og:image:height\" content=\"340\" \/>\n\t<meta property=\"og:image:type\" content=\"image\/jpeg\" \/>\n<meta name=\"author\" content=\"Yann Gourvennec\" \/>\n<meta name=\"twitter:card\" content=\"summary_large_image\" \/>\n<meta name=\"twitter:creator\" content=\"@ygourven\" \/>\n<meta name=\"twitter:site\" content=\"@ygourven\" \/>\n<meta name=\"twitter:label1\" content=\"\u00c9crit par\" \/>\n\t<meta name=\"twitter:data1\" content=\"Yann Gourvennec\" \/>\n\t<meta name=\"twitter:label2\" content=\"Dur\u00e9e de lecture estim\u00e9e\" \/>\n\t<meta name=\"twitter:data2\" content=\"2 minutes\" \/>\n<script type=\"application\/ld+json\" class=\"yoast-schema-graph\">{\"@context\":\"https:\\\/\\\/schema.org\",\"@graph\":[{\"@type\":\"NewsArticle\",\"@id\":\"https:\\\/\\\/visionarymarketing.com\\\/fr\\\/2011\\\/08\\\/25\\\/twitter-lift\\\/#article\",\"isPartOf\":{\"@id\":\"https:\\\/\\\/visionarymarketing.com\\\/fr\\\/2011\\\/08\\\/25\\\/twitter-lift\\\/\"},\"author\":{\"name\":\"Yann Gourvennec\",\"@id\":\"https:\\\/\\\/visionarymarketing.com\\\/fr\\\/#\\\/schema\\\/person\\\/3754fee1e558f47b8deb46f53c37423e\"},\"headline\":\"Lift par les fondateurs de Twitter, futur terrain du personal branding ?\",\"datePublished\":\"2011-08-25T12:00:42+00:00\",\"dateModified\":\"2021-03-06T10:25:02+00:00\",\"mainEntityOfPage\":{\"@id\":\"https:\\\/\\\/visionarymarketing.com\\\/fr\\\/2011\\\/08\\\/25\\\/twitter-lift\\\/\"},\"wordCount\":388,\"commentCount\":0,\"image\":{\"@id\":\"https:\\\/\\\/visionarymarketing.com\\\/fr\\\/2011\\\/08\\\/25\\\/twitter-lift\\\/#primaryimage\"},\"thumbnailUrl\":\"https:\\\/\\\/visionarymarketing.com\\\/wp-content\\\/uploads\\\/2011\\\/10\\\/article_0701-MAG-UNE-MOISE_twitter_facebook-e1611390886224.jpg\",\"articleSection\":[\"m\u00e9dias \\\/ r\u00e9seaux sociaux\"],\"inLanguage\":\"fr-FR\",\"potentialAction\":[{\"@type\":\"CommentAction\",\"name\":\"Comment\",\"target\":[\"https:\\\/\\\/visionarymarketing.com\\\/fr\\\/2011\\\/08\\\/25\\\/twitter-lift\\\/#respond\"]}]},{\"@type\":\"WebPage\",\"@id\":\"https:\\\/\\\/visionarymarketing.com\\\/fr\\\/2011\\\/08\\\/25\\\/twitter-lift\\\/\",\"url\":\"https:\\\/\\\/visionarymarketing.com\\\/fr\\\/2011\\\/08\\\/25\\\/twitter-lift\\\/\",\"name\":\"Lift par les fondateurs de Twitter, futur terrain du personal branding ?\",\"isPartOf\":{\"@id\":\"https:\\\/\\\/visionarymarketing.com\\\/fr\\\/#website\"},\"primaryImageOfPage\":{\"@id\":\"https:\\\/\\\/visionarymarketing.com\\\/fr\\\/2011\\\/08\\\/25\\\/twitter-lift\\\/#primaryimage\"},\"image\":{\"@id\":\"https:\\\/\\\/visionarymarketing.com\\\/fr\\\/2011\\\/08\\\/25\\\/twitter-lift\\\/#primaryimage\"},\"thumbnailUrl\":\"https:\\\/\\\/visionarymarketing.com\\\/wp-content\\\/uploads\\\/2011\\\/10\\\/article_0701-MAG-UNE-MOISE_twitter_facebook-e1611390886224.jpg\",\"datePublished\":\"2011-08-25T12:00:42+00:00\",\"dateModified\":\"2021-03-06T10:25:02+00:00\",\"author\":{\"@id\":\"https:\\\/\\\/visionarymarketing.com\\\/fr\\\/#\\\/schema\\\/person\\\/3754fee1e558f47b8deb46f53c37423e\"},\"description\":\"La lecture du jour , c'est Minutebuzz nous annonce un nouveau projet Lift par Twitter, pour fixer des objectifs et les partager avec ses amis\",\"breadcrumb\":{\"@id\":\"https:\\\/\\\/visionarymarketing.com\\\/fr\\\/2011\\\/08\\\/25\\\/twitter-lift\\\/#breadcrumb\"},\"inLanguage\":\"fr-FR\",\"potentialAction\":[{\"@type\":\"ReadAction\",\"target\":[\"https:\\\/\\\/visionarymarketing.com\\\/fr\\\/2011\\\/08\\\/25\\\/twitter-lift\\\/\"]}]},{\"@type\":\"ImageObject\",\"inLanguage\":\"fr-FR\",\"@id\":\"https:\\\/\\\/visionarymarketing.com\\\/fr\\\/2011\\\/08\\\/25\\\/twitter-lift\\\/#primaryimage\",\"url\":\"https:\\\/\\\/visionarymarketing.com\\\/wp-content\\\/uploads\\\/2011\\\/10\\\/article_0701-MAG-UNE-MOISE_twitter_facebook-e1611390886224.jpg\",\"contentUrl\":\"https:\\\/\\\/visionarymarketing.com\\\/wp-content\\\/uploads\\\/2011\\\/10\\\/article_0701-MAG-UNE-MOISE_twitter_facebook-e1611390886224.jpg\",\"width\":519,\"height\":340},{\"@type\":\"BreadcrumbList\",\"@id\":\"https:\\\/\\\/visionarymarketing.com\\\/fr\\\/2011\\\/08\\\/25\\\/twitter-lift\\\/#breadcrumb\",\"itemListElement\":[{\"@type\":\"ListItem\",\"position\":1,\"name\":\"Home\",\"item\":\"https:\\\/\\\/visionarymarketing.com\\\/fr\\\/\"},{\"@type\":\"ListItem\",\"position\":2,\"name\":\"Lift par les fondateurs de Twitter, futur terrain du personal branding ?\"}]},{\"@type\":\"WebSite\",\"@id\":\"https:\\\/\\\/visionarymarketing.com\\\/fr\\\/#website\",\"url\":\"https:\\\/\\\/visionarymarketing.com\\\/fr\\\/\",\"name\":\"Marketing and Innovation\",\"description\":\"Site d&#039;infos ind\u00e9pendant, depuis 1996\",\"potentialAction\":[{\"@type\":\"SearchAction\",\"target\":{\"@type\":\"EntryPoint\",\"urlTemplate\":\"https:\\\/\\\/visionarymarketing.com\\\/fr\\\/?s={search_term_string}\"},\"query-input\":{\"@type\":\"PropertyValueSpecification\",\"valueRequired\":true,\"valueName\":\"search_term_string\"}}],\"inLanguage\":\"fr-FR\"},{\"@type\":\"Person\",\"@id\":\"https:\\\/\\\/visionarymarketing.com\\\/fr\\\/#\\\/schema\\\/person\\\/3754fee1e558f47b8deb46f53c37423e\",\"name\":\"Yann Gourvennec\",\"image\":{\"@type\":\"ImageObject\",\"inLanguage\":\"fr-FR\",\"@id\":\"https:\\\/\\\/secure.gravatar.com\\\/avatar\\\/5972001801e8de5692a3e31224e85769f50a55fb8b679749f9c8d1868cceff14?s=96&d=initials&r=g&initials=yg\",\"url\":\"https:\\\/\\\/secure.gravatar.com\\\/avatar\\\/5972001801e8de5692a3e31224e85769f50a55fb8b679749f9c8d1868cceff14?s=96&d=initials&r=g&initials=yg\",\"contentUrl\":\"https:\\\/\\\/secure.gravatar.com\\\/avatar\\\/5972001801e8de5692a3e31224e85769f50a55fb8b679749f9c8d1868cceff14?s=96&d=initials&r=g&initials=yg\",\"caption\":\"Yann Gourvennec\"},\"description\":\"Yann Gourvennec created visionarymarketing.com in 1996. He is a speaker and author of many books. In 2014 he went from intrapreneur to entrepreneur, when he created his digital marketing agency. Yann Gourvennec a cr\u00e9\u00e9 visionarymarketing.com en 1996. Il est conf\u00e9rencier et auteur de plusieurs livres. En 2014, il est pass\u00e9 d'intrapreneur \u00e0 entrepreneur en cr\u00e9ant son agence de marketing num\u00e9rique.\",\"sameAs\":[\"https:\\\/\\\/visionarymarketing.com\",\"http:\\\/\\\/facebook.com\\\/ygourven\",\"http:\\\/\\\/linkedin.com\\\/in\\\/ygourven\",\"https:\\\/\\\/x.com\\\/ygourven\",\"https:\\\/\\\/www.youtube.com\\\/c\\\/visionarymarketingagency\"],\"url\":\"https:\\\/\\\/visionarymarketing.com\\\/fr\\\/author\\\/yann-gourvennec\\\/\"}]}<\/script>\n<!-- \/ Yoast SEO plugin. -->","yoast_head_json":{"title":"Lift par les fondateurs de Twitter, futur terrain du personal branding ?","description":"La lecture du jour , c'est Minutebuzz nous annonce un nouveau projet Lift par Twitter, pour fixer des objectifs et les partager avec ses amis","robots":{"index":"index","follow":"follow","max-snippet":"max-snippet:-1","max-image-preview":"max-image-preview:large","max-video-preview":"max-video-preview:-1"},"canonical":"https:\/\/visionarymarketing.com\/fr\/2011\/08\/25\/twitter-lift\/","og_locale":"fr_FR","og_type":"article","og_title":"Lift par les fondateurs de Twitter, futur terrain du personal branding ?","og_description":"La lecture du jour , c'est Minutebuzz nous annonce un nouveau projet Lift par Twitter, pour fixer des objectifs et les partager avec ses amis","og_url":"https:\/\/visionarymarketing.com\/fr\/2011\/08\/25\/twitter-lift\/","og_site_name":"Marketing and Innovation","article_publisher":"https:\/\/www.facebook.com\/vismktg","article_author":"http:\/\/facebook.com\/ygourven","article_published_time":"2011-08-25T12:00:42+00:00","article_modified_time":"2021-03-06T10:25:02+00:00","og_image":[{"width":519,"height":340,"url":"https:\/\/visionarymarketing.com\/wp-content\/uploads\/2011\/10\/article_0701-MAG-UNE-MOISE_twitter_facebook-e1611390886224.jpg","type":"image\/jpeg"}],"author":"Yann Gourvennec","twitter_card":"summary_large_image","twitter_creator":"@ygourven","twitter_site":"@ygourven","twitter_misc":{"\u00c9crit par":"Yann Gourvennec","Dur\u00e9e de lecture estim\u00e9e":"2 minutes"},"schema":{"@context":"https:\/\/schema.org","@graph":[{"@type":"NewsArticle","@id":"https:\/\/visionarymarketing.com\/fr\/2011\/08\/25\/twitter-lift\/#article","isPartOf":{"@id":"https:\/\/visionarymarketing.com\/fr\/2011\/08\/25\/twitter-lift\/"},"author":{"name":"Yann Gourvennec","@id":"https:\/\/visionarymarketing.com\/fr\/#\/schema\/person\/3754fee1e558f47b8deb46f53c37423e"},"headline":"Lift par les fondateurs de Twitter, futur terrain du personal branding ?","datePublished":"2011-08-25T12:00:42+00:00","dateModified":"2021-03-06T10:25:02+00:00","mainEntityOfPage":{"@id":"https:\/\/visionarymarketing.com\/fr\/2011\/08\/25\/twitter-lift\/"},"wordCount":388,"commentCount":0,"image":{"@id":"https:\/\/visionarymarketing.com\/fr\/2011\/08\/25\/twitter-lift\/#primaryimage"},"thumbnailUrl":"https:\/\/visionarymarketing.com\/wp-content\/uploads\/2011\/10\/article_0701-MAG-UNE-MOISE_twitter_facebook-e1611390886224.jpg","articleSection":["m\u00e9dias \/ r\u00e9seaux sociaux"],"inLanguage":"fr-FR","potentialAction":[{"@type":"CommentAction","name":"Comment","target":["https:\/\/visionarymarketing.com\/fr\/2011\/08\/25\/twitter-lift\/#respond"]}]},{"@type":"WebPage","@id":"https:\/\/visionarymarketing.com\/fr\/2011\/08\/25\/twitter-lift\/","url":"https:\/\/visionarymarketing.com\/fr\/2011\/08\/25\/twitter-lift\/","name":"Lift par les fondateurs de Twitter, futur terrain du personal branding ?","isPartOf":{"@id":"https:\/\/visionarymarketing.com\/fr\/#website"},"primaryImageOfPage":{"@id":"https:\/\/visionarymarketing.com\/fr\/2011\/08\/25\/twitter-lift\/#primaryimage"},"image":{"@id":"https:\/\/visionarymarketing.com\/fr\/2011\/08\/25\/twitter-lift\/#primaryimage"},"thumbnailUrl":"https:\/\/visionarymarketing.com\/wp-content\/uploads\/2011\/10\/article_0701-MAG-UNE-MOISE_twitter_facebook-e1611390886224.jpg","datePublished":"2011-08-25T12:00:42+00:00","dateModified":"2021-03-06T10:25:02+00:00","author":{"@id":"https:\/\/visionarymarketing.com\/fr\/#\/schema\/person\/3754fee1e558f47b8deb46f53c37423e"},"description":"La lecture du jour , c'est Minutebuzz nous annonce un nouveau projet Lift par Twitter, pour fixer des objectifs et les partager avec ses amis","breadcrumb":{"@id":"https:\/\/visionarymarketing.com\/fr\/2011\/08\/25\/twitter-lift\/#breadcrumb"},"inLanguage":"fr-FR","potentialAction":[{"@type":"ReadAction","target":["https:\/\/visionarymarketing.com\/fr\/2011\/08\/25\/twitter-lift\/"]}]},{"@type":"ImageObject","inLanguage":"fr-FR","@id":"https:\/\/visionarymarketing.com\/fr\/2011\/08\/25\/twitter-lift\/#primaryimage","url":"https:\/\/visionarymarketing.com\/wp-content\/uploads\/2011\/10\/article_0701-MAG-UNE-MOISE_twitter_facebook-e1611390886224.jpg","contentUrl":"https:\/\/visionarymarketing.com\/wp-content\/uploads\/2011\/10\/article_0701-MAG-UNE-MOISE_twitter_facebook-e1611390886224.jpg","width":519,"height":340},{"@type":"BreadcrumbList","@id":"https:\/\/visionarymarketing.com\/fr\/2011\/08\/25\/twitter-lift\/#breadcrumb","itemListElement":[{"@type":"ListItem","position":1,"name":"Home","item":"https:\/\/visionarymarketing.com\/fr\/"},{"@type":"ListItem","position":2,"name":"Lift par les fondateurs de Twitter, futur terrain du personal branding ?"}]},{"@type":"WebSite","@id":"https:\/\/visionarymarketing.com\/fr\/#website","url":"https:\/\/visionarymarketing.com\/fr\/","name":"Marketing and Innovation","description":"Site d&#039;infos ind\u00e9pendant, depuis 1996","potentialAction":[{"@type":"SearchAction","target":{"@type":"EntryPoint","urlTemplate":"https:\/\/visionarymarketing.com\/fr\/?s={search_term_string}"},"query-input":{"@type":"PropertyValueSpecification","valueRequired":true,"valueName":"search_term_string"}}],"inLanguage":"fr-FR"},{"@type":"Person","@id":"https:\/\/visionarymarketing.com\/fr\/#\/schema\/person\/3754fee1e558f47b8deb46f53c37423e","name":"Yann Gourvennec","image":{"@type":"ImageObject","inLanguage":"fr-FR","@id":"https:\/\/secure.gravatar.com\/avatar\/5972001801e8de5692a3e31224e85769f50a55fb8b679749f9c8d1868cceff14?s=96&d=initials&r=g&initials=yg","url":"https:\/\/secure.gravatar.com\/avatar\/5972001801e8de5692a3e31224e85769f50a55fb8b679749f9c8d1868cceff14?s=96&d=initials&r=g&initials=yg","contentUrl":"https:\/\/secure.gravatar.com\/avatar\/5972001801e8de5692a3e31224e85769f50a55fb8b679749f9c8d1868cceff14?s=96&d=initials&r=g&initials=yg","caption":"Yann Gourvennec"},"description":"Yann Gourvennec created visionarymarketing.com in 1996. He is a speaker and author of many books. In 2014 he went from intrapreneur to entrepreneur, when he created his digital marketing agency. Yann Gourvennec a cr\u00e9\u00e9 visionarymarketing.com en 1996. Il est conf\u00e9rencier et auteur de plusieurs livres. En 2014, il est pass\u00e9 d'intrapreneur \u00e0 entrepreneur en cr\u00e9ant son agence de marketing num\u00e9rique.","sameAs":["https:\/\/visionarymarketing.com","http:\/\/facebook.com\/ygourven","http:\/\/linkedin.com\/in\/ygourven","https:\/\/x.com\/ygourven","https:\/\/www.youtube.com\/c\/visionarymarketingagency"],"url":"https:\/\/visionarymarketing.com\/fr\/author\/yann-gourvennec\/"}]}},"_links":{"self":[{"href":"https:\/\/visionarymarketing.com\/fr\/wp-json\/wp\/v2\/posts\/4389","targetHints":{"allow":["GET"]}}],"collection":[{"href":"https:\/\/visionarymarketing.com\/fr\/wp-json\/wp\/v2\/posts"}],"about":[{"href":"https:\/\/visionarymarketing.com\/fr\/wp-json\/wp\/v2\/types\/post"}],"author":[{"embeddable":true,"href":"https:\/\/visionarymarketing.com\/fr\/wp-json\/wp\/v2\/users\/2"}],"replies":[{"embeddable":true,"href":"https:\/\/visionarymarketing.com\/fr\/wp-json\/wp\/v2\/comments?post=4389"}],"version-history":[{"count":0,"href":"https:\/\/visionarymarketing.com\/fr\/wp-json\/wp\/v2\/posts\/4389\/revisions"}],"wp:featuredmedia":[{"embeddable":true,"href":"https:\/\/visionarymarketing.com\/fr\/wp-json\/wp\/v2\/media\/10558"}],"wp:attachment":[{"href":"https:\/\/visionarymarketing.com\/fr\/wp-json\/wp\/v2\/media?parent=4389"}],"wp:term":[{"taxonomy":"category","embeddable":true,"href":"https:\/\/visionarymarketing.com\/fr\/wp-json\/wp\/v2\/categories?post=4389"},{"taxonomy":"post_tag","embeddable":true,"href":"https:\/\/visionarymarketing.com\/fr\/wp-json\/wp\/v2\/tags?post=4389"}],"curies":[{"name":"wp","href":"https:\/\/api.w.org\/{rel}","templated":true}]}}