{"id":4305,"date":"2011-07-20T08:47:24","date_gmt":"2011-07-20T06:47:24","guid":{"rendered":"http:\/\/visionary.wordpress.com\/?p=4305"},"modified":"2021-03-06T11:07:51","modified_gmt":"2021-03-06T10:07:51","slug":"orange-timeline","status":"publish","type":"post","link":"https:\/\/visionarymarketing.com\/fr\/2011\/07\/20\/orange-timeline\/","title":{"rendered":"Orange Timeline sur le blog iThink.fr pour suivre tout Orange"},"content":{"rendered":"<p><a href=\"http:\/\/www.ithink.fr\/digital\/orange-timeline-tweets-medias-sociaux\/\" target=\"_blank\" rel=\"noopener noreferrer\">Un super article de Paul Henri Brunet<\/a>\u00a0(twitter <a href=\"http:\/\/twitter.com\/phb\" target=\"_blank\" rel=\"noopener noreferrer\">@phb<\/a>) sur <span class=\"removed_link\" title=\"http:\/\/timeline.orange.com\">Orange Timeline<\/span> que nous avons lanc\u00e9 hier et qui &#8211; au travers de l&rsquo;interview de <a href=\"http:\/\/twitter.com\/lionelfumado\" target=\"_blank\" rel=\"noopener noreferrer\">Lionel Fumado<\/a> qui est responsable des m\u00e9dias sociaux dans mon \u00e9quipe d&rsquo;<a href=\"http:\/\/twitter.com\/orange\" target=\"_blank\" rel=\"noopener noreferrer\">Orange<\/a> &#8211; et qui retrace l&rsquo;origine, les buts et l&rsquo;avenir de ce nouveau moyen d&rsquo;agr\u00e9ger les flux <a href=\"https:\/\/visionarymarketing.com\/fr\/2018\/05\/non-twitter-nest-pas-mort\/\">Twitter<\/a> de l&rsquo;entreprise et des employ\u00e9s qui ont d\u00e9sir\u00e9 participer \u00e0 l&rsquo;op\u00e9ration.<\/p>\n<h2>Timeline : Suivez Orange en temps r\u00e9el sur Twitter<\/h2>\n<figure id=\"attachment_10848\" aria-describedby=\"caption-attachment-10848\" style=\"width: 450px\" class=\"wp-caption aligncenter\"><img decoding=\"async\" class=\"wp-image-10848 size-full\" src=\"https:\/\/visionarymarketing.com\/wp-content\/uploads\/2011\/07\/Orange_timeline_tweet.png\" alt=\"Orange Timeline sur le blog iThink.fr pour suivre tout Orange\" width=\"450\" height=\"250\" srcset=\"https:\/\/visionarymarketing.com\/wp-content\/uploads\/2011\/07\/Orange_timeline_tweet.png 450w, https:\/\/visionarymarketing.com\/wp-content\/uploads\/2011\/07\/Orange_timeline_tweet-300x166.png 300w\" sizes=\"(max-width: 450px) 100vw, 450px\" \/><figcaption id=\"caption-attachment-10848\" class=\"wp-caption-text\">Orange Timeline sur le blog iThink.fr pour suivre tout Orange<\/figcaption><\/figure>\n<p>Orange lance un nouveau dispositif r\u00e9solument digital et social media.\u00a0Orange timeline\u00a0vous fait d\u00e9couvrir, en temps r\u00e9el, l\u2019actualit\u00e9 de la marque au travers des tweets des comptes officiels du Groupe et de ses employ\u00e9s participant \u00e0 l\u2019op\u00e9ration.<\/p>\n<p><img decoding=\"async\" class=\"size-full wp-image-54977 aligncenter\" src=\"https:\/\/visionarymarketing.com\/wp-content\/uploads\/2011\/07\/orange_timeline_hashtag-1024x536-1.jpg\" alt=\"Orange Timeline sur le blog iThink.fr pour suivre tout Orange\" width=\"560\" height=\"293\" srcset=\"https:\/\/visionarymarketing.com\/wp-content\/uploads\/2011\/07\/orange_timeline_hashtag-1024x536-1.jpg 560w, https:\/\/visionarymarketing.com\/wp-content\/uploads\/2011\/07\/orange_timeline_hashtag-1024x536-1-500x262.jpg 500w\" sizes=\"(max-width: 560px) 100vw, 560px\" \/><\/p>\n<p>Ce nouvel outil int\u00e9gr\u00e9 \u00e0 la communication corporate du groupe vise \u00e0 humaniser encore davantage le leader fran\u00e7ais des t\u00e9l\u00e9communications par l\u2019interm\u00e9diaire de ses \u00e9changes sur les r\u00e9seaux sociaux avec Twitter. En effet, Orange est particuli\u00e8rement actif sur la plateforme de microblogging, tant avec son compte officiel @Orange (et m\u00eame au niveau international) que les employ\u00e9s de la marque tels que @lionelfumado ou @ygourven.<\/p>\n<p>Une visualisation telle une mosa\u00efque est g\u00e9n\u00e9r\u00e9e sous la forme d\u2019un <em>hashtag<\/em> (le di\u00e8se propre \u00e0 l\u2019univers de <a title=\"Twitter\" href=\"http:\/\/ithink.fr\/tag\/Twitter\" target=\"_blank\" rel=\"noopener\">Twitter<\/a> pour filtrer du contenu) sugg\u00e9rant alors de d\u00e9couvrir l\u2019ensemble des messages de mani\u00e8re dynamique.\u00a0Au survol, un contenu est rendu visible sous la forme d\u2019une bulle avec son auteur, la date de publication du message ainsi que la possibilit\u00e9 de partager ce message sur son mur\u00a0<a title=\"Facebook sur iThink.fr\" href=\"http:\/\/ithink.fr\/tag\/Facebook\" target=\"_blank\" rel=\"noopener\">Facebook<\/a> et de le retweeter via <a title=\"Twitter\" href=\"http:\/\/ithink.fr\/tag\/Twitter\" target=\"_blank\" rel=\"noopener\">Twitter<\/a>.<\/p>\n<p>D\u2019autre part, un outil loupe \u2014 \u00e0 la mani\u00e8re d\u2019un syst\u00e8me de cartographie type Google Maps \u2014 permet \u00e9galement de zoomer en avant ou en arri\u00e8re sur la repr\u00e9sentation graphique des messages.<\/p>\n<p><strong><a href=\"http:\/\/www.ithink.fr\/digital\/orange-timeline-tweets-medias-sociaux\/\" target=\"_blank\" rel=\"noopener noreferrer\">\u00e0 lire sur le blog iThink.fr<\/a><\/strong><\/p>\n","protected":false},"excerpt":{"rendered":"<p>Un super article de Paul Henri Brunet\u00a0(twitter @phb) sur Orange Timeline que nous avons lanc\u00e9 hier et qui &#8211; au travers de l&rsquo;interview de Lionel Fumado qui est responsable des m\u00e9dias sociaux dans mon \u00e9quipe d&rsquo;Orange &#8211; et qui retrace l&rsquo;origine, les buts et l&rsquo;avenir de ce nouveau moyen d&rsquo;agr\u00e9ger les flux Twitter de l&rsquo;entreprise &hellip;<\/p>\n","protected":false},"author":2,"featured_media":10848,"comment_status":"open","ping_status":"open","sticky":false,"template":"","format":"standard","meta":{"footnotes":""},"categories":[25],"tags":[],"class_list":["post-4305","post","type-post","status-publish","format-standard","has-post-thumbnail","hentry","category-medias-sociaux"],"yoast_head":"<!-- This site is optimized with the Yoast SEO plugin v27.4 - https:\/\/yoast.com\/product\/yoast-seo-wordpress\/ -->\n<title>Orange Timeline sur le blog iThink.fr pour suivre tout Orange<\/title>\n<meta name=\"description\" content=\"Orange lance un nouveau dispositif r\u00e9solument digital et social media.\u00a0Orange timeline\u00a0vous fait d\u00e9couvrir, en temps r\u00e9el ...\" \/>\n<meta name=\"robots\" content=\"index, follow, max-snippet:-1, max-image-preview:large, max-video-preview:-1\" \/>\n<link rel=\"canonical\" href=\"https:\/\/visionarymarketing.com\/fr\/2011\/07\/20\/orange-timeline\/\" \/>\n<meta property=\"og:locale\" content=\"fr_FR\" \/>\n<meta property=\"og:type\" content=\"article\" \/>\n<meta property=\"og:title\" content=\"Orange Timeline sur le blog iThink.fr pour suivre tout Orange\" \/>\n<meta property=\"og:description\" content=\"Orange lance un nouveau dispositif r\u00e9solument digital et social media.\u00a0Orange timeline\u00a0vous fait d\u00e9couvrir, en temps r\u00e9el ...\" \/>\n<meta property=\"og:url\" content=\"https:\/\/visionarymarketing.com\/fr\/2011\/07\/20\/orange-timeline\/\" \/>\n<meta property=\"og:site_name\" content=\"Marketing and Innovation\" \/>\n<meta property=\"article:publisher\" content=\"https:\/\/www.facebook.com\/vismktg\" \/>\n<meta property=\"article:author\" content=\"http:\/\/facebook.com\/ygourven\" \/>\n<meta property=\"article:published_time\" content=\"2011-07-20T06:47:24+00:00\" \/>\n<meta property=\"article:modified_time\" content=\"2021-03-06T10:07:51+00:00\" \/>\n<meta property=\"og:image\" content=\"https:\/\/visionarymarketing.com\/wp-content\/uploads\/2011\/07\/Orange_timeline_tweet.png\" \/>\n\t<meta property=\"og:image:width\" content=\"450\" \/>\n\t<meta property=\"og:image:height\" content=\"250\" \/>\n\t<meta property=\"og:image:type\" content=\"image\/png\" \/>\n<meta name=\"author\" content=\"Yann Gourvennec\" \/>\n<meta name=\"twitter:card\" content=\"summary_large_image\" \/>\n<meta name=\"twitter:creator\" content=\"@ygourven\" \/>\n<meta name=\"twitter:site\" content=\"@ygourven\" \/>\n<meta name=\"twitter:label1\" content=\"\u00c9crit par\" \/>\n\t<meta name=\"twitter:data1\" content=\"Yann Gourvennec\" \/>\n\t<meta name=\"twitter:label2\" content=\"Dur\u00e9e de lecture estim\u00e9e\" \/>\n\t<meta name=\"twitter:data2\" content=\"2 minutes\" \/>\n<script type=\"application\/ld+json\" class=\"yoast-schema-graph\">{\"@context\":\"https:\\\/\\\/schema.org\",\"@graph\":[{\"@type\":\"NewsArticle\",\"@id\":\"https:\\\/\\\/visionarymarketing.com\\\/fr\\\/2011\\\/07\\\/20\\\/orange-timeline\\\/#article\",\"isPartOf\":{\"@id\":\"https:\\\/\\\/visionarymarketing.com\\\/fr\\\/2011\\\/07\\\/20\\\/orange-timeline\\\/\"},\"author\":{\"name\":\"Yann Gourvennec\",\"@id\":\"https:\\\/\\\/visionarymarketing.com\\\/fr\\\/#\\\/schema\\\/person\\\/3754fee1e558f47b8deb46f53c37423e\"},\"headline\":\"Orange Timeline sur le blog iThink.fr pour suivre tout Orange\",\"datePublished\":\"2011-07-20T06:47:24+00:00\",\"dateModified\":\"2021-03-06T10:07:51+00:00\",\"mainEntityOfPage\":{\"@id\":\"https:\\\/\\\/visionarymarketing.com\\\/fr\\\/2011\\\/07\\\/20\\\/orange-timeline\\\/\"},\"wordCount\":354,\"commentCount\":0,\"image\":{\"@id\":\"https:\\\/\\\/visionarymarketing.com\\\/fr\\\/2011\\\/07\\\/20\\\/orange-timeline\\\/#primaryimage\"},\"thumbnailUrl\":\"https:\\\/\\\/visionarymarketing.com\\\/wp-content\\\/uploads\\\/2011\\\/07\\\/Orange_timeline_tweet.png\",\"articleSection\":[\"m\u00e9dias \\\/ r\u00e9seaux sociaux\"],\"inLanguage\":\"fr-FR\",\"potentialAction\":[{\"@type\":\"CommentAction\",\"name\":\"Comment\",\"target\":[\"https:\\\/\\\/visionarymarketing.com\\\/fr\\\/2011\\\/07\\\/20\\\/orange-timeline\\\/#respond\"]}]},{\"@type\":\"WebPage\",\"@id\":\"https:\\\/\\\/visionarymarketing.com\\\/fr\\\/2011\\\/07\\\/20\\\/orange-timeline\\\/\",\"url\":\"https:\\\/\\\/visionarymarketing.com\\\/fr\\\/2011\\\/07\\\/20\\\/orange-timeline\\\/\",\"name\":\"Orange Timeline sur le blog iThink.fr pour suivre tout Orange\",\"isPartOf\":{\"@id\":\"https:\\\/\\\/visionarymarketing.com\\\/fr\\\/#website\"},\"primaryImageOfPage\":{\"@id\":\"https:\\\/\\\/visionarymarketing.com\\\/fr\\\/2011\\\/07\\\/20\\\/orange-timeline\\\/#primaryimage\"},\"image\":{\"@id\":\"https:\\\/\\\/visionarymarketing.com\\\/fr\\\/2011\\\/07\\\/20\\\/orange-timeline\\\/#primaryimage\"},\"thumbnailUrl\":\"https:\\\/\\\/visionarymarketing.com\\\/wp-content\\\/uploads\\\/2011\\\/07\\\/Orange_timeline_tweet.png\",\"datePublished\":\"2011-07-20T06:47:24+00:00\",\"dateModified\":\"2021-03-06T10:07:51+00:00\",\"author\":{\"@id\":\"https:\\\/\\\/visionarymarketing.com\\\/fr\\\/#\\\/schema\\\/person\\\/3754fee1e558f47b8deb46f53c37423e\"},\"description\":\"Orange lance un nouveau dispositif r\u00e9solument digital et social media.\u00a0Orange timeline\u00a0vous fait d\u00e9couvrir, en temps r\u00e9el ...\",\"breadcrumb\":{\"@id\":\"https:\\\/\\\/visionarymarketing.com\\\/fr\\\/2011\\\/07\\\/20\\\/orange-timeline\\\/#breadcrumb\"},\"inLanguage\":\"fr-FR\",\"potentialAction\":[{\"@type\":\"ReadAction\",\"target\":[\"https:\\\/\\\/visionarymarketing.com\\\/fr\\\/2011\\\/07\\\/20\\\/orange-timeline\\\/\"]}]},{\"@type\":\"ImageObject\",\"inLanguage\":\"fr-FR\",\"@id\":\"https:\\\/\\\/visionarymarketing.com\\\/fr\\\/2011\\\/07\\\/20\\\/orange-timeline\\\/#primaryimage\",\"url\":\"https:\\\/\\\/visionarymarketing.com\\\/wp-content\\\/uploads\\\/2011\\\/07\\\/Orange_timeline_tweet.png\",\"contentUrl\":\"https:\\\/\\\/visionarymarketing.com\\\/wp-content\\\/uploads\\\/2011\\\/07\\\/Orange_timeline_tweet.png\",\"width\":450,\"height\":250},{\"@type\":\"BreadcrumbList\",\"@id\":\"https:\\\/\\\/visionarymarketing.com\\\/fr\\\/2011\\\/07\\\/20\\\/orange-timeline\\\/#breadcrumb\",\"itemListElement\":[{\"@type\":\"ListItem\",\"position\":1,\"name\":\"Home\",\"item\":\"https:\\\/\\\/visionarymarketing.com\\\/fr\\\/\"},{\"@type\":\"ListItem\",\"position\":2,\"name\":\"Orange Timeline sur le blog iThink.fr pour suivre tout Orange\"}]},{\"@type\":\"WebSite\",\"@id\":\"https:\\\/\\\/visionarymarketing.com\\\/fr\\\/#website\",\"url\":\"https:\\\/\\\/visionarymarketing.com\\\/fr\\\/\",\"name\":\"Marketing and Innovation\",\"description\":\"Site d&#039;infos ind\u00e9pendant, depuis 1996\",\"potentialAction\":[{\"@type\":\"SearchAction\",\"target\":{\"@type\":\"EntryPoint\",\"urlTemplate\":\"https:\\\/\\\/visionarymarketing.com\\\/fr\\\/?s={search_term_string}\"},\"query-input\":{\"@type\":\"PropertyValueSpecification\",\"valueRequired\":true,\"valueName\":\"search_term_string\"}}],\"inLanguage\":\"fr-FR\"},{\"@type\":\"Person\",\"@id\":\"https:\\\/\\\/visionarymarketing.com\\\/fr\\\/#\\\/schema\\\/person\\\/3754fee1e558f47b8deb46f53c37423e\",\"name\":\"Yann Gourvennec\",\"image\":{\"@type\":\"ImageObject\",\"inLanguage\":\"fr-FR\",\"@id\":\"https:\\\/\\\/secure.gravatar.com\\\/avatar\\\/5972001801e8de5692a3e31224e85769f50a55fb8b679749f9c8d1868cceff14?s=96&d=initials&r=g&initials=yg\",\"url\":\"https:\\\/\\\/secure.gravatar.com\\\/avatar\\\/5972001801e8de5692a3e31224e85769f50a55fb8b679749f9c8d1868cceff14?s=96&d=initials&r=g&initials=yg\",\"contentUrl\":\"https:\\\/\\\/secure.gravatar.com\\\/avatar\\\/5972001801e8de5692a3e31224e85769f50a55fb8b679749f9c8d1868cceff14?s=96&d=initials&r=g&initials=yg\",\"caption\":\"Yann Gourvennec\"},\"description\":\"Yann Gourvennec created visionarymarketing.com in 1996. He is a speaker and author of many books. In 2014 he went from intrapreneur to entrepreneur, when he created his digital marketing agency. Yann Gourvennec a cr\u00e9\u00e9 visionarymarketing.com en 1996. Il est conf\u00e9rencier et auteur de plusieurs livres. En 2014, il est pass\u00e9 d'intrapreneur \u00e0 entrepreneur en cr\u00e9ant son agence de marketing num\u00e9rique.\",\"sameAs\":[\"https:\\\/\\\/visionarymarketing.com\",\"http:\\\/\\\/facebook.com\\\/ygourven\",\"http:\\\/\\\/linkedin.com\\\/in\\\/ygourven\",\"https:\\\/\\\/x.com\\\/ygourven\",\"https:\\\/\\\/www.youtube.com\\\/c\\\/visionarymarketingagency\"],\"url\":\"https:\\\/\\\/visionarymarketing.com\\\/fr\\\/author\\\/yann-gourvennec\\\/\"}]}<\/script>\n<!-- \/ Yoast SEO plugin. -->","yoast_head_json":{"title":"Orange Timeline sur le blog iThink.fr pour suivre tout Orange","description":"Orange lance un nouveau dispositif r\u00e9solument digital et social media.\u00a0Orange timeline\u00a0vous fait d\u00e9couvrir, en temps r\u00e9el ...","robots":{"index":"index","follow":"follow","max-snippet":"max-snippet:-1","max-image-preview":"max-image-preview:large","max-video-preview":"max-video-preview:-1"},"canonical":"https:\/\/visionarymarketing.com\/fr\/2011\/07\/20\/orange-timeline\/","og_locale":"fr_FR","og_type":"article","og_title":"Orange Timeline sur le blog iThink.fr pour suivre tout Orange","og_description":"Orange lance un nouveau dispositif r\u00e9solument digital et social media.\u00a0Orange timeline\u00a0vous fait d\u00e9couvrir, en temps r\u00e9el ...","og_url":"https:\/\/visionarymarketing.com\/fr\/2011\/07\/20\/orange-timeline\/","og_site_name":"Marketing and Innovation","article_publisher":"https:\/\/www.facebook.com\/vismktg","article_author":"http:\/\/facebook.com\/ygourven","article_published_time":"2011-07-20T06:47:24+00:00","article_modified_time":"2021-03-06T10:07:51+00:00","og_image":[{"width":450,"height":250,"url":"https:\/\/visionarymarketing.com\/wp-content\/uploads\/2011\/07\/Orange_timeline_tweet.png","type":"image\/png"}],"author":"Yann Gourvennec","twitter_card":"summary_large_image","twitter_creator":"@ygourven","twitter_site":"@ygourven","twitter_misc":{"\u00c9crit par":"Yann Gourvennec","Dur\u00e9e de lecture estim\u00e9e":"2 minutes"},"schema":{"@context":"https:\/\/schema.org","@graph":[{"@type":"NewsArticle","@id":"https:\/\/visionarymarketing.com\/fr\/2011\/07\/20\/orange-timeline\/#article","isPartOf":{"@id":"https:\/\/visionarymarketing.com\/fr\/2011\/07\/20\/orange-timeline\/"},"author":{"name":"Yann Gourvennec","@id":"https:\/\/visionarymarketing.com\/fr\/#\/schema\/person\/3754fee1e558f47b8deb46f53c37423e"},"headline":"Orange Timeline sur le blog iThink.fr pour suivre tout Orange","datePublished":"2011-07-20T06:47:24+00:00","dateModified":"2021-03-06T10:07:51+00:00","mainEntityOfPage":{"@id":"https:\/\/visionarymarketing.com\/fr\/2011\/07\/20\/orange-timeline\/"},"wordCount":354,"commentCount":0,"image":{"@id":"https:\/\/visionarymarketing.com\/fr\/2011\/07\/20\/orange-timeline\/#primaryimage"},"thumbnailUrl":"https:\/\/visionarymarketing.com\/wp-content\/uploads\/2011\/07\/Orange_timeline_tweet.png","articleSection":["m\u00e9dias \/ r\u00e9seaux sociaux"],"inLanguage":"fr-FR","potentialAction":[{"@type":"CommentAction","name":"Comment","target":["https:\/\/visionarymarketing.com\/fr\/2011\/07\/20\/orange-timeline\/#respond"]}]},{"@type":"WebPage","@id":"https:\/\/visionarymarketing.com\/fr\/2011\/07\/20\/orange-timeline\/","url":"https:\/\/visionarymarketing.com\/fr\/2011\/07\/20\/orange-timeline\/","name":"Orange Timeline sur le blog iThink.fr pour suivre tout Orange","isPartOf":{"@id":"https:\/\/visionarymarketing.com\/fr\/#website"},"primaryImageOfPage":{"@id":"https:\/\/visionarymarketing.com\/fr\/2011\/07\/20\/orange-timeline\/#primaryimage"},"image":{"@id":"https:\/\/visionarymarketing.com\/fr\/2011\/07\/20\/orange-timeline\/#primaryimage"},"thumbnailUrl":"https:\/\/visionarymarketing.com\/wp-content\/uploads\/2011\/07\/Orange_timeline_tweet.png","datePublished":"2011-07-20T06:47:24+00:00","dateModified":"2021-03-06T10:07:51+00:00","author":{"@id":"https:\/\/visionarymarketing.com\/fr\/#\/schema\/person\/3754fee1e558f47b8deb46f53c37423e"},"description":"Orange lance un nouveau dispositif r\u00e9solument digital et social media.\u00a0Orange timeline\u00a0vous fait d\u00e9couvrir, en temps r\u00e9el ...","breadcrumb":{"@id":"https:\/\/visionarymarketing.com\/fr\/2011\/07\/20\/orange-timeline\/#breadcrumb"},"inLanguage":"fr-FR","potentialAction":[{"@type":"ReadAction","target":["https:\/\/visionarymarketing.com\/fr\/2011\/07\/20\/orange-timeline\/"]}]},{"@type":"ImageObject","inLanguage":"fr-FR","@id":"https:\/\/visionarymarketing.com\/fr\/2011\/07\/20\/orange-timeline\/#primaryimage","url":"https:\/\/visionarymarketing.com\/wp-content\/uploads\/2011\/07\/Orange_timeline_tweet.png","contentUrl":"https:\/\/visionarymarketing.com\/wp-content\/uploads\/2011\/07\/Orange_timeline_tweet.png","width":450,"height":250},{"@type":"BreadcrumbList","@id":"https:\/\/visionarymarketing.com\/fr\/2011\/07\/20\/orange-timeline\/#breadcrumb","itemListElement":[{"@type":"ListItem","position":1,"name":"Home","item":"https:\/\/visionarymarketing.com\/fr\/"},{"@type":"ListItem","position":2,"name":"Orange Timeline sur le blog iThink.fr pour suivre tout Orange"}]},{"@type":"WebSite","@id":"https:\/\/visionarymarketing.com\/fr\/#website","url":"https:\/\/visionarymarketing.com\/fr\/","name":"Marketing and Innovation","description":"Site d&#039;infos ind\u00e9pendant, depuis 1996","potentialAction":[{"@type":"SearchAction","target":{"@type":"EntryPoint","urlTemplate":"https:\/\/visionarymarketing.com\/fr\/?s={search_term_string}"},"query-input":{"@type":"PropertyValueSpecification","valueRequired":true,"valueName":"search_term_string"}}],"inLanguage":"fr-FR"},{"@type":"Person","@id":"https:\/\/visionarymarketing.com\/fr\/#\/schema\/person\/3754fee1e558f47b8deb46f53c37423e","name":"Yann Gourvennec","image":{"@type":"ImageObject","inLanguage":"fr-FR","@id":"https:\/\/secure.gravatar.com\/avatar\/5972001801e8de5692a3e31224e85769f50a55fb8b679749f9c8d1868cceff14?s=96&d=initials&r=g&initials=yg","url":"https:\/\/secure.gravatar.com\/avatar\/5972001801e8de5692a3e31224e85769f50a55fb8b679749f9c8d1868cceff14?s=96&d=initials&r=g&initials=yg","contentUrl":"https:\/\/secure.gravatar.com\/avatar\/5972001801e8de5692a3e31224e85769f50a55fb8b679749f9c8d1868cceff14?s=96&d=initials&r=g&initials=yg","caption":"Yann Gourvennec"},"description":"Yann Gourvennec created visionarymarketing.com in 1996. He is a speaker and author of many books. In 2014 he went from intrapreneur to entrepreneur, when he created his digital marketing agency. Yann Gourvennec a cr\u00e9\u00e9 visionarymarketing.com en 1996. Il est conf\u00e9rencier et auteur de plusieurs livres. En 2014, il est pass\u00e9 d'intrapreneur \u00e0 entrepreneur en cr\u00e9ant son agence de marketing num\u00e9rique.","sameAs":["https:\/\/visionarymarketing.com","http:\/\/facebook.com\/ygourven","http:\/\/linkedin.com\/in\/ygourven","https:\/\/x.com\/ygourven","https:\/\/www.youtube.com\/c\/visionarymarketingagency"],"url":"https:\/\/visionarymarketing.com\/fr\/author\/yann-gourvennec\/"}]}},"_links":{"self":[{"href":"https:\/\/visionarymarketing.com\/fr\/wp-json\/wp\/v2\/posts\/4305","targetHints":{"allow":["GET"]}}],"collection":[{"href":"https:\/\/visionarymarketing.com\/fr\/wp-json\/wp\/v2\/posts"}],"about":[{"href":"https:\/\/visionarymarketing.com\/fr\/wp-json\/wp\/v2\/types\/post"}],"author":[{"embeddable":true,"href":"https:\/\/visionarymarketing.com\/fr\/wp-json\/wp\/v2\/users\/2"}],"replies":[{"embeddable":true,"href":"https:\/\/visionarymarketing.com\/fr\/wp-json\/wp\/v2\/comments?post=4305"}],"version-history":[{"count":0,"href":"https:\/\/visionarymarketing.com\/fr\/wp-json\/wp\/v2\/posts\/4305\/revisions"}],"wp:featuredmedia":[{"embeddable":true,"href":"https:\/\/visionarymarketing.com\/fr\/wp-json\/wp\/v2\/media\/10848"}],"wp:attachment":[{"href":"https:\/\/visionarymarketing.com\/fr\/wp-json\/wp\/v2\/media?parent=4305"}],"wp:term":[{"taxonomy":"category","embeddable":true,"href":"https:\/\/visionarymarketing.com\/fr\/wp-json\/wp\/v2\/categories?post=4305"},{"taxonomy":"post_tag","embeddable":true,"href":"https:\/\/visionarymarketing.com\/fr\/wp-json\/wp\/v2\/tags?post=4305"}],"curies":[{"name":"wp","href":"https:\/\/api.w.org\/{rel}","templated":true}]}}