{"id":4269,"date":"2011-06-30T06:53:04","date_gmt":"2011-06-30T06:53:04","guid":{"rendered":"http:\/\/visionary.wordpress.com\/?p=4269"},"modified":"2020-08-11T14:15:40","modified_gmt":"2020-08-11T12:15:40","slug":"veille-economique","status":"publish","type":"post","link":"https:\/\/visionarymarketing.com\/fr\/2011\/06\/30\/veille-economique\/","title":{"rendered":"Veille \u00e9conomique positive au \u00ab\u00a0be connected forum\u00a0\u00bb de Laser \u00e0 Paris"},"content":{"rendered":"<p>La veille \u00e9conomique et positive. Aujourd&rsquo;hui, \u00e0 6h00 \u00e0 l&rsquo;Espace Cardin sur les Champs Elys\u00e9es j&rsquo;interviendrai au forum\u00a0\u00ab\u00a0<span class=\"removed_link\" title=\"http:\/\/www.blog.lasergroup.eu\/?page_id=314\">Be Connected Forum by LaSer<\/span>\u00a0\u00bb (programme ci-dessous). Ma pr\u00e9sentation se fera sur un sujet\u00a0\u00e9minemment\u00a0d&rsquo;actualit\u00e9, \u00e0 savoir la r\u00e9invention de la veille dans les <a href=\"https:\/\/visionarymarketing.com\/fr\/2019\/06\/veille-internet\/\">m\u00e9dias sociaux<\/a> en outils de e-reputation et d&rsquo;investigation positive (<a href=\"https:\/\/www.slideshare.net\/ygourven\/innovation-research\" target=\"_blank\" rel=\"noopener noreferrer\">Social Media Monitoring and the next wave in market research<\/a>).<\/p>\n<figure id=\"attachment_55043\" aria-describedby=\"caption-attachment-55043\" style=\"width: 520px\" class=\"wp-caption aligncenter\"><img decoding=\"async\" class=\"wp-image-55043 size-full\" src=\"https:\/\/visionarymarketing.com\/wp-content\/uploads\/2011\/06\/innovation-research-110513120651-phpapp01.jpg\" alt=\"veille \u00e9conomique\" width=\"520\" height=\"390\" srcset=\"https:\/\/visionarymarketing.com\/wp-content\/uploads\/2011\/06\/innovation-research-110513120651-phpapp01.jpg 520w, https:\/\/visionarymarketing.com\/wp-content\/uploads\/2011\/06\/innovation-research-110513120651-phpapp01-400x300.jpg 400w\" sizes=\"(max-width: 520px) 100vw, 520px\" \/><figcaption id=\"caption-attachment-55043\" class=\"wp-caption-text\">Veille \u00e9conomique positive au \u00ab\u00a0be connected forum\u00a0\u00bb de Laser \u00e0 Paris<\/figcaption><\/figure>\n<p><em><strong><span class=\"removed_link\" title=\"http:\/\/www.blog.lasergroup.eu\/?page_id=314\"><br \/>\nBE CONNECTED FORUM By LaSer<\/span><\/strong><\/em><\/p>\n<p><em>Comprendre le nouveau parcours du consommateur vers la marque oul\u2019enseigne \u00e0 l\u2019heure de la r\u00e9volution\u00a0<\/em><em>digitale tel est l\u2019objectif du Be Connected Forum organis\u00e9 par LaSer le 30 juin 2011 \u00e0 l\u2019Espace Cardin \u00e0 Paris.<\/em><br \/>\n<em>Cette journ\u00e9e r\u00e9solument participative est destin\u00e9e \u00e0 s\u2019informer et \u00e9changer sur les nouveaux enjeux de la relation<\/em><br \/>\n<em>marque ou enseigne\/consommateur et\u2248d\u00e9velopper des approches de relation client et marketing innovantes.<\/em><\/p>\n<p>https:\/\/visionarymarketing.com\/wp-content\/uploads\/2011\/06\/innovation-research-110513120651-phpapp01.pdf<\/p>\n<p><em><strong>La journ\u00e9e sera rythm\u00e9e autour de deux temps forts :<\/strong><\/em><\/p>\n<p><em>Une partie exposition d\u00e9di\u00e9e \u00e0 des solutions concr\u00e8tes sur les nouvelles approches Relation Client, Fid\u00e9lisation<\/em><br \/>\n<em>&amp; Marketing (data marketing, fid\u00e9lisation sur mobile, cartes &amp; solutions de paiement, Social CRM, e-signature,<\/em><br \/>\n<em>etc) et \u00e0 l\u2019innovation dans la Relation Client avec des d\u00e9mos prospectives de l\u2019Echangeur<\/em><br \/>\n<em>(Tendances de\u2248consommation, R\u00e9seaux sociaux, Mobilit\u00e9, Nouvelles technologies &amp; Retail \u2026)<\/em><\/p>\n<p><em>Une partie conf\u00e9rence sur des partages d\u2019exp\u00e9riences d\u2019enseignes et de marques comme Pick N Pay,<\/em><br \/>\n<em>Orange, Renault, Facebook, Galeries Lafayette autour de pr\u00e9sentations interactives (Connaissance Client,<\/em><br \/>\n<em>Programmes de cartes, Gamification\u2026). Et une pr\u00e9sentation exclusive de l\u2019\u00e9tude LaSer sur les nouvelles tendances<\/em><br \/>\n<em>de consommation pour d\u00e9crypter les motivations des clients.<\/em><\/p>\n","protected":false},"excerpt":{"rendered":"<p>La veille \u00e9conomique et positive. Aujourd&rsquo;hui, \u00e0 6h00 \u00e0 l&rsquo;Espace Cardin sur les Champs Elys\u00e9es j&rsquo;interviendrai au forum\u00a0\u00ab\u00a0Be Connected Forum by LaSer\u00a0\u00bb (programme ci-dessous). Ma pr\u00e9sentation se fera sur un sujet\u00a0\u00e9minemment\u00a0d&rsquo;actualit\u00e9, \u00e0 savoir la r\u00e9invention de la veille dans les m\u00e9dias sociaux en outils de e-reputation et d&rsquo;investigation positive (Social Media Monitoring and the next &hellip;<\/p>\n","protected":false},"author":2,"featured_media":55043,"comment_status":"open","ping_status":"open","sticky":false,"template":"","format":"standard","meta":{"footnotes":""},"categories":[10,121,6,25],"tags":[],"class_list":["post-4269","post","type-post","status-publish","format-standard","has-post-thumbnail","hentry","category-collaboration-et-teletravail","category-e-business","category-marketing-innovation-fr","category-medias-sociaux"],"yoast_head":"<!-- This site is optimized with the Yoast SEO plugin v27.5 - https:\/\/yoast.com\/product\/yoast-seo-wordpress\/ -->\n<title>Veille \u00e9conomique positive au &quot;be connected forum&quot; de Laser \u00e0 Paris<\/title>\n<meta name=\"description\" content=\"La veille \u00e9conomique permet de comprendre le nouveau parcours du consommateur vers la marque oul\u2019enseigne \u00e0 l\u2019heure de la r\u00e9volution digitale\" \/>\n<meta name=\"robots\" content=\"index, follow, max-snippet:-1, max-image-preview:large, max-video-preview:-1\" \/>\n<link rel=\"canonical\" href=\"https:\/\/visionarymarketing.com\/fr\/2011\/06\/30\/veille-economique\/\" \/>\n<meta property=\"og:locale\" content=\"fr_FR\" \/>\n<meta property=\"og:type\" content=\"article\" \/>\n<meta property=\"og:title\" content=\"Veille \u00e9conomique positive au &quot;be connected forum&quot; de Laser \u00e0 Paris\" \/>\n<meta property=\"og:description\" content=\"La veille \u00e9conomique permet de comprendre le nouveau parcours du consommateur vers la marque oul\u2019enseigne \u00e0 l\u2019heure de la r\u00e9volution digitale\" \/>\n<meta property=\"og:url\" content=\"https:\/\/visionarymarketing.com\/fr\/2011\/06\/30\/veille-economique\/\" \/>\n<meta property=\"og:site_name\" content=\"Marketing and Innovation\" \/>\n<meta property=\"article:publisher\" content=\"https:\/\/www.facebook.com\/vismktg\" \/>\n<meta property=\"article:author\" content=\"http:\/\/facebook.com\/ygourven\" \/>\n<meta property=\"article:published_time\" content=\"2011-06-30T06:53:04+00:00\" \/>\n<meta property=\"article:modified_time\" content=\"2020-08-11T12:15:40+00:00\" \/>\n<meta property=\"og:image\" content=\"https:\/\/visionarymarketing.com\/wp-content\/uploads\/2011\/06\/innovation-research-110513120651-phpapp01.jpg\" \/>\n\t<meta property=\"og:image:width\" content=\"520\" \/>\n\t<meta property=\"og:image:height\" content=\"390\" \/>\n\t<meta property=\"og:image:type\" content=\"image\/jpeg\" \/>\n<meta name=\"author\" content=\"Yann Gourvennec\" \/>\n<meta name=\"twitter:card\" content=\"summary_large_image\" \/>\n<meta name=\"twitter:creator\" content=\"@ygourven\" \/>\n<meta name=\"twitter:site\" content=\"@ygourven\" \/>\n<meta name=\"twitter:label1\" content=\"\u00c9crit par\" \/>\n\t<meta name=\"twitter:data1\" content=\"Yann Gourvennec\" \/>\n\t<meta name=\"twitter:label2\" content=\"Dur\u00e9e de lecture estim\u00e9e\" \/>\n\t<meta name=\"twitter:data2\" content=\"1 minute\" \/>\n<script type=\"application\/ld+json\" class=\"yoast-schema-graph\">{\"@context\":\"https:\\\/\\\/schema.org\",\"@graph\":[{\"@type\":\"NewsArticle\",\"@id\":\"https:\\\/\\\/visionarymarketing.com\\\/fr\\\/2011\\\/06\\\/30\\\/veille-economique\\\/#article\",\"isPartOf\":{\"@id\":\"https:\\\/\\\/visionarymarketing.com\\\/fr\\\/2011\\\/06\\\/30\\\/veille-economique\\\/\"},\"author\":{\"name\":\"Yann Gourvennec\",\"@id\":\"https:\\\/\\\/visionarymarketing.com\\\/fr\\\/#\\\/schema\\\/person\\\/3754fee1e558f47b8deb46f53c37423e\"},\"headline\":\"Veille \u00e9conomique positive au \u00ab\u00a0be connected forum\u00a0\u00bb de Laser \u00e0 Paris\",\"datePublished\":\"2011-06-30T06:53:04+00:00\",\"dateModified\":\"2020-08-11T12:15:40+00:00\",\"mainEntityOfPage\":{\"@id\":\"https:\\\/\\\/visionarymarketing.com\\\/fr\\\/2011\\\/06\\\/30\\\/veille-economique\\\/\"},\"wordCount\":307,\"commentCount\":0,\"image\":{\"@id\":\"https:\\\/\\\/visionarymarketing.com\\\/fr\\\/2011\\\/06\\\/30\\\/veille-economique\\\/#primaryimage\"},\"thumbnailUrl\":\"https:\\\/\\\/visionarymarketing.com\\\/wp-content\\\/uploads\\\/2011\\\/06\\\/innovation-research-110513120651-phpapp01.jpg\",\"articleSection\":[\"collaboration \\\/ t\u00e9l\u00e9travail\",\"e-business \\\/ e-commerce\",\"Marketing &amp; Innovation\",\"m\u00e9dias \\\/ r\u00e9seaux sociaux\"],\"inLanguage\":\"fr-FR\",\"potentialAction\":[{\"@type\":\"CommentAction\",\"name\":\"Comment\",\"target\":[\"https:\\\/\\\/visionarymarketing.com\\\/fr\\\/2011\\\/06\\\/30\\\/veille-economique\\\/#respond\"]}]},{\"@type\":\"WebPage\",\"@id\":\"https:\\\/\\\/visionarymarketing.com\\\/fr\\\/2011\\\/06\\\/30\\\/veille-economique\\\/\",\"url\":\"https:\\\/\\\/visionarymarketing.com\\\/fr\\\/2011\\\/06\\\/30\\\/veille-economique\\\/\",\"name\":\"Veille \u00e9conomique positive au \\\"be connected forum\\\" de Laser \u00e0 Paris\",\"isPartOf\":{\"@id\":\"https:\\\/\\\/visionarymarketing.com\\\/fr\\\/#website\"},\"primaryImageOfPage\":{\"@id\":\"https:\\\/\\\/visionarymarketing.com\\\/fr\\\/2011\\\/06\\\/30\\\/veille-economique\\\/#primaryimage\"},\"image\":{\"@id\":\"https:\\\/\\\/visionarymarketing.com\\\/fr\\\/2011\\\/06\\\/30\\\/veille-economique\\\/#primaryimage\"},\"thumbnailUrl\":\"https:\\\/\\\/visionarymarketing.com\\\/wp-content\\\/uploads\\\/2011\\\/06\\\/innovation-research-110513120651-phpapp01.jpg\",\"datePublished\":\"2011-06-30T06:53:04+00:00\",\"dateModified\":\"2020-08-11T12:15:40+00:00\",\"author\":{\"@id\":\"https:\\\/\\\/visionarymarketing.com\\\/fr\\\/#\\\/schema\\\/person\\\/3754fee1e558f47b8deb46f53c37423e\"},\"description\":\"La veille \u00e9conomique permet de comprendre le nouveau parcours du consommateur vers la marque oul\u2019enseigne \u00e0 l\u2019heure de la r\u00e9volution digitale\",\"breadcrumb\":{\"@id\":\"https:\\\/\\\/visionarymarketing.com\\\/fr\\\/2011\\\/06\\\/30\\\/veille-economique\\\/#breadcrumb\"},\"inLanguage\":\"fr-FR\",\"potentialAction\":[{\"@type\":\"ReadAction\",\"target\":[\"https:\\\/\\\/visionarymarketing.com\\\/fr\\\/2011\\\/06\\\/30\\\/veille-economique\\\/\"]}]},{\"@type\":\"ImageObject\",\"inLanguage\":\"fr-FR\",\"@id\":\"https:\\\/\\\/visionarymarketing.com\\\/fr\\\/2011\\\/06\\\/30\\\/veille-economique\\\/#primaryimage\",\"url\":\"https:\\\/\\\/visionarymarketing.com\\\/wp-content\\\/uploads\\\/2011\\\/06\\\/innovation-research-110513120651-phpapp01.jpg\",\"contentUrl\":\"https:\\\/\\\/visionarymarketing.com\\\/wp-content\\\/uploads\\\/2011\\\/06\\\/innovation-research-110513120651-phpapp01.jpg\",\"width\":520,\"height\":390},{\"@type\":\"BreadcrumbList\",\"@id\":\"https:\\\/\\\/visionarymarketing.com\\\/fr\\\/2011\\\/06\\\/30\\\/veille-economique\\\/#breadcrumb\",\"itemListElement\":[{\"@type\":\"ListItem\",\"position\":1,\"name\":\"Home\",\"item\":\"https:\\\/\\\/visionarymarketing.com\\\/fr\\\/\"},{\"@type\":\"ListItem\",\"position\":2,\"name\":\"Veille \u00e9conomique positive au \u00ab\u00a0be connected forum\u00a0\u00bb de Laser \u00e0 Paris\"}]},{\"@type\":\"WebSite\",\"@id\":\"https:\\\/\\\/visionarymarketing.com\\\/fr\\\/#website\",\"url\":\"https:\\\/\\\/visionarymarketing.com\\\/fr\\\/\",\"name\":\"Marketing and Innovation\",\"description\":\"Site d&#039;infos ind\u00e9pendant, depuis 1996\",\"potentialAction\":[{\"@type\":\"SearchAction\",\"target\":{\"@type\":\"EntryPoint\",\"urlTemplate\":\"https:\\\/\\\/visionarymarketing.com\\\/fr\\\/?s={search_term_string}\"},\"query-input\":{\"@type\":\"PropertyValueSpecification\",\"valueRequired\":true,\"valueName\":\"search_term_string\"}}],\"inLanguage\":\"fr-FR\"},{\"@type\":\"Person\",\"@id\":\"https:\\\/\\\/visionarymarketing.com\\\/fr\\\/#\\\/schema\\\/person\\\/3754fee1e558f47b8deb46f53c37423e\",\"name\":\"Yann Gourvennec\",\"image\":{\"@type\":\"ImageObject\",\"inLanguage\":\"fr-FR\",\"@id\":\"https:\\\/\\\/secure.gravatar.com\\\/avatar\\\/5972001801e8de5692a3e31224e85769f50a55fb8b679749f9c8d1868cceff14?s=96&d=initials&r=g&initials=yg\",\"url\":\"https:\\\/\\\/secure.gravatar.com\\\/avatar\\\/5972001801e8de5692a3e31224e85769f50a55fb8b679749f9c8d1868cceff14?s=96&d=initials&r=g&initials=yg\",\"contentUrl\":\"https:\\\/\\\/secure.gravatar.com\\\/avatar\\\/5972001801e8de5692a3e31224e85769f50a55fb8b679749f9c8d1868cceff14?s=96&d=initials&r=g&initials=yg\",\"caption\":\"Yann Gourvennec\"},\"description\":\"Yann Gourvennec created visionarymarketing.com in 1996. He is a speaker and author of many books. In 2014 he went from intrapreneur to entrepreneur, when he created his digital marketing agency. Yann Gourvennec a cr\u00e9\u00e9 visionarymarketing.com en 1996. Il est conf\u00e9rencier et auteur de plusieurs livres. En 2014, il est pass\u00e9 d'intrapreneur \u00e0 entrepreneur en cr\u00e9ant son agence de marketing num\u00e9rique.\",\"sameAs\":[\"https:\\\/\\\/visionarymarketing.com\",\"http:\\\/\\\/facebook.com\\\/ygourven\",\"http:\\\/\\\/linkedin.com\\\/in\\\/ygourven\",\"https:\\\/\\\/x.com\\\/ygourven\",\"https:\\\/\\\/www.youtube.com\\\/c\\\/visionarymarketingagency\"],\"url\":\"https:\\\/\\\/visionarymarketing.com\\\/fr\\\/author\\\/yann-gourvennec\\\/\"}]}<\/script>\n<!-- \/ Yoast SEO plugin. -->","yoast_head_json":{"title":"Veille \u00e9conomique positive au \"be connected forum\" de Laser \u00e0 Paris","description":"La veille \u00e9conomique permet de comprendre le nouveau parcours du consommateur vers la marque oul\u2019enseigne \u00e0 l\u2019heure de la r\u00e9volution digitale","robots":{"index":"index","follow":"follow","max-snippet":"max-snippet:-1","max-image-preview":"max-image-preview:large","max-video-preview":"max-video-preview:-1"},"canonical":"https:\/\/visionarymarketing.com\/fr\/2011\/06\/30\/veille-economique\/","og_locale":"fr_FR","og_type":"article","og_title":"Veille \u00e9conomique positive au \"be connected forum\" de Laser \u00e0 Paris","og_description":"La veille \u00e9conomique permet de comprendre le nouveau parcours du consommateur vers la marque oul\u2019enseigne \u00e0 l\u2019heure de la r\u00e9volution digitale","og_url":"https:\/\/visionarymarketing.com\/fr\/2011\/06\/30\/veille-economique\/","og_site_name":"Marketing and Innovation","article_publisher":"https:\/\/www.facebook.com\/vismktg","article_author":"http:\/\/facebook.com\/ygourven","article_published_time":"2011-06-30T06:53:04+00:00","article_modified_time":"2020-08-11T12:15:40+00:00","og_image":[{"width":520,"height":390,"url":"https:\/\/visionarymarketing.com\/wp-content\/uploads\/2011\/06\/innovation-research-110513120651-phpapp01.jpg","type":"image\/jpeg"}],"author":"Yann Gourvennec","twitter_card":"summary_large_image","twitter_creator":"@ygourven","twitter_site":"@ygourven","twitter_misc":{"\u00c9crit par":"Yann Gourvennec","Dur\u00e9e de lecture estim\u00e9e":"1 minute"},"schema":{"@context":"https:\/\/schema.org","@graph":[{"@type":"NewsArticle","@id":"https:\/\/visionarymarketing.com\/fr\/2011\/06\/30\/veille-economique\/#article","isPartOf":{"@id":"https:\/\/visionarymarketing.com\/fr\/2011\/06\/30\/veille-economique\/"},"author":{"name":"Yann Gourvennec","@id":"https:\/\/visionarymarketing.com\/fr\/#\/schema\/person\/3754fee1e558f47b8deb46f53c37423e"},"headline":"Veille \u00e9conomique positive au \u00ab\u00a0be connected forum\u00a0\u00bb de Laser \u00e0 Paris","datePublished":"2011-06-30T06:53:04+00:00","dateModified":"2020-08-11T12:15:40+00:00","mainEntityOfPage":{"@id":"https:\/\/visionarymarketing.com\/fr\/2011\/06\/30\/veille-economique\/"},"wordCount":307,"commentCount":0,"image":{"@id":"https:\/\/visionarymarketing.com\/fr\/2011\/06\/30\/veille-economique\/#primaryimage"},"thumbnailUrl":"https:\/\/visionarymarketing.com\/wp-content\/uploads\/2011\/06\/innovation-research-110513120651-phpapp01.jpg","articleSection":["collaboration \/ t\u00e9l\u00e9travail","e-business \/ e-commerce","Marketing &amp; Innovation","m\u00e9dias \/ r\u00e9seaux sociaux"],"inLanguage":"fr-FR","potentialAction":[{"@type":"CommentAction","name":"Comment","target":["https:\/\/visionarymarketing.com\/fr\/2011\/06\/30\/veille-economique\/#respond"]}]},{"@type":"WebPage","@id":"https:\/\/visionarymarketing.com\/fr\/2011\/06\/30\/veille-economique\/","url":"https:\/\/visionarymarketing.com\/fr\/2011\/06\/30\/veille-economique\/","name":"Veille \u00e9conomique positive au \"be connected forum\" de Laser \u00e0 Paris","isPartOf":{"@id":"https:\/\/visionarymarketing.com\/fr\/#website"},"primaryImageOfPage":{"@id":"https:\/\/visionarymarketing.com\/fr\/2011\/06\/30\/veille-economique\/#primaryimage"},"image":{"@id":"https:\/\/visionarymarketing.com\/fr\/2011\/06\/30\/veille-economique\/#primaryimage"},"thumbnailUrl":"https:\/\/visionarymarketing.com\/wp-content\/uploads\/2011\/06\/innovation-research-110513120651-phpapp01.jpg","datePublished":"2011-06-30T06:53:04+00:00","dateModified":"2020-08-11T12:15:40+00:00","author":{"@id":"https:\/\/visionarymarketing.com\/fr\/#\/schema\/person\/3754fee1e558f47b8deb46f53c37423e"},"description":"La veille \u00e9conomique permet de comprendre le nouveau parcours du consommateur vers la marque oul\u2019enseigne \u00e0 l\u2019heure de la r\u00e9volution digitale","breadcrumb":{"@id":"https:\/\/visionarymarketing.com\/fr\/2011\/06\/30\/veille-economique\/#breadcrumb"},"inLanguage":"fr-FR","potentialAction":[{"@type":"ReadAction","target":["https:\/\/visionarymarketing.com\/fr\/2011\/06\/30\/veille-economique\/"]}]},{"@type":"ImageObject","inLanguage":"fr-FR","@id":"https:\/\/visionarymarketing.com\/fr\/2011\/06\/30\/veille-economique\/#primaryimage","url":"https:\/\/visionarymarketing.com\/wp-content\/uploads\/2011\/06\/innovation-research-110513120651-phpapp01.jpg","contentUrl":"https:\/\/visionarymarketing.com\/wp-content\/uploads\/2011\/06\/innovation-research-110513120651-phpapp01.jpg","width":520,"height":390},{"@type":"BreadcrumbList","@id":"https:\/\/visionarymarketing.com\/fr\/2011\/06\/30\/veille-economique\/#breadcrumb","itemListElement":[{"@type":"ListItem","position":1,"name":"Home","item":"https:\/\/visionarymarketing.com\/fr\/"},{"@type":"ListItem","position":2,"name":"Veille \u00e9conomique positive au \u00ab\u00a0be connected forum\u00a0\u00bb de Laser \u00e0 Paris"}]},{"@type":"WebSite","@id":"https:\/\/visionarymarketing.com\/fr\/#website","url":"https:\/\/visionarymarketing.com\/fr\/","name":"Marketing and Innovation","description":"Site d&#039;infos ind\u00e9pendant, depuis 1996","potentialAction":[{"@type":"SearchAction","target":{"@type":"EntryPoint","urlTemplate":"https:\/\/visionarymarketing.com\/fr\/?s={search_term_string}"},"query-input":{"@type":"PropertyValueSpecification","valueRequired":true,"valueName":"search_term_string"}}],"inLanguage":"fr-FR"},{"@type":"Person","@id":"https:\/\/visionarymarketing.com\/fr\/#\/schema\/person\/3754fee1e558f47b8deb46f53c37423e","name":"Yann Gourvennec","image":{"@type":"ImageObject","inLanguage":"fr-FR","@id":"https:\/\/secure.gravatar.com\/avatar\/5972001801e8de5692a3e31224e85769f50a55fb8b679749f9c8d1868cceff14?s=96&d=initials&r=g&initials=yg","url":"https:\/\/secure.gravatar.com\/avatar\/5972001801e8de5692a3e31224e85769f50a55fb8b679749f9c8d1868cceff14?s=96&d=initials&r=g&initials=yg","contentUrl":"https:\/\/secure.gravatar.com\/avatar\/5972001801e8de5692a3e31224e85769f50a55fb8b679749f9c8d1868cceff14?s=96&d=initials&r=g&initials=yg","caption":"Yann Gourvennec"},"description":"Yann Gourvennec created visionarymarketing.com in 1996. He is a speaker and author of many books. In 2014 he went from intrapreneur to entrepreneur, when he created his digital marketing agency. Yann Gourvennec a cr\u00e9\u00e9 visionarymarketing.com en 1996. Il est conf\u00e9rencier et auteur de plusieurs livres. En 2014, il est pass\u00e9 d'intrapreneur \u00e0 entrepreneur en cr\u00e9ant son agence de marketing num\u00e9rique.","sameAs":["https:\/\/visionarymarketing.com","http:\/\/facebook.com\/ygourven","http:\/\/linkedin.com\/in\/ygourven","https:\/\/x.com\/ygourven","https:\/\/www.youtube.com\/c\/visionarymarketingagency"],"url":"https:\/\/visionarymarketing.com\/fr\/author\/yann-gourvennec\/"}]}},"_links":{"self":[{"href":"https:\/\/visionarymarketing.com\/fr\/wp-json\/wp\/v2\/posts\/4269","targetHints":{"allow":["GET"]}}],"collection":[{"href":"https:\/\/visionarymarketing.com\/fr\/wp-json\/wp\/v2\/posts"}],"about":[{"href":"https:\/\/visionarymarketing.com\/fr\/wp-json\/wp\/v2\/types\/post"}],"author":[{"embeddable":true,"href":"https:\/\/visionarymarketing.com\/fr\/wp-json\/wp\/v2\/users\/2"}],"replies":[{"embeddable":true,"href":"https:\/\/visionarymarketing.com\/fr\/wp-json\/wp\/v2\/comments?post=4269"}],"version-history":[{"count":0,"href":"https:\/\/visionarymarketing.com\/fr\/wp-json\/wp\/v2\/posts\/4269\/revisions"}],"wp:featuredmedia":[{"embeddable":true,"href":"https:\/\/visionarymarketing.com\/fr\/wp-json\/wp\/v2\/media\/55043"}],"wp:attachment":[{"href":"https:\/\/visionarymarketing.com\/fr\/wp-json\/wp\/v2\/media?parent=4269"}],"wp:term":[{"taxonomy":"category","embeddable":true,"href":"https:\/\/visionarymarketing.com\/fr\/wp-json\/wp\/v2\/categories?post=4269"},{"taxonomy":"post_tag","embeddable":true,"href":"https:\/\/visionarymarketing.com\/fr\/wp-json\/wp\/v2\/tags?post=4269"}],"curies":[{"name":"wp","href":"https:\/\/api.w.org\/{rel}","templated":true}]}}