{"id":3951,"date":"2011-03-21T07:00:46","date_gmt":"2011-03-21T06:00:46","guid":{"rendered":"http:\/\/visionary.wordpress.com\/?p=3951"},"modified":"2021-03-06T08:18:43","modified_gmt":"2021-03-06T07:18:43","slug":"film-medias-sociaux","status":"publish","type":"post","link":"https:\/\/visionarymarketing.com\/fr\/2011\/03\/21\/film-medias-sociaux\/","title":{"rendered":"Le film des m\u00e9dias sociaux expliqu\u00e9s \u00e0 mon boss  (2)"},"content":{"rendered":"<p>Dans cette deuxi\u00e8me et derni\u00e8re partie de la vid\u00e9o-interview sur le livre \u00ab\u00a0<a title=\"les m\u00e9dias sociaux expliqu\u00e9s \u00e0 mon boss\" href=\"http:\/\/amonboss.com\" target=\"_blank\" rel=\"noopener noreferrer\">les m\u00e9dias sociaux<\/a>\u00a0<a title=\"les m\u00e9dias sociaux expliqu\u00e9s \u00e0 mon boss\" href=\"http:\/\/amonboss.com\" target=\"_blank\" rel=\"noopener noreferrer\">expliqu\u00e9s \u00e0 mon boss<\/a>\u00a0\u00bb <a href=\"https:\/\/visionarymarketing.com\/fr\/2016\/03\/4-enseignements-social-selling\/\">Herv\u00e9<\/a> et moi revenons sur la cr\u00e9ation de l&rsquo;association, pourquoi nous avons \u00e9crit ce livre, pourquoi on doit sortir de la \u00ab\u00a0logique du co\u00fbt au microsite\u00a0\u00bb.<\/p>\n<h2>Le film des m\u00e9dias sociaux expliqu\u00e9s \u00e0 mon boss (2)<\/h2>\n<p><a href=\"https:\/\/visionarymarketing.com\/wp-content\/uploads\/2011\/03\/prsentation-des-schmas-du-livre-les-mdias-sociaux-expliqus-mon-boss-creative-commons-1-728-e1597930568816.jpg\"><img decoding=\"async\" class=\"aligncenter size-full wp-image-55373\" src=\"https:\/\/visionarymarketing.com\/wp-content\/uploads\/2011\/03\/prsentation-des-schmas-du-livre-les-mdias-sociaux-expliqus-mon-boss-creative-commons-1-728-e1597930568816.jpg\" alt=\"film m\u00e9dias sociaux\" width=\"520\" height=\"390\" \/><\/a><\/p>\n<p>On revient aussi sur l&rsquo;importance de la pratique et les buts du livre. Cette vid\u00e9o nous a \u00e9t\u00e9 offerte par <a title=\"Orange Innovation TV\" href=\"http:\/\/orange-innovation.tv\" target=\"_blank\" rel=\"noopener noreferrer\">Orange Innovation TV<\/a>.<\/p>\n<p><iframe title=\"[Fr] Partie II : m\u00e9dias sociaux et buzz consommateurs\" src=\"https:\/\/player.vimeo.com\/video\/21129292?dnt=1&amp;app_id=122963\" width=\"500\" height=\"400\" frameborder=\"0\" allow=\"autoplay; fullscreen; picture-in-picture; clipboard-write\"><\/iframe><\/p>\n","protected":false},"excerpt":{"rendered":"<p>Dans cette deuxi\u00e8me et derni\u00e8re partie de la vid\u00e9o-interview sur le livre \u00ab\u00a0les m\u00e9dias sociaux\u00a0expliqu\u00e9s \u00e0 mon boss\u00a0\u00bb Herv\u00e9 et moi revenons sur la cr\u00e9ation de l&rsquo;association, pourquoi nous avons \u00e9crit ce livre, pourquoi on doit sortir de la \u00ab\u00a0logique du co\u00fbt au microsite\u00a0\u00bb. Le film des m\u00e9dias sociaux expliqu\u00e9s \u00e0 mon boss (2) On &hellip;<\/p>\n","protected":false},"author":2,"featured_media":55373,"comment_status":"open","ping_status":"open","sticky":false,"template":"","format":"standard","meta":{"footnotes":""},"categories":[248],"tags":[],"class_list":["post-3951","post","type-post","status-publish","format-standard","has-post-thumbnail","hentry","category-livres-marketing"],"yoast_head":"<!-- This site is optimized with the Yoast SEO plugin v27.4 - https:\/\/yoast.com\/product\/yoast-seo-wordpress\/ -->\n<title>Le film des m\u00e9dias sociaux expliqu\u00e9s \u00e0 mon boss (2) - livre Kawa<\/title>\n<meta name=\"description\" content=\"Deuxi\u00e8me et derni\u00e8re partie du film sur &quot;les m\u00e9dias sociaux\u00a0expliqu\u00e9s \u00e0 mon boss&quot; avec la cr\u00e9ation de l&#039;association\" \/>\n<meta name=\"robots\" content=\"noindex, follow\" \/>\n<meta property=\"og:locale\" content=\"fr_FR\" \/>\n<meta property=\"og:type\" content=\"article\" \/>\n<meta property=\"og:title\" content=\"Le film des m\u00e9dias sociaux expliqu\u00e9s \u00e0 mon boss (2) - livre Kawa\" \/>\n<meta property=\"og:description\" content=\"Deuxi\u00e8me et derni\u00e8re partie du film sur &quot;les m\u00e9dias sociaux\u00a0expliqu\u00e9s \u00e0 mon boss&quot; avec la cr\u00e9ation de l&#039;association\" \/>\n<meta property=\"og:url\" content=\"https:\/\/visionarymarketing.com\/fr\/2011\/03\/21\/film-medias-sociaux\/\" \/>\n<meta property=\"og:site_name\" content=\"Marketing and Innovation\" \/>\n<meta property=\"article:publisher\" content=\"https:\/\/www.facebook.com\/vismktg\" \/>\n<meta property=\"article:author\" content=\"http:\/\/facebook.com\/ygourven\" \/>\n<meta property=\"article:published_time\" content=\"2011-03-21T06:00:46+00:00\" \/>\n<meta property=\"article:modified_time\" content=\"2021-03-06T07:18:43+00:00\" \/>\n<meta property=\"og:image\" content=\"https:\/\/visionarymarketing.com\/wp-content\/uploads\/2011\/03\/prsentation-des-schmas-du-livre-les-mdias-sociaux-expliqus-mon-boss-creative-commons-1-728-e1597930568816.jpg\" \/>\n\t<meta property=\"og:image:width\" content=\"519\" \/>\n\t<meta property=\"og:image:height\" content=\"340\" \/>\n\t<meta property=\"og:image:type\" content=\"image\/jpeg\" \/>\n<meta name=\"author\" content=\"Yann Gourvennec\" \/>\n<meta name=\"twitter:card\" content=\"summary_large_image\" \/>\n<meta name=\"twitter:creator\" content=\"@ygourven\" \/>\n<meta name=\"twitter:site\" content=\"@ygourven\" \/>\n<meta name=\"twitter:label1\" content=\"\u00c9crit par\" \/>\n\t<meta name=\"twitter:data1\" content=\"Yann Gourvennec\" \/>\n<script type=\"application\/ld+json\" class=\"yoast-schema-graph\">{\"@context\":\"https:\\\/\\\/schema.org\",\"@graph\":[{\"@type\":\"NewsArticle\",\"@id\":\"https:\\\/\\\/visionarymarketing.com\\\/fr\\\/2011\\\/03\\\/21\\\/film-medias-sociaux\\\/#article\",\"isPartOf\":{\"@id\":\"https:\\\/\\\/visionarymarketing.com\\\/fr\\\/2011\\\/03\\\/21\\\/film-medias-sociaux\\\/\"},\"author\":{\"name\":\"Yann Gourvennec\",\"@id\":\"https:\\\/\\\/visionarymarketing.com\\\/fr\\\/#\\\/schema\\\/person\\\/3754fee1e558f47b8deb46f53c37423e\"},\"headline\":\"Le film des m\u00e9dias sociaux expliqu\u00e9s \u00e0 mon boss (2)\",\"datePublished\":\"2011-03-21T06:00:46+00:00\",\"dateModified\":\"2021-03-06T07:18:43+00:00\",\"mainEntityOfPage\":{\"@id\":\"https:\\\/\\\/visionarymarketing.com\\\/fr\\\/2011\\\/03\\\/21\\\/film-medias-sociaux\\\/\"},\"wordCount\":100,\"commentCount\":0,\"image\":{\"@id\":\"https:\\\/\\\/visionarymarketing.com\\\/fr\\\/2011\\\/03\\\/21\\\/film-medias-sociaux\\\/#primaryimage\"},\"thumbnailUrl\":\"https:\\\/\\\/visionarymarketing.com\\\/wp-content\\\/uploads\\\/2011\\\/03\\\/prsentation-des-schmas-du-livre-les-mdias-sociaux-expliqus-mon-boss-creative-commons-1-728-e1597930568816.jpg\",\"articleSection\":[\"livres marketing\"],\"inLanguage\":\"fr-FR\",\"potentialAction\":[{\"@type\":\"CommentAction\",\"name\":\"Comment\",\"target\":[\"https:\\\/\\\/visionarymarketing.com\\\/fr\\\/2011\\\/03\\\/21\\\/film-medias-sociaux\\\/#respond\"]}]},{\"@type\":\"WebPage\",\"@id\":\"https:\\\/\\\/visionarymarketing.com\\\/fr\\\/2011\\\/03\\\/21\\\/film-medias-sociaux\\\/\",\"url\":\"https:\\\/\\\/visionarymarketing.com\\\/fr\\\/2011\\\/03\\\/21\\\/film-medias-sociaux\\\/\",\"name\":\"Le film des m\u00e9dias sociaux expliqu\u00e9s \u00e0 mon boss (2) - livre Kawa\",\"isPartOf\":{\"@id\":\"https:\\\/\\\/visionarymarketing.com\\\/fr\\\/#website\"},\"primaryImageOfPage\":{\"@id\":\"https:\\\/\\\/visionarymarketing.com\\\/fr\\\/2011\\\/03\\\/21\\\/film-medias-sociaux\\\/#primaryimage\"},\"image\":{\"@id\":\"https:\\\/\\\/visionarymarketing.com\\\/fr\\\/2011\\\/03\\\/21\\\/film-medias-sociaux\\\/#primaryimage\"},\"thumbnailUrl\":\"https:\\\/\\\/visionarymarketing.com\\\/wp-content\\\/uploads\\\/2011\\\/03\\\/prsentation-des-schmas-du-livre-les-mdias-sociaux-expliqus-mon-boss-creative-commons-1-728-e1597930568816.jpg\",\"datePublished\":\"2011-03-21T06:00:46+00:00\",\"dateModified\":\"2021-03-06T07:18:43+00:00\",\"author\":{\"@id\":\"https:\\\/\\\/visionarymarketing.com\\\/fr\\\/#\\\/schema\\\/person\\\/3754fee1e558f47b8deb46f53c37423e\"},\"description\":\"Deuxi\u00e8me et derni\u00e8re partie du film sur \\\"les m\u00e9dias sociaux\u00a0expliqu\u00e9s \u00e0 mon boss\\\" avec la cr\u00e9ation de l'association\",\"breadcrumb\":{\"@id\":\"https:\\\/\\\/visionarymarketing.com\\\/fr\\\/2011\\\/03\\\/21\\\/film-medias-sociaux\\\/#breadcrumb\"},\"inLanguage\":\"fr-FR\",\"potentialAction\":[{\"@type\":\"ReadAction\",\"target\":[\"https:\\\/\\\/visionarymarketing.com\\\/fr\\\/2011\\\/03\\\/21\\\/film-medias-sociaux\\\/\"]}]},{\"@type\":\"ImageObject\",\"inLanguage\":\"fr-FR\",\"@id\":\"https:\\\/\\\/visionarymarketing.com\\\/fr\\\/2011\\\/03\\\/21\\\/film-medias-sociaux\\\/#primaryimage\",\"url\":\"https:\\\/\\\/visionarymarketing.com\\\/wp-content\\\/uploads\\\/2011\\\/03\\\/prsentation-des-schmas-du-livre-les-mdias-sociaux-expliqus-mon-boss-creative-commons-1-728-e1597930568816.jpg\",\"contentUrl\":\"https:\\\/\\\/visionarymarketing.com\\\/wp-content\\\/uploads\\\/2011\\\/03\\\/prsentation-des-schmas-du-livre-les-mdias-sociaux-expliqus-mon-boss-creative-commons-1-728-e1597930568816.jpg\",\"width\":519,\"height\":340,\"caption\":\"film m\u00e9dias sociaux\"},{\"@type\":\"BreadcrumbList\",\"@id\":\"https:\\\/\\\/visionarymarketing.com\\\/fr\\\/2011\\\/03\\\/21\\\/film-medias-sociaux\\\/#breadcrumb\",\"itemListElement\":[{\"@type\":\"ListItem\",\"position\":1,\"name\":\"Home\",\"item\":\"https:\\\/\\\/visionarymarketing.com\\\/fr\\\/\"},{\"@type\":\"ListItem\",\"position\":2,\"name\":\"Le film des m\u00e9dias sociaux expliqu\u00e9s \u00e0 mon boss (2)\"}]},{\"@type\":\"WebSite\",\"@id\":\"https:\\\/\\\/visionarymarketing.com\\\/fr\\\/#website\",\"url\":\"https:\\\/\\\/visionarymarketing.com\\\/fr\\\/\",\"name\":\"Marketing and Innovation\",\"description\":\"Site d&#039;infos ind\u00e9pendant, depuis 1996\",\"potentialAction\":[{\"@type\":\"SearchAction\",\"target\":{\"@type\":\"EntryPoint\",\"urlTemplate\":\"https:\\\/\\\/visionarymarketing.com\\\/fr\\\/?s={search_term_string}\"},\"query-input\":{\"@type\":\"PropertyValueSpecification\",\"valueRequired\":true,\"valueName\":\"search_term_string\"}}],\"inLanguage\":\"fr-FR\"},{\"@type\":\"Person\",\"@id\":\"https:\\\/\\\/visionarymarketing.com\\\/fr\\\/#\\\/schema\\\/person\\\/3754fee1e558f47b8deb46f53c37423e\",\"name\":\"Yann Gourvennec\",\"image\":{\"@type\":\"ImageObject\",\"inLanguage\":\"fr-FR\",\"@id\":\"https:\\\/\\\/secure.gravatar.com\\\/avatar\\\/5972001801e8de5692a3e31224e85769f50a55fb8b679749f9c8d1868cceff14?s=96&d=initials&r=g&initials=yg\",\"url\":\"https:\\\/\\\/secure.gravatar.com\\\/avatar\\\/5972001801e8de5692a3e31224e85769f50a55fb8b679749f9c8d1868cceff14?s=96&d=initials&r=g&initials=yg\",\"contentUrl\":\"https:\\\/\\\/secure.gravatar.com\\\/avatar\\\/5972001801e8de5692a3e31224e85769f50a55fb8b679749f9c8d1868cceff14?s=96&d=initials&r=g&initials=yg\",\"caption\":\"Yann Gourvennec\"},\"description\":\"Yann Gourvennec created visionarymarketing.com in 1996. He is a speaker and author of many books. In 2014 he went from intrapreneur to entrepreneur, when he created his digital marketing agency. Yann Gourvennec a cr\u00e9\u00e9 visionarymarketing.com en 1996. Il est conf\u00e9rencier et auteur de plusieurs livres. En 2014, il est pass\u00e9 d'intrapreneur \u00e0 entrepreneur en cr\u00e9ant son agence de marketing num\u00e9rique.\",\"sameAs\":[\"https:\\\/\\\/visionarymarketing.com\",\"http:\\\/\\\/facebook.com\\\/ygourven\",\"http:\\\/\\\/linkedin.com\\\/in\\\/ygourven\",\"https:\\\/\\\/x.com\\\/ygourven\",\"https:\\\/\\\/www.youtube.com\\\/c\\\/visionarymarketingagency\"],\"url\":\"https:\\\/\\\/visionarymarketing.com\\\/fr\\\/author\\\/yann-gourvennec\\\/\"}]}<\/script>\n<!-- \/ Yoast SEO plugin. -->","yoast_head_json":{"title":"Le film des m\u00e9dias sociaux expliqu\u00e9s \u00e0 mon boss (2) - livre Kawa","description":"Deuxi\u00e8me et derni\u00e8re partie du film sur \"les m\u00e9dias sociaux\u00a0expliqu\u00e9s \u00e0 mon boss\" avec la cr\u00e9ation de l'association","robots":{"index":"noindex","follow":"follow"},"og_locale":"fr_FR","og_type":"article","og_title":"Le film des m\u00e9dias sociaux expliqu\u00e9s \u00e0 mon boss (2) - livre Kawa","og_description":"Deuxi\u00e8me et derni\u00e8re partie du film sur \"les m\u00e9dias sociaux\u00a0expliqu\u00e9s \u00e0 mon boss\" avec la cr\u00e9ation de l'association","og_url":"https:\/\/visionarymarketing.com\/fr\/2011\/03\/21\/film-medias-sociaux\/","og_site_name":"Marketing and Innovation","article_publisher":"https:\/\/www.facebook.com\/vismktg","article_author":"http:\/\/facebook.com\/ygourven","article_published_time":"2011-03-21T06:00:46+00:00","article_modified_time":"2021-03-06T07:18:43+00:00","og_image":[{"width":519,"height":340,"url":"https:\/\/visionarymarketing.com\/wp-content\/uploads\/2011\/03\/prsentation-des-schmas-du-livre-les-mdias-sociaux-expliqus-mon-boss-creative-commons-1-728-e1597930568816.jpg","type":"image\/jpeg"}],"author":"Yann Gourvennec","twitter_card":"summary_large_image","twitter_creator":"@ygourven","twitter_site":"@ygourven","twitter_misc":{"\u00c9crit par":"Yann Gourvennec"},"schema":{"@context":"https:\/\/schema.org","@graph":[{"@type":"NewsArticle","@id":"https:\/\/visionarymarketing.com\/fr\/2011\/03\/21\/film-medias-sociaux\/#article","isPartOf":{"@id":"https:\/\/visionarymarketing.com\/fr\/2011\/03\/21\/film-medias-sociaux\/"},"author":{"name":"Yann Gourvennec","@id":"https:\/\/visionarymarketing.com\/fr\/#\/schema\/person\/3754fee1e558f47b8deb46f53c37423e"},"headline":"Le film des m\u00e9dias sociaux expliqu\u00e9s \u00e0 mon boss (2)","datePublished":"2011-03-21T06:00:46+00:00","dateModified":"2021-03-06T07:18:43+00:00","mainEntityOfPage":{"@id":"https:\/\/visionarymarketing.com\/fr\/2011\/03\/21\/film-medias-sociaux\/"},"wordCount":100,"commentCount":0,"image":{"@id":"https:\/\/visionarymarketing.com\/fr\/2011\/03\/21\/film-medias-sociaux\/#primaryimage"},"thumbnailUrl":"https:\/\/visionarymarketing.com\/wp-content\/uploads\/2011\/03\/prsentation-des-schmas-du-livre-les-mdias-sociaux-expliqus-mon-boss-creative-commons-1-728-e1597930568816.jpg","articleSection":["livres marketing"],"inLanguage":"fr-FR","potentialAction":[{"@type":"CommentAction","name":"Comment","target":["https:\/\/visionarymarketing.com\/fr\/2011\/03\/21\/film-medias-sociaux\/#respond"]}]},{"@type":"WebPage","@id":"https:\/\/visionarymarketing.com\/fr\/2011\/03\/21\/film-medias-sociaux\/","url":"https:\/\/visionarymarketing.com\/fr\/2011\/03\/21\/film-medias-sociaux\/","name":"Le film des m\u00e9dias sociaux expliqu\u00e9s \u00e0 mon boss (2) - livre Kawa","isPartOf":{"@id":"https:\/\/visionarymarketing.com\/fr\/#website"},"primaryImageOfPage":{"@id":"https:\/\/visionarymarketing.com\/fr\/2011\/03\/21\/film-medias-sociaux\/#primaryimage"},"image":{"@id":"https:\/\/visionarymarketing.com\/fr\/2011\/03\/21\/film-medias-sociaux\/#primaryimage"},"thumbnailUrl":"https:\/\/visionarymarketing.com\/wp-content\/uploads\/2011\/03\/prsentation-des-schmas-du-livre-les-mdias-sociaux-expliqus-mon-boss-creative-commons-1-728-e1597930568816.jpg","datePublished":"2011-03-21T06:00:46+00:00","dateModified":"2021-03-06T07:18:43+00:00","author":{"@id":"https:\/\/visionarymarketing.com\/fr\/#\/schema\/person\/3754fee1e558f47b8deb46f53c37423e"},"description":"Deuxi\u00e8me et derni\u00e8re partie du film sur \"les m\u00e9dias sociaux\u00a0expliqu\u00e9s \u00e0 mon boss\" avec la cr\u00e9ation de l'association","breadcrumb":{"@id":"https:\/\/visionarymarketing.com\/fr\/2011\/03\/21\/film-medias-sociaux\/#breadcrumb"},"inLanguage":"fr-FR","potentialAction":[{"@type":"ReadAction","target":["https:\/\/visionarymarketing.com\/fr\/2011\/03\/21\/film-medias-sociaux\/"]}]},{"@type":"ImageObject","inLanguage":"fr-FR","@id":"https:\/\/visionarymarketing.com\/fr\/2011\/03\/21\/film-medias-sociaux\/#primaryimage","url":"https:\/\/visionarymarketing.com\/wp-content\/uploads\/2011\/03\/prsentation-des-schmas-du-livre-les-mdias-sociaux-expliqus-mon-boss-creative-commons-1-728-e1597930568816.jpg","contentUrl":"https:\/\/visionarymarketing.com\/wp-content\/uploads\/2011\/03\/prsentation-des-schmas-du-livre-les-mdias-sociaux-expliqus-mon-boss-creative-commons-1-728-e1597930568816.jpg","width":519,"height":340,"caption":"film m\u00e9dias sociaux"},{"@type":"BreadcrumbList","@id":"https:\/\/visionarymarketing.com\/fr\/2011\/03\/21\/film-medias-sociaux\/#breadcrumb","itemListElement":[{"@type":"ListItem","position":1,"name":"Home","item":"https:\/\/visionarymarketing.com\/fr\/"},{"@type":"ListItem","position":2,"name":"Le film des m\u00e9dias sociaux expliqu\u00e9s \u00e0 mon boss (2)"}]},{"@type":"WebSite","@id":"https:\/\/visionarymarketing.com\/fr\/#website","url":"https:\/\/visionarymarketing.com\/fr\/","name":"Marketing and Innovation","description":"Site d&#039;infos ind\u00e9pendant, depuis 1996","potentialAction":[{"@type":"SearchAction","target":{"@type":"EntryPoint","urlTemplate":"https:\/\/visionarymarketing.com\/fr\/?s={search_term_string}"},"query-input":{"@type":"PropertyValueSpecification","valueRequired":true,"valueName":"search_term_string"}}],"inLanguage":"fr-FR"},{"@type":"Person","@id":"https:\/\/visionarymarketing.com\/fr\/#\/schema\/person\/3754fee1e558f47b8deb46f53c37423e","name":"Yann Gourvennec","image":{"@type":"ImageObject","inLanguage":"fr-FR","@id":"https:\/\/secure.gravatar.com\/avatar\/5972001801e8de5692a3e31224e85769f50a55fb8b679749f9c8d1868cceff14?s=96&d=initials&r=g&initials=yg","url":"https:\/\/secure.gravatar.com\/avatar\/5972001801e8de5692a3e31224e85769f50a55fb8b679749f9c8d1868cceff14?s=96&d=initials&r=g&initials=yg","contentUrl":"https:\/\/secure.gravatar.com\/avatar\/5972001801e8de5692a3e31224e85769f50a55fb8b679749f9c8d1868cceff14?s=96&d=initials&r=g&initials=yg","caption":"Yann Gourvennec"},"description":"Yann Gourvennec created visionarymarketing.com in 1996. He is a speaker and author of many books. In 2014 he went from intrapreneur to entrepreneur, when he created his digital marketing agency. Yann Gourvennec a cr\u00e9\u00e9 visionarymarketing.com en 1996. Il est conf\u00e9rencier et auteur de plusieurs livres. En 2014, il est pass\u00e9 d'intrapreneur \u00e0 entrepreneur en cr\u00e9ant son agence de marketing num\u00e9rique.","sameAs":["https:\/\/visionarymarketing.com","http:\/\/facebook.com\/ygourven","http:\/\/linkedin.com\/in\/ygourven","https:\/\/x.com\/ygourven","https:\/\/www.youtube.com\/c\/visionarymarketingagency"],"url":"https:\/\/visionarymarketing.com\/fr\/author\/yann-gourvennec\/"}]}},"_links":{"self":[{"href":"https:\/\/visionarymarketing.com\/fr\/wp-json\/wp\/v2\/posts\/3951","targetHints":{"allow":["GET"]}}],"collection":[{"href":"https:\/\/visionarymarketing.com\/fr\/wp-json\/wp\/v2\/posts"}],"about":[{"href":"https:\/\/visionarymarketing.com\/fr\/wp-json\/wp\/v2\/types\/post"}],"author":[{"embeddable":true,"href":"https:\/\/visionarymarketing.com\/fr\/wp-json\/wp\/v2\/users\/2"}],"replies":[{"embeddable":true,"href":"https:\/\/visionarymarketing.com\/fr\/wp-json\/wp\/v2\/comments?post=3951"}],"version-history":[{"count":0,"href":"https:\/\/visionarymarketing.com\/fr\/wp-json\/wp\/v2\/posts\/3951\/revisions"}],"wp:featuredmedia":[{"embeddable":true,"href":"https:\/\/visionarymarketing.com\/fr\/wp-json\/wp\/v2\/media\/55373"}],"wp:attachment":[{"href":"https:\/\/visionarymarketing.com\/fr\/wp-json\/wp\/v2\/media?parent=3951"}],"wp:term":[{"taxonomy":"category","embeddable":true,"href":"https:\/\/visionarymarketing.com\/fr\/wp-json\/wp\/v2\/categories?post=3951"},{"taxonomy":"post_tag","embeddable":true,"href":"https:\/\/visionarymarketing.com\/fr\/wp-json\/wp\/v2\/tags?post=3951"}],"curies":[{"name":"wp","href":"https:\/\/api.w.org\/{rel}","templated":true}]}}