{"id":3736,"date":"2011-01-27T09:30:17","date_gmt":"2011-01-27T09:30:17","guid":{"rendered":"https:\/\/visionary.wordpress.com\/?p=3736"},"modified":"2022-03-12T11:50:14","modified_gmt":"2022-03-12T10:50:14","slug":"etudes-web-social","status":"publish","type":"post","link":"https:\/\/visionarymarketing.com\/fr\/2011\/01\/27\/etudes-web-social\/","title":{"rendered":"Etudes sur le Web Social : Adetem et GFII \u00e9l\u00e8vent le d\u00e9bat \u00e9thique"},"content":{"rendered":"<p><em>Etudes sur le Web Social, le d\u00e9bat \u00e9thique. Le 25 janvier \u00e0 Paris, au si\u00e8ge de la Poste, a eu lieu la journ\u00e9e nationale des \u00e9tudes marketing organis\u00e9e par l&rsquo;Adetem, la grande et dynamique association des professionnels du marketing fran\u00e7ais<\/em><\/p>\n<h2>Etudes sur le Web Social : Adetem et GFII \u00e9l\u00e8vent le d\u00e9bat \u00e9thique<\/h2>\n<figure id=\"attachment_3742\" aria-describedby=\"caption-attachment-3742\" style=\"width: 519px\" class=\"wp-caption aligncenter\"><a href=\"https:\/\/visionarymarketing.com\/wp-content\/uploads\/2011\/01\/2011-01-25-17-23-11.jpg\"><img decoding=\"async\" class=\"wp-image-3742 size-full\" style=\"margin-left: 5px; margin-right: 5px;\" title=\"2011-01-25 17.23.11\" src=\"https:\/\/visionarymarketing.com\/wp-content\/uploads\/2011\/01\/2011-01-25-17-23-11-e1605448672762.jpg\" alt=\"(quelques uns) des signataires de la charte\" width=\"519\" height=\"340\" \/><\/a><figcaption id=\"caption-attachment-3742\" class=\"wp-caption-text\">LEs signataires de la charte \u00e9thique de l&rsquo;Adetem<\/figcaption><\/figure>\n<p>Mais par dessus tout, cette journ\u00e9e \u00e9tait consacr\u00e9e \u00e0 la <strong>signature de la charte de l&rsquo;\u00e9thique des \u00e9tudes marketing sur le web<\/strong>, co-r\u00e9alis\u00e9e avec le <span class=\"removed_link\" title=\"http:\/\/www.gfii.asso.fr\/fr\/\">GFII<\/span> (sous l&rsquo;impulsion de notre ami <a title=\"Alain Beauvieux\" href=\"https:\/\/www.linkedin.com\/in\/alain-beauvieux-phd-bb286b4\/\" target=\"_blank\" rel=\"noopener noreferrer\">Alain Beauvieux<\/a>). Cette charte, ce n&rsquo;est pas un gadget et dans la vid\u00e9o ci-dessous, <a title=\"Fran\u00e7ois Laurent - Marketing is Dead\" href=\"http:\/\/marketingisdead.blogspirit.com\/\" target=\"_blank\" rel=\"noopener noreferrer\">Fran\u00e7ois Laurent<\/a>, co-pr\u00e9sident de l&rsquo;adetem et indispensable poil \u00e0 gratter de la profession, nous explique les motivations qui sont celles de l&rsquo;adetem, de ses adh\u00e9rents et surtout des signataires de la charte.<!--more--><\/p>\n<p>Alors que les m\u00e9dias sociaux en entreprise se structurent (c&rsquo;est le sujet de <a title=\"Les m\u00e9dias sociaux expliqu\u00e9s \u00e0 mon boss\" href=\"http:\/\/amonboss.com\/amazon\" target=\"_blank\" rel=\"noopener noreferrer\">notre ouvrage &lsquo;les m\u00e9dias sociaux expliqu\u00e9s \u00e0 mon boss&rsquo;<\/a>) la tentation pourrait \u00eatre grande de vouloir tordre l&rsquo;outil m\u00e9thodologique des \u00e9tudes afin de se lancer dans des activit\u00e9s non d\u00e9ontologiques. C&rsquo;est pour cela que les signataires de la charte se sont attel\u00e9 \u00e0 cette t\u00e2che fondamentale qui a consist\u00e9 \u00e0 fixer le cadre d\u00e9ontologique et m\u00e9thodologique de l&rsquo;utilisation des \u00e9tudes dans le cadre de l&rsquo;\u00e9coute des conversations sur le web social.<\/p>\n<p>Il va de soi qu&rsquo;une association comme <a title=\"Media Aces\" href=\"https:\/\/web.archive.org\/web\/20120919101829\/http:\/\/france.media-aces.org\/\" target=\"_blank\" rel=\"noopener noreferrer\">media aces<\/a>, profond\u00e9ment engag\u00e9e dans la <a title=\"La TRansparence dans le Web Social Avec Media Aces\" href=\"https:\/\/web.archive.org\/web\/20111126071906\/http:\/\/france.media-aces.org\/transparence\/\" target=\"_blank\" rel=\"noopener noreferrer\">d\u00e9fense de la transparence sur le web social<\/a>, dans la lign\u00e9e de ce qui a \u00e9t\u00e9 impuls\u00e9 par le <a title=\"SMBC\" href=\"http:\/\/socialmedia.Org\" target=\"_blank\" rel=\"noopener noreferrer\">SMBC<\/a> aux \u00c9tats-unis, se porte volontaire pour signer et faire conna\u00eetre cette charte et la promouvoir.<\/p>\n<p>Voici donc ce pr\u00e9cieux document (<em><a title=\"LA CHARTE DES ETUDES SUR LE WEB SOCIAL\" href=\"https:\/\/visionarymarketing.com\/wp-content\/uploads\/2011\/01\/adetem-gfii_une-charte-ethique-pour-les-etudes-sur-internet.pdf\" target=\"_blank\" rel=\"noopener noreferrer\">ci-dessous, cliquer sur l&rsquo;image ou sur ce lien pour le t\u00e9l\u00e9charger<\/a><\/em>) que nous recommandons et vantons aupr\u00e8s de nos membres et de toutes les soci\u00e9t\u00e9s qui portent un int\u00e9r\u00eat pour les m\u00e9dias sociaux professionnels.<\/p>\n<p><a href=\"https:\/\/visionarymarketing.com\/wp-content\/uploads\/2011\/01\/adetem-gfii_une-charte-ethique-pour-les-etudes-sur-internet.pdf\" target=\"_blank\" rel=\"noopener noreferrer\"><img decoding=\"async\" class=\"size-medium wp-image-3746 alignleft\" style=\"border: 1px solid black; margin: 5px;\" title=\"chartedesetudeswebsocial\" src=\"https:\/\/visionarymarketing.com\/wp-content\/uploads\/2011\/01\/chartedesetudeswebsocial.png?w=300\" alt=\"la charte de l'Adetem et du GFII\" width=\"300\" height=\"225\" srcset=\"https:\/\/visionarymarketing.com\/wp-content\/uploads\/2011\/01\/chartedesetudeswebsocial.png 911w, https:\/\/visionarymarketing.com\/wp-content\/uploads\/2011\/01\/chartedesetudeswebsocial-400x300.png 400w, https:\/\/visionarymarketing.com\/wp-content\/uploads\/2011\/01\/chartedesetudeswebsocial-768x577.png 768w, https:\/\/visionarymarketing.com\/wp-content\/uploads\/2011\/01\/chartedesetudeswebsocial-300x225.png 300w\" sizes=\"(max-width: 300px) 100vw, 300px\" \/><\/a><\/p>\n<p>Enfin, cette charte montre encore une fois le remarquable dynamisme de l&rsquo;adetem dont les membres se d\u00e9m\u00e8nent sans rel\u00e2che pour innover, animer, et faire bouger les lignes d&rsquo;un marketing qui doit se r\u00e9nover.<\/p>\n<p>Je voudrais ainsi adresser un sinc\u00e8re merci \u00e0 Estelle Burget, Dominique Servant et Fran\u00e7ois pour ce travail extraordinaire et fondateur.<\/p>\n<p>Marketeurs de tous les pays &#8230; \u00e0 vos stylos!<\/p>\n<p>[youtube=http:\/\/www.youtube.com\/watch?v=6WHXURaLNPs]<\/p>\n<ul>\n<li><strong><a href=\"https:\/\/visionarymarketing.com\/wp-content\/uploads\/2011\/01\/adetem-gfii_une-charte-ethique-pour-les-etudes-sur-internet.pdf\">Adetem-Gfii_Une-charte-ethique-pour-les-etudes-sur-Internet<\/a> [pdf \u00e0 t\u00e9l\u00e9charger]<\/strong><\/li>\n<li><a title=\"video sur Youtube de l'interview de Fran\u00e7ois Laurent\" href=\"http:\/\/www.youtube.com\/watch?v=6WHXURaLNPs\" target=\"_blank\" rel=\"noopener noreferrer\">Acc\u00e8s \u00e0 la vid\u00e9o de Fran\u00e7ois Laurent sur Youtube<\/a><\/li>\n<li><a title=\"Adetem\" href=\"http:\/\/adetem.org\/\" target=\"_blank\" rel=\"noopener noreferrer\">Le site de l&rsquo;Adetem<\/a> et son tout nouveau compte Twitter <a title=\"Adetem\" href=\"http:\/\/twitter.com\/adetem\" target=\"_blank\" rel=\"noopener noreferrer\">@adetem<\/a> anim\u00e9 avec \u00e9nergie par Estelle et <a title=\"page faceboook de l'Adetem\" href=\"http:\/\/www.facebook.com\/pages\/Adetem\/167514709932868\" target=\"_blank\" rel=\"noopener noreferrer\">la page Facebook<\/a><\/li>\n<li><span class=\"removed_link\" title=\"http:\/\/www.gfii.asso.fr\/\">Le site du Gfii<\/span>, <em>groupement fran\u00e7ais de l&rsquo;industrie de l&rsquo;information<\/em><\/li>\n<li>Le blog de notre ami et confr\u00e8re Fran\u00e7ois Laurent<\/li>\n<li><a title=\"rejoignez l'Adetem\" href=\"http:\/\/adetem.org\/index.php?th=179\" target=\"_blank\" rel=\"noopener noreferrer\"><strong>Adh\u00e9rez et rejoignez l&rsquo;Adetem<\/strong><\/a><\/li>\n<\/ul>\n","protected":false},"excerpt":{"rendered":"<p>Etudes sur le Web Social, le d\u00e9bat \u00e9thique. Le 25 janvier \u00e0 Paris, au si\u00e8ge de la Poste, a eu lieu la journ\u00e9e nationale des \u00e9tudes marketing organis\u00e9e par l&rsquo;Adetem, la grande et dynamique association des professionnels du marketing fran\u00e7ais Etudes sur le Web Social : Adetem et GFII \u00e9l\u00e8vent le d\u00e9bat \u00e9thique Mais par &hellip;<\/p>\n","protected":false},"author":2,"featured_media":3742,"comment_status":"open","ping_status":"open","sticky":false,"template":"","format":"standard","meta":{"footnotes":""},"categories":[25],"tags":[],"class_list":["post-3736","post","type-post","status-publish","format-standard","has-post-thumbnail","hentry","category-medias-sociaux"],"yoast_head":"<!-- This site is optimized with the Yoast SEO plugin v27.4 - https:\/\/yoast.com\/product\/yoast-seo-wordpress\/ -->\n<title>Etudes sur le Web Social : Adetem et GFII \u00e9l\u00e8vent le d\u00e9bat \u00e9thique<\/title>\n<meta name=\"description\" content=\"Etudes sur le Web Social, le d\u00e9bat \u00e9thique. Le 25 janvier \u00e0 Paris, \u00e0 la Poste, a eu lieu la journ\u00e9e nationale des \u00e9tudes de l&#039;Adetem\" \/>\n<meta name=\"robots\" content=\"index, follow, max-snippet:-1, max-image-preview:large, max-video-preview:-1\" \/>\n<link rel=\"canonical\" href=\"https:\/\/visionarymarketing.com\/fr\/2011\/01\/27\/etudes-web-social\/\" \/>\n<meta property=\"og:locale\" content=\"fr_FR\" \/>\n<meta property=\"og:type\" content=\"article\" \/>\n<meta property=\"og:title\" content=\"Etudes sur le Web Social : Adetem et GFII \u00e9l\u00e8vent le d\u00e9bat \u00e9thique\" \/>\n<meta property=\"og:description\" content=\"Etudes sur le Web Social, le d\u00e9bat \u00e9thique. Le 25 janvier \u00e0 Paris, \u00e0 la Poste, a eu lieu la journ\u00e9e nationale des \u00e9tudes de l&#039;Adetem\" \/>\n<meta property=\"og:url\" content=\"https:\/\/visionarymarketing.com\/fr\/2011\/01\/27\/etudes-web-social\/\" \/>\n<meta property=\"og:site_name\" content=\"Marketing and Innovation\" \/>\n<meta property=\"article:publisher\" content=\"https:\/\/www.facebook.com\/vismktg\" \/>\n<meta property=\"article:author\" content=\"http:\/\/facebook.com\/ygourven\" \/>\n<meta property=\"article:published_time\" content=\"2011-01-27T09:30:17+00:00\" \/>\n<meta property=\"article:modified_time\" content=\"2022-03-12T10:50:14+00:00\" \/>\n<meta property=\"og:image\" content=\"https:\/\/visionarymarketing.com\/wp-content\/uploads\/2011\/01\/2011-01-25-17-23-11-e1605448672762.jpg\" \/>\n\t<meta property=\"og:image:width\" content=\"519\" \/>\n\t<meta property=\"og:image:height\" content=\"340\" \/>\n\t<meta property=\"og:image:type\" content=\"image\/jpeg\" \/>\n<meta name=\"author\" content=\"Yann Gourvennec\" \/>\n<meta name=\"twitter:card\" content=\"summary_large_image\" \/>\n<meta name=\"twitter:creator\" content=\"@ygourven\" \/>\n<meta name=\"twitter:site\" content=\"@ygourven\" \/>\n<meta name=\"twitter:label1\" content=\"\u00c9crit par\" \/>\n\t<meta name=\"twitter:data1\" content=\"Yann Gourvennec\" \/>\n\t<meta name=\"twitter:label2\" content=\"Dur\u00e9e de lecture estim\u00e9e\" \/>\n\t<meta name=\"twitter:data2\" content=\"2 minutes\" \/>\n<script type=\"application\/ld+json\" class=\"yoast-schema-graph\">{\"@context\":\"https:\\\/\\\/schema.org\",\"@graph\":[{\"@type\":\"NewsArticle\",\"@id\":\"https:\\\/\\\/visionarymarketing.com\\\/fr\\\/2011\\\/01\\\/27\\\/etudes-web-social\\\/#article\",\"isPartOf\":{\"@id\":\"https:\\\/\\\/visionarymarketing.com\\\/fr\\\/2011\\\/01\\\/27\\\/etudes-web-social\\\/\"},\"author\":{\"name\":\"Yann Gourvennec\",\"@id\":\"https:\\\/\\\/visionarymarketing.com\\\/fr\\\/#\\\/schema\\\/person\\\/3754fee1e558f47b8deb46f53c37423e\"},\"headline\":\"Etudes sur le Web Social : Adetem et GFII \u00e9l\u00e8vent le d\u00e9bat \u00e9thique\",\"datePublished\":\"2011-01-27T09:30:17+00:00\",\"dateModified\":\"2022-03-12T10:50:14+00:00\",\"mainEntityOfPage\":{\"@id\":\"https:\\\/\\\/visionarymarketing.com\\\/fr\\\/2011\\\/01\\\/27\\\/etudes-web-social\\\/\"},\"wordCount\":517,\"commentCount\":0,\"image\":{\"@id\":\"https:\\\/\\\/visionarymarketing.com\\\/fr\\\/2011\\\/01\\\/27\\\/etudes-web-social\\\/#primaryimage\"},\"thumbnailUrl\":\"https:\\\/\\\/visionarymarketing.com\\\/wp-content\\\/uploads\\\/2011\\\/01\\\/2011-01-25-17-23-11-e1605448672762.jpg\",\"articleSection\":[\"m\u00e9dias \\\/ r\u00e9seaux sociaux\"],\"inLanguage\":\"fr-FR\",\"potentialAction\":[{\"@type\":\"CommentAction\",\"name\":\"Comment\",\"target\":[\"https:\\\/\\\/visionarymarketing.com\\\/fr\\\/2011\\\/01\\\/27\\\/etudes-web-social\\\/#respond\"]}]},{\"@type\":\"WebPage\",\"@id\":\"https:\\\/\\\/visionarymarketing.com\\\/fr\\\/2011\\\/01\\\/27\\\/etudes-web-social\\\/\",\"url\":\"https:\\\/\\\/visionarymarketing.com\\\/fr\\\/2011\\\/01\\\/27\\\/etudes-web-social\\\/\",\"name\":\"Etudes sur le Web Social : Adetem et GFII \u00e9l\u00e8vent le d\u00e9bat \u00e9thique\",\"isPartOf\":{\"@id\":\"https:\\\/\\\/visionarymarketing.com\\\/fr\\\/#website\"},\"primaryImageOfPage\":{\"@id\":\"https:\\\/\\\/visionarymarketing.com\\\/fr\\\/2011\\\/01\\\/27\\\/etudes-web-social\\\/#primaryimage\"},\"image\":{\"@id\":\"https:\\\/\\\/visionarymarketing.com\\\/fr\\\/2011\\\/01\\\/27\\\/etudes-web-social\\\/#primaryimage\"},\"thumbnailUrl\":\"https:\\\/\\\/visionarymarketing.com\\\/wp-content\\\/uploads\\\/2011\\\/01\\\/2011-01-25-17-23-11-e1605448672762.jpg\",\"datePublished\":\"2011-01-27T09:30:17+00:00\",\"dateModified\":\"2022-03-12T10:50:14+00:00\",\"author\":{\"@id\":\"https:\\\/\\\/visionarymarketing.com\\\/fr\\\/#\\\/schema\\\/person\\\/3754fee1e558f47b8deb46f53c37423e\"},\"description\":\"Etudes sur le Web Social, le d\u00e9bat \u00e9thique. Le 25 janvier \u00e0 Paris, \u00e0 la Poste, a eu lieu la journ\u00e9e nationale des \u00e9tudes de l'Adetem\",\"breadcrumb\":{\"@id\":\"https:\\\/\\\/visionarymarketing.com\\\/fr\\\/2011\\\/01\\\/27\\\/etudes-web-social\\\/#breadcrumb\"},\"inLanguage\":\"fr-FR\",\"potentialAction\":[{\"@type\":\"ReadAction\",\"target\":[\"https:\\\/\\\/visionarymarketing.com\\\/fr\\\/2011\\\/01\\\/27\\\/etudes-web-social\\\/\"]}]},{\"@type\":\"ImageObject\",\"inLanguage\":\"fr-FR\",\"@id\":\"https:\\\/\\\/visionarymarketing.com\\\/fr\\\/2011\\\/01\\\/27\\\/etudes-web-social\\\/#primaryimage\",\"url\":\"https:\\\/\\\/visionarymarketing.com\\\/wp-content\\\/uploads\\\/2011\\\/01\\\/2011-01-25-17-23-11-e1605448672762.jpg\",\"contentUrl\":\"https:\\\/\\\/visionarymarketing.com\\\/wp-content\\\/uploads\\\/2011\\\/01\\\/2011-01-25-17-23-11-e1605448672762.jpg\",\"width\":519,\"height\":340},{\"@type\":\"BreadcrumbList\",\"@id\":\"https:\\\/\\\/visionarymarketing.com\\\/fr\\\/2011\\\/01\\\/27\\\/etudes-web-social\\\/#breadcrumb\",\"itemListElement\":[{\"@type\":\"ListItem\",\"position\":1,\"name\":\"Home\",\"item\":\"https:\\\/\\\/visionarymarketing.com\\\/fr\\\/\"},{\"@type\":\"ListItem\",\"position\":2,\"name\":\"Etudes sur le Web Social : Adetem et GFII \u00e9l\u00e8vent le d\u00e9bat \u00e9thique\"}]},{\"@type\":\"WebSite\",\"@id\":\"https:\\\/\\\/visionarymarketing.com\\\/fr\\\/#website\",\"url\":\"https:\\\/\\\/visionarymarketing.com\\\/fr\\\/\",\"name\":\"Marketing and Innovation\",\"description\":\"Site d&#039;infos ind\u00e9pendant, depuis 1996\",\"potentialAction\":[{\"@type\":\"SearchAction\",\"target\":{\"@type\":\"EntryPoint\",\"urlTemplate\":\"https:\\\/\\\/visionarymarketing.com\\\/fr\\\/?s={search_term_string}\"},\"query-input\":{\"@type\":\"PropertyValueSpecification\",\"valueRequired\":true,\"valueName\":\"search_term_string\"}}],\"inLanguage\":\"fr-FR\"},{\"@type\":\"Person\",\"@id\":\"https:\\\/\\\/visionarymarketing.com\\\/fr\\\/#\\\/schema\\\/person\\\/3754fee1e558f47b8deb46f53c37423e\",\"name\":\"Yann Gourvennec\",\"image\":{\"@type\":\"ImageObject\",\"inLanguage\":\"fr-FR\",\"@id\":\"https:\\\/\\\/secure.gravatar.com\\\/avatar\\\/5972001801e8de5692a3e31224e85769f50a55fb8b679749f9c8d1868cceff14?s=96&d=initials&r=g&initials=yg\",\"url\":\"https:\\\/\\\/secure.gravatar.com\\\/avatar\\\/5972001801e8de5692a3e31224e85769f50a55fb8b679749f9c8d1868cceff14?s=96&d=initials&r=g&initials=yg\",\"contentUrl\":\"https:\\\/\\\/secure.gravatar.com\\\/avatar\\\/5972001801e8de5692a3e31224e85769f50a55fb8b679749f9c8d1868cceff14?s=96&d=initials&r=g&initials=yg\",\"caption\":\"Yann Gourvennec\"},\"description\":\"Yann Gourvennec created visionarymarketing.com in 1996. He is a speaker and author of many books. In 2014 he went from intrapreneur to entrepreneur, when he created his digital marketing agency. Yann Gourvennec a cr\u00e9\u00e9 visionarymarketing.com en 1996. Il est conf\u00e9rencier et auteur de plusieurs livres. En 2014, il est pass\u00e9 d'intrapreneur \u00e0 entrepreneur en cr\u00e9ant son agence de marketing num\u00e9rique.\",\"sameAs\":[\"https:\\\/\\\/visionarymarketing.com\",\"http:\\\/\\\/facebook.com\\\/ygourven\",\"http:\\\/\\\/linkedin.com\\\/in\\\/ygourven\",\"https:\\\/\\\/x.com\\\/ygourven\",\"https:\\\/\\\/www.youtube.com\\\/c\\\/visionarymarketingagency\"],\"url\":\"https:\\\/\\\/visionarymarketing.com\\\/fr\\\/author\\\/yann-gourvennec\\\/\"}]}<\/script>\n<!-- \/ Yoast SEO plugin. -->","yoast_head_json":{"title":"Etudes sur le Web Social : Adetem et GFII \u00e9l\u00e8vent le d\u00e9bat \u00e9thique","description":"Etudes sur le Web Social, le d\u00e9bat \u00e9thique. Le 25 janvier \u00e0 Paris, \u00e0 la Poste, a eu lieu la journ\u00e9e nationale des \u00e9tudes de l'Adetem","robots":{"index":"index","follow":"follow","max-snippet":"max-snippet:-1","max-image-preview":"max-image-preview:large","max-video-preview":"max-video-preview:-1"},"canonical":"https:\/\/visionarymarketing.com\/fr\/2011\/01\/27\/etudes-web-social\/","og_locale":"fr_FR","og_type":"article","og_title":"Etudes sur le Web Social : Adetem et GFII \u00e9l\u00e8vent le d\u00e9bat \u00e9thique","og_description":"Etudes sur le Web Social, le d\u00e9bat \u00e9thique. Le 25 janvier \u00e0 Paris, \u00e0 la Poste, a eu lieu la journ\u00e9e nationale des \u00e9tudes de l'Adetem","og_url":"https:\/\/visionarymarketing.com\/fr\/2011\/01\/27\/etudes-web-social\/","og_site_name":"Marketing and Innovation","article_publisher":"https:\/\/www.facebook.com\/vismktg","article_author":"http:\/\/facebook.com\/ygourven","article_published_time":"2011-01-27T09:30:17+00:00","article_modified_time":"2022-03-12T10:50:14+00:00","og_image":[{"width":519,"height":340,"url":"https:\/\/visionarymarketing.com\/wp-content\/uploads\/2011\/01\/2011-01-25-17-23-11-e1605448672762.jpg","type":"image\/jpeg"}],"author":"Yann Gourvennec","twitter_card":"summary_large_image","twitter_creator":"@ygourven","twitter_site":"@ygourven","twitter_misc":{"\u00c9crit par":"Yann Gourvennec","Dur\u00e9e de lecture estim\u00e9e":"2 minutes"},"schema":{"@context":"https:\/\/schema.org","@graph":[{"@type":"NewsArticle","@id":"https:\/\/visionarymarketing.com\/fr\/2011\/01\/27\/etudes-web-social\/#article","isPartOf":{"@id":"https:\/\/visionarymarketing.com\/fr\/2011\/01\/27\/etudes-web-social\/"},"author":{"name":"Yann Gourvennec","@id":"https:\/\/visionarymarketing.com\/fr\/#\/schema\/person\/3754fee1e558f47b8deb46f53c37423e"},"headline":"Etudes sur le Web Social : Adetem et GFII \u00e9l\u00e8vent le d\u00e9bat \u00e9thique","datePublished":"2011-01-27T09:30:17+00:00","dateModified":"2022-03-12T10:50:14+00:00","mainEntityOfPage":{"@id":"https:\/\/visionarymarketing.com\/fr\/2011\/01\/27\/etudes-web-social\/"},"wordCount":517,"commentCount":0,"image":{"@id":"https:\/\/visionarymarketing.com\/fr\/2011\/01\/27\/etudes-web-social\/#primaryimage"},"thumbnailUrl":"https:\/\/visionarymarketing.com\/wp-content\/uploads\/2011\/01\/2011-01-25-17-23-11-e1605448672762.jpg","articleSection":["m\u00e9dias \/ r\u00e9seaux sociaux"],"inLanguage":"fr-FR","potentialAction":[{"@type":"CommentAction","name":"Comment","target":["https:\/\/visionarymarketing.com\/fr\/2011\/01\/27\/etudes-web-social\/#respond"]}]},{"@type":"WebPage","@id":"https:\/\/visionarymarketing.com\/fr\/2011\/01\/27\/etudes-web-social\/","url":"https:\/\/visionarymarketing.com\/fr\/2011\/01\/27\/etudes-web-social\/","name":"Etudes sur le Web Social : Adetem et GFII \u00e9l\u00e8vent le d\u00e9bat \u00e9thique","isPartOf":{"@id":"https:\/\/visionarymarketing.com\/fr\/#website"},"primaryImageOfPage":{"@id":"https:\/\/visionarymarketing.com\/fr\/2011\/01\/27\/etudes-web-social\/#primaryimage"},"image":{"@id":"https:\/\/visionarymarketing.com\/fr\/2011\/01\/27\/etudes-web-social\/#primaryimage"},"thumbnailUrl":"https:\/\/visionarymarketing.com\/wp-content\/uploads\/2011\/01\/2011-01-25-17-23-11-e1605448672762.jpg","datePublished":"2011-01-27T09:30:17+00:00","dateModified":"2022-03-12T10:50:14+00:00","author":{"@id":"https:\/\/visionarymarketing.com\/fr\/#\/schema\/person\/3754fee1e558f47b8deb46f53c37423e"},"description":"Etudes sur le Web Social, le d\u00e9bat \u00e9thique. Le 25 janvier \u00e0 Paris, \u00e0 la Poste, a eu lieu la journ\u00e9e nationale des \u00e9tudes de l'Adetem","breadcrumb":{"@id":"https:\/\/visionarymarketing.com\/fr\/2011\/01\/27\/etudes-web-social\/#breadcrumb"},"inLanguage":"fr-FR","potentialAction":[{"@type":"ReadAction","target":["https:\/\/visionarymarketing.com\/fr\/2011\/01\/27\/etudes-web-social\/"]}]},{"@type":"ImageObject","inLanguage":"fr-FR","@id":"https:\/\/visionarymarketing.com\/fr\/2011\/01\/27\/etudes-web-social\/#primaryimage","url":"https:\/\/visionarymarketing.com\/wp-content\/uploads\/2011\/01\/2011-01-25-17-23-11-e1605448672762.jpg","contentUrl":"https:\/\/visionarymarketing.com\/wp-content\/uploads\/2011\/01\/2011-01-25-17-23-11-e1605448672762.jpg","width":519,"height":340},{"@type":"BreadcrumbList","@id":"https:\/\/visionarymarketing.com\/fr\/2011\/01\/27\/etudes-web-social\/#breadcrumb","itemListElement":[{"@type":"ListItem","position":1,"name":"Home","item":"https:\/\/visionarymarketing.com\/fr\/"},{"@type":"ListItem","position":2,"name":"Etudes sur le Web Social : Adetem et GFII \u00e9l\u00e8vent le d\u00e9bat \u00e9thique"}]},{"@type":"WebSite","@id":"https:\/\/visionarymarketing.com\/fr\/#website","url":"https:\/\/visionarymarketing.com\/fr\/","name":"Marketing and Innovation","description":"Site d&#039;infos ind\u00e9pendant, depuis 1996","potentialAction":[{"@type":"SearchAction","target":{"@type":"EntryPoint","urlTemplate":"https:\/\/visionarymarketing.com\/fr\/?s={search_term_string}"},"query-input":{"@type":"PropertyValueSpecification","valueRequired":true,"valueName":"search_term_string"}}],"inLanguage":"fr-FR"},{"@type":"Person","@id":"https:\/\/visionarymarketing.com\/fr\/#\/schema\/person\/3754fee1e558f47b8deb46f53c37423e","name":"Yann Gourvennec","image":{"@type":"ImageObject","inLanguage":"fr-FR","@id":"https:\/\/secure.gravatar.com\/avatar\/5972001801e8de5692a3e31224e85769f50a55fb8b679749f9c8d1868cceff14?s=96&d=initials&r=g&initials=yg","url":"https:\/\/secure.gravatar.com\/avatar\/5972001801e8de5692a3e31224e85769f50a55fb8b679749f9c8d1868cceff14?s=96&d=initials&r=g&initials=yg","contentUrl":"https:\/\/secure.gravatar.com\/avatar\/5972001801e8de5692a3e31224e85769f50a55fb8b679749f9c8d1868cceff14?s=96&d=initials&r=g&initials=yg","caption":"Yann Gourvennec"},"description":"Yann Gourvennec created visionarymarketing.com in 1996. He is a speaker and author of many books. In 2014 he went from intrapreneur to entrepreneur, when he created his digital marketing agency. Yann Gourvennec a cr\u00e9\u00e9 visionarymarketing.com en 1996. Il est conf\u00e9rencier et auteur de plusieurs livres. En 2014, il est pass\u00e9 d'intrapreneur \u00e0 entrepreneur en cr\u00e9ant son agence de marketing num\u00e9rique.","sameAs":["https:\/\/visionarymarketing.com","http:\/\/facebook.com\/ygourven","http:\/\/linkedin.com\/in\/ygourven","https:\/\/x.com\/ygourven","https:\/\/www.youtube.com\/c\/visionarymarketingagency"],"url":"https:\/\/visionarymarketing.com\/fr\/author\/yann-gourvennec\/"}]}},"_links":{"self":[{"href":"https:\/\/visionarymarketing.com\/fr\/wp-json\/wp\/v2\/posts\/3736","targetHints":{"allow":["GET"]}}],"collection":[{"href":"https:\/\/visionarymarketing.com\/fr\/wp-json\/wp\/v2\/posts"}],"about":[{"href":"https:\/\/visionarymarketing.com\/fr\/wp-json\/wp\/v2\/types\/post"}],"author":[{"embeddable":true,"href":"https:\/\/visionarymarketing.com\/fr\/wp-json\/wp\/v2\/users\/2"}],"replies":[{"embeddable":true,"href":"https:\/\/visionarymarketing.com\/fr\/wp-json\/wp\/v2\/comments?post=3736"}],"version-history":[{"count":0,"href":"https:\/\/visionarymarketing.com\/fr\/wp-json\/wp\/v2\/posts\/3736\/revisions"}],"wp:featuredmedia":[{"embeddable":true,"href":"https:\/\/visionarymarketing.com\/fr\/wp-json\/wp\/v2\/media\/3742"}],"wp:attachment":[{"href":"https:\/\/visionarymarketing.com\/fr\/wp-json\/wp\/v2\/media?parent=3736"}],"wp:term":[{"taxonomy":"category","embeddable":true,"href":"https:\/\/visionarymarketing.com\/fr\/wp-json\/wp\/v2\/categories?post=3736"},{"taxonomy":"post_tag","embeddable":true,"href":"https:\/\/visionarymarketing.com\/fr\/wp-json\/wp\/v2\/tags?post=3736"}],"curies":[{"name":"wp","href":"https:\/\/api.w.org\/{rel}","templated":true}]}}