{"id":3713,"date":"2011-01-25T05:36:21","date_gmt":"2011-01-25T05:36:21","guid":{"rendered":"http:\/\/visionary.wordpress.com\/?p=3713"},"modified":"2022-03-12T11:48:56","modified_gmt":"2022-03-12T10:48:56","slug":"frenchweb-medias-sociaux","status":"publish","type":"post","link":"https:\/\/visionarymarketing.com\/fr\/2011\/01\/25\/frenchweb-medias-sociaux\/","title":{"rendered":"M\u00e9dias sociaux : Frenchweb met \u00ab\u00a0\u00e0 mon boss\u00a0\u00bb \u00e0 l&rsquo;honneur"},"content":{"rendered":"<p><a href=\"https:\/\/visionarymarketing.com\/wp-content\/uploads\/2011\/01\/medias_sociaux_couv__2.jpeg\"><img decoding=\"async\" class=\"alignright size-full wp-image-3717\" style=\"margin-left: 5px; margin-right: 5px;\" title=\"MEDIAS_SOCIAUX_COUV__2\" src=\"https:\/\/visionarymarketing.com\/wp-content\/uploads\/2011\/01\/medias_sociaux_couv__2.jpeg\" alt=\"\" width=\"128\" height=\"180\" \/><\/a>Frenchweb met notre <a href=\"https:\/\/visionarymarketing.com\/fr\/livres-marketing\/\">livre<\/a> sur les m\u00e9dias sociaux \u00e0 l&rsquo;honneur. Une superbe interview r\u00e9alis\u00e9e par nos amis de Frenchweb.fr dont je vous livre les 1\u00e8res phrases ici et que je vous invite \u00e0 <a title=\"Les m\u00e9dias expliqu\u00e9s \u00e0 mon boss\" href=\"http:\/\/frenchweb.fr\/livre-les-medias-sociaux-expliques-a-mon-boss\/\" target=\"_blank\" rel=\"noopener noreferrer\">d\u00e9couvrir int\u00e9gralement sur leur site<\/a>.<\/p>\n<p>\u201c<a href=\"https:\/\/amonboss.com\/\" target=\"_blank\" rel=\"noopener noreferrer\">Les m\u00e9dias sociaux expliqu\u00e9s \u00e0 mon boss<\/a>\u201d est le fruit du travail de\u00a0<a href=\"https:\/\/web.archive.org\/web\/20120919101829\/http:\/\/france.media-aces.org\/\" target=\"_blank\" rel=\"noopener noreferrer\">Media Aces<\/a>, un club d\u2019entreprises qui utilisent les m\u00e9dias sociaux cr\u00e9\u00e9 en 2009 par\u00a0<a href=\"http:\/\/www.hervekabla.com\/\" target=\"_blank\" rel=\"noopener noreferrer\">Herv\u00e9 Kabla<\/a>, Directeur G\u00e9n\u00e9ral de\u00a0<span class=\"removed_link\" title=\"http:\/\/www.blogangels.net\/\">blogAngels<\/span> et\u00a0<span class=\"removed_link\" title=\"http:\/\/fr.linkedin.com\/in\/ygourven\">Yann Gourvennec<\/span>, Head of Internet &amp; Digital Media d\u2019\u00a0<a title=\"Orange Business Services\" href=\"http:\/\/frenchweb.fr\/tag\/orange-business-services\/\">Orange Business Services<\/a>.<\/p>\n<h2>M\u00e9dias sociaux : Frenchweb met \u00ab\u00a0\u00e0 mon boss\u00a0\u00bb \u00e0 l&rsquo;honneur<\/h2>\n<p><a title=\"Media Aces\" href=\"http:\/\/frenchweb.fr\/tag\/media-aces\/\">Media Aces<\/a> organise des conf\u00e9rences trimestrielles lors desquelles une trentaine d\u2019entreprises, grandes essentiellement, viennent \u00e9changer et partager leurs exp\u00e9riences sur les m\u00e9dias sociaux.\u00a0<a title=\"Media Aces\" href=\"http:\/\/frenchweb.fr\/tag\/media-aces\/\">Media Aces<\/a> est un r\u00e9seau d\u2019entraide.<\/p>\n<p>Le premier rendez-vous de 2011 aura lieu le 8 f\u00e9vrier prochain \u00e0 partir de 13H30\u00a0dans les locaux\u00a0<a href=\"http:\/\/www.esg.fr\/ecole-commerce-management-paris.html\" target=\"_blank\" rel=\"noopener noreferrer\">de\u00a0l\u2019ESG \u2013 Management School<\/a>, au\u00a035 avenue Philippe Auguste, Paris\u00a011e. Ce sera l\u2019occasion de pr\u00e9senter et distribuer le livre \u201cLes m\u00e9dias sociaux expliqu\u00e9s \u00e0 mon boss\u201d sorti quelques jours plus t\u00f4t aux Editions Kawa.<\/p>\n<p><iframe title=\"Herv\u00e9 Kabla &amp; Yann Gourvennec\" src=\"https:\/\/player.vimeo.com\/video\/19124175?dnt=1&amp;app_id=122963\" width=\"500\" height=\"281\" frameborder=\"0\" allow=\"autoplay; fullscreen; picture-in-picture; clipboard-write\"><\/iframe><\/p>\n","protected":false},"excerpt":{"rendered":"<p>Frenchweb met notre livre sur les m\u00e9dias sociaux \u00e0 l&rsquo;honneur. Une superbe interview r\u00e9alis\u00e9e par nos amis de Frenchweb.fr dont je vous livre les 1\u00e8res phrases ici et que je vous invite \u00e0 d\u00e9couvrir int\u00e9gralement sur leur site. \u201cLes m\u00e9dias sociaux expliqu\u00e9s \u00e0 mon boss\u201d est le fruit du travail de\u00a0Media Aces, un club d\u2019entreprises &hellip;<\/p>\n","protected":false},"author":2,"featured_media":55373,"comment_status":"open","ping_status":"open","sticky":false,"template":"","format":"standard","meta":{"footnotes":""},"categories":[248],"tags":[],"class_list":["post-3713","post","type-post","status-publish","format-standard","has-post-thumbnail","hentry","category-livres-marketing"],"yoast_head":"<!-- This site is optimized with the Yoast SEO plugin v27.5 - https:\/\/yoast.com\/product\/yoast-seo-wordpress\/ -->\n<title>M\u00e9dias sociaux : Frenchweb met &quot;\u00e0 mon boss&quot; \u00e0 l&#039;honneur<\/title>\n<meta name=\"description\" content=\"Frenchweb met notre livre sur les m\u00e9dias sociaux \u00e0 l&#039;honneur. Une superbe interview r\u00e9alis\u00e9e par nos amis de Frenchweb.fr\" \/>\n<meta name=\"robots\" content=\"noindex, follow\" \/>\n<meta property=\"og:locale\" content=\"fr_FR\" \/>\n<meta property=\"og:type\" content=\"article\" \/>\n<meta property=\"og:title\" content=\"M\u00e9dias sociaux : Frenchweb met &quot;\u00e0 mon boss&quot; \u00e0 l&#039;honneur\" \/>\n<meta property=\"og:description\" content=\"Frenchweb met notre livre sur les m\u00e9dias sociaux \u00e0 l&#039;honneur. Une superbe interview r\u00e9alis\u00e9e par nos amis de Frenchweb.fr\" \/>\n<meta property=\"og:url\" content=\"https:\/\/visionarymarketing.com\/fr\/2011\/01\/25\/frenchweb-medias-sociaux\/\" \/>\n<meta property=\"og:site_name\" content=\"Marketing and Innovation\" \/>\n<meta property=\"article:publisher\" content=\"https:\/\/www.facebook.com\/vismktg\" \/>\n<meta property=\"article:author\" content=\"http:\/\/facebook.com\/ygourven\" \/>\n<meta property=\"article:published_time\" content=\"2011-01-25T05:36:21+00:00\" \/>\n<meta property=\"article:modified_time\" content=\"2022-03-12T10:48:56+00:00\" \/>\n<meta property=\"og:image\" content=\"https:\/\/visionarymarketing.com\/wp-content\/uploads\/2011\/03\/prsentation-des-schmas-du-livre-les-mdias-sociaux-expliqus-mon-boss-creative-commons-1-728-e1597930568816.jpg\" \/>\n\t<meta property=\"og:image:width\" content=\"519\" \/>\n\t<meta property=\"og:image:height\" content=\"340\" \/>\n\t<meta property=\"og:image:type\" content=\"image\/jpeg\" \/>\n<meta name=\"author\" content=\"Yann Gourvennec\" \/>\n<meta name=\"twitter:card\" content=\"summary_large_image\" \/>\n<meta name=\"twitter:creator\" content=\"@ygourven\" \/>\n<meta name=\"twitter:site\" content=\"@ygourven\" \/>\n<meta name=\"twitter:label1\" content=\"\u00c9crit par\" \/>\n\t<meta name=\"twitter:data1\" content=\"Yann Gourvennec\" \/>\n\t<meta name=\"twitter:label2\" content=\"Dur\u00e9e de lecture estim\u00e9e\" \/>\n\t<meta name=\"twitter:data2\" content=\"1 minute\" \/>\n<script type=\"application\/ld+json\" class=\"yoast-schema-graph\">{\"@context\":\"https:\\\/\\\/schema.org\",\"@graph\":[{\"@type\":\"NewsArticle\",\"@id\":\"https:\\\/\\\/visionarymarketing.com\\\/fr\\\/2011\\\/01\\\/25\\\/frenchweb-medias-sociaux\\\/#article\",\"isPartOf\":{\"@id\":\"https:\\\/\\\/visionarymarketing.com\\\/fr\\\/2011\\\/01\\\/25\\\/frenchweb-medias-sociaux\\\/\"},\"author\":{\"name\":\"Yann Gourvennec\",\"@id\":\"https:\\\/\\\/visionarymarketing.com\\\/fr\\\/#\\\/schema\\\/person\\\/3754fee1e558f47b8deb46f53c37423e\"},\"headline\":\"M\u00e9dias sociaux : Frenchweb met \u00ab\u00a0\u00e0 mon boss\u00a0\u00bb \u00e0 l&rsquo;honneur\",\"datePublished\":\"2011-01-25T05:36:21+00:00\",\"dateModified\":\"2022-03-12T10:48:56+00:00\",\"mainEntityOfPage\":{\"@id\":\"https:\\\/\\\/visionarymarketing.com\\\/fr\\\/2011\\\/01\\\/25\\\/frenchweb-medias-sociaux\\\/\"},\"wordCount\":204,\"commentCount\":0,\"image\":{\"@id\":\"https:\\\/\\\/visionarymarketing.com\\\/fr\\\/2011\\\/01\\\/25\\\/frenchweb-medias-sociaux\\\/#primaryimage\"},\"thumbnailUrl\":\"https:\\\/\\\/visionarymarketing.com\\\/wp-content\\\/uploads\\\/2011\\\/03\\\/prsentation-des-schmas-du-livre-les-mdias-sociaux-expliqus-mon-boss-creative-commons-1-728-e1597930568816.jpg\",\"articleSection\":[\"livres marketing\"],\"inLanguage\":\"fr-FR\",\"potentialAction\":[{\"@type\":\"CommentAction\",\"name\":\"Comment\",\"target\":[\"https:\\\/\\\/visionarymarketing.com\\\/fr\\\/2011\\\/01\\\/25\\\/frenchweb-medias-sociaux\\\/#respond\"]}]},{\"@type\":\"WebPage\",\"@id\":\"https:\\\/\\\/visionarymarketing.com\\\/fr\\\/2011\\\/01\\\/25\\\/frenchweb-medias-sociaux\\\/\",\"url\":\"https:\\\/\\\/visionarymarketing.com\\\/fr\\\/2011\\\/01\\\/25\\\/frenchweb-medias-sociaux\\\/\",\"name\":\"M\u00e9dias sociaux : Frenchweb met \\\"\u00e0 mon boss\\\" \u00e0 l'honneur\",\"isPartOf\":{\"@id\":\"https:\\\/\\\/visionarymarketing.com\\\/fr\\\/#website\"},\"primaryImageOfPage\":{\"@id\":\"https:\\\/\\\/visionarymarketing.com\\\/fr\\\/2011\\\/01\\\/25\\\/frenchweb-medias-sociaux\\\/#primaryimage\"},\"image\":{\"@id\":\"https:\\\/\\\/visionarymarketing.com\\\/fr\\\/2011\\\/01\\\/25\\\/frenchweb-medias-sociaux\\\/#primaryimage\"},\"thumbnailUrl\":\"https:\\\/\\\/visionarymarketing.com\\\/wp-content\\\/uploads\\\/2011\\\/03\\\/prsentation-des-schmas-du-livre-les-mdias-sociaux-expliqus-mon-boss-creative-commons-1-728-e1597930568816.jpg\",\"datePublished\":\"2011-01-25T05:36:21+00:00\",\"dateModified\":\"2022-03-12T10:48:56+00:00\",\"author\":{\"@id\":\"https:\\\/\\\/visionarymarketing.com\\\/fr\\\/#\\\/schema\\\/person\\\/3754fee1e558f47b8deb46f53c37423e\"},\"description\":\"Frenchweb met notre livre sur les m\u00e9dias sociaux \u00e0 l'honneur. Une superbe interview r\u00e9alis\u00e9e par nos amis de Frenchweb.fr\",\"breadcrumb\":{\"@id\":\"https:\\\/\\\/visionarymarketing.com\\\/fr\\\/2011\\\/01\\\/25\\\/frenchweb-medias-sociaux\\\/#breadcrumb\"},\"inLanguage\":\"fr-FR\",\"potentialAction\":[{\"@type\":\"ReadAction\",\"target\":[\"https:\\\/\\\/visionarymarketing.com\\\/fr\\\/2011\\\/01\\\/25\\\/frenchweb-medias-sociaux\\\/\"]}]},{\"@type\":\"ImageObject\",\"inLanguage\":\"fr-FR\",\"@id\":\"https:\\\/\\\/visionarymarketing.com\\\/fr\\\/2011\\\/01\\\/25\\\/frenchweb-medias-sociaux\\\/#primaryimage\",\"url\":\"https:\\\/\\\/visionarymarketing.com\\\/wp-content\\\/uploads\\\/2011\\\/03\\\/prsentation-des-schmas-du-livre-les-mdias-sociaux-expliqus-mon-boss-creative-commons-1-728-e1597930568816.jpg\",\"contentUrl\":\"https:\\\/\\\/visionarymarketing.com\\\/wp-content\\\/uploads\\\/2011\\\/03\\\/prsentation-des-schmas-du-livre-les-mdias-sociaux-expliqus-mon-boss-creative-commons-1-728-e1597930568816.jpg\",\"width\":519,\"height\":340,\"caption\":\"film m\u00e9dias sociaux\"},{\"@type\":\"BreadcrumbList\",\"@id\":\"https:\\\/\\\/visionarymarketing.com\\\/fr\\\/2011\\\/01\\\/25\\\/frenchweb-medias-sociaux\\\/#breadcrumb\",\"itemListElement\":[{\"@type\":\"ListItem\",\"position\":1,\"name\":\"Home\",\"item\":\"https:\\\/\\\/visionarymarketing.com\\\/fr\\\/\"},{\"@type\":\"ListItem\",\"position\":2,\"name\":\"M\u00e9dias sociaux : Frenchweb met \u00ab\u00a0\u00e0 mon boss\u00a0\u00bb \u00e0 l&rsquo;honneur\"}]},{\"@type\":\"WebSite\",\"@id\":\"https:\\\/\\\/visionarymarketing.com\\\/fr\\\/#website\",\"url\":\"https:\\\/\\\/visionarymarketing.com\\\/fr\\\/\",\"name\":\"Marketing and Innovation\",\"description\":\"Site d&#039;infos ind\u00e9pendant, depuis 1996\",\"potentialAction\":[{\"@type\":\"SearchAction\",\"target\":{\"@type\":\"EntryPoint\",\"urlTemplate\":\"https:\\\/\\\/visionarymarketing.com\\\/fr\\\/?s={search_term_string}\"},\"query-input\":{\"@type\":\"PropertyValueSpecification\",\"valueRequired\":true,\"valueName\":\"search_term_string\"}}],\"inLanguage\":\"fr-FR\"},{\"@type\":\"Person\",\"@id\":\"https:\\\/\\\/visionarymarketing.com\\\/fr\\\/#\\\/schema\\\/person\\\/3754fee1e558f47b8deb46f53c37423e\",\"name\":\"Yann Gourvennec\",\"image\":{\"@type\":\"ImageObject\",\"inLanguage\":\"fr-FR\",\"@id\":\"https:\\\/\\\/secure.gravatar.com\\\/avatar\\\/5972001801e8de5692a3e31224e85769f50a55fb8b679749f9c8d1868cceff14?s=96&d=initials&r=g&initials=yg\",\"url\":\"https:\\\/\\\/secure.gravatar.com\\\/avatar\\\/5972001801e8de5692a3e31224e85769f50a55fb8b679749f9c8d1868cceff14?s=96&d=initials&r=g&initials=yg\",\"contentUrl\":\"https:\\\/\\\/secure.gravatar.com\\\/avatar\\\/5972001801e8de5692a3e31224e85769f50a55fb8b679749f9c8d1868cceff14?s=96&d=initials&r=g&initials=yg\",\"caption\":\"Yann Gourvennec\"},\"description\":\"Yann Gourvennec created visionarymarketing.com in 1996. He is a speaker and author of many books. In 2014 he went from intrapreneur to entrepreneur, when he created his digital marketing agency. Yann Gourvennec a cr\u00e9\u00e9 visionarymarketing.com en 1996. Il est conf\u00e9rencier et auteur de plusieurs livres. En 2014, il est pass\u00e9 d'intrapreneur \u00e0 entrepreneur en cr\u00e9ant son agence de marketing num\u00e9rique.\",\"sameAs\":[\"https:\\\/\\\/visionarymarketing.com\",\"http:\\\/\\\/facebook.com\\\/ygourven\",\"http:\\\/\\\/linkedin.com\\\/in\\\/ygourven\",\"https:\\\/\\\/x.com\\\/ygourven\",\"https:\\\/\\\/www.youtube.com\\\/c\\\/visionarymarketingagency\"],\"url\":\"https:\\\/\\\/visionarymarketing.com\\\/fr\\\/author\\\/yann-gourvennec\\\/\"}]}<\/script>\n<!-- \/ Yoast SEO plugin. -->","yoast_head_json":{"title":"M\u00e9dias sociaux : Frenchweb met \"\u00e0 mon boss\" \u00e0 l'honneur","description":"Frenchweb met notre livre sur les m\u00e9dias sociaux \u00e0 l'honneur. Une superbe interview r\u00e9alis\u00e9e par nos amis de Frenchweb.fr","robots":{"index":"noindex","follow":"follow"},"og_locale":"fr_FR","og_type":"article","og_title":"M\u00e9dias sociaux : Frenchweb met \"\u00e0 mon boss\" \u00e0 l'honneur","og_description":"Frenchweb met notre livre sur les m\u00e9dias sociaux \u00e0 l'honneur. Une superbe interview r\u00e9alis\u00e9e par nos amis de Frenchweb.fr","og_url":"https:\/\/visionarymarketing.com\/fr\/2011\/01\/25\/frenchweb-medias-sociaux\/","og_site_name":"Marketing and Innovation","article_publisher":"https:\/\/www.facebook.com\/vismktg","article_author":"http:\/\/facebook.com\/ygourven","article_published_time":"2011-01-25T05:36:21+00:00","article_modified_time":"2022-03-12T10:48:56+00:00","og_image":[{"width":519,"height":340,"url":"https:\/\/visionarymarketing.com\/wp-content\/uploads\/2011\/03\/prsentation-des-schmas-du-livre-les-mdias-sociaux-expliqus-mon-boss-creative-commons-1-728-e1597930568816.jpg","type":"image\/jpeg"}],"author":"Yann Gourvennec","twitter_card":"summary_large_image","twitter_creator":"@ygourven","twitter_site":"@ygourven","twitter_misc":{"\u00c9crit par":"Yann Gourvennec","Dur\u00e9e de lecture estim\u00e9e":"1 minute"},"schema":{"@context":"https:\/\/schema.org","@graph":[{"@type":"NewsArticle","@id":"https:\/\/visionarymarketing.com\/fr\/2011\/01\/25\/frenchweb-medias-sociaux\/#article","isPartOf":{"@id":"https:\/\/visionarymarketing.com\/fr\/2011\/01\/25\/frenchweb-medias-sociaux\/"},"author":{"name":"Yann Gourvennec","@id":"https:\/\/visionarymarketing.com\/fr\/#\/schema\/person\/3754fee1e558f47b8deb46f53c37423e"},"headline":"M\u00e9dias sociaux : Frenchweb met \u00ab\u00a0\u00e0 mon boss\u00a0\u00bb \u00e0 l&rsquo;honneur","datePublished":"2011-01-25T05:36:21+00:00","dateModified":"2022-03-12T10:48:56+00:00","mainEntityOfPage":{"@id":"https:\/\/visionarymarketing.com\/fr\/2011\/01\/25\/frenchweb-medias-sociaux\/"},"wordCount":204,"commentCount":0,"image":{"@id":"https:\/\/visionarymarketing.com\/fr\/2011\/01\/25\/frenchweb-medias-sociaux\/#primaryimage"},"thumbnailUrl":"https:\/\/visionarymarketing.com\/wp-content\/uploads\/2011\/03\/prsentation-des-schmas-du-livre-les-mdias-sociaux-expliqus-mon-boss-creative-commons-1-728-e1597930568816.jpg","articleSection":["livres marketing"],"inLanguage":"fr-FR","potentialAction":[{"@type":"CommentAction","name":"Comment","target":["https:\/\/visionarymarketing.com\/fr\/2011\/01\/25\/frenchweb-medias-sociaux\/#respond"]}]},{"@type":"WebPage","@id":"https:\/\/visionarymarketing.com\/fr\/2011\/01\/25\/frenchweb-medias-sociaux\/","url":"https:\/\/visionarymarketing.com\/fr\/2011\/01\/25\/frenchweb-medias-sociaux\/","name":"M\u00e9dias sociaux : Frenchweb met \"\u00e0 mon boss\" \u00e0 l'honneur","isPartOf":{"@id":"https:\/\/visionarymarketing.com\/fr\/#website"},"primaryImageOfPage":{"@id":"https:\/\/visionarymarketing.com\/fr\/2011\/01\/25\/frenchweb-medias-sociaux\/#primaryimage"},"image":{"@id":"https:\/\/visionarymarketing.com\/fr\/2011\/01\/25\/frenchweb-medias-sociaux\/#primaryimage"},"thumbnailUrl":"https:\/\/visionarymarketing.com\/wp-content\/uploads\/2011\/03\/prsentation-des-schmas-du-livre-les-mdias-sociaux-expliqus-mon-boss-creative-commons-1-728-e1597930568816.jpg","datePublished":"2011-01-25T05:36:21+00:00","dateModified":"2022-03-12T10:48:56+00:00","author":{"@id":"https:\/\/visionarymarketing.com\/fr\/#\/schema\/person\/3754fee1e558f47b8deb46f53c37423e"},"description":"Frenchweb met notre livre sur les m\u00e9dias sociaux \u00e0 l'honneur. Une superbe interview r\u00e9alis\u00e9e par nos amis de Frenchweb.fr","breadcrumb":{"@id":"https:\/\/visionarymarketing.com\/fr\/2011\/01\/25\/frenchweb-medias-sociaux\/#breadcrumb"},"inLanguage":"fr-FR","potentialAction":[{"@type":"ReadAction","target":["https:\/\/visionarymarketing.com\/fr\/2011\/01\/25\/frenchweb-medias-sociaux\/"]}]},{"@type":"ImageObject","inLanguage":"fr-FR","@id":"https:\/\/visionarymarketing.com\/fr\/2011\/01\/25\/frenchweb-medias-sociaux\/#primaryimage","url":"https:\/\/visionarymarketing.com\/wp-content\/uploads\/2011\/03\/prsentation-des-schmas-du-livre-les-mdias-sociaux-expliqus-mon-boss-creative-commons-1-728-e1597930568816.jpg","contentUrl":"https:\/\/visionarymarketing.com\/wp-content\/uploads\/2011\/03\/prsentation-des-schmas-du-livre-les-mdias-sociaux-expliqus-mon-boss-creative-commons-1-728-e1597930568816.jpg","width":519,"height":340,"caption":"film m\u00e9dias sociaux"},{"@type":"BreadcrumbList","@id":"https:\/\/visionarymarketing.com\/fr\/2011\/01\/25\/frenchweb-medias-sociaux\/#breadcrumb","itemListElement":[{"@type":"ListItem","position":1,"name":"Home","item":"https:\/\/visionarymarketing.com\/fr\/"},{"@type":"ListItem","position":2,"name":"M\u00e9dias sociaux : Frenchweb met \u00ab\u00a0\u00e0 mon boss\u00a0\u00bb \u00e0 l&rsquo;honneur"}]},{"@type":"WebSite","@id":"https:\/\/visionarymarketing.com\/fr\/#website","url":"https:\/\/visionarymarketing.com\/fr\/","name":"Marketing and Innovation","description":"Site d&#039;infos ind\u00e9pendant, depuis 1996","potentialAction":[{"@type":"SearchAction","target":{"@type":"EntryPoint","urlTemplate":"https:\/\/visionarymarketing.com\/fr\/?s={search_term_string}"},"query-input":{"@type":"PropertyValueSpecification","valueRequired":true,"valueName":"search_term_string"}}],"inLanguage":"fr-FR"},{"@type":"Person","@id":"https:\/\/visionarymarketing.com\/fr\/#\/schema\/person\/3754fee1e558f47b8deb46f53c37423e","name":"Yann Gourvennec","image":{"@type":"ImageObject","inLanguage":"fr-FR","@id":"https:\/\/secure.gravatar.com\/avatar\/5972001801e8de5692a3e31224e85769f50a55fb8b679749f9c8d1868cceff14?s=96&d=initials&r=g&initials=yg","url":"https:\/\/secure.gravatar.com\/avatar\/5972001801e8de5692a3e31224e85769f50a55fb8b679749f9c8d1868cceff14?s=96&d=initials&r=g&initials=yg","contentUrl":"https:\/\/secure.gravatar.com\/avatar\/5972001801e8de5692a3e31224e85769f50a55fb8b679749f9c8d1868cceff14?s=96&d=initials&r=g&initials=yg","caption":"Yann Gourvennec"},"description":"Yann Gourvennec created visionarymarketing.com in 1996. He is a speaker and author of many books. In 2014 he went from intrapreneur to entrepreneur, when he created his digital marketing agency. Yann Gourvennec a cr\u00e9\u00e9 visionarymarketing.com en 1996. Il est conf\u00e9rencier et auteur de plusieurs livres. En 2014, il est pass\u00e9 d'intrapreneur \u00e0 entrepreneur en cr\u00e9ant son agence de marketing num\u00e9rique.","sameAs":["https:\/\/visionarymarketing.com","http:\/\/facebook.com\/ygourven","http:\/\/linkedin.com\/in\/ygourven","https:\/\/x.com\/ygourven","https:\/\/www.youtube.com\/c\/visionarymarketingagency"],"url":"https:\/\/visionarymarketing.com\/fr\/author\/yann-gourvennec\/"}]}},"_links":{"self":[{"href":"https:\/\/visionarymarketing.com\/fr\/wp-json\/wp\/v2\/posts\/3713","targetHints":{"allow":["GET"]}}],"collection":[{"href":"https:\/\/visionarymarketing.com\/fr\/wp-json\/wp\/v2\/posts"}],"about":[{"href":"https:\/\/visionarymarketing.com\/fr\/wp-json\/wp\/v2\/types\/post"}],"author":[{"embeddable":true,"href":"https:\/\/visionarymarketing.com\/fr\/wp-json\/wp\/v2\/users\/2"}],"replies":[{"embeddable":true,"href":"https:\/\/visionarymarketing.com\/fr\/wp-json\/wp\/v2\/comments?post=3713"}],"version-history":[{"count":0,"href":"https:\/\/visionarymarketing.com\/fr\/wp-json\/wp\/v2\/posts\/3713\/revisions"}],"wp:featuredmedia":[{"embeddable":true,"href":"https:\/\/visionarymarketing.com\/fr\/wp-json\/wp\/v2\/media\/55373"}],"wp:attachment":[{"href":"https:\/\/visionarymarketing.com\/fr\/wp-json\/wp\/v2\/media?parent=3713"}],"wp:term":[{"taxonomy":"category","embeddable":true,"href":"https:\/\/visionarymarketing.com\/fr\/wp-json\/wp\/v2\/categories?post=3713"},{"taxonomy":"post_tag","embeddable":true,"href":"https:\/\/visionarymarketing.com\/fr\/wp-json\/wp\/v2\/tags?post=3713"}],"curies":[{"name":"wp","href":"https:\/\/api.w.org\/{rel}","templated":true}]}}