{"id":3643,"date":"2011-01-27T07:00:22","date_gmt":"2011-01-27T06:00:22","guid":{"rendered":"http:\/\/visionary.wordpress.com\/?p=3643"},"modified":"2020-08-20T17:18:59","modified_gmt":"2020-08-20T15:18:59","slug":"media-aces-livre","status":"publish","type":"post","link":"https:\/\/visionarymarketing.com\/fr\/2011\/01\/27\/media-aces-livre\/","title":{"rendered":"conf\u00e9rence media aces le 8 f\u00e9vrier 2011 : programme et livre"},"content":{"rendered":"<p><a href=\"https:\/\/visionarymarketing.com\/wp-content\/uploads\/2010\/11\/les-medias-sociaux-expliques-a-mon-boss-couverture-temporaire.jpg\" target=\"_blank\" rel=\"noopener noreferrer\"><img decoding=\"async\" class=\"alignleft size-medium wp-image-3492\" style=\"margin-left: 10px; margin-right: 10px;\" title=\"les-medias-sociaux-expliques-a-mon-boss-couverture-temporaire\" src=\"https:\/\/visionarymarketing.com\/wp-content\/uploads\/2010\/11\/les-medias-sociaux-expliques-a-mon-boss-couverture-temporaire.jpg?w=213\" alt=\"\" width=\"149\" height=\"210\" srcset=\"https:\/\/visionarymarketing.com\/wp-content\/uploads\/2010\/11\/les-medias-sociaux-expliques-a-mon-boss-couverture-temporaire.jpg 546w, https:\/\/visionarymarketing.com\/wp-content\/uploads\/2010\/11\/les-medias-sociaux-expliques-a-mon-boss-couverture-temporaire-214x300.jpg 214w\" sizes=\"(max-width: 149px) 100vw, 149px\" \/><\/a><em>Le livre de Media Aces est l\u00e0.\u00a0Vous l&rsquo;attendiez tous, <strong>la premi\u00e8re conf\u00e9rence Media Aces de 2011 arrive<\/strong>. Et il s&rsquo;agit d&rsquo;une r\u00e9union particuli\u00e8rement importante car elle correspond aussi avec le lancement du livre les m\u00e9dias sociaux expliqu\u00e9s \u00e0 mon boss, dont les relectures se sont pr\u00e9cis\u00e9ment termin\u00e9es le 13 janvier 2011 \u00e0 minuit ! Tous les d\u00e9tails dans cet article&#8230;<\/em><\/p>\n<p><em> Elle aura lieu dans les locaux <\/em><strong><a href=\"http:\/\/www.esg.fr\/ecole-commerce-management-paris.html\" target=\"_blank\" rel=\"noopener noreferrer\">de\u00a0l&rsquo;ESG &#8211; Management School<\/a><\/strong>, au <strong>35 avenue Philippe Auguste<\/strong>, dans le <strong>11e<\/strong> arrondissement de Paris (m\u00e9tro <strong>Nation<\/strong>, Avron), \u00e0 partir de <strong>13h30<\/strong>. Cette conf\u00e9rence est d&rsquo;autant plus importante\u00a0qu&rsquo;elle co\u00efncide avec la sortie de notre livre <em><a title=\"les medias sociaux expliqu\u00e9s \u00e0 mon boss\" href=\"http:\/\/amonboss.com\" target=\"_blank\" rel=\"noopener noreferrer\">les\u00a0m\u00e9dias sociaux expliqu\u00e9s \u00e0 mon boss<\/a>.<\/em> Pour cette \u00e9dition, nous renouons\u00a0avec le format qui avait pr\u00e9valu en 2010, \u00e0 savoir <strong>2 conf\u00e9rences simultan\u00e9es<\/strong>,\u00a0avec bien entendu, et comme toujours, les acteurs des projets m\u00e9dias sociaux en\u00a0entreprise qui viendront exposer leur exp\u00e9rience tir\u00e9e directement du terrain.<\/p>\n<p style=\"text-align: center;\">\n<p style=\"text-align: center;\">Prix des places: <strong>tarif unique 30\u20ac<\/strong> , tarif \u00e9tudiant 10\u20ac.<\/p>\n<p style=\"text-align: center;\"><span style=\"color: #ff0000;\"><strong>A l&rsquo;occasion de la sortie du livre \u00ab\u00a0<span class=\"removed_link\" title=\"http:\/\/boutiquekawa.oxatis.com\/PBSCProduct.asp?ItmID=7149094\">les\u00a0m\u00e9dias sociaux expliqu\u00e9s \u00e0 mon boss<\/span>\u00ab\u00a0&#8230; <\/strong><strong>profitez de l&rsquo;offre promotionnelle: 1 <\/strong><strong>place + 1 exemplaire du livre au prix de 45\u20ac SEULEMENT, TOUT COMPRIS<\/strong><\/span><\/p>\n<p><em>Attention, le nombre de participants est limit\u00e9 \u00e0 200, r\u00e9servez votre place au\u00a0plus vite et s\u00e9lectionnez la bonne salle !<\/em><\/p>\n<table width=\"455\" bgcolor=\"white\">\n<tbody>\n<tr>\n<td valign=\"top\" width=\"502\">\n<table>\n<tbody>\n<tr>\n<td colspan=\"2\" bgcolor=\"#ff6600\"><strong>LES INTERVENANTS<\/strong><\/td>\n<td width=\"40\"><\/td>\n<\/tr>\n<tr>\n<td width=\"377\"><strong>STEPHANE DAESCHNER<\/strong> Directeur de la<br \/>\nmarque et de la communication externe, Groupe MMA<\/td>\n<td width=\"100\"><\/td>\n<\/tr>\n<tr>\n<td width=\"377\"><strong>MINTER DIAL<\/strong> Pr\u00e9sident de The Myndset<br \/>\nCompany<\/td>\n<td width=\"100\"><\/td>\n<\/tr>\n<tr>\n<td width=\"377\"><strong>JEAN-MARC GOACHET<\/strong> Responsable communication<br \/>\nnum\u00e9rique, Ecole des Mines de Paris, Mines ParisTech<\/td>\n<td width=\"100\"><\/td>\n<\/tr>\n<tr>\n<td width=\"377\"><strong>MYRIAM L&rsquo;AOUFFIR<\/strong> Responsable Communication<br \/>\nonline, Groupe France-T\u00e9l\u00e9visions<\/td>\n<td width=\"100\"><\/td>\n<\/tr>\n<tr>\n<td width=\"377\"><strong>STEPHANE LAPEYRADE<\/strong> Communication manager,<br \/>\nAlcatel-Lucent<\/td>\n<td width=\"100\"><\/td>\n<\/tr>\n<tr>\n<td width=\"377\"><strong>FLORENCE MORGEN<\/strong> Directrice de la communication<br \/>\nPr\u00e9vadi\u00e8s<\/td>\n<td width=\"100\"><\/td>\n<\/tr>\n<tr>\n<td width=\"377\"><strong>MICHAEL SWIERCZYNSKI<\/strong> Direction de la<br \/>\nproduction et de l&rsquo;\u00e9dition, INA<\/td>\n<td width=\"100\"><\/td>\n<\/tr>\n<\/tbody>\n<\/table>\n<\/td>\n<\/tr>\n<\/tbody>\n<tbody>\n<tr>\n<td valign=\"top\" width=\"502\">\n<table>\n<tbody>\n<tr>\n<td bgcolor=\"#ff6600\" width=\"200\"><strong>SALLE 1<\/strong><\/td>\n<td bgcolor=\"#ff6600\" width=\"200\"><strong>SALLE 2<\/strong><\/td>\n<\/tr>\n<tr>\n<td>Introduction par <strong> MINTER DIAL<\/strong><\/td>\n<td><\/td>\n<\/tr>\n<tr>\n<td align=\"center\"><\/td>\n<td><\/td>\n<\/tr>\n<tr>\n<td valign=\"top\">MMA sur Facebook: retour d&rsquo;exp\u00e9rience<\/td>\n<td valign=\"top\">Pr\u00e9vadi\u00e8s sur Facebook: premi\u00e8re approche du m\u00e9dia<br \/>\nsocial. \u00a0Le jeu concours comme moyen d&rsquo;acqu\u00e9rir des fans.<\/td>\n<\/tr>\n<tr>\n<td align=\"center\"><\/td>\n<td align=\"center\"><\/td>\n<\/tr>\n<tr>\n<td>L\u2019INA.fr, comment valoriser les archives \u00e0 l\u2019heure des m\u00e9dias sociaux?<\/td>\n<td>D\u00e9ploiement et adoption d\u2019une plate-forme sociale collaborative\u00a0:<br \/>\npremiers enseignements<\/td>\n<\/tr>\n<tr>\n<td><\/td>\n<td><\/td>\n<\/tr>\n<tr>\n<td valign=\"top\">France T\u00e9l\u00e9visions et les r\u00e9seaux sociaux: vers la<br \/>\nconvergence des m\u00e9dias?<\/td>\n<td valign=\"top\">Animation d&rsquo;une communaut\u00e9 professionnelle au travers<br \/>\nd&rsquo;un r\u00e9seau social. L&rsquo;exemple de L\u2019ARCES, l&rsquo;association des responsables<br \/>\nde la communication de l\u2019enseignement sup\u00e9rieur<\/td>\n<\/tr>\n<tr>\n<td><\/td>\n<td>Conclusion par <strong> MINTER DIAL<\/strong><\/td>\n<\/tr>\n<\/tbody>\n<\/table>\n<table width=\"100%\">\n<tbody>\n<tr>\n<td colspan=\"2\" bgcolor=\"#ff6600\"><strong>NOS SPONSORS<\/strong><\/td>\n<\/tr>\n<tr>\n<td align=\"left\"><\/td>\n<td align=\"left\"><\/td>\n<\/tr>\n<tr>\n<td><\/td>\n<td><\/td>\n<\/tr>\n<tr>\n<td><\/td>\n<td><\/td>\n<\/tr>\n<tr align=\"center\">\n<td colspan=\"2\"><\/td>\n<\/tr>\n<tr>\n<td colspan=\"2\" bgcolor=\"#ff6600\"><strong>LES ORGANISATEURS<\/strong><\/td>\n<\/tr>\n<tr>\n<td><\/td>\n<td><\/td>\n<\/tr>\n<\/tbody>\n<\/table>\n<\/td>\n<\/tr>\n<\/tbody>\n<\/table>\n","protected":false},"excerpt":{"rendered":"<p>Le livre de Media Aces est l\u00e0.\u00a0Vous l&rsquo;attendiez tous, la premi\u00e8re conf\u00e9rence Media Aces de 2011 arrive. Et il s&rsquo;agit d&rsquo;une r\u00e9union particuli\u00e8rement importante car elle correspond aussi avec le lancement du livre les m\u00e9dias sociaux expliqu\u00e9s \u00e0 mon boss, dont les relectures se sont pr\u00e9cis\u00e9ment termin\u00e9es le 13 janvier 2011 \u00e0 minuit ! Tous &hellip;<\/p>\n","protected":false},"author":2,"featured_media":34065,"comment_status":"open","ping_status":"open","sticky":false,"template":"","format":"standard","meta":{"footnotes":""},"categories":[248],"tags":[],"class_list":["post-3643","post","type-post","status-publish","format-standard","has-post-thumbnail","hentry","category-livres-marketing"],"yoast_head":"<!-- This site is optimized with the Yoast SEO plugin v27.4 - https:\/\/yoast.com\/product\/yoast-seo-wordpress\/ -->\n<title>conf\u00e9rence media aces le 8 f\u00e9vrier 2011 : programme et livre<\/title>\n<meta name=\"description\" content=\"Le livre de Media Aces est l\u00e0.\u00a0Vous l&#039;attendiez tous, la premi\u00e8re conf\u00e9rence Media Aces de 2011 arrive. Et il s&#039;agit d&#039;une r\u00e9union particuli\u00e8rement\" \/>\n<meta name=\"robots\" content=\"index, follow, max-snippet:-1, max-image-preview:large, max-video-preview:-1\" \/>\n<link rel=\"canonical\" href=\"https:\/\/visionarymarketing.com\/fr\/2011\/01\/27\/media-aces-livre\/\" \/>\n<meta property=\"og:locale\" content=\"fr_FR\" \/>\n<meta property=\"og:type\" content=\"article\" \/>\n<meta property=\"og:title\" content=\"conf\u00e9rence media aces le 8 f\u00e9vrier 2011 : programme et livre\" \/>\n<meta property=\"og:description\" content=\"Le livre de Media Aces est l\u00e0.\u00a0Vous l&#039;attendiez tous, la premi\u00e8re conf\u00e9rence Media Aces de 2011 arrive. Et il s&#039;agit d&#039;une r\u00e9union particuli\u00e8rement\" \/>\n<meta property=\"og:url\" content=\"https:\/\/visionarymarketing.com\/fr\/2011\/01\/27\/media-aces-livre\/\" \/>\n<meta property=\"og:site_name\" content=\"Marketing and Innovation\" \/>\n<meta property=\"article:publisher\" content=\"https:\/\/www.facebook.com\/vismktg\" \/>\n<meta property=\"article:author\" content=\"http:\/\/facebook.com\/ygourven\" \/>\n<meta property=\"article:published_time\" content=\"2011-01-27T06:00:22+00:00\" \/>\n<meta property=\"article:modified_time\" content=\"2020-08-20T15:18:59+00:00\" \/>\n<meta property=\"og:image\" content=\"https:\/\/visionarymarketing.com\/wp-content\/uploads\/2019\/11\/47991153671_3335ccd665_c.jpg\" \/>\n\t<meta property=\"og:image:width\" content=\"644\" \/>\n\t<meta property=\"og:image:height\" content=\"430\" \/>\n\t<meta property=\"og:image:type\" content=\"image\/jpeg\" \/>\n<meta name=\"author\" content=\"Yann Gourvennec\" \/>\n<meta name=\"twitter:card\" content=\"summary_large_image\" \/>\n<meta name=\"twitter:creator\" content=\"@ygourven\" \/>\n<meta name=\"twitter:site\" content=\"@ygourven\" \/>\n<meta name=\"twitter:label1\" content=\"\u00c9crit par\" \/>\n\t<meta name=\"twitter:data1\" content=\"Yann Gourvennec\" \/>\n\t<meta name=\"twitter:label2\" content=\"Dur\u00e9e de lecture estim\u00e9e\" \/>\n\t<meta name=\"twitter:data2\" content=\"2 minutes\" \/>\n<script type=\"application\/ld+json\" class=\"yoast-schema-graph\">{\"@context\":\"https:\\\/\\\/schema.org\",\"@graph\":[{\"@type\":\"NewsArticle\",\"@id\":\"https:\\\/\\\/visionarymarketing.com\\\/fr\\\/2011\\\/01\\\/27\\\/media-aces-livre\\\/#article\",\"isPartOf\":{\"@id\":\"https:\\\/\\\/visionarymarketing.com\\\/fr\\\/2011\\\/01\\\/27\\\/media-aces-livre\\\/\"},\"author\":{\"name\":\"Yann Gourvennec\",\"@id\":\"https:\\\/\\\/visionarymarketing.com\\\/fr\\\/#\\\/schema\\\/person\\\/3754fee1e558f47b8deb46f53c37423e\"},\"headline\":\"conf\u00e9rence media aces le 8 f\u00e9vrier 2011 : programme et livre\",\"datePublished\":\"2011-01-27T06:00:22+00:00\",\"dateModified\":\"2020-08-20T15:18:59+00:00\",\"mainEntityOfPage\":{\"@id\":\"https:\\\/\\\/visionarymarketing.com\\\/fr\\\/2011\\\/01\\\/27\\\/media-aces-livre\\\/\"},\"wordCount\":417,\"commentCount\":0,\"image\":{\"@id\":\"https:\\\/\\\/visionarymarketing.com\\\/fr\\\/2011\\\/01\\\/27\\\/media-aces-livre\\\/#primaryimage\"},\"thumbnailUrl\":\"https:\\\/\\\/visionarymarketing.com\\\/wp-content\\\/uploads\\\/2019\\\/11\\\/47991153671_3335ccd665_c.jpg\",\"articleSection\":[\"livres marketing\"],\"inLanguage\":\"fr-FR\",\"potentialAction\":[{\"@type\":\"CommentAction\",\"name\":\"Comment\",\"target\":[\"https:\\\/\\\/visionarymarketing.com\\\/fr\\\/2011\\\/01\\\/27\\\/media-aces-livre\\\/#respond\"]}]},{\"@type\":\"WebPage\",\"@id\":\"https:\\\/\\\/visionarymarketing.com\\\/fr\\\/2011\\\/01\\\/27\\\/media-aces-livre\\\/\",\"url\":\"https:\\\/\\\/visionarymarketing.com\\\/fr\\\/2011\\\/01\\\/27\\\/media-aces-livre\\\/\",\"name\":\"conf\u00e9rence media aces le 8 f\u00e9vrier 2011 : programme et livre\",\"isPartOf\":{\"@id\":\"https:\\\/\\\/visionarymarketing.com\\\/fr\\\/#website\"},\"primaryImageOfPage\":{\"@id\":\"https:\\\/\\\/visionarymarketing.com\\\/fr\\\/2011\\\/01\\\/27\\\/media-aces-livre\\\/#primaryimage\"},\"image\":{\"@id\":\"https:\\\/\\\/visionarymarketing.com\\\/fr\\\/2011\\\/01\\\/27\\\/media-aces-livre\\\/#primaryimage\"},\"thumbnailUrl\":\"https:\\\/\\\/visionarymarketing.com\\\/wp-content\\\/uploads\\\/2019\\\/11\\\/47991153671_3335ccd665_c.jpg\",\"datePublished\":\"2011-01-27T06:00:22+00:00\",\"dateModified\":\"2020-08-20T15:18:59+00:00\",\"author\":{\"@id\":\"https:\\\/\\\/visionarymarketing.com\\\/fr\\\/#\\\/schema\\\/person\\\/3754fee1e558f47b8deb46f53c37423e\"},\"description\":\"Le livre de Media Aces est l\u00e0.\u00a0Vous l'attendiez tous, la premi\u00e8re conf\u00e9rence Media Aces de 2011 arrive. Et il s'agit d'une r\u00e9union particuli\u00e8rement\",\"breadcrumb\":{\"@id\":\"https:\\\/\\\/visionarymarketing.com\\\/fr\\\/2011\\\/01\\\/27\\\/media-aces-livre\\\/#breadcrumb\"},\"inLanguage\":\"fr-FR\",\"potentialAction\":[{\"@type\":\"ReadAction\",\"target\":[\"https:\\\/\\\/visionarymarketing.com\\\/fr\\\/2011\\\/01\\\/27\\\/media-aces-livre\\\/\"]}]},{\"@type\":\"ImageObject\",\"inLanguage\":\"fr-FR\",\"@id\":\"https:\\\/\\\/visionarymarketing.com\\\/fr\\\/2011\\\/01\\\/27\\\/media-aces-livre\\\/#primaryimage\",\"url\":\"https:\\\/\\\/visionarymarketing.com\\\/wp-content\\\/uploads\\\/2019\\\/11\\\/47991153671_3335ccd665_c.jpg\",\"contentUrl\":\"https:\\\/\\\/visionarymarketing.com\\\/wp-content\\\/uploads\\\/2019\\\/11\\\/47991153671_3335ccd665_c.jpg\",\"width\":644,\"height\":430,\"caption\":\"Juin 2019\"},{\"@type\":\"BreadcrumbList\",\"@id\":\"https:\\\/\\\/visionarymarketing.com\\\/fr\\\/2011\\\/01\\\/27\\\/media-aces-livre\\\/#breadcrumb\",\"itemListElement\":[{\"@type\":\"ListItem\",\"position\":1,\"name\":\"Home\",\"item\":\"https:\\\/\\\/visionarymarketing.com\\\/fr\\\/\"},{\"@type\":\"ListItem\",\"position\":2,\"name\":\"conf\u00e9rence media aces le 8 f\u00e9vrier 2011 : programme et livre\"}]},{\"@type\":\"WebSite\",\"@id\":\"https:\\\/\\\/visionarymarketing.com\\\/fr\\\/#website\",\"url\":\"https:\\\/\\\/visionarymarketing.com\\\/fr\\\/\",\"name\":\"Marketing and Innovation\",\"description\":\"Site d&#039;infos ind\u00e9pendant, depuis 1996\",\"potentialAction\":[{\"@type\":\"SearchAction\",\"target\":{\"@type\":\"EntryPoint\",\"urlTemplate\":\"https:\\\/\\\/visionarymarketing.com\\\/fr\\\/?s={search_term_string}\"},\"query-input\":{\"@type\":\"PropertyValueSpecification\",\"valueRequired\":true,\"valueName\":\"search_term_string\"}}],\"inLanguage\":\"fr-FR\"},{\"@type\":\"Person\",\"@id\":\"https:\\\/\\\/visionarymarketing.com\\\/fr\\\/#\\\/schema\\\/person\\\/3754fee1e558f47b8deb46f53c37423e\",\"name\":\"Yann Gourvennec\",\"image\":{\"@type\":\"ImageObject\",\"inLanguage\":\"fr-FR\",\"@id\":\"https:\\\/\\\/secure.gravatar.com\\\/avatar\\\/5972001801e8de5692a3e31224e85769f50a55fb8b679749f9c8d1868cceff14?s=96&d=initials&r=g&initials=yg\",\"url\":\"https:\\\/\\\/secure.gravatar.com\\\/avatar\\\/5972001801e8de5692a3e31224e85769f50a55fb8b679749f9c8d1868cceff14?s=96&d=initials&r=g&initials=yg\",\"contentUrl\":\"https:\\\/\\\/secure.gravatar.com\\\/avatar\\\/5972001801e8de5692a3e31224e85769f50a55fb8b679749f9c8d1868cceff14?s=96&d=initials&r=g&initials=yg\",\"caption\":\"Yann Gourvennec\"},\"description\":\"Yann Gourvennec created visionarymarketing.com in 1996. He is a speaker and author of many books. In 2014 he went from intrapreneur to entrepreneur, when he created his digital marketing agency. Yann Gourvennec a cr\u00e9\u00e9 visionarymarketing.com en 1996. Il est conf\u00e9rencier et auteur de plusieurs livres. En 2014, il est pass\u00e9 d'intrapreneur \u00e0 entrepreneur en cr\u00e9ant son agence de marketing num\u00e9rique.\",\"sameAs\":[\"https:\\\/\\\/visionarymarketing.com\",\"http:\\\/\\\/facebook.com\\\/ygourven\",\"http:\\\/\\\/linkedin.com\\\/in\\\/ygourven\",\"https:\\\/\\\/x.com\\\/ygourven\",\"https:\\\/\\\/www.youtube.com\\\/c\\\/visionarymarketingagency\"],\"url\":\"https:\\\/\\\/visionarymarketing.com\\\/fr\\\/author\\\/yann-gourvennec\\\/\"}]}<\/script>\n<!-- \/ Yoast SEO plugin. -->","yoast_head_json":{"title":"conf\u00e9rence media aces le 8 f\u00e9vrier 2011 : programme et livre","description":"Le livre de Media Aces est l\u00e0.\u00a0Vous l'attendiez tous, la premi\u00e8re conf\u00e9rence Media Aces de 2011 arrive. Et il s'agit d'une r\u00e9union particuli\u00e8rement","robots":{"index":"index","follow":"follow","max-snippet":"max-snippet:-1","max-image-preview":"max-image-preview:large","max-video-preview":"max-video-preview:-1"},"canonical":"https:\/\/visionarymarketing.com\/fr\/2011\/01\/27\/media-aces-livre\/","og_locale":"fr_FR","og_type":"article","og_title":"conf\u00e9rence media aces le 8 f\u00e9vrier 2011 : programme et livre","og_description":"Le livre de Media Aces est l\u00e0.\u00a0Vous l'attendiez tous, la premi\u00e8re conf\u00e9rence Media Aces de 2011 arrive. Et il s'agit d'une r\u00e9union particuli\u00e8rement","og_url":"https:\/\/visionarymarketing.com\/fr\/2011\/01\/27\/media-aces-livre\/","og_site_name":"Marketing and Innovation","article_publisher":"https:\/\/www.facebook.com\/vismktg","article_author":"http:\/\/facebook.com\/ygourven","article_published_time":"2011-01-27T06:00:22+00:00","article_modified_time":"2020-08-20T15:18:59+00:00","og_image":[{"width":644,"height":430,"url":"https:\/\/visionarymarketing.com\/wp-content\/uploads\/2019\/11\/47991153671_3335ccd665_c.jpg","type":"image\/jpeg"}],"author":"Yann Gourvennec","twitter_card":"summary_large_image","twitter_creator":"@ygourven","twitter_site":"@ygourven","twitter_misc":{"\u00c9crit par":"Yann Gourvennec","Dur\u00e9e de lecture estim\u00e9e":"2 minutes"},"schema":{"@context":"https:\/\/schema.org","@graph":[{"@type":"NewsArticle","@id":"https:\/\/visionarymarketing.com\/fr\/2011\/01\/27\/media-aces-livre\/#article","isPartOf":{"@id":"https:\/\/visionarymarketing.com\/fr\/2011\/01\/27\/media-aces-livre\/"},"author":{"name":"Yann Gourvennec","@id":"https:\/\/visionarymarketing.com\/fr\/#\/schema\/person\/3754fee1e558f47b8deb46f53c37423e"},"headline":"conf\u00e9rence media aces le 8 f\u00e9vrier 2011 : programme et livre","datePublished":"2011-01-27T06:00:22+00:00","dateModified":"2020-08-20T15:18:59+00:00","mainEntityOfPage":{"@id":"https:\/\/visionarymarketing.com\/fr\/2011\/01\/27\/media-aces-livre\/"},"wordCount":417,"commentCount":0,"image":{"@id":"https:\/\/visionarymarketing.com\/fr\/2011\/01\/27\/media-aces-livre\/#primaryimage"},"thumbnailUrl":"https:\/\/visionarymarketing.com\/wp-content\/uploads\/2019\/11\/47991153671_3335ccd665_c.jpg","articleSection":["livres marketing"],"inLanguage":"fr-FR","potentialAction":[{"@type":"CommentAction","name":"Comment","target":["https:\/\/visionarymarketing.com\/fr\/2011\/01\/27\/media-aces-livre\/#respond"]}]},{"@type":"WebPage","@id":"https:\/\/visionarymarketing.com\/fr\/2011\/01\/27\/media-aces-livre\/","url":"https:\/\/visionarymarketing.com\/fr\/2011\/01\/27\/media-aces-livre\/","name":"conf\u00e9rence media aces le 8 f\u00e9vrier 2011 : programme et livre","isPartOf":{"@id":"https:\/\/visionarymarketing.com\/fr\/#website"},"primaryImageOfPage":{"@id":"https:\/\/visionarymarketing.com\/fr\/2011\/01\/27\/media-aces-livre\/#primaryimage"},"image":{"@id":"https:\/\/visionarymarketing.com\/fr\/2011\/01\/27\/media-aces-livre\/#primaryimage"},"thumbnailUrl":"https:\/\/visionarymarketing.com\/wp-content\/uploads\/2019\/11\/47991153671_3335ccd665_c.jpg","datePublished":"2011-01-27T06:00:22+00:00","dateModified":"2020-08-20T15:18:59+00:00","author":{"@id":"https:\/\/visionarymarketing.com\/fr\/#\/schema\/person\/3754fee1e558f47b8deb46f53c37423e"},"description":"Le livre de Media Aces est l\u00e0.\u00a0Vous l'attendiez tous, la premi\u00e8re conf\u00e9rence Media Aces de 2011 arrive. Et il s'agit d'une r\u00e9union particuli\u00e8rement","breadcrumb":{"@id":"https:\/\/visionarymarketing.com\/fr\/2011\/01\/27\/media-aces-livre\/#breadcrumb"},"inLanguage":"fr-FR","potentialAction":[{"@type":"ReadAction","target":["https:\/\/visionarymarketing.com\/fr\/2011\/01\/27\/media-aces-livre\/"]}]},{"@type":"ImageObject","inLanguage":"fr-FR","@id":"https:\/\/visionarymarketing.com\/fr\/2011\/01\/27\/media-aces-livre\/#primaryimage","url":"https:\/\/visionarymarketing.com\/wp-content\/uploads\/2019\/11\/47991153671_3335ccd665_c.jpg","contentUrl":"https:\/\/visionarymarketing.com\/wp-content\/uploads\/2019\/11\/47991153671_3335ccd665_c.jpg","width":644,"height":430,"caption":"Juin 2019"},{"@type":"BreadcrumbList","@id":"https:\/\/visionarymarketing.com\/fr\/2011\/01\/27\/media-aces-livre\/#breadcrumb","itemListElement":[{"@type":"ListItem","position":1,"name":"Home","item":"https:\/\/visionarymarketing.com\/fr\/"},{"@type":"ListItem","position":2,"name":"conf\u00e9rence media aces le 8 f\u00e9vrier 2011 : programme et livre"}]},{"@type":"WebSite","@id":"https:\/\/visionarymarketing.com\/fr\/#website","url":"https:\/\/visionarymarketing.com\/fr\/","name":"Marketing and Innovation","description":"Site d&#039;infos ind\u00e9pendant, depuis 1996","potentialAction":[{"@type":"SearchAction","target":{"@type":"EntryPoint","urlTemplate":"https:\/\/visionarymarketing.com\/fr\/?s={search_term_string}"},"query-input":{"@type":"PropertyValueSpecification","valueRequired":true,"valueName":"search_term_string"}}],"inLanguage":"fr-FR"},{"@type":"Person","@id":"https:\/\/visionarymarketing.com\/fr\/#\/schema\/person\/3754fee1e558f47b8deb46f53c37423e","name":"Yann Gourvennec","image":{"@type":"ImageObject","inLanguage":"fr-FR","@id":"https:\/\/secure.gravatar.com\/avatar\/5972001801e8de5692a3e31224e85769f50a55fb8b679749f9c8d1868cceff14?s=96&d=initials&r=g&initials=yg","url":"https:\/\/secure.gravatar.com\/avatar\/5972001801e8de5692a3e31224e85769f50a55fb8b679749f9c8d1868cceff14?s=96&d=initials&r=g&initials=yg","contentUrl":"https:\/\/secure.gravatar.com\/avatar\/5972001801e8de5692a3e31224e85769f50a55fb8b679749f9c8d1868cceff14?s=96&d=initials&r=g&initials=yg","caption":"Yann Gourvennec"},"description":"Yann Gourvennec created visionarymarketing.com in 1996. He is a speaker and author of many books. In 2014 he went from intrapreneur to entrepreneur, when he created his digital marketing agency. Yann Gourvennec a cr\u00e9\u00e9 visionarymarketing.com en 1996. Il est conf\u00e9rencier et auteur de plusieurs livres. En 2014, il est pass\u00e9 d'intrapreneur \u00e0 entrepreneur en cr\u00e9ant son agence de marketing num\u00e9rique.","sameAs":["https:\/\/visionarymarketing.com","http:\/\/facebook.com\/ygourven","http:\/\/linkedin.com\/in\/ygourven","https:\/\/x.com\/ygourven","https:\/\/www.youtube.com\/c\/visionarymarketingagency"],"url":"https:\/\/visionarymarketing.com\/fr\/author\/yann-gourvennec\/"}]}},"_links":{"self":[{"href":"https:\/\/visionarymarketing.com\/fr\/wp-json\/wp\/v2\/posts\/3643","targetHints":{"allow":["GET"]}}],"collection":[{"href":"https:\/\/visionarymarketing.com\/fr\/wp-json\/wp\/v2\/posts"}],"about":[{"href":"https:\/\/visionarymarketing.com\/fr\/wp-json\/wp\/v2\/types\/post"}],"author":[{"embeddable":true,"href":"https:\/\/visionarymarketing.com\/fr\/wp-json\/wp\/v2\/users\/2"}],"replies":[{"embeddable":true,"href":"https:\/\/visionarymarketing.com\/fr\/wp-json\/wp\/v2\/comments?post=3643"}],"version-history":[{"count":0,"href":"https:\/\/visionarymarketing.com\/fr\/wp-json\/wp\/v2\/posts\/3643\/revisions"}],"wp:featuredmedia":[{"embeddable":true,"href":"https:\/\/visionarymarketing.com\/fr\/wp-json\/wp\/v2\/media\/34065"}],"wp:attachment":[{"href":"https:\/\/visionarymarketing.com\/fr\/wp-json\/wp\/v2\/media?parent=3643"}],"wp:term":[{"taxonomy":"category","embeddable":true,"href":"https:\/\/visionarymarketing.com\/fr\/wp-json\/wp\/v2\/categories?post=3643"},{"taxonomy":"post_tag","embeddable":true,"href":"https:\/\/visionarymarketing.com\/fr\/wp-json\/wp\/v2\/tags?post=3643"}],"curies":[{"name":"wp","href":"https:\/\/api.w.org\/{rel}","templated":true}]}}