{"id":3577,"date":"2010-12-21T07:30:30","date_gmt":"2010-12-21T06:30:30","guid":{"rendered":"http:\/\/visionary.wordpress.com\/?p=3577"},"modified":"2022-07-20T08:31:59","modified_gmt":"2022-07-20T06:31:59","slug":"portrait-digital-natives","status":"publish","type":"post","link":"https:\/\/visionarymarketing.com\/fr\/2010\/12\/21\/portrait-digital-natives\/","title":{"rendered":"Portrait des digital natives : entre discours et r\u00e9alit\u00e9 des g\u00e9n\u00e9rations"},"content":{"rendered":"<p><em>Conf\u00e9rence <a href=\"https:\/\/visionarymarketing.com\/fr\/2019\/05\/agisme-generation-y\/\">g\u00e9n\u00e9ration Y<\/a> : le portrait robot des digital natives. Les <span class=\"removed_link\" title=\"http:\/\/www.amiando.com\/digitalnatives.html\">petits d\u00e9jeuners du Web d&rsquo;<a href=\"https:\/\/www.orange-business.com\" target=\"_blank\" rel=\"noopener noreferrer\">Orange Business Services<\/a>, nos lecteurs connaissent bien d\u00e9sormais<\/span>. Je les ai cr\u00e9\u00e9s il y a maintenant 2 ans dans un but d&rsquo;ouverture et de partage, puis, en d\u00e9but de cette ann\u00e9e 2010, je les ai \u00e9galement ouverts \u00e0 l&rsquo;ext\u00e9rieur de l&rsquo;entreprise afin de rendre ce partage encore plus enrichissant. <\/em><\/p>\n<h2>Conf\u00e9rence g\u00e9n\u00e9ration Y : le portrait robot des digital natives<\/h2>\n<p><em>Le prochain petit d\u00e9jeuner, le 5\u00e8me du genre, est intitul\u00e9\u00a0<strong>Digital Natives : mythes ou r\u00e9alit\u00e9. <\/strong>Initialement pr\u00e9vue le 22 octobre, et annul\u00e9e pour cause de gr\u00e8ves, cette conf\u00e9rence aura donc bien lieu le <strong><span class=\"removed_link\" title=\"http:\/\/www.amiando.com\/digitalnatives.html\">18 janvier 2011 DE 8H300 10H30 \u00e0 Orange Stadium<\/span> <\/strong>(en face du RER B, La Plaine Stade de France). Je reprends le billet r\u00e9alis\u00e9 par Denis Failly pour poser le d\u00e9bat. <\/em><span class=\"removed_link\" title=\"http:\/\/cdn.streamlike.com\/hosting\/orange-business\/embedPlayer.php?med_id=1214b6c95cb17987&amp;width=600&amp;height=391.235955056&amp;lng=fr\"><em>Je re<\/em>commande notamment la vid\u00e9o de notre consoeur sociologue Anca Boboc qui se trouve en fin d&rsquo;article<\/span>.<\/p>\n<figure id=\"attachment_3579\" aria-describedby=\"caption-attachment-3579\" style=\"width: 479px\" class=\"wp-caption aligncenter\"><img decoding=\"async\" class=\"wp-image-3579 size-full\" style=\"margin-left: 10px; margin-right: 10px;\" title=\"Anca Boboc\" src=\"https:\/\/visionarymarketing.com\/wp-content\/uploads\/2010\/12\/ancaboboc.jpg\" alt=\"conf\u00e9rence g\u00e9n\u00e9ration Y : le portrait robot des digital natives\" width=\"479\" height=\"282\" srcset=\"https:\/\/visionarymarketing.com\/wp-content\/uploads\/2010\/12\/ancaboboc.jpg 479w, https:\/\/visionarymarketing.com\/wp-content\/uploads\/2010\/12\/ancaboboc-300x176.jpg 300w\" sizes=\"(max-width: 479px) 100vw, 479px\" \/><figcaption id=\"caption-attachment-3579\" class=\"wp-caption-text\">La chercheuse Anca Boboc d&rsquo;Orange Labs nous dresse un portrait des digital natives, loin des clich\u00e9s habituels<\/figcaption><\/figure>\n<p><!--more-->Continuons d&rsquo;enrichir le d\u00e9bat sur ce passionnant sujet autour de la g\u00e9n\u00e9ration Y; <strong>Anca Boboc Sociologue chez Orange Labs<\/strong>, et sp\u00e9cialiste des usages grand public et en entreprise, nous livre quelques \u00e9l\u00e9ments cl\u00e9s pour comprendre ce qu&rsquo;est cette G\u00e9n\u00e9ration Y. Ces \u00e9l\u00e9ments sont issus de l&rsquo;\u00e9tude qu&rsquo;elle a co-dirig\u00e9 sur cette population.<\/p>\n<h3>Un discours g\u00e9n\u00e9rationnel tr\u00e8s pr\u00e9gnant<\/h3>\n<p>Le discours autour de la G\u00e9n\u00e9ration Y, tr\u00e8s pr\u00e9gnant en marketing ou en ressources humaines, soutient que ces jeunes avec des \u00ab comp\u00e9tences inn\u00e9es \u00bb en mati\u00e8re de TIC, vont bouleverser le monde de l&rsquo;entreprise.<br \/>\nLa <strong>\u00ab G\u00e9n\u00e9ration Y \u00bb<\/strong> regroupe des jeunes n\u00e9s entre 1980 et 1990 (voire 1995 selon certains auteurs). Sa principale sp\u00e9cificit\u00e9 serait le fait que ses membres aient \u00e9volu\u00e9 dans un environnement fortement marqu\u00e9 par l&rsquo;utilisation des TIC.<\/p>\n<p>Elle est appel\u00e9e \u00ab\u00a0Y\u00a0\u00bb parce qu&rsquo;elle suit la <strong>g\u00e9n\u00e9ration \u00ab\u00a0X\u00a0\u00bb<\/strong> qui regroupe des personnes n\u00e9es entre 1960 et 1980. Celle-ci suit, \u00e0 son tour, les <strong>baby boomers<\/strong>, nomm\u00e9s ainsi pour avoir reconstruit la soci\u00e9t\u00e9 apr\u00e8s la guerre.<br \/>\n<!--more--><br \/>\nPar rapport \u00e0 eux, la G\u00e9n X ne vit que dans une soci\u00e9t\u00e9 de consommation, d&rsquo;o\u00f9 son image de g\u00e9n\u00e9ration \u00ab\u00a0anonyme\u00a0\u00bb, \u00ab\u00a0X\u00a0\u00bb. Il existe plusieurs appellations pour d\u00e9signer les \u00ab\u00a0G\u00e9n Y\u00a0\u00bb : <em><strong>\u00ab\u00a0Digital Natives\u00a0\u00bb, \u00ab\u00a0Millennials\u00a0\u00bb, \u00ab\u00a0Echo Boomers\u00a0\u00bb, \u00ab\u00a0Net Generation, \u00ab\u00a0Next Gen\u00a0\u00bb etc. <\/strong><\/em><\/p>\n<p>Nous avons mobilis\u00e9 diff\u00e9rents types de donn\u00e9es publiques et men\u00e9 une enqu\u00eate qualitative pour mieux comprendre les impacts dans l&rsquo;entreprise de ces jeunes qui entrent actuellement dans la vie professionnelle.<br \/>\nNotre enqu\u00eate a port\u00e9 sur une trentaine de jeunes actifs en emploi, tous n\u00e9s apr\u00e8s 1980, avec des profils tr\u00e8s vari\u00e9s, plut\u00f4t autonomes dans leur travail et ayant des pratiques de communication riches.<\/p>\n<h3><strong>Portrait des digital natives en France<br \/>\n<\/strong><\/h3>\n<ul>\n<li>9 millions de personnes sont n\u00e9es entre 1980 et 1990,<\/li>\n<li>seulement 55% des jeunes n\u00e9s entre 1980 et 1990 occupent un emploi,<\/li>\n<li>environ 1 actif occup\u00e9 sur 5 est \u00ab\u00a0digital native\u00a0\u00bb ; parmi ces \u00ab\u00a0digital natives\u00a0\u00bb seulement 9% sont des cadres.<\/li>\n<\/ul>\n<p>Une rupture importante qui caract\u00e9rise ces jeunes n\u00e9s apr\u00e8s 1980 est l&rsquo;installation massive dans une situation de fragilit\u00e9 \u00e9conomique. Le lien \u00e0 l&rsquo;entreprise a encore un caract\u00e8re fragile et temporaire (stages, CDD, contrats d&rsquo;apprentissages) pour 42% des actifs occup\u00e9s de la G\u00e9n\u00e9ration Y et le taux de ch\u00f4mage des jeunes continue \u00e0 s&rsquo;accentuer.<\/p>\n<p>En fait, nous assistons \u00e0 l&rsquo;augmentation du nombre de jeunes dipl\u00f4m\u00e9s par rapport aux g\u00e9n\u00e9rations pr\u00e9c\u00e9dentes, ce qui conduit \u00e0 un ph\u00e9nom\u00e8ne de d\u00e9classement du travail.<br \/>\nDu point de vue de la place qu&rsquo;ils accordent au travail, le discours nous pr\u00e9sente ces jeunes de la G\u00e9n\u00e9ration Y comme mettant le travail au deuxi\u00e8me plan et\u00a0comme \u00e9tant individualistes, avec une forte propension au changement.<br \/>\nLa situation \u00e9conomique pousse effectivement les jeunes \u00e0 se d\u00e9tacher du travail, mais n\u00e9anmoins, l&rsquo;\u00e9panouissement dans le travail reste au centre de leur construction identitaire. L&rsquo;instabilit\u00e9 de leur environnement explique les horizons temporels courts qui caract\u00e9risent, par exemple, leurs attitudes au travail.<\/p>\n<p>Par rapport aux g\u00e9n\u00e9rations pr\u00e9c\u00e9dentes, les jeunes de la G\u00e9n\u00e9ration Y sont en qu\u00eate d&rsquo;une r\u00e9ciprocit\u00e9 n\u00e9goci\u00e9e avec l&rsquo;entreprise \u00e0 plus court terme : ils souhaitent avoir des retours rapides pour leurs investissements vis-\u00e0-vis de l&rsquo;entreprise. Leur rapport au collectif est orient\u00e9 vers un <strong>\u00ab\u00a0individualisme coop\u00e9ratif\u00a0\u00bb <\/strong>.<\/p>\n<p>Autrement dit, les jeunes r\u00e9clament une marge importante d&rsquo;autonomie dans le travail, mais aussi une qu\u00eate de compl\u00e9mentarit\u00e9 des comp\u00e9tences et des modes relationnels, plus directs (y compris au niveau manag\u00e9rial). Nous sommes dans ce cas face \u00e0 des mutations profondes du monde du travail et pas seulement face \u00e0 un effet qui caract\u00e9riserait cette g\u00e9n\u00e9ration en particulier. Le discours nous les pr\u00e9sente aussi souvent comme m\u00e9langeant vie priv\u00e9e et professionnelle jusqu&rsquo;\u00e0 la confusion.<\/p>\n<p><strong>En effet, les jeunes de la G\u00e9n\u00e9ration Y semblent rechercher un meilleur \u00e9quilibre entre vie priv\u00e9e et vie professionnelle par rapport aux g\u00e9n\u00e9rations pr\u00e9c\u00e9dentes : <\/strong><\/p>\n<ul>\n<li>accent mis sur la possibilit\u00e9 d&rsquo;adapter les horaires \u00e0 la vie priv\u00e9e,<\/li>\n<li>souhait de t\u00e9l\u00e9travailler ponctuellement,<\/li>\n<li>int\u00e9r\u00eat pour les dispositifs permettant de moduler la place du travail dans leur parcours de vie (ex. cong\u00e9 parental).<\/li>\n<\/ul>\n<p><strong>L&rsquo;arriv\u00e9e dans l&rsquo;entreprise des jeunes correspond \u00e0 un moment particulier de leur cycle de vie, o\u00f9 les sph\u00e8res priv\u00e9es et professionnelles sont en cours de construction :<\/strong><\/p>\n<ul>\n<li>pas encore de contraintes professionnelles fortes (car pas encore des responsabilit\u00e9s importantes dans l&rsquo;entreprise),<\/li>\n<li>pas encore non plus de contraintes personnelles (car, souvent, ils n&rsquo;ont pas encore fond\u00e9 une famille).<\/li>\n<\/ul>\n<p>Par cons\u00e9quent, une premi\u00e8re tendance qui les caract\u00e9ris en arrivant dans l&rsquo;entreprise est de s\u00e9parer vie priv\u00e9e et professionnelle et non pas de\u00a0confondre ces deux sph\u00e8res.<br \/>\nDe ce point de vue, nous sommes, peut-\u00eatre, plus devant un effet d&rsquo;\u00e2ge que devant un effet g\u00e9n\u00e9rationnel.<\/p>\n<p>En ce qui concerne la diffusion des pratiques TIC innovantes dans l&rsquo;entreprise, un des r\u00e9sultats importants de notre enqu\u00eate est que ces jeunes repr\u00e9sentent un potentiel en mati\u00e8re de pratiques de communication pour l&rsquo;entreprise puisqu&rsquo;ils peuvent emporter localement, au niveau de leur collectif de travail, des pratiques de communication de la sph\u00e8re priv\u00e9e vers la sph\u00e8re professionnelle.<\/p>\n<h3><strong>D<\/strong><strong>eux \u00e9l\u00e9ments principaux expliquent ces transferts op\u00e9r\u00e9s par les jeunes de la G\u00e9n\u00e9ration Y<\/strong><\/h3>\n<ul>\n<li>ils sont plus \u00e9quip\u00e9s en TIC dans la sph\u00e8re priv\u00e9e que dans la sph\u00e8re professionnelle<\/li>\n<li>nouveaux arrivants dans l&rsquo;entreprise, ils ont un faible r\u00e9seau social qu&rsquo;ils cherchent \u00e0 renforcer en utilisant les TIC comme objet d&rsquo;\u00e9change avec leurs coll\u00e8gues plus exp\u00e9riment\u00e9s.<\/li>\n<\/ul>\n<p>Mais les jeunes ne pourront pas \u00ab\u00a0bouleverser\u00a0\u00bb seuls les processus de l&rsquo;entreprise.<\/p>\n<p>La coop\u00e9ration interg\u00e9n\u00e9rationnelle est n\u00e9cessaire pour que ces pratiques de communication innovantes soient diffus\u00e9es plus largement au niveau de l&rsquo;entreprise : les G\u00e9n Y contribuent \u00e0 l&rsquo;introduction extensive du web 2 en entreprise, mais les impacts productifs r\u00e9sultent de l&rsquo;intervention des G\u00e9n X (qui ont, eux aussi, des pratiques tr\u00e8s intensives de TIC en entreprise)<\/p>\n","protected":false},"excerpt":{"rendered":"<p>Conf\u00e9rence g\u00e9n\u00e9ration Y : le portrait robot des digital natives. Les petits d\u00e9jeuners du Web d&rsquo;Orange Business Services, nos lecteurs connaissent bien d\u00e9sormais. Je les ai cr\u00e9\u00e9s il y a maintenant 2 ans dans un but d&rsquo;ouverture et de partage, puis, en d\u00e9but de cette ann\u00e9e 2010, je les ai \u00e9galement ouverts \u00e0 l&rsquo;ext\u00e9rieur de &hellip;<\/p>\n","protected":false},"author":2,"featured_media":3579,"comment_status":"open","ping_status":"open","sticky":false,"template":"","format":"standard","meta":{"footnotes":""},"categories":[1613],"tags":[],"class_list":["post-3577","post","type-post","status-publish","format-standard","has-post-thumbnail","hentry","category-marketing-digital-marketing"],"yoast_head":"<!-- This site is optimized with the Yoast SEO plugin v27.4 - https:\/\/yoast.com\/product\/yoast-seo-wordpress\/ -->\n<title>Portrait des digital natives : entre discours et r\u00e9alit\u00e9 des g\u00e9n\u00e9rations<\/title>\n<meta name=\"description\" content=\"Conf\u00e9rence g\u00e9n\u00e9ration Y : le portrait robot des digital natives. Les petits d\u00e9jeuners du Web d&#039;Orange Business Services avec Anca Boboc %\" \/>\n<meta name=\"robots\" content=\"index, follow, max-snippet:-1, max-image-preview:large, max-video-preview:-1\" \/>\n<link rel=\"canonical\" href=\"https:\/\/visionarymarketing.com\/fr\/2010\/12\/21\/portrait-digital-natives\/\" \/>\n<meta property=\"og:locale\" content=\"fr_FR\" \/>\n<meta property=\"og:type\" content=\"article\" \/>\n<meta property=\"og:title\" content=\"Portrait des digital natives : entre discours et r\u00e9alit\u00e9 des g\u00e9n\u00e9rations\" \/>\n<meta property=\"og:description\" content=\"Conf\u00e9rence g\u00e9n\u00e9ration Y : le portrait robot des digital natives. Les petits d\u00e9jeuners du Web d&#039;Orange Business Services avec Anca Boboc %\" \/>\n<meta property=\"og:url\" content=\"https:\/\/visionarymarketing.com\/fr\/2010\/12\/21\/portrait-digital-natives\/\" \/>\n<meta property=\"og:site_name\" content=\"Marketing and Innovation\" \/>\n<meta property=\"article:publisher\" content=\"https:\/\/www.facebook.com\/vismktg\" \/>\n<meta property=\"article:author\" content=\"http:\/\/facebook.com\/ygourven\" \/>\n<meta property=\"article:published_time\" content=\"2010-12-21T06:30:30+00:00\" \/>\n<meta property=\"article:modified_time\" content=\"2022-07-20T06:31:59+00:00\" \/>\n<meta property=\"og:image\" content=\"https:\/\/visionarymarketing.com\/wp-content\/uploads\/2010\/12\/ancaboboc.jpg\" \/>\n\t<meta property=\"og:image:width\" content=\"479\" \/>\n\t<meta property=\"og:image:height\" content=\"282\" \/>\n\t<meta property=\"og:image:type\" content=\"image\/jpeg\" \/>\n<meta name=\"author\" content=\"Yann Gourvennec\" \/>\n<meta name=\"twitter:card\" content=\"summary_large_image\" \/>\n<meta name=\"twitter:creator\" content=\"@ygourven\" \/>\n<meta name=\"twitter:site\" content=\"@ygourven\" \/>\n<meta name=\"twitter:label1\" content=\"\u00c9crit par\" \/>\n\t<meta name=\"twitter:data1\" content=\"Yann Gourvennec\" \/>\n\t<meta name=\"twitter:label2\" content=\"Dur\u00e9e de lecture estim\u00e9e\" \/>\n\t<meta name=\"twitter:data2\" content=\"6 minutes\" \/>\n<script type=\"application\/ld+json\" class=\"yoast-schema-graph\">{\"@context\":\"https:\\\/\\\/schema.org\",\"@graph\":[{\"@type\":\"NewsArticle\",\"@id\":\"https:\\\/\\\/visionarymarketing.com\\\/fr\\\/2010\\\/12\\\/21\\\/portrait-digital-natives\\\/#article\",\"isPartOf\":{\"@id\":\"https:\\\/\\\/visionarymarketing.com\\\/fr\\\/2010\\\/12\\\/21\\\/portrait-digital-natives\\\/\"},\"author\":{\"name\":\"Yann Gourvennec\",\"@id\":\"https:\\\/\\\/visionarymarketing.com\\\/fr\\\/#\\\/schema\\\/person\\\/3754fee1e558f47b8deb46f53c37423e\"},\"headline\":\"Portrait des digital natives : entre discours et r\u00e9alit\u00e9 des g\u00e9n\u00e9rations\",\"datePublished\":\"2010-12-21T06:30:30+00:00\",\"dateModified\":\"2022-07-20T06:31:59+00:00\",\"mainEntityOfPage\":{\"@id\":\"https:\\\/\\\/visionarymarketing.com\\\/fr\\\/2010\\\/12\\\/21\\\/portrait-digital-natives\\\/\"},\"wordCount\":1296,\"commentCount\":0,\"image\":{\"@id\":\"https:\\\/\\\/visionarymarketing.com\\\/fr\\\/2010\\\/12\\\/21\\\/portrait-digital-natives\\\/#primaryimage\"},\"thumbnailUrl\":\"https:\\\/\\\/visionarymarketing.com\\\/wp-content\\\/uploads\\\/2010\\\/12\\\/ancaboboc.jpg\",\"articleSection\":[\"marketing digital\"],\"inLanguage\":\"fr-FR\",\"potentialAction\":[{\"@type\":\"CommentAction\",\"name\":\"Comment\",\"target\":[\"https:\\\/\\\/visionarymarketing.com\\\/fr\\\/2010\\\/12\\\/21\\\/portrait-digital-natives\\\/#respond\"]}]},{\"@type\":\"WebPage\",\"@id\":\"https:\\\/\\\/visionarymarketing.com\\\/fr\\\/2010\\\/12\\\/21\\\/portrait-digital-natives\\\/\",\"url\":\"https:\\\/\\\/visionarymarketing.com\\\/fr\\\/2010\\\/12\\\/21\\\/portrait-digital-natives\\\/\",\"name\":\"Portrait des digital natives : entre discours et r\u00e9alit\u00e9 des g\u00e9n\u00e9rations\",\"isPartOf\":{\"@id\":\"https:\\\/\\\/visionarymarketing.com\\\/fr\\\/#website\"},\"primaryImageOfPage\":{\"@id\":\"https:\\\/\\\/visionarymarketing.com\\\/fr\\\/2010\\\/12\\\/21\\\/portrait-digital-natives\\\/#primaryimage\"},\"image\":{\"@id\":\"https:\\\/\\\/visionarymarketing.com\\\/fr\\\/2010\\\/12\\\/21\\\/portrait-digital-natives\\\/#primaryimage\"},\"thumbnailUrl\":\"https:\\\/\\\/visionarymarketing.com\\\/wp-content\\\/uploads\\\/2010\\\/12\\\/ancaboboc.jpg\",\"datePublished\":\"2010-12-21T06:30:30+00:00\",\"dateModified\":\"2022-07-20T06:31:59+00:00\",\"author\":{\"@id\":\"https:\\\/\\\/visionarymarketing.com\\\/fr\\\/#\\\/schema\\\/person\\\/3754fee1e558f47b8deb46f53c37423e\"},\"description\":\"Conf\u00e9rence g\u00e9n\u00e9ration Y : le portrait robot des digital natives. Les petits d\u00e9jeuners du Web d'Orange Business Services avec Anca Boboc %\",\"breadcrumb\":{\"@id\":\"https:\\\/\\\/visionarymarketing.com\\\/fr\\\/2010\\\/12\\\/21\\\/portrait-digital-natives\\\/#breadcrumb\"},\"inLanguage\":\"fr-FR\",\"potentialAction\":[{\"@type\":\"ReadAction\",\"target\":[\"https:\\\/\\\/visionarymarketing.com\\\/fr\\\/2010\\\/12\\\/21\\\/portrait-digital-natives\\\/\"]}]},{\"@type\":\"ImageObject\",\"inLanguage\":\"fr-FR\",\"@id\":\"https:\\\/\\\/visionarymarketing.com\\\/fr\\\/2010\\\/12\\\/21\\\/portrait-digital-natives\\\/#primaryimage\",\"url\":\"https:\\\/\\\/visionarymarketing.com\\\/wp-content\\\/uploads\\\/2010\\\/12\\\/ancaboboc.jpg\",\"contentUrl\":\"https:\\\/\\\/visionarymarketing.com\\\/wp-content\\\/uploads\\\/2010\\\/12\\\/ancaboboc.jpg\",\"width\":479,\"height\":282},{\"@type\":\"BreadcrumbList\",\"@id\":\"https:\\\/\\\/visionarymarketing.com\\\/fr\\\/2010\\\/12\\\/21\\\/portrait-digital-natives\\\/#breadcrumb\",\"itemListElement\":[{\"@type\":\"ListItem\",\"position\":1,\"name\":\"Home\",\"item\":\"https:\\\/\\\/visionarymarketing.com\\\/fr\\\/\"},{\"@type\":\"ListItem\",\"position\":2,\"name\":\"Portrait des digital natives : entre discours et r\u00e9alit\u00e9 des g\u00e9n\u00e9rations\"}]},{\"@type\":\"WebSite\",\"@id\":\"https:\\\/\\\/visionarymarketing.com\\\/fr\\\/#website\",\"url\":\"https:\\\/\\\/visionarymarketing.com\\\/fr\\\/\",\"name\":\"Marketing and Innovation\",\"description\":\"Site d&#039;infos ind\u00e9pendant, depuis 1996\",\"potentialAction\":[{\"@type\":\"SearchAction\",\"target\":{\"@type\":\"EntryPoint\",\"urlTemplate\":\"https:\\\/\\\/visionarymarketing.com\\\/fr\\\/?s={search_term_string}\"},\"query-input\":{\"@type\":\"PropertyValueSpecification\",\"valueRequired\":true,\"valueName\":\"search_term_string\"}}],\"inLanguage\":\"fr-FR\"},{\"@type\":\"Person\",\"@id\":\"https:\\\/\\\/visionarymarketing.com\\\/fr\\\/#\\\/schema\\\/person\\\/3754fee1e558f47b8deb46f53c37423e\",\"name\":\"Yann Gourvennec\",\"image\":{\"@type\":\"ImageObject\",\"inLanguage\":\"fr-FR\",\"@id\":\"https:\\\/\\\/secure.gravatar.com\\\/avatar\\\/5972001801e8de5692a3e31224e85769f50a55fb8b679749f9c8d1868cceff14?s=96&d=initials&r=g&initials=yg\",\"url\":\"https:\\\/\\\/secure.gravatar.com\\\/avatar\\\/5972001801e8de5692a3e31224e85769f50a55fb8b679749f9c8d1868cceff14?s=96&d=initials&r=g&initials=yg\",\"contentUrl\":\"https:\\\/\\\/secure.gravatar.com\\\/avatar\\\/5972001801e8de5692a3e31224e85769f50a55fb8b679749f9c8d1868cceff14?s=96&d=initials&r=g&initials=yg\",\"caption\":\"Yann Gourvennec\"},\"description\":\"Yann Gourvennec created visionarymarketing.com in 1996. He is a speaker and author of many books. In 2014 he went from intrapreneur to entrepreneur, when he created his digital marketing agency. Yann Gourvennec a cr\u00e9\u00e9 visionarymarketing.com en 1996. Il est conf\u00e9rencier et auteur de plusieurs livres. En 2014, il est pass\u00e9 d'intrapreneur \u00e0 entrepreneur en cr\u00e9ant son agence de marketing num\u00e9rique.\",\"sameAs\":[\"https:\\\/\\\/visionarymarketing.com\",\"http:\\\/\\\/facebook.com\\\/ygourven\",\"http:\\\/\\\/linkedin.com\\\/in\\\/ygourven\",\"https:\\\/\\\/x.com\\\/ygourven\",\"https:\\\/\\\/www.youtube.com\\\/c\\\/visionarymarketingagency\"],\"url\":\"https:\\\/\\\/visionarymarketing.com\\\/fr\\\/author\\\/yann-gourvennec\\\/\"}]}<\/script>\n<!-- \/ Yoast SEO plugin. -->","yoast_head_json":{"title":"Portrait des digital natives : entre discours et r\u00e9alit\u00e9 des g\u00e9n\u00e9rations","description":"Conf\u00e9rence g\u00e9n\u00e9ration Y : le portrait robot des digital natives. Les petits d\u00e9jeuners du Web d'Orange Business Services avec Anca Boboc %","robots":{"index":"index","follow":"follow","max-snippet":"max-snippet:-1","max-image-preview":"max-image-preview:large","max-video-preview":"max-video-preview:-1"},"canonical":"https:\/\/visionarymarketing.com\/fr\/2010\/12\/21\/portrait-digital-natives\/","og_locale":"fr_FR","og_type":"article","og_title":"Portrait des digital natives : entre discours et r\u00e9alit\u00e9 des g\u00e9n\u00e9rations","og_description":"Conf\u00e9rence g\u00e9n\u00e9ration Y : le portrait robot des digital natives. Les petits d\u00e9jeuners du Web d'Orange Business Services avec Anca Boboc %","og_url":"https:\/\/visionarymarketing.com\/fr\/2010\/12\/21\/portrait-digital-natives\/","og_site_name":"Marketing and Innovation","article_publisher":"https:\/\/www.facebook.com\/vismktg","article_author":"http:\/\/facebook.com\/ygourven","article_published_time":"2010-12-21T06:30:30+00:00","article_modified_time":"2022-07-20T06:31:59+00:00","og_image":[{"width":479,"height":282,"url":"https:\/\/visionarymarketing.com\/wp-content\/uploads\/2010\/12\/ancaboboc.jpg","type":"image\/jpeg"}],"author":"Yann Gourvennec","twitter_card":"summary_large_image","twitter_creator":"@ygourven","twitter_site":"@ygourven","twitter_misc":{"\u00c9crit par":"Yann Gourvennec","Dur\u00e9e de lecture estim\u00e9e":"6 minutes"},"schema":{"@context":"https:\/\/schema.org","@graph":[{"@type":"NewsArticle","@id":"https:\/\/visionarymarketing.com\/fr\/2010\/12\/21\/portrait-digital-natives\/#article","isPartOf":{"@id":"https:\/\/visionarymarketing.com\/fr\/2010\/12\/21\/portrait-digital-natives\/"},"author":{"name":"Yann Gourvennec","@id":"https:\/\/visionarymarketing.com\/fr\/#\/schema\/person\/3754fee1e558f47b8deb46f53c37423e"},"headline":"Portrait des digital natives : entre discours et r\u00e9alit\u00e9 des g\u00e9n\u00e9rations","datePublished":"2010-12-21T06:30:30+00:00","dateModified":"2022-07-20T06:31:59+00:00","mainEntityOfPage":{"@id":"https:\/\/visionarymarketing.com\/fr\/2010\/12\/21\/portrait-digital-natives\/"},"wordCount":1296,"commentCount":0,"image":{"@id":"https:\/\/visionarymarketing.com\/fr\/2010\/12\/21\/portrait-digital-natives\/#primaryimage"},"thumbnailUrl":"https:\/\/visionarymarketing.com\/wp-content\/uploads\/2010\/12\/ancaboboc.jpg","articleSection":["marketing digital"],"inLanguage":"fr-FR","potentialAction":[{"@type":"CommentAction","name":"Comment","target":["https:\/\/visionarymarketing.com\/fr\/2010\/12\/21\/portrait-digital-natives\/#respond"]}]},{"@type":"WebPage","@id":"https:\/\/visionarymarketing.com\/fr\/2010\/12\/21\/portrait-digital-natives\/","url":"https:\/\/visionarymarketing.com\/fr\/2010\/12\/21\/portrait-digital-natives\/","name":"Portrait des digital natives : entre discours et r\u00e9alit\u00e9 des g\u00e9n\u00e9rations","isPartOf":{"@id":"https:\/\/visionarymarketing.com\/fr\/#website"},"primaryImageOfPage":{"@id":"https:\/\/visionarymarketing.com\/fr\/2010\/12\/21\/portrait-digital-natives\/#primaryimage"},"image":{"@id":"https:\/\/visionarymarketing.com\/fr\/2010\/12\/21\/portrait-digital-natives\/#primaryimage"},"thumbnailUrl":"https:\/\/visionarymarketing.com\/wp-content\/uploads\/2010\/12\/ancaboboc.jpg","datePublished":"2010-12-21T06:30:30+00:00","dateModified":"2022-07-20T06:31:59+00:00","author":{"@id":"https:\/\/visionarymarketing.com\/fr\/#\/schema\/person\/3754fee1e558f47b8deb46f53c37423e"},"description":"Conf\u00e9rence g\u00e9n\u00e9ration Y : le portrait robot des digital natives. Les petits d\u00e9jeuners du Web d'Orange Business Services avec Anca Boboc %","breadcrumb":{"@id":"https:\/\/visionarymarketing.com\/fr\/2010\/12\/21\/portrait-digital-natives\/#breadcrumb"},"inLanguage":"fr-FR","potentialAction":[{"@type":"ReadAction","target":["https:\/\/visionarymarketing.com\/fr\/2010\/12\/21\/portrait-digital-natives\/"]}]},{"@type":"ImageObject","inLanguage":"fr-FR","@id":"https:\/\/visionarymarketing.com\/fr\/2010\/12\/21\/portrait-digital-natives\/#primaryimage","url":"https:\/\/visionarymarketing.com\/wp-content\/uploads\/2010\/12\/ancaboboc.jpg","contentUrl":"https:\/\/visionarymarketing.com\/wp-content\/uploads\/2010\/12\/ancaboboc.jpg","width":479,"height":282},{"@type":"BreadcrumbList","@id":"https:\/\/visionarymarketing.com\/fr\/2010\/12\/21\/portrait-digital-natives\/#breadcrumb","itemListElement":[{"@type":"ListItem","position":1,"name":"Home","item":"https:\/\/visionarymarketing.com\/fr\/"},{"@type":"ListItem","position":2,"name":"Portrait des digital natives : entre discours et r\u00e9alit\u00e9 des g\u00e9n\u00e9rations"}]},{"@type":"WebSite","@id":"https:\/\/visionarymarketing.com\/fr\/#website","url":"https:\/\/visionarymarketing.com\/fr\/","name":"Marketing and Innovation","description":"Site d&#039;infos ind\u00e9pendant, depuis 1996","potentialAction":[{"@type":"SearchAction","target":{"@type":"EntryPoint","urlTemplate":"https:\/\/visionarymarketing.com\/fr\/?s={search_term_string}"},"query-input":{"@type":"PropertyValueSpecification","valueRequired":true,"valueName":"search_term_string"}}],"inLanguage":"fr-FR"},{"@type":"Person","@id":"https:\/\/visionarymarketing.com\/fr\/#\/schema\/person\/3754fee1e558f47b8deb46f53c37423e","name":"Yann Gourvennec","image":{"@type":"ImageObject","inLanguage":"fr-FR","@id":"https:\/\/secure.gravatar.com\/avatar\/5972001801e8de5692a3e31224e85769f50a55fb8b679749f9c8d1868cceff14?s=96&d=initials&r=g&initials=yg","url":"https:\/\/secure.gravatar.com\/avatar\/5972001801e8de5692a3e31224e85769f50a55fb8b679749f9c8d1868cceff14?s=96&d=initials&r=g&initials=yg","contentUrl":"https:\/\/secure.gravatar.com\/avatar\/5972001801e8de5692a3e31224e85769f50a55fb8b679749f9c8d1868cceff14?s=96&d=initials&r=g&initials=yg","caption":"Yann Gourvennec"},"description":"Yann Gourvennec created visionarymarketing.com in 1996. He is a speaker and author of many books. In 2014 he went from intrapreneur to entrepreneur, when he created his digital marketing agency. Yann Gourvennec a cr\u00e9\u00e9 visionarymarketing.com en 1996. Il est conf\u00e9rencier et auteur de plusieurs livres. En 2014, il est pass\u00e9 d'intrapreneur \u00e0 entrepreneur en cr\u00e9ant son agence de marketing num\u00e9rique.","sameAs":["https:\/\/visionarymarketing.com","http:\/\/facebook.com\/ygourven","http:\/\/linkedin.com\/in\/ygourven","https:\/\/x.com\/ygourven","https:\/\/www.youtube.com\/c\/visionarymarketingagency"],"url":"https:\/\/visionarymarketing.com\/fr\/author\/yann-gourvennec\/"}]}},"_links":{"self":[{"href":"https:\/\/visionarymarketing.com\/fr\/wp-json\/wp\/v2\/posts\/3577","targetHints":{"allow":["GET"]}}],"collection":[{"href":"https:\/\/visionarymarketing.com\/fr\/wp-json\/wp\/v2\/posts"}],"about":[{"href":"https:\/\/visionarymarketing.com\/fr\/wp-json\/wp\/v2\/types\/post"}],"author":[{"embeddable":true,"href":"https:\/\/visionarymarketing.com\/fr\/wp-json\/wp\/v2\/users\/2"}],"replies":[{"embeddable":true,"href":"https:\/\/visionarymarketing.com\/fr\/wp-json\/wp\/v2\/comments?post=3577"}],"version-history":[{"count":0,"href":"https:\/\/visionarymarketing.com\/fr\/wp-json\/wp\/v2\/posts\/3577\/revisions"}],"wp:featuredmedia":[{"embeddable":true,"href":"https:\/\/visionarymarketing.com\/fr\/wp-json\/wp\/v2\/media\/3579"}],"wp:attachment":[{"href":"https:\/\/visionarymarketing.com\/fr\/wp-json\/wp\/v2\/media?parent=3577"}],"wp:term":[{"taxonomy":"category","embeddable":true,"href":"https:\/\/visionarymarketing.com\/fr\/wp-json\/wp\/v2\/categories?post=3577"},{"taxonomy":"post_tag","embeddable":true,"href":"https:\/\/visionarymarketing.com\/fr\/wp-json\/wp\/v2\/tags?post=3577"}],"curies":[{"name":"wp","href":"https:\/\/api.w.org\/{rel}","templated":true}]}}