{"id":3503,"date":"2010-12-01T12:36:49","date_gmt":"2010-12-01T12:36:49","guid":{"rendered":"http:\/\/visionary.wordpress.com\/?p=3503"},"modified":"2021-04-23T15:39:31","modified_gmt":"2021-04-23T13:39:31","slug":"areva-sur-les-medias-sociaux","status":"publish","type":"post","link":"https:\/\/visionarymarketing.com\/fr\/2010\/12\/01\/areva-sur-les-medias-sociaux\/","title":{"rendered":"Areva sur les m\u00e9dias sociaux"},"content":{"rendered":"<p><em>Hier j&rsquo;\u00e9tais parti faire une intervention chez Areva sur les m\u00e9dias sociaux. A peine le temps de rentrer au bureau que mon ami et confr\u00e8re Herv\u00e9 Kabla a d\u00e9j\u00e0 \u00e9crit un post sur<a title=\"Media Aces France\" href=\"https:\/\/web.archive.org\/web\/20110424001908\/http:\/\/media-aces.org\/\" target=\"_blank\" rel=\"noopener noreferrer\"> le blog de Media Aces<\/a>. Je relaie ici : <\/em><\/p>\n<p>\u00ab\u00a0J&rsquo;accompagnai ce midi Yann chez Areva, pour une pr\u00e9sentation des m\u00e9dias sociaux en entreprise aupr\u00e8s d&rsquo;une centaine de personnes, pour des projets int\u00e9ressants, autour de la\u00a0<span class=\"removed_link\" title=\"http:\/\/www.facebook.com\/arevagroup\">pr\u00e9sence de cette entreprise sur Facebook<\/span>. Je d\u00e9couvre au passage\u00a0<a href=\"http:\/\/twitter.com\/#!\/AREVAgroup\" target=\"_blank\" rel=\"noopener noreferrer\">qu&rsquo;Areva a lanc\u00e9 plusieurs comptes Twitter, dont celui-ci<\/a>. Plus de nouveaut\u00e9s \u00e0 venir dans les prochaines semaines&#8230;<\/p>\n<p><img decoding=\"async\" class=\"aligncenter wp-image-52217 size-full\" src=\"https:\/\/visionarymarketing.com\/wp-content\/uploads\/2010\/12\/156304_465181292594_549122594_6198193_67943_n-e1585987117620.jpg\" alt=\"Areva M\u00e9dias sociaux\" width=\"519\" height=\"340\" \/><\/p>\n<p>C&rsquo;est un pari courageux, quelque dix-huit mois apr\u00e8s <a href=\"https:\/\/web.archive.org\/web\/20210216080006\/http:\/\/us.arevablog.com\/\" target=\"_blank\" rel=\"noopener noreferrer\">le lancement du blog d&rsquo;Areva Inc<\/a>. A quand un t\u00e9moignage Areva lors d&rsquo;une conf\u00e9rence Media Aces? Qu&rsquo;aimeriez-vous apprendre de leur part?<\/p>\n<p>PS: un grand merci \u00a0\u00e0 Nicolas Jambin de <a href=\"http:\/\/heaven.fr\">Heaven<\/a>, pour son initiative.<\/p>\n<p><strong>Voici la pr\u00e9sentation (avec tout le commentaire en Anglais):<\/strong><\/p>\n<blockquote class=\"quote-light\"><p>[slideshare id=5970090&amp;doc=areva-medias-sociaux-nov2010-new5-101129120807-phpapp01]<\/p><\/blockquote>\n","protected":false},"excerpt":{"rendered":"<p>Hier j&rsquo;\u00e9tais parti faire une intervention chez Areva sur les m\u00e9dias sociaux. A peine le temps de rentrer au bureau que mon ami et confr\u00e8re Herv\u00e9 Kabla a d\u00e9j\u00e0 \u00e9crit un post sur le blog de Media Aces. Je relaie ici : \u00ab\u00a0J&rsquo;accompagnai ce midi Yann chez Areva, pour une pr\u00e9sentation des m\u00e9dias sociaux en &hellip;<\/p>\n","protected":false},"author":2,"featured_media":52217,"comment_status":"open","ping_status":"open","sticky":false,"template":"","format":"standard","meta":{"footnotes":""},"categories":[25],"tags":[],"class_list":["post-3503","post","type-post","status-publish","format-standard","has-post-thumbnail","hentry","category-medias-sociaux"],"yoast_head":"<!-- This site is optimized with the Yoast SEO plugin v27.5 - https:\/\/yoast.com\/product\/yoast-seo-wordpress\/ -->\n<title>Areva sur les m\u00e9dias sociaux avec Herv\u00e9 Kabla et Visionary Marketing<\/title>\n<meta name=\"description\" content=\"Hier j&#039;\u00e9tais parti faire une intervention chez Areva sur les m\u00e9dias sociaux. Mon confr\u00e8re Herv\u00e9 Kabla a d\u00e9j\u00e0 \u00e9crit un post de blog\" \/>\n<meta name=\"robots\" content=\"noindex, follow\" \/>\n<meta property=\"og:locale\" content=\"fr_FR\" \/>\n<meta property=\"og:type\" content=\"article\" \/>\n<meta property=\"og:title\" content=\"Areva sur les m\u00e9dias sociaux avec Herv\u00e9 Kabla et Visionary Marketing\" \/>\n<meta property=\"og:description\" content=\"Hier j&#039;\u00e9tais parti faire une intervention chez Areva sur les m\u00e9dias sociaux. Mon confr\u00e8re Herv\u00e9 Kabla a d\u00e9j\u00e0 \u00e9crit un post de blog\" \/>\n<meta property=\"og:url\" content=\"https:\/\/visionarymarketing.com\/fr\/2010\/12\/01\/areva-sur-les-medias-sociaux\/\" \/>\n<meta property=\"og:site_name\" content=\"Marketing and Innovation\" \/>\n<meta property=\"article:publisher\" content=\"https:\/\/www.facebook.com\/vismktg\" \/>\n<meta property=\"article:author\" content=\"http:\/\/facebook.com\/ygourven\" \/>\n<meta property=\"article:published_time\" content=\"2010-12-01T12:36:49+00:00\" \/>\n<meta property=\"article:modified_time\" content=\"2021-04-23T13:39:31+00:00\" \/>\n<meta property=\"og:image\" content=\"https:\/\/visionarymarketing.com\/wp-content\/uploads\/2010\/12\/156304_465181292594_549122594_6198193_67943_n-e1585987117620.jpg\" \/>\n\t<meta property=\"og:image:width\" content=\"720\" \/>\n\t<meta property=\"og:image:height\" content=\"538\" \/>\n\t<meta property=\"og:image:type\" content=\"image\/jpeg\" \/>\n<meta name=\"author\" content=\"Yann Gourvennec\" \/>\n<meta name=\"twitter:card\" content=\"summary_large_image\" \/>\n<meta name=\"twitter:creator\" content=\"@ygourven\" \/>\n<meta name=\"twitter:site\" content=\"@ygourven\" \/>\n<meta name=\"twitter:label1\" content=\"\u00c9crit par\" \/>\n\t<meta name=\"twitter:data1\" content=\"Yann Gourvennec\" \/>\n\t<meta name=\"twitter:label2\" content=\"Dur\u00e9e de lecture estim\u00e9e\" \/>\n\t<meta name=\"twitter:data2\" content=\"1 minute\" \/>\n<script type=\"application\/ld+json\" class=\"yoast-schema-graph\">{\"@context\":\"https:\\\/\\\/schema.org\",\"@graph\":[{\"@type\":\"NewsArticle\",\"@id\":\"https:\\\/\\\/visionarymarketing.com\\\/fr\\\/2010\\\/12\\\/01\\\/areva-sur-les-medias-sociaux\\\/#article\",\"isPartOf\":{\"@id\":\"https:\\\/\\\/visionarymarketing.com\\\/fr\\\/2010\\\/12\\\/01\\\/areva-sur-les-medias-sociaux\\\/\"},\"author\":{\"name\":\"Yann Gourvennec\",\"@id\":\"https:\\\/\\\/visionarymarketing.com\\\/fr\\\/#\\\/schema\\\/person\\\/3754fee1e558f47b8deb46f53c37423e\"},\"headline\":\"Areva sur les m\u00e9dias sociaux\",\"datePublished\":\"2010-12-01T12:36:49+00:00\",\"dateModified\":\"2021-04-23T13:39:31+00:00\",\"mainEntityOfPage\":{\"@id\":\"https:\\\/\\\/visionarymarketing.com\\\/fr\\\/2010\\\/12\\\/01\\\/areva-sur-les-medias-sociaux\\\/\"},\"wordCount\":178,\"commentCount\":0,\"image\":{\"@id\":\"https:\\\/\\\/visionarymarketing.com\\\/fr\\\/2010\\\/12\\\/01\\\/areva-sur-les-medias-sociaux\\\/#primaryimage\"},\"thumbnailUrl\":\"https:\\\/\\\/visionarymarketing.com\\\/wp-content\\\/uploads\\\/2010\\\/12\\\/156304_465181292594_549122594_6198193_67943_n-e1585987117620.jpg\",\"articleSection\":[\"m\u00e9dias \\\/ r\u00e9seaux sociaux\"],\"inLanguage\":\"fr-FR\",\"potentialAction\":[{\"@type\":\"CommentAction\",\"name\":\"Comment\",\"target\":[\"https:\\\/\\\/visionarymarketing.com\\\/fr\\\/2010\\\/12\\\/01\\\/areva-sur-les-medias-sociaux\\\/#respond\"]}]},{\"@type\":\"WebPage\",\"@id\":\"https:\\\/\\\/visionarymarketing.com\\\/fr\\\/2010\\\/12\\\/01\\\/areva-sur-les-medias-sociaux\\\/\",\"url\":\"https:\\\/\\\/visionarymarketing.com\\\/fr\\\/2010\\\/12\\\/01\\\/areva-sur-les-medias-sociaux\\\/\",\"name\":\"Areva sur les m\u00e9dias sociaux avec Herv\u00e9 Kabla et Visionary Marketing\",\"isPartOf\":{\"@id\":\"https:\\\/\\\/visionarymarketing.com\\\/fr\\\/#website\"},\"primaryImageOfPage\":{\"@id\":\"https:\\\/\\\/visionarymarketing.com\\\/fr\\\/2010\\\/12\\\/01\\\/areva-sur-les-medias-sociaux\\\/#primaryimage\"},\"image\":{\"@id\":\"https:\\\/\\\/visionarymarketing.com\\\/fr\\\/2010\\\/12\\\/01\\\/areva-sur-les-medias-sociaux\\\/#primaryimage\"},\"thumbnailUrl\":\"https:\\\/\\\/visionarymarketing.com\\\/wp-content\\\/uploads\\\/2010\\\/12\\\/156304_465181292594_549122594_6198193_67943_n-e1585987117620.jpg\",\"datePublished\":\"2010-12-01T12:36:49+00:00\",\"dateModified\":\"2021-04-23T13:39:31+00:00\",\"author\":{\"@id\":\"https:\\\/\\\/visionarymarketing.com\\\/fr\\\/#\\\/schema\\\/person\\\/3754fee1e558f47b8deb46f53c37423e\"},\"description\":\"Hier j'\u00e9tais parti faire une intervention chez Areva sur les m\u00e9dias sociaux. Mon confr\u00e8re Herv\u00e9 Kabla a d\u00e9j\u00e0 \u00e9crit un post de blog\",\"breadcrumb\":{\"@id\":\"https:\\\/\\\/visionarymarketing.com\\\/fr\\\/2010\\\/12\\\/01\\\/areva-sur-les-medias-sociaux\\\/#breadcrumb\"},\"inLanguage\":\"fr-FR\",\"potentialAction\":[{\"@type\":\"ReadAction\",\"target\":[\"https:\\\/\\\/visionarymarketing.com\\\/fr\\\/2010\\\/12\\\/01\\\/areva-sur-les-medias-sociaux\\\/\"]}]},{\"@type\":\"ImageObject\",\"inLanguage\":\"fr-FR\",\"@id\":\"https:\\\/\\\/visionarymarketing.com\\\/fr\\\/2010\\\/12\\\/01\\\/areva-sur-les-medias-sociaux\\\/#primaryimage\",\"url\":\"https:\\\/\\\/visionarymarketing.com\\\/wp-content\\\/uploads\\\/2010\\\/12\\\/156304_465181292594_549122594_6198193_67943_n-e1585987117620.jpg\",\"contentUrl\":\"https:\\\/\\\/visionarymarketing.com\\\/wp-content\\\/uploads\\\/2010\\\/12\\\/156304_465181292594_549122594_6198193_67943_n-e1585987117620.jpg\",\"width\":519,\"height\":340},{\"@type\":\"BreadcrumbList\",\"@id\":\"https:\\\/\\\/visionarymarketing.com\\\/fr\\\/2010\\\/12\\\/01\\\/areva-sur-les-medias-sociaux\\\/#breadcrumb\",\"itemListElement\":[{\"@type\":\"ListItem\",\"position\":1,\"name\":\"Home\",\"item\":\"https:\\\/\\\/visionarymarketing.com\\\/fr\\\/\"},{\"@type\":\"ListItem\",\"position\":2,\"name\":\"Areva sur les m\u00e9dias sociaux\"}]},{\"@type\":\"WebSite\",\"@id\":\"https:\\\/\\\/visionarymarketing.com\\\/fr\\\/#website\",\"url\":\"https:\\\/\\\/visionarymarketing.com\\\/fr\\\/\",\"name\":\"Marketing and Innovation\",\"description\":\"Site d&#039;infos ind\u00e9pendant, depuis 1996\",\"potentialAction\":[{\"@type\":\"SearchAction\",\"target\":{\"@type\":\"EntryPoint\",\"urlTemplate\":\"https:\\\/\\\/visionarymarketing.com\\\/fr\\\/?s={search_term_string}\"},\"query-input\":{\"@type\":\"PropertyValueSpecification\",\"valueRequired\":true,\"valueName\":\"search_term_string\"}}],\"inLanguage\":\"fr-FR\"},{\"@type\":\"Person\",\"@id\":\"https:\\\/\\\/visionarymarketing.com\\\/fr\\\/#\\\/schema\\\/person\\\/3754fee1e558f47b8deb46f53c37423e\",\"name\":\"Yann Gourvennec\",\"image\":{\"@type\":\"ImageObject\",\"inLanguage\":\"fr-FR\",\"@id\":\"https:\\\/\\\/secure.gravatar.com\\\/avatar\\\/5972001801e8de5692a3e31224e85769f50a55fb8b679749f9c8d1868cceff14?s=96&d=initials&r=g&initials=yg\",\"url\":\"https:\\\/\\\/secure.gravatar.com\\\/avatar\\\/5972001801e8de5692a3e31224e85769f50a55fb8b679749f9c8d1868cceff14?s=96&d=initials&r=g&initials=yg\",\"contentUrl\":\"https:\\\/\\\/secure.gravatar.com\\\/avatar\\\/5972001801e8de5692a3e31224e85769f50a55fb8b679749f9c8d1868cceff14?s=96&d=initials&r=g&initials=yg\",\"caption\":\"Yann Gourvennec\"},\"description\":\"Yann Gourvennec created visionarymarketing.com in 1996. He is a speaker and author of many books. In 2014 he went from intrapreneur to entrepreneur, when he created his digital marketing agency. Yann Gourvennec a cr\u00e9\u00e9 visionarymarketing.com en 1996. Il est conf\u00e9rencier et auteur de plusieurs livres. En 2014, il est pass\u00e9 d'intrapreneur \u00e0 entrepreneur en cr\u00e9ant son agence de marketing num\u00e9rique.\",\"sameAs\":[\"https:\\\/\\\/visionarymarketing.com\",\"http:\\\/\\\/facebook.com\\\/ygourven\",\"http:\\\/\\\/linkedin.com\\\/in\\\/ygourven\",\"https:\\\/\\\/x.com\\\/ygourven\",\"https:\\\/\\\/www.youtube.com\\\/c\\\/visionarymarketingagency\"],\"url\":\"https:\\\/\\\/visionarymarketing.com\\\/fr\\\/author\\\/yann-gourvennec\\\/\"}]}<\/script>\n<!-- \/ Yoast SEO plugin. -->","yoast_head_json":{"title":"Areva sur les m\u00e9dias sociaux avec Herv\u00e9 Kabla et Visionary Marketing","description":"Hier j'\u00e9tais parti faire une intervention chez Areva sur les m\u00e9dias sociaux. Mon confr\u00e8re Herv\u00e9 Kabla a d\u00e9j\u00e0 \u00e9crit un post de blog","robots":{"index":"noindex","follow":"follow"},"og_locale":"fr_FR","og_type":"article","og_title":"Areva sur les m\u00e9dias sociaux avec Herv\u00e9 Kabla et Visionary Marketing","og_description":"Hier j'\u00e9tais parti faire une intervention chez Areva sur les m\u00e9dias sociaux. Mon confr\u00e8re Herv\u00e9 Kabla a d\u00e9j\u00e0 \u00e9crit un post de blog","og_url":"https:\/\/visionarymarketing.com\/fr\/2010\/12\/01\/areva-sur-les-medias-sociaux\/","og_site_name":"Marketing and Innovation","article_publisher":"https:\/\/www.facebook.com\/vismktg","article_author":"http:\/\/facebook.com\/ygourven","article_published_time":"2010-12-01T12:36:49+00:00","article_modified_time":"2021-04-23T13:39:31+00:00","og_image":[{"width":720,"height":538,"url":"https:\/\/visionarymarketing.com\/wp-content\/uploads\/2010\/12\/156304_465181292594_549122594_6198193_67943_n-e1585987117620.jpg","type":"image\/jpeg"}],"author":"Yann Gourvennec","twitter_card":"summary_large_image","twitter_creator":"@ygourven","twitter_site":"@ygourven","twitter_misc":{"\u00c9crit par":"Yann Gourvennec","Dur\u00e9e de lecture estim\u00e9e":"1 minute"},"schema":{"@context":"https:\/\/schema.org","@graph":[{"@type":"NewsArticle","@id":"https:\/\/visionarymarketing.com\/fr\/2010\/12\/01\/areva-sur-les-medias-sociaux\/#article","isPartOf":{"@id":"https:\/\/visionarymarketing.com\/fr\/2010\/12\/01\/areva-sur-les-medias-sociaux\/"},"author":{"name":"Yann Gourvennec","@id":"https:\/\/visionarymarketing.com\/fr\/#\/schema\/person\/3754fee1e558f47b8deb46f53c37423e"},"headline":"Areva sur les m\u00e9dias sociaux","datePublished":"2010-12-01T12:36:49+00:00","dateModified":"2021-04-23T13:39:31+00:00","mainEntityOfPage":{"@id":"https:\/\/visionarymarketing.com\/fr\/2010\/12\/01\/areva-sur-les-medias-sociaux\/"},"wordCount":178,"commentCount":0,"image":{"@id":"https:\/\/visionarymarketing.com\/fr\/2010\/12\/01\/areva-sur-les-medias-sociaux\/#primaryimage"},"thumbnailUrl":"https:\/\/visionarymarketing.com\/wp-content\/uploads\/2010\/12\/156304_465181292594_549122594_6198193_67943_n-e1585987117620.jpg","articleSection":["m\u00e9dias \/ r\u00e9seaux sociaux"],"inLanguage":"fr-FR","potentialAction":[{"@type":"CommentAction","name":"Comment","target":["https:\/\/visionarymarketing.com\/fr\/2010\/12\/01\/areva-sur-les-medias-sociaux\/#respond"]}]},{"@type":"WebPage","@id":"https:\/\/visionarymarketing.com\/fr\/2010\/12\/01\/areva-sur-les-medias-sociaux\/","url":"https:\/\/visionarymarketing.com\/fr\/2010\/12\/01\/areva-sur-les-medias-sociaux\/","name":"Areva sur les m\u00e9dias sociaux avec Herv\u00e9 Kabla et Visionary Marketing","isPartOf":{"@id":"https:\/\/visionarymarketing.com\/fr\/#website"},"primaryImageOfPage":{"@id":"https:\/\/visionarymarketing.com\/fr\/2010\/12\/01\/areva-sur-les-medias-sociaux\/#primaryimage"},"image":{"@id":"https:\/\/visionarymarketing.com\/fr\/2010\/12\/01\/areva-sur-les-medias-sociaux\/#primaryimage"},"thumbnailUrl":"https:\/\/visionarymarketing.com\/wp-content\/uploads\/2010\/12\/156304_465181292594_549122594_6198193_67943_n-e1585987117620.jpg","datePublished":"2010-12-01T12:36:49+00:00","dateModified":"2021-04-23T13:39:31+00:00","author":{"@id":"https:\/\/visionarymarketing.com\/fr\/#\/schema\/person\/3754fee1e558f47b8deb46f53c37423e"},"description":"Hier j'\u00e9tais parti faire une intervention chez Areva sur les m\u00e9dias sociaux. Mon confr\u00e8re Herv\u00e9 Kabla a d\u00e9j\u00e0 \u00e9crit un post de blog","breadcrumb":{"@id":"https:\/\/visionarymarketing.com\/fr\/2010\/12\/01\/areva-sur-les-medias-sociaux\/#breadcrumb"},"inLanguage":"fr-FR","potentialAction":[{"@type":"ReadAction","target":["https:\/\/visionarymarketing.com\/fr\/2010\/12\/01\/areva-sur-les-medias-sociaux\/"]}]},{"@type":"ImageObject","inLanguage":"fr-FR","@id":"https:\/\/visionarymarketing.com\/fr\/2010\/12\/01\/areva-sur-les-medias-sociaux\/#primaryimage","url":"https:\/\/visionarymarketing.com\/wp-content\/uploads\/2010\/12\/156304_465181292594_549122594_6198193_67943_n-e1585987117620.jpg","contentUrl":"https:\/\/visionarymarketing.com\/wp-content\/uploads\/2010\/12\/156304_465181292594_549122594_6198193_67943_n-e1585987117620.jpg","width":519,"height":340},{"@type":"BreadcrumbList","@id":"https:\/\/visionarymarketing.com\/fr\/2010\/12\/01\/areva-sur-les-medias-sociaux\/#breadcrumb","itemListElement":[{"@type":"ListItem","position":1,"name":"Home","item":"https:\/\/visionarymarketing.com\/fr\/"},{"@type":"ListItem","position":2,"name":"Areva sur les m\u00e9dias sociaux"}]},{"@type":"WebSite","@id":"https:\/\/visionarymarketing.com\/fr\/#website","url":"https:\/\/visionarymarketing.com\/fr\/","name":"Marketing and Innovation","description":"Site d&#039;infos ind\u00e9pendant, depuis 1996","potentialAction":[{"@type":"SearchAction","target":{"@type":"EntryPoint","urlTemplate":"https:\/\/visionarymarketing.com\/fr\/?s={search_term_string}"},"query-input":{"@type":"PropertyValueSpecification","valueRequired":true,"valueName":"search_term_string"}}],"inLanguage":"fr-FR"},{"@type":"Person","@id":"https:\/\/visionarymarketing.com\/fr\/#\/schema\/person\/3754fee1e558f47b8deb46f53c37423e","name":"Yann Gourvennec","image":{"@type":"ImageObject","inLanguage":"fr-FR","@id":"https:\/\/secure.gravatar.com\/avatar\/5972001801e8de5692a3e31224e85769f50a55fb8b679749f9c8d1868cceff14?s=96&d=initials&r=g&initials=yg","url":"https:\/\/secure.gravatar.com\/avatar\/5972001801e8de5692a3e31224e85769f50a55fb8b679749f9c8d1868cceff14?s=96&d=initials&r=g&initials=yg","contentUrl":"https:\/\/secure.gravatar.com\/avatar\/5972001801e8de5692a3e31224e85769f50a55fb8b679749f9c8d1868cceff14?s=96&d=initials&r=g&initials=yg","caption":"Yann Gourvennec"},"description":"Yann Gourvennec created visionarymarketing.com in 1996. He is a speaker and author of many books. In 2014 he went from intrapreneur to entrepreneur, when he created his digital marketing agency. Yann Gourvennec a cr\u00e9\u00e9 visionarymarketing.com en 1996. Il est conf\u00e9rencier et auteur de plusieurs livres. En 2014, il est pass\u00e9 d'intrapreneur \u00e0 entrepreneur en cr\u00e9ant son agence de marketing num\u00e9rique.","sameAs":["https:\/\/visionarymarketing.com","http:\/\/facebook.com\/ygourven","http:\/\/linkedin.com\/in\/ygourven","https:\/\/x.com\/ygourven","https:\/\/www.youtube.com\/c\/visionarymarketingagency"],"url":"https:\/\/visionarymarketing.com\/fr\/author\/yann-gourvennec\/"}]}},"_links":{"self":[{"href":"https:\/\/visionarymarketing.com\/fr\/wp-json\/wp\/v2\/posts\/3503","targetHints":{"allow":["GET"]}}],"collection":[{"href":"https:\/\/visionarymarketing.com\/fr\/wp-json\/wp\/v2\/posts"}],"about":[{"href":"https:\/\/visionarymarketing.com\/fr\/wp-json\/wp\/v2\/types\/post"}],"author":[{"embeddable":true,"href":"https:\/\/visionarymarketing.com\/fr\/wp-json\/wp\/v2\/users\/2"}],"replies":[{"embeddable":true,"href":"https:\/\/visionarymarketing.com\/fr\/wp-json\/wp\/v2\/comments?post=3503"}],"version-history":[{"count":0,"href":"https:\/\/visionarymarketing.com\/fr\/wp-json\/wp\/v2\/posts\/3503\/revisions"}],"wp:featuredmedia":[{"embeddable":true,"href":"https:\/\/visionarymarketing.com\/fr\/wp-json\/wp\/v2\/media\/52217"}],"wp:attachment":[{"href":"https:\/\/visionarymarketing.com\/fr\/wp-json\/wp\/v2\/media?parent=3503"}],"wp:term":[{"taxonomy":"category","embeddable":true,"href":"https:\/\/visionarymarketing.com\/fr\/wp-json\/wp\/v2\/categories?post=3503"},{"taxonomy":"post_tag","embeddable":true,"href":"https:\/\/visionarymarketing.com\/fr\/wp-json\/wp\/v2\/tags?post=3503"}],"curies":[{"name":"wp","href":"https:\/\/api.w.org\/{rel}","templated":true}]}}