{"id":34301,"date":"2019-11-29T08:35:41","date_gmt":"2019-11-29T07:35:41","guid":{"rendered":"https:\/\/visionarymarketing.com\/?p=34301"},"modified":"2024-07-11T14:55:10","modified_gmt":"2024-07-11T12:55:10","slug":"contract-for-the-web","status":"publish","type":"post","link":"https:\/\/visionarymarketing.com\/fr\/2019\/11\/29\/contract-for-the-web\/","title":{"rendered":"Contract for the Web : Faut-il signer le contrat de Tim Berners Lee"},"content":{"rendered":"<p><em>R\u00e9cemment, <a href=\"https:\/\/www.itpro.com\/world-wide-web-consortium-w3c\/30741\/tim-berners-lee-google-and-facebook-are-helping-to-weaponise-the\" target=\"_blank\" rel=\"noopener noreferrer\">Tim Berners-Lee<\/a> (inventeur du Web en 1989, il y a 30 ans pour ceux qui vivraient sur la plan\u00e8te Mars) annon\u00e7ait le lancement d&rsquo;un contrat pour \u00ab r\u00e9parer le Web \u00bb. <a href=\"https:\/\/www.cnbc.com\/2018\/11\/05\/inventor-of-the-web-says-the-internet-is-at-a-tipping-point-and-reveals-a-new-plan-to-fix-it.html\" target=\"_blank\" rel=\"noopener noreferrer\">Car selon lui, \u00ab l&rsquo;Internet est cass\u00e9 \u00bb et il faut le r\u00e9parer<\/a>. Ils avaient annonc\u00e9 cette cr\u00e9ation de contrat pour le Web au Web Summmit de Lisbonne en 2018. Le contrat est sorti mais faut-il le signer alors que les g\u00e9ants de la tech, ceux-l\u00e0 m\u00eame que Berners Lee fustige, ont sign\u00e9 ce contrat ? Visionary Marketing pose la question et ouvre le d\u00e9bat.<\/em><\/p>\n<figure id=\"attachment_34305\" aria-describedby=\"caption-attachment-34305\" style=\"width: 852px\" class=\"wp-caption aligncenter\"><img decoding=\"async\" class=\"wp-image-34305 size-full\" src=\"https:\/\/visionarymarketing.com\/wp-content\/uploads\/2019\/11\/29-53-2019_06.53.34-CapturFiles.png\" alt=\"contract for the web - le contrat pour le Web\" width=\"852\" height=\"397\" srcset=\"https:\/\/visionarymarketing.com\/wp-content\/uploads\/2019\/11\/29-53-2019_06.53.34-CapturFiles.png 852w, https:\/\/visionarymarketing.com\/wp-content\/uploads\/2019\/11\/29-53-2019_06.53.34-CapturFiles-500x233.png 500w, https:\/\/visionarymarketing.com\/wp-content\/uploads\/2019\/11\/29-53-2019_06.53.34-CapturFiles-768x358.png 768w\" sizes=\"(max-width: 852px) 100vw, 852px\" \/><figcaption id=\"caption-attachment-34305\" class=\"wp-caption-text\">Contract for the Web est la nouvelle initiative de Tim Berners Lee<\/figcaption><\/figure>\n<h2>Apr\u00e8s Solid de MIT, voici venir Le contrat<\/h2>\n<p>Au d\u00e9but du Web 2.0, c&rsquo;\u00e9tait la phrase qui faisait rire tout le monde : \u00ab\u00a0Le Web 2.0 arrive, ah bon ? Le Web 1.0 \u00e9tait donc cass\u00e9 ?\u00a0\u00bb Aujourd&rsquo;hui, tout cela ne fait plus rire et de <a href=\"https:\/\/visionarymarketing.com\/2016\/07\/net-neutralite\/\">Jonathan Zittrain<\/a> jusqu&rsquo;au Wall Street Journal les voix se font de moins en moins rares pour critiquer ce que le Web est devenu. Nous avons d\u00e9j\u00e0 trait\u00e9 ce point dans nos colonnes dans un <a href=\"https:\/\/visionarymarketing.com\/2018\/02\/net-neutralite-la-fin-dinternet-pour-tous\/\">article d\u00e9di\u00e9 \u00e0 la neutralit\u00e9 du Net<\/a>\u00a0et \u00e0 de nombreuses reprises auparavant.<\/p>\n<blockquote class=\"twitter-tweet\">\n<p dir=\"ltr\" lang=\"fr\">RT <a href=\"https:\/\/twitter.com\/thierrygrey?ref_src=twsrc%5Etfw\">@thierrygrey<\/a>: [Etude] La libert\u00e9 sur <a href=\"https:\/\/twitter.com\/hashtag\/Internet?src=hash&amp;ref_src=twsrc%5Etfw\">#Internet<\/a> est en d\u00e9clin dans le monde pour la neuvi\u00e8me ann\u00e9e cons\u00e9cutive.<br \/>\nSur 65 pays, seulement 23 % ont un \u00ab Internet libre \u00bb<a href=\"https:\/\/t.co\/tCJ0YOmkZV\">https:\/\/t.co\/tCJ0YOmkZV<\/a> <a href=\"https:\/\/twitter.com\/hashtag\/internetLibre?src=hash&amp;ref_src=twsrc%5Etfw\">#internetLibre<\/a> <a href=\"https:\/\/t.co\/8p7chAGEI9\">pic.twitter.com\/8p7chAGEI9<\/a> &gt; cc <a href=\"https:\/\/twitter.com\/FBrahimi?ref_src=twsrc%5Etfw\">@FBrahimi<\/a> <a href=\"https:\/\/twitter.com\/davidfayon?ref_src=twsrc%5Etfw\">@davidfayon<\/a><\/p>\n<p>\u2014 Visionary Marketing (@vismktg) <a href=\"https:\/\/twitter.com\/vismktg\/status\/1197079479295889409?ref_src=twsrc%5Etfw\">November 20, 2019<\/a><\/p><\/blockquote>\n<p><script async src=\"https:\/\/platform.twitter.com\/widgets.js\" charset=\"utf-8\"><\/script><\/p>\n<p>Selon le fondateur du Web, certainement le mieux plac\u00e9 pour en parler, il y a un certain <a href=\"https:\/\/www.cnbc.com\/2018\/11\/05\/inventor-of-the-web-says-the-internet-is-at-a-tipping-point-and-reveals-a-new-plan-to-fix-it.html\" target=\"_blank\" rel=\"noopener noreferrer\">nombre de points qui peuvent \u00eatre r\u00e9sum\u00e9s de la mani\u00e8re suivante<\/a> :<\/p>\n<ol>\n<li>Le Web a beaucoup chang\u00e9 depuis 30 ans (mercantilisation, appropriation par quelques acteurs notamment), il\u00a0n&rsquo;est plus repr\u00e9sentatif de ce dont ses fondateurs avaient r\u00eav\u00e9 ;<\/li>\n<li>Le fondateur du World Wide Web est pr\u00e9occup\u00e9 par les fake News, la protection des donn\u00e9es priv\u00e9es et la capacit\u00e9 d&rsquo;acc\u00e9der de mani\u00e8re uniforme \u00e0 Internet dans le monde entier (voir Tweet ci-dessus et l&rsquo;image ci-dessous) ;<\/li>\n<li>La World Wide Web foundation pense qu&rsquo;il faut donc cr\u00e9er un contrat qui d\u00e9termine des r\u00e8gles que les entreprises, les gouvernements et les individus devraient respecter pour prot\u00e9ger ce bien commun.<\/li>\n<\/ol>\n<p><!--more--><\/p>\n<figure id=\"attachment_34311\" aria-describedby=\"caption-attachment-34311\" style=\"width: 960px\" class=\"wp-caption aligncenter\"><img decoding=\"async\" class=\"wp-image-34311 size-full\" src=\"https:\/\/visionarymarketing.com\/wp-content\/uploads\/2019\/11\/chartoftheday_11889_la_liberte_sur_internet_dans_le_monde_n-2.jpg\" alt=\"contract for the Web\" width=\"960\" height=\"684\" srcset=\"https:\/\/visionarymarketing.com\/wp-content\/uploads\/2019\/11\/chartoftheday_11889_la_liberte_sur_internet_dans_le_monde_n-2.jpg 960w, https:\/\/visionarymarketing.com\/wp-content\/uploads\/2019\/11\/chartoftheday_11889_la_liberte_sur_internet_dans_le_monde_n-2-421x300.jpg 421w, https:\/\/visionarymarketing.com\/wp-content\/uploads\/2019\/11\/chartoftheday_11889_la_liberte_sur_internet_dans_le_monde_n-2-768x547.jpg 768w\" sizes=\"(max-width: 960px) 100vw, 960px\" \/><figcaption id=\"caption-attachment-34311\" class=\"wp-caption-text\">Toujours pour les Martiens, non ! <a href=\"https:\/\/fr.statista.com\/infographie\/11889\/la-liberte-sur-internet-dans-le-monde\/\" target=\"_blank\" rel=\"noopener noreferrer\">Internet n&rsquo;est pas libre c&rsquo;est m\u00eame un instrument liberticide et de manipulation au service des r\u00e9gimes \u00ab\u00a0forts\u00a0\u00bb<\/a>, et n&rsquo;en d\u00e9plaise \u00e0 M. Snowden, surtout en Chine et en Russie o\u00f9 il est r\u00e9fugi\u00e9.<\/figcaption><\/figure>\n<blockquote class=\"quote-light\"><p>Nous lan\u00e7ons le contrat pour le Web pour le tout premier plan d&rsquo;action mondial visant \u00e0 prot\u00e9ger le Web en tant que force du bien, r\u00e9unissant des entreprises, des gouvernements et des citoyens du monde entier pour dire que ce sont les choses qui doivent \u00eatre faites pour remettre les choses sur la bonne voie\u00a0\u00bb . [<a href=\"https:\/\/www.cnbc.com\/2019\/11\/25\/tim-berners-lee-launches-contract-for-the-web-to-fix-the-internet.html\" target=\"_blank\" rel=\"noopener noreferrer\">source : CNBC<\/a>]<\/p><\/blockquote>\n<h3>Contract for the Web : \u00ab\u00a0an\u00e9antir\u00a0\u00bb ceux qui \u00ab\u00a0an\u00e9antissent\u00a0\u00bb le Web<\/h3>\n<figure id=\"attachment_34314\" aria-describedby=\"caption-attachment-34314\" style=\"width: 508px\" class=\"wp-caption aligncenter\"><a href=\"https:\/\/solidproject.org\" target=\"_blank\" rel=\"noopener noreferrer\"><img decoding=\"async\" class=\"wp-image-34314 size-full\" src=\"https:\/\/visionarymarketing.com\/wp-content\/uploads\/2019\/11\/29-27-2019_07.27.10-CapturFiles.png\" alt=\"\" width=\"508\" height=\"369\" srcset=\"https:\/\/visionarymarketing.com\/wp-content\/uploads\/2019\/11\/29-27-2019_07.27.10-CapturFiles.png 508w, https:\/\/visionarymarketing.com\/wp-content\/uploads\/2019\/11\/29-27-2019_07.27.10-CapturFiles-413x300.png 413w\" sizes=\"(max-width: 508px) 100vw, 508px\" \/><\/a><figcaption id=\"caption-attachment-34314\" class=\"wp-caption-text\">Solid un projet g\u00e9nial mais un peu savant et mena\u00e7ant pour les acteurs du Web devenus hyper puissants (cliquer sur l&rsquo;image pour comprendre)<\/figcaption><\/figure>\n<p><img decoding=\"async\" class=\"alignright wp-image-34320 size-thumbnail\" src=\"https:\/\/visionarymarketing.com\/wp-content\/uploads\/2019\/11\/29-36-2019_07.36.23-CapturFiles-150x150.png\" alt=\"contract for the Web\" width=\"150\" height=\"150\" \/>Ce contrat \u00ab <a href=\"https:\/\/visionarymarketing.com\/wp-content\/uploads\/2019\/11\/Contract-for-the-Web-1.pdf\" target=\"_blank\" rel=\"noopener noreferrer\">contract for the \u00a0Web<\/a> \u00a0\u00bb n&rsquo;est donc pas une totale nouveaut\u00e9 et ce n&rsquo;est pas non plus la premi\u00e8re initiative de Tim Berners Lee. Suite \u00e0 son coup de gueule de l&rsquo;ann\u00e9e derni\u00e8re il d\u00e9clarait \u00a0<a href=\"https:\/\/www.vanityfair.com\/news\/2018\/07\/the-man-who-created-the-world-wide-web-has-some-regrets\" target=\"_blank\" rel=\"noopener noreferrer\">qu&rsquo;il \u00e9tait \u00ab an\u00e9anti \u00bb<\/a> par ce qu&rsquo; \u00e9tait devenu le Web.<\/p>\n<p>Des mots tr\u00e8s forts qui l&rsquo;avaient amen\u00e9 \u00e0 cr\u00e9er, dans le cadre de son travail avec le MIT, un projet de r\u00e9invention du protocole du Web : <a href=\"https:\/\/solidproject.org\" target=\"_blank\" rel=\"noopener noreferrer\">SOLID<\/a> (toujours pour les Martiens, je rappelle que le \u00a0Web est n\u00e9 en 1989 de la cr\u00e9ation du protocole http que vous utilisez tous les jours). Un projet g\u00e9nial mais trop complexe et surtout un peu mena\u00e7ant pour les acteurs dominants qu&rsquo;il fustige.<\/p>\n<h3>SOLID : une id\u00e9e g\u00e9niale qui est rest\u00e9e au stade d&rsquo;id\u00e9e<\/h3>\n<p>Son id\u00e9e \u00e9tait d&rsquo;ailleurs tr\u00e8s intelligente : s\u00e9parer les donn\u00e9es des programmes, et faire en sorte que l&rsquo;utilisateur reste toujours propri\u00e9taire des donn\u00e9es en laissant un droit temporaire \u00e0 des applications pour les utiliser.<\/p>\n<p>Par exemple, au lieu de donner toutes vos photos \u00e0 Flickr ou \u00e0 Google, vous les gardez sur un espace disque qui vous appartient, et Flickr se voit attribuer un droit temporaire pour acc\u00e9der \u00e0 ces photos.<\/p>\n<p>N&rsquo;importe qui dans le monde pouvant y acc\u00e9der depuis n&rsquo;importe quelle application \u00e0 laquelle vous \u00a0accorderiez ces droits. L&rsquo;id\u00e9e est un peu fumeuse, mais tr\u00e8s int\u00e9ressante.<\/p>\n<p>Mais voil\u00e0, il est difficile de r\u00e9inventer un concept, m\u00eame s&rsquo;il est \u00ab\u00a0cass\u00e9\u00a0\u00bb pour reprendre les mots de son fondateur, \u00e0 partir de z\u00e9ro quand il s&rsquo;est d\u00e9velopp\u00e9 \u00e0 un tel niveau. C&rsquo;est qu&rsquo;en fait il n&rsquo;est pas cass\u00e9. Il est juste d\u00e9voy\u00e9. Alors pourquoi changer une planche \u00e0 billets qui marche si bien, je vous le demande !<\/p>\n<p>D&rsquo;o\u00f9 le contrat qui revient sur le devant de la sc\u00e8ne (enfin, telle est mon interpr\u00e9tation).<\/p>\n<h3>Alors, qu&rsquo;est-ce que contract for the Web ?<\/h3>\n<p>C&rsquo;est un ensemble de principes de base, de r\u00e8gles de conduite pour les gouvernements, les entreprises et les citoyens. Ces principes de base, personne ne peut en nier la qualit\u00e9 ni l&rsquo;urgence. A part quelques extr\u00e9mistes, il en existe toujours.<\/p>\n<p><img decoding=\"async\" class=\"size-full wp-image-34324 aligncenter\" src=\"https:\/\/visionarymarketing.com\/wp-content\/uploads\/2019\/11\/29-37-2019_07.37.47-CapturFiles.png\" alt=\"\" width=\"945\" height=\"433\" srcset=\"https:\/\/visionarymarketing.com\/wp-content\/uploads\/2019\/11\/29-37-2019_07.37.47-CapturFiles.png 945w, https:\/\/visionarymarketing.com\/wp-content\/uploads\/2019\/11\/29-37-2019_07.37.47-CapturFiles-500x229.png 500w, https:\/\/visionarymarketing.com\/wp-content\/uploads\/2019\/11\/29-37-2019_07.37.47-CapturFiles-768x352.png 768w\" sizes=\"(max-width: 945px) 100vw, 945px\" \/><\/p>\n<p>Dans l&rsquo;ordre, les Gouvernements sont pri\u00e9s de garantir l&rsquo;acc\u00e8s libre \u00e0 Internet, le maintenir ouvert en permanence et respecter les droits des personnes (donc s&rsquo;interdire d&rsquo;utiliser Internet pour les violer).<\/p>\n<p>Et l\u00e0 on est assez mal parti. L&rsquo;acc\u00e8s \u00e0 Internet n&rsquo;est pas libre dans la majeure partie du monde : Chine, Russie, Am\u00e9rique du Sud, Iran, Turquie, Arabie saoudite, Egypte, Soudan \u00a0etc. \u00a0liste \u00e0 laquelle il faut ajouter tous les pays opaques ou trop instables et il y en a.<\/p>\n<p>L&rsquo;Internet est souvent coup\u00e9 ou filtr\u00e9 (et ce n&rsquo;est pas nouveau, d\u00e8s 1997 le Liban coupait l&rsquo;acc\u00e8s \u00e0 la VOIP) et <a href=\"https:\/\/www.scmp.com\/news\/china\/society\/article\/2115094\/china-build-giant-facial-recognition-database-identify-any\" target=\"_blank\" rel=\"noopener noreferrer\">la Chine a lanc\u00e9 des projets de contr\u00f4le de ses citoyens<\/a>, sans mentionner les <a href=\"https:\/\/www.lesechos.fr\/monde\/chine\/comment-pekin-utilise-une-appli-mobile-pour-traquer-les-musulmans-ouighours-1015589\" target=\"_blank\" rel=\"noopener noreferrer\">Ou\u00efgours qui sont oblig\u00e9s d&rsquo;allumer leurs t\u00e9l\u00e9phones portables<\/a> pour \u00eatre traqu\u00e9s en permanence.<\/p>\n<p>Et enfin, la France, pays auto-proclam\u00e9 des droits de l&rsquo;homme menace d&rsquo;utiliser &#8211; sans trop de subtilit\u00e9 &#8211; <a href=\"https:\/\/www.reuters.com\/article\/us-france-tech-surveillance\/french-government-seeks-to-comb-social-media-to-fight-tax-fraud-idUSKBN1XH2OX\" target=\"_blank\" rel=\"noopener noreferrer\">les m\u00e9dias sociaux pour fouiller dans nos vies priv\u00e9es<\/a> (NB: il va de soi que je paie tous mes imp\u00f4ts et que je rejette absolument et en masse la fraude fiscale, mais il y a des maladresses qui en disent long sur la pens\u00e9e des politiques).<\/p>\n<p>1984 en somme, mais avec plus de technologie (ce qui ne veut pas dire d&rsquo;ailleurs que c&rsquo;est plus efficace). On est mal partis.<\/p>\n<p><img decoding=\"async\" class=\"size-full wp-image-34322 aligncenter\" src=\"https:\/\/visionarymarketing.com\/wp-content\/uploads\/2019\/11\/29-38-2019_07.38.10-CapturFiles.png\" alt=\"\" width=\"930\" height=\"431\" srcset=\"https:\/\/visionarymarketing.com\/wp-content\/uploads\/2019\/11\/29-38-2019_07.38.10-CapturFiles.png 930w, https:\/\/visionarymarketing.com\/wp-content\/uploads\/2019\/11\/29-38-2019_07.38.10-CapturFiles-500x232.png 500w, https:\/\/visionarymarketing.com\/wp-content\/uploads\/2019\/11\/29-38-2019_07.38.10-CapturFiles-768x356.png 768w\" sizes=\"(max-width: 930px) 100vw, 930px\" \/><\/p>\n<p>Les citoyens quant \u00e0 eux sont incit\u00e9s \u00e0 respecter la dignit\u00e9 d&rsquo;autrui. Bon, il y a des lois pour cela, mais elles ne donnent pas l&rsquo;air de s&rsquo;\u00eatre adapt\u00e9es. Le principe 9 me va bien, j&rsquo;ai l&rsquo;impression de participer \u00e0 cela depuis 25 ans.<\/p>\n<p>En gros, des principes, encore une fois, avec lesquels on ne peut \u00eatre que d&rsquo;accord, sans pour autant \u00eatre s\u00fbrs que la bonne volont\u00e9 sera suffisante pour supprimer la haine, le m\u00e9pris, l&rsquo;antis\u00e9mitisme ou tout autre forme de racisme, \u00a0le harc\u00e8lement, la propagande, le pros\u00e9lytisme ni les insultes, qui n&rsquo;ont pas pour caract\u00e9ristiques d&rsquo;\u00eatre limit\u00e9s \u00e0 Internet, mais qui y trouvent un d\u00e9bouch\u00e9 assez pratique.<\/p>\n<p><img decoding=\"async\" class=\"size-full wp-image-34323 aligncenter\" src=\"https:\/\/visionarymarketing.com\/wp-content\/uploads\/2019\/11\/29-37-2019_07.37.59-CapturFiles.png\" alt=\"\" width=\"935\" height=\"450\" srcset=\"https:\/\/visionarymarketing.com\/wp-content\/uploads\/2019\/11\/29-37-2019_07.37.59-CapturFiles.png 935w, https:\/\/visionarymarketing.com\/wp-content\/uploads\/2019\/11\/29-37-2019_07.37.59-CapturFiles-500x241.png 500w, https:\/\/visionarymarketing.com\/wp-content\/uploads\/2019\/11\/29-37-2019_07.37.59-CapturFiles-768x370.png 768w\" sizes=\"(max-width: 935px) 100vw, 935px\" \/><\/p>\n<p>Enfin les entreprises avec un appel \u00e0 l&rsquo;\u00e9thique et \u00e0 la responsabilit\u00e9 \u00e9conomique. Encore une fois, des bons sentiments, personne ne sera contre. M\u00eame e-Belzebuth pourrait signer cela.<\/p>\n<h3>Faut-il signer contract for the Web ?<\/h3>\n<figure id=\"attachment_34321\" aria-describedby=\"caption-attachment-34321\" style=\"width: 650px\" class=\"wp-caption aligncenter\"><img decoding=\"async\" class=\"wp-image-34321 size-full\" src=\"https:\/\/visionarymarketing.com\/wp-content\/uploads\/2019\/11\/29-38-2019_07.38.31-CapturFiles-e1575014565503.png\" alt=\"\" width=\"650\" height=\"424\" srcset=\"https:\/\/visionarymarketing.com\/wp-content\/uploads\/2019\/11\/29-38-2019_07.38.31-CapturFiles-e1575014565503.png 650w, https:\/\/visionarymarketing.com\/wp-content\/uploads\/2019\/11\/29-38-2019_07.38.31-CapturFiles-e1575014565503-460x300.png 460w\" sizes=\"(max-width: 650px) 100vw, 650px\" \/><figcaption id=\"caption-attachment-34321\" class=\"wp-caption-text\">Quelques un des signataires, et on y voit les \u00ab\u00a0usual suspects\u00a0\u00bb Facebook, Twitter, Google et Microsoft qui semblent pourtant dans le collimateur de Tim Berners Lee<\/figcaption><\/figure>\n<p>Et c&rsquo;est exactement ce qui s&rsquo;est pass\u00e9. Les premiers \u00e0 signer on \u00e9t\u00e9 ceux qui sont <a href=\"https:\/\/www.theguardian.com\/technology\/2018\/mar\/11\/tim-berners-lee-tech-companies-regulations\" target=\"_blank\" rel=\"noopener noreferrer\">justement dans le viseur de Tim Berners Lee<\/a>. SOLID quant \u00e0 lui est sponsoris\u00e9 par le Qatar et Mastercard, pas vraiment des organisations de bienfaisance, m\u00eame si je n&rsquo;ai rien contre eux personnellement (pas plus que les signataires ci-dessus je le pr\u00e9cise).<\/p>\n<p>Et pourtant je cite le Guardian et Tim Berners Lee d&rsquo;il y a un an :<\/p>\n<blockquote class=\"quote-light\"><p>Sir Tim Berners-Lee, l&rsquo;inventeur du World Wide Web, a demand\u00e9 que les grandes entreprises technologiques soient r\u00e9glement\u00e9es pour \u00e9viter que le Web ne \u00ab\u00a0utilis\u00e9 comme une arme massive\u00a0\u00bb.<\/p>\n<p><em>\u00ab\u00a0Le web peut \u00eatre utilis\u00e9 comme une arme &#8211; et nous ne pouvons pas compter sur les grosses technologies pour arr\u00eater cette tendance\u00a0\u00bb. \u00a0Tim Berners-Lee<\/em><\/p>\n<p>Berners-Lee, dans une lettre ouverte \u00e9crite \u00e0 l&rsquo;occasion du 29e anniversaire de son invention, a d\u00e9clar\u00e9 : \u00ab\u00a0Ces derni\u00e8res ann\u00e9es, nous avons vu les th\u00e9ories du complot se d\u00e9velopper sur les plateformes de m\u00e9dias sociaux, les faux comptes Twitter et Facebook alimenter les tensions sociales, les acteurs externes s&rsquo;immiscer dans les \u00e9lections et les criminels voler des tonnes de donn\u00e9es personnelles.<\/p>\n<p>Ces probl\u00e8mes ont prolif\u00e9r\u00e9 en raison de la concentration du pouvoir entre les mains de quelques plateformes &#8211; dont Facebook, Google et Twitter &#8211; qui \u00ab\u00a0contr\u00f4lent les id\u00e9es et les opinions qui sont vues et partag\u00e9es\u00a0\u00bb.<\/p><\/blockquote>\n<h3>En conclusion<\/h3>\n<p>Il y a une sorte d&rsquo;ambigu\u00eft\u00e9 entre le fait de faire signer des contrats \u00e0 des g\u00e9ants de la tech pour les rendre \u00ab\u00a0vertueux\u00a0\u00bb, appeler \u00e0 leur d\u00e9mant\u00e8lement et demander de r\u00e9inventer le Web avec, pour signataires, des acteurs qui n&rsquo;ont aucun int\u00e9r\u00eat objectif \u2014 sans jugement de ma part \u2014 pour participer \u00e0 cette r\u00e9invention.<\/p>\n<p>En conclusion, je vais signer le contrat car nous n&rsquo;avons pas le choix. Je ne peux pas pleurer sur le manque d&rsquo;\u00e9thique ici et refuser la bonne volont\u00e9 ailleurs. Cette bonne volont\u00e9 est patente, je veux bien y croire. La signature du contrat est un engagement. Pour ma part et pour celle qui concerne Visionary Marketing qui sera signataire, cela ne nous demandera pas un effort surhumain. Les autres signataires ? Allez, je veux croire \u00e0 la bont\u00e9 humaine et nous allons positiver et faire confiance. Et contr\u00f4ler par la suite. Ensuite, en dehors des compagnies qui sont dans le viseur en permanence, il y a beaucoup d&rsquo;acteurs, notamment fran\u00e7ais, qui ne brillent pas par leur \u00e9thique.<\/p>\n<p>J&rsquo;ai plus de doutes sur les autres acteurs (gouvernements, citoyens), et m\u00eame si on ne peut que saluer cette initiative, je doute que des changements notables soient constat\u00e9s \u00e0 court et m\u00eame \u00e0 moyen terme.<\/p>\n<h3>L&rsquo;\u00e9tat du Web d&rsquo;aujourd&rsquo;hui en dit plus sur l&rsquo;\u00e9tat du monde que de la technologie<\/h3>\n<p>Plus que toute autre chose, cette situation d\u00e9montre l&rsquo;impuissance des Etats \u00e0 r\u00e9guler \u00e9conomiquement, socialement et juridiquement. Ils semblent avoir abandonn\u00e9 ce territoire qui pourtant leur revenait logiquement, et un grand nombre d&rsquo;entre eux a m\u00eame saisi l&rsquo;aubaine de la technologie pour ses vis\u00e9es politiques. En r\u00e9sum\u00e9, beaucoup d&rsquo;Etat partout mais pas l\u00e0 o\u00f9 il faut pour pr\u00e9server les libert\u00e9s de penser, de commercer et bient\u00f4t de circuler.<\/p>\n<p>C&rsquo;est que l&rsquo;\u00e9tat du Web d&rsquo;aujourd&rsquo;hui en dit plus sur l&rsquo;\u00e9tat du monde que celui de la technologie. Mais il faut n\u00e9anmoins signer ce contrat pour aller de l&rsquo;avant, positiver et am\u00e9liorer les choses, il en est peut-\u00eatre encore temps.<\/p>\n<p><a href=\"https:\/\/contractfortheweb.org\/endorse-the-contract\/\" target=\"_blank\" rel=\"noopener noreferrer\"><img decoding=\"async\" class=\"aligncenter wp-image-34340 size-full\" src=\"https:\/\/visionarymarketing.com\/wp-content\/uploads\/2019\/11\/signer-contact-for-the-web.png\" alt=\"contract for the web\" width=\"450\" height=\"75\" \/><\/a><\/p>\n<h4>Lisez Contract for the Web<\/h4>\n<p>https:\/\/visionarymarketing.com\/wp-content\/uploads\/2019\/11\/Contract-for-the-Web-1.pdf<\/p>\n<p><a href=\"https:\/\/visionarymarketing.com\/wp-content\/uploads\/2019\/11\/Contract-for-the-Web-1.pdf\" target=\"_blank\" rel=\"noopener noreferrer\">T\u00e9l\u00e9charger Contract for the Web<\/a> s&rsquo;il ne s&rsquo;affiche pas ci-dessus<\/p>\n","protected":false},"excerpt":{"rendered":"<p>R\u00e9cemment, Tim Berners-Lee (inventeur du Web en 1989, il y a 30 ans pour ceux qui vivraient sur la plan\u00e8te Mars) annon\u00e7ait le lancement d&rsquo;un contrat pour \u00ab r\u00e9parer le Web \u00bb. Car selon lui, \u00ab l&rsquo;Internet est cass\u00e9 \u00bb et il faut le r\u00e9parer. Ils avaient annonc\u00e9 cette cr\u00e9ation de contrat pour le Web &hellip;<\/p>\n","protected":false},"author":2,"featured_media":34338,"comment_status":"open","ping_status":"open","sticky":false,"template":"","format":"standard","meta":{"footnotes":""},"categories":[134],"tags":[],"class_list":["post-34301","post","type-post","status-publish","format-standard","has-post-thumbnail","hentry","category-economie"],"yoast_head":"<!-- This site is optimized with the Yoast SEO plugin v27.4 - https:\/\/yoast.com\/product\/yoast-seo-wordpress\/ -->\n<title>Contract for the Web : Faut-il signer le contrat deTim Berners Lee<\/title>\n<meta name=\"description\" content=\"Contract for the Web est le nouveau contrat lanc\u00e9 fin 2019 par Tim Berners Lee qui veut r\u00e9parer le Web victime de ses d\u00e9rives.\" \/>\n<meta name=\"robots\" content=\"index, follow, max-snippet:-1, max-image-preview:large, max-video-preview:-1\" \/>\n<link rel=\"canonical\" href=\"https:\/\/visionarymarketing.com\/fr\/2019\/11\/29\/contract-for-the-web\/\" \/>\n<meta property=\"og:locale\" content=\"fr_FR\" \/>\n<meta property=\"og:type\" content=\"article\" \/>\n<meta property=\"og:title\" content=\"Contract for the Web : Faut-il signer le contrat deTim Berners Lee\" \/>\n<meta property=\"og:description\" content=\"Contract for the Web est le nouveau contrat lanc\u00e9 fin 2019 par Tim Berners Lee qui veut r\u00e9parer le Web victime de ses d\u00e9rives.\" \/>\n<meta property=\"og:url\" content=\"https:\/\/visionarymarketing.com\/fr\/2019\/11\/29\/contract-for-the-web\/\" \/>\n<meta property=\"og:site_name\" content=\"Marketing and Innovation\" \/>\n<meta property=\"article:publisher\" content=\"https:\/\/www.facebook.com\/vismktg\" \/>\n<meta property=\"article:author\" content=\"http:\/\/facebook.com\/ygourven\" \/>\n<meta property=\"article:published_time\" content=\"2019-11-29T07:35:41+00:00\" \/>\n<meta property=\"article:modified_time\" content=\"2024-07-11T12:55:10+00:00\" \/>\n<meta property=\"og:image\" content=\"https:\/\/visionarymarketing.com\/wp-content\/uploads\/2019\/11\/29-52-2019_08.52.26-CapturFiles-e1575898105108.png\" \/>\n\t<meta property=\"og:image:width\" content=\"520\" \/>\n\t<meta property=\"og:image:height\" content=\"341\" \/>\n\t<meta property=\"og:image:type\" content=\"image\/png\" \/>\n<meta name=\"author\" content=\"Yann Gourvennec\" \/>\n<meta name=\"twitter:card\" content=\"summary_large_image\" \/>\n<meta name=\"twitter:creator\" content=\"@ygourven\" \/>\n<meta name=\"twitter:site\" content=\"@ygourven\" \/>\n<meta name=\"twitter:label1\" content=\"\u00c9crit par\" \/>\n\t<meta name=\"twitter:data1\" content=\"Yann Gourvennec\" \/>\n\t<meta name=\"twitter:label2\" content=\"Dur\u00e9e de lecture estim\u00e9e\" \/>\n\t<meta name=\"twitter:data2\" content=\"10 minutes\" \/>\n<script type=\"application\/ld+json\" class=\"yoast-schema-graph\">{\"@context\":\"https:\\\/\\\/schema.org\",\"@graph\":[{\"@type\":\"NewsArticle\",\"@id\":\"https:\\\/\\\/visionarymarketing.com\\\/fr\\\/2019\\\/11\\\/29\\\/contract-for-the-web\\\/#article\",\"isPartOf\":{\"@id\":\"https:\\\/\\\/visionarymarketing.com\\\/fr\\\/2019\\\/11\\\/29\\\/contract-for-the-web\\\/\"},\"author\":{\"name\":\"Yann Gourvennec\",\"@id\":\"https:\\\/\\\/visionarymarketing.com\\\/fr\\\/#\\\/schema\\\/person\\\/3754fee1e558f47b8deb46f53c37423e\"},\"headline\":\"Contract for the Web : Faut-il signer le contrat de Tim Berners Lee\",\"datePublished\":\"2019-11-29T07:35:41+00:00\",\"dateModified\":\"2024-07-11T12:55:10+00:00\",\"mainEntityOfPage\":{\"@id\":\"https:\\\/\\\/visionarymarketing.com\\\/fr\\\/2019\\\/11\\\/29\\\/contract-for-the-web\\\/\"},\"wordCount\":2013,\"commentCount\":1,\"image\":{\"@id\":\"https:\\\/\\\/visionarymarketing.com\\\/fr\\\/2019\\\/11\\\/29\\\/contract-for-the-web\\\/#primaryimage\"},\"thumbnailUrl\":\"https:\\\/\\\/visionarymarketing.com\\\/wp-content\\\/uploads\\\/2019\\\/11\\\/29-52-2019_08.52.26-CapturFiles-e1575898105108.png\",\"articleSection\":[\"\u00e9conomie et num\u00e9rique\"],\"inLanguage\":\"fr-FR\",\"potentialAction\":[{\"@type\":\"CommentAction\",\"name\":\"Comment\",\"target\":[\"https:\\\/\\\/visionarymarketing.com\\\/fr\\\/2019\\\/11\\\/29\\\/contract-for-the-web\\\/#respond\"]}]},{\"@type\":\"WebPage\",\"@id\":\"https:\\\/\\\/visionarymarketing.com\\\/fr\\\/2019\\\/11\\\/29\\\/contract-for-the-web\\\/\",\"url\":\"https:\\\/\\\/visionarymarketing.com\\\/fr\\\/2019\\\/11\\\/29\\\/contract-for-the-web\\\/\",\"name\":\"Contract for the Web : Faut-il signer le contrat deTim Berners Lee\",\"isPartOf\":{\"@id\":\"https:\\\/\\\/visionarymarketing.com\\\/fr\\\/#website\"},\"primaryImageOfPage\":{\"@id\":\"https:\\\/\\\/visionarymarketing.com\\\/fr\\\/2019\\\/11\\\/29\\\/contract-for-the-web\\\/#primaryimage\"},\"image\":{\"@id\":\"https:\\\/\\\/visionarymarketing.com\\\/fr\\\/2019\\\/11\\\/29\\\/contract-for-the-web\\\/#primaryimage\"},\"thumbnailUrl\":\"https:\\\/\\\/visionarymarketing.com\\\/wp-content\\\/uploads\\\/2019\\\/11\\\/29-52-2019_08.52.26-CapturFiles-e1575898105108.png\",\"datePublished\":\"2019-11-29T07:35:41+00:00\",\"dateModified\":\"2024-07-11T12:55:10+00:00\",\"author\":{\"@id\":\"https:\\\/\\\/visionarymarketing.com\\\/fr\\\/#\\\/schema\\\/person\\\/3754fee1e558f47b8deb46f53c37423e\"},\"description\":\"Contract for the Web est le nouveau contrat lanc\u00e9 fin 2019 par Tim Berners Lee qui veut r\u00e9parer le Web victime de ses d\u00e9rives.\",\"breadcrumb\":{\"@id\":\"https:\\\/\\\/visionarymarketing.com\\\/fr\\\/2019\\\/11\\\/29\\\/contract-for-the-web\\\/#breadcrumb\"},\"inLanguage\":\"fr-FR\",\"potentialAction\":[{\"@type\":\"ReadAction\",\"target\":[\"https:\\\/\\\/visionarymarketing.com\\\/fr\\\/2019\\\/11\\\/29\\\/contract-for-the-web\\\/\"]}]},{\"@type\":\"ImageObject\",\"inLanguage\":\"fr-FR\",\"@id\":\"https:\\\/\\\/visionarymarketing.com\\\/fr\\\/2019\\\/11\\\/29\\\/contract-for-the-web\\\/#primaryimage\",\"url\":\"https:\\\/\\\/visionarymarketing.com\\\/wp-content\\\/uploads\\\/2019\\\/11\\\/29-52-2019_08.52.26-CapturFiles-e1575898105108.png\",\"contentUrl\":\"https:\\\/\\\/visionarymarketing.com\\\/wp-content\\\/uploads\\\/2019\\\/11\\\/29-52-2019_08.52.26-CapturFiles-e1575898105108.png\",\"width\":520,\"height\":341},{\"@type\":\"BreadcrumbList\",\"@id\":\"https:\\\/\\\/visionarymarketing.com\\\/fr\\\/2019\\\/11\\\/29\\\/contract-for-the-web\\\/#breadcrumb\",\"itemListElement\":[{\"@type\":\"ListItem\",\"position\":1,\"name\":\"Home\",\"item\":\"https:\\\/\\\/visionarymarketing.com\\\/fr\\\/\"},{\"@type\":\"ListItem\",\"position\":2,\"name\":\"Contract for the Web : Faut-il signer le contrat de Tim Berners Lee\"}]},{\"@type\":\"WebSite\",\"@id\":\"https:\\\/\\\/visionarymarketing.com\\\/fr\\\/#website\",\"url\":\"https:\\\/\\\/visionarymarketing.com\\\/fr\\\/\",\"name\":\"Marketing and Innovation\",\"description\":\"Site d&#039;infos ind\u00e9pendant, depuis 1996\",\"potentialAction\":[{\"@type\":\"SearchAction\",\"target\":{\"@type\":\"EntryPoint\",\"urlTemplate\":\"https:\\\/\\\/visionarymarketing.com\\\/fr\\\/?s={search_term_string}\"},\"query-input\":{\"@type\":\"PropertyValueSpecification\",\"valueRequired\":true,\"valueName\":\"search_term_string\"}}],\"inLanguage\":\"fr-FR\"},{\"@type\":\"Person\",\"@id\":\"https:\\\/\\\/visionarymarketing.com\\\/fr\\\/#\\\/schema\\\/person\\\/3754fee1e558f47b8deb46f53c37423e\",\"name\":\"Yann Gourvennec\",\"image\":{\"@type\":\"ImageObject\",\"inLanguage\":\"fr-FR\",\"@id\":\"https:\\\/\\\/secure.gravatar.com\\\/avatar\\\/5972001801e8de5692a3e31224e85769f50a55fb8b679749f9c8d1868cceff14?s=96&d=initials&r=g&initials=yg\",\"url\":\"https:\\\/\\\/secure.gravatar.com\\\/avatar\\\/5972001801e8de5692a3e31224e85769f50a55fb8b679749f9c8d1868cceff14?s=96&d=initials&r=g&initials=yg\",\"contentUrl\":\"https:\\\/\\\/secure.gravatar.com\\\/avatar\\\/5972001801e8de5692a3e31224e85769f50a55fb8b679749f9c8d1868cceff14?s=96&d=initials&r=g&initials=yg\",\"caption\":\"Yann Gourvennec\"},\"description\":\"Yann Gourvennec created visionarymarketing.com in 1996. He is a speaker and author of many books. In 2014 he went from intrapreneur to entrepreneur, when he created his digital marketing agency. Yann Gourvennec a cr\u00e9\u00e9 visionarymarketing.com en 1996. Il est conf\u00e9rencier et auteur de plusieurs livres. En 2014, il est pass\u00e9 d'intrapreneur \u00e0 entrepreneur en cr\u00e9ant son agence de marketing num\u00e9rique.\",\"sameAs\":[\"https:\\\/\\\/visionarymarketing.com\",\"http:\\\/\\\/facebook.com\\\/ygourven\",\"http:\\\/\\\/linkedin.com\\\/in\\\/ygourven\",\"https:\\\/\\\/x.com\\\/ygourven\",\"https:\\\/\\\/www.youtube.com\\\/c\\\/visionarymarketingagency\"],\"url\":\"https:\\\/\\\/visionarymarketing.com\\\/fr\\\/author\\\/yann-gourvennec\\\/\"}]}<\/script>\n<!-- \/ Yoast SEO plugin. -->","yoast_head_json":{"title":"Contract for the Web : Faut-il signer le contrat deTim Berners Lee","description":"Contract for the Web est le nouveau contrat lanc\u00e9 fin 2019 par Tim Berners Lee qui veut r\u00e9parer le Web victime de ses d\u00e9rives.","robots":{"index":"index","follow":"follow","max-snippet":"max-snippet:-1","max-image-preview":"max-image-preview:large","max-video-preview":"max-video-preview:-1"},"canonical":"https:\/\/visionarymarketing.com\/fr\/2019\/11\/29\/contract-for-the-web\/","og_locale":"fr_FR","og_type":"article","og_title":"Contract for the Web : Faut-il signer le contrat deTim Berners Lee","og_description":"Contract for the Web est le nouveau contrat lanc\u00e9 fin 2019 par Tim Berners Lee qui veut r\u00e9parer le Web victime de ses d\u00e9rives.","og_url":"https:\/\/visionarymarketing.com\/fr\/2019\/11\/29\/contract-for-the-web\/","og_site_name":"Marketing and Innovation","article_publisher":"https:\/\/www.facebook.com\/vismktg","article_author":"http:\/\/facebook.com\/ygourven","article_published_time":"2019-11-29T07:35:41+00:00","article_modified_time":"2024-07-11T12:55:10+00:00","og_image":[{"width":520,"height":341,"url":"https:\/\/visionarymarketing.com\/wp-content\/uploads\/2019\/11\/29-52-2019_08.52.26-CapturFiles-e1575898105108.png","type":"image\/png"}],"author":"Yann Gourvennec","twitter_card":"summary_large_image","twitter_creator":"@ygourven","twitter_site":"@ygourven","twitter_misc":{"\u00c9crit par":"Yann Gourvennec","Dur\u00e9e de lecture estim\u00e9e":"10 minutes"},"schema":{"@context":"https:\/\/schema.org","@graph":[{"@type":"NewsArticle","@id":"https:\/\/visionarymarketing.com\/fr\/2019\/11\/29\/contract-for-the-web\/#article","isPartOf":{"@id":"https:\/\/visionarymarketing.com\/fr\/2019\/11\/29\/contract-for-the-web\/"},"author":{"name":"Yann Gourvennec","@id":"https:\/\/visionarymarketing.com\/fr\/#\/schema\/person\/3754fee1e558f47b8deb46f53c37423e"},"headline":"Contract for the Web : Faut-il signer le contrat de Tim Berners Lee","datePublished":"2019-11-29T07:35:41+00:00","dateModified":"2024-07-11T12:55:10+00:00","mainEntityOfPage":{"@id":"https:\/\/visionarymarketing.com\/fr\/2019\/11\/29\/contract-for-the-web\/"},"wordCount":2013,"commentCount":1,"image":{"@id":"https:\/\/visionarymarketing.com\/fr\/2019\/11\/29\/contract-for-the-web\/#primaryimage"},"thumbnailUrl":"https:\/\/visionarymarketing.com\/wp-content\/uploads\/2019\/11\/29-52-2019_08.52.26-CapturFiles-e1575898105108.png","articleSection":["\u00e9conomie et num\u00e9rique"],"inLanguage":"fr-FR","potentialAction":[{"@type":"CommentAction","name":"Comment","target":["https:\/\/visionarymarketing.com\/fr\/2019\/11\/29\/contract-for-the-web\/#respond"]}]},{"@type":"WebPage","@id":"https:\/\/visionarymarketing.com\/fr\/2019\/11\/29\/contract-for-the-web\/","url":"https:\/\/visionarymarketing.com\/fr\/2019\/11\/29\/contract-for-the-web\/","name":"Contract for the Web : Faut-il signer le contrat deTim Berners Lee","isPartOf":{"@id":"https:\/\/visionarymarketing.com\/fr\/#website"},"primaryImageOfPage":{"@id":"https:\/\/visionarymarketing.com\/fr\/2019\/11\/29\/contract-for-the-web\/#primaryimage"},"image":{"@id":"https:\/\/visionarymarketing.com\/fr\/2019\/11\/29\/contract-for-the-web\/#primaryimage"},"thumbnailUrl":"https:\/\/visionarymarketing.com\/wp-content\/uploads\/2019\/11\/29-52-2019_08.52.26-CapturFiles-e1575898105108.png","datePublished":"2019-11-29T07:35:41+00:00","dateModified":"2024-07-11T12:55:10+00:00","author":{"@id":"https:\/\/visionarymarketing.com\/fr\/#\/schema\/person\/3754fee1e558f47b8deb46f53c37423e"},"description":"Contract for the Web est le nouveau contrat lanc\u00e9 fin 2019 par Tim Berners Lee qui veut r\u00e9parer le Web victime de ses d\u00e9rives.","breadcrumb":{"@id":"https:\/\/visionarymarketing.com\/fr\/2019\/11\/29\/contract-for-the-web\/#breadcrumb"},"inLanguage":"fr-FR","potentialAction":[{"@type":"ReadAction","target":["https:\/\/visionarymarketing.com\/fr\/2019\/11\/29\/contract-for-the-web\/"]}]},{"@type":"ImageObject","inLanguage":"fr-FR","@id":"https:\/\/visionarymarketing.com\/fr\/2019\/11\/29\/contract-for-the-web\/#primaryimage","url":"https:\/\/visionarymarketing.com\/wp-content\/uploads\/2019\/11\/29-52-2019_08.52.26-CapturFiles-e1575898105108.png","contentUrl":"https:\/\/visionarymarketing.com\/wp-content\/uploads\/2019\/11\/29-52-2019_08.52.26-CapturFiles-e1575898105108.png","width":520,"height":341},{"@type":"BreadcrumbList","@id":"https:\/\/visionarymarketing.com\/fr\/2019\/11\/29\/contract-for-the-web\/#breadcrumb","itemListElement":[{"@type":"ListItem","position":1,"name":"Home","item":"https:\/\/visionarymarketing.com\/fr\/"},{"@type":"ListItem","position":2,"name":"Contract for the Web : Faut-il signer le contrat de Tim Berners Lee"}]},{"@type":"WebSite","@id":"https:\/\/visionarymarketing.com\/fr\/#website","url":"https:\/\/visionarymarketing.com\/fr\/","name":"Marketing and Innovation","description":"Site d&#039;infos ind\u00e9pendant, depuis 1996","potentialAction":[{"@type":"SearchAction","target":{"@type":"EntryPoint","urlTemplate":"https:\/\/visionarymarketing.com\/fr\/?s={search_term_string}"},"query-input":{"@type":"PropertyValueSpecification","valueRequired":true,"valueName":"search_term_string"}}],"inLanguage":"fr-FR"},{"@type":"Person","@id":"https:\/\/visionarymarketing.com\/fr\/#\/schema\/person\/3754fee1e558f47b8deb46f53c37423e","name":"Yann Gourvennec","image":{"@type":"ImageObject","inLanguage":"fr-FR","@id":"https:\/\/secure.gravatar.com\/avatar\/5972001801e8de5692a3e31224e85769f50a55fb8b679749f9c8d1868cceff14?s=96&d=initials&r=g&initials=yg","url":"https:\/\/secure.gravatar.com\/avatar\/5972001801e8de5692a3e31224e85769f50a55fb8b679749f9c8d1868cceff14?s=96&d=initials&r=g&initials=yg","contentUrl":"https:\/\/secure.gravatar.com\/avatar\/5972001801e8de5692a3e31224e85769f50a55fb8b679749f9c8d1868cceff14?s=96&d=initials&r=g&initials=yg","caption":"Yann Gourvennec"},"description":"Yann Gourvennec created visionarymarketing.com in 1996. He is a speaker and author of many books. In 2014 he went from intrapreneur to entrepreneur, when he created his digital marketing agency. Yann Gourvennec a cr\u00e9\u00e9 visionarymarketing.com en 1996. Il est conf\u00e9rencier et auteur de plusieurs livres. En 2014, il est pass\u00e9 d'intrapreneur \u00e0 entrepreneur en cr\u00e9ant son agence de marketing num\u00e9rique.","sameAs":["https:\/\/visionarymarketing.com","http:\/\/facebook.com\/ygourven","http:\/\/linkedin.com\/in\/ygourven","https:\/\/x.com\/ygourven","https:\/\/www.youtube.com\/c\/visionarymarketingagency"],"url":"https:\/\/visionarymarketing.com\/fr\/author\/yann-gourvennec\/"}]}},"_links":{"self":[{"href":"https:\/\/visionarymarketing.com\/fr\/wp-json\/wp\/v2\/posts\/34301","targetHints":{"allow":["GET"]}}],"collection":[{"href":"https:\/\/visionarymarketing.com\/fr\/wp-json\/wp\/v2\/posts"}],"about":[{"href":"https:\/\/visionarymarketing.com\/fr\/wp-json\/wp\/v2\/types\/post"}],"author":[{"embeddable":true,"href":"https:\/\/visionarymarketing.com\/fr\/wp-json\/wp\/v2\/users\/2"}],"replies":[{"embeddable":true,"href":"https:\/\/visionarymarketing.com\/fr\/wp-json\/wp\/v2\/comments?post=34301"}],"version-history":[{"count":0,"href":"https:\/\/visionarymarketing.com\/fr\/wp-json\/wp\/v2\/posts\/34301\/revisions"}],"wp:featuredmedia":[{"embeddable":true,"href":"https:\/\/visionarymarketing.com\/fr\/wp-json\/wp\/v2\/media\/34338"}],"wp:attachment":[{"href":"https:\/\/visionarymarketing.com\/fr\/wp-json\/wp\/v2\/media?parent=34301"}],"wp:term":[{"taxonomy":"category","embeddable":true,"href":"https:\/\/visionarymarketing.com\/fr\/wp-json\/wp\/v2\/categories?post=34301"},{"taxonomy":"post_tag","embeddable":true,"href":"https:\/\/visionarymarketing.com\/fr\/wp-json\/wp\/v2\/tags?post=34301"}],"curies":[{"name":"wp","href":"https:\/\/api.w.org\/{rel}","templated":true}]}}