{"id":34223,"date":"2019-11-26T08:45:35","date_gmt":"2019-11-26T07:45:35","guid":{"rendered":"https:\/\/visionarymarketing.com\/?p=34223"},"modified":"2022-10-10T09:45:42","modified_gmt":"2022-10-10T07:45:42","slug":"podcasts","status":"publish","type":"post","link":"https:\/\/visionarymarketing.com\/fr\/2019\/11\/26\/podcasts\/","title":{"rendered":"Podcasts : la voix de son marketeur (visionnaire)"},"content":{"rendered":"<p>Les <a href=\"https:\/\/visionarymarketing.com\/fr\/itunes\/\">podcasts<\/a> sont devenus ou plut\u00f4t redevenus \u00e0 la mode. D\u00e8s 2007, c&rsquo;\u00e9tait la grande folie. Apple avait fait tr\u00e8s fort avec ses nouvelles applications. Et notamment l&rsquo;application de podcasts qui a \u00e9t\u00e9 imm\u00e9diatement trust\u00e9e par les \u00e9missions historiques de &#8230; France Culture. C&rsquo;est dire que c&rsquo;\u00e9tait \u00e9litiste.<\/p>\n<h2>Les podcasts : mode d&rsquo;expression et outil de cr\u00e9ation de contenus<\/h2>\n<p>\u00c0 l&rsquo;\u00e9poque, c&rsquo;\u00e9tait tr\u00e8s simple, pour ceux qui avaient un iPhone\u2026 pour les autres, pas la peine de perdre son temps. Au fil du temps, les fichiers de podcasts ont \u00e9t\u00e9 de plus en plus cach\u00e9s \u00e0 l&rsquo;int\u00e9rieur des OS mobiles.<\/p>\n<p>D&rsquo;ailleurs, Apple n&rsquo;a pas brill\u00e9 par son g\u00e9nie du logiciel ces derni\u00e8res ann\u00e9es en ce sens. Ils se sont faits compl\u00e8tement d\u00e9border par les d\u00e9veloppements r\u00e9cents sur tous les OS avec <a href=\"https:\/\/www.tooltester.com\/en\/blog\/podcast-hosting\/\" target=\"_blank\" rel=\"noopener noreferrer\">des plates-formes transverses<\/a> comme Blubrry ou Buzzsprout,\u00a0Castos ou encore\u00a0SoundCloud.<\/p>\n<figure id=\"attachment_34226\" aria-describedby=\"caption-attachment-34226\" style=\"width: 519px\" class=\"wp-caption aligncenter\"><img decoding=\"async\" class=\"wp-image-34226 size-full\" src=\"https:\/\/visionarymarketing.com\/wp-content\/uploads\/2019\/11\/OriginalNipper-640x430-e1576840458666.jpg\" alt=\"podcasts\" width=\"519\" height=\"339\" srcset=\"https:\/\/visionarymarketing.com\/wp-content\/uploads\/2019\/11\/OriginalNipper-640x430-e1576840458666.jpg 519w, https:\/\/visionarymarketing.com\/wp-content\/uploads\/2019\/11\/OriginalNipper-640x430-e1576840458666-459x300.jpg 459w\" sizes=\"(max-width: 519px) 100vw, 519px\" \/><figcaption id=\"caption-attachment-34226\" class=\"wp-caption-text\"><a href=\"https:\/\/visionarymarketing.com\/fr\/itunes\/\">Les podcasts de Visionary Marketing : His Marketer&rsquo;s Voice (HMV)<\/a><\/figcaption><\/figure>\n<p>Pour Visionary Marketing, qui essaie de faire honneur \u00e0 son nom, <a href=\"https:\/\/visionarymarketing.com\/fr\/itunes\/\">les podcasts sont une vieille histoire<\/a>. Nous en faisons depuis tr\u00e8s longtemps, et avons m\u00eame eu une p\u00e9riode tr\u00e8s intense en 2013 juste avant la cr\u00e9ation de la soci\u00e9t\u00e9.<\/p>\n<p><!--more--> Nous en postions alors quasiment tous les jours. Aujourd&rsquo;hui, le podcast fait partie int\u00e9grante du marketing des contenus. C&rsquo;est un outil \u00e0 part enti\u00e8re, un mode d&rsquo;expression. Mais aussi un mode de cr\u00e9ation de contenus et une r\u00e9invention totale de la fa\u00e7on dont on fait des interviews.<\/p>\n<p>Vous retrouverez donc nos podcasts un peu partout chez nos clients. Et aussi chez nous ou vous trouverez \u00e0 la page d\u00e9di\u00e9e \u00e0 ce nouveau mode d&rsquo;expression l&rsquo;acc\u00e8s complet sur toutes les plates-formes au travers du remarquable plug-in WordPress Blubbry Powerpress.<\/p>\n<p>N&rsquo;h\u00e9sitez donc pas \u00e0 vous inscrire et \u00e0 vous abonner \u00e0 cette cha\u00eene audio afin de n&rsquo;en rater aucun. Ainsi, si vous n&rsquo;avez pas le temps de lire nos articles, soyez au moins s\u00fbrs de ne pas passer \u00e0 c\u00f4t\u00e9 des interviews de Visionary Marketing. Et comme aurait dit Jean-Christophe : <a href=\"https:\/\/fr.wikipedia.org\/wiki\/Jean-Christophe_Averty\" target=\"_blank\" rel=\"noopener noreferrer\">A vos caffettes<\/a> !<\/p>\n<blockquote class=\"quote-light\"><p>La <a href=\"https:\/\/podcasts.apple.com\/fr\/podcast\/visionarymarketing-les-interviews\/id731295319?mt=2\" target=\"_blank\" rel=\"noopener noreferrer\">cha\u00eene itunes des interviews de Visionarymarketing.com est disponible ici<\/a> ou en choisissant votre \u00e9pisode parmi la liste ci-dessous.<\/p><\/blockquote>\n<h3>Visionary Marketing : Les podcasts<\/h3>\n<p><img decoding=\"async\" class=\"alignright wp-image-33013 size-thumbnail\" src=\"https:\/\/visionarymarketing.com\/wp-content\/uploads\/2019\/06\/15-sunflower-22082015-0745-150x150.png\" alt=\"Visionary Marketing les podcasts\" width=\"150\" height=\"150\" srcset=\"https:\/\/visionarymarketing.com\/wp-content\/uploads\/2019\/06\/15-sunflower-22082015-0745-150x150.png 150w, https:\/\/visionarymarketing.com\/wp-content\/uploads\/2019\/06\/15-sunflower-22082015-0745-300x300.png 300w, https:\/\/visionarymarketing.com\/wp-content\/uploads\/2019\/06\/15-sunflower-22082015-0745-1024x1024.png 1024w, https:\/\/visionarymarketing.com\/wp-content\/uploads\/2019\/06\/15-sunflower-22082015-0745-768x768.png 768w, https:\/\/visionarymarketing.com\/wp-content\/uploads\/2019\/06\/15-sunflower-22082015-0745-1536x1536.png 1536w, https:\/\/visionarymarketing.com\/wp-content\/uploads\/2019\/06\/15-sunflower-22082015-0745.png 1920w, https:\/\/visionarymarketing.com\/wp-content\/uploads\/2019\/06\/15-sunflower-22082015-0745-863x863.png 863w, https:\/\/visionarymarketing.com\/wp-content\/uploads\/2019\/06\/15-sunflower-22082015-0745-108x108.png 108w\" sizes=\"(max-width: 150px) 100vw, 150px\" \/>Nous interviewons nombre d&rsquo;experts afin d&rsquo;agr\u00e9menter nos articles de pastilles multimedia que vous pouvez ais\u00e9ment retrouver sur les plateformes de podcasting Android, Apple et Blubrry. N&rsquo;h\u00e9sitez pas \u00e0 <a href=\"https:\/\/visionarymarketing.com\/contact\/\">nous contacter<\/a> au cas o\u00f9 vous aimeriez contribuer \u00e0 ce travail et figurer sur notre cha\u00eene de podcasts.<\/p>\n<!--[if lt IE 9]><script>document.createElement('audio');<\/script><![endif]-->\n<div class=\"wp-playlist wp-audio-playlist wp-playlist-light\">\n\t\t<div class=\"wp-playlist-current-item\"><\/div>\n\t\t<audio controls=\"controls\" preload=\"none\" width=\"640\"><\/audio>\n\t<div class=\"wp-playlist-next\"><\/div>\n\t<div class=\"wp-playlist-prev\"><\/div>\n\t<noscript>\n\t<ol><\/ol>\n\t<\/noscript>\n\t<script type=\"application\/json\" class=\"wp-playlist-script\">{\"type\":\"audio\",\"tracklist\":true,\"tracknumbers\":false,\"images\":true,\"artists\":true,\"date\":true,\"itunes_subtitle\":false,\"poster\":{\"src\":\"https:\\\/\\\/visionarymarketing.com\\\/wp-content\\\/uploads\\\/2023\\\/04\\\/sunflower-fr-large.jpg\",\"width\":\"144\",\"height\":\"144\"},\"tracks\":[{\"src\":\"https:\\\/\\\/media.blubrry.com\\\/visionarymarketing_les\\\/agence.visionarymarketing.com\\\/files\\\/podcasts\\\/2026-04-27-IA-CONSEIL-240426_mixdown.mp3\",\"type\":\"audio\\\/mpeg\",\"title\":\"IA et conseil : la fin d'un mod\\u00e8le\\u00a0?\",\"caption\":\"IA et conseil : la fin d'un mod\\u00e8le\\u00a0?\",\"description\":\"IA et conseil : la fin d'un mod\\u00e8le\\u00a0?\",\"meta\":{\"artist\":\"Talent Name\",\"album\":\"Podcast Title here\",\"title\":\"IA et conseil : la fin d'un mod\\u00e8le\\u00a0?\",\"genre\":\"Podcast\",\"year\":\"2026\",\"date\":\"27 avril 2026\",\"length_formatted\":\"50:13\",\"link\":\"https:\\\/\\\/visionarymarketing.com\\\/fr\\\/2026\\\/04\\\/27\\\/ia-et-conseil-la-fin-dun-modele\\\/\"},\"poster\":{\"src\":\"https:\\\/\\\/visionarymarketing.com\\\/wp-content\\\/uploads\\\/2023\\\/04\\\/sunflower-fr-large.jpg\",\"width\":144,\"height\":144}},{\"src\":\"https:\\\/\\\/media.blubrry.com\\\/visionarymarketing_les\\\/agence.visionarymarketing.com\\\/files\\\/podcasts\\\/2026-04-21-BEREAL-Anas-Nadifi-mixdown.mp3\",\"type\":\"audio\\\/mpeg\",\"title\":\"Publicit\\u00e9 sur BeReal : le pari de l'authentique\",\"caption\":\"Publicit\\u00e9 sur BeReal : le pari de l'authentique\",\"description\":\"Publicit\\u00e9 sur BeReal : le pari de l'authentique\",\"meta\":{\"artist\":\"Talent Name\",\"album\":\"Podcast Title here\",\"title\":\"Publicit\\u00e9 sur BeReal : le pari de l'authentique\",\"genre\":\"Podcast\",\"year\":\"2026\",\"date\":\"23 avril 2026\",\"length_formatted\":\"32:44\",\"link\":\"https:\\\/\\\/visionarymarketing.com\\\/fr\\\/2026\\\/04\\\/23\\\/publicite-sur-bereal-le-pari-de-lauthentique\\\/\"},\"poster\":{\"src\":\"https:\\\/\\\/visionarymarketing.com\\\/wp-content\\\/uploads\\\/2023\\\/04\\\/sunflower-fr-large.jpg\",\"width\":144,\"height\":144}},{\"src\":\"https:\\\/\\\/media.blubrry.com\\\/visionarymarketing_les\\\/agence.visionarymarketing.com\\\/files\\\/podcasts\\\/2026-04-17-Numerikisimo-lancement-2026.mp3\",\"type\":\"audio\\\/mpeg\",\"title\":\"Numerikissimo, l'annuaire du num\\u00e9rique 2026\",\"caption\":\"Numerikissimo, l'annuaire du num\\u00e9rique 2026\",\"description\":\"Numerikissimo, l'annuaire du num\\u00e9rique 2026\",\"meta\":{\"artist\":\"Talent Name\",\"album\":\"Podcast Title here\",\"title\":\"Numerikissimo, l'annuaire du num\\u00e9rique 2026\",\"genre\":\"Podcast\",\"year\":\"2026\",\"date\":\"17 avril 2026\",\"length_formatted\":\"35:24\",\"link\":\"https:\\\/\\\/visionarymarketing.com\\\/fr\\\/2026\\\/04\\\/17\\\/annuaire-du-numerique-2026-numerikissimo\\\/\"},\"poster\":{\"src\":\"https:\\\/\\\/visionarymarketing.com\\\/wp-content\\\/uploads\\\/2023\\\/04\\\/sunflower-fr-large.jpg\",\"width\":144,\"height\":144}},{\"src\":\"https:\\\/\\\/media.blubrry.com\\\/visionarymarketing_les\\\/agence.visionarymarketing.com\\\/files\\\/podcasts\\\/2026-04-08-FR-Rogue-AI-McAllister.mp3\",\"type\":\"audio\\\/mpeg\",\"title\":\"IA hors de contr\\u00f4le et d\\u00e9ni collectif\",\"caption\":\"IA hors de contr\\u00f4le et d\\u00e9ni collectif\",\"description\":\"IA hors de contr\\u00f4le et d\\u00e9ni collectif\",\"meta\":{\"artist\":\"Talent Name\",\"album\":\"Podcast Title here\",\"title\":\"IA hors de contr\\u00f4le et d\\u00e9ni collectif\",\"genre\":\"Podcast\",\"year\":\"2026\",\"date\":\"8 avril 2026\",\"length_formatted\":\"59:13\",\"link\":\"https:\\\/\\\/visionarymarketing.com\\\/fr\\\/2026\\\/04\\\/08\\\/ia-hors-de-controle-et-deni-collectif\\\/\"},\"poster\":{\"src\":\"https:\\\/\\\/visionarymarketing.com\\\/wp-content\\\/uploads\\\/2023\\\/04\\\/sunflower-fr-large.jpg\",\"width\":144,\"height\":144}},{\"src\":\"https:\\\/\\\/media.blubrry.com\\\/visionarymarketing_les\\\/agence.visionarymarketing.com\\\/files\\\/podcasts\\\/2026-03-31-audela-CSP-PLMagueresse.mp3\",\"type\":\"audio\\\/mpeg\",\"title\":\"Segmentation client, d\\u00e9passer les CSP\",\"caption\":\"Segmentation client, d\\u00e9passer les CSP\",\"description\":\"Segmentation client, d\\u00e9passer les CSP\",\"meta\":{\"artist\":\"Talent Name\",\"album\":\"Podcast Title here\",\"title\":\"Segmentation client, d\\u00e9passer les CSP\",\"genre\":\"Podcast\",\"year\":\"2026\",\"date\":\"31 mars 2026\",\"length_formatted\":\"55:52\",\"link\":\"https:\\\/\\\/visionarymarketing.com\\\/fr\\\/2026\\\/03\\\/31\\\/segmentation-client-au-dela-des-csp\\\/\"},\"poster\":{\"src\":\"https:\\\/\\\/visionarymarketing.com\\\/wp-content\\\/uploads\\\/2023\\\/04\\\/sunflower-fr-large.jpg\",\"width\":144,\"height\":144}},{\"src\":\"https:\\\/\\\/media.blubrry.com\\\/visionarymarketing_les\\\/agence.visionarymarketing.com\\\/files\\\/podcasts\\\/2026-03-24-bconnect-chassigneux.mp3\",\"type\":\"audio\\\/mpeg\",\"title\":\"Bouton b.connect : en finir avec le mot de passe\",\"caption\":\"Bouton b.connect : en finir avec le mot de passe\",\"description\":\"Bouton b.connect : en finir avec le mot de passe\",\"meta\":{\"artist\":\"Talent Name\",\"album\":\"Podcast Title here\",\"title\":\"Bouton b.connect : en finir avec le mot de passe\",\"genre\":\"Podcast\",\"year\":\"2026\",\"date\":\"24 mars 2026\",\"length_formatted\":\"26:50\",\"link\":\"https:\\\/\\\/visionarymarketing.com\\\/fr\\\/2026\\\/03\\\/24\\\/bouton-b-connect\\\/\"},\"poster\":{\"src\":\"https:\\\/\\\/visionarymarketing.com\\\/wp-content\\\/uploads\\\/2023\\\/04\\\/sunflower-fr-large.jpg\",\"width\":144,\"height\":144}},{\"src\":\"https:\\\/\\\/media.blubrry.com\\\/visionarymarketing_les\\\/agence.visionarymarketing.com\\\/files\\\/podcasts\\\/2026-03-16-souv-num-debat-mixdown.mp3\",\"type\":\"audio\\\/mpeg\",\"title\":\"Souverainet\\u00e9 num\\u00e9rique et logiciels de vente\",\"caption\":\"Souverainet\\u00e9 num\\u00e9rique et logiciels de vente\",\"description\":\"Souverainet\\u00e9 num\\u00e9rique et logiciels de vente\",\"meta\":{\"artist\":\"Talent Name\",\"album\":\"Podcast Title here\",\"title\":\"Souverainet\\u00e9 num\\u00e9rique et logiciels de vente\",\"genre\":\"Podcast\",\"year\":\"2026\",\"date\":\"16 mars 2026\",\"length_formatted\":\"1:42:40\",\"link\":\"https:\\\/\\\/visionarymarketing.com\\\/fr\\\/2026\\\/03\\\/16\\\/souverainete-numerique-et-logiciels-de-vente\\\/\"},\"poster\":{\"src\":\"https:\\\/\\\/visionarymarketing.com\\\/wp-content\\\/uploads\\\/2023\\\/04\\\/sunflower-fr-large.jpg\",\"width\":144,\"height\":144}},{\"src\":\"https:\\\/\\\/media.blubrry.com\\\/visionarymarketing_les\\\/agence.visionarymarketing.com\\\/files\\\/podcasts\\\/2026-03-07-SPLIO-mixdown.mp3\",\"type\":\"audio\\\/mpeg\",\"title\":\"Un CRM IA pour personnaliser \\u00e0 l\\u2019\\u00e9chelle\",\"caption\":\"Un CRM IA pour personnaliser \\u00e0 l\\u2019\\u00e9chelle\",\"description\":\"Un CRM IA pour personnaliser \\u00e0 l\\u2019\\u00e9chelle\",\"meta\":{\"artist\":\"Talent Name\",\"album\":\"Podcast Title here\",\"title\":\"Un CRM IA pour personnaliser \\u00e0 l\\u2019\\u00e9chelle\",\"genre\":\"Podcast\",\"year\":\"2026\",\"date\":\"9 mars 2026\",\"length_formatted\":\"34:43\",\"link\":\"https:\\\/\\\/visionarymarketing.com\\\/fr\\\/2026\\\/03\\\/09\\\/un-crm-ia-pour-personnaliser-a-lechelle\\\/\"},\"poster\":{\"src\":\"https:\\\/\\\/visionarymarketing.com\\\/wp-content\\\/uploads\\\/2023\\\/04\\\/sunflower-fr-large.jpg\",\"width\":144,\"height\":144}},{\"src\":\"https:\\\/\\\/media.blubrry.com\\\/visionarymarketing_les\\\/agence.visionarymarketing.com\\\/files\\\/podcasts\\\/2026-02-Reech-marketing-influence.mp3\",\"type\":\"audio\\\/mpeg\",\"title\":\"Marketing d'influence 2026 : l'ann\\u00e9e de la professionnalisation\",\"caption\":\"Marketing d'influence 2026 : l'ann\\u00e9e de la professionnalisation\",\"description\":\"Marketing d'influence 2026 : l'ann\\u00e9e de la professionnalisation\",\"meta\":{\"artist\":\"Talent Name\",\"album\":\"Podcast Title here\",\"title\":\"Marketing d'influence 2026 : l'ann\\u00e9e de la professionnalisation\",\"genre\":\"Podcast\",\"year\":\"2026\",\"date\":\"19 f\\u00e9vrier 2026\",\"length_formatted\":\"40:54\",\"link\":\"https:\\\/\\\/visionarymarketing.com\\\/fr\\\/2026\\\/02\\\/19\\\/marketing-dinfluence-2026-lannee-de-la-professionnalisation\\\/\"},\"poster\":{\"src\":\"https:\\\/\\\/visionarymarketing.com\\\/wp-content\\\/uploads\\\/2023\\\/04\\\/sunflower-fr-large.jpg\",\"width\":144,\"height\":144}},{\"src\":\"https:\\\/\\\/media.blubrry.com\\\/visionarymarketing_les\\\/agence.visionarymarketing.com\\\/files\\\/podcasts\\\/2026-01-28-FR-JP-Gownder-impatc-US-emplois-mixdown-SMALL.mp3\",\"type\":\"audio\\\/mpeg\",\"title\":\"Emploi et IA : l'apocalypse attendra encore un peu\",\"caption\":\"Emploi et IA : l'apocalypse attendra encore un peu\",\"description\":\"Emploi et IA : l'apocalypse attendra encore un peu\",\"meta\":{\"artist\":\"Talent Name\",\"album\":\"Podcast Title here\",\"title\":\"Emploi et IA : l'apocalypse attendra encore un peu\",\"genre\":\"Podcast\",\"year\":\"2026\",\"date\":\"2 f\\u00e9vrier 2026\",\"length_formatted\":\"38:22\",\"link\":\"https:\\\/\\\/visionarymarketing.com\\\/fr\\\/2026\\\/02\\\/02\\\/emploi-et-ia-lapocalypse-attendra-encore-un-peu\\\/\"},\"poster\":{\"src\":\"https:\\\/\\\/visionarymarketing.com\\\/wp-content\\\/uploads\\\/2023\\\/04\\\/sunflower-fr-large.jpg\",\"width\":144,\"height\":144}}]}<\/script>\n<\/div>\n\t\n\n<div itemscope itemtype=\"http:\/\/schema.org\/AudioObject\"><meta itemprop=\"name\" content=\"Podcasts : la voix de son marketeur (visionnaire)\" \/><meta itemprop=\"uploadDate\" content=\"2019-11-26T08:45:35+01:00\" \/><meta itemprop=\"encodingFormat\" content=\"audio\/mpeg\" \/><meta itemprop=\"duration\" content=\"PT2M24S\" \/><meta itemprop=\"description\" content=\"Les podcasts sont devenus ou plut\u00f4t redevenus \u00e0 la mode. D\u00e8s 2007, c&#039;\u00e9tait la grande folie. Apple avait fait tr\u00e8s fort avec ses nouvelles applications. Et notamment l&#039;application de podcasts qui a \u00e9t\u00e9 imm\u00e9diatement trust\u00e9e par les \u00e9missions historiqu...\" \/><meta itemprop=\"contentUrl\" content=\"https:\/\/media.blubrry.com\/visionarymarketing_les\/visionarymarketing.com\/files\/podcasts\/podcasts-visionary-marketing-2019.mp3\" \/><meta itemprop=\"contentSize\" content=\"1.7\" \/><div class=\"powerpress_player\" id=\"powerpress_player_2483\"><audio class=\"wp-audio-shortcode\" id=\"audio-34223-1\" preload=\"none\" style=\"width: 100%;\" controls=\"controls\"><source type=\"audio\/mpeg\" src=\"https:\/\/media.blubrry.com\/visionarymarketing_les\/visionarymarketing.com\/files\/podcasts\/podcasts-visionary-marketing-2019.mp3?_=1\" \/><a href=\"https:\/\/media.blubrry.com\/visionarymarketing_les\/visionarymarketing.com\/files\/podcasts\/podcasts-visionary-marketing-2019.mp3\">https:\/\/media.blubrry.com\/visionarymarketing_les\/visionarymarketing.com\/files\/podcasts\/podcasts-visionary-marketing-2019.mp3<\/a><\/audio><\/div><\/div><p class=\"powerpress_links powerpress_links_mp3\" style=\"margin-bottom: 1px !important;\">Podcast: <a href=\"https:\/\/media.blubrry.com\/visionarymarketing_les\/visionarymarketing.com\/files\/podcasts\/podcasts-visionary-marketing-2019.mp3\" class=\"powerpress_link_pinw\" target=\"_blank\" title=\"Play in new window\" onclick=\"return powerpress_pinw('https:\/\/visionarymarketing.com\/fr\/\/?powerpress_pinw=34223-podcast');\" rel=\"nofollow\">Play in new window<\/a> | <a href=\"https:\/\/media.blubrry.com\/visionarymarketing_les\/visionarymarketing.com\/files\/podcasts\/podcasts-visionary-marketing-2019.mp3\" class=\"powerpress_link_d\" title=\"Download\" rel=\"nofollow\" download=\"podcasts-visionary-marketing-2019.mp3\">Download<\/a> (Duration: 2:24 &#8212; 1.7MB)<\/p><p class=\"powerpress_links powerpress_subscribe_links\">Subscribe: <a href=\"https:\/\/itunes.apple.com\/us\/podcast\/visionarymarketing-les-interviews\/id731295319?mt=2&amp;ls=1#episodeGuid=https%3A%2F%2Fvisionarymarketing.com%2F%3Fp%3D34223\" class=\"powerpress_link_subscribe powerpress_link_subscribe_itunes\" target=\"_blank\" title=\"Subscribe on Apple Podcasts\" rel=\"nofollow\">Apple Podcasts<\/a> | <a href=\"https:\/\/open.spotify.com\/show\/52VnZ1mhVSnDs4tQOx7Vuc\" class=\"powerpress_link_subscribe powerpress_link_subscribe_spotify\" target=\"_blank\" title=\"Subscribe on Spotify\" rel=\"nofollow\">Spotify<\/a> | <a href=\"https:\/\/subscribeonandroid.com\/visionarymarketing.com\/fr\/feed\/podcast\/\" class=\"powerpress_link_subscribe powerpress_link_subscribe_android\" target=\"_blank\" title=\"Subscribe on Android\" rel=\"nofollow\">Android<\/a> | <a href=\"https:\/\/visionarymarketing.com\/fr\/feed\/podcast\/\" class=\"powerpress_link_subscribe powerpress_link_subscribe_rss\" target=\"_blank\" title=\"Subscribe via RSS\" rel=\"nofollow\">RSS<\/a><\/p>","protected":false},"excerpt":{"rendered":"<p>Les podcasts sont devenus ou plut\u00f4t redevenus \u00e0 la mode. D\u00e8s 2007, c&rsquo;\u00e9tait la grande folie. Apple avait fait tr\u00e8s fort avec ses nouvelles applications. Et notamment l&rsquo;application de podcasts qui a \u00e9t\u00e9 imm\u00e9diatement trust\u00e9e par les \u00e9missions historiques de &#8230; France Culture. C&rsquo;est dire que c&rsquo;\u00e9tait \u00e9litiste. Les podcasts : mode d&rsquo;expression et outil &hellip;<\/p>\n","protected":false},"author":2,"featured_media":34226,"comment_status":"open","ping_status":"open","sticky":false,"template":"","format":"standard","meta":{"footnotes":""},"categories":[2852],"tags":[],"class_list":["post-34223","post","type-post","status-publish","format-standard","has-post-thumbnail","hentry","category-content-marketing"],"yoast_head":"<!-- This site is optimized with the Yoast SEO plugin v27.4 - https:\/\/yoast.com\/product\/yoast-seo-wordpress\/ -->\n<title>Podcasts : la voix de son marketeur (visionnaire)<\/title>\n<meta name=\"description\" content=\"Les podcasts sont devenus ou plut\u00f4t redevenus \u00e0 la mode. D\u00e8s 2007, c&#039;\u00e9tait la grande folie. Apple avait fait tr\u00e8s fort avec ses nouvelles applications. Et\" \/>\n<meta name=\"robots\" content=\"index, follow, max-snippet:-1, max-image-preview:large, max-video-preview:-1\" \/>\n<link rel=\"canonical\" href=\"https:\/\/visionarymarketing.com\/fr\/2019\/11\/26\/podcasts\/\" \/>\n<meta property=\"og:locale\" content=\"fr_FR\" \/>\n<meta property=\"og:type\" content=\"article\" \/>\n<meta property=\"og:title\" content=\"Podcasts : la voix de son marketeur (visionnaire)\" \/>\n<meta property=\"og:description\" content=\"Les podcasts sont devenus ou plut\u00f4t redevenus \u00e0 la mode. D\u00e8s 2007, c&#039;\u00e9tait la grande folie. Apple avait fait tr\u00e8s fort avec ses nouvelles applications. Et\" \/>\n<meta property=\"og:url\" content=\"https:\/\/visionarymarketing.com\/fr\/2019\/11\/26\/podcasts\/\" \/>\n<meta property=\"og:site_name\" content=\"Marketing and Innovation\" \/>\n<meta property=\"article:publisher\" content=\"https:\/\/www.facebook.com\/vismktg\" \/>\n<meta property=\"article:author\" content=\"http:\/\/facebook.com\/ygourven\" \/>\n<meta property=\"article:published_time\" content=\"2019-11-26T07:45:35+00:00\" \/>\n<meta property=\"article:modified_time\" content=\"2022-10-10T07:45:42+00:00\" \/>\n<meta property=\"og:image\" content=\"https:\/\/visionarymarketing.com\/wp-content\/uploads\/2019\/11\/OriginalNipper-640x430-e1576840458666.jpg\" \/>\n\t<meta property=\"og:image:width\" content=\"519\" \/>\n\t<meta property=\"og:image:height\" content=\"339\" \/>\n\t<meta property=\"og:image:type\" content=\"image\/jpeg\" \/>\n<meta name=\"author\" content=\"Yann Gourvennec\" \/>\n<meta name=\"twitter:card\" content=\"summary_large_image\" \/>\n<meta name=\"twitter:creator\" content=\"@ygourven\" \/>\n<meta name=\"twitter:site\" content=\"@ygourven\" \/>\n<meta name=\"twitter:label1\" content=\"\u00c9crit par\" \/>\n\t<meta name=\"twitter:data1\" content=\"Yann Gourvennec\" \/>\n\t<meta name=\"twitter:label2\" content=\"Dur\u00e9e de lecture estim\u00e9e\" \/>\n\t<meta name=\"twitter:data2\" content=\"2 minutes\" \/>\n<script type=\"application\/ld+json\" class=\"yoast-schema-graph\">{\"@context\":\"https:\\\/\\\/schema.org\",\"@graph\":[{\"@type\":\"NewsArticle\",\"@id\":\"https:\\\/\\\/visionarymarketing.com\\\/fr\\\/2019\\\/11\\\/26\\\/podcasts\\\/#article\",\"isPartOf\":{\"@id\":\"https:\\\/\\\/visionarymarketing.com\\\/fr\\\/2019\\\/11\\\/26\\\/podcasts\\\/\"},\"author\":{\"name\":\"Yann Gourvennec\",\"@id\":\"https:\\\/\\\/visionarymarketing.com\\\/fr\\\/#\\\/schema\\\/person\\\/3754fee1e558f47b8deb46f53c37423e\"},\"headline\":\"Podcasts : la voix de son marketeur (visionnaire)\",\"datePublished\":\"2019-11-26T07:45:35+00:00\",\"dateModified\":\"2022-10-10T07:45:42+00:00\",\"mainEntityOfPage\":{\"@id\":\"https:\\\/\\\/visionarymarketing.com\\\/fr\\\/2019\\\/11\\\/26\\\/podcasts\\\/\"},\"wordCount\":464,\"commentCount\":0,\"image\":{\"@id\":\"https:\\\/\\\/visionarymarketing.com\\\/fr\\\/2019\\\/11\\\/26\\\/podcasts\\\/#primaryimage\"},\"thumbnailUrl\":\"https:\\\/\\\/visionarymarketing.com\\\/wp-content\\\/uploads\\\/2019\\\/11\\\/OriginalNipper-640x430-e1576840458666.jpg\",\"articleSection\":[\"Content Marketing\"],\"inLanguage\":\"fr-FR\",\"potentialAction\":[{\"@type\":\"CommentAction\",\"name\":\"Comment\",\"target\":[\"https:\\\/\\\/visionarymarketing.com\\\/fr\\\/2019\\\/11\\\/26\\\/podcasts\\\/#respond\"]}]},{\"@type\":\"WebPage\",\"@id\":\"https:\\\/\\\/visionarymarketing.com\\\/fr\\\/2019\\\/11\\\/26\\\/podcasts\\\/\",\"url\":\"https:\\\/\\\/visionarymarketing.com\\\/fr\\\/2019\\\/11\\\/26\\\/podcasts\\\/\",\"name\":\"Podcasts : la voix de son marketeur (visionnaire)\",\"isPartOf\":{\"@id\":\"https:\\\/\\\/visionarymarketing.com\\\/fr\\\/#website\"},\"primaryImageOfPage\":{\"@id\":\"https:\\\/\\\/visionarymarketing.com\\\/fr\\\/2019\\\/11\\\/26\\\/podcasts\\\/#primaryimage\"},\"image\":{\"@id\":\"https:\\\/\\\/visionarymarketing.com\\\/fr\\\/2019\\\/11\\\/26\\\/podcasts\\\/#primaryimage\"},\"thumbnailUrl\":\"https:\\\/\\\/visionarymarketing.com\\\/wp-content\\\/uploads\\\/2019\\\/11\\\/OriginalNipper-640x430-e1576840458666.jpg\",\"datePublished\":\"2019-11-26T07:45:35+00:00\",\"dateModified\":\"2022-10-10T07:45:42+00:00\",\"author\":{\"@id\":\"https:\\\/\\\/visionarymarketing.com\\\/fr\\\/#\\\/schema\\\/person\\\/3754fee1e558f47b8deb46f53c37423e\"},\"description\":\"Les podcasts sont devenus ou plut\u00f4t redevenus \u00e0 la mode. D\u00e8s 2007, c'\u00e9tait la grande folie. Apple avait fait tr\u00e8s fort avec ses nouvelles applications. Et\",\"breadcrumb\":{\"@id\":\"https:\\\/\\\/visionarymarketing.com\\\/fr\\\/2019\\\/11\\\/26\\\/podcasts\\\/#breadcrumb\"},\"inLanguage\":\"fr-FR\",\"potentialAction\":[{\"@type\":\"ReadAction\",\"target\":[\"https:\\\/\\\/visionarymarketing.com\\\/fr\\\/2019\\\/11\\\/26\\\/podcasts\\\/\"]}]},{\"@type\":\"ImageObject\",\"inLanguage\":\"fr-FR\",\"@id\":\"https:\\\/\\\/visionarymarketing.com\\\/fr\\\/2019\\\/11\\\/26\\\/podcasts\\\/#primaryimage\",\"url\":\"https:\\\/\\\/visionarymarketing.com\\\/wp-content\\\/uploads\\\/2019\\\/11\\\/OriginalNipper-640x430-e1576840458666.jpg\",\"contentUrl\":\"https:\\\/\\\/visionarymarketing.com\\\/wp-content\\\/uploads\\\/2019\\\/11\\\/OriginalNipper-640x430-e1576840458666.jpg\",\"width\":519,\"height\":339,\"caption\":\"Les podcasts de Visionary Marketing\"},{\"@type\":\"BreadcrumbList\",\"@id\":\"https:\\\/\\\/visionarymarketing.com\\\/fr\\\/2019\\\/11\\\/26\\\/podcasts\\\/#breadcrumb\",\"itemListElement\":[{\"@type\":\"ListItem\",\"position\":1,\"name\":\"Home\",\"item\":\"https:\\\/\\\/visionarymarketing.com\\\/fr\\\/\"},{\"@type\":\"ListItem\",\"position\":2,\"name\":\"Podcasts : la voix de son marketeur (visionnaire)\"}]},{\"@type\":\"WebSite\",\"@id\":\"https:\\\/\\\/visionarymarketing.com\\\/fr\\\/#website\",\"url\":\"https:\\\/\\\/visionarymarketing.com\\\/fr\\\/\",\"name\":\"Marketing and Innovation\",\"description\":\"Site d&#039;infos ind\u00e9pendant, depuis 1996\",\"potentialAction\":[{\"@type\":\"SearchAction\",\"target\":{\"@type\":\"EntryPoint\",\"urlTemplate\":\"https:\\\/\\\/visionarymarketing.com\\\/fr\\\/?s={search_term_string}\"},\"query-input\":{\"@type\":\"PropertyValueSpecification\",\"valueRequired\":true,\"valueName\":\"search_term_string\"}}],\"inLanguage\":\"fr-FR\"},{\"@type\":\"Person\",\"@id\":\"https:\\\/\\\/visionarymarketing.com\\\/fr\\\/#\\\/schema\\\/person\\\/3754fee1e558f47b8deb46f53c37423e\",\"name\":\"Yann Gourvennec\",\"image\":{\"@type\":\"ImageObject\",\"inLanguage\":\"fr-FR\",\"@id\":\"https:\\\/\\\/secure.gravatar.com\\\/avatar\\\/5972001801e8de5692a3e31224e85769f50a55fb8b679749f9c8d1868cceff14?s=96&d=initials&r=g&initials=yg\",\"url\":\"https:\\\/\\\/secure.gravatar.com\\\/avatar\\\/5972001801e8de5692a3e31224e85769f50a55fb8b679749f9c8d1868cceff14?s=96&d=initials&r=g&initials=yg\",\"contentUrl\":\"https:\\\/\\\/secure.gravatar.com\\\/avatar\\\/5972001801e8de5692a3e31224e85769f50a55fb8b679749f9c8d1868cceff14?s=96&d=initials&r=g&initials=yg\",\"caption\":\"Yann Gourvennec\"},\"description\":\"Yann Gourvennec created visionarymarketing.com in 1996. He is a speaker and author of many books. In 2014 he went from intrapreneur to entrepreneur, when he created his digital marketing agency. Yann Gourvennec a cr\u00e9\u00e9 visionarymarketing.com en 1996. Il est conf\u00e9rencier et auteur de plusieurs livres. En 2014, il est pass\u00e9 d'intrapreneur \u00e0 entrepreneur en cr\u00e9ant son agence de marketing num\u00e9rique.\",\"sameAs\":[\"https:\\\/\\\/visionarymarketing.com\",\"http:\\\/\\\/facebook.com\\\/ygourven\",\"http:\\\/\\\/linkedin.com\\\/in\\\/ygourven\",\"https:\\\/\\\/x.com\\\/ygourven\",\"https:\\\/\\\/www.youtube.com\\\/c\\\/visionarymarketingagency\"],\"url\":\"https:\\\/\\\/visionarymarketing.com\\\/fr\\\/author\\\/yann-gourvennec\\\/\"}]}<\/script>\n<!-- \/ Yoast SEO plugin. -->","yoast_head_json":{"title":"Podcasts : la voix de son marketeur (visionnaire)","description":"Les podcasts sont devenus ou plut\u00f4t redevenus \u00e0 la mode. D\u00e8s 2007, c'\u00e9tait la grande folie. Apple avait fait tr\u00e8s fort avec ses nouvelles applications. Et","robots":{"index":"index","follow":"follow","max-snippet":"max-snippet:-1","max-image-preview":"max-image-preview:large","max-video-preview":"max-video-preview:-1"},"canonical":"https:\/\/visionarymarketing.com\/fr\/2019\/11\/26\/podcasts\/","og_locale":"fr_FR","og_type":"article","og_title":"Podcasts : la voix de son marketeur (visionnaire)","og_description":"Les podcasts sont devenus ou plut\u00f4t redevenus \u00e0 la mode. D\u00e8s 2007, c'\u00e9tait la grande folie. Apple avait fait tr\u00e8s fort avec ses nouvelles applications. Et","og_url":"https:\/\/visionarymarketing.com\/fr\/2019\/11\/26\/podcasts\/","og_site_name":"Marketing and Innovation","article_publisher":"https:\/\/www.facebook.com\/vismktg","article_author":"http:\/\/facebook.com\/ygourven","article_published_time":"2019-11-26T07:45:35+00:00","article_modified_time":"2022-10-10T07:45:42+00:00","og_image":[{"width":519,"height":339,"url":"https:\/\/visionarymarketing.com\/wp-content\/uploads\/2019\/11\/OriginalNipper-640x430-e1576840458666.jpg","type":"image\/jpeg"}],"author":"Yann Gourvennec","twitter_card":"summary_large_image","twitter_creator":"@ygourven","twitter_site":"@ygourven","twitter_misc":{"\u00c9crit par":"Yann Gourvennec","Dur\u00e9e de lecture estim\u00e9e":"2 minutes"},"schema":{"@context":"https:\/\/schema.org","@graph":[{"@type":"NewsArticle","@id":"https:\/\/visionarymarketing.com\/fr\/2019\/11\/26\/podcasts\/#article","isPartOf":{"@id":"https:\/\/visionarymarketing.com\/fr\/2019\/11\/26\/podcasts\/"},"author":{"name":"Yann Gourvennec","@id":"https:\/\/visionarymarketing.com\/fr\/#\/schema\/person\/3754fee1e558f47b8deb46f53c37423e"},"headline":"Podcasts : la voix de son marketeur (visionnaire)","datePublished":"2019-11-26T07:45:35+00:00","dateModified":"2022-10-10T07:45:42+00:00","mainEntityOfPage":{"@id":"https:\/\/visionarymarketing.com\/fr\/2019\/11\/26\/podcasts\/"},"wordCount":464,"commentCount":0,"image":{"@id":"https:\/\/visionarymarketing.com\/fr\/2019\/11\/26\/podcasts\/#primaryimage"},"thumbnailUrl":"https:\/\/visionarymarketing.com\/wp-content\/uploads\/2019\/11\/OriginalNipper-640x430-e1576840458666.jpg","articleSection":["Content Marketing"],"inLanguage":"fr-FR","potentialAction":[{"@type":"CommentAction","name":"Comment","target":["https:\/\/visionarymarketing.com\/fr\/2019\/11\/26\/podcasts\/#respond"]}]},{"@type":"WebPage","@id":"https:\/\/visionarymarketing.com\/fr\/2019\/11\/26\/podcasts\/","url":"https:\/\/visionarymarketing.com\/fr\/2019\/11\/26\/podcasts\/","name":"Podcasts : la voix de son marketeur (visionnaire)","isPartOf":{"@id":"https:\/\/visionarymarketing.com\/fr\/#website"},"primaryImageOfPage":{"@id":"https:\/\/visionarymarketing.com\/fr\/2019\/11\/26\/podcasts\/#primaryimage"},"image":{"@id":"https:\/\/visionarymarketing.com\/fr\/2019\/11\/26\/podcasts\/#primaryimage"},"thumbnailUrl":"https:\/\/visionarymarketing.com\/wp-content\/uploads\/2019\/11\/OriginalNipper-640x430-e1576840458666.jpg","datePublished":"2019-11-26T07:45:35+00:00","dateModified":"2022-10-10T07:45:42+00:00","author":{"@id":"https:\/\/visionarymarketing.com\/fr\/#\/schema\/person\/3754fee1e558f47b8deb46f53c37423e"},"description":"Les podcasts sont devenus ou plut\u00f4t redevenus \u00e0 la mode. D\u00e8s 2007, c'\u00e9tait la grande folie. Apple avait fait tr\u00e8s fort avec ses nouvelles applications. Et","breadcrumb":{"@id":"https:\/\/visionarymarketing.com\/fr\/2019\/11\/26\/podcasts\/#breadcrumb"},"inLanguage":"fr-FR","potentialAction":[{"@type":"ReadAction","target":["https:\/\/visionarymarketing.com\/fr\/2019\/11\/26\/podcasts\/"]}]},{"@type":"ImageObject","inLanguage":"fr-FR","@id":"https:\/\/visionarymarketing.com\/fr\/2019\/11\/26\/podcasts\/#primaryimage","url":"https:\/\/visionarymarketing.com\/wp-content\/uploads\/2019\/11\/OriginalNipper-640x430-e1576840458666.jpg","contentUrl":"https:\/\/visionarymarketing.com\/wp-content\/uploads\/2019\/11\/OriginalNipper-640x430-e1576840458666.jpg","width":519,"height":339,"caption":"Les podcasts de Visionary Marketing"},{"@type":"BreadcrumbList","@id":"https:\/\/visionarymarketing.com\/fr\/2019\/11\/26\/podcasts\/#breadcrumb","itemListElement":[{"@type":"ListItem","position":1,"name":"Home","item":"https:\/\/visionarymarketing.com\/fr\/"},{"@type":"ListItem","position":2,"name":"Podcasts : la voix de son marketeur (visionnaire)"}]},{"@type":"WebSite","@id":"https:\/\/visionarymarketing.com\/fr\/#website","url":"https:\/\/visionarymarketing.com\/fr\/","name":"Marketing and Innovation","description":"Site d&#039;infos ind\u00e9pendant, depuis 1996","potentialAction":[{"@type":"SearchAction","target":{"@type":"EntryPoint","urlTemplate":"https:\/\/visionarymarketing.com\/fr\/?s={search_term_string}"},"query-input":{"@type":"PropertyValueSpecification","valueRequired":true,"valueName":"search_term_string"}}],"inLanguage":"fr-FR"},{"@type":"Person","@id":"https:\/\/visionarymarketing.com\/fr\/#\/schema\/person\/3754fee1e558f47b8deb46f53c37423e","name":"Yann Gourvennec","image":{"@type":"ImageObject","inLanguage":"fr-FR","@id":"https:\/\/secure.gravatar.com\/avatar\/5972001801e8de5692a3e31224e85769f50a55fb8b679749f9c8d1868cceff14?s=96&d=initials&r=g&initials=yg","url":"https:\/\/secure.gravatar.com\/avatar\/5972001801e8de5692a3e31224e85769f50a55fb8b679749f9c8d1868cceff14?s=96&d=initials&r=g&initials=yg","contentUrl":"https:\/\/secure.gravatar.com\/avatar\/5972001801e8de5692a3e31224e85769f50a55fb8b679749f9c8d1868cceff14?s=96&d=initials&r=g&initials=yg","caption":"Yann Gourvennec"},"description":"Yann Gourvennec created visionarymarketing.com in 1996. He is a speaker and author of many books. In 2014 he went from intrapreneur to entrepreneur, when he created his digital marketing agency. Yann Gourvennec a cr\u00e9\u00e9 visionarymarketing.com en 1996. Il est conf\u00e9rencier et auteur de plusieurs livres. En 2014, il est pass\u00e9 d'intrapreneur \u00e0 entrepreneur en cr\u00e9ant son agence de marketing num\u00e9rique.","sameAs":["https:\/\/visionarymarketing.com","http:\/\/facebook.com\/ygourven","http:\/\/linkedin.com\/in\/ygourven","https:\/\/x.com\/ygourven","https:\/\/www.youtube.com\/c\/visionarymarketingagency"],"url":"https:\/\/visionarymarketing.com\/fr\/author\/yann-gourvennec\/"}]}},"_links":{"self":[{"href":"https:\/\/visionarymarketing.com\/fr\/wp-json\/wp\/v2\/posts\/34223","targetHints":{"allow":["GET"]}}],"collection":[{"href":"https:\/\/visionarymarketing.com\/fr\/wp-json\/wp\/v2\/posts"}],"about":[{"href":"https:\/\/visionarymarketing.com\/fr\/wp-json\/wp\/v2\/types\/post"}],"author":[{"embeddable":true,"href":"https:\/\/visionarymarketing.com\/fr\/wp-json\/wp\/v2\/users\/2"}],"replies":[{"embeddable":true,"href":"https:\/\/visionarymarketing.com\/fr\/wp-json\/wp\/v2\/comments?post=34223"}],"version-history":[{"count":0,"href":"https:\/\/visionarymarketing.com\/fr\/wp-json\/wp\/v2\/posts\/34223\/revisions"}],"wp:featuredmedia":[{"embeddable":true,"href":"https:\/\/visionarymarketing.com\/fr\/wp-json\/wp\/v2\/media\/34226"}],"wp:attachment":[{"href":"https:\/\/visionarymarketing.com\/fr\/wp-json\/wp\/v2\/media?parent=34223"}],"wp:term":[{"taxonomy":"category","embeddable":true,"href":"https:\/\/visionarymarketing.com\/fr\/wp-json\/wp\/v2\/categories?post=34223"},{"taxonomy":"post_tag","embeddable":true,"href":"https:\/\/visionarymarketing.com\/fr\/wp-json\/wp\/v2\/tags?post=34223"}],"curies":[{"name":"wp","href":"https:\/\/api.w.org\/{rel}","templated":true}]}}