{"id":33844,"date":"2019-10-21T08:45:44","date_gmt":"2019-10-21T06:45:44","guid":{"rendered":"https:\/\/visionarymarketing.com\/?p=33844"},"modified":"2023-06-26T09:32:56","modified_gmt":"2023-06-26T07:32:56","slug":"peur-du-numerique","status":"publish","type":"post","link":"https:\/\/visionarymarketing.com\/fr\/2019\/10\/21\/peur-du-numerique\/","title":{"rendered":"Peur du num\u00e9rique : les salari\u00e9s sont-ils d\u00e9munis face au digital"},"content":{"rendered":"<p>Avec ce billet sur la peur du num\u00e9rique des salari\u00e9s (et des RH) face \u00e0 la transformation de leurs m\u00e9tiers, nous faisons suite \u00e0 notre s\u00e9rie d&rsquo;articles sur <a href=\"https:\/\/visionarymarketing.com\/2019\/09\/transformation-digitale-2-0\/\">transformation<\/a> et <a href=\"https:\/\/visionarymarketing.com\/2019\/10\/resistance-au-changement\/\">changement<\/a>. J&rsquo;ai \u00e9t\u00e9 interpell\u00e9 l&rsquo;autre jour, par une br\u00e8ve parue sur France Info (<a href=\"https:\/\/www.francetvinfo.fr\/replay-radio\/c-est-mon-boulot\/pres-d-un-salarie-sur-trois-se-sent-depasse-par-les-technologies-numeriques_3623881.html\" target=\"_blank\" rel=\"noopener noreferrer\">\u00e9mission de Philippe Duport, France Info<\/a>\u00a0voir \u00e0 la fin de l&rsquo;article pour l&rsquo;extrait et le lien).<\/p>\n<h2>Barom\u00e8tre international ou \u00e9tude sur la peur du num\u00e9rique ?<\/h2>\n<figure id=\"attachment_33916\" aria-describedby=\"caption-attachment-33916\" style=\"width: 520px\" class=\"wp-caption aligncenter\"><img decoding=\"async\" class=\"wp-image-33916 size-full\" src=\"https:\/\/visionarymarketing.com\/wp-content\/uploads\/2019\/10\/48112571162_9802844a4d_c-e1571506805888.jpg\" alt=\"peur du num\u00e9rique\" width=\"520\" height=\"347\" srcset=\"https:\/\/visionarymarketing.com\/wp-content\/uploads\/2019\/10\/48112571162_9802844a4d_c-e1571506805888.jpg 650w, https:\/\/visionarymarketing.com\/wp-content\/uploads\/2019\/10\/48112571162_9802844a4d_c-e1571506805888-449x300.jpg 449w\" sizes=\"(max-width: 520px) 100vw, 520px\" \/><figcaption id=\"caption-attachment-33916\" class=\"wp-caption-text\">Le num\u00e9rique est absolument partout, m\u00eame pour remplacer les partitions de musique. Pourvu que la tablette ne se mette pas en veille !<\/figcaption><\/figure>\n<p>J&rsquo;ai donc imm\u00e9diatement arr\u00eat\u00e9 de tremper mes biscottes (sans gluten) dans mon caf\u00e9 et je suis all\u00e9 chercher le billet en question sur le site de France Info.\u00a0Et voici l&rsquo;<a href=\"https:\/\/visionarymarketing.com\/wp-content\/uploads\/2019\/10\/CEGOS_Baro-LD-2019-01102019_presentation-complete.pdf\" target=\"_blank\" rel=\"noopener noreferrer\">\u00e9tude<\/a>, <a href=\"https:\/\/www.cegos.com\/fr\" target=\"_blank\" rel=\"noopener noreferrer\">r\u00e9alis\u00e9e par CEGOS<\/a>, dont nous commen\u00e7ons par montrer la m\u00e9thodologie ci-dessous (le rapport complet est t\u00e9l\u00e9chargeable en bas de l&rsquo;article).<!--more--><\/p>\n<p>L&rsquo;\u00e9tude est europ\u00e9enne et permet de comparer non seulement quelques pays, mais aussi les points de vue des employ\u00e9s et des RH.<\/p>\n<p>Ce qui m&rsquo;a frapp\u00e9 au prime abord est l&rsquo;alarmisme de la pr\u00e9sentation de la cha\u00eene d&rsquo;information continue \u2014 ils ont tellement l&rsquo;habitude de nous faire peur ils doivent avoir du mal \u00e0 s&rsquo;arr\u00eater \u2014 qui titrait : \u00ab\u00a0Pr\u00e8s d&rsquo;un salari\u00e9 sur trois se sent &lsquo;d\u00e9pass\u00e9&rsquo; par les technologies num\u00e9riques\u00a0\u00bb.<\/p>\n<p><img decoding=\"async\" class=\"aligncenter wp-image-33903 size-large\" src=\"https:\/\/visionarymarketing.com\/wp-content\/uploads\/2019\/10\/CEGOS_Baro-LD-2019-01102019_presentation-complete_Page_3-1024x605.png\" alt=\"peur des salari\u00e9s\" width=\"863\" height=\"510\" srcset=\"https:\/\/visionarymarketing.com\/wp-content\/uploads\/2019\/10\/CEGOS_Baro-LD-2019-01102019_presentation-complete_Page_3-1024x605.png 1024w, https:\/\/visionarymarketing.com\/wp-content\/uploads\/2019\/10\/CEGOS_Baro-LD-2019-01102019_presentation-complete_Page_3-500x295.png 500w, https:\/\/visionarymarketing.com\/wp-content\/uploads\/2019\/10\/CEGOS_Baro-LD-2019-01102019_presentation-complete_Page_3-768x454.png 768w, https:\/\/visionarymarketing.com\/wp-content\/uploads\/2019\/10\/CEGOS_Baro-LD-2019-01102019_presentation-complete_Page_3-1536x908.png 1536w, https:\/\/visionarymarketing.com\/wp-content\/uploads\/2019\/10\/CEGOS_Baro-LD-2019-01102019_presentation-complete_Page_3-863x510.png 863w, https:\/\/visionarymarketing.com\/wp-content\/uploads\/2019\/10\/CEGOS_Baro-LD-2019-01102019_presentation-complete_Page_3-183x108.png 183w, https:\/\/visionarymarketing.com\/wp-content\/uploads\/2019\/10\/CEGOS_Baro-LD-2019-01102019_presentation-complete_Page_3.png 1716w\" sizes=\"(max-width: 863px) 100vw, 863px\" \/><\/p>\n<h3>M\u00eame pas peur &#8230; du num\u00e9rique<\/h3>\n<p>Mettons cela sur le compte de mon optimisme, mais si je compte bien, cela fait plus des 2\/3 des salari\u00e9s interrog\u00e9s qui n&rsquo;ont pas peur du num\u00e9rique et voil\u00e0 donc une excellente nouvelle. Il est rare que l&rsquo;on puisse mettre en place des changements (encore moins des transformations) avec autant de personnes confiantes. Comme nous l&rsquo;avons vu, la <a href=\"https:\/\/visionarymarketing.com\/2019\/10\/resistance-au-changement\/\">tendance naturelle est \u00e0 la pr\u00e9servation des habitudes<\/a>.<\/p>\n<h3>Les m\u00e9tiers \u00e9voluent et d&rsquo;autres disparaissent &#8230; et alors ?!<\/h3>\n<p>Les marchands de peur et de peur num\u00e9rique en particulier sont l\u00e9gion. Mais cela ne veut pas dire pour autant que l&rsquo;\u00e9volution des m\u00e9tiers, mise en exergue par l&rsquo;\u00e9tude, soit un ph\u00e9nom\u00e8ne nouveau. De tout temps, des m\u00e9tiers ont \u00e9volu\u00e9, voire disparu. Et la br\u00e8ve histoire du num\u00e9rique, depuis l&rsquo;invention de l&rsquo;informatique avec l&rsquo;ENIAC dans les ann\u00e9es 40, des m\u00e9tiers sont apparus et ont disparu. Outre le m\u00e9tier de standardiste (cf. photo) connu de tous, tu\u00e9 par les standards num\u00e9riques des ann\u00e9es 90-2000, l<a href=\"https:\/\/fr.wikipedia.org\/wiki\/Perforatrice#M\u00e9canographie\" target=\"_blank\" rel=\"noopener noreferrer\">es perforatrices (alias \u00ab\u00a0perfos\u00a0\u00bb)<\/a> des ann\u00e9es 60 qui manipulaient les cartes perfor\u00e9es des premiers ordinateurs (machines m\u00e9canographiques) ont d\u00fb se reconvertir dans les ann\u00e9es 80.<\/p>\n<figure id=\"attachment_33912\" aria-describedby=\"caption-attachment-33912\" style=\"width: 650px\" class=\"wp-caption aligncenter\"><img decoding=\"async\" class=\"wp-image-33912 size-full\" src=\"https:\/\/visionarymarketing.com\/wp-content\/uploads\/2019\/10\/1612710-image-crop-2000x1519-1537988283-728-246e099157-1540021399-e1571506109469.jpg\" alt=\"peur du num\u00e9rique\" width=\"650\" height=\"493\" srcset=\"https:\/\/visionarymarketing.com\/wp-content\/uploads\/2019\/10\/1612710-image-crop-2000x1519-1537988283-728-246e099157-1540021399-e1571506109469.jpg 650w, https:\/\/visionarymarketing.com\/wp-content\/uploads\/2019\/10\/1612710-image-crop-2000x1519-1537988283-728-246e099157-1540021399-e1571506109469-396x300.jpg 396w\" sizes=\"(max-width: 650px) 100vw, 650px\" \/><figcaption id=\"caption-attachment-33912\" class=\"wp-caption-text\">Un m\u00e9tier parmi beaucoup d&rsquo;autres, ayant disparu. En attendant que les t\u00e9l\u00e9phones fixes fassent eux aussi partie des mus\u00e9es, on n&rsquo;en est vraiment pas tr\u00e8s loin. \u00a9 Everett Collection \/ Old Visuals \/ EAST NEWS\u00a0via Sympa<\/figcaption><\/figure>\n<p>Plus pr\u00e8s de nous, toujours dans notre domaine, le m\u00e9tier de webmestre a lui aussi disparu. En attendant d&rsquo;\u00eatre suivi bient\u00f4t par celui de community manager. Ces deux m\u00e9tiers, pourtant pr\u00e9sent\u00e9s comme les jobs de l&rsquo;avenir dans les ann\u00e9es 2000 n&rsquo;ont pas surv\u00e9cu \u00e0 l&rsquo;hyper fragmentation des m\u00e9tiers du \u00ab\u00a0digital\u00a0\u00bb comme cela a \u00e9t\u00e9 brillamment expliqu\u00e9 dans un des meilleurs rapports, \u00e0 mon avis, sur les emplois du digital, datant malheureusement de 2015, donc d\u00e9j\u00e0 d\u00e9pass\u00e9.<\/p>\n<figure id=\"attachment_33918\" aria-describedby=\"caption-attachment-33918\" style=\"width: 650px\" class=\"wp-caption aligncenter\"><img decoding=\"async\" class=\"wp-image-33918 size-full\" src=\"https:\/\/visionarymarketing.com\/wp-content\/uploads\/2019\/10\/Slide21-e1571507596560.png\" alt=\"peur du num\u00e9rique\" width=\"650\" height=\"366\" srcset=\"https:\/\/visionarymarketing.com\/wp-content\/uploads\/2019\/10\/Slide21-e1571507596560.png 650w, https:\/\/visionarymarketing.com\/wp-content\/uploads\/2019\/10\/Slide21-e1571507596560-500x282.png 500w\" sizes=\"(max-width: 650px) 100vw, 650px\" \/><figcaption id=\"caption-attachment-33918\" class=\"wp-caption-text\">Le webmaster a-t-il eu temps d&rsquo;avoir peur du num\u00e9rique ? Pas vraiment, il a \u00e9t\u00e9 happ\u00e9 par d&rsquo;autres activit\u00e9s et il s&rsquo;est reconverti sur le terrain [<a href=\"https:\/\/visionarymarketing.com\/wp-content\/uploads\/2019\/10\/Etude-M\u00e9tiers-du-Digital-MKG-Com-2015.pdf\">Etude M\u00e9tiers du Digital MKG &amp; Com 2015<\/a>]<\/figcaption><\/figure>\n<h3>Et qu&rsquo;entend-on par num\u00e9rique ?<\/h3>\n<p>Mais l\u00e0 je parle d&rsquo;\u00e9volutions de m\u00e9tiers dans le domaine du num\u00e9rique lui-m\u00eame. Une sorte d&rsquo;arroseur arros\u00e9, qui prouve que finalement, personne n&rsquo;est immunis\u00e9. En fait, je pense m\u00eame que le premier secteur a avoir \u00e9t\u00e9 transform\u00e9 num\u00e9riquement (\u00e0 plusieurs reprises) est celui de l&rsquo;informatique lui-m\u00eame.<\/p>\n<p>J&rsquo;ai travaill\u00e9 ainsi pour le n\u00b02 de l&rsquo;informatique des ann\u00e9es 80, qui perdit 75% de son personnel en \u00e0 peine 5 ans (de 120 000 \u00e0 30 000 employ\u00e9s dans le monde) du fait de la r\u00e9volution Unix, de l&rsquo;ordinateur personnel, puis du client serveur et enfin la grande lessive du service.<\/p>\n<p>Mais revenons \u00e0 l&rsquo;\u00e9tude, de quoi parlons-nous ?<\/p>\n<p>De personnes du secteur priv\u00e9 ayant suivi une formation dans les 2 ans. S&rsquo;agit-il de caristes, ou de caissi\u00e8res de supermarch\u00e9s ? Probablement pas car les 70% environ de managers montrent que l&rsquo;on parle de cols blancs, probablement, la cible de CEGOS au passage. De quel type de \u00ab\u00a0digital\u00a0\u00bb parlons-nous ici \u00e9galement ?<\/p>\n<p>Comment ne pas m\u00e9langer les choux et les carottes en effet. Le num\u00e9rique est partout, m\u00eame dans les aspirateurs robots qui passent probablement entre vos jambes en ce moment.<\/p>\n<p>Et quand quelque chose est partout, c&rsquo;est qu&rsquo;il n&rsquo;est nulle part. Cette question de savoir ce qu&rsquo;est vraiment le num\u00e9rique est r\u00e9currente et ne trouve pas de solution satisfaisante.<\/p>\n<p>Il s&rsquo;agit d&rsquo;un de ces mots-valises qui a une signification diff\u00e9rente pour chacun d&rsquo;entre nous. Web pour les uns, IT et Web pour les autres, martech pour les troisi\u00e8mes&#8230; D&rsquo;ailleurs, les rapports sur les emplois du num\u00e9riques sont rares et m\u00e9langent souvent les deux populations, num\u00e9riques et informatiques. Pourtant deux mondes bien diff\u00e9rents.<\/p>\n<h3>La peur du num\u00e9rique n&rsquo;\u00e9vite pas le danger<\/h3>\n<p>Mais arr\u00eatons-l\u00e0 le b\u00e9mol et posons l&rsquo;hypoth\u00e8se qu&rsquo;il s&rsquo;agit l\u00e0 d&rsquo;une \u00e9tude sur les cols blancs, employ\u00e9s (environ 30%) et managers (environ 70%).<\/p>\n<p>La vraie question pos\u00e9e par CEGOS tourne autour de la formation.<\/p>\n<p>En effet, tout d&rsquo;abord, la population interview\u00e9e a suivi une formation CEGOS dans les deux ans. On peut supposer qu&rsquo;il s&rsquo;agit de personnes form\u00e9es par le v\u00e9n\u00e9rable institut, et donc sur le panel de leurs formations, dans tous les domaines.<\/p>\n<p>L&rsquo;institut \u00e9tant comp\u00e9tent en num\u00e9rique (et ici on saluera notre confr\u00e8re et ami Philippe G\u00e9rard, ancien membre de Media Aces et pionnier des m\u00e9dias sociaux en entreprise), nous allons aussi poser l&rsquo;hypoth\u00e8se que cette formation a eu un impact \u00e0 la baisse sur les pourcentages de la population effray\u00e9e par le digital. Reste un travail de formation \u00e0 \u00e9tablir et perfectionner, mais comment ?<\/p>\n<p>Le vrai sujet est bien l\u00e0, dans le slide de conclusion g\u00e9n\u00e9rale de l&rsquo;\u00e9tude de la CEGOS : <strong>\u00ab\u00a0comment am\u00e9liorer l&rsquo;offre de formation ?\u00a0\u00bb<\/strong> et notamment mettre en place le <strong>\u00ab\u00a0FEST\u00a0\u00bb (Formation en Situation de Travail)<\/strong> et CEGOS de conclure aussi que la formation a d\u00e9j\u00e0 lieu \u2014 dans certains secteurs \u2014 sur le terrain en dehors de toute formalisation, individualis\u00e9e et li\u00e9e \u00e0 la situation, car sur le lieu de travail.<\/p>\n<p>Assur\u00e9ment une piste de travail que nous approfondirons bient\u00f4t en commentant un article \u00e9crit par Maddyness dans le cadre d&rsquo;un num\u00e9ro sp\u00e9cial papier que j&rsquo;ai d\u00e9couvert chez eux.<\/p>\n<figure id=\"attachment_33901\" aria-describedby=\"caption-attachment-33901\" style=\"width: 750px\" class=\"wp-caption aligncenter\"><img decoding=\"async\" class=\"wp-image-33901 size-full\" src=\"https:\/\/visionarymarketing.com\/wp-content\/uploads\/2019\/10\/CEGOS_Baro-LD-2019-01102019_presentation-complete_Page_39-3-e1571497146403.png\" alt=\"Peur des salari\u00e9s\" width=\"750\" height=\"418\" srcset=\"https:\/\/visionarymarketing.com\/wp-content\/uploads\/2019\/10\/CEGOS_Baro-LD-2019-01102019_presentation-complete_Page_39-3-e1571497146403.png 750w, https:\/\/visionarymarketing.com\/wp-content\/uploads\/2019\/10\/CEGOS_Baro-LD-2019-01102019_presentation-complete_Page_39-3-e1571497146403-500x279.png 500w\" sizes=\"(max-width: 750px) 100vw, 750px\" \/><figcaption id=\"caption-attachment-33901\" class=\"wp-caption-text\">L&rsquo;\u00e9tude de la CEGOS conclusion<\/figcaption><\/figure>\n<p>&nbsp;<\/p>\n<blockquote class=\"quote-light\">\n<h3>Pr\u00e8s d&rsquo;un salari\u00e9 sur trois se sent \u00ab\u00a0d\u00e9pass\u00e9\u00a0\u00bb par les technologies num\u00e9riques<\/h3>\n<\/blockquote>\n<p>\u00ab\u00a0Pas moins de 31% des personnes interrog\u00e9es par la Cegos, un grand groupe de formation, l&rsquo;avouent : ils ne se sentent pas pr\u00eats \u00e0 la transformation num\u00e9rique des entreprises. Pire, ils se disent \u00ab\u00a0d\u00e9pass\u00e9s\u00a0\u00bb par la technologie. Inqui\u00e9tant pour les entreprises en pleine mutation technologique.<\/p>\n<p>Les Fran\u00e7ais ne sont pourtant pas particuli\u00e8rement \u00e0 la traine : on trouve la m\u00eame proportion de salari\u00e9s largu\u00e9s par l&rsquo;informatique en Allemagne, en Italie et en Espagne.<\/p>\n<p>Mais il y a pire : quand on pose la question aux responsables des ressources humaines, ils portent un regard encore plus s\u00e9v\u00e8re sur le niveau num\u00e9rique de leurs collaborateurs.<\/p>\n<p>Pas moins de 42% d&rsquo;entre eux les jugent effectivement d\u00e9pass\u00e9s par la technologie. Par rapport \u00e0 l&rsquo;an dernier, les DRH sont plus nombreux \u00e0 penser que les salari\u00e9s ne sont pas au niveau.<\/p>\n<p>Comme si la transformation num\u00e9rique allait de plus en plus vite et laissait davantage de salari\u00e9s \u00e0 la traine.\u00a0\u00bb<\/p>\n<p>Source\u00a0: <em><a href=\"https:\/\/www.francetvinfo.fr\/replay-radio\/c-est-mon-boulot\/pres-d-un-salarie-sur-trois-se-sent-depasse-par-les-technologies-numeriques_3623881.html\">Pr\u00e8s d&rsquo;un salari\u00e9 sur trois se sent \u00ab\u00a0d\u00e9pass\u00e9\u00a0\u00bb par les technologies num\u00e9riques<\/a><\/em><\/p>\n<p>https:\/\/visionarymarketing.com\/wp-content\/uploads\/2019\/10\/CEGOS_Baro-LD-2019-01102019_presentation-complete.pdf<\/p>\n<p><a href=\"https:\/\/visionarymarketing.com\/wp-content\/uploads\/2019\/10\/CEGOS_Baro-LD-2019-01102019_presentation-complete.pdf\" target=\"_blank\" rel=\"noopener noreferrer\">T\u00e9l\u00e9charger le PDF si celui-ci ne s&rsquo;affiche pas ci-dessus<\/a><\/p>\n","protected":false},"excerpt":{"rendered":"<p>Avec ce billet sur la peur du num\u00e9rique des salari\u00e9s (et des RH) face \u00e0 la transformation de leurs m\u00e9tiers, nous faisons suite \u00e0 notre s\u00e9rie d&rsquo;articles sur transformation et changement. J&rsquo;ai \u00e9t\u00e9 interpell\u00e9 l&rsquo;autre jour, par une br\u00e8ve parue sur France Info (\u00e9mission de Philippe Duport, France Info\u00a0voir \u00e0 la fin de l&rsquo;article pour &hellip;<\/p>\n","protected":false},"author":2,"featured_media":33916,"comment_status":"open","ping_status":"open","sticky":false,"template":"","format":"standard","meta":{"footnotes":""},"categories":[2808],"tags":[],"class_list":["post-33844","post","type-post","status-publish","format-standard","has-post-thumbnail","hentry","category-transformation-digitale"],"yoast_head":"<!-- This site is optimized with the Yoast SEO plugin v27.5 - https:\/\/yoast.com\/product\/yoast-seo-wordpress\/ -->\n<title>Peur du num\u00e9rique : les salari\u00e9s sont-ils d\u00e9munis face au digital<\/title>\n<meta name=\"description\" content=\"Peur du num\u00e9rique ou \u00e9volution des m\u00e9tiers ? Une \u00e9tude CEGOS met en exergue les changements \u00e0 venir ... qui nous en rappellent d&#039;autres\" \/>\n<meta name=\"robots\" content=\"index, follow, max-snippet:-1, max-image-preview:large, max-video-preview:-1\" \/>\n<link rel=\"canonical\" href=\"https:\/\/visionarymarketing.com\/fr\/2019\/10\/21\/peur-du-numerique\/\" \/>\n<meta property=\"og:locale\" content=\"fr_FR\" \/>\n<meta property=\"og:type\" content=\"article\" \/>\n<meta property=\"og:title\" content=\"Peur du num\u00e9rique : les salari\u00e9s sont-ils d\u00e9munis face au digital\" \/>\n<meta property=\"og:description\" content=\"Peur du num\u00e9rique ou \u00e9volution des m\u00e9tiers ? Une \u00e9tude CEGOS met en exergue les changements \u00e0 venir ... qui nous en rappellent d&#039;autres\" \/>\n<meta property=\"og:url\" content=\"https:\/\/visionarymarketing.com\/fr\/2019\/10\/21\/peur-du-numerique\/\" \/>\n<meta property=\"og:site_name\" content=\"Marketing and Innovation\" \/>\n<meta property=\"article:publisher\" content=\"https:\/\/www.facebook.com\/vismktg\" \/>\n<meta property=\"article:author\" content=\"http:\/\/facebook.com\/ygourven\" \/>\n<meta property=\"article:published_time\" content=\"2019-10-21T06:45:44+00:00\" \/>\n<meta property=\"article:modified_time\" content=\"2023-06-26T07:32:56+00:00\" \/>\n<meta property=\"og:image\" content=\"https:\/\/visionarymarketing.com\/wp-content\/uploads\/2019\/10\/48112571162_9802844a4d_c-e1571506805888.jpg\" \/>\n\t<meta property=\"og:image:width\" content=\"520\" \/>\n\t<meta property=\"og:image:height\" content=\"347\" \/>\n\t<meta property=\"og:image:type\" content=\"image\/jpeg\" \/>\n<meta name=\"author\" content=\"Yann Gourvennec\" \/>\n<meta name=\"twitter:card\" content=\"summary_large_image\" \/>\n<meta name=\"twitter:creator\" content=\"@ygourven\" \/>\n<meta name=\"twitter:site\" content=\"@ygourven\" \/>\n<meta name=\"twitter:label1\" content=\"\u00c9crit par\" \/>\n\t<meta name=\"twitter:data1\" content=\"Yann Gourvennec\" \/>\n\t<meta name=\"twitter:label2\" content=\"Dur\u00e9e de lecture estim\u00e9e\" \/>\n\t<meta name=\"twitter:data2\" content=\"7 minutes\" \/>\n<script type=\"application\/ld+json\" class=\"yoast-schema-graph\">{\"@context\":\"https:\\\/\\\/schema.org\",\"@graph\":[{\"@type\":\"NewsArticle\",\"@id\":\"https:\\\/\\\/visionarymarketing.com\\\/fr\\\/2019\\\/10\\\/21\\\/peur-du-numerique\\\/#article\",\"isPartOf\":{\"@id\":\"https:\\\/\\\/visionarymarketing.com\\\/fr\\\/2019\\\/10\\\/21\\\/peur-du-numerique\\\/\"},\"author\":{\"name\":\"Yann Gourvennec\",\"@id\":\"https:\\\/\\\/visionarymarketing.com\\\/fr\\\/#\\\/schema\\\/person\\\/3754fee1e558f47b8deb46f53c37423e\"},\"headline\":\"Peur du num\u00e9rique : les salari\u00e9s sont-ils d\u00e9munis face au digital\",\"datePublished\":\"2019-10-21T06:45:44+00:00\",\"dateModified\":\"2023-06-26T07:32:56+00:00\",\"mainEntityOfPage\":{\"@id\":\"https:\\\/\\\/visionarymarketing.com\\\/fr\\\/2019\\\/10\\\/21\\\/peur-du-numerique\\\/\"},\"wordCount\":1476,\"commentCount\":0,\"image\":{\"@id\":\"https:\\\/\\\/visionarymarketing.com\\\/fr\\\/2019\\\/10\\\/21\\\/peur-du-numerique\\\/#primaryimage\"},\"thumbnailUrl\":\"https:\\\/\\\/visionarymarketing.com\\\/wp-content\\\/uploads\\\/2019\\\/10\\\/48112571162_9802844a4d_c-e1571506805888.jpg\",\"articleSection\":[\"Transformation\"],\"inLanguage\":\"fr-FR\",\"potentialAction\":[{\"@type\":\"CommentAction\",\"name\":\"Comment\",\"target\":[\"https:\\\/\\\/visionarymarketing.com\\\/fr\\\/2019\\\/10\\\/21\\\/peur-du-numerique\\\/#respond\"]}]},{\"@type\":\"WebPage\",\"@id\":\"https:\\\/\\\/visionarymarketing.com\\\/fr\\\/2019\\\/10\\\/21\\\/peur-du-numerique\\\/\",\"url\":\"https:\\\/\\\/visionarymarketing.com\\\/fr\\\/2019\\\/10\\\/21\\\/peur-du-numerique\\\/\",\"name\":\"Peur du num\u00e9rique : les salari\u00e9s sont-ils d\u00e9munis face au digital\",\"isPartOf\":{\"@id\":\"https:\\\/\\\/visionarymarketing.com\\\/fr\\\/#website\"},\"primaryImageOfPage\":{\"@id\":\"https:\\\/\\\/visionarymarketing.com\\\/fr\\\/2019\\\/10\\\/21\\\/peur-du-numerique\\\/#primaryimage\"},\"image\":{\"@id\":\"https:\\\/\\\/visionarymarketing.com\\\/fr\\\/2019\\\/10\\\/21\\\/peur-du-numerique\\\/#primaryimage\"},\"thumbnailUrl\":\"https:\\\/\\\/visionarymarketing.com\\\/wp-content\\\/uploads\\\/2019\\\/10\\\/48112571162_9802844a4d_c-e1571506805888.jpg\",\"datePublished\":\"2019-10-21T06:45:44+00:00\",\"dateModified\":\"2023-06-26T07:32:56+00:00\",\"author\":{\"@id\":\"https:\\\/\\\/visionarymarketing.com\\\/fr\\\/#\\\/schema\\\/person\\\/3754fee1e558f47b8deb46f53c37423e\"},\"description\":\"Peur du num\u00e9rique ou \u00e9volution des m\u00e9tiers ? Une \u00e9tude CEGOS met en exergue les changements \u00e0 venir ... qui nous en rappellent d'autres\",\"breadcrumb\":{\"@id\":\"https:\\\/\\\/visionarymarketing.com\\\/fr\\\/2019\\\/10\\\/21\\\/peur-du-numerique\\\/#breadcrumb\"},\"inLanguage\":\"fr-FR\",\"potentialAction\":[{\"@type\":\"ReadAction\",\"target\":[\"https:\\\/\\\/visionarymarketing.com\\\/fr\\\/2019\\\/10\\\/21\\\/peur-du-numerique\\\/\"]}]},{\"@type\":\"ImageObject\",\"inLanguage\":\"fr-FR\",\"@id\":\"https:\\\/\\\/visionarymarketing.com\\\/fr\\\/2019\\\/10\\\/21\\\/peur-du-numerique\\\/#primaryimage\",\"url\":\"https:\\\/\\\/visionarymarketing.com\\\/wp-content\\\/uploads\\\/2019\\\/10\\\/48112571162_9802844a4d_c-e1571506805888.jpg\",\"contentUrl\":\"https:\\\/\\\/visionarymarketing.com\\\/wp-content\\\/uploads\\\/2019\\\/10\\\/48112571162_9802844a4d_c-e1571506805888.jpg\",\"width\":650,\"height\":434,\"caption\":\"peur du num\u00e9rique\"},{\"@type\":\"BreadcrumbList\",\"@id\":\"https:\\\/\\\/visionarymarketing.com\\\/fr\\\/2019\\\/10\\\/21\\\/peur-du-numerique\\\/#breadcrumb\",\"itemListElement\":[{\"@type\":\"ListItem\",\"position\":1,\"name\":\"Home\",\"item\":\"https:\\\/\\\/visionarymarketing.com\\\/fr\\\/\"},{\"@type\":\"ListItem\",\"position\":2,\"name\":\"Peur du num\u00e9rique : les salari\u00e9s sont-ils d\u00e9munis face au digital\"}]},{\"@type\":\"WebSite\",\"@id\":\"https:\\\/\\\/visionarymarketing.com\\\/fr\\\/#website\",\"url\":\"https:\\\/\\\/visionarymarketing.com\\\/fr\\\/\",\"name\":\"Marketing and Innovation\",\"description\":\"Site d&#039;infos ind\u00e9pendant, depuis 1996\",\"potentialAction\":[{\"@type\":\"SearchAction\",\"target\":{\"@type\":\"EntryPoint\",\"urlTemplate\":\"https:\\\/\\\/visionarymarketing.com\\\/fr\\\/?s={search_term_string}\"},\"query-input\":{\"@type\":\"PropertyValueSpecification\",\"valueRequired\":true,\"valueName\":\"search_term_string\"}}],\"inLanguage\":\"fr-FR\"},{\"@type\":\"Person\",\"@id\":\"https:\\\/\\\/visionarymarketing.com\\\/fr\\\/#\\\/schema\\\/person\\\/3754fee1e558f47b8deb46f53c37423e\",\"name\":\"Yann Gourvennec\",\"image\":{\"@type\":\"ImageObject\",\"inLanguage\":\"fr-FR\",\"@id\":\"https:\\\/\\\/secure.gravatar.com\\\/avatar\\\/5972001801e8de5692a3e31224e85769f50a55fb8b679749f9c8d1868cceff14?s=96&d=initials&r=g&initials=yg\",\"url\":\"https:\\\/\\\/secure.gravatar.com\\\/avatar\\\/5972001801e8de5692a3e31224e85769f50a55fb8b679749f9c8d1868cceff14?s=96&d=initials&r=g&initials=yg\",\"contentUrl\":\"https:\\\/\\\/secure.gravatar.com\\\/avatar\\\/5972001801e8de5692a3e31224e85769f50a55fb8b679749f9c8d1868cceff14?s=96&d=initials&r=g&initials=yg\",\"caption\":\"Yann Gourvennec\"},\"description\":\"Yann Gourvennec created visionarymarketing.com in 1996. He is a speaker and author of many books. In 2014 he went from intrapreneur to entrepreneur, when he created his digital marketing agency. Yann Gourvennec a cr\u00e9\u00e9 visionarymarketing.com en 1996. Il est conf\u00e9rencier et auteur de plusieurs livres. En 2014, il est pass\u00e9 d'intrapreneur \u00e0 entrepreneur en cr\u00e9ant son agence de marketing num\u00e9rique.\",\"sameAs\":[\"https:\\\/\\\/visionarymarketing.com\",\"http:\\\/\\\/facebook.com\\\/ygourven\",\"http:\\\/\\\/linkedin.com\\\/in\\\/ygourven\",\"https:\\\/\\\/x.com\\\/ygourven\",\"https:\\\/\\\/www.youtube.com\\\/c\\\/visionarymarketingagency\"],\"url\":\"https:\\\/\\\/visionarymarketing.com\\\/fr\\\/author\\\/yann-gourvennec\\\/\"}]}<\/script>\n<!-- \/ Yoast SEO plugin. -->","yoast_head_json":{"title":"Peur du num\u00e9rique : les salari\u00e9s sont-ils d\u00e9munis face au digital","description":"Peur du num\u00e9rique ou \u00e9volution des m\u00e9tiers ? Une \u00e9tude CEGOS met en exergue les changements \u00e0 venir ... qui nous en rappellent d'autres","robots":{"index":"index","follow":"follow","max-snippet":"max-snippet:-1","max-image-preview":"max-image-preview:large","max-video-preview":"max-video-preview:-1"},"canonical":"https:\/\/visionarymarketing.com\/fr\/2019\/10\/21\/peur-du-numerique\/","og_locale":"fr_FR","og_type":"article","og_title":"Peur du num\u00e9rique : les salari\u00e9s sont-ils d\u00e9munis face au digital","og_description":"Peur du num\u00e9rique ou \u00e9volution des m\u00e9tiers ? Une \u00e9tude CEGOS met en exergue les changements \u00e0 venir ... qui nous en rappellent d'autres","og_url":"https:\/\/visionarymarketing.com\/fr\/2019\/10\/21\/peur-du-numerique\/","og_site_name":"Marketing and Innovation","article_publisher":"https:\/\/www.facebook.com\/vismktg","article_author":"http:\/\/facebook.com\/ygourven","article_published_time":"2019-10-21T06:45:44+00:00","article_modified_time":"2023-06-26T07:32:56+00:00","og_image":[{"width":520,"height":347,"url":"https:\/\/visionarymarketing.com\/wp-content\/uploads\/2019\/10\/48112571162_9802844a4d_c-e1571506805888.jpg","type":"image\/jpeg"}],"author":"Yann Gourvennec","twitter_card":"summary_large_image","twitter_creator":"@ygourven","twitter_site":"@ygourven","twitter_misc":{"\u00c9crit par":"Yann Gourvennec","Dur\u00e9e de lecture estim\u00e9e":"7 minutes"},"schema":{"@context":"https:\/\/schema.org","@graph":[{"@type":"NewsArticle","@id":"https:\/\/visionarymarketing.com\/fr\/2019\/10\/21\/peur-du-numerique\/#article","isPartOf":{"@id":"https:\/\/visionarymarketing.com\/fr\/2019\/10\/21\/peur-du-numerique\/"},"author":{"name":"Yann Gourvennec","@id":"https:\/\/visionarymarketing.com\/fr\/#\/schema\/person\/3754fee1e558f47b8deb46f53c37423e"},"headline":"Peur du num\u00e9rique : les salari\u00e9s sont-ils d\u00e9munis face au digital","datePublished":"2019-10-21T06:45:44+00:00","dateModified":"2023-06-26T07:32:56+00:00","mainEntityOfPage":{"@id":"https:\/\/visionarymarketing.com\/fr\/2019\/10\/21\/peur-du-numerique\/"},"wordCount":1476,"commentCount":0,"image":{"@id":"https:\/\/visionarymarketing.com\/fr\/2019\/10\/21\/peur-du-numerique\/#primaryimage"},"thumbnailUrl":"https:\/\/visionarymarketing.com\/wp-content\/uploads\/2019\/10\/48112571162_9802844a4d_c-e1571506805888.jpg","articleSection":["Transformation"],"inLanguage":"fr-FR","potentialAction":[{"@type":"CommentAction","name":"Comment","target":["https:\/\/visionarymarketing.com\/fr\/2019\/10\/21\/peur-du-numerique\/#respond"]}]},{"@type":"WebPage","@id":"https:\/\/visionarymarketing.com\/fr\/2019\/10\/21\/peur-du-numerique\/","url":"https:\/\/visionarymarketing.com\/fr\/2019\/10\/21\/peur-du-numerique\/","name":"Peur du num\u00e9rique : les salari\u00e9s sont-ils d\u00e9munis face au digital","isPartOf":{"@id":"https:\/\/visionarymarketing.com\/fr\/#website"},"primaryImageOfPage":{"@id":"https:\/\/visionarymarketing.com\/fr\/2019\/10\/21\/peur-du-numerique\/#primaryimage"},"image":{"@id":"https:\/\/visionarymarketing.com\/fr\/2019\/10\/21\/peur-du-numerique\/#primaryimage"},"thumbnailUrl":"https:\/\/visionarymarketing.com\/wp-content\/uploads\/2019\/10\/48112571162_9802844a4d_c-e1571506805888.jpg","datePublished":"2019-10-21T06:45:44+00:00","dateModified":"2023-06-26T07:32:56+00:00","author":{"@id":"https:\/\/visionarymarketing.com\/fr\/#\/schema\/person\/3754fee1e558f47b8deb46f53c37423e"},"description":"Peur du num\u00e9rique ou \u00e9volution des m\u00e9tiers ? Une \u00e9tude CEGOS met en exergue les changements \u00e0 venir ... qui nous en rappellent d'autres","breadcrumb":{"@id":"https:\/\/visionarymarketing.com\/fr\/2019\/10\/21\/peur-du-numerique\/#breadcrumb"},"inLanguage":"fr-FR","potentialAction":[{"@type":"ReadAction","target":["https:\/\/visionarymarketing.com\/fr\/2019\/10\/21\/peur-du-numerique\/"]}]},{"@type":"ImageObject","inLanguage":"fr-FR","@id":"https:\/\/visionarymarketing.com\/fr\/2019\/10\/21\/peur-du-numerique\/#primaryimage","url":"https:\/\/visionarymarketing.com\/wp-content\/uploads\/2019\/10\/48112571162_9802844a4d_c-e1571506805888.jpg","contentUrl":"https:\/\/visionarymarketing.com\/wp-content\/uploads\/2019\/10\/48112571162_9802844a4d_c-e1571506805888.jpg","width":650,"height":434,"caption":"peur du num\u00e9rique"},{"@type":"BreadcrumbList","@id":"https:\/\/visionarymarketing.com\/fr\/2019\/10\/21\/peur-du-numerique\/#breadcrumb","itemListElement":[{"@type":"ListItem","position":1,"name":"Home","item":"https:\/\/visionarymarketing.com\/fr\/"},{"@type":"ListItem","position":2,"name":"Peur du num\u00e9rique : les salari\u00e9s sont-ils d\u00e9munis face au digital"}]},{"@type":"WebSite","@id":"https:\/\/visionarymarketing.com\/fr\/#website","url":"https:\/\/visionarymarketing.com\/fr\/","name":"Marketing and Innovation","description":"Site d&#039;infos ind\u00e9pendant, depuis 1996","potentialAction":[{"@type":"SearchAction","target":{"@type":"EntryPoint","urlTemplate":"https:\/\/visionarymarketing.com\/fr\/?s={search_term_string}"},"query-input":{"@type":"PropertyValueSpecification","valueRequired":true,"valueName":"search_term_string"}}],"inLanguage":"fr-FR"},{"@type":"Person","@id":"https:\/\/visionarymarketing.com\/fr\/#\/schema\/person\/3754fee1e558f47b8deb46f53c37423e","name":"Yann Gourvennec","image":{"@type":"ImageObject","inLanguage":"fr-FR","@id":"https:\/\/secure.gravatar.com\/avatar\/5972001801e8de5692a3e31224e85769f50a55fb8b679749f9c8d1868cceff14?s=96&d=initials&r=g&initials=yg","url":"https:\/\/secure.gravatar.com\/avatar\/5972001801e8de5692a3e31224e85769f50a55fb8b679749f9c8d1868cceff14?s=96&d=initials&r=g&initials=yg","contentUrl":"https:\/\/secure.gravatar.com\/avatar\/5972001801e8de5692a3e31224e85769f50a55fb8b679749f9c8d1868cceff14?s=96&d=initials&r=g&initials=yg","caption":"Yann Gourvennec"},"description":"Yann Gourvennec created visionarymarketing.com in 1996. He is a speaker and author of many books. In 2014 he went from intrapreneur to entrepreneur, when he created his digital marketing agency. Yann Gourvennec a cr\u00e9\u00e9 visionarymarketing.com en 1996. Il est conf\u00e9rencier et auteur de plusieurs livres. En 2014, il est pass\u00e9 d'intrapreneur \u00e0 entrepreneur en cr\u00e9ant son agence de marketing num\u00e9rique.","sameAs":["https:\/\/visionarymarketing.com","http:\/\/facebook.com\/ygourven","http:\/\/linkedin.com\/in\/ygourven","https:\/\/x.com\/ygourven","https:\/\/www.youtube.com\/c\/visionarymarketingagency"],"url":"https:\/\/visionarymarketing.com\/fr\/author\/yann-gourvennec\/"}]}},"_links":{"self":[{"href":"https:\/\/visionarymarketing.com\/fr\/wp-json\/wp\/v2\/posts\/33844","targetHints":{"allow":["GET"]}}],"collection":[{"href":"https:\/\/visionarymarketing.com\/fr\/wp-json\/wp\/v2\/posts"}],"about":[{"href":"https:\/\/visionarymarketing.com\/fr\/wp-json\/wp\/v2\/types\/post"}],"author":[{"embeddable":true,"href":"https:\/\/visionarymarketing.com\/fr\/wp-json\/wp\/v2\/users\/2"}],"replies":[{"embeddable":true,"href":"https:\/\/visionarymarketing.com\/fr\/wp-json\/wp\/v2\/comments?post=33844"}],"version-history":[{"count":0,"href":"https:\/\/visionarymarketing.com\/fr\/wp-json\/wp\/v2\/posts\/33844\/revisions"}],"wp:featuredmedia":[{"embeddable":true,"href":"https:\/\/visionarymarketing.com\/fr\/wp-json\/wp\/v2\/media\/33916"}],"wp:attachment":[{"href":"https:\/\/visionarymarketing.com\/fr\/wp-json\/wp\/v2\/media?parent=33844"}],"wp:term":[{"taxonomy":"category","embeddable":true,"href":"https:\/\/visionarymarketing.com\/fr\/wp-json\/wp\/v2\/categories?post=33844"},{"taxonomy":"post_tag","embeddable":true,"href":"https:\/\/visionarymarketing.com\/fr\/wp-json\/wp\/v2\/tags?post=33844"}],"curies":[{"name":"wp","href":"https:\/\/api.w.org\/{rel}","templated":true}]}}