{"id":33774,"date":"2019-10-10T08:45:51","date_gmt":"2019-10-10T06:45:51","guid":{"rendered":"https:\/\/visionarymarketing.com\/?p=33774"},"modified":"2024-04-03T09:14:47","modified_gmt":"2024-04-03T07:14:47","slug":"management-de-transition","status":"publish","type":"post","link":"https:\/\/visionarymarketing.com\/fr\/2019\/10\/10\/management-de-transition\/","title":{"rendered":"Le management de transition r\u00e9v\u00e9lateur de la transformation des m\u00e9tiers du marketing par le digital"},"content":{"rendered":"<p><em>Le management de transition est un sujet en plein essor et pourtant relativement m\u00e9connu du grand public et m\u00eame de beaucoup de professionnels. J&rsquo;ai d\u00e9couvert \u00e9galement, \u00e0 la faveur d&rsquo;une visite r\u00e9cente \u00e0\u00a0<\/em><a href=\"https:\/\/www.eim.com\/fr\/\" target=\"_blank\" rel=\"noopener\"><em>EIM<\/em><\/a><em>\u00a0un des pionniers du secteur depuis 30 ans, que le marketing n&rsquo;\u00e9tait pas en reste. Mieux encore, je me suis rendu compte que cet essor nouveau du marketing dans le management de transition trahissait\u00a0<strong>une v\u00e9ritable \u00e9volution du m\u00e9tier du\u00a0marketing, tir\u00e9\u00a0par la transition num\u00e9rique<\/strong>. Tous les d\u00e9tails dans cette interview \u00ab\u00a0<a href=\"https:\/\/visionarymarketing.com\/fr\/itunes\/\">podcastable<\/a>\u00a0\u00bb de Guillemette Payen, associ\u00e9e chez EIM.<\/em><\/p>\n<p><strong>Le marketing n&rsquo;est plus le vilain petit canard du management de transition<\/strong><\/p>\n<p>Il y a \u00e0 peine six ans, je m&rsquo;\u00e9tais d\u00e9j\u00e0 int\u00e9ress\u00e9 au sujet au moment de la cr\u00e9ation de mon entreprise. Ma question portait sur la place du marketing dans le management de transition, ce qui avait suscit\u00e9 l&rsquo;incr\u00e9dulit\u00e9 aupr\u00e8s de mes interlocuteurs. En 2019, la question de l&rsquo;importance du marketing au sein du management de transition ne semble plus aussi exotique.<\/p>\n<figure id=\"attachment_33788\" aria-describedby=\"caption-attachment-33788\" style=\"width: 519px\" class=\"wp-caption aligncenter\"><img decoding=\"async\" class=\"wp-image-33788 size-full\" src=\"https:\/\/visionarymarketing.com\/wp-content\/uploads\/2019\/10\/29060016987_27be64d48c_c-e1579012422780.jpg\" alt=\"Management de transition\" width=\"519\" height=\"347\" srcset=\"https:\/\/visionarymarketing.com\/wp-content\/uploads\/2019\/10\/29060016987_27be64d48c_c-e1579012422780.jpg 519w, https:\/\/visionarymarketing.com\/wp-content\/uploads\/2019\/10\/29060016987_27be64d48c_c-e1579012422780-449x300.jpg 449w\" sizes=\"(max-width: 519px) 100vw, 519px\" \/><figcaption id=\"caption-attachment-33788\" class=\"wp-caption-text\">Lentement mais s\u00fbrement le marketing fait son nid dans le management de transition<\/figcaption><\/figure>\n<p>Un vivier de marketeurs, et notamment de marketeurs rompus \u00e0 l&rsquo;exercice du digital, est en train de se constituer dans les soci\u00e9t\u00e9s de management de transition. Certes, la proportion de missions destin\u00e9es \u00e0 ces sujets reste minime en comparaison des sujets plus traditionnels de direction g\u00e9n\u00e9rale ou de r\u00e9organisation et de fusion-acquisition.<\/p>\n<p><!--more-->Aujourd&rsquo;hui, le paysage est compl\u00e8tement boulevers\u00e9. Le client est redevenu strat\u00e9gique, on est fort aise de le d\u00e9couvrir, et les entreprises sont donc dans l&rsquo;obligation de professionnaliser leurs parcours clients et leur \u00ab exp\u00e9rience client \u00bb. Il y a donc besoin de faire entrer du sang neuf dans les entreprises. Le temps o\u00f9 l&rsquo;on croyait que qu&rsquo;on pouvait prendre le marketing par dessus la jambe parce que \u00ab\u00a0tout le monde peut en faire\u00a0\u00bb est r\u00e9volu.<\/p>\n<p>Il s&rsquo;agit de mati\u00e8res terriblement techniques (le pluriel n&rsquo;est pas une erreur de frappe) et surtout hyper segment\u00e9es avec de multiples expertises dans tous les domaines. Le marketing digital n&rsquo;\u00e9chappe pas \u00e0 cette <a href=\"https:\/\/visionarymarketing.com\/fr\/2024\/02\/05\/le-marketing-digital-de-2024-en-questions\/\">hypersp\u00e9cialisation<\/a>, bien au contraire, et il est rare de trouver des individus qui connaissent tout dans tous les domaines.<\/p>\n<p>D\u00e8s lors qu\u2019il a une casquette digitale, le marketeur peut donc esp\u00e9rer trouver le Graal dans le management de transition, c&rsquo;est une bonne nouvelle et cette tendance n&rsquo;est pas pr\u00e8s de s&rsquo;inverser. Dernier \u00e9l\u00e9ment qui fait que le management de transition s&rsquo;int\u00e9resse \u00e9galement au marketing, la fameuse donn\u00e9e, dont nous parlons r\u00e9guli\u00e8rement ces colonnes et notamment en amont du <a href=\"https:\/\/visionarymarketing.com\/fr\/2021\/06\/14\/data-marketing-b2b\/\">futur salon data marketing 2019<\/a> dont Visionary Marketing est partenaire.<\/p>\n<p>C&rsquo;est donc \u00e0 une v\u00e9ritable transfiguration du marketing que nous assistons, m\u00eame si <a href=\"https:\/\/visionarymarketing.com\/2019\/06\/marketeurs\/\">Forrester l\u2019a rappel\u00e9<\/a>, des progr\u00e8s sont encore \u00e0 r\u00e9aliser par les marketeurs pour participer \u00e0 la transformation digitale. Voyons donc avec Guillemette Payer le d\u00e9tail de cette \u00e9volution qu&rsquo;elle m&rsquo;a d\u00e9crite lors d&rsquo;une visite d\u00e9but octobre 2019 en ses locaux.<\/p>\n<h3><strong>[VM] <\/strong>EIM, comme son nom l&rsquo;indique (Executive Interim Management) est une soci\u00e9t\u00e9 de management de transition. Qu&rsquo;est-ce que le management de transition ?<\/h3>\n<p><strong>[GP] <\/strong>Le management de transition est une pratique qui permet d&rsquo;aider les entreprises \u00e0 piloter leur organisation et \u00e0 r\u00e9ussir leurs projets et sp\u00e9cialement dans des contextes de transformation et de changement.<\/p>\n<p>Nous sommes appel\u00e9s pour du \u00ab\u00a0management relais\u00a0\u00bb c&rsquo;est-\u00e0-dire qu&rsquo;on va mettre en place des managers qui vont occuper un poste temporairement vacant et qui vont apporter toute leur expertise, toutes leurs capacit\u00e9s op\u00e9rationnelles, leurs best practices et l&rsquo;oeil neuf qu&rsquo;ils ont pu acqu\u00e9rir dans d&rsquo;autres exp\u00e9riences pour \u00e0 la fois tenir le poste et l&rsquo;optimiser. C&rsquo;est le premier cas. Le deuxi\u00e8me cas est la mise en place de ressources de grande qualit\u00e9 pour mener des projets de transformation.<\/p>\n<h4><strong>[VM] <\/strong>Vous existez depuis 30 ans, et vous d\u00e9veloppez ce march\u00e9\u00a0 depuis peu sur les m\u00e9tiers du marketing.<\/h4>\n<p><strong>[GP] <\/strong>C&rsquo;est un march\u00e9 qui a cr\u00fb naturellement sur les fonctions de direction g\u00e9n\u00e9rale de direction support dans ses missions de comit\u00e9 de direction et de comit\u00e9 ex\u00e9cutif et nous sommes pr\u00e9sents sur l&rsquo;ensemble de ces fonctions-l\u00e0 depuis le d\u00e9but. En revanche, il est vrai que les fonctions de direction marketing et de direction commerciale \u00e9taient jusqu&rsquo;alors peu demand\u00e9es en management de transition.<\/p>\n<p>Nous sommes en train de voir une \u00e9volution de cette demande. Il est un fait que le marketing \u00e9tant lui m\u00eame en pleine transformation, il est d\u00e9sormais en attente de profils un peu diff\u00e9rents et de comp\u00e9tences ext\u00e9rieures qui permettent aux entreprises d&rsquo;optimiser leur marketing et la digitalisation de leurs processus marketing.<\/p>\n<figure id=\"attachment_33748\" aria-describedby=\"caption-attachment-33748\" style=\"width: 750px\" class=\"wp-caption aligncenter\"><img decoding=\"async\" class=\"wp-image-33748 size-full\" src=\"https:\/\/visionarymarketing.com\/wp-content\/uploads\/2019\/10\/APC_0006-e1570384749867.jpg\" alt=\"management de transition\" width=\"750\" height=\"422\" \/><figcaption id=\"caption-attachment-33748\" class=\"wp-caption-text\">Guillemette Payen est associ\u00e9e chez EIM et a une riche exp\u00e9rience du marketing et de la transformation digitale qu&rsquo;elle a pratiqu\u00e9e en premi\u00e8re ligne dans les plus grands groupes de Presse.<\/figcaption><\/figure>\n<h4><strong>[VM] <\/strong>Cette fonction marketing repr\u00e9sente d\u00e9j\u00e0 un bon pourcentage de vos missions et de votre vivier \u00e9galement ?<\/h4>\n<p><strong>[GP] <\/strong>C&rsquo;est un pourcentage significatif de notre vivier estim\u00e9 autour de 15 %. C&rsquo;est encore un petit pourcentage de nos missions, mais je dirais que c&rsquo;est un pourcentage plein de potentiel. Nous sommes d\u00e9j\u00e0 de plus en plus interrog\u00e9s sur ces sujets. Je dirais que cela repr\u00e9sente un gros 5% de nos missions.<\/p>\n<p>Avant que cela se d\u00e9veloppe, les dirigeants \u00e9taient plut\u00f4t r\u00e9ticents \u00e0 embaucher des marketeurs. Comment expliquez-vous cela ?<\/p>\n<p>Je pense qu&rsquo;il y a plusieurs raisons. D&rsquo;une part certaine r\u00e9ticence\u00a0 \u00e0 penser qu&rsquo;une personne qui arrive de l&rsquo;ext\u00e9rieur, tout exp\u00e9riment\u00e9e et comp\u00e9tente qu&rsquo;elle soit, soit capable de s&rsquo;immerger rapidement dans l&rsquo;histoire d&rsquo;une entreprise dans sa culture et dans son ADN. Je pense qu&rsquo;il y avait aussi une autre raison, c&rsquo;est que le marketing \u00e9tait per\u00e7u comme une pratique assez g\u00e9n\u00e9raliste et qu&rsquo;il ne semblait pas y avoir de besoin en cas de vacance de poste. Pour un cong\u00e9 maternit\u00e9, par exemple, il \u00e9tait pr\u00e9f\u00e9rable de remplacer la personne au pied lev\u00e9 imm\u00e9diatement. Elle pouvait toujours \u00eatre compens\u00e9e par des \u00e9quipes qui \u00e9taient en dessous et qui avaient souvent un tr\u00e8s bon niveau, ou par le patron qui \u00e9tait au-dessus.\u00a0 Contrairement \u00e0 un DRH qui doit sortir une paye tous les mois, contrairement \u00e0 un directeur financier qui a une obligation de cl\u00f4ture mensuelle de ses comptes.<\/p>\n<h4><strong>[VM] <\/strong>Cela veut dire que ce n&rsquo;est pas seulement le march\u00e9 du management de transition qui a chang\u00e9, le marketing qui a chang\u00e9 aussi.<\/h4>\n<p><strong>[GP] <\/strong>Bien s\u00fbr le marketing c&rsquo;est avant tout le souhait du client, dont on sait aujourd&rsquo;hui qu&rsquo;il est absolument central dans la transformation de l&rsquo;entreprise. Le nouveau r\u00e9acteur nucl\u00e9aire des entreprises, c&rsquo;est s&rsquo;occuper de son client, de le mettre au centre, optimiser son parcours, le fid\u00e9liser. Donc le marketing est au centre de toutes les attentions d&rsquo;une direction g\u00e9n\u00e9rale et on lui demande de se transformer tr\u00e8s rapidement, on lui demande de se professionnaliser. On demande \u00e9videmment de la digitalisation et donc ce sont des enjeux tr\u00e8s forts pour toutes ces fonctions-l\u00e0. Des enjeux en termes de charge de travail, de diff\u00e9rents chantiers \u00e0 entamer. Donc il faut des ressources nouvelles, il faut du sang neuf et aussi de nouvelles comp\u00e9tences.<\/p>\n<h4><strong>[VM] <\/strong>Pouvez-vous nous citer quelques exemples de missions qui ont \u00e9t\u00e9 r\u00e9alis\u00e9es par ces marketeurs de transition ?<\/h4>\n<p>Nous avons eu des missions qui \u00e9taient \u00e0 la fois pour remplacer des directions marketing sur des postes existants ou des postes temporairement vacants. \u00c9galement des missions sur des projets de transformation. Soit dans le cas d&rsquo;une vacance de poste o\u00f9 une personne qui arrive comp\u00e9tente et qui va devoir faire monter toute une \u00e9quipe en comp\u00e9tences sur le digital, mais \u00e9galement dans celui d\u2019un projet comme le d\u00e9ploiement d&rsquo;un CRM par exemple.<\/p>\n<h4><strong>[VM] <\/strong>Le digital joue donc un r\u00f4le tr\u00e8s moteur dans ce changement.<\/h4>\n<p><strong>[GP] <\/strong>Nos missions de marketing incluent en effet un tr\u00e8s gros volet digital. Un directeur marketing qui est attendu aujourd&rsquo;hui sur un poste m\u00eame basique doit ma\u00eetriser aussi bien le management de deux fonctions tr\u00e8s classiques que sont du branding et le d\u00e9veloppement de la marque, l&rsquo;achat m\u00e9dia, l&rsquo;\u00e9v\u00e9nementiel ou les relations presse, mais doit \u00eatre aussi capable de g\u00e9rer des \u00e9quipes et des programmes de fid\u00e9lisation ou d&rsquo;acquisition client qui sont omnicanal.<\/p>\n<h4><strong>[VM] <\/strong>Certaines missions sont plus orient\u00e9es sur l&rsquo;expertise, comme dans ce cas d&rsquo;un acteur du e-commerce qui voulait en racheter un autre ?<\/h4>\n<p><strong>[GP] <\/strong>Dans le cas que vous citez, cet acteur de l&rsquo;e-commerce voulait auditer sa future acquisition avec un oeil tr\u00e8s digital et tr\u00e8s marketing. Pouvoir auditer les performances du site. La fa\u00e7on dont le site pouvait se transformer. La fa\u00e7on dont le site \u00e9tait capable de transformer ses prospects en clients. Il a donc eu besoin d&rsquo;une comp\u00e9tence marketing, d&rsquo;une comp\u00e9tence digitale et d&rsquo;une comp\u00e9tence e-commerce. Les trois comp\u00e9tences-cl\u00e9s pour faire une estimation de ce site et le valoriser, mais aussi pouvoir b\u00e2tir une strat\u00e9gie de repositionnement de ce site au sein de sa structure.<\/p>\n<h4><strong>[VM] <\/strong>Votre vivier est au total \u00e0 peu pr\u00e8s 8000 personnes. 15% repr\u00e9sentent donc environ 1200 professionnels du marketing. Qui sont-ils ?<\/h4>\n<p><strong>[GP] <\/strong>Il s&rsquo;agit majoritairement des gens qui ont des fonctions de management en entreprise, ce sont d&rsquo;anciens directeurs marketing, des directeurs marketing digital ou des directeurs e-commerce.<\/p>\n<p>Ce sont des personnes qui peuvent avoir eu des comp\u00e9tences dans le transport a\u00e9rien et qui vont \u00eatre tr\u00e8s l\u00e9gitimes pour aller aider un parc d&rsquo;attractions qui aura \u00e0 peu pr\u00e8s les m\u00eames soucis. Ou qui viennent du secteur de la grande consommation et qui veulent aller \u00e9pauler des entreprises de services. Ce seront par exemple des professionnels du B2C qui auront acquis des best practices et iront aider une entreprise B2B. On a travaill\u00e9 chez un acteur du pneumatique, et c&rsquo;est un expert du B2C qui est venu mettre en place ces best practices. Ce sont des gens qui ont \u00e9t\u00e9 en poste et qui ont 20 ou 25 ans d&rsquo;exp\u00e9rience de management d&rsquo;\u00e9quipes, de comit\u00e9s de direction, qui ont des visions \u00e0 la fois tr\u00e8s strat\u00e9giques et tr\u00e8s op\u00e9rationnelles et qui ont comme particularit\u00e9 d&rsquo;\u00eatre des adaptables, ouverts et curieux, avec humilit\u00e9 pour s&rsquo;impr\u00e9gner de l&rsquo;entreprise dans laquelle ils rentrent. Ils ont tous en commun un grand pragmatisme et sont tr\u00e8s centr\u00e9s sur l&rsquo;action et les r\u00e9sultats.<\/p>\n<h4><strong>[VM] <\/strong>Il faut aussi qu&rsquo;ils se rendent disponibles pour des missions qui sont assez longues ?<\/h4>\n<p><strong>[GP] <\/strong>Ces \u00e9missions durent au minimum de 4 mois, mais plus g\u00e9n\u00e9ralement de 7 \u00e0 8 mois et parfois 12 \u00e0 15 mois. \u00c0 la fin de la mission, il peut se passer plusieurs choses. S&rsquo;il a s\u00e9duit l&rsquo;entreprise, le manager de transition peut rester \u00e0 ce poste. Ce n&rsquo;est jamais le postulat de d\u00e9part, mais on a souvent du mal \u00e0 se s\u00e9parer de quelqu&rsquo;un qui a fait forte impression. Donc on a quand m\u00eame un certain pourcentage de nos missions qui se terminent par une embauche. Ou alors il revient sur le march\u00e9 du travail avec une exp\u00e9rience de plus sur son CV en termes de secteur ou de probl\u00e9matique et de contexte. En g\u00e9n\u00e9ral, ces missions sont passionnantes, car il y a toujours de tr\u00e8s gros enjeux. Donc des missions qui sont extr\u00eamement gratifiantes pour le manager de transition.<\/p>\n<h4><strong>[VM] <\/strong>Est-ce qu&rsquo;un manager de transition co\u00fbte plus cher qu&rsquo;un consultant ?<\/h4>\n<p><strong>[GP] <\/strong>Il va \u00eatre cependant surdimensionn\u00e9 par rapport \u00e0 sa mission. Donc il va co\u00fbter l\u00e9g\u00e8rement plus cher que le manager qu&rsquo;il remplace. En revanche, il va \u00eatre \u00e9conomique par rapport au niveau qu&rsquo;il a et \u00e0 la valeur ajout\u00e9e qu&rsquo;il apporte dans le poste.<\/p>\n<h4><em><strong>\u00c0 propos de &#8230;<\/strong><\/em><\/h4>\n<p><em>Guillemette Payen a une riche exp\u00e9rience en marketing et en digital acquise dans le domaine de la presse chez Springer, dans le groupe Le Figaro, Berteslmann. Elle a rejoint le groupe EIM (Executive Interim Management) en tant qu&rsquo;associ\u00e9e il y a 3 ans.\u00a0<\/em><\/p>\n<div itemscope itemtype=\"http:\/\/schema.org\/AudioObject\"><meta itemprop=\"name\" content=\"Le management de transition r\u00e9v\u00e9lateur de la transformation des m\u00e9tiers du marketing par le digital\" \/><meta itemprop=\"uploadDate\" content=\"2019-10-10T08:45:51+02:00\" \/><meta itemprop=\"encodingFormat\" content=\"audio\/mpeg\" \/><meta itemprop=\"duration\" content=\"PT12M12S\" \/><meta itemprop=\"description\" content=\"Le management de transition est un sujet en plein essor et pourtant relativement m\u00e9connu du grand public et m\u00eame de beaucoup de professionnels. J&#039;ai d\u00e9couvert \u00e9galement, \u00e0 la faveur d&#039;une visite r\u00e9cente \u00e0\u00a0EIM\u00a0un des pionniers du secteur depuis 30 ans...\" \/><meta itemprop=\"contentUrl\" content=\"https:\/\/media.blubrry.com\/visionarymarketing_les\/visionarymarketing.com\/files\/podcasts\/G-Payen-itw-montee-V1.mp3\" \/><meta itemprop=\"contentSize\" content=\"11.2\" \/><div class=\"powerpress_player\" id=\"powerpress_player_130\"><audio class=\"wp-audio-shortcode\" id=\"audio-33774-1\" preload=\"none\" style=\"width: 100%;\" controls=\"controls\"><source type=\"audio\/mpeg\" src=\"https:\/\/media.blubrry.com\/visionarymarketing_les\/visionarymarketing.com\/files\/podcasts\/G-Payen-itw-montee-V1.mp3?_=1\" \/><a href=\"https:\/\/media.blubrry.com\/visionarymarketing_les\/visionarymarketing.com\/files\/podcasts\/G-Payen-itw-montee-V1.mp3\">https:\/\/media.blubrry.com\/visionarymarketing_les\/visionarymarketing.com\/files\/podcasts\/G-Payen-itw-montee-V1.mp3<\/a><\/audio><\/div><\/div><p class=\"powerpress_links powerpress_links_mp3\" style=\"margin-bottom: 1px !important;\">Podcast: <a href=\"https:\/\/media.blubrry.com\/visionarymarketing_les\/visionarymarketing.com\/files\/podcasts\/G-Payen-itw-montee-V1.mp3\" class=\"powerpress_link_pinw\" target=\"_blank\" title=\"Play in new window\" onclick=\"return powerpress_pinw('https:\/\/visionarymarketing.com\/fr\/\/?powerpress_pinw=33774-podcast');\" rel=\"nofollow\">Play in new window<\/a> | <a href=\"https:\/\/media.blubrry.com\/visionarymarketing_les\/visionarymarketing.com\/files\/podcasts\/G-Payen-itw-montee-V1.mp3\" class=\"powerpress_link_d\" title=\"Download\" rel=\"nofollow\" download=\"G-Payen-itw-montee-V1.mp3\">Download<\/a> (Duration: 12:12 &#8212; 11.2MB)<\/p><p class=\"powerpress_links powerpress_subscribe_links\">Subscribe: <a href=\"https:\/\/itunes.apple.com\/us\/podcast\/visionarymarketing-les-interviews\/id731295319?mt=2&amp;ls=1#episodeGuid=https%3A%2F%2Fvisionarymarketing.com%2F%3Fp%3D33774\" class=\"powerpress_link_subscribe powerpress_link_subscribe_itunes\" target=\"_blank\" title=\"Subscribe on Apple Podcasts\" rel=\"nofollow\">Apple Podcasts<\/a> | <a href=\"https:\/\/open.spotify.com\/show\/52VnZ1mhVSnDs4tQOx7Vuc\" class=\"powerpress_link_subscribe powerpress_link_subscribe_spotify\" target=\"_blank\" title=\"Subscribe on Spotify\" rel=\"nofollow\">Spotify<\/a> | <a href=\"https:\/\/subscribeonandroid.com\/visionarymarketing.com\/fr\/feed\/podcast\/\" class=\"powerpress_link_subscribe powerpress_link_subscribe_android\" target=\"_blank\" title=\"Subscribe on Android\" rel=\"nofollow\">Android<\/a> | <a href=\"https:\/\/visionarymarketing.com\/fr\/feed\/podcast\/\" class=\"powerpress_link_subscribe powerpress_link_subscribe_rss\" target=\"_blank\" title=\"Subscribe via RSS\" rel=\"nofollow\">RSS<\/a><\/p>","protected":false},"excerpt":{"rendered":"<p>Le management de transition est un sujet en plein essor et pourtant relativement m\u00e9connu du grand public et m\u00eame de beaucoup de professionnels. J&rsquo;ai d\u00e9couvert \u00e9galement, \u00e0 la faveur d&rsquo;une visite r\u00e9cente \u00e0\u00a0EIM\u00a0un des pionniers du secteur depuis 30 ans, que le marketing n&rsquo;\u00e9tait pas en reste. Mieux encore, je me suis rendu compte que &hellip;<\/p>\n","protected":false},"author":2,"featured_media":33748,"comment_status":"open","ping_status":"open","sticky":false,"template":"","format":"standard","meta":{"footnotes":""},"categories":[1613],"tags":[4063],"class_list":["post-33774","post","type-post","status-publish","format-standard","has-post-thumbnail","hentry","category-marketing-digital-marketing","tag-marketing-et-innovation"],"yoast_head":"<!-- This site is optimized with the Yoast SEO plugin v27.5 - https:\/\/yoast.com\/product\/yoast-seo-wordpress\/ -->\n<title>Le management de transition r\u00e9v\u00e9lateur de la transformation des m\u00e9tiers du marketing par le digital<\/title>\n<meta name=\"description\" content=\"Le management de transition est un sujet en plein essor et pourtant relativement m\u00e9connu du grand public et m\u00eame de beaucoup de professionnels. J&#039;ai\" \/>\n<meta name=\"robots\" content=\"index, follow, max-snippet:-1, max-image-preview:large, max-video-preview:-1\" \/>\n<link rel=\"canonical\" href=\"https:\/\/visionarymarketing.com\/fr\/2019\/10\/10\/management-de-transition\/\" \/>\n<meta property=\"og:locale\" content=\"fr_FR\" \/>\n<meta property=\"og:type\" content=\"article\" \/>\n<meta property=\"og:title\" content=\"Le management de transition r\u00e9v\u00e9lateur de la transformation des m\u00e9tiers du marketing par le digital\" \/>\n<meta property=\"og:description\" content=\"Le management de transition est un sujet en plein essor et pourtant relativement m\u00e9connu du grand public et m\u00eame de beaucoup de professionnels. J&#039;ai\" \/>\n<meta property=\"og:url\" content=\"https:\/\/visionarymarketing.com\/fr\/2019\/10\/10\/management-de-transition\/\" \/>\n<meta property=\"og:site_name\" content=\"Marketing and Innovation\" \/>\n<meta property=\"article:publisher\" content=\"https:\/\/www.facebook.com\/vismktg\" \/>\n<meta property=\"article:author\" content=\"http:\/\/facebook.com\/ygourven\" \/>\n<meta property=\"article:published_time\" content=\"2019-10-10T06:45:51+00:00\" \/>\n<meta property=\"article:modified_time\" content=\"2024-04-03T07:14:47+00:00\" \/>\n<meta property=\"og:image\" content=\"https:\/\/visionarymarketing.com\/wp-content\/uploads\/2019\/10\/APC_0006-e1573486587308.jpg\" \/>\n\t<meta property=\"og:image:width\" content=\"650\" \/>\n\t<meta property=\"og:image:height\" content=\"421\" \/>\n\t<meta property=\"og:image:type\" content=\"image\/jpeg\" \/>\n<meta name=\"author\" content=\"Yann Gourvennec\" \/>\n<meta name=\"twitter:card\" content=\"summary_large_image\" \/>\n<meta name=\"twitter:creator\" content=\"@ygourven\" \/>\n<meta name=\"twitter:site\" content=\"@ygourven\" \/>\n<meta name=\"twitter:label1\" content=\"\u00c9crit par\" \/>\n\t<meta name=\"twitter:data1\" content=\"Yann Gourvennec\" \/>\n\t<meta name=\"twitter:label2\" content=\"Dur\u00e9e de lecture estim\u00e9e\" \/>\n\t<meta name=\"twitter:data2\" content=\"10 minutes\" \/>\n<script type=\"application\/ld+json\" class=\"yoast-schema-graph\">{\"@context\":\"https:\\\/\\\/schema.org\",\"@graph\":[{\"@type\":\"NewsArticle\",\"@id\":\"https:\\\/\\\/visionarymarketing.com\\\/fr\\\/2019\\\/10\\\/10\\\/management-de-transition\\\/#article\",\"isPartOf\":{\"@id\":\"https:\\\/\\\/visionarymarketing.com\\\/fr\\\/2019\\\/10\\\/10\\\/management-de-transition\\\/\"},\"author\":{\"name\":\"Yann Gourvennec\",\"@id\":\"https:\\\/\\\/visionarymarketing.com\\\/fr\\\/#\\\/schema\\\/person\\\/3754fee1e558f47b8deb46f53c37423e\"},\"headline\":\"Le management de transition r\u00e9v\u00e9lateur de la transformation des m\u00e9tiers du marketing par le digital\",\"datePublished\":\"2019-10-10T06:45:51+00:00\",\"dateModified\":\"2024-04-03T07:14:47+00:00\",\"mainEntityOfPage\":{\"@id\":\"https:\\\/\\\/visionarymarketing.com\\\/fr\\\/2019\\\/10\\\/10\\\/management-de-transition\\\/\"},\"wordCount\":2173,\"commentCount\":1,\"image\":{\"@id\":\"https:\\\/\\\/visionarymarketing.com\\\/fr\\\/2019\\\/10\\\/10\\\/management-de-transition\\\/#primaryimage\"},\"thumbnailUrl\":\"https:\\\/\\\/visionarymarketing.com\\\/wp-content\\\/uploads\\\/2019\\\/10\\\/APC_0006-e1573486587308.jpg\",\"keywords\":[\"Marketing et Innovation\"],\"articleSection\":[\"marketing digital\"],\"inLanguage\":\"fr-FR\",\"potentialAction\":[{\"@type\":\"CommentAction\",\"name\":\"Comment\",\"target\":[\"https:\\\/\\\/visionarymarketing.com\\\/fr\\\/2019\\\/10\\\/10\\\/management-de-transition\\\/#respond\"]}]},{\"@type\":\"WebPage\",\"@id\":\"https:\\\/\\\/visionarymarketing.com\\\/fr\\\/2019\\\/10\\\/10\\\/management-de-transition\\\/\",\"url\":\"https:\\\/\\\/visionarymarketing.com\\\/fr\\\/2019\\\/10\\\/10\\\/management-de-transition\\\/\",\"name\":\"Le management de transition r\u00e9v\u00e9lateur de la transformation des m\u00e9tiers du marketing par le digital\",\"isPartOf\":{\"@id\":\"https:\\\/\\\/visionarymarketing.com\\\/fr\\\/#website\"},\"primaryImageOfPage\":{\"@id\":\"https:\\\/\\\/visionarymarketing.com\\\/fr\\\/2019\\\/10\\\/10\\\/management-de-transition\\\/#primaryimage\"},\"image\":{\"@id\":\"https:\\\/\\\/visionarymarketing.com\\\/fr\\\/2019\\\/10\\\/10\\\/management-de-transition\\\/#primaryimage\"},\"thumbnailUrl\":\"https:\\\/\\\/visionarymarketing.com\\\/wp-content\\\/uploads\\\/2019\\\/10\\\/APC_0006-e1573486587308.jpg\",\"datePublished\":\"2019-10-10T06:45:51+00:00\",\"dateModified\":\"2024-04-03T07:14:47+00:00\",\"author\":{\"@id\":\"https:\\\/\\\/visionarymarketing.com\\\/fr\\\/#\\\/schema\\\/person\\\/3754fee1e558f47b8deb46f53c37423e\"},\"description\":\"Le management de transition est un sujet en plein essor et pourtant relativement m\u00e9connu du grand public et m\u00eame de beaucoup de professionnels. J'ai\",\"breadcrumb\":{\"@id\":\"https:\\\/\\\/visionarymarketing.com\\\/fr\\\/2019\\\/10\\\/10\\\/management-de-transition\\\/#breadcrumb\"},\"inLanguage\":\"fr-FR\",\"potentialAction\":[{\"@type\":\"ReadAction\",\"target\":[\"https:\\\/\\\/visionarymarketing.com\\\/fr\\\/2019\\\/10\\\/10\\\/management-de-transition\\\/\"]}]},{\"@type\":\"ImageObject\",\"inLanguage\":\"fr-FR\",\"@id\":\"https:\\\/\\\/visionarymarketing.com\\\/fr\\\/2019\\\/10\\\/10\\\/management-de-transition\\\/#primaryimage\",\"url\":\"https:\\\/\\\/visionarymarketing.com\\\/wp-content\\\/uploads\\\/2019\\\/10\\\/APC_0006-e1573486587308.jpg\",\"contentUrl\":\"https:\\\/\\\/visionarymarketing.com\\\/wp-content\\\/uploads\\\/2019\\\/10\\\/APC_0006-e1573486587308.jpg\",\"width\":650,\"height\":421,\"caption\":\"Guillemette Payen, associ\u00e9e chez EIM\"},{\"@type\":\"BreadcrumbList\",\"@id\":\"https:\\\/\\\/visionarymarketing.com\\\/fr\\\/2019\\\/10\\\/10\\\/management-de-transition\\\/#breadcrumb\",\"itemListElement\":[{\"@type\":\"ListItem\",\"position\":1,\"name\":\"Home\",\"item\":\"https:\\\/\\\/visionarymarketing.com\\\/fr\\\/\"},{\"@type\":\"ListItem\",\"position\":2,\"name\":\"Le management de transition r\u00e9v\u00e9lateur de la transformation des m\u00e9tiers du marketing par le digital\"}]},{\"@type\":\"WebSite\",\"@id\":\"https:\\\/\\\/visionarymarketing.com\\\/fr\\\/#website\",\"url\":\"https:\\\/\\\/visionarymarketing.com\\\/fr\\\/\",\"name\":\"Marketing and Innovation\",\"description\":\"Site d&#039;infos ind\u00e9pendant, depuis 1996\",\"potentialAction\":[{\"@type\":\"SearchAction\",\"target\":{\"@type\":\"EntryPoint\",\"urlTemplate\":\"https:\\\/\\\/visionarymarketing.com\\\/fr\\\/?s={search_term_string}\"},\"query-input\":{\"@type\":\"PropertyValueSpecification\",\"valueRequired\":true,\"valueName\":\"search_term_string\"}}],\"inLanguage\":\"fr-FR\"},{\"@type\":\"Person\",\"@id\":\"https:\\\/\\\/visionarymarketing.com\\\/fr\\\/#\\\/schema\\\/person\\\/3754fee1e558f47b8deb46f53c37423e\",\"name\":\"Yann Gourvennec\",\"image\":{\"@type\":\"ImageObject\",\"inLanguage\":\"fr-FR\",\"@id\":\"https:\\\/\\\/secure.gravatar.com\\\/avatar\\\/5972001801e8de5692a3e31224e85769f50a55fb8b679749f9c8d1868cceff14?s=96&d=initials&r=g&initials=yg\",\"url\":\"https:\\\/\\\/secure.gravatar.com\\\/avatar\\\/5972001801e8de5692a3e31224e85769f50a55fb8b679749f9c8d1868cceff14?s=96&d=initials&r=g&initials=yg\",\"contentUrl\":\"https:\\\/\\\/secure.gravatar.com\\\/avatar\\\/5972001801e8de5692a3e31224e85769f50a55fb8b679749f9c8d1868cceff14?s=96&d=initials&r=g&initials=yg\",\"caption\":\"Yann Gourvennec\"},\"description\":\"Yann Gourvennec created visionarymarketing.com in 1996. He is a speaker and author of many books. In 2014 he went from intrapreneur to entrepreneur, when he created his digital marketing agency. Yann Gourvennec a cr\u00e9\u00e9 visionarymarketing.com en 1996. Il est conf\u00e9rencier et auteur de plusieurs livres. En 2014, il est pass\u00e9 d'intrapreneur \u00e0 entrepreneur en cr\u00e9ant son agence de marketing num\u00e9rique.\",\"sameAs\":[\"https:\\\/\\\/visionarymarketing.com\",\"http:\\\/\\\/facebook.com\\\/ygourven\",\"http:\\\/\\\/linkedin.com\\\/in\\\/ygourven\",\"https:\\\/\\\/x.com\\\/ygourven\",\"https:\\\/\\\/www.youtube.com\\\/c\\\/visionarymarketingagency\"],\"url\":\"https:\\\/\\\/visionarymarketing.com\\\/fr\\\/author\\\/yann-gourvennec\\\/\"}]}<\/script>\n<!-- \/ Yoast SEO plugin. -->","yoast_head_json":{"title":"Le management de transition r\u00e9v\u00e9lateur de la transformation des m\u00e9tiers du marketing par le digital","description":"Le management de transition est un sujet en plein essor et pourtant relativement m\u00e9connu du grand public et m\u00eame de beaucoup de professionnels. J'ai","robots":{"index":"index","follow":"follow","max-snippet":"max-snippet:-1","max-image-preview":"max-image-preview:large","max-video-preview":"max-video-preview:-1"},"canonical":"https:\/\/visionarymarketing.com\/fr\/2019\/10\/10\/management-de-transition\/","og_locale":"fr_FR","og_type":"article","og_title":"Le management de transition r\u00e9v\u00e9lateur de la transformation des m\u00e9tiers du marketing par le digital","og_description":"Le management de transition est un sujet en plein essor et pourtant relativement m\u00e9connu du grand public et m\u00eame de beaucoup de professionnels. J'ai","og_url":"https:\/\/visionarymarketing.com\/fr\/2019\/10\/10\/management-de-transition\/","og_site_name":"Marketing and Innovation","article_publisher":"https:\/\/www.facebook.com\/vismktg","article_author":"http:\/\/facebook.com\/ygourven","article_published_time":"2019-10-10T06:45:51+00:00","article_modified_time":"2024-04-03T07:14:47+00:00","og_image":[{"width":650,"height":421,"url":"https:\/\/visionarymarketing.com\/wp-content\/uploads\/2019\/10\/APC_0006-e1573486587308.jpg","type":"image\/jpeg"}],"author":"Yann Gourvennec","twitter_card":"summary_large_image","twitter_creator":"@ygourven","twitter_site":"@ygourven","twitter_misc":{"\u00c9crit par":"Yann Gourvennec","Dur\u00e9e de lecture estim\u00e9e":"10 minutes"},"schema":{"@context":"https:\/\/schema.org","@graph":[{"@type":"NewsArticle","@id":"https:\/\/visionarymarketing.com\/fr\/2019\/10\/10\/management-de-transition\/#article","isPartOf":{"@id":"https:\/\/visionarymarketing.com\/fr\/2019\/10\/10\/management-de-transition\/"},"author":{"name":"Yann Gourvennec","@id":"https:\/\/visionarymarketing.com\/fr\/#\/schema\/person\/3754fee1e558f47b8deb46f53c37423e"},"headline":"Le management de transition r\u00e9v\u00e9lateur de la transformation des m\u00e9tiers du marketing par le digital","datePublished":"2019-10-10T06:45:51+00:00","dateModified":"2024-04-03T07:14:47+00:00","mainEntityOfPage":{"@id":"https:\/\/visionarymarketing.com\/fr\/2019\/10\/10\/management-de-transition\/"},"wordCount":2173,"commentCount":1,"image":{"@id":"https:\/\/visionarymarketing.com\/fr\/2019\/10\/10\/management-de-transition\/#primaryimage"},"thumbnailUrl":"https:\/\/visionarymarketing.com\/wp-content\/uploads\/2019\/10\/APC_0006-e1573486587308.jpg","keywords":["Marketing et Innovation"],"articleSection":["marketing digital"],"inLanguage":"fr-FR","potentialAction":[{"@type":"CommentAction","name":"Comment","target":["https:\/\/visionarymarketing.com\/fr\/2019\/10\/10\/management-de-transition\/#respond"]}]},{"@type":"WebPage","@id":"https:\/\/visionarymarketing.com\/fr\/2019\/10\/10\/management-de-transition\/","url":"https:\/\/visionarymarketing.com\/fr\/2019\/10\/10\/management-de-transition\/","name":"Le management de transition r\u00e9v\u00e9lateur de la transformation des m\u00e9tiers du marketing par le digital","isPartOf":{"@id":"https:\/\/visionarymarketing.com\/fr\/#website"},"primaryImageOfPage":{"@id":"https:\/\/visionarymarketing.com\/fr\/2019\/10\/10\/management-de-transition\/#primaryimage"},"image":{"@id":"https:\/\/visionarymarketing.com\/fr\/2019\/10\/10\/management-de-transition\/#primaryimage"},"thumbnailUrl":"https:\/\/visionarymarketing.com\/wp-content\/uploads\/2019\/10\/APC_0006-e1573486587308.jpg","datePublished":"2019-10-10T06:45:51+00:00","dateModified":"2024-04-03T07:14:47+00:00","author":{"@id":"https:\/\/visionarymarketing.com\/fr\/#\/schema\/person\/3754fee1e558f47b8deb46f53c37423e"},"description":"Le management de transition est un sujet en plein essor et pourtant relativement m\u00e9connu du grand public et m\u00eame de beaucoup de professionnels. J'ai","breadcrumb":{"@id":"https:\/\/visionarymarketing.com\/fr\/2019\/10\/10\/management-de-transition\/#breadcrumb"},"inLanguage":"fr-FR","potentialAction":[{"@type":"ReadAction","target":["https:\/\/visionarymarketing.com\/fr\/2019\/10\/10\/management-de-transition\/"]}]},{"@type":"ImageObject","inLanguage":"fr-FR","@id":"https:\/\/visionarymarketing.com\/fr\/2019\/10\/10\/management-de-transition\/#primaryimage","url":"https:\/\/visionarymarketing.com\/wp-content\/uploads\/2019\/10\/APC_0006-e1573486587308.jpg","contentUrl":"https:\/\/visionarymarketing.com\/wp-content\/uploads\/2019\/10\/APC_0006-e1573486587308.jpg","width":650,"height":421,"caption":"Guillemette Payen, associ\u00e9e chez EIM"},{"@type":"BreadcrumbList","@id":"https:\/\/visionarymarketing.com\/fr\/2019\/10\/10\/management-de-transition\/#breadcrumb","itemListElement":[{"@type":"ListItem","position":1,"name":"Home","item":"https:\/\/visionarymarketing.com\/fr\/"},{"@type":"ListItem","position":2,"name":"Le management de transition r\u00e9v\u00e9lateur de la transformation des m\u00e9tiers du marketing par le digital"}]},{"@type":"WebSite","@id":"https:\/\/visionarymarketing.com\/fr\/#website","url":"https:\/\/visionarymarketing.com\/fr\/","name":"Marketing and Innovation","description":"Site d&#039;infos ind\u00e9pendant, depuis 1996","potentialAction":[{"@type":"SearchAction","target":{"@type":"EntryPoint","urlTemplate":"https:\/\/visionarymarketing.com\/fr\/?s={search_term_string}"},"query-input":{"@type":"PropertyValueSpecification","valueRequired":true,"valueName":"search_term_string"}}],"inLanguage":"fr-FR"},{"@type":"Person","@id":"https:\/\/visionarymarketing.com\/fr\/#\/schema\/person\/3754fee1e558f47b8deb46f53c37423e","name":"Yann Gourvennec","image":{"@type":"ImageObject","inLanguage":"fr-FR","@id":"https:\/\/secure.gravatar.com\/avatar\/5972001801e8de5692a3e31224e85769f50a55fb8b679749f9c8d1868cceff14?s=96&d=initials&r=g&initials=yg","url":"https:\/\/secure.gravatar.com\/avatar\/5972001801e8de5692a3e31224e85769f50a55fb8b679749f9c8d1868cceff14?s=96&d=initials&r=g&initials=yg","contentUrl":"https:\/\/secure.gravatar.com\/avatar\/5972001801e8de5692a3e31224e85769f50a55fb8b679749f9c8d1868cceff14?s=96&d=initials&r=g&initials=yg","caption":"Yann Gourvennec"},"description":"Yann Gourvennec created visionarymarketing.com in 1996. He is a speaker and author of many books. In 2014 he went from intrapreneur to entrepreneur, when he created his digital marketing agency. Yann Gourvennec a cr\u00e9\u00e9 visionarymarketing.com en 1996. Il est conf\u00e9rencier et auteur de plusieurs livres. En 2014, il est pass\u00e9 d'intrapreneur \u00e0 entrepreneur en cr\u00e9ant son agence de marketing num\u00e9rique.","sameAs":["https:\/\/visionarymarketing.com","http:\/\/facebook.com\/ygourven","http:\/\/linkedin.com\/in\/ygourven","https:\/\/x.com\/ygourven","https:\/\/www.youtube.com\/c\/visionarymarketingagency"],"url":"https:\/\/visionarymarketing.com\/fr\/author\/yann-gourvennec\/"}]}},"_links":{"self":[{"href":"https:\/\/visionarymarketing.com\/fr\/wp-json\/wp\/v2\/posts\/33774","targetHints":{"allow":["GET"]}}],"collection":[{"href":"https:\/\/visionarymarketing.com\/fr\/wp-json\/wp\/v2\/posts"}],"about":[{"href":"https:\/\/visionarymarketing.com\/fr\/wp-json\/wp\/v2\/types\/post"}],"author":[{"embeddable":true,"href":"https:\/\/visionarymarketing.com\/fr\/wp-json\/wp\/v2\/users\/2"}],"replies":[{"embeddable":true,"href":"https:\/\/visionarymarketing.com\/fr\/wp-json\/wp\/v2\/comments?post=33774"}],"version-history":[{"count":0,"href":"https:\/\/visionarymarketing.com\/fr\/wp-json\/wp\/v2\/posts\/33774\/revisions"}],"wp:featuredmedia":[{"embeddable":true,"href":"https:\/\/visionarymarketing.com\/fr\/wp-json\/wp\/v2\/media\/33748"}],"wp:attachment":[{"href":"https:\/\/visionarymarketing.com\/fr\/wp-json\/wp\/v2\/media?parent=33774"}],"wp:term":[{"taxonomy":"category","embeddable":true,"href":"https:\/\/visionarymarketing.com\/fr\/wp-json\/wp\/v2\/categories?post=33774"},{"taxonomy":"post_tag","embeddable":true,"href":"https:\/\/visionarymarketing.com\/fr\/wp-json\/wp\/v2\/tags?post=33774"}],"curies":[{"name":"wp","href":"https:\/\/api.w.org\/{rel}","templated":true}]}}