{"id":33729,"date":"2019-10-03T08:45:12","date_gmt":"2019-10-03T06:45:12","guid":{"rendered":"https:\/\/visionarymarketing.com\/?p=33729"},"modified":"2023-05-03T10:15:12","modified_gmt":"2023-05-03T08:15:12","slug":"rgpd-un-an-apres","status":"publish","type":"post","link":"https:\/\/visionarymarketing.com\/fr\/2019\/10\/03\/rgpd-un-an-apres\/","title":{"rendered":"RGPD un an apr\u00e8s : une grande h\u00e9t\u00e9rog\u00e9n\u00e9it\u00e9 europ\u00e9enne"},"content":{"rendered":"<p><em>RGPD un an apr\u00e8s, petit exercice de d\u00e9codage. \u00c0 \u00e9couter les bilans du <a href=\"https:\/\/visionarymarketing.com\/2018\/11\/rgpd\/\">RGPD<\/a> ici et l\u00e0, nous serions enfin arriv\u00e9s dans le monde des bisounours. Il m&rsquo;a paru important de d\u00e9crypter les informations et pour cela, je me suis donc entretenu avec <a href=\"https:\/\/www.linkedin.com\/in\/david-luponis\/\" target=\"_blank\" rel=\"noopener noreferrer\">David Luponis, associ\u00e9 cybers\u00e9curit\u00e9 chez Mazars France<\/a>, afin de faire un point sur les impacts de ce r\u00e8glement un an apr\u00e8s son application. O\u00f9 on verra notamment que la r\u00e9ussite du RGPD se mesurera beaucoup plus sur un temps long et que &#8211; tout compte fait &#8211; dans le long terme, le RGPD pourrait donner naissance \u00e0 un nouveau business &#8211; l\u00e9gitime celui-l\u00e0 &#8211; d&rsquo;acquisition des donn\u00e9es personnelles avec consentement.<\/em><\/p>\n<h2><strong>RGPD un an apr\u00e8s : une grande h\u00e9t\u00e9rog\u00e9n\u00e9it\u00e9 europ\u00e9enne<\/strong><\/h2>\n<h3><strong>J&rsquo;ai \u00e9cout\u00e9 la radio ces derniers temps et ce que j&rsquo;en ai compris c&rsquo;est qu&rsquo;en mati\u00e8re de RGPD tout \u00e9tait merveilleux, alors est-ce que c&rsquo;est vrai ou faux ?<\/strong><\/h3>\n<figure id=\"attachment_33739\" aria-describedby=\"caption-attachment-33739\" style=\"width: 465px\" class=\"wp-caption alignright\"><img decoding=\"async\" class=\"wp-image-33739 size-full\" src=\"https:\/\/visionarymarketing.com\/wp-content\/uploads\/2019\/10\/David-Luponis_profile.jpg\" alt=\"RGPD un an apr\u00e8s\" width=\"465\" height=\"202\" srcset=\"https:\/\/visionarymarketing.com\/wp-content\/uploads\/2019\/10\/David-Luponis_profile.jpg 465w, https:\/\/visionarymarketing.com\/wp-content\/uploads\/2019\/10\/David-Luponis_profile-249x108.jpg 249w\" sizes=\"(max-width: 465px) 100vw, 465px\" \/><figcaption id=\"caption-attachment-33739\" class=\"wp-caption-text\">David Luponis, Mazars France : \u00ab\u00a0<\/figcaption><\/figure>\n<p>Pas tout \u00e0 fait. Ce qu&rsquo;on voit c&rsquo;est ce qui se fait depuis un an, mais il faut se souvenir que c&rsquo;est une r\u00e9glementation qui date de 2016. Les entreprises europ\u00e9ennes avaient deux ans pour se mettre en conformit\u00e9. Donc c&rsquo;est un sujet qui a plut\u00f4t trois ans aujourd&rsquo;hui. Le RGPD \u00e9tant un r\u00e8glement europ\u00e9en, il y a \u00e9videmment des interpr\u00e9tations dans chaque pays qui peuvent \u00eatre diff\u00e9rentes. Avec des pays tr\u00e8s en avance de mani\u00e8re historique, notamment l&rsquo;Allemagne. Et puis \u00e9videmment un certain nombre de pays qui ont d\u00e9couvert en 2016 ces sujets de protection des donn\u00e9es. Cela se traduit donc par une grande h\u00e9t\u00e9rog\u00e9n\u00e9it\u00e9 au niveau europ\u00e9en de ce qui se passe en termes de suivi de cette r\u00e9glementation. C&rsquo;est une vision pays par pays. Et puis en plus de tout cela, il y a une vision sectorielle.<\/p>\n<p><!--more--><\/p>\n<p>Un certain nombre de secteurs \u00e9taient relativement m\u00fbrs sur ce sujet. Notamment les banques et les assurances qui, pour la plupart, avaient d\u00e9j\u00e0 avanc\u00e9 sur ces sujets quand cela s&rsquo;appelait \u00ab\u00a0Informatique et Libert\u00e9s\u00a0\u00bb. Elles sont donc plus en avance que la moyenne des autres secteurs, comme l&rsquo;industrie lourde par exemple, qui d\u00e9couvrait ce sujet en 2016.<\/p>\n<h3><strong>RGPD un an apr\u00e8s, comment se situe la France \u00e0 l&rsquo;int\u00e9rieur de ce panel ?<\/strong><\/h3>\n<p>La France \u00e9tait, avec la loi Informatique et Libert\u00e9s l&rsquo;un des pays d&rsquo;Europe qui \u00e9taient les plus avanc\u00e9s sur ces sujets. Les entreprises fran\u00e7aises \u00e9taient cens\u00e9es, depuis 1978, faire un certain nombre de d\u00e9clarations aupr\u00e8s de la Commission Nationale Informatique et Libert\u00e9s ou devaient tenir un registre en interne avec un correspondant Informatique et Libert\u00e9s. Toutes les entreprises ne sont cependant pas pli\u00e9es \u00e0 cet exercice. Mai 2016 et 2018 ont apport\u00e9 de la nouveaut\u00e9 dans ce paysage.<\/p>\n<figure id=\"attachment_33742\" aria-describedby=\"caption-attachment-33742\" style=\"width: 750px\" class=\"wp-caption aligncenter\"><img decoding=\"async\" class=\"wp-image-33742 size-full\" src=\"https:\/\/visionarymarketing.com\/wp-content\/uploads\/2019\/10\/29059855197_4bd2c59b8a_c-e1570089150257.jpg\" alt=\"RGPD un an apr\u00e8s\" width=\"750\" height=\"476\" srcset=\"https:\/\/visionarymarketing.com\/wp-content\/uploads\/2019\/10\/29059855197_4bd2c59b8a_c-e1570089150257.jpg 750w, https:\/\/visionarymarketing.com\/wp-content\/uploads\/2019\/10\/29059855197_4bd2c59b8a_c-e1570089150257-473x300.jpg 473w\" sizes=\"(max-width: 750px) 100vw, 750px\" \/><figcaption id=\"caption-attachment-33742\" class=\"wp-caption-text\">Difficile de mesurer la conformit\u00e9 au RGPD<\/figcaption><\/figure>\n<p>En France, si on devait mettre un curseur sur la conformit\u00e9 des entreprises fran\u00e7aises, il serait probablement r\u00e9gl\u00e9 entre 50 et 70% pour les grandes entreprises et autour de 20 \u00e0 30% pour le reste. Il faut bien voir qu&rsquo;aujourd&rsquo;hui il n&rsquo;existe pas de matrice de conformit\u00e9.\u00a0<strong>Aujourd&rsquo;hui personne ne peut vous d\u00e9livrer un certificat de conformit\u00e9 par exemple<\/strong>.<\/p>\n<h3><strong>Quels sont les cas concrets o\u00f9 la loi a permis de redresser les torts<\/strong><\/h3>\n<p>Les amendes annonc\u00e9es (4% du CA mondial) ont \u00e9t\u00e9 dissuasives, c&rsquo;est pour cela que les entreprises ont r\u00e9agi. Mais \u00e0 ce jour en Europe [NDLR L&rsquo;interview a \u00e9t\u00e9 r\u00e9alis\u00e9e cet \u00e9t\u00e9] il y a eu quatre cas de sanctions. Le premier cas de sanctions est au Portugal pour un h\u00f4pital qui a pris une amende, de m\u00e9moire, de 400.000 euros. Il y a eu une sanction en Allemagne sur un r\u00e9seau social allemand. Il y a eu la semaine derni\u00e8re en fin de semaine (juin 2019) une petite amende qui a \u00e9t\u00e9 donn\u00e9e en Belgique. Et puis finalement le gros cas d&rsquo;\u00e9cole est le cas Google qui a \u00e9cop\u00e9 d&rsquo;une sanction de 50 millions d&rsquo;euros en France. Voil\u00e0 les quatre 4 cas qui ont \u00e9t\u00e9 jug\u00e9s. On peut penser que d&rsquo;autres cas sont en cours de traitement ou d&rsquo;investigation et que cela donnera peut-\u00eatre lieu \u00e0 d&rsquo;autres sanctions publiques.<\/p>\n<h3><strong>50 millions d&rsquo;euros pour Google, est-ce beaucoup ?<\/strong><\/h3>\n<p>Si on en croit leurs chiffres, c&rsquo;est s\u00fbrement moins de 4% de leur chiffre d&rsquo;affaires mondial. <strong>\u00c0 l&rsquo;origine on a pr\u00e9sent\u00e9 cette loi comme justement un moyen de se prot\u00e9ger contre les abus notamment des fameux GAFAM ? Cet objectif est-il atteint ? Et pourquoi uniquement la France ?<\/strong> Les enqu\u00eates sont men\u00e9es par les diff\u00e9rentes autorit\u00e9s de contr\u00f4le dans chacun des pays de mani\u00e8re ind\u00e9pendante. En fait la France a vis\u00e9 certainement pour un tas de bonnes raisons Google, mais elle a peut-\u00eatre vis\u00e9 aussi un h\u00f4pital public, un industriel fran\u00e7ais ou europ\u00e9en.\u00a0<strong>Il n&rsquo;y a pas de focus sur les GAFAM dans ce r\u00e8glement<\/strong>. Il y a certainement fort \u00e0 parier qu\u2019un certain nombre de gros acteurs europ\u00e9ens ou internationaux font leur travail \u00a0correctement, qu&rsquo;ils soient gros ou des petits, mais comme on l&rsquo;a dit au d\u00e9but il est tr\u00e8s compliqu\u00e9 de devenir conforme \u00e0 100%.<\/p>\n<h3><strong>Quand on regarde autour de soi et qu&rsquo;on demande des t\u00e9moignages et qu&rsquo;on regarde m\u00eame sa propre bo\u00eete mail, on n&rsquo;a pas la sensation d&rsquo;avoir vu fl\u00e9chir le marketing direct ind\u00e9licat. Ce r\u00e8glement serait-il moins utile qu&rsquo;on le dit ?<\/strong><\/h3>\n<p>Votre vision est celle de la plupart des gens. Ce qu&rsquo;on leur annon\u00e7ait il y a un an ou deux \u00e9tait l&rsquo;arr\u00eat des mails intempestifs, l&rsquo;arr\u00eat des mails pour essayer de vous vendre des voitures des chaussures ou des fen\u00eatres et on fait le constat qu&rsquo;aujourd&rsquo;hui on continue \u00e0 recevoir ce genre de sollicitations. Ce qu&rsquo;on note quand m\u00eame c&rsquo;est que chez les grands acteurs vous avez la possibilit\u00e9 en tant que Fran\u00e7ais ou Europ\u00e9en de faire une demande d&rsquo;informations ou de demandes de suppression et \u00e7a fonctionne plut\u00f4t bien. Il y a \u00e9norm\u00e9ment de demandes qui sont faites aupr\u00e8s des sites web des marchands et \u00e7a, c&rsquo;est une vraie \u00e9volution qui a \u00e9t\u00e9 mieux int\u00e9gr\u00e9e par les entreprises. C&rsquo;\u00e9tait beaucoup plus compliqu\u00e9 par le pass\u00e9, mais il est vrai que l\u2019on continue \u00e0 recevoir un certain nombre de mails intempestifs. Cela devrait diminuer parce qu&rsquo;\u00e9videmment quand les contr\u00f4leurs europ\u00e9ens vont commencer \u00e0 mettre de plus en plus de sanctions chez des gens qui revendent des fichiers, parce que vous parlez finalement de la revente d&rsquo;informations personnelles. Ces gens-l\u00e0 vont \u00eatre sanctionn\u00e9s une fois, deux fois, dix fois en plus de devoir payer la sanction et surtout de subir une information publique sur la sanction. Au bout d&rsquo;un moment, ils vont certainement devoir arr\u00eater car le business model de ces soci\u00e9t\u00e9s ne sera plus rentable.<\/p>\n<h3><strong>Ne serait-il pas plus simple et un peu moins co\u00fbteux d&rsquo;un point de vue l\u00e9gislatif de s&rsquo;adresser \u00e0 la source du probl\u00e8me plut\u00f4t que plut\u00f4t qu&rsquo;\u00e0 la fin du probl\u00e8me ?<\/strong><\/h3>\n<p>Dans le RGPD il y a un point tr\u00e8s int\u00e9ressant qui concerne le consentement. Si le consommateur vous donne son consentement, vous n&rsquo;\u00eates pas en infraction. Car vous avez donn\u00e9 votre consentement. C&rsquo;est l\u00e0 que la donn\u00e9e y compris personnelle peut prendre une valeur. Dans les hypoth\u00e8ses de 2016 et 2018 sinon on envisageait qu&rsquo;en fait il allait y avoir des petits malins qui allaient lancer des services de revente officiels de donn\u00e9es personnelles. Mais ce n&rsquo;est pas arriv\u00e9. Mais \u00e0 partir du moment o\u00f9 je donne mon consentement (libre et \u00e9clair\u00e9, et d\u00e9fini dans une temporalit\u00e9) vous pouvez potentiellement traiter mes donn\u00e9es \u00e0 caract\u00e8re personnel \u00e0 des fins marketing.<\/p>\n<h3><strong>Alors si on fait un peu de prospective comment voyez-vous la situation \u00e9voluer ?<\/strong><\/h3>\n<p>On voit depuis maintenant un an que de plus en plus d&rsquo;entreprises se sont lanc\u00e9es dans l&rsquo;aventure de la mise en conformit\u00e9. Autour du 25 juin 2018, vous avez re\u00e7u de la part de l&rsquo;ensemble de vos partenaires et prestataires des dizaines et des dizaines de mails expliquant la mani\u00e8re dont ils allaient g\u00e9rer vos donn\u00e9es \u00e0 caract\u00e8re personnel. Cela leur a fait franchir un pas et je ne pense pas que le GDPR n&rsquo;a pas pour vocation de finir \u00e0 un instant T. C&rsquo;est plut\u00f4t un processus long, une int\u00e9gration de nouveaux process de contr\u00f4le dans la vie de l&rsquo;entreprise. Il y a donc fort \u00e0 parier que dans les 3-10 ans la conformit\u00e9 va s&rsquo;am\u00e9liorer grandement. Ces mails pour vendre des voitures des chaussures ou des fen\u00eatres parce que vous vous \u00eates connect\u00e9 sur le site de bricolage du coin vont largement diminuer. Vos donn\u00e9es personnelles vont prendre encore plus de valeur qu&rsquo;aujourd&rsquo;hui parce que les marchands vont chercher \u00e0 acqu\u00e9rir cette donn\u00e9e de mani\u00e8re l\u00e9gitime et peut-\u00eatre que demain un business va se cr\u00e9er sur l&rsquo;acquisition l\u00e9gitime de ce genre de donn\u00e9es, avec votre consentement.<\/p>\n<div itemscope itemtype=\"http:\/\/schema.org\/AudioObject\"><meta itemprop=\"name\" content=\"RGPD un an apr\u00e8s : une grande h\u00e9t\u00e9rog\u00e9n\u00e9it\u00e9 europ\u00e9enne\" \/><meta itemprop=\"uploadDate\" content=\"2019-10-03T08:45:12+02:00\" \/><meta itemprop=\"encodingFormat\" content=\"audio\/mpeg\" \/><meta itemprop=\"duration\" content=\"PT17M06S\" \/><meta itemprop=\"description\" content=\"RGPD un an apr\u00e8s, petit exercice de d\u00e9codage. \u00c0 \u00e9couter les bilans du RGPD ici et l\u00e0, nous serions enfin arriv\u00e9s dans le monde des bisounours. Il m&#039;a paru important de d\u00e9crypter les informations et pour cela, je me suis donc entretenu avec David Lupo...\" \/><meta itemprop=\"contentUrl\" content=\"https:\/\/media.blubrry.com\/visionarymarketing_les\/visionarymarketing.com\/files\/podcasts\/David-Luponis-Mazars-RGPD-MONTE.mp3\" \/><meta itemprop=\"contentSize\" content=\"15.7\" \/><div class=\"powerpress_player\" id=\"powerpress_player_7377\"><audio class=\"wp-audio-shortcode\" id=\"audio-33729-1\" preload=\"none\" style=\"width: 100%;\" controls=\"controls\"><source type=\"audio\/mpeg\" src=\"https:\/\/media.blubrry.com\/visionarymarketing_les\/visionarymarketing.com\/files\/podcasts\/David-Luponis-Mazars-RGPD-MONTE.mp3?_=1\" \/><a href=\"https:\/\/media.blubrry.com\/visionarymarketing_les\/visionarymarketing.com\/files\/podcasts\/David-Luponis-Mazars-RGPD-MONTE.mp3\">https:\/\/media.blubrry.com\/visionarymarketing_les\/visionarymarketing.com\/files\/podcasts\/David-Luponis-Mazars-RGPD-MONTE.mp3<\/a><\/audio><\/div><\/div><p class=\"powerpress_links powerpress_links_mp3\" style=\"margin-bottom: 1px !important;\">Podcast: <a href=\"https:\/\/media.blubrry.com\/visionarymarketing_les\/visionarymarketing.com\/files\/podcasts\/David-Luponis-Mazars-RGPD-MONTE.mp3\" class=\"powerpress_link_pinw\" target=\"_blank\" title=\"Play in new window\" onclick=\"return powerpress_pinw('https:\/\/visionarymarketing.com\/fr\/\/?powerpress_pinw=33729-podcast');\" rel=\"nofollow\">Play in new window<\/a> | <a href=\"https:\/\/media.blubrry.com\/visionarymarketing_les\/visionarymarketing.com\/files\/podcasts\/David-Luponis-Mazars-RGPD-MONTE.mp3\" class=\"powerpress_link_d\" title=\"Download\" rel=\"nofollow\" download=\"David-Luponis-Mazars-RGPD-MONTE.mp3\">Download<\/a> (Duration: 17:06 &#8212; 15.7MB)<\/p><p class=\"powerpress_links powerpress_subscribe_links\">Subscribe: <a href=\"https:\/\/itunes.apple.com\/us\/podcast\/visionarymarketing-les-interviews\/id731295319?mt=2&amp;ls=1#episodeGuid=https%3A%2F%2Fvisionarymarketing.com%2F%3Fp%3D33729\" class=\"powerpress_link_subscribe powerpress_link_subscribe_itunes\" target=\"_blank\" title=\"Subscribe on Apple Podcasts\" rel=\"nofollow\">Apple Podcasts<\/a> | <a href=\"https:\/\/open.spotify.com\/show\/52VnZ1mhVSnDs4tQOx7Vuc\" class=\"powerpress_link_subscribe powerpress_link_subscribe_spotify\" target=\"_blank\" title=\"Subscribe on Spotify\" rel=\"nofollow\">Spotify<\/a> | <a href=\"https:\/\/subscribeonandroid.com\/visionarymarketing.com\/fr\/feed\/podcast\/\" class=\"powerpress_link_subscribe powerpress_link_subscribe_android\" target=\"_blank\" title=\"Subscribe on Android\" rel=\"nofollow\">Android<\/a> | <a href=\"https:\/\/visionarymarketing.com\/fr\/feed\/podcast\/\" class=\"powerpress_link_subscribe powerpress_link_subscribe_rss\" target=\"_blank\" title=\"Subscribe via RSS\" rel=\"nofollow\">RSS<\/a><\/p>","protected":false},"excerpt":{"rendered":"<p>RGPD un an apr\u00e8s, petit exercice de d\u00e9codage. \u00c0 \u00e9couter les bilans du RGPD ici et l\u00e0, nous serions enfin arriv\u00e9s dans le monde des bisounours. Il m&rsquo;a paru important de d\u00e9crypter les informations et pour cela, je me suis donc entretenu avec David Luponis, associ\u00e9 cybers\u00e9curit\u00e9 chez Mazars France, afin de faire un point &hellip;<\/p>\n","protected":false},"author":2,"featured_media":33739,"comment_status":"open","ping_status":"open","sticky":false,"template":"","format":"standard","meta":{"footnotes":""},"categories":[134],"tags":[],"class_list":["post-33729","post","type-post","status-publish","format-standard","has-post-thumbnail","hentry","category-economie"],"yoast_head":"<!-- This site is optimized with the Yoast SEO plugin v27.5 - https:\/\/yoast.com\/product\/yoast-seo-wordpress\/ -->\n<title>RGPD un an apr\u00e8s : une grande h\u00e9t\u00e9rog\u00e9n\u00e9it\u00e9 europ\u00e9enne<\/title>\n<meta name=\"description\" content=\"Qu&#039;en est-il de la conformit\u00e9 au RGPD un an apr\u00e8s ? Au-del\u00e0 des concerts de louanges et des satisfecits cette loi a-t-elle \u00e9t\u00e9 effiicace ?\" \/>\n<meta name=\"robots\" content=\"index, follow, max-snippet:-1, max-image-preview:large, max-video-preview:-1\" \/>\n<link rel=\"canonical\" href=\"https:\/\/visionarymarketing.com\/fr\/2019\/10\/03\/rgpd-un-an-apres\/\" \/>\n<meta property=\"og:locale\" content=\"fr_FR\" \/>\n<meta property=\"og:type\" content=\"article\" \/>\n<meta property=\"og:title\" content=\"RGPD un an apr\u00e8s : une grande h\u00e9t\u00e9rog\u00e9n\u00e9it\u00e9 europ\u00e9enne\" \/>\n<meta property=\"og:description\" content=\"Qu&#039;en est-il de la conformit\u00e9 au RGPD un an apr\u00e8s ? Au-del\u00e0 des concerts de louanges et des satisfecits cette loi a-t-elle \u00e9t\u00e9 effiicace ?\" \/>\n<meta property=\"og:url\" content=\"https:\/\/visionarymarketing.com\/fr\/2019\/10\/03\/rgpd-un-an-apres\/\" \/>\n<meta property=\"og:site_name\" content=\"Marketing and Innovation\" \/>\n<meta property=\"article:publisher\" content=\"https:\/\/www.facebook.com\/vismktg\" \/>\n<meta property=\"article:author\" content=\"http:\/\/facebook.com\/ygourven\" \/>\n<meta property=\"article:published_time\" content=\"2019-10-03T06:45:12+00:00\" \/>\n<meta property=\"article:modified_time\" content=\"2023-05-03T08:15:12+00:00\" \/>\n<meta property=\"og:image\" content=\"https:\/\/visionarymarketing.com\/wp-content\/uploads\/2019\/10\/David-Luponis_profile.jpg\" \/>\n\t<meta property=\"og:image:width\" content=\"465\" \/>\n\t<meta property=\"og:image:height\" content=\"202\" \/>\n\t<meta property=\"og:image:type\" content=\"image\/jpeg\" \/>\n<meta name=\"author\" content=\"Yann Gourvennec\" \/>\n<meta name=\"twitter:card\" content=\"summary_large_image\" \/>\n<meta name=\"twitter:creator\" content=\"@ygourven\" \/>\n<meta name=\"twitter:site\" content=\"@ygourven\" \/>\n<meta name=\"twitter:label1\" content=\"\u00c9crit par\" \/>\n\t<meta name=\"twitter:data1\" content=\"Yann Gourvennec\" \/>\n\t<meta name=\"twitter:label2\" content=\"Dur\u00e9e de lecture estim\u00e9e\" \/>\n\t<meta name=\"twitter:data2\" content=\"8 minutes\" \/>\n<script type=\"application\/ld+json\" class=\"yoast-schema-graph\">{\"@context\":\"https:\\\/\\\/schema.org\",\"@graph\":[{\"@type\":\"NewsArticle\",\"@id\":\"https:\\\/\\\/visionarymarketing.com\\\/fr\\\/2019\\\/10\\\/03\\\/rgpd-un-an-apres\\\/#article\",\"isPartOf\":{\"@id\":\"https:\\\/\\\/visionarymarketing.com\\\/fr\\\/2019\\\/10\\\/03\\\/rgpd-un-an-apres\\\/\"},\"author\":{\"name\":\"Yann Gourvennec\",\"@id\":\"https:\\\/\\\/visionarymarketing.com\\\/fr\\\/#\\\/schema\\\/person\\\/3754fee1e558f47b8deb46f53c37423e\"},\"headline\":\"RGPD un an apr\u00e8s : une grande h\u00e9t\u00e9rog\u00e9n\u00e9it\u00e9 europ\u00e9enne\",\"datePublished\":\"2019-10-03T06:45:12+00:00\",\"dateModified\":\"2023-05-03T08:15:12+00:00\",\"mainEntityOfPage\":{\"@id\":\"https:\\\/\\\/visionarymarketing.com\\\/fr\\\/2019\\\/10\\\/03\\\/rgpd-un-an-apres\\\/\"},\"wordCount\":1624,\"commentCount\":2,\"image\":{\"@id\":\"https:\\\/\\\/visionarymarketing.com\\\/fr\\\/2019\\\/10\\\/03\\\/rgpd-un-an-apres\\\/#primaryimage\"},\"thumbnailUrl\":\"https:\\\/\\\/visionarymarketing.com\\\/wp-content\\\/uploads\\\/2019\\\/10\\\/David-Luponis_profile.jpg\",\"articleSection\":[\"\u00e9conomie et num\u00e9rique\"],\"inLanguage\":\"fr-FR\",\"potentialAction\":[{\"@type\":\"CommentAction\",\"name\":\"Comment\",\"target\":[\"https:\\\/\\\/visionarymarketing.com\\\/fr\\\/2019\\\/10\\\/03\\\/rgpd-un-an-apres\\\/#respond\"]}]},{\"@type\":\"WebPage\",\"@id\":\"https:\\\/\\\/visionarymarketing.com\\\/fr\\\/2019\\\/10\\\/03\\\/rgpd-un-an-apres\\\/\",\"url\":\"https:\\\/\\\/visionarymarketing.com\\\/fr\\\/2019\\\/10\\\/03\\\/rgpd-un-an-apres\\\/\",\"name\":\"RGPD un an apr\u00e8s : une grande h\u00e9t\u00e9rog\u00e9n\u00e9it\u00e9 europ\u00e9enne\",\"isPartOf\":{\"@id\":\"https:\\\/\\\/visionarymarketing.com\\\/fr\\\/#website\"},\"primaryImageOfPage\":{\"@id\":\"https:\\\/\\\/visionarymarketing.com\\\/fr\\\/2019\\\/10\\\/03\\\/rgpd-un-an-apres\\\/#primaryimage\"},\"image\":{\"@id\":\"https:\\\/\\\/visionarymarketing.com\\\/fr\\\/2019\\\/10\\\/03\\\/rgpd-un-an-apres\\\/#primaryimage\"},\"thumbnailUrl\":\"https:\\\/\\\/visionarymarketing.com\\\/wp-content\\\/uploads\\\/2019\\\/10\\\/David-Luponis_profile.jpg\",\"datePublished\":\"2019-10-03T06:45:12+00:00\",\"dateModified\":\"2023-05-03T08:15:12+00:00\",\"author\":{\"@id\":\"https:\\\/\\\/visionarymarketing.com\\\/fr\\\/#\\\/schema\\\/person\\\/3754fee1e558f47b8deb46f53c37423e\"},\"description\":\"Qu'en est-il de la conformit\u00e9 au RGPD un an apr\u00e8s ? Au-del\u00e0 des concerts de louanges et des satisfecits cette loi a-t-elle \u00e9t\u00e9 effiicace ?\",\"breadcrumb\":{\"@id\":\"https:\\\/\\\/visionarymarketing.com\\\/fr\\\/2019\\\/10\\\/03\\\/rgpd-un-an-apres\\\/#breadcrumb\"},\"inLanguage\":\"fr-FR\",\"potentialAction\":[{\"@type\":\"ReadAction\",\"target\":[\"https:\\\/\\\/visionarymarketing.com\\\/fr\\\/2019\\\/10\\\/03\\\/rgpd-un-an-apres\\\/\"]}]},{\"@type\":\"ImageObject\",\"inLanguage\":\"fr-FR\",\"@id\":\"https:\\\/\\\/visionarymarketing.com\\\/fr\\\/2019\\\/10\\\/03\\\/rgpd-un-an-apres\\\/#primaryimage\",\"url\":\"https:\\\/\\\/visionarymarketing.com\\\/wp-content\\\/uploads\\\/2019\\\/10\\\/David-Luponis_profile.jpg\",\"contentUrl\":\"https:\\\/\\\/visionarymarketing.com\\\/wp-content\\\/uploads\\\/2019\\\/10\\\/David-Luponis_profile.jpg\",\"width\":465,\"height\":202},{\"@type\":\"BreadcrumbList\",\"@id\":\"https:\\\/\\\/visionarymarketing.com\\\/fr\\\/2019\\\/10\\\/03\\\/rgpd-un-an-apres\\\/#breadcrumb\",\"itemListElement\":[{\"@type\":\"ListItem\",\"position\":1,\"name\":\"Home\",\"item\":\"https:\\\/\\\/visionarymarketing.com\\\/fr\\\/\"},{\"@type\":\"ListItem\",\"position\":2,\"name\":\"RGPD un an apr\u00e8s : une grande h\u00e9t\u00e9rog\u00e9n\u00e9it\u00e9 europ\u00e9enne\"}]},{\"@type\":\"WebSite\",\"@id\":\"https:\\\/\\\/visionarymarketing.com\\\/fr\\\/#website\",\"url\":\"https:\\\/\\\/visionarymarketing.com\\\/fr\\\/\",\"name\":\"Marketing and Innovation\",\"description\":\"Site d&#039;infos ind\u00e9pendant, depuis 1996\",\"potentialAction\":[{\"@type\":\"SearchAction\",\"target\":{\"@type\":\"EntryPoint\",\"urlTemplate\":\"https:\\\/\\\/visionarymarketing.com\\\/fr\\\/?s={search_term_string}\"},\"query-input\":{\"@type\":\"PropertyValueSpecification\",\"valueRequired\":true,\"valueName\":\"search_term_string\"}}],\"inLanguage\":\"fr-FR\"},{\"@type\":\"Person\",\"@id\":\"https:\\\/\\\/visionarymarketing.com\\\/fr\\\/#\\\/schema\\\/person\\\/3754fee1e558f47b8deb46f53c37423e\",\"name\":\"Yann Gourvennec\",\"image\":{\"@type\":\"ImageObject\",\"inLanguage\":\"fr-FR\",\"@id\":\"https:\\\/\\\/secure.gravatar.com\\\/avatar\\\/5972001801e8de5692a3e31224e85769f50a55fb8b679749f9c8d1868cceff14?s=96&d=initials&r=g&initials=yg\",\"url\":\"https:\\\/\\\/secure.gravatar.com\\\/avatar\\\/5972001801e8de5692a3e31224e85769f50a55fb8b679749f9c8d1868cceff14?s=96&d=initials&r=g&initials=yg\",\"contentUrl\":\"https:\\\/\\\/secure.gravatar.com\\\/avatar\\\/5972001801e8de5692a3e31224e85769f50a55fb8b679749f9c8d1868cceff14?s=96&d=initials&r=g&initials=yg\",\"caption\":\"Yann Gourvennec\"},\"description\":\"Yann Gourvennec created visionarymarketing.com in 1996. He is a speaker and author of many books. In 2014 he went from intrapreneur to entrepreneur, when he created his digital marketing agency. Yann Gourvennec a cr\u00e9\u00e9 visionarymarketing.com en 1996. Il est conf\u00e9rencier et auteur de plusieurs livres. En 2014, il est pass\u00e9 d'intrapreneur \u00e0 entrepreneur en cr\u00e9ant son agence de marketing num\u00e9rique.\",\"sameAs\":[\"https:\\\/\\\/visionarymarketing.com\",\"http:\\\/\\\/facebook.com\\\/ygourven\",\"http:\\\/\\\/linkedin.com\\\/in\\\/ygourven\",\"https:\\\/\\\/x.com\\\/ygourven\",\"https:\\\/\\\/www.youtube.com\\\/c\\\/visionarymarketingagency\"],\"url\":\"https:\\\/\\\/visionarymarketing.com\\\/fr\\\/author\\\/yann-gourvennec\\\/\"}]}<\/script>\n<!-- \/ Yoast SEO plugin. -->","yoast_head_json":{"title":"RGPD un an apr\u00e8s : une grande h\u00e9t\u00e9rog\u00e9n\u00e9it\u00e9 europ\u00e9enne","description":"Qu'en est-il de la conformit\u00e9 au RGPD un an apr\u00e8s ? Au-del\u00e0 des concerts de louanges et des satisfecits cette loi a-t-elle \u00e9t\u00e9 effiicace ?","robots":{"index":"index","follow":"follow","max-snippet":"max-snippet:-1","max-image-preview":"max-image-preview:large","max-video-preview":"max-video-preview:-1"},"canonical":"https:\/\/visionarymarketing.com\/fr\/2019\/10\/03\/rgpd-un-an-apres\/","og_locale":"fr_FR","og_type":"article","og_title":"RGPD un an apr\u00e8s : une grande h\u00e9t\u00e9rog\u00e9n\u00e9it\u00e9 europ\u00e9enne","og_description":"Qu'en est-il de la conformit\u00e9 au RGPD un an apr\u00e8s ? Au-del\u00e0 des concerts de louanges et des satisfecits cette loi a-t-elle \u00e9t\u00e9 effiicace ?","og_url":"https:\/\/visionarymarketing.com\/fr\/2019\/10\/03\/rgpd-un-an-apres\/","og_site_name":"Marketing and Innovation","article_publisher":"https:\/\/www.facebook.com\/vismktg","article_author":"http:\/\/facebook.com\/ygourven","article_published_time":"2019-10-03T06:45:12+00:00","article_modified_time":"2023-05-03T08:15:12+00:00","og_image":[{"width":465,"height":202,"url":"https:\/\/visionarymarketing.com\/wp-content\/uploads\/2019\/10\/David-Luponis_profile.jpg","type":"image\/jpeg"}],"author":"Yann Gourvennec","twitter_card":"summary_large_image","twitter_creator":"@ygourven","twitter_site":"@ygourven","twitter_misc":{"\u00c9crit par":"Yann Gourvennec","Dur\u00e9e de lecture estim\u00e9e":"8 minutes"},"schema":{"@context":"https:\/\/schema.org","@graph":[{"@type":"NewsArticle","@id":"https:\/\/visionarymarketing.com\/fr\/2019\/10\/03\/rgpd-un-an-apres\/#article","isPartOf":{"@id":"https:\/\/visionarymarketing.com\/fr\/2019\/10\/03\/rgpd-un-an-apres\/"},"author":{"name":"Yann Gourvennec","@id":"https:\/\/visionarymarketing.com\/fr\/#\/schema\/person\/3754fee1e558f47b8deb46f53c37423e"},"headline":"RGPD un an apr\u00e8s : une grande h\u00e9t\u00e9rog\u00e9n\u00e9it\u00e9 europ\u00e9enne","datePublished":"2019-10-03T06:45:12+00:00","dateModified":"2023-05-03T08:15:12+00:00","mainEntityOfPage":{"@id":"https:\/\/visionarymarketing.com\/fr\/2019\/10\/03\/rgpd-un-an-apres\/"},"wordCount":1624,"commentCount":2,"image":{"@id":"https:\/\/visionarymarketing.com\/fr\/2019\/10\/03\/rgpd-un-an-apres\/#primaryimage"},"thumbnailUrl":"https:\/\/visionarymarketing.com\/wp-content\/uploads\/2019\/10\/David-Luponis_profile.jpg","articleSection":["\u00e9conomie et num\u00e9rique"],"inLanguage":"fr-FR","potentialAction":[{"@type":"CommentAction","name":"Comment","target":["https:\/\/visionarymarketing.com\/fr\/2019\/10\/03\/rgpd-un-an-apres\/#respond"]}]},{"@type":"WebPage","@id":"https:\/\/visionarymarketing.com\/fr\/2019\/10\/03\/rgpd-un-an-apres\/","url":"https:\/\/visionarymarketing.com\/fr\/2019\/10\/03\/rgpd-un-an-apres\/","name":"RGPD un an apr\u00e8s : une grande h\u00e9t\u00e9rog\u00e9n\u00e9it\u00e9 europ\u00e9enne","isPartOf":{"@id":"https:\/\/visionarymarketing.com\/fr\/#website"},"primaryImageOfPage":{"@id":"https:\/\/visionarymarketing.com\/fr\/2019\/10\/03\/rgpd-un-an-apres\/#primaryimage"},"image":{"@id":"https:\/\/visionarymarketing.com\/fr\/2019\/10\/03\/rgpd-un-an-apres\/#primaryimage"},"thumbnailUrl":"https:\/\/visionarymarketing.com\/wp-content\/uploads\/2019\/10\/David-Luponis_profile.jpg","datePublished":"2019-10-03T06:45:12+00:00","dateModified":"2023-05-03T08:15:12+00:00","author":{"@id":"https:\/\/visionarymarketing.com\/fr\/#\/schema\/person\/3754fee1e558f47b8deb46f53c37423e"},"description":"Qu'en est-il de la conformit\u00e9 au RGPD un an apr\u00e8s ? Au-del\u00e0 des concerts de louanges et des satisfecits cette loi a-t-elle \u00e9t\u00e9 effiicace ?","breadcrumb":{"@id":"https:\/\/visionarymarketing.com\/fr\/2019\/10\/03\/rgpd-un-an-apres\/#breadcrumb"},"inLanguage":"fr-FR","potentialAction":[{"@type":"ReadAction","target":["https:\/\/visionarymarketing.com\/fr\/2019\/10\/03\/rgpd-un-an-apres\/"]}]},{"@type":"ImageObject","inLanguage":"fr-FR","@id":"https:\/\/visionarymarketing.com\/fr\/2019\/10\/03\/rgpd-un-an-apres\/#primaryimage","url":"https:\/\/visionarymarketing.com\/wp-content\/uploads\/2019\/10\/David-Luponis_profile.jpg","contentUrl":"https:\/\/visionarymarketing.com\/wp-content\/uploads\/2019\/10\/David-Luponis_profile.jpg","width":465,"height":202},{"@type":"BreadcrumbList","@id":"https:\/\/visionarymarketing.com\/fr\/2019\/10\/03\/rgpd-un-an-apres\/#breadcrumb","itemListElement":[{"@type":"ListItem","position":1,"name":"Home","item":"https:\/\/visionarymarketing.com\/fr\/"},{"@type":"ListItem","position":2,"name":"RGPD un an apr\u00e8s : une grande h\u00e9t\u00e9rog\u00e9n\u00e9it\u00e9 europ\u00e9enne"}]},{"@type":"WebSite","@id":"https:\/\/visionarymarketing.com\/fr\/#website","url":"https:\/\/visionarymarketing.com\/fr\/","name":"Marketing and Innovation","description":"Site d&#039;infos ind\u00e9pendant, depuis 1996","potentialAction":[{"@type":"SearchAction","target":{"@type":"EntryPoint","urlTemplate":"https:\/\/visionarymarketing.com\/fr\/?s={search_term_string}"},"query-input":{"@type":"PropertyValueSpecification","valueRequired":true,"valueName":"search_term_string"}}],"inLanguage":"fr-FR"},{"@type":"Person","@id":"https:\/\/visionarymarketing.com\/fr\/#\/schema\/person\/3754fee1e558f47b8deb46f53c37423e","name":"Yann Gourvennec","image":{"@type":"ImageObject","inLanguage":"fr-FR","@id":"https:\/\/secure.gravatar.com\/avatar\/5972001801e8de5692a3e31224e85769f50a55fb8b679749f9c8d1868cceff14?s=96&d=initials&r=g&initials=yg","url":"https:\/\/secure.gravatar.com\/avatar\/5972001801e8de5692a3e31224e85769f50a55fb8b679749f9c8d1868cceff14?s=96&d=initials&r=g&initials=yg","contentUrl":"https:\/\/secure.gravatar.com\/avatar\/5972001801e8de5692a3e31224e85769f50a55fb8b679749f9c8d1868cceff14?s=96&d=initials&r=g&initials=yg","caption":"Yann Gourvennec"},"description":"Yann Gourvennec created visionarymarketing.com in 1996. He is a speaker and author of many books. In 2014 he went from intrapreneur to entrepreneur, when he created his digital marketing agency. Yann Gourvennec a cr\u00e9\u00e9 visionarymarketing.com en 1996. Il est conf\u00e9rencier et auteur de plusieurs livres. En 2014, il est pass\u00e9 d'intrapreneur \u00e0 entrepreneur en cr\u00e9ant son agence de marketing num\u00e9rique.","sameAs":["https:\/\/visionarymarketing.com","http:\/\/facebook.com\/ygourven","http:\/\/linkedin.com\/in\/ygourven","https:\/\/x.com\/ygourven","https:\/\/www.youtube.com\/c\/visionarymarketingagency"],"url":"https:\/\/visionarymarketing.com\/fr\/author\/yann-gourvennec\/"}]}},"_links":{"self":[{"href":"https:\/\/visionarymarketing.com\/fr\/wp-json\/wp\/v2\/posts\/33729","targetHints":{"allow":["GET"]}}],"collection":[{"href":"https:\/\/visionarymarketing.com\/fr\/wp-json\/wp\/v2\/posts"}],"about":[{"href":"https:\/\/visionarymarketing.com\/fr\/wp-json\/wp\/v2\/types\/post"}],"author":[{"embeddable":true,"href":"https:\/\/visionarymarketing.com\/fr\/wp-json\/wp\/v2\/users\/2"}],"replies":[{"embeddable":true,"href":"https:\/\/visionarymarketing.com\/fr\/wp-json\/wp\/v2\/comments?post=33729"}],"version-history":[{"count":0,"href":"https:\/\/visionarymarketing.com\/fr\/wp-json\/wp\/v2\/posts\/33729\/revisions"}],"wp:featuredmedia":[{"embeddable":true,"href":"https:\/\/visionarymarketing.com\/fr\/wp-json\/wp\/v2\/media\/33739"}],"wp:attachment":[{"href":"https:\/\/visionarymarketing.com\/fr\/wp-json\/wp\/v2\/media?parent=33729"}],"wp:term":[{"taxonomy":"category","embeddable":true,"href":"https:\/\/visionarymarketing.com\/fr\/wp-json\/wp\/v2\/categories?post=33729"},{"taxonomy":"post_tag","embeddable":true,"href":"https:\/\/visionarymarketing.com\/fr\/wp-json\/wp\/v2\/tags?post=33729"}],"curies":[{"name":"wp","href":"https:\/\/api.w.org\/{rel}","templated":true}]}}