{"id":33554,"date":"2019-09-04T08:53:22","date_gmt":"2019-09-04T06:53:22","guid":{"rendered":"https:\/\/visionarymarketing.com\/?p=33554"},"modified":"2020-08-09T17:17:52","modified_gmt":"2020-08-09T15:17:52","slug":"pionniers-des-medias-sociaux","status":"publish","type":"post","link":"https:\/\/visionarymarketing.com\/fr\/2019\/09\/04\/pionniers-des-medias-sociaux\/","title":{"rendered":"Media-Aces : 10 ans apr\u00e8s, les pionniers des m\u00e9dias sociaux se souviennent"},"content":{"rendered":"<figure id=\"attachment_10699\" aria-describedby=\"caption-attachment-10699\" style=\"width: 200px\" class=\"wp-caption alignleft\"><img decoding=\"async\" class=\"wp-image-10699 size-full\" src=\"https:\/\/visionarymarketing.com\/wp-content\/uploads\/2009\/12\/squareaces2.gif\" alt=\"Pionniers des m\u00e9dias sociaux\" width=\"200\" height=\"200\" \/><figcaption id=\"caption-attachment-10699\" class=\"wp-caption-text\">Le 1er logo de M\u00e9dias Aces : le nom que personne n&rsquo;a jamais su prononcer.<\/figcaption><\/figure>\n<p>\u00ab\u00a0Que sont les pionniers des m\u00e9dias sociaux devenus ?\u00a0\u00bb, pour paraphraser la chanson.<\/p>\n<p>Je suis redevable \u00e0 mon ami et co-auteur de longue date, Herv\u00e9 Kabla, <a href=\"https:\/\/www.hervekabla.com\/wordpress\/il-y-a-10-ans-naissait-media-aces\/\" target=\"_blank\" rel=\"noopener noreferrer\">d&rsquo;avoir relat\u00e9 par le menu la gen\u00e8se<\/a> de l&rsquo;association <a href=\"https:\/\/visionarymarketing.com\/2011\/09\/media-aces-tout-savoir-sur-les-social-media-guidelines-25102011\/\">Media Aces<\/a>, que nous avons \u00e0 contrec\u0153ur ferm\u00e9 il y a 2 ans. Media Aces a co\u00efncid\u00e9 avec la p\u00e9riode b\u00e9nie des pionniers des m\u00e9dias sociaux, celle que d&rsquo;aucuns auront nomm\u00e9 : \u00ab\u00a0\u00e9poque des bisounours\u00a0\u00bb.<\/p>\n<p>Celle-ci \u00e9tait tant porteuse d&rsquo;espoirs, d&rsquo;esprit de renouveau, de volont\u00e9 de bousculer les normes et de r\u00e9inventer le marketing qui, soit dit en passant, en avait bien besoin.<\/p>\n<p>10 ans, c&rsquo;est long car beaucoup d&rsquo;eau a pass\u00e9 sous les ponts. Des pionniers des m\u00e9dias sociaux et de cette p\u00e9riode de conf\u00e9rences et d&rsquo;\u00e9vang\u00e9lisation sont rest\u00e9es des amiti\u00e9s fortes, m\u00eame si beaucoup des blogueurs des premi\u00e8res heures ont jet\u00e9 l&rsquo;\u00e9ponge et que Herv\u00e9 fait partie des rescap\u00e9s avec <a href=\"http:\/\/hervekabla.com\" target=\"_blank\" rel=\"noopener noreferrer\">son excellent journal en ligne Kablages<\/a>, qui regorge toujours d&rsquo;anecdotes et de remarques inspirantes.<!--more--><\/p>\n<figure id=\"attachment_7320\" aria-describedby=\"caption-attachment-7320\" style=\"width: 220px\" class=\"wp-caption alignright\"><img decoding=\"async\" class=\"wp-image-7320 size-full\" src=\"https:\/\/visionarymarketing.com\/wp-content\/uploads\/2012\/11\/media-aces-logo-2013.jpg\" alt=\"pionniers du digital\" width=\"220\" height=\"207\" \/><figcaption id=\"caption-attachment-7320\" class=\"wp-caption-text\">Le 2\u00e8me logo de media aces, les as des m\u00e9dias<\/figcaption><\/figure>\n<p>Il y a 10 ans on n&rsquo;imaginait pas les fake news \u2014 <a href=\"https:\/\/blog.francetvinfo.fr\/deja-vu\/2019\/01\/15\/fakes-news-et-vieilles-techniques.html\" target=\"_blank\" rel=\"noopener noreferrer\">qui ne sont pourtant pas un ph\u00e9nom\u00e8ne nouveau<\/a> \u2014 ni la <a href=\"https:\/\/www.google.com\/url?sa=t&amp;rct=j&amp;q=&amp;esrc=s&amp;source=web&amp;cd=11&amp;cad=rja&amp;uact=8&amp;ved=2ahUKEwih2eb8y7bkAhVlRhUIHcguBCIQFjAKegQIAxAB&amp;url=https%3A%2F%2Ftwitter.com%2Fhashtag%2Ftrump%3Flang%3Den&amp;usg=AOvVaw37126WksZ0-NsNy7ubHJXu\" target=\"_blank\" rel=\"noopener noreferrer\">propagande politique<\/a>* qui ferait rage, sans aucune r\u00e9glementation ni \u00e9thique, sur les plateformes comme Twitter. On \u00e9tait alors enti\u00e8rement tourn\u00e9s vers l&rsquo;\u00e9change, le partage et l&rsquo;innovation.<\/p>\n<p><em>*d\u00e9mocratique ou antid\u00e9mocratique, cela importe mais propagande dans les deux cas.<\/em><\/p>\n<p>Malgr\u00e9 ces derniers d\u00e9veloppements, qui ne correspondent pas \u00e0 ma vision des choses, et malgr\u00e9 la d\u00e9fection des anciens comme <a href=\"https:\/\/blogs.scientificamerican.com\/observations\/the-death-of-social-reciprocity-in-the-era-of-digital-distraction\/\" target=\"_blank\" rel=\"noopener noreferrer\">Brian Solis<\/a>\u00a0qui se d\u00e9tourne <a href=\"https:\/\/blogs.scientificamerican.com\/observations\/the-death-of-social-reciprocity-in-the-era-of-digital-distraction\/\" target=\"_blank\" rel=\"noopener noreferrer\">cette \u00e8re de la distraction<\/a>, je reste optimiste. Ces outils \u2014 qui ne restent que des outils \u2014 peuvent \u00eatre mal utilis\u00e9s et Dieu sait qu&rsquo;ils sont maltrait\u00e9s. Mais il ne tient qu&rsquo;\u00e0 nous de garder l&rsquo;esprit des pionniers des m\u00e9dias sociaux et de voir au-del\u00e0 de nos selfies.<\/p>\n<h2>Media Aces, l&rsquo;association des pionniers des m\u00e9dias sociaux<\/h2>\n<p>\u00ab\u00a0L\u2019association Media Aces est n\u00e9e un peu par hasard. \u00c0 cette \u00e9poque, le monde occidental souffrait encore des cons\u00e9quences de la crise des subprime. Nicolas Sarkozy \u00e9tait encore au pouvoir.<\/p>\n<p><a href=\"https:\/\/www.hervekabla.com\/wordpress\/il-y-a-10-ans-naissait-media-aces\/\"><img decoding=\"async\" class=\"alignright\" src=\"https:\/\/visionarymarketing.com\/wp-content\/uploads\/2019\/09\/image-44.png\" alt=\"\" width=\"109\" height=\"150\" \/><\/a>Else &amp; Bang s\u2019appelait encore blogAngels, et la p\u00e9rennit\u00e9 de l\u2019agence \u00e9tait loin d\u2019\u00eatre assur\u00e9e. H\u00e9berg\u00e9 dans les locaux de Tralal\u00e8re de Braque, je n\u2019avais que peu de clients \u00e0 g\u00e9rer et ne savait pas comment d\u00e9velopper l\u2019activit\u00e9 autour des blogs d\u2019entreprise.<\/p>\n<p>C\u2019est alors que Thomas Blard m\u2019appela. Journaliste sur LCI, il venait de lancer D\u00e9cideurs TV, une Web TV d\u00e9di\u00e9e aux sujets pros: finance, immobilier, mais aussi communication.<\/p>\n<p>Et \u00e0 l\u2019\u00e9poque, il cherchait quelqu\u2019un pour animer une cha\u00eene sur les blogs d\u2019entreprise.<!--more--><\/p>\n<blockquote class=\"quote-light\">\n<figure id=\"attachment_33861\" aria-describedby=\"caption-attachment-33861\" style=\"width: 728px\" class=\"wp-caption aligncenter\"><img decoding=\"async\" class=\"wp-image-33861 size-full\" src=\"https:\/\/visionarymarketing.com\/wp-content\/uploads\/2019\/09\/fr-intervention-hec-en-avril-2012-4-728.jpg\" alt=\"pionniers de m\u00e9dias sociaux\" width=\"728\" height=\"546\" srcset=\"https:\/\/visionarymarketing.com\/wp-content\/uploads\/2019\/09\/fr-intervention-hec-en-avril-2012-4-728.jpg 728w, https:\/\/visionarymarketing.com\/wp-content\/uploads\/2019\/09\/fr-intervention-hec-en-avril-2012-4-728-400x300.jpg 400w, https:\/\/visionarymarketing.com\/wp-content\/uploads\/2019\/09\/fr-intervention-hec-en-avril-2012-4-728-144x108.jpg 144w\" sizes=\"(max-width: 728px) 100vw, 728px\" \/><figcaption id=\"caption-attachment-33861\" class=\"wp-caption-text\">Ambiance d\u00e9contract\u00e9e chez D\u00e9cideurs TV<\/figcaption><\/figure><\/blockquote>\n<p>Par un heureux hasard, il \u00e9tait tomb\u00e9 sur le site de blogAngels (comment? je ne l\u2019ai jamais su) et m\u2019avait contact\u00e9 pour me proposer d\u2019animer l\u2019\u00e9mission. \u00c0 l\u2019\u00e9poque, je n\u2019avais aucune exp\u00e9rience d\u2019animateur. Apr\u00e8s avoir enseign\u00e9 pr\u00e8s de quinze ann\u00e9es \u00e0 l\u2019EPF, je n\u2019avais aucune peine \u00e0 m\u2019exprimer en public.<\/p>\n<p>Mais je n\u2019avais presque jamais pris la parole derri\u00e8re une cam\u00e9ra. Et n\u2019avais encore jamais anim\u00e9 d\u2019\u00e9mission r\u00e9guli\u00e8re. Mais j\u2019ai quand m\u00eame r\u00e9pondu positivement \u00e0 son offre.<\/p>\n<h3>Quand Herv\u00e9 K. rencontre Yann G.<\/h3>\n<p>Il fallait donc trouver quelques personnes \u00e0 interviewer. Pas simple, je n\u2019avais pas beaucoup de clients \u00e0 mettre en avant (et je n\u2019ai jamais interview\u00e9 mon premier client, Yoplait, dans le cadre de cette \u00e9mission). Je me suis donc mis en qu\u00eate d\u2019interlocuteurs \u00e0 interroger sur leurs blogs d\u2019entreprise. Comment les trouver? j\u2019avais beau avoir \u00e9crit le Guide du blog d\u2019entreprise quelques mois auparavant, je ne disposais pas d\u2019un mat\u00e9riau suffisant. Mais je me suis arm\u00e9 de patience, ai lanc\u00e9 quelques requ\u00eates sur Google et sur LinkedIn, et au bout de quelques mois, j\u2019avais interview\u00e9 plus d\u2019une trentaine de responsables de blogs d\u2019entreprise: BNP Paribas, Soci\u00e9t\u00e9 G\u00e9n\u00e9rale, Chambre de commerce de Paris, Ben &amp; Jerry, La Camif, etc. J\u2019avais suffisamment de mati\u00e8re pour \u00e9crire un nouveau livre sur le sujet, mais ce n\u2019\u00e9tait pas l\u2019objectif.Le guide du blog d\u2019entreprise n\u2019est pas une l\u00e9gende, il a vraiment exist\u00e9. Orange Business Services y avait m\u00eame gagn\u00e9 un Ange d\u2019or!Yann Gourvennec officiait alors chez Orange Business Services. Je l\u2019avais interview\u00e9 sur les blogs qu\u2019il avait lanc\u00e9 peu de temps auparavant, et \u00e0 l\u2019issue de l\u2019\u00e9mission, lui avais demand\u00e9 ce qu\u2019il tirait du \u00ab\u00a0Blog Council\u00ab\u00a0, une association qui regroupait des grandes entreprises qui utilisaient les blogs et les medias sociaux. Cr\u00e9\u00e9e par Andy Sernovitz, le pape du Word of mouth marketing qui dirigeait aussi l\u2019agence Gas Pedal, cette association imposait \u00e0 ses membres deux conditions: une certaine taille, et une cotisation annuelle de quelques milliers de dollars. Yann me r\u00e9pondit tr\u00e8s franchement qu\u2019il n\u2019en tirait presque rien, car Nokia et Orange \u00e9taient les seules entreprises europ\u00e9ennes \u00e0 y participer. Un conseil d\u2019entreprises am\u00e9ricaines qui parlent de sujets d\u2019entreprises am\u00e9ricaines, quoi.\u00a0\u00bb<\/p>\n<p>Source\u00a0: <em><a href=\"https:\/\/www.hervekabla.com\/wordpress\/il-y-a-10-ans-naissait-media-aces\/\">Il y a 10 ans naissait Media Aces&#8230;<\/a><\/em><\/p>\n","protected":false},"excerpt":{"rendered":"<p>\u00ab\u00a0Que sont les pionniers des m\u00e9dias sociaux devenus ?\u00a0\u00bb, pour paraphraser la chanson. Je suis redevable \u00e0 mon ami et co-auteur de longue date, Herv\u00e9 Kabla, d&rsquo;avoir relat\u00e9 par le menu la gen\u00e8se de l&rsquo;association Media Aces, que nous avons \u00e0 contrec\u0153ur ferm\u00e9 il y a 2 ans. Media Aces a co\u00efncid\u00e9 avec la p\u00e9riode &hellip;<\/p>\n","protected":false},"author":2,"featured_media":33861,"comment_status":"open","ping_status":"open","sticky":false,"template":"","format":"standard","meta":{"footnotes":""},"categories":[2898],"tags":[],"class_list":["post-33554","post","type-post","status-publish","format-standard","has-post-thumbnail","hentry","category-communication-digitale"],"yoast_head":"<!-- This site is optimized with the Yoast SEO plugin v27.5 - https:\/\/yoast.com\/product\/yoast-seo-wordpress\/ -->\n<title>les pionniers des m\u00e9dias sociaux se souviennent 10 ans apr\u00e8s<\/title>\n<meta name=\"description\" content=\"Les pionniers des m\u00e9dias sociaux en entreprise, regroup\u00e9s il y a 10 ans dans l&#039;association Media Aces \u00e9taient plein d&#039;espoir ...\" \/>\n<meta name=\"robots\" content=\"index, follow, max-snippet:-1, max-image-preview:large, max-video-preview:-1\" \/>\n<link rel=\"canonical\" href=\"https:\/\/visionarymarketing.com\/fr\/2019\/09\/04\/pionniers-des-medias-sociaux\/\" \/>\n<meta property=\"og:locale\" content=\"fr_FR\" \/>\n<meta property=\"og:type\" content=\"article\" \/>\n<meta property=\"og:title\" content=\"les pionniers des m\u00e9dias sociaux se souviennent 10 ans apr\u00e8s\" \/>\n<meta property=\"og:description\" content=\"Les pionniers des m\u00e9dias sociaux en entreprise, regroup\u00e9s il y a 10 ans dans l&#039;association Media Aces \u00e9taient plein d&#039;espoir ...\" \/>\n<meta property=\"og:url\" content=\"https:\/\/visionarymarketing.com\/fr\/2019\/09\/04\/pionniers-des-medias-sociaux\/\" \/>\n<meta property=\"og:site_name\" content=\"Marketing and Innovation\" \/>\n<meta property=\"article:publisher\" content=\"https:\/\/www.facebook.com\/vismktg\" \/>\n<meta property=\"article:author\" content=\"http:\/\/facebook.com\/ygourven\" \/>\n<meta property=\"article:published_time\" content=\"2019-09-04T06:53:22+00:00\" \/>\n<meta property=\"article:modified_time\" content=\"2020-08-09T15:17:52+00:00\" \/>\n<meta property=\"og:image\" content=\"https:\/\/visionarymarketing.com\/wp-content\/uploads\/2019\/09\/fr-intervention-hec-en-avril-2012-4-728.jpg\" \/>\n\t<meta property=\"og:image:width\" content=\"728\" \/>\n\t<meta property=\"og:image:height\" content=\"546\" \/>\n\t<meta property=\"og:image:type\" content=\"image\/jpeg\" \/>\n<meta name=\"author\" content=\"Yann Gourvennec\" \/>\n<meta name=\"twitter:card\" content=\"summary_large_image\" \/>\n<meta name=\"twitter:creator\" content=\"@ygourven\" \/>\n<meta name=\"twitter:site\" content=\"@ygourven\" \/>\n<meta name=\"twitter:label1\" content=\"\u00c9crit par\" \/>\n\t<meta name=\"twitter:data1\" content=\"Yann Gourvennec\" \/>\n\t<meta name=\"twitter:label2\" content=\"Dur\u00e9e de lecture estim\u00e9e\" \/>\n\t<meta name=\"twitter:data2\" content=\"5 minutes\" \/>\n<script type=\"application\/ld+json\" class=\"yoast-schema-graph\">{\"@context\":\"https:\\\/\\\/schema.org\",\"@graph\":[{\"@type\":\"NewsArticle\",\"@id\":\"https:\\\/\\\/visionarymarketing.com\\\/fr\\\/2019\\\/09\\\/04\\\/pionniers-des-medias-sociaux\\\/#article\",\"isPartOf\":{\"@id\":\"https:\\\/\\\/visionarymarketing.com\\\/fr\\\/2019\\\/09\\\/04\\\/pionniers-des-medias-sociaux\\\/\"},\"author\":{\"name\":\"Yann Gourvennec\",\"@id\":\"https:\\\/\\\/visionarymarketing.com\\\/fr\\\/#\\\/schema\\\/person\\\/3754fee1e558f47b8deb46f53c37423e\"},\"headline\":\"Media-Aces : 10 ans apr\u00e8s, les pionniers des m\u00e9dias sociaux se souviennent\",\"datePublished\":\"2019-09-04T06:53:22+00:00\",\"dateModified\":\"2020-08-09T15:17:52+00:00\",\"mainEntityOfPage\":{\"@id\":\"https:\\\/\\\/visionarymarketing.com\\\/fr\\\/2019\\\/09\\\/04\\\/pionniers-des-medias-sociaux\\\/\"},\"wordCount\":964,\"commentCount\":2,\"image\":{\"@id\":\"https:\\\/\\\/visionarymarketing.com\\\/fr\\\/2019\\\/09\\\/04\\\/pionniers-des-medias-sociaux\\\/#primaryimage\"},\"thumbnailUrl\":\"https:\\\/\\\/visionarymarketing.com\\\/wp-content\\\/uploads\\\/2019\\\/09\\\/fr-intervention-hec-en-avril-2012-4-728.jpg\",\"articleSection\":[\"communication digitale\"],\"inLanguage\":\"fr-FR\",\"potentialAction\":[{\"@type\":\"CommentAction\",\"name\":\"Comment\",\"target\":[\"https:\\\/\\\/visionarymarketing.com\\\/fr\\\/2019\\\/09\\\/04\\\/pionniers-des-medias-sociaux\\\/#respond\"]}]},{\"@type\":\"WebPage\",\"@id\":\"https:\\\/\\\/visionarymarketing.com\\\/fr\\\/2019\\\/09\\\/04\\\/pionniers-des-medias-sociaux\\\/\",\"url\":\"https:\\\/\\\/visionarymarketing.com\\\/fr\\\/2019\\\/09\\\/04\\\/pionniers-des-medias-sociaux\\\/\",\"name\":\"les pionniers des m\u00e9dias sociaux se souviennent 10 ans apr\u00e8s\",\"isPartOf\":{\"@id\":\"https:\\\/\\\/visionarymarketing.com\\\/fr\\\/#website\"},\"primaryImageOfPage\":{\"@id\":\"https:\\\/\\\/visionarymarketing.com\\\/fr\\\/2019\\\/09\\\/04\\\/pionniers-des-medias-sociaux\\\/#primaryimage\"},\"image\":{\"@id\":\"https:\\\/\\\/visionarymarketing.com\\\/fr\\\/2019\\\/09\\\/04\\\/pionniers-des-medias-sociaux\\\/#primaryimage\"},\"thumbnailUrl\":\"https:\\\/\\\/visionarymarketing.com\\\/wp-content\\\/uploads\\\/2019\\\/09\\\/fr-intervention-hec-en-avril-2012-4-728.jpg\",\"datePublished\":\"2019-09-04T06:53:22+00:00\",\"dateModified\":\"2020-08-09T15:17:52+00:00\",\"author\":{\"@id\":\"https:\\\/\\\/visionarymarketing.com\\\/fr\\\/#\\\/schema\\\/person\\\/3754fee1e558f47b8deb46f53c37423e\"},\"description\":\"Les pionniers des m\u00e9dias sociaux en entreprise, regroup\u00e9s il y a 10 ans dans l'association Media Aces \u00e9taient plein d'espoir ...\",\"breadcrumb\":{\"@id\":\"https:\\\/\\\/visionarymarketing.com\\\/fr\\\/2019\\\/09\\\/04\\\/pionniers-des-medias-sociaux\\\/#breadcrumb\"},\"inLanguage\":\"fr-FR\",\"potentialAction\":[{\"@type\":\"ReadAction\",\"target\":[\"https:\\\/\\\/visionarymarketing.com\\\/fr\\\/2019\\\/09\\\/04\\\/pionniers-des-medias-sociaux\\\/\"]}]},{\"@type\":\"ImageObject\",\"inLanguage\":\"fr-FR\",\"@id\":\"https:\\\/\\\/visionarymarketing.com\\\/fr\\\/2019\\\/09\\\/04\\\/pionniers-des-medias-sociaux\\\/#primaryimage\",\"url\":\"https:\\\/\\\/visionarymarketing.com\\\/wp-content\\\/uploads\\\/2019\\\/09\\\/fr-intervention-hec-en-avril-2012-4-728.jpg\",\"contentUrl\":\"https:\\\/\\\/visionarymarketing.com\\\/wp-content\\\/uploads\\\/2019\\\/09\\\/fr-intervention-hec-en-avril-2012-4-728.jpg\",\"width\":728,\"height\":546},{\"@type\":\"BreadcrumbList\",\"@id\":\"https:\\\/\\\/visionarymarketing.com\\\/fr\\\/2019\\\/09\\\/04\\\/pionniers-des-medias-sociaux\\\/#breadcrumb\",\"itemListElement\":[{\"@type\":\"ListItem\",\"position\":1,\"name\":\"Home\",\"item\":\"https:\\\/\\\/visionarymarketing.com\\\/fr\\\/\"},{\"@type\":\"ListItem\",\"position\":2,\"name\":\"Media-Aces : 10 ans apr\u00e8s, les pionniers des m\u00e9dias sociaux se souviennent\"}]},{\"@type\":\"WebSite\",\"@id\":\"https:\\\/\\\/visionarymarketing.com\\\/fr\\\/#website\",\"url\":\"https:\\\/\\\/visionarymarketing.com\\\/fr\\\/\",\"name\":\"Marketing and Innovation\",\"description\":\"Site d&#039;infos ind\u00e9pendant, depuis 1996\",\"potentialAction\":[{\"@type\":\"SearchAction\",\"target\":{\"@type\":\"EntryPoint\",\"urlTemplate\":\"https:\\\/\\\/visionarymarketing.com\\\/fr\\\/?s={search_term_string}\"},\"query-input\":{\"@type\":\"PropertyValueSpecification\",\"valueRequired\":true,\"valueName\":\"search_term_string\"}}],\"inLanguage\":\"fr-FR\"},{\"@type\":\"Person\",\"@id\":\"https:\\\/\\\/visionarymarketing.com\\\/fr\\\/#\\\/schema\\\/person\\\/3754fee1e558f47b8deb46f53c37423e\",\"name\":\"Yann Gourvennec\",\"image\":{\"@type\":\"ImageObject\",\"inLanguage\":\"fr-FR\",\"@id\":\"https:\\\/\\\/secure.gravatar.com\\\/avatar\\\/5972001801e8de5692a3e31224e85769f50a55fb8b679749f9c8d1868cceff14?s=96&d=initials&r=g&initials=yg\",\"url\":\"https:\\\/\\\/secure.gravatar.com\\\/avatar\\\/5972001801e8de5692a3e31224e85769f50a55fb8b679749f9c8d1868cceff14?s=96&d=initials&r=g&initials=yg\",\"contentUrl\":\"https:\\\/\\\/secure.gravatar.com\\\/avatar\\\/5972001801e8de5692a3e31224e85769f50a55fb8b679749f9c8d1868cceff14?s=96&d=initials&r=g&initials=yg\",\"caption\":\"Yann Gourvennec\"},\"description\":\"Yann Gourvennec created visionarymarketing.com in 1996. He is a speaker and author of many books. In 2014 he went from intrapreneur to entrepreneur, when he created his digital marketing agency. Yann Gourvennec a cr\u00e9\u00e9 visionarymarketing.com en 1996. Il est conf\u00e9rencier et auteur de plusieurs livres. En 2014, il est pass\u00e9 d'intrapreneur \u00e0 entrepreneur en cr\u00e9ant son agence de marketing num\u00e9rique.\",\"sameAs\":[\"https:\\\/\\\/visionarymarketing.com\",\"http:\\\/\\\/facebook.com\\\/ygourven\",\"http:\\\/\\\/linkedin.com\\\/in\\\/ygourven\",\"https:\\\/\\\/x.com\\\/ygourven\",\"https:\\\/\\\/www.youtube.com\\\/c\\\/visionarymarketingagency\"],\"url\":\"https:\\\/\\\/visionarymarketing.com\\\/fr\\\/author\\\/yann-gourvennec\\\/\"}]}<\/script>\n<!-- \/ Yoast SEO plugin. -->","yoast_head_json":{"title":"les pionniers des m\u00e9dias sociaux se souviennent 10 ans apr\u00e8s","description":"Les pionniers des m\u00e9dias sociaux en entreprise, regroup\u00e9s il y a 10 ans dans l'association Media Aces \u00e9taient plein d'espoir ...","robots":{"index":"index","follow":"follow","max-snippet":"max-snippet:-1","max-image-preview":"max-image-preview:large","max-video-preview":"max-video-preview:-1"},"canonical":"https:\/\/visionarymarketing.com\/fr\/2019\/09\/04\/pionniers-des-medias-sociaux\/","og_locale":"fr_FR","og_type":"article","og_title":"les pionniers des m\u00e9dias sociaux se souviennent 10 ans apr\u00e8s","og_description":"Les pionniers des m\u00e9dias sociaux en entreprise, regroup\u00e9s il y a 10 ans dans l'association Media Aces \u00e9taient plein d'espoir ...","og_url":"https:\/\/visionarymarketing.com\/fr\/2019\/09\/04\/pionniers-des-medias-sociaux\/","og_site_name":"Marketing and Innovation","article_publisher":"https:\/\/www.facebook.com\/vismktg","article_author":"http:\/\/facebook.com\/ygourven","article_published_time":"2019-09-04T06:53:22+00:00","article_modified_time":"2020-08-09T15:17:52+00:00","og_image":[{"width":728,"height":546,"url":"https:\/\/visionarymarketing.com\/wp-content\/uploads\/2019\/09\/fr-intervention-hec-en-avril-2012-4-728.jpg","type":"image\/jpeg"}],"author":"Yann Gourvennec","twitter_card":"summary_large_image","twitter_creator":"@ygourven","twitter_site":"@ygourven","twitter_misc":{"\u00c9crit par":"Yann Gourvennec","Dur\u00e9e de lecture estim\u00e9e":"5 minutes"},"schema":{"@context":"https:\/\/schema.org","@graph":[{"@type":"NewsArticle","@id":"https:\/\/visionarymarketing.com\/fr\/2019\/09\/04\/pionniers-des-medias-sociaux\/#article","isPartOf":{"@id":"https:\/\/visionarymarketing.com\/fr\/2019\/09\/04\/pionniers-des-medias-sociaux\/"},"author":{"name":"Yann Gourvennec","@id":"https:\/\/visionarymarketing.com\/fr\/#\/schema\/person\/3754fee1e558f47b8deb46f53c37423e"},"headline":"Media-Aces : 10 ans apr\u00e8s, les pionniers des m\u00e9dias sociaux se souviennent","datePublished":"2019-09-04T06:53:22+00:00","dateModified":"2020-08-09T15:17:52+00:00","mainEntityOfPage":{"@id":"https:\/\/visionarymarketing.com\/fr\/2019\/09\/04\/pionniers-des-medias-sociaux\/"},"wordCount":964,"commentCount":2,"image":{"@id":"https:\/\/visionarymarketing.com\/fr\/2019\/09\/04\/pionniers-des-medias-sociaux\/#primaryimage"},"thumbnailUrl":"https:\/\/visionarymarketing.com\/wp-content\/uploads\/2019\/09\/fr-intervention-hec-en-avril-2012-4-728.jpg","articleSection":["communication digitale"],"inLanguage":"fr-FR","potentialAction":[{"@type":"CommentAction","name":"Comment","target":["https:\/\/visionarymarketing.com\/fr\/2019\/09\/04\/pionniers-des-medias-sociaux\/#respond"]}]},{"@type":"WebPage","@id":"https:\/\/visionarymarketing.com\/fr\/2019\/09\/04\/pionniers-des-medias-sociaux\/","url":"https:\/\/visionarymarketing.com\/fr\/2019\/09\/04\/pionniers-des-medias-sociaux\/","name":"les pionniers des m\u00e9dias sociaux se souviennent 10 ans apr\u00e8s","isPartOf":{"@id":"https:\/\/visionarymarketing.com\/fr\/#website"},"primaryImageOfPage":{"@id":"https:\/\/visionarymarketing.com\/fr\/2019\/09\/04\/pionniers-des-medias-sociaux\/#primaryimage"},"image":{"@id":"https:\/\/visionarymarketing.com\/fr\/2019\/09\/04\/pionniers-des-medias-sociaux\/#primaryimage"},"thumbnailUrl":"https:\/\/visionarymarketing.com\/wp-content\/uploads\/2019\/09\/fr-intervention-hec-en-avril-2012-4-728.jpg","datePublished":"2019-09-04T06:53:22+00:00","dateModified":"2020-08-09T15:17:52+00:00","author":{"@id":"https:\/\/visionarymarketing.com\/fr\/#\/schema\/person\/3754fee1e558f47b8deb46f53c37423e"},"description":"Les pionniers des m\u00e9dias sociaux en entreprise, regroup\u00e9s il y a 10 ans dans l'association Media Aces \u00e9taient plein d'espoir ...","breadcrumb":{"@id":"https:\/\/visionarymarketing.com\/fr\/2019\/09\/04\/pionniers-des-medias-sociaux\/#breadcrumb"},"inLanguage":"fr-FR","potentialAction":[{"@type":"ReadAction","target":["https:\/\/visionarymarketing.com\/fr\/2019\/09\/04\/pionniers-des-medias-sociaux\/"]}]},{"@type":"ImageObject","inLanguage":"fr-FR","@id":"https:\/\/visionarymarketing.com\/fr\/2019\/09\/04\/pionniers-des-medias-sociaux\/#primaryimage","url":"https:\/\/visionarymarketing.com\/wp-content\/uploads\/2019\/09\/fr-intervention-hec-en-avril-2012-4-728.jpg","contentUrl":"https:\/\/visionarymarketing.com\/wp-content\/uploads\/2019\/09\/fr-intervention-hec-en-avril-2012-4-728.jpg","width":728,"height":546},{"@type":"BreadcrumbList","@id":"https:\/\/visionarymarketing.com\/fr\/2019\/09\/04\/pionniers-des-medias-sociaux\/#breadcrumb","itemListElement":[{"@type":"ListItem","position":1,"name":"Home","item":"https:\/\/visionarymarketing.com\/fr\/"},{"@type":"ListItem","position":2,"name":"Media-Aces : 10 ans apr\u00e8s, les pionniers des m\u00e9dias sociaux se souviennent"}]},{"@type":"WebSite","@id":"https:\/\/visionarymarketing.com\/fr\/#website","url":"https:\/\/visionarymarketing.com\/fr\/","name":"Marketing and Innovation","description":"Site d&#039;infos ind\u00e9pendant, depuis 1996","potentialAction":[{"@type":"SearchAction","target":{"@type":"EntryPoint","urlTemplate":"https:\/\/visionarymarketing.com\/fr\/?s={search_term_string}"},"query-input":{"@type":"PropertyValueSpecification","valueRequired":true,"valueName":"search_term_string"}}],"inLanguage":"fr-FR"},{"@type":"Person","@id":"https:\/\/visionarymarketing.com\/fr\/#\/schema\/person\/3754fee1e558f47b8deb46f53c37423e","name":"Yann Gourvennec","image":{"@type":"ImageObject","inLanguage":"fr-FR","@id":"https:\/\/secure.gravatar.com\/avatar\/5972001801e8de5692a3e31224e85769f50a55fb8b679749f9c8d1868cceff14?s=96&d=initials&r=g&initials=yg","url":"https:\/\/secure.gravatar.com\/avatar\/5972001801e8de5692a3e31224e85769f50a55fb8b679749f9c8d1868cceff14?s=96&d=initials&r=g&initials=yg","contentUrl":"https:\/\/secure.gravatar.com\/avatar\/5972001801e8de5692a3e31224e85769f50a55fb8b679749f9c8d1868cceff14?s=96&d=initials&r=g&initials=yg","caption":"Yann Gourvennec"},"description":"Yann Gourvennec created visionarymarketing.com in 1996. He is a speaker and author of many books. In 2014 he went from intrapreneur to entrepreneur, when he created his digital marketing agency. Yann Gourvennec a cr\u00e9\u00e9 visionarymarketing.com en 1996. Il est conf\u00e9rencier et auteur de plusieurs livres. En 2014, il est pass\u00e9 d'intrapreneur \u00e0 entrepreneur en cr\u00e9ant son agence de marketing num\u00e9rique.","sameAs":["https:\/\/visionarymarketing.com","http:\/\/facebook.com\/ygourven","http:\/\/linkedin.com\/in\/ygourven","https:\/\/x.com\/ygourven","https:\/\/www.youtube.com\/c\/visionarymarketingagency"],"url":"https:\/\/visionarymarketing.com\/fr\/author\/yann-gourvennec\/"}]}},"_links":{"self":[{"href":"https:\/\/visionarymarketing.com\/fr\/wp-json\/wp\/v2\/posts\/33554","targetHints":{"allow":["GET"]}}],"collection":[{"href":"https:\/\/visionarymarketing.com\/fr\/wp-json\/wp\/v2\/posts"}],"about":[{"href":"https:\/\/visionarymarketing.com\/fr\/wp-json\/wp\/v2\/types\/post"}],"author":[{"embeddable":true,"href":"https:\/\/visionarymarketing.com\/fr\/wp-json\/wp\/v2\/users\/2"}],"replies":[{"embeddable":true,"href":"https:\/\/visionarymarketing.com\/fr\/wp-json\/wp\/v2\/comments?post=33554"}],"version-history":[{"count":0,"href":"https:\/\/visionarymarketing.com\/fr\/wp-json\/wp\/v2\/posts\/33554\/revisions"}],"wp:featuredmedia":[{"embeddable":true,"href":"https:\/\/visionarymarketing.com\/fr\/wp-json\/wp\/v2\/media\/33861"}],"wp:attachment":[{"href":"https:\/\/visionarymarketing.com\/fr\/wp-json\/wp\/v2\/media?parent=33554"}],"wp:term":[{"taxonomy":"category","embeddable":true,"href":"https:\/\/visionarymarketing.com\/fr\/wp-json\/wp\/v2\/categories?post=33554"},{"taxonomy":"post_tag","embeddable":true,"href":"https:\/\/visionarymarketing.com\/fr\/wp-json\/wp\/v2\/tags?post=33554"}],"curies":[{"name":"wp","href":"https:\/\/api.w.org\/{rel}","templated":true}]}}