{"id":33463,"date":"2019-09-30T08:30:08","date_gmt":"2019-09-30T06:30:08","guid":{"rendered":"https:\/\/visionarymarketing.com\/?p=33463"},"modified":"2024-04-03T09:11:46","modified_gmt":"2024-04-03T07:11:46","slug":"transformation-digitale-2-0","status":"publish","type":"post","link":"https:\/\/visionarymarketing.com\/fr\/2019\/09\/30\/transformation-digitale-2-0\/","title":{"rendered":"Transformation digitale 2.0 :  Un processus continu"},"content":{"rendered":"<p>Transformation digitale <a href=\"https:\/\/visionarymarketing.com\/fr\/2014\/09\/12\/transformation-digitale-en-entreprise\/\">5 ans apr\u00e8s<\/a>, une transformation digitale 2.0 en quelque sorte. Et c&rsquo;est justement le titre choisi par\u00a0<span class=\"removed_link\" title=\"https:\/\/www.linkedin.com\/in\/michaeltartar\/\">Micha\u00ebl Tartar<\/span><i> et <\/i><span class=\"removed_link\" title=\"https:\/\/www.linkedin.com\/in\/fayon\/\">David Fayon<\/span><i> pour la deuxi\u00e8me version de leur ouvrage qui \u00e9voque la phase de transition dans laquelle nous sommes actuellement : <\/i><a style=\"font-style: italic;\" href=\"https:\/\/www.pearson.fr\/fr\/book\/?GCOI=27440100480740\" target=\"_blank\" rel=\"noopener noreferrer\"><span style=\"text-decoration: underline;\">transformation digitale 2.0<\/span><\/a>\u00a0publi\u00e9 aux \u00e9ditions Pearson en 2019 et qui est sorti un peu avant l&rsquo;\u00e9t\u00e9<i>.<\/i><\/p>\n<h2>Transformation digitale 2.0 : un processus continu<\/h2>\n<h3><a href=\"https:\/\/www.pearson.fr\/fr\/book\/?GCOI=27440100480740\" target=\"_blank\" rel=\"noopener noreferrer\"><img decoding=\"async\" class=\"alignright wp-image-33466\" src=\"https:\/\/visionarymarketing.com\/wp-content\/uploads\/2019\/07\/transformation2.0.png\" alt=\"transformation digitale 2.0\" width=\"281\" height=\"314\" srcset=\"https:\/\/visionarymarketing.com\/wp-content\/uploads\/2019\/07\/transformation2.0.png 675w, https:\/\/visionarymarketing.com\/wp-content\/uploads\/2019\/07\/transformation2.0-269x300.png 269w, https:\/\/visionarymarketing.com\/wp-content\/uploads\/2019\/07\/transformation2.0-97x108.png 97w\" sizes=\"(max-width: 281px) 100vw, 281px\" \/><\/a><\/h3>\n<p>Notre quotidien est aujourd&rsquo;hui rythm\u00e9 par les technologies du num\u00e9rique. <a href=\"https:\/\/www.planetoscope.com\/electronique\/728-ventes-mondiales-de-smartphones.html\" target=\"_blank\" rel=\"noopener noreferrer\">130 millions<\/a> de smartphones sont vendus chaque mois dans le monde et le nombre d&rsquo;objets connect\u00e9s continue de cro\u00eetre.<\/p>\n<p>En une quinzaine d&rsquo;ann\u00e9es, nous avons parfaitement int\u00e9gr\u00e9 les r\u00e9seaux sociaux dans notre quotidien. On peut observer leur impact au niveau comportemental et au niveau m\u00e9diatique.<\/p>\n<p>Bien entendu, ce bouleversement n&rsquo;\u00e9pargne pas le monde de l&rsquo;entreprise.<\/p>\n<p>Bien que sa forme varie, la transformation digitale touche effectivement tous les secteurs.<!--more--><\/p>\n<p>L&rsquo;exemple le plus connu, et sans doute le plus violent, \u00e0 \u00e9t\u00e9 la disruption du secteur du transport de personnes ou <a href=\"https:\/\/visionarymarketing.com\/fr\/2016\/05\/17\/uberisation-economie\/\">ub\u00e9risation<\/a> (qui est largement rentr\u00e9 dans le language courant depuis).<\/p>\n<p>N&rsquo;ayant pas anticip\u00e9 ce ph\u00e9nom\u00e8ne, les soci\u00e9t\u00e9s de taxi traditionnelles se sont retrouv\u00e9es face \u00e0 un concurrent bien trop en avance&#8230; pour finalement se trouver dans l&rsquo;obligation de les copier pour ne pas dispara\u00eetre.<\/p>\n<p>Pour ne pas se retrouver face au mur, David Fayon, docteur en Sciences de gestion, pr\u00e9conise d&rsquo;effectuer une veille de l&rsquo;intelligence \u00e9conomique pour r\u00e9ajuster si besoin son mod\u00e8le : c&rsquo;est <strong>la transformation digitale permanente ou d&rsquo;adaptation<\/strong>.<\/p>\n<p>Si les travaux portent sur un grand groupe ayant accumul\u00e9 du retard, il vaudrait mieux pr\u00e9voir du temps et engager un <a href=\"https:\/\/visionarymarketing.com\/2015\/03\/cdo-transformation-digitale\/\">Chief Digital Officer<\/a>, pleinement consacr\u00e9 \u00e0 ce changement et \u00e0 sa mise en place, recommande-t-il.<\/p>\n<h3>Quelles est la prochaine \u00e9tape de cette transformation digitale ?<\/h3>\n<p>D&rsquo;apr\u00e8s <a href=\"https:\/\/fr.statista.com\/statistiques\/584481\/internet-des-objets-nombre-d-appareils-connectes-dans-le-monde--2020\/\" target=\"_blank\" rel=\"noopener noreferrer\">Statista<\/a>, il y aurait en 2019 pr\u00e8s de 27 milliards d&rsquo;objets connect\u00e9s dans le monde, soit un chiffre qui a doubl\u00e9 depuis 2015.<\/p>\n<p>Si cette num\u00e9risation du monde physique continue, de nouvelles perspectives s&rsquo;ouvriront \u00e0 nous dans des secteurs comme l&rsquo;agroalimentaire, la sant\u00e9 ou le transport.<\/p>\n<p>Si on atteint effectivement cette conjonction de l&rsquo;IoT et du web s\u00e9mantique, on pourra alors parler de transformation digitale 3.0. Sujet du prochain livre de David et Micha\u00ebl ? Rendez-vous dans 5 ans.<\/p>\n<p><iframe title=\"La transformation digitale 2.0 avec David Fayon et Micha\u00ebl Tartar\" width=\"500\" height=\"281\" src=\"https:\/\/www.youtube.com\/embed\/OZLxhAUVESI?feature=oembed\" frameborder=\"0\" allow=\"accelerometer; autoplay; clipboard-write; encrypted-media; gyroscope; picture-in-picture; web-share\" referrerpolicy=\"strict-origin-when-cross-origin\" allowfullscreen><\/iframe><\/p>\n<h3>Transformation digitale 2.0, transcription de l&rsquo;interview<\/h3>\n<p><b><\/b>Je suis Michael Tartar executive vice pr\u00e9sident de rock solutions et je suis co-auteur du livre transformation digitale 2.0 avec David Fayon\u00a0\u00bb.<\/p>\n<p>Je suis David Fayon \/ g\u00e9n\u00e9ration, responsable du programme d&rsquo;innovation ouvert time to test \u00e0 la poste. Blogueur auteur et r\u00e9cemment auteur de transformation digitale 2.0 avec Micka\u00ebl Tartar qui para\u00eet le 21 juin prochain jour de la F\u00eate de la musique et premier jour de l&rsquo;\u00e9t\u00e9\u00a0\u00bb.<\/p>\n<p>La transformation digitale est un processus continu de transformation des entreprises avec les technologies du num\u00e9rique. D\u00e9sormais les r\u00e9seaux sociaux sont parfaitement int\u00e9gr\u00e9s dans nos usages courants. On voit un impact tr\u00e8s important au niveau m\u00e9diatique les comportements ont aussi beaucoup \u00e9volu\u00e9. On le voit d&rsquo;un point de vue politique par exemple lors des \u00e9lections avec l&rsquo;appropriation de ces nouveaux m\u00e9dias et les technologies finalement sont bien int\u00e9gr\u00e9es d\u00e9sormais.<\/p>\n<p>La transformation digitale varie selon les secteurs. L&rsquo;usage d&rsquo;un drone va \u00eatre tr\u00e8s utile dans le domaine de la D\u00e9fense. En revanche les drones dans l&rsquo;administration n&rsquo;ont pas d&rsquo;int\u00e9r\u00eat.<\/p>\n<p>Sur la transformation dans sa globalit\u00e9 en profondeur dans l&rsquo;entreprise. Je n&rsquo;en ai pas connaissance en tout cas aujourd&rsquo;hui. De bons exemples. En fait on en n&rsquo;a pas vraiment. La transformation concerne tout le monde, elle concerne la soci\u00e9t\u00e9 dans sa globalit\u00e9.<\/p>\n<p>(DF) J&rsquo;ai pass\u00e9 trois ans de ma vie dans la Silicon Valley donc j&rsquo;ai eu pas mal l&rsquo;occasion de rencontrer des GAFA des start up. Avec Michael on a aussi travaill\u00e9 dans son entreprise rock solution, sur la mise en place d&rsquo;un certain nombre d&rsquo;indicateurs du mod\u00e8le de maturit\u00e9, on a eu aussi les retours des lecteurs de la premi\u00e8re \u00e9dition, on a eu des missions de conseil qui ont \u00e9t\u00e9 faites \u00e0 cet \u00e9gard et tout \u00e7a, \u00e7a a permis d&rsquo;enrichir le mod\u00e8le et de passer d&rsquo;un mod\u00e8le qui \u00e9tait \u00e0 construire, \u00e0 un mod\u00e8le actuellement o\u00f9 tous les indicateurs sont d\u00e9finis.<\/p>\n<p>Je crois que le th\u00e8me d&rsquo;uberisation est entr\u00e9 dans le langage courant. l&rsquo;offre de services, utilisant le num\u00e9rique massivement, vient chahuter un mod\u00e8le et il se trouve que Uber a \u00e9t\u00e9 plus violent dans ses actes, dans sa rapidit\u00e9 de d\u00e9veloppement. Donc on peut continuer \u00e0 utiliser le terme d&rsquo;ub\u00e9risation c&rsquo;est pas g\u00eanant, le terme le plus g\u00e9n\u00e9rique c&rsquo;est le terme disruption.<\/p>\n<p>Dans un premier temps il y a des fondamentaux \u00e0 revoir et il y a une grosse op\u00e9ration de transformation digitale de l&rsquo;organisation \u00e0 faire. Donc \u00e7a prend du temps et on aura besoin d&rsquo;un CDO. Ensuite pour la transformation digitale permanente ou d&rsquo;adaptation l\u00e0 on aura peut \u00eatre moins besoin de ressources pour l&rsquo;effectuer, ce sera plus de la veille de l&rsquo;intelligence \u00e9conomique pour r\u00e9ajuster son mod\u00e8le \u00e9conomique.<\/p>\n<p>On voit que la num\u00e9risation du monde physique s&rsquo;est acc\u00e9l\u00e9r\u00e9e et comme la techno num\u00e9rique va de plus en plus vite cela donne la possibilit\u00e9 de cr\u00e9er de nouvelles choses dans l&rsquo;agriculture dans l&rsquo;alimentaire dans le transport \u00e0 l&rsquo;intelligence artificielle. On en parle beaucoup. Mais aujourd&rsquo;hui je n&rsquo;ai pas encore vu d&rsquo;intelligence dans ce domaine. On est encore loin d&rsquo;un syst\u00e8me qui soit capable de nous comprendre nous les humains avec tous nos d\u00e9fauts.<\/p>\n<p><b><\/b>Le web 3.0 c&rsquo;est la conjonction de l&rsquo;Internet des objets et du Web s\u00e9mantique. Peut \u00eatre que si ces \u00e9volutions qui deviennent une r\u00e9alit\u00e9 on pourra parler d&rsquo;une transformation digitale 3.0 qui aurait tout son sens. Mais on n&rsquo;en est pas encore l\u00e0. Lorsque on aura du Machine to Machine, des automates capables d&rsquo;apprendre et de g\u00e9n\u00e9rer eux m\u00eames des algorithmes ou des comportements, l\u00e0 je pense qu&rsquo;il faudra r\u00e9inventer la place de l&rsquo;homme dans l&rsquo;organisation avec l&rsquo;importance des soft skills et m\u00eame s&rsquo;il y a une singularit\u00e9 partielle voir o\u00f9 l&rsquo;homme sera compl\u00e9mentaire \u00e0 la machine.<\/p>\n<p>&nbsp;<\/p>\n","protected":false},"excerpt":{"rendered":"<p>Transformation digitale 5 ans apr\u00e8s, une transformation digitale 2.0 en quelque sorte. Et c&rsquo;est justement le titre choisi par\u00a0Micha\u00ebl Tartar et David Fayon pour la deuxi\u00e8me version de leur ouvrage qui \u00e9voque la phase de transition dans laquelle nous sommes actuellement : transformation digitale 2.0\u00a0publi\u00e9 aux \u00e9ditions Pearson en 2019 et qui est sorti un &hellip;<\/p>\n","protected":false},"author":2,"featured_media":63895,"comment_status":"open","ping_status":"open","sticky":false,"template":"","format":"standard","meta":{"footnotes":""},"categories":[2808],"tags":[],"class_list":["post-33463","post","type-post","status-publish","format-standard","has-post-thumbnail","hentry","category-transformation-digitale"],"yoast_head":"<!-- This site is optimized with the Yoast SEO plugin v27.4 - https:\/\/yoast.com\/product\/yoast-seo-wordpress\/ -->\n<title>Transformation digitale 2.0 : Un processus continu<\/title>\n<meta name=\"description\" content=\"Nous avons re\u00e7u Micha\u00ebl Tartar et David Fayon pour parler de leur livre : transformation digitale 2.0 ; 6 leviers pour parer la disruption.\" \/>\n<meta name=\"robots\" content=\"index, follow, max-snippet:-1, max-image-preview:large, max-video-preview:-1\" \/>\n<link rel=\"canonical\" href=\"https:\/\/visionarymarketing.com\/fr\/2019\/09\/30\/transformation-digitale-2-0\/\" \/>\n<meta property=\"og:locale\" content=\"fr_FR\" \/>\n<meta property=\"og:type\" content=\"article\" \/>\n<meta property=\"og:title\" content=\"Transformation digitale 2.0 : Un processus continu\" \/>\n<meta property=\"og:description\" content=\"Nous avons re\u00e7u Micha\u00ebl Tartar et David Fayon pour parler de leur livre : transformation digitale 2.0 ; 6 leviers pour parer la disruption.\" \/>\n<meta property=\"og:url\" content=\"https:\/\/visionarymarketing.com\/fr\/2019\/09\/30\/transformation-digitale-2-0\/\" \/>\n<meta property=\"og:site_name\" content=\"Marketing and Innovation\" \/>\n<meta property=\"article:publisher\" content=\"https:\/\/www.facebook.com\/vismktg\" \/>\n<meta property=\"article:author\" content=\"http:\/\/facebook.com\/ygourven\" \/>\n<meta property=\"article:published_time\" content=\"2019-09-30T06:30:08+00:00\" \/>\n<meta property=\"article:modified_time\" content=\"2024-04-03T07:11:46+00:00\" \/>\n<meta property=\"og:image\" content=\"https:\/\/visionarymarketing.com\/wp-content\/uploads\/2019\/09\/49812791212-cd83d2ee7e-c.jpg\" \/>\n\t<meta property=\"og:image:width\" content=\"518\" \/>\n\t<meta property=\"og:image:height\" content=\"340\" \/>\n\t<meta property=\"og:image:type\" content=\"image\/jpeg\" \/>\n<meta name=\"author\" content=\"Yann Gourvennec\" \/>\n<meta name=\"twitter:card\" content=\"summary_large_image\" \/>\n<meta name=\"twitter:creator\" content=\"@ygourven\" \/>\n<meta name=\"twitter:site\" content=\"@ygourven\" \/>\n<meta name=\"twitter:label1\" content=\"\u00c9crit par\" \/>\n\t<meta name=\"twitter:data1\" content=\"Yann Gourvennec\" \/>\n\t<meta name=\"twitter:label2\" content=\"Dur\u00e9e de lecture estim\u00e9e\" \/>\n\t<meta name=\"twitter:data2\" content=\"5 minutes\" \/>\n<script type=\"application\/ld+json\" class=\"yoast-schema-graph\">{\"@context\":\"https:\\\/\\\/schema.org\",\"@graph\":[{\"@type\":\"NewsArticle\",\"@id\":\"https:\\\/\\\/visionarymarketing.com\\\/fr\\\/2019\\\/09\\\/30\\\/transformation-digitale-2-0\\\/#article\",\"isPartOf\":{\"@id\":\"https:\\\/\\\/visionarymarketing.com\\\/fr\\\/2019\\\/09\\\/30\\\/transformation-digitale-2-0\\\/\"},\"author\":{\"name\":\"Yann Gourvennec\",\"@id\":\"https:\\\/\\\/visionarymarketing.com\\\/fr\\\/#\\\/schema\\\/person\\\/3754fee1e558f47b8deb46f53c37423e\"},\"headline\":\"Transformation digitale 2.0 : Un processus continu\",\"datePublished\":\"2019-09-30T06:30:08+00:00\",\"dateModified\":\"2024-04-03T07:11:46+00:00\",\"mainEntityOfPage\":{\"@id\":\"https:\\\/\\\/visionarymarketing.com\\\/fr\\\/2019\\\/09\\\/30\\\/transformation-digitale-2-0\\\/\"},\"wordCount\":1119,\"commentCount\":3,\"image\":{\"@id\":\"https:\\\/\\\/visionarymarketing.com\\\/fr\\\/2019\\\/09\\\/30\\\/transformation-digitale-2-0\\\/#primaryimage\"},\"thumbnailUrl\":\"https:\\\/\\\/visionarymarketing.com\\\/wp-content\\\/uploads\\\/2019\\\/09\\\/49812791212-cd83d2ee7e-c.jpg\",\"articleSection\":[\"Transformation\"],\"inLanguage\":\"fr-FR\",\"potentialAction\":[{\"@type\":\"CommentAction\",\"name\":\"Comment\",\"target\":[\"https:\\\/\\\/visionarymarketing.com\\\/fr\\\/2019\\\/09\\\/30\\\/transformation-digitale-2-0\\\/#respond\"]}]},{\"@type\":\"WebPage\",\"@id\":\"https:\\\/\\\/visionarymarketing.com\\\/fr\\\/2019\\\/09\\\/30\\\/transformation-digitale-2-0\\\/\",\"url\":\"https:\\\/\\\/visionarymarketing.com\\\/fr\\\/2019\\\/09\\\/30\\\/transformation-digitale-2-0\\\/\",\"name\":\"Transformation digitale 2.0 : Un processus continu\",\"isPartOf\":{\"@id\":\"https:\\\/\\\/visionarymarketing.com\\\/fr\\\/#website\"},\"primaryImageOfPage\":{\"@id\":\"https:\\\/\\\/visionarymarketing.com\\\/fr\\\/2019\\\/09\\\/30\\\/transformation-digitale-2-0\\\/#primaryimage\"},\"image\":{\"@id\":\"https:\\\/\\\/visionarymarketing.com\\\/fr\\\/2019\\\/09\\\/30\\\/transformation-digitale-2-0\\\/#primaryimage\"},\"thumbnailUrl\":\"https:\\\/\\\/visionarymarketing.com\\\/wp-content\\\/uploads\\\/2019\\\/09\\\/49812791212-cd83d2ee7e-c.jpg\",\"datePublished\":\"2019-09-30T06:30:08+00:00\",\"dateModified\":\"2024-04-03T07:11:46+00:00\",\"author\":{\"@id\":\"https:\\\/\\\/visionarymarketing.com\\\/fr\\\/#\\\/schema\\\/person\\\/3754fee1e558f47b8deb46f53c37423e\"},\"description\":\"Nous avons re\u00e7u Micha\u00ebl Tartar et David Fayon pour parler de leur livre : transformation digitale 2.0 ; 6 leviers pour parer la disruption.\",\"breadcrumb\":{\"@id\":\"https:\\\/\\\/visionarymarketing.com\\\/fr\\\/2019\\\/09\\\/30\\\/transformation-digitale-2-0\\\/#breadcrumb\"},\"inLanguage\":\"fr-FR\",\"potentialAction\":[{\"@type\":\"ReadAction\",\"target\":[\"https:\\\/\\\/visionarymarketing.com\\\/fr\\\/2019\\\/09\\\/30\\\/transformation-digitale-2-0\\\/\"]}]},{\"@type\":\"ImageObject\",\"inLanguage\":\"fr-FR\",\"@id\":\"https:\\\/\\\/visionarymarketing.com\\\/fr\\\/2019\\\/09\\\/30\\\/transformation-digitale-2-0\\\/#primaryimage\",\"url\":\"https:\\\/\\\/visionarymarketing.com\\\/wp-content\\\/uploads\\\/2019\\\/09\\\/49812791212-cd83d2ee7e-c.jpg\",\"contentUrl\":\"https:\\\/\\\/visionarymarketing.com\\\/wp-content\\\/uploads\\\/2019\\\/09\\\/49812791212-cd83d2ee7e-c.jpg\",\"width\":518,\"height\":340,\"caption\":\"transformation 2.0\"},{\"@type\":\"BreadcrumbList\",\"@id\":\"https:\\\/\\\/visionarymarketing.com\\\/fr\\\/2019\\\/09\\\/30\\\/transformation-digitale-2-0\\\/#breadcrumb\",\"itemListElement\":[{\"@type\":\"ListItem\",\"position\":1,\"name\":\"Home\",\"item\":\"https:\\\/\\\/visionarymarketing.com\\\/fr\\\/\"},{\"@type\":\"ListItem\",\"position\":2,\"name\":\"Transformation digitale 2.0 : Un processus continu\"}]},{\"@type\":\"WebSite\",\"@id\":\"https:\\\/\\\/visionarymarketing.com\\\/fr\\\/#website\",\"url\":\"https:\\\/\\\/visionarymarketing.com\\\/fr\\\/\",\"name\":\"Marketing and Innovation\",\"description\":\"Site d&#039;infos ind\u00e9pendant, depuis 1996\",\"potentialAction\":[{\"@type\":\"SearchAction\",\"target\":{\"@type\":\"EntryPoint\",\"urlTemplate\":\"https:\\\/\\\/visionarymarketing.com\\\/fr\\\/?s={search_term_string}\"},\"query-input\":{\"@type\":\"PropertyValueSpecification\",\"valueRequired\":true,\"valueName\":\"search_term_string\"}}],\"inLanguage\":\"fr-FR\"},{\"@type\":\"Person\",\"@id\":\"https:\\\/\\\/visionarymarketing.com\\\/fr\\\/#\\\/schema\\\/person\\\/3754fee1e558f47b8deb46f53c37423e\",\"name\":\"Yann Gourvennec\",\"image\":{\"@type\":\"ImageObject\",\"inLanguage\":\"fr-FR\",\"@id\":\"https:\\\/\\\/secure.gravatar.com\\\/avatar\\\/5972001801e8de5692a3e31224e85769f50a55fb8b679749f9c8d1868cceff14?s=96&d=initials&r=g&initials=yg\",\"url\":\"https:\\\/\\\/secure.gravatar.com\\\/avatar\\\/5972001801e8de5692a3e31224e85769f50a55fb8b679749f9c8d1868cceff14?s=96&d=initials&r=g&initials=yg\",\"contentUrl\":\"https:\\\/\\\/secure.gravatar.com\\\/avatar\\\/5972001801e8de5692a3e31224e85769f50a55fb8b679749f9c8d1868cceff14?s=96&d=initials&r=g&initials=yg\",\"caption\":\"Yann Gourvennec\"},\"description\":\"Yann Gourvennec created visionarymarketing.com in 1996. He is a speaker and author of many books. In 2014 he went from intrapreneur to entrepreneur, when he created his digital marketing agency. Yann Gourvennec a cr\u00e9\u00e9 visionarymarketing.com en 1996. Il est conf\u00e9rencier et auteur de plusieurs livres. En 2014, il est pass\u00e9 d'intrapreneur \u00e0 entrepreneur en cr\u00e9ant son agence de marketing num\u00e9rique.\",\"sameAs\":[\"https:\\\/\\\/visionarymarketing.com\",\"http:\\\/\\\/facebook.com\\\/ygourven\",\"http:\\\/\\\/linkedin.com\\\/in\\\/ygourven\",\"https:\\\/\\\/x.com\\\/ygourven\",\"https:\\\/\\\/www.youtube.com\\\/c\\\/visionarymarketingagency\"],\"url\":\"https:\\\/\\\/visionarymarketing.com\\\/fr\\\/author\\\/yann-gourvennec\\\/\"}]}<\/script>\n<!-- \/ Yoast SEO plugin. -->","yoast_head_json":{"title":"Transformation digitale 2.0 : Un processus continu","description":"Nous avons re\u00e7u Micha\u00ebl Tartar et David Fayon pour parler de leur livre : transformation digitale 2.0 ; 6 leviers pour parer la disruption.","robots":{"index":"index","follow":"follow","max-snippet":"max-snippet:-1","max-image-preview":"max-image-preview:large","max-video-preview":"max-video-preview:-1"},"canonical":"https:\/\/visionarymarketing.com\/fr\/2019\/09\/30\/transformation-digitale-2-0\/","og_locale":"fr_FR","og_type":"article","og_title":"Transformation digitale 2.0 : Un processus continu","og_description":"Nous avons re\u00e7u Micha\u00ebl Tartar et David Fayon pour parler de leur livre : transformation digitale 2.0 ; 6 leviers pour parer la disruption.","og_url":"https:\/\/visionarymarketing.com\/fr\/2019\/09\/30\/transformation-digitale-2-0\/","og_site_name":"Marketing and Innovation","article_publisher":"https:\/\/www.facebook.com\/vismktg","article_author":"http:\/\/facebook.com\/ygourven","article_published_time":"2019-09-30T06:30:08+00:00","article_modified_time":"2024-04-03T07:11:46+00:00","og_image":[{"width":518,"height":340,"url":"https:\/\/visionarymarketing.com\/wp-content\/uploads\/2019\/09\/49812791212-cd83d2ee7e-c.jpg","type":"image\/jpeg"}],"author":"Yann Gourvennec","twitter_card":"summary_large_image","twitter_creator":"@ygourven","twitter_site":"@ygourven","twitter_misc":{"\u00c9crit par":"Yann Gourvennec","Dur\u00e9e de lecture estim\u00e9e":"5 minutes"},"schema":{"@context":"https:\/\/schema.org","@graph":[{"@type":"NewsArticle","@id":"https:\/\/visionarymarketing.com\/fr\/2019\/09\/30\/transformation-digitale-2-0\/#article","isPartOf":{"@id":"https:\/\/visionarymarketing.com\/fr\/2019\/09\/30\/transformation-digitale-2-0\/"},"author":{"name":"Yann Gourvennec","@id":"https:\/\/visionarymarketing.com\/fr\/#\/schema\/person\/3754fee1e558f47b8deb46f53c37423e"},"headline":"Transformation digitale 2.0 : Un processus continu","datePublished":"2019-09-30T06:30:08+00:00","dateModified":"2024-04-03T07:11:46+00:00","mainEntityOfPage":{"@id":"https:\/\/visionarymarketing.com\/fr\/2019\/09\/30\/transformation-digitale-2-0\/"},"wordCount":1119,"commentCount":3,"image":{"@id":"https:\/\/visionarymarketing.com\/fr\/2019\/09\/30\/transformation-digitale-2-0\/#primaryimage"},"thumbnailUrl":"https:\/\/visionarymarketing.com\/wp-content\/uploads\/2019\/09\/49812791212-cd83d2ee7e-c.jpg","articleSection":["Transformation"],"inLanguage":"fr-FR","potentialAction":[{"@type":"CommentAction","name":"Comment","target":["https:\/\/visionarymarketing.com\/fr\/2019\/09\/30\/transformation-digitale-2-0\/#respond"]}]},{"@type":"WebPage","@id":"https:\/\/visionarymarketing.com\/fr\/2019\/09\/30\/transformation-digitale-2-0\/","url":"https:\/\/visionarymarketing.com\/fr\/2019\/09\/30\/transformation-digitale-2-0\/","name":"Transformation digitale 2.0 : Un processus continu","isPartOf":{"@id":"https:\/\/visionarymarketing.com\/fr\/#website"},"primaryImageOfPage":{"@id":"https:\/\/visionarymarketing.com\/fr\/2019\/09\/30\/transformation-digitale-2-0\/#primaryimage"},"image":{"@id":"https:\/\/visionarymarketing.com\/fr\/2019\/09\/30\/transformation-digitale-2-0\/#primaryimage"},"thumbnailUrl":"https:\/\/visionarymarketing.com\/wp-content\/uploads\/2019\/09\/49812791212-cd83d2ee7e-c.jpg","datePublished":"2019-09-30T06:30:08+00:00","dateModified":"2024-04-03T07:11:46+00:00","author":{"@id":"https:\/\/visionarymarketing.com\/fr\/#\/schema\/person\/3754fee1e558f47b8deb46f53c37423e"},"description":"Nous avons re\u00e7u Micha\u00ebl Tartar et David Fayon pour parler de leur livre : transformation digitale 2.0 ; 6 leviers pour parer la disruption.","breadcrumb":{"@id":"https:\/\/visionarymarketing.com\/fr\/2019\/09\/30\/transformation-digitale-2-0\/#breadcrumb"},"inLanguage":"fr-FR","potentialAction":[{"@type":"ReadAction","target":["https:\/\/visionarymarketing.com\/fr\/2019\/09\/30\/transformation-digitale-2-0\/"]}]},{"@type":"ImageObject","inLanguage":"fr-FR","@id":"https:\/\/visionarymarketing.com\/fr\/2019\/09\/30\/transformation-digitale-2-0\/#primaryimage","url":"https:\/\/visionarymarketing.com\/wp-content\/uploads\/2019\/09\/49812791212-cd83d2ee7e-c.jpg","contentUrl":"https:\/\/visionarymarketing.com\/wp-content\/uploads\/2019\/09\/49812791212-cd83d2ee7e-c.jpg","width":518,"height":340,"caption":"transformation 2.0"},{"@type":"BreadcrumbList","@id":"https:\/\/visionarymarketing.com\/fr\/2019\/09\/30\/transformation-digitale-2-0\/#breadcrumb","itemListElement":[{"@type":"ListItem","position":1,"name":"Home","item":"https:\/\/visionarymarketing.com\/fr\/"},{"@type":"ListItem","position":2,"name":"Transformation digitale 2.0 : Un processus continu"}]},{"@type":"WebSite","@id":"https:\/\/visionarymarketing.com\/fr\/#website","url":"https:\/\/visionarymarketing.com\/fr\/","name":"Marketing and Innovation","description":"Site d&#039;infos ind\u00e9pendant, depuis 1996","potentialAction":[{"@type":"SearchAction","target":{"@type":"EntryPoint","urlTemplate":"https:\/\/visionarymarketing.com\/fr\/?s={search_term_string}"},"query-input":{"@type":"PropertyValueSpecification","valueRequired":true,"valueName":"search_term_string"}}],"inLanguage":"fr-FR"},{"@type":"Person","@id":"https:\/\/visionarymarketing.com\/fr\/#\/schema\/person\/3754fee1e558f47b8deb46f53c37423e","name":"Yann Gourvennec","image":{"@type":"ImageObject","inLanguage":"fr-FR","@id":"https:\/\/secure.gravatar.com\/avatar\/5972001801e8de5692a3e31224e85769f50a55fb8b679749f9c8d1868cceff14?s=96&d=initials&r=g&initials=yg","url":"https:\/\/secure.gravatar.com\/avatar\/5972001801e8de5692a3e31224e85769f50a55fb8b679749f9c8d1868cceff14?s=96&d=initials&r=g&initials=yg","contentUrl":"https:\/\/secure.gravatar.com\/avatar\/5972001801e8de5692a3e31224e85769f50a55fb8b679749f9c8d1868cceff14?s=96&d=initials&r=g&initials=yg","caption":"Yann Gourvennec"},"description":"Yann Gourvennec created visionarymarketing.com in 1996. He is a speaker and author of many books. In 2014 he went from intrapreneur to entrepreneur, when he created his digital marketing agency. Yann Gourvennec a cr\u00e9\u00e9 visionarymarketing.com en 1996. Il est conf\u00e9rencier et auteur de plusieurs livres. En 2014, il est pass\u00e9 d'intrapreneur \u00e0 entrepreneur en cr\u00e9ant son agence de marketing num\u00e9rique.","sameAs":["https:\/\/visionarymarketing.com","http:\/\/facebook.com\/ygourven","http:\/\/linkedin.com\/in\/ygourven","https:\/\/x.com\/ygourven","https:\/\/www.youtube.com\/c\/visionarymarketingagency"],"url":"https:\/\/visionarymarketing.com\/fr\/author\/yann-gourvennec\/"}]}},"_links":{"self":[{"href":"https:\/\/visionarymarketing.com\/fr\/wp-json\/wp\/v2\/posts\/33463","targetHints":{"allow":["GET"]}}],"collection":[{"href":"https:\/\/visionarymarketing.com\/fr\/wp-json\/wp\/v2\/posts"}],"about":[{"href":"https:\/\/visionarymarketing.com\/fr\/wp-json\/wp\/v2\/types\/post"}],"author":[{"embeddable":true,"href":"https:\/\/visionarymarketing.com\/fr\/wp-json\/wp\/v2\/users\/2"}],"replies":[{"embeddable":true,"href":"https:\/\/visionarymarketing.com\/fr\/wp-json\/wp\/v2\/comments?post=33463"}],"version-history":[{"count":0,"href":"https:\/\/visionarymarketing.com\/fr\/wp-json\/wp\/v2\/posts\/33463\/revisions"}],"wp:featuredmedia":[{"embeddable":true,"href":"https:\/\/visionarymarketing.com\/fr\/wp-json\/wp\/v2\/media\/63895"}],"wp:attachment":[{"href":"https:\/\/visionarymarketing.com\/fr\/wp-json\/wp\/v2\/media?parent=33463"}],"wp:term":[{"taxonomy":"category","embeddable":true,"href":"https:\/\/visionarymarketing.com\/fr\/wp-json\/wp\/v2\/categories?post=33463"},{"taxonomy":"post_tag","embeddable":true,"href":"https:\/\/visionarymarketing.com\/fr\/wp-json\/wp\/v2\/tags?post=33463"}],"curies":[{"name":"wp","href":"https:\/\/api.w.org\/{rel}","templated":true}]}}