{"id":33292,"date":"2019-10-08T08:45:43","date_gmt":"2019-10-08T06:45:43","guid":{"rendered":"https:\/\/visionarymarketing.com\/?p=33292"},"modified":"2023-04-11T10:29:06","modified_gmt":"2023-04-11T08:29:06","slug":"coeur-de-metier","status":"publish","type":"post","link":"https:\/\/visionarymarketing.com\/fr\/2019\/10\/08\/coeur-de-metier\/","title":{"rendered":"La question cruciale du c\u0153ur de m\u00e9tier \u00e0 l&rsquo;\u00e8re du digital"},"content":{"rendered":"<p><em>La question de savoir o\u00f9 est son c\u0153ur de m\u00e9tier, et m\u00eame de savoir quel est son m\u00e9tier tout court, est une question cruciale. En fait, vous ne me croirez peut-\u00eare pas, mais cette question m&rsquo;accompagne depuis mes premiers pas dans une \u00e9cole de commerce, il y a de nombreuses d\u00e9cennies (le directeur de ladite \u00e9cole \u00e9tait un inconditionnel de la diversification comme panac\u00e9e manag\u00e9riale, ce qui lui valait quelques passes d&rsquo;armes avec les inconditionnels de la doctrine inverse, dans un d\u00e9bat aussi st\u00e9rile que vain : il n&rsquo;y a pas de panac\u00e9e manag\u00e9riale).<\/em><\/p>\n<h2>La question du coeur de m\u00e9tier est cruciale et \u00e9ternelle<\/h2>\n<figure id=\"attachment_70638\" aria-describedby=\"caption-attachment-70638\" style=\"width: 519px\" class=\"wp-caption aligncenter\"><img decoding=\"async\" class=\"wp-image-70638 size-full\" src=\"https:\/\/visionarymarketing.com\/wp-content\/uploads\/2022\/07\/heart_3236270-e1658327821835.jpg\" alt=\"La question du coeur de m\u00e9tier est cruciale et \u00e9ternelle\" width=\"519\" height=\"340\" srcset=\"https:\/\/visionarymarketing.com\/wp-content\/uploads\/2022\/07\/heart_3236270-e1658327821835.jpg 519w, https:\/\/visionarymarketing.com\/wp-content\/uploads\/2022\/07\/heart_3236270-e1658327821835-458x300.jpg 458w\" sizes=\"(max-width: 519px) 100vw, 519px\" \/><figcaption id=\"caption-attachment-70638\" class=\"wp-caption-text\">La question du coeur de m\u00e9tier est cruciale et \u00e9ternelle<\/figcaption><\/figure>\n<p>C&rsquo;est vous dire que cette question du c\u0153ur de m\u00e9tier, de la diversification et d&rsquo;une diversification raisonnable, est au centre des pr\u00e9occupations des managers depuis la nuit des temps. Dans les ann\u00e9es 80, sous l&rsquo;impulsion de Michael Porter, cette notion de diff\u00e9renciation et de diversification par la transformation (ou les rachat) \u00e9tait d\u00e9j\u00e0 tr\u00e8s pr\u00e9sente.<\/p>\n<figure id=\"attachment_33821\" aria-describedby=\"caption-attachment-33821\" style=\"width: 645px\" class=\"wp-caption aligncenter\"><a href=\"https:\/\/www.lesechos.fr\/industrie-services\/tourisme-transport\/uber-veut-aider-les-cols-bleus-a-trouver-un-emploi-1136913\" target=\"_blank\" rel=\"noopener noreferrer\"><img decoding=\"async\" class=\"wp-image-33821 size-full\" src=\"https:\/\/visionarymarketing.com\/wp-content\/uploads\/2019\/10\/07-57-2019_09.57.56-CapturFiles-e1570478506578.png\" alt=\"coeur de m\u00e9tier\" width=\"645\" height=\"481\" srcset=\"https:\/\/visionarymarketing.com\/wp-content\/uploads\/2019\/10\/07-57-2019_09.57.56-CapturFiles-e1570478506578.png 645w, https:\/\/visionarymarketing.com\/wp-content\/uploads\/2019\/10\/07-57-2019_09.57.56-CapturFiles-e1570478506578-402x300.png 402w, https:\/\/visionarymarketing.com\/wp-content\/uploads\/2019\/10\/07-57-2019_09.57.56-CapturFiles-e1570478506578-145x108.png 145w\" sizes=\"(max-width: 645px) 100vw, 645px\" \/><\/a><figcaption id=\"caption-attachment-33821\" class=\"wp-caption-text\">Au sommaire des <a href=\"https:\/\/www.lesechos.fr\/industrie-services\/tourisme-transport\/uber-veut-aider-les-cols-bleus-a-trouver-un-emploi-1136913\" target=\"_blank\" rel=\"noopener noreferrer\">Echos le 07\/10\/2019 ce billet<\/a> qui d\u00e9crit la nouvelle strat\u00e9gie d&rsquo;Uber. D\u00e9but d&rsquo;une nouvelle aventure ou d\u00e9but de la fin ? <span class=\"removed_link\" title=\"https:\/\/www.ouest-france.fr\/economie\/la-californie-contraint-uber-et-lyft-requalifier-leurs-chauffeurs-vtc-en-salaries-6515713\">A savoir que les auto entrepreneurs d&rsquo;Uber a \u00e9t\u00e9 requalifi\u00e9s en salari\u00e9s en Californie<\/span>. Un pivot est n\u00e9cessaire. Mais aussi loin de leur coeur de m\u00e9tier (transport), m\u00eame sur un march\u00e9 aussi porteur &#8230; \u00e0 suivre.<\/figcaption><\/figure>\n<p>En fait, c&rsquo;est une question \u00e9ternelle : dois-je continuer sur le m\u00eame m\u00e9tier, quitte \u00e0 me retrouver un jour sur un march\u00e9 d\u00e9clinant ? Dois-je au contraire cr\u00e9er un autre march\u00e9 \u00e0 c\u00f4t\u00e9 du mien ? Comment faire en sorte que je ne me marche pas sur les pieds ? Et comment faire en sorte \u00e9galement que mes nouvelles initiatives voient le jour et aillent jusqu&rsquo;au bout ?<\/p>\n<p><!--more--><\/p>\n<h3>La situation n&rsquo;est pas diff\u00e9rente \u00e0 l&rsquo;\u00e8re de la transformation digitale<\/h3>\n<p>En fait, ces questions fondamentales de la transformation des entreprises ne sont pas v\u00e9ritablement diff\u00e9rentes \u00e0 l&rsquo;\u00e8re de la transformation digitale. D&rsquo;ailleurs certains auteurs se sont amus\u00e9s \u00e0 adapter la fameuse ma\u00eetrise du BCG dans un contexte de transformation par le digital.<\/p>\n<p>Notez la pr\u00e9position, je n&rsquo;ai pas dit de transformation digitale car je ne crois pas qu&rsquo;elle existe. c&rsquo;est m\u00eame l\u00e0 que r\u00e9side le probl\u00e8me \u00e0 mon avis.<\/p>\n<p>L&rsquo;autre jour, je lisais que telle soci\u00e9t\u00e9 de transport, pourtant maintes fois \u00e9pingl\u00e9e pour la qualit\u00e9 discutable de son service client et de sa communication, \u00e9tait enfin sur la voie de la r\u00e9demption gr\u00e2ce \u00e0 son entit\u00e9 digitale, d\u00e9sormais forte de 2000 personnes, dont une arm\u00e9e de d\u00e9veloppeurs hors pair.<\/p>\n<h3>Une usine agile \u00e0 applications est-elle une usine \u00e0 exp\u00e9rience client ?<\/h3>\n<p>Certes, l&rsquo;entit\u00e9 en question est une devenue une v\u00e9ritable usine \u00ab agile \u00bb, c&rsquo;est \u00e0 la mode, \u00e0 produire des programmes digitaux, des applications etc. La question fondamentale n&rsquo;est pourtant pas l\u00e0. Retou \u00e0 la case d\u00e9part et \u00e0 la sempiternelle question de savoir o\u00f9 se trouve le b\u00e9n\u00e9fice de ses clients.<\/p>\n<p>Dans l&rsquo;application ? Dans la facilit\u00e9 d&rsquo;utilisation de celle-ci et son UX pour employer le mot \u00e0 la mode ? Certainement pas. c&rsquo;est faire une lecture bien sommaire de ces quelques ann\u00e9es de disruption que nous avons subies (quelle qu&rsquo;en soit les cons\u00e9quences finales d&rsquo;ailleurs). Uber ne s&rsquo;est pas impos\u00e9 par son application. Ou du moins pas seulement.<\/p>\n<h3>La plupart des soci\u00e9t\u00e9s de taxi avaient d\u00e9j\u00e0 une app qui ne les a pas prot\u00e9g\u00e9es<\/h3>\n<p>Toutes les soci\u00e9t\u00e9s de taxi (d\u00e8s 2012) ou presque \u00e9taient \u00a0capables de mettre en ligne une telle application. D&rsquo;aucunes comme G7 l&rsquo;avaient m\u00eame d\u00e9j\u00e0. <a href=\"https:\/\/visionarymarketing.com\/2015\/04\/la-transformation-digitale-des-societes-de-taxis-est-en-marche\/\">D&rsquo;autres ont m\u00eame essay\u00e9 des bidules technologiques plus ou moins aboutis<\/a> et qui aurait tr\u00e8s bien pu marcher s&rsquo;ils avaient \u00e9t\u00e9 mis en \u0153uvre dans une logique business et non technologique.<\/p>\n<p>Mais voil\u00e0, produire de la technologie pour produire de la technologie ne sert strictement \u00e0 rien. mettre une bonne application dans les mains de ses utilisateurs si l&rsquo;exp\u00e9rience client et mauvaise fera pas changer d&rsquo;avis sur l&rsquo;exp\u00e9rience client.<\/p>\n<p>Et cela, \u00e0 supposer que l&rsquo;on trouve l&rsquo;application question bonne. Pour l&rsquo;exemple que j&rsquo;ai donn\u00e9 ci-dessus, j&rsquo;aurais beaucoup \u00e0 dire \u00e9galement sur le sujet.<\/p>\n<p>Il faut donc faire attention \u00e0 ne pas se tromper de sujet quand on veut faire de la transformation <em>avec<\/em> le digital (notez \u00e0 nouveau la pr\u00e9position), c&rsquo;est-\u00e0-dire d&rsquo;utiliser la technologie comme un v\u00e9ritable acc\u00e9l\u00e9rateur d&rsquo;exp\u00e9rience client.<\/p>\n<figure id=\"attachment_60931\" aria-describedby=\"caption-attachment-60931\" style=\"width: 980px\" class=\"wp-caption aligncenter\"><img decoding=\"async\" class=\"wp-image-60931 size-full\" src=\"https:\/\/visionarymarketing.com\/wp-content\/uploads\/2019\/04\/screenshot-2021-01-19-at-102718.jpg\" alt=\"mus\u00e9e des horreurs de la transformation digitale \" width=\"980\" height=\"259\" srcset=\"https:\/\/visionarymarketing.com\/wp-content\/uploads\/2019\/04\/screenshot-2021-01-19-at-102718.jpg 980w, https:\/\/visionarymarketing.com\/wp-content\/uploads\/2019\/04\/screenshot-2021-01-19-at-102718-500x132.jpg 500w, https:\/\/visionarymarketing.com\/wp-content\/uploads\/2019\/04\/screenshot-2021-01-19-at-102718-768x203.jpg 768w\" sizes=\"(max-width: 980px) 100vw, 980px\" \/><figcaption id=\"caption-attachment-60931\" class=\"wp-caption-text\">note : le mus\u00e9e des horreurs de la transformation digitale ayant malheureusement ferm\u00e9 ses portes pour cause de Covid-19, nous avons repris ce billet de <a href=\"https:\/\/www.linkedin.com\/in\/xavierdemazenod\/\" target=\"_blank\" rel=\"noopener\">Xavier de Mazenod<\/a> ici pour permettre aux lecteurs de b\u00e9n\u00e9ficier de ce contenu<\/figcaption><\/figure>\n<h3 class=\"entry-title\">Comment rester concentr\u00e9 sur son c\u0153ur de m\u00e9tier en se transformant digitalement ?<\/h3>\n<p>La question de la place du c\u0153ur de m\u00e9tier dans une transformation digitale n\u2019est pas une question anodine. Elle est m\u00eame essentielle. C\u2019est ce que nous voyons ici dans cette analyse de mauvaises pratiques fameuses qui nous en apprennent plus que les bons livres de recettes du digital. Et comme vous allez le voir, la r\u00e9ponse \u00e0 la question de cette place du c\u0153ur de m\u00e9tier est loin d\u2019\u00eatre \u00e9vidente et surtout, pas automatique.<\/p>\n<figure id=\"attachment_33806\" aria-describedby=\"caption-attachment-33806\" style=\"width: 750px\" class=\"wp-caption aligncenter\"><img decoding=\"async\" class=\"wp-image-33806 size-full\" src=\"https:\/\/visionarymarketing.com\/wp-content\/uploads\/2019\/10\/201910280_1910-captur-Touchbar-MBP-e1570469773946.png\" alt=\"coeur de m\u00e9tier\" width=\"750\" height=\"375\" srcset=\"https:\/\/visionarymarketing.com\/wp-content\/uploads\/2019\/10\/201910280_1910-captur-Touchbar-MBP-e1570469773946.png 750w, https:\/\/visionarymarketing.com\/wp-content\/uploads\/2019\/10\/201910280_1910-captur-Touchbar-MBP-e1570469773946-500x250.png 500w\" sizes=\"(max-width: 750px) 100vw, 750px\" \/><figcaption id=\"caption-attachment-33806\" class=\"wp-caption-text\">La question du \u00ab\u00a0m\u00e9tier\u00a0\u00bb de l&rsquo;entreprise est souvent largement sous-estim\u00e9e. Pourtant, elle est cruciale. Trop d&rsquo;entreprises essaient de se transformer pour le digital et non par le digital. C&rsquo;est une erreur qui peut \u00eatre fatale.<\/figcaption><\/figure>\n<h3>S\u2019\u00e9loigner de son c\u0153ur de m\u00e9tier\u00a0? Une mauvaise id\u00e9e<\/h3>\n<p>Le tout puissant Blackberry a \u00e9t\u00e9 \u00e9ject\u00e9 du march\u00e9 des smartphones par l\u2019arriv\u00e9e de l\u2019iPhone et d\u2019Android. L\u2019histoire est bien connue et les <a href=\"https:\/\/www.computing.co.uk\/feature\/3085237\/6-reasons-blackberry-crumbled-in-the-smartphone-market\">causes de l\u2019\u00e9chec sont multiples<\/a>. Mais un point reste : l\u2019entreprise a rat\u00e9 les virages technologiques et n\u2019a pas fait \u00e9voluer son \u00ab\u00a0exp\u00e9rience utilisateur\u00a0\u00bb. Elle a aujourd\u2019hui presque disparu. L\u2019une des difficult\u00e9s principales dans sa transformation digitale est de se tromper d\u2019objectif et, parfois, de s\u2019\u00e9loigner de son c\u0153ur de m\u00e9tier.<\/p>\n<h3>Comment g\u00e9rer la cannibalisation de son business par les innovations digitales\u00a0?<\/h3>\n<p>Evoluer, \u00ab\u00a0pivoter\u00a0\u00bb, se transformer sous la pression du digital n\u2019est simple pour personne. C\u2019est un choc frontal dans certains secteurs comme l\u2019h\u00f4tellerie ou le commerce, plus insidieux dans d\u2019autres. Et le <a href=\"https:\/\/www.maddyness.com\/2020\/01\/16\/maddyrex-reinventer-startup\/\">risque de \u00ab\u00a0cannibaliser\u00a0\u00bb son propre business<\/a> en voulant \u00e9voluer est r\u00e9el.<\/p>\n<p>En soi, ce risque li\u00e9 \u00e0 un changement ne date pas de l\u2019\u00e8re du num\u00e9rique. La fameuse matrice du Boston Consulting Group expliquait d\u00e9j\u00e0 qu\u2019abandonner un mod\u00e8le \u00e9conomique \u00ab\u00a0vache \u00e0 lait\u00a0\u00bb sur lequel repose le chiffre d\u2019affaires actuel pour un mod\u00e8le innovant demande de l\u2019habilet\u00e9 pour ne pas tuer la principale source de revenus avec un b\u00e9n\u00e9fice futur.<\/p>\n<h3>La matrice du BCG s\u2019adapte \u00e0 l\u2019\u00e8re digitale<\/h3>\n<figure id=\"attachment_62125\" aria-describedby=\"caption-attachment-62125\" style=\"width: 504px\" class=\"wp-caption aligncenter\"><img decoding=\"async\" class=\"wp-image-62125 size-full\" src=\"https:\/\/visionarymarketing.com\/wp-content\/uploads\/2019\/10\/picture3.png\" alt=\"La fameuse matrice BCG \u00e0 la sauce digitale \" width=\"504\" height=\"547\" srcset=\"https:\/\/visionarymarketing.com\/wp-content\/uploads\/2019\/10\/picture3.png 504w, https:\/\/visionarymarketing.com\/wp-content\/uploads\/2019\/10\/picture3-276x300.png 276w\" sizes=\"(max-width: 504px) 100vw, 504px\" \/><figcaption id=\"caption-attachment-62125\" class=\"wp-caption-text\">La fameuse matrice BCG \u00e0 la sauce digitale (source\u00a0: smartinsights.com)<\/figcaption><\/figure>\n<p>L\u2019enjeu est de r\u00e9ussir sa transformation digitale sans couper la branche sur laquelle on est assis. Basculer sur de nouveaux process, de nouveaux mod\u00e8les \u00e9conomiques, de nouveaux produits sans tuer ce qui nous fait vivre aujourd\u2019hui.<\/p>\n<p>Un exercice plut\u00f4t difficile. Par exemple, Herbert Diess, PDG de Volskwagen, a r\u00e9cemment d\u00e9clar\u00e9 que Tesla \u00ab\u00a0<a href=\"https:\/\/electrek.co\/2019\/02\/28\/vw-admits-tesla-advantage-protect-gas-car-business\/\"><em>disposait d&rsquo;un avantage important par rapport aux constructeurs traditionnels<\/em><\/a><em> en mati\u00e8re de v\u00e9hicules \u00e9lectriques; ils n&rsquo;ont pas \u00e0 s&rsquo;inqui\u00e9ter de la protection de leur entreprise de voitures \u00e0 essence\u00a0<\/em>\u00bb. Mais certaines qualit\u00e9s de \u00ab\u00a0l\u2019ancien monde\u00a0\u00bb peuvent aussi procurer des avantages comparatifs dans le monde digital. Herbert Diess ajoute : \u00ab\u00a0<em>Certains de nos concurrents sont beaucoup plus rapides que nous en mati\u00e8re de logiciels, de d\u00e9ploiement de logiciels et de fonctionnalit\u00e9s pour lesquels nous sommes toujours \u00e0 la tra\u00eene. Mais nous gardons nos chances car nous avons le savoir-faire pour monter \u00e0 l\u2019\u00e9chelle\u00a0<\/em>\u00bb.<\/p>\n<h3>Comment la transformation digitale touche mon m\u00e9tier ?<\/h3>\n<p>Les entreprises et leurs dirigeants ont la plupart du temps conscience du bouleversement provoqu\u00e9 par le digital. Mais le diable est dans les d\u00e9tails ou en d\u2019autres termes, dans la mise en \u0153uvre du projet de transformation. Plusieurs attitudes peuvent contrarier cette mutation\u00a0: le <strong>d\u00e9ni<\/strong>, qui minimise le changement, et <strong>l\u2019arrogance<\/strong>, qui fait penser qu\u2019on ma\u00eetrisera le changement parce qu\u2019on est fort ou dominant sur son march\u00e9.<\/p>\n<p>Mais cela peut aussi \u00eatre l\u2019<strong>erreur strat\u00e9gique<\/strong> qui fait l\u00e2cher la proie pour l\u2019ombre.<\/p>\n<p>Tous les m\u00e9tiers ne sont pas touch\u00e9s de la m\u00eame mani\u00e8re par le digital. Le num\u00e9rique peut tout simplement transformer compl\u00e8tement un m\u00e9tier comme dans la presse. Le digital change radicalement le mod\u00e8le \u00e9conomique des \u00e9diteurs qui reposait majoritairement sur la publicit\u00e9. Il change aussi l\u2019acc\u00e8s au produit et sa diffusion.<\/p>\n<p>Certains titres s\u2019\u00e9cartent m\u00eame de leur m\u00e9tier de base comme <a href=\"http:\/\/www.niemanlab.org\/2019\/03\/spirited-media-is-selling-off-its-local-sites-and-pivoting-to-consulting\/\">cette entreprise am\u00e9ricaine des m\u00e9dias<\/a> qui d\u00e9laisse\u00a0son m\u00e9tier d\u2019\u00e9diteur au profit du consulting.<\/p>\n<h3>Kodak, le contre-exemple<\/h3>\n<p>A ce propos l\u2019exemple de Kodak est connu et \u00e9clairant. Contrairement \u00e0 une id\u00e9e re\u00e7ue, l\u2019entreprise de Rochester a bien vu arriver le changement technologique du num\u00e9rique, elle a m\u00eame invent\u00e9 le proc\u00e9d\u00e9 en 1975 et a d\u00e9pos\u00e9 des milliers de brevets sur le num\u00e9rique. Ses probl\u00e8mes illustrent plut\u00f4t le fait de ne pas avoir pu se diversifier et de rester bloqu\u00e9e sur la photo argentique.<\/p>\n<figure id=\"attachment_62126\" aria-describedby=\"caption-attachment-62126\" style=\"width: 500px\" class=\"wp-caption aligncenter\"><img decoding=\"async\" class=\"wp-image-62126 size-full\" src=\"https:\/\/visionarymarketing.com\/wp-content\/uploads\/2019\/10\/picture2-e1615227948733.png\" alt=\"Le syst\u00e8me photographique num\u00e9rique Kodak DCS de 1991\" width=\"500\" height=\"375\" \/><figcaption id=\"caption-attachment-62126\" class=\"wp-caption-text\">Le syst\u00e8me photographique num\u00e9rique Kodak DCS de 1991 (soit 4 ans avant la commercialisation du premier appareil num\u00e9rique par Canon) \u2013 appareil en exposition au mus\u00e9e des arts et m\u00e9tiers en d\u00e9cembre 2018<\/figcaption><\/figure>\n<p><a href=\"https:\/\/blog.betterstudy.ch\/kodak-lecons-dune-faillite\">Kodak n\u2019a pas su r\u00e9inventer son m\u00e9tier de fabricant de pellicules<\/a>. Son m\u00e9tier centenaire \u00e9tait <strong>trop lucratif<\/strong> pour l\u2019abandonner et l\u2019entreprise ne voulait pas cannibaliser son activit\u00e9.<\/p>\n<p>Le num\u00e9rique peut aussi bouleverser la mani\u00e8re d\u2019exercer son m\u00e9tier, comme Uber a transform\u00e9 le m\u00e9tier de taxi, Amazon la vente de livres ou Space X la fabrication de fus\u00e9es. Ou encore comme l\u2019impression 3D menace les industries en changeant les processus de production (voire aussi les mod\u00e8les \u00e9conomiques comme le print on demand dans l\u2019\u00e9dition de livres).<\/p>\n<p>Le dilemme n\u2019est pas forc\u00e9ment \u00ab\u00a0le digital ou la mort\u00a0\u00bb comme on l\u2019entend souvent dire pour basculer d\u2019un mod\u00e8le reposant sur la licence vers un mod\u00e8le d\u2019abonnement dans le cloud beaucoup moins cher.<\/p>\n<p><a href=\"https:\/\/philippesilberzahn.com\/2017\/05\/22\/transformation-le-defi-du-changement-de-modele-daffaire\/#more-5305\">Microsoft a su pivoter<\/a> tout en se concentrant sur son c\u0153ur de m\u00e9tier. Avec r\u00e9ticence puisque l\u2019entreprise de Redmond a mis 5 ans \u00e0 r\u00e9aliser cette \u00e9volution. Mais elle l\u2019a fait avec succ\u00e8s.<\/p>\n<h3>Comment ne pas perdre de vue son c\u0153ur de m\u00e9tier ?<\/h3>\n<p>Quels sont les points de vigilance des dirigeants face \u00e0 la \u00ab\u00a0menace digitale\u00a0\u00bb ?<\/p>\n<ul>\n<li>Le premier risque est de <strong>sous-estimer le r\u00f4le du digital<\/strong> comme le fait le secteur bancaire (r\u00e9seau de distribution physique, disruption dans la qualit\u00e9 de services par des concurrents hors m\u00e9tier, minoration des innovations comme la blockchain)\u00a0;<\/li>\n<li>Le deuxi\u00e8me est <strong>d\u2019oublier o\u00f9 se trouve la valeur de l\u2019entreprise<\/strong> pour pouvoir la conserver ou la capter via des technologies nouvelles ou des canaux diff\u00e9rents.<\/li>\n<\/ul>\n<p>Pour ne pas perdre son ADN il ne faut pas chercher \u00e0 mener des batailles perdues d&rsquo;avance. Et en s&rsquo;appuyant sur ceux qui les ont gagn\u00e9es.<\/p>\n","protected":false},"excerpt":{"rendered":"<p>La question de savoir o\u00f9 est son c\u0153ur de m\u00e9tier, et m\u00eame de savoir quel est son m\u00e9tier tout court, est une question cruciale. En fait, vous ne me croirez peut-\u00eare pas, mais cette question m&rsquo;accompagne depuis mes premiers pas dans une \u00e9cole de commerce, il y a de nombreuses d\u00e9cennies (le directeur de ladite &hellip;<\/p>\n","protected":false},"author":2,"featured_media":70638,"comment_status":"open","ping_status":"open","sticky":false,"template":"","format":"standard","meta":{"footnotes":""},"categories":[2808],"tags":[],"class_list":["post-33292","post","type-post","status-publish","format-standard","has-post-thumbnail","hentry","category-transformation-digitale"],"yoast_head":"<!-- This site is optimized with the Yoast SEO plugin v27.4 - https:\/\/yoast.com\/product\/yoast-seo-wordpress\/ -->\n<title>C\u0153ur de m\u00e9tier : cette question centrale m\u00eame \u00e0 l&#039;\u00e8re du digital<\/title>\n<meta name=\"description\" content=\"La question de son c\u0153ur de m\u00e9tier, et de savoir quel est son m\u00e9tier tout court, est une question cruciale qu&#039;il faut imp\u00e9rativement se poser.\" \/>\n<meta name=\"robots\" content=\"index, follow, max-snippet:-1, max-image-preview:large, max-video-preview:-1\" \/>\n<link rel=\"canonical\" href=\"https:\/\/visionarymarketing.com\/fr\/2019\/10\/08\/coeur-de-metier\/\" \/>\n<meta property=\"og:locale\" content=\"fr_FR\" \/>\n<meta property=\"og:type\" content=\"article\" \/>\n<meta property=\"og:title\" content=\"C\u0153ur de m\u00e9tier : cette question centrale m\u00eame \u00e0 l&#039;\u00e8re du digital\" \/>\n<meta property=\"og:description\" content=\"La question de son c\u0153ur de m\u00e9tier, et de savoir quel est son m\u00e9tier tout court, est une question cruciale qu&#039;il faut imp\u00e9rativement se poser.\" \/>\n<meta property=\"og:url\" content=\"https:\/\/visionarymarketing.com\/fr\/2019\/10\/08\/coeur-de-metier\/\" \/>\n<meta property=\"og:site_name\" content=\"Marketing and Innovation\" \/>\n<meta property=\"article:publisher\" content=\"https:\/\/www.facebook.com\/vismktg\" \/>\n<meta property=\"article:author\" content=\"http:\/\/facebook.com\/ygourven\" \/>\n<meta property=\"article:published_time\" content=\"2019-10-08T06:45:43+00:00\" \/>\n<meta property=\"article:modified_time\" content=\"2023-04-11T08:29:06+00:00\" \/>\n<meta property=\"og:image\" content=\"https:\/\/visionarymarketing.com\/wp-content\/uploads\/2022\/07\/heart_3236270-e1658327821835.jpg\" \/>\n\t<meta property=\"og:image:width\" content=\"519\" \/>\n\t<meta property=\"og:image:height\" content=\"340\" \/>\n\t<meta property=\"og:image:type\" content=\"image\/jpeg\" \/>\n<meta name=\"author\" content=\"Yann Gourvennec\" \/>\n<meta name=\"twitter:card\" content=\"summary_large_image\" \/>\n<meta name=\"twitter:creator\" content=\"@ygourven\" \/>\n<meta name=\"twitter:site\" content=\"@ygourven\" \/>\n<meta name=\"twitter:label1\" content=\"\u00c9crit par\" \/>\n\t<meta name=\"twitter:data1\" content=\"Yann Gourvennec\" \/>\n\t<meta name=\"twitter:label2\" content=\"Dur\u00e9e de lecture estim\u00e9e\" \/>\n\t<meta name=\"twitter:data2\" content=\"9 minutes\" \/>\n<script type=\"application\/ld+json\" class=\"yoast-schema-graph\">{\"@context\":\"https:\\\/\\\/schema.org\",\"@graph\":[{\"@type\":\"NewsArticle\",\"@id\":\"https:\\\/\\\/visionarymarketing.com\\\/fr\\\/2019\\\/10\\\/08\\\/coeur-de-metier\\\/#article\",\"isPartOf\":{\"@id\":\"https:\\\/\\\/visionarymarketing.com\\\/fr\\\/2019\\\/10\\\/08\\\/coeur-de-metier\\\/\"},\"author\":{\"name\":\"Yann Gourvennec\",\"@id\":\"https:\\\/\\\/visionarymarketing.com\\\/fr\\\/#\\\/schema\\\/person\\\/3754fee1e558f47b8deb46f53c37423e\"},\"headline\":\"La question cruciale du c\u0153ur de m\u00e9tier \u00e0 l&rsquo;\u00e8re du digital\",\"datePublished\":\"2019-10-08T06:45:43+00:00\",\"dateModified\":\"2023-04-11T08:29:06+00:00\",\"mainEntityOfPage\":{\"@id\":\"https:\\\/\\\/visionarymarketing.com\\\/fr\\\/2019\\\/10\\\/08\\\/coeur-de-metier\\\/\"},\"wordCount\":2048,\"commentCount\":1,\"image\":{\"@id\":\"https:\\\/\\\/visionarymarketing.com\\\/fr\\\/2019\\\/10\\\/08\\\/coeur-de-metier\\\/#primaryimage\"},\"thumbnailUrl\":\"https:\\\/\\\/visionarymarketing.com\\\/wp-content\\\/uploads\\\/2022\\\/07\\\/heart_3236270-e1658327821835.jpg\",\"articleSection\":[\"Transformation\"],\"inLanguage\":\"fr-FR\",\"potentialAction\":[{\"@type\":\"CommentAction\",\"name\":\"Comment\",\"target\":[\"https:\\\/\\\/visionarymarketing.com\\\/fr\\\/2019\\\/10\\\/08\\\/coeur-de-metier\\\/#respond\"]}]},{\"@type\":\"WebPage\",\"@id\":\"https:\\\/\\\/visionarymarketing.com\\\/fr\\\/2019\\\/10\\\/08\\\/coeur-de-metier\\\/\",\"url\":\"https:\\\/\\\/visionarymarketing.com\\\/fr\\\/2019\\\/10\\\/08\\\/coeur-de-metier\\\/\",\"name\":\"C\u0153ur de m\u00e9tier : cette question centrale m\u00eame \u00e0 l'\u00e8re du digital\",\"isPartOf\":{\"@id\":\"https:\\\/\\\/visionarymarketing.com\\\/fr\\\/#website\"},\"primaryImageOfPage\":{\"@id\":\"https:\\\/\\\/visionarymarketing.com\\\/fr\\\/2019\\\/10\\\/08\\\/coeur-de-metier\\\/#primaryimage\"},\"image\":{\"@id\":\"https:\\\/\\\/visionarymarketing.com\\\/fr\\\/2019\\\/10\\\/08\\\/coeur-de-metier\\\/#primaryimage\"},\"thumbnailUrl\":\"https:\\\/\\\/visionarymarketing.com\\\/wp-content\\\/uploads\\\/2022\\\/07\\\/heart_3236270-e1658327821835.jpg\",\"datePublished\":\"2019-10-08T06:45:43+00:00\",\"dateModified\":\"2023-04-11T08:29:06+00:00\",\"author\":{\"@id\":\"https:\\\/\\\/visionarymarketing.com\\\/fr\\\/#\\\/schema\\\/person\\\/3754fee1e558f47b8deb46f53c37423e\"},\"description\":\"La question de son c\u0153ur de m\u00e9tier, et de savoir quel est son m\u00e9tier tout court, est une question cruciale qu'il faut imp\u00e9rativement se poser.\",\"breadcrumb\":{\"@id\":\"https:\\\/\\\/visionarymarketing.com\\\/fr\\\/2019\\\/10\\\/08\\\/coeur-de-metier\\\/#breadcrumb\"},\"inLanguage\":\"fr-FR\",\"potentialAction\":[{\"@type\":\"ReadAction\",\"target\":[\"https:\\\/\\\/visionarymarketing.com\\\/fr\\\/2019\\\/10\\\/08\\\/coeur-de-metier\\\/\"]}]},{\"@type\":\"ImageObject\",\"inLanguage\":\"fr-FR\",\"@id\":\"https:\\\/\\\/visionarymarketing.com\\\/fr\\\/2019\\\/10\\\/08\\\/coeur-de-metier\\\/#primaryimage\",\"url\":\"https:\\\/\\\/visionarymarketing.com\\\/wp-content\\\/uploads\\\/2022\\\/07\\\/heart_3236270-e1658327821835.jpg\",\"contentUrl\":\"https:\\\/\\\/visionarymarketing.com\\\/wp-content\\\/uploads\\\/2022\\\/07\\\/heart_3236270-e1658327821835.jpg\",\"width\":519,\"height\":340},{\"@type\":\"BreadcrumbList\",\"@id\":\"https:\\\/\\\/visionarymarketing.com\\\/fr\\\/2019\\\/10\\\/08\\\/coeur-de-metier\\\/#breadcrumb\",\"itemListElement\":[{\"@type\":\"ListItem\",\"position\":1,\"name\":\"Home\",\"item\":\"https:\\\/\\\/visionarymarketing.com\\\/fr\\\/\"},{\"@type\":\"ListItem\",\"position\":2,\"name\":\"La question cruciale du c\u0153ur de m\u00e9tier \u00e0 l&rsquo;\u00e8re du digital\"}]},{\"@type\":\"WebSite\",\"@id\":\"https:\\\/\\\/visionarymarketing.com\\\/fr\\\/#website\",\"url\":\"https:\\\/\\\/visionarymarketing.com\\\/fr\\\/\",\"name\":\"Marketing and Innovation\",\"description\":\"Site d&#039;infos ind\u00e9pendant, depuis 1996\",\"potentialAction\":[{\"@type\":\"SearchAction\",\"target\":{\"@type\":\"EntryPoint\",\"urlTemplate\":\"https:\\\/\\\/visionarymarketing.com\\\/fr\\\/?s={search_term_string}\"},\"query-input\":{\"@type\":\"PropertyValueSpecification\",\"valueRequired\":true,\"valueName\":\"search_term_string\"}}],\"inLanguage\":\"fr-FR\"},{\"@type\":\"Person\",\"@id\":\"https:\\\/\\\/visionarymarketing.com\\\/fr\\\/#\\\/schema\\\/person\\\/3754fee1e558f47b8deb46f53c37423e\",\"name\":\"Yann Gourvennec\",\"image\":{\"@type\":\"ImageObject\",\"inLanguage\":\"fr-FR\",\"@id\":\"https:\\\/\\\/secure.gravatar.com\\\/avatar\\\/5972001801e8de5692a3e31224e85769f50a55fb8b679749f9c8d1868cceff14?s=96&d=initials&r=g&initials=yg\",\"url\":\"https:\\\/\\\/secure.gravatar.com\\\/avatar\\\/5972001801e8de5692a3e31224e85769f50a55fb8b679749f9c8d1868cceff14?s=96&d=initials&r=g&initials=yg\",\"contentUrl\":\"https:\\\/\\\/secure.gravatar.com\\\/avatar\\\/5972001801e8de5692a3e31224e85769f50a55fb8b679749f9c8d1868cceff14?s=96&d=initials&r=g&initials=yg\",\"caption\":\"Yann Gourvennec\"},\"description\":\"Yann Gourvennec created visionarymarketing.com in 1996. He is a speaker and author of many books. In 2014 he went from intrapreneur to entrepreneur, when he created his digital marketing agency. Yann Gourvennec a cr\u00e9\u00e9 visionarymarketing.com en 1996. Il est conf\u00e9rencier et auteur de plusieurs livres. En 2014, il est pass\u00e9 d'intrapreneur \u00e0 entrepreneur en cr\u00e9ant son agence de marketing num\u00e9rique.\",\"sameAs\":[\"https:\\\/\\\/visionarymarketing.com\",\"http:\\\/\\\/facebook.com\\\/ygourven\",\"http:\\\/\\\/linkedin.com\\\/in\\\/ygourven\",\"https:\\\/\\\/x.com\\\/ygourven\",\"https:\\\/\\\/www.youtube.com\\\/c\\\/visionarymarketingagency\"],\"url\":\"https:\\\/\\\/visionarymarketing.com\\\/fr\\\/author\\\/yann-gourvennec\\\/\"}]}<\/script>\n<!-- \/ Yoast SEO plugin. -->","yoast_head_json":{"title":"C\u0153ur de m\u00e9tier : cette question centrale m\u00eame \u00e0 l'\u00e8re du digital","description":"La question de son c\u0153ur de m\u00e9tier, et de savoir quel est son m\u00e9tier tout court, est une question cruciale qu'il faut imp\u00e9rativement se poser.","robots":{"index":"index","follow":"follow","max-snippet":"max-snippet:-1","max-image-preview":"max-image-preview:large","max-video-preview":"max-video-preview:-1"},"canonical":"https:\/\/visionarymarketing.com\/fr\/2019\/10\/08\/coeur-de-metier\/","og_locale":"fr_FR","og_type":"article","og_title":"C\u0153ur de m\u00e9tier : cette question centrale m\u00eame \u00e0 l'\u00e8re du digital","og_description":"La question de son c\u0153ur de m\u00e9tier, et de savoir quel est son m\u00e9tier tout court, est une question cruciale qu'il faut imp\u00e9rativement se poser.","og_url":"https:\/\/visionarymarketing.com\/fr\/2019\/10\/08\/coeur-de-metier\/","og_site_name":"Marketing and Innovation","article_publisher":"https:\/\/www.facebook.com\/vismktg","article_author":"http:\/\/facebook.com\/ygourven","article_published_time":"2019-10-08T06:45:43+00:00","article_modified_time":"2023-04-11T08:29:06+00:00","og_image":[{"width":519,"height":340,"url":"https:\/\/visionarymarketing.com\/wp-content\/uploads\/2022\/07\/heart_3236270-e1658327821835.jpg","type":"image\/jpeg"}],"author":"Yann Gourvennec","twitter_card":"summary_large_image","twitter_creator":"@ygourven","twitter_site":"@ygourven","twitter_misc":{"\u00c9crit par":"Yann Gourvennec","Dur\u00e9e de lecture estim\u00e9e":"9 minutes"},"schema":{"@context":"https:\/\/schema.org","@graph":[{"@type":"NewsArticle","@id":"https:\/\/visionarymarketing.com\/fr\/2019\/10\/08\/coeur-de-metier\/#article","isPartOf":{"@id":"https:\/\/visionarymarketing.com\/fr\/2019\/10\/08\/coeur-de-metier\/"},"author":{"name":"Yann Gourvennec","@id":"https:\/\/visionarymarketing.com\/fr\/#\/schema\/person\/3754fee1e558f47b8deb46f53c37423e"},"headline":"La question cruciale du c\u0153ur de m\u00e9tier \u00e0 l&rsquo;\u00e8re du digital","datePublished":"2019-10-08T06:45:43+00:00","dateModified":"2023-04-11T08:29:06+00:00","mainEntityOfPage":{"@id":"https:\/\/visionarymarketing.com\/fr\/2019\/10\/08\/coeur-de-metier\/"},"wordCount":2048,"commentCount":1,"image":{"@id":"https:\/\/visionarymarketing.com\/fr\/2019\/10\/08\/coeur-de-metier\/#primaryimage"},"thumbnailUrl":"https:\/\/visionarymarketing.com\/wp-content\/uploads\/2022\/07\/heart_3236270-e1658327821835.jpg","articleSection":["Transformation"],"inLanguage":"fr-FR","potentialAction":[{"@type":"CommentAction","name":"Comment","target":["https:\/\/visionarymarketing.com\/fr\/2019\/10\/08\/coeur-de-metier\/#respond"]}]},{"@type":"WebPage","@id":"https:\/\/visionarymarketing.com\/fr\/2019\/10\/08\/coeur-de-metier\/","url":"https:\/\/visionarymarketing.com\/fr\/2019\/10\/08\/coeur-de-metier\/","name":"C\u0153ur de m\u00e9tier : cette question centrale m\u00eame \u00e0 l'\u00e8re du digital","isPartOf":{"@id":"https:\/\/visionarymarketing.com\/fr\/#website"},"primaryImageOfPage":{"@id":"https:\/\/visionarymarketing.com\/fr\/2019\/10\/08\/coeur-de-metier\/#primaryimage"},"image":{"@id":"https:\/\/visionarymarketing.com\/fr\/2019\/10\/08\/coeur-de-metier\/#primaryimage"},"thumbnailUrl":"https:\/\/visionarymarketing.com\/wp-content\/uploads\/2022\/07\/heart_3236270-e1658327821835.jpg","datePublished":"2019-10-08T06:45:43+00:00","dateModified":"2023-04-11T08:29:06+00:00","author":{"@id":"https:\/\/visionarymarketing.com\/fr\/#\/schema\/person\/3754fee1e558f47b8deb46f53c37423e"},"description":"La question de son c\u0153ur de m\u00e9tier, et de savoir quel est son m\u00e9tier tout court, est une question cruciale qu'il faut imp\u00e9rativement se poser.","breadcrumb":{"@id":"https:\/\/visionarymarketing.com\/fr\/2019\/10\/08\/coeur-de-metier\/#breadcrumb"},"inLanguage":"fr-FR","potentialAction":[{"@type":"ReadAction","target":["https:\/\/visionarymarketing.com\/fr\/2019\/10\/08\/coeur-de-metier\/"]}]},{"@type":"ImageObject","inLanguage":"fr-FR","@id":"https:\/\/visionarymarketing.com\/fr\/2019\/10\/08\/coeur-de-metier\/#primaryimage","url":"https:\/\/visionarymarketing.com\/wp-content\/uploads\/2022\/07\/heart_3236270-e1658327821835.jpg","contentUrl":"https:\/\/visionarymarketing.com\/wp-content\/uploads\/2022\/07\/heart_3236270-e1658327821835.jpg","width":519,"height":340},{"@type":"BreadcrumbList","@id":"https:\/\/visionarymarketing.com\/fr\/2019\/10\/08\/coeur-de-metier\/#breadcrumb","itemListElement":[{"@type":"ListItem","position":1,"name":"Home","item":"https:\/\/visionarymarketing.com\/fr\/"},{"@type":"ListItem","position":2,"name":"La question cruciale du c\u0153ur de m\u00e9tier \u00e0 l&rsquo;\u00e8re du digital"}]},{"@type":"WebSite","@id":"https:\/\/visionarymarketing.com\/fr\/#website","url":"https:\/\/visionarymarketing.com\/fr\/","name":"Marketing and Innovation","description":"Site d&#039;infos ind\u00e9pendant, depuis 1996","potentialAction":[{"@type":"SearchAction","target":{"@type":"EntryPoint","urlTemplate":"https:\/\/visionarymarketing.com\/fr\/?s={search_term_string}"},"query-input":{"@type":"PropertyValueSpecification","valueRequired":true,"valueName":"search_term_string"}}],"inLanguage":"fr-FR"},{"@type":"Person","@id":"https:\/\/visionarymarketing.com\/fr\/#\/schema\/person\/3754fee1e558f47b8deb46f53c37423e","name":"Yann Gourvennec","image":{"@type":"ImageObject","inLanguage":"fr-FR","@id":"https:\/\/secure.gravatar.com\/avatar\/5972001801e8de5692a3e31224e85769f50a55fb8b679749f9c8d1868cceff14?s=96&d=initials&r=g&initials=yg","url":"https:\/\/secure.gravatar.com\/avatar\/5972001801e8de5692a3e31224e85769f50a55fb8b679749f9c8d1868cceff14?s=96&d=initials&r=g&initials=yg","contentUrl":"https:\/\/secure.gravatar.com\/avatar\/5972001801e8de5692a3e31224e85769f50a55fb8b679749f9c8d1868cceff14?s=96&d=initials&r=g&initials=yg","caption":"Yann Gourvennec"},"description":"Yann Gourvennec created visionarymarketing.com in 1996. He is a speaker and author of many books. In 2014 he went from intrapreneur to entrepreneur, when he created his digital marketing agency. Yann Gourvennec a cr\u00e9\u00e9 visionarymarketing.com en 1996. Il est conf\u00e9rencier et auteur de plusieurs livres. En 2014, il est pass\u00e9 d'intrapreneur \u00e0 entrepreneur en cr\u00e9ant son agence de marketing num\u00e9rique.","sameAs":["https:\/\/visionarymarketing.com","http:\/\/facebook.com\/ygourven","http:\/\/linkedin.com\/in\/ygourven","https:\/\/x.com\/ygourven","https:\/\/www.youtube.com\/c\/visionarymarketingagency"],"url":"https:\/\/visionarymarketing.com\/fr\/author\/yann-gourvennec\/"}]}},"_links":{"self":[{"href":"https:\/\/visionarymarketing.com\/fr\/wp-json\/wp\/v2\/posts\/33292","targetHints":{"allow":["GET"]}}],"collection":[{"href":"https:\/\/visionarymarketing.com\/fr\/wp-json\/wp\/v2\/posts"}],"about":[{"href":"https:\/\/visionarymarketing.com\/fr\/wp-json\/wp\/v2\/types\/post"}],"author":[{"embeddable":true,"href":"https:\/\/visionarymarketing.com\/fr\/wp-json\/wp\/v2\/users\/2"}],"replies":[{"embeddable":true,"href":"https:\/\/visionarymarketing.com\/fr\/wp-json\/wp\/v2\/comments?post=33292"}],"version-history":[{"count":0,"href":"https:\/\/visionarymarketing.com\/fr\/wp-json\/wp\/v2\/posts\/33292\/revisions"}],"wp:featuredmedia":[{"embeddable":true,"href":"https:\/\/visionarymarketing.com\/fr\/wp-json\/wp\/v2\/media\/70638"}],"wp:attachment":[{"href":"https:\/\/visionarymarketing.com\/fr\/wp-json\/wp\/v2\/media?parent=33292"}],"wp:term":[{"taxonomy":"category","embeddable":true,"href":"https:\/\/visionarymarketing.com\/fr\/wp-json\/wp\/v2\/categories?post=33292"},{"taxonomy":"post_tag","embeddable":true,"href":"https:\/\/visionarymarketing.com\/fr\/wp-json\/wp\/v2\/tags?post=33292"}],"curies":[{"name":"wp","href":"https:\/\/api.w.org\/{rel}","templated":true}]}}