{"id":3309,"date":"2010-11-08T07:01:02","date_gmt":"2010-11-08T07:01:02","guid":{"rendered":"http:\/\/visionary.wordpress.com\/?p=3309"},"modified":"2022-03-12T11:49:04","modified_gmt":"2022-03-12T10:49:04","slug":"marketing-reloaded","status":"publish","type":"post","link":"https:\/\/visionarymarketing.com\/fr\/2010\/11\/08\/marketing-reloaded\/","title":{"rendered":"Marketing reloaded avec l&rsquo;Adetem le 09\/12\/2010 \u00e0 Sciences Po"},"content":{"rendered":"<p><em><a href=\"http:\/\/jnmmarketingreloaded.blogsmarketing.adetem.org\/media\/00\/01\/1600985743.pdf\" target=\"_blank\" rel=\"noopener noreferrer\"><img decoding=\"async\" class=\"size-medium wp-image-3317 alignright\" style=\"margin: 10px;\" title=\"adetem-jnm-marketing-reloaded-9-decembre-2010\" src=\"https:\/\/visionarymarketing.com\/wp-content\/uploads\/2010\/11\/adetem-jnm-marketing-reloaded-9-decembre-2010.jpg?w=178\" alt=\"\" width=\"178\" height=\"300\" \/><\/a><\/em>l&rsquo;<a title=\"Adetem - Journ\u00e9e nationale du Marketing\" href=\"http:\/\/www.adetem.org\/index.php?th=303\" target=\"_blank\" rel=\"noopener noreferrer\">Adetem<\/a>, sous l&rsquo;impulsion de son audacieux co-pr\u00e9sident, notre ami et confr\u00e8re <a href=\"http:\/\/marketingisdead.blogspirit.com\/archive\/2010\/11\/01\/marketing-reloaded.html\" target=\"_blank\" rel=\"noopener noreferrer\">Fran\u00e7ois Laurent<\/a>, on annonce la couleur : \u00ab\u00a0Marketing Reloaded\u00a0\u00bb &#8211; un titre qui rappellera des souvenirs aux fans de <a title=\"https:\/\/en.wikipedia.org\/wiki\/The_Matrix_Reloaded\" href=\"https:\/\/en.wikipedia.org\/wiki\/The_Matrix_Reloaded\" target=\"_blank\" rel=\"noopener noreferrer\">The Matrix<\/a>, nous annonce tout de go que le <em>Marketing est en mouvement et en r\u00e9flexion sur sa propre existence, ses valeurs, son efficacit\u00e9 et son futur ; une r\u00e9flexion \u00e0 laquelle les lecteurs de <a title=\"visionary marketing\" href=\"https:\/\/agence.visionarymarketing.com\/fr\/\" target=\"_blank\" rel=\"noopener noreferrer\">Visionary Marketing<\/a> ont \u00e9t\u00e9 associ\u00e9s depuis 15 ans. Et il est vrai que cette r\u00e9flexion n&rsquo;est plus une chose isol\u00e9e, qui concerne uniquement quelques \u00ab\u00a0marketo-sociologues\u00a0\u00bb \u00e9chevel\u00e9s. <\/em><\/p>\n<p><em>Le changement est l\u00e0, on peut le palper, c&rsquo;est en train de se passer : autant de raisons de venir le<strong> Jeudi 9 d\u00e9cembre 2010<\/strong> \u00e0 <strong>Sciences Po<\/strong> pour ne rien rater des d\u00e9bats d&rsquo;experts, auxquels j&rsquo;aurai l&rsquo;honneur de participer. <strong><span style=\"color: #ff0000;\">J&rsquo;y d\u00e9voilerai d&rsquo;ailleurs en exclusivit\u00e9<\/span> un chapitre de notre ouvrage qui sortira en d\u00e9but 2011 \u00ab\u00a0<span class=\"removed_link\" title=\"http:\/\/france.media-aces.org\/les-medias-sociaux-expliques-a-mon-boss\/\">les m\u00e9dias sociaux expliqu\u00e9s \u00e0 mon boss<\/span>\u00ab\u00a0<\/strong> dans lequel notre exp\u00e9rience chez <span class=\"removed_link\" title=\"http:\/\/blogs.orange-business.com\">Orange Business Services<\/span> est &#8211; avec celles des autres membres de <a title=\"Media Aces\" href=\"https:\/\/web.archive.org\/web\/20120919101829\/http:\/\/france.media-aces.org\/\" target=\"_blank\" rel=\"noopener noreferrer\">Media-Aces<\/a> &#8211;\u00a0\u00e0 l&rsquo;honneur.<\/em><!--more--><\/p>\n<p>\u00ab\u00a0Parce que la vitesse croissante des flux d\u2019information, l\u2019acc\u00e9l\u00e9ration des innovations technologiques mais aussi la crise ont chang\u00e9 la donne pour les entreprises, le marketing est aujourd\u2019hui directement impact\u00e9 ! Pour ses 10 ans, la Journ\u00e9e Nationale du Marketing se devait donc dresser un bilan de l\u2019\u00e9volution de notre fonction et de ses outils pour mieux appr\u00e9hender un avenir certes encore incertain, mais tr\u00e8s largement stimulant pour notre profession. Quel sera l\u2019impact d\u2019Internet et des nouvelles technologies sur les prochaines ann\u00e9es en termes de comportement de consommation, de nouveaux usages et de cr\u00e9ation de valeur pour le marketing ? Comment s\u2019approprier les derni\u00e8res innovations pour accro\u00eetre son ROI ?<\/p>\n<p>La mobilit\u00e9 est-elle le nouvel eldorado du marketing ? Quels sont les m\u00e9tiers marketing de demain ? Comment le marketer peut-il concilier cr\u00e9ativit\u00e9 et rentabilit\u00e9 sans sombrer dans la schizophr\u00e9nie ? Quels nouveaux territoires notre profession doit-elle explorer et comment adapter des mod\u00e8les devenus parfois inop\u00e9rants ? etc. C\u2019est \u00e0 toutes ces questions et bien plus encore que l\u2019Adetem vous invite \u00e0 r\u00e9pondre. Car autour des meilleurs orateurs pr\u00e9sents \u00e0 Sciences-Po, partenaire officiel de cette \u00e9dition anniversaire, notre association vous invite \u00e0 entrer dans un processus de partage, \u00e0 vous exprimer, \u00e0 d\u00e9battre pour vous enrichir les uns les autres.<\/p>\n<p>Car nous ne pouvions \u00e9videmment pr\u00f4ner l\u2019\u00e9change sans le mettre en pratique ! Bar-Camp et Twittage seront donc au rendez-vous pour que vous soyez acteur de l\u2019\u00e9v\u00e9nement et regagniez vos entreprises, vos marques, vos travaux de recherche le cerveau oxyg\u00e9n\u00e9, libre et inspir\u00e9 ! Pourquoi Marketing Reloaded : parce qu\u2019il est temps de livrer une r\u00e9flexion critique sur notre m\u00e9tier, de \u201drecharger\u201d le sens du marketing ; il faut oser abandonner des mod\u00e8les inadapt\u00e9s, r\u00e9ajuster des solutions existantes en apprenant du pass\u00e9 pour mieux optimiser l\u2019avenir. Gr\u00e2ce au retour d\u2019exp\u00e9rience de nos orateurs et \u00e0 la vision prospective de nos key speakers, venez \u201dreloader\u201d votre vision et votre pratique du marketing !<\/p>\n<p><strong> &gt;&gt;\u00a0<a href=\"https:\/\/visionarymarketing.com\/wp-content\/uploads\/2010\/11\/marketing-reloaded-adetem-9-decembre-2010.pdf\"><strong>t\u00e9l\u00e9charger la brochure de l&rsquo;Adetem \u00ab\u00a0M<\/strong>arketing Reloaded\u00a0\u00bb du 9 decembre 2010<\/a><\/strong><\/p>\n<p>https:\/\/visionarymarketing.com\/wp-content\/uploads\/2010\/11\/1600985743.pdf<\/p>\n","protected":false},"excerpt":{"rendered":"<p>l&rsquo;Adetem, sous l&rsquo;impulsion de son audacieux co-pr\u00e9sident, notre ami et confr\u00e8re Fran\u00e7ois Laurent, on annonce la couleur : \u00ab\u00a0Marketing Reloaded\u00a0\u00bb &#8211; un titre qui rappellera des souvenirs aux fans de The Matrix, nous annonce tout de go que le Marketing est en mouvement et en r\u00e9flexion sur sa propre existence, ses valeurs, son efficacit\u00e9 et &hellip;<\/p>\n","protected":false},"author":2,"featured_media":42406,"comment_status":"open","ping_status":"open","sticky":false,"template":"","format":"standard","meta":{"footnotes":""},"categories":[10,121,248],"tags":[],"class_list":["post-3309","post","type-post","status-publish","format-standard","has-post-thumbnail","hentry","category-collaboration-et-teletravail","category-e-business","category-livres-marketing"],"yoast_head":"<!-- This site is optimized with the Yoast SEO plugin v27.4 - https:\/\/yoast.com\/product\/yoast-seo-wordpress\/ -->\n<title>Marketing reloaded avec l&#039;Adetem le 09\/12\/2010 \u00e0 Sciences Po<\/title>\n<meta name=\"description\" content=\"l&#039;Adetem, sous l&#039;impulsion de son audacieux co-pr\u00e9sident, notre ami et confr\u00e8re Fran\u00e7ois Laurent, on annonce la couleur : &quot;Marketing Reloaded&quot; - un titre\" \/>\n<meta name=\"robots\" content=\"index, follow, max-snippet:-1, max-image-preview:large, max-video-preview:-1\" \/>\n<link rel=\"canonical\" href=\"https:\/\/visionarymarketing.com\/fr\/2010\/11\/08\/marketing-reloaded\/\" \/>\n<meta property=\"og:locale\" content=\"fr_FR\" \/>\n<meta property=\"og:type\" content=\"article\" \/>\n<meta property=\"og:title\" content=\"Marketing reloaded avec l&#039;Adetem le 09\/12\/2010 \u00e0 Sciences Po\" \/>\n<meta property=\"og:description\" content=\"l&#039;Adetem, sous l&#039;impulsion de son audacieux co-pr\u00e9sident, notre ami et confr\u00e8re Fran\u00e7ois Laurent, on annonce la couleur : &quot;Marketing Reloaded&quot; - un titre\" \/>\n<meta property=\"og:url\" content=\"https:\/\/visionarymarketing.com\/fr\/2010\/11\/08\/marketing-reloaded\/\" \/>\n<meta property=\"og:site_name\" content=\"Marketing and Innovation\" \/>\n<meta property=\"article:publisher\" content=\"https:\/\/www.facebook.com\/vismktg\" \/>\n<meta property=\"article:author\" content=\"http:\/\/facebook.com\/ygourven\" \/>\n<meta property=\"article:published_time\" content=\"2010-11-08T07:01:02+00:00\" \/>\n<meta property=\"article:modified_time\" content=\"2022-03-12T10:49:04+00:00\" \/>\n<meta property=\"og:image\" content=\"https:\/\/visionarymarketing.com\/wp-content\/uploads\/2010\/02\/image_262-1.jpg\" \/>\n\t<meta property=\"og:image:width\" content=\"640\" \/>\n\t<meta property=\"og:image:height\" content=\"480\" \/>\n\t<meta property=\"og:image:type\" content=\"image\/jpeg\" \/>\n<meta name=\"author\" content=\"Yann Gourvennec\" \/>\n<meta name=\"twitter:card\" content=\"summary_large_image\" \/>\n<meta name=\"twitter:creator\" content=\"@ygourven\" \/>\n<meta name=\"twitter:site\" content=\"@ygourven\" \/>\n<meta name=\"twitter:label1\" content=\"\u00c9crit par\" \/>\n\t<meta name=\"twitter:data1\" content=\"Yann Gourvennec\" \/>\n\t<meta name=\"twitter:label2\" content=\"Dur\u00e9e de lecture estim\u00e9e\" \/>\n\t<meta name=\"twitter:data2\" content=\"3 minutes\" \/>\n<script type=\"application\/ld+json\" class=\"yoast-schema-graph\">{\"@context\":\"https:\\\/\\\/schema.org\",\"@graph\":[{\"@type\":\"NewsArticle\",\"@id\":\"https:\\\/\\\/visionarymarketing.com\\\/fr\\\/2010\\\/11\\\/08\\\/marketing-reloaded\\\/#article\",\"isPartOf\":{\"@id\":\"https:\\\/\\\/visionarymarketing.com\\\/fr\\\/2010\\\/11\\\/08\\\/marketing-reloaded\\\/\"},\"author\":{\"name\":\"Yann Gourvennec\",\"@id\":\"https:\\\/\\\/visionarymarketing.com\\\/fr\\\/#\\\/schema\\\/person\\\/3754fee1e558f47b8deb46f53c37423e\"},\"headline\":\"Marketing reloaded avec l&rsquo;Adetem le 09\\\/12\\\/2010 \u00e0 Sciences Po\",\"datePublished\":\"2010-11-08T07:01:02+00:00\",\"dateModified\":\"2022-03-12T10:49:04+00:00\",\"mainEntityOfPage\":{\"@id\":\"https:\\\/\\\/visionarymarketing.com\\\/fr\\\/2010\\\/11\\\/08\\\/marketing-reloaded\\\/\"},\"wordCount\":558,\"commentCount\":0,\"image\":{\"@id\":\"https:\\\/\\\/visionarymarketing.com\\\/fr\\\/2010\\\/11\\\/08\\\/marketing-reloaded\\\/#primaryimage\"},\"thumbnailUrl\":\"https:\\\/\\\/visionarymarketing.com\\\/wp-content\\\/uploads\\\/2010\\\/02\\\/image_262-1.jpg\",\"articleSection\":[\"collaboration \\\/ t\u00e9l\u00e9travail\",\"e-business \\\/ e-commerce\",\"livres marketing\"],\"inLanguage\":\"fr-FR\",\"potentialAction\":[{\"@type\":\"CommentAction\",\"name\":\"Comment\",\"target\":[\"https:\\\/\\\/visionarymarketing.com\\\/fr\\\/2010\\\/11\\\/08\\\/marketing-reloaded\\\/#respond\"]}]},{\"@type\":\"WebPage\",\"@id\":\"https:\\\/\\\/visionarymarketing.com\\\/fr\\\/2010\\\/11\\\/08\\\/marketing-reloaded\\\/\",\"url\":\"https:\\\/\\\/visionarymarketing.com\\\/fr\\\/2010\\\/11\\\/08\\\/marketing-reloaded\\\/\",\"name\":\"Marketing reloaded avec l'Adetem le 09\\\/12\\\/2010 \u00e0 Sciences Po\",\"isPartOf\":{\"@id\":\"https:\\\/\\\/visionarymarketing.com\\\/fr\\\/#website\"},\"primaryImageOfPage\":{\"@id\":\"https:\\\/\\\/visionarymarketing.com\\\/fr\\\/2010\\\/11\\\/08\\\/marketing-reloaded\\\/#primaryimage\"},\"image\":{\"@id\":\"https:\\\/\\\/visionarymarketing.com\\\/fr\\\/2010\\\/11\\\/08\\\/marketing-reloaded\\\/#primaryimage\"},\"thumbnailUrl\":\"https:\\\/\\\/visionarymarketing.com\\\/wp-content\\\/uploads\\\/2010\\\/02\\\/image_262-1.jpg\",\"datePublished\":\"2010-11-08T07:01:02+00:00\",\"dateModified\":\"2022-03-12T10:49:04+00:00\",\"author\":{\"@id\":\"https:\\\/\\\/visionarymarketing.com\\\/fr\\\/#\\\/schema\\\/person\\\/3754fee1e558f47b8deb46f53c37423e\"},\"description\":\"l'Adetem, sous l'impulsion de son audacieux co-pr\u00e9sident, notre ami et confr\u00e8re Fran\u00e7ois Laurent, on annonce la couleur : \\\"Marketing Reloaded\\\" - un titre\",\"breadcrumb\":{\"@id\":\"https:\\\/\\\/visionarymarketing.com\\\/fr\\\/2010\\\/11\\\/08\\\/marketing-reloaded\\\/#breadcrumb\"},\"inLanguage\":\"fr-FR\",\"potentialAction\":[{\"@type\":\"ReadAction\",\"target\":[\"https:\\\/\\\/visionarymarketing.com\\\/fr\\\/2010\\\/11\\\/08\\\/marketing-reloaded\\\/\"]}]},{\"@type\":\"ImageObject\",\"inLanguage\":\"fr-FR\",\"@id\":\"https:\\\/\\\/visionarymarketing.com\\\/fr\\\/2010\\\/11\\\/08\\\/marketing-reloaded\\\/#primaryimage\",\"url\":\"https:\\\/\\\/visionarymarketing.com\\\/wp-content\\\/uploads\\\/2010\\\/02\\\/image_262-1.jpg\",\"contentUrl\":\"https:\\\/\\\/visionarymarketing.com\\\/wp-content\\\/uploads\\\/2010\\\/02\\\/image_262-1.jpg\",\"width\":640,\"height\":480},{\"@type\":\"BreadcrumbList\",\"@id\":\"https:\\\/\\\/visionarymarketing.com\\\/fr\\\/2010\\\/11\\\/08\\\/marketing-reloaded\\\/#breadcrumb\",\"itemListElement\":[{\"@type\":\"ListItem\",\"position\":1,\"name\":\"Home\",\"item\":\"https:\\\/\\\/visionarymarketing.com\\\/fr\\\/\"},{\"@type\":\"ListItem\",\"position\":2,\"name\":\"Marketing reloaded avec l&rsquo;Adetem le 09\\\/12\\\/2010 \u00e0 Sciences Po\"}]},{\"@type\":\"WebSite\",\"@id\":\"https:\\\/\\\/visionarymarketing.com\\\/fr\\\/#website\",\"url\":\"https:\\\/\\\/visionarymarketing.com\\\/fr\\\/\",\"name\":\"Marketing and Innovation\",\"description\":\"Site d&#039;infos ind\u00e9pendant, depuis 1996\",\"potentialAction\":[{\"@type\":\"SearchAction\",\"target\":{\"@type\":\"EntryPoint\",\"urlTemplate\":\"https:\\\/\\\/visionarymarketing.com\\\/fr\\\/?s={search_term_string}\"},\"query-input\":{\"@type\":\"PropertyValueSpecification\",\"valueRequired\":true,\"valueName\":\"search_term_string\"}}],\"inLanguage\":\"fr-FR\"},{\"@type\":\"Person\",\"@id\":\"https:\\\/\\\/visionarymarketing.com\\\/fr\\\/#\\\/schema\\\/person\\\/3754fee1e558f47b8deb46f53c37423e\",\"name\":\"Yann Gourvennec\",\"image\":{\"@type\":\"ImageObject\",\"inLanguage\":\"fr-FR\",\"@id\":\"https:\\\/\\\/secure.gravatar.com\\\/avatar\\\/5972001801e8de5692a3e31224e85769f50a55fb8b679749f9c8d1868cceff14?s=96&d=initials&r=g&initials=yg\",\"url\":\"https:\\\/\\\/secure.gravatar.com\\\/avatar\\\/5972001801e8de5692a3e31224e85769f50a55fb8b679749f9c8d1868cceff14?s=96&d=initials&r=g&initials=yg\",\"contentUrl\":\"https:\\\/\\\/secure.gravatar.com\\\/avatar\\\/5972001801e8de5692a3e31224e85769f50a55fb8b679749f9c8d1868cceff14?s=96&d=initials&r=g&initials=yg\",\"caption\":\"Yann Gourvennec\"},\"description\":\"Yann Gourvennec created visionarymarketing.com in 1996. He is a speaker and author of many books. In 2014 he went from intrapreneur to entrepreneur, when he created his digital marketing agency. Yann Gourvennec a cr\u00e9\u00e9 visionarymarketing.com en 1996. Il est conf\u00e9rencier et auteur de plusieurs livres. En 2014, il est pass\u00e9 d'intrapreneur \u00e0 entrepreneur en cr\u00e9ant son agence de marketing num\u00e9rique.\",\"sameAs\":[\"https:\\\/\\\/visionarymarketing.com\",\"http:\\\/\\\/facebook.com\\\/ygourven\",\"http:\\\/\\\/linkedin.com\\\/in\\\/ygourven\",\"https:\\\/\\\/x.com\\\/ygourven\",\"https:\\\/\\\/www.youtube.com\\\/c\\\/visionarymarketingagency\"],\"url\":\"https:\\\/\\\/visionarymarketing.com\\\/fr\\\/author\\\/yann-gourvennec\\\/\"}]}<\/script>\n<!-- \/ Yoast SEO plugin. -->","yoast_head_json":{"title":"Marketing reloaded avec l'Adetem le 09\/12\/2010 \u00e0 Sciences Po","description":"l'Adetem, sous l'impulsion de son audacieux co-pr\u00e9sident, notre ami et confr\u00e8re Fran\u00e7ois Laurent, on annonce la couleur : \"Marketing Reloaded\" - un titre","robots":{"index":"index","follow":"follow","max-snippet":"max-snippet:-1","max-image-preview":"max-image-preview:large","max-video-preview":"max-video-preview:-1"},"canonical":"https:\/\/visionarymarketing.com\/fr\/2010\/11\/08\/marketing-reloaded\/","og_locale":"fr_FR","og_type":"article","og_title":"Marketing reloaded avec l'Adetem le 09\/12\/2010 \u00e0 Sciences Po","og_description":"l'Adetem, sous l'impulsion de son audacieux co-pr\u00e9sident, notre ami et confr\u00e8re Fran\u00e7ois Laurent, on annonce la couleur : \"Marketing Reloaded\" - un titre","og_url":"https:\/\/visionarymarketing.com\/fr\/2010\/11\/08\/marketing-reloaded\/","og_site_name":"Marketing and Innovation","article_publisher":"https:\/\/www.facebook.com\/vismktg","article_author":"http:\/\/facebook.com\/ygourven","article_published_time":"2010-11-08T07:01:02+00:00","article_modified_time":"2022-03-12T10:49:04+00:00","og_image":[{"width":640,"height":480,"url":"https:\/\/visionarymarketing.com\/wp-content\/uploads\/2010\/02\/image_262-1.jpg","type":"image\/jpeg"}],"author":"Yann Gourvennec","twitter_card":"summary_large_image","twitter_creator":"@ygourven","twitter_site":"@ygourven","twitter_misc":{"\u00c9crit par":"Yann Gourvennec","Dur\u00e9e de lecture estim\u00e9e":"3 minutes"},"schema":{"@context":"https:\/\/schema.org","@graph":[{"@type":"NewsArticle","@id":"https:\/\/visionarymarketing.com\/fr\/2010\/11\/08\/marketing-reloaded\/#article","isPartOf":{"@id":"https:\/\/visionarymarketing.com\/fr\/2010\/11\/08\/marketing-reloaded\/"},"author":{"name":"Yann Gourvennec","@id":"https:\/\/visionarymarketing.com\/fr\/#\/schema\/person\/3754fee1e558f47b8deb46f53c37423e"},"headline":"Marketing reloaded avec l&rsquo;Adetem le 09\/12\/2010 \u00e0 Sciences Po","datePublished":"2010-11-08T07:01:02+00:00","dateModified":"2022-03-12T10:49:04+00:00","mainEntityOfPage":{"@id":"https:\/\/visionarymarketing.com\/fr\/2010\/11\/08\/marketing-reloaded\/"},"wordCount":558,"commentCount":0,"image":{"@id":"https:\/\/visionarymarketing.com\/fr\/2010\/11\/08\/marketing-reloaded\/#primaryimage"},"thumbnailUrl":"https:\/\/visionarymarketing.com\/wp-content\/uploads\/2010\/02\/image_262-1.jpg","articleSection":["collaboration \/ t\u00e9l\u00e9travail","e-business \/ e-commerce","livres marketing"],"inLanguage":"fr-FR","potentialAction":[{"@type":"CommentAction","name":"Comment","target":["https:\/\/visionarymarketing.com\/fr\/2010\/11\/08\/marketing-reloaded\/#respond"]}]},{"@type":"WebPage","@id":"https:\/\/visionarymarketing.com\/fr\/2010\/11\/08\/marketing-reloaded\/","url":"https:\/\/visionarymarketing.com\/fr\/2010\/11\/08\/marketing-reloaded\/","name":"Marketing reloaded avec l'Adetem le 09\/12\/2010 \u00e0 Sciences Po","isPartOf":{"@id":"https:\/\/visionarymarketing.com\/fr\/#website"},"primaryImageOfPage":{"@id":"https:\/\/visionarymarketing.com\/fr\/2010\/11\/08\/marketing-reloaded\/#primaryimage"},"image":{"@id":"https:\/\/visionarymarketing.com\/fr\/2010\/11\/08\/marketing-reloaded\/#primaryimage"},"thumbnailUrl":"https:\/\/visionarymarketing.com\/wp-content\/uploads\/2010\/02\/image_262-1.jpg","datePublished":"2010-11-08T07:01:02+00:00","dateModified":"2022-03-12T10:49:04+00:00","author":{"@id":"https:\/\/visionarymarketing.com\/fr\/#\/schema\/person\/3754fee1e558f47b8deb46f53c37423e"},"description":"l'Adetem, sous l'impulsion de son audacieux co-pr\u00e9sident, notre ami et confr\u00e8re Fran\u00e7ois Laurent, on annonce la couleur : \"Marketing Reloaded\" - un titre","breadcrumb":{"@id":"https:\/\/visionarymarketing.com\/fr\/2010\/11\/08\/marketing-reloaded\/#breadcrumb"},"inLanguage":"fr-FR","potentialAction":[{"@type":"ReadAction","target":["https:\/\/visionarymarketing.com\/fr\/2010\/11\/08\/marketing-reloaded\/"]}]},{"@type":"ImageObject","inLanguage":"fr-FR","@id":"https:\/\/visionarymarketing.com\/fr\/2010\/11\/08\/marketing-reloaded\/#primaryimage","url":"https:\/\/visionarymarketing.com\/wp-content\/uploads\/2010\/02\/image_262-1.jpg","contentUrl":"https:\/\/visionarymarketing.com\/wp-content\/uploads\/2010\/02\/image_262-1.jpg","width":640,"height":480},{"@type":"BreadcrumbList","@id":"https:\/\/visionarymarketing.com\/fr\/2010\/11\/08\/marketing-reloaded\/#breadcrumb","itemListElement":[{"@type":"ListItem","position":1,"name":"Home","item":"https:\/\/visionarymarketing.com\/fr\/"},{"@type":"ListItem","position":2,"name":"Marketing reloaded avec l&rsquo;Adetem le 09\/12\/2010 \u00e0 Sciences Po"}]},{"@type":"WebSite","@id":"https:\/\/visionarymarketing.com\/fr\/#website","url":"https:\/\/visionarymarketing.com\/fr\/","name":"Marketing and Innovation","description":"Site d&#039;infos ind\u00e9pendant, depuis 1996","potentialAction":[{"@type":"SearchAction","target":{"@type":"EntryPoint","urlTemplate":"https:\/\/visionarymarketing.com\/fr\/?s={search_term_string}"},"query-input":{"@type":"PropertyValueSpecification","valueRequired":true,"valueName":"search_term_string"}}],"inLanguage":"fr-FR"},{"@type":"Person","@id":"https:\/\/visionarymarketing.com\/fr\/#\/schema\/person\/3754fee1e558f47b8deb46f53c37423e","name":"Yann Gourvennec","image":{"@type":"ImageObject","inLanguage":"fr-FR","@id":"https:\/\/secure.gravatar.com\/avatar\/5972001801e8de5692a3e31224e85769f50a55fb8b679749f9c8d1868cceff14?s=96&d=initials&r=g&initials=yg","url":"https:\/\/secure.gravatar.com\/avatar\/5972001801e8de5692a3e31224e85769f50a55fb8b679749f9c8d1868cceff14?s=96&d=initials&r=g&initials=yg","contentUrl":"https:\/\/secure.gravatar.com\/avatar\/5972001801e8de5692a3e31224e85769f50a55fb8b679749f9c8d1868cceff14?s=96&d=initials&r=g&initials=yg","caption":"Yann Gourvennec"},"description":"Yann Gourvennec created visionarymarketing.com in 1996. He is a speaker and author of many books. In 2014 he went from intrapreneur to entrepreneur, when he created his digital marketing agency. Yann Gourvennec a cr\u00e9\u00e9 visionarymarketing.com en 1996. Il est conf\u00e9rencier et auteur de plusieurs livres. En 2014, il est pass\u00e9 d'intrapreneur \u00e0 entrepreneur en cr\u00e9ant son agence de marketing num\u00e9rique.","sameAs":["https:\/\/visionarymarketing.com","http:\/\/facebook.com\/ygourven","http:\/\/linkedin.com\/in\/ygourven","https:\/\/x.com\/ygourven","https:\/\/www.youtube.com\/c\/visionarymarketingagency"],"url":"https:\/\/visionarymarketing.com\/fr\/author\/yann-gourvennec\/"}]}},"_links":{"self":[{"href":"https:\/\/visionarymarketing.com\/fr\/wp-json\/wp\/v2\/posts\/3309","targetHints":{"allow":["GET"]}}],"collection":[{"href":"https:\/\/visionarymarketing.com\/fr\/wp-json\/wp\/v2\/posts"}],"about":[{"href":"https:\/\/visionarymarketing.com\/fr\/wp-json\/wp\/v2\/types\/post"}],"author":[{"embeddable":true,"href":"https:\/\/visionarymarketing.com\/fr\/wp-json\/wp\/v2\/users\/2"}],"replies":[{"embeddable":true,"href":"https:\/\/visionarymarketing.com\/fr\/wp-json\/wp\/v2\/comments?post=3309"}],"version-history":[{"count":0,"href":"https:\/\/visionarymarketing.com\/fr\/wp-json\/wp\/v2\/posts\/3309\/revisions"}],"wp:featuredmedia":[{"embeddable":true,"href":"https:\/\/visionarymarketing.com\/fr\/wp-json\/wp\/v2\/media\/42406"}],"wp:attachment":[{"href":"https:\/\/visionarymarketing.com\/fr\/wp-json\/wp\/v2\/media?parent=3309"}],"wp:term":[{"taxonomy":"category","embeddable":true,"href":"https:\/\/visionarymarketing.com\/fr\/wp-json\/wp\/v2\/categories?post=3309"},{"taxonomy":"post_tag","embeddable":true,"href":"https:\/\/visionarymarketing.com\/fr\/wp-json\/wp\/v2\/tags?post=3309"}],"curies":[{"name":"wp","href":"https:\/\/api.w.org\/{rel}","templated":true}]}}