{"id":32777,"date":"2019-05-23T08:30:59","date_gmt":"2019-05-23T06:30:59","guid":{"rendered":"https:\/\/visionarymarketing.com\/?p=32777"},"modified":"2023-05-15T16:41:27","modified_gmt":"2023-05-15T14:41:27","slug":"innovation-changement","status":"publish","type":"post","link":"https:\/\/visionarymarketing.com\/fr\/2019\/05\/23\/innovation-changement\/","title":{"rendered":"Innovation : le changement n&rsquo;arrivera qu&rsquo;avec les enjeux de survie"},"content":{"rendered":"<p><i>En mati\u00e8re d&rsquo;innovation, seule l&rsquo;urgence \u2014 voire la survie \u2014 peut provoquer le changement nous a expliqu\u00e9 Patrick Pouyann\u00e9 de Total. J\u2019ai assist\u00e9 le 15 mai au cercle de r\u00e9flexion des <a href=\"https:\/\/web.archive.org\/web\/20230207235112\/https:\/\/www.rencontrescapitales.com\/\" target=\"_blank\" rel=\"noopener noreferrer\">Rencontres Capitales<\/a> \u00e0 l\u2019initiative de Laurent Collin de <a href=\"https:\/\/www.stonepower.fr\" target=\"_blank\" rel=\"noopener noreferrer\">Stonepower<\/a> partenaire et co-organisateur de ce colloque. Un moment privil\u00e9gi\u00e9 et enrichissant, qui m&rsquo;a interpell\u00e9, non seulement pour ce qui est des comp\u00e9tences d&rsquo;orateur et de manager du pr\u00e9sident de la grande soci\u00e9t\u00e9 p\u00e9troli\u00e8re, mais aussi en tant que point de d\u00e9part sur une r\u00e9flexion plus globale sur <a href=\"https:\/\/visionarymarketing.com\/2019\/04\/technologie-innovation\/\">l&rsquo;innovation<\/a>, la Soci\u00e9t\u00e9 et le futur de l&rsquo;humanit\u00e9 (rien que \u00e7a). Voici mes r\u00e9flexions, livr\u00e9es en toute candeur, moi qui ne revendique aucune comp\u00e9tence politique au-del\u00e0 de celle qui consiste \u00e0 mettre son bulletin dans l&rsquo;urne, notamment le 26 mai 2019.<\/i><\/p>\n<h2>Innovation : le changement n&rsquo;arrivera qu&rsquo;avec les enjeux de survie<\/h2>\n<figure id=\"attachment_32787\" aria-describedby=\"caption-attachment-32787\" style=\"width: 519px\" class=\"wp-caption aligncenter\"><img decoding=\"async\" class=\"wp-image-32787 size-full\" src=\"https:\/\/visionarymarketing.com\/wp-content\/uploads\/2019\/05\/OM3nuaiHRQCnniZbOUhRxg-e1558184228444.jpg\" alt=\"Innovation : le changement n'arrivera qu'avec les enjeux de survie\" width=\"519\" height=\"340\" \/><figcaption id=\"caption-attachment-32787\" class=\"wp-caption-text\">Patrick Pouyann\u00e9 dans la salle des d\u00e9bats de l\u2019Acad\u00e9mie des Sciences (19\u00e8me si\u00e8cle). Il nous y a d\u00e9clar\u00e9 qu&rsquo;en mati\u00e8re d&rsquo;innovation seule la survie qui provoque le changement\u00a0<\/figcaption><\/figure>\n<h3><b>Innovation : r\u00e9former l\u2019\u00e9nergie pour le transport ou r\u00e9former le travail qui consomme de l\u2019\u00e9nergie<\/b><\/h3>\n<p>Le cercle de r\u00e9flexion <i>Rencontres Capitales<\/i> a pour mission de reposer la notion de \u00ab progr\u00e8s\u00a0\u00bb<span class=\"Apple-converted-space\">\u00a0 <\/span>car pour citer les propos d\u2019une des organisatrices, \u00ab\u00a0on pourrait croire que la soci\u00e9t\u00e9 aurait le temps de prendre du recul sur car nous sommes d\u00e9barrass\u00e9s des contraintes mat\u00e9rielles de nos anc\u00eatres, mais il n\u2019en est rien\u00a0\u00bb. Et c\u2019est pour cela que les Rencontres Capitales ont pour but de r\u00e9fl\u00e9chir au progr\u00e8s technologique et \u00e0 son acceptation. Et l\u2019organisatrice de poursuivre \u00ab\u00a0une Soci\u00e9t\u00e9 qui douterait de la Science, est une Soci\u00e9t\u00e9 qui douterait d&rsquo;elle-m\u00eame\u00a0\u00bb.<i><span class=\"Apple-converted-space\">\u00a0<\/span><\/i><!--more--><\/p>\n<p>Avec cette r\u00e9union-d\u00e9bat organis\u00e9e par Rencontres Capitales \u00e0 l\u2019<a href=\"https:\/\/www.academie-sciences.fr\" target=\"_blank\" rel=\"noopener noreferrer\">Acad\u00e9mie des Sciences<\/a>, le provincial que je suis a non seulement d\u00e9couvert cette honorable institution, il a aussi appris que Think Tank se traduisait en fran\u00e7ais par \u00ab\u00a0Cercle de R\u00e9flexion\u00a0\u00bb. Encore qu\u2019un cercle aurait plut\u00f4t tendance \u00e0 tourner en rond et que Rencontres Capitales a au contraire pour ambition de nous faire avancer.<span class=\"Apple-converted-space\">\u00a0<\/span><\/p>\n<figure id=\"attachment_32794\" aria-describedby=\"caption-attachment-32794\" style=\"width: 650px\" class=\"wp-caption aligncenter\"><img decoding=\"async\" class=\"wp-image-32794 size-full\" src=\"https:\/\/visionarymarketing.com\/wp-content\/uploads\/2019\/05\/QHepaNmQvKqLyrRVP9vfw-e1558184348896.jpg\" alt=\"Innovation : le changement n'arrivera qu'avec les enjeux de survie\" width=\"650\" height=\"488\" srcset=\"https:\/\/visionarymarketing.com\/wp-content\/uploads\/2019\/05\/QHepaNmQvKqLyrRVP9vfw-e1558184348896.jpg 650w, https:\/\/visionarymarketing.com\/wp-content\/uploads\/2019\/05\/QHepaNmQvKqLyrRVP9vfw-e1558184348896-400x300.jpg 400w\" sizes=\"(max-width: 650px) 100vw, 650px\" \/><figcaption id=\"caption-attachment-32794\" class=\"wp-caption-text\">Ce n&rsquo;est sans doute plus une innovation au 21\u00e8me si\u00e8cle mais la cour de l&rsquo;Institut de France n&rsquo;en est pas moins superbe. Il est ironique qu&rsquo;on vienne parler de changement au sein d&rsquo;une institution aussi marqu\u00e9e par le temps.<\/figcaption><\/figure>\n<p><b>Prendre du recul par rapport \u00e0 l&rsquo;innovation et au changement<\/b><\/p>\n<p>Il s\u2019agissait de la premi\u00e8re Rencontre Capitale pr\u00e9paratoire des d\u00e9bats de 2020, nous a-t-on dit, et je remercie Laurent Collin de Stonepower de m\u2019avoir convi\u00e9 \u00e0 cette r\u00e9union prestigieuse qui m\u2019a permis, comme l\u2019a promis l\u2019organisatrice, de prendre du recul sur l\u2019innovation, un exercice trop rare mais bien utile.<span class=\"Apple-converted-space\">\u00a0<\/span><\/p>\n<p>Patrick Pouyann\u00e9 a la modestie des gens d&rsquo;exception qui sont en haut de l&rsquo;\u00e9chelle et semblent s&rsquo;excuser en se pr\u00e9sentant. Polytechnicien et ancien \u00e9l\u00e8ve de l&rsquo;Ecole des Mines, il \u00e9tait directeur de cabinet d&rsquo;un ministre \u00e0 32 ans, la voie royale au pays de Colbert.<span class=\"Apple-converted-space\">\u00a0<\/span><\/p>\n<p>Sa \u00ab\u00a0philosophie reste simple\u00a0\u00bb a-t-il confi\u00e9 \u00e0 l&rsquo;assembl\u00e9e, il s&rsquo;agit de \u00ab\u00a0regarder la r\u00e9alit\u00e9 en face et de trouver des solutions\u00a0\u00bb. Pour lui, ce parcours semble presque normal, ce qui peut para\u00eetre surr\u00e9aliste \u00e0 ceux qui, comme votre serviteur, sont toujours rest\u00e9s loin des institutions, m\u00eame dans une R\u00e9publique qui, \u00e0 cette \u00e9poque, \u00ab\u00a0faisait encore marcher l&rsquo;ascenseur social\u00a0\u00bb car ses origines sont modestes.<\/p>\n<p>Il est devenu PDG de TOTAL en 2014, \u00e0 l&rsquo;issue de la disparition accidentelle de Christophe de Margerie, surnomm\u00e9 affectueusement \u00ab\u00a0<a href=\"https:\/\/www.gqmagazine.fr\/pop-culture\/sorties\/articles\/hommage-a-christophe-big-moustache-de-margerie\/16192\" target=\"_blank\" rel=\"noopener noreferrer\">Big Moustache<\/a>\u00a0\u00bb par ses employ\u00e9s.<\/p>\n<p><b>Premi\u00e8re le\u00e7on d&rsquo;innovation : \u00ab\u00a0on change plus facilement face \u00e0 des enjeux de survie\u00a0\u00bb<\/b><\/p>\n<p>Arriv\u00e9 \u00e0 la t\u00eate de cette \u00e9norme entreprise, fleuron de l&rsquo;\u00e9conomie fran\u00e7aise, mais aussi marque d\u00e9cri\u00e9e et sous les feux roulants des activistes environnementaux et altermondialistes, il a d\u00fb imm\u00e9diatement faire face \u00e0 un mur d&rsquo;\u00e9conomies \u00e0 r\u00e9aliser.<span class=\"Apple-converted-space\">\u00a0<\/span><\/p>\n<figure id=\"attachment_32786\" aria-describedby=\"caption-attachment-32786\" style=\"width: 650px\" class=\"wp-caption aligncenter\"><img decoding=\"async\" class=\"wp-image-32786 size-full\" src=\"https:\/\/visionarymarketing.com\/wp-content\/uploads\/2019\/05\/JZTQSomTsqPKKkMzv72hg-e1558184542736.jpg\" alt=\"Innovation : le changement n'arrivera qu'avec les enjeux de survie\" width=\"650\" height=\"488\" srcset=\"https:\/\/visionarymarketing.com\/wp-content\/uploads\/2019\/05\/JZTQSomTsqPKKkMzv72hg-e1558184542736.jpg 650w, https:\/\/visionarymarketing.com\/wp-content\/uploads\/2019\/05\/JZTQSomTsqPKKkMzv72hg-e1558184542736-400x300.jpg 400w\" sizes=\"(max-width: 650px) 100vw, 650px\" \/><figcaption id=\"caption-attachment-32786\" class=\"wp-caption-text\">Le\u00e7on d&rsquo;innovation et de changement : \u00ab\u00a0on change plus facilement face \u00e0 des enjeux de survie\u00a0\u00bb<\/figcaption><\/figure>\n<p>On lui pr\u00e9senta alors une planche PowerPoint avec le nombre des licenciements qu&rsquo;il fallait effectuer. Cela aurait d\u00fb \u00eatre sa premi\u00e8re action en tant que Pr\u00e9sident de Total. Sa r\u00e9action fut tout autre : il jeta la planche \u00e0 la poubelle, expliqua \u00e0 ses conseillers que c&rsquo;\u00e9tait l&rsquo;ensemble de la soci\u00e9t\u00e9 qui devait changer et que faire des coupes sombres dans les effectifs n&rsquo;allait rien faire pour la transition \u00e9nerg\u00e9tique. Plusieurs ann\u00e9es plus tard ce pari-l\u00e0 \u00e9tait gagn\u00e9, plus besoin de faire des plans de d\u00e9parts massifs.<\/p>\n<p>Premi\u00e8re compagnie \u00e0 revenir en Iran (un choix qui sera sans doute plus difficile \u00e0 tenir avec les sanctions am\u00e9ricaines), Total se tourne vers l&rsquo;\u00e9nergie verte et bizarrement, ce sont les difficult\u00e9s qui ont rendu cela possible : \u00ab\u00a0R\u00e9former l&rsquo;entreprise, c&rsquo;est plus facile quand il y a des enjeux de survie\u00a0\u00bb a dit en substance Patrick Pouyann\u00e9.<\/p>\n<h3><b>Innovation : les Gaulois \u2014 et les autres \u2014 r\u00e9fractaires au changement<\/b><\/h3>\n<p>Car m\u00eame si certains on fustig\u00e9 les paroles maladroites sur les Gaulois r\u00e9fractaires, le constat de M. Pouyann\u00e9 est le m\u00eame : \u00ab\u00a0Les gens n&rsquo;aiment pas changer\u00a0\u00bb nous a-t-il confi\u00e9, un pr\u00e9cepte qui va au-del\u00e0 de la France et des Fran\u00e7ais soit dit en passant. \u00ab\u00a0Pour \u00eatre un leader, il faut \u00eatre courageux\u00a0\u00bb. Des paroles que ne renieraient pas Nicolas Hulot, pour les id\u00e9es duquel il me faut dire par transparence, que j&rsquo;ai des sympathies. En effet, \u00ab\u00a0il y [avait] des d\u00e9cisions qui tra\u00eenaient depuis des dizaines d&rsquo;ann\u00e9es\u00a0\u00bb, il fallait faire quelque chose car \u00ab\u00a0on attend des groupes majeurs comme Total de contribuer \u00e0 la Soci\u00e9t\u00e9 et notamment sur l&rsquo;insertion professionnelle\u00a0\u00bb a ajout\u00e9 le PDG de Total.<\/p>\n<h3><b>Innovation et changement : un ancien conseiller sur l&rsquo;environnement pour mener la transition \u00e9nerg\u00e9tique d&rsquo;un grand p\u00e9trolier<\/b><\/h3>\n<p>Patrick Pouyann\u00e9 a \u00e9t\u00e9 conseiller d&rsquo;Edouard Balladur sur l&rsquo;environnement et \u00ab\u00a0Total a reconnu le d\u00e9r\u00e8glement climatique d\u00e8s Thierry Desmaret\u00a0\u00bb a-t-il conc\u00e9d\u00e9 avant d&rsquo;avouer \u00ab\u00a0[qu&rsquo;]on a une responsabilit\u00e9\u00a0\u00bb. Mais voil\u00e0 toute l&rsquo;\u00e9quation, d&rsquo;ailleurs remarquablement mise en contexte par Hulot dans la vid\u00e9o ci-dessous : en m\u00eame temps l&rsquo;\u00e9nergie est essentielle au d\u00e9veloppement \u00e9conomique et qui plus est, \u00ab\u00a0c&rsquo;est un monde qui \u00e9volue constamment\u00a0\u00bb.<span class=\"Apple-converted-space\">\u00a0<\/span><\/p>\n<p>Cette \u00e9nergie a, selon Patrick Pouyann\u00e9, 3 caract\u00e9ristiques principales :<span class=\"Apple-converted-space\">\u00a0<\/span><\/p>\n<ul>\n<li>\u00catre disponible car encore aujourd&rsquo;hui, \u00ab\u00a01 milliard de personnes n&rsquo;y a pas acc\u00e8s\u00a0\u00bb (certains avancent que c&rsquo;est peut-\u00eatre ce qui donne un l\u00e9ger r\u00e9pit \u00e0 cette pauvre plan\u00e8te) ;<\/li>\n<li>\u00catre abordable, sinon \u2026 nous voyons le r\u00e9sultat depuis 6 mois tous les samedis dans nos rues et sur nos ronds-points (encore un probl\u00e8me selon le point de vue) ;<span class=\"Apple-converted-space\">\u00a0<\/span><\/li>\n<li>Et enfin elle doit \u00eatre (plus) propre car \u00ab\u00a0on n&rsquo;a plus le choix\u00a0\u00bb (pour une fois, tout le monde sera d&rsquo;accord, m\u00eame si c&rsquo;est moins une question de propret\u00e9 que d&rsquo;impact.<\/li>\n<\/ul>\n<p>En fait, \u00ab\u00a0le p\u00e9trole \u00e0 100$ a creus\u00e9 sa tombe\u00a0\u00bb selon le PDG de Total, <b>il a permis de d\u00e9velopper des alternatives qui sont rentables<\/b>. Hallelujah, enfin une bonne nouvelle.<\/p>\n<p><iframe title=\"\u00ab La plan\u00e8te est dans une situation de cancer tr\u00e8s avanc\u00e9 \u00bb, dit Nicolas Hulot\" width=\"500\" height=\"281\" src=\"https:\/\/www.youtube.com\/embed\/KoJM1yI2wKY?feature=oembed\" frameborder=\"0\" allow=\"accelerometer; autoplay; clipboard-write; encrypted-media; gyroscope; picture-in-picture; web-share\" referrerpolicy=\"strict-origin-when-cross-origin\" allowfullscreen><\/iframe><\/p>\n<h3><b>Innovation et changement : \u00ab\u00a0le probl\u00e8me insoluble de l&rsquo;espace temps\u00a0\u00bb<\/b><\/h3>\n<p>Le probl\u00e8me c&rsquo;est qu&rsquo;on ne sait toujours pas stocker l&rsquo;\u00e9lectricit\u00e9. C&rsquo;est ce que j&rsquo;avais appris en CM2, force est de constater que quelques d\u00e9cennies plus tard, l&rsquo;innovation promise n&rsquo;est pas arriv\u00e9e. Nous n&rsquo;arrivons toujours pas \u00e0 stocker l&rsquo;\u00e9lectricit\u00e9. M\u00eame mon ordinateur s&rsquo;essouffle assez vite quand j&rsquo;\u00e9cris des billets aussi grands (en fait je triche car une bonne partie a \u00e9t\u00e9 \u00e9crite cursivement sur ma tablette avec l&rsquo;application NEBO\u00a0\u00bb.<span class=\"Apple-converted-space\">\u00a0<\/span><\/p>\n<p>Il y aurait bien une solution, c&rsquo;est de changer nos modes de vie, de travail, de d\u00e9placement etc. Mais ce serait sans doute trop radical.<span class=\"Apple-converted-space\">\u00a0<\/span><\/p>\n<p>Quoiqu&rsquo;il en soit, ces freins au stockage de l&rsquo;\u00e9lectricit\u00e9 ont un bon c\u00f4t\u00e9, selon le PDG de Total, puisque ce sont eux qui vont nous permettre de tenir les 2\u00b0 de l&rsquo;accord de Paris. <a href=\"https:\/\/www.la-croix.com\/Debats\/Forum-et-debats\/La-ratification-accord-nest-suffisante-2016-08-30-1200785506\">Si tant est que 2\u00b0 soient suffisants<\/a>.<span class=\"Apple-converted-space\">\u00a0<\/span><\/p>\n<p>Mais en fin de compte, \u00ab\u00a0ce qui sera possible ce sont les consommateurs qui vont le dire, pas les gouvernements\u00a0\u00bb nous dit Patrick Pouyann\u00e9 et l\u00e0 on craint le pire, car les consommateurs sont les m\u00eame Gaulois r\u00e9fractaires sus-cit\u00e9s, ceux qui ne veulent pas, ou dans certains cas, qui ne peuvent pas changer.<span class=\"Apple-converted-space\">\u00a0<\/span><\/p>\n<p>Et ils sont nombreux.<\/p>\n<p>\u00ab\u00a075% des fran\u00e7ais doivent utiliser un v\u00e9hicule pour travailler\u00a0\u00bb nous a expliqu\u00e9 le patron de Total, et \u2014\u00a0c&rsquo;est l\u00e0 que le b\u00e2t blesse et qu&rsquo;il s&rsquo;agit d&rsquo;enlever ses lunettes de bobo du 9\u00e8me arrondissement \u2014\u00a0\u00ab\u00a0Tous n&rsquo;ont pas acc\u00e8s aux transports parisiens ; ils n&rsquo;ont pas le choix\u00a0\u00bb.<\/p>\n<p>Un \u00e9cho \u00e0 une \u00e9mission fort bien faite de France Culture, sur les mobilit\u00e9s et l&rsquo;analyse de la future loi par des experts dont l&rsquo;excellent <a href=\"https:\/\/www.editionsladecouverte.fr\/catalogue\/index-Le_retour_de_la_bicyclette-9782707186812.html\" target=\"_blank\" rel=\"noopener noreferrer\">Fr\u00e9d\u00e9ric H\u00e9ran, auteur de \u00ab\u00a0Le retour de la bicyclette\u00a0\u00bb aux \u00e9ditions La D\u00e9couverte<\/a>.<\/p>\n<audio class=\"wp-audio-shortcode\" id=\"audio-32777-1\" preload=\"none\" style=\"width: 100%;\" controls=\"controls\"><source type=\"audio\/mpeg\" src=\"https:\/\/visionarymarketing.com\/wp-content\/uploads\/2019\/05\/La-loi-mobilit\u00e9-est-elle-sur-le-bon-chemin.mp3?_=1\" \/><a href=\"https:\/\/visionarymarketing.com\/wp-content\/uploads\/2019\/05\/La-loi-mobilit\u00e9-est-elle-sur-le-bon-chemin.mp3\">https:\/\/visionarymarketing.com\/wp-content\/uploads\/2019\/05\/La-loi-mobilit\u00e9-est-elle-sur-le-bon-chemin.mp3<\/a><\/audio>\n<h3><b>Devenir la Major de l&rsquo;\u00e9nergie responsable<\/b><\/h3>\n<p>Et de d\u00e9velopper les changements en cours chez Total qui sont consid\u00e9rables si on les compare aux concurrents (hormis Shell), quasiment tous addicts aux \u00e9nergies fossiles. M\u00eame les d\u00e9tracteurs pourront reconna\u00eetre cet effort : Total a d\u00e9j\u00e0 \u00ab\u00a0pr\u00e8s de 6 millions de clients \u00e0 qui [ils vendent] de l&rsquo;\u00e9lectricit\u00e9\u00a0\u00bb et leur \u00ab\u00a0premier objectif est de faire baisser la proportion carbone de 15% et [ils sont] bien sur cette trajectoire\u00a0\u00bb affirme le patron de Total.<\/p>\n<p>La premi\u00e8re mission [de Total]\u00a0est l&rsquo;\u00e9nergie (disponible etc.) mais il y a des changement \u00e0 mener, \u00ab\u00a0et le r\u00f4le majeur du PDG est d&rsquo;assurer la coh\u00e9rence entre ce que les diverses \u00e9quipes veulent faire avec les ambitions de l&rsquo;entreprise\u00a0\u00bb. C&rsquo;est un r\u00f4le d&rsquo;impulsion, nous dit-il, le plus important est cette impulsion \u00e0 donner.<\/p>\n<p>Mais la logique \u00e9conomique n&rsquo;a pas \u00e9t\u00e9 chang\u00e9e pour Total, somm\u00e9e de faire des r\u00e9sultats : \u00ab\u00a0On investit 2 milliards \u20ac par an sur l&rsquo;innovation, mais les actionnaires appr\u00e9cieront uniquement si on fait des r\u00e9sultats !\u00a0\u00bb nous confirme le patron de la grande soci\u00e9t\u00e9.<\/p>\n<h3><b>Un monde du p\u00e9trole divis\u00e9 en deux<\/b><\/h3>\n<p>Au-del\u00e0 des discours tonitruants, souvent suivis de peu d&rsquo;effets (\u00ab\u00a0<a href=\"https:\/\/fr.wikipedia.org\/wiki\/Notre_maison_br%C3%BBle_et_nous_regardons_ailleurs\">notre maison br\u00fble<\/a>\u00a0\u00bb une envol\u00e9e lyrique remarquable qui date quand-m\u00eame de 17 ans et suivie de peu de mesures concr\u00e8tes et efficaces), c&rsquo;est \u00e0 \u00ab\u00a0un monde du p\u00e9trole divis\u00e9 en 2\u00a0\u00bb que nous sommes confront\u00e9s nous dit Patrick Pouyann\u00e9. Il y a, d&rsquo;une part, ceux qui s&rsquo;orientent vers l&rsquo;\u00e9lectricit\u00e9 (Shell et Total principalement) et ceux qui, tout \u00e0 l&rsquo;envers, s&rsquo;appuient exclusivement sur les ressources fossiles (les am\u00e9ricains et tous les autres). \u00ab\u00a0<b>Mais quel est le futur de ces entreprises ?<\/b>\u00a0\u00bb s&rsquo;interroge le grand patron fran\u00e7ais.<span class=\"Apple-converted-space\">\u00a0<\/span><\/p>\n<h3><b>Quel est l&rsquo;avenir de <del>la plan\u00e8te<\/del> des humains ?<\/b><\/h3>\n<p>J&rsquo;aurais envie de rajouter, quel est l&rsquo;avenir de la plan\u00e8te ? Voire m\u00eame, comme le rajoute \u00e0 juste titre Hulot, de l&rsquo;humanit\u00e9 (car selon lui, ce n&rsquo;est pas la plan\u00e8te que nous chercherons \u00e0 sauver, elle se sauvera bien toute seule, mais bien la vie \u2014\u00a0et la qualit\u00e9 de cette vie \u2014\u00a0des hommes qui la peuple).<span class=\"Apple-converted-space\">\u00a0<\/span><\/p>\n<h3><b>Le climat \u00ab\u00a0un point de conflit entre les \u00e9lites et le peuple\u00a0\u00bb<\/b><\/h3>\n<p>Le sujet du climat devient en France (mais pas seulement) \u00ab\u00a0un point de conflit entre les \u00e9lites et le peuple\u00a0\u00bb et selon Patrick Pouyann\u00e9, \u00ab\u00a0il faut \u00e9viter cela absolument\u00a0\u00bb et \u00ab\u00a0<b>dire que la \u00ab\u00a0taxe carbone est un mal n\u00e9cessaire ne fonctionne pas, on ne va pas motiver les gens sur une taxe\u00a0\u00bb.<\/b><\/p>\n<p>Pourtant, Fr\u00e9d\u00e9ric H\u00e9ran, dans l&rsquo;\u00e9mission cit\u00e9e plus haut, n&rsquo;h\u00e9site pas \u00e0 qualifier la fin de l&rsquo;\u00e9cotaxe comme erreur la plus \u00e9norme jamais commise contre le climat en France.<\/p>\n<h3><b>Changement : l&rsquo;innovation en panne d&rsquo;innovation<\/b><\/h3>\n<p>Au del\u00e0 des comp\u00e9tences d&rsquo;orateurs et des capacit\u00e9s de leader de notre prestigieux intervenant, je me suis pos\u00e9 des questions quant au but et \u00e0 la nature de l&rsquo;innovation proprement dite, ce qui semble l\u00e9gitime pour l&rsquo;auteur d&rsquo;un blog sur l&rsquo;innovation. <span class=\"Apple-converted-space\">\u00a0<\/span><\/p>\n<figure id=\"attachment_32791\" aria-describedby=\"caption-attachment-32791\" style=\"width: 650px\" class=\"wp-caption aligncenter\"><img decoding=\"async\" class=\"wp-image-32791 size-full\" src=\"https:\/\/visionarymarketing.com\/wp-content\/uploads\/2019\/05\/xiPpVQC2Tl220CxT03IIeQ-e1558185958738.jpg\" alt=\"Innovation : le changement n'arrivera qu'avec les enjeux de survie\" width=\"650\" height=\"488\" srcset=\"https:\/\/visionarymarketing.com\/wp-content\/uploads\/2019\/05\/xiPpVQC2Tl220CxT03IIeQ-e1558185958738.jpg 650w, https:\/\/visionarymarketing.com\/wp-content\/uploads\/2019\/05\/xiPpVQC2Tl220CxT03IIeQ-e1558185958738-400x300.jpg 400w\" sizes=\"(max-width: 650px) 100vw, 650px\" \/><figcaption id=\"caption-attachment-32791\" class=\"wp-caption-text\">Innovation et changement : la Science peut-elle sauver le monde des exc\u00e8s de la Science ? Un d\u00e9bat aussi vieux que le 19\u00e8me si\u00e8cle &#8211;\u00a0<\/figcaption><\/figure>\n<p>En somme, si je comprends bien, il n&rsquo;y a plus de discussions sur la n\u00e9cessit\u00e9 de changer. Patrick Pouyann\u00e9 l&rsquo;a pr\u00e9cis\u00e9 plusieurs fois et a d\u00e9montr\u00e9 les efforts m\u00e9ritoires de sa soci\u00e9t\u00e9 et de ses \u00e9quipes pour r\u00e9aliser ce changement dans l&rsquo;int\u00e9r\u00eat g\u00e9n\u00e9ral (et non l&rsquo;int\u00e9r\u00eat des \u00e9quipes pour reprendre en substance ses propos). Jusque l\u00e0 tout va bien.<span class=\"Apple-converted-space\">\u00a0<\/span><\/p>\n<p>L\u00e0 o\u00f9 \u00e7a se complique, c&rsquo;est que Total, et son confr\u00e8re anglo-batave, semblent \u00eatre parmi les seuls \u00e0 avoir amorc\u00e9, du moins aussi profond\u00e9ment, ces changements radicaux. Or, plong\u00e9e dans une concurrence rude, l&rsquo;entreprise est aux mains des logiques \u00e9conomiques, qui cr\u00e9ent des forces contradictoires.<span class=\"Apple-converted-space\">\u00a0<\/span><\/p>\n<p>En conclusion, \u00e0 la fois \u00e0 l&rsquo;issue des r\u00e9sistances internes, mais surtout des r\u00e9sistances externes et concurrentielles, sans oublier les d\u00e9veloppements majeurs dans les pays en voie de d\u00e9veloppement o\u00f9 les questions de disponibilit\u00e9 et de progr\u00e8s priment tout le reste, les forces en pr\u00e9sence font que le changement en question sera lent, partiel, et pourrait m\u00eame venir menacer les acteurs vertueux du changement comme Total (surtout maintenant que le <a href=\"https:\/\/prixdubaril.com\">prix du baril est redescendu \u00e0 62$ au 16 mai 2019<\/a>)<\/p>\n<p>A cela on rajoute les logiques de guerre \u00e9conomique d\u00e9crites par le PDG de Total qui nous pr\u00e9dit un \u00ab\u00a0bain de sang pour l&rsquo;Occident\u00a0\u00bb sur le v\u00e9hicule \u00e9lectrique avec \u00ab\u00a0la Chine qui est d\u00e9j\u00e0 responsable de 50% des \u00e9nergies renouvelables du monde\u00a0\u00bb, on se fait un peu du soucis pour l&rsquo;avenir de l&rsquo;humanit\u00e9.<span class=\"Apple-converted-space\">\u00a0<\/span><\/p>\n<p>Cerise sur le g\u00e2teau, les \u00ab\u00a0citoyens\u00a0\u00bb voient surtout midi \u00e0 leur porte \u2014\u00a0sans qu&rsquo;on puisse vraiment les bl\u00e2mer car la vie est difficile, il faudrait \u00eatre idiot pour pr\u00e9tendre l&rsquo;inverse \u2014\u00a0et s&rsquo;opposent aux mesures, certainement maladroites, qui sont timidement tent\u00e9es.<span class=\"Apple-converted-space\">\u00a0<\/span><\/p>\n<p>Bref, l&rsquo;heure n&rsquo;est pas \u00e0 la r\u00e9jouissance, je rejoins Hulot sur ce point m\u00eame si comme lui je suis un optimiste d\u00e9\u00e7u, et il ne reste plus \u00e0 esp\u00e9rer que quelques issues possibles :<span class=\"Apple-converted-space\">\u00a0<\/span><\/p>\n<ul>\n<li>Les catastrophes pr\u00e9dites ne se passent pas comme pr\u00e9vu, les oc\u00e9ans ne montent pas d&rsquo;un m\u00e8tre, la calotte glaciaire ne fond pas compl\u00e8tement, les animaux gambadent et se reproduisent\u2026 bon, OK on va arr\u00eater l\u00e0 ;<\/li>\n<li>L&rsquo;innovation technologique nous sort du p\u00e9trin, et on combat la pollution par autre chose que la pollution. Mais l\u00e0 Patrick Pouyann\u00e9 ne nous a pas vendu la voiture \u00e9lectrique. Car l&rsquo;\u00e9lectricit\u00e9 n&rsquo;est pas neutre ;<span class=\"Apple-converted-space\">\u00a0<\/span><\/li>\n<li>On remplace le p\u00e9trole par le gaz (qui est toujours une \u00e9nergie fossile, mais un poil plus propre), c&rsquo;est ce que Total semble faire avec des rachats de centrales au gaz car \u00ab\u00a0bient\u00f4t on en aura tous besoin\u00a0\u00bb, mais est-ce une v\u00e9ritable solution ? ;<span class=\"Apple-converted-space\">\u00a0<\/span><\/li>\n<li>Ou encore, au lieu de changer le mode d&rsquo;\u00e9nergie du transport, on pourrait r\u00e9fl\u00e9chir un cran plus haut et r\u00e9inventer la vie, le travail, les d\u00e9placements et repenser l&rsquo;organisation des soci\u00e9t\u00e9s. Pourquoi en effet concentrer tout dans les centre-villes ? Pourquoi aller au travail tous les jours et se d\u00e9truire le moral et\/ou la sant\u00e9 dans les transports ? Pourquoi toujours construire plus de routes qui aboutissent \u00e0 y mettre toujours davantage de voitures ? Pourquoi arr\u00eater les trains et notamment tuer les \u00ab\u00a0petites lignes\u00a0\u00bb au moment o\u00f9 au contraire le train affirme sa modernit\u00e9 en termes de transport propre et citoyen en mati\u00e8re d&rsquo;occupation de l&rsquo;espace public (principalement occup\u00e9 par la voiture, \u00e9couter l&rsquo;\u00e9mission de France Culture ci-dessus) ? etc.<span class=\"Apple-converted-space\">\u00a0<\/span><\/li>\n<\/ul>\n<h3><b>L&rsquo;innovation est \u00e0 un autre niveau<span class=\"Apple-converted-space\">\u00a0<\/span><\/b><\/h3>\n<p>En d&rsquo;autres termes, et j&rsquo;admets ce que cette question peut avoir de d\u00e9rangeant, l&rsquo;innovation n&rsquo;est-elle pas ailleurs, et n&rsquo;appelle-t-elle pas un travail \u00e0 un autre niveau ?<span class=\"Apple-converted-space\">\u00a0<\/span><\/p>\n<p>Pr\u00e9occupations de riches me direz-vous, \u00e0 une heure o\u00f9 \u00ab\u00a0en Inde ou en Afrique, la pr\u00e9occupation principale est de sortir les gens de la pauvret\u00e9 et non de perfectionner l&rsquo;environnement\u00a0\u00bb.<span class=\"Apple-converted-space\">\u00a0<\/span><\/p>\n<p>Il ne reste plus qu&rsquo;\u00e0 esp\u00e9rer que les experts du GIEC soient \u00e0 c\u00f4t\u00e9 de la plaque \u2014\u00a0cela est certainement en partie vrai car les effets de l&rsquo;\u00e9volution du climat sont difficiles \u00e0 mod\u00e9liser avec certitude \u2014\u00a0et que nous soyons plus resistants que nous en avons l&rsquo;air. En tout \u00e9tat de cause, <b>Patrick Pouyann\u00e9 a raison, \u00ab\u00a0les gens n&rsquo;aiment pas changer sauf \u00ab\u00a0quand il y a des enjeux de survie\u00a0\u00bb<\/b>. Ce qui est valable pour Total l&rsquo;est aussi pour la Soci\u00e9t\u00e9 au service de laquelle sont les grandes entreprises, et il n&rsquo;y a plus qu&rsquo;\u00e0 attendre la preuve de la menace sur notre survie pour que quelque chose de concret se passe enfin. Souhaitons qu&rsquo;il ne soit pas trop tard.<\/p>\n","protected":false},"excerpt":{"rendered":"<p>En mati\u00e8re d&rsquo;innovation, seule l&rsquo;urgence \u2014 voire la survie \u2014 peut provoquer le changement nous a expliqu\u00e9 Patrick Pouyann\u00e9 de Total. J\u2019ai assist\u00e9 le 15 mai au cercle de r\u00e9flexion des Rencontres Capitales \u00e0 l\u2019initiative de Laurent Collin de Stonepower partenaire et co-organisateur de ce colloque. Un moment privil\u00e9gi\u00e9 et enrichissant, qui m&rsquo;a interpell\u00e9, non &hellip;<\/p>\n","protected":false},"author":2,"featured_media":32787,"comment_status":"open","ping_status":"open","sticky":false,"template":"","format":"standard","meta":{"footnotes":""},"categories":[1613],"tags":[],"class_list":["post-32777","post","type-post","status-publish","format-standard","has-post-thumbnail","hentry","category-marketing-digital-marketing"],"yoast_head":"<!-- This site is optimized with the Yoast SEO plugin v27.4 - https:\/\/yoast.com\/product\/yoast-seo-wordpress\/ -->\n<title>Innovation changement : seule la survie peut provoquer le changement<\/title>\n<meta name=\"description\" content=\"Innovation et changement \u00e9taient au menu de la r\u00e9union du 15 mai au cercle de r\u00e9flexion des Rencontres Capitales \u00e0 l&#039;Acad\u00e9mie des Sciences\" \/>\n<meta name=\"robots\" content=\"index, follow, max-snippet:-1, max-image-preview:large, max-video-preview:-1\" \/>\n<link rel=\"canonical\" href=\"https:\/\/visionarymarketing.com\/fr\/2019\/05\/23\/innovation-changement\/\" \/>\n<meta property=\"og:locale\" content=\"fr_FR\" \/>\n<meta property=\"og:type\" content=\"article\" \/>\n<meta property=\"og:title\" content=\"Innovation changement : seule la survie peut provoquer le changement\" \/>\n<meta property=\"og:description\" content=\"Innovation et changement \u00e9taient au menu de la r\u00e9union du 15 mai au cercle de r\u00e9flexion des Rencontres Capitales \u00e0 l&#039;Acad\u00e9mie des Sciences\" \/>\n<meta property=\"og:url\" content=\"https:\/\/visionarymarketing.com\/fr\/2019\/05\/23\/innovation-changement\/\" \/>\n<meta property=\"og:site_name\" content=\"Marketing and Innovation\" \/>\n<meta property=\"article:publisher\" content=\"https:\/\/www.facebook.com\/vismktg\" \/>\n<meta property=\"article:author\" content=\"http:\/\/facebook.com\/ygourven\" \/>\n<meta property=\"article:published_time\" content=\"2019-05-23T06:30:59+00:00\" \/>\n<meta property=\"article:modified_time\" content=\"2023-05-15T14:41:27+00:00\" \/>\n<meta property=\"og:image\" content=\"https:\/\/visionarymarketing.com\/wp-content\/uploads\/2019\/05\/OM3nuaiHRQCnniZbOUhRxg-e1558184228444.jpg\" \/>\n\t<meta property=\"og:image:width\" content=\"519\" \/>\n\t<meta property=\"og:image:height\" content=\"340\" \/>\n\t<meta property=\"og:image:type\" content=\"image\/jpeg\" \/>\n<meta name=\"author\" content=\"Yann Gourvennec\" \/>\n<meta name=\"twitter:card\" content=\"summary_large_image\" \/>\n<meta name=\"twitter:creator\" content=\"@ygourven\" \/>\n<meta name=\"twitter:site\" content=\"@ygourven\" \/>\n<meta name=\"twitter:label1\" content=\"\u00c9crit par\" \/>\n\t<meta name=\"twitter:data1\" content=\"Yann Gourvennec\" \/>\n\t<meta name=\"twitter:label2\" content=\"Dur\u00e9e de lecture estim\u00e9e\" \/>\n\t<meta name=\"twitter:data2\" content=\"13 minutes\" \/>\n<script type=\"application\/ld+json\" class=\"yoast-schema-graph\">{\"@context\":\"https:\\\/\\\/schema.org\",\"@graph\":[{\"@type\":\"NewsArticle\",\"@id\":\"https:\\\/\\\/visionarymarketing.com\\\/fr\\\/2019\\\/05\\\/23\\\/innovation-changement\\\/#article\",\"isPartOf\":{\"@id\":\"https:\\\/\\\/visionarymarketing.com\\\/fr\\\/2019\\\/05\\\/23\\\/innovation-changement\\\/\"},\"author\":{\"name\":\"Yann Gourvennec\",\"@id\":\"https:\\\/\\\/visionarymarketing.com\\\/fr\\\/#\\\/schema\\\/person\\\/3754fee1e558f47b8deb46f53c37423e\"},\"headline\":\"Innovation : le changement n&rsquo;arrivera qu&rsquo;avec les enjeux de survie\",\"datePublished\":\"2019-05-23T06:30:59+00:00\",\"dateModified\":\"2023-05-15T14:41:27+00:00\",\"mainEntityOfPage\":{\"@id\":\"https:\\\/\\\/visionarymarketing.com\\\/fr\\\/2019\\\/05\\\/23\\\/innovation-changement\\\/\"},\"wordCount\":2991,\"commentCount\":0,\"image\":{\"@id\":\"https:\\\/\\\/visionarymarketing.com\\\/fr\\\/2019\\\/05\\\/23\\\/innovation-changement\\\/#primaryimage\"},\"thumbnailUrl\":\"https:\\\/\\\/visionarymarketing.com\\\/wp-content\\\/uploads\\\/2019\\\/05\\\/OM3nuaiHRQCnniZbOUhRxg-e1558184228444.jpg\",\"articleSection\":[\"marketing digital\"],\"inLanguage\":\"fr-FR\",\"potentialAction\":[{\"@type\":\"CommentAction\",\"name\":\"Comment\",\"target\":[\"https:\\\/\\\/visionarymarketing.com\\\/fr\\\/2019\\\/05\\\/23\\\/innovation-changement\\\/#respond\"]}]},{\"@type\":\"WebPage\",\"@id\":\"https:\\\/\\\/visionarymarketing.com\\\/fr\\\/2019\\\/05\\\/23\\\/innovation-changement\\\/\",\"url\":\"https:\\\/\\\/visionarymarketing.com\\\/fr\\\/2019\\\/05\\\/23\\\/innovation-changement\\\/\",\"name\":\"Innovation changement : seule la survie peut provoquer le changement\",\"isPartOf\":{\"@id\":\"https:\\\/\\\/visionarymarketing.com\\\/fr\\\/#website\"},\"primaryImageOfPage\":{\"@id\":\"https:\\\/\\\/visionarymarketing.com\\\/fr\\\/2019\\\/05\\\/23\\\/innovation-changement\\\/#primaryimage\"},\"image\":{\"@id\":\"https:\\\/\\\/visionarymarketing.com\\\/fr\\\/2019\\\/05\\\/23\\\/innovation-changement\\\/#primaryimage\"},\"thumbnailUrl\":\"https:\\\/\\\/visionarymarketing.com\\\/wp-content\\\/uploads\\\/2019\\\/05\\\/OM3nuaiHRQCnniZbOUhRxg-e1558184228444.jpg\",\"datePublished\":\"2019-05-23T06:30:59+00:00\",\"dateModified\":\"2023-05-15T14:41:27+00:00\",\"author\":{\"@id\":\"https:\\\/\\\/visionarymarketing.com\\\/fr\\\/#\\\/schema\\\/person\\\/3754fee1e558f47b8deb46f53c37423e\"},\"description\":\"Innovation et changement \u00e9taient au menu de la r\u00e9union du 15 mai au cercle de r\u00e9flexion des Rencontres Capitales \u00e0 l'Acad\u00e9mie des Sciences\",\"breadcrumb\":{\"@id\":\"https:\\\/\\\/visionarymarketing.com\\\/fr\\\/2019\\\/05\\\/23\\\/innovation-changement\\\/#breadcrumb\"},\"inLanguage\":\"fr-FR\",\"potentialAction\":[{\"@type\":\"ReadAction\",\"target\":[\"https:\\\/\\\/visionarymarketing.com\\\/fr\\\/2019\\\/05\\\/23\\\/innovation-changement\\\/\"]}]},{\"@type\":\"ImageObject\",\"inLanguage\":\"fr-FR\",\"@id\":\"https:\\\/\\\/visionarymarketing.com\\\/fr\\\/2019\\\/05\\\/23\\\/innovation-changement\\\/#primaryimage\",\"url\":\"https:\\\/\\\/visionarymarketing.com\\\/wp-content\\\/uploads\\\/2019\\\/05\\\/OM3nuaiHRQCnniZbOUhRxg-e1558184228444.jpg\",\"contentUrl\":\"https:\\\/\\\/visionarymarketing.com\\\/wp-content\\\/uploads\\\/2019\\\/05\\\/OM3nuaiHRQCnniZbOUhRxg-e1558184228444.jpg\",\"width\":650,\"height\":488},{\"@type\":\"BreadcrumbList\",\"@id\":\"https:\\\/\\\/visionarymarketing.com\\\/fr\\\/2019\\\/05\\\/23\\\/innovation-changement\\\/#breadcrumb\",\"itemListElement\":[{\"@type\":\"ListItem\",\"position\":1,\"name\":\"Home\",\"item\":\"https:\\\/\\\/visionarymarketing.com\\\/fr\\\/\"},{\"@type\":\"ListItem\",\"position\":2,\"name\":\"Innovation : le changement n&rsquo;arrivera qu&rsquo;avec les enjeux de survie\"}]},{\"@type\":\"WebSite\",\"@id\":\"https:\\\/\\\/visionarymarketing.com\\\/fr\\\/#website\",\"url\":\"https:\\\/\\\/visionarymarketing.com\\\/fr\\\/\",\"name\":\"Marketing and Innovation\",\"description\":\"Site d&#039;infos ind\u00e9pendant, depuis 1996\",\"potentialAction\":[{\"@type\":\"SearchAction\",\"target\":{\"@type\":\"EntryPoint\",\"urlTemplate\":\"https:\\\/\\\/visionarymarketing.com\\\/fr\\\/?s={search_term_string}\"},\"query-input\":{\"@type\":\"PropertyValueSpecification\",\"valueRequired\":true,\"valueName\":\"search_term_string\"}}],\"inLanguage\":\"fr-FR\"},{\"@type\":\"Person\",\"@id\":\"https:\\\/\\\/visionarymarketing.com\\\/fr\\\/#\\\/schema\\\/person\\\/3754fee1e558f47b8deb46f53c37423e\",\"name\":\"Yann Gourvennec\",\"image\":{\"@type\":\"ImageObject\",\"inLanguage\":\"fr-FR\",\"@id\":\"https:\\\/\\\/secure.gravatar.com\\\/avatar\\\/5972001801e8de5692a3e31224e85769f50a55fb8b679749f9c8d1868cceff14?s=96&d=initials&r=g&initials=yg\",\"url\":\"https:\\\/\\\/secure.gravatar.com\\\/avatar\\\/5972001801e8de5692a3e31224e85769f50a55fb8b679749f9c8d1868cceff14?s=96&d=initials&r=g&initials=yg\",\"contentUrl\":\"https:\\\/\\\/secure.gravatar.com\\\/avatar\\\/5972001801e8de5692a3e31224e85769f50a55fb8b679749f9c8d1868cceff14?s=96&d=initials&r=g&initials=yg\",\"caption\":\"Yann Gourvennec\"},\"description\":\"Yann Gourvennec created visionarymarketing.com in 1996. He is a speaker and author of many books. In 2014 he went from intrapreneur to entrepreneur, when he created his digital marketing agency. Yann Gourvennec a cr\u00e9\u00e9 visionarymarketing.com en 1996. Il est conf\u00e9rencier et auteur de plusieurs livres. En 2014, il est pass\u00e9 d'intrapreneur \u00e0 entrepreneur en cr\u00e9ant son agence de marketing num\u00e9rique.\",\"sameAs\":[\"https:\\\/\\\/visionarymarketing.com\",\"http:\\\/\\\/facebook.com\\\/ygourven\",\"http:\\\/\\\/linkedin.com\\\/in\\\/ygourven\",\"https:\\\/\\\/x.com\\\/ygourven\",\"https:\\\/\\\/www.youtube.com\\\/c\\\/visionarymarketingagency\"],\"url\":\"https:\\\/\\\/visionarymarketing.com\\\/fr\\\/author\\\/yann-gourvennec\\\/\"}]}<\/script>\n<!-- \/ Yoast SEO plugin. -->","yoast_head_json":{"title":"Innovation changement : seule la survie peut provoquer le changement","description":"Innovation et changement \u00e9taient au menu de la r\u00e9union du 15 mai au cercle de r\u00e9flexion des Rencontres Capitales \u00e0 l'Acad\u00e9mie des Sciences","robots":{"index":"index","follow":"follow","max-snippet":"max-snippet:-1","max-image-preview":"max-image-preview:large","max-video-preview":"max-video-preview:-1"},"canonical":"https:\/\/visionarymarketing.com\/fr\/2019\/05\/23\/innovation-changement\/","og_locale":"fr_FR","og_type":"article","og_title":"Innovation changement : seule la survie peut provoquer le changement","og_description":"Innovation et changement \u00e9taient au menu de la r\u00e9union du 15 mai au cercle de r\u00e9flexion des Rencontres Capitales \u00e0 l'Acad\u00e9mie des Sciences","og_url":"https:\/\/visionarymarketing.com\/fr\/2019\/05\/23\/innovation-changement\/","og_site_name":"Marketing and Innovation","article_publisher":"https:\/\/www.facebook.com\/vismktg","article_author":"http:\/\/facebook.com\/ygourven","article_published_time":"2019-05-23T06:30:59+00:00","article_modified_time":"2023-05-15T14:41:27+00:00","og_image":[{"width":519,"height":340,"url":"https:\/\/visionarymarketing.com\/wp-content\/uploads\/2019\/05\/OM3nuaiHRQCnniZbOUhRxg-e1558184228444.jpg","type":"image\/jpeg"}],"author":"Yann Gourvennec","twitter_card":"summary_large_image","twitter_creator":"@ygourven","twitter_site":"@ygourven","twitter_misc":{"\u00c9crit par":"Yann Gourvennec","Dur\u00e9e de lecture estim\u00e9e":"13 minutes"},"schema":{"@context":"https:\/\/schema.org","@graph":[{"@type":"NewsArticle","@id":"https:\/\/visionarymarketing.com\/fr\/2019\/05\/23\/innovation-changement\/#article","isPartOf":{"@id":"https:\/\/visionarymarketing.com\/fr\/2019\/05\/23\/innovation-changement\/"},"author":{"name":"Yann Gourvennec","@id":"https:\/\/visionarymarketing.com\/fr\/#\/schema\/person\/3754fee1e558f47b8deb46f53c37423e"},"headline":"Innovation : le changement n&rsquo;arrivera qu&rsquo;avec les enjeux de survie","datePublished":"2019-05-23T06:30:59+00:00","dateModified":"2023-05-15T14:41:27+00:00","mainEntityOfPage":{"@id":"https:\/\/visionarymarketing.com\/fr\/2019\/05\/23\/innovation-changement\/"},"wordCount":2991,"commentCount":0,"image":{"@id":"https:\/\/visionarymarketing.com\/fr\/2019\/05\/23\/innovation-changement\/#primaryimage"},"thumbnailUrl":"https:\/\/visionarymarketing.com\/wp-content\/uploads\/2019\/05\/OM3nuaiHRQCnniZbOUhRxg-e1558184228444.jpg","articleSection":["marketing digital"],"inLanguage":"fr-FR","potentialAction":[{"@type":"CommentAction","name":"Comment","target":["https:\/\/visionarymarketing.com\/fr\/2019\/05\/23\/innovation-changement\/#respond"]}]},{"@type":"WebPage","@id":"https:\/\/visionarymarketing.com\/fr\/2019\/05\/23\/innovation-changement\/","url":"https:\/\/visionarymarketing.com\/fr\/2019\/05\/23\/innovation-changement\/","name":"Innovation changement : seule la survie peut provoquer le changement","isPartOf":{"@id":"https:\/\/visionarymarketing.com\/fr\/#website"},"primaryImageOfPage":{"@id":"https:\/\/visionarymarketing.com\/fr\/2019\/05\/23\/innovation-changement\/#primaryimage"},"image":{"@id":"https:\/\/visionarymarketing.com\/fr\/2019\/05\/23\/innovation-changement\/#primaryimage"},"thumbnailUrl":"https:\/\/visionarymarketing.com\/wp-content\/uploads\/2019\/05\/OM3nuaiHRQCnniZbOUhRxg-e1558184228444.jpg","datePublished":"2019-05-23T06:30:59+00:00","dateModified":"2023-05-15T14:41:27+00:00","author":{"@id":"https:\/\/visionarymarketing.com\/fr\/#\/schema\/person\/3754fee1e558f47b8deb46f53c37423e"},"description":"Innovation et changement \u00e9taient au menu de la r\u00e9union du 15 mai au cercle de r\u00e9flexion des Rencontres Capitales \u00e0 l'Acad\u00e9mie des Sciences","breadcrumb":{"@id":"https:\/\/visionarymarketing.com\/fr\/2019\/05\/23\/innovation-changement\/#breadcrumb"},"inLanguage":"fr-FR","potentialAction":[{"@type":"ReadAction","target":["https:\/\/visionarymarketing.com\/fr\/2019\/05\/23\/innovation-changement\/"]}]},{"@type":"ImageObject","inLanguage":"fr-FR","@id":"https:\/\/visionarymarketing.com\/fr\/2019\/05\/23\/innovation-changement\/#primaryimage","url":"https:\/\/visionarymarketing.com\/wp-content\/uploads\/2019\/05\/OM3nuaiHRQCnniZbOUhRxg-e1558184228444.jpg","contentUrl":"https:\/\/visionarymarketing.com\/wp-content\/uploads\/2019\/05\/OM3nuaiHRQCnniZbOUhRxg-e1558184228444.jpg","width":650,"height":488},{"@type":"BreadcrumbList","@id":"https:\/\/visionarymarketing.com\/fr\/2019\/05\/23\/innovation-changement\/#breadcrumb","itemListElement":[{"@type":"ListItem","position":1,"name":"Home","item":"https:\/\/visionarymarketing.com\/fr\/"},{"@type":"ListItem","position":2,"name":"Innovation : le changement n&rsquo;arrivera qu&rsquo;avec les enjeux de survie"}]},{"@type":"WebSite","@id":"https:\/\/visionarymarketing.com\/fr\/#website","url":"https:\/\/visionarymarketing.com\/fr\/","name":"Marketing and Innovation","description":"Site d&#039;infos ind\u00e9pendant, depuis 1996","potentialAction":[{"@type":"SearchAction","target":{"@type":"EntryPoint","urlTemplate":"https:\/\/visionarymarketing.com\/fr\/?s={search_term_string}"},"query-input":{"@type":"PropertyValueSpecification","valueRequired":true,"valueName":"search_term_string"}}],"inLanguage":"fr-FR"},{"@type":"Person","@id":"https:\/\/visionarymarketing.com\/fr\/#\/schema\/person\/3754fee1e558f47b8deb46f53c37423e","name":"Yann Gourvennec","image":{"@type":"ImageObject","inLanguage":"fr-FR","@id":"https:\/\/secure.gravatar.com\/avatar\/5972001801e8de5692a3e31224e85769f50a55fb8b679749f9c8d1868cceff14?s=96&d=initials&r=g&initials=yg","url":"https:\/\/secure.gravatar.com\/avatar\/5972001801e8de5692a3e31224e85769f50a55fb8b679749f9c8d1868cceff14?s=96&d=initials&r=g&initials=yg","contentUrl":"https:\/\/secure.gravatar.com\/avatar\/5972001801e8de5692a3e31224e85769f50a55fb8b679749f9c8d1868cceff14?s=96&d=initials&r=g&initials=yg","caption":"Yann Gourvennec"},"description":"Yann Gourvennec created visionarymarketing.com in 1996. He is a speaker and author of many books. In 2014 he went from intrapreneur to entrepreneur, when he created his digital marketing agency. Yann Gourvennec a cr\u00e9\u00e9 visionarymarketing.com en 1996. Il est conf\u00e9rencier et auteur de plusieurs livres. En 2014, il est pass\u00e9 d'intrapreneur \u00e0 entrepreneur en cr\u00e9ant son agence de marketing num\u00e9rique.","sameAs":["https:\/\/visionarymarketing.com","http:\/\/facebook.com\/ygourven","http:\/\/linkedin.com\/in\/ygourven","https:\/\/x.com\/ygourven","https:\/\/www.youtube.com\/c\/visionarymarketingagency"],"url":"https:\/\/visionarymarketing.com\/fr\/author\/yann-gourvennec\/"}]}},"_links":{"self":[{"href":"https:\/\/visionarymarketing.com\/fr\/wp-json\/wp\/v2\/posts\/32777","targetHints":{"allow":["GET"]}}],"collection":[{"href":"https:\/\/visionarymarketing.com\/fr\/wp-json\/wp\/v2\/posts"}],"about":[{"href":"https:\/\/visionarymarketing.com\/fr\/wp-json\/wp\/v2\/types\/post"}],"author":[{"embeddable":true,"href":"https:\/\/visionarymarketing.com\/fr\/wp-json\/wp\/v2\/users\/2"}],"replies":[{"embeddable":true,"href":"https:\/\/visionarymarketing.com\/fr\/wp-json\/wp\/v2\/comments?post=32777"}],"version-history":[{"count":0,"href":"https:\/\/visionarymarketing.com\/fr\/wp-json\/wp\/v2\/posts\/32777\/revisions"}],"wp:featuredmedia":[{"embeddable":true,"href":"https:\/\/visionarymarketing.com\/fr\/wp-json\/wp\/v2\/media\/32787"}],"wp:attachment":[{"href":"https:\/\/visionarymarketing.com\/fr\/wp-json\/wp\/v2\/media?parent=32777"}],"wp:term":[{"taxonomy":"category","embeddable":true,"href":"https:\/\/visionarymarketing.com\/fr\/wp-json\/wp\/v2\/categories?post=32777"},{"taxonomy":"post_tag","embeddable":true,"href":"https:\/\/visionarymarketing.com\/fr\/wp-json\/wp\/v2\/tags?post=32777"}],"curies":[{"name":"wp","href":"https:\/\/api.w.org\/{rel}","templated":true}]}}