{"id":3114,"date":"2010-09-23T05:40:18","date_gmt":"2010-09-23T03:40:18","guid":{"rendered":"http:\/\/visionary.wordpress.com\/?p=3114"},"modified":"2020-08-24T16:47:43","modified_gmt":"2020-08-24T14:47:43","slug":"regionsjob-com-dresse-la-carte-des-medias-sociaux-dans-le-monde-des-rh-en-france","status":"publish","type":"post","link":"https:\/\/visionarymarketing.com\/fr\/2010\/09\/23\/regionsjob-com-dresse-la-carte-des-medias-sociaux-dans-le-monde-des-rh-en-france\/","title":{"rendered":"regionsjob.com dresse la carte des m\u00e9dias sociaux en RH"},"content":{"rendered":"<p>Une pr\u00e9sentation trouv\u00e9e ce matin au fil de mes p\u00e9r\u00e9grinations sur le web r\u00e9alis\u00e9e par <a title=\"regions job\" href=\"http:\/\/twitter.com\/regionsjob\" target=\"_blank\" rel=\"noopener noreferrer\">@regionsjob<\/a>\u00a0montre l&rsquo;importance grandissante des m\u00e9dias sociaux dans le domaine RH, notamment devant la <em>presse<\/em> traditionnelle.<\/p>\n<h2>Regionsjob.com dresse la carte des m\u00e9dias sociaux dans les RH<\/h2>\n<figure id=\"attachment_55766\" aria-describedby=\"caption-attachment-55766\" style=\"width: 520px\" class=\"wp-caption aligncenter\"><a href=\"https:\/\/visionarymarketing.com\/wp-content\/uploads\/2010\/09\/screenshot-2020-08-24-at-16-35-04-e1598279762591.png\"><img decoding=\"async\" class=\"wp-image-55766 size-full\" src=\"https:\/\/visionarymarketing.com\/wp-content\/uploads\/2010\/09\/screenshot-2020-08-24-at-16-35-04-e1598279762591.png\" alt=\"regionsjob.com dresse la carte des m\u00e9dias sociaux dans les RH\" width=\"520\" height=\"366\" \/><\/a><figcaption id=\"caption-attachment-55766\" class=\"wp-caption-text\">Regionsjob.com dresse la carte des m\u00e9dias sociaux dans les RH<\/figcaption><\/figure>\n<p>L&rsquo;\u00e9tude montre aussi la bonne r\u00e9sistance des job boards (nb : le commenditaire\u00a0 www.regionsjob.com est un <a title=\"http:\/\/www.regionsjob.com\/\" href=\"http:\/\/www.regionsjob.com\/\" target=\"_blank\" rel=\"noopener noreferrer\">job board<\/a>), mais on observera que les recruteurs y traquent les commerciaux qui &#8230;y sont moins que les autres (logique, il y a une p\u00e9nurie chronique de commerciaux en France, un job qui ne conna\u00eet pas la crise; les commerciaux ont donc moins besoin que les autres d&rsquo;aller traquer les jobs, et souvent on vient les chercher et surench\u00e9rir sur leurs salaires).<!--more--><\/p>\n<h3>Les m\u00e9dias sociaux install\u00e9s de mani\u00e8re cons\u00e9quente dans le monde des RH<\/h3>\n<p>Les m\u00e9dias sociaux se sont n\u00e9anmoins install\u00e9s de fa\u00e7on cons\u00e9quente dans notre pays, m\u00eame si l&rsquo;usage y est quand m\u00eame moindre qu&rsquo;aux Etats Unis ou au Royaume Uni (ce dernier b\u00e9n\u00e9ficiant de l&rsquo;effet <a href=\"http:\/\/twitter.com\/stephenfry\" target=\"_blank\" rel=\"noopener noreferrer\">Stephen Fry<\/a>, un peu comme si Depardieu se mettait \u00e0 Twitter en France, on verrait la diff\u00e9rence).<\/p>\n<p>Enfin, on notera la sur-repr\u00e9sentation des communicants sur les m\u00e9dias sociaux (les dindes qui votent pour No\u00ebl en quelque sorte, un classique des innovations Web \u00e0 leur d\u00e9marrage) et le fait que Facebook fasse du surplace dans la sph\u00e8re priv\u00e9e, avec une \u00e9norme majorit\u00e9 de personnes qui cachent leurs profils et leurs statuts. C&rsquo;est la revanche des outils s\u00e9rieux : Twitter, Viadeo et LinkedIN.<\/p>\n","protected":false},"excerpt":{"rendered":"<p>Une pr\u00e9sentation trouv\u00e9e ce matin au fil de mes p\u00e9r\u00e9grinations sur le web r\u00e9alis\u00e9e par @regionsjob\u00a0montre l&rsquo;importance grandissante des m\u00e9dias sociaux dans le domaine RH, notamment devant la presse traditionnelle. Regionsjob.com dresse la carte des m\u00e9dias sociaux dans les RH L&rsquo;\u00e9tude montre aussi la bonne r\u00e9sistance des job boards (nb : le commenditaire\u00a0 www.regionsjob.com est &hellip;<\/p>\n","protected":false},"author":2,"featured_media":55766,"comment_status":"open","ping_status":"open","sticky":false,"template":"","format":"standard","meta":{"footnotes":""},"categories":[25],"tags":[],"class_list":["post-3114","post","type-post","status-publish","format-standard","has-post-thumbnail","hentry","category-medias-sociaux"],"yoast_head":"<!-- This site is optimized with the Yoast SEO plugin v27.5 - https:\/\/yoast.com\/product\/yoast-seo-wordpress\/ -->\n<title>regionsjob.com dresse la carte des m\u00e9dias sociaux en RH<\/title>\n<meta name=\"description\" content=\"Une pr\u00e9sentation de @regionsjob\u00a0montre l&#039;importance grandissante des m\u00e9dias sociaux dans le domaine RH, devant la presse traditionnelle.\" \/>\n<meta name=\"robots\" content=\"index, follow, max-snippet:-1, max-image-preview:large, max-video-preview:-1\" \/>\n<link rel=\"canonical\" href=\"https:\/\/visionarymarketing.com\/fr\/2010\/09\/23\/regionsjob-com-dresse-la-carte-des-medias-sociaux-dans-le-monde-des-rh-en-france\/\" \/>\n<meta property=\"og:locale\" content=\"fr_FR\" \/>\n<meta property=\"og:type\" content=\"article\" \/>\n<meta property=\"og:title\" content=\"regionsjob.com dresse la carte des m\u00e9dias sociaux en RH\" \/>\n<meta property=\"og:description\" content=\"Une pr\u00e9sentation de @regionsjob\u00a0montre l&#039;importance grandissante des m\u00e9dias sociaux dans le domaine RH, devant la presse traditionnelle.\" \/>\n<meta property=\"og:url\" content=\"https:\/\/visionarymarketing.com\/fr\/2010\/09\/23\/regionsjob-com-dresse-la-carte-des-medias-sociaux-dans-le-monde-des-rh-en-france\/\" \/>\n<meta property=\"og:site_name\" content=\"Marketing and Innovation\" \/>\n<meta property=\"article:publisher\" content=\"https:\/\/www.facebook.com\/vismktg\" \/>\n<meta property=\"article:author\" content=\"http:\/\/facebook.com\/ygourven\" \/>\n<meta property=\"article:published_time\" content=\"2010-09-23T03:40:18+00:00\" \/>\n<meta property=\"article:modified_time\" content=\"2020-08-24T14:47:43+00:00\" \/>\n<meta property=\"og:image\" content=\"https:\/\/visionarymarketing.com\/wp-content\/uploads\/2010\/09\/screenshot-2020-08-24-at-16-35-04-e1598279762591.png\" \/>\n\t<meta property=\"og:image:width\" content=\"520\" \/>\n\t<meta property=\"og:image:height\" content=\"366\" \/>\n\t<meta property=\"og:image:type\" content=\"image\/png\" \/>\n<meta name=\"author\" content=\"Yann Gourvennec\" \/>\n<meta name=\"twitter:card\" content=\"summary_large_image\" \/>\n<meta name=\"twitter:creator\" content=\"@ygourven\" \/>\n<meta name=\"twitter:site\" content=\"@ygourven\" \/>\n<meta name=\"twitter:label1\" content=\"\u00c9crit par\" \/>\n\t<meta name=\"twitter:data1\" content=\"Yann Gourvennec\" \/>\n\t<meta name=\"twitter:label2\" content=\"Dur\u00e9e de lecture estim\u00e9e\" \/>\n\t<meta name=\"twitter:data2\" content=\"1 minute\" \/>\n<script type=\"application\/ld+json\" class=\"yoast-schema-graph\">{\"@context\":\"https:\\\/\\\/schema.org\",\"@graph\":[{\"@type\":\"NewsArticle\",\"@id\":\"https:\\\/\\\/visionarymarketing.com\\\/fr\\\/2010\\\/09\\\/23\\\/regionsjob-com-dresse-la-carte-des-medias-sociaux-dans-le-monde-des-rh-en-france\\\/#article\",\"isPartOf\":{\"@id\":\"https:\\\/\\\/visionarymarketing.com\\\/fr\\\/2010\\\/09\\\/23\\\/regionsjob-com-dresse-la-carte-des-medias-sociaux-dans-le-monde-des-rh-en-france\\\/\"},\"author\":{\"name\":\"Yann Gourvennec\",\"@id\":\"https:\\\/\\\/visionarymarketing.com\\\/fr\\\/#\\\/schema\\\/person\\\/3754fee1e558f47b8deb46f53c37423e\"},\"headline\":\"regionsjob.com dresse la carte des m\u00e9dias sociaux en RH\",\"datePublished\":\"2010-09-23T03:40:18+00:00\",\"dateModified\":\"2020-08-24T14:47:43+00:00\",\"mainEntityOfPage\":{\"@id\":\"https:\\\/\\\/visionarymarketing.com\\\/fr\\\/2010\\\/09\\\/23\\\/regionsjob-com-dresse-la-carte-des-medias-sociaux-dans-le-monde-des-rh-en-france\\\/\"},\"wordCount\":314,\"commentCount\":0,\"image\":{\"@id\":\"https:\\\/\\\/visionarymarketing.com\\\/fr\\\/2010\\\/09\\\/23\\\/regionsjob-com-dresse-la-carte-des-medias-sociaux-dans-le-monde-des-rh-en-france\\\/#primaryimage\"},\"thumbnailUrl\":\"https:\\\/\\\/visionarymarketing.com\\\/wp-content\\\/uploads\\\/2010\\\/09\\\/screenshot-2020-08-24-at-16-35-04-e1598279762591.png\",\"articleSection\":[\"m\u00e9dias \\\/ r\u00e9seaux sociaux\"],\"inLanguage\":\"fr-FR\",\"potentialAction\":[{\"@type\":\"CommentAction\",\"name\":\"Comment\",\"target\":[\"https:\\\/\\\/visionarymarketing.com\\\/fr\\\/2010\\\/09\\\/23\\\/regionsjob-com-dresse-la-carte-des-medias-sociaux-dans-le-monde-des-rh-en-france\\\/#respond\"]}]},{\"@type\":\"WebPage\",\"@id\":\"https:\\\/\\\/visionarymarketing.com\\\/fr\\\/2010\\\/09\\\/23\\\/regionsjob-com-dresse-la-carte-des-medias-sociaux-dans-le-monde-des-rh-en-france\\\/\",\"url\":\"https:\\\/\\\/visionarymarketing.com\\\/fr\\\/2010\\\/09\\\/23\\\/regionsjob-com-dresse-la-carte-des-medias-sociaux-dans-le-monde-des-rh-en-france\\\/\",\"name\":\"regionsjob.com dresse la carte des m\u00e9dias sociaux en RH\",\"isPartOf\":{\"@id\":\"https:\\\/\\\/visionarymarketing.com\\\/fr\\\/#website\"},\"primaryImageOfPage\":{\"@id\":\"https:\\\/\\\/visionarymarketing.com\\\/fr\\\/2010\\\/09\\\/23\\\/regionsjob-com-dresse-la-carte-des-medias-sociaux-dans-le-monde-des-rh-en-france\\\/#primaryimage\"},\"image\":{\"@id\":\"https:\\\/\\\/visionarymarketing.com\\\/fr\\\/2010\\\/09\\\/23\\\/regionsjob-com-dresse-la-carte-des-medias-sociaux-dans-le-monde-des-rh-en-france\\\/#primaryimage\"},\"thumbnailUrl\":\"https:\\\/\\\/visionarymarketing.com\\\/wp-content\\\/uploads\\\/2010\\\/09\\\/screenshot-2020-08-24-at-16-35-04-e1598279762591.png\",\"datePublished\":\"2010-09-23T03:40:18+00:00\",\"dateModified\":\"2020-08-24T14:47:43+00:00\",\"author\":{\"@id\":\"https:\\\/\\\/visionarymarketing.com\\\/fr\\\/#\\\/schema\\\/person\\\/3754fee1e558f47b8deb46f53c37423e\"},\"description\":\"Une pr\u00e9sentation de @regionsjob\u00a0montre l'importance grandissante des m\u00e9dias sociaux dans le domaine RH, devant la presse traditionnelle.\",\"breadcrumb\":{\"@id\":\"https:\\\/\\\/visionarymarketing.com\\\/fr\\\/2010\\\/09\\\/23\\\/regionsjob-com-dresse-la-carte-des-medias-sociaux-dans-le-monde-des-rh-en-france\\\/#breadcrumb\"},\"inLanguage\":\"fr-FR\",\"potentialAction\":[{\"@type\":\"ReadAction\",\"target\":[\"https:\\\/\\\/visionarymarketing.com\\\/fr\\\/2010\\\/09\\\/23\\\/regionsjob-com-dresse-la-carte-des-medias-sociaux-dans-le-monde-des-rh-en-france\\\/\"]}]},{\"@type\":\"ImageObject\",\"inLanguage\":\"fr-FR\",\"@id\":\"https:\\\/\\\/visionarymarketing.com\\\/fr\\\/2010\\\/09\\\/23\\\/regionsjob-com-dresse-la-carte-des-medias-sociaux-dans-le-monde-des-rh-en-france\\\/#primaryimage\",\"url\":\"https:\\\/\\\/visionarymarketing.com\\\/wp-content\\\/uploads\\\/2010\\\/09\\\/screenshot-2020-08-24-at-16-35-04-e1598279762591.png\",\"contentUrl\":\"https:\\\/\\\/visionarymarketing.com\\\/wp-content\\\/uploads\\\/2010\\\/09\\\/screenshot-2020-08-24-at-16-35-04-e1598279762591.png\",\"width\":520,\"height\":366},{\"@type\":\"BreadcrumbList\",\"@id\":\"https:\\\/\\\/visionarymarketing.com\\\/fr\\\/2010\\\/09\\\/23\\\/regionsjob-com-dresse-la-carte-des-medias-sociaux-dans-le-monde-des-rh-en-france\\\/#breadcrumb\",\"itemListElement\":[{\"@type\":\"ListItem\",\"position\":1,\"name\":\"Home\",\"item\":\"https:\\\/\\\/visionarymarketing.com\\\/fr\\\/\"},{\"@type\":\"ListItem\",\"position\":2,\"name\":\"regionsjob.com dresse la carte des m\u00e9dias sociaux en RH\"}]},{\"@type\":\"WebSite\",\"@id\":\"https:\\\/\\\/visionarymarketing.com\\\/fr\\\/#website\",\"url\":\"https:\\\/\\\/visionarymarketing.com\\\/fr\\\/\",\"name\":\"Marketing and Innovation\",\"description\":\"Site d&#039;infos ind\u00e9pendant, depuis 1996\",\"potentialAction\":[{\"@type\":\"SearchAction\",\"target\":{\"@type\":\"EntryPoint\",\"urlTemplate\":\"https:\\\/\\\/visionarymarketing.com\\\/fr\\\/?s={search_term_string}\"},\"query-input\":{\"@type\":\"PropertyValueSpecification\",\"valueRequired\":true,\"valueName\":\"search_term_string\"}}],\"inLanguage\":\"fr-FR\"},{\"@type\":\"Person\",\"@id\":\"https:\\\/\\\/visionarymarketing.com\\\/fr\\\/#\\\/schema\\\/person\\\/3754fee1e558f47b8deb46f53c37423e\",\"name\":\"Yann Gourvennec\",\"image\":{\"@type\":\"ImageObject\",\"inLanguage\":\"fr-FR\",\"@id\":\"https:\\\/\\\/secure.gravatar.com\\\/avatar\\\/5972001801e8de5692a3e31224e85769f50a55fb8b679749f9c8d1868cceff14?s=96&d=initials&r=g&initials=yg\",\"url\":\"https:\\\/\\\/secure.gravatar.com\\\/avatar\\\/5972001801e8de5692a3e31224e85769f50a55fb8b679749f9c8d1868cceff14?s=96&d=initials&r=g&initials=yg\",\"contentUrl\":\"https:\\\/\\\/secure.gravatar.com\\\/avatar\\\/5972001801e8de5692a3e31224e85769f50a55fb8b679749f9c8d1868cceff14?s=96&d=initials&r=g&initials=yg\",\"caption\":\"Yann Gourvennec\"},\"description\":\"Yann Gourvennec created visionarymarketing.com in 1996. He is a speaker and author of many books. In 2014 he went from intrapreneur to entrepreneur, when he created his digital marketing agency. Yann Gourvennec a cr\u00e9\u00e9 visionarymarketing.com en 1996. Il est conf\u00e9rencier et auteur de plusieurs livres. En 2014, il est pass\u00e9 d'intrapreneur \u00e0 entrepreneur en cr\u00e9ant son agence de marketing num\u00e9rique.\",\"sameAs\":[\"https:\\\/\\\/visionarymarketing.com\",\"http:\\\/\\\/facebook.com\\\/ygourven\",\"http:\\\/\\\/linkedin.com\\\/in\\\/ygourven\",\"https:\\\/\\\/x.com\\\/ygourven\",\"https:\\\/\\\/www.youtube.com\\\/c\\\/visionarymarketingagency\"],\"url\":\"https:\\\/\\\/visionarymarketing.com\\\/fr\\\/author\\\/yann-gourvennec\\\/\"}]}<\/script>\n<!-- \/ Yoast SEO plugin. -->","yoast_head_json":{"title":"regionsjob.com dresse la carte des m\u00e9dias sociaux en RH","description":"Une pr\u00e9sentation de @regionsjob\u00a0montre l'importance grandissante des m\u00e9dias sociaux dans le domaine RH, devant la presse traditionnelle.","robots":{"index":"index","follow":"follow","max-snippet":"max-snippet:-1","max-image-preview":"max-image-preview:large","max-video-preview":"max-video-preview:-1"},"canonical":"https:\/\/visionarymarketing.com\/fr\/2010\/09\/23\/regionsjob-com-dresse-la-carte-des-medias-sociaux-dans-le-monde-des-rh-en-france\/","og_locale":"fr_FR","og_type":"article","og_title":"regionsjob.com dresse la carte des m\u00e9dias sociaux en RH","og_description":"Une pr\u00e9sentation de @regionsjob\u00a0montre l'importance grandissante des m\u00e9dias sociaux dans le domaine RH, devant la presse traditionnelle.","og_url":"https:\/\/visionarymarketing.com\/fr\/2010\/09\/23\/regionsjob-com-dresse-la-carte-des-medias-sociaux-dans-le-monde-des-rh-en-france\/","og_site_name":"Marketing and Innovation","article_publisher":"https:\/\/www.facebook.com\/vismktg","article_author":"http:\/\/facebook.com\/ygourven","article_published_time":"2010-09-23T03:40:18+00:00","article_modified_time":"2020-08-24T14:47:43+00:00","og_image":[{"width":520,"height":366,"url":"https:\/\/visionarymarketing.com\/wp-content\/uploads\/2010\/09\/screenshot-2020-08-24-at-16-35-04-e1598279762591.png","type":"image\/png"}],"author":"Yann Gourvennec","twitter_card":"summary_large_image","twitter_creator":"@ygourven","twitter_site":"@ygourven","twitter_misc":{"\u00c9crit par":"Yann Gourvennec","Dur\u00e9e de lecture estim\u00e9e":"1 minute"},"schema":{"@context":"https:\/\/schema.org","@graph":[{"@type":"NewsArticle","@id":"https:\/\/visionarymarketing.com\/fr\/2010\/09\/23\/regionsjob-com-dresse-la-carte-des-medias-sociaux-dans-le-monde-des-rh-en-france\/#article","isPartOf":{"@id":"https:\/\/visionarymarketing.com\/fr\/2010\/09\/23\/regionsjob-com-dresse-la-carte-des-medias-sociaux-dans-le-monde-des-rh-en-france\/"},"author":{"name":"Yann Gourvennec","@id":"https:\/\/visionarymarketing.com\/fr\/#\/schema\/person\/3754fee1e558f47b8deb46f53c37423e"},"headline":"regionsjob.com dresse la carte des m\u00e9dias sociaux en RH","datePublished":"2010-09-23T03:40:18+00:00","dateModified":"2020-08-24T14:47:43+00:00","mainEntityOfPage":{"@id":"https:\/\/visionarymarketing.com\/fr\/2010\/09\/23\/regionsjob-com-dresse-la-carte-des-medias-sociaux-dans-le-monde-des-rh-en-france\/"},"wordCount":314,"commentCount":0,"image":{"@id":"https:\/\/visionarymarketing.com\/fr\/2010\/09\/23\/regionsjob-com-dresse-la-carte-des-medias-sociaux-dans-le-monde-des-rh-en-france\/#primaryimage"},"thumbnailUrl":"https:\/\/visionarymarketing.com\/wp-content\/uploads\/2010\/09\/screenshot-2020-08-24-at-16-35-04-e1598279762591.png","articleSection":["m\u00e9dias \/ r\u00e9seaux sociaux"],"inLanguage":"fr-FR","potentialAction":[{"@type":"CommentAction","name":"Comment","target":["https:\/\/visionarymarketing.com\/fr\/2010\/09\/23\/regionsjob-com-dresse-la-carte-des-medias-sociaux-dans-le-monde-des-rh-en-france\/#respond"]}]},{"@type":"WebPage","@id":"https:\/\/visionarymarketing.com\/fr\/2010\/09\/23\/regionsjob-com-dresse-la-carte-des-medias-sociaux-dans-le-monde-des-rh-en-france\/","url":"https:\/\/visionarymarketing.com\/fr\/2010\/09\/23\/regionsjob-com-dresse-la-carte-des-medias-sociaux-dans-le-monde-des-rh-en-france\/","name":"regionsjob.com dresse la carte des m\u00e9dias sociaux en RH","isPartOf":{"@id":"https:\/\/visionarymarketing.com\/fr\/#website"},"primaryImageOfPage":{"@id":"https:\/\/visionarymarketing.com\/fr\/2010\/09\/23\/regionsjob-com-dresse-la-carte-des-medias-sociaux-dans-le-monde-des-rh-en-france\/#primaryimage"},"image":{"@id":"https:\/\/visionarymarketing.com\/fr\/2010\/09\/23\/regionsjob-com-dresse-la-carte-des-medias-sociaux-dans-le-monde-des-rh-en-france\/#primaryimage"},"thumbnailUrl":"https:\/\/visionarymarketing.com\/wp-content\/uploads\/2010\/09\/screenshot-2020-08-24-at-16-35-04-e1598279762591.png","datePublished":"2010-09-23T03:40:18+00:00","dateModified":"2020-08-24T14:47:43+00:00","author":{"@id":"https:\/\/visionarymarketing.com\/fr\/#\/schema\/person\/3754fee1e558f47b8deb46f53c37423e"},"description":"Une pr\u00e9sentation de @regionsjob\u00a0montre l'importance grandissante des m\u00e9dias sociaux dans le domaine RH, devant la presse traditionnelle.","breadcrumb":{"@id":"https:\/\/visionarymarketing.com\/fr\/2010\/09\/23\/regionsjob-com-dresse-la-carte-des-medias-sociaux-dans-le-monde-des-rh-en-france\/#breadcrumb"},"inLanguage":"fr-FR","potentialAction":[{"@type":"ReadAction","target":["https:\/\/visionarymarketing.com\/fr\/2010\/09\/23\/regionsjob-com-dresse-la-carte-des-medias-sociaux-dans-le-monde-des-rh-en-france\/"]}]},{"@type":"ImageObject","inLanguage":"fr-FR","@id":"https:\/\/visionarymarketing.com\/fr\/2010\/09\/23\/regionsjob-com-dresse-la-carte-des-medias-sociaux-dans-le-monde-des-rh-en-france\/#primaryimage","url":"https:\/\/visionarymarketing.com\/wp-content\/uploads\/2010\/09\/screenshot-2020-08-24-at-16-35-04-e1598279762591.png","contentUrl":"https:\/\/visionarymarketing.com\/wp-content\/uploads\/2010\/09\/screenshot-2020-08-24-at-16-35-04-e1598279762591.png","width":520,"height":366},{"@type":"BreadcrumbList","@id":"https:\/\/visionarymarketing.com\/fr\/2010\/09\/23\/regionsjob-com-dresse-la-carte-des-medias-sociaux-dans-le-monde-des-rh-en-france\/#breadcrumb","itemListElement":[{"@type":"ListItem","position":1,"name":"Home","item":"https:\/\/visionarymarketing.com\/fr\/"},{"@type":"ListItem","position":2,"name":"regionsjob.com dresse la carte des m\u00e9dias sociaux en RH"}]},{"@type":"WebSite","@id":"https:\/\/visionarymarketing.com\/fr\/#website","url":"https:\/\/visionarymarketing.com\/fr\/","name":"Marketing and Innovation","description":"Site d&#039;infos ind\u00e9pendant, depuis 1996","potentialAction":[{"@type":"SearchAction","target":{"@type":"EntryPoint","urlTemplate":"https:\/\/visionarymarketing.com\/fr\/?s={search_term_string}"},"query-input":{"@type":"PropertyValueSpecification","valueRequired":true,"valueName":"search_term_string"}}],"inLanguage":"fr-FR"},{"@type":"Person","@id":"https:\/\/visionarymarketing.com\/fr\/#\/schema\/person\/3754fee1e558f47b8deb46f53c37423e","name":"Yann Gourvennec","image":{"@type":"ImageObject","inLanguage":"fr-FR","@id":"https:\/\/secure.gravatar.com\/avatar\/5972001801e8de5692a3e31224e85769f50a55fb8b679749f9c8d1868cceff14?s=96&d=initials&r=g&initials=yg","url":"https:\/\/secure.gravatar.com\/avatar\/5972001801e8de5692a3e31224e85769f50a55fb8b679749f9c8d1868cceff14?s=96&d=initials&r=g&initials=yg","contentUrl":"https:\/\/secure.gravatar.com\/avatar\/5972001801e8de5692a3e31224e85769f50a55fb8b679749f9c8d1868cceff14?s=96&d=initials&r=g&initials=yg","caption":"Yann Gourvennec"},"description":"Yann Gourvennec created visionarymarketing.com in 1996. He is a speaker and author of many books. In 2014 he went from intrapreneur to entrepreneur, when he created his digital marketing agency. Yann Gourvennec a cr\u00e9\u00e9 visionarymarketing.com en 1996. Il est conf\u00e9rencier et auteur de plusieurs livres. En 2014, il est pass\u00e9 d'intrapreneur \u00e0 entrepreneur en cr\u00e9ant son agence de marketing num\u00e9rique.","sameAs":["https:\/\/visionarymarketing.com","http:\/\/facebook.com\/ygourven","http:\/\/linkedin.com\/in\/ygourven","https:\/\/x.com\/ygourven","https:\/\/www.youtube.com\/c\/visionarymarketingagency"],"url":"https:\/\/visionarymarketing.com\/fr\/author\/yann-gourvennec\/"}]}},"_links":{"self":[{"href":"https:\/\/visionarymarketing.com\/fr\/wp-json\/wp\/v2\/posts\/3114","targetHints":{"allow":["GET"]}}],"collection":[{"href":"https:\/\/visionarymarketing.com\/fr\/wp-json\/wp\/v2\/posts"}],"about":[{"href":"https:\/\/visionarymarketing.com\/fr\/wp-json\/wp\/v2\/types\/post"}],"author":[{"embeddable":true,"href":"https:\/\/visionarymarketing.com\/fr\/wp-json\/wp\/v2\/users\/2"}],"replies":[{"embeddable":true,"href":"https:\/\/visionarymarketing.com\/fr\/wp-json\/wp\/v2\/comments?post=3114"}],"version-history":[{"count":0,"href":"https:\/\/visionarymarketing.com\/fr\/wp-json\/wp\/v2\/posts\/3114\/revisions"}],"wp:featuredmedia":[{"embeddable":true,"href":"https:\/\/visionarymarketing.com\/fr\/wp-json\/wp\/v2\/media\/55766"}],"wp:attachment":[{"href":"https:\/\/visionarymarketing.com\/fr\/wp-json\/wp\/v2\/media?parent=3114"}],"wp:term":[{"taxonomy":"category","embeddable":true,"href":"https:\/\/visionarymarketing.com\/fr\/wp-json\/wp\/v2\/categories?post=3114"},{"taxonomy":"post_tag","embeddable":true,"href":"https:\/\/visionarymarketing.com\/fr\/wp-json\/wp\/v2\/tags?post=3114"}],"curies":[{"name":"wp","href":"https:\/\/api.w.org\/{rel}","templated":true}]}}