{"id":3073,"date":"2010-09-15T10:26:22","date_gmt":"2010-09-15T10:26:22","guid":{"rendered":"http:\/\/visionary.wordpress.com\/?p=3073"},"modified":"2021-03-05T21:47:47","modified_gmt":"2021-03-05T20:47:47","slug":"deja-45-inscrits-a-media-aces-du-6-octobre-2010-a-paris","status":"publish","type":"post","link":"https:\/\/visionarymarketing.com\/fr\/2010\/09\/15\/deja-45-inscrits-a-media-aces-du-6-octobre-2010-a-paris\/","title":{"rendered":"D\u00e9j\u00e0 45 inscrits \u00e0 Media Aces du 6 Octobre 2010 \u00e0 Paris"},"content":{"rendered":"<p>La conf\u00e9rence m\u00e9dia-aces approche. Je reviens bri\u00e8vement dans cette vid\u00e9o sur le programme et l&rsquo;angle de pr\u00e9sentation de la conf\u00e9rence, qui promet d&rsquo;\u00eatre un succ\u00e8s, avec d\u00e9j\u00e0 45 inscrits \u00e0 ce matin, sur <a title=\"Media Aces 06 10 2010\" href=\"http:\/\/bit.ly\/mediaaces0610\" target=\"_blank\" rel=\"noopener noreferrer\">http:\/\/bit.ly\/mediaaces0610<\/a>.<\/p>\n<p><iframe title=\"[Fr] Conf\u00e9rence Media Aces : 6 Octobre 2010 - 14:00-18:00 \u00e0 Paris\" width=\"500\" height=\"281\" src=\"https:\/\/www.youtube.com\/embed\/y2UyvSWAl7c?feature=oembed\" frameborder=\"0\" allow=\"accelerometer; autoplay; clipboard-write; encrypted-media; gyroscope; picture-in-picture; web-share\" referrerpolicy=\"strict-origin-when-cross-origin\" allowfullscreen><\/iframe><\/p>\n<p>&nbsp;<\/p>\n","protected":false},"excerpt":{"rendered":"<p>La conf\u00e9rence m\u00e9dia-aces approche. Je reviens bri\u00e8vement dans cette vid\u00e9o sur le programme et l&rsquo;angle de pr\u00e9sentation de la conf\u00e9rence, qui promet d&rsquo;\u00eatre un succ\u00e8s, avec d\u00e9j\u00e0 45 inscrits \u00e0 ce matin, sur http:\/\/bit.ly\/mediaaces0610. &nbsp;<\/p>\n","protected":false},"author":2,"featured_media":55373,"comment_status":"open","ping_status":"open","sticky":false,"template":"","format":"standard","meta":{"footnotes":""},"categories":[25],"tags":[],"class_list":["post-3073","post","type-post","status-publish","format-standard","has-post-thumbnail","hentry","category-medias-sociaux"],"yoast_head":"<!-- This site is optimized with the Yoast SEO plugin v27.4 - https:\/\/yoast.com\/product\/yoast-seo-wordpress\/ -->\n<title>D\u00e9j\u00e0 45 inscrits \u00e0 Media Aces du 6 Octobre 2010 \u00e0 Paris<\/title>\n<meta name=\"description\" content=\"La conf\u00e9rence m\u00e9dia-aces approche. Je reviens bri\u00e8vement dans cette vid\u00e9o sur le programme et l&#039;angle de pr\u00e9sentation de la conf\u00e9rence, qui promet d&#039;\u00eatre\" \/>\n<meta name=\"robots\" content=\"noindex, follow\" \/>\n<meta property=\"og:locale\" content=\"fr_FR\" \/>\n<meta property=\"og:type\" content=\"article\" \/>\n<meta property=\"og:title\" content=\"D\u00e9j\u00e0 45 inscrits \u00e0 Media Aces du 6 Octobre 2010 \u00e0 Paris\" \/>\n<meta property=\"og:description\" content=\"La conf\u00e9rence m\u00e9dia-aces approche. Je reviens bri\u00e8vement dans cette vid\u00e9o sur le programme et l&#039;angle de pr\u00e9sentation de la conf\u00e9rence, qui promet d&#039;\u00eatre\" \/>\n<meta property=\"og:url\" content=\"https:\/\/visionarymarketing.com\/fr\/2010\/09\/15\/deja-45-inscrits-a-media-aces-du-6-octobre-2010-a-paris\/\" \/>\n<meta property=\"og:site_name\" content=\"Marketing and Innovation\" \/>\n<meta property=\"article:publisher\" content=\"https:\/\/www.facebook.com\/vismktg\" \/>\n<meta property=\"article:author\" content=\"http:\/\/facebook.com\/ygourven\" \/>\n<meta property=\"article:published_time\" content=\"2010-09-15T10:26:22+00:00\" \/>\n<meta property=\"article:modified_time\" content=\"2021-03-05T20:47:47+00:00\" \/>\n<meta property=\"og:image\" content=\"https:\/\/visionarymarketing.com\/wp-content\/uploads\/2011\/03\/prsentation-des-schmas-du-livre-les-mdias-sociaux-expliqus-mon-boss-creative-commons-1-728-e1597930568816.jpg\" \/>\n\t<meta property=\"og:image:width\" content=\"519\" \/>\n\t<meta property=\"og:image:height\" content=\"340\" \/>\n\t<meta property=\"og:image:type\" content=\"image\/jpeg\" \/>\n<meta name=\"author\" content=\"Yann Gourvennec\" \/>\n<meta name=\"twitter:card\" content=\"summary_large_image\" \/>\n<meta name=\"twitter:creator\" content=\"@ygourven\" \/>\n<meta name=\"twitter:site\" content=\"@ygourven\" \/>\n<meta name=\"twitter:label1\" content=\"\u00c9crit par\" \/>\n\t<meta name=\"twitter:data1\" content=\"Yann Gourvennec\" \/>\n<script type=\"application\/ld+json\" class=\"yoast-schema-graph\">{\"@context\":\"https:\\\/\\\/schema.org\",\"@graph\":[{\"@type\":\"NewsArticle\",\"@id\":\"https:\\\/\\\/visionarymarketing.com\\\/fr\\\/2010\\\/09\\\/15\\\/deja-45-inscrits-a-media-aces-du-6-octobre-2010-a-paris\\\/#article\",\"isPartOf\":{\"@id\":\"https:\\\/\\\/visionarymarketing.com\\\/fr\\\/2010\\\/09\\\/15\\\/deja-45-inscrits-a-media-aces-du-6-octobre-2010-a-paris\\\/\"},\"author\":{\"name\":\"Yann Gourvennec\",\"@id\":\"https:\\\/\\\/visionarymarketing.com\\\/fr\\\/#\\\/schema\\\/person\\\/3754fee1e558f47b8deb46f53c37423e\"},\"headline\":\"D\u00e9j\u00e0 45 inscrits \u00e0 Media Aces du 6 Octobre 2010 \u00e0 Paris\",\"datePublished\":\"2010-09-15T10:26:22+00:00\",\"dateModified\":\"2021-03-05T20:47:47+00:00\",\"mainEntityOfPage\":{\"@id\":\"https:\\\/\\\/visionarymarketing.com\\\/fr\\\/2010\\\/09\\\/15\\\/deja-45-inscrits-a-media-aces-du-6-octobre-2010-a-paris\\\/\"},\"wordCount\":63,\"commentCount\":0,\"image\":{\"@id\":\"https:\\\/\\\/visionarymarketing.com\\\/fr\\\/2010\\\/09\\\/15\\\/deja-45-inscrits-a-media-aces-du-6-octobre-2010-a-paris\\\/#primaryimage\"},\"thumbnailUrl\":\"https:\\\/\\\/visionarymarketing.com\\\/wp-content\\\/uploads\\\/2011\\\/03\\\/prsentation-des-schmas-du-livre-les-mdias-sociaux-expliqus-mon-boss-creative-commons-1-728-e1597930568816.jpg\",\"articleSection\":[\"m\u00e9dias \\\/ r\u00e9seaux sociaux\"],\"inLanguage\":\"fr-FR\",\"potentialAction\":[{\"@type\":\"CommentAction\",\"name\":\"Comment\",\"target\":[\"https:\\\/\\\/visionarymarketing.com\\\/fr\\\/2010\\\/09\\\/15\\\/deja-45-inscrits-a-media-aces-du-6-octobre-2010-a-paris\\\/#respond\"]}]},{\"@type\":\"WebPage\",\"@id\":\"https:\\\/\\\/visionarymarketing.com\\\/fr\\\/2010\\\/09\\\/15\\\/deja-45-inscrits-a-media-aces-du-6-octobre-2010-a-paris\\\/\",\"url\":\"https:\\\/\\\/visionarymarketing.com\\\/fr\\\/2010\\\/09\\\/15\\\/deja-45-inscrits-a-media-aces-du-6-octobre-2010-a-paris\\\/\",\"name\":\"D\u00e9j\u00e0 45 inscrits \u00e0 Media Aces du 6 Octobre 2010 \u00e0 Paris\",\"isPartOf\":{\"@id\":\"https:\\\/\\\/visionarymarketing.com\\\/fr\\\/#website\"},\"primaryImageOfPage\":{\"@id\":\"https:\\\/\\\/visionarymarketing.com\\\/fr\\\/2010\\\/09\\\/15\\\/deja-45-inscrits-a-media-aces-du-6-octobre-2010-a-paris\\\/#primaryimage\"},\"image\":{\"@id\":\"https:\\\/\\\/visionarymarketing.com\\\/fr\\\/2010\\\/09\\\/15\\\/deja-45-inscrits-a-media-aces-du-6-octobre-2010-a-paris\\\/#primaryimage\"},\"thumbnailUrl\":\"https:\\\/\\\/visionarymarketing.com\\\/wp-content\\\/uploads\\\/2011\\\/03\\\/prsentation-des-schmas-du-livre-les-mdias-sociaux-expliqus-mon-boss-creative-commons-1-728-e1597930568816.jpg\",\"datePublished\":\"2010-09-15T10:26:22+00:00\",\"dateModified\":\"2021-03-05T20:47:47+00:00\",\"author\":{\"@id\":\"https:\\\/\\\/visionarymarketing.com\\\/fr\\\/#\\\/schema\\\/person\\\/3754fee1e558f47b8deb46f53c37423e\"},\"description\":\"La conf\u00e9rence m\u00e9dia-aces approche. Je reviens bri\u00e8vement dans cette vid\u00e9o sur le programme et l'angle de pr\u00e9sentation de la conf\u00e9rence, qui promet d'\u00eatre\",\"breadcrumb\":{\"@id\":\"https:\\\/\\\/visionarymarketing.com\\\/fr\\\/2010\\\/09\\\/15\\\/deja-45-inscrits-a-media-aces-du-6-octobre-2010-a-paris\\\/#breadcrumb\"},\"inLanguage\":\"fr-FR\",\"potentialAction\":[{\"@type\":\"ReadAction\",\"target\":[\"https:\\\/\\\/visionarymarketing.com\\\/fr\\\/2010\\\/09\\\/15\\\/deja-45-inscrits-a-media-aces-du-6-octobre-2010-a-paris\\\/\"]}]},{\"@type\":\"ImageObject\",\"inLanguage\":\"fr-FR\",\"@id\":\"https:\\\/\\\/visionarymarketing.com\\\/fr\\\/2010\\\/09\\\/15\\\/deja-45-inscrits-a-media-aces-du-6-octobre-2010-a-paris\\\/#primaryimage\",\"url\":\"https:\\\/\\\/visionarymarketing.com\\\/wp-content\\\/uploads\\\/2011\\\/03\\\/prsentation-des-schmas-du-livre-les-mdias-sociaux-expliqus-mon-boss-creative-commons-1-728-e1597930568816.jpg\",\"contentUrl\":\"https:\\\/\\\/visionarymarketing.com\\\/wp-content\\\/uploads\\\/2011\\\/03\\\/prsentation-des-schmas-du-livre-les-mdias-sociaux-expliqus-mon-boss-creative-commons-1-728-e1597930568816.jpg\",\"width\":519,\"height\":340,\"caption\":\"film m\u00e9dias sociaux\"},{\"@type\":\"BreadcrumbList\",\"@id\":\"https:\\\/\\\/visionarymarketing.com\\\/fr\\\/2010\\\/09\\\/15\\\/deja-45-inscrits-a-media-aces-du-6-octobre-2010-a-paris\\\/#breadcrumb\",\"itemListElement\":[{\"@type\":\"ListItem\",\"position\":1,\"name\":\"Home\",\"item\":\"https:\\\/\\\/visionarymarketing.com\\\/fr\\\/\"},{\"@type\":\"ListItem\",\"position\":2,\"name\":\"D\u00e9j\u00e0 45 inscrits \u00e0 Media Aces du 6 Octobre 2010 \u00e0 Paris\"}]},{\"@type\":\"WebSite\",\"@id\":\"https:\\\/\\\/visionarymarketing.com\\\/fr\\\/#website\",\"url\":\"https:\\\/\\\/visionarymarketing.com\\\/fr\\\/\",\"name\":\"Marketing and Innovation\",\"description\":\"Site d&#039;infos ind\u00e9pendant, depuis 1996\",\"potentialAction\":[{\"@type\":\"SearchAction\",\"target\":{\"@type\":\"EntryPoint\",\"urlTemplate\":\"https:\\\/\\\/visionarymarketing.com\\\/fr\\\/?s={search_term_string}\"},\"query-input\":{\"@type\":\"PropertyValueSpecification\",\"valueRequired\":true,\"valueName\":\"search_term_string\"}}],\"inLanguage\":\"fr-FR\"},{\"@type\":\"Person\",\"@id\":\"https:\\\/\\\/visionarymarketing.com\\\/fr\\\/#\\\/schema\\\/person\\\/3754fee1e558f47b8deb46f53c37423e\",\"name\":\"Yann Gourvennec\",\"image\":{\"@type\":\"ImageObject\",\"inLanguage\":\"fr-FR\",\"@id\":\"https:\\\/\\\/secure.gravatar.com\\\/avatar\\\/5972001801e8de5692a3e31224e85769f50a55fb8b679749f9c8d1868cceff14?s=96&d=initials&r=g&initials=yg\",\"url\":\"https:\\\/\\\/secure.gravatar.com\\\/avatar\\\/5972001801e8de5692a3e31224e85769f50a55fb8b679749f9c8d1868cceff14?s=96&d=initials&r=g&initials=yg\",\"contentUrl\":\"https:\\\/\\\/secure.gravatar.com\\\/avatar\\\/5972001801e8de5692a3e31224e85769f50a55fb8b679749f9c8d1868cceff14?s=96&d=initials&r=g&initials=yg\",\"caption\":\"Yann Gourvennec\"},\"description\":\"Yann Gourvennec created visionarymarketing.com in 1996. He is a speaker and author of many books. In 2014 he went from intrapreneur to entrepreneur, when he created his digital marketing agency. Yann Gourvennec a cr\u00e9\u00e9 visionarymarketing.com en 1996. Il est conf\u00e9rencier et auteur de plusieurs livres. En 2014, il est pass\u00e9 d'intrapreneur \u00e0 entrepreneur en cr\u00e9ant son agence de marketing num\u00e9rique.\",\"sameAs\":[\"https:\\\/\\\/visionarymarketing.com\",\"http:\\\/\\\/facebook.com\\\/ygourven\",\"http:\\\/\\\/linkedin.com\\\/in\\\/ygourven\",\"https:\\\/\\\/x.com\\\/ygourven\",\"https:\\\/\\\/www.youtube.com\\\/c\\\/visionarymarketingagency\"],\"url\":\"https:\\\/\\\/visionarymarketing.com\\\/fr\\\/author\\\/yann-gourvennec\\\/\"}]}<\/script>\n<!-- \/ Yoast SEO plugin. -->","yoast_head_json":{"title":"D\u00e9j\u00e0 45 inscrits \u00e0 Media Aces du 6 Octobre 2010 \u00e0 Paris","description":"La conf\u00e9rence m\u00e9dia-aces approche. Je reviens bri\u00e8vement dans cette vid\u00e9o sur le programme et l'angle de pr\u00e9sentation de la conf\u00e9rence, qui promet d'\u00eatre","robots":{"index":"noindex","follow":"follow"},"og_locale":"fr_FR","og_type":"article","og_title":"D\u00e9j\u00e0 45 inscrits \u00e0 Media Aces du 6 Octobre 2010 \u00e0 Paris","og_description":"La conf\u00e9rence m\u00e9dia-aces approche. Je reviens bri\u00e8vement dans cette vid\u00e9o sur le programme et l'angle de pr\u00e9sentation de la conf\u00e9rence, qui promet d'\u00eatre","og_url":"https:\/\/visionarymarketing.com\/fr\/2010\/09\/15\/deja-45-inscrits-a-media-aces-du-6-octobre-2010-a-paris\/","og_site_name":"Marketing and Innovation","article_publisher":"https:\/\/www.facebook.com\/vismktg","article_author":"http:\/\/facebook.com\/ygourven","article_published_time":"2010-09-15T10:26:22+00:00","article_modified_time":"2021-03-05T20:47:47+00:00","og_image":[{"width":519,"height":340,"url":"https:\/\/visionarymarketing.com\/wp-content\/uploads\/2011\/03\/prsentation-des-schmas-du-livre-les-mdias-sociaux-expliqus-mon-boss-creative-commons-1-728-e1597930568816.jpg","type":"image\/jpeg"}],"author":"Yann Gourvennec","twitter_card":"summary_large_image","twitter_creator":"@ygourven","twitter_site":"@ygourven","twitter_misc":{"\u00c9crit par":"Yann Gourvennec"},"schema":{"@context":"https:\/\/schema.org","@graph":[{"@type":"NewsArticle","@id":"https:\/\/visionarymarketing.com\/fr\/2010\/09\/15\/deja-45-inscrits-a-media-aces-du-6-octobre-2010-a-paris\/#article","isPartOf":{"@id":"https:\/\/visionarymarketing.com\/fr\/2010\/09\/15\/deja-45-inscrits-a-media-aces-du-6-octobre-2010-a-paris\/"},"author":{"name":"Yann Gourvennec","@id":"https:\/\/visionarymarketing.com\/fr\/#\/schema\/person\/3754fee1e558f47b8deb46f53c37423e"},"headline":"D\u00e9j\u00e0 45 inscrits \u00e0 Media Aces du 6 Octobre 2010 \u00e0 Paris","datePublished":"2010-09-15T10:26:22+00:00","dateModified":"2021-03-05T20:47:47+00:00","mainEntityOfPage":{"@id":"https:\/\/visionarymarketing.com\/fr\/2010\/09\/15\/deja-45-inscrits-a-media-aces-du-6-octobre-2010-a-paris\/"},"wordCount":63,"commentCount":0,"image":{"@id":"https:\/\/visionarymarketing.com\/fr\/2010\/09\/15\/deja-45-inscrits-a-media-aces-du-6-octobre-2010-a-paris\/#primaryimage"},"thumbnailUrl":"https:\/\/visionarymarketing.com\/wp-content\/uploads\/2011\/03\/prsentation-des-schmas-du-livre-les-mdias-sociaux-expliqus-mon-boss-creative-commons-1-728-e1597930568816.jpg","articleSection":["m\u00e9dias \/ r\u00e9seaux sociaux"],"inLanguage":"fr-FR","potentialAction":[{"@type":"CommentAction","name":"Comment","target":["https:\/\/visionarymarketing.com\/fr\/2010\/09\/15\/deja-45-inscrits-a-media-aces-du-6-octobre-2010-a-paris\/#respond"]}]},{"@type":"WebPage","@id":"https:\/\/visionarymarketing.com\/fr\/2010\/09\/15\/deja-45-inscrits-a-media-aces-du-6-octobre-2010-a-paris\/","url":"https:\/\/visionarymarketing.com\/fr\/2010\/09\/15\/deja-45-inscrits-a-media-aces-du-6-octobre-2010-a-paris\/","name":"D\u00e9j\u00e0 45 inscrits \u00e0 Media Aces du 6 Octobre 2010 \u00e0 Paris","isPartOf":{"@id":"https:\/\/visionarymarketing.com\/fr\/#website"},"primaryImageOfPage":{"@id":"https:\/\/visionarymarketing.com\/fr\/2010\/09\/15\/deja-45-inscrits-a-media-aces-du-6-octobre-2010-a-paris\/#primaryimage"},"image":{"@id":"https:\/\/visionarymarketing.com\/fr\/2010\/09\/15\/deja-45-inscrits-a-media-aces-du-6-octobre-2010-a-paris\/#primaryimage"},"thumbnailUrl":"https:\/\/visionarymarketing.com\/wp-content\/uploads\/2011\/03\/prsentation-des-schmas-du-livre-les-mdias-sociaux-expliqus-mon-boss-creative-commons-1-728-e1597930568816.jpg","datePublished":"2010-09-15T10:26:22+00:00","dateModified":"2021-03-05T20:47:47+00:00","author":{"@id":"https:\/\/visionarymarketing.com\/fr\/#\/schema\/person\/3754fee1e558f47b8deb46f53c37423e"},"description":"La conf\u00e9rence m\u00e9dia-aces approche. Je reviens bri\u00e8vement dans cette vid\u00e9o sur le programme et l'angle de pr\u00e9sentation de la conf\u00e9rence, qui promet d'\u00eatre","breadcrumb":{"@id":"https:\/\/visionarymarketing.com\/fr\/2010\/09\/15\/deja-45-inscrits-a-media-aces-du-6-octobre-2010-a-paris\/#breadcrumb"},"inLanguage":"fr-FR","potentialAction":[{"@type":"ReadAction","target":["https:\/\/visionarymarketing.com\/fr\/2010\/09\/15\/deja-45-inscrits-a-media-aces-du-6-octobre-2010-a-paris\/"]}]},{"@type":"ImageObject","inLanguage":"fr-FR","@id":"https:\/\/visionarymarketing.com\/fr\/2010\/09\/15\/deja-45-inscrits-a-media-aces-du-6-octobre-2010-a-paris\/#primaryimage","url":"https:\/\/visionarymarketing.com\/wp-content\/uploads\/2011\/03\/prsentation-des-schmas-du-livre-les-mdias-sociaux-expliqus-mon-boss-creative-commons-1-728-e1597930568816.jpg","contentUrl":"https:\/\/visionarymarketing.com\/wp-content\/uploads\/2011\/03\/prsentation-des-schmas-du-livre-les-mdias-sociaux-expliqus-mon-boss-creative-commons-1-728-e1597930568816.jpg","width":519,"height":340,"caption":"film m\u00e9dias sociaux"},{"@type":"BreadcrumbList","@id":"https:\/\/visionarymarketing.com\/fr\/2010\/09\/15\/deja-45-inscrits-a-media-aces-du-6-octobre-2010-a-paris\/#breadcrumb","itemListElement":[{"@type":"ListItem","position":1,"name":"Home","item":"https:\/\/visionarymarketing.com\/fr\/"},{"@type":"ListItem","position":2,"name":"D\u00e9j\u00e0 45 inscrits \u00e0 Media Aces du 6 Octobre 2010 \u00e0 Paris"}]},{"@type":"WebSite","@id":"https:\/\/visionarymarketing.com\/fr\/#website","url":"https:\/\/visionarymarketing.com\/fr\/","name":"Marketing and Innovation","description":"Site d&#039;infos ind\u00e9pendant, depuis 1996","potentialAction":[{"@type":"SearchAction","target":{"@type":"EntryPoint","urlTemplate":"https:\/\/visionarymarketing.com\/fr\/?s={search_term_string}"},"query-input":{"@type":"PropertyValueSpecification","valueRequired":true,"valueName":"search_term_string"}}],"inLanguage":"fr-FR"},{"@type":"Person","@id":"https:\/\/visionarymarketing.com\/fr\/#\/schema\/person\/3754fee1e558f47b8deb46f53c37423e","name":"Yann Gourvennec","image":{"@type":"ImageObject","inLanguage":"fr-FR","@id":"https:\/\/secure.gravatar.com\/avatar\/5972001801e8de5692a3e31224e85769f50a55fb8b679749f9c8d1868cceff14?s=96&d=initials&r=g&initials=yg","url":"https:\/\/secure.gravatar.com\/avatar\/5972001801e8de5692a3e31224e85769f50a55fb8b679749f9c8d1868cceff14?s=96&d=initials&r=g&initials=yg","contentUrl":"https:\/\/secure.gravatar.com\/avatar\/5972001801e8de5692a3e31224e85769f50a55fb8b679749f9c8d1868cceff14?s=96&d=initials&r=g&initials=yg","caption":"Yann Gourvennec"},"description":"Yann Gourvennec created visionarymarketing.com in 1996. He is a speaker and author of many books. In 2014 he went from intrapreneur to entrepreneur, when he created his digital marketing agency. Yann Gourvennec a cr\u00e9\u00e9 visionarymarketing.com en 1996. Il est conf\u00e9rencier et auteur de plusieurs livres. En 2014, il est pass\u00e9 d'intrapreneur \u00e0 entrepreneur en cr\u00e9ant son agence de marketing num\u00e9rique.","sameAs":["https:\/\/visionarymarketing.com","http:\/\/facebook.com\/ygourven","http:\/\/linkedin.com\/in\/ygourven","https:\/\/x.com\/ygourven","https:\/\/www.youtube.com\/c\/visionarymarketingagency"],"url":"https:\/\/visionarymarketing.com\/fr\/author\/yann-gourvennec\/"}]}},"_links":{"self":[{"href":"https:\/\/visionarymarketing.com\/fr\/wp-json\/wp\/v2\/posts\/3073","targetHints":{"allow":["GET"]}}],"collection":[{"href":"https:\/\/visionarymarketing.com\/fr\/wp-json\/wp\/v2\/posts"}],"about":[{"href":"https:\/\/visionarymarketing.com\/fr\/wp-json\/wp\/v2\/types\/post"}],"author":[{"embeddable":true,"href":"https:\/\/visionarymarketing.com\/fr\/wp-json\/wp\/v2\/users\/2"}],"replies":[{"embeddable":true,"href":"https:\/\/visionarymarketing.com\/fr\/wp-json\/wp\/v2\/comments?post=3073"}],"version-history":[{"count":0,"href":"https:\/\/visionarymarketing.com\/fr\/wp-json\/wp\/v2\/posts\/3073\/revisions"}],"wp:featuredmedia":[{"embeddable":true,"href":"https:\/\/visionarymarketing.com\/fr\/wp-json\/wp\/v2\/media\/55373"}],"wp:attachment":[{"href":"https:\/\/visionarymarketing.com\/fr\/wp-json\/wp\/v2\/media?parent=3073"}],"wp:term":[{"taxonomy":"category","embeddable":true,"href":"https:\/\/visionarymarketing.com\/fr\/wp-json\/wp\/v2\/categories?post=3073"},{"taxonomy":"post_tag","embeddable":true,"href":"https:\/\/visionarymarketing.com\/fr\/wp-json\/wp\/v2\/tags?post=3073"}],"curies":[{"name":"wp","href":"https:\/\/api.w.org\/{rel}","templated":true}]}}