{"id":29839,"date":"2018-12-13T08:45:55","date_gmt":"2018-12-13T07:45:55","guid":{"rendered":"https:\/\/visionarymarketing.com\/?p=29839"},"modified":"2024-03-21T10:03:43","modified_gmt":"2024-03-21T09:03:43","slug":"ethique-des-tic-tocs","status":"publish","type":"post","link":"https:\/\/visionarymarketing.com\/fr\/2018\/12\/13\/ethique-des-tic-tocs\/","title":{"rendered":"De l&rsquo;\u00e9thique des TIC et des TOCs avec @CaroleBlancot de SpotPink"},"content":{"rendered":"<p><em>Vous connaissez les TIC, mais quid des TOC ? <a href=\"https:\/\/web.archive.org\/web\/20210116182933\/https:\/\/www.spotpink.com\/2018\/11\/11\/ethique-tic-tocs\/\" target=\"_blank\" rel=\"noopener noreferrer\"><img decoding=\"async\" class=\"alignright wp-image-29845 size-medium\" src=\"https:\/\/visionarymarketing.com\/wp-content\/uploads\/2018\/12\/Dossier_Ethique_TIC_TOCs_VF-1_Page_01-212x300.jpg\" alt=\"TIC\" width=\"212\" height=\"300\" srcset=\"https:\/\/visionarymarketing.com\/wp-content\/uploads\/2018\/12\/Dossier_Ethique_TIC_TOCs_VF-1_Page_01-212x300.jpg 212w, https:\/\/visionarymarketing.com\/wp-content\/uploads\/2018\/12\/Dossier_Ethique_TIC_TOCs_VF-1_Page_01-724x1024.jpg 724w, https:\/\/visionarymarketing.com\/wp-content\/uploads\/2018\/12\/Dossier_Ethique_TIC_TOCs_VF-1_Page_01-768x1086.jpg 768w, https:\/\/visionarymarketing.com\/wp-content\/uploads\/2018\/12\/Dossier_Ethique_TIC_TOCs_VF-1_Page_01-1086x1536.jpg 1086w, https:\/\/visionarymarketing.com\/wp-content\/uploads\/2018\/12\/Dossier_Ethique_TIC_TOCs_VF-1_Page_01-1448x2048.jpg 1448w, https:\/\/visionarymarketing.com\/wp-content\/uploads\/2018\/12\/Dossier_Ethique_TIC_TOCs_VF-1_Page_01.jpg 1654w\" sizes=\"(max-width: 212px) 100vw, 212px\" \/> <\/a><\/em><em><a style=\"font-style: italic;\" href=\"https:\/\/www.sfchronicle.com\/business\/article\/Check-your-phone-86-times-a-day-Tech-insiders-12888512.php\" target=\"_blank\" rel=\"noopener noreferrer\">Les pros des TIC, et notamment nos amis et confr\u00e8res marketeurs, ne brillent pas toujours par leur sens de l&rsquo;\u00e9thique<\/a>. C&rsquo;est un fait que depuis un an, beaucoup de bruit est fait dans la Silicon Valley non pas de Facebook, mais contre Facebook. <\/em><\/p>\n<p><em><a style=\"font-style: italic;\" href=\"https:\/\/www.mercurynews.com\/2015\/05\/19\/why-we-need-to-separate-kids-from-tech-now\/\" target=\"_blank\" rel=\"noopener noreferrer\">Des pros \u00a0de la tech dans la vall\u00e9e n&rsquo;h\u00e9sitent pas \u00e0 retirer leurs enfants de certaines \u00e9coles<\/a> o\u00f9 les ordinateurs seraient &#8230; trop pr\u00e9sents, et un groupe d&rsquo;anciens des fleurons de la technologie californienne ont cr\u00e9\u00e9 une association <a style=\"font-style: italic;\" href=\"http:\/\/humanetech.com\" target=\"_blank\" rel=\"noopener noreferrer\">\u00ab\u00a0Center for Humane Tech\u00a0\u00bb (ou centre pour une technologie [plus] humaine)<\/a>. De ce c\u00f4t\u00e9 de l&rsquo;Atlantique aussi, nous avons\u00a0des sp\u00e9cialistes de la d\u00e9connexion. <\/em><\/p>\n<p><em>Et il fait bon les \u00e9couter et diffuser leurs messages de bon sens. C&rsquo;est\u00a0pour cela que\u00a0j&rsquo;ai invit\u00e9 Carole Blancot,\u00a0fondatrice de\u00a0l&rsquo;agence de communication digitale SpotPink en 2011 Carole <a href=\"https:\/\/web.archive.org\/web\/20210116182933\/https:\/\/www.spotpink.com\/2018\/11\/11\/ethique-tic-tocs\/\" target=\"_blank\" rel=\"noopener noreferrer\">vient \u00a0publier un nouveau guide sur les technologies de l&rsquo;information et la communication (TIC) intitul\u00e9, \u00e9thique et TOCs<\/a>. Je lui ai pos\u00e9 quelques questions hier matin.\u00a0<\/em><\/p>\n<h2>A propos du dossier Ethique des TIC et TOC \u00a0(Troubles Obsessionnels compulsifs)<\/h2>\n<p>Ce guide s&rsquo;inscrit dans le cadre de ma pratique qui est ax\u00e9e depuis maintenant plus de quatre ans sur les impacts et risques que repr\u00e9sentent l&rsquo;usage des TIC (Technologies de l&rsquo;Information et de la communication) dans la sph\u00e8re personnelle et professionnelle sur la sant\u00e9 psychologique et physiologique des utilisateurs.<\/p>\n<p>En fait ce guide le fruit d&rsquo;un travail conjoint avec une stagiaire psychologue. Pour nous cela a \u00e9t\u00e9 un moyen de <strong>restituer notre travail d&rsquo;analyse de l&rsquo;\u00e9tat actuel de la recherche scientifique dans ce domaine<\/strong>. En fait c&rsquo;est un exercice de vulgarisation que nous esp\u00e9rons intelligente qui vise \u00e0 faire prendre conscience aux individus aux entreprises aux pouvoirs publics des enjeux en termes de sant\u00e9 publique.<\/p>\n<figure id=\"attachment_29848\" aria-describedby=\"caption-attachment-29848\" style=\"width: 520px\" class=\"wp-caption aligncenter\"><img decoding=\"async\" class=\"wp-image-29848 size-full\" src=\"https:\/\/visionarymarketing.com\/wp-content\/uploads\/2018\/12\/42188322030_1918039fb0_z-e1584348109105.jpg\" alt=\"Ethique des TIC et Tocs : le guide de SpotPink \" width=\"520\" height=\"347\" \/><figcaption id=\"caption-attachment-29848\" class=\"wp-caption-text\">En mati\u00e8re d&rsquo;usage des TIC il est recommand\u00e9 de se mod\u00e9rer &#8230; sans oublier les enfants<\/figcaption><\/figure>\n<p><!--more--><\/p>\n<h3>Pourquoi faire un guide comme celui l\u00e0 ?<\/h3>\n<p>Y-a-t-il \u00a0urgence \u00e0 alerter sur la sur utilisation des TIC ? Est-ce que c&rsquo;est quelque chose de fran\u00e7ais ou international ?<\/p>\n<p>Je pense qu&rsquo;il y a un facteur <a href=\"https:\/\/visionarymarketing.com\/2014\/02\/social-media-europe\/\">culturel<\/a> qui entre en jeu mais en tout cas l&rsquo;int\u00e9r\u00eat qu&rsquo;on porte aux usages des technologies de l&rsquo;information et de la communication est tr\u00e8s similaire dans tous les pays.<\/p>\n<p>On a de plus en plus maintenant de recherches scientifiques qui sont men\u00e9es et ce qu&rsquo;on n&rsquo;avait pas en t\u00eate il y a quelques ann\u00e9es on commence \u00e0 disposer d&rsquo;un certain recul. Pour ce qui concerne la France on sait que <strong>72% des Fran\u00e7ais pensent qu&rsquo;il serait b\u00e9n\u00e9fique pour leur sant\u00e9 de limiter les usages num\u00e9riques<\/strong>.<\/p>\n<p>Toutefois ils ne savent pas r\u00e9ellement comment faire et ne connaissent pas pr\u00e9cis\u00e9ment les bienfaits potentiels d&rsquo;une r\u00e9gulation des pratiques num\u00e9riques. On voit bien qu&rsquo;il y a cette n\u00e9cessit\u00e9 d&rsquo;informer et de sensibiliser les individus d&rsquo;alerter ces personnes et puis les entreprises, c&rsquo;est \u00e0 dire \u00e0 la fois les employeurs les managers et les professionnels RH ainsi que les pouvoirs publics, car encore une fois nous consid\u00e9rons qu&rsquo;<strong>il y a l\u00e0 un enjeu de sant\u00e9 publique.<\/strong><\/p>\n<figure id=\"attachment_29853\" aria-describedby=\"caption-attachment-29853\" style=\"width: 768px\" class=\"wp-caption aligncenter\"><img decoding=\"async\" class=\"wp-image-29853 size-large\" src=\"https:\/\/visionarymarketing.com\/wp-content\/uploads\/2018\/12\/201812347_0812-captur-Touchbar-MBP-1024x578.png\" alt=\"TIC et TOCs un guide publi\u00e9 par Carole Blancot qui a r\u00e9pondu \u00e0 nos questions \" width=\"768\" height=\"434\" \/><figcaption id=\"caption-attachment-29853\" class=\"wp-caption-text\">TIC et TOCs un guide publi\u00e9 par Carole Blancot qui a r\u00e9pondu \u00e0 nos questions<\/figcaption><\/figure>\n<h3>Cette sur utilisation est-elle le fait de l&rsquo;utilisateur ou le fait de son patron ?<\/h3>\n<p>Des fois on entend des choses un peu surprenantes o\u00f9 on forcerait les utilisateurs \u00e0 utiliser les outils et \u00e0 r\u00e9pondre aux e-mails la nuit par exemple. Est ce que c&rsquo;est v\u00e9ritablement quelque chose qu&rsquo;on rencontre sur le terrain ?<\/p>\n<p>On appelle \u00e7a l&rsquo;hyper connectivit\u00e9 et elle peut \u00eatre plus ou moins volontaire ou plus ou moins consciente.<\/p>\n<p>Elle peut relever \u00e0 la fois d&rsquo;une pression exerc\u00e9e sous la forme d&rsquo;un travail \u00e0 rendre avec des d\u00e9lais qui sont de plus en plus courts, une pression du temps qui s&rsquo;exerce de plus en plus sur les personnes mais cela peut aussi relever de la sph\u00e8re personnelle.<\/p>\n<p>En fait, cette hyper connectivit\u00e9 va potentiellement cr\u00e9er du techno stress qui \u00e0 son tour peut engendrer des troubles du sommeil, de l&rsquo;anxi\u00e9t\u00e9, une insuffisance de repos du corps et de l&rsquo;esprit ainsi qu&rsquo;un mauvais \u00e9quilibre entre la vie personnelle et la vie professionnelle.<\/p>\n<p>Les interruptions multiples du fait d&rsquo;une utilisation excessive des technologies de l&rsquo;information et de la communication peuvent \u00e9galement \u00eatre \u00e0 l&rsquo;origine d&rsquo;une mauvaise hygi\u00e8ne de vie avec des troubles de l&rsquo;alimentation du sommeil et des troubles de la libido qui \u00e0 leur tour vont avoir des r\u00e9percussions sur la vie personnelle, la vie de couple et le niveau de bien \u00eatre de l&rsquo;individu.<\/p>\n<h3>Quels sont les risques de TOC induits par la sur utilisation des TIC<\/h3>\n<p>C&rsquo;est le premier risque de l&rsquo;hyper connectivit\u00e9 avec son cort\u00e8ge de sympt\u00f4mes f\u00e2cheux pour l&rsquo;individu et son bien \u00eatre. Et puis on parle de plus en plus maintenant de <strong><a href=\"https:\/\/www.who.int\/teams\/environment-climate-change-and-health\/radiation-and-health\/non-ionizing\/electromagnetic-hypersensitivity\" target=\"_blank\" rel=\"noopener noreferrer\">l&rsquo;hypersensibilit\u00e9 aux ondes \u00e9lectromagn\u00e9tiques de haute fr\u00e9quence et cette hypersensibilit\u00e9 qui a \u00e9t\u00e9 cat\u00e9goris\u00e9 par l&rsquo;OMS en 2015 toucherait entre 5 et 10% de la population<\/a>. <\/strong><\/p>\n<p>C&rsquo;est plus dans le registre physiologique que psychologique cela a \u00e9t\u00e9 prouv\u00e9. Pendant longtemps on a suspect\u00e9 des choses mais sans \u00eatre capable de prouver quoi que ce soit.<\/p>\n<p>Il y a toujours des d\u00e9tracteurs qui vous diront que les ondes \u00e9lectromagn\u00e9tiques de toute fa\u00e7on, on doit faire avec et que notre corps sert de temps d&rsquo;antenne \u00e0 ces ondes, mais certaines personnes ont de plus en plus de mal \u00e0 vivre correctement en raison des r\u00e9percussions que cela a sur leur physiologie.<\/p>\n<p>Il n&rsquo;en demeure pas moins que ces personnes qui souffrent du syndrome d&rsquo;intol\u00e9rance aux champs \u00e9lectromagn\u00e9tiques sont contraints aujourd&rsquo;hui de changer compl\u00e8tement de mode de vie d&rsquo;habitudes et de s&rsquo;isoler pour se mettre \u00e0 l&rsquo;abri de ces ondes de leurs effets sur leur sant\u00e9 par rapport \u00e0 ces risques li\u00e9s \u00e0 la sur utilisation de conseils.<\/p>\n<h3>Vaut-il mieux l\u00e9gif\u00e9rer (il existe une loi sur le droit \u00e0 la d\u00e9connexion en France) ou \u00e9duquer ?<\/h3>\n<p><strong>En fait l\u00e9gif\u00e9rer ne suffit pas<\/strong>. J&rsquo;ai envie de vous dire qu&rsquo;il faut les deux. Mais <strong>force est de constater que les technologies et les usages \u00e9voluent plus vite que les textes de lois<\/strong> et qu&rsquo;en plus ces textes de loi ne sont pas syst\u00e9matiquement mis en application.<\/p>\n<p>Si on prend l&rsquo;exemple d&rsquo;Hadopi version 3, actuellement il co\u00fbte 1 milliard d&rsquo;euros par an et n&rsquo;a rapport\u00e9 qu&rsquo;une seule condamnation d&rsquo;un montant de 300 euros je vous laisse faire le calcul.<\/p>\n<p><strong>Et puis le deuxi\u00e8me exemple c&rsquo;est qu&rsquo;en d\u00e9pit de l&rsquo;interdiction qui figurait dans le code de la s\u00e9curit\u00e9 routi\u00e8re, il y a encore 38% des automobilistes qui continuent aujourd&rsquo;hui d&rsquo;utiliser leur t\u00e9l\u00e9phone au volant avec son kit mains libres, qui d&rsquo;ailleurs est interdit depuis 2015.<\/strong><\/p>\n<p>Donc pour r\u00e9pondre \u00e0 votre question l\u00e9gif\u00e9rer est un premier pas mais \u00e7a ne peut pas suffire. Et sur les 30 000 accords d&rsquo;entreprise qui ont \u00e9t\u00e9 sign\u00e9s depuis le 1er septembre 2017 dans les grands groupes, il y en a 26 qui contiennent le mot cl\u00e9 d\u00e9connexion dans le titre.<\/p>\n<p>Donc effectivement 26 accords d&rsquo;entreprise aujourd&rsquo;hui publi\u00e9s tandis qu&rsquo;il y en avait moins d&rsquo;une dizaine avant l&rsquo;entr\u00e9e en vigueur du droit \u00e0 la d\u00e9connexion apport\u00e9e par la loi Travail Article 55.<\/p>\n<h3>Les choses vont-elles s&rsquo;am\u00e9liorer ou au contraire les abus des TIC de la part des utilisateurs et des employeurs vont-ils continuer \u00e0 se d\u00e9velopper ?<\/h3>\n<p>Je ne lis pas dans l&rsquo;avenir donc je peux difficilement r\u00e9pondre avec certitude \u00e0 cette question maintenant.<\/p>\n<p>Trois psychologues de l&rsquo;universit\u00e9 de Pennsylvanie <a href=\"https:\/\/www.psypost.org\/new-study-finds-small-reductions-in-social-media-use-are-linked-to-improvements-in-health-and-well-being\/\" target=\"_blank\" rel=\"noopener noreferrer\">ont publi\u00e9 les r\u00e9sultats de leur \u00e9tudes une semaine avant la sortie de notre guide le 10 novembre 2018<\/a>. Ils ont d\u00e9montr\u00e9 que <strong>limiter son utilisation de Facebook, Snapchat et Instagram \u00e0 30 minutes par jour permet notablement d&rsquo;am\u00e9liorer le bien-\u00eatre des individus des individus en diminuant le sentiment de solitude et les sympt\u00f4mes d\u00e9pressifs<\/strong>.<\/p>\n<p>Afin de tenter d&rsquo;int\u00e9grer les r\u00e9sultats de ce type d&rsquo;\u00e9tude on va pouvoir davantage sensibiliser les personnes sur ce qu&rsquo;il est conseill\u00e9 et d\u00e9conseill\u00e9 de faire pour se pr\u00e9munir des risques sur leur sant\u00e9.<\/p>\n<p><span class=\"removed_link\" title=\"https:\/\/vismktg.info\/2UDCRVI\"><strong>Une autre \u00e9tude a r\u00e9v\u00e9l\u00e9 que 67 pour cent des Fran\u00e7ais se d\u00e9clarent d\u00e9pendants des outils num\u00e9riques<\/strong><\/span>. Il faudrait davantage d&rsquo;\u00e9tudes longitudinales pour mesurer si en 2019 et en 2020 il y a une diminution ou une augmentation du niveau de d\u00e9pendance des Fran\u00e7ais num\u00e9rique.<\/p>\n<p>Si on observe une diminution, c&rsquo;est que les mesures de sensibilisation et autres mesures de formation et information \u00e9quipements mises en place auront \u00e9t\u00e9 efficaces.<\/p>\n<p><a href=\"https:\/\/web.archive.org\/web\/20210116182933\/https:\/\/www.spotpink.com\/2018\/11\/11\/ethique-tic-tocs\/\" target=\"_blank\" rel=\"noopener noreferrer\"><img decoding=\"async\" class=\"aligncenter wp-image-29855 size-full\" src=\"https:\/\/visionarymarketing.com\/wp-content\/uploads\/2018\/12\/bouton-telecharger.png\" alt=\"Dossier TIC et TOCs\" width=\"336\" height=\"43\" \/><\/a><\/p>\n<p>&nbsp;<\/p>\n<div itemscope itemtype=\"http:\/\/schema.org\/AudioObject\"><meta itemprop=\"name\" content=\"De l&amp;rsquo;\u00e9thique des TIC et des TOCs avec @CaroleBlancot de SpotPink\" \/><meta itemprop=\"uploadDate\" content=\"2018-12-13T08:45:55+01:00\" \/><meta itemprop=\"encodingFormat\" content=\"audio\/mpeg\" \/><meta itemprop=\"duration\" content=\"PT11M05S\" \/><meta itemprop=\"description\" content=\"Ethique des TIC et TOCs avec Carole Blancot sur Visionary Marketing \" \/><meta itemprop=\"contentUrl\" content=\"https:\/\/media.blubrry.com\/visionarymarketing_les\/visionarymarketing.com\/files\/podcasts\/CaroleBlancotDossierTICetTOCs.mp3\" \/><meta itemprop=\"contentSize\" content=\"10.1\" \/><div class=\"powerpress_player\" id=\"powerpress_player_1656\"><audio class=\"wp-audio-shortcode\" id=\"audio-29839-1\" preload=\"none\" style=\"width: 100%;\" controls=\"controls\"><source type=\"audio\/mpeg\" src=\"https:\/\/media.blubrry.com\/visionarymarketing_les\/visionarymarketing.com\/files\/podcasts\/CaroleBlancotDossierTICetTOCs.mp3?_=1\" \/><a href=\"https:\/\/media.blubrry.com\/visionarymarketing_les\/visionarymarketing.com\/files\/podcasts\/CaroleBlancotDossierTICetTOCs.mp3\">https:\/\/media.blubrry.com\/visionarymarketing_les\/visionarymarketing.com\/files\/podcasts\/CaroleBlancotDossierTICetTOCs.mp3<\/a><\/audio><\/div><\/div><p class=\"powerpress_links powerpress_links_mp3\" style=\"margin-bottom: 1px !important;\">Podcast: <a href=\"https:\/\/media.blubrry.com\/visionarymarketing_les\/visionarymarketing.com\/files\/podcasts\/CaroleBlancotDossierTICetTOCs.mp3\" class=\"powerpress_link_pinw\" target=\"_blank\" title=\"Play in new window\" onclick=\"return powerpress_pinw('https:\/\/visionarymarketing.com\/fr\/\/?powerpress_pinw=29839-podcast');\" rel=\"nofollow\">Play in new window<\/a> | <a href=\"https:\/\/media.blubrry.com\/visionarymarketing_les\/visionarymarketing.com\/files\/podcasts\/CaroleBlancotDossierTICetTOCs.mp3\" class=\"powerpress_link_d\" title=\"Download\" rel=\"nofollow\" download=\"CaroleBlancotDossierTICetTOCs.mp3\">Download<\/a> (Duration: 11:05 &#8212; 10.1MB)<\/p><p class=\"powerpress_links powerpress_subscribe_links\">Subscribe: <a href=\"https:\/\/itunes.apple.com\/us\/podcast\/visionarymarketing-les-interviews\/id731295319?mt=2&amp;ls=1#episodeGuid=https%3A%2F%2Fvisionarymarketing.com%2F%3Fp%3D29839\" class=\"powerpress_link_subscribe powerpress_link_subscribe_itunes\" target=\"_blank\" title=\"Subscribe on Apple Podcasts\" rel=\"nofollow\">Apple Podcasts<\/a> | <a href=\"https:\/\/open.spotify.com\/show\/52VnZ1mhVSnDs4tQOx7Vuc\" class=\"powerpress_link_subscribe powerpress_link_subscribe_spotify\" target=\"_blank\" title=\"Subscribe on Spotify\" rel=\"nofollow\">Spotify<\/a> | <a href=\"https:\/\/subscribeonandroid.com\/visionarymarketing.com\/fr\/feed\/podcast\/\" class=\"powerpress_link_subscribe powerpress_link_subscribe_android\" target=\"_blank\" title=\"Subscribe on Android\" rel=\"nofollow\">Android<\/a> | <a href=\"https:\/\/visionarymarketing.com\/fr\/feed\/podcast\/\" class=\"powerpress_link_subscribe powerpress_link_subscribe_rss\" target=\"_blank\" title=\"Subscribe via RSS\" rel=\"nofollow\">RSS<\/a><\/p>","protected":false},"excerpt":{"rendered":"<p>Vous connaissez les TIC, mais quid des TOC ? Les pros des TIC, et notamment nos amis et confr\u00e8res marketeurs, ne brillent pas toujours par leur sens de l&rsquo;\u00e9thique. C&rsquo;est un fait que depuis un an, beaucoup de bruit est fait dans la Silicon Valley non pas de Facebook, mais contre Facebook. Des pros \u00a0de &hellip;<\/p>\n","protected":false},"author":2,"featured_media":29848,"comment_status":"open","ping_status":"open","sticky":false,"template":"","format":"standard","meta":{"footnotes":""},"categories":[134],"tags":[],"class_list":["post-29839","post","type-post","status-publish","format-standard","has-post-thumbnail","hentry","category-economie"],"yoast_head":"<!-- This site is optimized with the Yoast SEO plugin v27.5 - https:\/\/yoast.com\/product\/yoast-seo-wordpress\/ -->\n<title>De l&#039;\u00e9thique des TIC et des TOC avec Carole Blancot<\/title>\n<meta name=\"description\" content=\"Les TIC sont des outils indispensables et, bien utilis\u00e9s, d\u00e9cuplent notre productivit\u00e9. Mal utilis\u00e9s cependant, ils cr\u00e9ent les TOC\" \/>\n<meta name=\"robots\" content=\"index, follow, max-snippet:-1, max-image-preview:large, max-video-preview:-1\" \/>\n<link rel=\"canonical\" href=\"https:\/\/visionarymarketing.com\/fr\/2018\/12\/13\/ethique-des-tic-tocs\/\" \/>\n<meta property=\"og:locale\" content=\"fr_FR\" \/>\n<meta property=\"og:type\" content=\"article\" \/>\n<meta property=\"og:title\" content=\"De l&#039;\u00e9thique des TIC et des TOC avec Carole Blancot\" \/>\n<meta property=\"og:description\" content=\"Les TIC sont des outils indispensables et, bien utilis\u00e9s, d\u00e9cuplent notre productivit\u00e9. Mal utilis\u00e9s cependant, ils cr\u00e9ent les TOC\" \/>\n<meta property=\"og:url\" content=\"https:\/\/visionarymarketing.com\/fr\/2018\/12\/13\/ethique-des-tic-tocs\/\" \/>\n<meta property=\"og:site_name\" content=\"Marketing and Innovation\" \/>\n<meta property=\"article:publisher\" content=\"https:\/\/www.facebook.com\/vismktg\" \/>\n<meta property=\"article:author\" content=\"http:\/\/facebook.com\/ygourven\" \/>\n<meta property=\"article:published_time\" content=\"2018-12-13T07:45:55+00:00\" \/>\n<meta property=\"article:modified_time\" content=\"2024-03-21T09:03:43+00:00\" \/>\n<meta property=\"og:image\" content=\"https:\/\/visionarymarketing.com\/wp-content\/uploads\/2018\/12\/42188322030_1918039fb0_z-e1584348109105.jpg\" \/>\n\t<meta property=\"og:image:width\" content=\"520\" \/>\n\t<meta property=\"og:image:height\" content=\"347\" \/>\n\t<meta property=\"og:image:type\" content=\"image\/jpeg\" \/>\n<meta name=\"author\" content=\"Yann Gourvennec\" \/>\n<meta name=\"twitter:card\" content=\"summary_large_image\" \/>\n<meta name=\"twitter:creator\" content=\"@ygourven\" \/>\n<meta name=\"twitter:site\" content=\"@ygourven\" \/>\n<meta name=\"twitter:label1\" content=\"\u00c9crit par\" \/>\n\t<meta name=\"twitter:data1\" content=\"Yann Gourvennec\" \/>\n\t<meta name=\"twitter:label2\" content=\"Dur\u00e9e de lecture estim\u00e9e\" \/>\n\t<meta name=\"twitter:data2\" content=\"7 minutes\" \/>\n<script type=\"application\/ld+json\" class=\"yoast-schema-graph\">{\"@context\":\"https:\\\/\\\/schema.org\",\"@graph\":[{\"@type\":\"NewsArticle\",\"@id\":\"https:\\\/\\\/visionarymarketing.com\\\/fr\\\/2018\\\/12\\\/13\\\/ethique-des-tic-tocs\\\/#article\",\"isPartOf\":{\"@id\":\"https:\\\/\\\/visionarymarketing.com\\\/fr\\\/2018\\\/12\\\/13\\\/ethique-des-tic-tocs\\\/\"},\"author\":{\"name\":\"Yann Gourvennec\",\"@id\":\"https:\\\/\\\/visionarymarketing.com\\\/fr\\\/#\\\/schema\\\/person\\\/3754fee1e558f47b8deb46f53c37423e\"},\"headline\":\"De l&rsquo;\u00e9thique des TIC et des TOCs avec @CaroleBlancot de SpotPink\",\"datePublished\":\"2018-12-13T07:45:55+00:00\",\"dateModified\":\"2024-03-21T09:03:43+00:00\",\"mainEntityOfPage\":{\"@id\":\"https:\\\/\\\/visionarymarketing.com\\\/fr\\\/2018\\\/12\\\/13\\\/ethique-des-tic-tocs\\\/\"},\"wordCount\":1553,\"commentCount\":0,\"image\":{\"@id\":\"https:\\\/\\\/visionarymarketing.com\\\/fr\\\/2018\\\/12\\\/13\\\/ethique-des-tic-tocs\\\/#primaryimage\"},\"thumbnailUrl\":\"https:\\\/\\\/visionarymarketing.com\\\/wp-content\\\/uploads\\\/2018\\\/12\\\/42188322030_1918039fb0_z-e1584348109105.jpg\",\"articleSection\":[\"\u00e9conomie et num\u00e9rique\"],\"inLanguage\":\"fr-FR\",\"potentialAction\":[{\"@type\":\"CommentAction\",\"name\":\"Comment\",\"target\":[\"https:\\\/\\\/visionarymarketing.com\\\/fr\\\/2018\\\/12\\\/13\\\/ethique-des-tic-tocs\\\/#respond\"]}]},{\"@type\":\"WebPage\",\"@id\":\"https:\\\/\\\/visionarymarketing.com\\\/fr\\\/2018\\\/12\\\/13\\\/ethique-des-tic-tocs\\\/\",\"url\":\"https:\\\/\\\/visionarymarketing.com\\\/fr\\\/2018\\\/12\\\/13\\\/ethique-des-tic-tocs\\\/\",\"name\":\"De l'\u00e9thique des TIC et des TOC avec Carole Blancot\",\"isPartOf\":{\"@id\":\"https:\\\/\\\/visionarymarketing.com\\\/fr\\\/#website\"},\"primaryImageOfPage\":{\"@id\":\"https:\\\/\\\/visionarymarketing.com\\\/fr\\\/2018\\\/12\\\/13\\\/ethique-des-tic-tocs\\\/#primaryimage\"},\"image\":{\"@id\":\"https:\\\/\\\/visionarymarketing.com\\\/fr\\\/2018\\\/12\\\/13\\\/ethique-des-tic-tocs\\\/#primaryimage\"},\"thumbnailUrl\":\"https:\\\/\\\/visionarymarketing.com\\\/wp-content\\\/uploads\\\/2018\\\/12\\\/42188322030_1918039fb0_z-e1584348109105.jpg\",\"datePublished\":\"2018-12-13T07:45:55+00:00\",\"dateModified\":\"2024-03-21T09:03:43+00:00\",\"author\":{\"@id\":\"https:\\\/\\\/visionarymarketing.com\\\/fr\\\/#\\\/schema\\\/person\\\/3754fee1e558f47b8deb46f53c37423e\"},\"description\":\"Les TIC sont des outils indispensables et, bien utilis\u00e9s, d\u00e9cuplent notre productivit\u00e9. Mal utilis\u00e9s cependant, ils cr\u00e9ent les TOC\",\"breadcrumb\":{\"@id\":\"https:\\\/\\\/visionarymarketing.com\\\/fr\\\/2018\\\/12\\\/13\\\/ethique-des-tic-tocs\\\/#breadcrumb\"},\"inLanguage\":\"fr-FR\",\"potentialAction\":[{\"@type\":\"ReadAction\",\"target\":[\"https:\\\/\\\/visionarymarketing.com\\\/fr\\\/2018\\\/12\\\/13\\\/ethique-des-tic-tocs\\\/\"]}]},{\"@type\":\"ImageObject\",\"inLanguage\":\"fr-FR\",\"@id\":\"https:\\\/\\\/visionarymarketing.com\\\/fr\\\/2018\\\/12\\\/13\\\/ethique-des-tic-tocs\\\/#primaryimage\",\"url\":\"https:\\\/\\\/visionarymarketing.com\\\/wp-content\\\/uploads\\\/2018\\\/12\\\/42188322030_1918039fb0_z-e1584348109105.jpg\",\"contentUrl\":\"https:\\\/\\\/visionarymarketing.com\\\/wp-content\\\/uploads\\\/2018\\\/12\\\/42188322030_1918039fb0_z-e1584348109105.jpg\",\"width\":520,\"height\":347},{\"@type\":\"BreadcrumbList\",\"@id\":\"https:\\\/\\\/visionarymarketing.com\\\/fr\\\/2018\\\/12\\\/13\\\/ethique-des-tic-tocs\\\/#breadcrumb\",\"itemListElement\":[{\"@type\":\"ListItem\",\"position\":1,\"name\":\"Home\",\"item\":\"https:\\\/\\\/visionarymarketing.com\\\/fr\\\/\"},{\"@type\":\"ListItem\",\"position\":2,\"name\":\"De l&rsquo;\u00e9thique des TIC et des TOCs avec @CaroleBlancot de SpotPink\"}]},{\"@type\":\"WebSite\",\"@id\":\"https:\\\/\\\/visionarymarketing.com\\\/fr\\\/#website\",\"url\":\"https:\\\/\\\/visionarymarketing.com\\\/fr\\\/\",\"name\":\"Marketing and Innovation\",\"description\":\"Site d&#039;infos ind\u00e9pendant, depuis 1996\",\"potentialAction\":[{\"@type\":\"SearchAction\",\"target\":{\"@type\":\"EntryPoint\",\"urlTemplate\":\"https:\\\/\\\/visionarymarketing.com\\\/fr\\\/?s={search_term_string}\"},\"query-input\":{\"@type\":\"PropertyValueSpecification\",\"valueRequired\":true,\"valueName\":\"search_term_string\"}}],\"inLanguage\":\"fr-FR\"},{\"@type\":\"Person\",\"@id\":\"https:\\\/\\\/visionarymarketing.com\\\/fr\\\/#\\\/schema\\\/person\\\/3754fee1e558f47b8deb46f53c37423e\",\"name\":\"Yann Gourvennec\",\"image\":{\"@type\":\"ImageObject\",\"inLanguage\":\"fr-FR\",\"@id\":\"https:\\\/\\\/secure.gravatar.com\\\/avatar\\\/5972001801e8de5692a3e31224e85769f50a55fb8b679749f9c8d1868cceff14?s=96&d=initials&r=g&initials=yg\",\"url\":\"https:\\\/\\\/secure.gravatar.com\\\/avatar\\\/5972001801e8de5692a3e31224e85769f50a55fb8b679749f9c8d1868cceff14?s=96&d=initials&r=g&initials=yg\",\"contentUrl\":\"https:\\\/\\\/secure.gravatar.com\\\/avatar\\\/5972001801e8de5692a3e31224e85769f50a55fb8b679749f9c8d1868cceff14?s=96&d=initials&r=g&initials=yg\",\"caption\":\"Yann Gourvennec\"},\"description\":\"Yann Gourvennec created visionarymarketing.com in 1996. He is a speaker and author of many books. In 2014 he went from intrapreneur to entrepreneur, when he created his digital marketing agency. Yann Gourvennec a cr\u00e9\u00e9 visionarymarketing.com en 1996. Il est conf\u00e9rencier et auteur de plusieurs livres. En 2014, il est pass\u00e9 d'intrapreneur \u00e0 entrepreneur en cr\u00e9ant son agence de marketing num\u00e9rique.\",\"sameAs\":[\"https:\\\/\\\/visionarymarketing.com\",\"http:\\\/\\\/facebook.com\\\/ygourven\",\"http:\\\/\\\/linkedin.com\\\/in\\\/ygourven\",\"https:\\\/\\\/x.com\\\/ygourven\",\"https:\\\/\\\/www.youtube.com\\\/c\\\/visionarymarketingagency\"],\"url\":\"https:\\\/\\\/visionarymarketing.com\\\/fr\\\/author\\\/yann-gourvennec\\\/\"}]}<\/script>\n<!-- \/ Yoast SEO plugin. -->","yoast_head_json":{"title":"De l'\u00e9thique des TIC et des TOC avec Carole Blancot","description":"Les TIC sont des outils indispensables et, bien utilis\u00e9s, d\u00e9cuplent notre productivit\u00e9. Mal utilis\u00e9s cependant, ils cr\u00e9ent les TOC","robots":{"index":"index","follow":"follow","max-snippet":"max-snippet:-1","max-image-preview":"max-image-preview:large","max-video-preview":"max-video-preview:-1"},"canonical":"https:\/\/visionarymarketing.com\/fr\/2018\/12\/13\/ethique-des-tic-tocs\/","og_locale":"fr_FR","og_type":"article","og_title":"De l'\u00e9thique des TIC et des TOC avec Carole Blancot","og_description":"Les TIC sont des outils indispensables et, bien utilis\u00e9s, d\u00e9cuplent notre productivit\u00e9. Mal utilis\u00e9s cependant, ils cr\u00e9ent les TOC","og_url":"https:\/\/visionarymarketing.com\/fr\/2018\/12\/13\/ethique-des-tic-tocs\/","og_site_name":"Marketing and Innovation","article_publisher":"https:\/\/www.facebook.com\/vismktg","article_author":"http:\/\/facebook.com\/ygourven","article_published_time":"2018-12-13T07:45:55+00:00","article_modified_time":"2024-03-21T09:03:43+00:00","og_image":[{"width":520,"height":347,"url":"https:\/\/visionarymarketing.com\/wp-content\/uploads\/2018\/12\/42188322030_1918039fb0_z-e1584348109105.jpg","type":"image\/jpeg"}],"author":"Yann Gourvennec","twitter_card":"summary_large_image","twitter_creator":"@ygourven","twitter_site":"@ygourven","twitter_misc":{"\u00c9crit par":"Yann Gourvennec","Dur\u00e9e de lecture estim\u00e9e":"7 minutes"},"schema":{"@context":"https:\/\/schema.org","@graph":[{"@type":"NewsArticle","@id":"https:\/\/visionarymarketing.com\/fr\/2018\/12\/13\/ethique-des-tic-tocs\/#article","isPartOf":{"@id":"https:\/\/visionarymarketing.com\/fr\/2018\/12\/13\/ethique-des-tic-tocs\/"},"author":{"name":"Yann Gourvennec","@id":"https:\/\/visionarymarketing.com\/fr\/#\/schema\/person\/3754fee1e558f47b8deb46f53c37423e"},"headline":"De l&rsquo;\u00e9thique des TIC et des TOCs avec @CaroleBlancot de SpotPink","datePublished":"2018-12-13T07:45:55+00:00","dateModified":"2024-03-21T09:03:43+00:00","mainEntityOfPage":{"@id":"https:\/\/visionarymarketing.com\/fr\/2018\/12\/13\/ethique-des-tic-tocs\/"},"wordCount":1553,"commentCount":0,"image":{"@id":"https:\/\/visionarymarketing.com\/fr\/2018\/12\/13\/ethique-des-tic-tocs\/#primaryimage"},"thumbnailUrl":"https:\/\/visionarymarketing.com\/wp-content\/uploads\/2018\/12\/42188322030_1918039fb0_z-e1584348109105.jpg","articleSection":["\u00e9conomie et num\u00e9rique"],"inLanguage":"fr-FR","potentialAction":[{"@type":"CommentAction","name":"Comment","target":["https:\/\/visionarymarketing.com\/fr\/2018\/12\/13\/ethique-des-tic-tocs\/#respond"]}]},{"@type":"WebPage","@id":"https:\/\/visionarymarketing.com\/fr\/2018\/12\/13\/ethique-des-tic-tocs\/","url":"https:\/\/visionarymarketing.com\/fr\/2018\/12\/13\/ethique-des-tic-tocs\/","name":"De l'\u00e9thique des TIC et des TOC avec Carole Blancot","isPartOf":{"@id":"https:\/\/visionarymarketing.com\/fr\/#website"},"primaryImageOfPage":{"@id":"https:\/\/visionarymarketing.com\/fr\/2018\/12\/13\/ethique-des-tic-tocs\/#primaryimage"},"image":{"@id":"https:\/\/visionarymarketing.com\/fr\/2018\/12\/13\/ethique-des-tic-tocs\/#primaryimage"},"thumbnailUrl":"https:\/\/visionarymarketing.com\/wp-content\/uploads\/2018\/12\/42188322030_1918039fb0_z-e1584348109105.jpg","datePublished":"2018-12-13T07:45:55+00:00","dateModified":"2024-03-21T09:03:43+00:00","author":{"@id":"https:\/\/visionarymarketing.com\/fr\/#\/schema\/person\/3754fee1e558f47b8deb46f53c37423e"},"description":"Les TIC sont des outils indispensables et, bien utilis\u00e9s, d\u00e9cuplent notre productivit\u00e9. Mal utilis\u00e9s cependant, ils cr\u00e9ent les TOC","breadcrumb":{"@id":"https:\/\/visionarymarketing.com\/fr\/2018\/12\/13\/ethique-des-tic-tocs\/#breadcrumb"},"inLanguage":"fr-FR","potentialAction":[{"@type":"ReadAction","target":["https:\/\/visionarymarketing.com\/fr\/2018\/12\/13\/ethique-des-tic-tocs\/"]}]},{"@type":"ImageObject","inLanguage":"fr-FR","@id":"https:\/\/visionarymarketing.com\/fr\/2018\/12\/13\/ethique-des-tic-tocs\/#primaryimage","url":"https:\/\/visionarymarketing.com\/wp-content\/uploads\/2018\/12\/42188322030_1918039fb0_z-e1584348109105.jpg","contentUrl":"https:\/\/visionarymarketing.com\/wp-content\/uploads\/2018\/12\/42188322030_1918039fb0_z-e1584348109105.jpg","width":520,"height":347},{"@type":"BreadcrumbList","@id":"https:\/\/visionarymarketing.com\/fr\/2018\/12\/13\/ethique-des-tic-tocs\/#breadcrumb","itemListElement":[{"@type":"ListItem","position":1,"name":"Home","item":"https:\/\/visionarymarketing.com\/fr\/"},{"@type":"ListItem","position":2,"name":"De l&rsquo;\u00e9thique des TIC et des TOCs avec @CaroleBlancot de SpotPink"}]},{"@type":"WebSite","@id":"https:\/\/visionarymarketing.com\/fr\/#website","url":"https:\/\/visionarymarketing.com\/fr\/","name":"Marketing and Innovation","description":"Site d&#039;infos ind\u00e9pendant, depuis 1996","potentialAction":[{"@type":"SearchAction","target":{"@type":"EntryPoint","urlTemplate":"https:\/\/visionarymarketing.com\/fr\/?s={search_term_string}"},"query-input":{"@type":"PropertyValueSpecification","valueRequired":true,"valueName":"search_term_string"}}],"inLanguage":"fr-FR"},{"@type":"Person","@id":"https:\/\/visionarymarketing.com\/fr\/#\/schema\/person\/3754fee1e558f47b8deb46f53c37423e","name":"Yann Gourvennec","image":{"@type":"ImageObject","inLanguage":"fr-FR","@id":"https:\/\/secure.gravatar.com\/avatar\/5972001801e8de5692a3e31224e85769f50a55fb8b679749f9c8d1868cceff14?s=96&d=initials&r=g&initials=yg","url":"https:\/\/secure.gravatar.com\/avatar\/5972001801e8de5692a3e31224e85769f50a55fb8b679749f9c8d1868cceff14?s=96&d=initials&r=g&initials=yg","contentUrl":"https:\/\/secure.gravatar.com\/avatar\/5972001801e8de5692a3e31224e85769f50a55fb8b679749f9c8d1868cceff14?s=96&d=initials&r=g&initials=yg","caption":"Yann Gourvennec"},"description":"Yann Gourvennec created visionarymarketing.com in 1996. He is a speaker and author of many books. In 2014 he went from intrapreneur to entrepreneur, when he created his digital marketing agency. Yann Gourvennec a cr\u00e9\u00e9 visionarymarketing.com en 1996. Il est conf\u00e9rencier et auteur de plusieurs livres. En 2014, il est pass\u00e9 d'intrapreneur \u00e0 entrepreneur en cr\u00e9ant son agence de marketing num\u00e9rique.","sameAs":["https:\/\/visionarymarketing.com","http:\/\/facebook.com\/ygourven","http:\/\/linkedin.com\/in\/ygourven","https:\/\/x.com\/ygourven","https:\/\/www.youtube.com\/c\/visionarymarketingagency"],"url":"https:\/\/visionarymarketing.com\/fr\/author\/yann-gourvennec\/"}]}},"_links":{"self":[{"href":"https:\/\/visionarymarketing.com\/fr\/wp-json\/wp\/v2\/posts\/29839","targetHints":{"allow":["GET"]}}],"collection":[{"href":"https:\/\/visionarymarketing.com\/fr\/wp-json\/wp\/v2\/posts"}],"about":[{"href":"https:\/\/visionarymarketing.com\/fr\/wp-json\/wp\/v2\/types\/post"}],"author":[{"embeddable":true,"href":"https:\/\/visionarymarketing.com\/fr\/wp-json\/wp\/v2\/users\/2"}],"replies":[{"embeddable":true,"href":"https:\/\/visionarymarketing.com\/fr\/wp-json\/wp\/v2\/comments?post=29839"}],"version-history":[{"count":0,"href":"https:\/\/visionarymarketing.com\/fr\/wp-json\/wp\/v2\/posts\/29839\/revisions"}],"wp:featuredmedia":[{"embeddable":true,"href":"https:\/\/visionarymarketing.com\/fr\/wp-json\/wp\/v2\/media\/29848"}],"wp:attachment":[{"href":"https:\/\/visionarymarketing.com\/fr\/wp-json\/wp\/v2\/media?parent=29839"}],"wp:term":[{"taxonomy":"category","embeddable":true,"href":"https:\/\/visionarymarketing.com\/fr\/wp-json\/wp\/v2\/categories?post=29839"},{"taxonomy":"post_tag","embeddable":true,"href":"https:\/\/visionarymarketing.com\/fr\/wp-json\/wp\/v2\/tags?post=29839"}],"curies":[{"name":"wp","href":"https:\/\/api.w.org\/{rel}","templated":true}]}}