{"id":2979,"date":"2010-09-01T05:00:43","date_gmt":"2010-09-01T05:00:43","guid":{"rendered":"http:\/\/visionary.wordpress.com\/?p=2979"},"modified":"2022-03-12T11:49:19","modified_gmt":"2022-03-12T10:49:19","slug":"25-ans-dinnovation-et-media-aces-sur-la-wikiradio-de-linnovation","status":"publish","type":"post","link":"https:\/\/visionarymarketing.com\/fr\/2010\/09\/01\/25-ans-dinnovation-et-media-aces-sur-la-wikiradio-de-linnovation\/","title":{"rendered":"25 ans d\u2019innovation et \u2026 Media Aces sur la wikiradio de\u00a0l\u2019innovation"},"content":{"rendered":"<p><span class=\"removed_link\" title=\"http:\/\/saooti.neweez.com\/fr\/broadcast\/917_Yann_Gourvennec_Head_of_Internet_and_Digital_Media_at_Orange_Business_Services\"><img decoding=\"async\" class=\"alignleft size-medium wp-image-2982\" style=\"margin-left: 5px; margin-right: 5px;\" title=\"saooti\" src=\"https:\/\/visionarymarketing.com\/wp-content\/uploads\/2010\/08\/saooti.jpg?w=300\" alt=\"\" width=\"300\" height=\"48\" srcset=\"https:\/\/visionarymarketing.com\/wp-content\/uploads\/2010\/08\/saooti.jpg 362w, https:\/\/visionarymarketing.com\/wp-content\/uploads\/2010\/08\/saooti-300x48.jpg 300w\" sizes=\"(max-width: 300px) 100vw, 300px\" \/><\/span>Dans ce podcast de l&rsquo;\u00e9mission de <span class=\"removed_link\" title=\"http:\/\/saooti.neweez.com\/fr\/broadcast\/917_Yann_Gourvennec_Head_of_Internet_and_Digital_Media_at_Orange_Business_Services\">NEWEEZ, la wikiradio de l&rsquo;innovation<\/span> enregistr\u00e9e il y a quelques semaines, je reviens sur mon parcours (<a title=\"Article 01 informatique - Yann Gourvennec\" href=\"https:\/\/visionarymarketing.com\/files\/01informatique\/yann%20gourvennec%20-%2001netpro%20-%205%20nov%202009.pdf\" target=\"_blank\" rel=\"noopener noreferrer\">voir aussi l&rsquo;article de 01 informatique de novembre 2009<\/a>), quelques uns des projets innovants r\u00e9alis\u00e9s durant ma carri\u00e8re.<\/p>\n<h2>25 ans d\u2019innovation et \u2026 Media Aces sur la wikiradio de\u00a0l\u2019innovation<\/h2>\n<p>Et aussi dans le cadre de mon travail chez <span class=\"removed_link\" title=\"http:\/\/blogs.orange-business.com\">Orange Business Services<\/span> et &#8211; pour ce qui est des \u00e9v\u00e9nements plus r\u00e9cents &#8211; de la cr\u00e9ation de <a title=\"Media Aces\" href=\"https:\/\/web.archive.org\/web\/20120919101829\/http:\/\/france.media-aces.org\/\" target=\"_blank\" rel=\"noopener noreferrer\">Media Aces<\/a>, dont la prochaine r\u00e9union aura lieu \u00e0 la <strong>Fiap Jean Monnet le 06 Octobre 2010 \u00e0 Paris<\/strong> (restez branch\u00e9s pour plus de d\u00e9tails pratiques sur cette r\u00e9union).<\/p>\n<ul>\n<li><span class=\"removed_link\" title=\"http:\/\/saooti.neweez.com\/player\/body.php\">\u00e9couter le podcast ici<\/span><\/li>\n<li>t\u00e9l\u00e9charger le podcast ici<\/li>\n<li><span class=\"removed_link\" title=\"http:\/\/saooti.neweez.com\/fr\/broadcast\/917_Yann_Gourvennec_Head_of_Internet_and_Digital_Media_at_Orange_Business_Services\">acc\u00e9der directement \u00e0 la page du lecteur de Neweez<\/span><\/li>\n<\/ul>\n<p>https:\/\/visionarymarketing.com\/files\/01informatique\/yann%20gourvennec%20-%2001netpro%20-%205%20nov%202009.pdf<\/p>\n","protected":false},"excerpt":{"rendered":"<p>Dans ce podcast de l&rsquo;\u00e9mission de NEWEEZ, la wikiradio de l&rsquo;innovation enregistr\u00e9e il y a quelques semaines, je reviens sur mon parcours (voir aussi l&rsquo;article de 01 informatique de novembre 2009), quelques uns des projets innovants r\u00e9alis\u00e9s durant ma carri\u00e8re. 25 ans d\u2019innovation et \u2026 Media Aces sur la wikiradio de\u00a0l\u2019innovation Et aussi dans le &hellip;<\/p>\n","protected":false},"author":2,"featured_media":26730,"comment_status":"open","ping_status":"open","sticky":false,"template":"","format":"standard","meta":{"footnotes":""},"categories":[25],"tags":[],"class_list":["post-2979","post","type-post","status-publish","format-standard","has-post-thumbnail","hentry","category-medias-sociaux"],"yoast_head":"<!-- This site is optimized with the Yoast SEO plugin v27.5 - https:\/\/yoast.com\/product\/yoast-seo-wordpress\/ -->\n<title>25 ans d\u2019innovation et \u2026 Media Aces sur la wikiradio de\u00a0l\u2019innovation<\/title>\n<meta name=\"description\" content=\"Dans ce podcast de l&#039;\u00e9mission de NEWEEZ, la wikiradio de l&#039;innovation enregistr\u00e9e il y a quelques semaines, je reviens sur mon parcours (voir aussi\" \/>\n<meta name=\"robots\" content=\"noindex, follow\" \/>\n<meta property=\"og:locale\" content=\"fr_FR\" \/>\n<meta property=\"og:type\" content=\"article\" \/>\n<meta property=\"og:title\" content=\"25 ans d\u2019innovation et \u2026 Media Aces sur la wikiradio de\u00a0l\u2019innovation\" \/>\n<meta property=\"og:description\" content=\"Dans ce podcast de l&#039;\u00e9mission de NEWEEZ, la wikiradio de l&#039;innovation enregistr\u00e9e il y a quelques semaines, je reviens sur mon parcours (voir aussi\" \/>\n<meta property=\"og:url\" content=\"https:\/\/visionarymarketing.com\/fr\/2010\/09\/01\/25-ans-dinnovation-et-media-aces-sur-la-wikiradio-de-linnovation\/\" \/>\n<meta property=\"og:site_name\" content=\"Marketing and Innovation\" \/>\n<meta property=\"article:publisher\" content=\"https:\/\/www.facebook.com\/vismktg\" \/>\n<meta property=\"article:author\" content=\"http:\/\/facebook.com\/ygourven\" \/>\n<meta property=\"article:published_time\" content=\"2010-09-01T05:00:43+00:00\" \/>\n<meta property=\"article:modified_time\" content=\"2022-03-12T10:49:19+00:00\" \/>\n<meta property=\"og:image\" content=\"https:\/\/visionarymarketing.com\/wp-content\/uploads\/2018\/01\/Yann-Andre-Gourvennec-was-live-mp4-image-e1584598571805.jpg\" \/>\n\t<meta property=\"og:image:width\" content=\"519\" \/>\n\t<meta property=\"og:image:height\" content=\"339\" \/>\n\t<meta property=\"og:image:type\" content=\"image\/jpeg\" \/>\n<meta name=\"author\" content=\"Yann Gourvennec\" \/>\n<meta name=\"twitter:card\" content=\"summary_large_image\" \/>\n<meta name=\"twitter:creator\" content=\"@ygourven\" \/>\n<meta name=\"twitter:site\" content=\"@ygourven\" \/>\n<meta name=\"twitter:label1\" content=\"\u00c9crit par\" \/>\n\t<meta name=\"twitter:data1\" content=\"Yann Gourvennec\" \/>\n\t<meta name=\"twitter:label2\" content=\"Dur\u00e9e de lecture estim\u00e9e\" \/>\n\t<meta name=\"twitter:data2\" content=\"1 minute\" \/>\n<script type=\"application\/ld+json\" class=\"yoast-schema-graph\">{\"@context\":\"https:\\\/\\\/schema.org\",\"@graph\":[{\"@type\":\"NewsArticle\",\"@id\":\"https:\\\/\\\/visionarymarketing.com\\\/fr\\\/2010\\\/09\\\/01\\\/25-ans-dinnovation-et-media-aces-sur-la-wikiradio-de-linnovation\\\/#article\",\"isPartOf\":{\"@id\":\"https:\\\/\\\/visionarymarketing.com\\\/fr\\\/2010\\\/09\\\/01\\\/25-ans-dinnovation-et-media-aces-sur-la-wikiradio-de-linnovation\\\/\"},\"author\":{\"name\":\"Yann Gourvennec\",\"@id\":\"https:\\\/\\\/visionarymarketing.com\\\/fr\\\/#\\\/schema\\\/person\\\/3754fee1e558f47b8deb46f53c37423e\"},\"headline\":\"25 ans d\u2019innovation et \u2026 Media Aces sur la wikiradio de\u00a0l\u2019innovation\",\"datePublished\":\"2010-09-01T05:00:43+00:00\",\"dateModified\":\"2022-03-12T10:49:19+00:00\",\"mainEntityOfPage\":{\"@id\":\"https:\\\/\\\/visionarymarketing.com\\\/fr\\\/2010\\\/09\\\/01\\\/25-ans-dinnovation-et-media-aces-sur-la-wikiradio-de-linnovation\\\/\"},\"wordCount\":159,\"commentCount\":0,\"image\":{\"@id\":\"https:\\\/\\\/visionarymarketing.com\\\/fr\\\/2010\\\/09\\\/01\\\/25-ans-dinnovation-et-media-aces-sur-la-wikiradio-de-linnovation\\\/#primaryimage\"},\"thumbnailUrl\":\"https:\\\/\\\/visionarymarketing.com\\\/wp-content\\\/uploads\\\/2018\\\/01\\\/Yann-Andre-Gourvennec-was-live-mp4-image-e1584598571805.jpg\",\"articleSection\":[\"m\u00e9dias \\\/ r\u00e9seaux sociaux\"],\"inLanguage\":\"fr-FR\",\"potentialAction\":[{\"@type\":\"CommentAction\",\"name\":\"Comment\",\"target\":[\"https:\\\/\\\/visionarymarketing.com\\\/fr\\\/2010\\\/09\\\/01\\\/25-ans-dinnovation-et-media-aces-sur-la-wikiradio-de-linnovation\\\/#respond\"]}]},{\"@type\":\"WebPage\",\"@id\":\"https:\\\/\\\/visionarymarketing.com\\\/fr\\\/2010\\\/09\\\/01\\\/25-ans-dinnovation-et-media-aces-sur-la-wikiradio-de-linnovation\\\/\",\"url\":\"https:\\\/\\\/visionarymarketing.com\\\/fr\\\/2010\\\/09\\\/01\\\/25-ans-dinnovation-et-media-aces-sur-la-wikiradio-de-linnovation\\\/\",\"name\":\"25 ans d\u2019innovation et \u2026 Media Aces sur la wikiradio de\u00a0l\u2019innovation\",\"isPartOf\":{\"@id\":\"https:\\\/\\\/visionarymarketing.com\\\/fr\\\/#website\"},\"primaryImageOfPage\":{\"@id\":\"https:\\\/\\\/visionarymarketing.com\\\/fr\\\/2010\\\/09\\\/01\\\/25-ans-dinnovation-et-media-aces-sur-la-wikiradio-de-linnovation\\\/#primaryimage\"},\"image\":{\"@id\":\"https:\\\/\\\/visionarymarketing.com\\\/fr\\\/2010\\\/09\\\/01\\\/25-ans-dinnovation-et-media-aces-sur-la-wikiradio-de-linnovation\\\/#primaryimage\"},\"thumbnailUrl\":\"https:\\\/\\\/visionarymarketing.com\\\/wp-content\\\/uploads\\\/2018\\\/01\\\/Yann-Andre-Gourvennec-was-live-mp4-image-e1584598571805.jpg\",\"datePublished\":\"2010-09-01T05:00:43+00:00\",\"dateModified\":\"2022-03-12T10:49:19+00:00\",\"author\":{\"@id\":\"https:\\\/\\\/visionarymarketing.com\\\/fr\\\/#\\\/schema\\\/person\\\/3754fee1e558f47b8deb46f53c37423e\"},\"description\":\"Dans ce podcast de l'\u00e9mission de NEWEEZ, la wikiradio de l'innovation enregistr\u00e9e il y a quelques semaines, je reviens sur mon parcours (voir aussi\",\"breadcrumb\":{\"@id\":\"https:\\\/\\\/visionarymarketing.com\\\/fr\\\/2010\\\/09\\\/01\\\/25-ans-dinnovation-et-media-aces-sur-la-wikiradio-de-linnovation\\\/#breadcrumb\"},\"inLanguage\":\"fr-FR\",\"potentialAction\":[{\"@type\":\"ReadAction\",\"target\":[\"https:\\\/\\\/visionarymarketing.com\\\/fr\\\/2010\\\/09\\\/01\\\/25-ans-dinnovation-et-media-aces-sur-la-wikiradio-de-linnovation\\\/\"]}]},{\"@type\":\"ImageObject\",\"inLanguage\":\"fr-FR\",\"@id\":\"https:\\\/\\\/visionarymarketing.com\\\/fr\\\/2010\\\/09\\\/01\\\/25-ans-dinnovation-et-media-aces-sur-la-wikiradio-de-linnovation\\\/#primaryimage\",\"url\":\"https:\\\/\\\/visionarymarketing.com\\\/wp-content\\\/uploads\\\/2018\\\/01\\\/Yann-Andre-Gourvennec-was-live-mp4-image-e1584598571805.jpg\",\"contentUrl\":\"https:\\\/\\\/visionarymarketing.com\\\/wp-content\\\/uploads\\\/2018\\\/01\\\/Yann-Andre-Gourvennec-was-live-mp4-image-e1584598571805.jpg\",\"width\":519,\"height\":339},{\"@type\":\"BreadcrumbList\",\"@id\":\"https:\\\/\\\/visionarymarketing.com\\\/fr\\\/2010\\\/09\\\/01\\\/25-ans-dinnovation-et-media-aces-sur-la-wikiradio-de-linnovation\\\/#breadcrumb\",\"itemListElement\":[{\"@type\":\"ListItem\",\"position\":1,\"name\":\"Home\",\"item\":\"https:\\\/\\\/visionarymarketing.com\\\/fr\\\/\"},{\"@type\":\"ListItem\",\"position\":2,\"name\":\"25 ans d\u2019innovation et \u2026 Media Aces sur la wikiradio de\u00a0l\u2019innovation\"}]},{\"@type\":\"WebSite\",\"@id\":\"https:\\\/\\\/visionarymarketing.com\\\/fr\\\/#website\",\"url\":\"https:\\\/\\\/visionarymarketing.com\\\/fr\\\/\",\"name\":\"Marketing and Innovation\",\"description\":\"Site d&#039;infos ind\u00e9pendant, depuis 1996\",\"potentialAction\":[{\"@type\":\"SearchAction\",\"target\":{\"@type\":\"EntryPoint\",\"urlTemplate\":\"https:\\\/\\\/visionarymarketing.com\\\/fr\\\/?s={search_term_string}\"},\"query-input\":{\"@type\":\"PropertyValueSpecification\",\"valueRequired\":true,\"valueName\":\"search_term_string\"}}],\"inLanguage\":\"fr-FR\"},{\"@type\":\"Person\",\"@id\":\"https:\\\/\\\/visionarymarketing.com\\\/fr\\\/#\\\/schema\\\/person\\\/3754fee1e558f47b8deb46f53c37423e\",\"name\":\"Yann Gourvennec\",\"image\":{\"@type\":\"ImageObject\",\"inLanguage\":\"fr-FR\",\"@id\":\"https:\\\/\\\/secure.gravatar.com\\\/avatar\\\/5972001801e8de5692a3e31224e85769f50a55fb8b679749f9c8d1868cceff14?s=96&d=initials&r=g&initials=yg\",\"url\":\"https:\\\/\\\/secure.gravatar.com\\\/avatar\\\/5972001801e8de5692a3e31224e85769f50a55fb8b679749f9c8d1868cceff14?s=96&d=initials&r=g&initials=yg\",\"contentUrl\":\"https:\\\/\\\/secure.gravatar.com\\\/avatar\\\/5972001801e8de5692a3e31224e85769f50a55fb8b679749f9c8d1868cceff14?s=96&d=initials&r=g&initials=yg\",\"caption\":\"Yann Gourvennec\"},\"description\":\"Yann Gourvennec created visionarymarketing.com in 1996. He is a speaker and author of many books. In 2014 he went from intrapreneur to entrepreneur, when he created his digital marketing agency. Yann Gourvennec a cr\u00e9\u00e9 visionarymarketing.com en 1996. Il est conf\u00e9rencier et auteur de plusieurs livres. En 2014, il est pass\u00e9 d'intrapreneur \u00e0 entrepreneur en cr\u00e9ant son agence de marketing num\u00e9rique.\",\"sameAs\":[\"https:\\\/\\\/visionarymarketing.com\",\"http:\\\/\\\/facebook.com\\\/ygourven\",\"http:\\\/\\\/linkedin.com\\\/in\\\/ygourven\",\"https:\\\/\\\/x.com\\\/ygourven\",\"https:\\\/\\\/www.youtube.com\\\/c\\\/visionarymarketingagency\"],\"url\":\"https:\\\/\\\/visionarymarketing.com\\\/fr\\\/author\\\/yann-gourvennec\\\/\"}]}<\/script>\n<!-- \/ Yoast SEO plugin. -->","yoast_head_json":{"title":"25 ans d\u2019innovation et \u2026 Media Aces sur la wikiradio de\u00a0l\u2019innovation","description":"Dans ce podcast de l'\u00e9mission de NEWEEZ, la wikiradio de l'innovation enregistr\u00e9e il y a quelques semaines, je reviens sur mon parcours (voir aussi","robots":{"index":"noindex","follow":"follow"},"og_locale":"fr_FR","og_type":"article","og_title":"25 ans d\u2019innovation et \u2026 Media Aces sur la wikiradio de\u00a0l\u2019innovation","og_description":"Dans ce podcast de l'\u00e9mission de NEWEEZ, la wikiradio de l'innovation enregistr\u00e9e il y a quelques semaines, je reviens sur mon parcours (voir aussi","og_url":"https:\/\/visionarymarketing.com\/fr\/2010\/09\/01\/25-ans-dinnovation-et-media-aces-sur-la-wikiradio-de-linnovation\/","og_site_name":"Marketing and Innovation","article_publisher":"https:\/\/www.facebook.com\/vismktg","article_author":"http:\/\/facebook.com\/ygourven","article_published_time":"2010-09-01T05:00:43+00:00","article_modified_time":"2022-03-12T10:49:19+00:00","og_image":[{"width":519,"height":339,"url":"https:\/\/visionarymarketing.com\/wp-content\/uploads\/2018\/01\/Yann-Andre-Gourvennec-was-live-mp4-image-e1584598571805.jpg","type":"image\/jpeg"}],"author":"Yann Gourvennec","twitter_card":"summary_large_image","twitter_creator":"@ygourven","twitter_site":"@ygourven","twitter_misc":{"\u00c9crit par":"Yann Gourvennec","Dur\u00e9e de lecture estim\u00e9e":"1 minute"},"schema":{"@context":"https:\/\/schema.org","@graph":[{"@type":"NewsArticle","@id":"https:\/\/visionarymarketing.com\/fr\/2010\/09\/01\/25-ans-dinnovation-et-media-aces-sur-la-wikiradio-de-linnovation\/#article","isPartOf":{"@id":"https:\/\/visionarymarketing.com\/fr\/2010\/09\/01\/25-ans-dinnovation-et-media-aces-sur-la-wikiradio-de-linnovation\/"},"author":{"name":"Yann Gourvennec","@id":"https:\/\/visionarymarketing.com\/fr\/#\/schema\/person\/3754fee1e558f47b8deb46f53c37423e"},"headline":"25 ans d\u2019innovation et \u2026 Media Aces sur la wikiradio de\u00a0l\u2019innovation","datePublished":"2010-09-01T05:00:43+00:00","dateModified":"2022-03-12T10:49:19+00:00","mainEntityOfPage":{"@id":"https:\/\/visionarymarketing.com\/fr\/2010\/09\/01\/25-ans-dinnovation-et-media-aces-sur-la-wikiradio-de-linnovation\/"},"wordCount":159,"commentCount":0,"image":{"@id":"https:\/\/visionarymarketing.com\/fr\/2010\/09\/01\/25-ans-dinnovation-et-media-aces-sur-la-wikiradio-de-linnovation\/#primaryimage"},"thumbnailUrl":"https:\/\/visionarymarketing.com\/wp-content\/uploads\/2018\/01\/Yann-Andre-Gourvennec-was-live-mp4-image-e1584598571805.jpg","articleSection":["m\u00e9dias \/ r\u00e9seaux sociaux"],"inLanguage":"fr-FR","potentialAction":[{"@type":"CommentAction","name":"Comment","target":["https:\/\/visionarymarketing.com\/fr\/2010\/09\/01\/25-ans-dinnovation-et-media-aces-sur-la-wikiradio-de-linnovation\/#respond"]}]},{"@type":"WebPage","@id":"https:\/\/visionarymarketing.com\/fr\/2010\/09\/01\/25-ans-dinnovation-et-media-aces-sur-la-wikiradio-de-linnovation\/","url":"https:\/\/visionarymarketing.com\/fr\/2010\/09\/01\/25-ans-dinnovation-et-media-aces-sur-la-wikiradio-de-linnovation\/","name":"25 ans d\u2019innovation et \u2026 Media Aces sur la wikiradio de\u00a0l\u2019innovation","isPartOf":{"@id":"https:\/\/visionarymarketing.com\/fr\/#website"},"primaryImageOfPage":{"@id":"https:\/\/visionarymarketing.com\/fr\/2010\/09\/01\/25-ans-dinnovation-et-media-aces-sur-la-wikiradio-de-linnovation\/#primaryimage"},"image":{"@id":"https:\/\/visionarymarketing.com\/fr\/2010\/09\/01\/25-ans-dinnovation-et-media-aces-sur-la-wikiradio-de-linnovation\/#primaryimage"},"thumbnailUrl":"https:\/\/visionarymarketing.com\/wp-content\/uploads\/2018\/01\/Yann-Andre-Gourvennec-was-live-mp4-image-e1584598571805.jpg","datePublished":"2010-09-01T05:00:43+00:00","dateModified":"2022-03-12T10:49:19+00:00","author":{"@id":"https:\/\/visionarymarketing.com\/fr\/#\/schema\/person\/3754fee1e558f47b8deb46f53c37423e"},"description":"Dans ce podcast de l'\u00e9mission de NEWEEZ, la wikiradio de l'innovation enregistr\u00e9e il y a quelques semaines, je reviens sur mon parcours (voir aussi","breadcrumb":{"@id":"https:\/\/visionarymarketing.com\/fr\/2010\/09\/01\/25-ans-dinnovation-et-media-aces-sur-la-wikiradio-de-linnovation\/#breadcrumb"},"inLanguage":"fr-FR","potentialAction":[{"@type":"ReadAction","target":["https:\/\/visionarymarketing.com\/fr\/2010\/09\/01\/25-ans-dinnovation-et-media-aces-sur-la-wikiradio-de-linnovation\/"]}]},{"@type":"ImageObject","inLanguage":"fr-FR","@id":"https:\/\/visionarymarketing.com\/fr\/2010\/09\/01\/25-ans-dinnovation-et-media-aces-sur-la-wikiradio-de-linnovation\/#primaryimage","url":"https:\/\/visionarymarketing.com\/wp-content\/uploads\/2018\/01\/Yann-Andre-Gourvennec-was-live-mp4-image-e1584598571805.jpg","contentUrl":"https:\/\/visionarymarketing.com\/wp-content\/uploads\/2018\/01\/Yann-Andre-Gourvennec-was-live-mp4-image-e1584598571805.jpg","width":519,"height":339},{"@type":"BreadcrumbList","@id":"https:\/\/visionarymarketing.com\/fr\/2010\/09\/01\/25-ans-dinnovation-et-media-aces-sur-la-wikiradio-de-linnovation\/#breadcrumb","itemListElement":[{"@type":"ListItem","position":1,"name":"Home","item":"https:\/\/visionarymarketing.com\/fr\/"},{"@type":"ListItem","position":2,"name":"25 ans d\u2019innovation et \u2026 Media Aces sur la wikiradio de\u00a0l\u2019innovation"}]},{"@type":"WebSite","@id":"https:\/\/visionarymarketing.com\/fr\/#website","url":"https:\/\/visionarymarketing.com\/fr\/","name":"Marketing and Innovation","description":"Site d&#039;infos ind\u00e9pendant, depuis 1996","potentialAction":[{"@type":"SearchAction","target":{"@type":"EntryPoint","urlTemplate":"https:\/\/visionarymarketing.com\/fr\/?s={search_term_string}"},"query-input":{"@type":"PropertyValueSpecification","valueRequired":true,"valueName":"search_term_string"}}],"inLanguage":"fr-FR"},{"@type":"Person","@id":"https:\/\/visionarymarketing.com\/fr\/#\/schema\/person\/3754fee1e558f47b8deb46f53c37423e","name":"Yann Gourvennec","image":{"@type":"ImageObject","inLanguage":"fr-FR","@id":"https:\/\/secure.gravatar.com\/avatar\/5972001801e8de5692a3e31224e85769f50a55fb8b679749f9c8d1868cceff14?s=96&d=initials&r=g&initials=yg","url":"https:\/\/secure.gravatar.com\/avatar\/5972001801e8de5692a3e31224e85769f50a55fb8b679749f9c8d1868cceff14?s=96&d=initials&r=g&initials=yg","contentUrl":"https:\/\/secure.gravatar.com\/avatar\/5972001801e8de5692a3e31224e85769f50a55fb8b679749f9c8d1868cceff14?s=96&d=initials&r=g&initials=yg","caption":"Yann Gourvennec"},"description":"Yann Gourvennec created visionarymarketing.com in 1996. He is a speaker and author of many books. In 2014 he went from intrapreneur to entrepreneur, when he created his digital marketing agency. Yann Gourvennec a cr\u00e9\u00e9 visionarymarketing.com en 1996. Il est conf\u00e9rencier et auteur de plusieurs livres. En 2014, il est pass\u00e9 d'intrapreneur \u00e0 entrepreneur en cr\u00e9ant son agence de marketing num\u00e9rique.","sameAs":["https:\/\/visionarymarketing.com","http:\/\/facebook.com\/ygourven","http:\/\/linkedin.com\/in\/ygourven","https:\/\/x.com\/ygourven","https:\/\/www.youtube.com\/c\/visionarymarketingagency"],"url":"https:\/\/visionarymarketing.com\/fr\/author\/yann-gourvennec\/"}]}},"_links":{"self":[{"href":"https:\/\/visionarymarketing.com\/fr\/wp-json\/wp\/v2\/posts\/2979","targetHints":{"allow":["GET"]}}],"collection":[{"href":"https:\/\/visionarymarketing.com\/fr\/wp-json\/wp\/v2\/posts"}],"about":[{"href":"https:\/\/visionarymarketing.com\/fr\/wp-json\/wp\/v2\/types\/post"}],"author":[{"embeddable":true,"href":"https:\/\/visionarymarketing.com\/fr\/wp-json\/wp\/v2\/users\/2"}],"replies":[{"embeddable":true,"href":"https:\/\/visionarymarketing.com\/fr\/wp-json\/wp\/v2\/comments?post=2979"}],"version-history":[{"count":0,"href":"https:\/\/visionarymarketing.com\/fr\/wp-json\/wp\/v2\/posts\/2979\/revisions"}],"wp:featuredmedia":[{"embeddable":true,"href":"https:\/\/visionarymarketing.com\/fr\/wp-json\/wp\/v2\/media\/26730"}],"wp:attachment":[{"href":"https:\/\/visionarymarketing.com\/fr\/wp-json\/wp\/v2\/media?parent=2979"}],"wp:term":[{"taxonomy":"category","embeddable":true,"href":"https:\/\/visionarymarketing.com\/fr\/wp-json\/wp\/v2\/categories?post=2979"},{"taxonomy":"post_tag","embeddable":true,"href":"https:\/\/visionarymarketing.com\/fr\/wp-json\/wp\/v2\/tags?post=2979"}],"curies":[{"name":"wp","href":"https:\/\/api.w.org\/{rel}","templated":true}]}}