{"id":29453,"date":"2018-11-29T08:30:01","date_gmt":"2018-11-29T07:30:01","guid":{"rendered":"https:\/\/visionarymarketing.com\/?p=29453"},"modified":"2019-06-22T10:20:56","modified_gmt":"2019-06-22T08:20:56","slug":"medias-sociaux-3","status":"publish","type":"post","link":"https:\/\/visionarymarketing.com\/fr\/2018\/11\/29\/medias-sociaux-3\/","title":{"rendered":"Les m\u00e9dias sociaux, les marketeurs et la mort"},"content":{"rendered":"<p>Les m\u00e9dias sociaux sont-ils morts ? La publicit\u00e9 traditionnelle est-elle morte ? Le commerce traditionnel est-il mort ? Le marketing n&rsquo;en finit pas, au milieu des poncifs et de l&rsquo;absence de chiffres, de nous sortir des pr\u00e9dictions \u00e0 court termes qui ne se r\u00e9v\u00e9leront peut-\u00eatre jamais.<\/p>\n<p>Nous l&rsquo;avons d\u00e9j\u00e0 d\u00e9montr\u00e9 il y a peu sur le sujet de la <a href=\"https:\/\/visionarymarketing.com\/2018\/09\/publicite-ethique\/\">publicit\u00e9<\/a> qui semble susciter encore ces temps-ci beaucoup d&rsquo;\u00e9moi sur LinkedIn. Il va de soi que la critique de la publicit\u00e9 fait partie elle-m\u00eame de ce mode de communication et m\u00eame que cette critique est constructive et qu&rsquo;elle peut g\u00e9n\u00e9rer de la cr\u00e9ativit\u00e9 et de l&rsquo;intelligence. De l\u00e0 \u00e0 dire la publicit\u00e9 est morte, il y a un pas, les chiffres ne le d\u00e9montrent pas.\u00a0Mieux encore, on nous promet aujourd&rsquo;hui un <a href=\"https:\/\/vismktg.info\/2Sheqvi\" target=\"_blank\" rel=\"noopener noreferrer\">nouveau g\u00e9ant du domaine, encore l&rsquo;immanquable Amazon<\/a>.<\/p>\n<h3>Les m\u00e9dias sociaux sont-ils morts ? (NB : ceci est une question rh\u00e9torique)<\/h3>\n<p>Ou sont-ce les marketeurs qui sont pr\u00eats \u00e0 les enterrer alors qu&rsquo;ils n&rsquo;ont jamais \u00e9t\u00e9 aussi utilis\u00e9s ?<\/p>\n<figure id=\"attachment_29455\" aria-describedby=\"caption-attachment-29455\" style=\"width: 650px\" class=\"wp-caption aligncenter\"><img decoding=\"async\" class=\"wp-image-29455 size-full\" src=\"https:\/\/visionarymarketing.com\/wp-content\/uploads\/2018\/11\/201811331_0911-captur-Touchbar-MBP.png\" alt=\"Selon l\u2019\u00e9chelle choisie (5 jours ou 5 ans), la vision est bien diff\u00e9rente. Les quotidiens analysent \u00e0 chaud les \u00e9v\u00e9nements des derni\u00e8res heures ou des derniers jours, et rarement la vue \u00e0 long terme.\" width=\"650\" height=\"273\" srcset=\"https:\/\/visionarymarketing.com\/wp-content\/uploads\/2018\/11\/201811331_0911-captur-Touchbar-MBP.png 650w, https:\/\/visionarymarketing.com\/wp-content\/uploads\/2018\/11\/201811331_0911-captur-Touchbar-MBP-500x210.png 500w\" sizes=\"(max-width: 650px) 100vw, 650px\" \/><figcaption id=\"caption-attachment-29455\" class=\"wp-caption-text\">Selon l\u2019\u00e9chelle choisie (5 jours ou 5 ans), la vision est bien diff\u00e9rente. Les quotidiens analysent \u00e0 chaud les \u00e9v\u00e9nements des derni\u00e8res heures ou des derniers jours, et rarement la vue \u00e0 long terme.<\/figcaption><\/figure>\n<p>Il en va pour les m\u00e9dias sociaux comme pour le reste. Ils se voient en bombarder en ce moment,<a href=\"https:\/\/www.youtube.com\/watch?v=XoPG7kzO8rc\" target=\"_blank\" rel=\"noopener noreferrer\"> de toutes les critiques possibles et imaginables.<\/a> Critique principalement dirig\u00e9e vers Mark Zuckerberg, incarnation m\u00eame du sujet depuis 15 ans.<!--more--><\/p>\n<p>Il va sans dire que l&rsquo;ann\u00e9e qui va venir sera riche en \u00e9v\u00e9nements, et que nous ne manquerons pas de scruter les r\u00e9sultats et l&rsquo;impact de toutes les discussions, positives ou n\u00e9gatives, autour des m\u00e9dias sociaux en 2019.<\/p>\n<p>Apr\u00e8s tout, 15 ans dans ce domaine repr\u00e9sente certainement pas loin <a href=\"https:\/\/technologyadvice.com\/blog\/marketing\/expert-interview-what-the-internet-and-dog-years-have-in-common\/\" target=\"_blank\" rel=\"noopener noreferrer\">d&rsquo;un centenaire en ann\u00e9es de chiens<\/a>. Donc ann\u00e9e propice au regard critique.<\/p>\n<h3>La conclusion du barom\u00e8tre Hootsuite 2018 des m\u00e9dias sociaux<\/h3>\n<p>En attendant, je vous propose une petite analyse que j&rsquo;ai livr\u00e9 en conclusion du barom\u00e8tre des m\u00e9dias sociaux Hootsuite 2018 que nous avons r\u00e9alis\u00e9 avec notre partenaire canadien.<\/p>\n<p>Je conseille ce rapport dans lequel nous avons mis beaucoup d&rsquo;efforts et d&rsquo;application, et qui a aussi le m\u00e9rite de pr\u00e9senter les r\u00e9sultats des l&rsquo;utilisation des m\u00e9dias sociaux dans les entreprises en France, en comparaison avec les autres pays d&rsquo;Europe et du monde.<\/p>\n<p>Avant toute chose j&rsquo;attire votre attention sur l&rsquo;analyse du temps long n\u00e9cessaire, dans la finance et l&rsquo;analyse des entreprises encore plus que pour tout autre sujet. Plus les fluctuations sont fortes, plus il nous faut prendre de recul et savoir \u00e0 quel point nous h\u00e2ter lentement.<\/p>\n<h3><strong>Conclusion (Extrait) : L\u2019avenir des m\u00e9dias sociaux sera-t-il radieux ?<\/strong><\/h3>\n<blockquote class=\"quote-light\"><p>Dans ce <a href=\"https:\/\/visionarymarketing.com\/2018\/09\/3eme-barometre-hootsuite-medias-sociaux-en-entreprise-france-et-monde-hootbarometer\/\">troisi\u00e8me barom\u00e8tre des m\u00e9dias sociaux 2018,<\/a> nous avons balay\u00e9 un grand nombre de sujets qui nous permettent de r\u00e9pondre \u00e0 cette question de fa\u00e7on nuanc\u00e9e. Nous pouvons ainsi retenir des points qui sont autant de motifs de satisfaction, et d\u2019autres qui nous permettent de nous interroger et de nuancer notre propos. \u00c9valuons donc le futur de cette discipline qui, cette ann\u00e9e, flirte avec les 15 ans (LinkedIn fut lanc\u00e9 en 2003, et Tim O\u2019Reilly a invent\u00e9 son fameux terme de Web 2.0 en 2004, les 15 ans ne sont plus loin). L\u2019avenir des m\u00e9dias sociaux sera radieux si nous savons tous rester vigilants.<\/p>\n<p>Pour conna\u00eetre le futur qui est r\u00e9serv\u00e9 aux m\u00e9dias sociaux, m\u00e9langeons plusieurs des ingr\u00e9dients analys\u00e9s dans ce rapport et dans notre propos introductif, et regardons dans notre boule de cristal\u2026 Essayons d\u2019imaginer les r\u00e9sultats que nous pourrions obtenir dans la prochaine version de ce barom\u00e8tre.<\/p>\n<p>Tout d\u2019abord signalons la grande confiance, malgr\u00e9 les r\u00e9cents scandales, qu\u2019affichent les marketeurs dans la poursuite du d\u00e9veloppement de leurs efforts sur les m\u00e9dias sociaux. Ceci est rassurant pour nous tous, m\u00eame s\u2019il faudra rester attentif aux d\u00e9veloppements futurs.<\/p>\n<p>D\u2019autre part, la publicit\u00e9 sur les m\u00e9dias sociaux, si pris\u00e9e des marketeurs, est particuli\u00e8rement critiqu\u00e9e au point que sa r\u00e9gulation semble v\u00e9ritablement probl\u00e9matique, ce qui pose des questions sur l\u2019avenir.<\/p>\n<p>Les marques ne sont pas neutres dans ce processus, en donnant de l\u2019argent \u00e0\u00a0 <a href=\"https:\/\/visionarymarketing.com\/fr\/2018\/06\/marketing-dinfluence-revers-medaille\/\" target=\"_blank\" rel=\"noopener noreferrer\">des influenceurs qui n\u2019en sont pas toujours<\/a>. Les autorit\u00e9s de r\u00e9gulation (ARPP en France, et les \u00e9quivalents \u00e0 l\u2019\u00e9tranger, notamment ANA aux USA) ne semblent pas capables d\u2019enrayer ce probl\u00e8me.<\/p>\n<p><a href=\"https:\/\/fredcavazza.net\/2018\/07\/17\/lautoregulation-est-elle-suffisante-pour-eviter-les-derives-publicitaires-sur-les-medias-sociaux\/\" target=\"_blank\" rel=\"noopener noreferrer\">Fr\u00e9d\u00e9ric Cavazza analyse ce ph\u00e9nom\u00e8ne dans un billet r\u00e9cent<\/a>, et conclut que les seules autorit\u00e9s capables d\u2019apporter la r\u00e9gulation sont les plateformes de m\u00e9dias sociaux elles-m\u00eames. Si sa d\u00e9monstration est coh\u00e9rente, on peut cependant se poser la question de savoir si la r\u00e9gulation d\u2019une entit\u00e9 par elle-m\u00eame est tenable dans le temps.<\/p>\n<p>En dehors de ces probl\u00e8mes d\u2019\u00e9thique et de protection des donn\u00e9es, les m\u00e9dias sociaux vont devoir trouver un meilleur encadrement, ce qui passe certainement par les autorit\u00e9s r\u00e9gulatrices, dont certaines sont encore \u00e0 cr\u00e9er, mais aussi et surtout par la vigilance de chacun, des influenceurs bien s\u00fbr, mais avant tout des responsables m\u00e9dias sociaux en entreprise.<\/p>\n<figure id=\"attachment_29025\" aria-describedby=\"caption-attachment-29025\" style=\"width: 768px\" class=\"wp-caption aligncenter\"><img decoding=\"async\" class=\"wp-image-29025 size-large\" src=\"https:\/\/visionarymarketing.com\/wp-content\/uploads\/2018\/09\/barometre-hootsuite-medias-sociaux-chouette-1024x766.jpg\" alt=\"Extrait du barom\u00e8tre 2018 des m\u00e9dias sociaux \" width=\"768\" height=\"575\" \/><figcaption id=\"caption-attachment-29025\" class=\"wp-caption-text\">Extrait du barom\u00e8tre 2018 des m\u00e9dias sociaux<\/figcaption><\/figure>\n<p>Il est difficile de regarder l\u2019histoire des m\u00e9dias sociaux \u00e0 l\u2019aune de l\u2019actualit\u00e9. Comme l\u2019\u00e9crit Hegel, \u00ab l\u2019oiseau de Minerve ne se l\u00e8ve que la nuit \u00bb et c\u2019est avec du recul que nous verrons plus clair dans les \u00e9v\u00e9nements qui se d\u00e9roulent litt\u00e9ralement sous nos yeux. Dernier d\u00e9veloppement, au moment-m\u00eame o\u00f9 nous \u00e9crivons cette conclusion : les annonces des r\u00e9sultats de Facebook aux investisseurs ont provoqu\u00e9 le 26 juillet 2018 une perte de pr\u00e8s de 20 % de la capitalisation boursi\u00e8re du g\u00e9ant de Menlo Park18,19.<\/p>\n<p>Le business model de Facebook est au c\u0153ur des m\u00e9contentements et la firme a reconnu qu\u2019elle devait mieux mon\u00e9tiser, c\u2019est \u00e0 dire faire peser encore plus de<\/p>\n<p>pression sur les utilisateurs, ou les annonceurs,\u2026 ou les deux. Cela ne manquera pas d\u2019avoir encore des cons\u00e9quences sur l\u2019utilisation de Facebook et par r\u00e9percussion et mim\u00e9tisme, des autres plateformes. L\u2019impact de la perte de valeur de Facebook est \u00e0 relativiser cependant, au moins \u00e0 court terme.<\/p>\n<p>Certes, 118 milliards sont partis en fum\u00e9e lors de ce jeudi noir et Facebook a \u00e9tabli un nouveau record spectaculaire en ce domaine. Mais la capitalisation de la plateforme reste valoris\u00e9e \u00e0 plus de 500 milliards de dollars au lendemain de ce crash, et toute l\u2019interpr\u00e9tation qu\u2019on peut tirer de ces chiffres est une question d\u2019\u00e9chelle, comme nous le montrons dans les deux graphiques ci-dessus.<\/p><\/blockquote>\n<p>Lire la suite de cet article dans le livre blanc d\u00e9crivant les r\u00e9sultats du barom\u00e8tre des m\u00e9dias sociaux 2018 r\u00e9dig\u00e9 en commun par Visionary Marketing et Hootsuite.<\/p>\n","protected":false},"excerpt":{"rendered":"<p>Les m\u00e9dias sociaux sont-ils morts ? La publicit\u00e9 traditionnelle est-elle morte ? Le commerce traditionnel est-il mort ? Le marketing n&rsquo;en finit pas, au milieu des poncifs et de l&rsquo;absence de chiffres, de nous sortir des pr\u00e9dictions \u00e0 court termes qui ne se r\u00e9v\u00e9leront peut-\u00eatre jamais. Nous l&rsquo;avons d\u00e9j\u00e0 d\u00e9montr\u00e9 il y a peu sur &hellip;<\/p>\n","protected":false},"author":2,"featured_media":34066,"comment_status":"open","ping_status":"open","sticky":false,"template":"","format":"standard","meta":{"footnotes":""},"categories":[25],"tags":[],"class_list":["post-29453","post","type-post","status-publish","format-standard","has-post-thumbnail","hentry","category-medias-sociaux"],"yoast_head":"<!-- This site is optimized with the Yoast SEO plugin v27.4 - https:\/\/yoast.com\/product\/yoast-seo-wordpress\/ -->\n<title>Les m\u00e9dias sociaux, les marketeurs et la mort des m\u00e9dias sociaux<\/title>\n<meta name=\"description\" content=\"Les m\u00e9dias sociaux sont-ils morts ? Le marketing n&#039;en finit pas de nous sortir des pr\u00e9dictions qui ne se r\u00e9v\u00e9leront peut-\u00eatre jamais.\" \/>\n<meta name=\"robots\" content=\"index, follow, max-snippet:-1, max-image-preview:large, max-video-preview:-1\" \/>\n<link rel=\"canonical\" href=\"https:\/\/visionarymarketing.com\/fr\/2018\/11\/29\/medias-sociaux-3\/\" \/>\n<meta property=\"og:locale\" content=\"fr_FR\" \/>\n<meta property=\"og:type\" content=\"article\" \/>\n<meta property=\"og:title\" content=\"Les m\u00e9dias sociaux, les marketeurs et la mort des m\u00e9dias sociaux\" \/>\n<meta property=\"og:description\" content=\"Les m\u00e9dias sociaux sont-ils morts ? Le marketing n&#039;en finit pas de nous sortir des pr\u00e9dictions qui ne se r\u00e9v\u00e9leront peut-\u00eatre jamais.\" \/>\n<meta property=\"og:url\" content=\"https:\/\/visionarymarketing.com\/fr\/2018\/11\/29\/medias-sociaux-3\/\" \/>\n<meta property=\"og:site_name\" content=\"Marketing and Innovation\" \/>\n<meta property=\"article:publisher\" content=\"https:\/\/www.facebook.com\/vismktg\" \/>\n<meta property=\"article:author\" content=\"http:\/\/facebook.com\/ygourven\" \/>\n<meta property=\"article:published_time\" content=\"2018-11-29T07:30:01+00:00\" \/>\n<meta property=\"article:modified_time\" content=\"2019-06-22T08:20:56+00:00\" \/>\n<meta property=\"og:image\" content=\"https:\/\/visionarymarketing.com\/wp-content\/uploads\/2019\/11\/47977612261_fee5c44091_c.jpg\" \/>\n\t<meta property=\"og:image:width\" content=\"644\" \/>\n\t<meta property=\"og:image:height\" content=\"430\" \/>\n\t<meta property=\"og:image:type\" content=\"image\/jpeg\" \/>\n<meta name=\"author\" content=\"Yann Gourvennec\" \/>\n<meta name=\"twitter:card\" content=\"summary_large_image\" \/>\n<meta name=\"twitter:creator\" content=\"@ygourven\" \/>\n<meta name=\"twitter:site\" content=\"@ygourven\" \/>\n<meta name=\"twitter:label1\" content=\"\u00c9crit par\" \/>\n\t<meta name=\"twitter:data1\" content=\"Yann Gourvennec\" \/>\n\t<meta name=\"twitter:label2\" content=\"Dur\u00e9e de lecture estim\u00e9e\" \/>\n\t<meta name=\"twitter:data2\" content=\"6 minutes\" \/>\n<script type=\"application\/ld+json\" class=\"yoast-schema-graph\">{\"@context\":\"https:\\\/\\\/schema.org\",\"@graph\":[{\"@type\":\"NewsArticle\",\"@id\":\"https:\\\/\\\/visionarymarketing.com\\\/fr\\\/2018\\\/11\\\/29\\\/medias-sociaux-3\\\/#article\",\"isPartOf\":{\"@id\":\"https:\\\/\\\/visionarymarketing.com\\\/fr\\\/2018\\\/11\\\/29\\\/medias-sociaux-3\\\/\"},\"author\":{\"name\":\"Yann Gourvennec\",\"@id\":\"https:\\\/\\\/visionarymarketing.com\\\/fr\\\/#\\\/schema\\\/person\\\/3754fee1e558f47b8deb46f53c37423e\"},\"headline\":\"Les m\u00e9dias sociaux, les marketeurs et la mort\",\"datePublished\":\"2018-11-29T07:30:01+00:00\",\"dateModified\":\"2019-06-22T08:20:56+00:00\",\"mainEntityOfPage\":{\"@id\":\"https:\\\/\\\/visionarymarketing.com\\\/fr\\\/2018\\\/11\\\/29\\\/medias-sociaux-3\\\/\"},\"wordCount\":1223,\"commentCount\":0,\"image\":{\"@id\":\"https:\\\/\\\/visionarymarketing.com\\\/fr\\\/2018\\\/11\\\/29\\\/medias-sociaux-3\\\/#primaryimage\"},\"thumbnailUrl\":\"https:\\\/\\\/visionarymarketing.com\\\/wp-content\\\/uploads\\\/2019\\\/11\\\/47977612261_fee5c44091_c.jpg\",\"articleSection\":[\"m\u00e9dias \\\/ r\u00e9seaux sociaux\"],\"inLanguage\":\"fr-FR\",\"potentialAction\":[{\"@type\":\"CommentAction\",\"name\":\"Comment\",\"target\":[\"https:\\\/\\\/visionarymarketing.com\\\/fr\\\/2018\\\/11\\\/29\\\/medias-sociaux-3\\\/#respond\"]}]},{\"@type\":\"WebPage\",\"@id\":\"https:\\\/\\\/visionarymarketing.com\\\/fr\\\/2018\\\/11\\\/29\\\/medias-sociaux-3\\\/\",\"url\":\"https:\\\/\\\/visionarymarketing.com\\\/fr\\\/2018\\\/11\\\/29\\\/medias-sociaux-3\\\/\",\"name\":\"Les m\u00e9dias sociaux, les marketeurs et la mort des m\u00e9dias sociaux\",\"isPartOf\":{\"@id\":\"https:\\\/\\\/visionarymarketing.com\\\/fr\\\/#website\"},\"primaryImageOfPage\":{\"@id\":\"https:\\\/\\\/visionarymarketing.com\\\/fr\\\/2018\\\/11\\\/29\\\/medias-sociaux-3\\\/#primaryimage\"},\"image\":{\"@id\":\"https:\\\/\\\/visionarymarketing.com\\\/fr\\\/2018\\\/11\\\/29\\\/medias-sociaux-3\\\/#primaryimage\"},\"thumbnailUrl\":\"https:\\\/\\\/visionarymarketing.com\\\/wp-content\\\/uploads\\\/2019\\\/11\\\/47977612261_fee5c44091_c.jpg\",\"datePublished\":\"2018-11-29T07:30:01+00:00\",\"dateModified\":\"2019-06-22T08:20:56+00:00\",\"author\":{\"@id\":\"https:\\\/\\\/visionarymarketing.com\\\/fr\\\/#\\\/schema\\\/person\\\/3754fee1e558f47b8deb46f53c37423e\"},\"description\":\"Les m\u00e9dias sociaux sont-ils morts ? Le marketing n'en finit pas de nous sortir des pr\u00e9dictions qui ne se r\u00e9v\u00e9leront peut-\u00eatre jamais.\",\"breadcrumb\":{\"@id\":\"https:\\\/\\\/visionarymarketing.com\\\/fr\\\/2018\\\/11\\\/29\\\/medias-sociaux-3\\\/#breadcrumb\"},\"inLanguage\":\"fr-FR\",\"potentialAction\":[{\"@type\":\"ReadAction\",\"target\":[\"https:\\\/\\\/visionarymarketing.com\\\/fr\\\/2018\\\/11\\\/29\\\/medias-sociaux-3\\\/\"]}]},{\"@type\":\"ImageObject\",\"inLanguage\":\"fr-FR\",\"@id\":\"https:\\\/\\\/visionarymarketing.com\\\/fr\\\/2018\\\/11\\\/29\\\/medias-sociaux-3\\\/#primaryimage\",\"url\":\"https:\\\/\\\/visionarymarketing.com\\\/wp-content\\\/uploads\\\/2019\\\/11\\\/47977612261_fee5c44091_c.jpg\",\"contentUrl\":\"https:\\\/\\\/visionarymarketing.com\\\/wp-content\\\/uploads\\\/2019\\\/11\\\/47977612261_fee5c44091_c.jpg\",\"width\":644,\"height\":430},{\"@type\":\"BreadcrumbList\",\"@id\":\"https:\\\/\\\/visionarymarketing.com\\\/fr\\\/2018\\\/11\\\/29\\\/medias-sociaux-3\\\/#breadcrumb\",\"itemListElement\":[{\"@type\":\"ListItem\",\"position\":1,\"name\":\"Home\",\"item\":\"https:\\\/\\\/visionarymarketing.com\\\/fr\\\/\"},{\"@type\":\"ListItem\",\"position\":2,\"name\":\"Les m\u00e9dias sociaux, les marketeurs et la mort\"}]},{\"@type\":\"WebSite\",\"@id\":\"https:\\\/\\\/visionarymarketing.com\\\/fr\\\/#website\",\"url\":\"https:\\\/\\\/visionarymarketing.com\\\/fr\\\/\",\"name\":\"Marketing and Innovation\",\"description\":\"Site d&#039;infos ind\u00e9pendant, depuis 1996\",\"potentialAction\":[{\"@type\":\"SearchAction\",\"target\":{\"@type\":\"EntryPoint\",\"urlTemplate\":\"https:\\\/\\\/visionarymarketing.com\\\/fr\\\/?s={search_term_string}\"},\"query-input\":{\"@type\":\"PropertyValueSpecification\",\"valueRequired\":true,\"valueName\":\"search_term_string\"}}],\"inLanguage\":\"fr-FR\"},{\"@type\":\"Person\",\"@id\":\"https:\\\/\\\/visionarymarketing.com\\\/fr\\\/#\\\/schema\\\/person\\\/3754fee1e558f47b8deb46f53c37423e\",\"name\":\"Yann Gourvennec\",\"image\":{\"@type\":\"ImageObject\",\"inLanguage\":\"fr-FR\",\"@id\":\"https:\\\/\\\/secure.gravatar.com\\\/avatar\\\/5972001801e8de5692a3e31224e85769f50a55fb8b679749f9c8d1868cceff14?s=96&d=initials&r=g&initials=yg\",\"url\":\"https:\\\/\\\/secure.gravatar.com\\\/avatar\\\/5972001801e8de5692a3e31224e85769f50a55fb8b679749f9c8d1868cceff14?s=96&d=initials&r=g&initials=yg\",\"contentUrl\":\"https:\\\/\\\/secure.gravatar.com\\\/avatar\\\/5972001801e8de5692a3e31224e85769f50a55fb8b679749f9c8d1868cceff14?s=96&d=initials&r=g&initials=yg\",\"caption\":\"Yann Gourvennec\"},\"description\":\"Yann Gourvennec created visionarymarketing.com in 1996. He is a speaker and author of many books. In 2014 he went from intrapreneur to entrepreneur, when he created his digital marketing agency. Yann Gourvennec a cr\u00e9\u00e9 visionarymarketing.com en 1996. Il est conf\u00e9rencier et auteur de plusieurs livres. En 2014, il est pass\u00e9 d'intrapreneur \u00e0 entrepreneur en cr\u00e9ant son agence de marketing num\u00e9rique.\",\"sameAs\":[\"https:\\\/\\\/visionarymarketing.com\",\"http:\\\/\\\/facebook.com\\\/ygourven\",\"http:\\\/\\\/linkedin.com\\\/in\\\/ygourven\",\"https:\\\/\\\/x.com\\\/ygourven\",\"https:\\\/\\\/www.youtube.com\\\/c\\\/visionarymarketingagency\"],\"url\":\"https:\\\/\\\/visionarymarketing.com\\\/fr\\\/author\\\/yann-gourvennec\\\/\"}]}<\/script>\n<!-- \/ Yoast SEO plugin. -->","yoast_head_json":{"title":"Les m\u00e9dias sociaux, les marketeurs et la mort des m\u00e9dias sociaux","description":"Les m\u00e9dias sociaux sont-ils morts ? Le marketing n'en finit pas de nous sortir des pr\u00e9dictions qui ne se r\u00e9v\u00e9leront peut-\u00eatre jamais.","robots":{"index":"index","follow":"follow","max-snippet":"max-snippet:-1","max-image-preview":"max-image-preview:large","max-video-preview":"max-video-preview:-1"},"canonical":"https:\/\/visionarymarketing.com\/fr\/2018\/11\/29\/medias-sociaux-3\/","og_locale":"fr_FR","og_type":"article","og_title":"Les m\u00e9dias sociaux, les marketeurs et la mort des m\u00e9dias sociaux","og_description":"Les m\u00e9dias sociaux sont-ils morts ? Le marketing n'en finit pas de nous sortir des pr\u00e9dictions qui ne se r\u00e9v\u00e9leront peut-\u00eatre jamais.","og_url":"https:\/\/visionarymarketing.com\/fr\/2018\/11\/29\/medias-sociaux-3\/","og_site_name":"Marketing and Innovation","article_publisher":"https:\/\/www.facebook.com\/vismktg","article_author":"http:\/\/facebook.com\/ygourven","article_published_time":"2018-11-29T07:30:01+00:00","article_modified_time":"2019-06-22T08:20:56+00:00","og_image":[{"width":644,"height":430,"url":"https:\/\/visionarymarketing.com\/wp-content\/uploads\/2019\/11\/47977612261_fee5c44091_c.jpg","type":"image\/jpeg"}],"author":"Yann Gourvennec","twitter_card":"summary_large_image","twitter_creator":"@ygourven","twitter_site":"@ygourven","twitter_misc":{"\u00c9crit par":"Yann Gourvennec","Dur\u00e9e de lecture estim\u00e9e":"6 minutes"},"schema":{"@context":"https:\/\/schema.org","@graph":[{"@type":"NewsArticle","@id":"https:\/\/visionarymarketing.com\/fr\/2018\/11\/29\/medias-sociaux-3\/#article","isPartOf":{"@id":"https:\/\/visionarymarketing.com\/fr\/2018\/11\/29\/medias-sociaux-3\/"},"author":{"name":"Yann Gourvennec","@id":"https:\/\/visionarymarketing.com\/fr\/#\/schema\/person\/3754fee1e558f47b8deb46f53c37423e"},"headline":"Les m\u00e9dias sociaux, les marketeurs et la mort","datePublished":"2018-11-29T07:30:01+00:00","dateModified":"2019-06-22T08:20:56+00:00","mainEntityOfPage":{"@id":"https:\/\/visionarymarketing.com\/fr\/2018\/11\/29\/medias-sociaux-3\/"},"wordCount":1223,"commentCount":0,"image":{"@id":"https:\/\/visionarymarketing.com\/fr\/2018\/11\/29\/medias-sociaux-3\/#primaryimage"},"thumbnailUrl":"https:\/\/visionarymarketing.com\/wp-content\/uploads\/2019\/11\/47977612261_fee5c44091_c.jpg","articleSection":["m\u00e9dias \/ r\u00e9seaux sociaux"],"inLanguage":"fr-FR","potentialAction":[{"@type":"CommentAction","name":"Comment","target":["https:\/\/visionarymarketing.com\/fr\/2018\/11\/29\/medias-sociaux-3\/#respond"]}]},{"@type":"WebPage","@id":"https:\/\/visionarymarketing.com\/fr\/2018\/11\/29\/medias-sociaux-3\/","url":"https:\/\/visionarymarketing.com\/fr\/2018\/11\/29\/medias-sociaux-3\/","name":"Les m\u00e9dias sociaux, les marketeurs et la mort des m\u00e9dias sociaux","isPartOf":{"@id":"https:\/\/visionarymarketing.com\/fr\/#website"},"primaryImageOfPage":{"@id":"https:\/\/visionarymarketing.com\/fr\/2018\/11\/29\/medias-sociaux-3\/#primaryimage"},"image":{"@id":"https:\/\/visionarymarketing.com\/fr\/2018\/11\/29\/medias-sociaux-3\/#primaryimage"},"thumbnailUrl":"https:\/\/visionarymarketing.com\/wp-content\/uploads\/2019\/11\/47977612261_fee5c44091_c.jpg","datePublished":"2018-11-29T07:30:01+00:00","dateModified":"2019-06-22T08:20:56+00:00","author":{"@id":"https:\/\/visionarymarketing.com\/fr\/#\/schema\/person\/3754fee1e558f47b8deb46f53c37423e"},"description":"Les m\u00e9dias sociaux sont-ils morts ? Le marketing n'en finit pas de nous sortir des pr\u00e9dictions qui ne se r\u00e9v\u00e9leront peut-\u00eatre jamais.","breadcrumb":{"@id":"https:\/\/visionarymarketing.com\/fr\/2018\/11\/29\/medias-sociaux-3\/#breadcrumb"},"inLanguage":"fr-FR","potentialAction":[{"@type":"ReadAction","target":["https:\/\/visionarymarketing.com\/fr\/2018\/11\/29\/medias-sociaux-3\/"]}]},{"@type":"ImageObject","inLanguage":"fr-FR","@id":"https:\/\/visionarymarketing.com\/fr\/2018\/11\/29\/medias-sociaux-3\/#primaryimage","url":"https:\/\/visionarymarketing.com\/wp-content\/uploads\/2019\/11\/47977612261_fee5c44091_c.jpg","contentUrl":"https:\/\/visionarymarketing.com\/wp-content\/uploads\/2019\/11\/47977612261_fee5c44091_c.jpg","width":644,"height":430},{"@type":"BreadcrumbList","@id":"https:\/\/visionarymarketing.com\/fr\/2018\/11\/29\/medias-sociaux-3\/#breadcrumb","itemListElement":[{"@type":"ListItem","position":1,"name":"Home","item":"https:\/\/visionarymarketing.com\/fr\/"},{"@type":"ListItem","position":2,"name":"Les m\u00e9dias sociaux, les marketeurs et la mort"}]},{"@type":"WebSite","@id":"https:\/\/visionarymarketing.com\/fr\/#website","url":"https:\/\/visionarymarketing.com\/fr\/","name":"Marketing and Innovation","description":"Site d&#039;infos ind\u00e9pendant, depuis 1996","potentialAction":[{"@type":"SearchAction","target":{"@type":"EntryPoint","urlTemplate":"https:\/\/visionarymarketing.com\/fr\/?s={search_term_string}"},"query-input":{"@type":"PropertyValueSpecification","valueRequired":true,"valueName":"search_term_string"}}],"inLanguage":"fr-FR"},{"@type":"Person","@id":"https:\/\/visionarymarketing.com\/fr\/#\/schema\/person\/3754fee1e558f47b8deb46f53c37423e","name":"Yann Gourvennec","image":{"@type":"ImageObject","inLanguage":"fr-FR","@id":"https:\/\/secure.gravatar.com\/avatar\/5972001801e8de5692a3e31224e85769f50a55fb8b679749f9c8d1868cceff14?s=96&d=initials&r=g&initials=yg","url":"https:\/\/secure.gravatar.com\/avatar\/5972001801e8de5692a3e31224e85769f50a55fb8b679749f9c8d1868cceff14?s=96&d=initials&r=g&initials=yg","contentUrl":"https:\/\/secure.gravatar.com\/avatar\/5972001801e8de5692a3e31224e85769f50a55fb8b679749f9c8d1868cceff14?s=96&d=initials&r=g&initials=yg","caption":"Yann Gourvennec"},"description":"Yann Gourvennec created visionarymarketing.com in 1996. He is a speaker and author of many books. In 2014 he went from intrapreneur to entrepreneur, when he created his digital marketing agency. Yann Gourvennec a cr\u00e9\u00e9 visionarymarketing.com en 1996. Il est conf\u00e9rencier et auteur de plusieurs livres. En 2014, il est pass\u00e9 d'intrapreneur \u00e0 entrepreneur en cr\u00e9ant son agence de marketing num\u00e9rique.","sameAs":["https:\/\/visionarymarketing.com","http:\/\/facebook.com\/ygourven","http:\/\/linkedin.com\/in\/ygourven","https:\/\/x.com\/ygourven","https:\/\/www.youtube.com\/c\/visionarymarketingagency"],"url":"https:\/\/visionarymarketing.com\/fr\/author\/yann-gourvennec\/"}]}},"_links":{"self":[{"href":"https:\/\/visionarymarketing.com\/fr\/wp-json\/wp\/v2\/posts\/29453","targetHints":{"allow":["GET"]}}],"collection":[{"href":"https:\/\/visionarymarketing.com\/fr\/wp-json\/wp\/v2\/posts"}],"about":[{"href":"https:\/\/visionarymarketing.com\/fr\/wp-json\/wp\/v2\/types\/post"}],"author":[{"embeddable":true,"href":"https:\/\/visionarymarketing.com\/fr\/wp-json\/wp\/v2\/users\/2"}],"replies":[{"embeddable":true,"href":"https:\/\/visionarymarketing.com\/fr\/wp-json\/wp\/v2\/comments?post=29453"}],"version-history":[{"count":0,"href":"https:\/\/visionarymarketing.com\/fr\/wp-json\/wp\/v2\/posts\/29453\/revisions"}],"wp:featuredmedia":[{"embeddable":true,"href":"https:\/\/visionarymarketing.com\/fr\/wp-json\/wp\/v2\/media\/34066"}],"wp:attachment":[{"href":"https:\/\/visionarymarketing.com\/fr\/wp-json\/wp\/v2\/media?parent=29453"}],"wp:term":[{"taxonomy":"category","embeddable":true,"href":"https:\/\/visionarymarketing.com\/fr\/wp-json\/wp\/v2\/categories?post=29453"},{"taxonomy":"post_tag","embeddable":true,"href":"https:\/\/visionarymarketing.com\/fr\/wp-json\/wp\/v2\/tags?post=29453"}],"curies":[{"name":"wp","href":"https:\/\/api.w.org\/{rel}","templated":true}]}}