{"id":29333,"date":"2019-01-15T08:30:23","date_gmt":"2019-01-15T07:30:23","guid":{"rendered":"https:\/\/visionarymarketing.com\/?p=29333"},"modified":"2021-10-24T10:29:01","modified_gmt":"2021-10-24T08:29:01","slug":"avenir-coworking","status":"publish","type":"post","link":"https:\/\/visionarymarketing.com\/fr\/2019\/01\/15\/avenir-coworking\/","title":{"rendered":"Quel avenir pour le coworking et la collaboration au c\u0153ur de Paris ?"},"content":{"rendered":"<p><em>Quel avenir pour le <a style=\"font-style: italic;\" href=\"https:\/\/visionarymarketing.com\/2013\/11\/coworking-une-crise-de-croissance-due-a-un-developpement-non-structure\/\">coworking<\/a>\u00a0? Ce nouveau mode de travail\u00a0ne se r\u00e9sume pas aux grands acteurs californiens qui remplissent des milliers de m\u00e8tres carr\u00e9s dans les beaux quartiers de Paris.<\/em><i>Le paysage des nouveaux modes de collaboration et de travail comprend aussi et surtout de petits acteurs. C&rsquo;est le cas de l&rsquo;espace <\/i><a style=\"font-style: italic;\" href=\"http:\/\/greenspace-paris.com\" target=\"_blank\" rel=\"noopener noreferrer\"><strong>Greenspace<\/strong><\/a><i> de mon ami Amaury de Buchet.<\/i><\/p>\n<figure id=\"attachment_29339\" aria-describedby=\"caption-attachment-29339\" style=\"width: 519px\" class=\"wp-caption aligncenter\"><img decoding=\"async\" class=\"wp-image-29339 size-full\" src=\"https:\/\/visionarymarketing.com\/wp-content\/uploads\/2018\/10\/IMG_4800-e1605303199680.jpg\" alt=\"coworking chez Greenspace\" width=\"519\" height=\"340\" srcset=\"https:\/\/visionarymarketing.com\/wp-content\/uploads\/2018\/10\/IMG_4800-e1605303199680.jpg 519w, https:\/\/visionarymarketing.com\/wp-content\/uploads\/2018\/10\/IMG_4800-e1605303199680-458x300.jpg 458w\" sizes=\"(max-width: 519px) 100vw, 519px\" \/><figcaption id=\"caption-attachment-29339\" class=\"wp-caption-text\">Le coworking fa\u00e7on greenspace : avec sa cabine de t\u00e9l\u00e9ph\u00e9rique<\/figcaption><\/figure>\n<p>&nbsp;<\/p>\n<p><i>Une r\u00e9ussite qui a d\u00e9j\u00e0 10 ans et qui doit &#8211; pour sa r\u00e9ussite &#8211; beaucoup au\u00a0savoir-faire d&rsquo;Amaury en mati\u00e8re de Web marketing.<\/i><\/p>\n<p><i>Afin d&rsquo;en savoir plus, et de prendre l&rsquo;avis d&rsquo;Amaury sur le futur de la\u00a0Profession, je l&rsquo;ai interview\u00e9 dans ses\u00a0locaux en fin d&rsquo;ann\u00e9e derni\u00e8re.<\/i><\/p>\n<p>Dans une rue tranquille \u00e0 600 m\u00e8tres de la place de la Bastille, au<a href=\"https:\/\/goo.gl\/maps\/qYGouWHztU92\" target=\"_blank\" rel=\"noopener noreferrer\"> 28 rue du Chemin Vert<\/a>, se trouve son espace de coworking. Greenspace d\u00e9die 750 m\u00e8tres carr\u00e9s \u00e0 une centaine de coworkers, en start-up ou en freelance.<\/p>\n<p>Je me suis entretenu avec Amaury pour qu&rsquo;ils nous explique les cl\u00e9s de cette r\u00e9ussite et sa vision de l&rsquo;avenir du coworking, \u00e0 Paris et ailleurs.<\/p>\n<figure id=\"attachment_29921\" aria-describedby=\"caption-attachment-29921\" style=\"width: 648px\" class=\"wp-caption aligncenter\"><img decoding=\"async\" class=\"wp-image-29921 size-full\" src=\"https:\/\/visionarymarketing.com\/wp-content\/uploads\/2019\/01\/201812361_1112-captur-Touchbar-MBP_1-e1545906965480.png\" alt=\"le coworking tranquille\" width=\"648\" height=\"302\" srcset=\"https:\/\/visionarymarketing.com\/wp-content\/uploads\/2019\/01\/201812361_1112-captur-Touchbar-MBP_1-e1545906965480.png 648w, https:\/\/visionarymarketing.com\/wp-content\/uploads\/2019\/01\/201812361_1112-captur-Touchbar-MBP_1-e1545906965480-500x233.png 500w\" sizes=\"(max-width: 648px) 100vw, 648px\" \/><figcaption id=\"caption-attachment-29921\" class=\"wp-caption-text\">Greenspace : la force de travail tranquille<\/figcaption><\/figure>\n<h3>Un retour d&rsquo;exp\u00e9rience depuis le lancement de Greenspace ?<\/h3>\n<p>Depuis la cr\u00e9ation de l\u2019espace, il y a 10 ans, il y a eu des <strong>changements majeurs dans le domaine du coworking<\/strong>. Auparavant, seules les petites \u00e9quipes \u00e9taient int\u00e9ress\u00e9es par ce type d&rsquo;espaces.<\/p>\n<p>Une \u00e0 trois personnes au maximum. Au-del\u00e0, elles prenaient leurs propres locaux.<\/p>\n<p>Depuis 3 ans nous a expliqu\u00e9 Amaury, on commence \u00e0 voir arriver <strong>de plus grosses \u00e9quipes de plus de 10 personnes<\/strong> qui veulent s\u2019implanter sur l&rsquo;espace de travail de Greenspace.<\/p>\n<p>Il est vrai que le prix au m\u00e8tre carr\u00e9 est plus \u00e9lev\u00e9 dans un espace partag\u00e9, mais il donne<strong> acc\u00e8s \u00e0 une communaut\u00e9 et \u00e0 des espaces partag\u00e9s<\/strong>.<\/p>\n<p>On peut ainsi se concentrer sur son travail sans avoir \u00e0 se soucier du chauffage ou de l\u2019acc\u00e8s internet.<!--more--><\/p>\n<h3>Coworking, fablab ou t\u00e9l\u00e9 centre\u00a0?<\/h3>\n<p>Amaury est l&rsquo;un des fondateurs du collectif des <a href=\"https:\/\/web.archive.org\/web\/20210226153708\/https:\/\/place-des-tiers-lieux.fr\/\" target=\"_blank\" rel=\"noopener noreferrer\">tiers lieux d\u2019\u00eele de France,<\/a> voici la d\u00e9finition d\u2019un tiers lieu qui a \u00e9t\u00e9 retenue\u00a0: <strong><span style=\"text-decoration: underline;\">un espace de travail collaboratif utilisable de mani\u00e8re flexible<\/span>.<\/strong><\/p>\n<p>Parmi les diff\u00e9rentes formes de tiers lieux il y a :<\/p>\n<ul>\n<li>l\u2019espace de <strong>coworking<\/strong> : partag\u00e9 entre travailleurs ind\u00e9pendants, start-ups et salari\u00e9s. Il permet de mutualiser les outils et encourage l\u2019\u00e9change et l\u2019ouverture.<\/li>\n<li>Le <strong>t\u00e9l\u00e9centre,<\/strong> souvent situ\u00e9 en banlieue, c\u2019est le bureau \u00e0 mi-chemin de l\u2019entreprise et du domicile.<\/li>\n<li>Enfin, le <strong>fablab<\/strong> va proposer du mat\u00e9riel plus sp\u00e9cifique comme des laboratoires ou des logiciels opensource.<\/li>\n<\/ul>\n<h4>Quel avenir pour le coworking\u00a0?<\/h4>\n<p><img decoding=\"async\" class=\"size-medium wp-image-29338 alignleft\" src=\"https:\/\/visionarymarketing.com\/wp-content\/uploads\/2018\/10\/IMG_4781-400x300.jpg\" alt=\"\" width=\"400\" height=\"300\" srcset=\"https:\/\/visionarymarketing.com\/wp-content\/uploads\/2018\/10\/IMG_4781-400x300.jpg 400w, https:\/\/visionarymarketing.com\/wp-content\/uploads\/2018\/10\/IMG_4781-768x576.jpg 768w, https:\/\/visionarymarketing.com\/wp-content\/uploads\/2018\/10\/IMG_4781-1024x768.jpg 1024w, https:\/\/visionarymarketing.com\/wp-content\/uploads\/2018\/10\/IMG_4781.jpg 1920w\" sizes=\"(max-width: 400px) 100vw, 400px\" \/><strong>Aux \u00c9tats-Unis, 40% de la population sera en freelance d\u2019ici 2020. En France, l\u2019augmentation des travailleurs ind\u00e9pendants est \u00e9galement rapide avec plus de 10% par an.<\/strong><\/p>\n<p>Cette transformation forte de l\u2019\u00e9conomie par les freelances requiert de nouveaux lieux de travail, de socialisation, d\u2019\u00e9changes et d\u2019apprentissage. Lorsqu\u2019on ne peut compter que sur soi-m\u00eame, parfois le mook ne suffit pas. Dans cet environnement, l\u2019\u00e9change est plus vivant et c\u2019est une mani\u00e8re pour l\u2019ind\u00e9pendant de rompre l\u2019isolement.<\/p>\n<p>L\u2019une des promesses des espaces de coworking, est la mise en relation et l\u2019animation de l\u2019espace. Chez Greenspace, on y organise des d\u00e9jeuners, des afterworks, avec des ateliers pour pr\u00e9senter les uns avec les autres.<\/p>\n<p>Lors du recrutement des coworkers, Amaury essaye <strong>de travailler sur la diversit\u00e9 et la compl\u00e9mentarit\u00e9 des profils<\/strong>.<\/p>\n<h3>Quel avenir pour Greenspace ?<\/h3>\n<p><span style=\"font-family: -apple-system, BlinkMacSystemFont, 'Segoe UI', Roboto, Oxygen-Sans, Ubuntu, Cantarell, 'Helvetica Neue', sans-serif;\">Les espaces de coworking parisiens, historiquement, \u00e9taient plut\u00f4t sur des surfaces de 200 \u00e0 300 m\u00e8tres carr\u00e9s. Depuis l\u2019arriv\u00e9e de Wework et Nextdoor, l\u2019\u00e9cosyst\u00e8me a \u00e9volu\u00e9. <\/span><\/p>\n<p><span style=\"font-family: -apple-system, BlinkMacSystemFont, 'Segoe UI', Roboto, Oxygen-Sans, Ubuntu, Cantarell, 'Helvetica Neue', sans-serif;\">Paradoxalement, l&rsquo;arriv\u00e9e des gros promoteurs immobiliers n&rsquo;est pas forc\u00e9ment synonyme de stress pour les petits acteurs. Amaury voit dans ce changement une contribution \u00e0 \u00e9largir consid\u00e9rablement le march\u00e9.<\/span><\/p>\n<p><span style=\"font-family: -apple-system, BlinkMacSystemFont, 'Segoe UI', Roboto, Oxygen-Sans, Ubuntu, Cantarell, 'Helvetica Neue', sans-serif;\">En cons\u00e9quence, l&rsquo;investissement en communication et en d\u00e9veloppement consenti par ces grandes soci\u00e9t\u00e9s a \u00e9t\u00e9 \u00e9galement un facteur de promotion du concept, dont les petits acteurs comme Greenspace a pu profiter. Amaury est donc confiant pour le futur et nous souhaitons longue vie \u00e0 son bel espace de coworking que je vous invite \u00e0 d\u00e9couvrir au travers de cette vid\u00e9o.<\/span><\/p>\n<p><iframe title=\"GreenSpace, le coworking paisible avec Amaury de Buchet\" width=\"500\" height=\"281\" src=\"https:\/\/www.youtube.com\/embed\/hEMadx6wD1M?feature=oembed\" frameborder=\"0\" allow=\"accelerometer; autoplay; clipboard-write; encrypted-media; gyroscope; picture-in-picture; web-share\" referrerpolicy=\"strict-origin-when-cross-origin\" allowfullscreen><\/iframe><\/p>\n","protected":false},"excerpt":{"rendered":"<p>Quel avenir pour le coworking\u00a0? Ce nouveau mode de travail\u00a0ne se r\u00e9sume pas aux grands acteurs californiens qui remplissent des milliers de m\u00e8tres carr\u00e9s dans les beaux quartiers de Paris.Le paysage des nouveaux modes de collaboration et de travail comprend aussi et surtout de petits acteurs. C&rsquo;est le cas de l&rsquo;espace Greenspace de mon ami &hellip;<\/p>\n","protected":false},"author":2,"featured_media":29339,"comment_status":"open","ping_status":"open","sticky":false,"template":"","format":"standard","meta":{"footnotes":""},"categories":[10],"tags":[],"class_list":["post-29333","post","type-post","status-publish","format-standard","has-post-thumbnail","hentry","category-collaboration-et-teletravail"],"yoast_head":"<!-- This site is optimized with the Yoast SEO plugin v27.5 - https:\/\/yoast.com\/product\/yoast-seo-wordpress\/ -->\n<title>Quel avenir pour le coworking et la collaboration au c\u0153ur de Paris ?<\/title>\n<meta name=\"description\" content=\"Le coworking ne se r\u00e9sume pas aux noms des grands acteurs californiens. Quel est l&#039;avenir du coworking et des acteurs locaux ?\" \/>\n<meta name=\"robots\" content=\"index, follow, max-snippet:-1, max-image-preview:large, max-video-preview:-1\" \/>\n<link rel=\"canonical\" href=\"https:\/\/visionarymarketing.com\/fr\/2019\/01\/15\/avenir-coworking\/\" \/>\n<meta property=\"og:locale\" content=\"fr_FR\" \/>\n<meta property=\"og:type\" content=\"article\" \/>\n<meta property=\"og:title\" content=\"Quel avenir pour le coworking et la collaboration au c\u0153ur de Paris ?\" \/>\n<meta property=\"og:description\" content=\"Le coworking ne se r\u00e9sume pas aux noms des grands acteurs californiens. Quel est l&#039;avenir du coworking et des acteurs locaux ?\" \/>\n<meta property=\"og:url\" content=\"https:\/\/visionarymarketing.com\/fr\/2019\/01\/15\/avenir-coworking\/\" \/>\n<meta property=\"og:site_name\" content=\"Marketing and Innovation\" \/>\n<meta property=\"article:publisher\" content=\"https:\/\/www.facebook.com\/vismktg\" \/>\n<meta property=\"article:author\" content=\"http:\/\/facebook.com\/ygourven\" \/>\n<meta property=\"article:published_time\" content=\"2019-01-15T07:30:23+00:00\" \/>\n<meta property=\"article:modified_time\" content=\"2021-10-24T08:29:01+00:00\" \/>\n<meta property=\"og:image\" content=\"https:\/\/visionarymarketing.com\/wp-content\/uploads\/2018\/10\/IMG_4800-e1605303199680.jpg\" \/>\n\t<meta property=\"og:image:width\" content=\"519\" \/>\n\t<meta property=\"og:image:height\" content=\"340\" \/>\n\t<meta property=\"og:image:type\" content=\"image\/jpeg\" \/>\n<meta name=\"author\" content=\"Yann Gourvennec\" \/>\n<meta name=\"twitter:card\" content=\"summary_large_image\" \/>\n<meta name=\"twitter:creator\" content=\"@ygourven\" \/>\n<meta name=\"twitter:site\" content=\"@ygourven\" \/>\n<meta name=\"twitter:label1\" content=\"\u00c9crit par\" \/>\n\t<meta name=\"twitter:data1\" content=\"Yann Gourvennec\" \/>\n\t<meta name=\"twitter:label2\" content=\"Dur\u00e9e de lecture estim\u00e9e\" \/>\n\t<meta name=\"twitter:data2\" content=\"4 minutes\" \/>\n<script type=\"application\/ld+json\" class=\"yoast-schema-graph\">{\"@context\":\"https:\\\/\\\/schema.org\",\"@graph\":[{\"@type\":\"NewsArticle\",\"@id\":\"https:\\\/\\\/visionarymarketing.com\\\/fr\\\/2019\\\/01\\\/15\\\/avenir-coworking\\\/#article\",\"isPartOf\":{\"@id\":\"https:\\\/\\\/visionarymarketing.com\\\/fr\\\/2019\\\/01\\\/15\\\/avenir-coworking\\\/\"},\"author\":{\"name\":\"Yann Gourvennec\",\"@id\":\"https:\\\/\\\/visionarymarketing.com\\\/fr\\\/#\\\/schema\\\/person\\\/3754fee1e558f47b8deb46f53c37423e\"},\"headline\":\"Quel avenir pour le coworking et la collaboration au c\u0153ur de Paris ?\",\"datePublished\":\"2019-01-15T07:30:23+00:00\",\"dateModified\":\"2021-10-24T08:29:01+00:00\",\"mainEntityOfPage\":{\"@id\":\"https:\\\/\\\/visionarymarketing.com\\\/fr\\\/2019\\\/01\\\/15\\\/avenir-coworking\\\/\"},\"wordCount\":780,\"commentCount\":0,\"image\":{\"@id\":\"https:\\\/\\\/visionarymarketing.com\\\/fr\\\/2019\\\/01\\\/15\\\/avenir-coworking\\\/#primaryimage\"},\"thumbnailUrl\":\"https:\\\/\\\/visionarymarketing.com\\\/wp-content\\\/uploads\\\/2018\\\/10\\\/IMG_4800-e1605303199680.jpg\",\"articleSection\":[\"collaboration \\\/ t\u00e9l\u00e9travail\"],\"inLanguage\":\"fr-FR\",\"potentialAction\":[{\"@type\":\"CommentAction\",\"name\":\"Comment\",\"target\":[\"https:\\\/\\\/visionarymarketing.com\\\/fr\\\/2019\\\/01\\\/15\\\/avenir-coworking\\\/#respond\"]}]},{\"@type\":\"WebPage\",\"@id\":\"https:\\\/\\\/visionarymarketing.com\\\/fr\\\/2019\\\/01\\\/15\\\/avenir-coworking\\\/\",\"url\":\"https:\\\/\\\/visionarymarketing.com\\\/fr\\\/2019\\\/01\\\/15\\\/avenir-coworking\\\/\",\"name\":\"Quel avenir pour le coworking et la collaboration au c\u0153ur de Paris ?\",\"isPartOf\":{\"@id\":\"https:\\\/\\\/visionarymarketing.com\\\/fr\\\/#website\"},\"primaryImageOfPage\":{\"@id\":\"https:\\\/\\\/visionarymarketing.com\\\/fr\\\/2019\\\/01\\\/15\\\/avenir-coworking\\\/#primaryimage\"},\"image\":{\"@id\":\"https:\\\/\\\/visionarymarketing.com\\\/fr\\\/2019\\\/01\\\/15\\\/avenir-coworking\\\/#primaryimage\"},\"thumbnailUrl\":\"https:\\\/\\\/visionarymarketing.com\\\/wp-content\\\/uploads\\\/2018\\\/10\\\/IMG_4800-e1605303199680.jpg\",\"datePublished\":\"2019-01-15T07:30:23+00:00\",\"dateModified\":\"2021-10-24T08:29:01+00:00\",\"author\":{\"@id\":\"https:\\\/\\\/visionarymarketing.com\\\/fr\\\/#\\\/schema\\\/person\\\/3754fee1e558f47b8deb46f53c37423e\"},\"description\":\"Le coworking ne se r\u00e9sume pas aux noms des grands acteurs californiens. Quel est l'avenir du coworking et des acteurs locaux ?\",\"breadcrumb\":{\"@id\":\"https:\\\/\\\/visionarymarketing.com\\\/fr\\\/2019\\\/01\\\/15\\\/avenir-coworking\\\/#breadcrumb\"},\"inLanguage\":\"fr-FR\",\"potentialAction\":[{\"@type\":\"ReadAction\",\"target\":[\"https:\\\/\\\/visionarymarketing.com\\\/fr\\\/2019\\\/01\\\/15\\\/avenir-coworking\\\/\"]}]},{\"@type\":\"ImageObject\",\"inLanguage\":\"fr-FR\",\"@id\":\"https:\\\/\\\/visionarymarketing.com\\\/fr\\\/2019\\\/01\\\/15\\\/avenir-coworking\\\/#primaryimage\",\"url\":\"https:\\\/\\\/visionarymarketing.com\\\/wp-content\\\/uploads\\\/2018\\\/10\\\/IMG_4800-e1605303199680.jpg\",\"contentUrl\":\"https:\\\/\\\/visionarymarketing.com\\\/wp-content\\\/uploads\\\/2018\\\/10\\\/IMG_4800-e1605303199680.jpg\",\"width\":519,\"height\":340},{\"@type\":\"BreadcrumbList\",\"@id\":\"https:\\\/\\\/visionarymarketing.com\\\/fr\\\/2019\\\/01\\\/15\\\/avenir-coworking\\\/#breadcrumb\",\"itemListElement\":[{\"@type\":\"ListItem\",\"position\":1,\"name\":\"Home\",\"item\":\"https:\\\/\\\/visionarymarketing.com\\\/fr\\\/\"},{\"@type\":\"ListItem\",\"position\":2,\"name\":\"Quel avenir pour le coworking et la collaboration au c\u0153ur de Paris ?\"}]},{\"@type\":\"WebSite\",\"@id\":\"https:\\\/\\\/visionarymarketing.com\\\/fr\\\/#website\",\"url\":\"https:\\\/\\\/visionarymarketing.com\\\/fr\\\/\",\"name\":\"Marketing and Innovation\",\"description\":\"Site d&#039;infos ind\u00e9pendant, depuis 1996\",\"potentialAction\":[{\"@type\":\"SearchAction\",\"target\":{\"@type\":\"EntryPoint\",\"urlTemplate\":\"https:\\\/\\\/visionarymarketing.com\\\/fr\\\/?s={search_term_string}\"},\"query-input\":{\"@type\":\"PropertyValueSpecification\",\"valueRequired\":true,\"valueName\":\"search_term_string\"}}],\"inLanguage\":\"fr-FR\"},{\"@type\":\"Person\",\"@id\":\"https:\\\/\\\/visionarymarketing.com\\\/fr\\\/#\\\/schema\\\/person\\\/3754fee1e558f47b8deb46f53c37423e\",\"name\":\"Yann Gourvennec\",\"image\":{\"@type\":\"ImageObject\",\"inLanguage\":\"fr-FR\",\"@id\":\"https:\\\/\\\/secure.gravatar.com\\\/avatar\\\/5972001801e8de5692a3e31224e85769f50a55fb8b679749f9c8d1868cceff14?s=96&d=initials&r=g&initials=yg\",\"url\":\"https:\\\/\\\/secure.gravatar.com\\\/avatar\\\/5972001801e8de5692a3e31224e85769f50a55fb8b679749f9c8d1868cceff14?s=96&d=initials&r=g&initials=yg\",\"contentUrl\":\"https:\\\/\\\/secure.gravatar.com\\\/avatar\\\/5972001801e8de5692a3e31224e85769f50a55fb8b679749f9c8d1868cceff14?s=96&d=initials&r=g&initials=yg\",\"caption\":\"Yann Gourvennec\"},\"description\":\"Yann Gourvennec created visionarymarketing.com in 1996. He is a speaker and author of many books. In 2014 he went from intrapreneur to entrepreneur, when he created his digital marketing agency. Yann Gourvennec a cr\u00e9\u00e9 visionarymarketing.com en 1996. Il est conf\u00e9rencier et auteur de plusieurs livres. En 2014, il est pass\u00e9 d'intrapreneur \u00e0 entrepreneur en cr\u00e9ant son agence de marketing num\u00e9rique.\",\"sameAs\":[\"https:\\\/\\\/visionarymarketing.com\",\"http:\\\/\\\/facebook.com\\\/ygourven\",\"http:\\\/\\\/linkedin.com\\\/in\\\/ygourven\",\"https:\\\/\\\/x.com\\\/ygourven\",\"https:\\\/\\\/www.youtube.com\\\/c\\\/visionarymarketingagency\"],\"url\":\"https:\\\/\\\/visionarymarketing.com\\\/fr\\\/author\\\/yann-gourvennec\\\/\"}]}<\/script>\n<!-- \/ Yoast SEO plugin. -->","yoast_head_json":{"title":"Quel avenir pour le coworking et la collaboration au c\u0153ur de Paris ?","description":"Le coworking ne se r\u00e9sume pas aux noms des grands acteurs californiens. Quel est l'avenir du coworking et des acteurs locaux ?","robots":{"index":"index","follow":"follow","max-snippet":"max-snippet:-1","max-image-preview":"max-image-preview:large","max-video-preview":"max-video-preview:-1"},"canonical":"https:\/\/visionarymarketing.com\/fr\/2019\/01\/15\/avenir-coworking\/","og_locale":"fr_FR","og_type":"article","og_title":"Quel avenir pour le coworking et la collaboration au c\u0153ur de Paris ?","og_description":"Le coworking ne se r\u00e9sume pas aux noms des grands acteurs californiens. Quel est l'avenir du coworking et des acteurs locaux ?","og_url":"https:\/\/visionarymarketing.com\/fr\/2019\/01\/15\/avenir-coworking\/","og_site_name":"Marketing and Innovation","article_publisher":"https:\/\/www.facebook.com\/vismktg","article_author":"http:\/\/facebook.com\/ygourven","article_published_time":"2019-01-15T07:30:23+00:00","article_modified_time":"2021-10-24T08:29:01+00:00","og_image":[{"width":519,"height":340,"url":"https:\/\/visionarymarketing.com\/wp-content\/uploads\/2018\/10\/IMG_4800-e1605303199680.jpg","type":"image\/jpeg"}],"author":"Yann Gourvennec","twitter_card":"summary_large_image","twitter_creator":"@ygourven","twitter_site":"@ygourven","twitter_misc":{"\u00c9crit par":"Yann Gourvennec","Dur\u00e9e de lecture estim\u00e9e":"4 minutes"},"schema":{"@context":"https:\/\/schema.org","@graph":[{"@type":"NewsArticle","@id":"https:\/\/visionarymarketing.com\/fr\/2019\/01\/15\/avenir-coworking\/#article","isPartOf":{"@id":"https:\/\/visionarymarketing.com\/fr\/2019\/01\/15\/avenir-coworking\/"},"author":{"name":"Yann Gourvennec","@id":"https:\/\/visionarymarketing.com\/fr\/#\/schema\/person\/3754fee1e558f47b8deb46f53c37423e"},"headline":"Quel avenir pour le coworking et la collaboration au c\u0153ur de Paris ?","datePublished":"2019-01-15T07:30:23+00:00","dateModified":"2021-10-24T08:29:01+00:00","mainEntityOfPage":{"@id":"https:\/\/visionarymarketing.com\/fr\/2019\/01\/15\/avenir-coworking\/"},"wordCount":780,"commentCount":0,"image":{"@id":"https:\/\/visionarymarketing.com\/fr\/2019\/01\/15\/avenir-coworking\/#primaryimage"},"thumbnailUrl":"https:\/\/visionarymarketing.com\/wp-content\/uploads\/2018\/10\/IMG_4800-e1605303199680.jpg","articleSection":["collaboration \/ t\u00e9l\u00e9travail"],"inLanguage":"fr-FR","potentialAction":[{"@type":"CommentAction","name":"Comment","target":["https:\/\/visionarymarketing.com\/fr\/2019\/01\/15\/avenir-coworking\/#respond"]}]},{"@type":"WebPage","@id":"https:\/\/visionarymarketing.com\/fr\/2019\/01\/15\/avenir-coworking\/","url":"https:\/\/visionarymarketing.com\/fr\/2019\/01\/15\/avenir-coworking\/","name":"Quel avenir pour le coworking et la collaboration au c\u0153ur de Paris ?","isPartOf":{"@id":"https:\/\/visionarymarketing.com\/fr\/#website"},"primaryImageOfPage":{"@id":"https:\/\/visionarymarketing.com\/fr\/2019\/01\/15\/avenir-coworking\/#primaryimage"},"image":{"@id":"https:\/\/visionarymarketing.com\/fr\/2019\/01\/15\/avenir-coworking\/#primaryimage"},"thumbnailUrl":"https:\/\/visionarymarketing.com\/wp-content\/uploads\/2018\/10\/IMG_4800-e1605303199680.jpg","datePublished":"2019-01-15T07:30:23+00:00","dateModified":"2021-10-24T08:29:01+00:00","author":{"@id":"https:\/\/visionarymarketing.com\/fr\/#\/schema\/person\/3754fee1e558f47b8deb46f53c37423e"},"description":"Le coworking ne se r\u00e9sume pas aux noms des grands acteurs californiens. Quel est l'avenir du coworking et des acteurs locaux ?","breadcrumb":{"@id":"https:\/\/visionarymarketing.com\/fr\/2019\/01\/15\/avenir-coworking\/#breadcrumb"},"inLanguage":"fr-FR","potentialAction":[{"@type":"ReadAction","target":["https:\/\/visionarymarketing.com\/fr\/2019\/01\/15\/avenir-coworking\/"]}]},{"@type":"ImageObject","inLanguage":"fr-FR","@id":"https:\/\/visionarymarketing.com\/fr\/2019\/01\/15\/avenir-coworking\/#primaryimage","url":"https:\/\/visionarymarketing.com\/wp-content\/uploads\/2018\/10\/IMG_4800-e1605303199680.jpg","contentUrl":"https:\/\/visionarymarketing.com\/wp-content\/uploads\/2018\/10\/IMG_4800-e1605303199680.jpg","width":519,"height":340},{"@type":"BreadcrumbList","@id":"https:\/\/visionarymarketing.com\/fr\/2019\/01\/15\/avenir-coworking\/#breadcrumb","itemListElement":[{"@type":"ListItem","position":1,"name":"Home","item":"https:\/\/visionarymarketing.com\/fr\/"},{"@type":"ListItem","position":2,"name":"Quel avenir pour le coworking et la collaboration au c\u0153ur de Paris ?"}]},{"@type":"WebSite","@id":"https:\/\/visionarymarketing.com\/fr\/#website","url":"https:\/\/visionarymarketing.com\/fr\/","name":"Marketing and Innovation","description":"Site d&#039;infos ind\u00e9pendant, depuis 1996","potentialAction":[{"@type":"SearchAction","target":{"@type":"EntryPoint","urlTemplate":"https:\/\/visionarymarketing.com\/fr\/?s={search_term_string}"},"query-input":{"@type":"PropertyValueSpecification","valueRequired":true,"valueName":"search_term_string"}}],"inLanguage":"fr-FR"},{"@type":"Person","@id":"https:\/\/visionarymarketing.com\/fr\/#\/schema\/person\/3754fee1e558f47b8deb46f53c37423e","name":"Yann Gourvennec","image":{"@type":"ImageObject","inLanguage":"fr-FR","@id":"https:\/\/secure.gravatar.com\/avatar\/5972001801e8de5692a3e31224e85769f50a55fb8b679749f9c8d1868cceff14?s=96&d=initials&r=g&initials=yg","url":"https:\/\/secure.gravatar.com\/avatar\/5972001801e8de5692a3e31224e85769f50a55fb8b679749f9c8d1868cceff14?s=96&d=initials&r=g&initials=yg","contentUrl":"https:\/\/secure.gravatar.com\/avatar\/5972001801e8de5692a3e31224e85769f50a55fb8b679749f9c8d1868cceff14?s=96&d=initials&r=g&initials=yg","caption":"Yann Gourvennec"},"description":"Yann Gourvennec created visionarymarketing.com in 1996. He is a speaker and author of many books. In 2014 he went from intrapreneur to entrepreneur, when he created his digital marketing agency. Yann Gourvennec a cr\u00e9\u00e9 visionarymarketing.com en 1996. Il est conf\u00e9rencier et auteur de plusieurs livres. En 2014, il est pass\u00e9 d'intrapreneur \u00e0 entrepreneur en cr\u00e9ant son agence de marketing num\u00e9rique.","sameAs":["https:\/\/visionarymarketing.com","http:\/\/facebook.com\/ygourven","http:\/\/linkedin.com\/in\/ygourven","https:\/\/x.com\/ygourven","https:\/\/www.youtube.com\/c\/visionarymarketingagency"],"url":"https:\/\/visionarymarketing.com\/fr\/author\/yann-gourvennec\/"}]}},"_links":{"self":[{"href":"https:\/\/visionarymarketing.com\/fr\/wp-json\/wp\/v2\/posts\/29333","targetHints":{"allow":["GET"]}}],"collection":[{"href":"https:\/\/visionarymarketing.com\/fr\/wp-json\/wp\/v2\/posts"}],"about":[{"href":"https:\/\/visionarymarketing.com\/fr\/wp-json\/wp\/v2\/types\/post"}],"author":[{"embeddable":true,"href":"https:\/\/visionarymarketing.com\/fr\/wp-json\/wp\/v2\/users\/2"}],"replies":[{"embeddable":true,"href":"https:\/\/visionarymarketing.com\/fr\/wp-json\/wp\/v2\/comments?post=29333"}],"version-history":[{"count":0,"href":"https:\/\/visionarymarketing.com\/fr\/wp-json\/wp\/v2\/posts\/29333\/revisions"}],"wp:featuredmedia":[{"embeddable":true,"href":"https:\/\/visionarymarketing.com\/fr\/wp-json\/wp\/v2\/media\/29339"}],"wp:attachment":[{"href":"https:\/\/visionarymarketing.com\/fr\/wp-json\/wp\/v2\/media?parent=29333"}],"wp:term":[{"taxonomy":"category","embeddable":true,"href":"https:\/\/visionarymarketing.com\/fr\/wp-json\/wp\/v2\/categories?post=29333"},{"taxonomy":"post_tag","embeddable":true,"href":"https:\/\/visionarymarketing.com\/fr\/wp-json\/wp\/v2\/tags?post=29333"}],"curies":[{"name":"wp","href":"https:\/\/api.w.org\/{rel}","templated":true}]}}