{"id":28877,"date":"2018-09-10T08:40:33","date_gmt":"2018-09-10T06:40:33","guid":{"rendered":"http:\/\/visionarymarketing.fr\/blog\/?p=28877"},"modified":"2020-11-14T08:18:34","modified_gmt":"2020-11-14T07:18:34","slug":"tiers-lieux","status":"publish","type":"post","link":"https:\/\/visionarymarketing.com\/fr\/2018\/09\/10\/tiers-lieux\/","title":{"rendered":"Tiers lieux : comment redonner un sens au travail"},"content":{"rendered":"<p><em>Espaces <a href=\"https:\/\/visionarymarketing.com\/fr\/2007\/10\/soko\/\">coop\u00e9ratifs<\/a> par excellence, les <strong>tiers-lieux<\/strong> visent \u00e0 red\u00e9finir le travail de demain. En cela il se situe \u00e0 mille lieues des banques de clones du travail moderne entass\u00e9s dans des endroits \u00ab\u00a0cool\u00a0\u00bb en centre ville des grandes agglom\u00e9rations mondiales. Leurs projets sont d\u2019ailleurs autant sociaux, culturels qu\u2019\u00e9conomiques. Le terme de tiers-lieux est d\u2019ailleurs int\u00e9ressant en soi. Voici quelques explications \u00e0 l\u2019occasion de la visite que Zevillage et Visionary Marketing ont rendue \u00e0 la Grande Halle de Colombelles cet \u00e9t\u00e9 2018.<\/em><\/p>\n<h2>Tiers-lieux &#8211; l&rsquo;exemple de la grande halle de Colombelles<\/h2>\n<p>Dans la famille espace collaboratifs je demande les tiers-lieux. \u00ab\u00a0Tiers\u00a0\u00bb comme un signal d\u2019autre chose, un OVNI du travail en quelque sorte, ou plut\u00f4t un lieu \u00e0 imaginer, en constante \u00e9volution, empreint de cr\u00e9ativit\u00e9 et d\u2019ouverture sur les champs du possible.<\/p>\n<figure id=\"attachment_28883\" aria-describedby=\"caption-attachment-28883\" style=\"width: 650px\" class=\"wp-caption aligncenter\"><a href=\"https:\/\/youtu.be\/Fd61BTxILxQ\" target=\"_blank\" rel=\"noopener noreferrer\"><img decoding=\"async\" class=\"wp-image-28883 size-full\" src=\"https:\/\/visionarymarketing.com\/wp-content\/uploads\/2018\/08\/Tiers-Lieux-grande-halle-colombelles-e1535176240445.png\" alt=\"Tiers Lieux - Grande Halle Colombelles\" width=\"650\" height=\"365\" srcset=\"https:\/\/visionarymarketing.com\/wp-content\/uploads\/2018\/08\/Tiers-Lieux-grande-halle-colombelles-e1535176240445.png 650w, https:\/\/visionarymarketing.com\/wp-content\/uploads\/2018\/08\/Tiers-Lieux-grande-halle-colombelles-e1535176240445-500x281.png 500w\" sizes=\"(max-width: 650px) 100vw, 650px\" \/><\/a><figcaption id=\"caption-attachment-28883\" class=\"wp-caption-text\">Pour tout savoir sur les tiers-lieux, quoi de mieux que d&rsquo;aller en voir un qui se construit (cliquer pour voir l&rsquo;interview)<\/figcaption><\/figure>\n<p class=\"Body\">Un tiers lieu, qu\u2019est-ce exactement ? Un n\u00e9ologisme, certes, issu d\u2019un autre n\u00e9ologisme anglais \u00ab\u00a0third place\u00a0\u00bb qui d\u00e9signe un lieu entre le domicile (first place ou \u00ab\u00a0premier\u00a0lieu\u00a0\u00bb) et le travail (second place ou \u00ab\u00a0second lieu\u00a0\u00bb). Voire m\u00eame un barbarisme car certainement que \u00ab\u00a0troisi\u00e8me lieu\u00a0\u00bb serait plus appropri\u00e9.<!--more--><\/p>\n<h3>Ces \u00ab\u00a0tiers-lieux\u00a0\u00bb sont int\u00e9ressants, ils sont porteurs de communaut\u00e9s, il s\u2019agit de v\u00e9ritables projets de soci\u00e9t\u00e9.<\/h3>\n<blockquote class=\"quote-light\"><p><em>\u00ab\u00a0Les tiers-lieux\u00a0\u00bb comportent en eux-m\u00eames un grand nombre d\u2019attributs propres \u00e0 la constitution de communaut\u00e9s. Si leur localisation s\u2019y pr\u00eate, les diff\u00e9rences et origines sociales peuvent \u00eatre \u00ab\u00a0aplanies\u00a0\u00bb, ce qui est malheureusement rarement le cas de nos jours, et le ce sentiment \u00e9prouv\u00e9 par les gens qu\u2019ils sont trait\u00e9s socialement comme des \u00e9gaux. La conversation informelle y est l\u2019activit\u00e9 principale et joue le role fondamental de liant. Un commentateur \u00e9voque les tiers-lieux comme \u00e9tant la \u00ab\u00a0pi\u00e8ce \u00e0 vivre\u00a0\u00bb de la soci\u00e9t\u00e9. <\/em><\/p>\n<p style=\"padding-left: 30px;\"><em>\u00ab\u00a0<a href=\"https:\/\/www.brookings.edu\/blog\/up-front\/2016\/09\/14\/third-places-as-community-builders\/\">les tiers-lieux, instigateurs de communaut\u00e9s<\/a>\u00a0\u00bb par Stuart M. Butler et Carmen Diaz, 2016- Brookings (organisme de recherche ind\u00e9pendant regroupant 300 chercheurs du public et du priv\u00e9)<\/em>.<\/p>\n<\/blockquote>\n<h3>Un espace ouvert qui ouvre les esprits<\/h3>\n<p>En somme, un lieu bien \u00e9loign\u00e9 de ces grands open spaces impersonnels dont une \u00e9tude r\u00e9cente, comment\u00e9e par <a href=\"https:\/\/www.economist.com\/business\/2018\/07\/28\/open-offices-can-lead-to-closed-minds\">The Economist dans son num\u00e9ro du 28 juillet, a d\u00e9montr\u00e9<\/a>qu\u2019ils servaient surtout \u00e0 isoler les gens plut\u00f4t qu\u2019\u00e0 les rassembler autour d\u2019un projet commun (Bartelby, <a href=\"https:\/\/www.economist.com\/business\/2018\/07\/28\/open-offices-can-lead-to-closed-minds\">les espaces ouverts ferment les esprits<\/a>).<\/p>\n<figure id=\"attachment_28882\" aria-describedby=\"caption-attachment-28882\" style=\"width: 650px\" class=\"wp-caption alignnone\"><img decoding=\"async\" class=\"wp-image-28882 size-full\" src=\"https:\/\/visionarymarketing.com\/wp-content\/uploads\/2018\/08\/Tiers-lieux-colombelles-e1535176324898.png\" alt=\"Tiers lieux - Grande Halle de Colombelles\" width=\"650\" height=\"487\" srcset=\"https:\/\/visionarymarketing.com\/wp-content\/uploads\/2018\/08\/Tiers-lieux-colombelles-e1535176324898.png 650w, https:\/\/visionarymarketing.com\/wp-content\/uploads\/2018\/08\/Tiers-lieux-colombelles-e1535176324898-400x300.png 400w\" sizes=\"(max-width: 650px) 100vw, 650px\" \/><figcaption id=\"caption-attachment-28882\" class=\"wp-caption-text\">Colombelles : un lieu charg\u00e9b d&rsquo;histoire industrielle, non d\u00e9nu\u00e9 d&rsquo;esth\u00e9tique<\/figcaption><\/figure>\n<h3><b>Grande Halle de Colombelles : r\u00e9inventer le travail de mani\u00e8re coop\u00e9rative<\/b><\/h3>\n<p>C\u2019est cela qui m\u2019a plu dans ce projet de tiers-lieu dans la banlieue de Caen, \u00e0 Colombelles exactement, pas tr\u00e8s loin de Ouistreham o\u00f9 je viens de temps en temps me ressourcer pr\u00e8s de la mer.<span class=\"Apple-converted-space\">\u00a0<\/span><\/p>\n<p>Dans ce projet de Grande Halle en effet, il y a une vision de la culture, du partage, du d\u00e9veloppement collectif et personnel (dans ce sens-l\u00e0).<span class=\"Apple-converted-space\">\u00a0<\/span><\/p>\n<p>En somme, un v\u00e9ritable projet de travail coop\u00e9ratif, m\u00ealant culture et entreprise, \u00e9conomie solidaire et traditionnelle, un lieu pour repenser et r\u00e9inventer le monde et redonner de la qualit\u00e9 de vie et du sens au travail.<span class=\"Apple-converted-space\">\u00a0<\/span><\/p>\n<p>C\u2019est que ce besoin de sens est plus qu\u2019imp\u00e9rieux dans le monde d\u2019aujourd\u2019hui.<\/p>\n<p>En cette \u00e9poque o\u00f9 location de m2 rime avec nouveaux espaces de travail, il \u00e9tait bon de remettre un peu d\u2019utopie \u00e0 l\u2019ordre du jour, sans oublier le projet architectural, aussi esth\u00e9tique que fonctionnel, destin\u00e9 \u00e0 donner un second souffle \u00e0 ce grand lieu industriel qui avait laiss\u00e9 comme une plaie ouverte dans la r\u00e9gion et la m\u00e9moire collective, \u00e0 sa fermeture en 1994.<span class=\"Apple-converted-space\">\u00a0<\/span><\/p>\n<p>Voici donc le r\u00e9sultat de mon interview d\u2019Oph\u00e9lie Deyrolle, co-fondatrice de ce projet original, qui est aussi une aventure entrepreneuriale.<\/p>\n<figure id=\"attachment_28884\" aria-describedby=\"caption-attachment-28884\" style=\"width: 768px\" class=\"wp-caption aligncenter\"><img decoding=\"async\" class=\"wp-image-28884 size-large\" src=\"https:\/\/visionarymarketing.com\/wp-content\/uploads\/2018\/08\/Tiers-Lieux-Ophlie-Deyrolle-le-Wip-1024x576.jpg\" alt=\"Tiers Lieux\" width=\"768\" height=\"432\" \/><figcaption id=\"caption-attachment-28884\" class=\"wp-caption-text\">Oph\u00e9lie Deyrolle, co-fondatrice du WIP lors l&rsquo;interview dans la cit\u00e9 de Chantier.<\/figcaption><\/figure>\n<h3><b>De la friche industrielle aux tiers-lieux coop\u00e9ratifs &#8211; interview d&rsquo;Oph\u00e9lie Deyrolle<\/b><\/h3>\n<p>La Grande Halle de Colombelles est l\u2019ancien atelier \u00e9lectrique de la Soci\u00e9t\u00e9 m\u00e9tallurgique de Normandie (SMN) c\u2019est \u00e0 dire la plus grosse usine qui existait autour de Caen. Il s\u2019agit d\u2019un b\u00e2timent qui date du milieu du 20e si\u00e8cle et qui est le dernier vestige de cette tr\u00e8s grande entreprise qui a ferm\u00e9 en 1994.<span class=\"Apple-converted-space\">\u00a0<\/span><\/p>\n<p>Lorsque l&rsquo;entreprise a disparu, tout a \u00e9t\u00e9 d\u00e9moli ou d\u00e9construit, mis \u00e0 part l&rsquo;ancien atelier \u00e9lectrique et une grande tour r\u00e9frig\u00e9rante .<span class=\"Apple-converted-space\">\u00a0<\/span><\/p>\n<p>Il \u00e9tait n\u00e9cessaire de r\u00e9occuper ces 200 hectares de pas laisser une fiche, ni surtout une blessure ouverte sur le territoire de Colombelles et de Caen-la-Mer.<span class=\"Apple-converted-space\">\u00a0<\/span><\/p>\n<h3><b>Normandie Am\u00e9nagement : une soci\u00e9t\u00e9 pour faire revivre l\u2019activit\u00e9 \u00e9conomique<\/b><\/h3>\n<p>Normandie Am\u00e9nagement est une soci\u00e9t\u00e9 d&rsquo;am\u00e9nagement qui a \u00e9t\u00e9 mandat\u00e9e par la collectivit\u00e9 pour recr\u00e9er \u00e0 cet endroit l\u00e0 des espaces d&rsquo;activit\u00e9s \u00e9conomiques et des logements. Un jour s&rsquo;est pos\u00e9 la question de la r\u00e9habilitation du dernier vestige de la derni\u00e8re friche industrielle, celle de la SMN.<span class=\"Apple-converted-space\">\u00a0<\/span><\/p>\n<p>Nous avons d\u00e9cid\u00e9 d\u2019adopter une approche originale et de ne pas nous focaliser sur une activit\u00e9 unique. Nous avons ainsi consult\u00e9 \u00e0 la fois les habitants, les associations, les entreprises et les collectivit\u00e9s pour imaginer ensemble comment transformer ce lieu l\u00e0 et r\u00e9pondre aux besoins de toutes les parties prenantes.<\/p>\n<p><iframe title=\"Grande Halle de Colombelles - le tiers lieu coop\u00e9ratif (version longue)\" width=\"500\" height=\"281\" src=\"https:\/\/www.youtube.com\/embed\/Fd61BTxILxQ?feature=oembed\" frameborder=\"0\" allow=\"accelerometer; autoplay; clipboard-write; encrypted-media; gyroscope; picture-in-picture; web-share\" referrerpolicy=\"strict-origin-when-cross-origin\" allowfullscreen><\/iframe><\/p>\n<h3><b>De Normandie Am\u00e9nagement au WIP, une structure associative et coop\u00e9rative<\/b><\/h3>\n<p>Nous avons d\u00e9cid\u00e9, apr\u00e8s avoir lanc\u00e9 les premi\u00e8res \u00e9tudes au sein de Normandie Am\u00e9nagement, de monter notre propre structure associative et coop\u00e9rative qui s&rsquo;appelle le WIP (pour Work In Progress), afin de signifier qu\u2019on sait o\u00f9 on veut aboutir mais qu\u2019on ne conna\u00eet pas forc\u00e9ment le chemin exact pour y arriver. Cela<span class=\"Apple-converted-space\">\u00a0 <\/span>permet justement \u00e0 une multitude de projets de venir se greffer \u00e0 celui de la Grande Halle.<span class=\"Apple-converted-space\">\u00a0<\/span><\/p>\n<p>Nous avons voulu que ce projet ressemble au mieux aux citoyens, \u00e0 ceux qui font le territoire, et pour cela il faut les int\u00e9grer dans les choix strat\u00e9giques qui vont permettre de d\u00e9velopper la Grande Halle.<\/p>\n<p><img decoding=\"async\" class=\"wp-image-28880 size-full\" style=\"font-weight: bold;\" src=\"https:\/\/visionarymarketing.com\/wp-content\/uploads\/2018\/08\/Tiers-lieux-4-png-e1535179176441.png\" alt=\"tiers lieux\" width=\"650\" height=\"487\" srcset=\"https:\/\/visionarymarketing.com\/wp-content\/uploads\/2018\/08\/Tiers-lieux-4-png-e1535179176441.png 650w, https:\/\/visionarymarketing.com\/wp-content\/uploads\/2018\/08\/Tiers-lieux-4-png-e1535179176441-400x300.png 400w\" sizes=\"(max-width: 650px) 100vw, 650px\" \/><\/p>\n<p>La grande halle de Colombelles, une fen\u00eatre ouverte sur la coop\u00e9rationNous avons \u00e9t\u00e9 distingu\u00e9s lors de la Biennale d&rsquo;architecture de Venise cette ann\u00e9e en 2018. Nous avons fait partie des dix lieux pr\u00e9sent\u00e9s dans le pavillon fran\u00e7ais,<span class=\"Apple-converted-space\">\u00a0 <\/span>gr\u00e2ce aux architectes commissaires du Pavillon qui s&rsquo;appellent \u00ab\u00a0encore heureux\u00a0\u00bb et qui sont la ma\u00eetrise d&rsquo;\u0153uvre de la Grande Halle.<span class=\"Apple-converted-space\">\u00a0<\/span><\/p>\n<p>Le WIP travaille avec des organismes de formation, des partenaires comme le d\u00f4me qui est le le fablab de Caen, des acteurs du monde social, les collectivit\u00e9s ou les grandes entreprises du territoire qui viennent organiser des s\u00e9minaires ou des formations dans notre lieu de pr\u00e9figuration qui s&rsquo;appelle \u00ab\u00a0la cit\u00e9 de chantier\u00a0\u00bb. Celui-ci est est en petit ce que sera la Grande Halle. Ce lieu nous permet de faire grossir le microcosme et l\u2019\u00e9cosyst\u00e8me.<span class=\"Apple-converted-space\">\u00a0<\/span><\/p>\n<h3><b>Le tiers lieu, ce projet collectif pour am\u00e9liorer la qualit\u00e9 de vie au travail<\/b><\/h3>\n<p>Nous estimons que nous passons d\u00e9j\u00e0 beaucoup de temps au travail et que les tiers lieux peuvent apporter des r\u00e9ponses en termes d\u2019am\u00e9lioration de la qualit\u00e9 de vie au travail, de rompre l\u2019isolement, et de jouer le r\u00f4le de communaut\u00e9 d\u2019entraide.<span class=\"Apple-converted-space\">\u00a0<\/span><\/p>\n<p>Une telle communaut\u00e9 d&rsquo;entraide ne peut fonctionner que s&rsquo;il y a de l&rsquo;animation et surtout, <b>si chacun est acteur<\/b> <b>et participe au bon fonctionnement du lieu<\/b>.<span class=\"Apple-converted-space\">\u00a0<\/span><\/p>\n<p>Et \u00e0 ce titre l\u00e0 c&rsquo;est aussi un projet coop\u00e9ratif et un projet collectif parce que chacun va venir dans la Grande Halle pour d\u00e9velopper son propre projet tout en participant \u00e0 un projet collectif o\u00f9 on lui demande de participer \u00e0 des t\u00e2ches qui rel\u00e8vent autant du fonctionnement du lieu que de l&rsquo;animation ou de la gouvernance.<span class=\"Apple-converted-space\">\u00a0<\/span><\/p>\n<figure id=\"attachment_28881\" aria-describedby=\"caption-attachment-28881\" style=\"width: 650px\" class=\"wp-caption aligncenter\"><img decoding=\"async\" class=\"wp-image-28881 size-full\" src=\"https:\/\/visionarymarketing.com\/wp-content\/uploads\/2018\/08\/Tiers-lieux-3-png-e1535179564791.png\" alt=\"\" width=\"650\" height=\"487\" srcset=\"https:\/\/visionarymarketing.com\/wp-content\/uploads\/2018\/08\/Tiers-lieux-3-png-e1535179564791.png 650w, https:\/\/visionarymarketing.com\/wp-content\/uploads\/2018\/08\/Tiers-lieux-3-png-e1535179564791-400x300.png 400w\" sizes=\"(max-width: 650px) 100vw, 650px\" \/><figcaption id=\"caption-attachment-28881\" class=\"wp-caption-text\">La cit\u00e9 de chantier est un lieu de pr\u00e9figuration de ce que sera la grande halle de Colombelles une fois termin\u00e9e<\/figcaption><\/figure>\n<p>Il s\u2019inscrit donc dans un projet plus vaste que le sien, qui l\u2019enrichit et lui apprend de nouvelles choses, lui fait rencontrer de nouveaux futurs partenaires potentiels, etc.<span class=\"Apple-converted-space\">\u00a0<\/span><\/p>\n<p>Chacun des espaces de la Grande Halle sera prot\u00e9iforme et multi-usages. Ils vont donc \u00e9voluer puisqu&rsquo;il y a certainement des projets auxquels on n&rsquo;a pas encore pens\u00e9.<span class=\"Apple-converted-space\">\u00a0<\/span><\/p>\n<p>Par exemple les espaces d&rsquo;atelier du rez-de-chauss\u00e9e ont pour l&rsquo;instant plut\u00f4t \u00e9t\u00e9<span class=\"Apple-converted-space\">\u00a0 <\/span>pens\u00e9s pour des artisans. Mais il y a d\u00e9j\u00e0 des organismes de formation qui sont venus nous voir en nous expliquant qu\u2019ils n\u2019avaient pas d\u2019endroits pour organiser leurs ateliers pratiques.<span class=\"Apple-converted-space\">\u00a0<\/span><\/p>\n<p>A la Grande Halle, avec nos deux hectares de terrain \u00e0 proximit\u00e9, il est possible de passer de l\u2019enseignement de la th\u00e9orie \u00e0 celui de la pratique sans changer de lieu. C&rsquo;est un usage qui n\u2019avait pas \u00e9t\u00e9 imagin\u00e9 au pr\u00e9alable.<span class=\"Apple-converted-space\">\u00a0<\/span><\/p>\n<p><b>La Gouvernance du projet de la Grande Halle<\/b><\/p>\n<p>Normandie Am\u00e9nagement restera propri\u00e9taire de la Grande Halle, le WIP \u00e9tant son client, locataire des lieux \u00e0 compter d\u2019octobre 2019. Le fonctionnement est tripartite, entre Normandie Am\u00e9nagement, les architectes et le WIP.<span class=\"Apple-converted-space\">\u00a0<\/span><\/p>\n<p>Nous travaillons ensemble pour faire en sorte que ce projet urbain permette vraiment de participer \u00e0 l&rsquo;attractivit\u00e9 de ce territoire.<span class=\"Apple-converted-space\">\u00a0<\/span><\/p>\n<p><b>Le financement du projet de la Grande Halle<\/b><\/p>\n<p>7 millions et demi d\u2019euros ont \u00e9t\u00e9 n\u00e9cessaires au financement du projet. Ceux-ci ont \u00e9t\u00e9 fournis par Caen-la-Mer, la communaut\u00e9 urbaine de la r\u00e9gion, la ville de Colombelles, l\u2019Ademe, le fonds europ\u00e9en FEDER et Normandie Am\u00e9nagement.<span class=\"Apple-converted-space\">\u00a0<\/span><\/p>\n<p>Les travaux ont d\u00e9marr\u00e9 en f\u00e9vrier 2018. Ce financement a \u00e9t\u00e9 boucl\u00e9 parce que le WIP, futur locataire des lieux, avait fait la d\u00e9monstration de sa cr\u00e9dibilit\u00e9 et de sa capacit\u00e9 \u00e0 d\u00e9velopper le projet de fa\u00e7on coop\u00e9rative.<span class=\"Apple-converted-space\">\u00a0<\/span><\/p>\n<p>Nous sommes all\u00e9s nous-m\u00eames emprunter 300 000 \u20ac aupr\u00e8s de diff\u00e9rentes institutions bancaires. On va b\u00e9n\u00e9ficier de quelques subventions \u00e9galement, notamment r\u00e9gionales, pour payer tout le mobilier car nous avons d\u00e9montr\u00e9 notre capacit\u00e9 \u00e0 f\u00e9d\u00e9rer et \u00e0 faire venir des gens sur des spectacles et sur l&rsquo;utilisation de bureaux au sein de \u00ab\u00a0la cit\u00e9 de chantier\u00a0\u00bb.<span class=\"Apple-converted-space\">\u00a0<\/span><\/p>\n<figure id=\"attachment_28879\" aria-describedby=\"caption-attachment-28879\" style=\"width: 650px\" class=\"wp-caption aligncenter\"><img decoding=\"async\" class=\"wp-image-28879 size-full\" src=\"https:\/\/visionarymarketing.com\/wp-content\/uploads\/2018\/08\/Tiers-lieux-5-png-e1535179495819.png\" alt=\"\" width=\"650\" height=\"487\" srcset=\"https:\/\/visionarymarketing.com\/wp-content\/uploads\/2018\/08\/Tiers-lieux-5-png-e1535179495819.png 650w, https:\/\/visionarymarketing.com\/wp-content\/uploads\/2018\/08\/Tiers-lieux-5-png-e1535179495819-400x300.png 400w\" sizes=\"(max-width: 650px) 100vw, 650px\" \/><figcaption id=\"caption-attachment-28879\" class=\"wp-caption-text\">La nef de la grande halle de Colombelles : 1100 m2 d&rsquo;espace atypique<\/figcaption><\/figure>\n<p><b>La Nef : point focal de la Grande Halle de Colombelles<\/b><\/p>\n<p>Il s\u2019agit d\u2019une grande nef d&rsquo;un seul tenant qui fait 1100 m\u00e8tres carr\u00e9s et qui peut accueillir jusqu&rsquo;\u00e0 un public de 1000 personnes. Il correspond \u00e0 une jauge qui n&rsquo;existe pas sur la communaut\u00e9 urbaine de Caen.<span class=\"Apple-converted-space\">\u00a0<\/span><\/p>\n<p>C&rsquo;est vraiment le lieu id\u00e9al pour ceux qui veulent programmer des spectacles diff\u00e9rents et organiser de grandes manifestations soit \u00e9conomiques, soit des salons, soit des foires, soit de grands repas ou galas.<span class=\"Apple-converted-space\">\u00a0<\/span><\/p>\n<p>Elle peut aussi \u00eatre configur\u00e9e en exposition et est tr\u00e8s accessibles, en sortie d\u2019autoroute A13.<span class=\"Apple-converted-space\">\u00a0<\/span><\/p>\n<p>Ce lieu est encore marqu\u00e9 par l&rsquo;histoire industrielle locale et est porteur de la force et de l&rsquo;identit\u00e9 de la Grande Halle. C&rsquo;est un lieu qui peut \u00eatre configur\u00e9 de multiples fa\u00e7ons et qui d\u00e9montre cette capacit\u00e9 d&rsquo;accueillir tout type de projet au sein de la Grande Halle.<span class=\"Apple-converted-space\">\u00a0<\/span><\/p>\n","protected":false},"excerpt":{"rendered":"<p>Espaces coop\u00e9ratifs par excellence, les tiers-lieux visent \u00e0 red\u00e9finir le travail de demain. En cela il se situe \u00e0 mille lieues des banques de clones du travail moderne entass\u00e9s dans des endroits \u00ab\u00a0cool\u00a0\u00bb en centre ville des grandes agglom\u00e9rations mondiales. Leurs projets sont d\u2019ailleurs autant sociaux, culturels qu\u2019\u00e9conomiques. Le terme de tiers-lieux est d\u2019ailleurs int\u00e9ressant &hellip;<\/p>\n","protected":false},"author":2,"featured_media":28884,"comment_status":"open","ping_status":"open","sticky":false,"template":"","format":"standard","meta":{"footnotes":""},"categories":[10],"tags":[],"class_list":["post-28877","post","type-post","status-publish","format-standard","has-post-thumbnail","hentry","category-collaboration-et-teletravail"],"yoast_head":"<!-- This site is optimized with the Yoast SEO plugin v27.5 - https:\/\/yoast.com\/product\/yoast-seo-wordpress\/ -->\n<title>Tiers lieux ou comment redonner un sens au travail<\/title>\n<meta name=\"description\" content=\"Espaces coop\u00e9ratifs par excellence, les tiers lieux visent \u00e0 red\u00e9finir le travail de demain. Des projets sociaux, culturels et \u00e9conomiques\" \/>\n<meta name=\"robots\" content=\"index, nofollow, max-snippet:-1, max-image-preview:large, max-video-preview:-1\" \/>\n<link rel=\"canonical\" href=\"https:\/\/visionarymarketing.com\/fr\/2018\/09\/10\/tiers-lieux\/\" \/>\n<meta property=\"og:locale\" content=\"fr_FR\" \/>\n<meta property=\"og:type\" content=\"article\" \/>\n<meta property=\"og:title\" content=\"Tiers lieux ou comment redonner un sens au travail\" \/>\n<meta property=\"og:description\" content=\"Espaces coop\u00e9ratifs par excellence, les tiers lieux visent \u00e0 red\u00e9finir le travail de demain. Des projets sociaux, culturels et \u00e9conomiques\" \/>\n<meta property=\"og:url\" content=\"https:\/\/visionarymarketing.com\/fr\/2018\/09\/10\/tiers-lieux\/\" \/>\n<meta property=\"og:site_name\" content=\"Marketing and Innovation\" \/>\n<meta property=\"article:publisher\" content=\"https:\/\/www.facebook.com\/vismktg\" \/>\n<meta property=\"article:author\" content=\"http:\/\/facebook.com\/ygourven\" \/>\n<meta property=\"article:published_time\" content=\"2018-09-10T06:40:33+00:00\" \/>\n<meta property=\"article:modified_time\" content=\"2020-11-14T07:18:34+00:00\" \/>\n<meta property=\"og:image\" content=\"https:\/\/visionarymarketing.com\/wp-content\/uploads\/2018\/08\/Tiers-Lieux-Ophlie-Deyrolle-le-Wip-e1535179286662.jpg\" \/>\n\t<meta property=\"og:image:width\" content=\"650\" \/>\n\t<meta property=\"og:image:height\" content=\"366\" \/>\n\t<meta property=\"og:image:type\" content=\"image\/jpeg\" \/>\n<meta name=\"author\" content=\"Yann Gourvennec\" \/>\n<meta name=\"twitter:card\" content=\"summary_large_image\" \/>\n<meta name=\"twitter:creator\" content=\"@ygourven\" \/>\n<meta name=\"twitter:site\" content=\"@ygourven\" \/>\n<meta name=\"twitter:label1\" content=\"\u00c9crit par\" \/>\n\t<meta name=\"twitter:data1\" content=\"Yann Gourvennec\" \/>\n\t<meta name=\"twitter:label2\" content=\"Dur\u00e9e de lecture estim\u00e9e\" \/>\n\t<meta name=\"twitter:data2\" content=\"10 minutes\" \/>\n<script type=\"application\/ld+json\" class=\"yoast-schema-graph\">{\"@context\":\"https:\\\/\\\/schema.org\",\"@graph\":[{\"@type\":\"NewsArticle\",\"@id\":\"https:\\\/\\\/visionarymarketing.com\\\/fr\\\/2018\\\/09\\\/10\\\/tiers-lieux\\\/#article\",\"isPartOf\":{\"@id\":\"https:\\\/\\\/visionarymarketing.com\\\/fr\\\/2018\\\/09\\\/10\\\/tiers-lieux\\\/\"},\"author\":{\"name\":\"Yann Gourvennec\",\"@id\":\"https:\\\/\\\/visionarymarketing.com\\\/fr\\\/#\\\/schema\\\/person\\\/3754fee1e558f47b8deb46f53c37423e\"},\"headline\":\"Tiers lieux : comment redonner un sens au travail\",\"datePublished\":\"2018-09-10T06:40:33+00:00\",\"dateModified\":\"2020-11-14T07:18:34+00:00\",\"mainEntityOfPage\":{\"@id\":\"https:\\\/\\\/visionarymarketing.com\\\/fr\\\/2018\\\/09\\\/10\\\/tiers-lieux\\\/\"},\"wordCount\":1961,\"commentCount\":0,\"image\":{\"@id\":\"https:\\\/\\\/visionarymarketing.com\\\/fr\\\/2018\\\/09\\\/10\\\/tiers-lieux\\\/#primaryimage\"},\"thumbnailUrl\":\"https:\\\/\\\/visionarymarketing.com\\\/wp-content\\\/uploads\\\/2018\\\/08\\\/Tiers-Lieux-Ophlie-Deyrolle-le-Wip-e1535179286662.jpg\",\"articleSection\":[\"collaboration \\\/ t\u00e9l\u00e9travail\"],\"inLanguage\":\"fr-FR\",\"potentialAction\":[{\"@type\":\"CommentAction\",\"name\":\"Comment\",\"target\":[\"https:\\\/\\\/visionarymarketing.com\\\/fr\\\/2018\\\/09\\\/10\\\/tiers-lieux\\\/#respond\"]}]},{\"@type\":\"WebPage\",\"@id\":\"https:\\\/\\\/visionarymarketing.com\\\/fr\\\/2018\\\/09\\\/10\\\/tiers-lieux\\\/\",\"url\":\"https:\\\/\\\/visionarymarketing.com\\\/fr\\\/2018\\\/09\\\/10\\\/tiers-lieux\\\/\",\"name\":\"Tiers lieux ou comment redonner un sens au travail\",\"isPartOf\":{\"@id\":\"https:\\\/\\\/visionarymarketing.com\\\/fr\\\/#website\"},\"primaryImageOfPage\":{\"@id\":\"https:\\\/\\\/visionarymarketing.com\\\/fr\\\/2018\\\/09\\\/10\\\/tiers-lieux\\\/#primaryimage\"},\"image\":{\"@id\":\"https:\\\/\\\/visionarymarketing.com\\\/fr\\\/2018\\\/09\\\/10\\\/tiers-lieux\\\/#primaryimage\"},\"thumbnailUrl\":\"https:\\\/\\\/visionarymarketing.com\\\/wp-content\\\/uploads\\\/2018\\\/08\\\/Tiers-Lieux-Ophlie-Deyrolle-le-Wip-e1535179286662.jpg\",\"datePublished\":\"2018-09-10T06:40:33+00:00\",\"dateModified\":\"2020-11-14T07:18:34+00:00\",\"author\":{\"@id\":\"https:\\\/\\\/visionarymarketing.com\\\/fr\\\/#\\\/schema\\\/person\\\/3754fee1e558f47b8deb46f53c37423e\"},\"description\":\"Espaces coop\u00e9ratifs par excellence, les tiers lieux visent \u00e0 red\u00e9finir le travail de demain. Des projets sociaux, culturels et \u00e9conomiques\",\"breadcrumb\":{\"@id\":\"https:\\\/\\\/visionarymarketing.com\\\/fr\\\/2018\\\/09\\\/10\\\/tiers-lieux\\\/#breadcrumb\"},\"inLanguage\":\"fr-FR\",\"potentialAction\":[{\"@type\":\"ReadAction\",\"target\":[\"https:\\\/\\\/visionarymarketing.com\\\/fr\\\/2018\\\/09\\\/10\\\/tiers-lieux\\\/\"]}]},{\"@type\":\"ImageObject\",\"inLanguage\":\"fr-FR\",\"@id\":\"https:\\\/\\\/visionarymarketing.com\\\/fr\\\/2018\\\/09\\\/10\\\/tiers-lieux\\\/#primaryimage\",\"url\":\"https:\\\/\\\/visionarymarketing.com\\\/wp-content\\\/uploads\\\/2018\\\/08\\\/Tiers-Lieux-Ophlie-Deyrolle-le-Wip-e1535179286662.jpg\",\"contentUrl\":\"https:\\\/\\\/visionarymarketing.com\\\/wp-content\\\/uploads\\\/2018\\\/08\\\/Tiers-Lieux-Ophlie-Deyrolle-le-Wip-e1535179286662.jpg\",\"width\":650,\"height\":366},{\"@type\":\"BreadcrumbList\",\"@id\":\"https:\\\/\\\/visionarymarketing.com\\\/fr\\\/2018\\\/09\\\/10\\\/tiers-lieux\\\/#breadcrumb\",\"itemListElement\":[{\"@type\":\"ListItem\",\"position\":1,\"name\":\"Home\",\"item\":\"https:\\\/\\\/visionarymarketing.com\\\/fr\\\/\"},{\"@type\":\"ListItem\",\"position\":2,\"name\":\"Tiers lieux : comment redonner un sens au travail\"}]},{\"@type\":\"WebSite\",\"@id\":\"https:\\\/\\\/visionarymarketing.com\\\/fr\\\/#website\",\"url\":\"https:\\\/\\\/visionarymarketing.com\\\/fr\\\/\",\"name\":\"Marketing and Innovation\",\"description\":\"Site d&#039;infos ind\u00e9pendant, depuis 1996\",\"potentialAction\":[{\"@type\":\"SearchAction\",\"target\":{\"@type\":\"EntryPoint\",\"urlTemplate\":\"https:\\\/\\\/visionarymarketing.com\\\/fr\\\/?s={search_term_string}\"},\"query-input\":{\"@type\":\"PropertyValueSpecification\",\"valueRequired\":true,\"valueName\":\"search_term_string\"}}],\"inLanguage\":\"fr-FR\"},{\"@type\":\"Person\",\"@id\":\"https:\\\/\\\/visionarymarketing.com\\\/fr\\\/#\\\/schema\\\/person\\\/3754fee1e558f47b8deb46f53c37423e\",\"name\":\"Yann Gourvennec\",\"image\":{\"@type\":\"ImageObject\",\"inLanguage\":\"fr-FR\",\"@id\":\"https:\\\/\\\/secure.gravatar.com\\\/avatar\\\/5972001801e8de5692a3e31224e85769f50a55fb8b679749f9c8d1868cceff14?s=96&d=initials&r=g&initials=yg\",\"url\":\"https:\\\/\\\/secure.gravatar.com\\\/avatar\\\/5972001801e8de5692a3e31224e85769f50a55fb8b679749f9c8d1868cceff14?s=96&d=initials&r=g&initials=yg\",\"contentUrl\":\"https:\\\/\\\/secure.gravatar.com\\\/avatar\\\/5972001801e8de5692a3e31224e85769f50a55fb8b679749f9c8d1868cceff14?s=96&d=initials&r=g&initials=yg\",\"caption\":\"Yann Gourvennec\"},\"description\":\"Yann Gourvennec created visionarymarketing.com in 1996. He is a speaker and author of many books. In 2014 he went from intrapreneur to entrepreneur, when he created his digital marketing agency. Yann Gourvennec a cr\u00e9\u00e9 visionarymarketing.com en 1996. Il est conf\u00e9rencier et auteur de plusieurs livres. En 2014, il est pass\u00e9 d'intrapreneur \u00e0 entrepreneur en cr\u00e9ant son agence de marketing num\u00e9rique.\",\"sameAs\":[\"https:\\\/\\\/visionarymarketing.com\",\"http:\\\/\\\/facebook.com\\\/ygourven\",\"http:\\\/\\\/linkedin.com\\\/in\\\/ygourven\",\"https:\\\/\\\/x.com\\\/ygourven\",\"https:\\\/\\\/www.youtube.com\\\/c\\\/visionarymarketingagency\"],\"url\":\"https:\\\/\\\/visionarymarketing.com\\\/fr\\\/author\\\/yann-gourvennec\\\/\"}]}<\/script>\n<!-- \/ Yoast SEO plugin. -->","yoast_head_json":{"title":"Tiers lieux ou comment redonner un sens au travail","description":"Espaces coop\u00e9ratifs par excellence, les tiers lieux visent \u00e0 red\u00e9finir le travail de demain. Des projets sociaux, culturels et \u00e9conomiques","robots":{"index":"index","follow":"nofollow","max-snippet":"max-snippet:-1","max-image-preview":"max-image-preview:large","max-video-preview":"max-video-preview:-1"},"canonical":"https:\/\/visionarymarketing.com\/fr\/2018\/09\/10\/tiers-lieux\/","og_locale":"fr_FR","og_type":"article","og_title":"Tiers lieux ou comment redonner un sens au travail","og_description":"Espaces coop\u00e9ratifs par excellence, les tiers lieux visent \u00e0 red\u00e9finir le travail de demain. Des projets sociaux, culturels et \u00e9conomiques","og_url":"https:\/\/visionarymarketing.com\/fr\/2018\/09\/10\/tiers-lieux\/","og_site_name":"Marketing and Innovation","article_publisher":"https:\/\/www.facebook.com\/vismktg","article_author":"http:\/\/facebook.com\/ygourven","article_published_time":"2018-09-10T06:40:33+00:00","article_modified_time":"2020-11-14T07:18:34+00:00","og_image":[{"width":650,"height":366,"url":"https:\/\/visionarymarketing.com\/wp-content\/uploads\/2018\/08\/Tiers-Lieux-Ophlie-Deyrolle-le-Wip-e1535179286662.jpg","type":"image\/jpeg"}],"author":"Yann Gourvennec","twitter_card":"summary_large_image","twitter_creator":"@ygourven","twitter_site":"@ygourven","twitter_misc":{"\u00c9crit par":"Yann Gourvennec","Dur\u00e9e de lecture estim\u00e9e":"10 minutes"},"schema":{"@context":"https:\/\/schema.org","@graph":[{"@type":"NewsArticle","@id":"https:\/\/visionarymarketing.com\/fr\/2018\/09\/10\/tiers-lieux\/#article","isPartOf":{"@id":"https:\/\/visionarymarketing.com\/fr\/2018\/09\/10\/tiers-lieux\/"},"author":{"name":"Yann Gourvennec","@id":"https:\/\/visionarymarketing.com\/fr\/#\/schema\/person\/3754fee1e558f47b8deb46f53c37423e"},"headline":"Tiers lieux : comment redonner un sens au travail","datePublished":"2018-09-10T06:40:33+00:00","dateModified":"2020-11-14T07:18:34+00:00","mainEntityOfPage":{"@id":"https:\/\/visionarymarketing.com\/fr\/2018\/09\/10\/tiers-lieux\/"},"wordCount":1961,"commentCount":0,"image":{"@id":"https:\/\/visionarymarketing.com\/fr\/2018\/09\/10\/tiers-lieux\/#primaryimage"},"thumbnailUrl":"https:\/\/visionarymarketing.com\/wp-content\/uploads\/2018\/08\/Tiers-Lieux-Ophlie-Deyrolle-le-Wip-e1535179286662.jpg","articleSection":["collaboration \/ t\u00e9l\u00e9travail"],"inLanguage":"fr-FR","potentialAction":[{"@type":"CommentAction","name":"Comment","target":["https:\/\/visionarymarketing.com\/fr\/2018\/09\/10\/tiers-lieux\/#respond"]}]},{"@type":"WebPage","@id":"https:\/\/visionarymarketing.com\/fr\/2018\/09\/10\/tiers-lieux\/","url":"https:\/\/visionarymarketing.com\/fr\/2018\/09\/10\/tiers-lieux\/","name":"Tiers lieux ou comment redonner un sens au travail","isPartOf":{"@id":"https:\/\/visionarymarketing.com\/fr\/#website"},"primaryImageOfPage":{"@id":"https:\/\/visionarymarketing.com\/fr\/2018\/09\/10\/tiers-lieux\/#primaryimage"},"image":{"@id":"https:\/\/visionarymarketing.com\/fr\/2018\/09\/10\/tiers-lieux\/#primaryimage"},"thumbnailUrl":"https:\/\/visionarymarketing.com\/wp-content\/uploads\/2018\/08\/Tiers-Lieux-Ophlie-Deyrolle-le-Wip-e1535179286662.jpg","datePublished":"2018-09-10T06:40:33+00:00","dateModified":"2020-11-14T07:18:34+00:00","author":{"@id":"https:\/\/visionarymarketing.com\/fr\/#\/schema\/person\/3754fee1e558f47b8deb46f53c37423e"},"description":"Espaces coop\u00e9ratifs par excellence, les tiers lieux visent \u00e0 red\u00e9finir le travail de demain. Des projets sociaux, culturels et \u00e9conomiques","breadcrumb":{"@id":"https:\/\/visionarymarketing.com\/fr\/2018\/09\/10\/tiers-lieux\/#breadcrumb"},"inLanguage":"fr-FR","potentialAction":[{"@type":"ReadAction","target":["https:\/\/visionarymarketing.com\/fr\/2018\/09\/10\/tiers-lieux\/"]}]},{"@type":"ImageObject","inLanguage":"fr-FR","@id":"https:\/\/visionarymarketing.com\/fr\/2018\/09\/10\/tiers-lieux\/#primaryimage","url":"https:\/\/visionarymarketing.com\/wp-content\/uploads\/2018\/08\/Tiers-Lieux-Ophlie-Deyrolle-le-Wip-e1535179286662.jpg","contentUrl":"https:\/\/visionarymarketing.com\/wp-content\/uploads\/2018\/08\/Tiers-Lieux-Ophlie-Deyrolle-le-Wip-e1535179286662.jpg","width":650,"height":366},{"@type":"BreadcrumbList","@id":"https:\/\/visionarymarketing.com\/fr\/2018\/09\/10\/tiers-lieux\/#breadcrumb","itemListElement":[{"@type":"ListItem","position":1,"name":"Home","item":"https:\/\/visionarymarketing.com\/fr\/"},{"@type":"ListItem","position":2,"name":"Tiers lieux : comment redonner un sens au travail"}]},{"@type":"WebSite","@id":"https:\/\/visionarymarketing.com\/fr\/#website","url":"https:\/\/visionarymarketing.com\/fr\/","name":"Marketing and Innovation","description":"Site d&#039;infos ind\u00e9pendant, depuis 1996","potentialAction":[{"@type":"SearchAction","target":{"@type":"EntryPoint","urlTemplate":"https:\/\/visionarymarketing.com\/fr\/?s={search_term_string}"},"query-input":{"@type":"PropertyValueSpecification","valueRequired":true,"valueName":"search_term_string"}}],"inLanguage":"fr-FR"},{"@type":"Person","@id":"https:\/\/visionarymarketing.com\/fr\/#\/schema\/person\/3754fee1e558f47b8deb46f53c37423e","name":"Yann Gourvennec","image":{"@type":"ImageObject","inLanguage":"fr-FR","@id":"https:\/\/secure.gravatar.com\/avatar\/5972001801e8de5692a3e31224e85769f50a55fb8b679749f9c8d1868cceff14?s=96&d=initials&r=g&initials=yg","url":"https:\/\/secure.gravatar.com\/avatar\/5972001801e8de5692a3e31224e85769f50a55fb8b679749f9c8d1868cceff14?s=96&d=initials&r=g&initials=yg","contentUrl":"https:\/\/secure.gravatar.com\/avatar\/5972001801e8de5692a3e31224e85769f50a55fb8b679749f9c8d1868cceff14?s=96&d=initials&r=g&initials=yg","caption":"Yann Gourvennec"},"description":"Yann Gourvennec created visionarymarketing.com in 1996. He is a speaker and author of many books. In 2014 he went from intrapreneur to entrepreneur, when he created his digital marketing agency. Yann Gourvennec a cr\u00e9\u00e9 visionarymarketing.com en 1996. Il est conf\u00e9rencier et auteur de plusieurs livres. En 2014, il est pass\u00e9 d'intrapreneur \u00e0 entrepreneur en cr\u00e9ant son agence de marketing num\u00e9rique.","sameAs":["https:\/\/visionarymarketing.com","http:\/\/facebook.com\/ygourven","http:\/\/linkedin.com\/in\/ygourven","https:\/\/x.com\/ygourven","https:\/\/www.youtube.com\/c\/visionarymarketingagency"],"url":"https:\/\/visionarymarketing.com\/fr\/author\/yann-gourvennec\/"}]}},"_links":{"self":[{"href":"https:\/\/visionarymarketing.com\/fr\/wp-json\/wp\/v2\/posts\/28877","targetHints":{"allow":["GET"]}}],"collection":[{"href":"https:\/\/visionarymarketing.com\/fr\/wp-json\/wp\/v2\/posts"}],"about":[{"href":"https:\/\/visionarymarketing.com\/fr\/wp-json\/wp\/v2\/types\/post"}],"author":[{"embeddable":true,"href":"https:\/\/visionarymarketing.com\/fr\/wp-json\/wp\/v2\/users\/2"}],"replies":[{"embeddable":true,"href":"https:\/\/visionarymarketing.com\/fr\/wp-json\/wp\/v2\/comments?post=28877"}],"version-history":[{"count":0,"href":"https:\/\/visionarymarketing.com\/fr\/wp-json\/wp\/v2\/posts\/28877\/revisions"}],"wp:featuredmedia":[{"embeddable":true,"href":"https:\/\/visionarymarketing.com\/fr\/wp-json\/wp\/v2\/media\/28884"}],"wp:attachment":[{"href":"https:\/\/visionarymarketing.com\/fr\/wp-json\/wp\/v2\/media?parent=28877"}],"wp:term":[{"taxonomy":"category","embeddable":true,"href":"https:\/\/visionarymarketing.com\/fr\/wp-json\/wp\/v2\/categories?post=28877"},{"taxonomy":"post_tag","embeddable":true,"href":"https:\/\/visionarymarketing.com\/fr\/wp-json\/wp\/v2\/tags?post=28877"}],"curies":[{"name":"wp","href":"https:\/\/api.w.org\/{rel}","templated":true}]}}